{"id":25002,"date":"2020-04-06T08:09:23","date_gmt":"2020-04-06T06:09:23","guid":{"rendered":"http:\/\/www.carideal.com\/blog\/?p=25002"},"modified":"2020-04-06T08:14:08","modified_gmt":"2020-04-06T06:14:08","slug":"dyane-1967-et-mehari-1968","status":"publish","type":"post","link":"https:\/\/www.carideal.com\/blog\/2020\/04\/06\/dyane-1967-et-mehari-1968\/","title":{"rendered":"Dyane 1967 et M\u00e9hari 1968"},"content":{"rendered":"\n<h2 class=\"wp-block-heading\">Dyane et M\u00e9hari se sont aussi retrouv\u00e9es sur les pistes sableuses des rallyes raid<\/h2>\n\n\n\n<div class=\"wp-block-image\"><figure class=\"aligncenter size-large\"><img loading=\"lazy\" decoding=\"async\" width=\"450\" height=\"294\" src=\"http:\/\/www.carideal.com\/blog\/wp-content\/uploads\/2020\/04\/mehari-4x4-assistance-medicale-paris-dakar-1980-2.jpg\" alt=\"Dyane 1967 et M\u00e9hari 1968\" class=\"wp-image-25008\" srcset=\"https:\/\/www.carideal.com\/blog\/wp-content\/uploads\/2020\/04\/mehari-4x4-assistance-medicale-paris-dakar-1980-2.jpg 450w, https:\/\/www.carideal.com\/blog\/wp-content\/uploads\/2020\/04\/mehari-4x4-assistance-medicale-paris-dakar-1980-2-300x196.jpg 300w, https:\/\/www.carideal.com\/blog\/wp-content\/uploads\/2020\/04\/mehari-4x4-assistance-medicale-paris-dakar-1980-2-50x33.jpg 50w, https:\/\/www.carideal.com\/blog\/wp-content\/uploads\/2020\/04\/mehari-4x4-assistance-medicale-paris-dakar-1980-2-110x72.jpg 110w, https:\/\/www.carideal.com\/blog\/wp-content\/uploads\/2020\/04\/mehari-4x4-assistance-medicale-paris-dakar-1980-2-420x274.jpg 420w\" sizes=\"(max-width: 450px) 100vw, 450px\" \/><figcaption>Dyane 1967 et M\u00e9hari 1968<\/figcaption><\/figure><\/div>\n\n\n\n<h3 class=\"wp-block-heading\">Plus jeune et anguleuse que la 2 CV, la Dyane ne remportera pourtant jamais le m\u00eame succ\u00e8s que sa prestigieuse devanci\u00e8re<\/h3>\n\n\n\n<p>Lanc\u00e9e en 1967, la <strong>Dyane<\/strong> appara\u00eet comme le compromis entre les gammes 2 CV et Ami 6. Elle arrive \u00e0 un moment o\u00f9 la <a href=\"http:\/\/www.carideal.com\/blog\/2020\/04\/02\/citroen-2-cv-fera-le-bonheur-de-plusieurs-generations-de-conducteur-aventuriers\/\">2 CV<\/a> accuse ses vingt ans d'\u00e2ge. Pour cette mission de rajeunissement, les ing\u00e9nieurs de la firme conservent le ch\u00e2ssis et le moteur de la 2 CV AZL, mais lui adjoignent une carrosserie aux lignes plus jeunes et anguleuses, gr\u00e2ce au travail de Louis Bionnier, l'ancien styliste de Panhard. <\/p>\n\n\n\n<div class=\"wp-block-image\"><figure class=\"aligncenter size-full\"><img loading=\"lazy\" decoding=\"async\" width=\"311\" height=\"162\" src=\"http:\/\/www.carideal.com\/blog\/wp-content\/uploads\/2020\/04\/dyane-christian-sandron-paris-alger-dakar-1979.jpg\" alt=\"La Dyane de Christian Sandron affichait d\u00e9j\u00e0 100 000 km au compteur avant de participer au premier rallye Paris Alger Dakar n 1979. Elle s'arr\u00eatera malheureusement \u00e0 Bamako\" class=\"wp-image-25003\" srcset=\"https:\/\/www.carideal.com\/blog\/wp-content\/uploads\/2020\/04\/dyane-christian-sandron-paris-alger-dakar-1979.jpg 311w, https:\/\/www.carideal.com\/blog\/wp-content\/uploads\/2020\/04\/dyane-christian-sandron-paris-alger-dakar-1979-300x156.jpg 300w, https:\/\/www.carideal.com\/blog\/wp-content\/uploads\/2020\/04\/dyane-christian-sandron-paris-alger-dakar-1979-50x26.jpg 50w, https:\/\/www.carideal.com\/blog\/wp-content\/uploads\/2020\/04\/dyane-christian-sandron-paris-alger-dakar-1979-110x57.jpg 110w\" sizes=\"(max-width: 311px) 100vw, 311px\" \/><figcaption>La Dyane de Christian Sandron affichait d\u00e9j\u00e0 100 000 km au compteur avant de participer au premier rallye Paris Alger Dakar n 1979. Elle s'arr\u00eatera malheureusement \u00e0 Bamako<\/figcaption><\/figure><\/div>\n\n\n\n<p>Les phares, notamment, sont int\u00e9gr\u00e9s dans les ailes et entour\u00e9s de cerclages chrom\u00e9s. Mais, pour les clients, rien ne vaut d\u00e9cid\u00e9ment la 2 CV, qui se renouvelle d'ailleurs avec ses versions 4 et 6. Cela n'emp\u00eache pas la Dyane de faire partie des mod\u00e8les mythiques engag\u00e9s sur les premiers raids modernes estampill\u00e9s Citro\u00ebn : le Paris-Kaboul (1970) et le <a href=\"http:\/\/www.carideal.com\/blog\/2015\/11\/16\/raid-citroen-2-cv-paris-persepolis-paris\/\">Paris-Pers\u00e9polis-Paris (1971)<\/a>.<\/p>\n\n\n\n<figure class=\"wp-block-image size-full\"><img loading=\"lazy\" decoding=\"async\" width=\"600\" height=\"409\" src=\"http:\/\/www.carideal.com\/blog\/wp-content\/uploads\/2020\/04\/dyane-paris-kaboul-paris-1970.jpg\" alt=\"paris Kaboul Paris, la Dyane fait partie de l'aventure, au m\u00eame titre que les 2 CV et autres M\u00e9hari\" class=\"wp-image-25004\" srcset=\"https:\/\/www.carideal.com\/blog\/wp-content\/uploads\/2020\/04\/dyane-paris-kaboul-paris-1970.jpg 600w, https:\/\/www.carideal.com\/blog\/wp-content\/uploads\/2020\/04\/dyane-paris-kaboul-paris-1970-300x205.jpg 300w, https:\/\/www.carideal.com\/blog\/wp-content\/uploads\/2020\/04\/dyane-paris-kaboul-paris-1970-50x34.jpg 50w, https:\/\/www.carideal.com\/blog\/wp-content\/uploads\/2020\/04\/dyane-paris-kaboul-paris-1970-110x75.jpg 110w, https:\/\/www.carideal.com\/blog\/wp-content\/uploads\/2020\/04\/dyane-paris-kaboul-paris-1970-420x286.jpg 420w\" sizes=\"(max-width: 600px) 100vw, 600px\" \/><figcaption>Paris Kaboul Paris, la Dyane fait partie de l'aventure, au m\u00eame titre que les 2 CV et autres M\u00e9hari<\/figcaption><\/figure>\n\n\n\n<h3 class=\"wp-block-heading\">Le vent de mai 1968 et du \"Flower Power\" souffle sur la M\u00e9hari, tr\u00e8s vite adopt\u00e9e par la jeunesse branch\u00e9e de Saint-Tropez, comme par les \u00e9tudiants ayant soif de grands espaces.<\/h3>\n\n\n\n<figure class=\"wp-block-image size-full\"><img loading=\"lazy\" decoding=\"async\" width=\"600\" height=\"449\" src=\"http:\/\/www.carideal.com\/blog\/wp-content\/uploads\/2020\/04\/citroen-mehari-4x4-1979.jpg\" alt=\"Pour tous les amoureux de chemins creux et de pistes d\u00e9fonc\u00e9es, Citroen a invent\u00e9 la &quot;voiture trial&quot;, capable de tracter quatre cents kilos de charge sur les pentes incroyables, pouvant d\u00e9passer 60 %. Ici le mod\u00e8le de M\u00e9hari 4x4 de 1979\" class=\"wp-image-25005\" srcset=\"https:\/\/www.carideal.com\/blog\/wp-content\/uploads\/2020\/04\/citroen-mehari-4x4-1979.jpg 600w, https:\/\/www.carideal.com\/blog\/wp-content\/uploads\/2020\/04\/citroen-mehari-4x4-1979-300x225.jpg 300w, https:\/\/www.carideal.com\/blog\/wp-content\/uploads\/2020\/04\/citroen-mehari-4x4-1979-50x37.jpg 50w, https:\/\/www.carideal.com\/blog\/wp-content\/uploads\/2020\/04\/citroen-mehari-4x4-1979-110x82.jpg 110w, https:\/\/www.carideal.com\/blog\/wp-content\/uploads\/2020\/04\/citroen-mehari-4x4-1979-420x314.jpg 420w, https:\/\/www.carideal.com\/blog\/wp-content\/uploads\/2020\/04\/citroen-mehari-4x4-1979-575x430.jpg 575w\" sizes=\"(max-width: 600px) 100vw, 600px\" \/><figcaption>Pour tous les amoureux de chemins creux et de pistes d\u00e9fonc\u00e9es, Citroen a invent\u00e9 la \"voiture trial\", capable de tracter quatre cents kilos de charge sur les pentes incroyables, pouvant d\u00e9passer 60 %. Ici le mod\u00e8le de M\u00e9hari 4x4 de 1979<\/figcaption><\/figure>\n\n\n\n<p>N\u00e9e en plein mai 1968, la <strong>M\u00e9hari<\/strong> reprend la philosophie de la 2 CV, tout en s'inspirant de l'Austin Mini Moke, qui fait fureur \u00e0 cette \u00e9poque aupr\u00e8s de la jeunesse branch\u00e9e d'un Saint-Tropez en plein boum. Comme la 2 CV, elle poss\u00e8de un moteur bicylindre \u00e0 plat (602 cm' de cylindr\u00e9e contre 425 pour son a\u00een\u00e9e), mais se pare d'une carrosserie en plastique ABS, lavable au jet.<\/p>\n\n\n\n<div class=\"wp-block-image\"><figure class=\"aligncenter size-full\"><img loading=\"lazy\" decoding=\"async\" width=\"480\" height=\"316\" src=\"http:\/\/www.carideal.com\/blog\/wp-content\/uploads\/2020\/04\/mehari-4x4-assistance-medicale-paris-dakar-1980.jpg\" alt=\"M\u00e9hari transform\u00e9e en v\u00e9hicule d'assistance m\u00e9dicale lors de l'\u00e9dition 1980 du raid Paris Alger Dakar\" class=\"wp-image-25006\" srcset=\"https:\/\/www.carideal.com\/blog\/wp-content\/uploads\/2020\/04\/mehari-4x4-assistance-medicale-paris-dakar-1980.jpg 480w, https:\/\/www.carideal.com\/blog\/wp-content\/uploads\/2020\/04\/mehari-4x4-assistance-medicale-paris-dakar-1980-300x198.jpg 300w, https:\/\/www.carideal.com\/blog\/wp-content\/uploads\/2020\/04\/mehari-4x4-assistance-medicale-paris-dakar-1980-50x33.jpg 50w, https:\/\/www.carideal.com\/blog\/wp-content\/uploads\/2020\/04\/mehari-4x4-assistance-medicale-paris-dakar-1980-110x72.jpg 110w, https:\/\/www.carideal.com\/blog\/wp-content\/uploads\/2020\/04\/mehari-4x4-assistance-medicale-paris-dakar-1980-420x277.jpg 420w\" sizes=\"(max-width: 480px) 100vw, 480px\" \/><figcaption>M\u00e9hari transform\u00e9e en v\u00e9hicule d'assistance m\u00e9dicale lors de l'\u00e9dition 1980 du raid Paris Alger Dakar<\/figcaption><\/figure><\/div>\n\n\n\n<p>Autant dire que son esprit colle parfaitement \u00e0 celui de la g\u00e9n\u00e9ration du \"Flower Power\". Voiture de plein air par excellence, elle sera, comme la 2 CV et la Dyane, l'une des h\u00e9ro\u00efnes d'\u00e9quip\u00e9es gentiment sauvages telles que le Paris-Kaboul et le Paris-Pers\u00e9polis. Une d\u00e9cennie plus tard, sur le deuxi\u00e8me Paris-Dakar, dix M\u00e9hari jaunes quatre roues motrices seront pr\u00eat\u00e9es \u00e0 l'assistance m\u00e9dicale.<\/p>\n\n\n\n<div class=\"wp-block-image\"><figure class=\"aligncenter size-large\"><img loading=\"lazy\" decoding=\"async\" width=\"600\" height=\"389\" src=\"http:\/\/www.carideal.com\/blog\/wp-content\/uploads\/2020\/04\/citroen-mehari-paris-madras-paris-1969.jpg\" alt=\"La M\u00e9hari n'a pas peur de se lancer sur les pistes les plus lointaines, comme sur le Paris Madras Paris 1969\" class=\"wp-image-25009\" srcset=\"https:\/\/www.carideal.com\/blog\/wp-content\/uploads\/2020\/04\/citroen-mehari-paris-madras-paris-1969.jpg 600w, https:\/\/www.carideal.com\/blog\/wp-content\/uploads\/2020\/04\/citroen-mehari-paris-madras-paris-1969-300x195.jpg 300w, https:\/\/www.carideal.com\/blog\/wp-content\/uploads\/2020\/04\/citroen-mehari-paris-madras-paris-1969-50x32.jpg 50w, https:\/\/www.carideal.com\/blog\/wp-content\/uploads\/2020\/04\/citroen-mehari-paris-madras-paris-1969-110x71.jpg 110w, https:\/\/www.carideal.com\/blog\/wp-content\/uploads\/2020\/04\/citroen-mehari-paris-madras-paris-1969-420x272.jpg 420w\" sizes=\"(max-width: 600px) 100vw, 600px\" \/><figcaption>La M\u00e9hari n'a pas peur de se lancer sur les pistes les plus lointaines, comme sur le Paris Madras Paris 1969<\/figcaption><\/figure><\/div>\n","protected":false},"excerpt":{"rendered":"<p>Dyane et M\u00e9hari se sont aussi retrouv\u00e9es sur les pistes sableuses des rallyes raid Plus jeune et anguleuse que la 2 CV, la Dyane ne remportera pourtant jamais le m\u00eame succ\u00e8s que sa prestigieuse devanci\u00e8re Lanc\u00e9e en 1967, la Dyane appara\u00eet comme le compromis entre les gammes 2 CV et Ami 6. Elle arrive \u00e0 &#8230; <a title=\"Dyane 1967 et M\u00e9hari 1968\" class=\"read-more\" href=\"https:\/\/www.carideal.com\/blog\/2020\/04\/06\/dyane-1967-et-mehari-1968\/\" aria-label=\"En savoir plus sur Dyane 1967 et M\u00e9hari 1968\">Lire plus<\/a><\/p>\n","protected":false},"author":3,"featured_media":25008,"comment_status":"open","ping_status":"open","sticky":false,"template":"","format":"standard","meta":{"_uag_custom_page_level_css":"","_themeisle_gutenberg_block_has_review":false,"footnotes":""},"categories":[16],"tags":[17230],"class_list":["post-25002","post","type-post","status-publish","format-standard","has-post-thumbnail","hentry","category-sport-auto","tag-citroen-rallye-raid"],"wppr_data":{"cwp_meta_box_check":"No"},"yoast_head":"<!-- This site is optimized with the Yoast SEO plugin v24.8.1 - https:\/\/yoast.com\/wordpress\/plugins\/seo\/ -->\n<title>Dyane 1967 et M\u00e9hari 1968 - Blog auto Carid\u00e9al<\/title>\n<meta name=\"description\" content=\"Plus jeune et anguleuse que la 2 CV, la Dyane ne remportera pourtant jamais le m\u00eame succ\u00e8s que sa prestigieuse devanci\u00e8re, mais la M\u00e9hari\" \/>\n<meta name=\"robots\" content=\"index, follow, max-snippet:-1, max-image-preview:large, max-video-preview:-1\" \/>\n<link rel=\"canonical\" href=\"https:\/\/www.carideal.com\/blog\/2020\/04\/06\/dyane-1967-et-mehari-1968\/\" \/>\n<meta property=\"og:locale\" content=\"fr_FR\" \/>\n<meta property=\"og:type\" content=\"article\" \/>\n<meta property=\"og:title\" content=\"Dyane 1967 et M\u00e9hari 1968 - Blog auto Carid\u00e9al\" \/>\n<meta property=\"og:description\" content=\"Plus jeune et anguleuse que la 2 CV, la Dyane ne remportera pourtant jamais le m\u00eame succ\u00e8s que sa prestigieuse devanci\u00e8re, mais la M\u00e9hari\" \/>\n<meta property=\"og:url\" content=\"https:\/\/www.carideal.com\/blog\/2020\/04\/06\/dyane-1967-et-mehari-1968\/\" \/>\n<meta property=\"og:site_name\" content=\"Blog auto Carid\u00e9al\" \/>\n<meta property=\"article:publisher\" content=\"https:\/\/www.facebook.com\/Carideal.mandataire.automobile\" \/>\n<meta property=\"article:author\" content=\"https:\/\/www.facebook.com\/nicolas.schiavon.39\" \/>\n<meta property=\"article:published_time\" content=\"2020-04-06T06:09:23+00:00\" \/>\n<meta property=\"article:modified_time\" content=\"2020-04-06T06:14:08+00:00\" \/>\n<meta property=\"og:image\" content=\"https:\/\/www.carideal.com\/blog\/wp-content\/uploads\/2020\/04\/mehari-4x4-assistance-medicale-paris-dakar-1980-2.jpg\" \/>\n\t<meta property=\"og:image:width\" content=\"450\" \/>\n\t<meta property=\"og:image:height\" content=\"294\" \/>\n\t<meta property=\"og:image:type\" content=\"image\/jpeg\" \/>\n<meta name=\"author\" content=\"Nicolas SCHIAVON\" \/>\n<meta name=\"twitter:card\" content=\"summary_large_image\" \/>\n<meta name=\"twitter:creator\" content=\"@caridealauto\" \/>\n<meta name=\"twitter:site\" content=\"@caridealauto\" \/>\n<meta name=\"twitter:label1\" content=\"\u00c9crit par\" \/>\n\t<meta name=\"twitter:data1\" content=\"Nicolas SCHIAVON\" \/>\n\t<meta name=\"twitter:label2\" content=\"Dur\u00e9e de lecture estim\u00e9e\" \/>\n\t<meta name=\"twitter:data2\" content=\"2 minutes\" \/>\n<script type=\"application\/ld+json\" class=\"yoast-schema-graph\">{\"@context\":\"https:\/\/schema.org\",\"@graph\":[{\"@type\":\"Article\",\"@id\":\"https:\/\/www.carideal.com\/blog\/2020\/04\/06\/dyane-1967-et-mehari-1968\/#article\",\"isPartOf\":{\"@id\":\"https:\/\/www.carideal.com\/blog\/2020\/04\/06\/dyane-1967-et-mehari-1968\/\"},\"author\":{\"name\":\"Nicolas SCHIAVON\",\"@id\":\"https:\/\/www.carideal.com\/blog\/#\/schema\/person\/cd95dc7919660de90d31b366f85be1ec\"},\"headline\":\"Dyane 1967 et M\u00e9hari 1968\",\"datePublished\":\"2020-04-06T06:09:23+00:00\",\"dateModified\":\"2020-04-06T06:14:08+00:00\",\"mainEntityOfPage\":{\"@id\":\"https:\/\/www.carideal.com\/blog\/2020\/04\/06\/dyane-1967-et-mehari-1968\/\"},\"wordCount\":491,\"commentCount\":0,\"publisher\":{\"@id\":\"https:\/\/www.carideal.com\/blog\/#organization\"},\"image\":{\"@id\":\"https:\/\/www.carideal.com\/blog\/2020\/04\/06\/dyane-1967-et-mehari-1968\/#primaryimage\"},\"thumbnailUrl\":\"https:\/\/www.carideal.com\/blog\/wp-content\/uploads\/2020\/04\/mehari-4x4-assistance-medicale-paris-dakar-1980-2.jpg\",\"keywords\":[\"Citroen Rallye &amp; raid\"],\"articleSection\":[\"Sport Automobile\"],\"inLanguage\":\"fr-FR\",\"potentialAction\":[{\"@type\":\"CommentAction\",\"name\":\"Comment\",\"target\":[\"https:\/\/www.carideal.com\/blog\/2020\/04\/06\/dyane-1967-et-mehari-1968\/#respond\"]}]},{\"@type\":\"WebPage\",\"@id\":\"https:\/\/www.carideal.com\/blog\/2020\/04\/06\/dyane-1967-et-mehari-1968\/\",\"url\":\"https:\/\/www.carideal.com\/blog\/2020\/04\/06\/dyane-1967-et-mehari-1968\/\",\"name\":\"Dyane 1967 et M\u00e9hari 1968 - Blog auto Carid\u00e9al\",\"isPartOf\":{\"@id\":\"https:\/\/www.carideal.com\/blog\/#website\"},\"primaryImageOfPage\":{\"@id\":\"https:\/\/www.carideal.com\/blog\/2020\/04\/06\/dyane-1967-et-mehari-1968\/#primaryimage\"},\"image\":{\"@id\":\"https:\/\/www.carideal.com\/blog\/2020\/04\/06\/dyane-1967-et-mehari-1968\/#primaryimage\"},\"thumbnailUrl\":\"https:\/\/www.carideal.com\/blog\/wp-content\/uploads\/2020\/04\/mehari-4x4-assistance-medicale-paris-dakar-1980-2.jpg\",\"datePublished\":\"2020-04-06T06:09:23+00:00\",\"dateModified\":\"2020-04-06T06:14:08+00:00\",\"description\":\"Plus jeune et anguleuse que la 2 CV, la Dyane ne remportera pourtant jamais le m\u00eame succ\u00e8s que sa prestigieuse devanci\u00e8re, mais la M\u00e9hari\",\"breadcrumb\":{\"@id\":\"https:\/\/www.carideal.com\/blog\/2020\/04\/06\/dyane-1967-et-mehari-1968\/#breadcrumb\"},\"inLanguage\":\"fr-FR\",\"potentialAction\":[{\"@type\":\"ReadAction\",\"target\":[\"https:\/\/www.carideal.com\/blog\/2020\/04\/06\/dyane-1967-et-mehari-1968\/\"]}]},{\"@type\":\"ImageObject\",\"inLanguage\":\"fr-FR\",\"@id\":\"https:\/\/www.carideal.com\/blog\/2020\/04\/06\/dyane-1967-et-mehari-1968\/#primaryimage\",\"url\":\"https:\/\/www.carideal.com\/blog\/wp-content\/uploads\/2020\/04\/mehari-4x4-assistance-medicale-paris-dakar-1980-2.jpg\",\"contentUrl\":\"https:\/\/www.carideal.com\/blog\/wp-content\/uploads\/2020\/04\/mehari-4x4-assistance-medicale-paris-dakar-1980-2.jpg\",\"width\":450,\"height\":294,\"caption\":\"Dyane 1967 et M\u00e9hari 1968\"},{\"@type\":\"BreadcrumbList\",\"@id\":\"https:\/\/www.carideal.com\/blog\/2020\/04\/06\/dyane-1967-et-mehari-1968\/#breadcrumb\",\"itemListElement\":[{\"@type\":\"ListItem\",\"position\":1,\"name\":\"Blog Carid\u00e9al\",\"item\":\"https:\/\/www.carideal.com\/blog\/\"},{\"@type\":\"ListItem\",\"position\":2,\"name\":\"Sport Automobile\",\"item\":\"https:\/\/www.carideal.com\/blog\/sport-auto\/\"},{\"@type\":\"ListItem\",\"position\":3,\"name\":\"Dyane 1967 et M\u00e9hari 1968\"}]},{\"@type\":\"WebSite\",\"@id\":\"https:\/\/www.carideal.com\/blog\/#website\",\"url\":\"https:\/\/www.carideal.com\/blog\/\",\"name\":\"Blog auto Carid\u00e9al\",\"description\":\"Actualit\u00e9 auto par des passionn\u00e9s\",\"publisher\":{\"@id\":\"https:\/\/www.carideal.com\/blog\/#organization\"},\"potentialAction\":[{\"@type\":\"SearchAction\",\"target\":{\"@type\":\"EntryPoint\",\"urlTemplate\":\"https:\/\/www.carideal.com\/blog\/?s={search_term_string}\"},\"query-input\":{\"@type\":\"PropertyValueSpecification\",\"valueRequired\":true,\"valueName\":\"search_term_string\"}}],\"inLanguage\":\"fr-FR\"},{\"@type\":\"Organization\",\"@id\":\"https:\/\/www.carideal.com\/blog\/#organization\",\"name\":\"Carideal\",\"url\":\"https:\/\/www.carideal.com\/blog\/\",\"logo\":{\"@type\":\"ImageObject\",\"inLanguage\":\"fr-FR\",\"@id\":\"https:\/\/www.carideal.com\/blog\/#\/schema\/logo\/image\/\",\"url\":\"http:\/\/www.carideal.com\/blog\/wp-content\/uploads\/2016\/03\/logo-carideal-mandataire-automobile.png\",\"contentUrl\":\"http:\/\/www.carideal.com\/blog\/wp-content\/uploads\/2016\/03\/logo-carideal-mandataire-automobile.png\",\"width\":300,\"height\":300,\"caption\":\"Carideal\"},\"image\":{\"@id\":\"https:\/\/www.carideal.com\/blog\/#\/schema\/logo\/image\/\"},\"sameAs\":[\"https:\/\/www.facebook.com\/Carideal.mandataire.automobile\",\"https:\/\/x.com\/caridealauto\",\"https:\/\/www.instagram.com\/carideal1\/\",\"https:\/\/www.linkedin.com\/company\/carideal.com\",\"https:\/\/fr.pinterest.com\/schiavonsas\/\",\"https:\/\/www.youtube.com\/user\/caridealsas\"]},{\"@type\":\"Person\",\"@id\":\"https:\/\/www.carideal.com\/blog\/#\/schema\/person\/cd95dc7919660de90d31b366f85be1ec\",\"name\":\"Nicolas SCHIAVON\",\"image\":{\"@type\":\"ImageObject\",\"inLanguage\":\"fr-FR\",\"@id\":\"https:\/\/www.carideal.com\/blog\/#\/schema\/person\/image\/\",\"url\":\"https:\/\/secure.gravatar.com\/avatar\/c17e55009e671d92cc7f5dc837dc418a?s=96&r=g\",\"contentUrl\":\"https:\/\/secure.gravatar.com\/avatar\/c17e55009e671d92cc7f5dc837dc418a?s=96&r=g\",\"caption\":\"Nicolas SCHIAVON\"},\"description\":\"Nicolas Schiavon est tomb\u00e9 tout petit dans la marmite automobile. Ayant eu un garage de marque automobile, mandataire automobile de la premi\u00e8re heure d\u00e8s 1999. Nicolas a cr\u00e9\u00e9 ces premiers sites de vente de voiture et blog automobile d\u00e8s 1994. Carideal est n\u00e9 le 15 d\u00e9cembre 2000 de la volont\u00e9 de vendre des voitures d'occasions en ligne puis des voitures neuves. Il a pu essayer beaucoup de voitures tr\u00e8s diff\u00e9rentes et ayant eu personnellement quelques belles autos, Subaru Impreza, Mitsubishi Lancer Evo 7, Porsche 911, Ferrari Testarrossa, Audi RS3, RS4 et j'en passe...\",\"sameAs\":[\"http:\/\/www.carideal.com\",\"https:\/\/www.facebook.com\/nicolas.schiavon.39\",\"https:\/\/www.instagram.com\/carideal1\/\",\"https:\/\/www.linkedin.com\/in\/nschiavon\/\",\"https:\/\/x.com\/caridealauto\",\"https:\/\/www.youtube.com\/user\/caridealsas\/\"],\"url\":\"https:\/\/www.carideal.com\/blog\/author\/nschiavon\/\"}]}<\/script>\n<!-- \/ Yoast SEO plugin. -->","yoast_head_json":{"title":"Dyane 1967 et M\u00e9hari 1968 - Blog auto Carid\u00e9al","description":"Plus jeune et anguleuse que la 2 CV, la Dyane ne remportera pourtant jamais le m\u00eame succ\u00e8s que sa prestigieuse devanci\u00e8re, mais la M\u00e9hari","robots":{"index":"index","follow":"follow","max-snippet":"max-snippet:-1","max-image-preview":"max-image-preview:large","max-video-preview":"max-video-preview:-1"},"canonical":"https:\/\/www.carideal.com\/blog\/2020\/04\/06\/dyane-1967-et-mehari-1968\/","og_locale":"fr_FR","og_type":"article","og_title":"Dyane 1967 et M\u00e9hari 1968 - Blog auto Carid\u00e9al","og_description":"Plus jeune et anguleuse que la 2 CV, la Dyane ne remportera pourtant jamais le m\u00eame succ\u00e8s que sa prestigieuse devanci\u00e8re, mais la M\u00e9hari","og_url":"https:\/\/www.carideal.com\/blog\/2020\/04\/06\/dyane-1967-et-mehari-1968\/","og_site_name":"Blog auto Carid\u00e9al","article_publisher":"https:\/\/www.facebook.com\/Carideal.mandataire.automobile","article_author":"https:\/\/www.facebook.com\/nicolas.schiavon.39","article_published_time":"2020-04-06T06:09:23+00:00","article_modified_time":"2020-04-06T06:14:08+00:00","og_image":[{"width":450,"height":294,"url":"https:\/\/www.carideal.com\/blog\/wp-content\/uploads\/2020\/04\/mehari-4x4-assistance-medicale-paris-dakar-1980-2.jpg","type":"image\/jpeg"}],"author":"Nicolas SCHIAVON","twitter_card":"summary_large_image","twitter_creator":"@caridealauto","twitter_site":"@caridealauto","twitter_misc":{"\u00c9crit par":"Nicolas SCHIAVON","Dur\u00e9e de lecture estim\u00e9e":"2 minutes"},"schema":{"@context":"https:\/\/schema.org","@graph":[{"@type":"Article","@id":"https:\/\/www.carideal.com\/blog\/2020\/04\/06\/dyane-1967-et-mehari-1968\/#article","isPartOf":{"@id":"https:\/\/www.carideal.com\/blog\/2020\/04\/06\/dyane-1967-et-mehari-1968\/"},"author":{"name":"Nicolas SCHIAVON","@id":"https:\/\/www.carideal.com\/blog\/#\/schema\/person\/cd95dc7919660de90d31b366f85be1ec"},"headline":"Dyane 1967 et M\u00e9hari 1968","datePublished":"2020-04-06T06:09:23+00:00","dateModified":"2020-04-06T06:14:08+00:00","mainEntityOfPage":{"@id":"https:\/\/www.carideal.com\/blog\/2020\/04\/06\/dyane-1967-et-mehari-1968\/"},"wordCount":491,"commentCount":0,"publisher":{"@id":"https:\/\/www.carideal.com\/blog\/#organization"},"image":{"@id":"https:\/\/www.carideal.com\/blog\/2020\/04\/06\/dyane-1967-et-mehari-1968\/#primaryimage"},"thumbnailUrl":"https:\/\/www.carideal.com\/blog\/wp-content\/uploads\/2020\/04\/mehari-4x4-assistance-medicale-paris-dakar-1980-2.jpg","keywords":["Citroen Rallye &amp; raid"],"articleSection":["Sport Automobile"],"inLanguage":"fr-FR","potentialAction":[{"@type":"CommentAction","name":"Comment","target":["https:\/\/www.carideal.com\/blog\/2020\/04\/06\/dyane-1967-et-mehari-1968\/#respond"]}]},{"@type":"WebPage","@id":"https:\/\/www.carideal.com\/blog\/2020\/04\/06\/dyane-1967-et-mehari-1968\/","url":"https:\/\/www.carideal.com\/blog\/2020\/04\/06\/dyane-1967-et-mehari-1968\/","name":"Dyane 1967 et M\u00e9hari 1968 - Blog auto Carid\u00e9al","isPartOf":{"@id":"https:\/\/www.carideal.com\/blog\/#website"},"primaryImageOfPage":{"@id":"https:\/\/www.carideal.com\/blog\/2020\/04\/06\/dyane-1967-et-mehari-1968\/#primaryimage"},"image":{"@id":"https:\/\/www.carideal.com\/blog\/2020\/04\/06\/dyane-1967-et-mehari-1968\/#primaryimage"},"thumbnailUrl":"https:\/\/www.carideal.com\/blog\/wp-content\/uploads\/2020\/04\/mehari-4x4-assistance-medicale-paris-dakar-1980-2.jpg","datePublished":"2020-04-06T06:09:23+00:00","dateModified":"2020-04-06T06:14:08+00:00","description":"Plus jeune et anguleuse que la 2 CV, la Dyane ne remportera pourtant jamais le m\u00eame succ\u00e8s que sa prestigieuse devanci\u00e8re, mais la M\u00e9hari","breadcrumb":{"@id":"https:\/\/www.carideal.com\/blog\/2020\/04\/06\/dyane-1967-et-mehari-1968\/#breadcrumb"},"inLanguage":"fr-FR","potentialAction":[{"@type":"ReadAction","target":["https:\/\/www.carideal.com\/blog\/2020\/04\/06\/dyane-1967-et-mehari-1968\/"]}]},{"@type":"ImageObject","inLanguage":"fr-FR","@id":"https:\/\/www.carideal.com\/blog\/2020\/04\/06\/dyane-1967-et-mehari-1968\/#primaryimage","url":"https:\/\/www.carideal.com\/blog\/wp-content\/uploads\/2020\/04\/mehari-4x4-assistance-medicale-paris-dakar-1980-2.jpg","contentUrl":"https:\/\/www.carideal.com\/blog\/wp-content\/uploads\/2020\/04\/mehari-4x4-assistance-medicale-paris-dakar-1980-2.jpg","width":450,"height":294,"caption":"Dyane 1967 et M\u00e9hari 1968"},{"@type":"BreadcrumbList","@id":"https:\/\/www.carideal.com\/blog\/2020\/04\/06\/dyane-1967-et-mehari-1968\/#breadcrumb","itemListElement":[{"@type":"ListItem","position":1,"name":"Blog Carid\u00e9al","item":"https:\/\/www.carideal.com\/blog\/"},{"@type":"ListItem","position":2,"name":"Sport Automobile","item":"https:\/\/www.carideal.com\/blog\/sport-auto\/"},{"@type":"ListItem","position":3,"name":"Dyane 1967 et M\u00e9hari 1968"}]},{"@type":"WebSite","@id":"https:\/\/www.carideal.com\/blog\/#website","url":"https:\/\/www.carideal.com\/blog\/","name":"Blog auto Carid\u00e9al","description":"Actualit\u00e9 auto par des passionn\u00e9s","publisher":{"@id":"https:\/\/www.carideal.com\/blog\/#organization"},"potentialAction":[{"@type":"SearchAction","target":{"@type":"EntryPoint","urlTemplate":"https:\/\/www.carideal.com\/blog\/?s={search_term_string}"},"query-input":{"@type":"PropertyValueSpecification","valueRequired":true,"valueName":"search_term_string"}}],"inLanguage":"fr-FR"},{"@type":"Organization","@id":"https:\/\/www.carideal.com\/blog\/#organization","name":"Carideal","url":"https:\/\/www.carideal.com\/blog\/","logo":{"@type":"ImageObject","inLanguage":"fr-FR","@id":"https:\/\/www.carideal.com\/blog\/#\/schema\/logo\/image\/","url":"http:\/\/www.carideal.com\/blog\/wp-content\/uploads\/2016\/03\/logo-carideal-mandataire-automobile.png","contentUrl":"http:\/\/www.carideal.com\/blog\/wp-content\/uploads\/2016\/03\/logo-carideal-mandataire-automobile.png","width":300,"height":300,"caption":"Carideal"},"image":{"@id":"https:\/\/www.carideal.com\/blog\/#\/schema\/logo\/image\/"},"sameAs":["https:\/\/www.facebook.com\/Carideal.mandataire.automobile","https:\/\/x.com\/caridealauto","https:\/\/www.instagram.com\/carideal1\/","https:\/\/www.linkedin.com\/company\/carideal.com","https:\/\/fr.pinterest.com\/schiavonsas\/","https:\/\/www.youtube.com\/user\/caridealsas"]},{"@type":"Person","@id":"https:\/\/www.carideal.com\/blog\/#\/schema\/person\/cd95dc7919660de90d31b366f85be1ec","name":"Nicolas SCHIAVON","image":{"@type":"ImageObject","inLanguage":"fr-FR","@id":"https:\/\/www.carideal.com\/blog\/#\/schema\/person\/image\/","url":"https:\/\/secure.gravatar.com\/avatar\/c17e55009e671d92cc7f5dc837dc418a?s=96&r=g","contentUrl":"https:\/\/secure.gravatar.com\/avatar\/c17e55009e671d92cc7f5dc837dc418a?s=96&r=g","caption":"Nicolas SCHIAVON"},"description":"Nicolas Schiavon est tomb\u00e9 tout petit dans la marmite automobile. Ayant eu un garage de marque automobile, mandataire automobile de la premi\u00e8re heure d\u00e8s 1999. Nicolas a cr\u00e9\u00e9 ces premiers sites de vente de voiture et blog automobile d\u00e8s 1994. Carideal est n\u00e9 le 15 d\u00e9cembre 2000 de la volont\u00e9 de vendre des voitures d'occasions en ligne puis des voitures neuves. Il a pu essayer beaucoup de voitures tr\u00e8s diff\u00e9rentes et ayant eu personnellement quelques belles autos, Subaru Impreza, Mitsubishi Lancer Evo 7, Porsche 911, Ferrari Testarrossa, Audi RS3, RS4 et j'en passe...","sameAs":["http:\/\/www.carideal.com","https:\/\/www.facebook.com\/nicolas.schiavon.39","https:\/\/www.instagram.com\/carideal1\/","https:\/\/www.linkedin.com\/in\/nschiavon\/","https:\/\/x.com\/caridealauto","https:\/\/www.youtube.com\/user\/caridealsas\/"],"url":"https:\/\/www.carideal.com\/blog\/author\/nschiavon\/"}]}},"uagb_featured_image_src":{"full":["https:\/\/www.carideal.com\/blog\/wp-content\/uploads\/2020\/04\/mehari-4x4-assistance-medicale-paris-dakar-1980-2.jpg",450,294,false],"thumbnail":["https:\/\/www.carideal.com\/blog\/wp-content\/uploads\/2020\/04\/mehari-4x4-assistance-medicale-paris-dakar-1980-2-150x150.jpg",150,150,true],"medium":["https:\/\/www.carideal.com\/blog\/wp-content\/uploads\/2020\/04\/mehari-4x4-assistance-medicale-paris-dakar-1980-2-300x196.jpg",300,196,true],"medium_large":["https:\/\/www.carideal.com\/blog\/wp-content\/uploads\/2020\/04\/mehari-4x4-assistance-medicale-paris-dakar-1980-2.jpg",450,294,false],"large":["https:\/\/www.carideal.com\/blog\/wp-content\/uploads\/2020\/04\/mehari-4x4-assistance-medicale-paris-dakar-1980-2.jpg",450,294,false],"1536x1536":["https:\/\/www.carideal.com\/blog\/wp-content\/uploads\/2020\/04\/mehari-4x4-assistance-medicale-paris-dakar-1980-2.jpg",450,294,false],"2048x2048":["https:\/\/www.carideal.com\/blog\/wp-content\/uploads\/2020\/04\/mehari-4x4-assistance-medicale-paris-dakar-1980-2.jpg",450,294,false],"wppr-widget":["https:\/\/www.carideal.com\/blog\/wp-content\/uploads\/2020\/04\/mehari-4x4-assistance-medicale-paris-dakar-1980-2-50x33.jpg",50,33,true]},"uagb_author_info":{"display_name":"Nicolas SCHIAVON","author_link":"https:\/\/www.carideal.com\/blog\/author\/nschiavon\/"},"uagb_comment_info":0,"uagb_excerpt":"Dyane et M\u00e9hari se sont aussi retrouv\u00e9es sur les pistes sableuses des rallyes raid Plus jeune et anguleuse que la 2 CV, la Dyane ne remportera pourtant jamais le m\u00eame succ\u00e8s que sa prestigieuse devanci\u00e8re Lanc\u00e9e en 1967, la Dyane appara\u00eet comme le compromis entre les gammes 2 CV et Ami 6. Elle arrive \u00e0\u2026","_links":{"self":[{"href":"https:\/\/www.carideal.com\/blog\/wp-json\/wp\/v2\/posts\/25002"}],"collection":[{"href":"https:\/\/www.carideal.com\/blog\/wp-json\/wp\/v2\/posts"}],"about":[{"href":"https:\/\/www.carideal.com\/blog\/wp-json\/wp\/v2\/types\/post"}],"author":[{"embeddable":true,"href":"https:\/\/www.carideal.com\/blog\/wp-json\/wp\/v2\/users\/3"}],"replies":[{"embeddable":true,"href":"https:\/\/www.carideal.com\/blog\/wp-json\/wp\/v2\/comments?post=25002"}],"version-history":[{"count":0,"href":"https:\/\/www.carideal.com\/blog\/wp-json\/wp\/v2\/posts\/25002\/revisions"}],"wp:featuredmedia":[{"embeddable":true,"href":"https:\/\/www.carideal.com\/blog\/wp-json\/wp\/v2\/media\/25008"}],"wp:attachment":[{"href":"https:\/\/www.carideal.com\/blog\/wp-json\/wp\/v2\/media?parent=25002"}],"wp:term":[{"taxonomy":"category","embeddable":true,"href":"https:\/\/www.carideal.com\/blog\/wp-json\/wp\/v2\/categories?post=25002"},{"taxonomy":"post_tag","embeddable":true,"href":"https:\/\/www.carideal.com\/blog\/wp-json\/wp\/v2\/tags?post=25002"}],"curies":[{"name":"wp","href":"https:\/\/api.w.org\/{rel}","templated":true}]}}