{"id":250,"date":"2012-08-10T14:22:00","date_gmt":"2012-08-10T14:22:00","guid":{"rendered":"http:\/\/carideal.com\/blog\/?p=250"},"modified":"2012-08-10T14:22:00","modified_gmt":"2012-08-10T14:22:00","slug":"le-malus-double-a-partir-de-180gkm-de-co2","status":"publish","type":"post","link":"https:\/\/www.carideal.com\/blog\/2012\/08\/10\/le-malus-double-a-partir-de-180gkm-de-co2\/","title":{"rendered":"Le Malus double \u00e0 partir de 180g\/km de CO2"},"content":{"rendered":"<p><img decoding=\"async\" src=\"\/blog\/public\/.montants-bonus-malus-double_m.jpg\" alt=\"montants-bonus-malus-double.jpg\" title=\"montants-bonus-malus-double.jpg, nov. 2012\" \/><\/p>\n<p>Pour \u00e9quilibrer les nouvelles d\u00e9penses associ\u00e9es \u00e0 la hausse du bonus (estim\u00e9es \u00e0 490 millions d'euros en 2013), le <a href=\"\/blog\/index.php?tag\/ministre%20du%20Redressement\">ministre du Redressement<\/a> productif avance un alourdissement du malus qui d\u00e9butera d\u00e8s 180g\/km de CO2 et qui sera doubl\u00e9 (sans pour autant pr\u00e9ciser si les tranches actuelles de <a href=\"\/blog\/index.php?tag\/malus\">malus<\/a> seront modifi\u00e9es ou non). Mais on peut l\u00e9gitimement \u00e9valuer que les v\u00e9hicules \u00e9mettant de 180 \u00e0 190 g\/km de CO2 seront tax\u00e9s \u00e0 hauteur de 2600 \u20ac et non 1300 \u20ac comme dans la grille actuelle. Le malus d\u00e9finitif sera discut\u00e9 dans le cadre de la loi de finances 2013 et applicable d\u00e8s le 1er janvier. 27043 unit\u00e9s c'est le nombre total d'immatriculation des v\u00e9hicules diffusant plus de 180 g\/km.Sur les 27043 unit\u00e9s 5500 unit\u00e9s font partie des trois marques<a href=\"\/blog\/index.php?tag\/Fran%C3%A7aises\"> Fran\u00e7aises<\/a>.Environ 80% des mod\u00e8les vendus proviennent de<a href=\"\/blog\/index.php?tag\/marques%20%C3%A9trang%C3%A8res\"> marques \u00e9trang\u00e8res<\/a>, <a href=\"\/blog\/index.php?tag\/allemandes\">allemandes<\/a> particuli\u00e8rement.<\/p>\n","protected":false},"excerpt":{"rendered":"<p>Pour \u00e9quilibrer les nouvelles d\u00e9penses associ\u00e9es \u00e0 la hausse du bonus (estim\u00e9es \u00e0 490 millions d&rsquo;euros en 2013), le ministre du Redressement productif avance un alourdissement du malus qui d\u00e9butera d\u00e8s 180g\/km de CO2 et qui sera doubl\u00e9 (sans pour autant pr\u00e9ciser si les tranches actuelles de malus seront modifi\u00e9es ou non). Mais on peut &#8230; <a title=\"Le Malus double \u00e0 partir de 180g\/km de CO2\" class=\"read-more\" href=\"https:\/\/www.carideal.com\/blog\/2012\/08\/10\/le-malus-double-a-partir-de-180gkm-de-co2\/\" aria-label=\"En savoir plus sur Le Malus double \u00e0 partir de 180g\/km de CO2\">Lire plus<\/a><\/p>\n","protected":false},"author":1,"featured_media":0,"comment_status":"open","ping_status":"open","sticky":false,"template":"","format":"standard","meta":{"_uag_custom_page_level_css":"","_themeisle_gutenberg_block_has_review":false,"footnotes":""},"categories":[6],"tags":[],"class_list":["post-250","post","type-post","status-publish","format-standard","hentry","category-ecologie"],"wppr_data":[],"yoast_head":"<!-- This site is optimized with the Yoast SEO plugin v24.8.1 - https:\/\/yoast.com\/wordpress\/plugins\/seo\/ -->\n<title>Le Malus double \u00e0 partir de 180g\/km de CO2 - Blog auto Carid\u00e9al<\/title>\n<meta name=\"robots\" content=\"index, follow, max-snippet:-1, max-image-preview:large, max-video-preview:-1\" \/>\n<link rel=\"canonical\" href=\"https:\/\/www.carideal.com\/blog\/2012\/08\/10\/le-malus-double-a-partir-de-180gkm-de-co2\/\" \/>\n<meta property=\"og:locale\" content=\"fr_FR\" \/>\n<meta property=\"og:type\" content=\"article\" \/>\n<meta property=\"og:title\" content=\"Le Malus double \u00e0 partir de 180g\/km de CO2 - Blog auto Carid\u00e9al\" \/>\n<meta property=\"og:description\" content=\"Pour \u00e9quilibrer les nouvelles d\u00e9penses associ\u00e9es \u00e0 la hausse du bonus (estim\u00e9es \u00e0 490 millions d&#039;euros en 2013), le ministre du Redressement productif avance un alourdissement du malus qui d\u00e9butera d\u00e8s 180g\/km de CO2 et qui sera doubl\u00e9 (sans pour autant pr\u00e9ciser si les tranches actuelles de malus seront modifi\u00e9es ou non). Mais on peut ... Lire plus\" \/>\n<meta property=\"og:url\" content=\"https:\/\/www.carideal.com\/blog\/2012\/08\/10\/le-malus-double-a-partir-de-180gkm-de-co2\/\" \/>\n<meta property=\"og:site_name\" content=\"Blog auto Carid\u00e9al\" \/>\n<meta property=\"article:publisher\" content=\"https:\/\/www.facebook.com\/Carideal.mandataire.automobile\" \/>\n<meta property=\"article:author\" content=\"https:\/\/www.facebook.com\/Carideal.mandataire.automobile\/\" \/>\n<meta property=\"article:published_time\" content=\"2012-08-10T14:22:00+00:00\" \/>\n<meta property=\"og:image\" content=\"https:\/\/www.carideal.com\/blog\/wp-content\/uploads\/2016\/03\/logo-carideal-mandataire-automobile.png\" \/>\n\t<meta property=\"og:image:width\" content=\"300\" \/>\n\t<meta property=\"og:image:height\" content=\"300\" \/>\n\t<meta property=\"og:image:type\" content=\"image\/png\" \/>\n<meta name=\"author\" content=\"N.S Carideal\" \/>\n<meta name=\"twitter:card\" content=\"summary_large_image\" \/>\n<meta name=\"twitter:creator\" content=\"@caridealauto\" \/>\n<meta name=\"twitter:site\" content=\"@caridealauto\" \/>\n<meta name=\"twitter:label1\" content=\"\u00c9crit par\" \/>\n\t<meta name=\"twitter:data1\" content=\"N.S Carideal\" \/>\n\t<meta name=\"twitter:label2\" content=\"Dur\u00e9e de lecture estim\u00e9e\" \/>\n\t<meta name=\"twitter:data2\" content=\"1 minute\" \/>\n<script type=\"application\/ld+json\" class=\"yoast-schema-graph\">{\"@context\":\"https:\/\/schema.org\",\"@graph\":[{\"@type\":\"Article\",\"@id\":\"https:\/\/www.carideal.com\/blog\/2012\/08\/10\/le-malus-double-a-partir-de-180gkm-de-co2\/#article\",\"isPartOf\":{\"@id\":\"https:\/\/www.carideal.com\/blog\/2012\/08\/10\/le-malus-double-a-partir-de-180gkm-de-co2\/\"},\"author\":{\"name\":\"N.S Carideal\",\"@id\":\"https:\/\/www.carideal.com\/blog\/#\/schema\/person\/985c7e757d1042d647f21bfaf8d41ebc\"},\"headline\":\"Le Malus double \u00e0 partir de 180g\/km de CO2\",\"datePublished\":\"2012-08-10T14:22:00+00:00\",\"mainEntityOfPage\":{\"@id\":\"https:\/\/www.carideal.com\/blog\/2012\/08\/10\/le-malus-double-a-partir-de-180gkm-de-co2\/\"},\"wordCount\":155,\"commentCount\":0,\"publisher\":{\"@id\":\"https:\/\/www.carideal.com\/blog\/#organization\"},\"articleSection\":[\"Ecologie\"],\"inLanguage\":\"fr-FR\",\"potentialAction\":[{\"@type\":\"CommentAction\",\"name\":\"Comment\",\"target\":[\"https:\/\/www.carideal.com\/blog\/2012\/08\/10\/le-malus-double-a-partir-de-180gkm-de-co2\/#respond\"]}]},{\"@type\":\"WebPage\",\"@id\":\"https:\/\/www.carideal.com\/blog\/2012\/08\/10\/le-malus-double-a-partir-de-180gkm-de-co2\/\",\"url\":\"https:\/\/www.carideal.com\/blog\/2012\/08\/10\/le-malus-double-a-partir-de-180gkm-de-co2\/\",\"name\":\"Le Malus double \u00e0 partir de 180g\/km de CO2 - Blog auto Carid\u00e9al\",\"isPartOf\":{\"@id\":\"https:\/\/www.carideal.com\/blog\/#website\"},\"datePublished\":\"2012-08-10T14:22:00+00:00\",\"breadcrumb\":{\"@id\":\"https:\/\/www.carideal.com\/blog\/2012\/08\/10\/le-malus-double-a-partir-de-180gkm-de-co2\/#breadcrumb\"},\"inLanguage\":\"fr-FR\",\"potentialAction\":[{\"@type\":\"ReadAction\",\"target\":[\"https:\/\/www.carideal.com\/blog\/2012\/08\/10\/le-malus-double-a-partir-de-180gkm-de-co2\/\"]}]},{\"@type\":\"BreadcrumbList\",\"@id\":\"https:\/\/www.carideal.com\/blog\/2012\/08\/10\/le-malus-double-a-partir-de-180gkm-de-co2\/#breadcrumb\",\"itemListElement\":[{\"@type\":\"ListItem\",\"position\":1,\"name\":\"Blog Carid\u00e9al\",\"item\":\"https:\/\/www.carideal.com\/blog\/\"},{\"@type\":\"ListItem\",\"position\":2,\"name\":\"Ecologie\",\"item\":\"https:\/\/www.carideal.com\/blog\/ecologie\/\"},{\"@type\":\"ListItem\",\"position\":3,\"name\":\"Le Malus double \u00e0 partir de 180g\/km de CO2\"}]},{\"@type\":\"WebSite\",\"@id\":\"https:\/\/www.carideal.com\/blog\/#website\",\"url\":\"https:\/\/www.carideal.com\/blog\/\",\"name\":\"Blog auto Carid\u00e9al\",\"description\":\"Actualit\u00e9 auto par des passionn\u00e9s\",\"publisher\":{\"@id\":\"https:\/\/www.carideal.com\/blog\/#organization\"},\"potentialAction\":[{\"@type\":\"SearchAction\",\"target\":{\"@type\":\"EntryPoint\",\"urlTemplate\":\"https:\/\/www.carideal.com\/blog\/?s={search_term_string}\"},\"query-input\":{\"@type\":\"PropertyValueSpecification\",\"valueRequired\":true,\"valueName\":\"search_term_string\"}}],\"inLanguage\":\"fr-FR\"},{\"@type\":\"Organization\",\"@id\":\"https:\/\/www.carideal.com\/blog\/#organization\",\"name\":\"Carideal\",\"url\":\"https:\/\/www.carideal.com\/blog\/\",\"logo\":{\"@type\":\"ImageObject\",\"inLanguage\":\"fr-FR\",\"@id\":\"https:\/\/www.carideal.com\/blog\/#\/schema\/logo\/image\/\",\"url\":\"http:\/\/www.carideal.com\/blog\/wp-content\/uploads\/2016\/03\/logo-carideal-mandataire-automobile.png\",\"contentUrl\":\"http:\/\/www.carideal.com\/blog\/wp-content\/uploads\/2016\/03\/logo-carideal-mandataire-automobile.png\",\"width\":300,\"height\":300,\"caption\":\"Carideal\"},\"image\":{\"@id\":\"https:\/\/www.carideal.com\/blog\/#\/schema\/logo\/image\/\"},\"sameAs\":[\"https:\/\/www.facebook.com\/Carideal.mandataire.automobile\",\"https:\/\/x.com\/caridealauto\",\"https:\/\/www.instagram.com\/carideal1\/\",\"https:\/\/www.linkedin.com\/company\/carideal.com\",\"https:\/\/fr.pinterest.com\/schiavonsas\/\",\"https:\/\/www.youtube.com\/user\/caridealsas\"]},{\"@type\":\"Person\",\"@id\":\"https:\/\/www.carideal.com\/blog\/#\/schema\/person\/985c7e757d1042d647f21bfaf8d41ebc\",\"name\":\"N.S Carideal\",\"image\":{\"@type\":\"ImageObject\",\"inLanguage\":\"fr-FR\",\"@id\":\"https:\/\/www.carideal.com\/blog\/#\/schema\/person\/image\/\",\"url\":\"https:\/\/secure.gravatar.com\/avatar\/edb7ccdf1a4e3d14aef967760d354d0e?s=96&r=g\",\"contentUrl\":\"https:\/\/secure.gravatar.com\/avatar\/edb7ccdf1a4e3d14aef967760d354d0e?s=96&r=g\",\"caption\":\"N.S Carideal\"},\"description\":\"Depuis tout petit fan d'automobile. Il est question d'essayer et de comparer toutes ces voitures qui nous ont fait r\u00e9ver, avant que celles-ci ne devient uniquement des voitures de collection.\",\"sameAs\":[\"http:\/\/www.carideal.com\/blog\",\"https:\/\/www.facebook.com\/Carideal.mandataire.automobile\/\",\"https:\/\/www.linkedin.com\/in\/nschiavon\/\",\"https:\/\/www.youtube.com\/user\/caridealsas\/\"],\"url\":\"https:\/\/www.carideal.com\/blog\/author\/admin_carideal\/\"}]}<\/script>\n<!-- \/ Yoast SEO plugin. -->","yoast_head_json":{"title":"Le Malus double \u00e0 partir de 180g\/km de CO2 - Blog auto Carid\u00e9al","robots":{"index":"index","follow":"follow","max-snippet":"max-snippet:-1","max-image-preview":"max-image-preview:large","max-video-preview":"max-video-preview:-1"},"canonical":"https:\/\/www.carideal.com\/blog\/2012\/08\/10\/le-malus-double-a-partir-de-180gkm-de-co2\/","og_locale":"fr_FR","og_type":"article","og_title":"Le Malus double \u00e0 partir de 180g\/km de CO2 - Blog auto Carid\u00e9al","og_description":"Pour \u00e9quilibrer les nouvelles d\u00e9penses associ\u00e9es \u00e0 la hausse du bonus (estim\u00e9es \u00e0 490 millions d'euros en 2013), le ministre du Redressement productif avance un alourdissement du malus qui d\u00e9butera d\u00e8s 180g\/km de CO2 et qui sera doubl\u00e9 (sans pour autant pr\u00e9ciser si les tranches actuelles de malus seront modifi\u00e9es ou non). Mais on peut ... Lire plus","og_url":"https:\/\/www.carideal.com\/blog\/2012\/08\/10\/le-malus-double-a-partir-de-180gkm-de-co2\/","og_site_name":"Blog auto Carid\u00e9al","article_publisher":"https:\/\/www.facebook.com\/Carideal.mandataire.automobile","article_author":"https:\/\/www.facebook.com\/Carideal.mandataire.automobile\/","article_published_time":"2012-08-10T14:22:00+00:00","og_image":[{"width":300,"height":300,"url":"https:\/\/www.carideal.com\/blog\/wp-content\/uploads\/2016\/03\/logo-carideal-mandataire-automobile.png","type":"image\/png"}],"author":"N.S Carideal","twitter_card":"summary_large_image","twitter_creator":"@caridealauto","twitter_site":"@caridealauto","twitter_misc":{"\u00c9crit par":"N.S Carideal","Dur\u00e9e de lecture estim\u00e9e":"1 minute"},"schema":{"@context":"https:\/\/schema.org","@graph":[{"@type":"Article","@id":"https:\/\/www.carideal.com\/blog\/2012\/08\/10\/le-malus-double-a-partir-de-180gkm-de-co2\/#article","isPartOf":{"@id":"https:\/\/www.carideal.com\/blog\/2012\/08\/10\/le-malus-double-a-partir-de-180gkm-de-co2\/"},"author":{"name":"N.S Carideal","@id":"https:\/\/www.carideal.com\/blog\/#\/schema\/person\/985c7e757d1042d647f21bfaf8d41ebc"},"headline":"Le Malus double \u00e0 partir de 180g\/km de CO2","datePublished":"2012-08-10T14:22:00+00:00","mainEntityOfPage":{"@id":"https:\/\/www.carideal.com\/blog\/2012\/08\/10\/le-malus-double-a-partir-de-180gkm-de-co2\/"},"wordCount":155,"commentCount":0,"publisher":{"@id":"https:\/\/www.carideal.com\/blog\/#organization"},"articleSection":["Ecologie"],"inLanguage":"fr-FR","potentialAction":[{"@type":"CommentAction","name":"Comment","target":["https:\/\/www.carideal.com\/blog\/2012\/08\/10\/le-malus-double-a-partir-de-180gkm-de-co2\/#respond"]}]},{"@type":"WebPage","@id":"https:\/\/www.carideal.com\/blog\/2012\/08\/10\/le-malus-double-a-partir-de-180gkm-de-co2\/","url":"https:\/\/www.carideal.com\/blog\/2012\/08\/10\/le-malus-double-a-partir-de-180gkm-de-co2\/","name":"Le Malus double \u00e0 partir de 180g\/km de CO2 - Blog auto Carid\u00e9al","isPartOf":{"@id":"https:\/\/www.carideal.com\/blog\/#website"},"datePublished":"2012-08-10T14:22:00+00:00","breadcrumb":{"@id":"https:\/\/www.carideal.com\/blog\/2012\/08\/10\/le-malus-double-a-partir-de-180gkm-de-co2\/#breadcrumb"},"inLanguage":"fr-FR","potentialAction":[{"@type":"ReadAction","target":["https:\/\/www.carideal.com\/blog\/2012\/08\/10\/le-malus-double-a-partir-de-180gkm-de-co2\/"]}]},{"@type":"BreadcrumbList","@id":"https:\/\/www.carideal.com\/blog\/2012\/08\/10\/le-malus-double-a-partir-de-180gkm-de-co2\/#breadcrumb","itemListElement":[{"@type":"ListItem","position":1,"name":"Blog Carid\u00e9al","item":"https:\/\/www.carideal.com\/blog\/"},{"@type":"ListItem","position":2,"name":"Ecologie","item":"https:\/\/www.carideal.com\/blog\/ecologie\/"},{"@type":"ListItem","position":3,"name":"Le Malus double \u00e0 partir de 180g\/km de CO2"}]},{"@type":"WebSite","@id":"https:\/\/www.carideal.com\/blog\/#website","url":"https:\/\/www.carideal.com\/blog\/","name":"Blog auto Carid\u00e9al","description":"Actualit\u00e9 auto par des passionn\u00e9s","publisher":{"@id":"https:\/\/www.carideal.com\/blog\/#organization"},"potentialAction":[{"@type":"SearchAction","target":{"@type":"EntryPoint","urlTemplate":"https:\/\/www.carideal.com\/blog\/?s={search_term_string}"},"query-input":{"@type":"PropertyValueSpecification","valueRequired":true,"valueName":"search_term_string"}}],"inLanguage":"fr-FR"},{"@type":"Organization","@id":"https:\/\/www.carideal.com\/blog\/#organization","name":"Carideal","url":"https:\/\/www.carideal.com\/blog\/","logo":{"@type":"ImageObject","inLanguage":"fr-FR","@id":"https:\/\/www.carideal.com\/blog\/#\/schema\/logo\/image\/","url":"http:\/\/www.carideal.com\/blog\/wp-content\/uploads\/2016\/03\/logo-carideal-mandataire-automobile.png","contentUrl":"http:\/\/www.carideal.com\/blog\/wp-content\/uploads\/2016\/03\/logo-carideal-mandataire-automobile.png","width":300,"height":300,"caption":"Carideal"},"image":{"@id":"https:\/\/www.carideal.com\/blog\/#\/schema\/logo\/image\/"},"sameAs":["https:\/\/www.facebook.com\/Carideal.mandataire.automobile","https:\/\/x.com\/caridealauto","https:\/\/www.instagram.com\/carideal1\/","https:\/\/www.linkedin.com\/company\/carideal.com","https:\/\/fr.pinterest.com\/schiavonsas\/","https:\/\/www.youtube.com\/user\/caridealsas"]},{"@type":"Person","@id":"https:\/\/www.carideal.com\/blog\/#\/schema\/person\/985c7e757d1042d647f21bfaf8d41ebc","name":"N.S Carideal","image":{"@type":"ImageObject","inLanguage":"fr-FR","@id":"https:\/\/www.carideal.com\/blog\/#\/schema\/person\/image\/","url":"https:\/\/secure.gravatar.com\/avatar\/edb7ccdf1a4e3d14aef967760d354d0e?s=96&r=g","contentUrl":"https:\/\/secure.gravatar.com\/avatar\/edb7ccdf1a4e3d14aef967760d354d0e?s=96&r=g","caption":"N.S Carideal"},"description":"Depuis tout petit fan d'automobile. Il est question d'essayer et de comparer toutes ces voitures qui nous ont fait r\u00e9ver, avant que celles-ci ne devient uniquement des voitures de collection.","sameAs":["http:\/\/www.carideal.com\/blog","https:\/\/www.facebook.com\/Carideal.mandataire.automobile\/","https:\/\/www.linkedin.com\/in\/nschiavon\/","https:\/\/www.youtube.com\/user\/caridealsas\/"],"url":"https:\/\/www.carideal.com\/blog\/author\/admin_carideal\/"}]}},"uagb_featured_image_src":{"full":false,"thumbnail":false,"medium":false,"medium_large":false,"large":false,"1536x1536":false,"2048x2048":false,"wppr-widget":false},"uagb_author_info":{"display_name":"N.S Carideal","author_link":"https:\/\/www.carideal.com\/blog\/author\/admin_carideal\/"},"uagb_comment_info":0,"uagb_excerpt":"Pour \u00e9quilibrer les nouvelles d\u00e9penses associ\u00e9es \u00e0 la hausse du bonus (estim\u00e9es \u00e0 490 millions d'euros en 2013), le ministre du Redressement productif avance un alourdissement du malus qui d\u00e9butera d\u00e8s 180g\/km de CO2 et qui sera doubl\u00e9 (sans pour autant pr\u00e9ciser si les tranches actuelles de malus seront modifi\u00e9es ou non). Mais on peut\u2026","_links":{"self":[{"href":"https:\/\/www.carideal.com\/blog\/wp-json\/wp\/v2\/posts\/250"}],"collection":[{"href":"https:\/\/www.carideal.com\/blog\/wp-json\/wp\/v2\/posts"}],"about":[{"href":"https:\/\/www.carideal.com\/blog\/wp-json\/wp\/v2\/types\/post"}],"author":[{"embeddable":true,"href":"https:\/\/www.carideal.com\/blog\/wp-json\/wp\/v2\/users\/1"}],"replies":[{"embeddable":true,"href":"https:\/\/www.carideal.com\/blog\/wp-json\/wp\/v2\/comments?post=250"}],"version-history":[{"count":0,"href":"https:\/\/www.carideal.com\/blog\/wp-json\/wp\/v2\/posts\/250\/revisions"}],"wp:attachment":[{"href":"https:\/\/www.carideal.com\/blog\/wp-json\/wp\/v2\/media?parent=250"}],"wp:term":[{"taxonomy":"category","embeddable":true,"href":"https:\/\/www.carideal.com\/blog\/wp-json\/wp\/v2\/categories?post=250"},{"taxonomy":"post_tag","embeddable":true,"href":"https:\/\/www.carideal.com\/blog\/wp-json\/wp\/v2\/tags?post=250"}],"curies":[{"name":"wp","href":"https:\/\/api.w.org\/{rel}","templated":true}]}}