{"id":24904,"date":"2020-03-31T19:03:41","date_gmt":"2020-03-31T17:03:41","guid":{"rendered":"http:\/\/www.carideal.com\/blog\/?p=24904"},"modified":"2020-04-10T17:46:50","modified_gmt":"2020-04-10T15:46:50","slug":"rene-et-marlene-cotton","status":"publish","type":"post","link":"https:\/\/www.carideal.com\/blog\/2020\/03\/31\/rene-et-marlene-cotton\/","title":{"rendered":"Ren\u00e9 et Marl\u00e8ne Cotton"},"content":{"rendered":"\n<h2 class=\"wp-block-heading\">Les grandes figures de Citro\u00ebn : Ren\u00e9 et Marl\u00e8ne Cotton<\/h2>\n\n\n\n<h3 class=\"wp-block-heading\">Ren\u00e9 Cotton, celui par qui Citro\u00ebn a professionnalis\u00e9 son engagement en comp\u00e9tition automobile<\/h3>\n\n\n\n<div class=\"wp-block-image\"><figure class=\"alignleft size-large\"><img loading=\"lazy\" decoding=\"async\" width=\"231\" height=\"219\" src=\"http:\/\/www.carideal.com\/blog\/wp-content\/uploads\/2020\/03\/rene-cotton.jpg\" alt=\"Ren\u00e9 Cotton\" class=\"wp-image-24907\" srcset=\"https:\/\/www.carideal.com\/blog\/wp-content\/uploads\/2020\/03\/rene-cotton.jpg 231w, https:\/\/www.carideal.com\/blog\/wp-content\/uploads\/2020\/03\/rene-cotton-50x47.jpg 50w, https:\/\/www.carideal.com\/blog\/wp-content\/uploads\/2020\/03\/rene-cotton-110x104.jpg 110w\" sizes=\"(max-width: 231px) 100vw, 231px\" \/><figcaption>Ren\u00e9 Cotton<\/figcaption><\/figure><\/div>\n\n\n\n<p>\u00c0 l'origine, <a href=\"http:\/\/www.carideal.com\/blog\/marque-de-voiture-actualites-essais\/citroen\/\">Citro\u00ebn<\/a> ne se sent pas une vocation pour la comp\u00e9tition. Mais le succ\u00e8s de <a href=\"http:\/\/www.carideal.com\/blog\/2020\/03\/31\/les-autres-pilotes-qui-ont-fait-citroen\/\">Paul Coltelloni<\/a> sur le Monte-Carlo 1959, \u00e0 bord d'une <a href=\"http:\/\/www.carideal.com\/blog\/2020\/04\/04\/la-ds-simpose-comme-le-modele-mythique-de-citroen\/\">ID 19<\/a>, va tr\u00e8s vite bouleverser la donne. <\/p>\n\n\n\n<p>Le pilote a \u00e9t\u00e9 align\u00e9 par Paris-\u00eele-de-France, entit\u00e9 sportive dirig\u00e9e par Ren\u00e9 Cotton, qui prend la t\u00eate de l'\u00e9curie officielle Citro\u00ebn en 1965. Ce natif de Sainte-Colombe, dans le Rh\u00f4ne, qui a vu le jour en 1914, est un patron dans l'\u00e2me. Son pass\u00e9 de champion l'aide \u00e0 placer ses pilotes dans les meilleures conditions. <\/p>\n\n\n\n<div class=\"wp-block-image\"><figure class=\"aligncenter size-full\"><img loading=\"lazy\" decoding=\"async\" width=\"512\" height=\"198\" src=\"http:\/\/www.carideal.com\/blog\/wp-content\/uploads\/2020\/03\/rene-cotton-24h-francorchamp.jpg\" alt=\"Ren\u00e9 Cotton aux 24h Francorchamp\" class=\"wp-image-24906\" srcset=\"https:\/\/www.carideal.com\/blog\/wp-content\/uploads\/2020\/03\/rene-cotton-24h-francorchamp.jpg 512w, https:\/\/www.carideal.com\/blog\/wp-content\/uploads\/2020\/03\/rene-cotton-24h-francorchamp-300x116.jpg 300w, https:\/\/www.carideal.com\/blog\/wp-content\/uploads\/2020\/03\/rene-cotton-24h-francorchamp-50x19.jpg 50w, https:\/\/www.carideal.com\/blog\/wp-content\/uploads\/2020\/03\/rene-cotton-24h-francorchamp-110x43.jpg 110w, https:\/\/www.carideal.com\/blog\/wp-content\/uploads\/2020\/03\/rene-cotton-24h-francorchamp-420x162.jpg 420w\" sizes=\"(max-width: 512px) 100vw, 512px\" \/><figcaption>Ren\u00e9 Cotton aux 24h Francorchamp<\/figcaption><\/figure><\/div>\n\n\n\n<p>Avec lui, les DS, v\u00e9ritables b\u00eates de course, encha\u00eenent les victoires, y compris dans les conditions les plus d\u00e9licates. En 1969 et 1970, cette voiture mythique s'impose sur le rallye du Maroc. Mais il lui faut vite trouver une rempla\u00e7ante. Ren\u00e9 Cotton se tourne alors vers la SM qui, nettement plus lourde et emp\u00e2t\u00e9e que sa devanci\u00e8re, n'en demeure pas moins une remarquable concurrente. <\/p>\n\n\n\n<div class=\"wp-block-image\"><figure class=\"aligncenter size-full\"><img loading=\"lazy\" decoding=\"async\" width=\"488\" height=\"270\" src=\"http:\/\/www.carideal.com\/blog\/wp-content\/uploads\/2020\/03\/rene-cotton-24h-francorchamp-2.jpg\" alt=\"Ren\u00e9 Cotton aux 24 h de Francorchamp\" class=\"wp-image-24909\" srcset=\"https:\/\/www.carideal.com\/blog\/wp-content\/uploads\/2020\/03\/rene-cotton-24h-francorchamp-2.jpg 488w, https:\/\/www.carideal.com\/blog\/wp-content\/uploads\/2020\/03\/rene-cotton-24h-francorchamp-2-300x166.jpg 300w, https:\/\/www.carideal.com\/blog\/wp-content\/uploads\/2020\/03\/rene-cotton-24h-francorchamp-2-50x28.jpg 50w, https:\/\/www.carideal.com\/blog\/wp-content\/uploads\/2020\/03\/rene-cotton-24h-francorchamp-2-110x61.jpg 110w, https:\/\/www.carideal.com\/blog\/wp-content\/uploads\/2020\/03\/rene-cotton-24h-francorchamp-2-420x232.jpg 420w, https:\/\/www.carideal.com\/blog\/wp-content\/uploads\/2020\/03\/rene-cotton-24h-francorchamp-2-248x138.jpg 248w\" sizes=\"(max-width: 488px) 100vw, 488px\" \/><figcaption>Ren\u00e9 Cotton aux 24 h de Francorchamp<\/figcaption><\/figure><\/div>\n\n\n\n<p>Celle-ci s'impose une nouvelle fois au Maroc, en 1971. Malheureusement, ce succ\u00e8s conserve encore aujourd'hui un go\u00fbt d'amertume pour les nostalgiques de cette \u00e9poque. Il s'agit, en effet, du dernier sous l'\u00e8re de Ren\u00e9 Cotton, d\u00e9c\u00e9d\u00e9 peu apr\u00e8s des suites d'un cancer.<\/p>\n\n\n\n<figure class=\"wp-block-image size-full\"><img decoding=\"async\" src=\"http:\/\/www.carideal.com\/blog\/wp-content\/uploads\/2020\/03\/rene-coton-citroen-competition-scaled.jpg\" alt=\"Avant de diriger le service Comp\u00e9tition Ren\u00e9 Cotton a eu un pass\u00e9 de pilote. Il a notamment remport\u00e9 deux fois les 24 heures de Francorchamps.\" class=\"wp-image-24910\"\/><figcaption>Avant de diriger le service Comp\u00e9tition Ren\u00e9 Cotton a eu un pass\u00e9 de pilote. Il a notamment remport\u00e9 deux fois les 24 heures de Francorchamps.<\/figcaption><\/figure>\n\n\n\n<h3 class=\"wp-block-heading\">FEMME DE CARACT\u00c8RE, MARL\u00c8NE COTTON A BRILLAMMENT POURSUIVI L'\u0152UVRE DE SON MARI, REN\u00c9.<\/h3>\n\n\n\n<figure class=\"wp-block-image size-large\"><img loading=\"lazy\" decoding=\"async\" width=\"1024\" height=\"823\" src=\"http:\/\/www.carideal.com\/blog\/wp-content\/uploads\/2020\/03\/Marlene-cotton_citroen-competition-1024x823.jpg\" alt=\"Marlene cotton citroen competition\" class=\"wp-image-24912\"\/><figcaption>Marlene cotton citroen competition<\/figcaption><\/figure>\n\n\n\n<p>En septembre de la m\u00eame ann\u00e9e, son \u00e9pouse, Marl\u00e8ne, reprend les r\u00eanes du service Comp\u00e9tition Citro\u00ebn. La nouvelle a de quoi surprendre le monde machiste de l'automobile. <\/p>\n\n\n\n<p>Mais la l\u00e9gitimit\u00e9 de cette femme de temp\u00e9rament ne fait aucun doute. Ancienne assistante de l'\u00e9quipe Paris-\u00cele-de-France, elle participe activement au d\u00e9veloppement du service course de Citro\u00ebn, au c\u00f4t\u00e9 de son patron et mari, aux m\u00e9thodes de management reconnues. <\/p>\n\n\n\n<figure class=\"wp-block-image size-full\"><img decoding=\"async\" src=\"http:\/\/www.carideal.com\/blog\/wp-content\/uploads\/2020\/03\/Marlenne-Cotton.jpg\" alt=\"Dans la France des ann\u00e9es 1970, le slogan &quot;on a pas de p\u00e9trole mais on a des id\u00e9es, faisait fureur. Des id\u00e9es, Marl\u00e8ne Cotton n'en manquera pas pour ses missions\" class=\"wp-image-24914\"\/><figcaption>Dans la France des ann\u00e9es 1970, le slogan \"on a pas de p\u00e9trole mais on a des id\u00e9es, faisait fureur. Des id\u00e9es, Marl\u00e8ne Cotton n'en manquera pas pour ses missions<\/figcaption><\/figure>\n\n\n\n<p>Spectatrice privil\u00e9gi\u00e9e des succ\u00e8s sportifs de la marque, elle met tout en \u0153uvre pour se montrer digne de l'h\u00e9ritage qui lui est l\u00e9gu\u00e9. Malgr\u00e9 des moyens financiers plus limit\u00e9s qu'auparavant, elle sait faire preuve d'astuce pour maintenir Citro\u00ebn dans le gotha international. Ainsi, elle impose, en 1972, quelques r\u00e9am\u00e9nagements sur la SM. Raccourci et \u00e9quip\u00e9 d'un moteur plus puissant, ce mod\u00e8le se distingue sur le rallye du Portugal en prenant la troisi\u00e8me place du podium. <\/p>\n\n\n\n<p>Citro\u00ebn devra malheureusement renoncer \u00e0 poursuivre l'exp\u00e9rience, la FIA interdisant au Groupe V de s'aligner en rallye. Budgets d\u00e9risoires, rachat de Citro\u00ebn par <a href=\"http:\/\/www.carideal.com\/blog\/marque-de-voiture-actualites-essais\/peugeot\/\">Peugeot<\/a>, la firme essaie malgr\u00e9 tout de faire bonne figure.<\/p>\n\n\n\n<p>Objectif en partie atteint en 1977 et 1978, sur le rallye du S\u00e9n\u00e9gal, dont la <a href=\"http:\/\/www.carideal.com\/blog\/2020\/04\/10\/la-citroen-cx-va-montrer-tout-son-potentiel-sur-les-pistes-africaines\/\">CX<\/a> sort par deux fois vainqueur. Le nom de Marl\u00e8ne Cotton, comme celui de son dernier mari, Jacques Wolgensinger (ex-directeur des Relations publiques  et de l'Information de Citro\u00ebn) resteront \u00e0 jamais associ\u00e9s \u00e0   l'\u00e9pop\u00e9e du double chevron.<\/p>\n\n\n\n<p><\/p>\n","protected":false},"excerpt":{"rendered":"<p>Les grandes figures de Citro\u00ebn : Ren\u00e9 et Marl\u00e8ne Cotton Ren\u00e9 Cotton, celui par qui Citro\u00ebn a professionnalis\u00e9 son engagement en comp\u00e9tition automobile \u00c0 l&rsquo;origine, Citro\u00ebn ne se sent pas une vocation pour la comp\u00e9tition. Mais le succ\u00e8s de Paul Coltelloni sur le Monte-Carlo 1959, \u00e0 bord d&rsquo;une ID 19, va tr\u00e8s vite bouleverser la &#8230; <a title=\"Ren\u00e9 et Marl\u00e8ne Cotton\" class=\"read-more\" href=\"https:\/\/www.carideal.com\/blog\/2020\/03\/31\/rene-et-marlene-cotton\/\" aria-label=\"En savoir plus sur Ren\u00e9 et Marl\u00e8ne Cotton\">Lire plus<\/a><\/p>\n","protected":false},"author":3,"featured_media":24906,"comment_status":"open","ping_status":"open","sticky":false,"template":"","format":"standard","meta":{"_uag_custom_page_level_css":"","_themeisle_gutenberg_block_has_review":false,"footnotes":""},"categories":[16],"tags":[17230],"class_list":["post-24904","post","type-post","status-publish","format-standard","has-post-thumbnail","hentry","category-sport-auto","tag-citroen-rallye-raid"],"wppr_data":{"cwp_meta_box_check":"No"},"yoast_head":"<!-- This site is optimized with the Yoast SEO plugin v24.8.1 - https:\/\/yoast.com\/wordpress\/plugins\/seo\/ -->\n<title>Ren\u00e9 et Marl\u00e8ne Cotton - Blog auto Carid\u00e9al<\/title>\n<meta name=\"description\" content=\"Les grandes figures de Citro\u00ebn : Ren\u00e9 et Marl\u00e8ne Cotton. Ren\u00e9 Cotton, celui par qui Citro\u00ebn a professionnalis\u00e9 son engagement en comp\u00e9tition automobile\" \/>\n<meta name=\"robots\" content=\"index, follow, max-snippet:-1, max-image-preview:large, max-video-preview:-1\" \/>\n<link rel=\"canonical\" href=\"https:\/\/www.carideal.com\/blog\/2020\/03\/31\/rene-et-marlene-cotton\/\" \/>\n<meta property=\"og:locale\" content=\"fr_FR\" \/>\n<meta property=\"og:type\" content=\"article\" \/>\n<meta property=\"og:title\" content=\"Ren\u00e9 et Marl\u00e8ne Cotton - Blog auto Carid\u00e9al\" \/>\n<meta property=\"og:description\" content=\"Les grandes figures de Citro\u00ebn : Ren\u00e9 et Marl\u00e8ne Cotton. Ren\u00e9 Cotton, celui par qui Citro\u00ebn a professionnalis\u00e9 son engagement en comp\u00e9tition automobile\" \/>\n<meta property=\"og:url\" content=\"https:\/\/www.carideal.com\/blog\/2020\/03\/31\/rene-et-marlene-cotton\/\" \/>\n<meta property=\"og:site_name\" content=\"Blog auto Carid\u00e9al\" \/>\n<meta property=\"article:publisher\" content=\"https:\/\/www.facebook.com\/Carideal.mandataire.automobile\" \/>\n<meta property=\"article:author\" content=\"https:\/\/www.facebook.com\/nicolas.schiavon.39\" \/>\n<meta property=\"article:published_time\" content=\"2020-03-31T17:03:41+00:00\" \/>\n<meta property=\"article:modified_time\" content=\"2020-04-10T15:46:50+00:00\" \/>\n<meta property=\"og:image\" content=\"https:\/\/www.carideal.com\/blog\/wp-content\/uploads\/2020\/03\/rene-cotton-24h-francorchamp.jpg\" \/>\n\t<meta property=\"og:image:width\" content=\"512\" \/>\n\t<meta property=\"og:image:height\" content=\"198\" \/>\n\t<meta property=\"og:image:type\" content=\"image\/jpeg\" \/>\n<meta name=\"author\" content=\"Nicolas SCHIAVON\" \/>\n<meta name=\"twitter:card\" content=\"summary_large_image\" \/>\n<meta name=\"twitter:creator\" content=\"@caridealauto\" \/>\n<meta name=\"twitter:site\" content=\"@caridealauto\" \/>\n<meta name=\"twitter:label1\" content=\"\u00c9crit par\" \/>\n\t<meta name=\"twitter:data1\" content=\"Nicolas SCHIAVON\" \/>\n\t<meta name=\"twitter:label2\" content=\"Dur\u00e9e de lecture estim\u00e9e\" \/>\n\t<meta name=\"twitter:data2\" content=\"3 minutes\" \/>\n<script type=\"application\/ld+json\" class=\"yoast-schema-graph\">{\"@context\":\"https:\/\/schema.org\",\"@graph\":[{\"@type\":\"Article\",\"@id\":\"https:\/\/www.carideal.com\/blog\/2020\/03\/31\/rene-et-marlene-cotton\/#article\",\"isPartOf\":{\"@id\":\"https:\/\/www.carideal.com\/blog\/2020\/03\/31\/rene-et-marlene-cotton\/\"},\"author\":{\"name\":\"Nicolas SCHIAVON\",\"@id\":\"https:\/\/www.carideal.com\/blog\/#\/schema\/person\/cd95dc7919660de90d31b366f85be1ec\"},\"headline\":\"Ren\u00e9 et Marl\u00e8ne Cotton\",\"datePublished\":\"2020-03-31T17:03:41+00:00\",\"dateModified\":\"2020-04-10T15:46:50+00:00\",\"mainEntityOfPage\":{\"@id\":\"https:\/\/www.carideal.com\/blog\/2020\/03\/31\/rene-et-marlene-cotton\/\"},\"wordCount\":588,\"commentCount\":0,\"publisher\":{\"@id\":\"https:\/\/www.carideal.com\/blog\/#organization\"},\"image\":{\"@id\":\"https:\/\/www.carideal.com\/blog\/2020\/03\/31\/rene-et-marlene-cotton\/#primaryimage\"},\"thumbnailUrl\":\"https:\/\/www.carideal.com\/blog\/wp-content\/uploads\/2020\/03\/rene-cotton-24h-francorchamp.jpg\",\"keywords\":[\"Citroen Rallye &amp; raid\"],\"articleSection\":[\"Sport Automobile\"],\"inLanguage\":\"fr-FR\",\"potentialAction\":[{\"@type\":\"CommentAction\",\"name\":\"Comment\",\"target\":[\"https:\/\/www.carideal.com\/blog\/2020\/03\/31\/rene-et-marlene-cotton\/#respond\"]}]},{\"@type\":\"WebPage\",\"@id\":\"https:\/\/www.carideal.com\/blog\/2020\/03\/31\/rene-et-marlene-cotton\/\",\"url\":\"https:\/\/www.carideal.com\/blog\/2020\/03\/31\/rene-et-marlene-cotton\/\",\"name\":\"Ren\u00e9 et Marl\u00e8ne Cotton - Blog auto Carid\u00e9al\",\"isPartOf\":{\"@id\":\"https:\/\/www.carideal.com\/blog\/#website\"},\"primaryImageOfPage\":{\"@id\":\"https:\/\/www.carideal.com\/blog\/2020\/03\/31\/rene-et-marlene-cotton\/#primaryimage\"},\"image\":{\"@id\":\"https:\/\/www.carideal.com\/blog\/2020\/03\/31\/rene-et-marlene-cotton\/#primaryimage\"},\"thumbnailUrl\":\"https:\/\/www.carideal.com\/blog\/wp-content\/uploads\/2020\/03\/rene-cotton-24h-francorchamp.jpg\",\"datePublished\":\"2020-03-31T17:03:41+00:00\",\"dateModified\":\"2020-04-10T15:46:50+00:00\",\"description\":\"Les grandes figures de Citro\u00ebn : Ren\u00e9 et Marl\u00e8ne Cotton. Ren\u00e9 Cotton, celui par qui Citro\u00ebn a professionnalis\u00e9 son engagement en comp\u00e9tition automobile\",\"breadcrumb\":{\"@id\":\"https:\/\/www.carideal.com\/blog\/2020\/03\/31\/rene-et-marlene-cotton\/#breadcrumb\"},\"inLanguage\":\"fr-FR\",\"potentialAction\":[{\"@type\":\"ReadAction\",\"target\":[\"https:\/\/www.carideal.com\/blog\/2020\/03\/31\/rene-et-marlene-cotton\/\"]}]},{\"@type\":\"ImageObject\",\"inLanguage\":\"fr-FR\",\"@id\":\"https:\/\/www.carideal.com\/blog\/2020\/03\/31\/rene-et-marlene-cotton\/#primaryimage\",\"url\":\"https:\/\/www.carideal.com\/blog\/wp-content\/uploads\/2020\/03\/rene-cotton-24h-francorchamp.jpg\",\"contentUrl\":\"https:\/\/www.carideal.com\/blog\/wp-content\/uploads\/2020\/03\/rene-cotton-24h-francorchamp.jpg\",\"width\":512,\"height\":198,\"caption\":\"Ren\u00e9 Cotton aux 24h Francorchamp\"},{\"@type\":\"BreadcrumbList\",\"@id\":\"https:\/\/www.carideal.com\/blog\/2020\/03\/31\/rene-et-marlene-cotton\/#breadcrumb\",\"itemListElement\":[{\"@type\":\"ListItem\",\"position\":1,\"name\":\"Blog Carid\u00e9al\",\"item\":\"https:\/\/www.carideal.com\/blog\/\"},{\"@type\":\"ListItem\",\"position\":2,\"name\":\"Sport Automobile\",\"item\":\"https:\/\/www.carideal.com\/blog\/sport-auto\/\"},{\"@type\":\"ListItem\",\"position\":3,\"name\":\"Ren\u00e9 et Marl\u00e8ne Cotton\"}]},{\"@type\":\"WebSite\",\"@id\":\"https:\/\/www.carideal.com\/blog\/#website\",\"url\":\"https:\/\/www.carideal.com\/blog\/\",\"name\":\"Blog auto Carid\u00e9al\",\"description\":\"Actualit\u00e9 auto par des passionn\u00e9s\",\"publisher\":{\"@id\":\"https:\/\/www.carideal.com\/blog\/#organization\"},\"potentialAction\":[{\"@type\":\"SearchAction\",\"target\":{\"@type\":\"EntryPoint\",\"urlTemplate\":\"https:\/\/www.carideal.com\/blog\/?s={search_term_string}\"},\"query-input\":{\"@type\":\"PropertyValueSpecification\",\"valueRequired\":true,\"valueName\":\"search_term_string\"}}],\"inLanguage\":\"fr-FR\"},{\"@type\":\"Organization\",\"@id\":\"https:\/\/www.carideal.com\/blog\/#organization\",\"name\":\"Carideal\",\"url\":\"https:\/\/www.carideal.com\/blog\/\",\"logo\":{\"@type\":\"ImageObject\",\"inLanguage\":\"fr-FR\",\"@id\":\"https:\/\/www.carideal.com\/blog\/#\/schema\/logo\/image\/\",\"url\":\"http:\/\/www.carideal.com\/blog\/wp-content\/uploads\/2016\/03\/logo-carideal-mandataire-automobile.png\",\"contentUrl\":\"http:\/\/www.carideal.com\/blog\/wp-content\/uploads\/2016\/03\/logo-carideal-mandataire-automobile.png\",\"width\":300,\"height\":300,\"caption\":\"Carideal\"},\"image\":{\"@id\":\"https:\/\/www.carideal.com\/blog\/#\/schema\/logo\/image\/\"},\"sameAs\":[\"https:\/\/www.facebook.com\/Carideal.mandataire.automobile\",\"https:\/\/x.com\/caridealauto\",\"https:\/\/www.instagram.com\/carideal1\/\",\"https:\/\/www.linkedin.com\/company\/carideal.com\",\"https:\/\/fr.pinterest.com\/schiavonsas\/\",\"https:\/\/www.youtube.com\/user\/caridealsas\"]},{\"@type\":\"Person\",\"@id\":\"https:\/\/www.carideal.com\/blog\/#\/schema\/person\/cd95dc7919660de90d31b366f85be1ec\",\"name\":\"Nicolas SCHIAVON\",\"image\":{\"@type\":\"ImageObject\",\"inLanguage\":\"fr-FR\",\"@id\":\"https:\/\/www.carideal.com\/blog\/#\/schema\/person\/image\/\",\"url\":\"https:\/\/secure.gravatar.com\/avatar\/c17e55009e671d92cc7f5dc837dc418a?s=96&r=g\",\"contentUrl\":\"https:\/\/secure.gravatar.com\/avatar\/c17e55009e671d92cc7f5dc837dc418a?s=96&r=g\",\"caption\":\"Nicolas SCHIAVON\"},\"description\":\"Nicolas Schiavon est tomb\u00e9 tout petit dans la marmite automobile. Ayant eu un garage de marque automobile, mandataire automobile de la premi\u00e8re heure d\u00e8s 1999. Nicolas a cr\u00e9\u00e9 ces premiers sites de vente de voiture et blog automobile d\u00e8s 1994. Carideal est n\u00e9 le 15 d\u00e9cembre 2000 de la volont\u00e9 de vendre des voitures d'occasions en ligne puis des voitures neuves. Il a pu essayer beaucoup de voitures tr\u00e8s diff\u00e9rentes et ayant eu personnellement quelques belles autos, Subaru Impreza, Mitsubishi Lancer Evo 7, Porsche 911, Ferrari Testarrossa, Audi RS3, RS4 et j'en passe...\",\"sameAs\":[\"http:\/\/www.carideal.com\",\"https:\/\/www.facebook.com\/nicolas.schiavon.39\",\"https:\/\/www.instagram.com\/carideal1\/\",\"https:\/\/www.linkedin.com\/in\/nschiavon\/\",\"https:\/\/x.com\/caridealauto\",\"https:\/\/www.youtube.com\/user\/caridealsas\/\"],\"url\":\"https:\/\/www.carideal.com\/blog\/author\/nschiavon\/\"}]}<\/script>\n<!-- \/ Yoast SEO plugin. -->","yoast_head_json":{"title":"Ren\u00e9 et Marl\u00e8ne Cotton - Blog auto Carid\u00e9al","description":"Les grandes figures de Citro\u00ebn : Ren\u00e9 et Marl\u00e8ne Cotton. Ren\u00e9 Cotton, celui par qui Citro\u00ebn a professionnalis\u00e9 son engagement en comp\u00e9tition automobile","robots":{"index":"index","follow":"follow","max-snippet":"max-snippet:-1","max-image-preview":"max-image-preview:large","max-video-preview":"max-video-preview:-1"},"canonical":"https:\/\/www.carideal.com\/blog\/2020\/03\/31\/rene-et-marlene-cotton\/","og_locale":"fr_FR","og_type":"article","og_title":"Ren\u00e9 et Marl\u00e8ne Cotton - Blog auto Carid\u00e9al","og_description":"Les grandes figures de Citro\u00ebn : Ren\u00e9 et Marl\u00e8ne Cotton. Ren\u00e9 Cotton, celui par qui Citro\u00ebn a professionnalis\u00e9 son engagement en comp\u00e9tition automobile","og_url":"https:\/\/www.carideal.com\/blog\/2020\/03\/31\/rene-et-marlene-cotton\/","og_site_name":"Blog auto Carid\u00e9al","article_publisher":"https:\/\/www.facebook.com\/Carideal.mandataire.automobile","article_author":"https:\/\/www.facebook.com\/nicolas.schiavon.39","article_published_time":"2020-03-31T17:03:41+00:00","article_modified_time":"2020-04-10T15:46:50+00:00","og_image":[{"width":512,"height":198,"url":"https:\/\/www.carideal.com\/blog\/wp-content\/uploads\/2020\/03\/rene-cotton-24h-francorchamp.jpg","type":"image\/jpeg"}],"author":"Nicolas SCHIAVON","twitter_card":"summary_large_image","twitter_creator":"@caridealauto","twitter_site":"@caridealauto","twitter_misc":{"\u00c9crit par":"Nicolas SCHIAVON","Dur\u00e9e de lecture estim\u00e9e":"3 minutes"},"schema":{"@context":"https:\/\/schema.org","@graph":[{"@type":"Article","@id":"https:\/\/www.carideal.com\/blog\/2020\/03\/31\/rene-et-marlene-cotton\/#article","isPartOf":{"@id":"https:\/\/www.carideal.com\/blog\/2020\/03\/31\/rene-et-marlene-cotton\/"},"author":{"name":"Nicolas SCHIAVON","@id":"https:\/\/www.carideal.com\/blog\/#\/schema\/person\/cd95dc7919660de90d31b366f85be1ec"},"headline":"Ren\u00e9 et Marl\u00e8ne Cotton","datePublished":"2020-03-31T17:03:41+00:00","dateModified":"2020-04-10T15:46:50+00:00","mainEntityOfPage":{"@id":"https:\/\/www.carideal.com\/blog\/2020\/03\/31\/rene-et-marlene-cotton\/"},"wordCount":588,"commentCount":0,"publisher":{"@id":"https:\/\/www.carideal.com\/blog\/#organization"},"image":{"@id":"https:\/\/www.carideal.com\/blog\/2020\/03\/31\/rene-et-marlene-cotton\/#primaryimage"},"thumbnailUrl":"https:\/\/www.carideal.com\/blog\/wp-content\/uploads\/2020\/03\/rene-cotton-24h-francorchamp.jpg","keywords":["Citroen Rallye &amp; raid"],"articleSection":["Sport Automobile"],"inLanguage":"fr-FR","potentialAction":[{"@type":"CommentAction","name":"Comment","target":["https:\/\/www.carideal.com\/blog\/2020\/03\/31\/rene-et-marlene-cotton\/#respond"]}]},{"@type":"WebPage","@id":"https:\/\/www.carideal.com\/blog\/2020\/03\/31\/rene-et-marlene-cotton\/","url":"https:\/\/www.carideal.com\/blog\/2020\/03\/31\/rene-et-marlene-cotton\/","name":"Ren\u00e9 et Marl\u00e8ne Cotton - Blog auto Carid\u00e9al","isPartOf":{"@id":"https:\/\/www.carideal.com\/blog\/#website"},"primaryImageOfPage":{"@id":"https:\/\/www.carideal.com\/blog\/2020\/03\/31\/rene-et-marlene-cotton\/#primaryimage"},"image":{"@id":"https:\/\/www.carideal.com\/blog\/2020\/03\/31\/rene-et-marlene-cotton\/#primaryimage"},"thumbnailUrl":"https:\/\/www.carideal.com\/blog\/wp-content\/uploads\/2020\/03\/rene-cotton-24h-francorchamp.jpg","datePublished":"2020-03-31T17:03:41+00:00","dateModified":"2020-04-10T15:46:50+00:00","description":"Les grandes figures de Citro\u00ebn : Ren\u00e9 et Marl\u00e8ne Cotton. Ren\u00e9 Cotton, celui par qui Citro\u00ebn a professionnalis\u00e9 son engagement en comp\u00e9tition automobile","breadcrumb":{"@id":"https:\/\/www.carideal.com\/blog\/2020\/03\/31\/rene-et-marlene-cotton\/#breadcrumb"},"inLanguage":"fr-FR","potentialAction":[{"@type":"ReadAction","target":["https:\/\/www.carideal.com\/blog\/2020\/03\/31\/rene-et-marlene-cotton\/"]}]},{"@type":"ImageObject","inLanguage":"fr-FR","@id":"https:\/\/www.carideal.com\/blog\/2020\/03\/31\/rene-et-marlene-cotton\/#primaryimage","url":"https:\/\/www.carideal.com\/blog\/wp-content\/uploads\/2020\/03\/rene-cotton-24h-francorchamp.jpg","contentUrl":"https:\/\/www.carideal.com\/blog\/wp-content\/uploads\/2020\/03\/rene-cotton-24h-francorchamp.jpg","width":512,"height":198,"caption":"Ren\u00e9 Cotton aux 24h Francorchamp"},{"@type":"BreadcrumbList","@id":"https:\/\/www.carideal.com\/blog\/2020\/03\/31\/rene-et-marlene-cotton\/#breadcrumb","itemListElement":[{"@type":"ListItem","position":1,"name":"Blog Carid\u00e9al","item":"https:\/\/www.carideal.com\/blog\/"},{"@type":"ListItem","position":2,"name":"Sport Automobile","item":"https:\/\/www.carideal.com\/blog\/sport-auto\/"},{"@type":"ListItem","position":3,"name":"Ren\u00e9 et Marl\u00e8ne Cotton"}]},{"@type":"WebSite","@id":"https:\/\/www.carideal.com\/blog\/#website","url":"https:\/\/www.carideal.com\/blog\/","name":"Blog auto Carid\u00e9al","description":"Actualit\u00e9 auto par des passionn\u00e9s","publisher":{"@id":"https:\/\/www.carideal.com\/blog\/#organization"},"potentialAction":[{"@type":"SearchAction","target":{"@type":"EntryPoint","urlTemplate":"https:\/\/www.carideal.com\/blog\/?s={search_term_string}"},"query-input":{"@type":"PropertyValueSpecification","valueRequired":true,"valueName":"search_term_string"}}],"inLanguage":"fr-FR"},{"@type":"Organization","@id":"https:\/\/www.carideal.com\/blog\/#organization","name":"Carideal","url":"https:\/\/www.carideal.com\/blog\/","logo":{"@type":"ImageObject","inLanguage":"fr-FR","@id":"https:\/\/www.carideal.com\/blog\/#\/schema\/logo\/image\/","url":"http:\/\/www.carideal.com\/blog\/wp-content\/uploads\/2016\/03\/logo-carideal-mandataire-automobile.png","contentUrl":"http:\/\/www.carideal.com\/blog\/wp-content\/uploads\/2016\/03\/logo-carideal-mandataire-automobile.png","width":300,"height":300,"caption":"Carideal"},"image":{"@id":"https:\/\/www.carideal.com\/blog\/#\/schema\/logo\/image\/"},"sameAs":["https:\/\/www.facebook.com\/Carideal.mandataire.automobile","https:\/\/x.com\/caridealauto","https:\/\/www.instagram.com\/carideal1\/","https:\/\/www.linkedin.com\/company\/carideal.com","https:\/\/fr.pinterest.com\/schiavonsas\/","https:\/\/www.youtube.com\/user\/caridealsas"]},{"@type":"Person","@id":"https:\/\/www.carideal.com\/blog\/#\/schema\/person\/cd95dc7919660de90d31b366f85be1ec","name":"Nicolas SCHIAVON","image":{"@type":"ImageObject","inLanguage":"fr-FR","@id":"https:\/\/www.carideal.com\/blog\/#\/schema\/person\/image\/","url":"https:\/\/secure.gravatar.com\/avatar\/c17e55009e671d92cc7f5dc837dc418a?s=96&r=g","contentUrl":"https:\/\/secure.gravatar.com\/avatar\/c17e55009e671d92cc7f5dc837dc418a?s=96&r=g","caption":"Nicolas SCHIAVON"},"description":"Nicolas Schiavon est tomb\u00e9 tout petit dans la marmite automobile. Ayant eu un garage de marque automobile, mandataire automobile de la premi\u00e8re heure d\u00e8s 1999. Nicolas a cr\u00e9\u00e9 ces premiers sites de vente de voiture et blog automobile d\u00e8s 1994. Carideal est n\u00e9 le 15 d\u00e9cembre 2000 de la volont\u00e9 de vendre des voitures d'occasions en ligne puis des voitures neuves. Il a pu essayer beaucoup de voitures tr\u00e8s diff\u00e9rentes et ayant eu personnellement quelques belles autos, Subaru Impreza, Mitsubishi Lancer Evo 7, Porsche 911, Ferrari Testarrossa, Audi RS3, RS4 et j'en passe...","sameAs":["http:\/\/www.carideal.com","https:\/\/www.facebook.com\/nicolas.schiavon.39","https:\/\/www.instagram.com\/carideal1\/","https:\/\/www.linkedin.com\/in\/nschiavon\/","https:\/\/x.com\/caridealauto","https:\/\/www.youtube.com\/user\/caridealsas\/"],"url":"https:\/\/www.carideal.com\/blog\/author\/nschiavon\/"}]}},"uagb_featured_image_src":{"full":["https:\/\/www.carideal.com\/blog\/wp-content\/uploads\/2020\/03\/rene-cotton-24h-francorchamp.jpg",512,198,false],"thumbnail":["https:\/\/www.carideal.com\/blog\/wp-content\/uploads\/2020\/03\/rene-cotton-24h-francorchamp-150x150.jpg",150,150,true],"medium":["https:\/\/www.carideal.com\/blog\/wp-content\/uploads\/2020\/03\/rene-cotton-24h-francorchamp-300x116.jpg",300,116,true],"medium_large":["https:\/\/www.carideal.com\/blog\/wp-content\/uploads\/2020\/03\/rene-cotton-24h-francorchamp.jpg",512,198,false],"large":["https:\/\/www.carideal.com\/blog\/wp-content\/uploads\/2020\/03\/rene-cotton-24h-francorchamp.jpg",512,198,false],"1536x1536":["https:\/\/www.carideal.com\/blog\/wp-content\/uploads\/2020\/03\/rene-cotton-24h-francorchamp.jpg",512,198,false],"2048x2048":["https:\/\/www.carideal.com\/blog\/wp-content\/uploads\/2020\/03\/rene-cotton-24h-francorchamp.jpg",512,198,false],"wppr-widget":["https:\/\/www.carideal.com\/blog\/wp-content\/uploads\/2020\/03\/rene-cotton-24h-francorchamp-50x19.jpg",50,19,true]},"uagb_author_info":{"display_name":"Nicolas SCHIAVON","author_link":"https:\/\/www.carideal.com\/blog\/author\/nschiavon\/"},"uagb_comment_info":2,"uagb_excerpt":"Les grandes figures de Citro\u00ebn : Ren\u00e9 et Marl\u00e8ne Cotton Ren\u00e9 Cotton, celui par qui Citro\u00ebn a professionnalis\u00e9 son engagement en comp\u00e9tition automobile \u00c0 l'origine, Citro\u00ebn ne se sent pas une vocation pour la comp\u00e9tition. Mais le succ\u00e8s de Paul Coltelloni sur le Monte-Carlo 1959, \u00e0 bord d'une ID 19, va tr\u00e8s vite bouleverser la\u2026","_links":{"self":[{"href":"https:\/\/www.carideal.com\/blog\/wp-json\/wp\/v2\/posts\/24904"}],"collection":[{"href":"https:\/\/www.carideal.com\/blog\/wp-json\/wp\/v2\/posts"}],"about":[{"href":"https:\/\/www.carideal.com\/blog\/wp-json\/wp\/v2\/types\/post"}],"author":[{"embeddable":true,"href":"https:\/\/www.carideal.com\/blog\/wp-json\/wp\/v2\/users\/3"}],"replies":[{"embeddable":true,"href":"https:\/\/www.carideal.com\/blog\/wp-json\/wp\/v2\/comments?post=24904"}],"version-history":[{"count":0,"href":"https:\/\/www.carideal.com\/blog\/wp-json\/wp\/v2\/posts\/24904\/revisions"}],"wp:featuredmedia":[{"embeddable":true,"href":"https:\/\/www.carideal.com\/blog\/wp-json\/wp\/v2\/media\/24906"}],"wp:attachment":[{"href":"https:\/\/www.carideal.com\/blog\/wp-json\/wp\/v2\/media?parent=24904"}],"wp:term":[{"taxonomy":"category","embeddable":true,"href":"https:\/\/www.carideal.com\/blog\/wp-json\/wp\/v2\/categories?post=24904"},{"taxonomy":"post_tag","embeddable":true,"href":"https:\/\/www.carideal.com\/blog\/wp-json\/wp\/v2\/tags?post=24904"}],"curies":[{"name":"wp","href":"https:\/\/api.w.org\/{rel}","templated":true}]}}