{"id":24858,"date":"2020-03-31T09:28:30","date_gmt":"2020-03-31T07:28:30","guid":{"rendered":"http:\/\/www.carideal.com\/blog\/?p=24858"},"modified":"2020-04-17T10:03:33","modified_gmt":"2020-04-17T08:03:33","slug":"les-autres-pilotes-qui-ont-fait-citroen","status":"publish","type":"post","link":"https:\/\/www.carideal.com\/blog\/2020\/03\/31\/les-autres-pilotes-qui-ont-fait-citroen\/","title":{"rendered":"Les autres pilotes qui ont fait Citro\u00ebn"},"content":{"rendered":"\n<h2 class=\"wp-block-heading\">Les autres pilotes qui ont fait Citro\u00ebn<\/h2>\n\n\n\n<h2 class=\"wp-block-heading\">Avec Paul Colteloni, Citroen se hisse sur le toit de l'Europe d\u00e8s la fin des ann\u00e9es 1950<\/h2>\n\n\n\n<p class=\"has-drop-cap has-medium-font-size\">Apr\u00e8s deux tentatives sans r\u00e9ussite, <strong>Paul Coltelloni<\/strong>, industriel \u00ab gentleman-driver \u00bb s'aligne en 1959 sur le rallye de Monte-Carlo avec l'ID 19 de son \u00e9pouse. <\/p>\n\n\n\n<div class=\"wp-block-image\"><figure class=\"alignleft size-large\"><img loading=\"lazy\" decoding=\"async\" width=\"266\" height=\"189\" src=\"http:\/\/www.carideal.com\/blog\/wp-content\/uploads\/2020\/03\/paul-coltelloni-ID-19-monte-carlo-1959.jpg\" alt=\"Paul Coltelloni ID 19 Monte Carlo 1959\" class=\"wp-image-24861\" srcset=\"https:\/\/www.carideal.com\/blog\/wp-content\/uploads\/2020\/03\/paul-coltelloni-ID-19-monte-carlo-1959.jpg 266w, https:\/\/www.carideal.com\/blog\/wp-content\/uploads\/2020\/03\/paul-coltelloni-ID-19-monte-carlo-1959-50x36.jpg 50w, https:\/\/www.carideal.com\/blog\/wp-content\/uploads\/2020\/03\/paul-coltelloni-ID-19-monte-carlo-1959-110x78.jpg 110w\" sizes=\"(max-width: 266px) 100vw, 266px\" \/><\/figure><\/div>\n\n\n\n<p>Paul Coltelloni est n\u00e9 en 1920 de nationalit\u00e9 fran\u00e7aise. Ses principaux succ\u00e8s : rallyes de Monte-Carlo, de l'Adriatique, et Viking 1959, champion d'europe 1959.<\/p>\n\n\n\n<p>Accompagn\u00e9 de Claude Desrosiers et Pierre Alexandre, Paul Coltelloni fonce vers la M\u00e9diterran\u00e9e et, malgr\u00e9 des conditions m\u00e9t\u00e9o difficiles et une sortie de route, franchit la ligne d'arriv\u00e9e en vainqueur. Il s'agit l\u00e0 de la premi\u00e8re victoire de <a href=\"http:\/\/www.carideal.com\/blog\/marque-de-voiture-actualites-essais\/citroen\/\">Citro\u00ebn<\/a> dans une comp\u00e9tition sportive d'envergure. <\/p>\n\n\n\n<p>Dans la foul\u00e9e, Paul Coltelloni signe d'autres succ\u00e8s sur le rallye de l'Adriatique et au rallye Viking. En fin de saison, il s'octroie le titre de champion d'Europe. Une grande premi\u00e8re pour un pilote fran\u00e7ais. Sorti de sa retraite sportive en 1970, il prend le d\u00e9part du Wembley-Mexico avec Ido Marang comme co\u00e9quipier. Sur une route du Panama, l'aventure tourne au drame : une voiture percute violemment leur <a href=\"http:\/\/www.carideal.com\/blog\/2020\/04\/04\/la-ds-simpose-comme-le-modele-mythique-de-citroen\/\">DS<\/a>\u2026 Marang est tu\u00e9 sur le coup. Coltelloni s'en sortira, quant \u00e0 lui, miraculeusement.<\/p>\n\n\n\n<div style=\"height:50px\" aria-hidden=\"true\" class=\"wp-block-spacer\"><\/div>\n\n\n\n<figure class=\"wp-block-gallery columns-3 is-cropped wp-block-gallery-2 is-layout-flex wp-block-gallery-is-layout-flex\"><ul class=\"blocks-gallery-grid\"><li class=\"blocks-gallery-item\"><figure><img loading=\"lazy\" decoding=\"async\" width=\"266\" height=\"189\" src=\"http:\/\/www.carideal.com\/blog\/wp-content\/uploads\/2020\/03\/paul-coltelloni-ID-19-monte-carlo-1959.jpg\" alt=\"\" data-id=\"24861\" data-full-url=\"http:\/\/www.carideal.com\/blog\/wp-content\/uploads\/2020\/03\/paul-coltelloni-ID-19-monte-carlo-1959.jpg\" data-link=\"http:\/\/www.carideal.com\/blog\/?attachment_id=24861\" class=\"wp-image-24861\" srcset=\"https:\/\/www.carideal.com\/blog\/wp-content\/uploads\/2020\/03\/paul-coltelloni-ID-19-monte-carlo-1959.jpg 266w, https:\/\/www.carideal.com\/blog\/wp-content\/uploads\/2020\/03\/paul-coltelloni-ID-19-monte-carlo-1959-50x36.jpg 50w, https:\/\/www.carideal.com\/blog\/wp-content\/uploads\/2020\/03\/paul-coltelloni-ID-19-monte-carlo-1959-110x78.jpg 110w\" sizes=\"(max-width: 266px) 100vw, 266px\" \/><\/figure><\/li><li class=\"blocks-gallery-item\"><figure><img loading=\"lazy\" decoding=\"async\" width=\"600\" height=\"454\" src=\"http:\/\/www.carideal.com\/blog\/wp-content\/uploads\/2020\/03\/paul-coltelloni-ID-19-monte-carlo-1959-2.jpg\" alt=\"\" data-id=\"24862\" data-full-url=\"http:\/\/www.carideal.com\/blog\/wp-content\/uploads\/2020\/03\/paul-coltelloni-ID-19-monte-carlo-1959-2.jpg\" data-link=\"http:\/\/www.carideal.com\/blog\/?attachment_id=24862\" class=\"wp-image-24862\" srcset=\"https:\/\/www.carideal.com\/blog\/wp-content\/uploads\/2020\/03\/paul-coltelloni-ID-19-monte-carlo-1959-2.jpg 600w, https:\/\/www.carideal.com\/blog\/wp-content\/uploads\/2020\/03\/paul-coltelloni-ID-19-monte-carlo-1959-2-300x227.jpg 300w, https:\/\/www.carideal.com\/blog\/wp-content\/uploads\/2020\/03\/paul-coltelloni-ID-19-monte-carlo-1959-2-50x38.jpg 50w, https:\/\/www.carideal.com\/blog\/wp-content\/uploads\/2020\/03\/paul-coltelloni-ID-19-monte-carlo-1959-2-110x83.jpg 110w, https:\/\/www.carideal.com\/blog\/wp-content\/uploads\/2020\/03\/paul-coltelloni-ID-19-monte-carlo-1959-2-420x318.jpg 420w, https:\/\/www.carideal.com\/blog\/wp-content\/uploads\/2020\/03\/paul-coltelloni-ID-19-monte-carlo-1959-2-568x430.jpg 568w\" sizes=\"(max-width: 600px) 100vw, 600px\" \/><\/figure><\/li><li class=\"blocks-gallery-item\"><figure><img loading=\"lazy\" decoding=\"async\" width=\"600\" height=\"350\" src=\"http:\/\/www.carideal.com\/blog\/wp-content\/uploads\/2020\/03\/paul-coltelloni-ID-19-monte-carlo-1959-3.jpg\" alt=\"\" data-id=\"24863\" data-full-url=\"http:\/\/www.carideal.com\/blog\/wp-content\/uploads\/2020\/03\/paul-coltelloni-ID-19-monte-carlo-1959-3.jpg\" data-link=\"http:\/\/www.carideal.com\/blog\/?attachment_id=24863\" class=\"wp-image-24863\" srcset=\"https:\/\/www.carideal.com\/blog\/wp-content\/uploads\/2020\/03\/paul-coltelloni-ID-19-monte-carlo-1959-3.jpg 600w, https:\/\/www.carideal.com\/blog\/wp-content\/uploads\/2020\/03\/paul-coltelloni-ID-19-monte-carlo-1959-3-300x175.jpg 300w, https:\/\/www.carideal.com\/blog\/wp-content\/uploads\/2020\/03\/paul-coltelloni-ID-19-monte-carlo-1959-3-50x29.jpg 50w, https:\/\/www.carideal.com\/blog\/wp-content\/uploads\/2020\/03\/paul-coltelloni-ID-19-monte-carlo-1959-3-110x64.jpg 110w, https:\/\/www.carideal.com\/blog\/wp-content\/uploads\/2020\/03\/paul-coltelloni-ID-19-monte-carlo-1959-3-420x245.jpg 420w\" sizes=\"(max-width: 600px) 100vw, 600px\" \/><\/figure><\/li><li class=\"blocks-gallery-item\"><figure><img loading=\"lazy\" decoding=\"async\" width=\"512\" height=\"376\" src=\"http:\/\/www.carideal.com\/blog\/wp-content\/uploads\/2020\/03\/paul-coltelloni-ID-19-monte-carlo-1959-4.jpg\" alt=\"\" data-id=\"24864\" data-full-url=\"http:\/\/www.carideal.com\/blog\/wp-content\/uploads\/2020\/03\/paul-coltelloni-ID-19-monte-carlo-1959-4.jpg\" data-link=\"http:\/\/www.carideal.com\/blog\/?attachment_id=24864\" class=\"wp-image-24864\" srcset=\"https:\/\/www.carideal.com\/blog\/wp-content\/uploads\/2020\/03\/paul-coltelloni-ID-19-monte-carlo-1959-4.jpg 512w, https:\/\/www.carideal.com\/blog\/wp-content\/uploads\/2020\/03\/paul-coltelloni-ID-19-monte-carlo-1959-4-300x220.jpg 300w, https:\/\/www.carideal.com\/blog\/wp-content\/uploads\/2020\/03\/paul-coltelloni-ID-19-monte-carlo-1959-4-50x37.jpg 50w, https:\/\/www.carideal.com\/blog\/wp-content\/uploads\/2020\/03\/paul-coltelloni-ID-19-monte-carlo-1959-4-110x81.jpg 110w, https:\/\/www.carideal.com\/blog\/wp-content\/uploads\/2020\/03\/paul-coltelloni-ID-19-monte-carlo-1959-4-420x308.jpg 420w\" sizes=\"(max-width: 512px) 100vw, 512px\" \/><figcaption class=\"blocks-gallery-item__caption\">Paul Coltelloni ID 19 Monte Carlo 1959<\/figcaption><\/figure><\/li><li class=\"blocks-gallery-item\"><figure><img loading=\"lazy\" decoding=\"async\" width=\"600\" height=\"337\" src=\"http:\/\/www.carideal.com\/blog\/wp-content\/uploads\/2020\/03\/paul-coltelloni-ID-19-monte-carlo-1959-5.jpg\" alt=\"\" data-id=\"24865\" data-full-url=\"http:\/\/www.carideal.com\/blog\/wp-content\/uploads\/2020\/03\/paul-coltelloni-ID-19-monte-carlo-1959-5.jpg\" data-link=\"http:\/\/www.carideal.com\/blog\/?attachment_id=24865\" class=\"wp-image-24865\" srcset=\"https:\/\/www.carideal.com\/blog\/wp-content\/uploads\/2020\/03\/paul-coltelloni-ID-19-monte-carlo-1959-5.jpg 600w, https:\/\/www.carideal.com\/blog\/wp-content\/uploads\/2020\/03\/paul-coltelloni-ID-19-monte-carlo-1959-5-300x169.jpg 300w, https:\/\/www.carideal.com\/blog\/wp-content\/uploads\/2020\/03\/paul-coltelloni-ID-19-monte-carlo-1959-5-50x28.jpg 50w, https:\/\/www.carideal.com\/blog\/wp-content\/uploads\/2020\/03\/paul-coltelloni-ID-19-monte-carlo-1959-5-110x62.jpg 110w, https:\/\/www.carideal.com\/blog\/wp-content\/uploads\/2020\/03\/paul-coltelloni-ID-19-monte-carlo-1959-5-420x236.jpg 420w, https:\/\/www.carideal.com\/blog\/wp-content\/uploads\/2020\/03\/paul-coltelloni-ID-19-monte-carlo-1959-5-248x138.jpg 248w\" sizes=\"(max-width: 600px) 100vw, 600px\" \/><\/figure><\/li><\/ul><\/figure>\n\n\n\n<h2 class=\"wp-block-heading\">Bruno Thiry, ou la r\u00e9ussite des fili\u00e8res promotionnelles de Citro\u00ebn, y compris hors de France.<\/h2>\n\n\n\n<p class=\"has-drop-cap has-medium-font-size\">S'il effectue ses d\u00e9buts en 1981, <strong>Bruno Thiry<\/strong> commence v\u00e9ritablement \u00e0 se faire remarquer gr\u00e2ce au challenge mis sur pied par Citro\u00ebn Belgique en 1986. <\/p>\n\n\n\n<p>Bruno Thiry est n\u00e9 le 8 octobre 1962 de nationalit\u00e9 belge. Ses principaux succ\u00e8s : <a href=\"http:\/\/www.carideal.com\/blog\/2020\/04\/13\/la-citroen-visa-va-se-demarquer-sur-le-plan-sportif\/\">challenge visa<\/a> GTI 1986 ; troph\u00e9es Citro\u00ebn 1987 et 1989, 2\u00b0 du championnat d'Europe des rallyes en 2000 et 2004.<\/p>\n\n\n\n<figure class=\"wp-block-image size-large\"><img loading=\"lazy\" decoding=\"async\" width=\"567\" height=\"380\" src=\"http:\/\/www.carideal.com\/blog\/wp-content\/uploads\/2020\/03\/bruno-thiry-citroen-schiavon-bassens-chambery.jpg\" alt=\"Bruno Thiry\" class=\"wp-image-24869\" srcset=\"https:\/\/www.carideal.com\/blog\/wp-content\/uploads\/2020\/03\/bruno-thiry-citroen-schiavon-bassens-chambery.jpg 567w, https:\/\/www.carideal.com\/blog\/wp-content\/uploads\/2020\/03\/bruno-thiry-citroen-schiavon-bassens-chambery-300x201.jpg 300w, https:\/\/www.carideal.com\/blog\/wp-content\/uploads\/2020\/03\/bruno-thiry-citroen-schiavon-bassens-chambery-50x34.jpg 50w, https:\/\/www.carideal.com\/blog\/wp-content\/uploads\/2020\/03\/bruno-thiry-citroen-schiavon-bassens-chambery-110x74.jpg 110w, https:\/\/www.carideal.com\/blog\/wp-content\/uploads\/2020\/03\/bruno-thiry-citroen-schiavon-bassens-chambery-420x281.jpg 420w, https:\/\/www.carideal.com\/blog\/wp-content\/uploads\/2020\/03\/bruno-thiry-citroen-schiavon-bassens-chambery-272x182.jpg 272w\" sizes=\"(max-width: 567px) 100vw, 567px\" \/><figcaption>Bruno Thiry<\/figcaption><\/figure>\n\n\n\n<p>Cette formule de promotion courue sur des Visa GTi m\u00eale rallyes, courses de c\u00f4te et courses de vitesse. Bruno Thiry remporte sept des dix manches programm\u00e9es et s'impose dans cette comp\u00e9tition. Vainqueur du Troph\u00e9e Citro\u00ebn en 1987 et 1989, il part ensuite sous d'autres cieux : <a href=\"http:\/\/www.carideal.com\/blog\/marque-de-voiture-actualites-essais\/opel\/\">Opel<\/a>, <a href=\"http:\/\/www.carideal.com\/blog\/marque-de-voiture-actualites-essais\/ford\/\">Ford<\/a>, Subaru, avant de revenir chez Citro\u00ebn, avec qui, il termine vice-champion d'Europe des rallyes en 2000 sur une Xsara Kit Car. <\/p>\n\n\n\n<p>Une remarquable performance face \u00e0 des conducteurs qui \u00e9voluent, eux, au volant de WRC. D'autant que, gr\u00e2ce \u00e0 la r\u00e9gularit\u00e9 de son pilote, la marque fran\u00e7aise s'approprie le titre des constructeurs. Pass\u00e9 entre\u00adtemps une nouvelle fois \u00e0 la concurrence \u2014 <a href=\"http:\/\/www.carideal.com\/blog\/marque-de-voiture-actualites-essais\/toyota\/\">Toyota<\/a>, <a href=\"http:\/\/www.carideal.com\/blog\/marque-de-voiture-actualites-essais\/skoda\/\">Skoda<\/a>, <a href=\"http:\/\/www.carideal.com\/blog\/marque-de-voiture-actualites-essais\/peugeot\/\">Peugeot<\/a> \u2014, il retrouve Citro\u00ebn en 2004, o\u00f9 il redevient vice-champion d'Europe.<\/p>\n\n\n\n<p>Cette fois-ci sur une Saxo Super 1600 puis une C2 Super 1600. Il met officiellement fin \u00e0 sa carri\u00e8re en 2005, malgr\u00e9 quelques retours ponctuels \u00e0 la comp\u00e9tition.<\/p>\n\n\n\n<div style=\"height:50px\" aria-hidden=\"true\" class=\"wp-block-spacer\"><\/div>\n\n\n\n<figure class=\"wp-block-gallery columns-2 is-cropped wp-block-gallery-3 is-layout-flex wp-block-gallery-is-layout-flex\"><ul class=\"blocks-gallery-grid\"><li class=\"blocks-gallery-item\"><figure><img loading=\"lazy\" decoding=\"async\" width=\"500\" height=\"333\" src=\"http:\/\/www.carideal.com\/blog\/wp-content\/uploads\/2020\/03\/bruno-thiry.jpg\" alt=\"\" data-id=\"24868\" data-full-url=\"http:\/\/www.carideal.com\/blog\/wp-content\/uploads\/2020\/03\/bruno-thiry.jpg\" data-link=\"http:\/\/www.carideal.com\/blog\/?attachment_id=24868\" class=\"wp-image-24868\" srcset=\"https:\/\/www.carideal.com\/blog\/wp-content\/uploads\/2020\/03\/bruno-thiry.jpg 500w, https:\/\/www.carideal.com\/blog\/wp-content\/uploads\/2020\/03\/bruno-thiry-300x200.jpg 300w, https:\/\/www.carideal.com\/blog\/wp-content\/uploads\/2020\/03\/bruno-thiry-50x33.jpg 50w, https:\/\/www.carideal.com\/blog\/wp-content\/uploads\/2020\/03\/bruno-thiry-110x73.jpg 110w, https:\/\/www.carideal.com\/blog\/wp-content\/uploads\/2020\/03\/bruno-thiry-420x280.jpg 420w, https:\/\/www.carideal.com\/blog\/wp-content\/uploads\/2020\/03\/bruno-thiry-272x182.jpg 272w\" sizes=\"(max-width: 500px) 100vw, 500px\" \/><\/figure><\/li><li class=\"blocks-gallery-item\"><figure><img loading=\"lazy\" decoding=\"async\" width=\"567\" height=\"380\" src=\"http:\/\/www.carideal.com\/blog\/wp-content\/uploads\/2020\/03\/bruno-thiry-citroen-schiavon-bassens-chambery.jpg\" alt=\"\" data-id=\"24869\" data-full-url=\"http:\/\/www.carideal.com\/blog\/wp-content\/uploads\/2020\/03\/bruno-thiry-citroen-schiavon-bassens-chambery.jpg\" data-link=\"http:\/\/www.carideal.com\/blog\/?attachment_id=24869\" class=\"wp-image-24869\" srcset=\"https:\/\/www.carideal.com\/blog\/wp-content\/uploads\/2020\/03\/bruno-thiry-citroen-schiavon-bassens-chambery.jpg 567w, https:\/\/www.carideal.com\/blog\/wp-content\/uploads\/2020\/03\/bruno-thiry-citroen-schiavon-bassens-chambery-300x201.jpg 300w, https:\/\/www.carideal.com\/blog\/wp-content\/uploads\/2020\/03\/bruno-thiry-citroen-schiavon-bassens-chambery-50x34.jpg 50w, https:\/\/www.carideal.com\/blog\/wp-content\/uploads\/2020\/03\/bruno-thiry-citroen-schiavon-bassens-chambery-110x74.jpg 110w, https:\/\/www.carideal.com\/blog\/wp-content\/uploads\/2020\/03\/bruno-thiry-citroen-schiavon-bassens-chambery-420x281.jpg 420w, https:\/\/www.carideal.com\/blog\/wp-content\/uploads\/2020\/03\/bruno-thiry-citroen-schiavon-bassens-chambery-272x182.jpg 272w\" sizes=\"(max-width: 567px) 100vw, 567px\" \/><\/figure><\/li><li class=\"blocks-gallery-item\"><figure><img loading=\"lazy\" decoding=\"async\" width=\"1024\" height=\"683\" src=\"http:\/\/www.carideal.com\/blog\/wp-content\/uploads\/2020\/03\/bruno-thiry-xsara-kit-car-1024x683.jpg\" alt=\"\" data-id=\"24870\" data-full-url=\"http:\/\/www.carideal.com\/blog\/wp-content\/uploads\/2020\/03\/bruno-thiry-xsara-kit-car-scaled.jpg\" data-link=\"http:\/\/www.carideal.com\/blog\/?attachment_id=24870\" class=\"wp-image-24870\"\/><\/figure><\/li><\/ul><\/figure>\n\n\n\n<h2 class=\"wp-block-heading\">Philippe Wambergue, pilote tout terrain, au propre comme au figur\u00e9.<\/h2>\n\n\n\n<p class=\"has-drop-cap has-medium-font-size\">Bien que Citro\u00ebn n'ait pas \u00e9t\u00e9 son unique employeur, <strong>Philippe Wambergue<\/strong> est sans doute l'un des pilotes fran\u00e7ais \u00e0 avoir eu le plus de mod\u00e8les de la marque aux chevrons entre les mains : DS, <a href=\"http:\/\/www.carideal.com\/blog\/2020\/04\/08\/citroen-sm-voiture-de-lannee-1972-par-motor-trend\/\">SM<\/a>, <a href=\"http:\/\/www.carideal.com\/blog\/2020\/04\/10\/la-citroen-cx-va-montrer-tout-son-potentiel-sur-les-pistes-africaines\/\">CX<\/a>, Visa, BX, ZX, AX, Xsara. <\/p>\n\n\n\n<div style=\"height:50px\" aria-hidden=\"true\" class=\"wp-block-spacer\"><\/div>\n\n\n\n<figure class=\"wp-block-gallery columns-3 is-cropped wp-block-gallery-4 is-layout-flex wp-block-gallery-is-layout-flex\"><ul class=\"blocks-gallery-grid\"><li class=\"blocks-gallery-item\"><figure><img loading=\"lazy\" decoding=\"async\" width=\"400\" height=\"242\" src=\"http:\/\/www.carideal.com\/blog\/wp-content\/uploads\/2020\/03\/philippe-wambergue-bx-4tc.jpg\" alt=\"\" data-id=\"24872\" data-full-url=\"http:\/\/www.carideal.com\/blog\/wp-content\/uploads\/2020\/03\/philippe-wambergue-bx-4tc.jpg\" data-link=\"http:\/\/www.carideal.com\/blog\/?attachment_id=24872\" class=\"wp-image-24872\" srcset=\"https:\/\/www.carideal.com\/blog\/wp-content\/uploads\/2020\/03\/philippe-wambergue-bx-4tc.jpg 400w, https:\/\/www.carideal.com\/blog\/wp-content\/uploads\/2020\/03\/philippe-wambergue-bx-4tc-300x182.jpg 300w, https:\/\/www.carideal.com\/blog\/wp-content\/uploads\/2020\/03\/philippe-wambergue-bx-4tc-50x30.jpg 50w, https:\/\/www.carideal.com\/blog\/wp-content\/uploads\/2020\/03\/philippe-wambergue-bx-4tc-110x67.jpg 110w\" sizes=\"(max-width: 400px) 100vw, 400px\" \/><\/figure><\/li><li class=\"blocks-gallery-item\"><figure><img loading=\"lazy\" decoding=\"async\" width=\"400\" height=\"310\" src=\"http:\/\/www.carideal.com\/blog\/wp-content\/uploads\/2020\/03\/philippe-wambergue-visa-proto.jpg\" alt=\"\" data-id=\"24873\" data-full-url=\"http:\/\/www.carideal.com\/blog\/wp-content\/uploads\/2020\/03\/philippe-wambergue-visa-proto.jpg\" data-link=\"http:\/\/www.carideal.com\/blog\/?attachment_id=24873\" class=\"wp-image-24873\" srcset=\"https:\/\/www.carideal.com\/blog\/wp-content\/uploads\/2020\/03\/philippe-wambergue-visa-proto.jpg 400w, https:\/\/www.carideal.com\/blog\/wp-content\/uploads\/2020\/03\/philippe-wambergue-visa-proto-300x233.jpg 300w, https:\/\/www.carideal.com\/blog\/wp-content\/uploads\/2020\/03\/philippe-wambergue-visa-proto-50x39.jpg 50w, https:\/\/www.carideal.com\/blog\/wp-content\/uploads\/2020\/03\/philippe-wambergue-visa-proto-110x85.jpg 110w\" sizes=\"(max-width: 400px) 100vw, 400px\" \/><\/figure><\/li><li class=\"blocks-gallery-item\"><figure><img loading=\"lazy\" decoding=\"async\" width=\"400\" height=\"300\" src=\"http:\/\/www.carideal.com\/blog\/wp-content\/uploads\/2020\/03\/wambergue-citroen-dakar-1996.jpg\" alt=\"\" data-id=\"24874\" data-full-url=\"http:\/\/www.carideal.com\/blog\/wp-content\/uploads\/2020\/03\/wambergue-citroen-dakar-1996.jpg\" data-link=\"http:\/\/www.carideal.com\/blog\/?attachment_id=24874\" class=\"wp-image-24874\" srcset=\"https:\/\/www.carideal.com\/blog\/wp-content\/uploads\/2020\/03\/wambergue-citroen-dakar-1996.jpg 400w, https:\/\/www.carideal.com\/blog\/wp-content\/uploads\/2020\/03\/wambergue-citroen-dakar-1996-300x225.jpg 300w, https:\/\/www.carideal.com\/blog\/wp-content\/uploads\/2020\/03\/wambergue-citroen-dakar-1996-50x38.jpg 50w, https:\/\/www.carideal.com\/blog\/wp-content\/uploads\/2020\/03\/wambergue-citroen-dakar-1996-110x83.jpg 110w\" sizes=\"(max-width: 400px) 100vw, 400px\" \/><\/figure><\/li><\/ul><\/figure>\n\n\n\n<p>Sans oublier la l\u00e9gendaire 2 CV, avec laquelle il a connu ses premi\u00e8res sensations de conducteur et le plaisir du 2 CV Cross, bien des ann\u00e9es plus 'tard. <\/p>\n\n\n\n<p>Philippe Wambergue est un gar\u00e7on tout terrain, lui qui a remport\u00e9 le premier <a href=\"http:\/\/visa.sportives.free.fr\/Autour_Visa\/competition\/competition06_mob.php\">d\u00e9fi TF1-RMC<\/a> en 1984, inscrit la finale du Troph\u00e9e Andros 1992 \u00e0 son palmar\u00e8s, et surtout rivalis\u00e9, ou presque, avec les meilleurs sp\u00e9cialistes du rallye raid. <\/p>\n\n\n\n<iframe loading=\"lazy\" width=\"560\" height=\"315\" src=\"https:\/\/www.youtube.com\/embed\/-AEAAenwn3Y\" frameborder=\"0\" allow=\"accelerometer; autoplay; encrypted-media; gyroscope; picture-in-picture\" allowfullscreen=\"\"><\/iframe>\n\n\n\n<p>Ainsi, il fait jeu \u00e9gal avec Pierre Lartigue sur le rallye de Tunisie 1992, \u00e0 bord d'une ZX, qu'il d\u00e9couvre. Il doit toutefois laisser la victoire \u00e0 son a\u00een\u00e9. Quatre ans plus tard, il termine \u00e9galement deuxi\u00e8me du Dakar, derri\u00e8re <a href=\"http:\/\/www.carideal.com\/blog\/2020\/03\/20\/pierre-lartigue-conduisait-la-2cv-de-ses-parents-dans-la-cours-de-la-ferme-familiale\/\">Lartigue<\/a>\u2026 \u00catre le dauphin de pareilles r\u00e9f\u00e9rences en dit long sur le talent du personnage. Apr\u00e8s le retrait de Citro\u00ebn en rallye raid, ce champion attachant a largement contribu\u00e9 au d\u00e9veloppement de la Xsara, en tant que pilote essayeur.<\/p>\n","protected":false},"excerpt":{"rendered":"<p>Les autres pilotes qui ont fait Citro\u00ebn Avec Paul Colteloni, Citroen se hisse sur le toit de l&rsquo;Europe d\u00e8s la fin des ann\u00e9es 1950 Apr\u00e8s deux tentatives sans r\u00e9ussite, Paul Coltelloni, industriel \u00ab gentleman-driver \u00bb s&rsquo;aligne en 1959 sur le rallye de Monte-Carlo avec l&rsquo;ID 19 de son \u00e9pouse. Paul Coltelloni est n\u00e9 en 1920 &#8230; <a title=\"Les autres pilotes qui ont fait Citro\u00ebn\" class=\"read-more\" href=\"https:\/\/www.carideal.com\/blog\/2020\/03\/31\/les-autres-pilotes-qui-ont-fait-citroen\/\" aria-label=\"En savoir plus sur Les autres pilotes qui ont fait Citro\u00ebn\">Lire plus<\/a><\/p>\n","protected":false},"author":3,"featured_media":24865,"comment_status":"open","ping_status":"open","sticky":false,"template":"","format":"standard","meta":{"_uag_custom_page_level_css":"","_themeisle_gutenberg_block_has_review":false,"footnotes":""},"categories":[16],"tags":[17230],"class_list":["post-24858","post","type-post","status-publish","format-standard","has-post-thumbnail","hentry","category-sport-auto","tag-citroen-rallye-raid"],"wppr_data":{"cwp_meta_box_check":"No"},"yoast_head":"<!-- This site is optimized with the Yoast SEO plugin v24.8.1 - https:\/\/yoast.com\/wordpress\/plugins\/seo\/ -->\n<title>Les autres pilotes qui ont fait Citro\u00ebn - Blog auto Carid\u00e9al<\/title>\n<meta name=\"description\" content=\"Les autres pilotes qui ont fait Citro\u00ebn. Avec Paul Colteloni, Citroen se hisse sur le toit de l&#039;Europe d\u00e8s la fin des ann\u00e9es 1950\" \/>\n<meta name=\"robots\" content=\"index, follow, max-snippet:-1, max-image-preview:large, max-video-preview:-1\" \/>\n<link rel=\"canonical\" href=\"https:\/\/www.carideal.com\/blog\/2020\/03\/31\/les-autres-pilotes-qui-ont-fait-citroen\/\" \/>\n<meta property=\"og:locale\" content=\"fr_FR\" \/>\n<meta property=\"og:type\" content=\"article\" \/>\n<meta property=\"og:title\" content=\"Les autres pilotes qui ont fait Citro\u00ebn - Blog auto Carid\u00e9al\" \/>\n<meta property=\"og:description\" content=\"Les autres pilotes qui ont fait Citro\u00ebn. Avec Paul Colteloni, Citroen se hisse sur le toit de l&#039;Europe d\u00e8s la fin des ann\u00e9es 1950\" \/>\n<meta property=\"og:url\" content=\"https:\/\/www.carideal.com\/blog\/2020\/03\/31\/les-autres-pilotes-qui-ont-fait-citroen\/\" \/>\n<meta property=\"og:site_name\" content=\"Blog auto Carid\u00e9al\" \/>\n<meta property=\"article:publisher\" content=\"https:\/\/www.facebook.com\/Carideal.mandataire.automobile\" \/>\n<meta property=\"article:author\" content=\"https:\/\/www.facebook.com\/nicolas.schiavon.39\" \/>\n<meta property=\"article:published_time\" content=\"2020-03-31T07:28:30+00:00\" \/>\n<meta property=\"article:modified_time\" content=\"2020-04-17T08:03:33+00:00\" \/>\n<meta property=\"og:image\" content=\"https:\/\/www.carideal.com\/blog\/wp-content\/uploads\/2020\/03\/paul-coltelloni-ID-19-monte-carlo-1959-5.jpg\" \/>\n\t<meta property=\"og:image:width\" content=\"600\" \/>\n\t<meta property=\"og:image:height\" content=\"337\" \/>\n\t<meta property=\"og:image:type\" content=\"image\/jpeg\" \/>\n<meta name=\"author\" content=\"Nicolas SCHIAVON\" \/>\n<meta name=\"twitter:card\" content=\"summary_large_image\" \/>\n<meta name=\"twitter:creator\" content=\"@caridealauto\" \/>\n<meta name=\"twitter:site\" content=\"@caridealauto\" \/>\n<meta name=\"twitter:label1\" content=\"\u00c9crit par\" \/>\n\t<meta name=\"twitter:data1\" content=\"Nicolas SCHIAVON\" \/>\n\t<meta name=\"twitter:label2\" content=\"Dur\u00e9e de lecture estim\u00e9e\" \/>\n\t<meta name=\"twitter:data2\" content=\"3 minutes\" \/>\n<script type=\"application\/ld+json\" class=\"yoast-schema-graph\">{\"@context\":\"https:\/\/schema.org\",\"@graph\":[{\"@type\":\"Article\",\"@id\":\"https:\/\/www.carideal.com\/blog\/2020\/03\/31\/les-autres-pilotes-qui-ont-fait-citroen\/#article\",\"isPartOf\":{\"@id\":\"https:\/\/www.carideal.com\/blog\/2020\/03\/31\/les-autres-pilotes-qui-ont-fait-citroen\/\"},\"author\":{\"name\":\"Nicolas SCHIAVON\",\"@id\":\"https:\/\/www.carideal.com\/blog\/#\/schema\/person\/cd95dc7919660de90d31b366f85be1ec\"},\"headline\":\"Les autres pilotes qui ont fait Citro\u00ebn\",\"datePublished\":\"2020-03-31T07:28:30+00:00\",\"dateModified\":\"2020-04-17T08:03:33+00:00\",\"mainEntityOfPage\":{\"@id\":\"https:\/\/www.carideal.com\/blog\/2020\/03\/31\/les-autres-pilotes-qui-ont-fait-citroen\/\"},\"wordCount\":654,\"commentCount\":0,\"publisher\":{\"@id\":\"https:\/\/www.carideal.com\/blog\/#organization\"},\"image\":{\"@id\":\"https:\/\/www.carideal.com\/blog\/2020\/03\/31\/les-autres-pilotes-qui-ont-fait-citroen\/#primaryimage\"},\"thumbnailUrl\":\"https:\/\/www.carideal.com\/blog\/wp-content\/uploads\/2020\/03\/paul-coltelloni-ID-19-monte-carlo-1959-5.jpg\",\"keywords\":[\"Citroen Rallye &amp; raid\"],\"articleSection\":[\"Sport Automobile\"],\"inLanguage\":\"fr-FR\",\"potentialAction\":[{\"@type\":\"CommentAction\",\"name\":\"Comment\",\"target\":[\"https:\/\/www.carideal.com\/blog\/2020\/03\/31\/les-autres-pilotes-qui-ont-fait-citroen\/#respond\"]}]},{\"@type\":\"WebPage\",\"@id\":\"https:\/\/www.carideal.com\/blog\/2020\/03\/31\/les-autres-pilotes-qui-ont-fait-citroen\/\",\"url\":\"https:\/\/www.carideal.com\/blog\/2020\/03\/31\/les-autres-pilotes-qui-ont-fait-citroen\/\",\"name\":\"Les autres pilotes qui ont fait Citro\u00ebn - Blog auto Carid\u00e9al\",\"isPartOf\":{\"@id\":\"https:\/\/www.carideal.com\/blog\/#website\"},\"primaryImageOfPage\":{\"@id\":\"https:\/\/www.carideal.com\/blog\/2020\/03\/31\/les-autres-pilotes-qui-ont-fait-citroen\/#primaryimage\"},\"image\":{\"@id\":\"https:\/\/www.carideal.com\/blog\/2020\/03\/31\/les-autres-pilotes-qui-ont-fait-citroen\/#primaryimage\"},\"thumbnailUrl\":\"https:\/\/www.carideal.com\/blog\/wp-content\/uploads\/2020\/03\/paul-coltelloni-ID-19-monte-carlo-1959-5.jpg\",\"datePublished\":\"2020-03-31T07:28:30+00:00\",\"dateModified\":\"2020-04-17T08:03:33+00:00\",\"description\":\"Les autres pilotes qui ont fait Citro\u00ebn. Avec Paul Colteloni, Citroen se hisse sur le toit de l'Europe d\u00e8s la fin des ann\u00e9es 1950\",\"breadcrumb\":{\"@id\":\"https:\/\/www.carideal.com\/blog\/2020\/03\/31\/les-autres-pilotes-qui-ont-fait-citroen\/#breadcrumb\"},\"inLanguage\":\"fr-FR\",\"potentialAction\":[{\"@type\":\"ReadAction\",\"target\":[\"https:\/\/www.carideal.com\/blog\/2020\/03\/31\/les-autres-pilotes-qui-ont-fait-citroen\/\"]}]},{\"@type\":\"ImageObject\",\"inLanguage\":\"fr-FR\",\"@id\":\"https:\/\/www.carideal.com\/blog\/2020\/03\/31\/les-autres-pilotes-qui-ont-fait-citroen\/#primaryimage\",\"url\":\"https:\/\/www.carideal.com\/blog\/wp-content\/uploads\/2020\/03\/paul-coltelloni-ID-19-monte-carlo-1959-5.jpg\",\"contentUrl\":\"https:\/\/www.carideal.com\/blog\/wp-content\/uploads\/2020\/03\/paul-coltelloni-ID-19-monte-carlo-1959-5.jpg\",\"width\":600,\"height\":337,\"caption\":\"Paul Coltelloni ID 19 Monte Carlo 1959\"},{\"@type\":\"BreadcrumbList\",\"@id\":\"https:\/\/www.carideal.com\/blog\/2020\/03\/31\/les-autres-pilotes-qui-ont-fait-citroen\/#breadcrumb\",\"itemListElement\":[{\"@type\":\"ListItem\",\"position\":1,\"name\":\"Blog Carid\u00e9al\",\"item\":\"https:\/\/www.carideal.com\/blog\/\"},{\"@type\":\"ListItem\",\"position\":2,\"name\":\"Sport Automobile\",\"item\":\"https:\/\/www.carideal.com\/blog\/sport-auto\/\"},{\"@type\":\"ListItem\",\"position\":3,\"name\":\"Les autres pilotes qui ont fait Citro\u00ebn\"}]},{\"@type\":\"WebSite\",\"@id\":\"https:\/\/www.carideal.com\/blog\/#website\",\"url\":\"https:\/\/www.carideal.com\/blog\/\",\"name\":\"Blog auto Carid\u00e9al\",\"description\":\"Actualit\u00e9 auto par des passionn\u00e9s\",\"publisher\":{\"@id\":\"https:\/\/www.carideal.com\/blog\/#organization\"},\"potentialAction\":[{\"@type\":\"SearchAction\",\"target\":{\"@type\":\"EntryPoint\",\"urlTemplate\":\"https:\/\/www.carideal.com\/blog\/?s={search_term_string}\"},\"query-input\":{\"@type\":\"PropertyValueSpecification\",\"valueRequired\":true,\"valueName\":\"search_term_string\"}}],\"inLanguage\":\"fr-FR\"},{\"@type\":\"Organization\",\"@id\":\"https:\/\/www.carideal.com\/blog\/#organization\",\"name\":\"Carideal\",\"url\":\"https:\/\/www.carideal.com\/blog\/\",\"logo\":{\"@type\":\"ImageObject\",\"inLanguage\":\"fr-FR\",\"@id\":\"https:\/\/www.carideal.com\/blog\/#\/schema\/logo\/image\/\",\"url\":\"http:\/\/www.carideal.com\/blog\/wp-content\/uploads\/2016\/03\/logo-carideal-mandataire-automobile.png\",\"contentUrl\":\"http:\/\/www.carideal.com\/blog\/wp-content\/uploads\/2016\/03\/logo-carideal-mandataire-automobile.png\",\"width\":300,\"height\":300,\"caption\":\"Carideal\"},\"image\":{\"@id\":\"https:\/\/www.carideal.com\/blog\/#\/schema\/logo\/image\/\"},\"sameAs\":[\"https:\/\/www.facebook.com\/Carideal.mandataire.automobile\",\"https:\/\/x.com\/caridealauto\",\"https:\/\/www.instagram.com\/carideal1\/\",\"https:\/\/www.linkedin.com\/company\/carideal.com\",\"https:\/\/fr.pinterest.com\/schiavonsas\/\",\"https:\/\/www.youtube.com\/user\/caridealsas\"]},{\"@type\":\"Person\",\"@id\":\"https:\/\/www.carideal.com\/blog\/#\/schema\/person\/cd95dc7919660de90d31b366f85be1ec\",\"name\":\"Nicolas SCHIAVON\",\"image\":{\"@type\":\"ImageObject\",\"inLanguage\":\"fr-FR\",\"@id\":\"https:\/\/www.carideal.com\/blog\/#\/schema\/person\/image\/\",\"url\":\"https:\/\/secure.gravatar.com\/avatar\/c17e55009e671d92cc7f5dc837dc418a?s=96&r=g\",\"contentUrl\":\"https:\/\/secure.gravatar.com\/avatar\/c17e55009e671d92cc7f5dc837dc418a?s=96&r=g\",\"caption\":\"Nicolas SCHIAVON\"},\"description\":\"Nicolas Schiavon est tomb\u00e9 tout petit dans la marmite automobile. Ayant eu un garage de marque automobile, mandataire automobile de la premi\u00e8re heure d\u00e8s 1999. Nicolas a cr\u00e9\u00e9 ces premiers sites de vente de voiture et blog automobile d\u00e8s 1994. Carideal est n\u00e9 le 15 d\u00e9cembre 2000 de la volont\u00e9 de vendre des voitures d'occasions en ligne puis des voitures neuves. Il a pu essayer beaucoup de voitures tr\u00e8s diff\u00e9rentes et ayant eu personnellement quelques belles autos, Subaru Impreza, Mitsubishi Lancer Evo 7, Porsche 911, Ferrari Testarrossa, Audi RS3, RS4 et j'en passe...\",\"sameAs\":[\"http:\/\/www.carideal.com\",\"https:\/\/www.facebook.com\/nicolas.schiavon.39\",\"https:\/\/www.instagram.com\/carideal1\/\",\"https:\/\/www.linkedin.com\/in\/nschiavon\/\",\"https:\/\/x.com\/caridealauto\",\"https:\/\/www.youtube.com\/user\/caridealsas\/\"],\"url\":\"https:\/\/www.carideal.com\/blog\/author\/nschiavon\/\"}]}<\/script>\n<!-- \/ Yoast SEO plugin. -->","yoast_head_json":{"title":"Les autres pilotes qui ont fait Citro\u00ebn - Blog auto Carid\u00e9al","description":"Les autres pilotes qui ont fait Citro\u00ebn. Avec Paul Colteloni, Citroen se hisse sur le toit de l'Europe d\u00e8s la fin des ann\u00e9es 1950","robots":{"index":"index","follow":"follow","max-snippet":"max-snippet:-1","max-image-preview":"max-image-preview:large","max-video-preview":"max-video-preview:-1"},"canonical":"https:\/\/www.carideal.com\/blog\/2020\/03\/31\/les-autres-pilotes-qui-ont-fait-citroen\/","og_locale":"fr_FR","og_type":"article","og_title":"Les autres pilotes qui ont fait Citro\u00ebn - Blog auto Carid\u00e9al","og_description":"Les autres pilotes qui ont fait Citro\u00ebn. Avec Paul Colteloni, Citroen se hisse sur le toit de l'Europe d\u00e8s la fin des ann\u00e9es 1950","og_url":"https:\/\/www.carideal.com\/blog\/2020\/03\/31\/les-autres-pilotes-qui-ont-fait-citroen\/","og_site_name":"Blog auto Carid\u00e9al","article_publisher":"https:\/\/www.facebook.com\/Carideal.mandataire.automobile","article_author":"https:\/\/www.facebook.com\/nicolas.schiavon.39","article_published_time":"2020-03-31T07:28:30+00:00","article_modified_time":"2020-04-17T08:03:33+00:00","og_image":[{"width":600,"height":337,"url":"https:\/\/www.carideal.com\/blog\/wp-content\/uploads\/2020\/03\/paul-coltelloni-ID-19-monte-carlo-1959-5.jpg","type":"image\/jpeg"}],"author":"Nicolas SCHIAVON","twitter_card":"summary_large_image","twitter_creator":"@caridealauto","twitter_site":"@caridealauto","twitter_misc":{"\u00c9crit par":"Nicolas SCHIAVON","Dur\u00e9e de lecture estim\u00e9e":"3 minutes"},"schema":{"@context":"https:\/\/schema.org","@graph":[{"@type":"Article","@id":"https:\/\/www.carideal.com\/blog\/2020\/03\/31\/les-autres-pilotes-qui-ont-fait-citroen\/#article","isPartOf":{"@id":"https:\/\/www.carideal.com\/blog\/2020\/03\/31\/les-autres-pilotes-qui-ont-fait-citroen\/"},"author":{"name":"Nicolas SCHIAVON","@id":"https:\/\/www.carideal.com\/blog\/#\/schema\/person\/cd95dc7919660de90d31b366f85be1ec"},"headline":"Les autres pilotes qui ont fait Citro\u00ebn","datePublished":"2020-03-31T07:28:30+00:00","dateModified":"2020-04-17T08:03:33+00:00","mainEntityOfPage":{"@id":"https:\/\/www.carideal.com\/blog\/2020\/03\/31\/les-autres-pilotes-qui-ont-fait-citroen\/"},"wordCount":654,"commentCount":0,"publisher":{"@id":"https:\/\/www.carideal.com\/blog\/#organization"},"image":{"@id":"https:\/\/www.carideal.com\/blog\/2020\/03\/31\/les-autres-pilotes-qui-ont-fait-citroen\/#primaryimage"},"thumbnailUrl":"https:\/\/www.carideal.com\/blog\/wp-content\/uploads\/2020\/03\/paul-coltelloni-ID-19-monte-carlo-1959-5.jpg","keywords":["Citroen Rallye &amp; raid"],"articleSection":["Sport Automobile"],"inLanguage":"fr-FR","potentialAction":[{"@type":"CommentAction","name":"Comment","target":["https:\/\/www.carideal.com\/blog\/2020\/03\/31\/les-autres-pilotes-qui-ont-fait-citroen\/#respond"]}]},{"@type":"WebPage","@id":"https:\/\/www.carideal.com\/blog\/2020\/03\/31\/les-autres-pilotes-qui-ont-fait-citroen\/","url":"https:\/\/www.carideal.com\/blog\/2020\/03\/31\/les-autres-pilotes-qui-ont-fait-citroen\/","name":"Les autres pilotes qui ont fait Citro\u00ebn - Blog auto Carid\u00e9al","isPartOf":{"@id":"https:\/\/www.carideal.com\/blog\/#website"},"primaryImageOfPage":{"@id":"https:\/\/www.carideal.com\/blog\/2020\/03\/31\/les-autres-pilotes-qui-ont-fait-citroen\/#primaryimage"},"image":{"@id":"https:\/\/www.carideal.com\/blog\/2020\/03\/31\/les-autres-pilotes-qui-ont-fait-citroen\/#primaryimage"},"thumbnailUrl":"https:\/\/www.carideal.com\/blog\/wp-content\/uploads\/2020\/03\/paul-coltelloni-ID-19-monte-carlo-1959-5.jpg","datePublished":"2020-03-31T07:28:30+00:00","dateModified":"2020-04-17T08:03:33+00:00","description":"Les autres pilotes qui ont fait Citro\u00ebn. Avec Paul Colteloni, Citroen se hisse sur le toit de l'Europe d\u00e8s la fin des ann\u00e9es 1950","breadcrumb":{"@id":"https:\/\/www.carideal.com\/blog\/2020\/03\/31\/les-autres-pilotes-qui-ont-fait-citroen\/#breadcrumb"},"inLanguage":"fr-FR","potentialAction":[{"@type":"ReadAction","target":["https:\/\/www.carideal.com\/blog\/2020\/03\/31\/les-autres-pilotes-qui-ont-fait-citroen\/"]}]},{"@type":"ImageObject","inLanguage":"fr-FR","@id":"https:\/\/www.carideal.com\/blog\/2020\/03\/31\/les-autres-pilotes-qui-ont-fait-citroen\/#primaryimage","url":"https:\/\/www.carideal.com\/blog\/wp-content\/uploads\/2020\/03\/paul-coltelloni-ID-19-monte-carlo-1959-5.jpg","contentUrl":"https:\/\/www.carideal.com\/blog\/wp-content\/uploads\/2020\/03\/paul-coltelloni-ID-19-monte-carlo-1959-5.jpg","width":600,"height":337,"caption":"Paul Coltelloni ID 19 Monte Carlo 1959"},{"@type":"BreadcrumbList","@id":"https:\/\/www.carideal.com\/blog\/2020\/03\/31\/les-autres-pilotes-qui-ont-fait-citroen\/#breadcrumb","itemListElement":[{"@type":"ListItem","position":1,"name":"Blog Carid\u00e9al","item":"https:\/\/www.carideal.com\/blog\/"},{"@type":"ListItem","position":2,"name":"Sport Automobile","item":"https:\/\/www.carideal.com\/blog\/sport-auto\/"},{"@type":"ListItem","position":3,"name":"Les autres pilotes qui ont fait Citro\u00ebn"}]},{"@type":"WebSite","@id":"https:\/\/www.carideal.com\/blog\/#website","url":"https:\/\/www.carideal.com\/blog\/","name":"Blog auto Carid\u00e9al","description":"Actualit\u00e9 auto par des passionn\u00e9s","publisher":{"@id":"https:\/\/www.carideal.com\/blog\/#organization"},"potentialAction":[{"@type":"SearchAction","target":{"@type":"EntryPoint","urlTemplate":"https:\/\/www.carideal.com\/blog\/?s={search_term_string}"},"query-input":{"@type":"PropertyValueSpecification","valueRequired":true,"valueName":"search_term_string"}}],"inLanguage":"fr-FR"},{"@type":"Organization","@id":"https:\/\/www.carideal.com\/blog\/#organization","name":"Carideal","url":"https:\/\/www.carideal.com\/blog\/","logo":{"@type":"ImageObject","inLanguage":"fr-FR","@id":"https:\/\/www.carideal.com\/blog\/#\/schema\/logo\/image\/","url":"http:\/\/www.carideal.com\/blog\/wp-content\/uploads\/2016\/03\/logo-carideal-mandataire-automobile.png","contentUrl":"http:\/\/www.carideal.com\/blog\/wp-content\/uploads\/2016\/03\/logo-carideal-mandataire-automobile.png","width":300,"height":300,"caption":"Carideal"},"image":{"@id":"https:\/\/www.carideal.com\/blog\/#\/schema\/logo\/image\/"},"sameAs":["https:\/\/www.facebook.com\/Carideal.mandataire.automobile","https:\/\/x.com\/caridealauto","https:\/\/www.instagram.com\/carideal1\/","https:\/\/www.linkedin.com\/company\/carideal.com","https:\/\/fr.pinterest.com\/schiavonsas\/","https:\/\/www.youtube.com\/user\/caridealsas"]},{"@type":"Person","@id":"https:\/\/www.carideal.com\/blog\/#\/schema\/person\/cd95dc7919660de90d31b366f85be1ec","name":"Nicolas SCHIAVON","image":{"@type":"ImageObject","inLanguage":"fr-FR","@id":"https:\/\/www.carideal.com\/blog\/#\/schema\/person\/image\/","url":"https:\/\/secure.gravatar.com\/avatar\/c17e55009e671d92cc7f5dc837dc418a?s=96&r=g","contentUrl":"https:\/\/secure.gravatar.com\/avatar\/c17e55009e671d92cc7f5dc837dc418a?s=96&r=g","caption":"Nicolas SCHIAVON"},"description":"Nicolas Schiavon est tomb\u00e9 tout petit dans la marmite automobile. Ayant eu un garage de marque automobile, mandataire automobile de la premi\u00e8re heure d\u00e8s 1999. Nicolas a cr\u00e9\u00e9 ces premiers sites de vente de voiture et blog automobile d\u00e8s 1994. Carideal est n\u00e9 le 15 d\u00e9cembre 2000 de la volont\u00e9 de vendre des voitures d'occasions en ligne puis des voitures neuves. Il a pu essayer beaucoup de voitures tr\u00e8s diff\u00e9rentes et ayant eu personnellement quelques belles autos, Subaru Impreza, Mitsubishi Lancer Evo 7, Porsche 911, Ferrari Testarrossa, Audi RS3, RS4 et j'en passe...","sameAs":["http:\/\/www.carideal.com","https:\/\/www.facebook.com\/nicolas.schiavon.39","https:\/\/www.instagram.com\/carideal1\/","https:\/\/www.linkedin.com\/in\/nschiavon\/","https:\/\/x.com\/caridealauto","https:\/\/www.youtube.com\/user\/caridealsas\/"],"url":"https:\/\/www.carideal.com\/blog\/author\/nschiavon\/"}]}},"uagb_featured_image_src":{"full":["https:\/\/www.carideal.com\/blog\/wp-content\/uploads\/2020\/03\/paul-coltelloni-ID-19-monte-carlo-1959-5.jpg",600,337,false],"thumbnail":["https:\/\/www.carideal.com\/blog\/wp-content\/uploads\/2020\/03\/paul-coltelloni-ID-19-monte-carlo-1959-5-150x150.jpg",150,150,true],"medium":["https:\/\/www.carideal.com\/blog\/wp-content\/uploads\/2020\/03\/paul-coltelloni-ID-19-monte-carlo-1959-5-300x169.jpg",300,169,true],"medium_large":["https:\/\/www.carideal.com\/blog\/wp-content\/uploads\/2020\/03\/paul-coltelloni-ID-19-monte-carlo-1959-5.jpg",600,337,false],"large":["https:\/\/www.carideal.com\/blog\/wp-content\/uploads\/2020\/03\/paul-coltelloni-ID-19-monte-carlo-1959-5.jpg",600,337,false],"1536x1536":["https:\/\/www.carideal.com\/blog\/wp-content\/uploads\/2020\/03\/paul-coltelloni-ID-19-monte-carlo-1959-5.jpg",600,337,false],"2048x2048":["https:\/\/www.carideal.com\/blog\/wp-content\/uploads\/2020\/03\/paul-coltelloni-ID-19-monte-carlo-1959-5.jpg",600,337,false],"wppr-widget":["https:\/\/www.carideal.com\/blog\/wp-content\/uploads\/2020\/03\/paul-coltelloni-ID-19-monte-carlo-1959-5-50x28.jpg",50,28,true]},"uagb_author_info":{"display_name":"Nicolas SCHIAVON","author_link":"https:\/\/www.carideal.com\/blog\/author\/nschiavon\/"},"uagb_comment_info":0,"uagb_excerpt":"Les autres pilotes qui ont fait Citro\u00ebn Avec Paul Colteloni, Citroen se hisse sur le toit de l'Europe d\u00e8s la fin des ann\u00e9es 1950 Apr\u00e8s deux tentatives sans r\u00e9ussite, Paul Coltelloni, industriel \u00ab gentleman-driver \u00bb s'aligne en 1959 sur le rallye de Monte-Carlo avec l'ID 19 de son \u00e9pouse. Paul Coltelloni est n\u00e9 en 1920\u2026","_links":{"self":[{"href":"https:\/\/www.carideal.com\/blog\/wp-json\/wp\/v2\/posts\/24858"}],"collection":[{"href":"https:\/\/www.carideal.com\/blog\/wp-json\/wp\/v2\/posts"}],"about":[{"href":"https:\/\/www.carideal.com\/blog\/wp-json\/wp\/v2\/types\/post"}],"author":[{"embeddable":true,"href":"https:\/\/www.carideal.com\/blog\/wp-json\/wp\/v2\/users\/3"}],"replies":[{"embeddable":true,"href":"https:\/\/www.carideal.com\/blog\/wp-json\/wp\/v2\/comments?post=24858"}],"version-history":[{"count":0,"href":"https:\/\/www.carideal.com\/blog\/wp-json\/wp\/v2\/posts\/24858\/revisions"}],"wp:featuredmedia":[{"embeddable":true,"href":"https:\/\/www.carideal.com\/blog\/wp-json\/wp\/v2\/media\/24865"}],"wp:attachment":[{"href":"https:\/\/www.carideal.com\/blog\/wp-json\/wp\/v2\/media?parent=24858"}],"wp:term":[{"taxonomy":"category","embeddable":true,"href":"https:\/\/www.carideal.com\/blog\/wp-json\/wp\/v2\/categories?post=24858"},{"taxonomy":"post_tag","embeddable":true,"href":"https:\/\/www.carideal.com\/blog\/wp-json\/wp\/v2\/tags?post=24858"}],"curies":[{"name":"wp","href":"https:\/\/api.w.org\/{rel}","templated":true}]}}