{"id":24830,"date":"2020-03-29T12:26:29","date_gmt":"2020-03-29T10:26:29","guid":{"rendered":"http:\/\/www.carideal.com\/blog\/?p=24830"},"modified":"2020-03-30T14:52:16","modified_gmt":"2020-03-30T12:52:16","slug":"ari-vatanen-est-de-la-race-des-seigneurs","status":"publish","type":"post","link":"https:\/\/www.carideal.com\/blog\/2020\/03\/29\/ari-vatanen-est-de-la-race-des-seigneurs\/","title":{"rendered":"Ari Vatanen est de la race des seigneurs"},"content":{"rendered":"\n<h2 class=\"wp-block-heading\">Homme de convictions et pilote d'exception, Ari Vatanen est de la race des seigneurs !<\/h2>\n\n\n\n<p class=\"has-drop-cap has-medium-font-size\">Charisme, classe, talent. Voil\u00e0 en trois mots une d\u00e9finition collant parfaitement \u00e0 ce champion d'exception venu du Grand Nord <strong>Ari Vatanen<\/strong> \u2014 qui compte pourtant \u00e9norm\u00e9ment dans le c\u0153ur des Fran\u00e7ais. <\/p>\n\n\n\n<div class=\"wp-block-image\"><figure class=\"aligncenter size-full\"><img loading=\"lazy\" decoding=\"async\" width=\"432\" height=\"292\" src=\"http:\/\/www.carideal.com\/blog\/wp-content\/uploads\/2020\/03\/ari-vatanen-paris-dakar-citroen-zx-1996-schiavon-actualit\u00e9s-1.jpg\" alt=\"Le finlandais Ari Vatanen s'impose avec brio sur le master Rallye 1996\" class=\"wp-image-24838\" srcset=\"https:\/\/www.carideal.com\/blog\/wp-content\/uploads\/2020\/03\/ari-vatanen-paris-dakar-citroen-zx-1996-schiavon-actualit\u00e9s-1.jpg 432w, https:\/\/www.carideal.com\/blog\/wp-content\/uploads\/2020\/03\/ari-vatanen-paris-dakar-citroen-zx-1996-schiavon-actualit\u00e9s-1-300x203.jpg 300w, https:\/\/www.carideal.com\/blog\/wp-content\/uploads\/2020\/03\/ari-vatanen-paris-dakar-citroen-zx-1996-schiavon-actualit\u00e9s-1-50x34.jpg 50w, https:\/\/www.carideal.com\/blog\/wp-content\/uploads\/2020\/03\/ari-vatanen-paris-dakar-citroen-zx-1996-schiavon-actualit\u00e9s-1-110x74.jpg 110w, https:\/\/www.carideal.com\/blog\/wp-content\/uploads\/2020\/03\/ari-vatanen-paris-dakar-citroen-zx-1996-schiavon-actualit\u00e9s-1-420x284.jpg 420w\" sizes=\"(max-width: 432px) 100vw, 432px\" \/><figcaption>Le finlandais Ari Vatanen s'impose avec brio sur le master Rallye 1996<\/figcaption><\/figure><\/div>\n\n\n\n<div class=\"wp-block-image\"><figure class=\"alignleft size-full\"><img loading=\"lazy\" decoding=\"async\" width=\"188\" height=\"283\" src=\"http:\/\/www.carideal.com\/blog\/wp-content\/uploads\/2020\/03\/ari-vatanen-paris-dakar-citroen-zx-schiavon-actualit\u00e9s.jpg\" alt=\"Ari Vatanen\" class=\"wp-image-24834\" srcset=\"https:\/\/www.carideal.com\/blog\/wp-content\/uploads\/2020\/03\/ari-vatanen-paris-dakar-citroen-zx-schiavon-actualit\u00e9s.jpg 188w, https:\/\/www.carideal.com\/blog\/wp-content\/uploads\/2020\/03\/ari-vatanen-paris-dakar-citroen-zx-schiavon-actualit\u00e9s-33x50.jpg 33w, https:\/\/www.carideal.com\/blog\/wp-content\/uploads\/2020\/03\/ari-vatanen-paris-dakar-citroen-zx-schiavon-actualit\u00e9s-73x110.jpg 73w\" sizes=\"(max-width: 188px) 100vw, 188px\" \/><figcaption>Ari Vatanen<\/figcaption><\/figure><\/div>\n\n\n\n<p>Ari Vatanen est n\u00e9 le 27 Avril 1952 de nationalit\u00e9 finlandaise. Ses principaux succ\u00e8s : champion du monde des rallyes 1981 sur Ford, vainqueur du Dakar 1991, et coupe du monde FIA des rallyes tout terrain en 1997 sur Citro\u00ebn.<\/p>\n\n\n\n<p>Alors qu'il est devenu l'une des l\u00e9gendes du rallye, son attirance pour le monde automobile aurait pu \u00eatre stopp\u00e9e net au cours d'une enfance pass\u00e9e \u00e0 Tuupovaara, dans l'Est de la Finlande. \u00c0 8 ans, Ari Vatanen perd en effet son p\u00e8re dans un accident de voiture : \u00ab Quand j'ai pu d\u00e9passer cette douleur immense, j'ai compris le prix inestimable de la vie. \u00bb<\/p>\n\n\n\n<p>La sienne, il la jouera pourtant maintes fois en comp\u00e9tition. D'abord dans les rallyes, qu'il attaque comme professionnel en 1970. Onze ans plus tard, \u00e0 l'\u00e2ge de 29 ans, il devient champion du monde sur une Ford Escort, avant d'int\u00e9grer l'\u00e9quipe <a href=\"http:\/\/www.carideal.com\/blog\/marque-de-voiture-actualites-essais\/peugeot\/\">Peugeot<\/a>, o\u00f9 il prend le volant de la fameuse 205 Turbo 16, en 1984. <\/p>\n\n\n\n<h3 class=\"wp-block-heading\">Articles similaires<\/h3>\n\n\n\n\n\n<p>Ses r\u00e9sultats encourageants \u2014 trois succ\u00e8s en cinq courses \u2014 le propulsent parmi les grands favoris de la saison 1985. Mais il conna\u00eet de nombreux ennuis, notamment un grave accident en Argentine, qui l'oblige \u00e0 abandonner le Championnat et m\u00eame \u00e0 renoncer \u00e0 l'\u00e9dition suivante. La marque au Lion lui maintient toutefois sa confiance et l'aligne d\u00e9sormais sur le Paris-Dakar, qu'il remporte en 1987 sur une 205, en 1989 et 1990 sur une <a href=\"http:\/\/www.carideal.com\/blog\/2007\/11\/22\/amateurs-de-grands-frissons\/\">405 Turbo 16<\/a>, et enfin en 1991, cette fois-ci sur une Citro\u00ebn ZX. <\/p>\n\n\n\n<div class=\"wp-block-image\"><figure class=\"aligncenter size-full\"><img loading=\"lazy\" decoding=\"async\" width=\"400\" height=\"267\" src=\"http:\/\/www.carideal.com\/blog\/wp-content\/uploads\/2020\/03\/ari-vatanen-paris-tripoli-dakar-1991.jpg\" alt=\"Ari Vatanen sur le paris Tripoli Dakar 1991 : la premi\u00e8re victoire de Citro\u00ebn sur le prestigieux rallye raid\" class=\"wp-image-24833\" srcset=\"https:\/\/www.carideal.com\/blog\/wp-content\/uploads\/2020\/03\/ari-vatanen-paris-tripoli-dakar-1991.jpg 400w, https:\/\/www.carideal.com\/blog\/wp-content\/uploads\/2020\/03\/ari-vatanen-paris-tripoli-dakar-1991-300x200.jpg 300w, https:\/\/www.carideal.com\/blog\/wp-content\/uploads\/2020\/03\/ari-vatanen-paris-tripoli-dakar-1991-50x33.jpg 50w, https:\/\/www.carideal.com\/blog\/wp-content\/uploads\/2020\/03\/ari-vatanen-paris-tripoli-dakar-1991-110x73.jpg 110w, https:\/\/www.carideal.com\/blog\/wp-content\/uploads\/2020\/03\/ari-vatanen-paris-tripoli-dakar-1991-272x182.jpg 272w\" sizes=\"(max-width: 400px) 100vw, 400px\" \/><figcaption>Ari Vatanen sur le paris Tripoli Dakar 1991 : la premi\u00e8re victoire de Citro\u00ebn sur le prestigieux rallye raid<\/figcaption><\/figure><\/div>\n\n\n\n<p>Un an plus tard, il d\u00e9laisse pour un moment le Dakar, qu'il retrouve en 1995, toujours chez <a href=\"http:\/\/www.carideal.com\/blog\/marque-de-voiture-actualites-essais\/citroen\/\">Citro\u00ebn<\/a>, mais en concurrence avec <a href=\"http:\/\/www.carideal.com\/blog\/2020\/03\/20\/pierre-lartigue-conduisait-la-2cv-de-ses-parents-dans-la-cours-de-la-ferme-familiale\/\">Pierre Lartigue<\/a>. En 1997, derni\u00e8re saison de Citro\u00ebn en rallye raid, Vatanen d\u00e9croche la Coupe du monde, succ\u00e9dant ainsi \u00e0 Pierre Lartigue, vainqueur lors des quatre saisons pr\u00e9c\u00e9dentes. Install\u00e9 en France dans le Luberon, le Scandinave fait \u00e0 nouveau une apparition remarqu\u00e9e sur le Dakar en 2003. <\/p>\n\n\n\n<p>\u00c0 bord d'un pick-up <a href=\"http:\/\/www.carideal.com\/blog\/marque-de-voiture-actualites-essais\/nissan\/\">Nissan<\/a> arborant le logo \u00ab No death penalty \u00bb, il n'h\u00e9site pas \u00e0 afficher ses convictions en faveur de l'abolition de la peine de mort dans le monde. Il effectue un ultime retour sur le Dakar en 2007, avec un Volkswagen Touareg, mais doit abandonner \u00e0 la septi\u00e8me \u00e9tape. <\/p>\n\n\n\n<p>En 2009, il perd le si\u00e8ge de d\u00e9put\u00e9 europ\u00e9en qu'il occupait depuis 1999. La m\u00eame ann\u00e9e, il est \u00e9galement battu par Jean Todt dans la course\u2026 \u00e0 la pr\u00e9sidence de la FIA. Cela ne devrait pas l'emp\u00eacher de continuer \u00e0 produire son propre <a href=\"https:\/\/www.vin-oenologie.com\/ces-celebrites-qui-font-du-vin\/\">vin<\/a> sur son domaine du Luberon. Boire ou conduire\u2026<\/p>\n","protected":false},"excerpt":{"rendered":"<p>Homme de convictions et pilote d&rsquo;exception, Ari Vatanen est de la race des seigneurs ! Charisme, classe, talent. Voil\u00e0 en trois mots une d\u00e9finition collant parfaitement \u00e0 ce champion d&rsquo;exception venu du Grand Nord Ari Vatanen \u2014 qui compte pourtant \u00e9norm\u00e9ment dans le c\u0153ur des Fran\u00e7ais. Ari Vatanen est n\u00e9 le 27 Avril 1952 de &#8230; <a title=\"Ari Vatanen est de la race des seigneurs\" class=\"read-more\" href=\"https:\/\/www.carideal.com\/blog\/2020\/03\/29\/ari-vatanen-est-de-la-race-des-seigneurs\/\" aria-label=\"En savoir plus sur Ari Vatanen est de la race des seigneurs\">Lire plus<\/a><\/p>\n","protected":false},"author":3,"featured_media":24838,"comment_status":"open","ping_status":"open","sticky":false,"template":"","format":"standard","meta":{"_uag_custom_page_level_css":"","_themeisle_gutenberg_block_has_review":false,"footnotes":""},"categories":[16],"tags":[17230],"class_list":["post-24830","post","type-post","status-publish","format-standard","has-post-thumbnail","hentry","category-sport-auto","tag-citroen-rallye-raid"],"wppr_data":{"cwp_meta_box_check":"No"},"yoast_head":"<!-- This site is optimized with the Yoast SEO plugin v24.8.1 - https:\/\/yoast.com\/wordpress\/plugins\/seo\/ -->\n<title>Ari Vatanen est de la race des seigneurs - Blog auto Carid\u00e9al<\/title>\n<meta name=\"description\" content=\"Charisme, classe, talent. Voil\u00e0 en trois mots une d\u00e9finition collant parfaitement \u00e0 ce champion d&#039;exception venu du Grand Nord Ari Vatanen \u2014 qui compte pourtant \u00e9norm\u00e9ment dans le c\u0153ur des Fran\u00e7ais.\" \/>\n<meta name=\"robots\" content=\"index, follow, max-snippet:-1, max-image-preview:large, max-video-preview:-1\" \/>\n<link rel=\"canonical\" href=\"https:\/\/www.carideal.com\/blog\/2020\/03\/29\/ari-vatanen-est-de-la-race-des-seigneurs\/\" \/>\n<meta property=\"og:locale\" content=\"fr_FR\" \/>\n<meta property=\"og:type\" content=\"article\" \/>\n<meta property=\"og:title\" content=\"Ari Vatanen est de la race des seigneurs - Blog auto Carid\u00e9al\" \/>\n<meta property=\"og:description\" content=\"Charisme, classe, talent. Voil\u00e0 en trois mots une d\u00e9finition collant parfaitement \u00e0 ce champion d&#039;exception venu du Grand Nord Ari Vatanen \u2014 qui compte pourtant \u00e9norm\u00e9ment dans le c\u0153ur des Fran\u00e7ais.\" \/>\n<meta property=\"og:url\" content=\"https:\/\/www.carideal.com\/blog\/2020\/03\/29\/ari-vatanen-est-de-la-race-des-seigneurs\/\" \/>\n<meta property=\"og:site_name\" content=\"Blog auto Carid\u00e9al\" \/>\n<meta property=\"article:publisher\" content=\"https:\/\/www.facebook.com\/Carideal.mandataire.automobile\" \/>\n<meta property=\"article:author\" content=\"https:\/\/www.facebook.com\/nicolas.schiavon.39\" \/>\n<meta property=\"article:published_time\" content=\"2020-03-29T10:26:29+00:00\" \/>\n<meta property=\"article:modified_time\" content=\"2020-03-30T12:52:16+00:00\" \/>\n<meta property=\"og:image\" content=\"https:\/\/www.carideal.com\/blog\/wp-content\/uploads\/2020\/03\/ari-vatanen-paris-dakar-citroen-zx-1996-schiavon-actualit\u00e9s-1.jpg\" \/>\n\t<meta property=\"og:image:width\" content=\"432\" \/>\n\t<meta property=\"og:image:height\" content=\"292\" \/>\n\t<meta property=\"og:image:type\" content=\"image\/jpeg\" \/>\n<meta name=\"author\" content=\"Nicolas SCHIAVON\" \/>\n<meta name=\"twitter:card\" content=\"summary_large_image\" \/>\n<meta name=\"twitter:creator\" content=\"@caridealauto\" \/>\n<meta name=\"twitter:site\" content=\"@caridealauto\" \/>\n<meta name=\"twitter:label1\" content=\"\u00c9crit par\" \/>\n\t<meta name=\"twitter:data1\" content=\"Nicolas SCHIAVON\" \/>\n\t<meta name=\"twitter:label2\" content=\"Dur\u00e9e de lecture estim\u00e9e\" \/>\n\t<meta name=\"twitter:data2\" content=\"2 minutes\" \/>\n<script type=\"application\/ld+json\" class=\"yoast-schema-graph\">{\"@context\":\"https:\/\/schema.org\",\"@graph\":[{\"@type\":\"Article\",\"@id\":\"https:\/\/www.carideal.com\/blog\/2020\/03\/29\/ari-vatanen-est-de-la-race-des-seigneurs\/#article\",\"isPartOf\":{\"@id\":\"https:\/\/www.carideal.com\/blog\/2020\/03\/29\/ari-vatanen-est-de-la-race-des-seigneurs\/\"},\"author\":{\"name\":\"Nicolas SCHIAVON\",\"@id\":\"https:\/\/www.carideal.com\/blog\/#\/schema\/person\/cd95dc7919660de90d31b366f85be1ec\"},\"headline\":\"Ari Vatanen est de la race des seigneurs\",\"datePublished\":\"2020-03-29T10:26:29+00:00\",\"dateModified\":\"2020-03-30T12:52:16+00:00\",\"mainEntityOfPage\":{\"@id\":\"https:\/\/www.carideal.com\/blog\/2020\/03\/29\/ari-vatanen-est-de-la-race-des-seigneurs\/\"},\"wordCount\":499,\"commentCount\":0,\"publisher\":{\"@id\":\"https:\/\/www.carideal.com\/blog\/#organization\"},\"image\":{\"@id\":\"https:\/\/www.carideal.com\/blog\/2020\/03\/29\/ari-vatanen-est-de-la-race-des-seigneurs\/#primaryimage\"},\"thumbnailUrl\":\"https:\/\/www.carideal.com\/blog\/wp-content\/uploads\/2020\/03\/ari-vatanen-paris-dakar-citroen-zx-1996-schiavon-actualit\u00e9s-1.jpg\",\"keywords\":[\"Citroen Rallye &amp; raid\"],\"articleSection\":[\"Sport Automobile\"],\"inLanguage\":\"fr-FR\",\"potentialAction\":[{\"@type\":\"CommentAction\",\"name\":\"Comment\",\"target\":[\"https:\/\/www.carideal.com\/blog\/2020\/03\/29\/ari-vatanen-est-de-la-race-des-seigneurs\/#respond\"]}]},{\"@type\":\"WebPage\",\"@id\":\"https:\/\/www.carideal.com\/blog\/2020\/03\/29\/ari-vatanen-est-de-la-race-des-seigneurs\/\",\"url\":\"https:\/\/www.carideal.com\/blog\/2020\/03\/29\/ari-vatanen-est-de-la-race-des-seigneurs\/\",\"name\":\"Ari Vatanen est de la race des seigneurs - Blog auto Carid\u00e9al\",\"isPartOf\":{\"@id\":\"https:\/\/www.carideal.com\/blog\/#website\"},\"primaryImageOfPage\":{\"@id\":\"https:\/\/www.carideal.com\/blog\/2020\/03\/29\/ari-vatanen-est-de-la-race-des-seigneurs\/#primaryimage\"},\"image\":{\"@id\":\"https:\/\/www.carideal.com\/blog\/2020\/03\/29\/ari-vatanen-est-de-la-race-des-seigneurs\/#primaryimage\"},\"thumbnailUrl\":\"https:\/\/www.carideal.com\/blog\/wp-content\/uploads\/2020\/03\/ari-vatanen-paris-dakar-citroen-zx-1996-schiavon-actualit\u00e9s-1.jpg\",\"datePublished\":\"2020-03-29T10:26:29+00:00\",\"dateModified\":\"2020-03-30T12:52:16+00:00\",\"description\":\"Charisme, classe, talent. Voil\u00e0 en trois mots une d\u00e9finition collant parfaitement \u00e0 ce champion d'exception venu du Grand Nord Ari Vatanen \u2014 qui compte pourtant \u00e9norm\u00e9ment dans le c\u0153ur des Fran\u00e7ais.\",\"breadcrumb\":{\"@id\":\"https:\/\/www.carideal.com\/blog\/2020\/03\/29\/ari-vatanen-est-de-la-race-des-seigneurs\/#breadcrumb\"},\"inLanguage\":\"fr-FR\",\"potentialAction\":[{\"@type\":\"ReadAction\",\"target\":[\"https:\/\/www.carideal.com\/blog\/2020\/03\/29\/ari-vatanen-est-de-la-race-des-seigneurs\/\"]}]},{\"@type\":\"ImageObject\",\"inLanguage\":\"fr-FR\",\"@id\":\"https:\/\/www.carideal.com\/blog\/2020\/03\/29\/ari-vatanen-est-de-la-race-des-seigneurs\/#primaryimage\",\"url\":\"https:\/\/www.carideal.com\/blog\/wp-content\/uploads\/2020\/03\/ari-vatanen-paris-dakar-citroen-zx-1996-schiavon-actualit\u00e9s-1.jpg\",\"contentUrl\":\"https:\/\/www.carideal.com\/blog\/wp-content\/uploads\/2020\/03\/ari-vatanen-paris-dakar-citroen-zx-1996-schiavon-actualit\u00e9s-1.jpg\",\"width\":432,\"height\":292,\"caption\":\"Le finlandais Ari Vatanen s'impose avec brio sur le master Rallye 1996\"},{\"@type\":\"BreadcrumbList\",\"@id\":\"https:\/\/www.carideal.com\/blog\/2020\/03\/29\/ari-vatanen-est-de-la-race-des-seigneurs\/#breadcrumb\",\"itemListElement\":[{\"@type\":\"ListItem\",\"position\":1,\"name\":\"Blog Carid\u00e9al\",\"item\":\"https:\/\/www.carideal.com\/blog\/\"},{\"@type\":\"ListItem\",\"position\":2,\"name\":\"Sport Automobile\",\"item\":\"https:\/\/www.carideal.com\/blog\/sport-auto\/\"},{\"@type\":\"ListItem\",\"position\":3,\"name\":\"Ari Vatanen est de la race des seigneurs\"}]},{\"@type\":\"WebSite\",\"@id\":\"https:\/\/www.carideal.com\/blog\/#website\",\"url\":\"https:\/\/www.carideal.com\/blog\/\",\"name\":\"Blog auto Carid\u00e9al\",\"description\":\"Actualit\u00e9 auto par des passionn\u00e9s\",\"publisher\":{\"@id\":\"https:\/\/www.carideal.com\/blog\/#organization\"},\"potentialAction\":[{\"@type\":\"SearchAction\",\"target\":{\"@type\":\"EntryPoint\",\"urlTemplate\":\"https:\/\/www.carideal.com\/blog\/?s={search_term_string}\"},\"query-input\":{\"@type\":\"PropertyValueSpecification\",\"valueRequired\":true,\"valueName\":\"search_term_string\"}}],\"inLanguage\":\"fr-FR\"},{\"@type\":\"Organization\",\"@id\":\"https:\/\/www.carideal.com\/blog\/#organization\",\"name\":\"Carideal\",\"url\":\"https:\/\/www.carideal.com\/blog\/\",\"logo\":{\"@type\":\"ImageObject\",\"inLanguage\":\"fr-FR\",\"@id\":\"https:\/\/www.carideal.com\/blog\/#\/schema\/logo\/image\/\",\"url\":\"http:\/\/www.carideal.com\/blog\/wp-content\/uploads\/2016\/03\/logo-carideal-mandataire-automobile.png\",\"contentUrl\":\"http:\/\/www.carideal.com\/blog\/wp-content\/uploads\/2016\/03\/logo-carideal-mandataire-automobile.png\",\"width\":300,\"height\":300,\"caption\":\"Carideal\"},\"image\":{\"@id\":\"https:\/\/www.carideal.com\/blog\/#\/schema\/logo\/image\/\"},\"sameAs\":[\"https:\/\/www.facebook.com\/Carideal.mandataire.automobile\",\"https:\/\/x.com\/caridealauto\",\"https:\/\/www.instagram.com\/carideal1\/\",\"https:\/\/www.linkedin.com\/company\/carideal.com\",\"https:\/\/fr.pinterest.com\/schiavonsas\/\",\"https:\/\/www.youtube.com\/user\/caridealsas\"]},{\"@type\":\"Person\",\"@id\":\"https:\/\/www.carideal.com\/blog\/#\/schema\/person\/cd95dc7919660de90d31b366f85be1ec\",\"name\":\"Nicolas SCHIAVON\",\"image\":{\"@type\":\"ImageObject\",\"inLanguage\":\"fr-FR\",\"@id\":\"https:\/\/www.carideal.com\/blog\/#\/schema\/person\/image\/\",\"url\":\"https:\/\/secure.gravatar.com\/avatar\/c17e55009e671d92cc7f5dc837dc418a?s=96&r=g\",\"contentUrl\":\"https:\/\/secure.gravatar.com\/avatar\/c17e55009e671d92cc7f5dc837dc418a?s=96&r=g\",\"caption\":\"Nicolas SCHIAVON\"},\"description\":\"Nicolas Schiavon est tomb\u00e9 tout petit dans la marmite automobile. Ayant eu un garage de marque automobile, mandataire automobile de la premi\u00e8re heure d\u00e8s 1999. Nicolas a cr\u00e9\u00e9 ces premiers sites de vente de voiture et blog automobile d\u00e8s 1994. Carideal est n\u00e9 le 15 d\u00e9cembre 2000 de la volont\u00e9 de vendre des voitures d'occasions en ligne puis des voitures neuves. Il a pu essayer beaucoup de voitures tr\u00e8s diff\u00e9rentes et ayant eu personnellement quelques belles autos, Subaru Impreza, Mitsubishi Lancer Evo 7, Porsche 911, Ferrari Testarrossa, Audi RS3, RS4 et j'en passe...\",\"sameAs\":[\"http:\/\/www.carideal.com\",\"https:\/\/www.facebook.com\/nicolas.schiavon.39\",\"https:\/\/www.instagram.com\/carideal1\/\",\"https:\/\/www.linkedin.com\/in\/nschiavon\/\",\"https:\/\/x.com\/caridealauto\",\"https:\/\/www.youtube.com\/user\/caridealsas\/\"],\"url\":\"https:\/\/www.carideal.com\/blog\/author\/nschiavon\/\"}]}<\/script>\n<!-- \/ Yoast SEO plugin. -->","yoast_head_json":{"title":"Ari Vatanen est de la race des seigneurs - Blog auto Carid\u00e9al","description":"Charisme, classe, talent. Voil\u00e0 en trois mots une d\u00e9finition collant parfaitement \u00e0 ce champion d'exception venu du Grand Nord Ari Vatanen \u2014 qui compte pourtant \u00e9norm\u00e9ment dans le c\u0153ur des Fran\u00e7ais.","robots":{"index":"index","follow":"follow","max-snippet":"max-snippet:-1","max-image-preview":"max-image-preview:large","max-video-preview":"max-video-preview:-1"},"canonical":"https:\/\/www.carideal.com\/blog\/2020\/03\/29\/ari-vatanen-est-de-la-race-des-seigneurs\/","og_locale":"fr_FR","og_type":"article","og_title":"Ari Vatanen est de la race des seigneurs - Blog auto Carid\u00e9al","og_description":"Charisme, classe, talent. Voil\u00e0 en trois mots une d\u00e9finition collant parfaitement \u00e0 ce champion d'exception venu du Grand Nord Ari Vatanen \u2014 qui compte pourtant \u00e9norm\u00e9ment dans le c\u0153ur des Fran\u00e7ais.","og_url":"https:\/\/www.carideal.com\/blog\/2020\/03\/29\/ari-vatanen-est-de-la-race-des-seigneurs\/","og_site_name":"Blog auto Carid\u00e9al","article_publisher":"https:\/\/www.facebook.com\/Carideal.mandataire.automobile","article_author":"https:\/\/www.facebook.com\/nicolas.schiavon.39","article_published_time":"2020-03-29T10:26:29+00:00","article_modified_time":"2020-03-30T12:52:16+00:00","og_image":[{"width":432,"height":292,"url":"https:\/\/www.carideal.com\/blog\/wp-content\/uploads\/2020\/03\/ari-vatanen-paris-dakar-citroen-zx-1996-schiavon-actualit\u00e9s-1.jpg","type":"image\/jpeg"}],"author":"Nicolas SCHIAVON","twitter_card":"summary_large_image","twitter_creator":"@caridealauto","twitter_site":"@caridealauto","twitter_misc":{"\u00c9crit par":"Nicolas SCHIAVON","Dur\u00e9e de lecture estim\u00e9e":"2 minutes"},"schema":{"@context":"https:\/\/schema.org","@graph":[{"@type":"Article","@id":"https:\/\/www.carideal.com\/blog\/2020\/03\/29\/ari-vatanen-est-de-la-race-des-seigneurs\/#article","isPartOf":{"@id":"https:\/\/www.carideal.com\/blog\/2020\/03\/29\/ari-vatanen-est-de-la-race-des-seigneurs\/"},"author":{"name":"Nicolas SCHIAVON","@id":"https:\/\/www.carideal.com\/blog\/#\/schema\/person\/cd95dc7919660de90d31b366f85be1ec"},"headline":"Ari Vatanen est de la race des seigneurs","datePublished":"2020-03-29T10:26:29+00:00","dateModified":"2020-03-30T12:52:16+00:00","mainEntityOfPage":{"@id":"https:\/\/www.carideal.com\/blog\/2020\/03\/29\/ari-vatanen-est-de-la-race-des-seigneurs\/"},"wordCount":499,"commentCount":0,"publisher":{"@id":"https:\/\/www.carideal.com\/blog\/#organization"},"image":{"@id":"https:\/\/www.carideal.com\/blog\/2020\/03\/29\/ari-vatanen-est-de-la-race-des-seigneurs\/#primaryimage"},"thumbnailUrl":"https:\/\/www.carideal.com\/blog\/wp-content\/uploads\/2020\/03\/ari-vatanen-paris-dakar-citroen-zx-1996-schiavon-actualit\u00e9s-1.jpg","keywords":["Citroen Rallye &amp; raid"],"articleSection":["Sport Automobile"],"inLanguage":"fr-FR","potentialAction":[{"@type":"CommentAction","name":"Comment","target":["https:\/\/www.carideal.com\/blog\/2020\/03\/29\/ari-vatanen-est-de-la-race-des-seigneurs\/#respond"]}]},{"@type":"WebPage","@id":"https:\/\/www.carideal.com\/blog\/2020\/03\/29\/ari-vatanen-est-de-la-race-des-seigneurs\/","url":"https:\/\/www.carideal.com\/blog\/2020\/03\/29\/ari-vatanen-est-de-la-race-des-seigneurs\/","name":"Ari Vatanen est de la race des seigneurs - Blog auto Carid\u00e9al","isPartOf":{"@id":"https:\/\/www.carideal.com\/blog\/#website"},"primaryImageOfPage":{"@id":"https:\/\/www.carideal.com\/blog\/2020\/03\/29\/ari-vatanen-est-de-la-race-des-seigneurs\/#primaryimage"},"image":{"@id":"https:\/\/www.carideal.com\/blog\/2020\/03\/29\/ari-vatanen-est-de-la-race-des-seigneurs\/#primaryimage"},"thumbnailUrl":"https:\/\/www.carideal.com\/blog\/wp-content\/uploads\/2020\/03\/ari-vatanen-paris-dakar-citroen-zx-1996-schiavon-actualit\u00e9s-1.jpg","datePublished":"2020-03-29T10:26:29+00:00","dateModified":"2020-03-30T12:52:16+00:00","description":"Charisme, classe, talent. Voil\u00e0 en trois mots une d\u00e9finition collant parfaitement \u00e0 ce champion d'exception venu du Grand Nord Ari Vatanen \u2014 qui compte pourtant \u00e9norm\u00e9ment dans le c\u0153ur des Fran\u00e7ais.","breadcrumb":{"@id":"https:\/\/www.carideal.com\/blog\/2020\/03\/29\/ari-vatanen-est-de-la-race-des-seigneurs\/#breadcrumb"},"inLanguage":"fr-FR","potentialAction":[{"@type":"ReadAction","target":["https:\/\/www.carideal.com\/blog\/2020\/03\/29\/ari-vatanen-est-de-la-race-des-seigneurs\/"]}]},{"@type":"ImageObject","inLanguage":"fr-FR","@id":"https:\/\/www.carideal.com\/blog\/2020\/03\/29\/ari-vatanen-est-de-la-race-des-seigneurs\/#primaryimage","url":"https:\/\/www.carideal.com\/blog\/wp-content\/uploads\/2020\/03\/ari-vatanen-paris-dakar-citroen-zx-1996-schiavon-actualit\u00e9s-1.jpg","contentUrl":"https:\/\/www.carideal.com\/blog\/wp-content\/uploads\/2020\/03\/ari-vatanen-paris-dakar-citroen-zx-1996-schiavon-actualit\u00e9s-1.jpg","width":432,"height":292,"caption":"Le finlandais Ari Vatanen s'impose avec brio sur le master Rallye 1996"},{"@type":"BreadcrumbList","@id":"https:\/\/www.carideal.com\/blog\/2020\/03\/29\/ari-vatanen-est-de-la-race-des-seigneurs\/#breadcrumb","itemListElement":[{"@type":"ListItem","position":1,"name":"Blog Carid\u00e9al","item":"https:\/\/www.carideal.com\/blog\/"},{"@type":"ListItem","position":2,"name":"Sport Automobile","item":"https:\/\/www.carideal.com\/blog\/sport-auto\/"},{"@type":"ListItem","position":3,"name":"Ari Vatanen est de la race des seigneurs"}]},{"@type":"WebSite","@id":"https:\/\/www.carideal.com\/blog\/#website","url":"https:\/\/www.carideal.com\/blog\/","name":"Blog auto Carid\u00e9al","description":"Actualit\u00e9 auto par des passionn\u00e9s","publisher":{"@id":"https:\/\/www.carideal.com\/blog\/#organization"},"potentialAction":[{"@type":"SearchAction","target":{"@type":"EntryPoint","urlTemplate":"https:\/\/www.carideal.com\/blog\/?s={search_term_string}"},"query-input":{"@type":"PropertyValueSpecification","valueRequired":true,"valueName":"search_term_string"}}],"inLanguage":"fr-FR"},{"@type":"Organization","@id":"https:\/\/www.carideal.com\/blog\/#organization","name":"Carideal","url":"https:\/\/www.carideal.com\/blog\/","logo":{"@type":"ImageObject","inLanguage":"fr-FR","@id":"https:\/\/www.carideal.com\/blog\/#\/schema\/logo\/image\/","url":"http:\/\/www.carideal.com\/blog\/wp-content\/uploads\/2016\/03\/logo-carideal-mandataire-automobile.png","contentUrl":"http:\/\/www.carideal.com\/blog\/wp-content\/uploads\/2016\/03\/logo-carideal-mandataire-automobile.png","width":300,"height":300,"caption":"Carideal"},"image":{"@id":"https:\/\/www.carideal.com\/blog\/#\/schema\/logo\/image\/"},"sameAs":["https:\/\/www.facebook.com\/Carideal.mandataire.automobile","https:\/\/x.com\/caridealauto","https:\/\/www.instagram.com\/carideal1\/","https:\/\/www.linkedin.com\/company\/carideal.com","https:\/\/fr.pinterest.com\/schiavonsas\/","https:\/\/www.youtube.com\/user\/caridealsas"]},{"@type":"Person","@id":"https:\/\/www.carideal.com\/blog\/#\/schema\/person\/cd95dc7919660de90d31b366f85be1ec","name":"Nicolas SCHIAVON","image":{"@type":"ImageObject","inLanguage":"fr-FR","@id":"https:\/\/www.carideal.com\/blog\/#\/schema\/person\/image\/","url":"https:\/\/secure.gravatar.com\/avatar\/c17e55009e671d92cc7f5dc837dc418a?s=96&r=g","contentUrl":"https:\/\/secure.gravatar.com\/avatar\/c17e55009e671d92cc7f5dc837dc418a?s=96&r=g","caption":"Nicolas SCHIAVON"},"description":"Nicolas Schiavon est tomb\u00e9 tout petit dans la marmite automobile. Ayant eu un garage de marque automobile, mandataire automobile de la premi\u00e8re heure d\u00e8s 1999. Nicolas a cr\u00e9\u00e9 ces premiers sites de vente de voiture et blog automobile d\u00e8s 1994. Carideal est n\u00e9 le 15 d\u00e9cembre 2000 de la volont\u00e9 de vendre des voitures d'occasions en ligne puis des voitures neuves. Il a pu essayer beaucoup de voitures tr\u00e8s diff\u00e9rentes et ayant eu personnellement quelques belles autos, Subaru Impreza, Mitsubishi Lancer Evo 7, Porsche 911, Ferrari Testarrossa, Audi RS3, RS4 et j'en passe...","sameAs":["http:\/\/www.carideal.com","https:\/\/www.facebook.com\/nicolas.schiavon.39","https:\/\/www.instagram.com\/carideal1\/","https:\/\/www.linkedin.com\/in\/nschiavon\/","https:\/\/x.com\/caridealauto","https:\/\/www.youtube.com\/user\/caridealsas\/"],"url":"https:\/\/www.carideal.com\/blog\/author\/nschiavon\/"}]}},"uagb_featured_image_src":{"full":["https:\/\/www.carideal.com\/blog\/wp-content\/uploads\/2020\/03\/ari-vatanen-paris-dakar-citroen-zx-1996-schiavon-actualit\u00e9s-1.jpg",432,292,false],"thumbnail":["https:\/\/www.carideal.com\/blog\/wp-content\/uploads\/2020\/03\/ari-vatanen-paris-dakar-citroen-zx-1996-schiavon-actualit\u00e9s-1-150x150.jpg",150,150,true],"medium":["https:\/\/www.carideal.com\/blog\/wp-content\/uploads\/2020\/03\/ari-vatanen-paris-dakar-citroen-zx-1996-schiavon-actualit\u00e9s-1-300x203.jpg",300,203,true],"medium_large":["https:\/\/www.carideal.com\/blog\/wp-content\/uploads\/2020\/03\/ari-vatanen-paris-dakar-citroen-zx-1996-schiavon-actualit\u00e9s-1.jpg",432,292,false],"large":["https:\/\/www.carideal.com\/blog\/wp-content\/uploads\/2020\/03\/ari-vatanen-paris-dakar-citroen-zx-1996-schiavon-actualit\u00e9s-1.jpg",432,292,false],"1536x1536":["https:\/\/www.carideal.com\/blog\/wp-content\/uploads\/2020\/03\/ari-vatanen-paris-dakar-citroen-zx-1996-schiavon-actualit\u00e9s-1.jpg",432,292,false],"2048x2048":["https:\/\/www.carideal.com\/blog\/wp-content\/uploads\/2020\/03\/ari-vatanen-paris-dakar-citroen-zx-1996-schiavon-actualit\u00e9s-1.jpg",432,292,false],"wppr-widget":["https:\/\/www.carideal.com\/blog\/wp-content\/uploads\/2020\/03\/ari-vatanen-paris-dakar-citroen-zx-1996-schiavon-actualit\u00e9s-1-50x34.jpg",50,34,true]},"uagb_author_info":{"display_name":"Nicolas SCHIAVON","author_link":"https:\/\/www.carideal.com\/blog\/author\/nschiavon\/"},"uagb_comment_info":0,"uagb_excerpt":"Homme de convictions et pilote d'exception, Ari Vatanen est de la race des seigneurs ! Charisme, classe, talent. Voil\u00e0 en trois mots une d\u00e9finition collant parfaitement \u00e0 ce champion d'exception venu du Grand Nord Ari Vatanen \u2014 qui compte pourtant \u00e9norm\u00e9ment dans le c\u0153ur des Fran\u00e7ais. Ari Vatanen est n\u00e9 le 27 Avril 1952 de\u2026","_links":{"self":[{"href":"https:\/\/www.carideal.com\/blog\/wp-json\/wp\/v2\/posts\/24830"}],"collection":[{"href":"https:\/\/www.carideal.com\/blog\/wp-json\/wp\/v2\/posts"}],"about":[{"href":"https:\/\/www.carideal.com\/blog\/wp-json\/wp\/v2\/types\/post"}],"author":[{"embeddable":true,"href":"https:\/\/www.carideal.com\/blog\/wp-json\/wp\/v2\/users\/3"}],"replies":[{"embeddable":true,"href":"https:\/\/www.carideal.com\/blog\/wp-json\/wp\/v2\/comments?post=24830"}],"version-history":[{"count":0,"href":"https:\/\/www.carideal.com\/blog\/wp-json\/wp\/v2\/posts\/24830\/revisions"}],"wp:featuredmedia":[{"embeddable":true,"href":"https:\/\/www.carideal.com\/blog\/wp-json\/wp\/v2\/media\/24838"}],"wp:attachment":[{"href":"https:\/\/www.carideal.com\/blog\/wp-json\/wp\/v2\/media?parent=24830"}],"wp:term":[{"taxonomy":"category","embeddable":true,"href":"https:\/\/www.carideal.com\/blog\/wp-json\/wp\/v2\/categories?post=24830"},{"taxonomy":"post_tag","embeddable":true,"href":"https:\/\/www.carideal.com\/blog\/wp-json\/wp\/v2\/tags?post=24830"}],"curies":[{"name":"wp","href":"https:\/\/api.w.org\/{rel}","templated":true}]}}