{"id":24790,"date":"2020-03-26T15:50:14","date_gmt":"2020-03-26T14:50:14","guid":{"rendered":"http:\/\/www.carideal.com\/blog\/?p=24790"},"modified":"2020-03-26T15:57:37","modified_gmt":"2020-03-26T14:57:37","slug":"timo-salonen-gagne-son-premier-rallye-raid-en-egypte","status":"publish","type":"post","link":"https:\/\/www.carideal.com\/blog\/2020\/03\/26\/timo-salonen-gagne-son-premier-rallye-raid-en-egypte\/","title":{"rendered":"Timo Salonen gagne son premier rallye raid en \u00c9gypte"},"content":{"rendered":"\n<h2 class=\"wp-block-heading\">Timo Salonen, l'homme qui venait du froid, gagne son premier rallye raid sous le soleil d'\u00c9gypte, lors du rallye des Pharaons 1993<\/h2>\n\n\n\n<p class=\"has-drop-cap has-medium-font-size\">La Finlande est pourvoyeuse de nombreux pilotes de rallye, dont beaucoup sont devenus champions du monde. <strong>Timo Salonen<\/strong>, qui d\u00e9bute dans la discipline en 1970, le devient en 1985, avec <a href=\"http:\/\/www.carideal.com\/blog\/marque-de-voiture-actualites-essais\/peugeot\/\">Peugeot<\/a> (205 Turbo 16 et Turbo 16 \u00c9volution 2). <\/p>\n\n\n\n<div class=\"wp-block-image\"><figure class=\"aligncenter size-full\"><img loading=\"lazy\" decoding=\"async\" width=\"575\" height=\"400\" src=\"http:\/\/www.carideal.com\/blog\/wp-content\/uploads\/2020\/03\/timo-salonen-zx-rallye-raid-1.jpg\" alt=\"Timo Salonen\" class=\"wp-image-24794\" srcset=\"https:\/\/www.carideal.com\/blog\/wp-content\/uploads\/2020\/03\/timo-salonen-zx-rallye-raid-1.jpg 575w, https:\/\/www.carideal.com\/blog\/wp-content\/uploads\/2020\/03\/timo-salonen-zx-rallye-raid-1-300x209.jpg 300w, https:\/\/www.carideal.com\/blog\/wp-content\/uploads\/2020\/03\/timo-salonen-zx-rallye-raid-1-50x35.jpg 50w, https:\/\/www.carideal.com\/blog\/wp-content\/uploads\/2020\/03\/timo-salonen-zx-rallye-raid-1-110x77.jpg 110w, https:\/\/www.carideal.com\/blog\/wp-content\/uploads\/2020\/03\/timo-salonen-zx-rallye-raid-1-420x292.jpg 420w\" sizes=\"(max-width: 575px) 100vw, 575px\" \/><figcaption>Timo Salonen<\/figcaption><\/figure><\/div>\n\n\n\n<p>Entre 1977 et 1987, il inscrit onze victoires en Championnat, dont deux sur le fameux rallye finlandais des 1 000 Lacs, en 1985 et 1986. Ses performances s\u00e9duisent <a href=\"http:\/\/www.carideal.com\/blog\/marque-de-voiture-actualites-essais\/citroen\/\">Citro\u00ebn<\/a>, qui le r\u00e9cup\u00e8re en 1993, pour \u00e9toffer son \u00e9quipe en rallye raid. Tout d'abord sur une ZX Grand Raid \u00c9volution. Quelque peu en retrait par rapport \u00e0 Pierre Lartigue, il d\u00e9montre toutefois l'\u00e9tendue de son talent en d\u00e9crochant des podiums sur l'Atlas, la Baja portugaise, la Baja Aragon, le Desert Challenge.<\/p>\n\n\n\n<div class=\"wp-block-image\"><figure class=\"alignleft size-full\"><img loading=\"lazy\" decoding=\"async\" width=\"192\" height=\"263\" src=\"http:\/\/www.carideal.com\/blog\/wp-content\/uploads\/2020\/03\/timo-salonen.jpg\" alt=\"Timo Salonen\" class=\"wp-image-24792\" srcset=\"https:\/\/www.carideal.com\/blog\/wp-content\/uploads\/2020\/03\/timo-salonen.jpg 192w, https:\/\/www.carideal.com\/blog\/wp-content\/uploads\/2020\/03\/timo-salonen-37x50.jpg 37w, https:\/\/www.carideal.com\/blog\/wp-content\/uploads\/2020\/03\/timo-salonen-80x110.jpg 80w\" sizes=\"(max-width: 192px) 100vw, 192px\" \/><figcaption>Timo Salonen<\/figcaption><\/figure><\/div>\n\n\n\n<p>Timo Salonen est n\u00e9 le 8 Octobre 1951 de nationalit\u00e9 Finlandaise. Ses principaux succ\u00e8s : Champion du monde des rallyes 1985 sur Peugeot, Rallye des Pharaons 1993 et Baja Aragon 1994 avec Citroen.<\/p>\n\n\n\n<p>Surtout, il signe sa premi\u00e8re victoire en tout terrain aux Pharaons. Lors des deux ann\u00e9es suivantes, il encha\u00eenera \u00e0 nouveau les podiums, s'imposant m\u00eame devant <a href=\"http:\/\/www.carideal.com\/blog\/2020\/03\/20\/pierre-lartigue-conduisait-la-2cv-de-ses-parents-dans-la-cours-de-la-ferme-familiale\/\">Lartigue<\/a> en 1994, sur la Baja Aragon. Il go\u00fbte \u00e9galement aux joies du Dakar en 1995, ann\u00e9e o\u00f9 l'\u00e9preuve part de Grenade, en Espagne. Malgr\u00e9 de nombreux ennuis m\u00e9caniques, il termine cinqui\u00e8me.<\/p>\n\n\n\n<p>Il effectue finalement sa derni\u00e8re sortie sur une ZX \u00c9volution 4, lors de la Baja Aragon, dont il franchit la ligne d'arriv\u00e9e au deuxi\u00e8me rang, derri\u00e8re\u2026 Lartigue. Pendant ses trois ann\u00e9es de collaboration avec Citro\u00ebn, sa rapidit\u00e9 et sa r\u00e9gularit\u00e9 ont largement contribu\u00e9 \u00e0 la conqu\u00eate de la Coupe du monde des rallyes tout terrain par la marque aux chevrons. M\u00eame si sa retraite \u00e9tait amplement m\u00e9rit\u00e9e, dommage qu'il ait d\u00e9cid\u00e9 de stopper sa carri\u00e8re \u00e0 44 ans seulement.<\/p>\n","protected":false},"excerpt":{"rendered":"<p>Timo Salonen, l&rsquo;homme qui venait du froid, gagne son premier rallye raid sous le soleil d&rsquo;\u00c9gypte, lors du rallye des Pharaons 1993 La Finlande est pourvoyeuse de nombreux pilotes de rallye, dont beaucoup sont devenus champions du monde. Timo Salonen, qui d\u00e9bute dans la discipline en 1970, le devient en 1985, avec Peugeot (205 Turbo &#8230; <a title=\"Timo Salonen gagne son premier rallye raid en \u00c9gypte\" class=\"read-more\" href=\"https:\/\/www.carideal.com\/blog\/2020\/03\/26\/timo-salonen-gagne-son-premier-rallye-raid-en-egypte\/\" aria-label=\"En savoir plus sur Timo Salonen gagne son premier rallye raid en \u00c9gypte\">Lire plus<\/a><\/p>\n","protected":false},"author":3,"featured_media":24791,"comment_status":"open","ping_status":"open","sticky":false,"template":"","format":"standard","meta":{"_uag_custom_page_level_css":"","_themeisle_gutenberg_block_has_review":false,"footnotes":""},"categories":[16],"tags":[17230],"class_list":["post-24790","post","type-post","status-publish","format-standard","has-post-thumbnail","hentry","category-sport-auto","tag-citroen-rallye-raid"],"wppr_data":{"cwp_meta_box_check":"No"},"yoast_head":"<!-- This site is optimized with the Yoast SEO plugin v24.8.1 - https:\/\/yoast.com\/wordpress\/plugins\/seo\/ -->\n<title>Timo Salonen gagne son premier rallye raid en \u00c9gypte - Blog auto Carid\u00e9al<\/title>\n<meta name=\"description\" content=\"La Finlande est pourvoyeuse de nombreux pilotes de rallye, dont beaucoup sont devenus champions du monde. Timo Salonen, qui d\u00e9bute dans la discipline en 1970, le devient en 1985\" \/>\n<meta name=\"robots\" content=\"index, follow, max-snippet:-1, max-image-preview:large, max-video-preview:-1\" \/>\n<link rel=\"canonical\" href=\"https:\/\/www.carideal.com\/blog\/2020\/03\/26\/timo-salonen-gagne-son-premier-rallye-raid-en-egypte\/\" \/>\n<meta property=\"og:locale\" content=\"fr_FR\" \/>\n<meta property=\"og:type\" content=\"article\" \/>\n<meta property=\"og:title\" content=\"Timo Salonen gagne son premier rallye raid en \u00c9gypte - Blog auto Carid\u00e9al\" \/>\n<meta property=\"og:description\" content=\"La Finlande est pourvoyeuse de nombreux pilotes de rallye, dont beaucoup sont devenus champions du monde. Timo Salonen, qui d\u00e9bute dans la discipline en 1970, le devient en 1985\" \/>\n<meta property=\"og:url\" content=\"https:\/\/www.carideal.com\/blog\/2020\/03\/26\/timo-salonen-gagne-son-premier-rallye-raid-en-egypte\/\" \/>\n<meta property=\"og:site_name\" content=\"Blog auto Carid\u00e9al\" \/>\n<meta property=\"article:publisher\" content=\"https:\/\/www.facebook.com\/Carideal.mandataire.automobile\" \/>\n<meta property=\"article:author\" content=\"https:\/\/www.facebook.com\/nicolas.schiavon.39\" \/>\n<meta property=\"article:published_time\" content=\"2020-03-26T14:50:14+00:00\" \/>\n<meta property=\"article:modified_time\" content=\"2020-03-26T14:57:37+00:00\" \/>\n<meta property=\"og:image\" content=\"https:\/\/www.carideal.com\/blog\/wp-content\/uploads\/2020\/03\/timo-salonen-zx-rallye-raid.jpg\" \/>\n\t<meta property=\"og:image:width\" content=\"259\" \/>\n\t<meta property=\"og:image:height\" content=\"194\" \/>\n\t<meta property=\"og:image:type\" content=\"image\/jpeg\" \/>\n<meta name=\"author\" content=\"Nicolas SCHIAVON\" \/>\n<meta name=\"twitter:card\" content=\"summary_large_image\" \/>\n<meta name=\"twitter:creator\" content=\"@caridealauto\" \/>\n<meta name=\"twitter:site\" content=\"@caridealauto\" \/>\n<meta name=\"twitter:label1\" content=\"\u00c9crit par\" \/>\n\t<meta name=\"twitter:data1\" content=\"Nicolas SCHIAVON\" \/>\n\t<meta name=\"twitter:label2\" content=\"Dur\u00e9e de lecture estim\u00e9e\" \/>\n\t<meta name=\"twitter:data2\" content=\"2 minutes\" \/>\n<script type=\"application\/ld+json\" class=\"yoast-schema-graph\">{\"@context\":\"https:\/\/schema.org\",\"@graph\":[{\"@type\":\"Article\",\"@id\":\"https:\/\/www.carideal.com\/blog\/2020\/03\/26\/timo-salonen-gagne-son-premier-rallye-raid-en-egypte\/#article\",\"isPartOf\":{\"@id\":\"https:\/\/www.carideal.com\/blog\/2020\/03\/26\/timo-salonen-gagne-son-premier-rallye-raid-en-egypte\/\"},\"author\":{\"name\":\"Nicolas SCHIAVON\",\"@id\":\"https:\/\/www.carideal.com\/blog\/#\/schema\/person\/cd95dc7919660de90d31b366f85be1ec\"},\"headline\":\"Timo Salonen gagne son premier rallye raid en \u00c9gypte\",\"datePublished\":\"2020-03-26T14:50:14+00:00\",\"dateModified\":\"2020-03-26T14:57:37+00:00\",\"mainEntityOfPage\":{\"@id\":\"https:\/\/www.carideal.com\/blog\/2020\/03\/26\/timo-salonen-gagne-son-premier-rallye-raid-en-egypte\/\"},\"wordCount\":327,\"commentCount\":0,\"publisher\":{\"@id\":\"https:\/\/www.carideal.com\/blog\/#organization\"},\"image\":{\"@id\":\"https:\/\/www.carideal.com\/blog\/2020\/03\/26\/timo-salonen-gagne-son-premier-rallye-raid-en-egypte\/#primaryimage\"},\"thumbnailUrl\":\"https:\/\/www.carideal.com\/blog\/wp-content\/uploads\/2020\/03\/timo-salonen-zx-rallye-raid.jpg\",\"keywords\":[\"Citroen Rallye &amp; raid\"],\"articleSection\":[\"Sport Automobile\"],\"inLanguage\":\"fr-FR\",\"potentialAction\":[{\"@type\":\"CommentAction\",\"name\":\"Comment\",\"target\":[\"https:\/\/www.carideal.com\/blog\/2020\/03\/26\/timo-salonen-gagne-son-premier-rallye-raid-en-egypte\/#respond\"]}]},{\"@type\":\"WebPage\",\"@id\":\"https:\/\/www.carideal.com\/blog\/2020\/03\/26\/timo-salonen-gagne-son-premier-rallye-raid-en-egypte\/\",\"url\":\"https:\/\/www.carideal.com\/blog\/2020\/03\/26\/timo-salonen-gagne-son-premier-rallye-raid-en-egypte\/\",\"name\":\"Timo Salonen gagne son premier rallye raid en \u00c9gypte - Blog auto Carid\u00e9al\",\"isPartOf\":{\"@id\":\"https:\/\/www.carideal.com\/blog\/#website\"},\"primaryImageOfPage\":{\"@id\":\"https:\/\/www.carideal.com\/blog\/2020\/03\/26\/timo-salonen-gagne-son-premier-rallye-raid-en-egypte\/#primaryimage\"},\"image\":{\"@id\":\"https:\/\/www.carideal.com\/blog\/2020\/03\/26\/timo-salonen-gagne-son-premier-rallye-raid-en-egypte\/#primaryimage\"},\"thumbnailUrl\":\"https:\/\/www.carideal.com\/blog\/wp-content\/uploads\/2020\/03\/timo-salonen-zx-rallye-raid.jpg\",\"datePublished\":\"2020-03-26T14:50:14+00:00\",\"dateModified\":\"2020-03-26T14:57:37+00:00\",\"description\":\"La Finlande est pourvoyeuse de nombreux pilotes de rallye, dont beaucoup sont devenus champions du monde. Timo Salonen, qui d\u00e9bute dans la discipline en 1970, le devient en 1985\",\"breadcrumb\":{\"@id\":\"https:\/\/www.carideal.com\/blog\/2020\/03\/26\/timo-salonen-gagne-son-premier-rallye-raid-en-egypte\/#breadcrumb\"},\"inLanguage\":\"fr-FR\",\"potentialAction\":[{\"@type\":\"ReadAction\",\"target\":[\"https:\/\/www.carideal.com\/blog\/2020\/03\/26\/timo-salonen-gagne-son-premier-rallye-raid-en-egypte\/\"]}]},{\"@type\":\"ImageObject\",\"inLanguage\":\"fr-FR\",\"@id\":\"https:\/\/www.carideal.com\/blog\/2020\/03\/26\/timo-salonen-gagne-son-premier-rallye-raid-en-egypte\/#primaryimage\",\"url\":\"https:\/\/www.carideal.com\/blog\/wp-content\/uploads\/2020\/03\/timo-salonen-zx-rallye-raid.jpg\",\"contentUrl\":\"https:\/\/www.carideal.com\/blog\/wp-content\/uploads\/2020\/03\/timo-salonen-zx-rallye-raid.jpg\",\"width\":259,\"height\":194,\"caption\":\"Timo Salonen sur ZX Rallye Raid\"},{\"@type\":\"BreadcrumbList\",\"@id\":\"https:\/\/www.carideal.com\/blog\/2020\/03\/26\/timo-salonen-gagne-son-premier-rallye-raid-en-egypte\/#breadcrumb\",\"itemListElement\":[{\"@type\":\"ListItem\",\"position\":1,\"name\":\"Blog Carid\u00e9al\",\"item\":\"https:\/\/www.carideal.com\/blog\/\"},{\"@type\":\"ListItem\",\"position\":2,\"name\":\"Sport Automobile\",\"item\":\"https:\/\/www.carideal.com\/blog\/sport-auto\/\"},{\"@type\":\"ListItem\",\"position\":3,\"name\":\"Timo Salonen gagne son premier rallye raid en \u00c9gypte\"}]},{\"@type\":\"WebSite\",\"@id\":\"https:\/\/www.carideal.com\/blog\/#website\",\"url\":\"https:\/\/www.carideal.com\/blog\/\",\"name\":\"Blog auto Carid\u00e9al\",\"description\":\"Actualit\u00e9 auto par des passionn\u00e9s\",\"publisher\":{\"@id\":\"https:\/\/www.carideal.com\/blog\/#organization\"},\"potentialAction\":[{\"@type\":\"SearchAction\",\"target\":{\"@type\":\"EntryPoint\",\"urlTemplate\":\"https:\/\/www.carideal.com\/blog\/?s={search_term_string}\"},\"query-input\":{\"@type\":\"PropertyValueSpecification\",\"valueRequired\":true,\"valueName\":\"search_term_string\"}}],\"inLanguage\":\"fr-FR\"},{\"@type\":\"Organization\",\"@id\":\"https:\/\/www.carideal.com\/blog\/#organization\",\"name\":\"Carideal\",\"url\":\"https:\/\/www.carideal.com\/blog\/\",\"logo\":{\"@type\":\"ImageObject\",\"inLanguage\":\"fr-FR\",\"@id\":\"https:\/\/www.carideal.com\/blog\/#\/schema\/logo\/image\/\",\"url\":\"http:\/\/www.carideal.com\/blog\/wp-content\/uploads\/2016\/03\/logo-carideal-mandataire-automobile.png\",\"contentUrl\":\"http:\/\/www.carideal.com\/blog\/wp-content\/uploads\/2016\/03\/logo-carideal-mandataire-automobile.png\",\"width\":300,\"height\":300,\"caption\":\"Carideal\"},\"image\":{\"@id\":\"https:\/\/www.carideal.com\/blog\/#\/schema\/logo\/image\/\"},\"sameAs\":[\"https:\/\/www.facebook.com\/Carideal.mandataire.automobile\",\"https:\/\/x.com\/caridealauto\",\"https:\/\/www.instagram.com\/carideal1\/\",\"https:\/\/www.linkedin.com\/company\/carideal.com\",\"https:\/\/fr.pinterest.com\/schiavonsas\/\",\"https:\/\/www.youtube.com\/user\/caridealsas\"]},{\"@type\":\"Person\",\"@id\":\"https:\/\/www.carideal.com\/blog\/#\/schema\/person\/cd95dc7919660de90d31b366f85be1ec\",\"name\":\"Nicolas SCHIAVON\",\"image\":{\"@type\":\"ImageObject\",\"inLanguage\":\"fr-FR\",\"@id\":\"https:\/\/www.carideal.com\/blog\/#\/schema\/person\/image\/\",\"url\":\"https:\/\/secure.gravatar.com\/avatar\/c17e55009e671d92cc7f5dc837dc418a?s=96&r=g\",\"contentUrl\":\"https:\/\/secure.gravatar.com\/avatar\/c17e55009e671d92cc7f5dc837dc418a?s=96&r=g\",\"caption\":\"Nicolas SCHIAVON\"},\"description\":\"Nicolas Schiavon est tomb\u00e9 tout petit dans la marmite automobile. Ayant eu un garage de marque automobile, mandataire automobile de la premi\u00e8re heure d\u00e8s 1999. Nicolas a cr\u00e9\u00e9 ces premiers sites de vente de voiture et blog automobile d\u00e8s 1994. Carideal est n\u00e9 le 15 d\u00e9cembre 2000 de la volont\u00e9 de vendre des voitures d'occasions en ligne puis des voitures neuves. Il a pu essayer beaucoup de voitures tr\u00e8s diff\u00e9rentes et ayant eu personnellement quelques belles autos, Subaru Impreza, Mitsubishi Lancer Evo 7, Porsche 911, Ferrari Testarrossa, Audi RS3, RS4 et j'en passe...\",\"sameAs\":[\"http:\/\/www.carideal.com\",\"https:\/\/www.facebook.com\/nicolas.schiavon.39\",\"https:\/\/www.instagram.com\/carideal1\/\",\"https:\/\/www.linkedin.com\/in\/nschiavon\/\",\"https:\/\/x.com\/caridealauto\",\"https:\/\/www.youtube.com\/user\/caridealsas\/\"],\"url\":\"https:\/\/www.carideal.com\/blog\/author\/nschiavon\/\"}]}<\/script>\n<!-- \/ Yoast SEO plugin. -->","yoast_head_json":{"title":"Timo Salonen gagne son premier rallye raid en \u00c9gypte - Blog auto Carid\u00e9al","description":"La Finlande est pourvoyeuse de nombreux pilotes de rallye, dont beaucoup sont devenus champions du monde. Timo Salonen, qui d\u00e9bute dans la discipline en 1970, le devient en 1985","robots":{"index":"index","follow":"follow","max-snippet":"max-snippet:-1","max-image-preview":"max-image-preview:large","max-video-preview":"max-video-preview:-1"},"canonical":"https:\/\/www.carideal.com\/blog\/2020\/03\/26\/timo-salonen-gagne-son-premier-rallye-raid-en-egypte\/","og_locale":"fr_FR","og_type":"article","og_title":"Timo Salonen gagne son premier rallye raid en \u00c9gypte - Blog auto Carid\u00e9al","og_description":"La Finlande est pourvoyeuse de nombreux pilotes de rallye, dont beaucoup sont devenus champions du monde. Timo Salonen, qui d\u00e9bute dans la discipline en 1970, le devient en 1985","og_url":"https:\/\/www.carideal.com\/blog\/2020\/03\/26\/timo-salonen-gagne-son-premier-rallye-raid-en-egypte\/","og_site_name":"Blog auto Carid\u00e9al","article_publisher":"https:\/\/www.facebook.com\/Carideal.mandataire.automobile","article_author":"https:\/\/www.facebook.com\/nicolas.schiavon.39","article_published_time":"2020-03-26T14:50:14+00:00","article_modified_time":"2020-03-26T14:57:37+00:00","og_image":[{"width":259,"height":194,"url":"https:\/\/www.carideal.com\/blog\/wp-content\/uploads\/2020\/03\/timo-salonen-zx-rallye-raid.jpg","type":"image\/jpeg"}],"author":"Nicolas SCHIAVON","twitter_card":"summary_large_image","twitter_creator":"@caridealauto","twitter_site":"@caridealauto","twitter_misc":{"\u00c9crit par":"Nicolas SCHIAVON","Dur\u00e9e de lecture estim\u00e9e":"2 minutes"},"schema":{"@context":"https:\/\/schema.org","@graph":[{"@type":"Article","@id":"https:\/\/www.carideal.com\/blog\/2020\/03\/26\/timo-salonen-gagne-son-premier-rallye-raid-en-egypte\/#article","isPartOf":{"@id":"https:\/\/www.carideal.com\/blog\/2020\/03\/26\/timo-salonen-gagne-son-premier-rallye-raid-en-egypte\/"},"author":{"name":"Nicolas SCHIAVON","@id":"https:\/\/www.carideal.com\/blog\/#\/schema\/person\/cd95dc7919660de90d31b366f85be1ec"},"headline":"Timo Salonen gagne son premier rallye raid en \u00c9gypte","datePublished":"2020-03-26T14:50:14+00:00","dateModified":"2020-03-26T14:57:37+00:00","mainEntityOfPage":{"@id":"https:\/\/www.carideal.com\/blog\/2020\/03\/26\/timo-salonen-gagne-son-premier-rallye-raid-en-egypte\/"},"wordCount":327,"commentCount":0,"publisher":{"@id":"https:\/\/www.carideal.com\/blog\/#organization"},"image":{"@id":"https:\/\/www.carideal.com\/blog\/2020\/03\/26\/timo-salonen-gagne-son-premier-rallye-raid-en-egypte\/#primaryimage"},"thumbnailUrl":"https:\/\/www.carideal.com\/blog\/wp-content\/uploads\/2020\/03\/timo-salonen-zx-rallye-raid.jpg","keywords":["Citroen Rallye &amp; raid"],"articleSection":["Sport Automobile"],"inLanguage":"fr-FR","potentialAction":[{"@type":"CommentAction","name":"Comment","target":["https:\/\/www.carideal.com\/blog\/2020\/03\/26\/timo-salonen-gagne-son-premier-rallye-raid-en-egypte\/#respond"]}]},{"@type":"WebPage","@id":"https:\/\/www.carideal.com\/blog\/2020\/03\/26\/timo-salonen-gagne-son-premier-rallye-raid-en-egypte\/","url":"https:\/\/www.carideal.com\/blog\/2020\/03\/26\/timo-salonen-gagne-son-premier-rallye-raid-en-egypte\/","name":"Timo Salonen gagne son premier rallye raid en \u00c9gypte - Blog auto Carid\u00e9al","isPartOf":{"@id":"https:\/\/www.carideal.com\/blog\/#website"},"primaryImageOfPage":{"@id":"https:\/\/www.carideal.com\/blog\/2020\/03\/26\/timo-salonen-gagne-son-premier-rallye-raid-en-egypte\/#primaryimage"},"image":{"@id":"https:\/\/www.carideal.com\/blog\/2020\/03\/26\/timo-salonen-gagne-son-premier-rallye-raid-en-egypte\/#primaryimage"},"thumbnailUrl":"https:\/\/www.carideal.com\/blog\/wp-content\/uploads\/2020\/03\/timo-salonen-zx-rallye-raid.jpg","datePublished":"2020-03-26T14:50:14+00:00","dateModified":"2020-03-26T14:57:37+00:00","description":"La Finlande est pourvoyeuse de nombreux pilotes de rallye, dont beaucoup sont devenus champions du monde. Timo Salonen, qui d\u00e9bute dans la discipline en 1970, le devient en 1985","breadcrumb":{"@id":"https:\/\/www.carideal.com\/blog\/2020\/03\/26\/timo-salonen-gagne-son-premier-rallye-raid-en-egypte\/#breadcrumb"},"inLanguage":"fr-FR","potentialAction":[{"@type":"ReadAction","target":["https:\/\/www.carideal.com\/blog\/2020\/03\/26\/timo-salonen-gagne-son-premier-rallye-raid-en-egypte\/"]}]},{"@type":"ImageObject","inLanguage":"fr-FR","@id":"https:\/\/www.carideal.com\/blog\/2020\/03\/26\/timo-salonen-gagne-son-premier-rallye-raid-en-egypte\/#primaryimage","url":"https:\/\/www.carideal.com\/blog\/wp-content\/uploads\/2020\/03\/timo-salonen-zx-rallye-raid.jpg","contentUrl":"https:\/\/www.carideal.com\/blog\/wp-content\/uploads\/2020\/03\/timo-salonen-zx-rallye-raid.jpg","width":259,"height":194,"caption":"Timo Salonen sur ZX Rallye Raid"},{"@type":"BreadcrumbList","@id":"https:\/\/www.carideal.com\/blog\/2020\/03\/26\/timo-salonen-gagne-son-premier-rallye-raid-en-egypte\/#breadcrumb","itemListElement":[{"@type":"ListItem","position":1,"name":"Blog Carid\u00e9al","item":"https:\/\/www.carideal.com\/blog\/"},{"@type":"ListItem","position":2,"name":"Sport Automobile","item":"https:\/\/www.carideal.com\/blog\/sport-auto\/"},{"@type":"ListItem","position":3,"name":"Timo Salonen gagne son premier rallye raid en \u00c9gypte"}]},{"@type":"WebSite","@id":"https:\/\/www.carideal.com\/blog\/#website","url":"https:\/\/www.carideal.com\/blog\/","name":"Blog auto Carid\u00e9al","description":"Actualit\u00e9 auto par des passionn\u00e9s","publisher":{"@id":"https:\/\/www.carideal.com\/blog\/#organization"},"potentialAction":[{"@type":"SearchAction","target":{"@type":"EntryPoint","urlTemplate":"https:\/\/www.carideal.com\/blog\/?s={search_term_string}"},"query-input":{"@type":"PropertyValueSpecification","valueRequired":true,"valueName":"search_term_string"}}],"inLanguage":"fr-FR"},{"@type":"Organization","@id":"https:\/\/www.carideal.com\/blog\/#organization","name":"Carideal","url":"https:\/\/www.carideal.com\/blog\/","logo":{"@type":"ImageObject","inLanguage":"fr-FR","@id":"https:\/\/www.carideal.com\/blog\/#\/schema\/logo\/image\/","url":"http:\/\/www.carideal.com\/blog\/wp-content\/uploads\/2016\/03\/logo-carideal-mandataire-automobile.png","contentUrl":"http:\/\/www.carideal.com\/blog\/wp-content\/uploads\/2016\/03\/logo-carideal-mandataire-automobile.png","width":300,"height":300,"caption":"Carideal"},"image":{"@id":"https:\/\/www.carideal.com\/blog\/#\/schema\/logo\/image\/"},"sameAs":["https:\/\/www.facebook.com\/Carideal.mandataire.automobile","https:\/\/x.com\/caridealauto","https:\/\/www.instagram.com\/carideal1\/","https:\/\/www.linkedin.com\/company\/carideal.com","https:\/\/fr.pinterest.com\/schiavonsas\/","https:\/\/www.youtube.com\/user\/caridealsas"]},{"@type":"Person","@id":"https:\/\/www.carideal.com\/blog\/#\/schema\/person\/cd95dc7919660de90d31b366f85be1ec","name":"Nicolas SCHIAVON","image":{"@type":"ImageObject","inLanguage":"fr-FR","@id":"https:\/\/www.carideal.com\/blog\/#\/schema\/person\/image\/","url":"https:\/\/secure.gravatar.com\/avatar\/c17e55009e671d92cc7f5dc837dc418a?s=96&r=g","contentUrl":"https:\/\/secure.gravatar.com\/avatar\/c17e55009e671d92cc7f5dc837dc418a?s=96&r=g","caption":"Nicolas SCHIAVON"},"description":"Nicolas Schiavon est tomb\u00e9 tout petit dans la marmite automobile. Ayant eu un garage de marque automobile, mandataire automobile de la premi\u00e8re heure d\u00e8s 1999. Nicolas a cr\u00e9\u00e9 ces premiers sites de vente de voiture et blog automobile d\u00e8s 1994. Carideal est n\u00e9 le 15 d\u00e9cembre 2000 de la volont\u00e9 de vendre des voitures d'occasions en ligne puis des voitures neuves. Il a pu essayer beaucoup de voitures tr\u00e8s diff\u00e9rentes et ayant eu personnellement quelques belles autos, Subaru Impreza, Mitsubishi Lancer Evo 7, Porsche 911, Ferrari Testarrossa, Audi RS3, RS4 et j'en passe...","sameAs":["http:\/\/www.carideal.com","https:\/\/www.facebook.com\/nicolas.schiavon.39","https:\/\/www.instagram.com\/carideal1\/","https:\/\/www.linkedin.com\/in\/nschiavon\/","https:\/\/x.com\/caridealauto","https:\/\/www.youtube.com\/user\/caridealsas\/"],"url":"https:\/\/www.carideal.com\/blog\/author\/nschiavon\/"}]}},"uagb_featured_image_src":{"full":["https:\/\/www.carideal.com\/blog\/wp-content\/uploads\/2020\/03\/timo-salonen-zx-rallye-raid.jpg",259,194,false],"thumbnail":["https:\/\/www.carideal.com\/blog\/wp-content\/uploads\/2020\/03\/timo-salonen-zx-rallye-raid-150x150.jpg",150,150,true],"medium":["https:\/\/www.carideal.com\/blog\/wp-content\/uploads\/2020\/03\/timo-salonen-zx-rallye-raid.jpg",259,194,false],"medium_large":["https:\/\/www.carideal.com\/blog\/wp-content\/uploads\/2020\/03\/timo-salonen-zx-rallye-raid.jpg",259,194,false],"large":["https:\/\/www.carideal.com\/blog\/wp-content\/uploads\/2020\/03\/timo-salonen-zx-rallye-raid.jpg",259,194,false],"1536x1536":["https:\/\/www.carideal.com\/blog\/wp-content\/uploads\/2020\/03\/timo-salonen-zx-rallye-raid.jpg",259,194,false],"2048x2048":["https:\/\/www.carideal.com\/blog\/wp-content\/uploads\/2020\/03\/timo-salonen-zx-rallye-raid.jpg",259,194,false],"wppr-widget":["https:\/\/www.carideal.com\/blog\/wp-content\/uploads\/2020\/03\/timo-salonen-zx-rallye-raid-50x37.jpg",50,37,true]},"uagb_author_info":{"display_name":"Nicolas SCHIAVON","author_link":"https:\/\/www.carideal.com\/blog\/author\/nschiavon\/"},"uagb_comment_info":0,"uagb_excerpt":"Timo Salonen, l'homme qui venait du froid, gagne son premier rallye raid sous le soleil d'\u00c9gypte, lors du rallye des Pharaons 1993 La Finlande est pourvoyeuse de nombreux pilotes de rallye, dont beaucoup sont devenus champions du monde. Timo Salonen, qui d\u00e9bute dans la discipline en 1970, le devient en 1985, avec Peugeot (205 Turbo\u2026","_links":{"self":[{"href":"https:\/\/www.carideal.com\/blog\/wp-json\/wp\/v2\/posts\/24790"}],"collection":[{"href":"https:\/\/www.carideal.com\/blog\/wp-json\/wp\/v2\/posts"}],"about":[{"href":"https:\/\/www.carideal.com\/blog\/wp-json\/wp\/v2\/types\/post"}],"author":[{"embeddable":true,"href":"https:\/\/www.carideal.com\/blog\/wp-json\/wp\/v2\/users\/3"}],"replies":[{"embeddable":true,"href":"https:\/\/www.carideal.com\/blog\/wp-json\/wp\/v2\/comments?post=24790"}],"version-history":[{"count":0,"href":"https:\/\/www.carideal.com\/blog\/wp-json\/wp\/v2\/posts\/24790\/revisions"}],"wp:featuredmedia":[{"embeddable":true,"href":"https:\/\/www.carideal.com\/blog\/wp-json\/wp\/v2\/media\/24791"}],"wp:attachment":[{"href":"https:\/\/www.carideal.com\/blog\/wp-json\/wp\/v2\/media?parent=24790"}],"wp:term":[{"taxonomy":"category","embeddable":true,"href":"https:\/\/www.carideal.com\/blog\/wp-json\/wp\/v2\/categories?post=24790"},{"taxonomy":"post_tag","embeddable":true,"href":"https:\/\/www.carideal.com\/blog\/wp-json\/wp\/v2\/tags?post=24790"}],"curies":[{"name":"wp","href":"https:\/\/api.w.org\/{rel}","templated":true}]}}