{"id":24679,"date":"2020-03-20T09:34:27","date_gmt":"2020-03-20T08:34:27","guid":{"rendered":"http:\/\/www.carideal.com\/blog\/?p=24679"},"modified":"2020-04-02T18:27:54","modified_gmt":"2020-04-02T16:27:54","slug":"pierre-lartigue-conduisait-la-2cv-de-ses-parents-dans-la-cours-de-la-ferme-familiale","status":"publish","type":"post","link":"https:\/\/www.carideal.com\/blog\/2020\/03\/20\/pierre-lartigue-conduisait-la-2cv-de-ses-parents-dans-la-cours-de-la-ferme-familiale\/","title":{"rendered":"Pierre Lartigue conduisait la 2CV de ses parents dans la cours de la ferme familiale."},"content":{"rendered":"\n<p class=\"has-medium-font-size\">Enfant, <strong>Pierre Lartigue<\/strong> conduisait la 2CV de ses parents dans la cours de la ferme familiale. Un heureux pr\u00e9sage.<\/p>\n\n\n\n<figure class=\"wp-block-image size-full\"><img decoding=\"async\" src=\"http:\/\/www.carideal.com\/blog\/wp-content\/uploads\/2020\/03\/pierre-lartigue-baja-italia.jpg\" alt=\"En 1995, le duo Lartigue P\u00e9rin encha\u00eene les victoires : Dakar Tunisie, Atlas, la Baja Aragon, ou encore ici la Baja Italia\" class=\"wp-image-24685\"\/><figcaption>En 1995, le duo Lartigue P\u00e9rin encha\u00eene les victoires : Dakar Tunisie, Atlas, la Baja Aragon, ou encore ici la Baja Italia<\/figcaption><\/figure>\n\n\n\n<p>Pierre Lartigue est aux rallyes raids ce que <a href=\"http:\/\/www.carideal.com\/blog\/2014\/01\/10\/sebatien-loeb-9-champion-monde-wrc\/\">S\u00e9bastien Loeb<\/a> est aujourd'hui en WRC. Autant dire que <a href=\"http:\/\/www.carideal.com\/blog\/marque-de-voiture-actualites-essais\/citroen\/\">Citro\u00ebn<\/a> peut se r\u00e9jouir de l'avoir eu dans ses rangs. Mais avant de devenir ce pilote \u00e9m\u00e9rite, Pierre Lartigue se fait tout d'abord la main sur la <a href=\"http:\/\/www.carideal.com\/blog\/2020\/04\/02\/citroen-2-cv-fera-le-bonheur-de-plusieurs-generations-de-conducteur-aventuriers\/\">2 CV<\/a> de ses parents, dans la cour de la ferme familiale de Mostaganem, dans l'Alg\u00e9rie des ann\u00e9es 1950. <\/p>\n\n\n\n<div class=\"wp-block-columns is-layout-flex wp-container-core-columns-is-layout-1 wp-block-columns-is-layout-flex\">\n<div class=\"wp-block-column is-layout-flow wp-block-column-is-layout-flow\">\n<p>Pierre Lartigue est n\u00e9 le 22 octobre 1948<\/p>\n\n\n\n<p><strong>Nationalit\u00e9<\/strong> : fran\u00e7aise<\/p>\n\n\n\n<p><strong>Principaux succ\u00e8s :<\/strong> 4 fois vainqueur de la coupe du monde FIA des rallyes tout-terrain (1993 \u00e0 1996), 3 fois vainqueur du Dakar (1994 \u00e0 1996)<\/p>\n<\/div>\n\n\n\n<div class=\"wp-block-column is-layout-flow wp-block-column-is-layout-flow\">\n<div class=\"wp-block-image\"><figure class=\"aligncenter size-full\"><img loading=\"lazy\" decoding=\"async\" width=\"300\" height=\"208\" src=\"http:\/\/www.carideal.com\/blog\/wp-content\/uploads\/2020\/03\/citroen-zx-rallye-raid-pierre-lartigue.jpg\" alt=\"La ZX Rallye Raid, pilot\u00e9e de main de maitre par Pierre Lartigue, lors du Grenade Dakar 1995\" class=\"wp-image-24681\" srcset=\"https:\/\/www.carideal.com\/blog\/wp-content\/uploads\/2020\/03\/citroen-zx-rallye-raid-pierre-lartigue.jpg 300w, https:\/\/www.carideal.com\/blog\/wp-content\/uploads\/2020\/03\/citroen-zx-rallye-raid-pierre-lartigue-50x35.jpg 50w, https:\/\/www.carideal.com\/blog\/wp-content\/uploads\/2020\/03\/citroen-zx-rallye-raid-pierre-lartigue-110x76.jpg 110w\" sizes=\"(max-width: 300px) 100vw, 300px\" \/><figcaption>La ZX Rallye Raid, pilot\u00e9e de main de maitre par Pierre Lartigue, lors du Grenade Dakar 1995<\/figcaption><\/figure><\/div>\n<\/div>\n<\/div>\n\n\n\n<p>Enfant, sa petite taille le dessert. Pour obtenir une visibilit\u00e9 suffisante, il n'h\u00e9site pas \u00e0 installer une caisse sur le si\u00e8ge du conducteur. D\u00e9but d'une vocation\u2026 Un peu plus tard, la famille rejoint la m\u00e9tropole, suite au d\u00e9c\u00e8s de M. Lartigue p\u00e8re. <\/p>\n\n\n\n<iframe loading=\"lazy\" width=\"560\" height=\"315\" src=\"https:\/\/www.youtube.com\/embed\/rV3xYqdKx_A\" frameborder=\"0\" allow=\"accelerometer; autoplay; encrypted-media; gyroscope; picture-in-picture\" allowfullscreen=\"\"><\/iframe>\n\n\n\n<p>L\u00e0, Pierre accepte un poste de chauffeur routier, pour subvenir aux besoins de ses proches. Le volant d'un camion, c'est bien. Celui d'une voiture de sport, c'est mieux. Pour assouvir sa passion, le futur roi du <a href=\"http:\/\/www.carideal.com\/blog\/2016\/12\/24\/histoire-du-rallye-dakar\/\">Dakar<\/a> met un pied en rallye, notamment sur terre, \u00e0 partir de 1972.11 s'initie sur quelques Peugeot 104 et 504. <\/p>\n\n\n\n<p>Mais en 1982 commence sa longue histoire d'amour avec le Dakar. D\u00e8s lors, il abandonne ses poids lourds pour passer pilote professionnel. Tout d'abord chez <a href=\"http:\/\/www.carideal.com\/blog\/2013\/01\/30\/lada-rejoint-l-alliance\/\">Lada<\/a>, puis Mitsubishi, avant de rejoindre Citro\u00ebn en 1992 : apr\u00e8s les d\u00e9parts annonc\u00e9s d'<a href=\"http:\/\/www.carideal.com\/blog\/2020\/03\/29\/ari-vatanen-est-de-la-race-des-seigneurs\/\">Ari Vatanen<\/a> et de <a href=\"http:\/\/www.carideal.com\/blog\/2016\/12\/28\/jacky-ickx-pilote-de-f1-gagne-dakar\/\">Jacky Ickx<\/a>, le Team doit trouver de nouvelles pointures \u00e0 la fin de cette \u00e9dition du Dakar. Une \u00e9dition qui arrive en r\u00e9alit\u00e9 au Cap, en Afrique du Sud. <\/p>\n\n\n\n<div class=\"wp-block-image\"><figure class=\"aligncenter size-large\"><img loading=\"lazy\" decoding=\"async\" width=\"500\" height=\"334\" src=\"http:\/\/www.carideal.com\/blog\/wp-content\/uploads\/2020\/03\/pierre-lartigue-criterium-alpin.jpg\" alt=\"Pierre Lartigue au crit\u00e9rium Alpin\" class=\"wp-image-24684\" srcset=\"https:\/\/www.carideal.com\/blog\/wp-content\/uploads\/2020\/03\/pierre-lartigue-criterium-alpin.jpg 500w, https:\/\/www.carideal.com\/blog\/wp-content\/uploads\/2020\/03\/pierre-lartigue-criterium-alpin-300x200.jpg 300w, https:\/\/www.carideal.com\/blog\/wp-content\/uploads\/2020\/03\/pierre-lartigue-criterium-alpin-50x33.jpg 50w, https:\/\/www.carideal.com\/blog\/wp-content\/uploads\/2020\/03\/pierre-lartigue-criterium-alpin-110x73.jpg 110w, https:\/\/www.carideal.com\/blog\/wp-content\/uploads\/2020\/03\/pierre-lartigue-criterium-alpin-420x281.jpg 420w, https:\/\/www.carideal.com\/blog\/wp-content\/uploads\/2020\/03\/pierre-lartigue-criterium-alpin-272x182.jpg 272w\" sizes=\"(max-width: 500px) 100vw, 500px\" \/><figcaption>Pierre Lartigue au crit\u00e9rium Alpin en 1972<\/figcaption><\/figure><\/div>\n\n\n\n<p>Lartigue doit s'y contenter d'une septi\u00e8me place. Mais sa d\u00e9ception est de courte dur\u00e9e, puisqu'il s'impose au printemps sur le rallye de Tunisie, puis sur le Paris-P\u00e9kin, soixante ans apr\u00e8s la fameuse Croisi\u00e8re Jaune. Leader incontestable chez Citro\u00ebn, il fait \u00e9quipe avec <a href=\"http:\/\/www.carideal.com\/blog\/2020\/03\/21\/michel-perin-a-forme-avec-pierre-lartigue-un-duo-efficace\/\">Michel P\u00e9rin<\/a> et, d\u00e8s 1993, s'adjuge sa premi\u00e8re Coupe du monde des rallyes tout terrain. <\/p>\n\n\n\n<h4 class=\"wp-block-heading\">Articles similaires<\/h4>\n\n\n\n\n\n<div style=\"height:50px\" aria-hidden=\"true\" class=\"wp-block-spacer\"><\/div>\n\n\n\n<p>En 1994, la marque lance son \u00c9volution 5, \u00e0 laquelle Lartigue s'adapte avec maestria, puisqu'il remporte une deuxi\u00e8me Coupe du monde, puis une troisi\u00e8me et enfin une quatri\u00e8me et derni\u00e8re cons\u00e9cutive en 1996. Entre-temps, il s'impose \u00e0 trois reprises sur le Dakar, entre 1994 et 1996 \u2014 seul Vatanen a fait mieux, en y dominant quatre fois ses concurrents, dont une sous les couleurs de Citro\u00ebn, en 1991. <\/p>\n\n\n\n<p>Pour la derni\u00e8re ann\u00e9e de comp\u00e9tition de la marque dans cette discipline, la Coupe du monde lui \u00e9chappe, au profit d'Ari Vatanen. Son palmar\u00e8s est tout de m\u00eame \u00e9loquent : quatre Coupes du monde, vingt victoires et neuf deuxi\u00e8mes places sur trente-deux participations \u00e0 des rallyes raids avec la marque aux chevrons, de 1992 \u00e0 1997. <\/p>\n\n\n\n<p>Apr\u00e8s le retrait de Citro\u00ebn, il poursuit sa carri\u00e8re quelques saisons, sans conna\u00eetre le m\u00eame succ\u00e8s. Mais \u00e0 60 ans, \u00ab Pierrot l'Africain \u00bb, n'a pas perdu la main\u2026, comme en t\u00e9moigne sa victoire lors de la premi\u00e8re \u00e9dition de la 2 CV M\u00e9hari Cup de Cassis \u00e0 Dakar, organis\u00e9e en 2008.<\/p>\n","protected":false},"excerpt":{"rendered":"<p>Enfant, Pierre Lartigue conduisait la 2CV de ses parents dans la cours de la ferme familiale. Un heureux pr\u00e9sage. Pierre Lartigue est aux rallyes raids ce que S\u00e9bastien Loeb est aujourd&rsquo;hui en WRC. Autant dire que Citro\u00ebn peut se r\u00e9jouir de l&rsquo;avoir eu dans ses rangs. Mais avant de devenir ce pilote \u00e9m\u00e9rite, Pierre Lartigue &#8230; <a title=\"Pierre Lartigue conduisait la 2CV de ses parents dans la cours de la ferme familiale.\" class=\"read-more\" href=\"https:\/\/www.carideal.com\/blog\/2020\/03\/20\/pierre-lartigue-conduisait-la-2cv-de-ses-parents-dans-la-cours-de-la-ferme-familiale\/\" aria-label=\"En savoir plus sur Pierre Lartigue conduisait la 2CV de ses parents dans la cours de la ferme familiale.\">Lire plus<\/a><\/p>\n","protected":false},"author":3,"featured_media":24685,"comment_status":"open","ping_status":"open","sticky":false,"template":"","format":"standard","meta":{"_uag_custom_page_level_css":"","_themeisle_gutenberg_block_has_review":false,"footnotes":""},"categories":[6160,16],"tags":[17230],"class_list":["post-24679","post","type-post","status-publish","format-standard","has-post-thumbnail","hentry","category-wrc","category-sport-auto","tag-citroen-rallye-raid"],"wppr_data":{"cwp_meta_box_check":"No"},"yoast_head":"<!-- This site is optimized with the Yoast SEO plugin v24.8.1 - https:\/\/yoast.com\/wordpress\/plugins\/seo\/ -->\n<title>Pierre Lartigue conduisait la 2CV de ses parents dans la cours de la ferme familiale. - Blog auto Carid\u00e9al<\/title>\n<meta name=\"description\" content=\"Enfant, Pierre Lartigue conduisait la 2CV de ses parents dans la cours de la ferme familiale. Un heureux pr\u00e9sage. Il est aux rallyes raids ce que S\u00e9bastien Loeb est aujourd&#039;hui en WRC\" \/>\n<meta name=\"robots\" content=\"index, follow, max-snippet:-1, max-image-preview:large, max-video-preview:-1\" \/>\n<link rel=\"canonical\" href=\"https:\/\/www.carideal.com\/blog\/2020\/03\/20\/pierre-lartigue-conduisait-la-2cv-de-ses-parents-dans-la-cours-de-la-ferme-familiale\/\" \/>\n<meta property=\"og:locale\" content=\"fr_FR\" \/>\n<meta property=\"og:type\" content=\"article\" \/>\n<meta property=\"og:title\" content=\"Pierre Lartigue conduisait la 2CV de ses parents dans la cours de la ferme familiale. - Blog auto Carid\u00e9al\" \/>\n<meta property=\"og:description\" content=\"Enfant, Pierre Lartigue conduisait la 2CV de ses parents dans la cours de la ferme familiale. Un heureux pr\u00e9sage. Il est aux rallyes raids ce que S\u00e9bastien Loeb est aujourd&#039;hui en WRC\" \/>\n<meta property=\"og:url\" content=\"https:\/\/www.carideal.com\/blog\/2020\/03\/20\/pierre-lartigue-conduisait-la-2cv-de-ses-parents-dans-la-cours-de-la-ferme-familiale\/\" \/>\n<meta property=\"og:site_name\" content=\"Blog auto Carid\u00e9al\" \/>\n<meta property=\"article:publisher\" content=\"https:\/\/www.facebook.com\/Carideal.mandataire.automobile\" \/>\n<meta property=\"article:author\" content=\"https:\/\/www.facebook.com\/nicolas.schiavon.39\" \/>\n<meta property=\"article:published_time\" content=\"2020-03-20T08:34:27+00:00\" \/>\n<meta property=\"article:modified_time\" content=\"2020-04-02T16:27:54+00:00\" \/>\n<meta property=\"og:image\" content=\"https:\/\/www.carideal.com\/blog\/wp-content\/uploads\/2020\/03\/pierre-lartigue-baja-italia-e1584693161685.jpg\" \/>\n\t<meta property=\"og:image:width\" content=\"600\" \/>\n\t<meta property=\"og:image:height\" content=\"427\" \/>\n\t<meta property=\"og:image:type\" content=\"image\/jpeg\" \/>\n<meta name=\"author\" content=\"Nicolas SCHIAVON\" \/>\n<meta name=\"twitter:card\" content=\"summary_large_image\" \/>\n<meta name=\"twitter:creator\" content=\"@caridealauto\" \/>\n<meta name=\"twitter:site\" content=\"@caridealauto\" \/>\n<meta name=\"twitter:label1\" content=\"\u00c9crit par\" \/>\n\t<meta name=\"twitter:data1\" content=\"Nicolas SCHIAVON\" \/>\n\t<meta name=\"twitter:label2\" content=\"Dur\u00e9e de lecture estim\u00e9e\" \/>\n\t<meta name=\"twitter:data2\" content=\"3 minutes\" \/>\n<script type=\"application\/ld+json\" class=\"yoast-schema-graph\">{\"@context\":\"https:\/\/schema.org\",\"@graph\":[{\"@type\":\"Article\",\"@id\":\"https:\/\/www.carideal.com\/blog\/2020\/03\/20\/pierre-lartigue-conduisait-la-2cv-de-ses-parents-dans-la-cours-de-la-ferme-familiale\/#article\",\"isPartOf\":{\"@id\":\"https:\/\/www.carideal.com\/blog\/2020\/03\/20\/pierre-lartigue-conduisait-la-2cv-de-ses-parents-dans-la-cours-de-la-ferme-familiale\/\"},\"author\":{\"name\":\"Nicolas SCHIAVON\",\"@id\":\"https:\/\/www.carideal.com\/blog\/#\/schema\/person\/cd95dc7919660de90d31b366f85be1ec\"},\"headline\":\"Pierre Lartigue conduisait la 2CV de ses parents dans la cours de la ferme familiale.\",\"datePublished\":\"2020-03-20T08:34:27+00:00\",\"dateModified\":\"2020-04-02T16:27:54+00:00\",\"mainEntityOfPage\":{\"@id\":\"https:\/\/www.carideal.com\/blog\/2020\/03\/20\/pierre-lartigue-conduisait-la-2cv-de-ses-parents-dans-la-cours-de-la-ferme-familiale\/\"},\"wordCount\":594,\"commentCount\":0,\"publisher\":{\"@id\":\"https:\/\/www.carideal.com\/blog\/#organization\"},\"image\":{\"@id\":\"https:\/\/www.carideal.com\/blog\/2020\/03\/20\/pierre-lartigue-conduisait-la-2cv-de-ses-parents-dans-la-cours-de-la-ferme-familiale\/#primaryimage\"},\"thumbnailUrl\":\"https:\/\/www.carideal.com\/blog\/wp-content\/uploads\/2020\/03\/pierre-lartigue-baja-italia-e1584693161685.jpg\",\"keywords\":[\"Citroen Rallye &amp; raid\"],\"articleSection\":[\"Rallye WRC\",\"Sport Automobile\"],\"inLanguage\":\"fr-FR\",\"potentialAction\":[{\"@type\":\"CommentAction\",\"name\":\"Comment\",\"target\":[\"https:\/\/www.carideal.com\/blog\/2020\/03\/20\/pierre-lartigue-conduisait-la-2cv-de-ses-parents-dans-la-cours-de-la-ferme-familiale\/#respond\"]}]},{\"@type\":\"WebPage\",\"@id\":\"https:\/\/www.carideal.com\/blog\/2020\/03\/20\/pierre-lartigue-conduisait-la-2cv-de-ses-parents-dans-la-cours-de-la-ferme-familiale\/\",\"url\":\"https:\/\/www.carideal.com\/blog\/2020\/03\/20\/pierre-lartigue-conduisait-la-2cv-de-ses-parents-dans-la-cours-de-la-ferme-familiale\/\",\"name\":\"Pierre Lartigue conduisait la 2CV de ses parents dans la cours de la ferme familiale. - Blog auto Carid\u00e9al\",\"isPartOf\":{\"@id\":\"https:\/\/www.carideal.com\/blog\/#website\"},\"primaryImageOfPage\":{\"@id\":\"https:\/\/www.carideal.com\/blog\/2020\/03\/20\/pierre-lartigue-conduisait-la-2cv-de-ses-parents-dans-la-cours-de-la-ferme-familiale\/#primaryimage\"},\"image\":{\"@id\":\"https:\/\/www.carideal.com\/blog\/2020\/03\/20\/pierre-lartigue-conduisait-la-2cv-de-ses-parents-dans-la-cours-de-la-ferme-familiale\/#primaryimage\"},\"thumbnailUrl\":\"https:\/\/www.carideal.com\/blog\/wp-content\/uploads\/2020\/03\/pierre-lartigue-baja-italia-e1584693161685.jpg\",\"datePublished\":\"2020-03-20T08:34:27+00:00\",\"dateModified\":\"2020-04-02T16:27:54+00:00\",\"description\":\"Enfant, Pierre Lartigue conduisait la 2CV de ses parents dans la cours de la ferme familiale. Un heureux pr\u00e9sage. Il est aux rallyes raids ce que S\u00e9bastien Loeb est aujourd'hui en WRC\",\"breadcrumb\":{\"@id\":\"https:\/\/www.carideal.com\/blog\/2020\/03\/20\/pierre-lartigue-conduisait-la-2cv-de-ses-parents-dans-la-cours-de-la-ferme-familiale\/#breadcrumb\"},\"inLanguage\":\"fr-FR\",\"potentialAction\":[{\"@type\":\"ReadAction\",\"target\":[\"https:\/\/www.carideal.com\/blog\/2020\/03\/20\/pierre-lartigue-conduisait-la-2cv-de-ses-parents-dans-la-cours-de-la-ferme-familiale\/\"]}]},{\"@type\":\"ImageObject\",\"inLanguage\":\"fr-FR\",\"@id\":\"https:\/\/www.carideal.com\/blog\/2020\/03\/20\/pierre-lartigue-conduisait-la-2cv-de-ses-parents-dans-la-cours-de-la-ferme-familiale\/#primaryimage\",\"url\":\"https:\/\/www.carideal.com\/blog\/wp-content\/uploads\/2020\/03\/pierre-lartigue-baja-italia-e1584693161685.jpg\",\"contentUrl\":\"https:\/\/www.carideal.com\/blog\/wp-content\/uploads\/2020\/03\/pierre-lartigue-baja-italia-e1584693161685.jpg\",\"width\":600,\"height\":427,\"caption\":\"En 1995, le duo Lartigue P\u00e9rin encha\u00eene les victoires : Dakar Tunisie, Atlas, la Baja Aragon, ou encore ici la Baja Italia\"},{\"@type\":\"BreadcrumbList\",\"@id\":\"https:\/\/www.carideal.com\/blog\/2020\/03\/20\/pierre-lartigue-conduisait-la-2cv-de-ses-parents-dans-la-cours-de-la-ferme-familiale\/#breadcrumb\",\"itemListElement\":[{\"@type\":\"ListItem\",\"position\":1,\"name\":\"Blog Carid\u00e9al\",\"item\":\"https:\/\/www.carideal.com\/blog\/\"},{\"@type\":\"ListItem\",\"position\":2,\"name\":\"Sport Automobile\",\"item\":\"https:\/\/www.carideal.com\/blog\/sport-auto\/\"},{\"@type\":\"ListItem\",\"position\":3,\"name\":\"Pierre Lartigue conduisait la 2CV de ses parents dans la cours de la ferme familiale.\"}]},{\"@type\":\"WebSite\",\"@id\":\"https:\/\/www.carideal.com\/blog\/#website\",\"url\":\"https:\/\/www.carideal.com\/blog\/\",\"name\":\"Blog auto Carid\u00e9al\",\"description\":\"Actualit\u00e9 auto par des passionn\u00e9s\",\"publisher\":{\"@id\":\"https:\/\/www.carideal.com\/blog\/#organization\"},\"potentialAction\":[{\"@type\":\"SearchAction\",\"target\":{\"@type\":\"EntryPoint\",\"urlTemplate\":\"https:\/\/www.carideal.com\/blog\/?s={search_term_string}\"},\"query-input\":{\"@type\":\"PropertyValueSpecification\",\"valueRequired\":true,\"valueName\":\"search_term_string\"}}],\"inLanguage\":\"fr-FR\"},{\"@type\":\"Organization\",\"@id\":\"https:\/\/www.carideal.com\/blog\/#organization\",\"name\":\"Carideal\",\"url\":\"https:\/\/www.carideal.com\/blog\/\",\"logo\":{\"@type\":\"ImageObject\",\"inLanguage\":\"fr-FR\",\"@id\":\"https:\/\/www.carideal.com\/blog\/#\/schema\/logo\/image\/\",\"url\":\"http:\/\/www.carideal.com\/blog\/wp-content\/uploads\/2016\/03\/logo-carideal-mandataire-automobile.png\",\"contentUrl\":\"http:\/\/www.carideal.com\/blog\/wp-content\/uploads\/2016\/03\/logo-carideal-mandataire-automobile.png\",\"width\":300,\"height\":300,\"caption\":\"Carideal\"},\"image\":{\"@id\":\"https:\/\/www.carideal.com\/blog\/#\/schema\/logo\/image\/\"},\"sameAs\":[\"https:\/\/www.facebook.com\/Carideal.mandataire.automobile\",\"https:\/\/x.com\/caridealauto\",\"https:\/\/www.instagram.com\/carideal1\/\",\"https:\/\/www.linkedin.com\/company\/carideal.com\",\"https:\/\/fr.pinterest.com\/schiavonsas\/\",\"https:\/\/www.youtube.com\/user\/caridealsas\"]},{\"@type\":\"Person\",\"@id\":\"https:\/\/www.carideal.com\/blog\/#\/schema\/person\/cd95dc7919660de90d31b366f85be1ec\",\"name\":\"Nicolas SCHIAVON\",\"image\":{\"@type\":\"ImageObject\",\"inLanguage\":\"fr-FR\",\"@id\":\"https:\/\/www.carideal.com\/blog\/#\/schema\/person\/image\/\",\"url\":\"https:\/\/secure.gravatar.com\/avatar\/c17e55009e671d92cc7f5dc837dc418a?s=96&r=g\",\"contentUrl\":\"https:\/\/secure.gravatar.com\/avatar\/c17e55009e671d92cc7f5dc837dc418a?s=96&r=g\",\"caption\":\"Nicolas SCHIAVON\"},\"description\":\"Nicolas Schiavon est tomb\u00e9 tout petit dans la marmite automobile. Ayant eu un garage de marque automobile, mandataire automobile de la premi\u00e8re heure d\u00e8s 1999. Nicolas a cr\u00e9\u00e9 ces premiers sites de vente de voiture et blog automobile d\u00e8s 1994. Carideal est n\u00e9 le 15 d\u00e9cembre 2000 de la volont\u00e9 de vendre des voitures d'occasions en ligne puis des voitures neuves. Il a pu essayer beaucoup de voitures tr\u00e8s diff\u00e9rentes et ayant eu personnellement quelques belles autos, Subaru Impreza, Mitsubishi Lancer Evo 7, Porsche 911, Ferrari Testarrossa, Audi RS3, RS4 et j'en passe...\",\"sameAs\":[\"http:\/\/www.carideal.com\",\"https:\/\/www.facebook.com\/nicolas.schiavon.39\",\"https:\/\/www.instagram.com\/carideal1\/\",\"https:\/\/www.linkedin.com\/in\/nschiavon\/\",\"https:\/\/x.com\/caridealauto\",\"https:\/\/www.youtube.com\/user\/caridealsas\/\"],\"url\":\"https:\/\/www.carideal.com\/blog\/author\/nschiavon\/\"}]}<\/script>\n<!-- \/ Yoast SEO plugin. -->","yoast_head_json":{"title":"Pierre Lartigue conduisait la 2CV de ses parents dans la cours de la ferme familiale. - Blog auto Carid\u00e9al","description":"Enfant, Pierre Lartigue conduisait la 2CV de ses parents dans la cours de la ferme familiale. Un heureux pr\u00e9sage. Il est aux rallyes raids ce que S\u00e9bastien Loeb est aujourd'hui en WRC","robots":{"index":"index","follow":"follow","max-snippet":"max-snippet:-1","max-image-preview":"max-image-preview:large","max-video-preview":"max-video-preview:-1"},"canonical":"https:\/\/www.carideal.com\/blog\/2020\/03\/20\/pierre-lartigue-conduisait-la-2cv-de-ses-parents-dans-la-cours-de-la-ferme-familiale\/","og_locale":"fr_FR","og_type":"article","og_title":"Pierre Lartigue conduisait la 2CV de ses parents dans la cours de la ferme familiale. - Blog auto Carid\u00e9al","og_description":"Enfant, Pierre Lartigue conduisait la 2CV de ses parents dans la cours de la ferme familiale. Un heureux pr\u00e9sage. Il est aux rallyes raids ce que S\u00e9bastien Loeb est aujourd'hui en WRC","og_url":"https:\/\/www.carideal.com\/blog\/2020\/03\/20\/pierre-lartigue-conduisait-la-2cv-de-ses-parents-dans-la-cours-de-la-ferme-familiale\/","og_site_name":"Blog auto Carid\u00e9al","article_publisher":"https:\/\/www.facebook.com\/Carideal.mandataire.automobile","article_author":"https:\/\/www.facebook.com\/nicolas.schiavon.39","article_published_time":"2020-03-20T08:34:27+00:00","article_modified_time":"2020-04-02T16:27:54+00:00","og_image":[{"width":600,"height":427,"url":"https:\/\/www.carideal.com\/blog\/wp-content\/uploads\/2020\/03\/pierre-lartigue-baja-italia-e1584693161685.jpg","type":"image\/jpeg"}],"author":"Nicolas SCHIAVON","twitter_card":"summary_large_image","twitter_creator":"@caridealauto","twitter_site":"@caridealauto","twitter_misc":{"\u00c9crit par":"Nicolas SCHIAVON","Dur\u00e9e de lecture estim\u00e9e":"3 minutes"},"schema":{"@context":"https:\/\/schema.org","@graph":[{"@type":"Article","@id":"https:\/\/www.carideal.com\/blog\/2020\/03\/20\/pierre-lartigue-conduisait-la-2cv-de-ses-parents-dans-la-cours-de-la-ferme-familiale\/#article","isPartOf":{"@id":"https:\/\/www.carideal.com\/blog\/2020\/03\/20\/pierre-lartigue-conduisait-la-2cv-de-ses-parents-dans-la-cours-de-la-ferme-familiale\/"},"author":{"name":"Nicolas SCHIAVON","@id":"https:\/\/www.carideal.com\/blog\/#\/schema\/person\/cd95dc7919660de90d31b366f85be1ec"},"headline":"Pierre Lartigue conduisait la 2CV de ses parents dans la cours de la ferme familiale.","datePublished":"2020-03-20T08:34:27+00:00","dateModified":"2020-04-02T16:27:54+00:00","mainEntityOfPage":{"@id":"https:\/\/www.carideal.com\/blog\/2020\/03\/20\/pierre-lartigue-conduisait-la-2cv-de-ses-parents-dans-la-cours-de-la-ferme-familiale\/"},"wordCount":594,"commentCount":0,"publisher":{"@id":"https:\/\/www.carideal.com\/blog\/#organization"},"image":{"@id":"https:\/\/www.carideal.com\/blog\/2020\/03\/20\/pierre-lartigue-conduisait-la-2cv-de-ses-parents-dans-la-cours-de-la-ferme-familiale\/#primaryimage"},"thumbnailUrl":"https:\/\/www.carideal.com\/blog\/wp-content\/uploads\/2020\/03\/pierre-lartigue-baja-italia-e1584693161685.jpg","keywords":["Citroen Rallye &amp; raid"],"articleSection":["Rallye WRC","Sport Automobile"],"inLanguage":"fr-FR","potentialAction":[{"@type":"CommentAction","name":"Comment","target":["https:\/\/www.carideal.com\/blog\/2020\/03\/20\/pierre-lartigue-conduisait-la-2cv-de-ses-parents-dans-la-cours-de-la-ferme-familiale\/#respond"]}]},{"@type":"WebPage","@id":"https:\/\/www.carideal.com\/blog\/2020\/03\/20\/pierre-lartigue-conduisait-la-2cv-de-ses-parents-dans-la-cours-de-la-ferme-familiale\/","url":"https:\/\/www.carideal.com\/blog\/2020\/03\/20\/pierre-lartigue-conduisait-la-2cv-de-ses-parents-dans-la-cours-de-la-ferme-familiale\/","name":"Pierre Lartigue conduisait la 2CV de ses parents dans la cours de la ferme familiale. - Blog auto Carid\u00e9al","isPartOf":{"@id":"https:\/\/www.carideal.com\/blog\/#website"},"primaryImageOfPage":{"@id":"https:\/\/www.carideal.com\/blog\/2020\/03\/20\/pierre-lartigue-conduisait-la-2cv-de-ses-parents-dans-la-cours-de-la-ferme-familiale\/#primaryimage"},"image":{"@id":"https:\/\/www.carideal.com\/blog\/2020\/03\/20\/pierre-lartigue-conduisait-la-2cv-de-ses-parents-dans-la-cours-de-la-ferme-familiale\/#primaryimage"},"thumbnailUrl":"https:\/\/www.carideal.com\/blog\/wp-content\/uploads\/2020\/03\/pierre-lartigue-baja-italia-e1584693161685.jpg","datePublished":"2020-03-20T08:34:27+00:00","dateModified":"2020-04-02T16:27:54+00:00","description":"Enfant, Pierre Lartigue conduisait la 2CV de ses parents dans la cours de la ferme familiale. Un heureux pr\u00e9sage. Il est aux rallyes raids ce que S\u00e9bastien Loeb est aujourd'hui en WRC","breadcrumb":{"@id":"https:\/\/www.carideal.com\/blog\/2020\/03\/20\/pierre-lartigue-conduisait-la-2cv-de-ses-parents-dans-la-cours-de-la-ferme-familiale\/#breadcrumb"},"inLanguage":"fr-FR","potentialAction":[{"@type":"ReadAction","target":["https:\/\/www.carideal.com\/blog\/2020\/03\/20\/pierre-lartigue-conduisait-la-2cv-de-ses-parents-dans-la-cours-de-la-ferme-familiale\/"]}]},{"@type":"ImageObject","inLanguage":"fr-FR","@id":"https:\/\/www.carideal.com\/blog\/2020\/03\/20\/pierre-lartigue-conduisait-la-2cv-de-ses-parents-dans-la-cours-de-la-ferme-familiale\/#primaryimage","url":"https:\/\/www.carideal.com\/blog\/wp-content\/uploads\/2020\/03\/pierre-lartigue-baja-italia-e1584693161685.jpg","contentUrl":"https:\/\/www.carideal.com\/blog\/wp-content\/uploads\/2020\/03\/pierre-lartigue-baja-italia-e1584693161685.jpg","width":600,"height":427,"caption":"En 1995, le duo Lartigue P\u00e9rin encha\u00eene les victoires : Dakar Tunisie, Atlas, la Baja Aragon, ou encore ici la Baja Italia"},{"@type":"BreadcrumbList","@id":"https:\/\/www.carideal.com\/blog\/2020\/03\/20\/pierre-lartigue-conduisait-la-2cv-de-ses-parents-dans-la-cours-de-la-ferme-familiale\/#breadcrumb","itemListElement":[{"@type":"ListItem","position":1,"name":"Blog Carid\u00e9al","item":"https:\/\/www.carideal.com\/blog\/"},{"@type":"ListItem","position":2,"name":"Sport Automobile","item":"https:\/\/www.carideal.com\/blog\/sport-auto\/"},{"@type":"ListItem","position":3,"name":"Pierre Lartigue conduisait la 2CV de ses parents dans la cours de la ferme familiale."}]},{"@type":"WebSite","@id":"https:\/\/www.carideal.com\/blog\/#website","url":"https:\/\/www.carideal.com\/blog\/","name":"Blog auto Carid\u00e9al","description":"Actualit\u00e9 auto par des passionn\u00e9s","publisher":{"@id":"https:\/\/www.carideal.com\/blog\/#organization"},"potentialAction":[{"@type":"SearchAction","target":{"@type":"EntryPoint","urlTemplate":"https:\/\/www.carideal.com\/blog\/?s={search_term_string}"},"query-input":{"@type":"PropertyValueSpecification","valueRequired":true,"valueName":"search_term_string"}}],"inLanguage":"fr-FR"},{"@type":"Organization","@id":"https:\/\/www.carideal.com\/blog\/#organization","name":"Carideal","url":"https:\/\/www.carideal.com\/blog\/","logo":{"@type":"ImageObject","inLanguage":"fr-FR","@id":"https:\/\/www.carideal.com\/blog\/#\/schema\/logo\/image\/","url":"http:\/\/www.carideal.com\/blog\/wp-content\/uploads\/2016\/03\/logo-carideal-mandataire-automobile.png","contentUrl":"http:\/\/www.carideal.com\/blog\/wp-content\/uploads\/2016\/03\/logo-carideal-mandataire-automobile.png","width":300,"height":300,"caption":"Carideal"},"image":{"@id":"https:\/\/www.carideal.com\/blog\/#\/schema\/logo\/image\/"},"sameAs":["https:\/\/www.facebook.com\/Carideal.mandataire.automobile","https:\/\/x.com\/caridealauto","https:\/\/www.instagram.com\/carideal1\/","https:\/\/www.linkedin.com\/company\/carideal.com","https:\/\/fr.pinterest.com\/schiavonsas\/","https:\/\/www.youtube.com\/user\/caridealsas"]},{"@type":"Person","@id":"https:\/\/www.carideal.com\/blog\/#\/schema\/person\/cd95dc7919660de90d31b366f85be1ec","name":"Nicolas SCHIAVON","image":{"@type":"ImageObject","inLanguage":"fr-FR","@id":"https:\/\/www.carideal.com\/blog\/#\/schema\/person\/image\/","url":"https:\/\/secure.gravatar.com\/avatar\/c17e55009e671d92cc7f5dc837dc418a?s=96&r=g","contentUrl":"https:\/\/secure.gravatar.com\/avatar\/c17e55009e671d92cc7f5dc837dc418a?s=96&r=g","caption":"Nicolas SCHIAVON"},"description":"Nicolas Schiavon est tomb\u00e9 tout petit dans la marmite automobile. Ayant eu un garage de marque automobile, mandataire automobile de la premi\u00e8re heure d\u00e8s 1999. Nicolas a cr\u00e9\u00e9 ces premiers sites de vente de voiture et blog automobile d\u00e8s 1994. Carideal est n\u00e9 le 15 d\u00e9cembre 2000 de la volont\u00e9 de vendre des voitures d'occasions en ligne puis des voitures neuves. Il a pu essayer beaucoup de voitures tr\u00e8s diff\u00e9rentes et ayant eu personnellement quelques belles autos, Subaru Impreza, Mitsubishi Lancer Evo 7, Porsche 911, Ferrari Testarrossa, Audi RS3, RS4 et j'en passe...","sameAs":["http:\/\/www.carideal.com","https:\/\/www.facebook.com\/nicolas.schiavon.39","https:\/\/www.instagram.com\/carideal1\/","https:\/\/www.linkedin.com\/in\/nschiavon\/","https:\/\/x.com\/caridealauto","https:\/\/www.youtube.com\/user\/caridealsas\/"],"url":"https:\/\/www.carideal.com\/blog\/author\/nschiavon\/"}]}},"uagb_featured_image_src":{"full":["https:\/\/www.carideal.com\/blog\/wp-content\/uploads\/2020\/03\/pierre-lartigue-baja-italia-e1584693161685.jpg",600,427,false],"thumbnail":["https:\/\/www.carideal.com\/blog\/wp-content\/uploads\/2020\/03\/pierre-lartigue-baja-italia-150x150.jpg",150,150,true],"medium":["https:\/\/www.carideal.com\/blog\/wp-content\/uploads\/2020\/03\/pierre-lartigue-baja-italia-300x214.jpg",300,214,true],"medium_large":["https:\/\/www.carideal.com\/blog\/wp-content\/uploads\/2020\/03\/pierre-lartigue-baja-italia-e1584693161685.jpg",600,427,false],"large":["https:\/\/www.carideal.com\/blog\/wp-content\/uploads\/2020\/03\/pierre-lartigue-baja-italia-e1584693161685.jpg",600,427,false],"1536x1536":["https:\/\/www.carideal.com\/blog\/wp-content\/uploads\/2020\/03\/pierre-lartigue-baja-italia-e1584693161685.jpg",600,427,false],"2048x2048":["https:\/\/www.carideal.com\/blog\/wp-content\/uploads\/2020\/03\/pierre-lartigue-baja-italia-e1584693161685.jpg",600,427,false],"wppr-widget":["https:\/\/www.carideal.com\/blog\/wp-content\/uploads\/2020\/03\/pierre-lartigue-baja-italia-50x36.jpg",50,36,true]},"uagb_author_info":{"display_name":"Nicolas SCHIAVON","author_link":"https:\/\/www.carideal.com\/blog\/author\/nschiavon\/"},"uagb_comment_info":0,"uagb_excerpt":"Enfant, Pierre Lartigue conduisait la 2CV de ses parents dans la cours de la ferme familiale. Un heureux pr\u00e9sage. Pierre Lartigue est aux rallyes raids ce que S\u00e9bastien Loeb est aujourd'hui en WRC. Autant dire que Citro\u00ebn peut se r\u00e9jouir de l'avoir eu dans ses rangs. Mais avant de devenir ce pilote \u00e9m\u00e9rite, Pierre Lartigue\u2026","_links":{"self":[{"href":"https:\/\/www.carideal.com\/blog\/wp-json\/wp\/v2\/posts\/24679"}],"collection":[{"href":"https:\/\/www.carideal.com\/blog\/wp-json\/wp\/v2\/posts"}],"about":[{"href":"https:\/\/www.carideal.com\/blog\/wp-json\/wp\/v2\/types\/post"}],"author":[{"embeddable":true,"href":"https:\/\/www.carideal.com\/blog\/wp-json\/wp\/v2\/users\/3"}],"replies":[{"embeddable":true,"href":"https:\/\/www.carideal.com\/blog\/wp-json\/wp\/v2\/comments?post=24679"}],"version-history":[{"count":0,"href":"https:\/\/www.carideal.com\/blog\/wp-json\/wp\/v2\/posts\/24679\/revisions"}],"wp:featuredmedia":[{"embeddable":true,"href":"https:\/\/www.carideal.com\/blog\/wp-json\/wp\/v2\/media\/24685"}],"wp:attachment":[{"href":"https:\/\/www.carideal.com\/blog\/wp-json\/wp\/v2\/media?parent=24679"}],"wp:term":[{"taxonomy":"category","embeddable":true,"href":"https:\/\/www.carideal.com\/blog\/wp-json\/wp\/v2\/categories?post=24679"},{"taxonomy":"post_tag","embeddable":true,"href":"https:\/\/www.carideal.com\/blog\/wp-json\/wp\/v2\/tags?post=24679"}],"curies":[{"name":"wp","href":"https:\/\/api.w.org\/{rel}","templated":true}]}}