{"id":24660,"date":"2020-03-19T13:07:36","date_gmt":"2020-03-19T12:07:36","guid":{"rendered":"http:\/\/www.carideal.com\/blog\/?p=24660"},"modified":"2020-03-20T09:52:03","modified_gmt":"2020-03-20T08:52:03","slug":"philippe-bugalski-donne-ses-deux-premieres-victoires-en-wrc-a-citroen","status":"publish","type":"post","link":"https:\/\/www.carideal.com\/blog\/2020\/03\/19\/philippe-bugalski-donne-ses-deux-premieres-victoires-en-wrc-a-citroen\/","title":{"rendered":"Philippe Bugalski donne ses deux premi\u00e8res victoires en WRC \u00e0 Citro\u00ebn"},"content":{"rendered":"\n<h2 class=\"wp-block-heading\">Philippe Bugalski donne ses deux premi\u00e8res victoires en WRC \u00e0 Citro\u00ebn <\/h2>\n\n\n\n<p>Non, \u00ab Bug \u00bb n'a rien \u00e0 voir avec un probl\u00e8me quelconque. Ni informatique, ni sportif. Bien au contraire, puisqu'il s'agit du surnom d'un des meilleurs pilotes fran\u00e7ais des ann\u00e9es 1990, <strong>Philippe Bugalski<\/strong>, avec pr\u00e8s d'une trentaine de victoires en rallyes nationaux \u00e0 son actif. <\/p>\n\n\n\n<div class=\"wp-block-image\"><figure class=\"aligncenter size-large\"><img loading=\"lazy\" decoding=\"async\" width=\"500\" height=\"314\" src=\"http:\/\/www.carideal.com\/blog\/wp-content\/uploads\/2020\/03\/philippe-bugalski-tour-de-corse-1999.jpg\" alt=\"Philippe Bugalski, a bord d'une Xsara kit Car, remporte le rallye de France 1999, le fameux tour de Corse\" class=\"wp-image-24663\" srcset=\"https:\/\/www.carideal.com\/blog\/wp-content\/uploads\/2020\/03\/philippe-bugalski-tour-de-corse-1999.jpg 500w, https:\/\/www.carideal.com\/blog\/wp-content\/uploads\/2020\/03\/philippe-bugalski-tour-de-corse-1999-300x188.jpg 300w, https:\/\/www.carideal.com\/blog\/wp-content\/uploads\/2020\/03\/philippe-bugalski-tour-de-corse-1999-50x31.jpg 50w, https:\/\/www.carideal.com\/blog\/wp-content\/uploads\/2020\/03\/philippe-bugalski-tour-de-corse-1999-110x69.jpg 110w, https:\/\/www.carideal.com\/blog\/wp-content\/uploads\/2020\/03\/philippe-bugalski-tour-de-corse-1999-420x264.jpg 420w\" sizes=\"(max-width: 500px) 100vw, 500px\" \/><figcaption>Philippe Bugalski, a bord d'une Xsara kit Car, remporte le rallye de France 1999, le fameux tour de Corse<\/figcaption><\/figure><\/div>\n\n\n\n<ul class=\"wp-block-list\"><li><strong>Philippe Bugalski <\/strong>est n\u00e9 le 12 juin 1963<\/li><li><strong>Nationalit\u00e9 <\/strong>: Fran\u00e7aise<\/li><li><strong>Principaux succ\u00e8s <\/strong>: Champion de France des rallyes 1998, 1999, et 2000 ; 2 victoires en Championnat du monde des rallyes, catalogne et Corse 1999.<\/li><\/ul>\n\n\n\n<p>Philippe Bugalski donne ses premiers coups de volant en 1985, \u00e0 bord d'une Golf GTi, avant de prendre part au Championnat de France sur une Renault 5 Turbo. Longtemps fid\u00e8le \u00e0 la marque au losange, il devient champion de France 2 litres en 1995, avec une Renault Clio Maxi. Mais, fin 1997, il rejoint <a href=\"http:\/\/www.carideal.com\/blog\/marque-de-voiture-actualites-essais\/citroen\/\">Citro\u00ebn<\/a>, o\u00f9 il est associ\u00e9 au programme de d\u00e9veloppement de la Xsara Kit Car, puis WRC. <\/p>\n\n\n\n<iframe loading=\"lazy\" frameborder=\"0\" width=\"640\" height=\"360\" src=\"https:\/\/www.dailymotion.com\/embed\/video\/xtlr39\" allowfullscreen=\"\" allow=\"autoplay\"><\/iframe>\n\n\n\n<p>C'est l\u00e0 qu'il obtient ses meilleurs r\u00e9sultats, en s'octroyant trois titres cons\u00e9cutifs de champion de France des rallyes, de 1998 \u00e0 2000. Surtout, en 1999, il remporte ses deux seuls succ\u00e8s en Championnat du monde des rallyes : Catalogne et Corse. <\/p>\n\n\n\n<figure class=\"wp-block-image size-large\"><img decoding=\"async\" src=\"http:\/\/www.carideal.com\/blog\/wp-content\/uploads\/2020\/03\/philippe-Bugalski.jpg\" alt=\"Philippe Bugalski\" class=\"wp-image-24664\"\/><figcaption>Philippe Bugalski<\/figcaption><\/figure>\n\n\n\n<p>En 2002, alors que <a href=\"http:\/\/www.carideal.com\/blog\/2014\/01\/10\/sebatien-loeb-9-champion-monde-wrc\/\">S\u00e9bastien Loeb<\/a> monte en puissance, Bugalski comprend qu'il est temps pour lui de passer le relais. Ce qui ne l'emp\u00eache pas de rester au service de la marque pour les programmes de d\u00e9veloppement. En 2006, il est d'ailleurs l'un des artisans de la mise au point de la C4. Une mission qu'il a parfaitement remplie, vu les r\u00e9sultats de cette voiture, entr\u00e9e depuis dans la l\u00e9gende. <\/p>\n\n\n\n<p>Bug est d\u00e9c\u00e9d\u00e9 le 10 aout 2012 en chutant d'une nacelle en \u00e9laguant un arbre dans sa propri\u00e9t\u00e9.<\/p>\n","protected":false},"excerpt":{"rendered":"<p>Philippe Bugalski donne ses deux premi\u00e8res victoires en WRC \u00e0 Citro\u00ebn Non, \u00ab Bug \u00bb n&rsquo;a rien \u00e0 voir avec un probl\u00e8me quelconque. Ni informatique, ni sportif. Bien au contraire, puisqu&rsquo;il s&rsquo;agit du surnom d&rsquo;un des meilleurs pilotes fran\u00e7ais des ann\u00e9es 1990, Philippe Bugalski, avec pr\u00e8s d&rsquo;une trentaine de victoires en rallyes nationaux \u00e0 son &#8230; <a title=\"Philippe Bugalski donne ses deux premi\u00e8res victoires en WRC \u00e0 Citro\u00ebn\" class=\"read-more\" href=\"https:\/\/www.carideal.com\/blog\/2020\/03\/19\/philippe-bugalski-donne-ses-deux-premieres-victoires-en-wrc-a-citroen\/\" aria-label=\"En savoir plus sur Philippe Bugalski donne ses deux premi\u00e8res victoires en WRC \u00e0 Citro\u00ebn\">Lire plus<\/a><\/p>\n","protected":false},"author":3,"featured_media":24663,"comment_status":"open","ping_status":"open","sticky":false,"template":"","format":"standard","meta":{"_uag_custom_page_level_css":"","_themeisle_gutenberg_block_has_review":false,"footnotes":""},"categories":[6160,16],"tags":[17230],"class_list":["post-24660","post","type-post","status-publish","format-standard","has-post-thumbnail","hentry","category-wrc","category-sport-auto","tag-citroen-rallye-raid"],"wppr_data":{"cwp_meta_box_check":"No"},"yoast_head":"<!-- This site is optimized with the Yoast SEO plugin v24.8.1 - https:\/\/yoast.com\/wordpress\/plugins\/seo\/ -->\n<title>Philippe Bugalski donne ses deux premi\u00e8res victoires en WRC \u00e0 Citro\u00ebn - Blog auto Carid\u00e9al<\/title>\n<meta name=\"description\" content=\"Philippe Bugalski donne ses deux premi\u00e8res victoires en WRC \u00e0 Citro\u00ebn. Il a toujours eu soif de perfection et a permis \u00e0 Citroen de s&#039;imposer\" \/>\n<meta name=\"robots\" content=\"index, follow, max-snippet:-1, max-image-preview:large, max-video-preview:-1\" \/>\n<link rel=\"canonical\" href=\"https:\/\/www.carideal.com\/blog\/2020\/03\/19\/philippe-bugalski-donne-ses-deux-premieres-victoires-en-wrc-a-citroen\/\" \/>\n<meta property=\"og:locale\" content=\"fr_FR\" \/>\n<meta property=\"og:type\" content=\"article\" \/>\n<meta property=\"og:title\" content=\"Philippe Bugalski donne ses deux premi\u00e8res victoires en WRC \u00e0 Citro\u00ebn - Blog auto Carid\u00e9al\" \/>\n<meta property=\"og:description\" content=\"Philippe Bugalski donne ses deux premi\u00e8res victoires en WRC \u00e0 Citro\u00ebn. Il a toujours eu soif de perfection et a permis \u00e0 Citroen de s&#039;imposer\" \/>\n<meta property=\"og:url\" content=\"https:\/\/www.carideal.com\/blog\/2020\/03\/19\/philippe-bugalski-donne-ses-deux-premieres-victoires-en-wrc-a-citroen\/\" \/>\n<meta property=\"og:site_name\" content=\"Blog auto Carid\u00e9al\" \/>\n<meta property=\"article:publisher\" content=\"https:\/\/www.facebook.com\/Carideal.mandataire.automobile\" \/>\n<meta property=\"article:author\" content=\"https:\/\/www.facebook.com\/nicolas.schiavon.39\" \/>\n<meta property=\"article:published_time\" content=\"2020-03-19T12:07:36+00:00\" \/>\n<meta property=\"article:modified_time\" content=\"2020-03-20T08:52:03+00:00\" \/>\n<meta property=\"og:image\" content=\"https:\/\/www.carideal.com\/blog\/wp-content\/uploads\/2020\/03\/philippe-bugalski-tour-de-corse-1999.jpg\" \/>\n\t<meta property=\"og:image:width\" content=\"500\" \/>\n\t<meta property=\"og:image:height\" content=\"314\" \/>\n\t<meta property=\"og:image:type\" content=\"image\/jpeg\" \/>\n<meta name=\"author\" content=\"Nicolas SCHIAVON\" \/>\n<meta name=\"twitter:card\" content=\"summary_large_image\" \/>\n<meta name=\"twitter:creator\" content=\"@caridealauto\" \/>\n<meta name=\"twitter:site\" content=\"@caridealauto\" \/>\n<meta name=\"twitter:label1\" content=\"\u00c9crit par\" \/>\n\t<meta name=\"twitter:data1\" content=\"Nicolas SCHIAVON\" \/>\n\t<meta name=\"twitter:label2\" content=\"Dur\u00e9e de lecture estim\u00e9e\" \/>\n\t<meta name=\"twitter:data2\" content=\"2 minutes\" \/>\n<script type=\"application\/ld+json\" class=\"yoast-schema-graph\">{\"@context\":\"https:\/\/schema.org\",\"@graph\":[{\"@type\":\"Article\",\"@id\":\"https:\/\/www.carideal.com\/blog\/2020\/03\/19\/philippe-bugalski-donne-ses-deux-premieres-victoires-en-wrc-a-citroen\/#article\",\"isPartOf\":{\"@id\":\"https:\/\/www.carideal.com\/blog\/2020\/03\/19\/philippe-bugalski-donne-ses-deux-premieres-victoires-en-wrc-a-citroen\/\"},\"author\":{\"name\":\"Nicolas SCHIAVON\",\"@id\":\"https:\/\/www.carideal.com\/blog\/#\/schema\/person\/cd95dc7919660de90d31b366f85be1ec\"},\"headline\":\"Philippe Bugalski donne ses deux premi\u00e8res victoires en WRC \u00e0 Citro\u00ebn\",\"datePublished\":\"2020-03-19T12:07:36+00:00\",\"dateModified\":\"2020-03-20T08:52:03+00:00\",\"mainEntityOfPage\":{\"@id\":\"https:\/\/www.carideal.com\/blog\/2020\/03\/19\/philippe-bugalski-donne-ses-deux-premieres-victoires-en-wrc-a-citroen\/\"},\"wordCount\":314,\"commentCount\":0,\"publisher\":{\"@id\":\"https:\/\/www.carideal.com\/blog\/#organization\"},\"image\":{\"@id\":\"https:\/\/www.carideal.com\/blog\/2020\/03\/19\/philippe-bugalski-donne-ses-deux-premieres-victoires-en-wrc-a-citroen\/#primaryimage\"},\"thumbnailUrl\":\"https:\/\/www.carideal.com\/blog\/wp-content\/uploads\/2020\/03\/philippe-bugalski-tour-de-corse-1999.jpg\",\"keywords\":[\"Citroen Rallye &amp; raid\"],\"articleSection\":[\"Rallye WRC\",\"Sport Automobile\"],\"inLanguage\":\"fr-FR\",\"potentialAction\":[{\"@type\":\"CommentAction\",\"name\":\"Comment\",\"target\":[\"https:\/\/www.carideal.com\/blog\/2020\/03\/19\/philippe-bugalski-donne-ses-deux-premieres-victoires-en-wrc-a-citroen\/#respond\"]}]},{\"@type\":\"WebPage\",\"@id\":\"https:\/\/www.carideal.com\/blog\/2020\/03\/19\/philippe-bugalski-donne-ses-deux-premieres-victoires-en-wrc-a-citroen\/\",\"url\":\"https:\/\/www.carideal.com\/blog\/2020\/03\/19\/philippe-bugalski-donne-ses-deux-premieres-victoires-en-wrc-a-citroen\/\",\"name\":\"Philippe Bugalski donne ses deux premi\u00e8res victoires en WRC \u00e0 Citro\u00ebn - Blog auto Carid\u00e9al\",\"isPartOf\":{\"@id\":\"https:\/\/www.carideal.com\/blog\/#website\"},\"primaryImageOfPage\":{\"@id\":\"https:\/\/www.carideal.com\/blog\/2020\/03\/19\/philippe-bugalski-donne-ses-deux-premieres-victoires-en-wrc-a-citroen\/#primaryimage\"},\"image\":{\"@id\":\"https:\/\/www.carideal.com\/blog\/2020\/03\/19\/philippe-bugalski-donne-ses-deux-premieres-victoires-en-wrc-a-citroen\/#primaryimage\"},\"thumbnailUrl\":\"https:\/\/www.carideal.com\/blog\/wp-content\/uploads\/2020\/03\/philippe-bugalski-tour-de-corse-1999.jpg\",\"datePublished\":\"2020-03-19T12:07:36+00:00\",\"dateModified\":\"2020-03-20T08:52:03+00:00\",\"description\":\"Philippe Bugalski donne ses deux premi\u00e8res victoires en WRC \u00e0 Citro\u00ebn. Il a toujours eu soif de perfection et a permis \u00e0 Citroen de s'imposer\",\"breadcrumb\":{\"@id\":\"https:\/\/www.carideal.com\/blog\/2020\/03\/19\/philippe-bugalski-donne-ses-deux-premieres-victoires-en-wrc-a-citroen\/#breadcrumb\"},\"inLanguage\":\"fr-FR\",\"potentialAction\":[{\"@type\":\"ReadAction\",\"target\":[\"https:\/\/www.carideal.com\/blog\/2020\/03\/19\/philippe-bugalski-donne-ses-deux-premieres-victoires-en-wrc-a-citroen\/\"]}]},{\"@type\":\"ImageObject\",\"inLanguage\":\"fr-FR\",\"@id\":\"https:\/\/www.carideal.com\/blog\/2020\/03\/19\/philippe-bugalski-donne-ses-deux-premieres-victoires-en-wrc-a-citroen\/#primaryimage\",\"url\":\"https:\/\/www.carideal.com\/blog\/wp-content\/uploads\/2020\/03\/philippe-bugalski-tour-de-corse-1999.jpg\",\"contentUrl\":\"https:\/\/www.carideal.com\/blog\/wp-content\/uploads\/2020\/03\/philippe-bugalski-tour-de-corse-1999.jpg\",\"width\":500,\"height\":314,\"caption\":\"Philippe Bugalski, a bord d'une Xsara kit Car, remporte le rallye de France 1999, le fameux tour de Corse\"},{\"@type\":\"BreadcrumbList\",\"@id\":\"https:\/\/www.carideal.com\/blog\/2020\/03\/19\/philippe-bugalski-donne-ses-deux-premieres-victoires-en-wrc-a-citroen\/#breadcrumb\",\"itemListElement\":[{\"@type\":\"ListItem\",\"position\":1,\"name\":\"Blog Carid\u00e9al\",\"item\":\"https:\/\/www.carideal.com\/blog\/\"},{\"@type\":\"ListItem\",\"position\":2,\"name\":\"Sport Automobile\",\"item\":\"https:\/\/www.carideal.com\/blog\/sport-auto\/\"},{\"@type\":\"ListItem\",\"position\":3,\"name\":\"Rallye WRC\",\"item\":\"https:\/\/www.carideal.com\/blog\/sport-auto\/wrc\/\"},{\"@type\":\"ListItem\",\"position\":4,\"name\":\"Philippe Bugalski donne ses deux premi\u00e8res victoires en WRC \u00e0 Citro\u00ebn\"}]},{\"@type\":\"WebSite\",\"@id\":\"https:\/\/www.carideal.com\/blog\/#website\",\"url\":\"https:\/\/www.carideal.com\/blog\/\",\"name\":\"Blog auto Carid\u00e9al\",\"description\":\"Actualit\u00e9 auto par des passionn\u00e9s\",\"publisher\":{\"@id\":\"https:\/\/www.carideal.com\/blog\/#organization\"},\"potentialAction\":[{\"@type\":\"SearchAction\",\"target\":{\"@type\":\"EntryPoint\",\"urlTemplate\":\"https:\/\/www.carideal.com\/blog\/?s={search_term_string}\"},\"query-input\":{\"@type\":\"PropertyValueSpecification\",\"valueRequired\":true,\"valueName\":\"search_term_string\"}}],\"inLanguage\":\"fr-FR\"},{\"@type\":\"Organization\",\"@id\":\"https:\/\/www.carideal.com\/blog\/#organization\",\"name\":\"Carideal\",\"url\":\"https:\/\/www.carideal.com\/blog\/\",\"logo\":{\"@type\":\"ImageObject\",\"inLanguage\":\"fr-FR\",\"@id\":\"https:\/\/www.carideal.com\/blog\/#\/schema\/logo\/image\/\",\"url\":\"http:\/\/www.carideal.com\/blog\/wp-content\/uploads\/2016\/03\/logo-carideal-mandataire-automobile.png\",\"contentUrl\":\"http:\/\/www.carideal.com\/blog\/wp-content\/uploads\/2016\/03\/logo-carideal-mandataire-automobile.png\",\"width\":300,\"height\":300,\"caption\":\"Carideal\"},\"image\":{\"@id\":\"https:\/\/www.carideal.com\/blog\/#\/schema\/logo\/image\/\"},\"sameAs\":[\"https:\/\/www.facebook.com\/Carideal.mandataire.automobile\",\"https:\/\/x.com\/caridealauto\",\"https:\/\/www.instagram.com\/carideal1\/\",\"https:\/\/www.linkedin.com\/company\/carideal.com\",\"https:\/\/fr.pinterest.com\/schiavonsas\/\",\"https:\/\/www.youtube.com\/user\/caridealsas\"]},{\"@type\":\"Person\",\"@id\":\"https:\/\/www.carideal.com\/blog\/#\/schema\/person\/cd95dc7919660de90d31b366f85be1ec\",\"name\":\"Nicolas SCHIAVON\",\"image\":{\"@type\":\"ImageObject\",\"inLanguage\":\"fr-FR\",\"@id\":\"https:\/\/www.carideal.com\/blog\/#\/schema\/person\/image\/\",\"url\":\"https:\/\/secure.gravatar.com\/avatar\/c17e55009e671d92cc7f5dc837dc418a?s=96&r=g\",\"contentUrl\":\"https:\/\/secure.gravatar.com\/avatar\/c17e55009e671d92cc7f5dc837dc418a?s=96&r=g\",\"caption\":\"Nicolas SCHIAVON\"},\"description\":\"Nicolas Schiavon est tomb\u00e9 tout petit dans la marmite automobile. Ayant eu un garage de marque automobile, mandataire automobile de la premi\u00e8re heure d\u00e8s 1999. Nicolas a cr\u00e9\u00e9 ces premiers sites de vente de voiture et blog automobile d\u00e8s 1994. Carideal est n\u00e9 le 15 d\u00e9cembre 2000 de la volont\u00e9 de vendre des voitures d'occasions en ligne puis des voitures neuves. Il a pu essayer beaucoup de voitures tr\u00e8s diff\u00e9rentes et ayant eu personnellement quelques belles autos, Subaru Impreza, Mitsubishi Lancer Evo 7, Porsche 911, Ferrari Testarrossa, Audi RS3, RS4 et j'en passe...\",\"sameAs\":[\"http:\/\/www.carideal.com\",\"https:\/\/www.facebook.com\/nicolas.schiavon.39\",\"https:\/\/www.instagram.com\/carideal1\/\",\"https:\/\/www.linkedin.com\/in\/nschiavon\/\",\"https:\/\/x.com\/caridealauto\",\"https:\/\/www.youtube.com\/user\/caridealsas\/\"],\"url\":\"https:\/\/www.carideal.com\/blog\/author\/nschiavon\/\"}]}<\/script>\n<!-- \/ Yoast SEO plugin. -->","yoast_head_json":{"title":"Philippe Bugalski donne ses deux premi\u00e8res victoires en WRC \u00e0 Citro\u00ebn - Blog auto Carid\u00e9al","description":"Philippe Bugalski donne ses deux premi\u00e8res victoires en WRC \u00e0 Citro\u00ebn. Il a toujours eu soif de perfection et a permis \u00e0 Citroen de s'imposer","robots":{"index":"index","follow":"follow","max-snippet":"max-snippet:-1","max-image-preview":"max-image-preview:large","max-video-preview":"max-video-preview:-1"},"canonical":"https:\/\/www.carideal.com\/blog\/2020\/03\/19\/philippe-bugalski-donne-ses-deux-premieres-victoires-en-wrc-a-citroen\/","og_locale":"fr_FR","og_type":"article","og_title":"Philippe Bugalski donne ses deux premi\u00e8res victoires en WRC \u00e0 Citro\u00ebn - Blog auto Carid\u00e9al","og_description":"Philippe Bugalski donne ses deux premi\u00e8res victoires en WRC \u00e0 Citro\u00ebn. Il a toujours eu soif de perfection et a permis \u00e0 Citroen de s'imposer","og_url":"https:\/\/www.carideal.com\/blog\/2020\/03\/19\/philippe-bugalski-donne-ses-deux-premieres-victoires-en-wrc-a-citroen\/","og_site_name":"Blog auto Carid\u00e9al","article_publisher":"https:\/\/www.facebook.com\/Carideal.mandataire.automobile","article_author":"https:\/\/www.facebook.com\/nicolas.schiavon.39","article_published_time":"2020-03-19T12:07:36+00:00","article_modified_time":"2020-03-20T08:52:03+00:00","og_image":[{"width":500,"height":314,"url":"https:\/\/www.carideal.com\/blog\/wp-content\/uploads\/2020\/03\/philippe-bugalski-tour-de-corse-1999.jpg","type":"image\/jpeg"}],"author":"Nicolas SCHIAVON","twitter_card":"summary_large_image","twitter_creator":"@caridealauto","twitter_site":"@caridealauto","twitter_misc":{"\u00c9crit par":"Nicolas SCHIAVON","Dur\u00e9e de lecture estim\u00e9e":"2 minutes"},"schema":{"@context":"https:\/\/schema.org","@graph":[{"@type":"Article","@id":"https:\/\/www.carideal.com\/blog\/2020\/03\/19\/philippe-bugalski-donne-ses-deux-premieres-victoires-en-wrc-a-citroen\/#article","isPartOf":{"@id":"https:\/\/www.carideal.com\/blog\/2020\/03\/19\/philippe-bugalski-donne-ses-deux-premieres-victoires-en-wrc-a-citroen\/"},"author":{"name":"Nicolas SCHIAVON","@id":"https:\/\/www.carideal.com\/blog\/#\/schema\/person\/cd95dc7919660de90d31b366f85be1ec"},"headline":"Philippe Bugalski donne ses deux premi\u00e8res victoires en WRC \u00e0 Citro\u00ebn","datePublished":"2020-03-19T12:07:36+00:00","dateModified":"2020-03-20T08:52:03+00:00","mainEntityOfPage":{"@id":"https:\/\/www.carideal.com\/blog\/2020\/03\/19\/philippe-bugalski-donne-ses-deux-premieres-victoires-en-wrc-a-citroen\/"},"wordCount":314,"commentCount":0,"publisher":{"@id":"https:\/\/www.carideal.com\/blog\/#organization"},"image":{"@id":"https:\/\/www.carideal.com\/blog\/2020\/03\/19\/philippe-bugalski-donne-ses-deux-premieres-victoires-en-wrc-a-citroen\/#primaryimage"},"thumbnailUrl":"https:\/\/www.carideal.com\/blog\/wp-content\/uploads\/2020\/03\/philippe-bugalski-tour-de-corse-1999.jpg","keywords":["Citroen Rallye &amp; raid"],"articleSection":["Rallye WRC","Sport Automobile"],"inLanguage":"fr-FR","potentialAction":[{"@type":"CommentAction","name":"Comment","target":["https:\/\/www.carideal.com\/blog\/2020\/03\/19\/philippe-bugalski-donne-ses-deux-premieres-victoires-en-wrc-a-citroen\/#respond"]}]},{"@type":"WebPage","@id":"https:\/\/www.carideal.com\/blog\/2020\/03\/19\/philippe-bugalski-donne-ses-deux-premieres-victoires-en-wrc-a-citroen\/","url":"https:\/\/www.carideal.com\/blog\/2020\/03\/19\/philippe-bugalski-donne-ses-deux-premieres-victoires-en-wrc-a-citroen\/","name":"Philippe Bugalski donne ses deux premi\u00e8res victoires en WRC \u00e0 Citro\u00ebn - Blog auto Carid\u00e9al","isPartOf":{"@id":"https:\/\/www.carideal.com\/blog\/#website"},"primaryImageOfPage":{"@id":"https:\/\/www.carideal.com\/blog\/2020\/03\/19\/philippe-bugalski-donne-ses-deux-premieres-victoires-en-wrc-a-citroen\/#primaryimage"},"image":{"@id":"https:\/\/www.carideal.com\/blog\/2020\/03\/19\/philippe-bugalski-donne-ses-deux-premieres-victoires-en-wrc-a-citroen\/#primaryimage"},"thumbnailUrl":"https:\/\/www.carideal.com\/blog\/wp-content\/uploads\/2020\/03\/philippe-bugalski-tour-de-corse-1999.jpg","datePublished":"2020-03-19T12:07:36+00:00","dateModified":"2020-03-20T08:52:03+00:00","description":"Philippe Bugalski donne ses deux premi\u00e8res victoires en WRC \u00e0 Citro\u00ebn. Il a toujours eu soif de perfection et a permis \u00e0 Citroen de s'imposer","breadcrumb":{"@id":"https:\/\/www.carideal.com\/blog\/2020\/03\/19\/philippe-bugalski-donne-ses-deux-premieres-victoires-en-wrc-a-citroen\/#breadcrumb"},"inLanguage":"fr-FR","potentialAction":[{"@type":"ReadAction","target":["https:\/\/www.carideal.com\/blog\/2020\/03\/19\/philippe-bugalski-donne-ses-deux-premieres-victoires-en-wrc-a-citroen\/"]}]},{"@type":"ImageObject","inLanguage":"fr-FR","@id":"https:\/\/www.carideal.com\/blog\/2020\/03\/19\/philippe-bugalski-donne-ses-deux-premieres-victoires-en-wrc-a-citroen\/#primaryimage","url":"https:\/\/www.carideal.com\/blog\/wp-content\/uploads\/2020\/03\/philippe-bugalski-tour-de-corse-1999.jpg","contentUrl":"https:\/\/www.carideal.com\/blog\/wp-content\/uploads\/2020\/03\/philippe-bugalski-tour-de-corse-1999.jpg","width":500,"height":314,"caption":"Philippe Bugalski, a bord d'une Xsara kit Car, remporte le rallye de France 1999, le fameux tour de Corse"},{"@type":"BreadcrumbList","@id":"https:\/\/www.carideal.com\/blog\/2020\/03\/19\/philippe-bugalski-donne-ses-deux-premieres-victoires-en-wrc-a-citroen\/#breadcrumb","itemListElement":[{"@type":"ListItem","position":1,"name":"Blog Carid\u00e9al","item":"https:\/\/www.carideal.com\/blog\/"},{"@type":"ListItem","position":2,"name":"Sport Automobile","item":"https:\/\/www.carideal.com\/blog\/sport-auto\/"},{"@type":"ListItem","position":3,"name":"Rallye WRC","item":"https:\/\/www.carideal.com\/blog\/sport-auto\/wrc\/"},{"@type":"ListItem","position":4,"name":"Philippe Bugalski donne ses deux premi\u00e8res victoires en WRC \u00e0 Citro\u00ebn"}]},{"@type":"WebSite","@id":"https:\/\/www.carideal.com\/blog\/#website","url":"https:\/\/www.carideal.com\/blog\/","name":"Blog auto Carid\u00e9al","description":"Actualit\u00e9 auto par des passionn\u00e9s","publisher":{"@id":"https:\/\/www.carideal.com\/blog\/#organization"},"potentialAction":[{"@type":"SearchAction","target":{"@type":"EntryPoint","urlTemplate":"https:\/\/www.carideal.com\/blog\/?s={search_term_string}"},"query-input":{"@type":"PropertyValueSpecification","valueRequired":true,"valueName":"search_term_string"}}],"inLanguage":"fr-FR"},{"@type":"Organization","@id":"https:\/\/www.carideal.com\/blog\/#organization","name":"Carideal","url":"https:\/\/www.carideal.com\/blog\/","logo":{"@type":"ImageObject","inLanguage":"fr-FR","@id":"https:\/\/www.carideal.com\/blog\/#\/schema\/logo\/image\/","url":"http:\/\/www.carideal.com\/blog\/wp-content\/uploads\/2016\/03\/logo-carideal-mandataire-automobile.png","contentUrl":"http:\/\/www.carideal.com\/blog\/wp-content\/uploads\/2016\/03\/logo-carideal-mandataire-automobile.png","width":300,"height":300,"caption":"Carideal"},"image":{"@id":"https:\/\/www.carideal.com\/blog\/#\/schema\/logo\/image\/"},"sameAs":["https:\/\/www.facebook.com\/Carideal.mandataire.automobile","https:\/\/x.com\/caridealauto","https:\/\/www.instagram.com\/carideal1\/","https:\/\/www.linkedin.com\/company\/carideal.com","https:\/\/fr.pinterest.com\/schiavonsas\/","https:\/\/www.youtube.com\/user\/caridealsas"]},{"@type":"Person","@id":"https:\/\/www.carideal.com\/blog\/#\/schema\/person\/cd95dc7919660de90d31b366f85be1ec","name":"Nicolas SCHIAVON","image":{"@type":"ImageObject","inLanguage":"fr-FR","@id":"https:\/\/www.carideal.com\/blog\/#\/schema\/person\/image\/","url":"https:\/\/secure.gravatar.com\/avatar\/c17e55009e671d92cc7f5dc837dc418a?s=96&r=g","contentUrl":"https:\/\/secure.gravatar.com\/avatar\/c17e55009e671d92cc7f5dc837dc418a?s=96&r=g","caption":"Nicolas SCHIAVON"},"description":"Nicolas Schiavon est tomb\u00e9 tout petit dans la marmite automobile. Ayant eu un garage de marque automobile, mandataire automobile de la premi\u00e8re heure d\u00e8s 1999. Nicolas a cr\u00e9\u00e9 ces premiers sites de vente de voiture et blog automobile d\u00e8s 1994. Carideal est n\u00e9 le 15 d\u00e9cembre 2000 de la volont\u00e9 de vendre des voitures d'occasions en ligne puis des voitures neuves. Il a pu essayer beaucoup de voitures tr\u00e8s diff\u00e9rentes et ayant eu personnellement quelques belles autos, Subaru Impreza, Mitsubishi Lancer Evo 7, Porsche 911, Ferrari Testarrossa, Audi RS3, RS4 et j'en passe...","sameAs":["http:\/\/www.carideal.com","https:\/\/www.facebook.com\/nicolas.schiavon.39","https:\/\/www.instagram.com\/carideal1\/","https:\/\/www.linkedin.com\/in\/nschiavon\/","https:\/\/x.com\/caridealauto","https:\/\/www.youtube.com\/user\/caridealsas\/"],"url":"https:\/\/www.carideal.com\/blog\/author\/nschiavon\/"}]}},"uagb_featured_image_src":{"full":["https:\/\/www.carideal.com\/blog\/wp-content\/uploads\/2020\/03\/philippe-bugalski-tour-de-corse-1999.jpg",500,314,false],"thumbnail":["https:\/\/www.carideal.com\/blog\/wp-content\/uploads\/2020\/03\/philippe-bugalski-tour-de-corse-1999-150x150.jpg",150,150,true],"medium":["https:\/\/www.carideal.com\/blog\/wp-content\/uploads\/2020\/03\/philippe-bugalski-tour-de-corse-1999-300x188.jpg",300,188,true],"medium_large":["https:\/\/www.carideal.com\/blog\/wp-content\/uploads\/2020\/03\/philippe-bugalski-tour-de-corse-1999.jpg",500,314,false],"large":["https:\/\/www.carideal.com\/blog\/wp-content\/uploads\/2020\/03\/philippe-bugalski-tour-de-corse-1999.jpg",500,314,false],"1536x1536":["https:\/\/www.carideal.com\/blog\/wp-content\/uploads\/2020\/03\/philippe-bugalski-tour-de-corse-1999.jpg",500,314,false],"2048x2048":["https:\/\/www.carideal.com\/blog\/wp-content\/uploads\/2020\/03\/philippe-bugalski-tour-de-corse-1999.jpg",500,314,false],"wppr-widget":["https:\/\/www.carideal.com\/blog\/wp-content\/uploads\/2020\/03\/philippe-bugalski-tour-de-corse-1999-50x31.jpg",50,31,true]},"uagb_author_info":{"display_name":"Nicolas SCHIAVON","author_link":"https:\/\/www.carideal.com\/blog\/author\/nschiavon\/"},"uagb_comment_info":1,"uagb_excerpt":"Philippe Bugalski donne ses deux premi\u00e8res victoires en WRC \u00e0 Citro\u00ebn Non, \u00ab Bug \u00bb n'a rien \u00e0 voir avec un probl\u00e8me quelconque. Ni informatique, ni sportif. Bien au contraire, puisqu'il s'agit du surnom d'un des meilleurs pilotes fran\u00e7ais des ann\u00e9es 1990, Philippe Bugalski, avec pr\u00e8s d'une trentaine de victoires en rallyes nationaux \u00e0 son\u2026","_links":{"self":[{"href":"https:\/\/www.carideal.com\/blog\/wp-json\/wp\/v2\/posts\/24660"}],"collection":[{"href":"https:\/\/www.carideal.com\/blog\/wp-json\/wp\/v2\/posts"}],"about":[{"href":"https:\/\/www.carideal.com\/blog\/wp-json\/wp\/v2\/types\/post"}],"author":[{"embeddable":true,"href":"https:\/\/www.carideal.com\/blog\/wp-json\/wp\/v2\/users\/3"}],"replies":[{"embeddable":true,"href":"https:\/\/www.carideal.com\/blog\/wp-json\/wp\/v2\/comments?post=24660"}],"version-history":[{"count":0,"href":"https:\/\/www.carideal.com\/blog\/wp-json\/wp\/v2\/posts\/24660\/revisions"}],"wp:featuredmedia":[{"embeddable":true,"href":"https:\/\/www.carideal.com\/blog\/wp-json\/wp\/v2\/media\/24663"}],"wp:attachment":[{"href":"https:\/\/www.carideal.com\/blog\/wp-json\/wp\/v2\/media?parent=24660"}],"wp:term":[{"taxonomy":"category","embeddable":true,"href":"https:\/\/www.carideal.com\/blog\/wp-json\/wp\/v2\/categories?post=24660"},{"taxonomy":"post_tag","embeddable":true,"href":"https:\/\/www.carideal.com\/blog\/wp-json\/wp\/v2\/tags?post=24660"}],"curies":[{"name":"wp","href":"https:\/\/api.w.org\/{rel}","templated":true}]}}