{"id":246,"date":"2012-09-27T20:58:00","date_gmt":"2012-09-27T20:58:00","guid":{"rendered":"http:\/\/carideal.com\/blog\/?p=246"},"modified":"2017-07-30T12:39:26","modified_gmt":"2017-07-30T10:39:26","slug":"coursier-fr-sequipe-de-renault-twizy","status":"publish","type":"post","link":"https:\/\/www.carideal.com\/blog\/2012\/09\/27\/coursier-fr-sequipe-de-renault-twizy\/","title":{"rendered":"Coursier fr s&rsquo;\u00e9quipe de Renault Twizy"},"content":{"rendered":"<figure style=\"width: 438px\" class=\"wp-caption alignnone\"><img loading=\"lazy\" decoding=\"async\" title=\"Coursier fr s'\u00e9quipe de Renault Twizy\" src=\"\/blog\/public\/.Renault_Twizy_Coursier_fr_carideal_mandataire_auto_m.jpg\" alt=\"Coursier fr s'\u00e9quipe de Renault Twizy\" width=\"448\" height=\"298\" \/><figcaption class=\"wp-caption-text\">Coursier fr s'\u00e9quipe de Renault Twizy<\/figcaption><\/figure>\n<h1>Coursier fr s'\u00e9quipe de Renault Twizy<\/h1>\n<p>Pratique et \u00e9conomique \u00e0 l'usage, le <strong>Renault Twizy<\/strong> s\u00e9duit<\/p>\n<p>La soci\u00e9t\u00e9 parisienne <strong>Coursier.fr<\/strong>, vient de remplacer 25 de ses Smart en les rempla\u00e7ant par des Renault Twizy.<br \/>\nBien qu'\u00e9tant plus ch\u00e8res, le co\u00fbt d'exploitation des voitures est r\u00e9duit.<br \/>\nLes coursiers, font au maximum 100 km, par jour, et n'empruntent ni l'autoroute ni le p\u00e9riph\u00e9rique.<\/p>\n<p>Coursier.fr livrera dor\u00e9navant en Renault Twizy \u00e9lectrique. La soci\u00e9t\u00e9 de livraison Coursier.fr poursuit son engagement en faveur du d\u00e9veloppement durable et agrandit\u00a0sa flotte de v\u00e9hicules \u00e9lectriques de livraison avec la Renault Twizy \u00e9lectrique. A signaler aussi que l'entreprise vient d'\u00eatre certifi\u00e9e ISO 14001. Coursier.fr, est une soci\u00e9t\u00e9\u00a0sp\u00e9cialis\u00e9e depuis 15 ans dans la livraison \"verte\" aux entreprises, elle augmente\u00a0sa flotte de v\u00e9hicules \u00e9lectriques en s'\u00e9quipant aujourd'hui de\u00a0Renault Twizy. Cette voiture \u00e9lectrique vient compl\u00e8ter la flotte de l'entreprise d\u00e9j\u00e0 compos\u00e9e de la Kangoo ZE. La soci\u00e9t\u00e9 d\u00e9clare \u00ab Notre objectif est de remplacer 50 % de notre offre de v\u00e9hicules \u00e9lectriques \u00e0 l'horizon 2013 \u00bb, vient de d\u00e9clarer\u00a0Fr\u00e9d\u00e9ric Murat, le PDG\u00a0de Coursier.fr. Cette soci\u00e9t\u00e9 de transport rapide vient \u00e9galement d\u2019\u00eatre certifi\u00e9e ISO 14001 fin mars dernier.<\/p>\n<p>L\u2019entreprise effectue pr\u00e8s de 2500 livraisons journali\u00e8res pour 2 500 clients avec ses voitures \u00e9lectriques. Innovant Coursier.fr propose le calcul de l\u2019\u00e9mission de CO2 de chaque course r\u00e9alis\u00e9e.<\/p>\n<p>&nbsp;<\/p>\n","protected":false},"excerpt":{"rendered":"<p>Coursier fr s&rsquo;\u00e9quipe de Renault Twizy Pratique et \u00e9conomique \u00e0 l&rsquo;usage, le Renault Twizy s\u00e9duit La soci\u00e9t\u00e9 parisienne Coursier.fr, vient de remplacer 25 de ses Smart en les rempla\u00e7ant par des Renault Twizy. Bien qu&rsquo;\u00e9tant plus ch\u00e8res, le co\u00fbt d&rsquo;exploitation des voitures est r\u00e9duit. Les coursiers, font au maximum 100 km, par jour, et n&#8217;empruntent &#8230; <a title=\"Coursier fr s&rsquo;\u00e9quipe de Renault Twizy\" class=\"read-more\" href=\"https:\/\/www.carideal.com\/blog\/2012\/09\/27\/coursier-fr-sequipe-de-renault-twizy\/\" aria-label=\"En savoir plus sur Coursier fr s&rsquo;\u00e9quipe de Renault Twizy\">Lire plus<\/a><\/p>\n","protected":false},"author":1,"featured_media":16134,"comment_status":"open","ping_status":"open","sticky":false,"template":"","format":"standard","meta":{"_uag_custom_page_level_css":"","_themeisle_gutenberg_block_has_review":false,"footnotes":""},"categories":[21,5944,5963,6,5080,5970],"tags":[3428],"class_list":["post-246","post","type-post","status-publish","format-standard","has-post-thumbnail","hentry","category-actualites-auto","category-constructeur","category-renault","category-ecologie","category-technologie-2","category-electrique-technologie-2","tag-voiture-ecologique"],"wppr_data":{"cwp_meta_box_check":"No"},"yoast_head":"<!-- This site is optimized with the Yoast SEO plugin v24.8.1 - https:\/\/yoast.com\/wordpress\/plugins\/seo\/ -->\n<title>Coursier fr s&#039;\u00e9quipe de Renault Twizy - Blog auto Carid\u00e9al<\/title>\n<meta name=\"description\" content=\"La soci\u00e9t\u00e9 parisienne de livraisons vertes Coursier.fr, vient de remplacer 25 de ses Smart en les rempla\u00e7ant par des Renault Twizy.\" \/>\n<meta name=\"robots\" content=\"index, follow, max-snippet:-1, max-image-preview:large, max-video-preview:-1\" \/>\n<link rel=\"canonical\" href=\"https:\/\/www.carideal.com\/blog\/2012\/09\/27\/coursier-fr-sequipe-de-renault-twizy\/\" \/>\n<meta property=\"og:locale\" content=\"fr_FR\" \/>\n<meta property=\"og:type\" content=\"article\" \/>\n<meta property=\"og:title\" content=\"Coursier fr s&#039;\u00e9quipe de Renault Twizy - Blog auto Carid\u00e9al\" \/>\n<meta property=\"og:description\" content=\"La soci\u00e9t\u00e9 parisienne de livraisons vertes Coursier.fr, vient de remplacer 25 de ses Smart en les rempla\u00e7ant par des Renault Twizy.\" \/>\n<meta property=\"og:url\" content=\"https:\/\/www.carideal.com\/blog\/2012\/09\/27\/coursier-fr-sequipe-de-renault-twizy\/\" \/>\n<meta property=\"og:site_name\" content=\"Blog auto Carid\u00e9al\" \/>\n<meta property=\"article:publisher\" content=\"https:\/\/www.facebook.com\/Carideal.mandataire.automobile\" \/>\n<meta property=\"article:author\" content=\"https:\/\/www.facebook.com\/Carideal.mandataire.automobile\/\" \/>\n<meta property=\"article:published_time\" content=\"2012-09-27T20:58:00+00:00\" \/>\n<meta property=\"article:modified_time\" content=\"2017-07-30T10:39:26+00:00\" \/>\n<meta property=\"og:image\" content=\"https:\/\/www.carideal.com\/blog\/wp-content\/uploads\/2012\/09\/Renault_Twizy_Coursier_fr_carideal_mandataire_auto_m.jpg\" \/>\n\t<meta property=\"og:image:width\" content=\"448\" \/>\n\t<meta property=\"og:image:height\" content=\"298\" \/>\n\t<meta property=\"og:image:type\" content=\"image\/jpeg\" \/>\n<meta name=\"author\" content=\"N.S Carideal\" \/>\n<meta name=\"twitter:card\" content=\"summary_large_image\" \/>\n<meta name=\"twitter:creator\" content=\"@caridealauto\" \/>\n<meta name=\"twitter:site\" content=\"@caridealauto\" \/>\n<meta name=\"twitter:label1\" content=\"\u00c9crit par\" \/>\n\t<meta name=\"twitter:data1\" content=\"N.S Carideal\" \/>\n\t<meta name=\"twitter:label2\" content=\"Dur\u00e9e de lecture estim\u00e9e\" \/>\n\t<meta name=\"twitter:data2\" content=\"1 minute\" \/>\n<script type=\"application\/ld+json\" class=\"yoast-schema-graph\">{\"@context\":\"https:\/\/schema.org\",\"@graph\":[{\"@type\":\"Article\",\"@id\":\"https:\/\/www.carideal.com\/blog\/2012\/09\/27\/coursier-fr-sequipe-de-renault-twizy\/#article\",\"isPartOf\":{\"@id\":\"https:\/\/www.carideal.com\/blog\/2012\/09\/27\/coursier-fr-sequipe-de-renault-twizy\/\"},\"author\":{\"name\":\"N.S Carideal\",\"@id\":\"https:\/\/www.carideal.com\/blog\/#\/schema\/person\/985c7e757d1042d647f21bfaf8d41ebc\"},\"headline\":\"Coursier fr s&rsquo;\u00e9quipe de Renault Twizy\",\"datePublished\":\"2012-09-27T20:58:00+00:00\",\"dateModified\":\"2017-07-30T10:39:26+00:00\",\"mainEntityOfPage\":{\"@id\":\"https:\/\/www.carideal.com\/blog\/2012\/09\/27\/coursier-fr-sequipe-de-renault-twizy\/\"},\"wordCount\":269,\"commentCount\":0,\"publisher\":{\"@id\":\"https:\/\/www.carideal.com\/blog\/#organization\"},\"image\":{\"@id\":\"https:\/\/www.carideal.com\/blog\/2012\/09\/27\/coursier-fr-sequipe-de-renault-twizy\/#primaryimage\"},\"thumbnailUrl\":\"https:\/\/www.carideal.com\/blog\/wp-content\/uploads\/2012\/09\/Renault_Twizy_Coursier_fr_carideal_mandataire_auto_m.jpg\",\"keywords\":[\"Voiture \u00e9cologique\"],\"articleSection\":[\"Actualit\u00e9 automobile\",\"Actualit\u00e9 Constructeur automobile\",\"Actualit\u00e9 Renault\",\"Ecologie\",\"Technologie Automobile\",\"Voiture \u00e9lectrique\"],\"inLanguage\":\"fr-FR\",\"potentialAction\":[{\"@type\":\"CommentAction\",\"name\":\"Comment\",\"target\":[\"https:\/\/www.carideal.com\/blog\/2012\/09\/27\/coursier-fr-sequipe-de-renault-twizy\/#respond\"]}]},{\"@type\":\"WebPage\",\"@id\":\"https:\/\/www.carideal.com\/blog\/2012\/09\/27\/coursier-fr-sequipe-de-renault-twizy\/\",\"url\":\"https:\/\/www.carideal.com\/blog\/2012\/09\/27\/coursier-fr-sequipe-de-renault-twizy\/\",\"name\":\"Coursier fr s'\u00e9quipe de Renault Twizy - Blog auto Carid\u00e9al\",\"isPartOf\":{\"@id\":\"https:\/\/www.carideal.com\/blog\/#website\"},\"primaryImageOfPage\":{\"@id\":\"https:\/\/www.carideal.com\/blog\/2012\/09\/27\/coursier-fr-sequipe-de-renault-twizy\/#primaryimage\"},\"image\":{\"@id\":\"https:\/\/www.carideal.com\/blog\/2012\/09\/27\/coursier-fr-sequipe-de-renault-twizy\/#primaryimage\"},\"thumbnailUrl\":\"https:\/\/www.carideal.com\/blog\/wp-content\/uploads\/2012\/09\/Renault_Twizy_Coursier_fr_carideal_mandataire_auto_m.jpg\",\"datePublished\":\"2012-09-27T20:58:00+00:00\",\"dateModified\":\"2017-07-30T10:39:26+00:00\",\"description\":\"La soci\u00e9t\u00e9 parisienne de livraisons vertes Coursier.fr, vient de remplacer 25 de ses Smart en les rempla\u00e7ant par des Renault Twizy.\",\"breadcrumb\":{\"@id\":\"https:\/\/www.carideal.com\/blog\/2012\/09\/27\/coursier-fr-sequipe-de-renault-twizy\/#breadcrumb\"},\"inLanguage\":\"fr-FR\",\"potentialAction\":[{\"@type\":\"ReadAction\",\"target\":[\"https:\/\/www.carideal.com\/blog\/2012\/09\/27\/coursier-fr-sequipe-de-renault-twizy\/\"]}]},{\"@type\":\"ImageObject\",\"inLanguage\":\"fr-FR\",\"@id\":\"https:\/\/www.carideal.com\/blog\/2012\/09\/27\/coursier-fr-sequipe-de-renault-twizy\/#primaryimage\",\"url\":\"https:\/\/www.carideal.com\/blog\/wp-content\/uploads\/2012\/09\/Renault_Twizy_Coursier_fr_carideal_mandataire_auto_m.jpg\",\"contentUrl\":\"https:\/\/www.carideal.com\/blog\/wp-content\/uploads\/2012\/09\/Renault_Twizy_Coursier_fr_carideal_mandataire_auto_m.jpg\",\"width\":448,\"height\":298,\"caption\":\"Coursier.fr s'\u00e9quipe de voitures \u00e9lectriques Renault twizy\"},{\"@type\":\"BreadcrumbList\",\"@id\":\"https:\/\/www.carideal.com\/blog\/2012\/09\/27\/coursier-fr-sequipe-de-renault-twizy\/#breadcrumb\",\"itemListElement\":[{\"@type\":\"ListItem\",\"position\":1,\"name\":\"Blog Carid\u00e9al\",\"item\":\"https:\/\/www.carideal.com\/blog\/\"},{\"@type\":\"ListItem\",\"position\":2,\"name\":\"Technologie Automobile\",\"item\":\"https:\/\/www.carideal.com\/blog\/technologie-2\/\"},{\"@type\":\"ListItem\",\"position\":3,\"name\":\"Voiture \u00e9lectrique\",\"item\":\"https:\/\/www.carideal.com\/blog\/technologie-2\/electrique-technologie-2\/\"},{\"@type\":\"ListItem\",\"position\":4,\"name\":\"Coursier fr s&rsquo;\u00e9quipe de Renault Twizy\"}]},{\"@type\":\"WebSite\",\"@id\":\"https:\/\/www.carideal.com\/blog\/#website\",\"url\":\"https:\/\/www.carideal.com\/blog\/\",\"name\":\"Blog auto Carid\u00e9al\",\"description\":\"Actualit\u00e9 auto par des passionn\u00e9s\",\"publisher\":{\"@id\":\"https:\/\/www.carideal.com\/blog\/#organization\"},\"potentialAction\":[{\"@type\":\"SearchAction\",\"target\":{\"@type\":\"EntryPoint\",\"urlTemplate\":\"https:\/\/www.carideal.com\/blog\/?s={search_term_string}\"},\"query-input\":{\"@type\":\"PropertyValueSpecification\",\"valueRequired\":true,\"valueName\":\"search_term_string\"}}],\"inLanguage\":\"fr-FR\"},{\"@type\":\"Organization\",\"@id\":\"https:\/\/www.carideal.com\/blog\/#organization\",\"name\":\"Carideal\",\"url\":\"https:\/\/www.carideal.com\/blog\/\",\"logo\":{\"@type\":\"ImageObject\",\"inLanguage\":\"fr-FR\",\"@id\":\"https:\/\/www.carideal.com\/blog\/#\/schema\/logo\/image\/\",\"url\":\"http:\/\/www.carideal.com\/blog\/wp-content\/uploads\/2016\/03\/logo-carideal-mandataire-automobile.png\",\"contentUrl\":\"http:\/\/www.carideal.com\/blog\/wp-content\/uploads\/2016\/03\/logo-carideal-mandataire-automobile.png\",\"width\":300,\"height\":300,\"caption\":\"Carideal\"},\"image\":{\"@id\":\"https:\/\/www.carideal.com\/blog\/#\/schema\/logo\/image\/\"},\"sameAs\":[\"https:\/\/www.facebook.com\/Carideal.mandataire.automobile\",\"https:\/\/x.com\/caridealauto\",\"https:\/\/www.instagram.com\/carideal1\/\",\"https:\/\/www.linkedin.com\/company\/carideal.com\",\"https:\/\/fr.pinterest.com\/schiavonsas\/\",\"https:\/\/www.youtube.com\/user\/caridealsas\"]},{\"@type\":\"Person\",\"@id\":\"https:\/\/www.carideal.com\/blog\/#\/schema\/person\/985c7e757d1042d647f21bfaf8d41ebc\",\"name\":\"N.S Carideal\",\"image\":{\"@type\":\"ImageObject\",\"inLanguage\":\"fr-FR\",\"@id\":\"https:\/\/www.carideal.com\/blog\/#\/schema\/person\/image\/\",\"url\":\"https:\/\/secure.gravatar.com\/avatar\/edb7ccdf1a4e3d14aef967760d354d0e?s=96&r=g\",\"contentUrl\":\"https:\/\/secure.gravatar.com\/avatar\/edb7ccdf1a4e3d14aef967760d354d0e?s=96&r=g\",\"caption\":\"N.S Carideal\"},\"description\":\"Depuis tout petit fan d'automobile. Il est question d'essayer et de comparer toutes ces voitures qui nous ont fait r\u00e9ver, avant que celles-ci ne devient uniquement des voitures de collection.\",\"sameAs\":[\"http:\/\/www.carideal.com\/blog\",\"https:\/\/www.facebook.com\/Carideal.mandataire.automobile\/\",\"https:\/\/www.linkedin.com\/in\/nschiavon\/\",\"https:\/\/www.youtube.com\/user\/caridealsas\/\"],\"url\":\"https:\/\/www.carideal.com\/blog\/author\/admin_carideal\/\"}]}<\/script>\n<!-- \/ Yoast SEO plugin. -->","yoast_head_json":{"title":"Coursier fr s'\u00e9quipe de Renault Twizy - Blog auto Carid\u00e9al","description":"La soci\u00e9t\u00e9 parisienne de livraisons vertes Coursier.fr, vient de remplacer 25 de ses Smart en les rempla\u00e7ant par des Renault Twizy.","robots":{"index":"index","follow":"follow","max-snippet":"max-snippet:-1","max-image-preview":"max-image-preview:large","max-video-preview":"max-video-preview:-1"},"canonical":"https:\/\/www.carideal.com\/blog\/2012\/09\/27\/coursier-fr-sequipe-de-renault-twizy\/","og_locale":"fr_FR","og_type":"article","og_title":"Coursier fr s'\u00e9quipe de Renault Twizy - Blog auto Carid\u00e9al","og_description":"La soci\u00e9t\u00e9 parisienne de livraisons vertes Coursier.fr, vient de remplacer 25 de ses Smart en les rempla\u00e7ant par des Renault Twizy.","og_url":"https:\/\/www.carideal.com\/blog\/2012\/09\/27\/coursier-fr-sequipe-de-renault-twizy\/","og_site_name":"Blog auto Carid\u00e9al","article_publisher":"https:\/\/www.facebook.com\/Carideal.mandataire.automobile","article_author":"https:\/\/www.facebook.com\/Carideal.mandataire.automobile\/","article_published_time":"2012-09-27T20:58:00+00:00","article_modified_time":"2017-07-30T10:39:26+00:00","og_image":[{"width":448,"height":298,"url":"https:\/\/www.carideal.com\/blog\/wp-content\/uploads\/2012\/09\/Renault_Twizy_Coursier_fr_carideal_mandataire_auto_m.jpg","type":"image\/jpeg"}],"author":"N.S Carideal","twitter_card":"summary_large_image","twitter_creator":"@caridealauto","twitter_site":"@caridealauto","twitter_misc":{"\u00c9crit par":"N.S Carideal","Dur\u00e9e de lecture estim\u00e9e":"1 minute"},"schema":{"@context":"https:\/\/schema.org","@graph":[{"@type":"Article","@id":"https:\/\/www.carideal.com\/blog\/2012\/09\/27\/coursier-fr-sequipe-de-renault-twizy\/#article","isPartOf":{"@id":"https:\/\/www.carideal.com\/blog\/2012\/09\/27\/coursier-fr-sequipe-de-renault-twizy\/"},"author":{"name":"N.S Carideal","@id":"https:\/\/www.carideal.com\/blog\/#\/schema\/person\/985c7e757d1042d647f21bfaf8d41ebc"},"headline":"Coursier fr s&rsquo;\u00e9quipe de Renault Twizy","datePublished":"2012-09-27T20:58:00+00:00","dateModified":"2017-07-30T10:39:26+00:00","mainEntityOfPage":{"@id":"https:\/\/www.carideal.com\/blog\/2012\/09\/27\/coursier-fr-sequipe-de-renault-twizy\/"},"wordCount":269,"commentCount":0,"publisher":{"@id":"https:\/\/www.carideal.com\/blog\/#organization"},"image":{"@id":"https:\/\/www.carideal.com\/blog\/2012\/09\/27\/coursier-fr-sequipe-de-renault-twizy\/#primaryimage"},"thumbnailUrl":"https:\/\/www.carideal.com\/blog\/wp-content\/uploads\/2012\/09\/Renault_Twizy_Coursier_fr_carideal_mandataire_auto_m.jpg","keywords":["Voiture \u00e9cologique"],"articleSection":["Actualit\u00e9 automobile","Actualit\u00e9 Constructeur automobile","Actualit\u00e9 Renault","Ecologie","Technologie Automobile","Voiture \u00e9lectrique"],"inLanguage":"fr-FR","potentialAction":[{"@type":"CommentAction","name":"Comment","target":["https:\/\/www.carideal.com\/blog\/2012\/09\/27\/coursier-fr-sequipe-de-renault-twizy\/#respond"]}]},{"@type":"WebPage","@id":"https:\/\/www.carideal.com\/blog\/2012\/09\/27\/coursier-fr-sequipe-de-renault-twizy\/","url":"https:\/\/www.carideal.com\/blog\/2012\/09\/27\/coursier-fr-sequipe-de-renault-twizy\/","name":"Coursier fr s'\u00e9quipe de Renault Twizy - Blog auto Carid\u00e9al","isPartOf":{"@id":"https:\/\/www.carideal.com\/blog\/#website"},"primaryImageOfPage":{"@id":"https:\/\/www.carideal.com\/blog\/2012\/09\/27\/coursier-fr-sequipe-de-renault-twizy\/#primaryimage"},"image":{"@id":"https:\/\/www.carideal.com\/blog\/2012\/09\/27\/coursier-fr-sequipe-de-renault-twizy\/#primaryimage"},"thumbnailUrl":"https:\/\/www.carideal.com\/blog\/wp-content\/uploads\/2012\/09\/Renault_Twizy_Coursier_fr_carideal_mandataire_auto_m.jpg","datePublished":"2012-09-27T20:58:00+00:00","dateModified":"2017-07-30T10:39:26+00:00","description":"La soci\u00e9t\u00e9 parisienne de livraisons vertes Coursier.fr, vient de remplacer 25 de ses Smart en les rempla\u00e7ant par des Renault Twizy.","breadcrumb":{"@id":"https:\/\/www.carideal.com\/blog\/2012\/09\/27\/coursier-fr-sequipe-de-renault-twizy\/#breadcrumb"},"inLanguage":"fr-FR","potentialAction":[{"@type":"ReadAction","target":["https:\/\/www.carideal.com\/blog\/2012\/09\/27\/coursier-fr-sequipe-de-renault-twizy\/"]}]},{"@type":"ImageObject","inLanguage":"fr-FR","@id":"https:\/\/www.carideal.com\/blog\/2012\/09\/27\/coursier-fr-sequipe-de-renault-twizy\/#primaryimage","url":"https:\/\/www.carideal.com\/blog\/wp-content\/uploads\/2012\/09\/Renault_Twizy_Coursier_fr_carideal_mandataire_auto_m.jpg","contentUrl":"https:\/\/www.carideal.com\/blog\/wp-content\/uploads\/2012\/09\/Renault_Twizy_Coursier_fr_carideal_mandataire_auto_m.jpg","width":448,"height":298,"caption":"Coursier.fr s'\u00e9quipe de voitures \u00e9lectriques Renault twizy"},{"@type":"BreadcrumbList","@id":"https:\/\/www.carideal.com\/blog\/2012\/09\/27\/coursier-fr-sequipe-de-renault-twizy\/#breadcrumb","itemListElement":[{"@type":"ListItem","position":1,"name":"Blog Carid\u00e9al","item":"https:\/\/www.carideal.com\/blog\/"},{"@type":"ListItem","position":2,"name":"Technologie Automobile","item":"https:\/\/www.carideal.com\/blog\/technologie-2\/"},{"@type":"ListItem","position":3,"name":"Voiture \u00e9lectrique","item":"https:\/\/www.carideal.com\/blog\/technologie-2\/electrique-technologie-2\/"},{"@type":"ListItem","position":4,"name":"Coursier fr s&rsquo;\u00e9quipe de Renault Twizy"}]},{"@type":"WebSite","@id":"https:\/\/www.carideal.com\/blog\/#website","url":"https:\/\/www.carideal.com\/blog\/","name":"Blog auto Carid\u00e9al","description":"Actualit\u00e9 auto par des passionn\u00e9s","publisher":{"@id":"https:\/\/www.carideal.com\/blog\/#organization"},"potentialAction":[{"@type":"SearchAction","target":{"@type":"EntryPoint","urlTemplate":"https:\/\/www.carideal.com\/blog\/?s={search_term_string}"},"query-input":{"@type":"PropertyValueSpecification","valueRequired":true,"valueName":"search_term_string"}}],"inLanguage":"fr-FR"},{"@type":"Organization","@id":"https:\/\/www.carideal.com\/blog\/#organization","name":"Carideal","url":"https:\/\/www.carideal.com\/blog\/","logo":{"@type":"ImageObject","inLanguage":"fr-FR","@id":"https:\/\/www.carideal.com\/blog\/#\/schema\/logo\/image\/","url":"http:\/\/www.carideal.com\/blog\/wp-content\/uploads\/2016\/03\/logo-carideal-mandataire-automobile.png","contentUrl":"http:\/\/www.carideal.com\/blog\/wp-content\/uploads\/2016\/03\/logo-carideal-mandataire-automobile.png","width":300,"height":300,"caption":"Carideal"},"image":{"@id":"https:\/\/www.carideal.com\/blog\/#\/schema\/logo\/image\/"},"sameAs":["https:\/\/www.facebook.com\/Carideal.mandataire.automobile","https:\/\/x.com\/caridealauto","https:\/\/www.instagram.com\/carideal1\/","https:\/\/www.linkedin.com\/company\/carideal.com","https:\/\/fr.pinterest.com\/schiavonsas\/","https:\/\/www.youtube.com\/user\/caridealsas"]},{"@type":"Person","@id":"https:\/\/www.carideal.com\/blog\/#\/schema\/person\/985c7e757d1042d647f21bfaf8d41ebc","name":"N.S Carideal","image":{"@type":"ImageObject","inLanguage":"fr-FR","@id":"https:\/\/www.carideal.com\/blog\/#\/schema\/person\/image\/","url":"https:\/\/secure.gravatar.com\/avatar\/edb7ccdf1a4e3d14aef967760d354d0e?s=96&r=g","contentUrl":"https:\/\/secure.gravatar.com\/avatar\/edb7ccdf1a4e3d14aef967760d354d0e?s=96&r=g","caption":"N.S Carideal"},"description":"Depuis tout petit fan d'automobile. Il est question d'essayer et de comparer toutes ces voitures qui nous ont fait r\u00e9ver, avant que celles-ci ne devient uniquement des voitures de collection.","sameAs":["http:\/\/www.carideal.com\/blog","https:\/\/www.facebook.com\/Carideal.mandataire.automobile\/","https:\/\/www.linkedin.com\/in\/nschiavon\/","https:\/\/www.youtube.com\/user\/caridealsas\/"],"url":"https:\/\/www.carideal.com\/blog\/author\/admin_carideal\/"}]}},"uagb_featured_image_src":{"full":["https:\/\/www.carideal.com\/blog\/wp-content\/uploads\/2012\/09\/Renault_Twizy_Coursier_fr_carideal_mandataire_auto_m.jpg",448,298,false],"thumbnail":["https:\/\/www.carideal.com\/blog\/wp-content\/uploads\/2012\/09\/Renault_Twizy_Coursier_fr_carideal_mandataire_auto_m-150x150.jpg",150,150,true],"medium":["https:\/\/www.carideal.com\/blog\/wp-content\/uploads\/2012\/09\/Renault_Twizy_Coursier_fr_carideal_mandataire_auto_m-300x200.jpg",300,200,true],"medium_large":["https:\/\/www.carideal.com\/blog\/wp-content\/uploads\/2012\/09\/Renault_Twizy_Coursier_fr_carideal_mandataire_auto_m.jpg",448,298,false],"large":["https:\/\/www.carideal.com\/blog\/wp-content\/uploads\/2012\/09\/Renault_Twizy_Coursier_fr_carideal_mandataire_auto_m.jpg",448,298,false],"1536x1536":["https:\/\/www.carideal.com\/blog\/wp-content\/uploads\/2012\/09\/Renault_Twizy_Coursier_fr_carideal_mandataire_auto_m.jpg",448,298,false],"2048x2048":["https:\/\/www.carideal.com\/blog\/wp-content\/uploads\/2012\/09\/Renault_Twizy_Coursier_fr_carideal_mandataire_auto_m.jpg",448,298,false],"wppr-widget":["https:\/\/www.carideal.com\/blog\/wp-content\/uploads\/2012\/09\/Renault_Twizy_Coursier_fr_carideal_mandataire_auto_m.jpg",50,33,false]},"uagb_author_info":{"display_name":"N.S Carideal","author_link":"https:\/\/www.carideal.com\/blog\/author\/admin_carideal\/"},"uagb_comment_info":0,"uagb_excerpt":"Coursier fr s'\u00e9quipe de Renault Twizy Pratique et \u00e9conomique \u00e0 l'usage, le Renault Twizy s\u00e9duit La soci\u00e9t\u00e9 parisienne Coursier.fr, vient de remplacer 25 de ses Smart en les rempla\u00e7ant par des Renault Twizy. Bien qu'\u00e9tant plus ch\u00e8res, le co\u00fbt d'exploitation des voitures est r\u00e9duit. Les coursiers, font au maximum 100 km, par jour, et n'empruntent\u2026","_links":{"self":[{"href":"https:\/\/www.carideal.com\/blog\/wp-json\/wp\/v2\/posts\/246"}],"collection":[{"href":"https:\/\/www.carideal.com\/blog\/wp-json\/wp\/v2\/posts"}],"about":[{"href":"https:\/\/www.carideal.com\/blog\/wp-json\/wp\/v2\/types\/post"}],"author":[{"embeddable":true,"href":"https:\/\/www.carideal.com\/blog\/wp-json\/wp\/v2\/users\/1"}],"replies":[{"embeddable":true,"href":"https:\/\/www.carideal.com\/blog\/wp-json\/wp\/v2\/comments?post=246"}],"version-history":[{"count":0,"href":"https:\/\/www.carideal.com\/blog\/wp-json\/wp\/v2\/posts\/246\/revisions"}],"wp:featuredmedia":[{"embeddable":true,"href":"https:\/\/www.carideal.com\/blog\/wp-json\/wp\/v2\/media\/16134"}],"wp:attachment":[{"href":"https:\/\/www.carideal.com\/blog\/wp-json\/wp\/v2\/media?parent=246"}],"wp:term":[{"taxonomy":"category","embeddable":true,"href":"https:\/\/www.carideal.com\/blog\/wp-json\/wp\/v2\/categories?post=246"},{"taxonomy":"post_tag","embeddable":true,"href":"https:\/\/www.carideal.com\/blog\/wp-json\/wp\/v2\/tags?post=246"}],"curies":[{"name":"wp","href":"https:\/\/api.w.org\/{rel}","templated":true}]}}