{"id":231,"date":"2012-04-12T20:41:00","date_gmt":"2012-04-12T20:41:00","guid":{"rendered":"http:\/\/carideal.com\/blog\/?p=231"},"modified":"2023-04-14T16:08:26","modified_gmt":"2023-04-14T14:08:26","slug":"renault-twizy","status":"publish","type":"post","link":"https:\/\/www.carideal.com\/blog\/2012\/04\/12\/renault-twizy\/","title":{"rendered":"RENAULT TWIZY"},"content":{"rendered":"\n<h2 class=\"wp-block-heading\">RENAULT TWIZY<\/h2>\n\n\n\n<p>Le Renault Twizy \u00e0 moteur \u00e9lectrique est tr\u00e8s bien pour la ville. Le constructeur <a href=\"http:\/\/www.carideal.com\/blog\/marque-de-voiture-actualites-essais\/renault\/\">Renault<\/a> mise sur les petites <a href=\"http:\/\/www.carideal.com\/blog\/2020\/02\/27\/meilleures-voitures-electriques-a-acheter-en-2020\/\">voitures \u00e9lectriques<\/a>.<\/p>\n\n\n\n<p>Avec ses voies \u00e9troites et ses suspensions fermes, le comportement du Renault Twizy est tr\u00e8s s\u00fbr. On peut retrouver chez lui les premi\u00e8res formes de la <a href=\"http:\/\/www.carideal.com\/blog\/2015\/09\/24\/smart-fortwo-cabrio-2016\/\">Smart<\/a> en son temps. Sur la version Color, on pourra m\u00eame choisir les couleurs et ses portes en \u00e9lytre attirent les foules.<br>La premi\u00e8re version du Twizy aura une version 5 ch limit\u00e9 \u00e0 5 ch \u00e0 6990 \u20ac et en tant quadricycle \u00e0 moteur on pourra donc le conduire d\u00e8s 16 ans sans permis.<br>Pourtant, le Twizy a des d\u00e9fauts, il n'est pas \u00e9tanche, les places arri\u00e8res inaccessibles, sont mal prot\u00e9g\u00e9es du vent entre autre et le coffre est ridicule.<br>On ne sait pas trop qui va l'acheter, en ville avec des logos, il ferra une tr\u00e8s bonne pub roulante, ou il devrait s'en vendre sur la cote d'azure, mais ailleurs\u00a0?<\/p>\n","protected":false},"excerpt":{"rendered":"<p>RENAULT TWIZY Le Renault Twizy \u00e0 moteur \u00e9lectrique est tr\u00e8s bien pour la ville. Le constructeur Renault mise sur les petites voitures \u00e9lectriques. Avec ses voies \u00e9troites et ses suspensions fermes, le comportement du Renault Twizy est tr\u00e8s s\u00fbr. On peut retrouver chez lui les premi\u00e8res formes de la Smart en son temps. Sur la &#8230; <a title=\"RENAULT TWIZY\" class=\"read-more\" href=\"https:\/\/www.carideal.com\/blog\/2012\/04\/12\/renault-twizy\/\" aria-label=\"En savoir plus sur RENAULT TWIZY\">Lire plus<\/a><\/p>\n","protected":false},"author":1,"featured_media":20103,"comment_status":"open","ping_status":"open","sticky":false,"template":"","format":"standard","meta":{"_uag_custom_page_level_css":"","_themeisle_gutenberg_block_has_review":false,"footnotes":""},"categories":[5963],"tags":[],"class_list":["post-231","post","type-post","status-publish","format-standard","has-post-thumbnail","hentry","category-renault"],"wppr_data":{"cwp_meta_box_check":"No"},"yoast_head":"<!-- This site is optimized with the Yoast SEO plugin v24.8.1 - https:\/\/yoast.com\/wordpress\/plugins\/seo\/ -->\n<title>RENAULT TWIZY - Blog auto Carid\u00e9al<\/title>\n<meta name=\"robots\" content=\"index, follow, max-snippet:-1, max-image-preview:large, max-video-preview:-1\" \/>\n<link rel=\"canonical\" href=\"https:\/\/www.carideal.com\/blog\/2012\/04\/12\/renault-twizy\/\" \/>\n<meta property=\"og:locale\" content=\"fr_FR\" \/>\n<meta property=\"og:type\" content=\"article\" \/>\n<meta property=\"og:title\" content=\"RENAULT TWIZY - Blog auto Carid\u00e9al\" \/>\n<meta property=\"og:description\" content=\"RENAULT TWIZY Le Renault Twizy \u00e0 moteur \u00e9lectrique est tr\u00e8s bien pour la ville. Le constructeur Renault mise sur les petites voitures \u00e9lectriques. Avec ses voies \u00e9troites et ses suspensions fermes, le comportement du Renault Twizy est tr\u00e8s s\u00fbr. On peut retrouver chez lui les premi\u00e8res formes de la Smart en son temps. Sur la ... Lire plus\" \/>\n<meta property=\"og:url\" content=\"https:\/\/www.carideal.com\/blog\/2012\/04\/12\/renault-twizy\/\" \/>\n<meta property=\"og:site_name\" content=\"Blog auto Carid\u00e9al\" \/>\n<meta property=\"article:publisher\" content=\"https:\/\/www.facebook.com\/Carideal.mandataire.automobile\" \/>\n<meta property=\"article:author\" content=\"https:\/\/www.facebook.com\/Carideal.mandataire.automobile\/\" \/>\n<meta property=\"article:published_time\" content=\"2012-04-12T20:41:00+00:00\" \/>\n<meta property=\"article:modified_time\" content=\"2023-04-14T14:08:26+00:00\" \/>\n<meta property=\"og:image\" content=\"https:\/\/www.carideal.com\/blog\/wp-content\/uploads\/2013\/01\/Renault-Twizy-freine-mal-carideal-mandataire-automobile_m.jpg\" \/>\n\t<meta property=\"og:image:width\" content=\"448\" \/>\n\t<meta property=\"og:image:height\" content=\"298\" \/>\n\t<meta property=\"og:image:type\" content=\"image\/jpeg\" \/>\n<meta name=\"author\" content=\"N.S Carideal\" \/>\n<meta name=\"twitter:card\" content=\"summary_large_image\" \/>\n<meta name=\"twitter:creator\" content=\"@caridealauto\" \/>\n<meta name=\"twitter:site\" content=\"@caridealauto\" \/>\n<meta name=\"twitter:label1\" content=\"\u00c9crit par\" \/>\n\t<meta name=\"twitter:data1\" content=\"N.S Carideal\" \/>\n\t<meta name=\"twitter:label2\" content=\"Dur\u00e9e de lecture estim\u00e9e\" \/>\n\t<meta name=\"twitter:data2\" content=\"1 minute\" \/>\n<script type=\"application\/ld+json\" class=\"yoast-schema-graph\">{\"@context\":\"https:\/\/schema.org\",\"@graph\":[{\"@type\":\"Article\",\"@id\":\"https:\/\/www.carideal.com\/blog\/2012\/04\/12\/renault-twizy\/#article\",\"isPartOf\":{\"@id\":\"https:\/\/www.carideal.com\/blog\/2012\/04\/12\/renault-twizy\/\"},\"author\":{\"name\":\"N.S Carideal\",\"@id\":\"https:\/\/www.carideal.com\/blog\/#\/schema\/person\/985c7e757d1042d647f21bfaf8d41ebc\"},\"headline\":\"RENAULT TWIZY\",\"datePublished\":\"2012-04-12T20:41:00+00:00\",\"dateModified\":\"2023-04-14T14:08:26+00:00\",\"mainEntityOfPage\":{\"@id\":\"https:\/\/www.carideal.com\/blog\/2012\/04\/12\/renault-twizy\/\"},\"wordCount\":166,\"commentCount\":0,\"publisher\":{\"@id\":\"https:\/\/www.carideal.com\/blog\/#organization\"},\"image\":{\"@id\":\"https:\/\/www.carideal.com\/blog\/2012\/04\/12\/renault-twizy\/#primaryimage\"},\"thumbnailUrl\":\"https:\/\/www.carideal.com\/blog\/wp-content\/uploads\/2013\/01\/Renault-Twizy-freine-mal-carideal-mandataire-automobile_m.jpg\",\"articleSection\":[\"Actualit\u00e9 Renault\"],\"inLanguage\":\"fr-FR\",\"potentialAction\":[{\"@type\":\"CommentAction\",\"name\":\"Comment\",\"target\":[\"https:\/\/www.carideal.com\/blog\/2012\/04\/12\/renault-twizy\/#respond\"]}]},{\"@type\":\"WebPage\",\"@id\":\"https:\/\/www.carideal.com\/blog\/2012\/04\/12\/renault-twizy\/\",\"url\":\"https:\/\/www.carideal.com\/blog\/2012\/04\/12\/renault-twizy\/\",\"name\":\"RENAULT TWIZY - Blog auto Carid\u00e9al\",\"isPartOf\":{\"@id\":\"https:\/\/www.carideal.com\/blog\/#website\"},\"primaryImageOfPage\":{\"@id\":\"https:\/\/www.carideal.com\/blog\/2012\/04\/12\/renault-twizy\/#primaryimage\"},\"image\":{\"@id\":\"https:\/\/www.carideal.com\/blog\/2012\/04\/12\/renault-twizy\/#primaryimage\"},\"thumbnailUrl\":\"https:\/\/www.carideal.com\/blog\/wp-content\/uploads\/2013\/01\/Renault-Twizy-freine-mal-carideal-mandataire-automobile_m.jpg\",\"datePublished\":\"2012-04-12T20:41:00+00:00\",\"dateModified\":\"2023-04-14T14:08:26+00:00\",\"breadcrumb\":{\"@id\":\"https:\/\/www.carideal.com\/blog\/2012\/04\/12\/renault-twizy\/#breadcrumb\"},\"inLanguage\":\"fr-FR\",\"potentialAction\":[{\"@type\":\"ReadAction\",\"target\":[\"https:\/\/www.carideal.com\/blog\/2012\/04\/12\/renault-twizy\/\"]}]},{\"@type\":\"ImageObject\",\"inLanguage\":\"fr-FR\",\"@id\":\"https:\/\/www.carideal.com\/blog\/2012\/04\/12\/renault-twizy\/#primaryimage\",\"url\":\"https:\/\/www.carideal.com\/blog\/wp-content\/uploads\/2013\/01\/Renault-Twizy-freine-mal-carideal-mandataire-automobile_m.jpg\",\"contentUrl\":\"https:\/\/www.carideal.com\/blog\/wp-content\/uploads\/2013\/01\/Renault-Twizy-freine-mal-carideal-mandataire-automobile_m.jpg\",\"width\":448,\"height\":298,\"caption\":\"Renaullt Twizy freine mal\"},{\"@type\":\"BreadcrumbList\",\"@id\":\"https:\/\/www.carideal.com\/blog\/2012\/04\/12\/renault-twizy\/#breadcrumb\",\"itemListElement\":[{\"@type\":\"ListItem\",\"position\":1,\"name\":\"Blog Carid\u00e9al\",\"item\":\"https:\/\/www.carideal.com\/blog\/\"},{\"@type\":\"ListItem\",\"position\":2,\"name\":\"Actualit\u00e9 constructeur automobile\",\"item\":\"https:\/\/www.carideal.com\/blog\/constructeur\/\"},{\"@type\":\"ListItem\",\"position\":3,\"name\":\"Actualit\u00e9 Renault\",\"item\":\"https:\/\/www.carideal.com\/blog\/constructeur\/renault\/\"},{\"@type\":\"ListItem\",\"position\":4,\"name\":\"RENAULT TWIZY\"}]},{\"@type\":\"WebSite\",\"@id\":\"https:\/\/www.carideal.com\/blog\/#website\",\"url\":\"https:\/\/www.carideal.com\/blog\/\",\"name\":\"Blog auto Carid\u00e9al\",\"description\":\"Actualit\u00e9 auto par des passionn\u00e9s\",\"publisher\":{\"@id\":\"https:\/\/www.carideal.com\/blog\/#organization\"},\"potentialAction\":[{\"@type\":\"SearchAction\",\"target\":{\"@type\":\"EntryPoint\",\"urlTemplate\":\"https:\/\/www.carideal.com\/blog\/?s={search_term_string}\"},\"query-input\":{\"@type\":\"PropertyValueSpecification\",\"valueRequired\":true,\"valueName\":\"search_term_string\"}}],\"inLanguage\":\"fr-FR\"},{\"@type\":\"Organization\",\"@id\":\"https:\/\/www.carideal.com\/blog\/#organization\",\"name\":\"Carideal\",\"url\":\"https:\/\/www.carideal.com\/blog\/\",\"logo\":{\"@type\":\"ImageObject\",\"inLanguage\":\"fr-FR\",\"@id\":\"https:\/\/www.carideal.com\/blog\/#\/schema\/logo\/image\/\",\"url\":\"http:\/\/www.carideal.com\/blog\/wp-content\/uploads\/2016\/03\/logo-carideal-mandataire-automobile.png\",\"contentUrl\":\"http:\/\/www.carideal.com\/blog\/wp-content\/uploads\/2016\/03\/logo-carideal-mandataire-automobile.png\",\"width\":300,\"height\":300,\"caption\":\"Carideal\"},\"image\":{\"@id\":\"https:\/\/www.carideal.com\/blog\/#\/schema\/logo\/image\/\"},\"sameAs\":[\"https:\/\/www.facebook.com\/Carideal.mandataire.automobile\",\"https:\/\/x.com\/caridealauto\",\"https:\/\/www.instagram.com\/carideal1\/\",\"https:\/\/www.linkedin.com\/company\/carideal.com\",\"https:\/\/fr.pinterest.com\/schiavonsas\/\",\"https:\/\/www.youtube.com\/user\/caridealsas\"]},{\"@type\":\"Person\",\"@id\":\"https:\/\/www.carideal.com\/blog\/#\/schema\/person\/985c7e757d1042d647f21bfaf8d41ebc\",\"name\":\"N.S Carideal\",\"image\":{\"@type\":\"ImageObject\",\"inLanguage\":\"fr-FR\",\"@id\":\"https:\/\/www.carideal.com\/blog\/#\/schema\/person\/image\/\",\"url\":\"https:\/\/secure.gravatar.com\/avatar\/edb7ccdf1a4e3d14aef967760d354d0e?s=96&r=g\",\"contentUrl\":\"https:\/\/secure.gravatar.com\/avatar\/edb7ccdf1a4e3d14aef967760d354d0e?s=96&r=g\",\"caption\":\"N.S Carideal\"},\"description\":\"Depuis tout petit fan d'automobile. Il est question d'essayer et de comparer toutes ces voitures qui nous ont fait r\u00e9ver, avant que celles-ci ne devient uniquement des voitures de collection.\",\"sameAs\":[\"http:\/\/www.carideal.com\/blog\",\"https:\/\/www.facebook.com\/Carideal.mandataire.automobile\/\",\"https:\/\/www.linkedin.com\/in\/nschiavon\/\",\"https:\/\/www.youtube.com\/user\/caridealsas\/\"],\"url\":\"https:\/\/www.carideal.com\/blog\/author\/admin_carideal\/\"}]}<\/script>\n<!-- \/ Yoast SEO plugin. -->","yoast_head_json":{"title":"RENAULT TWIZY - Blog auto Carid\u00e9al","robots":{"index":"index","follow":"follow","max-snippet":"max-snippet:-1","max-image-preview":"max-image-preview:large","max-video-preview":"max-video-preview:-1"},"canonical":"https:\/\/www.carideal.com\/blog\/2012\/04\/12\/renault-twizy\/","og_locale":"fr_FR","og_type":"article","og_title":"RENAULT TWIZY - Blog auto Carid\u00e9al","og_description":"RENAULT TWIZY Le Renault Twizy \u00e0 moteur \u00e9lectrique est tr\u00e8s bien pour la ville. Le constructeur Renault mise sur les petites voitures \u00e9lectriques. Avec ses voies \u00e9troites et ses suspensions fermes, le comportement du Renault Twizy est tr\u00e8s s\u00fbr. On peut retrouver chez lui les premi\u00e8res formes de la Smart en son temps. Sur la ... Lire plus","og_url":"https:\/\/www.carideal.com\/blog\/2012\/04\/12\/renault-twizy\/","og_site_name":"Blog auto Carid\u00e9al","article_publisher":"https:\/\/www.facebook.com\/Carideal.mandataire.automobile","article_author":"https:\/\/www.facebook.com\/Carideal.mandataire.automobile\/","article_published_time":"2012-04-12T20:41:00+00:00","article_modified_time":"2023-04-14T14:08:26+00:00","og_image":[{"width":448,"height":298,"url":"https:\/\/www.carideal.com\/blog\/wp-content\/uploads\/2013\/01\/Renault-Twizy-freine-mal-carideal-mandataire-automobile_m.jpg","type":"image\/jpeg"}],"author":"N.S Carideal","twitter_card":"summary_large_image","twitter_creator":"@caridealauto","twitter_site":"@caridealauto","twitter_misc":{"\u00c9crit par":"N.S Carideal","Dur\u00e9e de lecture estim\u00e9e":"1 minute"},"schema":{"@context":"https:\/\/schema.org","@graph":[{"@type":"Article","@id":"https:\/\/www.carideal.com\/blog\/2012\/04\/12\/renault-twizy\/#article","isPartOf":{"@id":"https:\/\/www.carideal.com\/blog\/2012\/04\/12\/renault-twizy\/"},"author":{"name":"N.S Carideal","@id":"https:\/\/www.carideal.com\/blog\/#\/schema\/person\/985c7e757d1042d647f21bfaf8d41ebc"},"headline":"RENAULT TWIZY","datePublished":"2012-04-12T20:41:00+00:00","dateModified":"2023-04-14T14:08:26+00:00","mainEntityOfPage":{"@id":"https:\/\/www.carideal.com\/blog\/2012\/04\/12\/renault-twizy\/"},"wordCount":166,"commentCount":0,"publisher":{"@id":"https:\/\/www.carideal.com\/blog\/#organization"},"image":{"@id":"https:\/\/www.carideal.com\/blog\/2012\/04\/12\/renault-twizy\/#primaryimage"},"thumbnailUrl":"https:\/\/www.carideal.com\/blog\/wp-content\/uploads\/2013\/01\/Renault-Twizy-freine-mal-carideal-mandataire-automobile_m.jpg","articleSection":["Actualit\u00e9 Renault"],"inLanguage":"fr-FR","potentialAction":[{"@type":"CommentAction","name":"Comment","target":["https:\/\/www.carideal.com\/blog\/2012\/04\/12\/renault-twizy\/#respond"]}]},{"@type":"WebPage","@id":"https:\/\/www.carideal.com\/blog\/2012\/04\/12\/renault-twizy\/","url":"https:\/\/www.carideal.com\/blog\/2012\/04\/12\/renault-twizy\/","name":"RENAULT TWIZY - Blog auto Carid\u00e9al","isPartOf":{"@id":"https:\/\/www.carideal.com\/blog\/#website"},"primaryImageOfPage":{"@id":"https:\/\/www.carideal.com\/blog\/2012\/04\/12\/renault-twizy\/#primaryimage"},"image":{"@id":"https:\/\/www.carideal.com\/blog\/2012\/04\/12\/renault-twizy\/#primaryimage"},"thumbnailUrl":"https:\/\/www.carideal.com\/blog\/wp-content\/uploads\/2013\/01\/Renault-Twizy-freine-mal-carideal-mandataire-automobile_m.jpg","datePublished":"2012-04-12T20:41:00+00:00","dateModified":"2023-04-14T14:08:26+00:00","breadcrumb":{"@id":"https:\/\/www.carideal.com\/blog\/2012\/04\/12\/renault-twizy\/#breadcrumb"},"inLanguage":"fr-FR","potentialAction":[{"@type":"ReadAction","target":["https:\/\/www.carideal.com\/blog\/2012\/04\/12\/renault-twizy\/"]}]},{"@type":"ImageObject","inLanguage":"fr-FR","@id":"https:\/\/www.carideal.com\/blog\/2012\/04\/12\/renault-twizy\/#primaryimage","url":"https:\/\/www.carideal.com\/blog\/wp-content\/uploads\/2013\/01\/Renault-Twizy-freine-mal-carideal-mandataire-automobile_m.jpg","contentUrl":"https:\/\/www.carideal.com\/blog\/wp-content\/uploads\/2013\/01\/Renault-Twizy-freine-mal-carideal-mandataire-automobile_m.jpg","width":448,"height":298,"caption":"Renaullt Twizy freine mal"},{"@type":"BreadcrumbList","@id":"https:\/\/www.carideal.com\/blog\/2012\/04\/12\/renault-twizy\/#breadcrumb","itemListElement":[{"@type":"ListItem","position":1,"name":"Blog Carid\u00e9al","item":"https:\/\/www.carideal.com\/blog\/"},{"@type":"ListItem","position":2,"name":"Actualit\u00e9 constructeur automobile","item":"https:\/\/www.carideal.com\/blog\/constructeur\/"},{"@type":"ListItem","position":3,"name":"Actualit\u00e9 Renault","item":"https:\/\/www.carideal.com\/blog\/constructeur\/renault\/"},{"@type":"ListItem","position":4,"name":"RENAULT TWIZY"}]},{"@type":"WebSite","@id":"https:\/\/www.carideal.com\/blog\/#website","url":"https:\/\/www.carideal.com\/blog\/","name":"Blog auto Carid\u00e9al","description":"Actualit\u00e9 auto par des passionn\u00e9s","publisher":{"@id":"https:\/\/www.carideal.com\/blog\/#organization"},"potentialAction":[{"@type":"SearchAction","target":{"@type":"EntryPoint","urlTemplate":"https:\/\/www.carideal.com\/blog\/?s={search_term_string}"},"query-input":{"@type":"PropertyValueSpecification","valueRequired":true,"valueName":"search_term_string"}}],"inLanguage":"fr-FR"},{"@type":"Organization","@id":"https:\/\/www.carideal.com\/blog\/#organization","name":"Carideal","url":"https:\/\/www.carideal.com\/blog\/","logo":{"@type":"ImageObject","inLanguage":"fr-FR","@id":"https:\/\/www.carideal.com\/blog\/#\/schema\/logo\/image\/","url":"http:\/\/www.carideal.com\/blog\/wp-content\/uploads\/2016\/03\/logo-carideal-mandataire-automobile.png","contentUrl":"http:\/\/www.carideal.com\/blog\/wp-content\/uploads\/2016\/03\/logo-carideal-mandataire-automobile.png","width":300,"height":300,"caption":"Carideal"},"image":{"@id":"https:\/\/www.carideal.com\/blog\/#\/schema\/logo\/image\/"},"sameAs":["https:\/\/www.facebook.com\/Carideal.mandataire.automobile","https:\/\/x.com\/caridealauto","https:\/\/www.instagram.com\/carideal1\/","https:\/\/www.linkedin.com\/company\/carideal.com","https:\/\/fr.pinterest.com\/schiavonsas\/","https:\/\/www.youtube.com\/user\/caridealsas"]},{"@type":"Person","@id":"https:\/\/www.carideal.com\/blog\/#\/schema\/person\/985c7e757d1042d647f21bfaf8d41ebc","name":"N.S Carideal","image":{"@type":"ImageObject","inLanguage":"fr-FR","@id":"https:\/\/www.carideal.com\/blog\/#\/schema\/person\/image\/","url":"https:\/\/secure.gravatar.com\/avatar\/edb7ccdf1a4e3d14aef967760d354d0e?s=96&r=g","contentUrl":"https:\/\/secure.gravatar.com\/avatar\/edb7ccdf1a4e3d14aef967760d354d0e?s=96&r=g","caption":"N.S Carideal"},"description":"Depuis tout petit fan d'automobile. Il est question d'essayer et de comparer toutes ces voitures qui nous ont fait r\u00e9ver, avant que celles-ci ne devient uniquement des voitures de collection.","sameAs":["http:\/\/www.carideal.com\/blog","https:\/\/www.facebook.com\/Carideal.mandataire.automobile\/","https:\/\/www.linkedin.com\/in\/nschiavon\/","https:\/\/www.youtube.com\/user\/caridealsas\/"],"url":"https:\/\/www.carideal.com\/blog\/author\/admin_carideal\/"}]}},"uagb_featured_image_src":{"full":["https:\/\/www.carideal.com\/blog\/wp-content\/uploads\/2013\/01\/Renault-Twizy-freine-mal-carideal-mandataire-automobile_m.jpg",448,298,false],"thumbnail":["https:\/\/www.carideal.com\/blog\/wp-content\/uploads\/2013\/01\/Renault-Twizy-freine-mal-carideal-mandataire-automobile_m-150x150.jpg",150,150,true],"medium":["https:\/\/www.carideal.com\/blog\/wp-content\/uploads\/2013\/01\/Renault-Twizy-freine-mal-carideal-mandataire-automobile_m-300x200.jpg",300,200,true],"medium_large":["https:\/\/www.carideal.com\/blog\/wp-content\/uploads\/2013\/01\/Renault-Twizy-freine-mal-carideal-mandataire-automobile_m.jpg",448,298,false],"large":["https:\/\/www.carideal.com\/blog\/wp-content\/uploads\/2013\/01\/Renault-Twizy-freine-mal-carideal-mandataire-automobile_m.jpg",448,298,false],"1536x1536":["https:\/\/www.carideal.com\/blog\/wp-content\/uploads\/2013\/01\/Renault-Twizy-freine-mal-carideal-mandataire-automobile_m.jpg",448,298,false],"2048x2048":["https:\/\/www.carideal.com\/blog\/wp-content\/uploads\/2013\/01\/Renault-Twizy-freine-mal-carideal-mandataire-automobile_m.jpg",448,298,false],"wppr-widget":["https:\/\/www.carideal.com\/blog\/wp-content\/uploads\/2013\/01\/Renault-Twizy-freine-mal-carideal-mandataire-automobile_m-50x33.jpg",50,33,true]},"uagb_author_info":{"display_name":"N.S Carideal","author_link":"https:\/\/www.carideal.com\/blog\/author\/admin_carideal\/"},"uagb_comment_info":0,"uagb_excerpt":"RENAULT TWIZY Le Renault Twizy \u00e0 moteur \u00e9lectrique est tr\u00e8s bien pour la ville. Le constructeur Renault mise sur les petites voitures \u00e9lectriques. Avec ses voies \u00e9troites et ses suspensions fermes, le comportement du Renault Twizy est tr\u00e8s s\u00fbr. On peut retrouver chez lui les premi\u00e8res formes de la Smart en son temps. Sur la\u2026","_links":{"self":[{"href":"https:\/\/www.carideal.com\/blog\/wp-json\/wp\/v2\/posts\/231"}],"collection":[{"href":"https:\/\/www.carideal.com\/blog\/wp-json\/wp\/v2\/posts"}],"about":[{"href":"https:\/\/www.carideal.com\/blog\/wp-json\/wp\/v2\/types\/post"}],"author":[{"embeddable":true,"href":"https:\/\/www.carideal.com\/blog\/wp-json\/wp\/v2\/users\/1"}],"replies":[{"embeddable":true,"href":"https:\/\/www.carideal.com\/blog\/wp-json\/wp\/v2\/comments?post=231"}],"version-history":[{"count":0,"href":"https:\/\/www.carideal.com\/blog\/wp-json\/wp\/v2\/posts\/231\/revisions"}],"wp:featuredmedia":[{"embeddable":true,"href":"https:\/\/www.carideal.com\/blog\/wp-json\/wp\/v2\/media\/20103"}],"wp:attachment":[{"href":"https:\/\/www.carideal.com\/blog\/wp-json\/wp\/v2\/media?parent=231"}],"wp:term":[{"taxonomy":"category","embeddable":true,"href":"https:\/\/www.carideal.com\/blog\/wp-json\/wp\/v2\/categories?post=231"},{"taxonomy":"post_tag","embeddable":true,"href":"https:\/\/www.carideal.com\/blog\/wp-json\/wp\/v2\/tags?post=231"}],"curies":[{"name":"wp","href":"https:\/\/api.w.org\/{rel}","templated":true}]}}