{"id":229,"date":"2012-02-24T08:27:00","date_gmt":"2012-02-24T08:27:00","guid":{"rendered":"http:\/\/carideal.com\/blog\/?p=229"},"modified":"2020-03-07T16:46:12","modified_gmt":"2020-03-07T15:46:12","slug":"les-voitures-hybrides-que-nous-reserve-lannee-2012","status":"publish","type":"post","link":"https:\/\/www.carideal.com\/blog\/2012\/02\/24\/les-voitures-hybrides-que-nous-reserve-lannee-2012\/","title":{"rendered":"Les Voitures Hybrides \u2013 Que nous reserve l\u2019annee 2012 ?"},"content":{"rendered":"<p>Chaque ann\u00e9e, il y a de plus en plus de voitures hybrides dans les salons <a href=\"\/blog\/index.php?tag\/automobiles\">automobiles<\/a>. Heureusement pour nous, les clients, cette croissante en termes de choix entraine une comp\u00e9titivit\u00e9 entre les constructeurs automobiles, toujours \u00e0 la recherche d\u2019am\u00e9liorations technologiques. <br \/>\nLes nouvelles <a href=\"\/blog\/index.php?tag\/voitures%20hybrides\">voitures hybrides<\/a> qui ont fait leurs d\u00e9buts r\u00e9cemment sont de plus en plus styl\u00e9es et rapides \u2013 elles sont moins souvent consid\u00e9r\u00e9 comme des voitures hybrides  et de plus en plus adapt\u00e9s comme des voitures normales qui marchent \u00e0 l\u2019\u00e9lectricit\u00e9 et \u00e0 l\u2019essence. Il y aujourd\u2019hui moins de diff\u00e9rence entre les deux. En fait, si l\u2019on fait le bon choix, on ne remarquera aucune diff\u00e9rence sauf qu\u2019on payera moins pour l\u2019essence\u00a0! <br \/>\nLes 7 meilleures voitures hybrides de 2012\u00a0: <br \/>\n1. <a href=\"\/blog\/index.php?tag\/BMW\">BMW<\/a> <a href=\"\/blog\/index.php?tag\/ActiveHybrid%207\">ActiveHybrid 7<\/a> <br \/>\nCette voiture n\u2019est pas pour ceux qui veulent \u00e9conomiser, mais c\u2019est la preuve qu\u2019on peut cr\u00e9er une voiture \u00e9cologique et \u00e9l\u00e9gante. <br \/>\n2. <a href=\"\/blog\/index.php?tag\/Ford\">Ford<\/a> <a href=\"\/blog\/index.php?tag\/Escape\">Escape<\/a> <br \/>\nCeci est la voiture hybride parfaite pour les familles, qui requiert de l\u2019essence sans plomb. La voiture est vraiment efficace et pas ch\u00e8re. <br \/>\n3. <a href=\"\/blog\/index.php?tag\/Honda\">Honda<\/a> <a href=\"\/blog\/index.php?tag\/Civic\">Civic<\/a> <br \/>\nUne autre voiture hybride qui marche \u00e0 l\u2019essence sans plomb, la Civic est \u00e0 bas prix et elle offre une promenade en voiture vraiment confortable. <br \/>\n4. <a href=\"\/blog\/index.php?tag\/Honda\">Honda<\/a> <a href=\"\/blog\/index.php?tag\/CVR\">CVR<\/a> <br \/>\nCette voiture hybride CRV est disponible avec un moteur qui marche \u00e0 l\u2019essence ou qui marche au gazole. C\u2019est une voiture parfaite pour les familles nombreuses, les jeunes mamans actives, offrant un grand coffre et un int\u00e9rieur ultra-spacieux. <br \/>\n5. <a href=\"\/blog\/index.php?tag\/Kia\">Kia<\/a> <a href=\"\/blog\/index.php?tag\/Optima\">Optima<\/a> Hybrid <br \/>\nCette petite voiture hybride offre un niveau \u00e9lev\u00e9 d\u2019efficacit\u00e9 - voiture parfaite pour les m\u00e8res qui ne veulent pas trop d\u00e9penser alors qu\u2019elles d\u00e9posent leurs enfants \u00e0 l\u2019\u00e9cole. <br \/>\n6. <a href=\"\/blog\/index.php?tag\/Lexus\">Lexus<\/a> <a href=\"\/blog\/index.php?tag\/LS600H\">LS600H<\/a> <br \/>\nComme la BMW, cette voiture ch\u00e8re et classique est le choix d\u2019excellence pour l\u2019homme d\u2019affaires qui veut opte pour une voiture \u00e9cologique,  sans compromettre le style.<br \/>\n7.  <a href=\"\/blog\/index.php?tag\/Porsche\">Porsche<\/a> <a href=\"\/blog\/index.php?tag\/Panamera\">Panamera<\/a> <br \/>\nM\u00eame Porsche commence \u00e0 d\u00e9velopper des voitures hybrides et la Panamera est un vraiment bel exemple. Elle co\u00fbte moins ch\u00e8re que la Lexus mais elle offre le m\u00eame style classique et un moteur ultra- puissant.<\/p>\n<p>\/ <a href=\"\/blog\/index.php?post\/2012\/02\/18\/Peugeot-3008-Hybrid4\">Pugeot 3008 Hydrid4<\/a><br \/>\n\/ <a href=\"\/blog\/index.php?post\/2011\/12\/23\/Citroen-DS5-des-sensations-uniques\">Citroen DS5 des sensations uniques !<\/a><\/p>\n","protected":false},"excerpt":{"rendered":"<p>Chaque ann\u00e9e, il y a de plus en plus de voitures hybrides dans les salons automobiles. Heureusement pour nous, les clients, cette croissante en termes de choix entraine une comp\u00e9titivit\u00e9 entre les constructeurs automobiles, toujours \u00e0 la recherche d\u2019am\u00e9liorations technologiques. Les nouvelles voitures hybrides qui ont fait leurs d\u00e9buts r\u00e9cemment sont de plus en plus &#8230; <a title=\"Les Voitures Hybrides \u2013 Que nous reserve l\u2019annee 2012 ?\" class=\"read-more\" href=\"https:\/\/www.carideal.com\/blog\/2012\/02\/24\/les-voitures-hybrides-que-nous-reserve-lannee-2012\/\" aria-label=\"En savoir plus sur Les Voitures Hybrides \u2013 Que nous reserve l\u2019annee 2012 ?\">Lire plus<\/a><\/p>\n","protected":false},"author":1,"featured_media":0,"comment_status":"open","ping_status":"open","sticky":false,"template":"","format":"standard","meta":{"_uag_custom_page_level_css":"","_themeisle_gutenberg_block_has_review":false,"footnotes":""},"categories":[6],"tags":[730],"class_list":["post-229","post","type-post","status-publish","format-standard","hentry","category-ecologie","tag-panamera"],"wppr_data":[],"yoast_head":"<!-- This site is optimized with the Yoast SEO plugin v24.8.1 - https:\/\/yoast.com\/wordpress\/plugins\/seo\/ -->\n<title>Les Voitures Hybrides \u2013 Que nous reserve l\u2019annee 2012 ? - Blog auto Carid\u00e9al<\/title>\n<meta name=\"robots\" content=\"index, follow, max-snippet:-1, max-image-preview:large, max-video-preview:-1\" \/>\n<link rel=\"canonical\" href=\"https:\/\/www.carideal.com\/blog\/2012\/02\/24\/les-voitures-hybrides-que-nous-reserve-lannee-2012\/\" \/>\n<meta property=\"og:locale\" content=\"fr_FR\" \/>\n<meta property=\"og:type\" content=\"article\" \/>\n<meta property=\"og:title\" content=\"Les Voitures Hybrides \u2013 Que nous reserve l\u2019annee 2012 ? - Blog auto Carid\u00e9al\" \/>\n<meta property=\"og:description\" content=\"Chaque ann\u00e9e, il y a de plus en plus de voitures hybrides dans les salons automobiles. Heureusement pour nous, les clients, cette croissante en termes de choix entraine une comp\u00e9titivit\u00e9 entre les constructeurs automobiles, toujours \u00e0 la recherche d\u2019am\u00e9liorations technologiques. Les nouvelles voitures hybrides qui ont fait leurs d\u00e9buts r\u00e9cemment sont de plus en plus ... Lire plus\" \/>\n<meta property=\"og:url\" content=\"https:\/\/www.carideal.com\/blog\/2012\/02\/24\/les-voitures-hybrides-que-nous-reserve-lannee-2012\/\" \/>\n<meta property=\"og:site_name\" content=\"Blog auto Carid\u00e9al\" \/>\n<meta property=\"article:publisher\" content=\"https:\/\/www.facebook.com\/Carideal.mandataire.automobile\" \/>\n<meta property=\"article:author\" content=\"https:\/\/www.facebook.com\/Carideal.mandataire.automobile\/\" \/>\n<meta property=\"article:published_time\" content=\"2012-02-24T08:27:00+00:00\" \/>\n<meta property=\"article:modified_time\" content=\"2020-03-07T15:46:12+00:00\" \/>\n<meta property=\"og:image\" content=\"https:\/\/www.carideal.com\/blog\/wp-content\/uploads\/2016\/03\/logo-carideal-mandataire-automobile.png\" \/>\n\t<meta property=\"og:image:width\" content=\"300\" \/>\n\t<meta property=\"og:image:height\" content=\"300\" \/>\n\t<meta property=\"og:image:type\" content=\"image\/png\" \/>\n<meta name=\"author\" content=\"N.S Carideal\" \/>\n<meta name=\"twitter:card\" content=\"summary_large_image\" \/>\n<meta name=\"twitter:creator\" content=\"@caridealauto\" \/>\n<meta name=\"twitter:site\" content=\"@caridealauto\" \/>\n<meta name=\"twitter:label1\" content=\"\u00c9crit par\" \/>\n\t<meta name=\"twitter:data1\" content=\"N.S Carideal\" \/>\n\t<meta name=\"twitter:label2\" content=\"Dur\u00e9e de lecture estim\u00e9e\" \/>\n\t<meta name=\"twitter:data2\" content=\"2 minutes\" \/>\n<script type=\"application\/ld+json\" class=\"yoast-schema-graph\">{\"@context\":\"https:\/\/schema.org\",\"@graph\":[{\"@type\":\"Article\",\"@id\":\"https:\/\/www.carideal.com\/blog\/2012\/02\/24\/les-voitures-hybrides-que-nous-reserve-lannee-2012\/#article\",\"isPartOf\":{\"@id\":\"https:\/\/www.carideal.com\/blog\/2012\/02\/24\/les-voitures-hybrides-que-nous-reserve-lannee-2012\/\"},\"author\":{\"name\":\"N.S Carideal\",\"@id\":\"https:\/\/www.carideal.com\/blog\/#\/schema\/person\/985c7e757d1042d647f21bfaf8d41ebc\"},\"headline\":\"Les Voitures Hybrides \u2013 Que nous reserve l\u2019annee 2012 ?\",\"datePublished\":\"2012-02-24T08:27:00+00:00\",\"dateModified\":\"2020-03-07T15:46:12+00:00\",\"mainEntityOfPage\":{\"@id\":\"https:\/\/www.carideal.com\/blog\/2012\/02\/24\/les-voitures-hybrides-que-nous-reserve-lannee-2012\/\"},\"wordCount\":379,\"commentCount\":0,\"publisher\":{\"@id\":\"https:\/\/www.carideal.com\/blog\/#organization\"},\"keywords\":[\"Panamera\"],\"articleSection\":[\"Ecologie\"],\"inLanguage\":\"fr-FR\",\"potentialAction\":[{\"@type\":\"CommentAction\",\"name\":\"Comment\",\"target\":[\"https:\/\/www.carideal.com\/blog\/2012\/02\/24\/les-voitures-hybrides-que-nous-reserve-lannee-2012\/#respond\"]}]},{\"@type\":\"WebPage\",\"@id\":\"https:\/\/www.carideal.com\/blog\/2012\/02\/24\/les-voitures-hybrides-que-nous-reserve-lannee-2012\/\",\"url\":\"https:\/\/www.carideal.com\/blog\/2012\/02\/24\/les-voitures-hybrides-que-nous-reserve-lannee-2012\/\",\"name\":\"Les Voitures Hybrides \u2013 Que nous reserve l\u2019annee 2012 ? - Blog auto Carid\u00e9al\",\"isPartOf\":{\"@id\":\"https:\/\/www.carideal.com\/blog\/#website\"},\"datePublished\":\"2012-02-24T08:27:00+00:00\",\"dateModified\":\"2020-03-07T15:46:12+00:00\",\"breadcrumb\":{\"@id\":\"https:\/\/www.carideal.com\/blog\/2012\/02\/24\/les-voitures-hybrides-que-nous-reserve-lannee-2012\/#breadcrumb\"},\"inLanguage\":\"fr-FR\",\"potentialAction\":[{\"@type\":\"ReadAction\",\"target\":[\"https:\/\/www.carideal.com\/blog\/2012\/02\/24\/les-voitures-hybrides-que-nous-reserve-lannee-2012\/\"]}]},{\"@type\":\"BreadcrumbList\",\"@id\":\"https:\/\/www.carideal.com\/blog\/2012\/02\/24\/les-voitures-hybrides-que-nous-reserve-lannee-2012\/#breadcrumb\",\"itemListElement\":[{\"@type\":\"ListItem\",\"position\":1,\"name\":\"Blog Carid\u00e9al\",\"item\":\"https:\/\/www.carideal.com\/blog\/\"},{\"@type\":\"ListItem\",\"position\":2,\"name\":\"Ecologie\",\"item\":\"https:\/\/www.carideal.com\/blog\/ecologie\/\"},{\"@type\":\"ListItem\",\"position\":3,\"name\":\"Les Voitures Hybrides \u2013 Que nous reserve l\u2019annee 2012 ?\"}]},{\"@type\":\"WebSite\",\"@id\":\"https:\/\/www.carideal.com\/blog\/#website\",\"url\":\"https:\/\/www.carideal.com\/blog\/\",\"name\":\"Blog auto Carid\u00e9al\",\"description\":\"Actualit\u00e9 auto par des passionn\u00e9s\",\"publisher\":{\"@id\":\"https:\/\/www.carideal.com\/blog\/#organization\"},\"potentialAction\":[{\"@type\":\"SearchAction\",\"target\":{\"@type\":\"EntryPoint\",\"urlTemplate\":\"https:\/\/www.carideal.com\/blog\/?s={search_term_string}\"},\"query-input\":{\"@type\":\"PropertyValueSpecification\",\"valueRequired\":true,\"valueName\":\"search_term_string\"}}],\"inLanguage\":\"fr-FR\"},{\"@type\":\"Organization\",\"@id\":\"https:\/\/www.carideal.com\/blog\/#organization\",\"name\":\"Carideal\",\"url\":\"https:\/\/www.carideal.com\/blog\/\",\"logo\":{\"@type\":\"ImageObject\",\"inLanguage\":\"fr-FR\",\"@id\":\"https:\/\/www.carideal.com\/blog\/#\/schema\/logo\/image\/\",\"url\":\"http:\/\/www.carideal.com\/blog\/wp-content\/uploads\/2016\/03\/logo-carideal-mandataire-automobile.png\",\"contentUrl\":\"http:\/\/www.carideal.com\/blog\/wp-content\/uploads\/2016\/03\/logo-carideal-mandataire-automobile.png\",\"width\":300,\"height\":300,\"caption\":\"Carideal\"},\"image\":{\"@id\":\"https:\/\/www.carideal.com\/blog\/#\/schema\/logo\/image\/\"},\"sameAs\":[\"https:\/\/www.facebook.com\/Carideal.mandataire.automobile\",\"https:\/\/x.com\/caridealauto\",\"https:\/\/www.instagram.com\/carideal1\/\",\"https:\/\/www.linkedin.com\/company\/carideal.com\",\"https:\/\/fr.pinterest.com\/schiavonsas\/\",\"https:\/\/www.youtube.com\/user\/caridealsas\"]},{\"@type\":\"Person\",\"@id\":\"https:\/\/www.carideal.com\/blog\/#\/schema\/person\/985c7e757d1042d647f21bfaf8d41ebc\",\"name\":\"N.S Carideal\",\"image\":{\"@type\":\"ImageObject\",\"inLanguage\":\"fr-FR\",\"@id\":\"https:\/\/www.carideal.com\/blog\/#\/schema\/person\/image\/\",\"url\":\"https:\/\/secure.gravatar.com\/avatar\/edb7ccdf1a4e3d14aef967760d354d0e?s=96&r=g\",\"contentUrl\":\"https:\/\/secure.gravatar.com\/avatar\/edb7ccdf1a4e3d14aef967760d354d0e?s=96&r=g\",\"caption\":\"N.S Carideal\"},\"description\":\"Depuis tout petit fan d'automobile. Il est question d'essayer et de comparer toutes ces voitures qui nous ont fait r\u00e9ver, avant que celles-ci ne devient uniquement des voitures de collection.\",\"sameAs\":[\"http:\/\/www.carideal.com\/blog\",\"https:\/\/www.facebook.com\/Carideal.mandataire.automobile\/\",\"https:\/\/www.linkedin.com\/in\/nschiavon\/\",\"https:\/\/www.youtube.com\/user\/caridealsas\/\"],\"url\":\"https:\/\/www.carideal.com\/blog\/author\/admin_carideal\/\"}]}<\/script>\n<!-- \/ Yoast SEO plugin. -->","yoast_head_json":{"title":"Les Voitures Hybrides \u2013 Que nous reserve l\u2019annee 2012 ? - Blog auto Carid\u00e9al","robots":{"index":"index","follow":"follow","max-snippet":"max-snippet:-1","max-image-preview":"max-image-preview:large","max-video-preview":"max-video-preview:-1"},"canonical":"https:\/\/www.carideal.com\/blog\/2012\/02\/24\/les-voitures-hybrides-que-nous-reserve-lannee-2012\/","og_locale":"fr_FR","og_type":"article","og_title":"Les Voitures Hybrides \u2013 Que nous reserve l\u2019annee 2012 ? - Blog auto Carid\u00e9al","og_description":"Chaque ann\u00e9e, il y a de plus en plus de voitures hybrides dans les salons automobiles. Heureusement pour nous, les clients, cette croissante en termes de choix entraine une comp\u00e9titivit\u00e9 entre les constructeurs automobiles, toujours \u00e0 la recherche d\u2019am\u00e9liorations technologiques. Les nouvelles voitures hybrides qui ont fait leurs d\u00e9buts r\u00e9cemment sont de plus en plus ... Lire plus","og_url":"https:\/\/www.carideal.com\/blog\/2012\/02\/24\/les-voitures-hybrides-que-nous-reserve-lannee-2012\/","og_site_name":"Blog auto Carid\u00e9al","article_publisher":"https:\/\/www.facebook.com\/Carideal.mandataire.automobile","article_author":"https:\/\/www.facebook.com\/Carideal.mandataire.automobile\/","article_published_time":"2012-02-24T08:27:00+00:00","article_modified_time":"2020-03-07T15:46:12+00:00","og_image":[{"width":300,"height":300,"url":"https:\/\/www.carideal.com\/blog\/wp-content\/uploads\/2016\/03\/logo-carideal-mandataire-automobile.png","type":"image\/png"}],"author":"N.S Carideal","twitter_card":"summary_large_image","twitter_creator":"@caridealauto","twitter_site":"@caridealauto","twitter_misc":{"\u00c9crit par":"N.S Carideal","Dur\u00e9e de lecture estim\u00e9e":"2 minutes"},"schema":{"@context":"https:\/\/schema.org","@graph":[{"@type":"Article","@id":"https:\/\/www.carideal.com\/blog\/2012\/02\/24\/les-voitures-hybrides-que-nous-reserve-lannee-2012\/#article","isPartOf":{"@id":"https:\/\/www.carideal.com\/blog\/2012\/02\/24\/les-voitures-hybrides-que-nous-reserve-lannee-2012\/"},"author":{"name":"N.S Carideal","@id":"https:\/\/www.carideal.com\/blog\/#\/schema\/person\/985c7e757d1042d647f21bfaf8d41ebc"},"headline":"Les Voitures Hybrides \u2013 Que nous reserve l\u2019annee 2012 ?","datePublished":"2012-02-24T08:27:00+00:00","dateModified":"2020-03-07T15:46:12+00:00","mainEntityOfPage":{"@id":"https:\/\/www.carideal.com\/blog\/2012\/02\/24\/les-voitures-hybrides-que-nous-reserve-lannee-2012\/"},"wordCount":379,"commentCount":0,"publisher":{"@id":"https:\/\/www.carideal.com\/blog\/#organization"},"keywords":["Panamera"],"articleSection":["Ecologie"],"inLanguage":"fr-FR","potentialAction":[{"@type":"CommentAction","name":"Comment","target":["https:\/\/www.carideal.com\/blog\/2012\/02\/24\/les-voitures-hybrides-que-nous-reserve-lannee-2012\/#respond"]}]},{"@type":"WebPage","@id":"https:\/\/www.carideal.com\/blog\/2012\/02\/24\/les-voitures-hybrides-que-nous-reserve-lannee-2012\/","url":"https:\/\/www.carideal.com\/blog\/2012\/02\/24\/les-voitures-hybrides-que-nous-reserve-lannee-2012\/","name":"Les Voitures Hybrides \u2013 Que nous reserve l\u2019annee 2012 ? - Blog auto Carid\u00e9al","isPartOf":{"@id":"https:\/\/www.carideal.com\/blog\/#website"},"datePublished":"2012-02-24T08:27:00+00:00","dateModified":"2020-03-07T15:46:12+00:00","breadcrumb":{"@id":"https:\/\/www.carideal.com\/blog\/2012\/02\/24\/les-voitures-hybrides-que-nous-reserve-lannee-2012\/#breadcrumb"},"inLanguage":"fr-FR","potentialAction":[{"@type":"ReadAction","target":["https:\/\/www.carideal.com\/blog\/2012\/02\/24\/les-voitures-hybrides-que-nous-reserve-lannee-2012\/"]}]},{"@type":"BreadcrumbList","@id":"https:\/\/www.carideal.com\/blog\/2012\/02\/24\/les-voitures-hybrides-que-nous-reserve-lannee-2012\/#breadcrumb","itemListElement":[{"@type":"ListItem","position":1,"name":"Blog Carid\u00e9al","item":"https:\/\/www.carideal.com\/blog\/"},{"@type":"ListItem","position":2,"name":"Ecologie","item":"https:\/\/www.carideal.com\/blog\/ecologie\/"},{"@type":"ListItem","position":3,"name":"Les Voitures Hybrides \u2013 Que nous reserve l\u2019annee 2012 ?"}]},{"@type":"WebSite","@id":"https:\/\/www.carideal.com\/blog\/#website","url":"https:\/\/www.carideal.com\/blog\/","name":"Blog auto Carid\u00e9al","description":"Actualit\u00e9 auto par des passionn\u00e9s","publisher":{"@id":"https:\/\/www.carideal.com\/blog\/#organization"},"potentialAction":[{"@type":"SearchAction","target":{"@type":"EntryPoint","urlTemplate":"https:\/\/www.carideal.com\/blog\/?s={search_term_string}"},"query-input":{"@type":"PropertyValueSpecification","valueRequired":true,"valueName":"search_term_string"}}],"inLanguage":"fr-FR"},{"@type":"Organization","@id":"https:\/\/www.carideal.com\/blog\/#organization","name":"Carideal","url":"https:\/\/www.carideal.com\/blog\/","logo":{"@type":"ImageObject","inLanguage":"fr-FR","@id":"https:\/\/www.carideal.com\/blog\/#\/schema\/logo\/image\/","url":"http:\/\/www.carideal.com\/blog\/wp-content\/uploads\/2016\/03\/logo-carideal-mandataire-automobile.png","contentUrl":"http:\/\/www.carideal.com\/blog\/wp-content\/uploads\/2016\/03\/logo-carideal-mandataire-automobile.png","width":300,"height":300,"caption":"Carideal"},"image":{"@id":"https:\/\/www.carideal.com\/blog\/#\/schema\/logo\/image\/"},"sameAs":["https:\/\/www.facebook.com\/Carideal.mandataire.automobile","https:\/\/x.com\/caridealauto","https:\/\/www.instagram.com\/carideal1\/","https:\/\/www.linkedin.com\/company\/carideal.com","https:\/\/fr.pinterest.com\/schiavonsas\/","https:\/\/www.youtube.com\/user\/caridealsas"]},{"@type":"Person","@id":"https:\/\/www.carideal.com\/blog\/#\/schema\/person\/985c7e757d1042d647f21bfaf8d41ebc","name":"N.S Carideal","image":{"@type":"ImageObject","inLanguage":"fr-FR","@id":"https:\/\/www.carideal.com\/blog\/#\/schema\/person\/image\/","url":"https:\/\/secure.gravatar.com\/avatar\/edb7ccdf1a4e3d14aef967760d354d0e?s=96&r=g","contentUrl":"https:\/\/secure.gravatar.com\/avatar\/edb7ccdf1a4e3d14aef967760d354d0e?s=96&r=g","caption":"N.S Carideal"},"description":"Depuis tout petit fan d'automobile. Il est question d'essayer et de comparer toutes ces voitures qui nous ont fait r\u00e9ver, avant que celles-ci ne devient uniquement des voitures de collection.","sameAs":["http:\/\/www.carideal.com\/blog","https:\/\/www.facebook.com\/Carideal.mandataire.automobile\/","https:\/\/www.linkedin.com\/in\/nschiavon\/","https:\/\/www.youtube.com\/user\/caridealsas\/"],"url":"https:\/\/www.carideal.com\/blog\/author\/admin_carideal\/"}]}},"uagb_featured_image_src":{"full":false,"thumbnail":false,"medium":false,"medium_large":false,"large":false,"1536x1536":false,"2048x2048":false,"wppr-widget":false},"uagb_author_info":{"display_name":"N.S Carideal","author_link":"https:\/\/www.carideal.com\/blog\/author\/admin_carideal\/"},"uagb_comment_info":0,"uagb_excerpt":"Chaque ann\u00e9e, il y a de plus en plus de voitures hybrides dans les salons automobiles. Heureusement pour nous, les clients, cette croissante en termes de choix entraine une comp\u00e9titivit\u00e9 entre les constructeurs automobiles, toujours \u00e0 la recherche d\u2019am\u00e9liorations technologiques. Les nouvelles voitures hybrides qui ont fait leurs d\u00e9buts r\u00e9cemment sont de plus en plus\u2026","_links":{"self":[{"href":"https:\/\/www.carideal.com\/blog\/wp-json\/wp\/v2\/posts\/229"}],"collection":[{"href":"https:\/\/www.carideal.com\/blog\/wp-json\/wp\/v2\/posts"}],"about":[{"href":"https:\/\/www.carideal.com\/blog\/wp-json\/wp\/v2\/types\/post"}],"author":[{"embeddable":true,"href":"https:\/\/www.carideal.com\/blog\/wp-json\/wp\/v2\/users\/1"}],"replies":[{"embeddable":true,"href":"https:\/\/www.carideal.com\/blog\/wp-json\/wp\/v2\/comments?post=229"}],"version-history":[{"count":0,"href":"https:\/\/www.carideal.com\/blog\/wp-json\/wp\/v2\/posts\/229\/revisions"}],"wp:attachment":[{"href":"https:\/\/www.carideal.com\/blog\/wp-json\/wp\/v2\/media?parent=229"}],"wp:term":[{"taxonomy":"category","embeddable":true,"href":"https:\/\/www.carideal.com\/blog\/wp-json\/wp\/v2\/categories?post=229"},{"taxonomy":"post_tag","embeddable":true,"href":"https:\/\/www.carideal.com\/blog\/wp-json\/wp\/v2\/tags?post=229"}],"curies":[{"name":"wp","href":"https:\/\/api.w.org\/{rel}","templated":true}]}}