{"id":226,"date":"2012-01-29T19:09:00","date_gmt":"2012-01-29T19:09:00","guid":{"rendered":"http:\/\/carideal.com\/blog\/?p=226"},"modified":"2017-01-20T14:34:28","modified_gmt":"2017-01-20T13:34:28","slug":"la-californie-prend-des-mesures-contre-la-pollution-automobile","status":"publish","type":"post","link":"https:\/\/www.carideal.com\/blog\/2012\/01\/29\/la-californie-prend-des-mesures-contre-la-pollution-automobile\/","title":{"rendered":"La Californie prend des mesures contre la pollution Automobile"},"content":{"rendered":"<h1><strong>La Californie prend des mesures contre la pollution automobile<\/strong><\/h1>\n<p>L'\u00e9tat de Californie veut aussi promouvoir le d\u00e9veloppement des pompes \u00e0 hydrog\u00e8ne dans les stations services.<br \/>\nL'agence Californienne table sur la mise en service de 1.4 million de voiture \"vertes\", soit \u00e9lectrique, soit hybride, soit \u00e0 hydrog\u00e8ne jusque 2025. Elle souhaite ainsi faire baisser de 34% ses \u00e9missions de gaz \u00e0 effet de serre, et de 75% les \u00e9missions de particules polluantes.<br \/>\nL'\u00e9tat de Californie est le plus ambitieux des \u00e9tats, afin de r\u00e9duire les \u00e9missions de gaz \u00e0 effet de serre. Il veut r\u00e9duire de 80% ces \u00e9missions de gaz \u00e0 effet de serre d'ici 2050 ses \u00e9missions de gaz \u00e0 effet de serre.<br \/>\n40% de ces \u00e9missions proviennent des automobiles.<\/p>\n<p>\/ General Motors investit dans les batteries<\/p>\n","protected":false},"excerpt":{"rendered":"<p>La Californie prend des mesures contre la pollution automobile L&rsquo;\u00e9tat de Californie veut aussi promouvoir le d\u00e9veloppement des pompes \u00e0 hydrog\u00e8ne dans les stations services. L&rsquo;agence Californienne table sur la mise en service de 1.4 million de voiture \u00ab\u00a0vertes\u00a0\u00bb, soit \u00e9lectrique, soit hybride, soit \u00e0 hydrog\u00e8ne jusque 2025. Elle souhaite ainsi faire baisser de 34% &#8230; <a title=\"La Californie prend des mesures contre la pollution Automobile\" class=\"read-more\" href=\"https:\/\/www.carideal.com\/blog\/2012\/01\/29\/la-californie-prend-des-mesures-contre-la-pollution-automobile\/\" aria-label=\"En savoir plus sur La Californie prend des mesures contre la pollution Automobile\">Lire plus<\/a><\/p>\n","protected":false},"author":1,"featured_media":14942,"comment_status":"open","ping_status":"open","sticky":false,"template":"","format":"standard","meta":{"_uag_custom_page_level_css":"","_themeisle_gutenberg_block_has_review":false,"footnotes":""},"categories":[6],"tags":[60,4953],"class_list":["post-226","post","type-post","status-publish","format-standard","has-post-thumbnail","hentry","category-ecologie","tag-co2","tag-pollution-de-lair"],"wppr_data":{"cwp_meta_box_check":"No"},"yoast_head":"<!-- This site is optimized with the Yoast SEO plugin v24.8.1 - https:\/\/yoast.com\/wordpress\/plugins\/seo\/ -->\n<title>La Californie prend des mesures contre la pollution Automobile - Blog auto Carid\u00e9al<\/title>\n<meta name=\"robots\" content=\"index, follow, max-snippet:-1, max-image-preview:large, max-video-preview:-1\" \/>\n<link rel=\"canonical\" href=\"https:\/\/www.carideal.com\/blog\/2012\/01\/29\/la-californie-prend-des-mesures-contre-la-pollution-automobile\/\" \/>\n<meta property=\"og:locale\" content=\"fr_FR\" \/>\n<meta property=\"og:type\" content=\"article\" \/>\n<meta property=\"og:title\" content=\"La Californie prend des mesures contre la pollution Automobile - Blog auto Carid\u00e9al\" \/>\n<meta property=\"og:description\" content=\"La Californie prend des mesures contre la pollution automobile L&#039;\u00e9tat de Californie veut aussi promouvoir le d\u00e9veloppement des pompes \u00e0 hydrog\u00e8ne dans les stations services. L&#039;agence Californienne table sur la mise en service de 1.4 million de voiture &quot;vertes&quot;, soit \u00e9lectrique, soit hybride, soit \u00e0 hydrog\u00e8ne jusque 2025. Elle souhaite ainsi faire baisser de 34% ... Lire plus\" \/>\n<meta property=\"og:url\" content=\"https:\/\/www.carideal.com\/blog\/2012\/01\/29\/la-californie-prend-des-mesures-contre-la-pollution-automobile\/\" \/>\n<meta property=\"og:site_name\" content=\"Blog auto Carid\u00e9al\" \/>\n<meta property=\"article:publisher\" content=\"https:\/\/www.facebook.com\/Carideal.mandataire.automobile\" \/>\n<meta property=\"article:author\" content=\"https:\/\/www.facebook.com\/Carideal.mandataire.automobile\/\" \/>\n<meta property=\"article:published_time\" content=\"2012-01-29T19:09:00+00:00\" \/>\n<meta property=\"article:modified_time\" content=\"2017-01-20T13:34:28+00:00\" \/>\n<meta property=\"og:image\" content=\"https:\/\/www.carideal.com\/blog\/wp-content\/uploads\/2012\/01\/pollution-californie-e1484919221805.jpg\" \/>\n\t<meta property=\"og:image:width\" content=\"800\" \/>\n\t<meta property=\"og:image:height\" content=\"409\" \/>\n\t<meta property=\"og:image:type\" content=\"image\/jpeg\" \/>\n<meta name=\"author\" content=\"N.S Carideal\" \/>\n<meta name=\"twitter:card\" content=\"summary_large_image\" \/>\n<meta name=\"twitter:creator\" content=\"@caridealauto\" \/>\n<meta name=\"twitter:site\" content=\"@caridealauto\" \/>\n<meta name=\"twitter:label1\" content=\"\u00c9crit par\" \/>\n\t<meta name=\"twitter:data1\" content=\"N.S Carideal\" \/>\n\t<meta name=\"twitter:label2\" content=\"Dur\u00e9e de lecture estim\u00e9e\" \/>\n\t<meta name=\"twitter:data2\" content=\"1 minute\" \/>\n<script type=\"application\/ld+json\" class=\"yoast-schema-graph\">{\"@context\":\"https:\/\/schema.org\",\"@graph\":[{\"@type\":\"Article\",\"@id\":\"https:\/\/www.carideal.com\/blog\/2012\/01\/29\/la-californie-prend-des-mesures-contre-la-pollution-automobile\/#article\",\"isPartOf\":{\"@id\":\"https:\/\/www.carideal.com\/blog\/2012\/01\/29\/la-californie-prend-des-mesures-contre-la-pollution-automobile\/\"},\"author\":{\"name\":\"N.S Carideal\",\"@id\":\"https:\/\/www.carideal.com\/blog\/#\/schema\/person\/985c7e757d1042d647f21bfaf8d41ebc\"},\"headline\":\"La Californie prend des mesures contre la pollution Automobile\",\"datePublished\":\"2012-01-29T19:09:00+00:00\",\"dateModified\":\"2017-01-20T13:34:28+00:00\",\"mainEntityOfPage\":{\"@id\":\"https:\/\/www.carideal.com\/blog\/2012\/01\/29\/la-californie-prend-des-mesures-contre-la-pollution-automobile\/\"},\"wordCount\":130,\"commentCount\":0,\"publisher\":{\"@id\":\"https:\/\/www.carideal.com\/blog\/#organization\"},\"image\":{\"@id\":\"https:\/\/www.carideal.com\/blog\/2012\/01\/29\/la-californie-prend-des-mesures-contre-la-pollution-automobile\/#primaryimage\"},\"thumbnailUrl\":\"https:\/\/www.carideal.com\/blog\/wp-content\/uploads\/2012\/01\/pollution-californie-e1484919221805.jpg\",\"keywords\":[\"CO2 \u00e9mission de CO2\",\"Pollution de l\u2019air\"],\"articleSection\":[\"Ecologie\"],\"inLanguage\":\"fr-FR\",\"potentialAction\":[{\"@type\":\"CommentAction\",\"name\":\"Comment\",\"target\":[\"https:\/\/www.carideal.com\/blog\/2012\/01\/29\/la-californie-prend-des-mesures-contre-la-pollution-automobile\/#respond\"]}]},{\"@type\":\"WebPage\",\"@id\":\"https:\/\/www.carideal.com\/blog\/2012\/01\/29\/la-californie-prend-des-mesures-contre-la-pollution-automobile\/\",\"url\":\"https:\/\/www.carideal.com\/blog\/2012\/01\/29\/la-californie-prend-des-mesures-contre-la-pollution-automobile\/\",\"name\":\"La Californie prend des mesures contre la pollution Automobile - Blog auto Carid\u00e9al\",\"isPartOf\":{\"@id\":\"https:\/\/www.carideal.com\/blog\/#website\"},\"primaryImageOfPage\":{\"@id\":\"https:\/\/www.carideal.com\/blog\/2012\/01\/29\/la-californie-prend-des-mesures-contre-la-pollution-automobile\/#primaryimage\"},\"image\":{\"@id\":\"https:\/\/www.carideal.com\/blog\/2012\/01\/29\/la-californie-prend-des-mesures-contre-la-pollution-automobile\/#primaryimage\"},\"thumbnailUrl\":\"https:\/\/www.carideal.com\/blog\/wp-content\/uploads\/2012\/01\/pollution-californie-e1484919221805.jpg\",\"datePublished\":\"2012-01-29T19:09:00+00:00\",\"dateModified\":\"2017-01-20T13:34:28+00:00\",\"breadcrumb\":{\"@id\":\"https:\/\/www.carideal.com\/blog\/2012\/01\/29\/la-californie-prend-des-mesures-contre-la-pollution-automobile\/#breadcrumb\"},\"inLanguage\":\"fr-FR\",\"potentialAction\":[{\"@type\":\"ReadAction\",\"target\":[\"https:\/\/www.carideal.com\/blog\/2012\/01\/29\/la-californie-prend-des-mesures-contre-la-pollution-automobile\/\"]}]},{\"@type\":\"ImageObject\",\"inLanguage\":\"fr-FR\",\"@id\":\"https:\/\/www.carideal.com\/blog\/2012\/01\/29\/la-californie-prend-des-mesures-contre-la-pollution-automobile\/#primaryimage\",\"url\":\"https:\/\/www.carideal.com\/blog\/wp-content\/uploads\/2012\/01\/pollution-californie-e1484919221805.jpg\",\"contentUrl\":\"https:\/\/www.carideal.com\/blog\/wp-content\/uploads\/2012\/01\/pollution-californie-e1484919221805.jpg\",\"width\":800,\"height\":409,\"caption\":\"Pollution en Californie\"},{\"@type\":\"BreadcrumbList\",\"@id\":\"https:\/\/www.carideal.com\/blog\/2012\/01\/29\/la-californie-prend-des-mesures-contre-la-pollution-automobile\/#breadcrumb\",\"itemListElement\":[{\"@type\":\"ListItem\",\"position\":1,\"name\":\"Blog Carid\u00e9al\",\"item\":\"https:\/\/www.carideal.com\/blog\/\"},{\"@type\":\"ListItem\",\"position\":2,\"name\":\"Ecologie\",\"item\":\"https:\/\/www.carideal.com\/blog\/ecologie\/\"},{\"@type\":\"ListItem\",\"position\":3,\"name\":\"La Californie prend des mesures contre la pollution Automobile\"}]},{\"@type\":\"WebSite\",\"@id\":\"https:\/\/www.carideal.com\/blog\/#website\",\"url\":\"https:\/\/www.carideal.com\/blog\/\",\"name\":\"Blog auto Carid\u00e9al\",\"description\":\"Actualit\u00e9 auto par des passionn\u00e9s\",\"publisher\":{\"@id\":\"https:\/\/www.carideal.com\/blog\/#organization\"},\"potentialAction\":[{\"@type\":\"SearchAction\",\"target\":{\"@type\":\"EntryPoint\",\"urlTemplate\":\"https:\/\/www.carideal.com\/blog\/?s={search_term_string}\"},\"query-input\":{\"@type\":\"PropertyValueSpecification\",\"valueRequired\":true,\"valueName\":\"search_term_string\"}}],\"inLanguage\":\"fr-FR\"},{\"@type\":\"Organization\",\"@id\":\"https:\/\/www.carideal.com\/blog\/#organization\",\"name\":\"Carideal\",\"url\":\"https:\/\/www.carideal.com\/blog\/\",\"logo\":{\"@type\":\"ImageObject\",\"inLanguage\":\"fr-FR\",\"@id\":\"https:\/\/www.carideal.com\/blog\/#\/schema\/logo\/image\/\",\"url\":\"http:\/\/www.carideal.com\/blog\/wp-content\/uploads\/2016\/03\/logo-carideal-mandataire-automobile.png\",\"contentUrl\":\"http:\/\/www.carideal.com\/blog\/wp-content\/uploads\/2016\/03\/logo-carideal-mandataire-automobile.png\",\"width\":300,\"height\":300,\"caption\":\"Carideal\"},\"image\":{\"@id\":\"https:\/\/www.carideal.com\/blog\/#\/schema\/logo\/image\/\"},\"sameAs\":[\"https:\/\/www.facebook.com\/Carideal.mandataire.automobile\",\"https:\/\/x.com\/caridealauto\",\"https:\/\/www.instagram.com\/carideal1\/\",\"https:\/\/www.linkedin.com\/company\/carideal.com\",\"https:\/\/fr.pinterest.com\/schiavonsas\/\",\"https:\/\/www.youtube.com\/user\/caridealsas\"]},{\"@type\":\"Person\",\"@id\":\"https:\/\/www.carideal.com\/blog\/#\/schema\/person\/985c7e757d1042d647f21bfaf8d41ebc\",\"name\":\"N.S Carideal\",\"image\":{\"@type\":\"ImageObject\",\"inLanguage\":\"fr-FR\",\"@id\":\"https:\/\/www.carideal.com\/blog\/#\/schema\/person\/image\/\",\"url\":\"https:\/\/secure.gravatar.com\/avatar\/edb7ccdf1a4e3d14aef967760d354d0e?s=96&r=g\",\"contentUrl\":\"https:\/\/secure.gravatar.com\/avatar\/edb7ccdf1a4e3d14aef967760d354d0e?s=96&r=g\",\"caption\":\"N.S Carideal\"},\"description\":\"Depuis tout petit fan d'automobile. Il est question d'essayer et de comparer toutes ces voitures qui nous ont fait r\u00e9ver, avant que celles-ci ne devient uniquement des voitures de collection.\",\"sameAs\":[\"http:\/\/www.carideal.com\/blog\",\"https:\/\/www.facebook.com\/Carideal.mandataire.automobile\/\",\"https:\/\/www.linkedin.com\/in\/nschiavon\/\",\"https:\/\/www.youtube.com\/user\/caridealsas\/\"],\"url\":\"https:\/\/www.carideal.com\/blog\/author\/admin_carideal\/\"}]}<\/script>\n<!-- \/ Yoast SEO plugin. -->","yoast_head_json":{"title":"La Californie prend des mesures contre la pollution Automobile - Blog auto Carid\u00e9al","robots":{"index":"index","follow":"follow","max-snippet":"max-snippet:-1","max-image-preview":"max-image-preview:large","max-video-preview":"max-video-preview:-1"},"canonical":"https:\/\/www.carideal.com\/blog\/2012\/01\/29\/la-californie-prend-des-mesures-contre-la-pollution-automobile\/","og_locale":"fr_FR","og_type":"article","og_title":"La Californie prend des mesures contre la pollution Automobile - Blog auto Carid\u00e9al","og_description":"La Californie prend des mesures contre la pollution automobile L'\u00e9tat de Californie veut aussi promouvoir le d\u00e9veloppement des pompes \u00e0 hydrog\u00e8ne dans les stations services. L'agence Californienne table sur la mise en service de 1.4 million de voiture \"vertes\", soit \u00e9lectrique, soit hybride, soit \u00e0 hydrog\u00e8ne jusque 2025. Elle souhaite ainsi faire baisser de 34% ... Lire plus","og_url":"https:\/\/www.carideal.com\/blog\/2012\/01\/29\/la-californie-prend-des-mesures-contre-la-pollution-automobile\/","og_site_name":"Blog auto Carid\u00e9al","article_publisher":"https:\/\/www.facebook.com\/Carideal.mandataire.automobile","article_author":"https:\/\/www.facebook.com\/Carideal.mandataire.automobile\/","article_published_time":"2012-01-29T19:09:00+00:00","article_modified_time":"2017-01-20T13:34:28+00:00","og_image":[{"width":800,"height":409,"url":"https:\/\/www.carideal.com\/blog\/wp-content\/uploads\/2012\/01\/pollution-californie-e1484919221805.jpg","type":"image\/jpeg"}],"author":"N.S Carideal","twitter_card":"summary_large_image","twitter_creator":"@caridealauto","twitter_site":"@caridealauto","twitter_misc":{"\u00c9crit par":"N.S Carideal","Dur\u00e9e de lecture estim\u00e9e":"1 minute"},"schema":{"@context":"https:\/\/schema.org","@graph":[{"@type":"Article","@id":"https:\/\/www.carideal.com\/blog\/2012\/01\/29\/la-californie-prend-des-mesures-contre-la-pollution-automobile\/#article","isPartOf":{"@id":"https:\/\/www.carideal.com\/blog\/2012\/01\/29\/la-californie-prend-des-mesures-contre-la-pollution-automobile\/"},"author":{"name":"N.S Carideal","@id":"https:\/\/www.carideal.com\/blog\/#\/schema\/person\/985c7e757d1042d647f21bfaf8d41ebc"},"headline":"La Californie prend des mesures contre la pollution Automobile","datePublished":"2012-01-29T19:09:00+00:00","dateModified":"2017-01-20T13:34:28+00:00","mainEntityOfPage":{"@id":"https:\/\/www.carideal.com\/blog\/2012\/01\/29\/la-californie-prend-des-mesures-contre-la-pollution-automobile\/"},"wordCount":130,"commentCount":0,"publisher":{"@id":"https:\/\/www.carideal.com\/blog\/#organization"},"image":{"@id":"https:\/\/www.carideal.com\/blog\/2012\/01\/29\/la-californie-prend-des-mesures-contre-la-pollution-automobile\/#primaryimage"},"thumbnailUrl":"https:\/\/www.carideal.com\/blog\/wp-content\/uploads\/2012\/01\/pollution-californie-e1484919221805.jpg","keywords":["CO2 \u00e9mission de CO2","Pollution de l\u2019air"],"articleSection":["Ecologie"],"inLanguage":"fr-FR","potentialAction":[{"@type":"CommentAction","name":"Comment","target":["https:\/\/www.carideal.com\/blog\/2012\/01\/29\/la-californie-prend-des-mesures-contre-la-pollution-automobile\/#respond"]}]},{"@type":"WebPage","@id":"https:\/\/www.carideal.com\/blog\/2012\/01\/29\/la-californie-prend-des-mesures-contre-la-pollution-automobile\/","url":"https:\/\/www.carideal.com\/blog\/2012\/01\/29\/la-californie-prend-des-mesures-contre-la-pollution-automobile\/","name":"La Californie prend des mesures contre la pollution Automobile - Blog auto Carid\u00e9al","isPartOf":{"@id":"https:\/\/www.carideal.com\/blog\/#website"},"primaryImageOfPage":{"@id":"https:\/\/www.carideal.com\/blog\/2012\/01\/29\/la-californie-prend-des-mesures-contre-la-pollution-automobile\/#primaryimage"},"image":{"@id":"https:\/\/www.carideal.com\/blog\/2012\/01\/29\/la-californie-prend-des-mesures-contre-la-pollution-automobile\/#primaryimage"},"thumbnailUrl":"https:\/\/www.carideal.com\/blog\/wp-content\/uploads\/2012\/01\/pollution-californie-e1484919221805.jpg","datePublished":"2012-01-29T19:09:00+00:00","dateModified":"2017-01-20T13:34:28+00:00","breadcrumb":{"@id":"https:\/\/www.carideal.com\/blog\/2012\/01\/29\/la-californie-prend-des-mesures-contre-la-pollution-automobile\/#breadcrumb"},"inLanguage":"fr-FR","potentialAction":[{"@type":"ReadAction","target":["https:\/\/www.carideal.com\/blog\/2012\/01\/29\/la-californie-prend-des-mesures-contre-la-pollution-automobile\/"]}]},{"@type":"ImageObject","inLanguage":"fr-FR","@id":"https:\/\/www.carideal.com\/blog\/2012\/01\/29\/la-californie-prend-des-mesures-contre-la-pollution-automobile\/#primaryimage","url":"https:\/\/www.carideal.com\/blog\/wp-content\/uploads\/2012\/01\/pollution-californie-e1484919221805.jpg","contentUrl":"https:\/\/www.carideal.com\/blog\/wp-content\/uploads\/2012\/01\/pollution-californie-e1484919221805.jpg","width":800,"height":409,"caption":"Pollution en Californie"},{"@type":"BreadcrumbList","@id":"https:\/\/www.carideal.com\/blog\/2012\/01\/29\/la-californie-prend-des-mesures-contre-la-pollution-automobile\/#breadcrumb","itemListElement":[{"@type":"ListItem","position":1,"name":"Blog Carid\u00e9al","item":"https:\/\/www.carideal.com\/blog\/"},{"@type":"ListItem","position":2,"name":"Ecologie","item":"https:\/\/www.carideal.com\/blog\/ecologie\/"},{"@type":"ListItem","position":3,"name":"La Californie prend des mesures contre la pollution Automobile"}]},{"@type":"WebSite","@id":"https:\/\/www.carideal.com\/blog\/#website","url":"https:\/\/www.carideal.com\/blog\/","name":"Blog auto Carid\u00e9al","description":"Actualit\u00e9 auto par des passionn\u00e9s","publisher":{"@id":"https:\/\/www.carideal.com\/blog\/#organization"},"potentialAction":[{"@type":"SearchAction","target":{"@type":"EntryPoint","urlTemplate":"https:\/\/www.carideal.com\/blog\/?s={search_term_string}"},"query-input":{"@type":"PropertyValueSpecification","valueRequired":true,"valueName":"search_term_string"}}],"inLanguage":"fr-FR"},{"@type":"Organization","@id":"https:\/\/www.carideal.com\/blog\/#organization","name":"Carideal","url":"https:\/\/www.carideal.com\/blog\/","logo":{"@type":"ImageObject","inLanguage":"fr-FR","@id":"https:\/\/www.carideal.com\/blog\/#\/schema\/logo\/image\/","url":"http:\/\/www.carideal.com\/blog\/wp-content\/uploads\/2016\/03\/logo-carideal-mandataire-automobile.png","contentUrl":"http:\/\/www.carideal.com\/blog\/wp-content\/uploads\/2016\/03\/logo-carideal-mandataire-automobile.png","width":300,"height":300,"caption":"Carideal"},"image":{"@id":"https:\/\/www.carideal.com\/blog\/#\/schema\/logo\/image\/"},"sameAs":["https:\/\/www.facebook.com\/Carideal.mandataire.automobile","https:\/\/x.com\/caridealauto","https:\/\/www.instagram.com\/carideal1\/","https:\/\/www.linkedin.com\/company\/carideal.com","https:\/\/fr.pinterest.com\/schiavonsas\/","https:\/\/www.youtube.com\/user\/caridealsas"]},{"@type":"Person","@id":"https:\/\/www.carideal.com\/blog\/#\/schema\/person\/985c7e757d1042d647f21bfaf8d41ebc","name":"N.S Carideal","image":{"@type":"ImageObject","inLanguage":"fr-FR","@id":"https:\/\/www.carideal.com\/blog\/#\/schema\/person\/image\/","url":"https:\/\/secure.gravatar.com\/avatar\/edb7ccdf1a4e3d14aef967760d354d0e?s=96&r=g","contentUrl":"https:\/\/secure.gravatar.com\/avatar\/edb7ccdf1a4e3d14aef967760d354d0e?s=96&r=g","caption":"N.S Carideal"},"description":"Depuis tout petit fan d'automobile. Il est question d'essayer et de comparer toutes ces voitures qui nous ont fait r\u00e9ver, avant que celles-ci ne devient uniquement des voitures de collection.","sameAs":["http:\/\/www.carideal.com\/blog","https:\/\/www.facebook.com\/Carideal.mandataire.automobile\/","https:\/\/www.linkedin.com\/in\/nschiavon\/","https:\/\/www.youtube.com\/user\/caridealsas\/"],"url":"https:\/\/www.carideal.com\/blog\/author\/admin_carideal\/"}]}},"uagb_featured_image_src":{"full":["https:\/\/www.carideal.com\/blog\/wp-content\/uploads\/2012\/01\/pollution-californie-e1484919221805.jpg",800,409,false],"thumbnail":["https:\/\/www.carideal.com\/blog\/wp-content\/uploads\/2012\/01\/pollution-californie-150x150.jpg",150,150,true],"medium":["https:\/\/www.carideal.com\/blog\/wp-content\/uploads\/2012\/01\/pollution-californie-300x153.jpg",300,153,true],"medium_large":["https:\/\/www.carideal.com\/blog\/wp-content\/uploads\/2012\/01\/pollution-californie-768x393.jpg",768,393,true],"large":["https:\/\/www.carideal.com\/blog\/wp-content\/uploads\/2012\/01\/pollution-californie-1024x524.jpg",1024,524,true],"1536x1536":["https:\/\/www.carideal.com\/blog\/wp-content\/uploads\/2012\/01\/pollution-californie-e1484919221805.jpg",800,409,false],"2048x2048":["https:\/\/www.carideal.com\/blog\/wp-content\/uploads\/2012\/01\/pollution-californie-e1484919221805.jpg",800,409,false],"wppr-widget":["https:\/\/www.carideal.com\/blog\/wp-content\/uploads\/2012\/01\/pollution-californie-e1484919221805.jpg",50,26,false]},"uagb_author_info":{"display_name":"N.S Carideal","author_link":"https:\/\/www.carideal.com\/blog\/author\/admin_carideal\/"},"uagb_comment_info":0,"uagb_excerpt":"La Californie prend des mesures contre la pollution automobile L'\u00e9tat de Californie veut aussi promouvoir le d\u00e9veloppement des pompes \u00e0 hydrog\u00e8ne dans les stations services. L'agence Californienne table sur la mise en service de 1.4 million de voiture \"vertes\", soit \u00e9lectrique, soit hybride, soit \u00e0 hydrog\u00e8ne jusque 2025. Elle souhaite ainsi faire baisser de 34%\u2026","_links":{"self":[{"href":"https:\/\/www.carideal.com\/blog\/wp-json\/wp\/v2\/posts\/226"}],"collection":[{"href":"https:\/\/www.carideal.com\/blog\/wp-json\/wp\/v2\/posts"}],"about":[{"href":"https:\/\/www.carideal.com\/blog\/wp-json\/wp\/v2\/types\/post"}],"author":[{"embeddable":true,"href":"https:\/\/www.carideal.com\/blog\/wp-json\/wp\/v2\/users\/1"}],"replies":[{"embeddable":true,"href":"https:\/\/www.carideal.com\/blog\/wp-json\/wp\/v2\/comments?post=226"}],"version-history":[{"count":0,"href":"https:\/\/www.carideal.com\/blog\/wp-json\/wp\/v2\/posts\/226\/revisions"}],"wp:featuredmedia":[{"embeddable":true,"href":"https:\/\/www.carideal.com\/blog\/wp-json\/wp\/v2\/media\/14942"}],"wp:attachment":[{"href":"https:\/\/www.carideal.com\/blog\/wp-json\/wp\/v2\/media?parent=226"}],"wp:term":[{"taxonomy":"category","embeddable":true,"href":"https:\/\/www.carideal.com\/blog\/wp-json\/wp\/v2\/categories?post=226"},{"taxonomy":"post_tag","embeddable":true,"href":"https:\/\/www.carideal.com\/blog\/wp-json\/wp\/v2\/tags?post=226"}],"curies":[{"name":"wp","href":"https:\/\/api.w.org\/{rel}","templated":true}]}}