{"id":223,"date":"2011-12-31T16:59:00","date_gmt":"2011-12-31T16:59:00","guid":{"rendered":"http:\/\/carideal.com\/blog\/?p=223"},"modified":"2018-11-29T16:43:47","modified_gmt":"2018-11-29T15:43:47","slug":"l-autopartage-quel-avenir","status":"publish","type":"post","link":"https:\/\/www.carideal.com\/blog\/2011\/12\/31\/l-autopartage-quel-avenir\/","title":{"rendered":"Quel avenir pour l&rsquo;autopartage ?"},"content":{"rendered":"<h1>Quel est l'avenir de l'autopartage ?<\/h1>\n<p>L'<a href=\"http:\/\/www.carideal.com\/blog\/autopartage\/\">autopartage<\/a> n'est pas du <span style=\"text-decoration: underline;\"><a href=\"http:\/\/www.carideal.com\/blog\/2015\/03\/11\/choisir-covoiturage-ou-autopartage\/\">covoiturage<\/a><\/span> mais de l'automobile en libre service, ou location multiple. Le covoiturage consiste simplement \u00e0 accueillir un coll\u00e8gue de bureau ou un inconnu dans un v\u00e9hicule personnel une sorte de stop des temps modernes, mieux organis\u00e9, et \u00e0 lui demander de partager les frais du voyage avec lui.<br \/>\nL'autopartage se distingue aussi de la <span style=\"text-decoration: underline;\"><a href=\"http:\/\/www.carideal.com\/blog\/2009\/08\/13\/location-de-voiture-chez-intermarche\/\">location<\/a><\/span> simple de voiture\u00a0ou de la<a href=\"http:\/\/www.carideal.com\/blog\/credit-auto\/\"><span style=\"text-decoration: underline;\"> location longue Dur\u00e9e (LLD)<\/span><\/a> : pour pratiquer l'autopartage, il faut d'abord s'abonner de mani\u00e8re p\u00e9renne, \u00e0 l'ann\u00e9e par exemple, L'abonnement est payant. L'abonn\u00e9 r\u00e9serve ensuite sa voiture via une plateforme internet, puis se voit facturer l'utilisation soit \u00e0 l'heure, soit au kilom\u00e8tre, soit les deux. L'abonn\u00e9 n'a ensuite plus rien \u00e0 payer, ni essence, ni assurance. L'autopartage se veut donc de la location ponctuelle, de tr\u00e8s courte dur\u00e9e, mais n'entend remplacer ni la location de voitures ni les transports en commun.<br \/>\nL'autopartage est avant tout destin\u00e9 \u00e0 un public plut\u00f4t jeune, qui n'appartient pas \u00e0 la g\u00e9n\u00e9ration o\u00f9 l'automobile symbolise la r\u00e9ussite sociale....<\/p>\n<h2>L'autopartage pouss\u00e9 par les nouveaux codes soci\u00e9taux ?<\/h2>\n<p>On assiste \u00e0 un ph\u00e9nom\u00e8me nouveau, les gens ou les entreprises ne veulent plus \u00eatre propri\u00e9taire de leur voiture mais utilisateur d'un service, celui de la mobilit\u00e9. Aujourd'hui la r\u00e9ussite sociale ce n'est plus poss\u00e9der la belle voiture, nous ne sommes plus dans les ann\u00e9es 30, 40 ou encore 90. De nos jours, montrer que l'on a r\u00e9ussi c'est poss\u00e9der le dernier Iphone ou la derni\u00e8re tablette.<\/p>\n<p>Pourtant, comme le montre la vid\u00e9o de l'enqu\u00eate de l'Argus, il y a des couacs au d\u00e9marage. Il faut esp\u00e9rer que le syst\u00e8me va se roder dans le temps et prendre de la maturit\u00e9. Il faut aussi rappeler que le syst\u00e8me\u00a0est financ\u00e9 par des soci\u00e9taires, qui sont en majorit\u00e9 des collectivit\u00e9s locales et donc financ\u00e9 par nos imp\u00f4ts.<\/p>\n<p><iframe loading=\"lazy\" src=\"http:\/\/www.youtube.com\/embed\/hEXgms8HLg8\" width=\"640\" height=\"360\" frameborder=\"0\" allowfullscreen=\"allowfullscreen\"><\/iframe><\/p>\n<p>L'Argus automobile a test\u00e9 pour vous Autolib....\u00e7a commence mal...<\/p>\n","protected":false},"excerpt":{"rendered":"<p>Quel est l&rsquo;avenir de l&rsquo;autopartage ? L&rsquo;autopartage n&rsquo;est pas du covoiturage mais de l&rsquo;automobile en libre service, ou location multiple. Le covoiturage consiste simplement \u00e0 accueillir un coll\u00e8gue de bureau ou un inconnu dans un v\u00e9hicule personnel une sorte de stop des temps modernes, mieux organis\u00e9, et \u00e0 lui demander de partager les frais du &#8230; <a title=\"Quel avenir pour l&rsquo;autopartage ?\" class=\"read-more\" href=\"https:\/\/www.carideal.com\/blog\/2011\/12\/31\/l-autopartage-quel-avenir\/\" aria-label=\"En savoir plus sur Quel avenir pour l&rsquo;autopartage ?\">Lire plus<\/a><\/p>\n","protected":false},"author":1,"featured_media":18126,"comment_status":"open","ping_status":"open","sticky":false,"template":"","format":"standard","meta":{"_uag_custom_page_level_css":"","_themeisle_gutenberg_block_has_review":false,"footnotes":""},"categories":[6,10],"tags":[711],"class_list":["post-223","post","type-post","status-publish","format-standard","has-post-thumbnail","hentry","category-ecologie","category-marche-automobile-voiture-neuve-occasion-4x4-suv","tag-covoiturage"],"wppr_data":{"cwp_meta_box_check":"No"},"yoast_head":"<!-- This site is optimized with the Yoast SEO plugin v24.8.1 - https:\/\/yoast.com\/wordpress\/plugins\/seo\/ -->\n<title>Quel avenir pour l&#039;autopartage ? - Blog auto Carid\u00e9al<\/title>\n<meta name=\"description\" content=\"Quel est l&#039;avenir de l&#039;autopartage ? L&#039;autopartage n&#039;est pas du covoiturage mais de l&#039;automobile en libre service, ou location multiple\" \/>\n<meta name=\"robots\" content=\"index, follow, max-snippet:-1, max-image-preview:large, max-video-preview:-1\" \/>\n<link rel=\"canonical\" href=\"https:\/\/www.carideal.com\/blog\/2011\/12\/31\/l-autopartage-quel-avenir\/\" \/>\n<meta property=\"og:locale\" content=\"fr_FR\" \/>\n<meta property=\"og:type\" content=\"article\" \/>\n<meta property=\"og:title\" content=\"Quel avenir pour l&#039;autopartage ? - Blog auto Carid\u00e9al\" \/>\n<meta property=\"og:description\" content=\"Quel est l&#039;avenir de l&#039;autopartage ? L&#039;autopartage n&#039;est pas du covoiturage mais de l&#039;automobile en libre service, ou location multiple\" \/>\n<meta property=\"og:url\" content=\"https:\/\/www.carideal.com\/blog\/2011\/12\/31\/l-autopartage-quel-avenir\/\" \/>\n<meta property=\"og:site_name\" content=\"Blog auto Carid\u00e9al\" \/>\n<meta property=\"article:publisher\" content=\"https:\/\/www.facebook.com\/Carideal.mandataire.automobile\" \/>\n<meta property=\"article:author\" content=\"https:\/\/www.facebook.com\/Carideal.mandataire.automobile\/\" \/>\n<meta property=\"article:published_time\" content=\"2011-12-31T16:59:00+00:00\" \/>\n<meta property=\"article:modified_time\" content=\"2018-11-29T15:43:47+00:00\" \/>\n<meta property=\"og:image\" content=\"https:\/\/www.carideal.com\/blog\/wp-content\/uploads\/2011\/12\/avenir-autopartage-e1543505954207.jpg\" \/>\n\t<meta property=\"og:image:width\" content=\"800\" \/>\n\t<meta property=\"og:image:height\" content=\"452\" \/>\n\t<meta property=\"og:image:type\" content=\"image\/jpeg\" \/>\n<meta name=\"author\" content=\"N.S Carideal\" \/>\n<meta name=\"twitter:card\" content=\"summary_large_image\" \/>\n<meta name=\"twitter:creator\" content=\"@caridealauto\" \/>\n<meta name=\"twitter:site\" content=\"@caridealauto\" \/>\n<meta name=\"twitter:label1\" content=\"\u00c9crit par\" \/>\n\t<meta name=\"twitter:data1\" content=\"N.S Carideal\" \/>\n\t<meta name=\"twitter:label2\" content=\"Dur\u00e9e de lecture estim\u00e9e\" \/>\n\t<meta name=\"twitter:data2\" content=\"2 minutes\" \/>\n<script type=\"application\/ld+json\" class=\"yoast-schema-graph\">{\"@context\":\"https:\/\/schema.org\",\"@graph\":[{\"@type\":\"Article\",\"@id\":\"https:\/\/www.carideal.com\/blog\/2011\/12\/31\/l-autopartage-quel-avenir\/#article\",\"isPartOf\":{\"@id\":\"https:\/\/www.carideal.com\/blog\/2011\/12\/31\/l-autopartage-quel-avenir\/\"},\"author\":{\"name\":\"N.S Carideal\",\"@id\":\"https:\/\/www.carideal.com\/blog\/#\/schema\/person\/985c7e757d1042d647f21bfaf8d41ebc\"},\"headline\":\"Quel avenir pour l&rsquo;autopartage ?\",\"datePublished\":\"2011-12-31T16:59:00+00:00\",\"dateModified\":\"2018-11-29T15:43:47+00:00\",\"mainEntityOfPage\":{\"@id\":\"https:\/\/www.carideal.com\/blog\/2011\/12\/31\/l-autopartage-quel-avenir\/\"},\"wordCount\":341,\"commentCount\":2,\"publisher\":{\"@id\":\"https:\/\/www.carideal.com\/blog\/#organization\"},\"image\":{\"@id\":\"https:\/\/www.carideal.com\/blog\/2011\/12\/31\/l-autopartage-quel-avenir\/#primaryimage\"},\"thumbnailUrl\":\"https:\/\/www.carideal.com\/blog\/wp-content\/uploads\/2011\/12\/avenir-autopartage-e1543505954207.jpg\",\"keywords\":[\"covoiturage\"],\"articleSection\":[\"Ecologie\",\"March\u00e9 automobile\"],\"inLanguage\":\"fr-FR\",\"potentialAction\":[{\"@type\":\"CommentAction\",\"name\":\"Comment\",\"target\":[\"https:\/\/www.carideal.com\/blog\/2011\/12\/31\/l-autopartage-quel-avenir\/#respond\"]}]},{\"@type\":\"WebPage\",\"@id\":\"https:\/\/www.carideal.com\/blog\/2011\/12\/31\/l-autopartage-quel-avenir\/\",\"url\":\"https:\/\/www.carideal.com\/blog\/2011\/12\/31\/l-autopartage-quel-avenir\/\",\"name\":\"Quel avenir pour l'autopartage ? - Blog auto Carid\u00e9al\",\"isPartOf\":{\"@id\":\"https:\/\/www.carideal.com\/blog\/#website\"},\"primaryImageOfPage\":{\"@id\":\"https:\/\/www.carideal.com\/blog\/2011\/12\/31\/l-autopartage-quel-avenir\/#primaryimage\"},\"image\":{\"@id\":\"https:\/\/www.carideal.com\/blog\/2011\/12\/31\/l-autopartage-quel-avenir\/#primaryimage\"},\"thumbnailUrl\":\"https:\/\/www.carideal.com\/blog\/wp-content\/uploads\/2011\/12\/avenir-autopartage-e1543505954207.jpg\",\"datePublished\":\"2011-12-31T16:59:00+00:00\",\"dateModified\":\"2018-11-29T15:43:47+00:00\",\"description\":\"Quel est l'avenir de l'autopartage ? L'autopartage n'est pas du covoiturage mais de l'automobile en libre service, ou location multiple\",\"breadcrumb\":{\"@id\":\"https:\/\/www.carideal.com\/blog\/2011\/12\/31\/l-autopartage-quel-avenir\/#breadcrumb\"},\"inLanguage\":\"fr-FR\",\"potentialAction\":[{\"@type\":\"ReadAction\",\"target\":[\"https:\/\/www.carideal.com\/blog\/2011\/12\/31\/l-autopartage-quel-avenir\/\"]}]},{\"@type\":\"ImageObject\",\"inLanguage\":\"fr-FR\",\"@id\":\"https:\/\/www.carideal.com\/blog\/2011\/12\/31\/l-autopartage-quel-avenir\/#primaryimage\",\"url\":\"https:\/\/www.carideal.com\/blog\/wp-content\/uploads\/2011\/12\/avenir-autopartage-e1543505954207.jpg\",\"contentUrl\":\"https:\/\/www.carideal.com\/blog\/wp-content\/uploads\/2011\/12\/avenir-autopartage-e1543505954207.jpg\",\"width\":800,\"height\":452,\"caption\":\"Quel avenir pour L'autopartage ?\"},{\"@type\":\"BreadcrumbList\",\"@id\":\"https:\/\/www.carideal.com\/blog\/2011\/12\/31\/l-autopartage-quel-avenir\/#breadcrumb\",\"itemListElement\":[{\"@type\":\"ListItem\",\"position\":1,\"name\":\"Blog Carid\u00e9al\",\"item\":\"https:\/\/www.carideal.com\/blog\/\"},{\"@type\":\"ListItem\",\"position\":2,\"name\":\"Ecologie\",\"item\":\"https:\/\/www.carideal.com\/blog\/ecologie\/\"},{\"@type\":\"ListItem\",\"position\":3,\"name\":\"Quel avenir pour l&rsquo;autopartage ?\"}]},{\"@type\":\"WebSite\",\"@id\":\"https:\/\/www.carideal.com\/blog\/#website\",\"url\":\"https:\/\/www.carideal.com\/blog\/\",\"name\":\"Blog auto Carid\u00e9al\",\"description\":\"Actualit\u00e9 auto par des passionn\u00e9s\",\"publisher\":{\"@id\":\"https:\/\/www.carideal.com\/blog\/#organization\"},\"potentialAction\":[{\"@type\":\"SearchAction\",\"target\":{\"@type\":\"EntryPoint\",\"urlTemplate\":\"https:\/\/www.carideal.com\/blog\/?s={search_term_string}\"},\"query-input\":{\"@type\":\"PropertyValueSpecification\",\"valueRequired\":true,\"valueName\":\"search_term_string\"}}],\"inLanguage\":\"fr-FR\"},{\"@type\":\"Organization\",\"@id\":\"https:\/\/www.carideal.com\/blog\/#organization\",\"name\":\"Carideal\",\"url\":\"https:\/\/www.carideal.com\/blog\/\",\"logo\":{\"@type\":\"ImageObject\",\"inLanguage\":\"fr-FR\",\"@id\":\"https:\/\/www.carideal.com\/blog\/#\/schema\/logo\/image\/\",\"url\":\"http:\/\/www.carideal.com\/blog\/wp-content\/uploads\/2016\/03\/logo-carideal-mandataire-automobile.png\",\"contentUrl\":\"http:\/\/www.carideal.com\/blog\/wp-content\/uploads\/2016\/03\/logo-carideal-mandataire-automobile.png\",\"width\":300,\"height\":300,\"caption\":\"Carideal\"},\"image\":{\"@id\":\"https:\/\/www.carideal.com\/blog\/#\/schema\/logo\/image\/\"},\"sameAs\":[\"https:\/\/www.facebook.com\/Carideal.mandataire.automobile\",\"https:\/\/x.com\/caridealauto\",\"https:\/\/www.instagram.com\/carideal1\/\",\"https:\/\/www.linkedin.com\/company\/carideal.com\",\"https:\/\/fr.pinterest.com\/schiavonsas\/\",\"https:\/\/www.youtube.com\/user\/caridealsas\"]},{\"@type\":\"Person\",\"@id\":\"https:\/\/www.carideal.com\/blog\/#\/schema\/person\/985c7e757d1042d647f21bfaf8d41ebc\",\"name\":\"N.S Carideal\",\"image\":{\"@type\":\"ImageObject\",\"inLanguage\":\"fr-FR\",\"@id\":\"https:\/\/www.carideal.com\/blog\/#\/schema\/person\/image\/\",\"url\":\"https:\/\/secure.gravatar.com\/avatar\/edb7ccdf1a4e3d14aef967760d354d0e?s=96&r=g\",\"contentUrl\":\"https:\/\/secure.gravatar.com\/avatar\/edb7ccdf1a4e3d14aef967760d354d0e?s=96&r=g\",\"caption\":\"N.S Carideal\"},\"description\":\"Depuis tout petit fan d'automobile. Il est question d'essayer et de comparer toutes ces voitures qui nous ont fait r\u00e9ver, avant que celles-ci ne devient uniquement des voitures de collection.\",\"sameAs\":[\"http:\/\/www.carideal.com\/blog\",\"https:\/\/www.facebook.com\/Carideal.mandataire.automobile\/\",\"https:\/\/www.linkedin.com\/in\/nschiavon\/\",\"https:\/\/www.youtube.com\/user\/caridealsas\/\"],\"url\":\"https:\/\/www.carideal.com\/blog\/author\/admin_carideal\/\"}]}<\/script>\n<!-- \/ Yoast SEO plugin. -->","yoast_head_json":{"title":"Quel avenir pour l'autopartage ? - Blog auto Carid\u00e9al","description":"Quel est l'avenir de l'autopartage ? L'autopartage n'est pas du covoiturage mais de l'automobile en libre service, ou location multiple","robots":{"index":"index","follow":"follow","max-snippet":"max-snippet:-1","max-image-preview":"max-image-preview:large","max-video-preview":"max-video-preview:-1"},"canonical":"https:\/\/www.carideal.com\/blog\/2011\/12\/31\/l-autopartage-quel-avenir\/","og_locale":"fr_FR","og_type":"article","og_title":"Quel avenir pour l'autopartage ? - Blog auto Carid\u00e9al","og_description":"Quel est l'avenir de l'autopartage ? L'autopartage n'est pas du covoiturage mais de l'automobile en libre service, ou location multiple","og_url":"https:\/\/www.carideal.com\/blog\/2011\/12\/31\/l-autopartage-quel-avenir\/","og_site_name":"Blog auto Carid\u00e9al","article_publisher":"https:\/\/www.facebook.com\/Carideal.mandataire.automobile","article_author":"https:\/\/www.facebook.com\/Carideal.mandataire.automobile\/","article_published_time":"2011-12-31T16:59:00+00:00","article_modified_time":"2018-11-29T15:43:47+00:00","og_image":[{"width":800,"height":452,"url":"https:\/\/www.carideal.com\/blog\/wp-content\/uploads\/2011\/12\/avenir-autopartage-e1543505954207.jpg","type":"image\/jpeg"}],"author":"N.S Carideal","twitter_card":"summary_large_image","twitter_creator":"@caridealauto","twitter_site":"@caridealauto","twitter_misc":{"\u00c9crit par":"N.S Carideal","Dur\u00e9e de lecture estim\u00e9e":"2 minutes"},"schema":{"@context":"https:\/\/schema.org","@graph":[{"@type":"Article","@id":"https:\/\/www.carideal.com\/blog\/2011\/12\/31\/l-autopartage-quel-avenir\/#article","isPartOf":{"@id":"https:\/\/www.carideal.com\/blog\/2011\/12\/31\/l-autopartage-quel-avenir\/"},"author":{"name":"N.S Carideal","@id":"https:\/\/www.carideal.com\/blog\/#\/schema\/person\/985c7e757d1042d647f21bfaf8d41ebc"},"headline":"Quel avenir pour l&rsquo;autopartage ?","datePublished":"2011-12-31T16:59:00+00:00","dateModified":"2018-11-29T15:43:47+00:00","mainEntityOfPage":{"@id":"https:\/\/www.carideal.com\/blog\/2011\/12\/31\/l-autopartage-quel-avenir\/"},"wordCount":341,"commentCount":2,"publisher":{"@id":"https:\/\/www.carideal.com\/blog\/#organization"},"image":{"@id":"https:\/\/www.carideal.com\/blog\/2011\/12\/31\/l-autopartage-quel-avenir\/#primaryimage"},"thumbnailUrl":"https:\/\/www.carideal.com\/blog\/wp-content\/uploads\/2011\/12\/avenir-autopartage-e1543505954207.jpg","keywords":["covoiturage"],"articleSection":["Ecologie","March\u00e9 automobile"],"inLanguage":"fr-FR","potentialAction":[{"@type":"CommentAction","name":"Comment","target":["https:\/\/www.carideal.com\/blog\/2011\/12\/31\/l-autopartage-quel-avenir\/#respond"]}]},{"@type":"WebPage","@id":"https:\/\/www.carideal.com\/blog\/2011\/12\/31\/l-autopartage-quel-avenir\/","url":"https:\/\/www.carideal.com\/blog\/2011\/12\/31\/l-autopartage-quel-avenir\/","name":"Quel avenir pour l'autopartage ? - Blog auto Carid\u00e9al","isPartOf":{"@id":"https:\/\/www.carideal.com\/blog\/#website"},"primaryImageOfPage":{"@id":"https:\/\/www.carideal.com\/blog\/2011\/12\/31\/l-autopartage-quel-avenir\/#primaryimage"},"image":{"@id":"https:\/\/www.carideal.com\/blog\/2011\/12\/31\/l-autopartage-quel-avenir\/#primaryimage"},"thumbnailUrl":"https:\/\/www.carideal.com\/blog\/wp-content\/uploads\/2011\/12\/avenir-autopartage-e1543505954207.jpg","datePublished":"2011-12-31T16:59:00+00:00","dateModified":"2018-11-29T15:43:47+00:00","description":"Quel est l'avenir de l'autopartage ? L'autopartage n'est pas du covoiturage mais de l'automobile en libre service, ou location multiple","breadcrumb":{"@id":"https:\/\/www.carideal.com\/blog\/2011\/12\/31\/l-autopartage-quel-avenir\/#breadcrumb"},"inLanguage":"fr-FR","potentialAction":[{"@type":"ReadAction","target":["https:\/\/www.carideal.com\/blog\/2011\/12\/31\/l-autopartage-quel-avenir\/"]}]},{"@type":"ImageObject","inLanguage":"fr-FR","@id":"https:\/\/www.carideal.com\/blog\/2011\/12\/31\/l-autopartage-quel-avenir\/#primaryimage","url":"https:\/\/www.carideal.com\/blog\/wp-content\/uploads\/2011\/12\/avenir-autopartage-e1543505954207.jpg","contentUrl":"https:\/\/www.carideal.com\/blog\/wp-content\/uploads\/2011\/12\/avenir-autopartage-e1543505954207.jpg","width":800,"height":452,"caption":"Quel avenir pour L'autopartage ?"},{"@type":"BreadcrumbList","@id":"https:\/\/www.carideal.com\/blog\/2011\/12\/31\/l-autopartage-quel-avenir\/#breadcrumb","itemListElement":[{"@type":"ListItem","position":1,"name":"Blog Carid\u00e9al","item":"https:\/\/www.carideal.com\/blog\/"},{"@type":"ListItem","position":2,"name":"Ecologie","item":"https:\/\/www.carideal.com\/blog\/ecologie\/"},{"@type":"ListItem","position":3,"name":"Quel avenir pour l&rsquo;autopartage ?"}]},{"@type":"WebSite","@id":"https:\/\/www.carideal.com\/blog\/#website","url":"https:\/\/www.carideal.com\/blog\/","name":"Blog auto Carid\u00e9al","description":"Actualit\u00e9 auto par des passionn\u00e9s","publisher":{"@id":"https:\/\/www.carideal.com\/blog\/#organization"},"potentialAction":[{"@type":"SearchAction","target":{"@type":"EntryPoint","urlTemplate":"https:\/\/www.carideal.com\/blog\/?s={search_term_string}"},"query-input":{"@type":"PropertyValueSpecification","valueRequired":true,"valueName":"search_term_string"}}],"inLanguage":"fr-FR"},{"@type":"Organization","@id":"https:\/\/www.carideal.com\/blog\/#organization","name":"Carideal","url":"https:\/\/www.carideal.com\/blog\/","logo":{"@type":"ImageObject","inLanguage":"fr-FR","@id":"https:\/\/www.carideal.com\/blog\/#\/schema\/logo\/image\/","url":"http:\/\/www.carideal.com\/blog\/wp-content\/uploads\/2016\/03\/logo-carideal-mandataire-automobile.png","contentUrl":"http:\/\/www.carideal.com\/blog\/wp-content\/uploads\/2016\/03\/logo-carideal-mandataire-automobile.png","width":300,"height":300,"caption":"Carideal"},"image":{"@id":"https:\/\/www.carideal.com\/blog\/#\/schema\/logo\/image\/"},"sameAs":["https:\/\/www.facebook.com\/Carideal.mandataire.automobile","https:\/\/x.com\/caridealauto","https:\/\/www.instagram.com\/carideal1\/","https:\/\/www.linkedin.com\/company\/carideal.com","https:\/\/fr.pinterest.com\/schiavonsas\/","https:\/\/www.youtube.com\/user\/caridealsas"]},{"@type":"Person","@id":"https:\/\/www.carideal.com\/blog\/#\/schema\/person\/985c7e757d1042d647f21bfaf8d41ebc","name":"N.S Carideal","image":{"@type":"ImageObject","inLanguage":"fr-FR","@id":"https:\/\/www.carideal.com\/blog\/#\/schema\/person\/image\/","url":"https:\/\/secure.gravatar.com\/avatar\/edb7ccdf1a4e3d14aef967760d354d0e?s=96&r=g","contentUrl":"https:\/\/secure.gravatar.com\/avatar\/edb7ccdf1a4e3d14aef967760d354d0e?s=96&r=g","caption":"N.S Carideal"},"description":"Depuis tout petit fan d'automobile. Il est question d'essayer et de comparer toutes ces voitures qui nous ont fait r\u00e9ver, avant que celles-ci ne devient uniquement des voitures de collection.","sameAs":["http:\/\/www.carideal.com\/blog","https:\/\/www.facebook.com\/Carideal.mandataire.automobile\/","https:\/\/www.linkedin.com\/in\/nschiavon\/","https:\/\/www.youtube.com\/user\/caridealsas\/"],"url":"https:\/\/www.carideal.com\/blog\/author\/admin_carideal\/"}]}},"uagb_featured_image_src":{"full":["https:\/\/www.carideal.com\/blog\/wp-content\/uploads\/2011\/12\/avenir-autopartage-e1543505954207.jpg",800,452,false],"thumbnail":["https:\/\/www.carideal.com\/blog\/wp-content\/uploads\/2011\/12\/avenir-autopartage-150x150.jpg",150,150,true],"medium":["https:\/\/www.carideal.com\/blog\/wp-content\/uploads\/2011\/12\/avenir-autopartage-300x169.jpg",300,169,true],"medium_large":["https:\/\/www.carideal.com\/blog\/wp-content\/uploads\/2011\/12\/avenir-autopartage-768x434.jpg",768,434,true],"large":["https:\/\/www.carideal.com\/blog\/wp-content\/uploads\/2011\/12\/avenir-autopartage-1024x578.jpg",1024,578,true],"1536x1536":["https:\/\/www.carideal.com\/blog\/wp-content\/uploads\/2011\/12\/avenir-autopartage-e1543505954207.jpg",800,452,false],"2048x2048":["https:\/\/www.carideal.com\/blog\/wp-content\/uploads\/2011\/12\/avenir-autopartage-e1543505954207.jpg",800,452,false],"wppr-widget":["https:\/\/www.carideal.com\/blog\/wp-content\/uploads\/2011\/12\/avenir-autopartage-50x28.jpg",50,28,true]},"uagb_author_info":{"display_name":"N.S Carideal","author_link":"https:\/\/www.carideal.com\/blog\/author\/admin_carideal\/"},"uagb_comment_info":2,"uagb_excerpt":"Quel est l'avenir de l'autopartage ? L'autopartage n'est pas du covoiturage mais de l'automobile en libre service, ou location multiple. Le covoiturage consiste simplement \u00e0 accueillir un coll\u00e8gue de bureau ou un inconnu dans un v\u00e9hicule personnel une sorte de stop des temps modernes, mieux organis\u00e9, et \u00e0 lui demander de partager les frais du\u2026","_links":{"self":[{"href":"https:\/\/www.carideal.com\/blog\/wp-json\/wp\/v2\/posts\/223"}],"collection":[{"href":"https:\/\/www.carideal.com\/blog\/wp-json\/wp\/v2\/posts"}],"about":[{"href":"https:\/\/www.carideal.com\/blog\/wp-json\/wp\/v2\/types\/post"}],"author":[{"embeddable":true,"href":"https:\/\/www.carideal.com\/blog\/wp-json\/wp\/v2\/users\/1"}],"replies":[{"embeddable":true,"href":"https:\/\/www.carideal.com\/blog\/wp-json\/wp\/v2\/comments?post=223"}],"version-history":[{"count":0,"href":"https:\/\/www.carideal.com\/blog\/wp-json\/wp\/v2\/posts\/223\/revisions"}],"wp:featuredmedia":[{"embeddable":true,"href":"https:\/\/www.carideal.com\/blog\/wp-json\/wp\/v2\/media\/18126"}],"wp:attachment":[{"href":"https:\/\/www.carideal.com\/blog\/wp-json\/wp\/v2\/media?parent=223"}],"wp:term":[{"taxonomy":"category","embeddable":true,"href":"https:\/\/www.carideal.com\/blog\/wp-json\/wp\/v2\/categories?post=223"},{"taxonomy":"post_tag","embeddable":true,"href":"https:\/\/www.carideal.com\/blog\/wp-json\/wp\/v2\/tags?post=223"}],"curies":[{"name":"wp","href":"https:\/\/api.w.org\/{rel}","templated":true}]}}