{"id":2229,"date":"2014-03-21T17:36:00","date_gmt":"2014-03-21T17:36:00","guid":{"rendered":"http:\/\/carideal.com\/blog\/?p=2229"},"modified":"2020-03-07T16:55:35","modified_gmt":"2020-03-07T15:55:35","slug":"citroen-ds3-en-stock-avec-remise-suplementaire-carideal-mandataire-automobile","status":"publish","type":"post","link":"https:\/\/www.carideal.com\/blog\/2014\/03\/21\/citroen-ds3-en-stock-avec-remise-suplementaire-carideal-mandataire-automobile\/","title":{"rendered":"Achat Citroen DS3 mandataire automobile"},"content":{"rendered":"<figure style=\"width: 438px\" class=\"wp-caption alignnone\"><img loading=\"lazy\" decoding=\"async\" title=\"Achat DS3 mandataire automobile\" src=\"\/blog\/public\/.citroen-ds3-bleu-encre-toit-noir-jantes-alu-17-occasion-schiavon-chambery-savoie_m.jpg\" alt=\"Achat DS3 mandataire automobile\" width=\"448\" height=\"259\" \/><figcaption class=\"wp-caption-text\">Achat DS3 mandataire automobile<\/figcaption><\/figure>\n<h1>Achat Citroen DS3 mandataire automobile en Stock avec plus de 20 % de remise<\/h1>\n<p><span style=\"text-decoration: underline;\">Citroen<\/span> DS3 en stock avec 350 \u20ac de remise suppl\u00e9mentaire sur votre <strong>DS3 MANDATAIRE<\/strong> avec <span style=\"text-decoration: underline;\"><a href=\"http:\/\/www.carideal.com\/\">CARIDEAL.COM<\/a><\/span> mandataire DS3\u00a0jusque fin Mars dans la limite des stocks pour des prix DS3 neuve\u00a0:<\/p>\n<p><span style=\"text-decoration: underline;\">L'achat de DS3<\/span>\u00a0neuve SO CHIC 16 E-HDI 90 \u00a0DS3 NOIRE TOIT BLANC WHITE STYLE, PACK SELECT CONFORT, ROUE DE SECOURS, CONNECTING BOX HIFI, JANTES ALU 16\" GRISES<\/p>\n<p>DS3 SO CHIC 16 E-HDI 90 \u00a0DS3 BLEU INTENS TOIT BLANC WHITE STYLE, PACK SELECT CONFORT, PHARE AR A LED, ROUE DE SECOURS, CONNECTING BOX HIFI, AUTOCOLLANT PIXEL, CONCH.RETROS EXT CHROMES, JANTES ALU 17 NOIRES<\/p>\n<p>DS3 SPORT CHIC 16 E-HDI 115 \u00a0DS3 BLANCHE TOIT NOIRE BLACK STYLE, PACK SELECT CONFORT.E-MYWAY CF., CONCH RETROS EXT CHROMES<\/p>\n<p>L'achat de DS3 mandataire vous permet d'obtenir des remises bien sup\u00e9rieures \u00e0 ce que vous pourriez n\u00e9gocier pour une DS3 chez un concessionnaire. <strong>Votre DS3 mandataire aura les m\u00eames caract\u00e9ristiques et la m\u00eame garantie que celle achet\u00e9e en France et parfois m\u00eame, un meilleur \u00e9quipement<\/strong>.<\/p>\n<p>DS3 SPORT CHIC 16 E-HDI 115 \u00a0DS3 BLANCHE TOIT GRIS WHITE STYLE, PACK SELECT.E-MYWAY CF., JANTES ALU 17 GRIS.<\/p>\n<p>Comme n'importe quelle voiture neuve, pendant ou apr\u00e8s l'achat de votre DS3 vous pourrez souscrire une <span style=\"text-decoration: underline;\"><a href=\"http:\/\/www.carideal.com\/content\/7-extension-garantie\">extension de garantie voiture<\/a><\/span>. Nos conseillers sauront vous aider dans votre choix.<\/p>\n<h2>Vid\u00e9o de l'achat d'une DS3 Mandataire avant sa livraison<\/h2>\n<p><iframe loading=\"lazy\" src=\"\/\/www.youtube.com\/embed\/qBQzcrF25U4\" width=\"560\" height=\"315\" frameborder=\"0\" allowfullscreen=\"allowfullscreen\"><\/iframe><\/p>\n<p>Jusque 20 % de remise sur certaines\u00a0Citroen DS3 mandataire en stock plus 350 \u20ac \u00e0 d\u00e9duire sur votre facture pour cette\u00a0DS3 neuve\u00a0en stock\u00a0! DS3 Prix : notre tarif mandataire DS3 propose des Prix DS3 tr\u00e8s inf\u00e9rieurs \u00e0 ceux constat\u00e9s chez les concessionnaires Citroen.<\/p>\n<p>Achat CITROEN DS3 mandataire automobile moins ch\u00e8re avec Carideal mandataire automobile les voitures sont en Stock \u00e0 Chamb\u00e9ry. Carideal mandataire auto <span style=\"text-decoration: underline;\"><a href=\"http:\/\/www.carideal.com\/content\/9-carideal-livraison-partout-en-france\">livre partout en France<\/a><\/span>.<\/p>\n<p>Occasion DS3 : vous trouverez aussi des <span style=\"text-decoration: underline;\">DS3 occasion<\/span> sur notre site automobile et moins cher que des DS3 de collaborateur.<\/p>\n","protected":false},"excerpt":{"rendered":"<p>Achat Citroen DS3 mandataire automobile en Stock avec plus de 20 % de remise Citroen DS3 en stock avec 350 \u20ac de remise suppl\u00e9mentaire sur votre DS3 MANDATAIRE avec CARIDEAL.COM mandataire DS3\u00a0jusque fin Mars dans la limite des stocks pour des prix DS3 neuve\u00a0: L&rsquo;achat de DS3\u00a0neuve SO CHIC 16 E-HDI 90 \u00a0DS3 NOIRE TOIT &#8230; <a title=\"Achat Citroen DS3 mandataire automobile\" class=\"read-more\" href=\"https:\/\/www.carideal.com\/blog\/2014\/03\/21\/citroen-ds3-en-stock-avec-remise-suplementaire-carideal-mandataire-automobile\/\" aria-label=\"En savoir plus sur Achat Citroen DS3 mandataire automobile\">Lire plus<\/a><\/p>\n","protected":false},"author":1,"featured_media":0,"comment_status":"open","ping_status":"open","sticky":false,"template":"","format":"standard","meta":{"_uag_custom_page_level_css":"","_themeisle_gutenberg_block_has_review":false,"footnotes":""},"categories":[5944,6001,6012,7,10,5974],"tags":[],"class_list":["post-2229","post","type-post","status-publish","format-standard","hentry","category-constructeur","category-ds","category-berlines","category-voiture-arrivage-stocks","category-marche-automobile-voiture-neuve-occasion-4x4-suv","category-type-de-vehicule"],"wppr_data":[],"yoast_head":"<!-- This site is optimized with the Yoast SEO plugin v24.8.1 - https:\/\/yoast.com\/wordpress\/plugins\/seo\/ -->\n<title>Achat Citroen DS3 mandataire automobile - Blog auto Carid\u00e9al<\/title>\n<meta name=\"description\" content=\"Achat Citroen DS3 Mandataire automobile des voiture en stock et une remise additionnelle de 350 \u20ac \u00e0 d\u00e9duire de la facture en Mars 2014.\" \/>\n<meta name=\"robots\" content=\"index, follow, max-snippet:-1, max-image-preview:large, max-video-preview:-1\" \/>\n<link rel=\"canonical\" href=\"https:\/\/www.carideal.com\/blog\/2014\/03\/21\/citroen-ds3-en-stock-avec-remise-suplementaire-carideal-mandataire-automobile\/\" \/>\n<meta property=\"og:locale\" content=\"fr_FR\" \/>\n<meta property=\"og:type\" content=\"article\" \/>\n<meta property=\"og:title\" content=\"Achat Citroen DS3 mandataire automobile - Blog auto Carid\u00e9al\" \/>\n<meta property=\"og:description\" content=\"Achat Citroen DS3 Mandataire automobile des voiture en stock et une remise additionnelle de 350 \u20ac \u00e0 d\u00e9duire de la facture en Mars 2014.\" \/>\n<meta property=\"og:url\" content=\"https:\/\/www.carideal.com\/blog\/2014\/03\/21\/citroen-ds3-en-stock-avec-remise-suplementaire-carideal-mandataire-automobile\/\" \/>\n<meta property=\"og:site_name\" content=\"Blog auto Carid\u00e9al\" \/>\n<meta property=\"article:publisher\" content=\"https:\/\/www.facebook.com\/Carideal.mandataire.automobile\" \/>\n<meta property=\"article:author\" content=\"https:\/\/www.facebook.com\/Carideal.mandataire.automobile\/\" \/>\n<meta property=\"article:published_time\" content=\"2014-03-21T17:36:00+00:00\" \/>\n<meta property=\"article:modified_time\" content=\"2020-03-07T15:55:35+00:00\" \/>\n<meta property=\"og:image\" content=\"https:\/\/www.carideal.com\/blog\/wp-content\/uploads\/2016\/03\/logo-carideal-mandataire-automobile.png\" \/>\n\t<meta property=\"og:image:width\" content=\"300\" \/>\n\t<meta property=\"og:image:height\" content=\"300\" \/>\n\t<meta property=\"og:image:type\" content=\"image\/png\" \/>\n<meta name=\"author\" content=\"N.S Carideal\" \/>\n<meta name=\"twitter:card\" content=\"summary_large_image\" \/>\n<meta name=\"twitter:creator\" content=\"@caridealauto\" \/>\n<meta name=\"twitter:site\" content=\"@caridealauto\" \/>\n<meta name=\"twitter:label1\" content=\"\u00c9crit par\" \/>\n\t<meta name=\"twitter:data1\" content=\"N.S Carideal\" \/>\n\t<meta name=\"twitter:label2\" content=\"Dur\u00e9e de lecture estim\u00e9e\" \/>\n\t<meta name=\"twitter:data2\" content=\"2 minutes\" \/>\n<script type=\"application\/ld+json\" class=\"yoast-schema-graph\">{\"@context\":\"https:\/\/schema.org\",\"@graph\":[{\"@type\":\"Article\",\"@id\":\"https:\/\/www.carideal.com\/blog\/2014\/03\/21\/citroen-ds3-en-stock-avec-remise-suplementaire-carideal-mandataire-automobile\/#article\",\"isPartOf\":{\"@id\":\"https:\/\/www.carideal.com\/blog\/2014\/03\/21\/citroen-ds3-en-stock-avec-remise-suplementaire-carideal-mandataire-automobile\/\"},\"author\":{\"name\":\"N.S Carideal\",\"@id\":\"https:\/\/www.carideal.com\/blog\/#\/schema\/person\/985c7e757d1042d647f21bfaf8d41ebc\"},\"headline\":\"Achat Citroen DS3 mandataire automobile\",\"datePublished\":\"2014-03-21T17:36:00+00:00\",\"dateModified\":\"2020-03-07T15:55:35+00:00\",\"mainEntityOfPage\":{\"@id\":\"https:\/\/www.carideal.com\/blog\/2014\/03\/21\/citroen-ds3-en-stock-avec-remise-suplementaire-carideal-mandataire-automobile\/\"},\"wordCount\":331,\"commentCount\":0,\"publisher\":{\"@id\":\"https:\/\/www.carideal.com\/blog\/#organization\"},\"articleSection\":[\"Actualit\u00e9 Constructeur automobile\",\"Actualit\u00e9 DS\",\"Berlines\",\"D\u00e9stockage voiture\",\"March\u00e9 automobile\",\"Type de v\u00e9hicule\"],\"inLanguage\":\"fr-FR\",\"potentialAction\":[{\"@type\":\"CommentAction\",\"name\":\"Comment\",\"target\":[\"https:\/\/www.carideal.com\/blog\/2014\/03\/21\/citroen-ds3-en-stock-avec-remise-suplementaire-carideal-mandataire-automobile\/#respond\"]}]},{\"@type\":\"WebPage\",\"@id\":\"https:\/\/www.carideal.com\/blog\/2014\/03\/21\/citroen-ds3-en-stock-avec-remise-suplementaire-carideal-mandataire-automobile\/\",\"url\":\"https:\/\/www.carideal.com\/blog\/2014\/03\/21\/citroen-ds3-en-stock-avec-remise-suplementaire-carideal-mandataire-automobile\/\",\"name\":\"Achat Citroen DS3 mandataire automobile - Blog auto Carid\u00e9al\",\"isPartOf\":{\"@id\":\"https:\/\/www.carideal.com\/blog\/#website\"},\"datePublished\":\"2014-03-21T17:36:00+00:00\",\"dateModified\":\"2020-03-07T15:55:35+00:00\",\"description\":\"Achat Citroen DS3 Mandataire automobile des voiture en stock et une remise additionnelle de 350 \u20ac \u00e0 d\u00e9duire de la facture en Mars 2014.\",\"breadcrumb\":{\"@id\":\"https:\/\/www.carideal.com\/blog\/2014\/03\/21\/citroen-ds3-en-stock-avec-remise-suplementaire-carideal-mandataire-automobile\/#breadcrumb\"},\"inLanguage\":\"fr-FR\",\"potentialAction\":[{\"@type\":\"ReadAction\",\"target\":[\"https:\/\/www.carideal.com\/blog\/2014\/03\/21\/citroen-ds3-en-stock-avec-remise-suplementaire-carideal-mandataire-automobile\/\"]}]},{\"@type\":\"BreadcrumbList\",\"@id\":\"https:\/\/www.carideal.com\/blog\/2014\/03\/21\/citroen-ds3-en-stock-avec-remise-suplementaire-carideal-mandataire-automobile\/#breadcrumb\",\"itemListElement\":[{\"@type\":\"ListItem\",\"position\":1,\"name\":\"Blog Carid\u00e9al\",\"item\":\"https:\/\/www.carideal.com\/blog\/\"},{\"@type\":\"ListItem\",\"position\":2,\"name\":\"Actualit\u00e9 constructeur automobile\",\"item\":\"https:\/\/www.carideal.com\/blog\/constructeur\/\"},{\"@type\":\"ListItem\",\"position\":3,\"name\":\"Actualit\u00e9 DS\",\"item\":\"https:\/\/www.carideal.com\/blog\/constructeur\/ds\/\"},{\"@type\":\"ListItem\",\"position\":4,\"name\":\"Achat Citroen DS3 mandataire automobile\"}]},{\"@type\":\"WebSite\",\"@id\":\"https:\/\/www.carideal.com\/blog\/#website\",\"url\":\"https:\/\/www.carideal.com\/blog\/\",\"name\":\"Blog auto Carid\u00e9al\",\"description\":\"Actualit\u00e9 auto par des passionn\u00e9s\",\"publisher\":{\"@id\":\"https:\/\/www.carideal.com\/blog\/#organization\"},\"potentialAction\":[{\"@type\":\"SearchAction\",\"target\":{\"@type\":\"EntryPoint\",\"urlTemplate\":\"https:\/\/www.carideal.com\/blog\/?s={search_term_string}\"},\"query-input\":{\"@type\":\"PropertyValueSpecification\",\"valueRequired\":true,\"valueName\":\"search_term_string\"}}],\"inLanguage\":\"fr-FR\"},{\"@type\":\"Organization\",\"@id\":\"https:\/\/www.carideal.com\/blog\/#organization\",\"name\":\"Carideal\",\"url\":\"https:\/\/www.carideal.com\/blog\/\",\"logo\":{\"@type\":\"ImageObject\",\"inLanguage\":\"fr-FR\",\"@id\":\"https:\/\/www.carideal.com\/blog\/#\/schema\/logo\/image\/\",\"url\":\"http:\/\/www.carideal.com\/blog\/wp-content\/uploads\/2016\/03\/logo-carideal-mandataire-automobile.png\",\"contentUrl\":\"http:\/\/www.carideal.com\/blog\/wp-content\/uploads\/2016\/03\/logo-carideal-mandataire-automobile.png\",\"width\":300,\"height\":300,\"caption\":\"Carideal\"},\"image\":{\"@id\":\"https:\/\/www.carideal.com\/blog\/#\/schema\/logo\/image\/\"},\"sameAs\":[\"https:\/\/www.facebook.com\/Carideal.mandataire.automobile\",\"https:\/\/x.com\/caridealauto\",\"https:\/\/www.instagram.com\/carideal1\/\",\"https:\/\/www.linkedin.com\/company\/carideal.com\",\"https:\/\/fr.pinterest.com\/schiavonsas\/\",\"https:\/\/www.youtube.com\/user\/caridealsas\"]},{\"@type\":\"Person\",\"@id\":\"https:\/\/www.carideal.com\/blog\/#\/schema\/person\/985c7e757d1042d647f21bfaf8d41ebc\",\"name\":\"N.S Carideal\",\"image\":{\"@type\":\"ImageObject\",\"inLanguage\":\"fr-FR\",\"@id\":\"https:\/\/www.carideal.com\/blog\/#\/schema\/person\/image\/\",\"url\":\"https:\/\/secure.gravatar.com\/avatar\/edb7ccdf1a4e3d14aef967760d354d0e?s=96&r=g\",\"contentUrl\":\"https:\/\/secure.gravatar.com\/avatar\/edb7ccdf1a4e3d14aef967760d354d0e?s=96&r=g\",\"caption\":\"N.S Carideal\"},\"description\":\"Depuis tout petit fan d'automobile. Il est question d'essayer et de comparer toutes ces voitures qui nous ont fait r\u00e9ver, avant que celles-ci ne devient uniquement des voitures de collection.\",\"sameAs\":[\"http:\/\/www.carideal.com\/blog\",\"https:\/\/www.facebook.com\/Carideal.mandataire.automobile\/\",\"https:\/\/www.linkedin.com\/in\/nschiavon\/\",\"https:\/\/www.youtube.com\/user\/caridealsas\/\"],\"url\":\"https:\/\/www.carideal.com\/blog\/author\/admin_carideal\/\"}]}<\/script>\n<!-- \/ Yoast SEO plugin. -->","yoast_head_json":{"title":"Achat Citroen DS3 mandataire automobile - Blog auto Carid\u00e9al","description":"Achat Citroen DS3 Mandataire automobile des voiture en stock et une remise additionnelle de 350 \u20ac \u00e0 d\u00e9duire de la facture en Mars 2014.","robots":{"index":"index","follow":"follow","max-snippet":"max-snippet:-1","max-image-preview":"max-image-preview:large","max-video-preview":"max-video-preview:-1"},"canonical":"https:\/\/www.carideal.com\/blog\/2014\/03\/21\/citroen-ds3-en-stock-avec-remise-suplementaire-carideal-mandataire-automobile\/","og_locale":"fr_FR","og_type":"article","og_title":"Achat Citroen DS3 mandataire automobile - Blog auto Carid\u00e9al","og_description":"Achat Citroen DS3 Mandataire automobile des voiture en stock et une remise additionnelle de 350 \u20ac \u00e0 d\u00e9duire de la facture en Mars 2014.","og_url":"https:\/\/www.carideal.com\/blog\/2014\/03\/21\/citroen-ds3-en-stock-avec-remise-suplementaire-carideal-mandataire-automobile\/","og_site_name":"Blog auto Carid\u00e9al","article_publisher":"https:\/\/www.facebook.com\/Carideal.mandataire.automobile","article_author":"https:\/\/www.facebook.com\/Carideal.mandataire.automobile\/","article_published_time":"2014-03-21T17:36:00+00:00","article_modified_time":"2020-03-07T15:55:35+00:00","og_image":[{"width":300,"height":300,"url":"https:\/\/www.carideal.com\/blog\/wp-content\/uploads\/2016\/03\/logo-carideal-mandataire-automobile.png","type":"image\/png"}],"author":"N.S Carideal","twitter_card":"summary_large_image","twitter_creator":"@caridealauto","twitter_site":"@caridealauto","twitter_misc":{"\u00c9crit par":"N.S Carideal","Dur\u00e9e de lecture estim\u00e9e":"2 minutes"},"schema":{"@context":"https:\/\/schema.org","@graph":[{"@type":"Article","@id":"https:\/\/www.carideal.com\/blog\/2014\/03\/21\/citroen-ds3-en-stock-avec-remise-suplementaire-carideal-mandataire-automobile\/#article","isPartOf":{"@id":"https:\/\/www.carideal.com\/blog\/2014\/03\/21\/citroen-ds3-en-stock-avec-remise-suplementaire-carideal-mandataire-automobile\/"},"author":{"name":"N.S Carideal","@id":"https:\/\/www.carideal.com\/blog\/#\/schema\/person\/985c7e757d1042d647f21bfaf8d41ebc"},"headline":"Achat Citroen DS3 mandataire automobile","datePublished":"2014-03-21T17:36:00+00:00","dateModified":"2020-03-07T15:55:35+00:00","mainEntityOfPage":{"@id":"https:\/\/www.carideal.com\/blog\/2014\/03\/21\/citroen-ds3-en-stock-avec-remise-suplementaire-carideal-mandataire-automobile\/"},"wordCount":331,"commentCount":0,"publisher":{"@id":"https:\/\/www.carideal.com\/blog\/#organization"},"articleSection":["Actualit\u00e9 Constructeur automobile","Actualit\u00e9 DS","Berlines","D\u00e9stockage voiture","March\u00e9 automobile","Type de v\u00e9hicule"],"inLanguage":"fr-FR","potentialAction":[{"@type":"CommentAction","name":"Comment","target":["https:\/\/www.carideal.com\/blog\/2014\/03\/21\/citroen-ds3-en-stock-avec-remise-suplementaire-carideal-mandataire-automobile\/#respond"]}]},{"@type":"WebPage","@id":"https:\/\/www.carideal.com\/blog\/2014\/03\/21\/citroen-ds3-en-stock-avec-remise-suplementaire-carideal-mandataire-automobile\/","url":"https:\/\/www.carideal.com\/blog\/2014\/03\/21\/citroen-ds3-en-stock-avec-remise-suplementaire-carideal-mandataire-automobile\/","name":"Achat Citroen DS3 mandataire automobile - Blog auto Carid\u00e9al","isPartOf":{"@id":"https:\/\/www.carideal.com\/blog\/#website"},"datePublished":"2014-03-21T17:36:00+00:00","dateModified":"2020-03-07T15:55:35+00:00","description":"Achat Citroen DS3 Mandataire automobile des voiture en stock et une remise additionnelle de 350 \u20ac \u00e0 d\u00e9duire de la facture en Mars 2014.","breadcrumb":{"@id":"https:\/\/www.carideal.com\/blog\/2014\/03\/21\/citroen-ds3-en-stock-avec-remise-suplementaire-carideal-mandataire-automobile\/#breadcrumb"},"inLanguage":"fr-FR","potentialAction":[{"@type":"ReadAction","target":["https:\/\/www.carideal.com\/blog\/2014\/03\/21\/citroen-ds3-en-stock-avec-remise-suplementaire-carideal-mandataire-automobile\/"]}]},{"@type":"BreadcrumbList","@id":"https:\/\/www.carideal.com\/blog\/2014\/03\/21\/citroen-ds3-en-stock-avec-remise-suplementaire-carideal-mandataire-automobile\/#breadcrumb","itemListElement":[{"@type":"ListItem","position":1,"name":"Blog Carid\u00e9al","item":"https:\/\/www.carideal.com\/blog\/"},{"@type":"ListItem","position":2,"name":"Actualit\u00e9 constructeur automobile","item":"https:\/\/www.carideal.com\/blog\/constructeur\/"},{"@type":"ListItem","position":3,"name":"Actualit\u00e9 DS","item":"https:\/\/www.carideal.com\/blog\/constructeur\/ds\/"},{"@type":"ListItem","position":4,"name":"Achat Citroen DS3 mandataire automobile"}]},{"@type":"WebSite","@id":"https:\/\/www.carideal.com\/blog\/#website","url":"https:\/\/www.carideal.com\/blog\/","name":"Blog auto Carid\u00e9al","description":"Actualit\u00e9 auto par des passionn\u00e9s","publisher":{"@id":"https:\/\/www.carideal.com\/blog\/#organization"},"potentialAction":[{"@type":"SearchAction","target":{"@type":"EntryPoint","urlTemplate":"https:\/\/www.carideal.com\/blog\/?s={search_term_string}"},"query-input":{"@type":"PropertyValueSpecification","valueRequired":true,"valueName":"search_term_string"}}],"inLanguage":"fr-FR"},{"@type":"Organization","@id":"https:\/\/www.carideal.com\/blog\/#organization","name":"Carideal","url":"https:\/\/www.carideal.com\/blog\/","logo":{"@type":"ImageObject","inLanguage":"fr-FR","@id":"https:\/\/www.carideal.com\/blog\/#\/schema\/logo\/image\/","url":"http:\/\/www.carideal.com\/blog\/wp-content\/uploads\/2016\/03\/logo-carideal-mandataire-automobile.png","contentUrl":"http:\/\/www.carideal.com\/blog\/wp-content\/uploads\/2016\/03\/logo-carideal-mandataire-automobile.png","width":300,"height":300,"caption":"Carideal"},"image":{"@id":"https:\/\/www.carideal.com\/blog\/#\/schema\/logo\/image\/"},"sameAs":["https:\/\/www.facebook.com\/Carideal.mandataire.automobile","https:\/\/x.com\/caridealauto","https:\/\/www.instagram.com\/carideal1\/","https:\/\/www.linkedin.com\/company\/carideal.com","https:\/\/fr.pinterest.com\/schiavonsas\/","https:\/\/www.youtube.com\/user\/caridealsas"]},{"@type":"Person","@id":"https:\/\/www.carideal.com\/blog\/#\/schema\/person\/985c7e757d1042d647f21bfaf8d41ebc","name":"N.S Carideal","image":{"@type":"ImageObject","inLanguage":"fr-FR","@id":"https:\/\/www.carideal.com\/blog\/#\/schema\/person\/image\/","url":"https:\/\/secure.gravatar.com\/avatar\/edb7ccdf1a4e3d14aef967760d354d0e?s=96&r=g","contentUrl":"https:\/\/secure.gravatar.com\/avatar\/edb7ccdf1a4e3d14aef967760d354d0e?s=96&r=g","caption":"N.S Carideal"},"description":"Depuis tout petit fan d'automobile. Il est question d'essayer et de comparer toutes ces voitures qui nous ont fait r\u00e9ver, avant que celles-ci ne devient uniquement des voitures de collection.","sameAs":["http:\/\/www.carideal.com\/blog","https:\/\/www.facebook.com\/Carideal.mandataire.automobile\/","https:\/\/www.linkedin.com\/in\/nschiavon\/","https:\/\/www.youtube.com\/user\/caridealsas\/"],"url":"https:\/\/www.carideal.com\/blog\/author\/admin_carideal\/"}]}},"uagb_featured_image_src":{"full":false,"thumbnail":false,"medium":false,"medium_large":false,"large":false,"1536x1536":false,"2048x2048":false,"wppr-widget":false},"uagb_author_info":{"display_name":"N.S Carideal","author_link":"https:\/\/www.carideal.com\/blog\/author\/admin_carideal\/"},"uagb_comment_info":0,"uagb_excerpt":"Achat Citroen DS3 mandataire automobile en Stock avec plus de 20 % de remise Citroen DS3 en stock avec 350 \u20ac de remise suppl\u00e9mentaire sur votre DS3 MANDATAIRE avec CARIDEAL.COM mandataire DS3\u00a0jusque fin Mars dans la limite des stocks pour des prix DS3 neuve\u00a0: L'achat de DS3\u00a0neuve SO CHIC 16 E-HDI 90 \u00a0DS3 NOIRE TOIT\u2026","_links":{"self":[{"href":"https:\/\/www.carideal.com\/blog\/wp-json\/wp\/v2\/posts\/2229"}],"collection":[{"href":"https:\/\/www.carideal.com\/blog\/wp-json\/wp\/v2\/posts"}],"about":[{"href":"https:\/\/www.carideal.com\/blog\/wp-json\/wp\/v2\/types\/post"}],"author":[{"embeddable":true,"href":"https:\/\/www.carideal.com\/blog\/wp-json\/wp\/v2\/users\/1"}],"replies":[{"embeddable":true,"href":"https:\/\/www.carideal.com\/blog\/wp-json\/wp\/v2\/comments?post=2229"}],"version-history":[{"count":0,"href":"https:\/\/www.carideal.com\/blog\/wp-json\/wp\/v2\/posts\/2229\/revisions"}],"wp:attachment":[{"href":"https:\/\/www.carideal.com\/blog\/wp-json\/wp\/v2\/media?parent=2229"}],"wp:term":[{"taxonomy":"category","embeddable":true,"href":"https:\/\/www.carideal.com\/blog\/wp-json\/wp\/v2\/categories?post=2229"},{"taxonomy":"post_tag","embeddable":true,"href":"https:\/\/www.carideal.com\/blog\/wp-json\/wp\/v2\/tags?post=2229"}],"curies":[{"name":"wp","href":"https:\/\/api.w.org\/{rel}","templated":true}]}}