{"id":2209,"date":"2013-03-13T21:59:00","date_gmt":"2013-03-13T21:59:00","guid":{"rendered":"http:\/\/carideal.com\/blog\/?p=2208"},"modified":"2020-03-07T22:40:59","modified_gmt":"2020-03-07T21:40:59","slug":"achat-fiat-500-avec-remise-en-stock-carideal-mandataire-automobile-chambery","status":"publish","type":"post","link":"https:\/\/www.carideal.com\/blog\/2013\/03\/13\/achat-fiat-500-avec-remise-en-stock-carideal-mandataire-automobile-chambery\/","title":{"rendered":"Achat Fiat 500 Prix \u00e9quipements"},"content":{"rendered":"<h2>Achat Fiat 500 prix et \u00e9quipements Carideal Mandataire automobile<\/h2>\n<p><strong>Un d\u00e9tail sur l'achat d'une Fiat 500 ses prix et \u00e9quipements (Celle pr\u00e9sent\u00e9e ici en attente de livraison est une 0.9 Twinair Lounge). <\/strong>Si vous pensez que vous comprenez les Italiens, envisager d'essayer de comprendre la prise de position de Roberto Giolito, chef du style\u00a0de <a href=\"http:\/\/www.carideal.com\/blog\/marque-de-voiture-actualites-essais\/fiat\/\">Fiat<\/a>.<\/p>\n<figure id=\"attachment_22083\" aria-describedby=\"caption-attachment-22083\" style=\"width: 438px\" class=\"wp-caption aligncenter\"><img loading=\"lazy\" decoding=\"async\" class=\"size-full wp-image-22083\" src=\"http:\/\/www.carideal.com\/blog\/wp-content\/uploads\/2013\/03\/Achat_Fiat_500_avec_remise_en_stock_Carideal_Mandataire_automobile_Chambery__2__m.jpg\" alt=\"Achat Fiat 500 Prix \u00e9quipements\" width=\"448\" height=\"297\" srcset=\"https:\/\/www.carideal.com\/blog\/wp-content\/uploads\/2013\/03\/Achat_Fiat_500_avec_remise_en_stock_Carideal_Mandataire_automobile_Chambery__2__m.jpg 448w, https:\/\/www.carideal.com\/blog\/wp-content\/uploads\/2013\/03\/Achat_Fiat_500_avec_remise_en_stock_Carideal_Mandataire_automobile_Chambery__2__m-300x199.jpg 300w, https:\/\/www.carideal.com\/blog\/wp-content\/uploads\/2013\/03\/Achat_Fiat_500_avec_remise_en_stock_Carideal_Mandataire_automobile_Chambery__2__m-50x33.jpg 50w, https:\/\/www.carideal.com\/blog\/wp-content\/uploads\/2013\/03\/Achat_Fiat_500_avec_remise_en_stock_Carideal_Mandataire_automobile_Chambery__2__m-110x73.jpg 110w, https:\/\/www.carideal.com\/blog\/wp-content\/uploads\/2013\/03\/Achat_Fiat_500_avec_remise_en_stock_Carideal_Mandataire_automobile_Chambery__2__m-420x278.jpg 420w\" sizes=\"(max-width: 448px) 100vw, 448px\" \/><figcaption id=\"caption-attachment-22083\" class=\"wp-caption-text\">Achat Fiat 500 Prix \u00e9quipements<\/figcaption><\/figure>\n<p>Il compare la\u00a0<a href=\"http:\/\/www.carideal.com\/blog\/2015\/08\/16\/fiat-500-restylee\/\"><span style=\"text-decoration: underline;\">Fiat\u00a0500<\/span><\/a> originale\u00a0la \u00a0ou, en italien, Cinquecento \u00e0 Bibendum, le spokesthing <a href=\"http:\/\/www.carideal.com\/blog\/garage-automobile\/pneu\/pneu-michelin\/\">Michelin<\/a> qui, selon ses termes, est \u00abun gros homme fabriqu\u00e9 \u00e0 partir de plusieurs pneus.\" Il dit cela sans une pointe d'ironie et sans la moindre consid\u00e9ration qu'un gros homme fabriqu\u00e9 \u00e0 partir de pneus pourrait ne pas \u00eatre un bon objectif de conception d'une voiture. Ce n'est pas l'originale non plus. Il voit la m\u00eame chose dans la moderne Fiat 500. On ne voit pas bien le rapport, mais je dois admettre que la voiture est mignonne.<\/p>\n<h2>Premier examen routier avant l'achat d'une Fiat 500<\/h2>\n<figure style=\"width: 438px\" class=\"wp-caption alignnone\"><img loading=\"lazy\" decoding=\"async\" title=\"Achat Fiat 500 avec remise en stock Carideal Mandataire automobile Chambery, mar. 2013\" src=\"\/blog\/public\/.Achat_Fiat_500_avec_remise_en_stock_Carideal_Mandataire_automobile_Chambery__4__m.jpg\" alt=\"Achat Fiat 500 avec remise en stock Carideal Mandataire automobile\" width=\"448\" height=\"297\" \/><figcaption class=\"wp-caption-text\">L'int\u00e9rieur de la Fiat 500 Lounge Achat Fiat 500 avec remise en stock Carideal Mandataire automobile<\/figcaption><\/figure>\n<h2>L'achat de la Fiat 500 plus bas\u00e9 pour son look ?<\/h2>\n<figure id=\"attachment_11924\" aria-describedby=\"caption-attachment-11924\" style=\"width: 390px\" class=\"wp-caption alignnone\"><img loading=\"lazy\" decoding=\"async\" class=\"wp-image-11924 size-full\" src=\"http:\/\/www.carideal.com\/blog\/wp-content\/uploads\/2013\/03\/achat-Fiat-500-4-e1582721043713.jpg\" alt=\"Achat Fiat 500-4\" width=\"400\" height=\"245\" \/><figcaption id=\"caption-attachment-11924\" class=\"wp-caption-text\">Achat Fiat 500-4<\/figcaption><\/figure>\n<p>On comprend qu'on puisse craquer pour l'achat de cette Fiat 500, elle est tout aussi attachante que l'originale.<\/p>\n<p>On comprend que certain puisse craquer pour l'achat d'une Fiat 500. Elle est r\u00e9tro-adorable \u00e0 l'int\u00e9rieur, aussi, o\u00f9 une option intervertit le noir qui entoure la climatisation et la radio pour du Bakelite aspect plastique blanc. Avec cette option, le blanc s'immisce aussi sur toutes les commandes autours du volant. Le tableau de bord est \u00e9norme et compos\u00e9 de cercles concentriques.<\/p>\n<figure id=\"attachment_11922\" aria-describedby=\"caption-attachment-11922\" style=\"width: 390px\" class=\"wp-caption alignnone\"><img loading=\"lazy\" decoding=\"async\" class=\"wp-image-11922 size-full\" src=\"http:\/\/www.carideal.com\/blog\/wp-content\/uploads\/2013\/03\/achat-Fiat-500-2-e1582721091482.jpg\" alt=\"Achat Fiat 500-2\" width=\"400\" height=\"245\" \/><figcaption id=\"caption-attachment-11922\" class=\"wp-caption-text\">Achat Fiat 500-2<\/figcaption><\/figure>\n<p>Au milieu se trouve un affichage num\u00e9rique de rapports temp\u00e9rature du moteur, le niveau de carburant, la date, l'heure et la temp\u00e9rature ext\u00e9rieure. Enroul\u00e9 autour de cet \u00e9norme \u00e9cran circulaire, s'affiche le tachym\u00e8tre. En r\u00e9f\u00e9rence \u00e0 la f\u00eate donn\u00e9e \u00e0 l'occasion de Thanksgiving par John Madden, qui se compose d'un poulet farci \u00e0 l'int\u00e9rieur d'un canard farci \u00e0 l'int\u00e9rieur d'une dinde et qui est consid\u00e9r\u00e9 comme un \"turducken\" toutes les informations sont regroup\u00e9es dans un monstrueux \u00e9cran le \"speedtachen.\"<\/p>\n<p>Si cela semble confus, cela ne l'est pas, enfin pas pour tout le monde. Et peu importe quelle information que vous voulez, vous savez toujours o\u00f9 la chercher. En prime, bien que la Fiat 500 pourrait avoir besoin de beaucoup de temps pour atteindre sa vitesse de pointe, au rupteur sur chaque rapport, l'aiguille du compteur pointe \u00e0 192 km\/h. C'est donc que \u00e7a le fait, on ne sera pas d\u00e9\u00e7u par son achat de Fiat 500 sur ce point.<\/p>\n<p><span style=\"text-decoration: underline;\">Voiture neuve<\/span> sur carideal.com <span style=\"text-decoration: underline;\"><a href=\"http:\/\/www.carideal.com\/\" target=\"_blank\" rel=\"noopener noreferrer\">mandataire automobile<\/a><\/span><\/p>\n<h3>Plus de couleurs qu'un arc en Ciel pour le choix de la couleurs lors de l'achat de sa Fiat 500<\/h3>\n<figure id=\"attachment_11923\" aria-describedby=\"caption-attachment-11923\" style=\"width: 390px\" class=\"wp-caption alignnone\"><img loading=\"lazy\" decoding=\"async\" class=\"wp-image-11923 size-full\" src=\"http:\/\/www.carideal.com\/blog\/wp-content\/uploads\/2013\/03\/achat-Fiat-500-3-e1582721179289.jpg\" alt=\"Achat Fiat 500-3\" width=\"400\" height=\"245\" \/><figcaption id=\"caption-attachment-11923\" class=\"wp-caption-text\">Achat Fiat 500-3<\/figcaption><\/figure>\n<p>Nous aimons les pointes de blancs optionnelles, mais ils mettent en \u00e9vidence le fait que le reste de ce qui entoure les occupants est un int\u00e9rieur digne d'une voiture de 18 000 \u20ac. La partie sup\u00e9rieure du tableau de bord est fait de plastique dur noir et creux. Les panneaux de porte et la console centrale idem. Un d\u00e9tail aga\u00e7ant, pour une petite citadine qui se veut premium : pas tous les segments de l'horloge num\u00e9rique ne sont uniform\u00e9ment \u00e9clair\u00e9. Cela et le fait que les commandes du tableau de bord donne le ressenti de pouvoir tomber de nos mains, on ne voudrait pas \u00eatre tatillon, mais on n'a pas eu de ressenti quelque chose de similaires sur une autre voiture depuis des ann\u00e9es.<\/p>\n<figure id=\"attachment_11921\" aria-describedby=\"caption-attachment-11921\" style=\"width: 390px\" class=\"wp-caption alignnone\"><img loading=\"lazy\" decoding=\"async\" class=\"wp-image-11921 size-full\" src=\"http:\/\/www.carideal.com\/blog\/wp-content\/uploads\/2013\/03\/achat-Fiat-500-e1582721210597.jpg\" alt=\"Achat Fiat 500\" width=\"400\" height=\"245\" \/><figcaption id=\"caption-attachment-11921\" class=\"wp-caption-text\">Achat Fiat 500<\/figcaption><\/figure>\n<p>Le design int\u00e9rieur de base est compl\u00e9t\u00e9e est enti\u00e8rement inspir\u00e9 de la\u00a0<a href=\"http:\/\/www.carideal.com\/blog\/2013\/02\/15\/la-frenesie-de-mini\/\"><span style=\"text-decoration: underline;\">Mini<\/span><\/a>. (En fait, Fiat a copi\u00e9 enti\u00e8rement le style int\u00e9rieur de la Mini). En plus des 14 couleurs disponibles de garniture int\u00e9rieure, quelques 50 accessoires sont disponibles au lancement, \u00e0 partir de kits d'\u00e9clairage int\u00e9rieur et barres de toit \u00e0 une vari\u00e9t\u00e9 de graphiques ext\u00e9rieurs. Quatorze couleurs ext\u00e9rieures sont disponibles pour la Fiat 500, dont deux rouges, jaune, orange, deux bruns diff\u00e9rents, et deux verts.<\/p>\n<h2>Achat Fiat 500 le constructeur vise des standards \u00e9lev\u00e9s<\/h2>\n<figure id=\"attachment_11920\" aria-describedby=\"caption-attachment-11920\" style=\"width: 390px\" class=\"wp-caption alignnone\"><img loading=\"lazy\" decoding=\"async\" class=\"wp-image-11920 size-full\" src=\"http:\/\/www.carideal.com\/blog\/wp-content\/uploads\/2013\/03\/achat-Fiat-500-twinair-lounge-2-e1582721291215.jpg\" alt=\"Achat Fiat 500 twinair lounge-2\" width=\"400\" height=\"245\" \/><figcaption id=\"caption-attachment-11920\" class=\"wp-caption-text\">Achat Fiat 500 twinair lounge-2<\/figcaption><\/figure>\n<p>Fiat esp\u00e8re distinguer ses 500 plus haut avec son \u00e9quipement. Le niveau de finition de base, la Pop, inclut les vitres \u00e9lectriques, verrouillage centralis\u00e9 et r\u00e9tros \u00e9lectriques, sept airbags la climatisation et r\u00e9gulateur de vitesse. Ce n'est pas \u00e9norme, mais cela est en concordance avec son prix.<\/p>\n<p>Fiat pr\u00e9voit que la majeure partie du volume des ventes \u00e0 venir proviendra du niveau de finition interm\u00e9diaire, la 500 Sport. Pour 19000 \u20ac, la Fiat 500 Sport ajoute des jantes de 16 pouces (en place des 15 de la Pop), des fa\u00e7ades avant et arri\u00e8res sp\u00e9cifiques, un syst\u00e8me audio Bose, et \u00e9triers de frein rouges. Au sommet de la gamme se trouve la version Lounge \u00e0 20000 \u20ac.<\/p>\n<p>Elle ajoute une boite auto \u00e0 six vitesses automatiques, un toit fixe en verre, une alarme, la radio par satellite, et un volant gain\u00e9 de cuir. Sur les mod\u00e8les Pop et Sport, l'automatique est une option \u00e0 1000 \u20ac. Pour r\u00e9f\u00e9rence, les prix de base de la mini commence \u00e0 16450 \u20ac et ceux de la <a href=\"http:\/\/www.carideal.com\/blog\/2016\/01\/22\/nouvelle-ds3-2016\/\"><span style=\"text-decoration: underline;\">DS3<\/span><\/a> \u00a0\u00e0 15950 \u20ac.<\/p>\n<figure id=\"attachment_11918\" aria-describedby=\"caption-attachment-11918\" style=\"width: 390px\" class=\"wp-caption alignnone\"><img loading=\"lazy\" decoding=\"async\" class=\"wp-image-11918 size-full\" src=\"http:\/\/www.carideal.com\/blog\/wp-content\/uploads\/2013\/03\/achat-Fiat-500-Sport-e1582721414343.jpg\" alt=\"Achat Fiat 500 Sport\" width=\"400\" height=\"245\" \/><figcaption id=\"caption-attachment-11918\" class=\"wp-caption-text\">Achat Fiat 500 Sport<\/figcaption><\/figure>\n<p>Sauf si vous optez pour le toit en verre, la Fiat 500 est \u00e9tonnamment spacieuse, gr\u00e2ce \u00e0 la serre verticale. Avec le toit en\u00a0m\u00e9tal, m\u00eame une personne de 2 m\u00e8tre\u00a0peut\u00a0s'asseoir confortablement \u00e0 l'int\u00e9rieur, par opposition \u00e0 son exp\u00e9rience dans une Fiat 500 original.<\/p>\n<p>Mais le toit en verre rabote quelques centim\u00e8tres en hauteur et aide \u00e0 se sentir plus claustrophobe dans la voiture. Les si\u00e8ges sont confortables, un peu \u00e9troits. Ce dernier adjectif s'applique \u00e9galement \u00e0 la cave \u00e0 pieds, \u00e0 cause des passages de roues trop pro\u00e9minents. Malgr\u00e9 le manque d'espace dans lequel int\u00e9rieur, cependant, la Fiat 500 est tr\u00e8s confortable. Et comme cela les gosses resteront assis sans bouger ! \ud83d\ude09 Mais ne croyez pas faire assoir gentiment des gens sur la banquette arri\u00e8re ; cet espace est strictement r\u00e9serv\u00e9 aux sacs de courses de l'\u00e9picerie de quartier et qui ont besoin de ceintures de s\u00e9curit\u00e9 LOL.<\/p>\n<p>Voiture occasion : la bonne occasion sur Carideal.com<\/p>\n<h2>On ach\u00e8te la Fiat 500 pour sa personnalit\u00e9<\/h2>\n<figure id=\"attachment_11919\" aria-describedby=\"caption-attachment-11919\" style=\"width: 390px\" class=\"wp-caption alignnone\"><img loading=\"lazy\" decoding=\"async\" class=\"wp-image-11919 size-full\" src=\"http:\/\/www.carideal.com\/blog\/wp-content\/uploads\/2013\/03\/achat-Fiat-500-twinair-lounge-e1582721523702.jpg\" alt=\"Achat Fiat 500 twinair lounge\" width=\"400\" height=\"245\" \/><figcaption id=\"caption-attachment-11919\" class=\"wp-caption-text\">Achat Fiat 500 twinair lounge<\/figcaption><\/figure>\n<p>La nouvelle Cinquecento se conduit avec autant de personnalit\u00e9 que sa carrosserie\u00a0se targue. La direction est rapide et lin\u00e9aire, mais un peu l\u00e9g\u00e8re. Le bouton Sport sur le tableau de bord (de s\u00e9rie sur tous les niveaux de finition), devraient plut\u00f4t \u00eatre \u00e9tiquet\u00e9 \u00abParfait\u00bb, comme c'est ce qui rend la direction, plus directe en augmentant le feedback.<\/p>\n<p>Ce n'est pas la perfection <a href=\"http:\/\/www.carideal.com\/blog\/marque-de-voiture-actualites-essais\/porsche\/\">Porsche<\/a> ou\u00a0<a href=\"http:\/\/www.carideal.com\/blog\/2012\/01\/28\/les-jumelles-lotus-elan-elise\/\">Lotus<\/a> qui a attir\u00e9s les clients mais plut\u00f4t, ils l'ont \u00e9t\u00e9 par le style de la voiture, et la communication qui a \u00e9t\u00e9 faite autour de la voiture \u00e0 sa sortie, et d'une\u00a0atmosph\u00e8re d\u00e9tendue qu'elle propage.<\/p>\n<p>La voiture dispose de 100 ch. Les freins sont fermes mais pas trop. La p\u00e9dale d'embrayage est tr\u00e8s douce, et la reprise est si lente et progressive nous avons eu aucun probl\u00e8me que ce soit pour relancer la voiture en douceur et sans surr\u00e9gime du moteur.<\/p>\n<p>Et le levier de vitesse surmont\u00e9e d'une poign\u00e9e de la taille d'une boule de billard n\u00e9cessite juste la bonne quantit\u00e9 d'effort pour une balade relaxante. Les relances sont un peu longues, une conduite rapide demanderait de la concentration, ce qui serait totalement hors de caract\u00e8re.<\/p>\n<p>Dans une voiture si haute et \u00e9troite, une suspension molle pourrait conduire \u00e0 se renverser. Mais avec un tel empattement court, si elle \u00e9tait trop ferme, la promenade deviendrait p\u00e9nible. La solution de Fiat est un \u00e9quilibre d\u00e9licieux, r\u00e9sultant dans une conduite enti\u00e8rement sous contr\u00f4le et contr\u00f4lable sans souffrance.<\/p>\n<p>Pourtant, elle serait peut-\u00eatre un peu trop agressive pour les acheteurs qui sont \u00e0 la recherche d'une peinture rose sur la liste des options (ne vous inqui\u00e9tez pas, ils ne le trouveront pas). L'empattement court signifie que trouver la limite au survirage est facile, mais vous ne vous sentirez jamais en danger. C'est bon, car il est tr\u00e8s peu probable que vous serez en mesure d'utiliser plus de puissance que ce vous en d\u00e9sireriez.<\/p>\n<p>L'inconv\u00e9nient majeur de cette Fiat 500, est sa puissance de 100 ch, ce n'est pas \u00e9norme, et qu'en terme d'acc\u00e9l\u00e9ration si on doit parler de rapport poids puissance, c'est un indicateur certain de ses capacit\u00e9. La <span style=\"text-decoration: underline;\"><a href=\"http:\/\/www.carideal.com\/blog\/2010\/05\/27\/la-chevrolet-corvette-zr1-au-banc-dessais\/\" target=\"_blank\" rel=\"noopener noreferrer\">Corvette ZR1<\/a><\/span> annonce un rapport poids puissance de 2.4 kg\/ch, la <span style=\"text-decoration: underline;\"><a href=\"http:\/\/www.carideal.com\/blog\/2009\/12\/10\/mr-bean-essaye-la-bugatti-veyron-et-la-maclaren-f1\/\">Bugatti Veyron<\/a><\/span> 2.04. La Fiat 500 ? 10.6...<\/p>\n<p>Donc, En achetant une Fiat 500, on n'ach\u00e8te pas un missile. Un tel petit moteur va obtenir marche bien, et bien que le moteur \u00e0 quatre cylindres de 1,4-litres de cylindr\u00e9e ne soit pas aussi v\u00e9loce \u00e0 grimper dans les tours qu'un moteur <a href=\"http:\/\/www.carideal.com\/blog\/marque-de-voiture-actualites-essais\/honda\/\"><span style=\"text-decoration: underline;\">Honda<\/span><\/a> il n'est jamais \u00e0 la peine. Pourtant, sur une pente assez mod\u00e9r\u00e9e il sera difficile de tenir le 110 km\/h en troisi\u00e8me vitesse. Nous doutons que les acheteurs attir\u00e9s par le cot\u00e9 \"mignon\" de la voiture auront envie de r\u00e9trograder et rester \u00e0 5000 tr\/min pour monter cette c\u00f4te. Mais la <span style=\"text-decoration: underline;\"><a href=\"http:\/\/www.carideal.com\/blog\/2010\/04\/06\/fiat-abarth-500\/\">Fiat 500 Abarth<\/a><\/span> va bient\u00f4t \u00eatre disponible.<\/p>\n<p>Trouvez les plus grandes <span style=\"text-decoration: underline;\">marques de voiture<\/span> sur Carideal.com<\/p>\n<h2>Achat Fiat 500 le constructeur vogue vers le succ\u00e8s<\/h2>\n<p>Fiat compte bien vendre encore beaucoup de Fiat 500, son mod\u00e8le phare. C'est la personnalit\u00e9 de la voiture, qui attire les acheteurs. Fiat a l'espoir de vendre 50.000 Fiat 500 par an en Am\u00e9rique du Nord.<\/p>\n<h2>Galerie d'images Fiat 500<\/h2>\n<div id='gallery-1' class='gallery galleryid-2209 gallery-columns-3 gallery-size-medium'><figure class='gallery-item'>\n\t\t\t<div class='gallery-icon landscape'>\n\t\t\t\t<a href='https:\/\/www.carideal.com\/blog\/2013\/03\/13\/achat-fiat-500-avec-remise-en-stock-carideal-mandataire-automobile-chambery\/achat-fiat-500-sport\/#main'><img loading=\"lazy\" decoding=\"async\" width=\"300\" height=\"183\" src=\"https:\/\/www.carideal.com\/blog\/wp-content\/uploads\/2013\/03\/achat-Fiat-500-Sport-300x183.jpg\" class=\"attachment-medium size-medium\" alt=\"Achat Fiat 500 Sport\" aria-describedby=\"gallery-1-11918\" srcset=\"https:\/\/www.carideal.com\/blog\/wp-content\/uploads\/2013\/03\/achat-Fiat-500-Sport-300x183.jpg 300w, https:\/\/www.carideal.com\/blog\/wp-content\/uploads\/2013\/03\/achat-Fiat-500-Sport-768x470.jpg 768w, https:\/\/www.carideal.com\/blog\/wp-content\/uploads\/2013\/03\/achat-Fiat-500-Sport-624x382.jpg 624w, https:\/\/www.carideal.com\/blog\/wp-content\/uploads\/2013\/03\/achat-Fiat-500-Sport-e1582721414343.jpg 400w\" sizes=\"(max-width: 300px) 100vw, 300px\" \/><\/a>\n\t\t\t<\/div>\n\t\t\t\t<figcaption class='wp-caption-text gallery-caption' id='gallery-1-11918'>\n\t\t\t\tAchat Fiat 500 Sport\n\t\t\t\t<\/figcaption><\/figure><figure class='gallery-item'>\n\t\t\t<div class='gallery-icon landscape'>\n\t\t\t\t<a href='https:\/\/www.carideal.com\/blog\/2013\/03\/13\/achat-fiat-500-avec-remise-en-stock-carideal-mandataire-automobile-chambery\/achat-fiat-500-twinair-lounge\/#main'><img loading=\"lazy\" decoding=\"async\" width=\"300\" height=\"183\" src=\"https:\/\/www.carideal.com\/blog\/wp-content\/uploads\/2013\/03\/achat-Fiat-500-twinair-lounge-300x183.jpg\" class=\"attachment-medium size-medium\" alt=\"Achat Fiat 500 twinair lounge\" aria-describedby=\"gallery-1-11919\" srcset=\"https:\/\/www.carideal.com\/blog\/wp-content\/uploads\/2013\/03\/achat-Fiat-500-twinair-lounge-300x183.jpg 300w, https:\/\/www.carideal.com\/blog\/wp-content\/uploads\/2013\/03\/achat-Fiat-500-twinair-lounge-768x470.jpg 768w, https:\/\/www.carideal.com\/blog\/wp-content\/uploads\/2013\/03\/achat-Fiat-500-twinair-lounge-624x382.jpg 624w, https:\/\/www.carideal.com\/blog\/wp-content\/uploads\/2013\/03\/achat-Fiat-500-twinair-lounge-e1582721523702.jpg 400w\" sizes=\"(max-width: 300px) 100vw, 300px\" \/><\/a>\n\t\t\t<\/div>\n\t\t\t\t<figcaption class='wp-caption-text gallery-caption' id='gallery-1-11919'>\n\t\t\t\tAchat Fiat 500 twinair lounge\n\t\t\t\t<\/figcaption><\/figure><figure class='gallery-item'>\n\t\t\t<div class='gallery-icon landscape'>\n\t\t\t\t<a href='https:\/\/www.carideal.com\/blog\/2013\/03\/13\/achat-fiat-500-avec-remise-en-stock-carideal-mandataire-automobile-chambery\/achat-fiat-500-twinair-lounge-2\/#main'><img loading=\"lazy\" decoding=\"async\" width=\"300\" height=\"183\" src=\"https:\/\/www.carideal.com\/blog\/wp-content\/uploads\/2013\/03\/achat-Fiat-500-twinair-lounge-2-300x183.jpg\" class=\"attachment-medium size-medium\" alt=\"Achat Fiat 500 twinair lounge-2\" aria-describedby=\"gallery-1-11920\" srcset=\"https:\/\/www.carideal.com\/blog\/wp-content\/uploads\/2013\/03\/achat-Fiat-500-twinair-lounge-2-300x183.jpg 300w, https:\/\/www.carideal.com\/blog\/wp-content\/uploads\/2013\/03\/achat-Fiat-500-twinair-lounge-2-768x470.jpg 768w, https:\/\/www.carideal.com\/blog\/wp-content\/uploads\/2013\/03\/achat-Fiat-500-twinair-lounge-2-624x382.jpg 624w, https:\/\/www.carideal.com\/blog\/wp-content\/uploads\/2013\/03\/achat-Fiat-500-twinair-lounge-2-e1582721291215.jpg 400w\" sizes=\"(max-width: 300px) 100vw, 300px\" \/><\/a>\n\t\t\t<\/div>\n\t\t\t\t<figcaption class='wp-caption-text gallery-caption' id='gallery-1-11920'>\n\t\t\t\tAchat Fiat 500 twinair lounge-2\n\t\t\t\t<\/figcaption><\/figure><figure class='gallery-item'>\n\t\t\t<div class='gallery-icon landscape'>\n\t\t\t\t<a href='https:\/\/www.carideal.com\/blog\/2013\/03\/13\/achat-fiat-500-avec-remise-en-stock-carideal-mandataire-automobile-chambery\/achat-fiat-500\/#main'><img loading=\"lazy\" decoding=\"async\" width=\"300\" height=\"183\" src=\"https:\/\/www.carideal.com\/blog\/wp-content\/uploads\/2013\/03\/achat-Fiat-500-300x183.jpg\" class=\"attachment-medium size-medium\" alt=\"Achat Fiat 500\" aria-describedby=\"gallery-1-11921\" srcset=\"https:\/\/www.carideal.com\/blog\/wp-content\/uploads\/2013\/03\/achat-Fiat-500-300x183.jpg 300w, https:\/\/www.carideal.com\/blog\/wp-content\/uploads\/2013\/03\/achat-Fiat-500-768x470.jpg 768w, https:\/\/www.carideal.com\/blog\/wp-content\/uploads\/2013\/03\/achat-Fiat-500-624x382.jpg 624w, https:\/\/www.carideal.com\/blog\/wp-content\/uploads\/2013\/03\/achat-Fiat-500-e1582721210597.jpg 400w\" sizes=\"(max-width: 300px) 100vw, 300px\" \/><\/a>\n\t\t\t<\/div>\n\t\t\t\t<figcaption class='wp-caption-text gallery-caption' id='gallery-1-11921'>\n\t\t\t\tAchat Fiat 500\n\t\t\t\t<\/figcaption><\/figure><figure class='gallery-item'>\n\t\t\t<div class='gallery-icon landscape'>\n\t\t\t\t<a href='https:\/\/www.carideal.com\/blog\/2013\/03\/13\/achat-fiat-500-avec-remise-en-stock-carideal-mandataire-automobile-chambery\/achat-fiat-500-2\/#main'><img loading=\"lazy\" decoding=\"async\" width=\"300\" height=\"183\" src=\"https:\/\/www.carideal.com\/blog\/wp-content\/uploads\/2013\/03\/achat-Fiat-500-2-300x183.jpg\" class=\"attachment-medium size-medium\" alt=\"Achat Fiat 500-2\" aria-describedby=\"gallery-1-11922\" srcset=\"https:\/\/www.carideal.com\/blog\/wp-content\/uploads\/2013\/03\/achat-Fiat-500-2-300x183.jpg 300w, https:\/\/www.carideal.com\/blog\/wp-content\/uploads\/2013\/03\/achat-Fiat-500-2-768x470.jpg 768w, https:\/\/www.carideal.com\/blog\/wp-content\/uploads\/2013\/03\/achat-Fiat-500-2-624x382.jpg 624w, https:\/\/www.carideal.com\/blog\/wp-content\/uploads\/2013\/03\/achat-Fiat-500-2-e1582721091482.jpg 400w\" sizes=\"(max-width: 300px) 100vw, 300px\" \/><\/a>\n\t\t\t<\/div>\n\t\t\t\t<figcaption class='wp-caption-text gallery-caption' id='gallery-1-11922'>\n\t\t\t\tAchat Fiat 500-2\n\t\t\t\t<\/figcaption><\/figure><figure class='gallery-item'>\n\t\t\t<div class='gallery-icon landscape'>\n\t\t\t\t<a href='https:\/\/www.carideal.com\/blog\/2013\/03\/13\/achat-fiat-500-avec-remise-en-stock-carideal-mandataire-automobile-chambery\/achat-fiat-500-3\/#main'><img loading=\"lazy\" decoding=\"async\" width=\"300\" height=\"183\" src=\"https:\/\/www.carideal.com\/blog\/wp-content\/uploads\/2013\/03\/achat-Fiat-500-3-300x183.jpg\" class=\"attachment-medium size-medium\" alt=\"Achat Fiat 500-3\" aria-describedby=\"gallery-1-11923\" srcset=\"https:\/\/www.carideal.com\/blog\/wp-content\/uploads\/2013\/03\/achat-Fiat-500-3-300x183.jpg 300w, https:\/\/www.carideal.com\/blog\/wp-content\/uploads\/2013\/03\/achat-Fiat-500-3-768x470.jpg 768w, https:\/\/www.carideal.com\/blog\/wp-content\/uploads\/2013\/03\/achat-Fiat-500-3-624x382.jpg 624w, https:\/\/www.carideal.com\/blog\/wp-content\/uploads\/2013\/03\/achat-Fiat-500-3-e1582721179289.jpg 400w\" sizes=\"(max-width: 300px) 100vw, 300px\" \/><\/a>\n\t\t\t<\/div>\n\t\t\t\t<figcaption class='wp-caption-text gallery-caption' id='gallery-1-11923'>\n\t\t\t\tAchat Fiat 500-3\n\t\t\t\t<\/figcaption><\/figure><figure class='gallery-item'>\n\t\t\t<div class='gallery-icon landscape'>\n\t\t\t\t<a href='https:\/\/www.carideal.com\/blog\/2013\/03\/13\/achat-fiat-500-avec-remise-en-stock-carideal-mandataire-automobile-chambery\/achat-fiat-500-4\/#main'><img loading=\"lazy\" decoding=\"async\" width=\"300\" height=\"183\" src=\"https:\/\/www.carideal.com\/blog\/wp-content\/uploads\/2013\/03\/achat-Fiat-500-4-300x183.jpg\" class=\"attachment-medium size-medium\" alt=\"Achat Fiat 500-4\" aria-describedby=\"gallery-1-11924\" srcset=\"https:\/\/www.carideal.com\/blog\/wp-content\/uploads\/2013\/03\/achat-Fiat-500-4-300x183.jpg 300w, https:\/\/www.carideal.com\/blog\/wp-content\/uploads\/2013\/03\/achat-Fiat-500-4-768x470.jpg 768w, https:\/\/www.carideal.com\/blog\/wp-content\/uploads\/2013\/03\/achat-Fiat-500-4-624x382.jpg 624w, https:\/\/www.carideal.com\/blog\/wp-content\/uploads\/2013\/03\/achat-Fiat-500-4-e1582721043713.jpg 400w\" sizes=\"(max-width: 300px) 100vw, 300px\" \/><\/a>\n\t\t\t<\/div>\n\t\t\t\t<figcaption class='wp-caption-text gallery-caption' id='gallery-1-11924'>\n\t\t\t\tAchat Fiat 500-4\n\t\t\t\t<\/figcaption><\/figure>\n\t\t<\/div>\n\n<h2>Video Fiat 500 faites le tour avant d'acheter<\/h2>\n<p><iframe loading=\"lazy\" src=\"https:\/\/www.youtube.com\/embed\/n5MeZrFpuaE\" width=\"560\" height=\"315\" frameborder=\"0\" allowfullscreen=\"allowfullscreen\"><\/iframe><\/p>\n","protected":false},"excerpt":{"rendered":"<p>Achat Fiat 500 prix et \u00e9quipements Carideal Mandataire automobile Un d\u00e9tail sur l&rsquo;achat d&rsquo;une Fiat 500 ses prix et \u00e9quipements (Celle pr\u00e9sent\u00e9e ici en attente de livraison est une 0.9 Twinair Lounge). Si vous pensez que vous comprenez les Italiens, envisager d&rsquo;essayer de comprendre la prise de position de Roberto Giolito, chef du style\u00a0de Fiat. &#8230; <a title=\"Achat Fiat 500 Prix \u00e9quipements\" class=\"read-more\" href=\"https:\/\/www.carideal.com\/blog\/2013\/03\/13\/achat-fiat-500-avec-remise-en-stock-carideal-mandataire-automobile-chambery\/\" aria-label=\"En savoir plus sur Achat Fiat 500 Prix \u00e9quipements\">Lire plus<\/a><\/p>\n","protected":false},"author":1,"featured_media":22083,"comment_status":"open","ping_status":"open","sticky":false,"template":"","format":"standard","meta":{"_uag_custom_page_level_css":"","_themeisle_gutenberg_block_has_review":false,"footnotes":""},"categories":[5944,5980,6012,7,5974],"tags":[29],"class_list":["post-2209","post","type-post","status-publish","format-standard","has-post-thumbnail","hentry","category-constructeur","category-fiat","category-berlines","category-voiture-arrivage-stocks","category-type-de-vehicule","tag-remise"],"wppr_data":{"cwp_meta_box_check":"No"},"yoast_head":"<!-- This site is optimized with the Yoast SEO plugin v24.8.1 - https:\/\/yoast.com\/wordpress\/plugins\/seo\/ -->\n<title>Achat Fiat 500 Prix \u00e9quipements - Blog auto Carid\u00e9al<\/title>\n<meta name=\"description\" content=\"Achat Fiat 500. Si vous pensez que vous comprenez les Italiens, roulez en Fiat 500 car on ach\u00e8te cette nouvelle Fiat pour sa bouille.\" \/>\n<meta name=\"robots\" content=\"index, follow, max-snippet:-1, max-image-preview:large, max-video-preview:-1\" \/>\n<link rel=\"canonical\" href=\"https:\/\/www.carideal.com\/blog\/2013\/03\/13\/achat-fiat-500-avec-remise-en-stock-carideal-mandataire-automobile-chambery\/\" \/>\n<meta property=\"og:locale\" content=\"fr_FR\" \/>\n<meta property=\"og:type\" content=\"article\" \/>\n<meta property=\"og:title\" content=\"Achat Fiat 500 Prix \u00e9quipements - Blog auto Carid\u00e9al\" \/>\n<meta property=\"og:description\" content=\"Achat Fiat 500. Si vous pensez que vous comprenez les Italiens, roulez en Fiat 500 car on ach\u00e8te cette nouvelle Fiat pour sa bouille.\" \/>\n<meta property=\"og:url\" content=\"https:\/\/www.carideal.com\/blog\/2013\/03\/13\/achat-fiat-500-avec-remise-en-stock-carideal-mandataire-automobile-chambery\/\" \/>\n<meta property=\"og:site_name\" content=\"Blog auto Carid\u00e9al\" \/>\n<meta property=\"article:publisher\" content=\"https:\/\/www.facebook.com\/Carideal.mandataire.automobile\" \/>\n<meta property=\"article:author\" content=\"https:\/\/www.facebook.com\/Carideal.mandataire.automobile\/\" \/>\n<meta property=\"article:published_time\" content=\"2013-03-13T21:59:00+00:00\" \/>\n<meta property=\"article:modified_time\" content=\"2020-03-07T21:40:59+00:00\" \/>\n<meta property=\"og:image\" content=\"https:\/\/www.carideal.com\/blog\/wp-content\/uploads\/2013\/03\/Achat_Fiat_500_avec_remise_en_stock_Carideal_Mandataire_automobile_Chambery__2__m.jpg\" \/>\n\t<meta property=\"og:image:width\" content=\"448\" \/>\n\t<meta property=\"og:image:height\" content=\"297\" \/>\n\t<meta property=\"og:image:type\" content=\"image\/jpeg\" \/>\n<meta name=\"author\" content=\"N.S Carideal\" \/>\n<meta name=\"twitter:card\" content=\"summary_large_image\" \/>\n<meta name=\"twitter:creator\" content=\"@caridealauto\" \/>\n<meta name=\"twitter:site\" content=\"@caridealauto\" \/>\n<meta name=\"twitter:label1\" content=\"\u00c9crit par\" \/>\n\t<meta name=\"twitter:data1\" content=\"N.S Carideal\" \/>\n\t<meta name=\"twitter:label2\" content=\"Dur\u00e9e de lecture estim\u00e9e\" \/>\n\t<meta name=\"twitter:data2\" content=\"8 minutes\" \/>\n<script type=\"application\/ld+json\" class=\"yoast-schema-graph\">{\"@context\":\"https:\/\/schema.org\",\"@graph\":[{\"@type\":\"Article\",\"@id\":\"https:\/\/www.carideal.com\/blog\/2013\/03\/13\/achat-fiat-500-avec-remise-en-stock-carideal-mandataire-automobile-chambery\/#article\",\"isPartOf\":{\"@id\":\"https:\/\/www.carideal.com\/blog\/2013\/03\/13\/achat-fiat-500-avec-remise-en-stock-carideal-mandataire-automobile-chambery\/\"},\"author\":{\"name\":\"N.S Carideal\",\"@id\":\"https:\/\/www.carideal.com\/blog\/#\/schema\/person\/985c7e757d1042d647f21bfaf8d41ebc\"},\"headline\":\"Achat Fiat 500 Prix \u00e9quipements\",\"datePublished\":\"2013-03-13T21:59:00+00:00\",\"dateModified\":\"2020-03-07T21:40:59+00:00\",\"mainEntityOfPage\":{\"@id\":\"https:\/\/www.carideal.com\/blog\/2013\/03\/13\/achat-fiat-500-avec-remise-en-stock-carideal-mandataire-automobile-chambery\/\"},\"wordCount\":1662,\"commentCount\":0,\"publisher\":{\"@id\":\"https:\/\/www.carideal.com\/blog\/#organization\"},\"image\":{\"@id\":\"https:\/\/www.carideal.com\/blog\/2013\/03\/13\/achat-fiat-500-avec-remise-en-stock-carideal-mandataire-automobile-chambery\/#primaryimage\"},\"thumbnailUrl\":\"https:\/\/www.carideal.com\/blog\/wp-content\/uploads\/2013\/03\/Achat_Fiat_500_avec_remise_en_stock_Carideal_Mandataire_automobile_Chambery__2__m.jpg\",\"keywords\":[\"Remise voiture neuve\"],\"articleSection\":[\"Actualit\u00e9 Constructeur automobile\",\"Actualit\u00e9 Fiat\",\"Berlines\",\"D\u00e9stockage voiture\",\"Type de v\u00e9hicule\"],\"inLanguage\":\"fr-FR\",\"potentialAction\":[{\"@type\":\"CommentAction\",\"name\":\"Comment\",\"target\":[\"https:\/\/www.carideal.com\/blog\/2013\/03\/13\/achat-fiat-500-avec-remise-en-stock-carideal-mandataire-automobile-chambery\/#respond\"]}]},{\"@type\":\"WebPage\",\"@id\":\"https:\/\/www.carideal.com\/blog\/2013\/03\/13\/achat-fiat-500-avec-remise-en-stock-carideal-mandataire-automobile-chambery\/\",\"url\":\"https:\/\/www.carideal.com\/blog\/2013\/03\/13\/achat-fiat-500-avec-remise-en-stock-carideal-mandataire-automobile-chambery\/\",\"name\":\"Achat Fiat 500 Prix \u00e9quipements - Blog auto Carid\u00e9al\",\"isPartOf\":{\"@id\":\"https:\/\/www.carideal.com\/blog\/#website\"},\"primaryImageOfPage\":{\"@id\":\"https:\/\/www.carideal.com\/blog\/2013\/03\/13\/achat-fiat-500-avec-remise-en-stock-carideal-mandataire-automobile-chambery\/#primaryimage\"},\"image\":{\"@id\":\"https:\/\/www.carideal.com\/blog\/2013\/03\/13\/achat-fiat-500-avec-remise-en-stock-carideal-mandataire-automobile-chambery\/#primaryimage\"},\"thumbnailUrl\":\"https:\/\/www.carideal.com\/blog\/wp-content\/uploads\/2013\/03\/Achat_Fiat_500_avec_remise_en_stock_Carideal_Mandataire_automobile_Chambery__2__m.jpg\",\"datePublished\":\"2013-03-13T21:59:00+00:00\",\"dateModified\":\"2020-03-07T21:40:59+00:00\",\"description\":\"Achat Fiat 500. Si vous pensez que vous comprenez les Italiens, roulez en Fiat 500 car on ach\u00e8te cette nouvelle Fiat pour sa bouille.\",\"breadcrumb\":{\"@id\":\"https:\/\/www.carideal.com\/blog\/2013\/03\/13\/achat-fiat-500-avec-remise-en-stock-carideal-mandataire-automobile-chambery\/#breadcrumb\"},\"inLanguage\":\"fr-FR\",\"potentialAction\":[{\"@type\":\"ReadAction\",\"target\":[\"https:\/\/www.carideal.com\/blog\/2013\/03\/13\/achat-fiat-500-avec-remise-en-stock-carideal-mandataire-automobile-chambery\/\"]}]},{\"@type\":\"ImageObject\",\"inLanguage\":\"fr-FR\",\"@id\":\"https:\/\/www.carideal.com\/blog\/2013\/03\/13\/achat-fiat-500-avec-remise-en-stock-carideal-mandataire-automobile-chambery\/#primaryimage\",\"url\":\"https:\/\/www.carideal.com\/blog\/wp-content\/uploads\/2013\/03\/Achat_Fiat_500_avec_remise_en_stock_Carideal_Mandataire_automobile_Chambery__2__m.jpg\",\"contentUrl\":\"https:\/\/www.carideal.com\/blog\/wp-content\/uploads\/2013\/03\/Achat_Fiat_500_avec_remise_en_stock_Carideal_Mandataire_automobile_Chambery__2__m.jpg\",\"width\":448,\"height\":297,\"caption\":\"Achat Fiat 500 Prix \u00e9quipements\"},{\"@type\":\"BreadcrumbList\",\"@id\":\"https:\/\/www.carideal.com\/blog\/2013\/03\/13\/achat-fiat-500-avec-remise-en-stock-carideal-mandataire-automobile-chambery\/#breadcrumb\",\"itemListElement\":[{\"@type\":\"ListItem\",\"position\":1,\"name\":\"Blog Carid\u00e9al\",\"item\":\"https:\/\/www.carideal.com\/blog\/\"},{\"@type\":\"ListItem\",\"position\":2,\"name\":\"D\u00e9stockage voiture\",\"item\":\"https:\/\/www.carideal.com\/blog\/voiture-arrivage-stocks\/\"},{\"@type\":\"ListItem\",\"position\":3,\"name\":\"Achat Fiat 500 Prix \u00e9quipements\"}]},{\"@type\":\"WebSite\",\"@id\":\"https:\/\/www.carideal.com\/blog\/#website\",\"url\":\"https:\/\/www.carideal.com\/blog\/\",\"name\":\"Blog auto Carid\u00e9al\",\"description\":\"Actualit\u00e9 auto par des passionn\u00e9s\",\"publisher\":{\"@id\":\"https:\/\/www.carideal.com\/blog\/#organization\"},\"potentialAction\":[{\"@type\":\"SearchAction\",\"target\":{\"@type\":\"EntryPoint\",\"urlTemplate\":\"https:\/\/www.carideal.com\/blog\/?s={search_term_string}\"},\"query-input\":{\"@type\":\"PropertyValueSpecification\",\"valueRequired\":true,\"valueName\":\"search_term_string\"}}],\"inLanguage\":\"fr-FR\"},{\"@type\":\"Organization\",\"@id\":\"https:\/\/www.carideal.com\/blog\/#organization\",\"name\":\"Carideal\",\"url\":\"https:\/\/www.carideal.com\/blog\/\",\"logo\":{\"@type\":\"ImageObject\",\"inLanguage\":\"fr-FR\",\"@id\":\"https:\/\/www.carideal.com\/blog\/#\/schema\/logo\/image\/\",\"url\":\"http:\/\/www.carideal.com\/blog\/wp-content\/uploads\/2016\/03\/logo-carideal-mandataire-automobile.png\",\"contentUrl\":\"http:\/\/www.carideal.com\/blog\/wp-content\/uploads\/2016\/03\/logo-carideal-mandataire-automobile.png\",\"width\":300,\"height\":300,\"caption\":\"Carideal\"},\"image\":{\"@id\":\"https:\/\/www.carideal.com\/blog\/#\/schema\/logo\/image\/\"},\"sameAs\":[\"https:\/\/www.facebook.com\/Carideal.mandataire.automobile\",\"https:\/\/x.com\/caridealauto\",\"https:\/\/www.instagram.com\/carideal1\/\",\"https:\/\/www.linkedin.com\/company\/carideal.com\",\"https:\/\/fr.pinterest.com\/schiavonsas\/\",\"https:\/\/www.youtube.com\/user\/caridealsas\"]},{\"@type\":\"Person\",\"@id\":\"https:\/\/www.carideal.com\/blog\/#\/schema\/person\/985c7e757d1042d647f21bfaf8d41ebc\",\"name\":\"N.S Carideal\",\"image\":{\"@type\":\"ImageObject\",\"inLanguage\":\"fr-FR\",\"@id\":\"https:\/\/www.carideal.com\/blog\/#\/schema\/person\/image\/\",\"url\":\"https:\/\/secure.gravatar.com\/avatar\/edb7ccdf1a4e3d14aef967760d354d0e?s=96&r=g\",\"contentUrl\":\"https:\/\/secure.gravatar.com\/avatar\/edb7ccdf1a4e3d14aef967760d354d0e?s=96&r=g\",\"caption\":\"N.S Carideal\"},\"description\":\"Depuis tout petit fan d'automobile. Il est question d'essayer et de comparer toutes ces voitures qui nous ont fait r\u00e9ver, avant que celles-ci ne devient uniquement des voitures de collection.\",\"sameAs\":[\"http:\/\/www.carideal.com\/blog\",\"https:\/\/www.facebook.com\/Carideal.mandataire.automobile\/\",\"https:\/\/www.linkedin.com\/in\/nschiavon\/\",\"https:\/\/www.youtube.com\/user\/caridealsas\/\"],\"url\":\"https:\/\/www.carideal.com\/blog\/author\/admin_carideal\/\"}]}<\/script>\n<!-- \/ Yoast SEO plugin. -->","yoast_head_json":{"title":"Achat Fiat 500 Prix \u00e9quipements - Blog auto Carid\u00e9al","description":"Achat Fiat 500. Si vous pensez que vous comprenez les Italiens, roulez en Fiat 500 car on ach\u00e8te cette nouvelle Fiat pour sa bouille.","robots":{"index":"index","follow":"follow","max-snippet":"max-snippet:-1","max-image-preview":"max-image-preview:large","max-video-preview":"max-video-preview:-1"},"canonical":"https:\/\/www.carideal.com\/blog\/2013\/03\/13\/achat-fiat-500-avec-remise-en-stock-carideal-mandataire-automobile-chambery\/","og_locale":"fr_FR","og_type":"article","og_title":"Achat Fiat 500 Prix \u00e9quipements - Blog auto Carid\u00e9al","og_description":"Achat Fiat 500. Si vous pensez que vous comprenez les Italiens, roulez en Fiat 500 car on ach\u00e8te cette nouvelle Fiat pour sa bouille.","og_url":"https:\/\/www.carideal.com\/blog\/2013\/03\/13\/achat-fiat-500-avec-remise-en-stock-carideal-mandataire-automobile-chambery\/","og_site_name":"Blog auto Carid\u00e9al","article_publisher":"https:\/\/www.facebook.com\/Carideal.mandataire.automobile","article_author":"https:\/\/www.facebook.com\/Carideal.mandataire.automobile\/","article_published_time":"2013-03-13T21:59:00+00:00","article_modified_time":"2020-03-07T21:40:59+00:00","og_image":[{"width":448,"height":297,"url":"https:\/\/www.carideal.com\/blog\/wp-content\/uploads\/2013\/03\/Achat_Fiat_500_avec_remise_en_stock_Carideal_Mandataire_automobile_Chambery__2__m.jpg","type":"image\/jpeg"}],"author":"N.S Carideal","twitter_card":"summary_large_image","twitter_creator":"@caridealauto","twitter_site":"@caridealauto","twitter_misc":{"\u00c9crit par":"N.S Carideal","Dur\u00e9e de lecture estim\u00e9e":"8 minutes"},"schema":{"@context":"https:\/\/schema.org","@graph":[{"@type":"Article","@id":"https:\/\/www.carideal.com\/blog\/2013\/03\/13\/achat-fiat-500-avec-remise-en-stock-carideal-mandataire-automobile-chambery\/#article","isPartOf":{"@id":"https:\/\/www.carideal.com\/blog\/2013\/03\/13\/achat-fiat-500-avec-remise-en-stock-carideal-mandataire-automobile-chambery\/"},"author":{"name":"N.S Carideal","@id":"https:\/\/www.carideal.com\/blog\/#\/schema\/person\/985c7e757d1042d647f21bfaf8d41ebc"},"headline":"Achat Fiat 500 Prix \u00e9quipements","datePublished":"2013-03-13T21:59:00+00:00","dateModified":"2020-03-07T21:40:59+00:00","mainEntityOfPage":{"@id":"https:\/\/www.carideal.com\/blog\/2013\/03\/13\/achat-fiat-500-avec-remise-en-stock-carideal-mandataire-automobile-chambery\/"},"wordCount":1662,"commentCount":0,"publisher":{"@id":"https:\/\/www.carideal.com\/blog\/#organization"},"image":{"@id":"https:\/\/www.carideal.com\/blog\/2013\/03\/13\/achat-fiat-500-avec-remise-en-stock-carideal-mandataire-automobile-chambery\/#primaryimage"},"thumbnailUrl":"https:\/\/www.carideal.com\/blog\/wp-content\/uploads\/2013\/03\/Achat_Fiat_500_avec_remise_en_stock_Carideal_Mandataire_automobile_Chambery__2__m.jpg","keywords":["Remise voiture neuve"],"articleSection":["Actualit\u00e9 Constructeur automobile","Actualit\u00e9 Fiat","Berlines","D\u00e9stockage voiture","Type de v\u00e9hicule"],"inLanguage":"fr-FR","potentialAction":[{"@type":"CommentAction","name":"Comment","target":["https:\/\/www.carideal.com\/blog\/2013\/03\/13\/achat-fiat-500-avec-remise-en-stock-carideal-mandataire-automobile-chambery\/#respond"]}]},{"@type":"WebPage","@id":"https:\/\/www.carideal.com\/blog\/2013\/03\/13\/achat-fiat-500-avec-remise-en-stock-carideal-mandataire-automobile-chambery\/","url":"https:\/\/www.carideal.com\/blog\/2013\/03\/13\/achat-fiat-500-avec-remise-en-stock-carideal-mandataire-automobile-chambery\/","name":"Achat Fiat 500 Prix \u00e9quipements - Blog auto Carid\u00e9al","isPartOf":{"@id":"https:\/\/www.carideal.com\/blog\/#website"},"primaryImageOfPage":{"@id":"https:\/\/www.carideal.com\/blog\/2013\/03\/13\/achat-fiat-500-avec-remise-en-stock-carideal-mandataire-automobile-chambery\/#primaryimage"},"image":{"@id":"https:\/\/www.carideal.com\/blog\/2013\/03\/13\/achat-fiat-500-avec-remise-en-stock-carideal-mandataire-automobile-chambery\/#primaryimage"},"thumbnailUrl":"https:\/\/www.carideal.com\/blog\/wp-content\/uploads\/2013\/03\/Achat_Fiat_500_avec_remise_en_stock_Carideal_Mandataire_automobile_Chambery__2__m.jpg","datePublished":"2013-03-13T21:59:00+00:00","dateModified":"2020-03-07T21:40:59+00:00","description":"Achat Fiat 500. Si vous pensez que vous comprenez les Italiens, roulez en Fiat 500 car on ach\u00e8te cette nouvelle Fiat pour sa bouille.","breadcrumb":{"@id":"https:\/\/www.carideal.com\/blog\/2013\/03\/13\/achat-fiat-500-avec-remise-en-stock-carideal-mandataire-automobile-chambery\/#breadcrumb"},"inLanguage":"fr-FR","potentialAction":[{"@type":"ReadAction","target":["https:\/\/www.carideal.com\/blog\/2013\/03\/13\/achat-fiat-500-avec-remise-en-stock-carideal-mandataire-automobile-chambery\/"]}]},{"@type":"ImageObject","inLanguage":"fr-FR","@id":"https:\/\/www.carideal.com\/blog\/2013\/03\/13\/achat-fiat-500-avec-remise-en-stock-carideal-mandataire-automobile-chambery\/#primaryimage","url":"https:\/\/www.carideal.com\/blog\/wp-content\/uploads\/2013\/03\/Achat_Fiat_500_avec_remise_en_stock_Carideal_Mandataire_automobile_Chambery__2__m.jpg","contentUrl":"https:\/\/www.carideal.com\/blog\/wp-content\/uploads\/2013\/03\/Achat_Fiat_500_avec_remise_en_stock_Carideal_Mandataire_automobile_Chambery__2__m.jpg","width":448,"height":297,"caption":"Achat Fiat 500 Prix \u00e9quipements"},{"@type":"BreadcrumbList","@id":"https:\/\/www.carideal.com\/blog\/2013\/03\/13\/achat-fiat-500-avec-remise-en-stock-carideal-mandataire-automobile-chambery\/#breadcrumb","itemListElement":[{"@type":"ListItem","position":1,"name":"Blog Carid\u00e9al","item":"https:\/\/www.carideal.com\/blog\/"},{"@type":"ListItem","position":2,"name":"D\u00e9stockage voiture","item":"https:\/\/www.carideal.com\/blog\/voiture-arrivage-stocks\/"},{"@type":"ListItem","position":3,"name":"Achat Fiat 500 Prix \u00e9quipements"}]},{"@type":"WebSite","@id":"https:\/\/www.carideal.com\/blog\/#website","url":"https:\/\/www.carideal.com\/blog\/","name":"Blog auto Carid\u00e9al","description":"Actualit\u00e9 auto par des passionn\u00e9s","publisher":{"@id":"https:\/\/www.carideal.com\/blog\/#organization"},"potentialAction":[{"@type":"SearchAction","target":{"@type":"EntryPoint","urlTemplate":"https:\/\/www.carideal.com\/blog\/?s={search_term_string}"},"query-input":{"@type":"PropertyValueSpecification","valueRequired":true,"valueName":"search_term_string"}}],"inLanguage":"fr-FR"},{"@type":"Organization","@id":"https:\/\/www.carideal.com\/blog\/#organization","name":"Carideal","url":"https:\/\/www.carideal.com\/blog\/","logo":{"@type":"ImageObject","inLanguage":"fr-FR","@id":"https:\/\/www.carideal.com\/blog\/#\/schema\/logo\/image\/","url":"http:\/\/www.carideal.com\/blog\/wp-content\/uploads\/2016\/03\/logo-carideal-mandataire-automobile.png","contentUrl":"http:\/\/www.carideal.com\/blog\/wp-content\/uploads\/2016\/03\/logo-carideal-mandataire-automobile.png","width":300,"height":300,"caption":"Carideal"},"image":{"@id":"https:\/\/www.carideal.com\/blog\/#\/schema\/logo\/image\/"},"sameAs":["https:\/\/www.facebook.com\/Carideal.mandataire.automobile","https:\/\/x.com\/caridealauto","https:\/\/www.instagram.com\/carideal1\/","https:\/\/www.linkedin.com\/company\/carideal.com","https:\/\/fr.pinterest.com\/schiavonsas\/","https:\/\/www.youtube.com\/user\/caridealsas"]},{"@type":"Person","@id":"https:\/\/www.carideal.com\/blog\/#\/schema\/person\/985c7e757d1042d647f21bfaf8d41ebc","name":"N.S Carideal","image":{"@type":"ImageObject","inLanguage":"fr-FR","@id":"https:\/\/www.carideal.com\/blog\/#\/schema\/person\/image\/","url":"https:\/\/secure.gravatar.com\/avatar\/edb7ccdf1a4e3d14aef967760d354d0e?s=96&r=g","contentUrl":"https:\/\/secure.gravatar.com\/avatar\/edb7ccdf1a4e3d14aef967760d354d0e?s=96&r=g","caption":"N.S Carideal"},"description":"Depuis tout petit fan d'automobile. Il est question d'essayer et de comparer toutes ces voitures qui nous ont fait r\u00e9ver, avant que celles-ci ne devient uniquement des voitures de collection.","sameAs":["http:\/\/www.carideal.com\/blog","https:\/\/www.facebook.com\/Carideal.mandataire.automobile\/","https:\/\/www.linkedin.com\/in\/nschiavon\/","https:\/\/www.youtube.com\/user\/caridealsas\/"],"url":"https:\/\/www.carideal.com\/blog\/author\/admin_carideal\/"}]}},"uagb_featured_image_src":{"full":["https:\/\/www.carideal.com\/blog\/wp-content\/uploads\/2013\/03\/Achat_Fiat_500_avec_remise_en_stock_Carideal_Mandataire_automobile_Chambery__2__m.jpg",448,297,false],"thumbnail":["https:\/\/www.carideal.com\/blog\/wp-content\/uploads\/2013\/03\/Achat_Fiat_500_avec_remise_en_stock_Carideal_Mandataire_automobile_Chambery__2__m-150x150.jpg",150,150,true],"medium":["https:\/\/www.carideal.com\/blog\/wp-content\/uploads\/2013\/03\/Achat_Fiat_500_avec_remise_en_stock_Carideal_Mandataire_automobile_Chambery__2__m-300x199.jpg",300,199,true],"medium_large":["https:\/\/www.carideal.com\/blog\/wp-content\/uploads\/2013\/03\/Achat_Fiat_500_avec_remise_en_stock_Carideal_Mandataire_automobile_Chambery__2__m.jpg",448,297,false],"large":["https:\/\/www.carideal.com\/blog\/wp-content\/uploads\/2013\/03\/Achat_Fiat_500_avec_remise_en_stock_Carideal_Mandataire_automobile_Chambery__2__m.jpg",448,297,false],"1536x1536":["https:\/\/www.carideal.com\/blog\/wp-content\/uploads\/2013\/03\/Achat_Fiat_500_avec_remise_en_stock_Carideal_Mandataire_automobile_Chambery__2__m.jpg",448,297,false],"2048x2048":["https:\/\/www.carideal.com\/blog\/wp-content\/uploads\/2013\/03\/Achat_Fiat_500_avec_remise_en_stock_Carideal_Mandataire_automobile_Chambery__2__m.jpg",448,297,false],"wppr-widget":["https:\/\/www.carideal.com\/blog\/wp-content\/uploads\/2013\/03\/Achat_Fiat_500_avec_remise_en_stock_Carideal_Mandataire_automobile_Chambery__2__m-50x33.jpg",50,33,true]},"uagb_author_info":{"display_name":"N.S Carideal","author_link":"https:\/\/www.carideal.com\/blog\/author\/admin_carideal\/"},"uagb_comment_info":0,"uagb_excerpt":"Achat Fiat 500 prix et \u00e9quipements Carideal Mandataire automobile Un d\u00e9tail sur l'achat d'une Fiat 500 ses prix et \u00e9quipements (Celle pr\u00e9sent\u00e9e ici en attente de livraison est une 0.9 Twinair Lounge). Si vous pensez que vous comprenez les Italiens, envisager d'essayer de comprendre la prise de position de Roberto Giolito, chef du style\u00a0de Fiat.\u2026","_links":{"self":[{"href":"https:\/\/www.carideal.com\/blog\/wp-json\/wp\/v2\/posts\/2209"}],"collection":[{"href":"https:\/\/www.carideal.com\/blog\/wp-json\/wp\/v2\/posts"}],"about":[{"href":"https:\/\/www.carideal.com\/blog\/wp-json\/wp\/v2\/types\/post"}],"author":[{"embeddable":true,"href":"https:\/\/www.carideal.com\/blog\/wp-json\/wp\/v2\/users\/1"}],"replies":[{"embeddable":true,"href":"https:\/\/www.carideal.com\/blog\/wp-json\/wp\/v2\/comments?post=2209"}],"version-history":[{"count":0,"href":"https:\/\/www.carideal.com\/blog\/wp-json\/wp\/v2\/posts\/2209\/revisions"}],"wp:featuredmedia":[{"embeddable":true,"href":"https:\/\/www.carideal.com\/blog\/wp-json\/wp\/v2\/media\/22083"}],"wp:attachment":[{"href":"https:\/\/www.carideal.com\/blog\/wp-json\/wp\/v2\/media?parent=2209"}],"wp:term":[{"taxonomy":"category","embeddable":true,"href":"https:\/\/www.carideal.com\/blog\/wp-json\/wp\/v2\/categories?post=2209"},{"taxonomy":"post_tag","embeddable":true,"href":"https:\/\/www.carideal.com\/blog\/wp-json\/wp\/v2\/tags?post=2209"}],"curies":[{"name":"wp","href":"https:\/\/api.w.org\/{rel}","templated":true}]}}