{"id":2168,"date":"2012-09-20T11:15:00","date_gmt":"2012-09-20T11:15:00","guid":{"rendered":"http:\/\/carideal.com\/blog\/?p=2167"},"modified":"2020-02-22T16:15:57","modified_gmt":"2020-02-22T15:15:57","slug":"volkswagen-amarok-double-cabine-163-tdi-4motion","status":"publish","type":"post","link":"https:\/\/www.carideal.com\/blog\/2012\/09\/20\/volkswagen-amarok-double-cabine-163-tdi-4motion\/","title":{"rendered":"Volkswagen Amarok occasion"},"content":{"rendered":"<h2>Volkswagen Amarok occasion Double cabine 163 Tdi 4Motion<\/h2>\n<p>Pick-up <a href=\"http:\/\/www.carideal.com\/blog\/marque-de-voiture-actualites-essais\/volkswagen\/\">Volkswagen<\/a> Amarok Occasion Double Cabine 163 Tdi 4Motion Trendline<\/p>\n<p>VW Amarok occasion Diesel 2.0 1968 cc - 120 kw - 163 pk - 6m - E5 - 209 g \/ km - Blanc Candy (B4B4), int\u00e9rieur: Trail Anthracite (HV) Tissu - KM: 0 Le pick-up VW Amarok est en stock, Immatriculation: 15\/09\/2012, R\u00e9f: VO7389,<\/p>\n<figure id=\"attachment_13673\" aria-describedby=\"caption-attachment-13673\" style=\"width: 590px\" class=\"wp-caption aligncenter\"><img loading=\"lazy\" decoding=\"async\" class=\"size-full wp-image-13673\" src=\"http:\/\/www.carideal.com\/blog\/wp-content\/uploads\/2015\/10\/volkswagen-amarok.jpg\" alt=\"Volkswagen Amarok occasion\" width=\"600\" height=\"450\" srcset=\"https:\/\/www.carideal.com\/blog\/wp-content\/uploads\/2015\/10\/volkswagen-amarok.jpg 600w, https:\/\/www.carideal.com\/blog\/wp-content\/uploads\/2015\/10\/volkswagen-amarok-300x225.jpg 300w, https:\/\/www.carideal.com\/blog\/wp-content\/uploads\/2015\/10\/volkswagen-amarok-110x83.jpg 110w, https:\/\/www.carideal.com\/blog\/wp-content\/uploads\/2015\/10\/volkswagen-amarok-420x315.jpg 420w, https:\/\/www.carideal.com\/blog\/wp-content\/uploads\/2015\/10\/volkswagen-amarok-573x430.jpg 573w, https:\/\/www.carideal.com\/blog\/wp-content\/uploads\/2015\/10\/volkswagen-amarok-50x38.jpg 50w\" sizes=\"(max-width: 600px) 100vw, 600px\" \/><figcaption id=\"caption-attachment-13673\" class=\"wp-caption-text\">Volkswagen Amarok occasion<\/figcaption><\/figure>\n<h2>Description du Pick Up Amarok d'occasion :<\/h2>\n<p>Climatisation, la console centrale avec rangement, r\u00e9gulateur de vitesse et de voyage ordinateur avec \u00e9cran multifonction (ZE3), Vitres (NQ5) Normale jantes en alliage secours de taille normale (W84), de protection du compartiment de charge rev\u00eatement de couleur anthracite et r\u00e9sistant aux UV, protection contre dommages m\u00e9caniques et chimiques (YMB), plancher en caoutchouc (ZB2), 17 pouces jantes en alliage ALDO (ZR3), radio-cd RCD310 (Z31) 4Motion s\u00e9lectionnable (Z4M), blocage de diff\u00e9rentiel m\u00e9canique (1Y4) phares antibrouillard,<\/p>\n<ul>\n<li><a href=\"http:\/\/www.carideal.com\/blog\/2019\/08\/20\/meilleurs-pick-up-2019\/\">Les meilleurs Pick Up<\/a><\/li>\n<\/ul>\n<h2>PRIX Volkswagen Amarok Occasion double cabine TDI 163 4Motion : 27300 \u20ac<\/h2>\n<h2>Pr\u00e9sentation du Pick Up VW Amarok<\/h2>\n<p>Le Pick-up Amarok a \u00e9t\u00e9 pr\u00e9sent\u00e9 pour la premi\u00e8re fois au public le 7 janvier 2010 en en Am\u00e9rique du Sud en Argentine. L'Amarok d'occasion est disponible en 3 versions : simple, double Cabine et Canyon. Le VW Amarok a pris part au Paris Dakar 2010, c'est ainsi qu'il a \u00e9t\u00e9 pr\u00e9sent\u00e9 en premier sur le continent sud am\u00e9ricain. Il a fait partie des v\u00e9hicules de support et d'assistance technique<\/p>\n<p>D\u00e9nomm\u00e9 VW Amarok, traduction de loup en langue inuit, le Pick-up Volkswagen Amarok d'occasion\u00a0vise la concurrence japonaise des\u00a0<a href=\"http:\/\/www.carideal.com\/blog\/2009\/02\/04\/pick-up-toyota-l200-edition-speciale-magnum-en-stock\/\"><span style=\"text-decoration: underline;\">Mitsubishi L200<\/span><\/a>, <span style=\"text-decoration: underline;\">Isuzu D-Max<\/span>, Mazda BT50, <span style=\"text-decoration: underline;\"><a href=\"http:\/\/www.carideal.com\/blog\/marque-de-voiture-actualites-essais\/toyota\/\">Toyota<\/a> Hilux<\/span>, <span style=\"text-decoration: underline;\"><a href=\"http:\/\/www.carideal.com\/blog\/marque-de-voiture-actualites-essais\/nissan\/\">Nissan<\/a> Navara<\/span>. Si le segment des pick-up d'occasion est sacrifi\u00e9 en France actuellement, depuis l'av\u00e8nement du <span style=\"text-decoration: underline;\"><a href=\"http:\/\/www.carideal.com\/blog\/2012\/11\/06\/tour-de-vis-sur-le-malus-2013\/\">malus<\/a><\/span>, ce n'est pas le cas dans le monde. Le Volkswagen Amarok d'occasion fait tout pour se faire remarquer. D'Ailleurs cette version Volkswagen Amarok occasion\u00a0TDI 163 Double cabine 4Motion en est la preuve. Sa transmission 4x4 4Motion est originale.<\/p>\n<ul>\n<li><a href=\"http:\/\/www.carideal.com\/blog\/2008\/01\/20\/les-pick-up-ne-sont-plus-a-la-fete\/\">Les pick-up ne se vendent plus<\/a><\/li>\n<\/ul>\n<h2>Caract\u00e9ristiques techniques du Volkswagen Amarok d'occasion BITDI 163 4Motion<\/h2>\n<p>Cette version du Volkswagen Amarok d'occasion 4Motion est un 4x4 enclenchable et profite d\u2019une boite de transfert et d\u2019un blocage du diff\u00e9rentiel en option. \u00c9quip\u00e9 ainsi le gros Pick-up Volkswagen Amarok d'occasion devient hyper efficace en tout terrain et se joue des mauvaises situations. Sur route son moteur 2.0 BiTDi \u00e0 double turbo permet d'offrir une puissance de 163 ch et un couple de \u00a0\u201ctracteur\u201d de 400 Nm disponible \u00e0 partir de seulement 1 500 tr\/mn.<\/p>\n<p>Ce couple permet d'emmener facilement une charge de 950 kg dans sa benne, voir de 1150 kg avec l'option suspension 5 lames. Le Volkswagen Amarok d'occasion est lourd, il p\u00e8se 2 tonnes. Il est annonc\u00e9 pour une consommation mixte annonc\u00e9e de 7,8 l\/100 km, et 206 g\/km de CO2. Lors de notre essai, nous avons enregistr\u00e9 une consommation moyenne de 10 L\/100 km.<\/p>\n","protected":false},"excerpt":{"rendered":"<p>Volkswagen Amarok occasion Double cabine 163 Tdi 4Motion Pick-up Volkswagen Amarok Occasion Double Cabine 163 Tdi 4Motion Trendline VW Amarok occasion Diesel 2.0 1968 cc &#8211; 120 kw &#8211; 163 pk &#8211; 6m &#8211; E5 &#8211; 209 g \/ km &#8211; Blanc Candy (B4B4), int\u00e9rieur: Trail Anthracite (HV) Tissu &#8211; KM: 0 Le pick-up VW &#8230; <a title=\"Volkswagen Amarok occasion\" class=\"read-more\" href=\"https:\/\/www.carideal.com\/blog\/2012\/09\/20\/volkswagen-amarok-double-cabine-163-tdi-4motion\/\" aria-label=\"En savoir plus sur Volkswagen Amarok occasion\">Lire plus<\/a><\/p>\n","protected":false},"author":1,"featured_media":13673,"comment_status":"open","ping_status":"open","sticky":false,"template":"","format":"standard","meta":{"_uag_custom_page_level_css":"","_themeisle_gutenberg_block_has_review":false,"footnotes":""},"categories":[2,5944,5985,7,6025,5947,5989,6163,5974],"tags":[],"class_list":["post-2168","post","type-post","status-publish","format-standard","has-post-thumbnail","hentry","category-4x4-suv","category-constructeur","category-volkswagen","category-voiture-arrivage-stocks","category-occasion-type-de-vehicule-type-de-vehicule","category-essai","category-volkswagen-essai","category-pick-up","category-type-de-vehicule"],"wppr_data":{"cwp_meta_box_check":"No"},"yoast_head":"<!-- This site is optimized with the Yoast SEO plugin v24.8.1 - https:\/\/yoast.com\/wordpress\/plugins\/seo\/ -->\n<title>Volkswagen Amarok occasion - Blog auto Carid\u00e9al<\/title>\n<meta name=\"description\" content=\"D\u00e9nomm\u00e9 Amarok, traduction de loup en langue inuit, le Pick-up Volkswagen Amarok occasion vise la concurrence des pick-up japonais.\" \/>\n<meta name=\"robots\" content=\"index, follow, max-snippet:-1, max-image-preview:large, max-video-preview:-1\" \/>\n<link rel=\"canonical\" href=\"https:\/\/www.carideal.com\/blog\/2012\/09\/20\/volkswagen-amarok-double-cabine-163-tdi-4motion\/\" \/>\n<meta property=\"og:locale\" content=\"fr_FR\" \/>\n<meta property=\"og:type\" content=\"article\" \/>\n<meta property=\"og:title\" content=\"Volkswagen Amarok occasion - Blog auto Carid\u00e9al\" \/>\n<meta property=\"og:description\" content=\"D\u00e9nomm\u00e9 Amarok, traduction de loup en langue inuit, le Pick-up Volkswagen Amarok occasion vise la concurrence des pick-up japonais.\" \/>\n<meta property=\"og:url\" content=\"https:\/\/www.carideal.com\/blog\/2012\/09\/20\/volkswagen-amarok-double-cabine-163-tdi-4motion\/\" \/>\n<meta property=\"og:site_name\" content=\"Blog auto Carid\u00e9al\" \/>\n<meta property=\"article:publisher\" content=\"https:\/\/www.facebook.com\/Carideal.mandataire.automobile\" \/>\n<meta property=\"article:author\" content=\"https:\/\/www.facebook.com\/Carideal.mandataire.automobile\/\" \/>\n<meta property=\"article:published_time\" content=\"2012-09-20T11:15:00+00:00\" \/>\n<meta property=\"article:modified_time\" content=\"2020-02-22T15:15:57+00:00\" \/>\n<meta property=\"og:image\" content=\"https:\/\/www.carideal.com\/blog\/wp-content\/uploads\/2015\/10\/volkswagen-amarok.jpg\" \/>\n\t<meta property=\"og:image:width\" content=\"600\" \/>\n\t<meta property=\"og:image:height\" content=\"450\" \/>\n\t<meta property=\"og:image:type\" content=\"image\/jpeg\" \/>\n<meta name=\"author\" content=\"N.S Carideal\" \/>\n<meta name=\"twitter:card\" content=\"summary_large_image\" \/>\n<meta name=\"twitter:creator\" content=\"@caridealauto\" \/>\n<meta name=\"twitter:site\" content=\"@caridealauto\" \/>\n<meta name=\"twitter:label1\" content=\"\u00c9crit par\" \/>\n\t<meta name=\"twitter:data1\" content=\"N.S Carideal\" \/>\n\t<meta name=\"twitter:label2\" content=\"Dur\u00e9e de lecture estim\u00e9e\" \/>\n\t<meta name=\"twitter:data2\" content=\"2 minutes\" \/>\n<script type=\"application\/ld+json\" class=\"yoast-schema-graph\">{\"@context\":\"https:\/\/schema.org\",\"@graph\":[{\"@type\":\"Article\",\"@id\":\"https:\/\/www.carideal.com\/blog\/2012\/09\/20\/volkswagen-amarok-double-cabine-163-tdi-4motion\/#article\",\"isPartOf\":{\"@id\":\"https:\/\/www.carideal.com\/blog\/2012\/09\/20\/volkswagen-amarok-double-cabine-163-tdi-4motion\/\"},\"author\":{\"name\":\"N.S Carideal\",\"@id\":\"https:\/\/www.carideal.com\/blog\/#\/schema\/person\/985c7e757d1042d647f21bfaf8d41ebc\"},\"headline\":\"Volkswagen Amarok occasion\",\"datePublished\":\"2012-09-20T11:15:00+00:00\",\"dateModified\":\"2020-02-22T15:15:57+00:00\",\"mainEntityOfPage\":{\"@id\":\"https:\/\/www.carideal.com\/blog\/2012\/09\/20\/volkswagen-amarok-double-cabine-163-tdi-4motion\/\"},\"wordCount\":476,\"commentCount\":0,\"publisher\":{\"@id\":\"https:\/\/www.carideal.com\/blog\/#organization\"},\"image\":{\"@id\":\"https:\/\/www.carideal.com\/blog\/2012\/09\/20\/volkswagen-amarok-double-cabine-163-tdi-4motion\/#primaryimage\"},\"thumbnailUrl\":\"https:\/\/www.carideal.com\/blog\/wp-content\/uploads\/2015\/10\/volkswagen-amarok.jpg\",\"articleSection\":[\"4X4 Actualit\u00e9\",\"Actualit\u00e9 Constructeur automobile\",\"Actualit\u00e9 Volkswagen\",\"D\u00e9stockage voiture\",\"Essai Voiture Occasion\",\"Essais automobile\",\"Essais Volkswagen\",\"pick-up\",\"Type de v\u00e9hicule\"],\"inLanguage\":\"fr-FR\",\"potentialAction\":[{\"@type\":\"CommentAction\",\"name\":\"Comment\",\"target\":[\"https:\/\/www.carideal.com\/blog\/2012\/09\/20\/volkswagen-amarok-double-cabine-163-tdi-4motion\/#respond\"]}]},{\"@type\":\"WebPage\",\"@id\":\"https:\/\/www.carideal.com\/blog\/2012\/09\/20\/volkswagen-amarok-double-cabine-163-tdi-4motion\/\",\"url\":\"https:\/\/www.carideal.com\/blog\/2012\/09\/20\/volkswagen-amarok-double-cabine-163-tdi-4motion\/\",\"name\":\"Volkswagen Amarok occasion - Blog auto Carid\u00e9al\",\"isPartOf\":{\"@id\":\"https:\/\/www.carideal.com\/blog\/#website\"},\"primaryImageOfPage\":{\"@id\":\"https:\/\/www.carideal.com\/blog\/2012\/09\/20\/volkswagen-amarok-double-cabine-163-tdi-4motion\/#primaryimage\"},\"image\":{\"@id\":\"https:\/\/www.carideal.com\/blog\/2012\/09\/20\/volkswagen-amarok-double-cabine-163-tdi-4motion\/#primaryimage\"},\"thumbnailUrl\":\"https:\/\/www.carideal.com\/blog\/wp-content\/uploads\/2015\/10\/volkswagen-amarok.jpg\",\"datePublished\":\"2012-09-20T11:15:00+00:00\",\"dateModified\":\"2020-02-22T15:15:57+00:00\",\"description\":\"D\u00e9nomm\u00e9 Amarok, traduction de loup en langue inuit, le Pick-up Volkswagen Amarok occasion vise la concurrence des pick-up japonais.\",\"breadcrumb\":{\"@id\":\"https:\/\/www.carideal.com\/blog\/2012\/09\/20\/volkswagen-amarok-double-cabine-163-tdi-4motion\/#breadcrumb\"},\"inLanguage\":\"fr-FR\",\"potentialAction\":[{\"@type\":\"ReadAction\",\"target\":[\"https:\/\/www.carideal.com\/blog\/2012\/09\/20\/volkswagen-amarok-double-cabine-163-tdi-4motion\/\"]}]},{\"@type\":\"ImageObject\",\"inLanguage\":\"fr-FR\",\"@id\":\"https:\/\/www.carideal.com\/blog\/2012\/09\/20\/volkswagen-amarok-double-cabine-163-tdi-4motion\/#primaryimage\",\"url\":\"https:\/\/www.carideal.com\/blog\/wp-content\/uploads\/2015\/10\/volkswagen-amarok.jpg\",\"contentUrl\":\"https:\/\/www.carideal.com\/blog\/wp-content\/uploads\/2015\/10\/volkswagen-amarok.jpg\",\"width\":600,\"height\":450,\"caption\":\"Volkswagen Amarok occasion\"},{\"@type\":\"BreadcrumbList\",\"@id\":\"https:\/\/www.carideal.com\/blog\/2012\/09\/20\/volkswagen-amarok-double-cabine-163-tdi-4motion\/#breadcrumb\",\"itemListElement\":[{\"@type\":\"ListItem\",\"position\":1,\"name\":\"Blog Carid\u00e9al\",\"item\":\"https:\/\/www.carideal.com\/blog\/\"},{\"@type\":\"ListItem\",\"position\":2,\"name\":\"D\u00e9stockage voiture\",\"item\":\"https:\/\/www.carideal.com\/blog\/voiture-arrivage-stocks\/\"},{\"@type\":\"ListItem\",\"position\":3,\"name\":\"Volkswagen Amarok occasion\"}]},{\"@type\":\"WebSite\",\"@id\":\"https:\/\/www.carideal.com\/blog\/#website\",\"url\":\"https:\/\/www.carideal.com\/blog\/\",\"name\":\"Blog auto Carid\u00e9al\",\"description\":\"Actualit\u00e9 auto par des passionn\u00e9s\",\"publisher\":{\"@id\":\"https:\/\/www.carideal.com\/blog\/#organization\"},\"potentialAction\":[{\"@type\":\"SearchAction\",\"target\":{\"@type\":\"EntryPoint\",\"urlTemplate\":\"https:\/\/www.carideal.com\/blog\/?s={search_term_string}\"},\"query-input\":{\"@type\":\"PropertyValueSpecification\",\"valueRequired\":true,\"valueName\":\"search_term_string\"}}],\"inLanguage\":\"fr-FR\"},{\"@type\":\"Organization\",\"@id\":\"https:\/\/www.carideal.com\/blog\/#organization\",\"name\":\"Carideal\",\"url\":\"https:\/\/www.carideal.com\/blog\/\",\"logo\":{\"@type\":\"ImageObject\",\"inLanguage\":\"fr-FR\",\"@id\":\"https:\/\/www.carideal.com\/blog\/#\/schema\/logo\/image\/\",\"url\":\"http:\/\/www.carideal.com\/blog\/wp-content\/uploads\/2016\/03\/logo-carideal-mandataire-automobile.png\",\"contentUrl\":\"http:\/\/www.carideal.com\/blog\/wp-content\/uploads\/2016\/03\/logo-carideal-mandataire-automobile.png\",\"width\":300,\"height\":300,\"caption\":\"Carideal\"},\"image\":{\"@id\":\"https:\/\/www.carideal.com\/blog\/#\/schema\/logo\/image\/\"},\"sameAs\":[\"https:\/\/www.facebook.com\/Carideal.mandataire.automobile\",\"https:\/\/x.com\/caridealauto\",\"https:\/\/www.instagram.com\/carideal1\/\",\"https:\/\/www.linkedin.com\/company\/carideal.com\",\"https:\/\/fr.pinterest.com\/schiavonsas\/\",\"https:\/\/www.youtube.com\/user\/caridealsas\"]},{\"@type\":\"Person\",\"@id\":\"https:\/\/www.carideal.com\/blog\/#\/schema\/person\/985c7e757d1042d647f21bfaf8d41ebc\",\"name\":\"N.S Carideal\",\"image\":{\"@type\":\"ImageObject\",\"inLanguage\":\"fr-FR\",\"@id\":\"https:\/\/www.carideal.com\/blog\/#\/schema\/person\/image\/\",\"url\":\"https:\/\/secure.gravatar.com\/avatar\/edb7ccdf1a4e3d14aef967760d354d0e?s=96&r=g\",\"contentUrl\":\"https:\/\/secure.gravatar.com\/avatar\/edb7ccdf1a4e3d14aef967760d354d0e?s=96&r=g\",\"caption\":\"N.S Carideal\"},\"description\":\"Depuis tout petit fan d'automobile. Il est question d'essayer et de comparer toutes ces voitures qui nous ont fait r\u00e9ver, avant que celles-ci ne devient uniquement des voitures de collection.\",\"sameAs\":[\"http:\/\/www.carideal.com\/blog\",\"https:\/\/www.facebook.com\/Carideal.mandataire.automobile\/\",\"https:\/\/www.linkedin.com\/in\/nschiavon\/\",\"https:\/\/www.youtube.com\/user\/caridealsas\/\"],\"url\":\"https:\/\/www.carideal.com\/blog\/author\/admin_carideal\/\"}]}<\/script>\n<!-- \/ Yoast SEO plugin. -->","yoast_head_json":{"title":"Volkswagen Amarok occasion - Blog auto Carid\u00e9al","description":"D\u00e9nomm\u00e9 Amarok, traduction de loup en langue inuit, le Pick-up Volkswagen Amarok occasion vise la concurrence des pick-up japonais.","robots":{"index":"index","follow":"follow","max-snippet":"max-snippet:-1","max-image-preview":"max-image-preview:large","max-video-preview":"max-video-preview:-1"},"canonical":"https:\/\/www.carideal.com\/blog\/2012\/09\/20\/volkswagen-amarok-double-cabine-163-tdi-4motion\/","og_locale":"fr_FR","og_type":"article","og_title":"Volkswagen Amarok occasion - Blog auto Carid\u00e9al","og_description":"D\u00e9nomm\u00e9 Amarok, traduction de loup en langue inuit, le Pick-up Volkswagen Amarok occasion vise la concurrence des pick-up japonais.","og_url":"https:\/\/www.carideal.com\/blog\/2012\/09\/20\/volkswagen-amarok-double-cabine-163-tdi-4motion\/","og_site_name":"Blog auto Carid\u00e9al","article_publisher":"https:\/\/www.facebook.com\/Carideal.mandataire.automobile","article_author":"https:\/\/www.facebook.com\/Carideal.mandataire.automobile\/","article_published_time":"2012-09-20T11:15:00+00:00","article_modified_time":"2020-02-22T15:15:57+00:00","og_image":[{"width":600,"height":450,"url":"https:\/\/www.carideal.com\/blog\/wp-content\/uploads\/2015\/10\/volkswagen-amarok.jpg","type":"image\/jpeg"}],"author":"N.S Carideal","twitter_card":"summary_large_image","twitter_creator":"@caridealauto","twitter_site":"@caridealauto","twitter_misc":{"\u00c9crit par":"N.S Carideal","Dur\u00e9e de lecture estim\u00e9e":"2 minutes"},"schema":{"@context":"https:\/\/schema.org","@graph":[{"@type":"Article","@id":"https:\/\/www.carideal.com\/blog\/2012\/09\/20\/volkswagen-amarok-double-cabine-163-tdi-4motion\/#article","isPartOf":{"@id":"https:\/\/www.carideal.com\/blog\/2012\/09\/20\/volkswagen-amarok-double-cabine-163-tdi-4motion\/"},"author":{"name":"N.S Carideal","@id":"https:\/\/www.carideal.com\/blog\/#\/schema\/person\/985c7e757d1042d647f21bfaf8d41ebc"},"headline":"Volkswagen Amarok occasion","datePublished":"2012-09-20T11:15:00+00:00","dateModified":"2020-02-22T15:15:57+00:00","mainEntityOfPage":{"@id":"https:\/\/www.carideal.com\/blog\/2012\/09\/20\/volkswagen-amarok-double-cabine-163-tdi-4motion\/"},"wordCount":476,"commentCount":0,"publisher":{"@id":"https:\/\/www.carideal.com\/blog\/#organization"},"image":{"@id":"https:\/\/www.carideal.com\/blog\/2012\/09\/20\/volkswagen-amarok-double-cabine-163-tdi-4motion\/#primaryimage"},"thumbnailUrl":"https:\/\/www.carideal.com\/blog\/wp-content\/uploads\/2015\/10\/volkswagen-amarok.jpg","articleSection":["4X4 Actualit\u00e9","Actualit\u00e9 Constructeur automobile","Actualit\u00e9 Volkswagen","D\u00e9stockage voiture","Essai Voiture Occasion","Essais automobile","Essais Volkswagen","pick-up","Type de v\u00e9hicule"],"inLanguage":"fr-FR","potentialAction":[{"@type":"CommentAction","name":"Comment","target":["https:\/\/www.carideal.com\/blog\/2012\/09\/20\/volkswagen-amarok-double-cabine-163-tdi-4motion\/#respond"]}]},{"@type":"WebPage","@id":"https:\/\/www.carideal.com\/blog\/2012\/09\/20\/volkswagen-amarok-double-cabine-163-tdi-4motion\/","url":"https:\/\/www.carideal.com\/blog\/2012\/09\/20\/volkswagen-amarok-double-cabine-163-tdi-4motion\/","name":"Volkswagen Amarok occasion - Blog auto Carid\u00e9al","isPartOf":{"@id":"https:\/\/www.carideal.com\/blog\/#website"},"primaryImageOfPage":{"@id":"https:\/\/www.carideal.com\/blog\/2012\/09\/20\/volkswagen-amarok-double-cabine-163-tdi-4motion\/#primaryimage"},"image":{"@id":"https:\/\/www.carideal.com\/blog\/2012\/09\/20\/volkswagen-amarok-double-cabine-163-tdi-4motion\/#primaryimage"},"thumbnailUrl":"https:\/\/www.carideal.com\/blog\/wp-content\/uploads\/2015\/10\/volkswagen-amarok.jpg","datePublished":"2012-09-20T11:15:00+00:00","dateModified":"2020-02-22T15:15:57+00:00","description":"D\u00e9nomm\u00e9 Amarok, traduction de loup en langue inuit, le Pick-up Volkswagen Amarok occasion vise la concurrence des pick-up japonais.","breadcrumb":{"@id":"https:\/\/www.carideal.com\/blog\/2012\/09\/20\/volkswagen-amarok-double-cabine-163-tdi-4motion\/#breadcrumb"},"inLanguage":"fr-FR","potentialAction":[{"@type":"ReadAction","target":["https:\/\/www.carideal.com\/blog\/2012\/09\/20\/volkswagen-amarok-double-cabine-163-tdi-4motion\/"]}]},{"@type":"ImageObject","inLanguage":"fr-FR","@id":"https:\/\/www.carideal.com\/blog\/2012\/09\/20\/volkswagen-amarok-double-cabine-163-tdi-4motion\/#primaryimage","url":"https:\/\/www.carideal.com\/blog\/wp-content\/uploads\/2015\/10\/volkswagen-amarok.jpg","contentUrl":"https:\/\/www.carideal.com\/blog\/wp-content\/uploads\/2015\/10\/volkswagen-amarok.jpg","width":600,"height":450,"caption":"Volkswagen Amarok occasion"},{"@type":"BreadcrumbList","@id":"https:\/\/www.carideal.com\/blog\/2012\/09\/20\/volkswagen-amarok-double-cabine-163-tdi-4motion\/#breadcrumb","itemListElement":[{"@type":"ListItem","position":1,"name":"Blog Carid\u00e9al","item":"https:\/\/www.carideal.com\/blog\/"},{"@type":"ListItem","position":2,"name":"D\u00e9stockage voiture","item":"https:\/\/www.carideal.com\/blog\/voiture-arrivage-stocks\/"},{"@type":"ListItem","position":3,"name":"Volkswagen Amarok occasion"}]},{"@type":"WebSite","@id":"https:\/\/www.carideal.com\/blog\/#website","url":"https:\/\/www.carideal.com\/blog\/","name":"Blog auto Carid\u00e9al","description":"Actualit\u00e9 auto par des passionn\u00e9s","publisher":{"@id":"https:\/\/www.carideal.com\/blog\/#organization"},"potentialAction":[{"@type":"SearchAction","target":{"@type":"EntryPoint","urlTemplate":"https:\/\/www.carideal.com\/blog\/?s={search_term_string}"},"query-input":{"@type":"PropertyValueSpecification","valueRequired":true,"valueName":"search_term_string"}}],"inLanguage":"fr-FR"},{"@type":"Organization","@id":"https:\/\/www.carideal.com\/blog\/#organization","name":"Carideal","url":"https:\/\/www.carideal.com\/blog\/","logo":{"@type":"ImageObject","inLanguage":"fr-FR","@id":"https:\/\/www.carideal.com\/blog\/#\/schema\/logo\/image\/","url":"http:\/\/www.carideal.com\/blog\/wp-content\/uploads\/2016\/03\/logo-carideal-mandataire-automobile.png","contentUrl":"http:\/\/www.carideal.com\/blog\/wp-content\/uploads\/2016\/03\/logo-carideal-mandataire-automobile.png","width":300,"height":300,"caption":"Carideal"},"image":{"@id":"https:\/\/www.carideal.com\/blog\/#\/schema\/logo\/image\/"},"sameAs":["https:\/\/www.facebook.com\/Carideal.mandataire.automobile","https:\/\/x.com\/caridealauto","https:\/\/www.instagram.com\/carideal1\/","https:\/\/www.linkedin.com\/company\/carideal.com","https:\/\/fr.pinterest.com\/schiavonsas\/","https:\/\/www.youtube.com\/user\/caridealsas"]},{"@type":"Person","@id":"https:\/\/www.carideal.com\/blog\/#\/schema\/person\/985c7e757d1042d647f21bfaf8d41ebc","name":"N.S Carideal","image":{"@type":"ImageObject","inLanguage":"fr-FR","@id":"https:\/\/www.carideal.com\/blog\/#\/schema\/person\/image\/","url":"https:\/\/secure.gravatar.com\/avatar\/edb7ccdf1a4e3d14aef967760d354d0e?s=96&r=g","contentUrl":"https:\/\/secure.gravatar.com\/avatar\/edb7ccdf1a4e3d14aef967760d354d0e?s=96&r=g","caption":"N.S Carideal"},"description":"Depuis tout petit fan d'automobile. Il est question d'essayer et de comparer toutes ces voitures qui nous ont fait r\u00e9ver, avant que celles-ci ne devient uniquement des voitures de collection.","sameAs":["http:\/\/www.carideal.com\/blog","https:\/\/www.facebook.com\/Carideal.mandataire.automobile\/","https:\/\/www.linkedin.com\/in\/nschiavon\/","https:\/\/www.youtube.com\/user\/caridealsas\/"],"url":"https:\/\/www.carideal.com\/blog\/author\/admin_carideal\/"}]}},"uagb_featured_image_src":{"full":["https:\/\/www.carideal.com\/blog\/wp-content\/uploads\/2015\/10\/volkswagen-amarok.jpg",600,450,false],"thumbnail":["https:\/\/www.carideal.com\/blog\/wp-content\/uploads\/2015\/10\/volkswagen-amarok-150x150.jpg",150,150,true],"medium":["https:\/\/www.carideal.com\/blog\/wp-content\/uploads\/2015\/10\/volkswagen-amarok-300x225.jpg",300,225,true],"medium_large":["https:\/\/www.carideal.com\/blog\/wp-content\/uploads\/2015\/10\/volkswagen-amarok.jpg",600,450,false],"large":["https:\/\/www.carideal.com\/blog\/wp-content\/uploads\/2015\/10\/volkswagen-amarok.jpg",600,450,false],"1536x1536":["https:\/\/www.carideal.com\/blog\/wp-content\/uploads\/2015\/10\/volkswagen-amarok.jpg",600,450,false],"2048x2048":["https:\/\/www.carideal.com\/blog\/wp-content\/uploads\/2015\/10\/volkswagen-amarok.jpg",600,450,false],"wppr-widget":["https:\/\/www.carideal.com\/blog\/wp-content\/uploads\/2015\/10\/volkswagen-amarok.jpg",50,38,false]},"uagb_author_info":{"display_name":"N.S Carideal","author_link":"https:\/\/www.carideal.com\/blog\/author\/admin_carideal\/"},"uagb_comment_info":1,"uagb_excerpt":"Volkswagen Amarok occasion Double cabine 163 Tdi 4Motion Pick-up Volkswagen Amarok Occasion Double Cabine 163 Tdi 4Motion Trendline VW Amarok occasion Diesel 2.0 1968 cc - 120 kw - 163 pk - 6m - E5 - 209 g \/ km - Blanc Candy (B4B4), int\u00e9rieur: Trail Anthracite (HV) Tissu - KM: 0 Le pick-up VW\u2026","_links":{"self":[{"href":"https:\/\/www.carideal.com\/blog\/wp-json\/wp\/v2\/posts\/2168"}],"collection":[{"href":"https:\/\/www.carideal.com\/blog\/wp-json\/wp\/v2\/posts"}],"about":[{"href":"https:\/\/www.carideal.com\/blog\/wp-json\/wp\/v2\/types\/post"}],"author":[{"embeddable":true,"href":"https:\/\/www.carideal.com\/blog\/wp-json\/wp\/v2\/users\/1"}],"replies":[{"embeddable":true,"href":"https:\/\/www.carideal.com\/blog\/wp-json\/wp\/v2\/comments?post=2168"}],"version-history":[{"count":0,"href":"https:\/\/www.carideal.com\/blog\/wp-json\/wp\/v2\/posts\/2168\/revisions"}],"wp:featuredmedia":[{"embeddable":true,"href":"https:\/\/www.carideal.com\/blog\/wp-json\/wp\/v2\/media\/13673"}],"wp:attachment":[{"href":"https:\/\/www.carideal.com\/blog\/wp-json\/wp\/v2\/media?parent=2168"}],"wp:term":[{"taxonomy":"category","embeddable":true,"href":"https:\/\/www.carideal.com\/blog\/wp-json\/wp\/v2\/categories?post=2168"},{"taxonomy":"post_tag","embeddable":true,"href":"https:\/\/www.carideal.com\/blog\/wp-json\/wp\/v2\/tags?post=2168"}],"curies":[{"name":"wp","href":"https:\/\/api.w.org\/{rel}","templated":true}]}}