{"id":21657,"date":"2019-09-06T13:54:55","date_gmt":"2019-09-06T11:54:55","guid":{"rendered":"http:\/\/www.carideal.com\/blog\/?p=21657"},"modified":"2020-02-06T14:15:30","modified_gmt":"2020-02-06T13:15:30","slug":"mise-a-jour-de-la-gamme-citroen-c3-pour-2019","status":"publish","type":"post","link":"https:\/\/www.carideal.com\/blog\/2019\/09\/06\/mise-a-jour-de-la-gamme-citroen-c3-pour-2019\/","title":{"rendered":"Mise \u00e0 jour de la gamme Citro\u00ebn C3 pour 2019"},"content":{"rendered":"<h2>Mise \u00e0 jour de la gamme Citro\u00ebn C3 pour 2019<\/h2>\n<p>La gamme de citadine Citro\u00ebn C3 a \u00e9t\u00e9 r\u00e9vis\u00e9e pour r\u00e9pondre \u00e0 la demande croissante des clients pour des mod\u00e8les haut de gamme.<\/p>\n<figure id=\"attachment_21658\" aria-describedby=\"caption-attachment-21658\" style=\"width: 590px\" class=\"wp-caption alignnone\"><img loading=\"lazy\" decoding=\"async\" class=\"size-full wp-image-21658\" src=\"http:\/\/www.carideal.com\/blog\/wp-content\/uploads\/2020\/02\/citroen-c3-2019-e1580994852463.jpg\" alt=\"La gamme Citro\u00ebn C3 supermini a \u00e9t\u00e9 revue en r\u00e9ponse \u00e0 la demande croissante des clients pour des mod\u00e8les haut de gamme\" width=\"600\" height=\"400\" \/><figcaption id=\"caption-attachment-21658\" class=\"wp-caption-text\">La gamme Citro\u00ebn C3 supermini a \u00e9t\u00e9 revue en r\u00e9ponse \u00e0 la demande croissante des clients pour des mod\u00e8les haut de gamme<\/figcaption><\/figure>\n<p><a href=\"http:\/\/www.carideal.com\/blog\/marque-de-voiture-actualites-essais\/citroen\/\">Citro\u00ebn<\/a> a simplifi\u00e9 la gamme C3, en r\u00e9duisant le nombre de niveaux de finition de six \u00e0 trois. La gamme C3 r\u00e9vis\u00e9e sera mise en vente en octobre prochain, au prix de 14 450 \u20ac pour le mod\u00e8le Live d'entr\u00e9e de gamme et de 20 950 \u20ac pour la variante Shine, la plus haut de gamme.<\/p>\n<p>Depuis le lancement de la C3 en 2016, Citro\u00ebn a vendu plus de 600 000 examplaires, dont 62 % dans les niveaux de finition haut de gamme. C'est pourquoi Citro\u00ebn a restructur\u00e9 la gamme C3 en mettant l'accent sur les caract\u00e9ristiques haut de gamme les plus populaires de la voiture.<\/p>\n<p>- <a href=\"http:\/\/www.carideal.com\/blog\/2018\/03\/18\/meilleures-citadines-polyvalentes-2018\/\">Les meilleures citadines en vente actuellement<\/a><\/p>\n<p>L'ancienne Citro\u00ebn C3 Live d'entr\u00e9e de gamme a a vu sa gamme r\u00e9duite. La garniture Shine de Citro\u00ebn, livr\u00e9e de s\u00e9rie avec un ensemble de jantes en alliage de 16 pouces, un syst\u00e8me d'alerte de franchissement de ligne, la climatisation automatique et un syst\u00e8me d'info-divertissement \u00e0 \u00e9cran tactile de sept pouces avec support pour Apple CarPlay et Android Auto.<\/p>\n<p>La sp\u00e9cification Feel de Citro\u00ebn fait d\u00e9sormais office de seul mod\u00e8le de milieu de gamme, \u00e0 partir de 15850 \u20ac. Elle ajoute des moulures de carrosserie en plastique noir et des garnitures int\u00e9rieures uniques.<\/p>\n<p>Comme pour la Citro\u00ebn C3 actuelle, les acheteurs ont le choix entre trois moteurs. Un moteur \u00e0 essence trois cylindres de 1,2 litre turbocompress\u00e9 est disponible en deux versions, la version d'entr\u00e9e de gamme d\u00e9veloppant 82 ch et 118 Nm de couple et la version plus puissante, 110 ch et 205 Nm.<\/p>\n<p>Un seul moteur turbo-diesel quatre cylindres de 1,6 litre est \u00e9galement disponible, avec 100 ch et 250 Nm de couple. Les trois moteurs sont \u00e9quip\u00e9s de s\u00e9rie d'une bo\u00eete de vitesses manuelle, mais le C3 Shine Puretech 110 peut \u00eatre \u00e9quip\u00e9 d'une bo\u00eete automatique \u00e0 six vitesses pour un suppl\u00e9ment de 1400 \u20ac<\/p>\n<p>Lisez maintenant notre revue de la <a href=\"http:\/\/www.carideal.com\/blog\/marque-de-voiture-actualites-essais\/citroen\/c3\/\">Citro\u00ebn C3<\/a> actuelle. Faites-nous part de vos commentaires dans la section \"Commentaires\" ci-dessous...<\/p>\n","protected":false},"excerpt":{"rendered":"<p>Mise \u00e0 jour de la gamme Citro\u00ebn C3 pour 2019 La gamme de citadine Citro\u00ebn C3 a \u00e9t\u00e9 r\u00e9vis\u00e9e pour r\u00e9pondre \u00e0 la demande croissante des clients pour des mod\u00e8les haut de gamme. Citro\u00ebn a simplifi\u00e9 la gamme C3, en r\u00e9duisant le nombre de niveaux de finition de six \u00e0 trois. La gamme C3 r\u00e9vis\u00e9e &#8230; <a title=\"Mise \u00e0 jour de la gamme Citro\u00ebn C3 pour 2019\" class=\"read-more\" href=\"https:\/\/www.carideal.com\/blog\/2019\/09\/06\/mise-a-jour-de-la-gamme-citroen-c3-pour-2019\/\" aria-label=\"En savoir plus sur Mise \u00e0 jour de la gamme Citro\u00ebn C3 pour 2019\">Lire plus<\/a><\/p>\n","protected":false},"author":3,"featured_media":21658,"comment_status":"open","ping_status":"open","sticky":false,"template":"","format":"standard","meta":{"_uag_custom_page_level_css":"","_themeisle_gutenberg_block_has_review":false,"footnotes":""},"categories":[5,6211],"tags":[],"class_list":["post-21657","post","type-post","status-publish","format-standard","has-post-thumbnail","hentry","category-citroen","category-actualite-citroen-c3"],"wppr_data":{"cwp_meta_box_check":"No"},"yoast_head":"<!-- This site is optimized with the Yoast SEO plugin v24.8.1 - https:\/\/yoast.com\/wordpress\/plugins\/seo\/ -->\n<title>Mise \u00e0 jour de la gamme Citro\u00ebn C3 pour 2019 - Blog auto Carid\u00e9al<\/title>\n<meta name=\"description\" content=\"La gamme de la citadine Citro\u00ebn C3 a \u00e9t\u00e9 revue en r\u00e9ponse \u00e0 la demande croissante des clients pour des mod\u00e8les haut de gamme\" \/>\n<meta name=\"robots\" content=\"index, follow, max-snippet:-1, max-image-preview:large, max-video-preview:-1\" \/>\n<link rel=\"canonical\" href=\"https:\/\/www.carideal.com\/blog\/2019\/09\/06\/mise-a-jour-de-la-gamme-citroen-c3-pour-2019\/\" \/>\n<meta property=\"og:locale\" content=\"fr_FR\" \/>\n<meta property=\"og:type\" content=\"article\" \/>\n<meta property=\"og:title\" content=\"Mise \u00e0 jour de la gamme Citro\u00ebn C3 pour 2019 - Blog auto Carid\u00e9al\" \/>\n<meta property=\"og:description\" content=\"La gamme de la citadine Citro\u00ebn C3 a \u00e9t\u00e9 revue en r\u00e9ponse \u00e0 la demande croissante des clients pour des mod\u00e8les haut de gamme\" \/>\n<meta property=\"og:url\" content=\"https:\/\/www.carideal.com\/blog\/2019\/09\/06\/mise-a-jour-de-la-gamme-citroen-c3-pour-2019\/\" \/>\n<meta property=\"og:site_name\" content=\"Blog auto Carid\u00e9al\" \/>\n<meta property=\"article:publisher\" content=\"https:\/\/www.facebook.com\/Carideal.mandataire.automobile\" \/>\n<meta property=\"article:author\" content=\"https:\/\/www.facebook.com\/nicolas.schiavon.39\" \/>\n<meta property=\"article:published_time\" content=\"2019-09-06T11:54:55+00:00\" \/>\n<meta property=\"article:modified_time\" content=\"2020-02-06T13:15:30+00:00\" \/>\n<meta property=\"og:image\" content=\"https:\/\/www.carideal.com\/blog\/wp-content\/uploads\/2020\/02\/citroen-c3-2019-e1580994852463.jpg\" \/>\n\t<meta property=\"og:image:width\" content=\"600\" \/>\n\t<meta property=\"og:image:height\" content=\"400\" \/>\n\t<meta property=\"og:image:type\" content=\"image\/jpeg\" \/>\n<meta name=\"author\" content=\"Nicolas SCHIAVON\" \/>\n<meta name=\"twitter:card\" content=\"summary_large_image\" \/>\n<meta name=\"twitter:creator\" content=\"@caridealauto\" \/>\n<meta name=\"twitter:site\" content=\"@caridealauto\" \/>\n<meta name=\"twitter:label1\" content=\"\u00c9crit par\" \/>\n\t<meta name=\"twitter:data1\" content=\"Nicolas SCHIAVON\" \/>\n\t<meta name=\"twitter:label2\" content=\"Dur\u00e9e de lecture estim\u00e9e\" \/>\n\t<meta name=\"twitter:data2\" content=\"2 minutes\" \/>\n<script type=\"application\/ld+json\" class=\"yoast-schema-graph\">{\"@context\":\"https:\/\/schema.org\",\"@graph\":[{\"@type\":\"Article\",\"@id\":\"https:\/\/www.carideal.com\/blog\/2019\/09\/06\/mise-a-jour-de-la-gamme-citroen-c3-pour-2019\/#article\",\"isPartOf\":{\"@id\":\"https:\/\/www.carideal.com\/blog\/2019\/09\/06\/mise-a-jour-de-la-gamme-citroen-c3-pour-2019\/\"},\"author\":{\"name\":\"Nicolas SCHIAVON\",\"@id\":\"https:\/\/www.carideal.com\/blog\/#\/schema\/person\/cd95dc7919660de90d31b366f85be1ec\"},\"headline\":\"Mise \u00e0 jour de la gamme Citro\u00ebn C3 pour 2019\",\"datePublished\":\"2019-09-06T11:54:55+00:00\",\"dateModified\":\"2020-02-06T13:15:30+00:00\",\"mainEntityOfPage\":{\"@id\":\"https:\/\/www.carideal.com\/blog\/2019\/09\/06\/mise-a-jour-de-la-gamme-citroen-c3-pour-2019\/\"},\"wordCount\":407,\"commentCount\":0,\"publisher\":{\"@id\":\"https:\/\/www.carideal.com\/blog\/#organization\"},\"image\":{\"@id\":\"https:\/\/www.carideal.com\/blog\/2019\/09\/06\/mise-a-jour-de-la-gamme-citroen-c3-pour-2019\/#primaryimage\"},\"thumbnailUrl\":\"https:\/\/www.carideal.com\/blog\/wp-content\/uploads\/2020\/02\/citroen-c3-2019-e1580994852463.jpg\",\"articleSection\":[\"Actualit\u00e9 Citroen\",\"Actualit\u00e9 Citroen C3\"],\"inLanguage\":\"fr-FR\",\"potentialAction\":[{\"@type\":\"CommentAction\",\"name\":\"Comment\",\"target\":[\"https:\/\/www.carideal.com\/blog\/2019\/09\/06\/mise-a-jour-de-la-gamme-citroen-c3-pour-2019\/#respond\"]}]},{\"@type\":\"WebPage\",\"@id\":\"https:\/\/www.carideal.com\/blog\/2019\/09\/06\/mise-a-jour-de-la-gamme-citroen-c3-pour-2019\/\",\"url\":\"https:\/\/www.carideal.com\/blog\/2019\/09\/06\/mise-a-jour-de-la-gamme-citroen-c3-pour-2019\/\",\"name\":\"Mise \u00e0 jour de la gamme Citro\u00ebn C3 pour 2019 - Blog auto Carid\u00e9al\",\"isPartOf\":{\"@id\":\"https:\/\/www.carideal.com\/blog\/#website\"},\"primaryImageOfPage\":{\"@id\":\"https:\/\/www.carideal.com\/blog\/2019\/09\/06\/mise-a-jour-de-la-gamme-citroen-c3-pour-2019\/#primaryimage\"},\"image\":{\"@id\":\"https:\/\/www.carideal.com\/blog\/2019\/09\/06\/mise-a-jour-de-la-gamme-citroen-c3-pour-2019\/#primaryimage\"},\"thumbnailUrl\":\"https:\/\/www.carideal.com\/blog\/wp-content\/uploads\/2020\/02\/citroen-c3-2019-e1580994852463.jpg\",\"datePublished\":\"2019-09-06T11:54:55+00:00\",\"dateModified\":\"2020-02-06T13:15:30+00:00\",\"description\":\"La gamme de la citadine Citro\u00ebn C3 a \u00e9t\u00e9 revue en r\u00e9ponse \u00e0 la demande croissante des clients pour des mod\u00e8les haut de gamme\",\"breadcrumb\":{\"@id\":\"https:\/\/www.carideal.com\/blog\/2019\/09\/06\/mise-a-jour-de-la-gamme-citroen-c3-pour-2019\/#breadcrumb\"},\"inLanguage\":\"fr-FR\",\"potentialAction\":[{\"@type\":\"ReadAction\",\"target\":[\"https:\/\/www.carideal.com\/blog\/2019\/09\/06\/mise-a-jour-de-la-gamme-citroen-c3-pour-2019\/\"]}]},{\"@type\":\"ImageObject\",\"inLanguage\":\"fr-FR\",\"@id\":\"https:\/\/www.carideal.com\/blog\/2019\/09\/06\/mise-a-jour-de-la-gamme-citroen-c3-pour-2019\/#primaryimage\",\"url\":\"https:\/\/www.carideal.com\/blog\/wp-content\/uploads\/2020\/02\/citroen-c3-2019-e1580994852463.jpg\",\"contentUrl\":\"https:\/\/www.carideal.com\/blog\/wp-content\/uploads\/2020\/02\/citroen-c3-2019-e1580994852463.jpg\",\"width\":600,\"height\":400,\"caption\":\"La gamme Citro\u00ebn C3 supermini a \u00e9t\u00e9 revue en r\u00e9ponse \u00e0 la demande croissante des clients pour des mod\u00e8les haut de gamme\"},{\"@type\":\"BreadcrumbList\",\"@id\":\"https:\/\/www.carideal.com\/blog\/2019\/09\/06\/mise-a-jour-de-la-gamme-citroen-c3-pour-2019\/#breadcrumb\",\"itemListElement\":[{\"@type\":\"ListItem\",\"position\":1,\"name\":\"Blog Carid\u00e9al\",\"item\":\"https:\/\/www.carideal.com\/blog\/\"},{\"@type\":\"ListItem\",\"position\":2,\"name\":\"Actualit\u00e9 constructeur automobile\",\"item\":\"https:\/\/www.carideal.com\/blog\/constructeur\/\"},{\"@type\":\"ListItem\",\"position\":3,\"name\":\"Actualit\u00e9 Citroen\",\"item\":\"https:\/\/www.carideal.com\/blog\/constructeur\/citroen\/\"},{\"@type\":\"ListItem\",\"position\":4,\"name\":\"C3\",\"item\":\"https:\/\/www.carideal.com\/blog\/constructeur\/citroen\/actualite-citroen-c3\/\"},{\"@type\":\"ListItem\",\"position\":5,\"name\":\"Mise \u00e0 jour de la gamme Citro\u00ebn C3 pour 2019\"}]},{\"@type\":\"WebSite\",\"@id\":\"https:\/\/www.carideal.com\/blog\/#website\",\"url\":\"https:\/\/www.carideal.com\/blog\/\",\"name\":\"Blog auto Carid\u00e9al\",\"description\":\"Actualit\u00e9 auto par des passionn\u00e9s\",\"publisher\":{\"@id\":\"https:\/\/www.carideal.com\/blog\/#organization\"},\"potentialAction\":[{\"@type\":\"SearchAction\",\"target\":{\"@type\":\"EntryPoint\",\"urlTemplate\":\"https:\/\/www.carideal.com\/blog\/?s={search_term_string}\"},\"query-input\":{\"@type\":\"PropertyValueSpecification\",\"valueRequired\":true,\"valueName\":\"search_term_string\"}}],\"inLanguage\":\"fr-FR\"},{\"@type\":\"Organization\",\"@id\":\"https:\/\/www.carideal.com\/blog\/#organization\",\"name\":\"Carideal\",\"url\":\"https:\/\/www.carideal.com\/blog\/\",\"logo\":{\"@type\":\"ImageObject\",\"inLanguage\":\"fr-FR\",\"@id\":\"https:\/\/www.carideal.com\/blog\/#\/schema\/logo\/image\/\",\"url\":\"http:\/\/www.carideal.com\/blog\/wp-content\/uploads\/2016\/03\/logo-carideal-mandataire-automobile.png\",\"contentUrl\":\"http:\/\/www.carideal.com\/blog\/wp-content\/uploads\/2016\/03\/logo-carideal-mandataire-automobile.png\",\"width\":300,\"height\":300,\"caption\":\"Carideal\"},\"image\":{\"@id\":\"https:\/\/www.carideal.com\/blog\/#\/schema\/logo\/image\/\"},\"sameAs\":[\"https:\/\/www.facebook.com\/Carideal.mandataire.automobile\",\"https:\/\/x.com\/caridealauto\",\"https:\/\/www.instagram.com\/carideal1\/\",\"https:\/\/www.linkedin.com\/company\/carideal.com\",\"https:\/\/fr.pinterest.com\/schiavonsas\/\",\"https:\/\/www.youtube.com\/user\/caridealsas\"]},{\"@type\":\"Person\",\"@id\":\"https:\/\/www.carideal.com\/blog\/#\/schema\/person\/cd95dc7919660de90d31b366f85be1ec\",\"name\":\"Nicolas SCHIAVON\",\"image\":{\"@type\":\"ImageObject\",\"inLanguage\":\"fr-FR\",\"@id\":\"https:\/\/www.carideal.com\/blog\/#\/schema\/person\/image\/\",\"url\":\"https:\/\/secure.gravatar.com\/avatar\/c17e55009e671d92cc7f5dc837dc418a?s=96&r=g\",\"contentUrl\":\"https:\/\/secure.gravatar.com\/avatar\/c17e55009e671d92cc7f5dc837dc418a?s=96&r=g\",\"caption\":\"Nicolas SCHIAVON\"},\"description\":\"Nicolas Schiavon est tomb\u00e9 tout petit dans la marmite automobile. Ayant eu un garage de marque automobile, mandataire automobile de la premi\u00e8re heure d\u00e8s 1999. Nicolas a cr\u00e9\u00e9 ces premiers sites de vente de voiture et blog automobile d\u00e8s 1994. Carideal est n\u00e9 le 15 d\u00e9cembre 2000 de la volont\u00e9 de vendre des voitures d'occasions en ligne puis des voitures neuves. Il a pu essayer beaucoup de voitures tr\u00e8s diff\u00e9rentes et ayant eu personnellement quelques belles autos, Subaru Impreza, Mitsubishi Lancer Evo 7, Porsche 911, Ferrari Testarrossa, Audi RS3, RS4 et j'en passe...\",\"sameAs\":[\"http:\/\/www.carideal.com\",\"https:\/\/www.facebook.com\/nicolas.schiavon.39\",\"https:\/\/www.instagram.com\/carideal1\/\",\"https:\/\/www.linkedin.com\/in\/nschiavon\/\",\"https:\/\/x.com\/caridealauto\",\"https:\/\/www.youtube.com\/user\/caridealsas\/\"],\"url\":\"https:\/\/www.carideal.com\/blog\/author\/nschiavon\/\"}]}<\/script>\n<!-- \/ Yoast SEO plugin. -->","yoast_head_json":{"title":"Mise \u00e0 jour de la gamme Citro\u00ebn C3 pour 2019 - Blog auto Carid\u00e9al","description":"La gamme de la citadine Citro\u00ebn C3 a \u00e9t\u00e9 revue en r\u00e9ponse \u00e0 la demande croissante des clients pour des mod\u00e8les haut de gamme","robots":{"index":"index","follow":"follow","max-snippet":"max-snippet:-1","max-image-preview":"max-image-preview:large","max-video-preview":"max-video-preview:-1"},"canonical":"https:\/\/www.carideal.com\/blog\/2019\/09\/06\/mise-a-jour-de-la-gamme-citroen-c3-pour-2019\/","og_locale":"fr_FR","og_type":"article","og_title":"Mise \u00e0 jour de la gamme Citro\u00ebn C3 pour 2019 - Blog auto Carid\u00e9al","og_description":"La gamme de la citadine Citro\u00ebn C3 a \u00e9t\u00e9 revue en r\u00e9ponse \u00e0 la demande croissante des clients pour des mod\u00e8les haut de gamme","og_url":"https:\/\/www.carideal.com\/blog\/2019\/09\/06\/mise-a-jour-de-la-gamme-citroen-c3-pour-2019\/","og_site_name":"Blog auto Carid\u00e9al","article_publisher":"https:\/\/www.facebook.com\/Carideal.mandataire.automobile","article_author":"https:\/\/www.facebook.com\/nicolas.schiavon.39","article_published_time":"2019-09-06T11:54:55+00:00","article_modified_time":"2020-02-06T13:15:30+00:00","og_image":[{"width":600,"height":400,"url":"https:\/\/www.carideal.com\/blog\/wp-content\/uploads\/2020\/02\/citroen-c3-2019-e1580994852463.jpg","type":"image\/jpeg"}],"author":"Nicolas SCHIAVON","twitter_card":"summary_large_image","twitter_creator":"@caridealauto","twitter_site":"@caridealauto","twitter_misc":{"\u00c9crit par":"Nicolas SCHIAVON","Dur\u00e9e de lecture estim\u00e9e":"2 minutes"},"schema":{"@context":"https:\/\/schema.org","@graph":[{"@type":"Article","@id":"https:\/\/www.carideal.com\/blog\/2019\/09\/06\/mise-a-jour-de-la-gamme-citroen-c3-pour-2019\/#article","isPartOf":{"@id":"https:\/\/www.carideal.com\/blog\/2019\/09\/06\/mise-a-jour-de-la-gamme-citroen-c3-pour-2019\/"},"author":{"name":"Nicolas SCHIAVON","@id":"https:\/\/www.carideal.com\/blog\/#\/schema\/person\/cd95dc7919660de90d31b366f85be1ec"},"headline":"Mise \u00e0 jour de la gamme Citro\u00ebn C3 pour 2019","datePublished":"2019-09-06T11:54:55+00:00","dateModified":"2020-02-06T13:15:30+00:00","mainEntityOfPage":{"@id":"https:\/\/www.carideal.com\/blog\/2019\/09\/06\/mise-a-jour-de-la-gamme-citroen-c3-pour-2019\/"},"wordCount":407,"commentCount":0,"publisher":{"@id":"https:\/\/www.carideal.com\/blog\/#organization"},"image":{"@id":"https:\/\/www.carideal.com\/blog\/2019\/09\/06\/mise-a-jour-de-la-gamme-citroen-c3-pour-2019\/#primaryimage"},"thumbnailUrl":"https:\/\/www.carideal.com\/blog\/wp-content\/uploads\/2020\/02\/citroen-c3-2019-e1580994852463.jpg","articleSection":["Actualit\u00e9 Citroen","Actualit\u00e9 Citroen C3"],"inLanguage":"fr-FR","potentialAction":[{"@type":"CommentAction","name":"Comment","target":["https:\/\/www.carideal.com\/blog\/2019\/09\/06\/mise-a-jour-de-la-gamme-citroen-c3-pour-2019\/#respond"]}]},{"@type":"WebPage","@id":"https:\/\/www.carideal.com\/blog\/2019\/09\/06\/mise-a-jour-de-la-gamme-citroen-c3-pour-2019\/","url":"https:\/\/www.carideal.com\/blog\/2019\/09\/06\/mise-a-jour-de-la-gamme-citroen-c3-pour-2019\/","name":"Mise \u00e0 jour de la gamme Citro\u00ebn C3 pour 2019 - Blog auto Carid\u00e9al","isPartOf":{"@id":"https:\/\/www.carideal.com\/blog\/#website"},"primaryImageOfPage":{"@id":"https:\/\/www.carideal.com\/blog\/2019\/09\/06\/mise-a-jour-de-la-gamme-citroen-c3-pour-2019\/#primaryimage"},"image":{"@id":"https:\/\/www.carideal.com\/blog\/2019\/09\/06\/mise-a-jour-de-la-gamme-citroen-c3-pour-2019\/#primaryimage"},"thumbnailUrl":"https:\/\/www.carideal.com\/blog\/wp-content\/uploads\/2020\/02\/citroen-c3-2019-e1580994852463.jpg","datePublished":"2019-09-06T11:54:55+00:00","dateModified":"2020-02-06T13:15:30+00:00","description":"La gamme de la citadine Citro\u00ebn C3 a \u00e9t\u00e9 revue en r\u00e9ponse \u00e0 la demande croissante des clients pour des mod\u00e8les haut de gamme","breadcrumb":{"@id":"https:\/\/www.carideal.com\/blog\/2019\/09\/06\/mise-a-jour-de-la-gamme-citroen-c3-pour-2019\/#breadcrumb"},"inLanguage":"fr-FR","potentialAction":[{"@type":"ReadAction","target":["https:\/\/www.carideal.com\/blog\/2019\/09\/06\/mise-a-jour-de-la-gamme-citroen-c3-pour-2019\/"]}]},{"@type":"ImageObject","inLanguage":"fr-FR","@id":"https:\/\/www.carideal.com\/blog\/2019\/09\/06\/mise-a-jour-de-la-gamme-citroen-c3-pour-2019\/#primaryimage","url":"https:\/\/www.carideal.com\/blog\/wp-content\/uploads\/2020\/02\/citroen-c3-2019-e1580994852463.jpg","contentUrl":"https:\/\/www.carideal.com\/blog\/wp-content\/uploads\/2020\/02\/citroen-c3-2019-e1580994852463.jpg","width":600,"height":400,"caption":"La gamme Citro\u00ebn C3 supermini a \u00e9t\u00e9 revue en r\u00e9ponse \u00e0 la demande croissante des clients pour des mod\u00e8les haut de gamme"},{"@type":"BreadcrumbList","@id":"https:\/\/www.carideal.com\/blog\/2019\/09\/06\/mise-a-jour-de-la-gamme-citroen-c3-pour-2019\/#breadcrumb","itemListElement":[{"@type":"ListItem","position":1,"name":"Blog Carid\u00e9al","item":"https:\/\/www.carideal.com\/blog\/"},{"@type":"ListItem","position":2,"name":"Actualit\u00e9 constructeur automobile","item":"https:\/\/www.carideal.com\/blog\/constructeur\/"},{"@type":"ListItem","position":3,"name":"Actualit\u00e9 Citroen","item":"https:\/\/www.carideal.com\/blog\/constructeur\/citroen\/"},{"@type":"ListItem","position":4,"name":"C3","item":"https:\/\/www.carideal.com\/blog\/constructeur\/citroen\/actualite-citroen-c3\/"},{"@type":"ListItem","position":5,"name":"Mise \u00e0 jour de la gamme Citro\u00ebn C3 pour 2019"}]},{"@type":"WebSite","@id":"https:\/\/www.carideal.com\/blog\/#website","url":"https:\/\/www.carideal.com\/blog\/","name":"Blog auto Carid\u00e9al","description":"Actualit\u00e9 auto par des passionn\u00e9s","publisher":{"@id":"https:\/\/www.carideal.com\/blog\/#organization"},"potentialAction":[{"@type":"SearchAction","target":{"@type":"EntryPoint","urlTemplate":"https:\/\/www.carideal.com\/blog\/?s={search_term_string}"},"query-input":{"@type":"PropertyValueSpecification","valueRequired":true,"valueName":"search_term_string"}}],"inLanguage":"fr-FR"},{"@type":"Organization","@id":"https:\/\/www.carideal.com\/blog\/#organization","name":"Carideal","url":"https:\/\/www.carideal.com\/blog\/","logo":{"@type":"ImageObject","inLanguage":"fr-FR","@id":"https:\/\/www.carideal.com\/blog\/#\/schema\/logo\/image\/","url":"http:\/\/www.carideal.com\/blog\/wp-content\/uploads\/2016\/03\/logo-carideal-mandataire-automobile.png","contentUrl":"http:\/\/www.carideal.com\/blog\/wp-content\/uploads\/2016\/03\/logo-carideal-mandataire-automobile.png","width":300,"height":300,"caption":"Carideal"},"image":{"@id":"https:\/\/www.carideal.com\/blog\/#\/schema\/logo\/image\/"},"sameAs":["https:\/\/www.facebook.com\/Carideal.mandataire.automobile","https:\/\/x.com\/caridealauto","https:\/\/www.instagram.com\/carideal1\/","https:\/\/www.linkedin.com\/company\/carideal.com","https:\/\/fr.pinterest.com\/schiavonsas\/","https:\/\/www.youtube.com\/user\/caridealsas"]},{"@type":"Person","@id":"https:\/\/www.carideal.com\/blog\/#\/schema\/person\/cd95dc7919660de90d31b366f85be1ec","name":"Nicolas SCHIAVON","image":{"@type":"ImageObject","inLanguage":"fr-FR","@id":"https:\/\/www.carideal.com\/blog\/#\/schema\/person\/image\/","url":"https:\/\/secure.gravatar.com\/avatar\/c17e55009e671d92cc7f5dc837dc418a?s=96&r=g","contentUrl":"https:\/\/secure.gravatar.com\/avatar\/c17e55009e671d92cc7f5dc837dc418a?s=96&r=g","caption":"Nicolas SCHIAVON"},"description":"Nicolas Schiavon est tomb\u00e9 tout petit dans la marmite automobile. Ayant eu un garage de marque automobile, mandataire automobile de la premi\u00e8re heure d\u00e8s 1999. Nicolas a cr\u00e9\u00e9 ces premiers sites de vente de voiture et blog automobile d\u00e8s 1994. Carideal est n\u00e9 le 15 d\u00e9cembre 2000 de la volont\u00e9 de vendre des voitures d'occasions en ligne puis des voitures neuves. Il a pu essayer beaucoup de voitures tr\u00e8s diff\u00e9rentes et ayant eu personnellement quelques belles autos, Subaru Impreza, Mitsubishi Lancer Evo 7, Porsche 911, Ferrari Testarrossa, Audi RS3, RS4 et j'en passe...","sameAs":["http:\/\/www.carideal.com","https:\/\/www.facebook.com\/nicolas.schiavon.39","https:\/\/www.instagram.com\/carideal1\/","https:\/\/www.linkedin.com\/in\/nschiavon\/","https:\/\/x.com\/caridealauto","https:\/\/www.youtube.com\/user\/caridealsas\/"],"url":"https:\/\/www.carideal.com\/blog\/author\/nschiavon\/"}]}},"uagb_featured_image_src":{"full":["https:\/\/www.carideal.com\/blog\/wp-content\/uploads\/2020\/02\/citroen-c3-2019-e1580994852463.jpg",600,400,false],"thumbnail":["https:\/\/www.carideal.com\/blog\/wp-content\/uploads\/2020\/02\/citroen-c3-2019-150x150.jpg",150,150,true],"medium":["https:\/\/www.carideal.com\/blog\/wp-content\/uploads\/2020\/02\/citroen-c3-2019-300x200.jpg",300,200,true],"medium_large":["https:\/\/www.carideal.com\/blog\/wp-content\/uploads\/2020\/02\/citroen-c3-2019-768x512.jpg",768,512,true],"large":["https:\/\/www.carideal.com\/blog\/wp-content\/uploads\/2020\/02\/citroen-c3-2019-e1580994852463.jpg",600,400,false],"1536x1536":["https:\/\/www.carideal.com\/blog\/wp-content\/uploads\/2020\/02\/citroen-c3-2019-e1580994852463.jpg",600,400,false],"2048x2048":["https:\/\/www.carideal.com\/blog\/wp-content\/uploads\/2020\/02\/citroen-c3-2019-e1580994852463.jpg",600,400,false],"wppr-widget":["https:\/\/www.carideal.com\/blog\/wp-content\/uploads\/2020\/02\/citroen-c3-2019-50x33.jpg",50,33,true]},"uagb_author_info":{"display_name":"Nicolas SCHIAVON","author_link":"https:\/\/www.carideal.com\/blog\/author\/nschiavon\/"},"uagb_comment_info":0,"uagb_excerpt":"Mise \u00e0 jour de la gamme Citro\u00ebn C3 pour 2019 La gamme de citadine Citro\u00ebn C3 a \u00e9t\u00e9 r\u00e9vis\u00e9e pour r\u00e9pondre \u00e0 la demande croissante des clients pour des mod\u00e8les haut de gamme. Citro\u00ebn a simplifi\u00e9 la gamme C3, en r\u00e9duisant le nombre de niveaux de finition de six \u00e0 trois. La gamme C3 r\u00e9vis\u00e9e\u2026","_links":{"self":[{"href":"https:\/\/www.carideal.com\/blog\/wp-json\/wp\/v2\/posts\/21657"}],"collection":[{"href":"https:\/\/www.carideal.com\/blog\/wp-json\/wp\/v2\/posts"}],"about":[{"href":"https:\/\/www.carideal.com\/blog\/wp-json\/wp\/v2\/types\/post"}],"author":[{"embeddable":true,"href":"https:\/\/www.carideal.com\/blog\/wp-json\/wp\/v2\/users\/3"}],"replies":[{"embeddable":true,"href":"https:\/\/www.carideal.com\/blog\/wp-json\/wp\/v2\/comments?post=21657"}],"version-history":[{"count":0,"href":"https:\/\/www.carideal.com\/blog\/wp-json\/wp\/v2\/posts\/21657\/revisions"}],"wp:featuredmedia":[{"embeddable":true,"href":"https:\/\/www.carideal.com\/blog\/wp-json\/wp\/v2\/media\/21658"}],"wp:attachment":[{"href":"https:\/\/www.carideal.com\/blog\/wp-json\/wp\/v2\/media?parent=21657"}],"wp:term":[{"taxonomy":"category","embeddable":true,"href":"https:\/\/www.carideal.com\/blog\/wp-json\/wp\/v2\/categories?post=21657"},{"taxonomy":"post_tag","embeddable":true,"href":"https:\/\/www.carideal.com\/blog\/wp-json\/wp\/v2\/tags?post=21657"}],"curies":[{"name":"wp","href":"https:\/\/api.w.org\/{rel}","templated":true}]}}