{"id":216,"date":"2011-06-18T11:00:00","date_gmt":"2011-06-18T11:00:00","guid":{"rendered":"http:\/\/carideal.com\/blog\/?p=216"},"modified":"2020-03-07T16:46:01","modified_gmt":"2020-03-07T15:46:01","slug":"chere-bonus","status":"publish","type":"post","link":"https:\/\/www.carideal.com\/blog\/2011\/06\/18\/chere-bonus\/","title":{"rendered":"Ch\u00e8re Bonus"},"content":{"rendered":"<p><img decoding=\"async\" src=\"\/blog\/public\/.mitsubishi_i-miev_electrique_carideal_m.jpg\" alt=\"mitsubishi_i-miev_electrique_carideal.jpg\" title=\"mitsubishi_i-miev_electrique_carideal.jpg, juin 2011\" \/><\/p>\n<blockquote>\n<p>Le bonus des quelques voitures \u00e9lectriques vendues en France a co\u00fbt\u00e9 une v\u00e9ritable fortune au gouvernement<\/p>\n<\/blockquote>\n<p>2 750 000 \u20ac voil\u00e0 ce qu'a co\u00fbt\u00e9 en bonus en ce d\u00e9but d'ann\u00e9e le lancement de 550 <a href=\"\/blog\/index.php?tag\/voitures\">voitures<\/a> <a href=\"\/blog\/index.php?tag\/%C3%A9lectriques\">\u00e9lectriques<\/a>....<br \/>\nCh\u00e8re la filli\u00e8re \u00e9lectrique, pour quelques <a href=\"\/blog\/index.php?tag\/voitures%20%C3%A9lectrique\">voitures \u00e9lectrique<\/a> <a href=\"\/blog\/index.php?tag\/Citroen\">Citroen<\/a> <a href=\"\/blog\/index.php?tag\/C-0\">C-0<\/a> <a href=\"\/blog\/index.php?tag\/Peugeot\">Peugeot<\/a> <a href=\"\/blog\/index.php?tag\/ion\">ion<\/a> ou autre <a href=\"\/blog\/index.php?tag\/Mitsubishi\">Mitsubishi<\/a> en autre, qui vont \u00eatre misent \u00e0 la location.<br \/>\nDe plus ces voitures ch\u00e8rement subventionn\u00e9es ne sont m\u00eame pas fabriqu\u00e9 en Europe, donc on peut dire qu'elle ont un co\u00fbt exorbitant pour la collectivit\u00e9 pour un effet sur les gaz \u00e0 effet de serre ...tr\u00e8s mesur\u00e9, d'autant plus que cette voiture est fabriqu\u00e9e au Japon alors si l'on int\u00e8gre les \u00e9missions de CO2 et les polluants du gros bateau qui l'a amen\u00e9e.... <\/p>\n<p><a href=\"\/blog\/index.php?post\/2011\/05\/12\/Voiture-electrique-cheres-infrastructures\">\/ Voitures \u00e9lectriques ch\u00e8res infrastructures<\/a><br \/>\n<a href=\"\/blog\/index.php?post\/2011\/04\/15\/Nissan-veut-le-top-de-la-distribution-pour-sa-Leaf-electrique....en-panne\">\/ Nissan veut le top de la distribution pour sa Leaf \u00e9lectriqueVoitures \u00e9lectriques<\/a> <br \/>\n\/ Achat Citroen C0 voiture \u00e9lectrique<\/p>\n","protected":false},"excerpt":{"rendered":"<p>Le bonus des quelques voitures \u00e9lectriques vendues en France a co\u00fbt\u00e9 une v\u00e9ritable fortune au gouvernement 2 750 000 \u20ac voil\u00e0 ce qu&rsquo;a co\u00fbt\u00e9 en bonus en ce d\u00e9but d&rsquo;ann\u00e9e le lancement de 550 voitures \u00e9lectriques&#8230;. Ch\u00e8re la filli\u00e8re \u00e9lectrique, pour quelques voitures \u00e9lectrique Citroen C-0 Peugeot ion ou autre Mitsubishi en autre, qui vont &#8230; <a title=\"Ch\u00e8re Bonus\" class=\"read-more\" href=\"https:\/\/www.carideal.com\/blog\/2011\/06\/18\/chere-bonus\/\" aria-label=\"En savoir plus sur Ch\u00e8re Bonus\">Lire plus<\/a><\/p>\n","protected":false},"author":1,"featured_media":0,"comment_status":"open","ping_status":"open","sticky":false,"template":"","format":"standard","meta":{"_uag_custom_page_level_css":"","_themeisle_gutenberg_block_has_review":false,"footnotes":""},"categories":[6],"tags":[],"class_list":["post-216","post","type-post","status-publish","format-standard","hentry","category-ecologie"],"wppr_data":[],"yoast_head":"<!-- This site is optimized with the Yoast SEO plugin v24.8.1 - https:\/\/yoast.com\/wordpress\/plugins\/seo\/ -->\n<title>Ch\u00e8re Bonus - Blog auto Carid\u00e9al<\/title>\n<meta name=\"robots\" content=\"index, follow, max-snippet:-1, max-image-preview:large, max-video-preview:-1\" \/>\n<link rel=\"canonical\" href=\"https:\/\/www.carideal.com\/blog\/2011\/06\/18\/chere-bonus\/\" \/>\n<meta property=\"og:locale\" content=\"fr_FR\" \/>\n<meta property=\"og:type\" content=\"article\" \/>\n<meta property=\"og:title\" content=\"Ch\u00e8re Bonus - Blog auto Carid\u00e9al\" \/>\n<meta property=\"og:description\" content=\"Le bonus des quelques voitures \u00e9lectriques vendues en France a co\u00fbt\u00e9 une v\u00e9ritable fortune au gouvernement 2 750 000 \u20ac voil\u00e0 ce qu&#039;a co\u00fbt\u00e9 en bonus en ce d\u00e9but d&#039;ann\u00e9e le lancement de 550 voitures \u00e9lectriques.... Ch\u00e8re la filli\u00e8re \u00e9lectrique, pour quelques voitures \u00e9lectrique Citroen C-0 Peugeot ion ou autre Mitsubishi en autre, qui vont ... Lire plus\" \/>\n<meta property=\"og:url\" content=\"https:\/\/www.carideal.com\/blog\/2011\/06\/18\/chere-bonus\/\" \/>\n<meta property=\"og:site_name\" content=\"Blog auto Carid\u00e9al\" \/>\n<meta property=\"article:publisher\" content=\"https:\/\/www.facebook.com\/Carideal.mandataire.automobile\" \/>\n<meta property=\"article:author\" content=\"https:\/\/www.facebook.com\/Carideal.mandataire.automobile\/\" \/>\n<meta property=\"article:published_time\" content=\"2011-06-18T11:00:00+00:00\" \/>\n<meta property=\"article:modified_time\" content=\"2020-03-07T15:46:01+00:00\" \/>\n<meta property=\"og:image\" content=\"https:\/\/www.carideal.com\/blog\/wp-content\/uploads\/2016\/03\/logo-carideal-mandataire-automobile.png\" \/>\n\t<meta property=\"og:image:width\" content=\"300\" \/>\n\t<meta property=\"og:image:height\" content=\"300\" \/>\n\t<meta property=\"og:image:type\" content=\"image\/png\" \/>\n<meta name=\"author\" content=\"N.S Carideal\" \/>\n<meta name=\"twitter:card\" content=\"summary_large_image\" \/>\n<meta name=\"twitter:creator\" content=\"@caridealauto\" \/>\n<meta name=\"twitter:site\" content=\"@caridealauto\" \/>\n<meta name=\"twitter:label1\" content=\"\u00c9crit par\" \/>\n\t<meta name=\"twitter:data1\" content=\"N.S Carideal\" \/>\n\t<meta name=\"twitter:label2\" content=\"Dur\u00e9e de lecture estim\u00e9e\" \/>\n\t<meta name=\"twitter:data2\" content=\"1 minute\" \/>\n<script type=\"application\/ld+json\" class=\"yoast-schema-graph\">{\"@context\":\"https:\/\/schema.org\",\"@graph\":[{\"@type\":\"Article\",\"@id\":\"https:\/\/www.carideal.com\/blog\/2011\/06\/18\/chere-bonus\/#article\",\"isPartOf\":{\"@id\":\"https:\/\/www.carideal.com\/blog\/2011\/06\/18\/chere-bonus\/\"},\"author\":{\"name\":\"N.S Carideal\",\"@id\":\"https:\/\/www.carideal.com\/blog\/#\/schema\/person\/985c7e757d1042d647f21bfaf8d41ebc\"},\"headline\":\"Ch\u00e8re Bonus\",\"datePublished\":\"2011-06-18T11:00:00+00:00\",\"dateModified\":\"2020-03-07T15:46:01+00:00\",\"mainEntityOfPage\":{\"@id\":\"https:\/\/www.carideal.com\/blog\/2011\/06\/18\/chere-bonus\/\"},\"wordCount\":156,\"commentCount\":0,\"publisher\":{\"@id\":\"https:\/\/www.carideal.com\/blog\/#organization\"},\"articleSection\":[\"Ecologie\"],\"inLanguage\":\"fr-FR\",\"potentialAction\":[{\"@type\":\"CommentAction\",\"name\":\"Comment\",\"target\":[\"https:\/\/www.carideal.com\/blog\/2011\/06\/18\/chere-bonus\/#respond\"]}]},{\"@type\":\"WebPage\",\"@id\":\"https:\/\/www.carideal.com\/blog\/2011\/06\/18\/chere-bonus\/\",\"url\":\"https:\/\/www.carideal.com\/blog\/2011\/06\/18\/chere-bonus\/\",\"name\":\"Ch\u00e8re Bonus - Blog auto Carid\u00e9al\",\"isPartOf\":{\"@id\":\"https:\/\/www.carideal.com\/blog\/#website\"},\"datePublished\":\"2011-06-18T11:00:00+00:00\",\"dateModified\":\"2020-03-07T15:46:01+00:00\",\"breadcrumb\":{\"@id\":\"https:\/\/www.carideal.com\/blog\/2011\/06\/18\/chere-bonus\/#breadcrumb\"},\"inLanguage\":\"fr-FR\",\"potentialAction\":[{\"@type\":\"ReadAction\",\"target\":[\"https:\/\/www.carideal.com\/blog\/2011\/06\/18\/chere-bonus\/\"]}]},{\"@type\":\"BreadcrumbList\",\"@id\":\"https:\/\/www.carideal.com\/blog\/2011\/06\/18\/chere-bonus\/#breadcrumb\",\"itemListElement\":[{\"@type\":\"ListItem\",\"position\":1,\"name\":\"Blog Carid\u00e9al\",\"item\":\"https:\/\/www.carideal.com\/blog\/\"},{\"@type\":\"ListItem\",\"position\":2,\"name\":\"Ecologie\",\"item\":\"https:\/\/www.carideal.com\/blog\/ecologie\/\"},{\"@type\":\"ListItem\",\"position\":3,\"name\":\"Ch\u00e8re Bonus\"}]},{\"@type\":\"WebSite\",\"@id\":\"https:\/\/www.carideal.com\/blog\/#website\",\"url\":\"https:\/\/www.carideal.com\/blog\/\",\"name\":\"Blog auto Carid\u00e9al\",\"description\":\"Actualit\u00e9 auto par des passionn\u00e9s\",\"publisher\":{\"@id\":\"https:\/\/www.carideal.com\/blog\/#organization\"},\"potentialAction\":[{\"@type\":\"SearchAction\",\"target\":{\"@type\":\"EntryPoint\",\"urlTemplate\":\"https:\/\/www.carideal.com\/blog\/?s={search_term_string}\"},\"query-input\":{\"@type\":\"PropertyValueSpecification\",\"valueRequired\":true,\"valueName\":\"search_term_string\"}}],\"inLanguage\":\"fr-FR\"},{\"@type\":\"Organization\",\"@id\":\"https:\/\/www.carideal.com\/blog\/#organization\",\"name\":\"Carideal\",\"url\":\"https:\/\/www.carideal.com\/blog\/\",\"logo\":{\"@type\":\"ImageObject\",\"inLanguage\":\"fr-FR\",\"@id\":\"https:\/\/www.carideal.com\/blog\/#\/schema\/logo\/image\/\",\"url\":\"http:\/\/www.carideal.com\/blog\/wp-content\/uploads\/2016\/03\/logo-carideal-mandataire-automobile.png\",\"contentUrl\":\"http:\/\/www.carideal.com\/blog\/wp-content\/uploads\/2016\/03\/logo-carideal-mandataire-automobile.png\",\"width\":300,\"height\":300,\"caption\":\"Carideal\"},\"image\":{\"@id\":\"https:\/\/www.carideal.com\/blog\/#\/schema\/logo\/image\/\"},\"sameAs\":[\"https:\/\/www.facebook.com\/Carideal.mandataire.automobile\",\"https:\/\/x.com\/caridealauto\",\"https:\/\/www.instagram.com\/carideal1\/\",\"https:\/\/www.linkedin.com\/company\/carideal.com\",\"https:\/\/fr.pinterest.com\/schiavonsas\/\",\"https:\/\/www.youtube.com\/user\/caridealsas\"]},{\"@type\":\"Person\",\"@id\":\"https:\/\/www.carideal.com\/blog\/#\/schema\/person\/985c7e757d1042d647f21bfaf8d41ebc\",\"name\":\"N.S Carideal\",\"image\":{\"@type\":\"ImageObject\",\"inLanguage\":\"fr-FR\",\"@id\":\"https:\/\/www.carideal.com\/blog\/#\/schema\/person\/image\/\",\"url\":\"https:\/\/secure.gravatar.com\/avatar\/edb7ccdf1a4e3d14aef967760d354d0e?s=96&r=g\",\"contentUrl\":\"https:\/\/secure.gravatar.com\/avatar\/edb7ccdf1a4e3d14aef967760d354d0e?s=96&r=g\",\"caption\":\"N.S Carideal\"},\"description\":\"Depuis tout petit fan d'automobile. Il est question d'essayer et de comparer toutes ces voitures qui nous ont fait r\u00e9ver, avant que celles-ci ne devient uniquement des voitures de collection.\",\"sameAs\":[\"http:\/\/www.carideal.com\/blog\",\"https:\/\/www.facebook.com\/Carideal.mandataire.automobile\/\",\"https:\/\/www.linkedin.com\/in\/nschiavon\/\",\"https:\/\/www.youtube.com\/user\/caridealsas\/\"],\"url\":\"https:\/\/www.carideal.com\/blog\/author\/admin_carideal\/\"}]}<\/script>\n<!-- \/ Yoast SEO plugin. -->","yoast_head_json":{"title":"Ch\u00e8re Bonus - Blog auto Carid\u00e9al","robots":{"index":"index","follow":"follow","max-snippet":"max-snippet:-1","max-image-preview":"max-image-preview:large","max-video-preview":"max-video-preview:-1"},"canonical":"https:\/\/www.carideal.com\/blog\/2011\/06\/18\/chere-bonus\/","og_locale":"fr_FR","og_type":"article","og_title":"Ch\u00e8re Bonus - Blog auto Carid\u00e9al","og_description":"Le bonus des quelques voitures \u00e9lectriques vendues en France a co\u00fbt\u00e9 une v\u00e9ritable fortune au gouvernement 2 750 000 \u20ac voil\u00e0 ce qu'a co\u00fbt\u00e9 en bonus en ce d\u00e9but d'ann\u00e9e le lancement de 550 voitures \u00e9lectriques.... Ch\u00e8re la filli\u00e8re \u00e9lectrique, pour quelques voitures \u00e9lectrique Citroen C-0 Peugeot ion ou autre Mitsubishi en autre, qui vont ... Lire plus","og_url":"https:\/\/www.carideal.com\/blog\/2011\/06\/18\/chere-bonus\/","og_site_name":"Blog auto Carid\u00e9al","article_publisher":"https:\/\/www.facebook.com\/Carideal.mandataire.automobile","article_author":"https:\/\/www.facebook.com\/Carideal.mandataire.automobile\/","article_published_time":"2011-06-18T11:00:00+00:00","article_modified_time":"2020-03-07T15:46:01+00:00","og_image":[{"width":300,"height":300,"url":"https:\/\/www.carideal.com\/blog\/wp-content\/uploads\/2016\/03\/logo-carideal-mandataire-automobile.png","type":"image\/png"}],"author":"N.S Carideal","twitter_card":"summary_large_image","twitter_creator":"@caridealauto","twitter_site":"@caridealauto","twitter_misc":{"\u00c9crit par":"N.S Carideal","Dur\u00e9e de lecture estim\u00e9e":"1 minute"},"schema":{"@context":"https:\/\/schema.org","@graph":[{"@type":"Article","@id":"https:\/\/www.carideal.com\/blog\/2011\/06\/18\/chere-bonus\/#article","isPartOf":{"@id":"https:\/\/www.carideal.com\/blog\/2011\/06\/18\/chere-bonus\/"},"author":{"name":"N.S Carideal","@id":"https:\/\/www.carideal.com\/blog\/#\/schema\/person\/985c7e757d1042d647f21bfaf8d41ebc"},"headline":"Ch\u00e8re Bonus","datePublished":"2011-06-18T11:00:00+00:00","dateModified":"2020-03-07T15:46:01+00:00","mainEntityOfPage":{"@id":"https:\/\/www.carideal.com\/blog\/2011\/06\/18\/chere-bonus\/"},"wordCount":156,"commentCount":0,"publisher":{"@id":"https:\/\/www.carideal.com\/blog\/#organization"},"articleSection":["Ecologie"],"inLanguage":"fr-FR","potentialAction":[{"@type":"CommentAction","name":"Comment","target":["https:\/\/www.carideal.com\/blog\/2011\/06\/18\/chere-bonus\/#respond"]}]},{"@type":"WebPage","@id":"https:\/\/www.carideal.com\/blog\/2011\/06\/18\/chere-bonus\/","url":"https:\/\/www.carideal.com\/blog\/2011\/06\/18\/chere-bonus\/","name":"Ch\u00e8re Bonus - Blog auto Carid\u00e9al","isPartOf":{"@id":"https:\/\/www.carideal.com\/blog\/#website"},"datePublished":"2011-06-18T11:00:00+00:00","dateModified":"2020-03-07T15:46:01+00:00","breadcrumb":{"@id":"https:\/\/www.carideal.com\/blog\/2011\/06\/18\/chere-bonus\/#breadcrumb"},"inLanguage":"fr-FR","potentialAction":[{"@type":"ReadAction","target":["https:\/\/www.carideal.com\/blog\/2011\/06\/18\/chere-bonus\/"]}]},{"@type":"BreadcrumbList","@id":"https:\/\/www.carideal.com\/blog\/2011\/06\/18\/chere-bonus\/#breadcrumb","itemListElement":[{"@type":"ListItem","position":1,"name":"Blog Carid\u00e9al","item":"https:\/\/www.carideal.com\/blog\/"},{"@type":"ListItem","position":2,"name":"Ecologie","item":"https:\/\/www.carideal.com\/blog\/ecologie\/"},{"@type":"ListItem","position":3,"name":"Ch\u00e8re Bonus"}]},{"@type":"WebSite","@id":"https:\/\/www.carideal.com\/blog\/#website","url":"https:\/\/www.carideal.com\/blog\/","name":"Blog auto Carid\u00e9al","description":"Actualit\u00e9 auto par des passionn\u00e9s","publisher":{"@id":"https:\/\/www.carideal.com\/blog\/#organization"},"potentialAction":[{"@type":"SearchAction","target":{"@type":"EntryPoint","urlTemplate":"https:\/\/www.carideal.com\/blog\/?s={search_term_string}"},"query-input":{"@type":"PropertyValueSpecification","valueRequired":true,"valueName":"search_term_string"}}],"inLanguage":"fr-FR"},{"@type":"Organization","@id":"https:\/\/www.carideal.com\/blog\/#organization","name":"Carideal","url":"https:\/\/www.carideal.com\/blog\/","logo":{"@type":"ImageObject","inLanguage":"fr-FR","@id":"https:\/\/www.carideal.com\/blog\/#\/schema\/logo\/image\/","url":"http:\/\/www.carideal.com\/blog\/wp-content\/uploads\/2016\/03\/logo-carideal-mandataire-automobile.png","contentUrl":"http:\/\/www.carideal.com\/blog\/wp-content\/uploads\/2016\/03\/logo-carideal-mandataire-automobile.png","width":300,"height":300,"caption":"Carideal"},"image":{"@id":"https:\/\/www.carideal.com\/blog\/#\/schema\/logo\/image\/"},"sameAs":["https:\/\/www.facebook.com\/Carideal.mandataire.automobile","https:\/\/x.com\/caridealauto","https:\/\/www.instagram.com\/carideal1\/","https:\/\/www.linkedin.com\/company\/carideal.com","https:\/\/fr.pinterest.com\/schiavonsas\/","https:\/\/www.youtube.com\/user\/caridealsas"]},{"@type":"Person","@id":"https:\/\/www.carideal.com\/blog\/#\/schema\/person\/985c7e757d1042d647f21bfaf8d41ebc","name":"N.S Carideal","image":{"@type":"ImageObject","inLanguage":"fr-FR","@id":"https:\/\/www.carideal.com\/blog\/#\/schema\/person\/image\/","url":"https:\/\/secure.gravatar.com\/avatar\/edb7ccdf1a4e3d14aef967760d354d0e?s=96&r=g","contentUrl":"https:\/\/secure.gravatar.com\/avatar\/edb7ccdf1a4e3d14aef967760d354d0e?s=96&r=g","caption":"N.S Carideal"},"description":"Depuis tout petit fan d'automobile. Il est question d'essayer et de comparer toutes ces voitures qui nous ont fait r\u00e9ver, avant que celles-ci ne devient uniquement des voitures de collection.","sameAs":["http:\/\/www.carideal.com\/blog","https:\/\/www.facebook.com\/Carideal.mandataire.automobile\/","https:\/\/www.linkedin.com\/in\/nschiavon\/","https:\/\/www.youtube.com\/user\/caridealsas\/"],"url":"https:\/\/www.carideal.com\/blog\/author\/admin_carideal\/"}]}},"uagb_featured_image_src":{"full":false,"thumbnail":false,"medium":false,"medium_large":false,"large":false,"1536x1536":false,"2048x2048":false,"wppr-widget":false},"uagb_author_info":{"display_name":"N.S Carideal","author_link":"https:\/\/www.carideal.com\/blog\/author\/admin_carideal\/"},"uagb_comment_info":0,"uagb_excerpt":"Le bonus des quelques voitures \u00e9lectriques vendues en France a co\u00fbt\u00e9 une v\u00e9ritable fortune au gouvernement 2 750 000 \u20ac voil\u00e0 ce qu'a co\u00fbt\u00e9 en bonus en ce d\u00e9but d'ann\u00e9e le lancement de 550 voitures \u00e9lectriques.... Ch\u00e8re la filli\u00e8re \u00e9lectrique, pour quelques voitures \u00e9lectrique Citroen C-0 Peugeot ion ou autre Mitsubishi en autre, qui vont\u2026","_links":{"self":[{"href":"https:\/\/www.carideal.com\/blog\/wp-json\/wp\/v2\/posts\/216"}],"collection":[{"href":"https:\/\/www.carideal.com\/blog\/wp-json\/wp\/v2\/posts"}],"about":[{"href":"https:\/\/www.carideal.com\/blog\/wp-json\/wp\/v2\/types\/post"}],"author":[{"embeddable":true,"href":"https:\/\/www.carideal.com\/blog\/wp-json\/wp\/v2\/users\/1"}],"replies":[{"embeddable":true,"href":"https:\/\/www.carideal.com\/blog\/wp-json\/wp\/v2\/comments?post=216"}],"version-history":[{"count":0,"href":"https:\/\/www.carideal.com\/blog\/wp-json\/wp\/v2\/posts\/216\/revisions"}],"wp:attachment":[{"href":"https:\/\/www.carideal.com\/blog\/wp-json\/wp\/v2\/media?parent=216"}],"wp:term":[{"taxonomy":"category","embeddable":true,"href":"https:\/\/www.carideal.com\/blog\/wp-json\/wp\/v2\/categories?post=216"},{"taxonomy":"post_tag","embeddable":true,"href":"https:\/\/www.carideal.com\/blog\/wp-json\/wp\/v2\/tags?post=216"}],"curies":[{"name":"wp","href":"https:\/\/api.w.org\/{rel}","templated":true}]}}