{"id":215,"date":"2011-06-17T08:00:00","date_gmt":"2011-06-17T08:00:00","guid":{"rendered":"http:\/\/carideal.com\/blog\/?p=215"},"modified":"2020-03-07T16:46:01","modified_gmt":"2020-03-07T15:46:01","slug":"la-toyota-prius-hybride-classee-n1-de-l-enquete-satisfaction-de-j-d-power-and-associates-2011","status":"publish","type":"post","link":"https:\/\/www.carideal.com\/blog\/2011\/06\/17\/la-toyota-prius-hybride-classee-n1-de-l-enquete-satisfaction-de-j-d-power-and-associates-2011\/","title":{"rendered":"Satisfaction Client &#038; Toyota Prius"},"content":{"rendered":"<h2>La Toyota Prius Hybride class\u00e9e N\u00b01 de l'enqu\u00eate satisfaction client de J.D. Power and Associates 2011<\/h2>\n<p>Le Cabinet J.D Power &amp; Associates utilise sa propre m\u00e9thodologie ind\u00e9pendante afin de tester la satisfaction client\u00a0: il envoie un questionnaire aux automobilistes de 24 marques automobiles repr\u00e9sentant 89 mod\u00e8les diff\u00e9rents sond\u00e9s en France dont Toyota.<\/p>\n<figure id=\"attachment_20875\" aria-describedby=\"caption-attachment-20875\" style=\"width: 438px\" class=\"wp-caption alignnone\"><img loading=\"lazy\" decoding=\"async\" class=\"size-full wp-image-20875\" src=\"http:\/\/www.carideal.com\/blog\/wp-content\/uploads\/2011\/06\/image-5166-toyota-prius-achat-carideal-mandataire-auto__3__m.jpg\" alt=\"Satisfaction Client &amp; Toyota Prius\" width=\"448\" height=\"336\" srcset=\"https:\/\/www.carideal.com\/blog\/wp-content\/uploads\/2011\/06\/image-5166-toyota-prius-achat-carideal-mandataire-auto__3__m.jpg 448w, https:\/\/www.carideal.com\/blog\/wp-content\/uploads\/2011\/06\/image-5166-toyota-prius-achat-carideal-mandataire-auto__3__m-300x225.jpg 300w, https:\/\/www.carideal.com\/blog\/wp-content\/uploads\/2011\/06\/image-5166-toyota-prius-achat-carideal-mandataire-auto__3__m-50x38.jpg 50w, https:\/\/www.carideal.com\/blog\/wp-content\/uploads\/2011\/06\/image-5166-toyota-prius-achat-carideal-mandataire-auto__3__m-110x83.jpg 110w, https:\/\/www.carideal.com\/blog\/wp-content\/uploads\/2011\/06\/image-5166-toyota-prius-achat-carideal-mandataire-auto__3__m-420x315.jpg 420w\" sizes=\"(max-width: 448px) 100vw, 448px\" \/><figcaption id=\"caption-attachment-20875\" class=\"wp-caption-text\">Satisfaction Client &amp; Toyota Prius<\/figcaption><\/figure>\n<p>Ce sondage effectu\u00e9 par internet demandait au sond\u00e9 de crit\u00e9riser sa voiture en 67 questions suivant 4 grands domaines :<\/p>\n<p>- attrait du v\u00e9hicule (plaisir de conduite, confort, design\u2026) \/ 32%,<br \/>\n- co\u00fbt d'utilisation \/ 26%,<br \/>\n- qualit\u00e9 et fiabilit\u00e9 du v\u00e9hicule \/ 22%,<br \/>\n- service apr\u00e8s-vente \/ 20%.<\/p>\n<p>C'est plus de 15000 propri\u00e9taires de voitures de 2 ans d'\u00e2ge en moyenne qui y r\u00e9pondu au questionnaire.<\/p>\n<figure id=\"attachment_20877\" aria-describedby=\"caption-attachment-20877\" style=\"width: 438px\" class=\"wp-caption alignnone\"><img loading=\"lazy\" decoding=\"async\" class=\"size-full wp-image-20877\" src=\"http:\/\/www.carideal.com\/blog\/wp-content\/uploads\/2011\/06\/image-5166-toyota-prius-achat-carideal-mandataire-auto__7__m.jpg\" alt=\"Int\u00e9rieure d'une Toyota Prius d'occasion avec le Cuir\" width=\"448\" height=\"336\" srcset=\"https:\/\/www.carideal.com\/blog\/wp-content\/uploads\/2011\/06\/image-5166-toyota-prius-achat-carideal-mandataire-auto__7__m.jpg 448w, https:\/\/www.carideal.com\/blog\/wp-content\/uploads\/2011\/06\/image-5166-toyota-prius-achat-carideal-mandataire-auto__7__m-300x225.jpg 300w, https:\/\/www.carideal.com\/blog\/wp-content\/uploads\/2011\/06\/image-5166-toyota-prius-achat-carideal-mandataire-auto__7__m-50x38.jpg 50w, https:\/\/www.carideal.com\/blog\/wp-content\/uploads\/2011\/06\/image-5166-toyota-prius-achat-carideal-mandataire-auto__7__m-110x83.jpg 110w, https:\/\/www.carideal.com\/blog\/wp-content\/uploads\/2011\/06\/image-5166-toyota-prius-achat-carideal-mandataire-auto__7__m-420x315.jpg 420w\" sizes=\"(max-width: 448px) 100vw, 448px\" \/><figcaption id=\"caption-attachment-20877\" class=\"wp-caption-text\">Int\u00e9rieure d'une Toyota Prius d'occasion avec le Cuir<\/figcaption><\/figure>\n<p>La Toyota Prius prend la premi\u00e8re marche du podium 2011 avec un taux de satisfaction client de 82.4 %<\/p>\n<p>Toyota vient de lancier la <span style=\"text-decoration: underline;\">Prius +<\/span>.<\/p>\n<h2>Toyota est \u00e0 la pointe de la\u00a0satisfaction client<\/h2>\n<p>Dans le m\u00eame sens on peut rajouter, et ce n'est certainement pas un Hasard si Toyota a d\u00e9j\u00e0 re\u00e7u par deux fois en 2008 et 2009 le <span style=\"text-decoration: underline;\"><a href=\"http:\/\/www.sensduclient.com\/2010\/02\/le-prix-des-prix-du-sens-du-client-est.html\">prix du sens du client<\/a><\/span> de Thierry Spenser.<\/p>\n<p>Toujours chez Toyota notons aussi que la <span style=\"text-decoration: underline;\">Toyota Verso<\/span> arrive \u00e0 la premi\u00e8re place de sa <a href=\"http:\/\/www.carideal.com\/blog\/2018\/01\/28\/meilleurs-monospaces-2018\/\"><span style=\"text-decoration: underline;\">cat\u00e9gorie monospace<\/span><\/a> avec 78.9% de satisfaction, la <a href=\"http:\/\/www.carideal.com\/blog\/2015\/02\/05\/toyota-aygo-x-wave-avec-un-toit-ouvrant\/\"><span style=\"text-decoration: underline;\">Aygo<\/span><\/a> \u00e0 la troisi\u00e8me place des citadines et l'<a href=\"http:\/\/www.carideal.com\/blog\/2012\/06\/08\/la-toyota-avensis-sw\/\"><span style=\"text-decoration: underline;\">Avensis<\/span><\/a> \u00e0 la deuxi\u00e8me place de la cat\u00e9gorie <a href=\"http:\/\/www.carideal.com\/blog\/2018\/01\/28\/meilleures-voitures-familiales-2018\/\">familiale<\/a>....carton plein pour <a href=\"http:\/\/www.carideal.com\/blog\/marque-de-voiture-actualites-essais\/toyota\/\">Toyota<\/a>.<\/p>\n<p>Le constructeur Japonais a \u00e9t\u00e9 parmi les premiers constructeurs automobiles \u00e0 int\u00e9grer l'exp\u00e9rience client et la satisfaction client comme \u00e9l\u00e9ment cl\u00e9 du marketing pour fid\u00e9liser sa client\u00e8le. En effet fid\u00e9liser un client, coute moins cher que l'acquisition d'un nouveau client, et un client content en parle et est le meilleur ambassadeur de la marque.<\/p>\n<p>Bon nombre de marques, et pas seulement automobile devrait s'inspirer de l'exp\u00e9rience de Toyota, et les r\u00e9sultats de cette \u00e9tude devrait \u00eatre \u00e9tudi\u00e9e en comit\u00e9 de direction chez certains constructeurs automobiles.<\/p>\n","protected":false},"excerpt":{"rendered":"<p>La Toyota Prius Hybride class\u00e9e N\u00b01 de l&rsquo;enqu\u00eate satisfaction client de J.D. Power and Associates 2011 Le Cabinet J.D Power &amp; Associates utilise sa propre m\u00e9thodologie ind\u00e9pendante afin de tester la satisfaction client\u00a0: il envoie un questionnaire aux automobilistes de 24 marques automobiles repr\u00e9sentant 89 mod\u00e8les diff\u00e9rents sond\u00e9s en France dont Toyota. Ce sondage effectu\u00e9 &#8230; <a title=\"Satisfaction Client &#038; Toyota Prius\" class=\"read-more\" href=\"https:\/\/www.carideal.com\/blog\/2011\/06\/17\/la-toyota-prius-hybride-classee-n1-de-l-enquete-satisfaction-de-j-d-power-and-associates-2011\/\" aria-label=\"En savoir plus sur Satisfaction Client &#038; Toyota Prius\">Lire plus<\/a><\/p>\n","protected":false},"author":1,"featured_media":20875,"comment_status":"open","ping_status":"open","sticky":false,"template":"","format":"standard","meta":{"_uag_custom_page_level_css":"","_themeisle_gutenberg_block_has_review":false,"footnotes":""},"categories":[5951,10,5080,6089],"tags":[691],"class_list":["post-215","post","type-post","status-publish","format-standard","has-post-thumbnail","hentry","category-toyota","category-marche-automobile-voiture-neuve-occasion-4x4-suv","category-technologie-2","category-hybride","tag-fiabilite"],"wppr_data":{"cwp_meta_box_check":"No"},"yoast_head":"<!-- This site is optimized with the Yoast SEO plugin v24.8.1 - https:\/\/yoast.com\/wordpress\/plugins\/seo\/ -->\n<title>Satisfaction Client &amp; Toyota Prius - Blog auto Carid\u00e9al<\/title>\n<meta name=\"description\" content=\"La Toyota Prius Hybride class\u00e9e N\u00b01 de l&#039;enqu\u00eate satisfaction client de J.D. Power and Associates 2011 le cabinet utilise sa propre m\u00e9thodologie\" \/>\n<meta name=\"robots\" content=\"index, follow, max-snippet:-1, max-image-preview:large, max-video-preview:-1\" \/>\n<link rel=\"canonical\" href=\"https:\/\/www.carideal.com\/blog\/2011\/06\/17\/la-toyota-prius-hybride-classee-n1-de-l-enquete-satisfaction-de-j-d-power-and-associates-2011\/\" \/>\n<meta property=\"og:locale\" content=\"fr_FR\" \/>\n<meta property=\"og:type\" content=\"article\" \/>\n<meta property=\"og:title\" content=\"Satisfaction Client &amp; Toyota Prius - Blog auto Carid\u00e9al\" \/>\n<meta property=\"og:description\" content=\"La Toyota Prius Hybride class\u00e9e N\u00b01 de l&#039;enqu\u00eate satisfaction client de J.D. Power and Associates 2011 le cabinet utilise sa propre m\u00e9thodologie\" \/>\n<meta property=\"og:url\" content=\"https:\/\/www.carideal.com\/blog\/2011\/06\/17\/la-toyota-prius-hybride-classee-n1-de-l-enquete-satisfaction-de-j-d-power-and-associates-2011\/\" \/>\n<meta property=\"og:site_name\" content=\"Blog auto Carid\u00e9al\" \/>\n<meta property=\"article:publisher\" content=\"https:\/\/www.facebook.com\/Carideal.mandataire.automobile\" \/>\n<meta property=\"article:author\" content=\"https:\/\/www.facebook.com\/Carideal.mandataire.automobile\/\" \/>\n<meta property=\"article:published_time\" content=\"2011-06-17T08:00:00+00:00\" \/>\n<meta property=\"article:modified_time\" content=\"2020-03-07T15:46:01+00:00\" \/>\n<meta property=\"og:image\" content=\"https:\/\/www.carideal.com\/blog\/wp-content\/uploads\/2011\/06\/image-5166-toyota-prius-achat-carideal-mandataire-auto__3__m.jpg\" \/>\n\t<meta property=\"og:image:width\" content=\"448\" \/>\n\t<meta property=\"og:image:height\" content=\"336\" \/>\n\t<meta property=\"og:image:type\" content=\"image\/jpeg\" \/>\n<meta name=\"author\" content=\"N.S Carideal\" \/>\n<meta name=\"twitter:card\" content=\"summary_large_image\" \/>\n<meta name=\"twitter:creator\" content=\"@caridealauto\" \/>\n<meta name=\"twitter:site\" content=\"@caridealauto\" \/>\n<meta name=\"twitter:label1\" content=\"\u00c9crit par\" \/>\n\t<meta name=\"twitter:data1\" content=\"N.S Carideal\" \/>\n\t<meta name=\"twitter:label2\" content=\"Dur\u00e9e de lecture estim\u00e9e\" \/>\n\t<meta name=\"twitter:data2\" content=\"2 minutes\" \/>\n<script type=\"application\/ld+json\" class=\"yoast-schema-graph\">{\"@context\":\"https:\/\/schema.org\",\"@graph\":[{\"@type\":\"Article\",\"@id\":\"https:\/\/www.carideal.com\/blog\/2011\/06\/17\/la-toyota-prius-hybride-classee-n1-de-l-enquete-satisfaction-de-j-d-power-and-associates-2011\/#article\",\"isPartOf\":{\"@id\":\"https:\/\/www.carideal.com\/blog\/2011\/06\/17\/la-toyota-prius-hybride-classee-n1-de-l-enquete-satisfaction-de-j-d-power-and-associates-2011\/\"},\"author\":{\"name\":\"N.S Carideal\",\"@id\":\"https:\/\/www.carideal.com\/blog\/#\/schema\/person\/985c7e757d1042d647f21bfaf8d41ebc\"},\"headline\":\"Satisfaction Client &#038; Toyota Prius\",\"datePublished\":\"2011-06-17T08:00:00+00:00\",\"dateModified\":\"2020-03-07T15:46:01+00:00\",\"mainEntityOfPage\":{\"@id\":\"https:\/\/www.carideal.com\/blog\/2011\/06\/17\/la-toyota-prius-hybride-classee-n1-de-l-enquete-satisfaction-de-j-d-power-and-associates-2011\/\"},\"wordCount\":359,\"commentCount\":0,\"publisher\":{\"@id\":\"https:\/\/www.carideal.com\/blog\/#organization\"},\"image\":{\"@id\":\"https:\/\/www.carideal.com\/blog\/2011\/06\/17\/la-toyota-prius-hybride-classee-n1-de-l-enquete-satisfaction-de-j-d-power-and-associates-2011\/#primaryimage\"},\"thumbnailUrl\":\"https:\/\/www.carideal.com\/blog\/wp-content\/uploads\/2011\/06\/image-5166-toyota-prius-achat-carideal-mandataire-auto__3__m.jpg\",\"keywords\":[\"Fiabilit\u00e9 Voiture les autos les plus fiables\"],\"articleSection\":[\"Actualit\u00e9 Toyota\",\"March\u00e9 automobile\",\"Technologie Automobile\",\"Voiture Hybride\"],\"inLanguage\":\"fr-FR\",\"potentialAction\":[{\"@type\":\"CommentAction\",\"name\":\"Comment\",\"target\":[\"https:\/\/www.carideal.com\/blog\/2011\/06\/17\/la-toyota-prius-hybride-classee-n1-de-l-enquete-satisfaction-de-j-d-power-and-associates-2011\/#respond\"]}]},{\"@type\":\"WebPage\",\"@id\":\"https:\/\/www.carideal.com\/blog\/2011\/06\/17\/la-toyota-prius-hybride-classee-n1-de-l-enquete-satisfaction-de-j-d-power-and-associates-2011\/\",\"url\":\"https:\/\/www.carideal.com\/blog\/2011\/06\/17\/la-toyota-prius-hybride-classee-n1-de-l-enquete-satisfaction-de-j-d-power-and-associates-2011\/\",\"name\":\"Satisfaction Client & Toyota Prius - Blog auto Carid\u00e9al\",\"isPartOf\":{\"@id\":\"https:\/\/www.carideal.com\/blog\/#website\"},\"primaryImageOfPage\":{\"@id\":\"https:\/\/www.carideal.com\/blog\/2011\/06\/17\/la-toyota-prius-hybride-classee-n1-de-l-enquete-satisfaction-de-j-d-power-and-associates-2011\/#primaryimage\"},\"image\":{\"@id\":\"https:\/\/www.carideal.com\/blog\/2011\/06\/17\/la-toyota-prius-hybride-classee-n1-de-l-enquete-satisfaction-de-j-d-power-and-associates-2011\/#primaryimage\"},\"thumbnailUrl\":\"https:\/\/www.carideal.com\/blog\/wp-content\/uploads\/2011\/06\/image-5166-toyota-prius-achat-carideal-mandataire-auto__3__m.jpg\",\"datePublished\":\"2011-06-17T08:00:00+00:00\",\"dateModified\":\"2020-03-07T15:46:01+00:00\",\"description\":\"La Toyota Prius Hybride class\u00e9e N\u00b01 de l'enqu\u00eate satisfaction client de J.D. Power and Associates 2011 le cabinet utilise sa propre m\u00e9thodologie\",\"breadcrumb\":{\"@id\":\"https:\/\/www.carideal.com\/blog\/2011\/06\/17\/la-toyota-prius-hybride-classee-n1-de-l-enquete-satisfaction-de-j-d-power-and-associates-2011\/#breadcrumb\"},\"inLanguage\":\"fr-FR\",\"potentialAction\":[{\"@type\":\"ReadAction\",\"target\":[\"https:\/\/www.carideal.com\/blog\/2011\/06\/17\/la-toyota-prius-hybride-classee-n1-de-l-enquete-satisfaction-de-j-d-power-and-associates-2011\/\"]}]},{\"@type\":\"ImageObject\",\"inLanguage\":\"fr-FR\",\"@id\":\"https:\/\/www.carideal.com\/blog\/2011\/06\/17\/la-toyota-prius-hybride-classee-n1-de-l-enquete-satisfaction-de-j-d-power-and-associates-2011\/#primaryimage\",\"url\":\"https:\/\/www.carideal.com\/blog\/wp-content\/uploads\/2011\/06\/image-5166-toyota-prius-achat-carideal-mandataire-auto__3__m.jpg\",\"contentUrl\":\"https:\/\/www.carideal.com\/blog\/wp-content\/uploads\/2011\/06\/image-5166-toyota-prius-achat-carideal-mandataire-auto__3__m.jpg\",\"width\":448,\"height\":336,\"caption\":\"Satisfaction Client & Toyota Prius\"},{\"@type\":\"BreadcrumbList\",\"@id\":\"https:\/\/www.carideal.com\/blog\/2011\/06\/17\/la-toyota-prius-hybride-classee-n1-de-l-enquete-satisfaction-de-j-d-power-and-associates-2011\/#breadcrumb\",\"itemListElement\":[{\"@type\":\"ListItem\",\"position\":1,\"name\":\"Blog Carid\u00e9al\",\"item\":\"https:\/\/www.carideal.com\/blog\/\"},{\"@type\":\"ListItem\",\"position\":2,\"name\":\"Actualit\u00e9 constructeur automobile\",\"item\":\"https:\/\/www.carideal.com\/blog\/constructeur\/\"},{\"@type\":\"ListItem\",\"position\":3,\"name\":\"Actualit\u00e9 Toyota\",\"item\":\"https:\/\/www.carideal.com\/blog\/constructeur\/toyota\/\"},{\"@type\":\"ListItem\",\"position\":4,\"name\":\"Satisfaction Client &#038; Toyota Prius\"}]},{\"@type\":\"WebSite\",\"@id\":\"https:\/\/www.carideal.com\/blog\/#website\",\"url\":\"https:\/\/www.carideal.com\/blog\/\",\"name\":\"Blog auto Carid\u00e9al\",\"description\":\"Actualit\u00e9 auto par des passionn\u00e9s\",\"publisher\":{\"@id\":\"https:\/\/www.carideal.com\/blog\/#organization\"},\"potentialAction\":[{\"@type\":\"SearchAction\",\"target\":{\"@type\":\"EntryPoint\",\"urlTemplate\":\"https:\/\/www.carideal.com\/blog\/?s={search_term_string}\"},\"query-input\":{\"@type\":\"PropertyValueSpecification\",\"valueRequired\":true,\"valueName\":\"search_term_string\"}}],\"inLanguage\":\"fr-FR\"},{\"@type\":\"Organization\",\"@id\":\"https:\/\/www.carideal.com\/blog\/#organization\",\"name\":\"Carideal\",\"url\":\"https:\/\/www.carideal.com\/blog\/\",\"logo\":{\"@type\":\"ImageObject\",\"inLanguage\":\"fr-FR\",\"@id\":\"https:\/\/www.carideal.com\/blog\/#\/schema\/logo\/image\/\",\"url\":\"http:\/\/www.carideal.com\/blog\/wp-content\/uploads\/2016\/03\/logo-carideal-mandataire-automobile.png\",\"contentUrl\":\"http:\/\/www.carideal.com\/blog\/wp-content\/uploads\/2016\/03\/logo-carideal-mandataire-automobile.png\",\"width\":300,\"height\":300,\"caption\":\"Carideal\"},\"image\":{\"@id\":\"https:\/\/www.carideal.com\/blog\/#\/schema\/logo\/image\/\"},\"sameAs\":[\"https:\/\/www.facebook.com\/Carideal.mandataire.automobile\",\"https:\/\/x.com\/caridealauto\",\"https:\/\/www.instagram.com\/carideal1\/\",\"https:\/\/www.linkedin.com\/company\/carideal.com\",\"https:\/\/fr.pinterest.com\/schiavonsas\/\",\"https:\/\/www.youtube.com\/user\/caridealsas\"]},{\"@type\":\"Person\",\"@id\":\"https:\/\/www.carideal.com\/blog\/#\/schema\/person\/985c7e757d1042d647f21bfaf8d41ebc\",\"name\":\"N.S Carideal\",\"image\":{\"@type\":\"ImageObject\",\"inLanguage\":\"fr-FR\",\"@id\":\"https:\/\/www.carideal.com\/blog\/#\/schema\/person\/image\/\",\"url\":\"https:\/\/secure.gravatar.com\/avatar\/edb7ccdf1a4e3d14aef967760d354d0e?s=96&r=g\",\"contentUrl\":\"https:\/\/secure.gravatar.com\/avatar\/edb7ccdf1a4e3d14aef967760d354d0e?s=96&r=g\",\"caption\":\"N.S Carideal\"},\"description\":\"Depuis tout petit fan d'automobile. Il est question d'essayer et de comparer toutes ces voitures qui nous ont fait r\u00e9ver, avant que celles-ci ne devient uniquement des voitures de collection.\",\"sameAs\":[\"http:\/\/www.carideal.com\/blog\",\"https:\/\/www.facebook.com\/Carideal.mandataire.automobile\/\",\"https:\/\/www.linkedin.com\/in\/nschiavon\/\",\"https:\/\/www.youtube.com\/user\/caridealsas\/\"],\"url\":\"https:\/\/www.carideal.com\/blog\/author\/admin_carideal\/\"}]}<\/script>\n<!-- \/ Yoast SEO plugin. -->","yoast_head_json":{"title":"Satisfaction Client & Toyota Prius - Blog auto Carid\u00e9al","description":"La Toyota Prius Hybride class\u00e9e N\u00b01 de l'enqu\u00eate satisfaction client de J.D. Power and Associates 2011 le cabinet utilise sa propre m\u00e9thodologie","robots":{"index":"index","follow":"follow","max-snippet":"max-snippet:-1","max-image-preview":"max-image-preview:large","max-video-preview":"max-video-preview:-1"},"canonical":"https:\/\/www.carideal.com\/blog\/2011\/06\/17\/la-toyota-prius-hybride-classee-n1-de-l-enquete-satisfaction-de-j-d-power-and-associates-2011\/","og_locale":"fr_FR","og_type":"article","og_title":"Satisfaction Client & Toyota Prius - Blog auto Carid\u00e9al","og_description":"La Toyota Prius Hybride class\u00e9e N\u00b01 de l'enqu\u00eate satisfaction client de J.D. Power and Associates 2011 le cabinet utilise sa propre m\u00e9thodologie","og_url":"https:\/\/www.carideal.com\/blog\/2011\/06\/17\/la-toyota-prius-hybride-classee-n1-de-l-enquete-satisfaction-de-j-d-power-and-associates-2011\/","og_site_name":"Blog auto Carid\u00e9al","article_publisher":"https:\/\/www.facebook.com\/Carideal.mandataire.automobile","article_author":"https:\/\/www.facebook.com\/Carideal.mandataire.automobile\/","article_published_time":"2011-06-17T08:00:00+00:00","article_modified_time":"2020-03-07T15:46:01+00:00","og_image":[{"width":448,"height":336,"url":"https:\/\/www.carideal.com\/blog\/wp-content\/uploads\/2011\/06\/image-5166-toyota-prius-achat-carideal-mandataire-auto__3__m.jpg","type":"image\/jpeg"}],"author":"N.S Carideal","twitter_card":"summary_large_image","twitter_creator":"@caridealauto","twitter_site":"@caridealauto","twitter_misc":{"\u00c9crit par":"N.S Carideal","Dur\u00e9e de lecture estim\u00e9e":"2 minutes"},"schema":{"@context":"https:\/\/schema.org","@graph":[{"@type":"Article","@id":"https:\/\/www.carideal.com\/blog\/2011\/06\/17\/la-toyota-prius-hybride-classee-n1-de-l-enquete-satisfaction-de-j-d-power-and-associates-2011\/#article","isPartOf":{"@id":"https:\/\/www.carideal.com\/blog\/2011\/06\/17\/la-toyota-prius-hybride-classee-n1-de-l-enquete-satisfaction-de-j-d-power-and-associates-2011\/"},"author":{"name":"N.S Carideal","@id":"https:\/\/www.carideal.com\/blog\/#\/schema\/person\/985c7e757d1042d647f21bfaf8d41ebc"},"headline":"Satisfaction Client &#038; Toyota Prius","datePublished":"2011-06-17T08:00:00+00:00","dateModified":"2020-03-07T15:46:01+00:00","mainEntityOfPage":{"@id":"https:\/\/www.carideal.com\/blog\/2011\/06\/17\/la-toyota-prius-hybride-classee-n1-de-l-enquete-satisfaction-de-j-d-power-and-associates-2011\/"},"wordCount":359,"commentCount":0,"publisher":{"@id":"https:\/\/www.carideal.com\/blog\/#organization"},"image":{"@id":"https:\/\/www.carideal.com\/blog\/2011\/06\/17\/la-toyota-prius-hybride-classee-n1-de-l-enquete-satisfaction-de-j-d-power-and-associates-2011\/#primaryimage"},"thumbnailUrl":"https:\/\/www.carideal.com\/blog\/wp-content\/uploads\/2011\/06\/image-5166-toyota-prius-achat-carideal-mandataire-auto__3__m.jpg","keywords":["Fiabilit\u00e9 Voiture les autos les plus fiables"],"articleSection":["Actualit\u00e9 Toyota","March\u00e9 automobile","Technologie Automobile","Voiture Hybride"],"inLanguage":"fr-FR","potentialAction":[{"@type":"CommentAction","name":"Comment","target":["https:\/\/www.carideal.com\/blog\/2011\/06\/17\/la-toyota-prius-hybride-classee-n1-de-l-enquete-satisfaction-de-j-d-power-and-associates-2011\/#respond"]}]},{"@type":"WebPage","@id":"https:\/\/www.carideal.com\/blog\/2011\/06\/17\/la-toyota-prius-hybride-classee-n1-de-l-enquete-satisfaction-de-j-d-power-and-associates-2011\/","url":"https:\/\/www.carideal.com\/blog\/2011\/06\/17\/la-toyota-prius-hybride-classee-n1-de-l-enquete-satisfaction-de-j-d-power-and-associates-2011\/","name":"Satisfaction Client & Toyota Prius - Blog auto Carid\u00e9al","isPartOf":{"@id":"https:\/\/www.carideal.com\/blog\/#website"},"primaryImageOfPage":{"@id":"https:\/\/www.carideal.com\/blog\/2011\/06\/17\/la-toyota-prius-hybride-classee-n1-de-l-enquete-satisfaction-de-j-d-power-and-associates-2011\/#primaryimage"},"image":{"@id":"https:\/\/www.carideal.com\/blog\/2011\/06\/17\/la-toyota-prius-hybride-classee-n1-de-l-enquete-satisfaction-de-j-d-power-and-associates-2011\/#primaryimage"},"thumbnailUrl":"https:\/\/www.carideal.com\/blog\/wp-content\/uploads\/2011\/06\/image-5166-toyota-prius-achat-carideal-mandataire-auto__3__m.jpg","datePublished":"2011-06-17T08:00:00+00:00","dateModified":"2020-03-07T15:46:01+00:00","description":"La Toyota Prius Hybride class\u00e9e N\u00b01 de l'enqu\u00eate satisfaction client de J.D. Power and Associates 2011 le cabinet utilise sa propre m\u00e9thodologie","breadcrumb":{"@id":"https:\/\/www.carideal.com\/blog\/2011\/06\/17\/la-toyota-prius-hybride-classee-n1-de-l-enquete-satisfaction-de-j-d-power-and-associates-2011\/#breadcrumb"},"inLanguage":"fr-FR","potentialAction":[{"@type":"ReadAction","target":["https:\/\/www.carideal.com\/blog\/2011\/06\/17\/la-toyota-prius-hybride-classee-n1-de-l-enquete-satisfaction-de-j-d-power-and-associates-2011\/"]}]},{"@type":"ImageObject","inLanguage":"fr-FR","@id":"https:\/\/www.carideal.com\/blog\/2011\/06\/17\/la-toyota-prius-hybride-classee-n1-de-l-enquete-satisfaction-de-j-d-power-and-associates-2011\/#primaryimage","url":"https:\/\/www.carideal.com\/blog\/wp-content\/uploads\/2011\/06\/image-5166-toyota-prius-achat-carideal-mandataire-auto__3__m.jpg","contentUrl":"https:\/\/www.carideal.com\/blog\/wp-content\/uploads\/2011\/06\/image-5166-toyota-prius-achat-carideal-mandataire-auto__3__m.jpg","width":448,"height":336,"caption":"Satisfaction Client & Toyota Prius"},{"@type":"BreadcrumbList","@id":"https:\/\/www.carideal.com\/blog\/2011\/06\/17\/la-toyota-prius-hybride-classee-n1-de-l-enquete-satisfaction-de-j-d-power-and-associates-2011\/#breadcrumb","itemListElement":[{"@type":"ListItem","position":1,"name":"Blog Carid\u00e9al","item":"https:\/\/www.carideal.com\/blog\/"},{"@type":"ListItem","position":2,"name":"Actualit\u00e9 constructeur automobile","item":"https:\/\/www.carideal.com\/blog\/constructeur\/"},{"@type":"ListItem","position":3,"name":"Actualit\u00e9 Toyota","item":"https:\/\/www.carideal.com\/blog\/constructeur\/toyota\/"},{"@type":"ListItem","position":4,"name":"Satisfaction Client &#038; Toyota Prius"}]},{"@type":"WebSite","@id":"https:\/\/www.carideal.com\/blog\/#website","url":"https:\/\/www.carideal.com\/blog\/","name":"Blog auto Carid\u00e9al","description":"Actualit\u00e9 auto par des passionn\u00e9s","publisher":{"@id":"https:\/\/www.carideal.com\/blog\/#organization"},"potentialAction":[{"@type":"SearchAction","target":{"@type":"EntryPoint","urlTemplate":"https:\/\/www.carideal.com\/blog\/?s={search_term_string}"},"query-input":{"@type":"PropertyValueSpecification","valueRequired":true,"valueName":"search_term_string"}}],"inLanguage":"fr-FR"},{"@type":"Organization","@id":"https:\/\/www.carideal.com\/blog\/#organization","name":"Carideal","url":"https:\/\/www.carideal.com\/blog\/","logo":{"@type":"ImageObject","inLanguage":"fr-FR","@id":"https:\/\/www.carideal.com\/blog\/#\/schema\/logo\/image\/","url":"http:\/\/www.carideal.com\/blog\/wp-content\/uploads\/2016\/03\/logo-carideal-mandataire-automobile.png","contentUrl":"http:\/\/www.carideal.com\/blog\/wp-content\/uploads\/2016\/03\/logo-carideal-mandataire-automobile.png","width":300,"height":300,"caption":"Carideal"},"image":{"@id":"https:\/\/www.carideal.com\/blog\/#\/schema\/logo\/image\/"},"sameAs":["https:\/\/www.facebook.com\/Carideal.mandataire.automobile","https:\/\/x.com\/caridealauto","https:\/\/www.instagram.com\/carideal1\/","https:\/\/www.linkedin.com\/company\/carideal.com","https:\/\/fr.pinterest.com\/schiavonsas\/","https:\/\/www.youtube.com\/user\/caridealsas"]},{"@type":"Person","@id":"https:\/\/www.carideal.com\/blog\/#\/schema\/person\/985c7e757d1042d647f21bfaf8d41ebc","name":"N.S Carideal","image":{"@type":"ImageObject","inLanguage":"fr-FR","@id":"https:\/\/www.carideal.com\/blog\/#\/schema\/person\/image\/","url":"https:\/\/secure.gravatar.com\/avatar\/edb7ccdf1a4e3d14aef967760d354d0e?s=96&r=g","contentUrl":"https:\/\/secure.gravatar.com\/avatar\/edb7ccdf1a4e3d14aef967760d354d0e?s=96&r=g","caption":"N.S Carideal"},"description":"Depuis tout petit fan d'automobile. Il est question d'essayer et de comparer toutes ces voitures qui nous ont fait r\u00e9ver, avant que celles-ci ne devient uniquement des voitures de collection.","sameAs":["http:\/\/www.carideal.com\/blog","https:\/\/www.facebook.com\/Carideal.mandataire.automobile\/","https:\/\/www.linkedin.com\/in\/nschiavon\/","https:\/\/www.youtube.com\/user\/caridealsas\/"],"url":"https:\/\/www.carideal.com\/blog\/author\/admin_carideal\/"}]}},"uagb_featured_image_src":{"full":["https:\/\/www.carideal.com\/blog\/wp-content\/uploads\/2011\/06\/image-5166-toyota-prius-achat-carideal-mandataire-auto__3__m.jpg",448,336,false],"thumbnail":["https:\/\/www.carideal.com\/blog\/wp-content\/uploads\/2011\/06\/image-5166-toyota-prius-achat-carideal-mandataire-auto__3__m-150x150.jpg",150,150,true],"medium":["https:\/\/www.carideal.com\/blog\/wp-content\/uploads\/2011\/06\/image-5166-toyota-prius-achat-carideal-mandataire-auto__3__m-300x225.jpg",300,225,true],"medium_large":["https:\/\/www.carideal.com\/blog\/wp-content\/uploads\/2011\/06\/image-5166-toyota-prius-achat-carideal-mandataire-auto__3__m.jpg",448,336,false],"large":["https:\/\/www.carideal.com\/blog\/wp-content\/uploads\/2011\/06\/image-5166-toyota-prius-achat-carideal-mandataire-auto__3__m.jpg",448,336,false],"1536x1536":["https:\/\/www.carideal.com\/blog\/wp-content\/uploads\/2011\/06\/image-5166-toyota-prius-achat-carideal-mandataire-auto__3__m.jpg",448,336,false],"2048x2048":["https:\/\/www.carideal.com\/blog\/wp-content\/uploads\/2011\/06\/image-5166-toyota-prius-achat-carideal-mandataire-auto__3__m.jpg",448,336,false],"wppr-widget":["https:\/\/www.carideal.com\/blog\/wp-content\/uploads\/2011\/06\/image-5166-toyota-prius-achat-carideal-mandataire-auto__3__m-50x38.jpg",50,38,true]},"uagb_author_info":{"display_name":"N.S Carideal","author_link":"https:\/\/www.carideal.com\/blog\/author\/admin_carideal\/"},"uagb_comment_info":0,"uagb_excerpt":"La Toyota Prius Hybride class\u00e9e N\u00b01 de l'enqu\u00eate satisfaction client de J.D. Power and Associates 2011 Le Cabinet J.D Power &amp; Associates utilise sa propre m\u00e9thodologie ind\u00e9pendante afin de tester la satisfaction client\u00a0: il envoie un questionnaire aux automobilistes de 24 marques automobiles repr\u00e9sentant 89 mod\u00e8les diff\u00e9rents sond\u00e9s en France dont Toyota. Ce sondage effectu\u00e9\u2026","_links":{"self":[{"href":"https:\/\/www.carideal.com\/blog\/wp-json\/wp\/v2\/posts\/215"}],"collection":[{"href":"https:\/\/www.carideal.com\/blog\/wp-json\/wp\/v2\/posts"}],"about":[{"href":"https:\/\/www.carideal.com\/blog\/wp-json\/wp\/v2\/types\/post"}],"author":[{"embeddable":true,"href":"https:\/\/www.carideal.com\/blog\/wp-json\/wp\/v2\/users\/1"}],"replies":[{"embeddable":true,"href":"https:\/\/www.carideal.com\/blog\/wp-json\/wp\/v2\/comments?post=215"}],"version-history":[{"count":0,"href":"https:\/\/www.carideal.com\/blog\/wp-json\/wp\/v2\/posts\/215\/revisions"}],"wp:featuredmedia":[{"embeddable":true,"href":"https:\/\/www.carideal.com\/blog\/wp-json\/wp\/v2\/media\/20875"}],"wp:attachment":[{"href":"https:\/\/www.carideal.com\/blog\/wp-json\/wp\/v2\/media?parent=215"}],"wp:term":[{"taxonomy":"category","embeddable":true,"href":"https:\/\/www.carideal.com\/blog\/wp-json\/wp\/v2\/categories?post=215"},{"taxonomy":"post_tag","embeddable":true,"href":"https:\/\/www.carideal.com\/blog\/wp-json\/wp\/v2\/tags?post=215"}],"curies":[{"name":"wp","href":"https:\/\/api.w.org\/{rel}","templated":true}]}}