{"id":2146,"date":"2012-04-24T15:29:00","date_gmt":"2012-04-24T15:29:00","guid":{"rendered":"http:\/\/carideal.com\/blog\/?p=2145"},"modified":"2020-03-07T16:49:47","modified_gmt":"2020-03-07T15:49:47","slug":"achat-citroen-ds4-e-hdi-112-occasion-avec-carideal-mandataire-automobile","status":"publish","type":"post","link":"https:\/\/www.carideal.com\/blog\/2012\/04\/24\/achat-citroen-ds4-e-hdi-112-occasion-avec-carideal-mandataire-automobile\/","title":{"rendered":"Achat Citroen DS4 e-HDI 112 occasion"},"content":{"rendered":"<h1>Achat Citroen DS4 e-HDI 112 occasion en stock \u00e0 Chamb\u00e9ry<\/h1>\n<figure id=\"attachment_9299\" aria-describedby=\"caption-attachment-9299\" style=\"width: 290px\" class=\"wp-caption alignleft\"><a href=\"http:\/\/www.carideal.com\/blog\/wp-content\/uploads\/2012\/04\/citroen-ds4-sochic-occasion-schiavon-chambery-3.jpg\"><img loading=\"lazy\" decoding=\"async\" class=\"wp-image-9299 size-medium\" title=\"Achat Citroen DS4\" src=\"http:\/\/www.carideal.com\/blog\/wp-content\/uploads\/2012\/04\/citroen-ds4-sochic-occasion-schiavon-chambery-3-300x225.jpg\" alt=\"Achat Citroen DS4\" width=\"300\" height=\"225\" srcset=\"https:\/\/www.carideal.com\/blog\/wp-content\/uploads\/2012\/04\/citroen-ds4-sochic-occasion-schiavon-chambery-3-300x225.jpg 300w, https:\/\/www.carideal.com\/blog\/wp-content\/uploads\/2012\/04\/citroen-ds4-sochic-occasion-schiavon-chambery-3-624x468.jpg 624w, https:\/\/www.carideal.com\/blog\/wp-content\/uploads\/2012\/04\/citroen-ds4-sochic-occasion-schiavon-chambery-3.jpg 800w\" sizes=\"(max-width: 300px) 100vw, 300px\" \/><\/a><figcaption id=\"caption-attachment-9299\" class=\"wp-caption-text\">Achat Citroen DS4<\/figcaption><\/figure>\n<p>Une Vid\u00e9o d'une Citroen <span style=\"text-decoration: underline;\">DS4<\/span> d'occasion en stock sur notre parc de voiture d'occasion \u00e0 Carideal mandataire automobile \u00e0 Chambery : achat citroen DS4 moins cher gr\u00e2ce \u00e0 notre puissance d'achat de volume de voiture aupr\u00e8s de nos fournisseurs \u00e9trangers.<\/p>\n<p><iframe loading=\"lazy\" src=\"http:\/\/www.youtube.com\/embed\/9AvcfaB_VAI\" width=\"640\" height=\"360\" frameborder=\"0\" allowfullscreen=\"allowfullscreen\"><\/iframe><\/p>\n<p><span style=\"text-decoration: underline;\">Achat\u00a0Citroen<\/span> DS4 e-HDI 112 BMP SO CHIC noir et une bleu Bourrasque d'occasion disponible en stock.<\/p>\n<h2>Descriptif de l'\u00e9quipement pour achat\u00a0Citroen DS4 occasion :<\/h2>\n<p>- Air conditionn\u00e9 automatique bi-zone avec fonction REST - Console centrale avec rangement ferm\u00e9\u00a0- Syst\u00e8me audio bi-tuner CD-MP3 6HP avec spatialisation du son et prise jack - Prise 12V derri\u00e8re la console centrale\u00a0- Kit mains libres Bluetooth\u00ae avec audio streaming et prise USB - Appuie-t\u00eates avant \"portefeuilles\" r\u00e9glables en hauteur et en inclinaison\u00a0- Sons polyphoniques personnalisables - Tiroirs sous les si\u00e8ges avant (sauf si si\u00e8ge conducteur \u00e9lectrique)\u00a0- Frein de stationnement \u00e9lectrique \u00a0- Enjoliveurs de seuils de porte avant en m\u00e9tal avec la trame DS\u00a0- Allumage automatique des feux et des essuie-vitres - Surtapis avant et arri\u00e8re\u00a0- Accoudoir central arri\u00e8re avec trappe \u00e0 skis - Jantes en alliage l\u00e9ger 17\" \"Canberra\" diamant\u00e9es Gris<br \/>\n- R\u00e9troviseur int\u00e9rieur \u00e9lectrochrome\u00a0- Aide au stationnement arri\u00e8re - Garnissage bi-mati\u00e8res au choix:\u00a0- R\u00e9troviseurs ext\u00e9rieurs rabattables \u00e9lectriquement avec \u00e9clairage d'approche \u00e0 LED Cuir Grain\u00e9 Mistral \/ Cha\u00eene &amp; Trame Armucara\u00a0- Lampe nomade + prise 12V dans le coffre (sauf sur 1.6 THP 160 BVA6) Cuir Nappa Habana \/ Cha\u00eene &amp; Trame Armucara\u00a0- Si\u00e8ges avant massants avec r\u00e9glages lombaires \u00e9lectriques\u00a0- ABS + Aide au freinage d'urgence (AFU) + R\u00e9partiteur \u00e9lectronique de freinage (REF) - Accoudoir central avant coulissant\u00a0- ESP + Syst\u00e8me d'antipatinage (ASR) - Si\u00e8ge conducteur r\u00e9glable en hauteur\u00a0- Aide au d\u00e9marrage en pente (Hill Start Assist) - Banquette 2\/3 - 1\/3 avec dossier rabattable\u00a0- Contr\u00f4le de traction intelligent - Appuie-t\u00eates arri\u00e8re \"virgules\" avec mousses moelleuses\u00a0- 6 Airbags: 2 airbags frontaux, 2 airbags lat\u00e9raux et 2 airbags rideaux - Vitres arri\u00e8re et lunette arri\u00e8re surteint\u00e9es\u00a0- Radio CD &amp; MP3 mono-tuner avec 6 haut-parleurs et prise jack - Entourage des vitres chrom\u00e9\u00a0- R\u00e9gulateur et limiteur de vitesse pr\u00e9programmable - Becquet arri\u00e8re couleur caisse\u00a0- Condamnation centralis\u00e9e avec commande \u00e0 distance int\u00e9gr\u00e9e\u00a0- Volant en cuir r\u00e9glable en hauteur et en profondeur - Trappe \u00e0 carburant \u00e0 ouverture automatique\u00a0- Combin\u00e9 analogique personnalisable avec cerclages chrom\u00e9s - Kit de d\u00e9pannage provisoire de pneumatiques<br \/>\n- R\u00e9troviseurs \u00e9lectriques et chauffants - D\u00e9tection de sous-gonflage\u00a0- L\u00e8ve-vitres avant \u00e9lectriques, s\u00e9quentiels et anti-pincement\u00a0- Pare-brise \"Grand Angle\" acoustique<br \/>\n- Phares antibrouillards avant avec \u00e9clairage statique d'intersection\u00a0- Signature lumineuse \u00e0 LED<\/p>\n<p>Retrouvez nos DS pour l'achat Citroen DS4 neuve et occasion sur notre site.<\/p>\n","protected":false},"excerpt":{"rendered":"<p>Achat Citroen DS4 e-HDI 112 occasion en stock \u00e0 Chamb\u00e9ry Une Vid\u00e9o d&rsquo;une Citroen DS4 d&rsquo;occasion en stock sur notre parc de voiture d&rsquo;occasion \u00e0 Carideal mandataire automobile \u00e0 Chambery : achat citroen DS4 moins cher gr\u00e2ce \u00e0 notre puissance d&rsquo;achat de volume de voiture aupr\u00e8s de nos fournisseurs \u00e9trangers. Achat\u00a0Citroen DS4 e-HDI 112 BMP &#8230; <a title=\"Achat Citroen DS4 e-HDI 112 occasion\" class=\"read-more\" href=\"https:\/\/www.carideal.com\/blog\/2012\/04\/24\/achat-citroen-ds4-e-hdi-112-occasion-avec-carideal-mandataire-automobile\/\" aria-label=\"En savoir plus sur Achat Citroen DS4 e-HDI 112 occasion\">Lire plus<\/a><\/p>\n","protected":false},"author":1,"featured_media":0,"comment_status":"open","ping_status":"open","sticky":false,"template":"","format":"standard","meta":{"_uag_custom_page_level_css":"","_themeisle_gutenberg_block_has_review":false,"footnotes":""},"categories":[5,5944,6001,6012,7,10,5974,18],"tags":[],"class_list":["post-2146","post","type-post","status-publish","format-standard","hentry","category-citroen","category-constructeur","category-ds","category-berlines","category-voiture-arrivage-stocks","category-marche-automobile-voiture-neuve-occasion-4x4-suv","category-type-de-vehicule","category-videos"],"wppr_data":[],"yoast_head":"<!-- This site is optimized with the Yoast SEO plugin v24.8.1 - https:\/\/yoast.com\/wordpress\/plugins\/seo\/ -->\n<title>Achat Citroen DS4 e-HDI 112 occasion - Blog auto Carid\u00e9al<\/title>\n<meta name=\"description\" content=\"Achat Citroen DS4 e-HDI 112 occasion en stock \u00e0 Chamb\u00e9ry en vid\u00e9o. Elle est en stock sur notre parc de voiture d&#039;occasion \u00e0 Carideal mandataire automobile\" \/>\n<meta name=\"robots\" content=\"index, follow, max-snippet:-1, max-image-preview:large, max-video-preview:-1\" \/>\n<link rel=\"canonical\" href=\"https:\/\/www.carideal.com\/blog\/2012\/04\/24\/achat-citroen-ds4-e-hdi-112-occasion-avec-carideal-mandataire-automobile\/\" \/>\n<meta property=\"og:locale\" content=\"fr_FR\" \/>\n<meta property=\"og:type\" content=\"article\" \/>\n<meta property=\"og:title\" content=\"Achat Citroen DS4 e-HDI 112 occasion - Blog auto Carid\u00e9al\" \/>\n<meta property=\"og:description\" content=\"Achat Citroen DS4 e-HDI 112 occasion en stock \u00e0 Chamb\u00e9ry en vid\u00e9o. Elle est en stock sur notre parc de voiture d&#039;occasion \u00e0 Carideal mandataire automobile\" \/>\n<meta property=\"og:url\" content=\"https:\/\/www.carideal.com\/blog\/2012\/04\/24\/achat-citroen-ds4-e-hdi-112-occasion-avec-carideal-mandataire-automobile\/\" \/>\n<meta property=\"og:site_name\" content=\"Blog auto Carid\u00e9al\" \/>\n<meta property=\"article:publisher\" content=\"https:\/\/www.facebook.com\/Carideal.mandataire.automobile\" \/>\n<meta property=\"article:author\" content=\"https:\/\/www.facebook.com\/Carideal.mandataire.automobile\/\" \/>\n<meta property=\"article:published_time\" content=\"2012-04-24T15:29:00+00:00\" \/>\n<meta property=\"article:modified_time\" content=\"2020-03-07T15:49:47+00:00\" \/>\n<meta property=\"og:image\" content=\"http:\/\/www.carideal.com\/blog\/wp-content\/uploads\/2012\/04\/citroen-ds4-sochic-occasion-schiavon-chambery-3-300x225.jpg\" \/>\n<meta name=\"author\" content=\"N.S Carideal\" \/>\n<meta name=\"twitter:card\" content=\"summary_large_image\" \/>\n<meta name=\"twitter:creator\" content=\"@caridealauto\" \/>\n<meta name=\"twitter:site\" content=\"@caridealauto\" \/>\n<meta name=\"twitter:label1\" content=\"\u00c9crit par\" \/>\n\t<meta name=\"twitter:data1\" content=\"N.S Carideal\" \/>\n\t<meta name=\"twitter:label2\" content=\"Dur\u00e9e de lecture estim\u00e9e\" \/>\n\t<meta name=\"twitter:data2\" content=\"2 minutes\" \/>\n<script type=\"application\/ld+json\" class=\"yoast-schema-graph\">{\"@context\":\"https:\/\/schema.org\",\"@graph\":[{\"@type\":\"Article\",\"@id\":\"https:\/\/www.carideal.com\/blog\/2012\/04\/24\/achat-citroen-ds4-e-hdi-112-occasion-avec-carideal-mandataire-automobile\/#article\",\"isPartOf\":{\"@id\":\"https:\/\/www.carideal.com\/blog\/2012\/04\/24\/achat-citroen-ds4-e-hdi-112-occasion-avec-carideal-mandataire-automobile\/\"},\"author\":{\"name\":\"N.S Carideal\",\"@id\":\"https:\/\/www.carideal.com\/blog\/#\/schema\/person\/985c7e757d1042d647f21bfaf8d41ebc\"},\"headline\":\"Achat Citroen DS4 e-HDI 112 occasion\",\"datePublished\":\"2012-04-24T15:29:00+00:00\",\"dateModified\":\"2020-03-07T15:49:47+00:00\",\"mainEntityOfPage\":{\"@id\":\"https:\/\/www.carideal.com\/blog\/2012\/04\/24\/achat-citroen-ds4-e-hdi-112-occasion-avec-carideal-mandataire-automobile\/\"},\"wordCount\":488,\"commentCount\":0,\"publisher\":{\"@id\":\"https:\/\/www.carideal.com\/blog\/#organization\"},\"image\":{\"@id\":\"https:\/\/www.carideal.com\/blog\/2012\/04\/24\/achat-citroen-ds4-e-hdi-112-occasion-avec-carideal-mandataire-automobile\/#primaryimage\"},\"thumbnailUrl\":\"http:\/\/www.carideal.com\/blog\/wp-content\/uploads\/2012\/04\/citroen-ds4-sochic-occasion-schiavon-chambery-3-300x225.jpg\",\"articleSection\":[\"Actualit\u00e9 Citroen\",\"Actualit\u00e9 Constructeur automobile\",\"Actualit\u00e9 DS\",\"Berlines\",\"D\u00e9stockage voiture\",\"March\u00e9 automobile\",\"Type de v\u00e9hicule\",\"Vid\u00e9o voiture : vid\u00e9o automobile\"],\"inLanguage\":\"fr-FR\",\"potentialAction\":[{\"@type\":\"CommentAction\",\"name\":\"Comment\",\"target\":[\"https:\/\/www.carideal.com\/blog\/2012\/04\/24\/achat-citroen-ds4-e-hdi-112-occasion-avec-carideal-mandataire-automobile\/#respond\"]}]},{\"@type\":\"WebPage\",\"@id\":\"https:\/\/www.carideal.com\/blog\/2012\/04\/24\/achat-citroen-ds4-e-hdi-112-occasion-avec-carideal-mandataire-automobile\/\",\"url\":\"https:\/\/www.carideal.com\/blog\/2012\/04\/24\/achat-citroen-ds4-e-hdi-112-occasion-avec-carideal-mandataire-automobile\/\",\"name\":\"Achat Citroen DS4 e-HDI 112 occasion - Blog auto Carid\u00e9al\",\"isPartOf\":{\"@id\":\"https:\/\/www.carideal.com\/blog\/#website\"},\"primaryImageOfPage\":{\"@id\":\"https:\/\/www.carideal.com\/blog\/2012\/04\/24\/achat-citroen-ds4-e-hdi-112-occasion-avec-carideal-mandataire-automobile\/#primaryimage\"},\"image\":{\"@id\":\"https:\/\/www.carideal.com\/blog\/2012\/04\/24\/achat-citroen-ds4-e-hdi-112-occasion-avec-carideal-mandataire-automobile\/#primaryimage\"},\"thumbnailUrl\":\"http:\/\/www.carideal.com\/blog\/wp-content\/uploads\/2012\/04\/citroen-ds4-sochic-occasion-schiavon-chambery-3-300x225.jpg\",\"datePublished\":\"2012-04-24T15:29:00+00:00\",\"dateModified\":\"2020-03-07T15:49:47+00:00\",\"description\":\"Achat Citroen DS4 e-HDI 112 occasion en stock \u00e0 Chamb\u00e9ry en vid\u00e9o. Elle est en stock sur notre parc de voiture d'occasion \u00e0 Carideal mandataire automobile\",\"breadcrumb\":{\"@id\":\"https:\/\/www.carideal.com\/blog\/2012\/04\/24\/achat-citroen-ds4-e-hdi-112-occasion-avec-carideal-mandataire-automobile\/#breadcrumb\"},\"inLanguage\":\"fr-FR\",\"potentialAction\":[{\"@type\":\"ReadAction\",\"target\":[\"https:\/\/www.carideal.com\/blog\/2012\/04\/24\/achat-citroen-ds4-e-hdi-112-occasion-avec-carideal-mandataire-automobile\/\"]}]},{\"@type\":\"ImageObject\",\"inLanguage\":\"fr-FR\",\"@id\":\"https:\/\/www.carideal.com\/blog\/2012\/04\/24\/achat-citroen-ds4-e-hdi-112-occasion-avec-carideal-mandataire-automobile\/#primaryimage\",\"url\":\"http:\/\/www.carideal.com\/blog\/wp-content\/uploads\/2012\/04\/citroen-ds4-sochic-occasion-schiavon-chambery-3-300x225.jpg\",\"contentUrl\":\"http:\/\/www.carideal.com\/blog\/wp-content\/uploads\/2012\/04\/citroen-ds4-sochic-occasion-schiavon-chambery-3-300x225.jpg\"},{\"@type\":\"BreadcrumbList\",\"@id\":\"https:\/\/www.carideal.com\/blog\/2012\/04\/24\/achat-citroen-ds4-e-hdi-112-occasion-avec-carideal-mandataire-automobile\/#breadcrumb\",\"itemListElement\":[{\"@type\":\"ListItem\",\"position\":1,\"name\":\"Blog Carid\u00e9al\",\"item\":\"https:\/\/www.carideal.com\/blog\/\"},{\"@type\":\"ListItem\",\"position\":2,\"name\":\"Actualit\u00e9 constructeur automobile\",\"item\":\"https:\/\/www.carideal.com\/blog\/constructeur\/\"},{\"@type\":\"ListItem\",\"position\":3,\"name\":\"Actualit\u00e9 Citroen\",\"item\":\"https:\/\/www.carideal.com\/blog\/constructeur\/citroen\/\"},{\"@type\":\"ListItem\",\"position\":4,\"name\":\"Achat Citroen DS4 e-HDI 112 occasion\"}]},{\"@type\":\"WebSite\",\"@id\":\"https:\/\/www.carideal.com\/blog\/#website\",\"url\":\"https:\/\/www.carideal.com\/blog\/\",\"name\":\"Blog auto Carid\u00e9al\",\"description\":\"Actualit\u00e9 auto par des passionn\u00e9s\",\"publisher\":{\"@id\":\"https:\/\/www.carideal.com\/blog\/#organization\"},\"potentialAction\":[{\"@type\":\"SearchAction\",\"target\":{\"@type\":\"EntryPoint\",\"urlTemplate\":\"https:\/\/www.carideal.com\/blog\/?s={search_term_string}\"},\"query-input\":{\"@type\":\"PropertyValueSpecification\",\"valueRequired\":true,\"valueName\":\"search_term_string\"}}],\"inLanguage\":\"fr-FR\"},{\"@type\":\"Organization\",\"@id\":\"https:\/\/www.carideal.com\/blog\/#organization\",\"name\":\"Carideal\",\"url\":\"https:\/\/www.carideal.com\/blog\/\",\"logo\":{\"@type\":\"ImageObject\",\"inLanguage\":\"fr-FR\",\"@id\":\"https:\/\/www.carideal.com\/blog\/#\/schema\/logo\/image\/\",\"url\":\"http:\/\/www.carideal.com\/blog\/wp-content\/uploads\/2016\/03\/logo-carideal-mandataire-automobile.png\",\"contentUrl\":\"http:\/\/www.carideal.com\/blog\/wp-content\/uploads\/2016\/03\/logo-carideal-mandataire-automobile.png\",\"width\":300,\"height\":300,\"caption\":\"Carideal\"},\"image\":{\"@id\":\"https:\/\/www.carideal.com\/blog\/#\/schema\/logo\/image\/\"},\"sameAs\":[\"https:\/\/www.facebook.com\/Carideal.mandataire.automobile\",\"https:\/\/x.com\/caridealauto\",\"https:\/\/www.instagram.com\/carideal1\/\",\"https:\/\/www.linkedin.com\/company\/carideal.com\",\"https:\/\/fr.pinterest.com\/schiavonsas\/\",\"https:\/\/www.youtube.com\/user\/caridealsas\"]},{\"@type\":\"Person\",\"@id\":\"https:\/\/www.carideal.com\/blog\/#\/schema\/person\/985c7e757d1042d647f21bfaf8d41ebc\",\"name\":\"N.S Carideal\",\"image\":{\"@type\":\"ImageObject\",\"inLanguage\":\"fr-FR\",\"@id\":\"https:\/\/www.carideal.com\/blog\/#\/schema\/person\/image\/\",\"url\":\"https:\/\/secure.gravatar.com\/avatar\/edb7ccdf1a4e3d14aef967760d354d0e?s=96&r=g\",\"contentUrl\":\"https:\/\/secure.gravatar.com\/avatar\/edb7ccdf1a4e3d14aef967760d354d0e?s=96&r=g\",\"caption\":\"N.S Carideal\"},\"description\":\"Depuis tout petit fan d'automobile. Il est question d'essayer et de comparer toutes ces voitures qui nous ont fait r\u00e9ver, avant que celles-ci ne devient uniquement des voitures de collection.\",\"sameAs\":[\"http:\/\/www.carideal.com\/blog\",\"https:\/\/www.facebook.com\/Carideal.mandataire.automobile\/\",\"https:\/\/www.linkedin.com\/in\/nschiavon\/\",\"https:\/\/www.youtube.com\/user\/caridealsas\/\"],\"url\":\"https:\/\/www.carideal.com\/blog\/author\/admin_carideal\/\"}]}<\/script>\n<!-- \/ Yoast SEO plugin. -->","yoast_head_json":{"title":"Achat Citroen DS4 e-HDI 112 occasion - Blog auto Carid\u00e9al","description":"Achat Citroen DS4 e-HDI 112 occasion en stock \u00e0 Chamb\u00e9ry en vid\u00e9o. Elle est en stock sur notre parc de voiture d'occasion \u00e0 Carideal mandataire automobile","robots":{"index":"index","follow":"follow","max-snippet":"max-snippet:-1","max-image-preview":"max-image-preview:large","max-video-preview":"max-video-preview:-1"},"canonical":"https:\/\/www.carideal.com\/blog\/2012\/04\/24\/achat-citroen-ds4-e-hdi-112-occasion-avec-carideal-mandataire-automobile\/","og_locale":"fr_FR","og_type":"article","og_title":"Achat Citroen DS4 e-HDI 112 occasion - Blog auto Carid\u00e9al","og_description":"Achat Citroen DS4 e-HDI 112 occasion en stock \u00e0 Chamb\u00e9ry en vid\u00e9o. Elle est en stock sur notre parc de voiture d'occasion \u00e0 Carideal mandataire automobile","og_url":"https:\/\/www.carideal.com\/blog\/2012\/04\/24\/achat-citroen-ds4-e-hdi-112-occasion-avec-carideal-mandataire-automobile\/","og_site_name":"Blog auto Carid\u00e9al","article_publisher":"https:\/\/www.facebook.com\/Carideal.mandataire.automobile","article_author":"https:\/\/www.facebook.com\/Carideal.mandataire.automobile\/","article_published_time":"2012-04-24T15:29:00+00:00","article_modified_time":"2020-03-07T15:49:47+00:00","og_image":[{"url":"http:\/\/www.carideal.com\/blog\/wp-content\/uploads\/2012\/04\/citroen-ds4-sochic-occasion-schiavon-chambery-3-300x225.jpg","type":"","width":"","height":""}],"author":"N.S Carideal","twitter_card":"summary_large_image","twitter_creator":"@caridealauto","twitter_site":"@caridealauto","twitter_misc":{"\u00c9crit par":"N.S Carideal","Dur\u00e9e de lecture estim\u00e9e":"2 minutes"},"schema":{"@context":"https:\/\/schema.org","@graph":[{"@type":"Article","@id":"https:\/\/www.carideal.com\/blog\/2012\/04\/24\/achat-citroen-ds4-e-hdi-112-occasion-avec-carideal-mandataire-automobile\/#article","isPartOf":{"@id":"https:\/\/www.carideal.com\/blog\/2012\/04\/24\/achat-citroen-ds4-e-hdi-112-occasion-avec-carideal-mandataire-automobile\/"},"author":{"name":"N.S Carideal","@id":"https:\/\/www.carideal.com\/blog\/#\/schema\/person\/985c7e757d1042d647f21bfaf8d41ebc"},"headline":"Achat Citroen DS4 e-HDI 112 occasion","datePublished":"2012-04-24T15:29:00+00:00","dateModified":"2020-03-07T15:49:47+00:00","mainEntityOfPage":{"@id":"https:\/\/www.carideal.com\/blog\/2012\/04\/24\/achat-citroen-ds4-e-hdi-112-occasion-avec-carideal-mandataire-automobile\/"},"wordCount":488,"commentCount":0,"publisher":{"@id":"https:\/\/www.carideal.com\/blog\/#organization"},"image":{"@id":"https:\/\/www.carideal.com\/blog\/2012\/04\/24\/achat-citroen-ds4-e-hdi-112-occasion-avec-carideal-mandataire-automobile\/#primaryimage"},"thumbnailUrl":"http:\/\/www.carideal.com\/blog\/wp-content\/uploads\/2012\/04\/citroen-ds4-sochic-occasion-schiavon-chambery-3-300x225.jpg","articleSection":["Actualit\u00e9 Citroen","Actualit\u00e9 Constructeur automobile","Actualit\u00e9 DS","Berlines","D\u00e9stockage voiture","March\u00e9 automobile","Type de v\u00e9hicule","Vid\u00e9o voiture : vid\u00e9o automobile"],"inLanguage":"fr-FR","potentialAction":[{"@type":"CommentAction","name":"Comment","target":["https:\/\/www.carideal.com\/blog\/2012\/04\/24\/achat-citroen-ds4-e-hdi-112-occasion-avec-carideal-mandataire-automobile\/#respond"]}]},{"@type":"WebPage","@id":"https:\/\/www.carideal.com\/blog\/2012\/04\/24\/achat-citroen-ds4-e-hdi-112-occasion-avec-carideal-mandataire-automobile\/","url":"https:\/\/www.carideal.com\/blog\/2012\/04\/24\/achat-citroen-ds4-e-hdi-112-occasion-avec-carideal-mandataire-automobile\/","name":"Achat Citroen DS4 e-HDI 112 occasion - Blog auto Carid\u00e9al","isPartOf":{"@id":"https:\/\/www.carideal.com\/blog\/#website"},"primaryImageOfPage":{"@id":"https:\/\/www.carideal.com\/blog\/2012\/04\/24\/achat-citroen-ds4-e-hdi-112-occasion-avec-carideal-mandataire-automobile\/#primaryimage"},"image":{"@id":"https:\/\/www.carideal.com\/blog\/2012\/04\/24\/achat-citroen-ds4-e-hdi-112-occasion-avec-carideal-mandataire-automobile\/#primaryimage"},"thumbnailUrl":"http:\/\/www.carideal.com\/blog\/wp-content\/uploads\/2012\/04\/citroen-ds4-sochic-occasion-schiavon-chambery-3-300x225.jpg","datePublished":"2012-04-24T15:29:00+00:00","dateModified":"2020-03-07T15:49:47+00:00","description":"Achat Citroen DS4 e-HDI 112 occasion en stock \u00e0 Chamb\u00e9ry en vid\u00e9o. Elle est en stock sur notre parc de voiture d'occasion \u00e0 Carideal mandataire automobile","breadcrumb":{"@id":"https:\/\/www.carideal.com\/blog\/2012\/04\/24\/achat-citroen-ds4-e-hdi-112-occasion-avec-carideal-mandataire-automobile\/#breadcrumb"},"inLanguage":"fr-FR","potentialAction":[{"@type":"ReadAction","target":["https:\/\/www.carideal.com\/blog\/2012\/04\/24\/achat-citroen-ds4-e-hdi-112-occasion-avec-carideal-mandataire-automobile\/"]}]},{"@type":"ImageObject","inLanguage":"fr-FR","@id":"https:\/\/www.carideal.com\/blog\/2012\/04\/24\/achat-citroen-ds4-e-hdi-112-occasion-avec-carideal-mandataire-automobile\/#primaryimage","url":"http:\/\/www.carideal.com\/blog\/wp-content\/uploads\/2012\/04\/citroen-ds4-sochic-occasion-schiavon-chambery-3-300x225.jpg","contentUrl":"http:\/\/www.carideal.com\/blog\/wp-content\/uploads\/2012\/04\/citroen-ds4-sochic-occasion-schiavon-chambery-3-300x225.jpg"},{"@type":"BreadcrumbList","@id":"https:\/\/www.carideal.com\/blog\/2012\/04\/24\/achat-citroen-ds4-e-hdi-112-occasion-avec-carideal-mandataire-automobile\/#breadcrumb","itemListElement":[{"@type":"ListItem","position":1,"name":"Blog Carid\u00e9al","item":"https:\/\/www.carideal.com\/blog\/"},{"@type":"ListItem","position":2,"name":"Actualit\u00e9 constructeur automobile","item":"https:\/\/www.carideal.com\/blog\/constructeur\/"},{"@type":"ListItem","position":3,"name":"Actualit\u00e9 Citroen","item":"https:\/\/www.carideal.com\/blog\/constructeur\/citroen\/"},{"@type":"ListItem","position":4,"name":"Achat Citroen DS4 e-HDI 112 occasion"}]},{"@type":"WebSite","@id":"https:\/\/www.carideal.com\/blog\/#website","url":"https:\/\/www.carideal.com\/blog\/","name":"Blog auto Carid\u00e9al","description":"Actualit\u00e9 auto par des passionn\u00e9s","publisher":{"@id":"https:\/\/www.carideal.com\/blog\/#organization"},"potentialAction":[{"@type":"SearchAction","target":{"@type":"EntryPoint","urlTemplate":"https:\/\/www.carideal.com\/blog\/?s={search_term_string}"},"query-input":{"@type":"PropertyValueSpecification","valueRequired":true,"valueName":"search_term_string"}}],"inLanguage":"fr-FR"},{"@type":"Organization","@id":"https:\/\/www.carideal.com\/blog\/#organization","name":"Carideal","url":"https:\/\/www.carideal.com\/blog\/","logo":{"@type":"ImageObject","inLanguage":"fr-FR","@id":"https:\/\/www.carideal.com\/blog\/#\/schema\/logo\/image\/","url":"http:\/\/www.carideal.com\/blog\/wp-content\/uploads\/2016\/03\/logo-carideal-mandataire-automobile.png","contentUrl":"http:\/\/www.carideal.com\/blog\/wp-content\/uploads\/2016\/03\/logo-carideal-mandataire-automobile.png","width":300,"height":300,"caption":"Carideal"},"image":{"@id":"https:\/\/www.carideal.com\/blog\/#\/schema\/logo\/image\/"},"sameAs":["https:\/\/www.facebook.com\/Carideal.mandataire.automobile","https:\/\/x.com\/caridealauto","https:\/\/www.instagram.com\/carideal1\/","https:\/\/www.linkedin.com\/company\/carideal.com","https:\/\/fr.pinterest.com\/schiavonsas\/","https:\/\/www.youtube.com\/user\/caridealsas"]},{"@type":"Person","@id":"https:\/\/www.carideal.com\/blog\/#\/schema\/person\/985c7e757d1042d647f21bfaf8d41ebc","name":"N.S Carideal","image":{"@type":"ImageObject","inLanguage":"fr-FR","@id":"https:\/\/www.carideal.com\/blog\/#\/schema\/person\/image\/","url":"https:\/\/secure.gravatar.com\/avatar\/edb7ccdf1a4e3d14aef967760d354d0e?s=96&r=g","contentUrl":"https:\/\/secure.gravatar.com\/avatar\/edb7ccdf1a4e3d14aef967760d354d0e?s=96&r=g","caption":"N.S Carideal"},"description":"Depuis tout petit fan d'automobile. Il est question d'essayer et de comparer toutes ces voitures qui nous ont fait r\u00e9ver, avant que celles-ci ne devient uniquement des voitures de collection.","sameAs":["http:\/\/www.carideal.com\/blog","https:\/\/www.facebook.com\/Carideal.mandataire.automobile\/","https:\/\/www.linkedin.com\/in\/nschiavon\/","https:\/\/www.youtube.com\/user\/caridealsas\/"],"url":"https:\/\/www.carideal.com\/blog\/author\/admin_carideal\/"}]}},"uagb_featured_image_src":{"full":false,"thumbnail":false,"medium":false,"medium_large":false,"large":false,"1536x1536":false,"2048x2048":false,"wppr-widget":false},"uagb_author_info":{"display_name":"N.S Carideal","author_link":"https:\/\/www.carideal.com\/blog\/author\/admin_carideal\/"},"uagb_comment_info":0,"uagb_excerpt":"Achat Citroen DS4 e-HDI 112 occasion en stock \u00e0 Chamb\u00e9ry Une Vid\u00e9o d'une Citroen DS4 d'occasion en stock sur notre parc de voiture d'occasion \u00e0 Carideal mandataire automobile \u00e0 Chambery : achat citroen DS4 moins cher gr\u00e2ce \u00e0 notre puissance d'achat de volume de voiture aupr\u00e8s de nos fournisseurs \u00e9trangers. Achat\u00a0Citroen DS4 e-HDI 112 BMP\u2026","_links":{"self":[{"href":"https:\/\/www.carideal.com\/blog\/wp-json\/wp\/v2\/posts\/2146"}],"collection":[{"href":"https:\/\/www.carideal.com\/blog\/wp-json\/wp\/v2\/posts"}],"about":[{"href":"https:\/\/www.carideal.com\/blog\/wp-json\/wp\/v2\/types\/post"}],"author":[{"embeddable":true,"href":"https:\/\/www.carideal.com\/blog\/wp-json\/wp\/v2\/users\/1"}],"replies":[{"embeddable":true,"href":"https:\/\/www.carideal.com\/blog\/wp-json\/wp\/v2\/comments?post=2146"}],"version-history":[{"count":0,"href":"https:\/\/www.carideal.com\/blog\/wp-json\/wp\/v2\/posts\/2146\/revisions"}],"wp:attachment":[{"href":"https:\/\/www.carideal.com\/blog\/wp-json\/wp\/v2\/media?parent=2146"}],"wp:term":[{"taxonomy":"category","embeddable":true,"href":"https:\/\/www.carideal.com\/blog\/wp-json\/wp\/v2\/categories?post=2146"},{"taxonomy":"post_tag","embeddable":true,"href":"https:\/\/www.carideal.com\/blog\/wp-json\/wp\/v2\/tags?post=2146"}],"curies":[{"name":"wp","href":"https:\/\/api.w.org\/{rel}","templated":true}]}}