{"id":21441,"date":"2020-02-03T09:17:42","date_gmt":"2020-02-03T08:17:42","guid":{"rendered":"http:\/\/www.carideal.com\/blog\/?p=21441"},"modified":"2020-02-28T10:44:40","modified_gmt":"2020-02-28T09:44:40","slug":"alpine-a110-sports-x-festival-international-automobile-2020","status":"publish","type":"post","link":"https:\/\/www.carideal.com\/blog\/2020\/02\/03\/alpine-a110-sports-x-festival-international-automobile-2020\/","title":{"rendered":"Alpine A110 Sports X pr\u00e9sent\u00e9e au Festival international de l&rsquo;automobile de 2020"},"content":{"rendered":"<h2>L'Alpine A110 Sports X pr\u00e9sent\u00e9e au Festival international de l'automobile de 2020<\/h2>\n<p><a href=\"http:\/\/www.carideal.com\/blog\/marque-de-voiture-actualites-essais\/alpine\/\">Alpine<\/a> participe au Festival international de l'automobile (FAI) en 2020 et pr\u00e9sente une exposition qui met en valeur des mod\u00e8les historiques, actuels et des concepts-car. Parmi les mod\u00e8les que le constructeur automobile pr\u00e9sente au FAI, on trouve un concept car \"Crossover\" que l'on peut voir sur les images ici, appel\u00e9 <strong>Alpine A110 Sports X<\/strong>. Alpine affirme que cette voiture est le fruit d'un effort conjoint entre les \u00e9quipes de conception et d'ing\u00e9nierie.<\/p>\n<figure id=\"attachment_21442\" aria-describedby=\"caption-attachment-21442\" style=\"width: 590px\" class=\"wp-caption alignnone\"><img loading=\"lazy\" decoding=\"async\" class=\"size-full wp-image-21442\" src=\"http:\/\/www.carideal.com\/blog\/wp-content\/uploads\/2020\/02\/alpine-a110-sportsx-002.jpg\" alt=\"L'Alpine A110 Sports X pr\u00e9sent\u00e9e au Festival international de l'automobile de 2020\" width=\"600\" height=\"338\" srcset=\"https:\/\/www.carideal.com\/blog\/wp-content\/uploads\/2020\/02\/alpine-a110-sportsx-002.jpg 600w, https:\/\/www.carideal.com\/blog\/wp-content\/uploads\/2020\/02\/alpine-a110-sportsx-002-300x169.jpg 300w, https:\/\/www.carideal.com\/blog\/wp-content\/uploads\/2020\/02\/alpine-a110-sportsx-002-50x28.jpg 50w, https:\/\/www.carideal.com\/blog\/wp-content\/uploads\/2020\/02\/alpine-a110-sportsx-002-110x62.jpg 110w, https:\/\/www.carideal.com\/blog\/wp-content\/uploads\/2020\/02\/alpine-a110-sportsx-002-420x237.jpg 420w\" sizes=\"(max-width: 600px) 100vw, 600px\" \/><figcaption id=\"caption-attachment-21442\" class=\"wp-caption-text\">L'Alpine A110 Sports X pr\u00e9sent\u00e9e au Festival international de l'automobile de 2020<\/figcaption><\/figure>\n<p>L'Alpine A110 Sports X a \u00e9t\u00e9 inspir\u00e9e par l'A110 qui a remport\u00e9 le Rallye de Monte-Carlo en 1973. La voiture a une carrosserie plus large de 80 mm et une garde au sol plus \u00e9lev\u00e9e de 60 mm. Elle est bas\u00e9e sur les aspects techniques de l'A110 Pure et conserve le credo alpin de l\u00e9g\u00e8ret\u00e9 et d'agilit\u00e9. Le mod\u00e8le n'est pas disponible \u00e0 la vente et n'est pas destin\u00e9 \u00e0 la production ?? On peut en douter car le concept car que nous voyons sur la vid\u00e9o de PAO est tellement abouti qu'il est plus proche de l'industrialisation que du concept.<\/p>\n<ul>\n<li><a href=\"http:\/\/www.carideal.com\/blog\/2019\/10\/17\/meilleures-voitures-de-sport\/\">Les meilleures voitures de sport<\/a><\/li>\n<\/ul>\n<p>En outre, l'Alpine A110 1800 Gp 4 est pr\u00e9sente au FAI qui a \u00e9t\u00e9 construite uniquement pour les courses de rallye. Elle a domin\u00e9 de 1969 \u00e0 1972 les rallyes europ\u00e9ens et africains avec pr\u00e8s de 150 victoires. Elle a \u00e9t\u00e9 enti\u00e8rement restaur\u00e9e par \"une petite \u00e9quipe de passionn\u00e9s\" et a \u00e9t\u00e9 achev\u00e9e en 2019 apr\u00e8s une ann\u00e9e de travail presque quotidien.<\/p>\n<div id='gallery-1' class='gallery galleryid-21441 gallery-columns-3 gallery-size-medium'><figure class='gallery-item'>\n\t\t\t<div class='gallery-icon landscape'>\n\t\t\t\t<img loading=\"lazy\" decoding=\"async\" width=\"300\" height=\"200\" src=\"https:\/\/www.carideal.com\/blog\/wp-content\/uploads\/2020\/02\/alpine-a110-sportsx-001-300x200.jpg\" class=\"attachment-medium size-medium\" alt=\"Alpine A110 Sports X\" srcset=\"https:\/\/www.carideal.com\/blog\/wp-content\/uploads\/2020\/02\/alpine-a110-sportsx-001-300x200.jpg 300w, https:\/\/www.carideal.com\/blog\/wp-content\/uploads\/2020\/02\/alpine-a110-sportsx-001-50x33.jpg 50w, https:\/\/www.carideal.com\/blog\/wp-content\/uploads\/2020\/02\/alpine-a110-sportsx-001-110x73.jpg 110w, https:\/\/www.carideal.com\/blog\/wp-content\/uploads\/2020\/02\/alpine-a110-sportsx-001-272x182.jpg 272w, https:\/\/www.carideal.com\/blog\/wp-content\/uploads\/2020\/02\/alpine-a110-sportsx-001.jpg 400w\" sizes=\"(max-width: 300px) 100vw, 300px\" \/>\n\t\t\t<\/div><\/figure><figure class='gallery-item'>\n\t\t\t<div class='gallery-icon landscape'>\n\t\t\t\t<img loading=\"lazy\" decoding=\"async\" width=\"300\" height=\"200\" src=\"https:\/\/www.carideal.com\/blog\/wp-content\/uploads\/2020\/02\/alpine-a110-sportsx-002-2-300x200.jpg\" class=\"attachment-medium size-medium\" alt=\"Alpine A110 Sports X\" srcset=\"https:\/\/www.carideal.com\/blog\/wp-content\/uploads\/2020\/02\/alpine-a110-sportsx-002-2-300x200.jpg 300w, https:\/\/www.carideal.com\/blog\/wp-content\/uploads\/2020\/02\/alpine-a110-sportsx-002-2-50x33.jpg 50w, https:\/\/www.carideal.com\/blog\/wp-content\/uploads\/2020\/02\/alpine-a110-sportsx-002-2-110x73.jpg 110w, https:\/\/www.carideal.com\/blog\/wp-content\/uploads\/2020\/02\/alpine-a110-sportsx-002-2-272x182.jpg 272w, https:\/\/www.carideal.com\/blog\/wp-content\/uploads\/2020\/02\/alpine-a110-sportsx-002-2.jpg 400w\" sizes=\"(max-width: 300px) 100vw, 300px\" \/>\n\t\t\t<\/div><\/figure><figure class='gallery-item'>\n\t\t\t<div class='gallery-icon landscape'>\n\t\t\t\t<img loading=\"lazy\" decoding=\"async\" width=\"300\" height=\"200\" src=\"https:\/\/www.carideal.com\/blog\/wp-content\/uploads\/2020\/02\/alpine-a110-sportsx-003-300x200.jpg\" class=\"attachment-medium size-medium\" alt=\"Alpine A110 Sports X\" srcset=\"https:\/\/www.carideal.com\/blog\/wp-content\/uploads\/2020\/02\/alpine-a110-sportsx-003-300x200.jpg 300w, https:\/\/www.carideal.com\/blog\/wp-content\/uploads\/2020\/02\/alpine-a110-sportsx-003-50x33.jpg 50w, https:\/\/www.carideal.com\/blog\/wp-content\/uploads\/2020\/02\/alpine-a110-sportsx-003-110x73.jpg 110w, https:\/\/www.carideal.com\/blog\/wp-content\/uploads\/2020\/02\/alpine-a110-sportsx-003-272x182.jpg 272w, https:\/\/www.carideal.com\/blog\/wp-content\/uploads\/2020\/02\/alpine-a110-sportsx-003.jpg 400w\" sizes=\"(max-width: 300px) 100vw, 300px\" \/>\n\t\t\t<\/div><\/figure><figure class='gallery-item'>\n\t\t\t<div class='gallery-icon landscape'>\n\t\t\t\t<img loading=\"lazy\" decoding=\"async\" width=\"300\" height=\"200\" src=\"https:\/\/www.carideal.com\/blog\/wp-content\/uploads\/2020\/02\/alpine-a110-sportsx-004-300x200.jpg\" class=\"attachment-medium size-medium\" alt=\"Alpine A110 Sports X\" srcset=\"https:\/\/www.carideal.com\/blog\/wp-content\/uploads\/2020\/02\/alpine-a110-sportsx-004-300x200.jpg 300w, https:\/\/www.carideal.com\/blog\/wp-content\/uploads\/2020\/02\/alpine-a110-sportsx-004-50x33.jpg 50w, https:\/\/www.carideal.com\/blog\/wp-content\/uploads\/2020\/02\/alpine-a110-sportsx-004-110x73.jpg 110w, https:\/\/www.carideal.com\/blog\/wp-content\/uploads\/2020\/02\/alpine-a110-sportsx-004-272x182.jpg 272w, https:\/\/www.carideal.com\/blog\/wp-content\/uploads\/2020\/02\/alpine-a110-sportsx-004.jpg 400w\" sizes=\"(max-width: 300px) 100vw, 300px\" \/>\n\t\t\t<\/div><\/figure><figure class='gallery-item'>\n\t\t\t<div class='gallery-icon landscape'>\n\t\t\t\t<img loading=\"lazy\" decoding=\"async\" width=\"300\" height=\"200\" src=\"https:\/\/www.carideal.com\/blog\/wp-content\/uploads\/2020\/02\/alpine-a110-sportsx-005-300x200.jpg\" class=\"attachment-medium size-medium\" alt=\"Alpine A110 Sports X\" srcset=\"https:\/\/www.carideal.com\/blog\/wp-content\/uploads\/2020\/02\/alpine-a110-sportsx-005-300x200.jpg 300w, https:\/\/www.carideal.com\/blog\/wp-content\/uploads\/2020\/02\/alpine-a110-sportsx-005-50x33.jpg 50w, https:\/\/www.carideal.com\/blog\/wp-content\/uploads\/2020\/02\/alpine-a110-sportsx-005-110x73.jpg 110w, https:\/\/www.carideal.com\/blog\/wp-content\/uploads\/2020\/02\/alpine-a110-sportsx-005-272x182.jpg 272w, https:\/\/www.carideal.com\/blog\/wp-content\/uploads\/2020\/02\/alpine-a110-sportsx-005.jpg 400w\" sizes=\"(max-width: 300px) 100vw, 300px\" \/>\n\t\t\t<\/div><\/figure><figure class='gallery-item'>\n\t\t\t<div class='gallery-icon landscape'>\n\t\t\t\t<img loading=\"lazy\" decoding=\"async\" width=\"300\" height=\"200\" src=\"https:\/\/www.carideal.com\/blog\/wp-content\/uploads\/2020\/02\/alpine-a110-sportsx-006-300x200.jpg\" class=\"attachment-medium size-medium\" alt=\"Alpine A110 Sports X\" srcset=\"https:\/\/www.carideal.com\/blog\/wp-content\/uploads\/2020\/02\/alpine-a110-sportsx-006-300x200.jpg 300w, https:\/\/www.carideal.com\/blog\/wp-content\/uploads\/2020\/02\/alpine-a110-sportsx-006-50x33.jpg 50w, https:\/\/www.carideal.com\/blog\/wp-content\/uploads\/2020\/02\/alpine-a110-sportsx-006-110x73.jpg 110w, https:\/\/www.carideal.com\/blog\/wp-content\/uploads\/2020\/02\/alpine-a110-sportsx-006-272x182.jpg 272w, https:\/\/www.carideal.com\/blog\/wp-content\/uploads\/2020\/02\/alpine-a110-sportsx-006.jpg 400w\" sizes=\"(max-width: 300px) 100vw, 300px\" \/>\n\t\t\t<\/div><\/figure><figure class='gallery-item'>\n\t\t\t<div class='gallery-icon landscape'>\n\t\t\t\t<img loading=\"lazy\" decoding=\"async\" width=\"300\" height=\"200\" src=\"https:\/\/www.carideal.com\/blog\/wp-content\/uploads\/2020\/02\/alpine-a110-sportsx-007-300x200.jpg\" class=\"attachment-medium size-medium\" alt=\"Alpine A110 Sports X\" srcset=\"https:\/\/www.carideal.com\/blog\/wp-content\/uploads\/2020\/02\/alpine-a110-sportsx-007-300x200.jpg 300w, https:\/\/www.carideal.com\/blog\/wp-content\/uploads\/2020\/02\/alpine-a110-sportsx-007-50x33.jpg 50w, https:\/\/www.carideal.com\/blog\/wp-content\/uploads\/2020\/02\/alpine-a110-sportsx-007-110x73.jpg 110w, https:\/\/www.carideal.com\/blog\/wp-content\/uploads\/2020\/02\/alpine-a110-sportsx-007-272x182.jpg 272w, https:\/\/www.carideal.com\/blog\/wp-content\/uploads\/2020\/02\/alpine-a110-sportsx-007.jpg 400w\" sizes=\"(max-width: 300px) 100vw, 300px\" \/>\n\t\t\t<\/div><\/figure><figure class='gallery-item'>\n\t\t\t<div class='gallery-icon landscape'>\n\t\t\t\t<img loading=\"lazy\" decoding=\"async\" width=\"300\" height=\"200\" src=\"https:\/\/www.carideal.com\/blog\/wp-content\/uploads\/2020\/02\/alpine-a110-sportsx-008-300x200.jpg\" class=\"attachment-medium size-medium\" alt=\"Alpine A110 Sports X\" srcset=\"https:\/\/www.carideal.com\/blog\/wp-content\/uploads\/2020\/02\/alpine-a110-sportsx-008-300x200.jpg 300w, https:\/\/www.carideal.com\/blog\/wp-content\/uploads\/2020\/02\/alpine-a110-sportsx-008-50x33.jpg 50w, https:\/\/www.carideal.com\/blog\/wp-content\/uploads\/2020\/02\/alpine-a110-sportsx-008-110x73.jpg 110w, https:\/\/www.carideal.com\/blog\/wp-content\/uploads\/2020\/02\/alpine-a110-sportsx-008-272x182.jpg 272w, https:\/\/www.carideal.com\/blog\/wp-content\/uploads\/2020\/02\/alpine-a110-sportsx-008.jpg 400w\" sizes=\"(max-width: 300px) 100vw, 300px\" \/>\n\t\t\t<\/div><\/figure>\n\t\t<\/div>\n\n<p>On y trouve \u00e9galement une A110 alpine de 1971 qui a remport\u00e9 le championnat de France des rallyes en 1968 et le championnat du monde des rallyes en 1973. Il s'agit d'une Berlinetta A110 biplace avec une bo\u00eete de vitesses \u00e0 5 rapports et un moteur de 103 ch pour d\u00e9placer 705 kg de v\u00e9hicule. Elle poss\u00e8de une structure de carrosserie en fibre de verre et en r\u00e9sine de polyester.<\/p>\n<h2>Le Concept car SUV Alpine A110 Sports X au FAI en vid\u00e9o<\/h2>\n<p><iframe loading=\"lazy\" src=\"https:\/\/www.youtube.com\/embed\/rCMcRVc2B4Y\" width=\"560\" height=\"315\" frameborder=\"0\" allowfullscreen=\"allowfullscreen\"><\/iframe><\/p>\n<p>Une <a href=\"http:\/\/www.carideal.com\/blog\/2020\/01\/29\/avis-nouvelle-alpine-a110-s-2020\/\">Alpine A110S<\/a> expos\u00e9e qui a \u00e9t\u00e9 d\u00e9voil\u00e9e en 2019 aux 24 heures du Mans et se situe au sommet de la gamme des A110. La voiture a de nouvelles touches de couleur avec un ext\u00e9rieur orange et carbone. La voiture utilise la m\u00eame carrosserie l\u00e9g\u00e8re et compacte en aluminium que toute A110, avec des ressorts h\u00e9lico\u00efdaux plus rigides et des amortisseurs r\u00e9gl\u00e9s. Elle poss\u00e8de \u00e9galement des barres anti-roulis plus fermes et creuses. La voiture biplace a une puissance de 292 ch et p\u00e8se 1114 kg. Alpine vend cette voiture \u00e0 partir de 66 500 euros.<\/p>\n","protected":false},"excerpt":{"rendered":"<p>L&rsquo;Alpine A110 Sports X pr\u00e9sent\u00e9e au Festival international de l&rsquo;automobile de 2020 Alpine participe au Festival international de l&rsquo;automobile (FAI) en 2020 et pr\u00e9sente une exposition qui met en valeur des mod\u00e8les historiques, actuels et des concepts-car. Parmi les mod\u00e8les que le constructeur automobile pr\u00e9sente au FAI, on trouve un concept car \u00ab\u00a0Crossover\u00a0\u00bb que l&rsquo;on &#8230; <a title=\"Alpine A110 Sports X pr\u00e9sent\u00e9e au Festival international de l&rsquo;automobile de 2020\" class=\"read-more\" href=\"https:\/\/www.carideal.com\/blog\/2020\/02\/03\/alpine-a110-sports-x-festival-international-automobile-2020\/\" aria-label=\"En savoir plus sur Alpine A110 Sports X pr\u00e9sent\u00e9e au Festival international de l&rsquo;automobile de 2020\">Lire plus<\/a><\/p>\n","protected":false},"author":3,"featured_media":21442,"comment_status":"open","ping_status":"open","sticky":false,"template":"","format":"standard","meta":{"_uag_custom_page_level_css":"","_themeisle_gutenberg_block_has_review":false,"footnotes":""},"categories":[6068,5944,5975,5972],"tags":[],"class_list":["post-21441","post","type-post","status-publish","format-standard","has-post-thumbnail","hentry","category-alpine","category-constructeur","category-concept-car","category-salons"],"wppr_data":{"cwp_meta_box_check":"No"},"yoast_head":"<!-- This site is optimized with the Yoast SEO plugin v24.8.1 - https:\/\/yoast.com\/wordpress\/plugins\/seo\/ -->\n<title>Alpine A110 Sports X pr\u00e9sent\u00e9e au Festival international de l&#039;automobile de 2020 - Blog auto Carid\u00e9al<\/title>\n<meta name=\"robots\" content=\"index, follow, max-snippet:-1, max-image-preview:large, max-video-preview:-1\" \/>\n<link rel=\"canonical\" href=\"https:\/\/www.carideal.com\/blog\/2020\/02\/03\/alpine-a110-sports-x-festival-international-automobile-2020\/\" \/>\n<meta property=\"og:locale\" content=\"fr_FR\" \/>\n<meta property=\"og:type\" content=\"article\" \/>\n<meta property=\"og:title\" content=\"Alpine A110 Sports X pr\u00e9sent\u00e9e au Festival international de l&#039;automobile de 2020 - Blog auto Carid\u00e9al\" \/>\n<meta property=\"og:description\" content=\"L&#039;Alpine A110 Sports X pr\u00e9sent\u00e9e au Festival international de l&#039;automobile de 2020 Alpine participe au Festival international de l&#039;automobile (FAI) en 2020 et pr\u00e9sente une exposition qui met en valeur des mod\u00e8les historiques, actuels et des concepts-car. Parmi les mod\u00e8les que le constructeur automobile pr\u00e9sente au FAI, on trouve un concept car &quot;Crossover&quot; que l&#039;on ... Lire plus\" \/>\n<meta property=\"og:url\" content=\"https:\/\/www.carideal.com\/blog\/2020\/02\/03\/alpine-a110-sports-x-festival-international-automobile-2020\/\" \/>\n<meta property=\"og:site_name\" content=\"Blog auto Carid\u00e9al\" \/>\n<meta property=\"article:publisher\" content=\"https:\/\/www.facebook.com\/Carideal.mandataire.automobile\" \/>\n<meta property=\"article:author\" content=\"https:\/\/www.facebook.com\/nicolas.schiavon.39\" \/>\n<meta property=\"article:published_time\" content=\"2020-02-03T08:17:42+00:00\" \/>\n<meta property=\"article:modified_time\" content=\"2020-02-28T09:44:40+00:00\" \/>\n<meta property=\"og:image\" content=\"https:\/\/www.carideal.com\/blog\/wp-content\/uploads\/2020\/02\/alpine-a110-sportsx-002.jpg\" \/>\n\t<meta property=\"og:image:width\" content=\"600\" \/>\n\t<meta property=\"og:image:height\" content=\"338\" \/>\n\t<meta property=\"og:image:type\" content=\"image\/jpeg\" \/>\n<meta name=\"author\" content=\"Nicolas SCHIAVON\" \/>\n<meta name=\"twitter:card\" content=\"summary_large_image\" \/>\n<meta name=\"twitter:creator\" content=\"@caridealauto\" \/>\n<meta name=\"twitter:site\" content=\"@caridealauto\" \/>\n<meta name=\"twitter:label1\" content=\"\u00c9crit par\" \/>\n\t<meta name=\"twitter:data1\" content=\"Nicolas SCHIAVON\" \/>\n\t<meta name=\"twitter:label2\" content=\"Dur\u00e9e de lecture estim\u00e9e\" \/>\n\t<meta name=\"twitter:data2\" content=\"2 minutes\" \/>\n<script type=\"application\/ld+json\" class=\"yoast-schema-graph\">{\"@context\":\"https:\/\/schema.org\",\"@graph\":[{\"@type\":\"Article\",\"@id\":\"https:\/\/www.carideal.com\/blog\/2020\/02\/03\/alpine-a110-sports-x-festival-international-automobile-2020\/#article\",\"isPartOf\":{\"@id\":\"https:\/\/www.carideal.com\/blog\/2020\/02\/03\/alpine-a110-sports-x-festival-international-automobile-2020\/\"},\"author\":{\"name\":\"Nicolas SCHIAVON\",\"@id\":\"https:\/\/www.carideal.com\/blog\/#\/schema\/person\/cd95dc7919660de90d31b366f85be1ec\"},\"headline\":\"Alpine A110 Sports X pr\u00e9sent\u00e9e au Festival international de l&rsquo;automobile de 2020\",\"datePublished\":\"2020-02-03T08:17:42+00:00\",\"dateModified\":\"2020-02-28T09:44:40+00:00\",\"mainEntityOfPage\":{\"@id\":\"https:\/\/www.carideal.com\/blog\/2020\/02\/03\/alpine-a110-sports-x-festival-international-automobile-2020\/\"},\"wordCount\":483,\"commentCount\":0,\"publisher\":{\"@id\":\"https:\/\/www.carideal.com\/blog\/#organization\"},\"image\":{\"@id\":\"https:\/\/www.carideal.com\/blog\/2020\/02\/03\/alpine-a110-sports-x-festival-international-automobile-2020\/#primaryimage\"},\"thumbnailUrl\":\"https:\/\/www.carideal.com\/blog\/wp-content\/uploads\/2020\/02\/alpine-a110-sportsx-002.jpg\",\"articleSection\":[\"Actualit\u00e9 Alpine\",\"Actualit\u00e9 Constructeur automobile\",\"Concept car\",\"Salon automobile\"],\"inLanguage\":\"fr-FR\",\"potentialAction\":[{\"@type\":\"CommentAction\",\"name\":\"Comment\",\"target\":[\"https:\/\/www.carideal.com\/blog\/2020\/02\/03\/alpine-a110-sports-x-festival-international-automobile-2020\/#respond\"]}]},{\"@type\":\"WebPage\",\"@id\":\"https:\/\/www.carideal.com\/blog\/2020\/02\/03\/alpine-a110-sports-x-festival-international-automobile-2020\/\",\"url\":\"https:\/\/www.carideal.com\/blog\/2020\/02\/03\/alpine-a110-sports-x-festival-international-automobile-2020\/\",\"name\":\"Alpine A110 Sports X pr\u00e9sent\u00e9e au Festival international de l'automobile de 2020 - Blog auto Carid\u00e9al\",\"isPartOf\":{\"@id\":\"https:\/\/www.carideal.com\/blog\/#website\"},\"primaryImageOfPage\":{\"@id\":\"https:\/\/www.carideal.com\/blog\/2020\/02\/03\/alpine-a110-sports-x-festival-international-automobile-2020\/#primaryimage\"},\"image\":{\"@id\":\"https:\/\/www.carideal.com\/blog\/2020\/02\/03\/alpine-a110-sports-x-festival-international-automobile-2020\/#primaryimage\"},\"thumbnailUrl\":\"https:\/\/www.carideal.com\/blog\/wp-content\/uploads\/2020\/02\/alpine-a110-sportsx-002.jpg\",\"datePublished\":\"2020-02-03T08:17:42+00:00\",\"dateModified\":\"2020-02-28T09:44:40+00:00\",\"breadcrumb\":{\"@id\":\"https:\/\/www.carideal.com\/blog\/2020\/02\/03\/alpine-a110-sports-x-festival-international-automobile-2020\/#breadcrumb\"},\"inLanguage\":\"fr-FR\",\"potentialAction\":[{\"@type\":\"ReadAction\",\"target\":[\"https:\/\/www.carideal.com\/blog\/2020\/02\/03\/alpine-a110-sports-x-festival-international-automobile-2020\/\"]}]},{\"@type\":\"ImageObject\",\"inLanguage\":\"fr-FR\",\"@id\":\"https:\/\/www.carideal.com\/blog\/2020\/02\/03\/alpine-a110-sports-x-festival-international-automobile-2020\/#primaryimage\",\"url\":\"https:\/\/www.carideal.com\/blog\/wp-content\/uploads\/2020\/02\/alpine-a110-sportsx-002.jpg\",\"contentUrl\":\"https:\/\/www.carideal.com\/blog\/wp-content\/uploads\/2020\/02\/alpine-a110-sportsx-002.jpg\",\"width\":600,\"height\":338,\"caption\":\"L'Alpine A110 Sports X pr\u00e9sent\u00e9e au Festival international de l'automobile de 2020\"},{\"@type\":\"BreadcrumbList\",\"@id\":\"https:\/\/www.carideal.com\/blog\/2020\/02\/03\/alpine-a110-sports-x-festival-international-automobile-2020\/#breadcrumb\",\"itemListElement\":[{\"@type\":\"ListItem\",\"position\":1,\"name\":\"Blog Carid\u00e9al\",\"item\":\"https:\/\/www.carideal.com\/blog\/\"},{\"@type\":\"ListItem\",\"position\":2,\"name\":\"Actualit\u00e9 constructeur automobile\",\"item\":\"https:\/\/www.carideal.com\/blog\/constructeur\/\"},{\"@type\":\"ListItem\",\"position\":3,\"name\":\"Actualit\u00e9 Alpine\",\"item\":\"https:\/\/www.carideal.com\/blog\/constructeur\/alpine\/\"},{\"@type\":\"ListItem\",\"position\":4,\"name\":\"Alpine A110 Sports X pr\u00e9sent\u00e9e au Festival international de l&rsquo;automobile de 2020\"}]},{\"@type\":\"WebSite\",\"@id\":\"https:\/\/www.carideal.com\/blog\/#website\",\"url\":\"https:\/\/www.carideal.com\/blog\/\",\"name\":\"Blog auto Carid\u00e9al\",\"description\":\"Actualit\u00e9 auto par des passionn\u00e9s\",\"publisher\":{\"@id\":\"https:\/\/www.carideal.com\/blog\/#organization\"},\"potentialAction\":[{\"@type\":\"SearchAction\",\"target\":{\"@type\":\"EntryPoint\",\"urlTemplate\":\"https:\/\/www.carideal.com\/blog\/?s={search_term_string}\"},\"query-input\":{\"@type\":\"PropertyValueSpecification\",\"valueRequired\":true,\"valueName\":\"search_term_string\"}}],\"inLanguage\":\"fr-FR\"},{\"@type\":\"Organization\",\"@id\":\"https:\/\/www.carideal.com\/blog\/#organization\",\"name\":\"Carideal\",\"url\":\"https:\/\/www.carideal.com\/blog\/\",\"logo\":{\"@type\":\"ImageObject\",\"inLanguage\":\"fr-FR\",\"@id\":\"https:\/\/www.carideal.com\/blog\/#\/schema\/logo\/image\/\",\"url\":\"http:\/\/www.carideal.com\/blog\/wp-content\/uploads\/2016\/03\/logo-carideal-mandataire-automobile.png\",\"contentUrl\":\"http:\/\/www.carideal.com\/blog\/wp-content\/uploads\/2016\/03\/logo-carideal-mandataire-automobile.png\",\"width\":300,\"height\":300,\"caption\":\"Carideal\"},\"image\":{\"@id\":\"https:\/\/www.carideal.com\/blog\/#\/schema\/logo\/image\/\"},\"sameAs\":[\"https:\/\/www.facebook.com\/Carideal.mandataire.automobile\",\"https:\/\/x.com\/caridealauto\",\"https:\/\/www.instagram.com\/carideal1\/\",\"https:\/\/www.linkedin.com\/company\/carideal.com\",\"https:\/\/fr.pinterest.com\/schiavonsas\/\",\"https:\/\/www.youtube.com\/user\/caridealsas\"]},{\"@type\":\"Person\",\"@id\":\"https:\/\/www.carideal.com\/blog\/#\/schema\/person\/cd95dc7919660de90d31b366f85be1ec\",\"name\":\"Nicolas SCHIAVON\",\"image\":{\"@type\":\"ImageObject\",\"inLanguage\":\"fr-FR\",\"@id\":\"https:\/\/www.carideal.com\/blog\/#\/schema\/person\/image\/\",\"url\":\"https:\/\/secure.gravatar.com\/avatar\/c17e55009e671d92cc7f5dc837dc418a?s=96&r=g\",\"contentUrl\":\"https:\/\/secure.gravatar.com\/avatar\/c17e55009e671d92cc7f5dc837dc418a?s=96&r=g\",\"caption\":\"Nicolas SCHIAVON\"},\"description\":\"Nicolas Schiavon est tomb\u00e9 tout petit dans la marmite automobile. Ayant eu un garage de marque automobile, mandataire automobile de la premi\u00e8re heure d\u00e8s 1999. Nicolas a cr\u00e9\u00e9 ces premiers sites de vente de voiture et blog automobile d\u00e8s 1994. Carideal est n\u00e9 le 15 d\u00e9cembre 2000 de la volont\u00e9 de vendre des voitures d'occasions en ligne puis des voitures neuves. Il a pu essayer beaucoup de voitures tr\u00e8s diff\u00e9rentes et ayant eu personnellement quelques belles autos, Subaru Impreza, Mitsubishi Lancer Evo 7, Porsche 911, Ferrari Testarrossa, Audi RS3, RS4 et j'en passe...\",\"sameAs\":[\"http:\/\/www.carideal.com\",\"https:\/\/www.facebook.com\/nicolas.schiavon.39\",\"https:\/\/www.instagram.com\/carideal1\/\",\"https:\/\/www.linkedin.com\/in\/nschiavon\/\",\"https:\/\/x.com\/caridealauto\",\"https:\/\/www.youtube.com\/user\/caridealsas\/\"],\"url\":\"https:\/\/www.carideal.com\/blog\/author\/nschiavon\/\"}]}<\/script>\n<!-- \/ Yoast SEO plugin. -->","yoast_head_json":{"title":"Alpine A110 Sports X pr\u00e9sent\u00e9e au Festival international de l'automobile de 2020 - Blog auto Carid\u00e9al","robots":{"index":"index","follow":"follow","max-snippet":"max-snippet:-1","max-image-preview":"max-image-preview:large","max-video-preview":"max-video-preview:-1"},"canonical":"https:\/\/www.carideal.com\/blog\/2020\/02\/03\/alpine-a110-sports-x-festival-international-automobile-2020\/","og_locale":"fr_FR","og_type":"article","og_title":"Alpine A110 Sports X pr\u00e9sent\u00e9e au Festival international de l'automobile de 2020 - Blog auto Carid\u00e9al","og_description":"L'Alpine A110 Sports X pr\u00e9sent\u00e9e au Festival international de l'automobile de 2020 Alpine participe au Festival international de l'automobile (FAI) en 2020 et pr\u00e9sente une exposition qui met en valeur des mod\u00e8les historiques, actuels et des concepts-car. Parmi les mod\u00e8les que le constructeur automobile pr\u00e9sente au FAI, on trouve un concept car \"Crossover\" que l'on ... Lire plus","og_url":"https:\/\/www.carideal.com\/blog\/2020\/02\/03\/alpine-a110-sports-x-festival-international-automobile-2020\/","og_site_name":"Blog auto Carid\u00e9al","article_publisher":"https:\/\/www.facebook.com\/Carideal.mandataire.automobile","article_author":"https:\/\/www.facebook.com\/nicolas.schiavon.39","article_published_time":"2020-02-03T08:17:42+00:00","article_modified_time":"2020-02-28T09:44:40+00:00","og_image":[{"width":600,"height":338,"url":"https:\/\/www.carideal.com\/blog\/wp-content\/uploads\/2020\/02\/alpine-a110-sportsx-002.jpg","type":"image\/jpeg"}],"author":"Nicolas SCHIAVON","twitter_card":"summary_large_image","twitter_creator":"@caridealauto","twitter_site":"@caridealauto","twitter_misc":{"\u00c9crit par":"Nicolas SCHIAVON","Dur\u00e9e de lecture estim\u00e9e":"2 minutes"},"schema":{"@context":"https:\/\/schema.org","@graph":[{"@type":"Article","@id":"https:\/\/www.carideal.com\/blog\/2020\/02\/03\/alpine-a110-sports-x-festival-international-automobile-2020\/#article","isPartOf":{"@id":"https:\/\/www.carideal.com\/blog\/2020\/02\/03\/alpine-a110-sports-x-festival-international-automobile-2020\/"},"author":{"name":"Nicolas SCHIAVON","@id":"https:\/\/www.carideal.com\/blog\/#\/schema\/person\/cd95dc7919660de90d31b366f85be1ec"},"headline":"Alpine A110 Sports X pr\u00e9sent\u00e9e au Festival international de l&rsquo;automobile de 2020","datePublished":"2020-02-03T08:17:42+00:00","dateModified":"2020-02-28T09:44:40+00:00","mainEntityOfPage":{"@id":"https:\/\/www.carideal.com\/blog\/2020\/02\/03\/alpine-a110-sports-x-festival-international-automobile-2020\/"},"wordCount":483,"commentCount":0,"publisher":{"@id":"https:\/\/www.carideal.com\/blog\/#organization"},"image":{"@id":"https:\/\/www.carideal.com\/blog\/2020\/02\/03\/alpine-a110-sports-x-festival-international-automobile-2020\/#primaryimage"},"thumbnailUrl":"https:\/\/www.carideal.com\/blog\/wp-content\/uploads\/2020\/02\/alpine-a110-sportsx-002.jpg","articleSection":["Actualit\u00e9 Alpine","Actualit\u00e9 Constructeur automobile","Concept car","Salon automobile"],"inLanguage":"fr-FR","potentialAction":[{"@type":"CommentAction","name":"Comment","target":["https:\/\/www.carideal.com\/blog\/2020\/02\/03\/alpine-a110-sports-x-festival-international-automobile-2020\/#respond"]}]},{"@type":"WebPage","@id":"https:\/\/www.carideal.com\/blog\/2020\/02\/03\/alpine-a110-sports-x-festival-international-automobile-2020\/","url":"https:\/\/www.carideal.com\/blog\/2020\/02\/03\/alpine-a110-sports-x-festival-international-automobile-2020\/","name":"Alpine A110 Sports X pr\u00e9sent\u00e9e au Festival international de l'automobile de 2020 - Blog auto Carid\u00e9al","isPartOf":{"@id":"https:\/\/www.carideal.com\/blog\/#website"},"primaryImageOfPage":{"@id":"https:\/\/www.carideal.com\/blog\/2020\/02\/03\/alpine-a110-sports-x-festival-international-automobile-2020\/#primaryimage"},"image":{"@id":"https:\/\/www.carideal.com\/blog\/2020\/02\/03\/alpine-a110-sports-x-festival-international-automobile-2020\/#primaryimage"},"thumbnailUrl":"https:\/\/www.carideal.com\/blog\/wp-content\/uploads\/2020\/02\/alpine-a110-sportsx-002.jpg","datePublished":"2020-02-03T08:17:42+00:00","dateModified":"2020-02-28T09:44:40+00:00","breadcrumb":{"@id":"https:\/\/www.carideal.com\/blog\/2020\/02\/03\/alpine-a110-sports-x-festival-international-automobile-2020\/#breadcrumb"},"inLanguage":"fr-FR","potentialAction":[{"@type":"ReadAction","target":["https:\/\/www.carideal.com\/blog\/2020\/02\/03\/alpine-a110-sports-x-festival-international-automobile-2020\/"]}]},{"@type":"ImageObject","inLanguage":"fr-FR","@id":"https:\/\/www.carideal.com\/blog\/2020\/02\/03\/alpine-a110-sports-x-festival-international-automobile-2020\/#primaryimage","url":"https:\/\/www.carideal.com\/blog\/wp-content\/uploads\/2020\/02\/alpine-a110-sportsx-002.jpg","contentUrl":"https:\/\/www.carideal.com\/blog\/wp-content\/uploads\/2020\/02\/alpine-a110-sportsx-002.jpg","width":600,"height":338,"caption":"L'Alpine A110 Sports X pr\u00e9sent\u00e9e au Festival international de l'automobile de 2020"},{"@type":"BreadcrumbList","@id":"https:\/\/www.carideal.com\/blog\/2020\/02\/03\/alpine-a110-sports-x-festival-international-automobile-2020\/#breadcrumb","itemListElement":[{"@type":"ListItem","position":1,"name":"Blog Carid\u00e9al","item":"https:\/\/www.carideal.com\/blog\/"},{"@type":"ListItem","position":2,"name":"Actualit\u00e9 constructeur automobile","item":"https:\/\/www.carideal.com\/blog\/constructeur\/"},{"@type":"ListItem","position":3,"name":"Actualit\u00e9 Alpine","item":"https:\/\/www.carideal.com\/blog\/constructeur\/alpine\/"},{"@type":"ListItem","position":4,"name":"Alpine A110 Sports X pr\u00e9sent\u00e9e au Festival international de l&rsquo;automobile de 2020"}]},{"@type":"WebSite","@id":"https:\/\/www.carideal.com\/blog\/#website","url":"https:\/\/www.carideal.com\/blog\/","name":"Blog auto Carid\u00e9al","description":"Actualit\u00e9 auto par des passionn\u00e9s","publisher":{"@id":"https:\/\/www.carideal.com\/blog\/#organization"},"potentialAction":[{"@type":"SearchAction","target":{"@type":"EntryPoint","urlTemplate":"https:\/\/www.carideal.com\/blog\/?s={search_term_string}"},"query-input":{"@type":"PropertyValueSpecification","valueRequired":true,"valueName":"search_term_string"}}],"inLanguage":"fr-FR"},{"@type":"Organization","@id":"https:\/\/www.carideal.com\/blog\/#organization","name":"Carideal","url":"https:\/\/www.carideal.com\/blog\/","logo":{"@type":"ImageObject","inLanguage":"fr-FR","@id":"https:\/\/www.carideal.com\/blog\/#\/schema\/logo\/image\/","url":"http:\/\/www.carideal.com\/blog\/wp-content\/uploads\/2016\/03\/logo-carideal-mandataire-automobile.png","contentUrl":"http:\/\/www.carideal.com\/blog\/wp-content\/uploads\/2016\/03\/logo-carideal-mandataire-automobile.png","width":300,"height":300,"caption":"Carideal"},"image":{"@id":"https:\/\/www.carideal.com\/blog\/#\/schema\/logo\/image\/"},"sameAs":["https:\/\/www.facebook.com\/Carideal.mandataire.automobile","https:\/\/x.com\/caridealauto","https:\/\/www.instagram.com\/carideal1\/","https:\/\/www.linkedin.com\/company\/carideal.com","https:\/\/fr.pinterest.com\/schiavonsas\/","https:\/\/www.youtube.com\/user\/caridealsas"]},{"@type":"Person","@id":"https:\/\/www.carideal.com\/blog\/#\/schema\/person\/cd95dc7919660de90d31b366f85be1ec","name":"Nicolas SCHIAVON","image":{"@type":"ImageObject","inLanguage":"fr-FR","@id":"https:\/\/www.carideal.com\/blog\/#\/schema\/person\/image\/","url":"https:\/\/secure.gravatar.com\/avatar\/c17e55009e671d92cc7f5dc837dc418a?s=96&r=g","contentUrl":"https:\/\/secure.gravatar.com\/avatar\/c17e55009e671d92cc7f5dc837dc418a?s=96&r=g","caption":"Nicolas SCHIAVON"},"description":"Nicolas Schiavon est tomb\u00e9 tout petit dans la marmite automobile. Ayant eu un garage de marque automobile, mandataire automobile de la premi\u00e8re heure d\u00e8s 1999. Nicolas a cr\u00e9\u00e9 ces premiers sites de vente de voiture et blog automobile d\u00e8s 1994. Carideal est n\u00e9 le 15 d\u00e9cembre 2000 de la volont\u00e9 de vendre des voitures d'occasions en ligne puis des voitures neuves. Il a pu essayer beaucoup de voitures tr\u00e8s diff\u00e9rentes et ayant eu personnellement quelques belles autos, Subaru Impreza, Mitsubishi Lancer Evo 7, Porsche 911, Ferrari Testarrossa, Audi RS3, RS4 et j'en passe...","sameAs":["http:\/\/www.carideal.com","https:\/\/www.facebook.com\/nicolas.schiavon.39","https:\/\/www.instagram.com\/carideal1\/","https:\/\/www.linkedin.com\/in\/nschiavon\/","https:\/\/x.com\/caridealauto","https:\/\/www.youtube.com\/user\/caridealsas\/"],"url":"https:\/\/www.carideal.com\/blog\/author\/nschiavon\/"}]}},"uagb_featured_image_src":{"full":["https:\/\/www.carideal.com\/blog\/wp-content\/uploads\/2020\/02\/alpine-a110-sportsx-002.jpg",600,338,false],"thumbnail":["https:\/\/www.carideal.com\/blog\/wp-content\/uploads\/2020\/02\/alpine-a110-sportsx-002-150x150.jpg",150,150,true],"medium":["https:\/\/www.carideal.com\/blog\/wp-content\/uploads\/2020\/02\/alpine-a110-sportsx-002-300x169.jpg",300,169,true],"medium_large":["https:\/\/www.carideal.com\/blog\/wp-content\/uploads\/2020\/02\/alpine-a110-sportsx-002.jpg",600,338,false],"large":["https:\/\/www.carideal.com\/blog\/wp-content\/uploads\/2020\/02\/alpine-a110-sportsx-002.jpg",600,338,false],"1536x1536":["https:\/\/www.carideal.com\/blog\/wp-content\/uploads\/2020\/02\/alpine-a110-sportsx-002.jpg",600,338,false],"2048x2048":["https:\/\/www.carideal.com\/blog\/wp-content\/uploads\/2020\/02\/alpine-a110-sportsx-002.jpg",600,338,false],"wppr-widget":["https:\/\/www.carideal.com\/blog\/wp-content\/uploads\/2020\/02\/alpine-a110-sportsx-002-50x28.jpg",50,28,true]},"uagb_author_info":{"display_name":"Nicolas SCHIAVON","author_link":"https:\/\/www.carideal.com\/blog\/author\/nschiavon\/"},"uagb_comment_info":0,"uagb_excerpt":"L'Alpine A110 Sports X pr\u00e9sent\u00e9e au Festival international de l'automobile de 2020 Alpine participe au Festival international de l'automobile (FAI) en 2020 et pr\u00e9sente une exposition qui met en valeur des mod\u00e8les historiques, actuels et des concepts-car. Parmi les mod\u00e8les que le constructeur automobile pr\u00e9sente au FAI, on trouve un concept car \"Crossover\" que l'on\u2026","_links":{"self":[{"href":"https:\/\/www.carideal.com\/blog\/wp-json\/wp\/v2\/posts\/21441"}],"collection":[{"href":"https:\/\/www.carideal.com\/blog\/wp-json\/wp\/v2\/posts"}],"about":[{"href":"https:\/\/www.carideal.com\/blog\/wp-json\/wp\/v2\/types\/post"}],"author":[{"embeddable":true,"href":"https:\/\/www.carideal.com\/blog\/wp-json\/wp\/v2\/users\/3"}],"replies":[{"embeddable":true,"href":"https:\/\/www.carideal.com\/blog\/wp-json\/wp\/v2\/comments?post=21441"}],"version-history":[{"count":0,"href":"https:\/\/www.carideal.com\/blog\/wp-json\/wp\/v2\/posts\/21441\/revisions"}],"wp:featuredmedia":[{"embeddable":true,"href":"https:\/\/www.carideal.com\/blog\/wp-json\/wp\/v2\/media\/21442"}],"wp:attachment":[{"href":"https:\/\/www.carideal.com\/blog\/wp-json\/wp\/v2\/media?parent=21441"}],"wp:term":[{"taxonomy":"category","embeddable":true,"href":"https:\/\/www.carideal.com\/blog\/wp-json\/wp\/v2\/categories?post=21441"},{"taxonomy":"post_tag","embeddable":true,"href":"https:\/\/www.carideal.com\/blog\/wp-json\/wp\/v2\/tags?post=21441"}],"curies":[{"name":"wp","href":"https:\/\/api.w.org\/{rel}","templated":true}]}}