{"id":214,"date":"2011-05-12T15:16:00","date_gmt":"2011-05-12T15:16:00","guid":{"rendered":"http:\/\/carideal.com\/blog\/?p=214"},"modified":"2011-05-12T15:16:00","modified_gmt":"2011-05-12T15:16:00","slug":"le-moteur-a-combustion-interne-a-de-beaux-jours-devant-lui","status":"publish","type":"post","link":"https:\/\/www.carideal.com\/blog\/2011\/05\/12\/le-moteur-a-combustion-interne-a-de-beaux-jours-devant-lui\/","title":{"rendered":"Le moteur \u00e0 combustion interne a de beaux jours devant lui"},"content":{"rendered":"<p><img decoding=\"async\" src=\"\/blog\/public\/.moteur-renault-dci-105-110-k9k-carideal_m.jpg\" alt=\"Moteur renault dci 105 110 dci k9k\" title=\"Moteur renault dci 105 110 dci k9k, f\u00e9v. 2011\" \/><\/p>\n<blockquote>\n<p>le moteur tel que nous le connaissons aujourd'hui a encore de beau jours devant lui<\/p>\n<\/blockquote>\n<p>D'apr\u00e8s bon nombre de pr\u00e9visionistes les voitures \u00e9quip\u00e9es de moteurs \u00e0 combustion interne domineraient le march\u00e9 jusque au dela de 2030 voir 2040. La majorit\u00e9 des experts pensent que les <a href=\"\/blog\/index.php?tag\/voitures\">voitures<\/a> <a href=\"\/blog\/index.php?tag\/%C3%A9lectriques\">\u00e9lectriques<\/a> ne repr\u00e9senteront que 5% du march\u00e9 en 2020.<\/p>\n<p><a href=\"\/blog\/index.php?post\/2011\/05\/12\/Voiture-electrique-cheres-infrastructures\">\/ Rapport du S\u00e9nateur louis N\u00e8gre sur la recharge des voiture \u00e9lectrique<\/a><\/p>\n","protected":false},"excerpt":{"rendered":"<p>le moteur tel que nous le connaissons aujourd&rsquo;hui a encore de beau jours devant lui D&rsquo;apr\u00e8s bon nombre de pr\u00e9visionistes les voitures \u00e9quip\u00e9es de moteurs \u00e0 combustion interne domineraient le march\u00e9 jusque au dela de 2030 voir 2040. La majorit\u00e9 des experts pensent que les voitures \u00e9lectriques ne repr\u00e9senteront que 5% du march\u00e9 en 2020. &#8230; <a title=\"Le moteur \u00e0 combustion interne a de beaux jours devant lui\" class=\"read-more\" href=\"https:\/\/www.carideal.com\/blog\/2011\/05\/12\/le-moteur-a-combustion-interne-a-de-beaux-jours-devant-lui\/\" aria-label=\"En savoir plus sur Le moteur \u00e0 combustion interne a de beaux jours devant lui\">Lire plus<\/a><\/p>\n","protected":false},"author":1,"featured_media":0,"comment_status":"open","ping_status":"open","sticky":false,"template":"","format":"standard","meta":{"_uag_custom_page_level_css":"","_themeisle_gutenberg_block_has_review":false,"footnotes":""},"categories":[6],"tags":[],"class_list":["post-214","post","type-post","status-publish","format-standard","hentry","category-ecologie"],"wppr_data":[],"yoast_head":"<!-- This site is optimized with the Yoast SEO plugin v24.8.1 - https:\/\/yoast.com\/wordpress\/plugins\/seo\/ -->\n<title>Le moteur \u00e0 combustion interne a de beaux jours devant lui - Blog auto Carid\u00e9al<\/title>\n<meta name=\"robots\" content=\"index, follow, max-snippet:-1, max-image-preview:large, max-video-preview:-1\" \/>\n<link rel=\"canonical\" href=\"https:\/\/www.carideal.com\/blog\/2011\/05\/12\/le-moteur-a-combustion-interne-a-de-beaux-jours-devant-lui\/\" \/>\n<meta property=\"og:locale\" content=\"fr_FR\" \/>\n<meta property=\"og:type\" content=\"article\" \/>\n<meta property=\"og:title\" content=\"Le moteur \u00e0 combustion interne a de beaux jours devant lui - Blog auto Carid\u00e9al\" \/>\n<meta property=\"og:description\" content=\"le moteur tel que nous le connaissons aujourd&#039;hui a encore de beau jours devant lui D&#039;apr\u00e8s bon nombre de pr\u00e9visionistes les voitures \u00e9quip\u00e9es de moteurs \u00e0 combustion interne domineraient le march\u00e9 jusque au dela de 2030 voir 2040. La majorit\u00e9 des experts pensent que les voitures \u00e9lectriques ne repr\u00e9senteront que 5% du march\u00e9 en 2020. ... Lire plus\" \/>\n<meta property=\"og:url\" content=\"https:\/\/www.carideal.com\/blog\/2011\/05\/12\/le-moteur-a-combustion-interne-a-de-beaux-jours-devant-lui\/\" \/>\n<meta property=\"og:site_name\" content=\"Blog auto Carid\u00e9al\" \/>\n<meta property=\"article:publisher\" content=\"https:\/\/www.facebook.com\/Carideal.mandataire.automobile\" \/>\n<meta property=\"article:author\" content=\"https:\/\/www.facebook.com\/Carideal.mandataire.automobile\/\" \/>\n<meta property=\"article:published_time\" content=\"2011-05-12T15:16:00+00:00\" \/>\n<meta property=\"og:image\" content=\"https:\/\/www.carideal.com\/blog\/wp-content\/uploads\/2016\/03\/logo-carideal-mandataire-automobile.png\" \/>\n\t<meta property=\"og:image:width\" content=\"300\" \/>\n\t<meta property=\"og:image:height\" content=\"300\" \/>\n\t<meta property=\"og:image:type\" content=\"image\/png\" \/>\n<meta name=\"author\" content=\"N.S Carideal\" \/>\n<meta name=\"twitter:card\" content=\"summary_large_image\" \/>\n<meta name=\"twitter:creator\" content=\"@caridealauto\" \/>\n<meta name=\"twitter:site\" content=\"@caridealauto\" \/>\n<meta name=\"twitter:label1\" content=\"\u00c9crit par\" \/>\n\t<meta name=\"twitter:data1\" content=\"N.S Carideal\" \/>\n<script type=\"application\/ld+json\" class=\"yoast-schema-graph\">{\"@context\":\"https:\/\/schema.org\",\"@graph\":[{\"@type\":\"Article\",\"@id\":\"https:\/\/www.carideal.com\/blog\/2011\/05\/12\/le-moteur-a-combustion-interne-a-de-beaux-jours-devant-lui\/#article\",\"isPartOf\":{\"@id\":\"https:\/\/www.carideal.com\/blog\/2011\/05\/12\/le-moteur-a-combustion-interne-a-de-beaux-jours-devant-lui\/\"},\"author\":{\"name\":\"N.S Carideal\",\"@id\":\"https:\/\/www.carideal.com\/blog\/#\/schema\/person\/985c7e757d1042d647f21bfaf8d41ebc\"},\"headline\":\"Le moteur \u00e0 combustion interne a de beaux jours devant lui\",\"datePublished\":\"2011-05-12T15:16:00+00:00\",\"mainEntityOfPage\":{\"@id\":\"https:\/\/www.carideal.com\/blog\/2011\/05\/12\/le-moteur-a-combustion-interne-a-de-beaux-jours-devant-lui\/\"},\"wordCount\":77,\"commentCount\":0,\"publisher\":{\"@id\":\"https:\/\/www.carideal.com\/blog\/#organization\"},\"articleSection\":[\"Ecologie\"],\"inLanguage\":\"fr-FR\",\"potentialAction\":[{\"@type\":\"CommentAction\",\"name\":\"Comment\",\"target\":[\"https:\/\/www.carideal.com\/blog\/2011\/05\/12\/le-moteur-a-combustion-interne-a-de-beaux-jours-devant-lui\/#respond\"]}]},{\"@type\":\"WebPage\",\"@id\":\"https:\/\/www.carideal.com\/blog\/2011\/05\/12\/le-moteur-a-combustion-interne-a-de-beaux-jours-devant-lui\/\",\"url\":\"https:\/\/www.carideal.com\/blog\/2011\/05\/12\/le-moteur-a-combustion-interne-a-de-beaux-jours-devant-lui\/\",\"name\":\"Le moteur \u00e0 combustion interne a de beaux jours devant lui - Blog auto Carid\u00e9al\",\"isPartOf\":{\"@id\":\"https:\/\/www.carideal.com\/blog\/#website\"},\"datePublished\":\"2011-05-12T15:16:00+00:00\",\"breadcrumb\":{\"@id\":\"https:\/\/www.carideal.com\/blog\/2011\/05\/12\/le-moteur-a-combustion-interne-a-de-beaux-jours-devant-lui\/#breadcrumb\"},\"inLanguage\":\"fr-FR\",\"potentialAction\":[{\"@type\":\"ReadAction\",\"target\":[\"https:\/\/www.carideal.com\/blog\/2011\/05\/12\/le-moteur-a-combustion-interne-a-de-beaux-jours-devant-lui\/\"]}]},{\"@type\":\"BreadcrumbList\",\"@id\":\"https:\/\/www.carideal.com\/blog\/2011\/05\/12\/le-moteur-a-combustion-interne-a-de-beaux-jours-devant-lui\/#breadcrumb\",\"itemListElement\":[{\"@type\":\"ListItem\",\"position\":1,\"name\":\"Blog Carid\u00e9al\",\"item\":\"https:\/\/www.carideal.com\/blog\/\"},{\"@type\":\"ListItem\",\"position\":2,\"name\":\"Ecologie\",\"item\":\"https:\/\/www.carideal.com\/blog\/ecologie\/\"},{\"@type\":\"ListItem\",\"position\":3,\"name\":\"Le moteur \u00e0 combustion interne a de beaux jours devant lui\"}]},{\"@type\":\"WebSite\",\"@id\":\"https:\/\/www.carideal.com\/blog\/#website\",\"url\":\"https:\/\/www.carideal.com\/blog\/\",\"name\":\"Blog auto Carid\u00e9al\",\"description\":\"Actualit\u00e9 auto par des passionn\u00e9s\",\"publisher\":{\"@id\":\"https:\/\/www.carideal.com\/blog\/#organization\"},\"potentialAction\":[{\"@type\":\"SearchAction\",\"target\":{\"@type\":\"EntryPoint\",\"urlTemplate\":\"https:\/\/www.carideal.com\/blog\/?s={search_term_string}\"},\"query-input\":{\"@type\":\"PropertyValueSpecification\",\"valueRequired\":true,\"valueName\":\"search_term_string\"}}],\"inLanguage\":\"fr-FR\"},{\"@type\":\"Organization\",\"@id\":\"https:\/\/www.carideal.com\/blog\/#organization\",\"name\":\"Carideal\",\"url\":\"https:\/\/www.carideal.com\/blog\/\",\"logo\":{\"@type\":\"ImageObject\",\"inLanguage\":\"fr-FR\",\"@id\":\"https:\/\/www.carideal.com\/blog\/#\/schema\/logo\/image\/\",\"url\":\"http:\/\/www.carideal.com\/blog\/wp-content\/uploads\/2016\/03\/logo-carideal-mandataire-automobile.png\",\"contentUrl\":\"http:\/\/www.carideal.com\/blog\/wp-content\/uploads\/2016\/03\/logo-carideal-mandataire-automobile.png\",\"width\":300,\"height\":300,\"caption\":\"Carideal\"},\"image\":{\"@id\":\"https:\/\/www.carideal.com\/blog\/#\/schema\/logo\/image\/\"},\"sameAs\":[\"https:\/\/www.facebook.com\/Carideal.mandataire.automobile\",\"https:\/\/x.com\/caridealauto\",\"https:\/\/www.instagram.com\/carideal1\/\",\"https:\/\/www.linkedin.com\/company\/carideal.com\",\"https:\/\/fr.pinterest.com\/schiavonsas\/\",\"https:\/\/www.youtube.com\/user\/caridealsas\"]},{\"@type\":\"Person\",\"@id\":\"https:\/\/www.carideal.com\/blog\/#\/schema\/person\/985c7e757d1042d647f21bfaf8d41ebc\",\"name\":\"N.S Carideal\",\"image\":{\"@type\":\"ImageObject\",\"inLanguage\":\"fr-FR\",\"@id\":\"https:\/\/www.carideal.com\/blog\/#\/schema\/person\/image\/\",\"url\":\"https:\/\/secure.gravatar.com\/avatar\/edb7ccdf1a4e3d14aef967760d354d0e?s=96&r=g\",\"contentUrl\":\"https:\/\/secure.gravatar.com\/avatar\/edb7ccdf1a4e3d14aef967760d354d0e?s=96&r=g\",\"caption\":\"N.S Carideal\"},\"description\":\"Depuis tout petit fan d'automobile. Il est question d'essayer et de comparer toutes ces voitures qui nous ont fait r\u00e9ver, avant que celles-ci ne devient uniquement des voitures de collection.\",\"sameAs\":[\"http:\/\/www.carideal.com\/blog\",\"https:\/\/www.facebook.com\/Carideal.mandataire.automobile\/\",\"https:\/\/www.linkedin.com\/in\/nschiavon\/\",\"https:\/\/www.youtube.com\/user\/caridealsas\/\"],\"url\":\"https:\/\/www.carideal.com\/blog\/author\/admin_carideal\/\"}]}<\/script>\n<!-- \/ Yoast SEO plugin. -->","yoast_head_json":{"title":"Le moteur \u00e0 combustion interne a de beaux jours devant lui - Blog auto Carid\u00e9al","robots":{"index":"index","follow":"follow","max-snippet":"max-snippet:-1","max-image-preview":"max-image-preview:large","max-video-preview":"max-video-preview:-1"},"canonical":"https:\/\/www.carideal.com\/blog\/2011\/05\/12\/le-moteur-a-combustion-interne-a-de-beaux-jours-devant-lui\/","og_locale":"fr_FR","og_type":"article","og_title":"Le moteur \u00e0 combustion interne a de beaux jours devant lui - Blog auto Carid\u00e9al","og_description":"le moteur tel que nous le connaissons aujourd'hui a encore de beau jours devant lui D'apr\u00e8s bon nombre de pr\u00e9visionistes les voitures \u00e9quip\u00e9es de moteurs \u00e0 combustion interne domineraient le march\u00e9 jusque au dela de 2030 voir 2040. La majorit\u00e9 des experts pensent que les voitures \u00e9lectriques ne repr\u00e9senteront que 5% du march\u00e9 en 2020. ... Lire plus","og_url":"https:\/\/www.carideal.com\/blog\/2011\/05\/12\/le-moteur-a-combustion-interne-a-de-beaux-jours-devant-lui\/","og_site_name":"Blog auto Carid\u00e9al","article_publisher":"https:\/\/www.facebook.com\/Carideal.mandataire.automobile","article_author":"https:\/\/www.facebook.com\/Carideal.mandataire.automobile\/","article_published_time":"2011-05-12T15:16:00+00:00","og_image":[{"width":300,"height":300,"url":"https:\/\/www.carideal.com\/blog\/wp-content\/uploads\/2016\/03\/logo-carideal-mandataire-automobile.png","type":"image\/png"}],"author":"N.S Carideal","twitter_card":"summary_large_image","twitter_creator":"@caridealauto","twitter_site":"@caridealauto","twitter_misc":{"\u00c9crit par":"N.S Carideal"},"schema":{"@context":"https:\/\/schema.org","@graph":[{"@type":"Article","@id":"https:\/\/www.carideal.com\/blog\/2011\/05\/12\/le-moteur-a-combustion-interne-a-de-beaux-jours-devant-lui\/#article","isPartOf":{"@id":"https:\/\/www.carideal.com\/blog\/2011\/05\/12\/le-moteur-a-combustion-interne-a-de-beaux-jours-devant-lui\/"},"author":{"name":"N.S Carideal","@id":"https:\/\/www.carideal.com\/blog\/#\/schema\/person\/985c7e757d1042d647f21bfaf8d41ebc"},"headline":"Le moteur \u00e0 combustion interne a de beaux jours devant lui","datePublished":"2011-05-12T15:16:00+00:00","mainEntityOfPage":{"@id":"https:\/\/www.carideal.com\/blog\/2011\/05\/12\/le-moteur-a-combustion-interne-a-de-beaux-jours-devant-lui\/"},"wordCount":77,"commentCount":0,"publisher":{"@id":"https:\/\/www.carideal.com\/blog\/#organization"},"articleSection":["Ecologie"],"inLanguage":"fr-FR","potentialAction":[{"@type":"CommentAction","name":"Comment","target":["https:\/\/www.carideal.com\/blog\/2011\/05\/12\/le-moteur-a-combustion-interne-a-de-beaux-jours-devant-lui\/#respond"]}]},{"@type":"WebPage","@id":"https:\/\/www.carideal.com\/blog\/2011\/05\/12\/le-moteur-a-combustion-interne-a-de-beaux-jours-devant-lui\/","url":"https:\/\/www.carideal.com\/blog\/2011\/05\/12\/le-moteur-a-combustion-interne-a-de-beaux-jours-devant-lui\/","name":"Le moteur \u00e0 combustion interne a de beaux jours devant lui - Blog auto Carid\u00e9al","isPartOf":{"@id":"https:\/\/www.carideal.com\/blog\/#website"},"datePublished":"2011-05-12T15:16:00+00:00","breadcrumb":{"@id":"https:\/\/www.carideal.com\/blog\/2011\/05\/12\/le-moteur-a-combustion-interne-a-de-beaux-jours-devant-lui\/#breadcrumb"},"inLanguage":"fr-FR","potentialAction":[{"@type":"ReadAction","target":["https:\/\/www.carideal.com\/blog\/2011\/05\/12\/le-moteur-a-combustion-interne-a-de-beaux-jours-devant-lui\/"]}]},{"@type":"BreadcrumbList","@id":"https:\/\/www.carideal.com\/blog\/2011\/05\/12\/le-moteur-a-combustion-interne-a-de-beaux-jours-devant-lui\/#breadcrumb","itemListElement":[{"@type":"ListItem","position":1,"name":"Blog Carid\u00e9al","item":"https:\/\/www.carideal.com\/blog\/"},{"@type":"ListItem","position":2,"name":"Ecologie","item":"https:\/\/www.carideal.com\/blog\/ecologie\/"},{"@type":"ListItem","position":3,"name":"Le moteur \u00e0 combustion interne a de beaux jours devant lui"}]},{"@type":"WebSite","@id":"https:\/\/www.carideal.com\/blog\/#website","url":"https:\/\/www.carideal.com\/blog\/","name":"Blog auto Carid\u00e9al","description":"Actualit\u00e9 auto par des passionn\u00e9s","publisher":{"@id":"https:\/\/www.carideal.com\/blog\/#organization"},"potentialAction":[{"@type":"SearchAction","target":{"@type":"EntryPoint","urlTemplate":"https:\/\/www.carideal.com\/blog\/?s={search_term_string}"},"query-input":{"@type":"PropertyValueSpecification","valueRequired":true,"valueName":"search_term_string"}}],"inLanguage":"fr-FR"},{"@type":"Organization","@id":"https:\/\/www.carideal.com\/blog\/#organization","name":"Carideal","url":"https:\/\/www.carideal.com\/blog\/","logo":{"@type":"ImageObject","inLanguage":"fr-FR","@id":"https:\/\/www.carideal.com\/blog\/#\/schema\/logo\/image\/","url":"http:\/\/www.carideal.com\/blog\/wp-content\/uploads\/2016\/03\/logo-carideal-mandataire-automobile.png","contentUrl":"http:\/\/www.carideal.com\/blog\/wp-content\/uploads\/2016\/03\/logo-carideal-mandataire-automobile.png","width":300,"height":300,"caption":"Carideal"},"image":{"@id":"https:\/\/www.carideal.com\/blog\/#\/schema\/logo\/image\/"},"sameAs":["https:\/\/www.facebook.com\/Carideal.mandataire.automobile","https:\/\/x.com\/caridealauto","https:\/\/www.instagram.com\/carideal1\/","https:\/\/www.linkedin.com\/company\/carideal.com","https:\/\/fr.pinterest.com\/schiavonsas\/","https:\/\/www.youtube.com\/user\/caridealsas"]},{"@type":"Person","@id":"https:\/\/www.carideal.com\/blog\/#\/schema\/person\/985c7e757d1042d647f21bfaf8d41ebc","name":"N.S Carideal","image":{"@type":"ImageObject","inLanguage":"fr-FR","@id":"https:\/\/www.carideal.com\/blog\/#\/schema\/person\/image\/","url":"https:\/\/secure.gravatar.com\/avatar\/edb7ccdf1a4e3d14aef967760d354d0e?s=96&r=g","contentUrl":"https:\/\/secure.gravatar.com\/avatar\/edb7ccdf1a4e3d14aef967760d354d0e?s=96&r=g","caption":"N.S Carideal"},"description":"Depuis tout petit fan d'automobile. Il est question d'essayer et de comparer toutes ces voitures qui nous ont fait r\u00e9ver, avant que celles-ci ne devient uniquement des voitures de collection.","sameAs":["http:\/\/www.carideal.com\/blog","https:\/\/www.facebook.com\/Carideal.mandataire.automobile\/","https:\/\/www.linkedin.com\/in\/nschiavon\/","https:\/\/www.youtube.com\/user\/caridealsas\/"],"url":"https:\/\/www.carideal.com\/blog\/author\/admin_carideal\/"}]}},"uagb_featured_image_src":{"full":false,"thumbnail":false,"medium":false,"medium_large":false,"large":false,"1536x1536":false,"2048x2048":false,"wppr-widget":false},"uagb_author_info":{"display_name":"N.S Carideal","author_link":"https:\/\/www.carideal.com\/blog\/author\/admin_carideal\/"},"uagb_comment_info":0,"uagb_excerpt":"le moteur tel que nous le connaissons aujourd'hui a encore de beau jours devant lui D'apr\u00e8s bon nombre de pr\u00e9visionistes les voitures \u00e9quip\u00e9es de moteurs \u00e0 combustion interne domineraient le march\u00e9 jusque au dela de 2030 voir 2040. La majorit\u00e9 des experts pensent que les voitures \u00e9lectriques ne repr\u00e9senteront que 5% du march\u00e9 en 2020.\u2026","_links":{"self":[{"href":"https:\/\/www.carideal.com\/blog\/wp-json\/wp\/v2\/posts\/214"}],"collection":[{"href":"https:\/\/www.carideal.com\/blog\/wp-json\/wp\/v2\/posts"}],"about":[{"href":"https:\/\/www.carideal.com\/blog\/wp-json\/wp\/v2\/types\/post"}],"author":[{"embeddable":true,"href":"https:\/\/www.carideal.com\/blog\/wp-json\/wp\/v2\/users\/1"}],"replies":[{"embeddable":true,"href":"https:\/\/www.carideal.com\/blog\/wp-json\/wp\/v2\/comments?post=214"}],"version-history":[{"count":0,"href":"https:\/\/www.carideal.com\/blog\/wp-json\/wp\/v2\/posts\/214\/revisions"}],"wp:attachment":[{"href":"https:\/\/www.carideal.com\/blog\/wp-json\/wp\/v2\/media?parent=214"}],"wp:term":[{"taxonomy":"category","embeddable":true,"href":"https:\/\/www.carideal.com\/blog\/wp-json\/wp\/v2\/categories?post=214"},{"taxonomy":"post_tag","embeddable":true,"href":"https:\/\/www.carideal.com\/blog\/wp-json\/wp\/v2\/tags?post=214"}],"curies":[{"name":"wp","href":"https:\/\/api.w.org\/{rel}","templated":true}]}}