{"id":212,"date":"2011-04-15T15:23:00","date_gmt":"2011-04-15T15:23:00","guid":{"rendered":"http:\/\/carideal.com\/blog\/?p=212"},"modified":"2020-03-07T16:46:01","modified_gmt":"2020-03-07T15:46:01","slug":"nissan-veut-le-top-de-la-distribution-pour-sa-leaf-electrique-en-panne","status":"publish","type":"post","link":"https:\/\/www.carideal.com\/blog\/2011\/04\/15\/nissan-veut-le-top-de-la-distribution-pour-sa-leaf-electrique-en-panne\/","title":{"rendered":"Nissan veut le top de la distribution pour sa Leaf electrique&#8230;.en panne"},"content":{"rendered":"<p><img decoding=\"async\" src=\"\/blog\/public\/.nissan-leaf_carideal_m.jpg\" alt=\"nissan-leaf_carideal.jpg\" title=\"nissan-leaf_carideal.jpg, avr. 2011\" \/><\/p>\n<blockquote>\n<p>Du retard \u00e0 l'allumage pour la Leaf<\/p>\n<\/blockquote>\n<p>Une Leaf neuve vous co\u00fbtera 30990 \u20ac bonus de 5000 \u20ac d\u00e9duit, Nissan a commenc\u00e9 \u00e0 livrer les premiers clients, soit juste apr\u00e8s les premiers clients de Peugeot, <a href=\"\/blog\/index.php?tag\/Citroen\">Citroen<\/a>, et <a href=\"\/blog\/index.php?tag\/Mitsubishi\">Mitsubishi<\/a>. <a href=\"\/blog\/index.php?tag\/Nissan\">Nissan<\/a> a lanc\u00e9 pour cela un cahier des charges strict pour la diffusion de son mod\u00e8le \u00e9lectrique. seul une douzaine de point de vente seront habilit\u00e9s \u00e0 vendre cette voiture sur les 200 que compte le r\u00e9seau&nbsp;: <br \/>\nNissan demandait un potentiel de vente de 40 Leaf par An.<br \/>\nAfficher un taux de satisfaction client\u00e8le de 85\/100 ce qui est la moyenne nationale.<br \/>\nDisposer d'une installation \u00e9lectrique de qualit\u00e9 permettant de recharger rapidement (quick charge) les Leaf, ceci \u00e9tant certifi\u00e9 par un Audit.<br \/>\nNissan demande un investissement de 40000 \u20ac en outillage, installation de recharge et PLV, <\/p>\n<p>La Leaf sera fabriqu\u00e9e uniquement au Japon et \u00e0 raison de 50000 unit\u00e9s par an et compte en vendre 500 par an en France. Nissan annonce que le Japon et les Etats Unis en auraient d\u00e9j\u00e0 pr\u00e9-command\u00e9 27000.<br \/>\nNissan veut se permettre aussi de s\u00e9lectionner sa client\u00e8le, en demandant \u00e0 ses vendeurs de soumettre les acheteurs potentiels \u00e0 un questionnaire afin de s'assurer que ceux-ci ont bien le profil type pour la Leaf qui s'adresse \u00e0 des usagers qui ont une utilisation tr\u00e8s urbaine de leur voiture, domicile, travail, \u00e9cole, loisirs, achats...et qui utiliseront un autre type de transport pour les longs trajets.<br \/>\nNissan va m\u00eame jusqu'\u00e0 nouer un partenariat avec Schneider \u00e9lectrique pour v\u00e9rifier l'installation \u00e9lectrique du domicile du client.....mais attendons la suite.<\/p>\n<p><strong>Mais voil\u00e0 la Nissan LEAF est en panne elle disjoncte !!<\/strong><br \/>\nLes premi\u00e8res voitures livr\u00e9es au japon et aux USA sont en PANNE, Nissan reconnait officiellement des coupures d'alimentations.<\/p>\n<p>C'est un d\u00e9marrage tr\u00e8s lent pour la Leaf, elle a \u00e9t\u00e9 homologue avec une autonomie r\u00e9duite par rapport \u00e0 celle annonc\u00e9e, les ventes au US ne d\u00e9collent pas, et le japon est en pleine catastrophe. De surcroit, les clients se plaignent d'autonomie insuffisante avec le chauffage par temps froid, que la voiture a des probl\u00e8mes en cas de mise en route de la climatisation, tous les voyants du tableau de bord s'allumant \u00e0 sa mise en route, le client coupe l'alimentation \u00e9lectrique de sa voiture et l\u00e0 c'est la vrai panne car la voiture refuse tout re-d\u00e9marrage.<br \/>\nLe client a beau faire appel \u00e0 l'assistance du constructeur, la voiture refusera toujours de re-d\u00e9marrer chez le concessionnaire, et ni lui ni Nissan ne sait quoi y faire pour l'instant !<br \/>\nNissan recommande juste aux clients \"de bien se garer quand la panne survient\" <br \/>\nBon mais c'est que l'\u00e9t\u00e9 arrive&nbsp;? <\/p>\n<p>Mais que fait Nissan&nbsp;? Comment cela est il possible&nbsp;? cette voiture n'a t elle jamais \u00e9t\u00e9 essay\u00e9e&nbsp;? qu'en est il des milliers de km pass\u00e9s en TEST ?<br \/>% Il est compl\u00e8tement incompr\u00e9hensible que ces probl\u00e8mes ne surgissent que maintenant. Quel d\u00e9calage avec les exigence de qualit\u00e9 demand\u00e9 au r\u00e9seau de distribution !! c'est impensable et \u00e0 la limite de demander \u00e0 Nissan de rembourser les investissement de 40000 \u20ac demand\u00e9 pour une voiture qui ne fonctionne pas.<\/p>\n<p>\/ Les Nissan de 2011<br \/>\n<a href=\"\/blog\/index.php?post\/2010\/03\/18\/La-voiture-electrique-sans-modele-economique\">\/ les voitures \u00e9lectriques sans avenir<\/a><\/p>\n","protected":false},"excerpt":{"rendered":"<p>Du retard \u00e0 l&rsquo;allumage pour la Leaf Une Leaf neuve vous co\u00fbtera 30990 \u20ac bonus de 5000 \u20ac d\u00e9duit, Nissan a commenc\u00e9 \u00e0 livrer les premiers clients, soit juste apr\u00e8s les premiers clients de Peugeot, Citroen, et Mitsubishi. Nissan a lanc\u00e9 pour cela un cahier des charges strict pour la diffusion de son mod\u00e8le \u00e9lectrique. &#8230; <a title=\"Nissan veut le top de la distribution pour sa Leaf electrique&#8230;.en panne\" class=\"read-more\" href=\"https:\/\/www.carideal.com\/blog\/2011\/04\/15\/nissan-veut-le-top-de-la-distribution-pour-sa-leaf-electrique-en-panne\/\" aria-label=\"En savoir plus sur Nissan veut le top de la distribution pour sa Leaf electrique&#8230;.en panne\">Lire plus<\/a><\/p>\n","protected":false},"author":1,"featured_media":0,"comment_status":"open","ping_status":"open","sticky":false,"template":"","format":"standard","meta":{"_uag_custom_page_level_css":"","_themeisle_gutenberg_block_has_review":false,"footnotes":""},"categories":[6],"tags":[676],"class_list":["post-212","post","type-post","status-publish","format-standard","hentry","category-ecologie","tag-leaf"],"wppr_data":[],"yoast_head":"<!-- This site is optimized with the Yoast SEO plugin v24.8.1 - https:\/\/yoast.com\/wordpress\/plugins\/seo\/ -->\n<title>Nissan veut le top de la distribution pour sa Leaf electrique....en panne - Blog auto Carid\u00e9al<\/title>\n<meta name=\"robots\" content=\"index, follow, max-snippet:-1, max-image-preview:large, max-video-preview:-1\" \/>\n<link rel=\"canonical\" href=\"https:\/\/www.carideal.com\/blog\/2011\/04\/15\/nissan-veut-le-top-de-la-distribution-pour-sa-leaf-electrique-en-panne\/\" \/>\n<meta property=\"og:locale\" content=\"fr_FR\" \/>\n<meta property=\"og:type\" content=\"article\" \/>\n<meta property=\"og:title\" content=\"Nissan veut le top de la distribution pour sa Leaf electrique....en panne - Blog auto Carid\u00e9al\" \/>\n<meta property=\"og:description\" content=\"Du retard \u00e0 l&#039;allumage pour la Leaf Une Leaf neuve vous co\u00fbtera 30990 \u20ac bonus de 5000 \u20ac d\u00e9duit, Nissan a commenc\u00e9 \u00e0 livrer les premiers clients, soit juste apr\u00e8s les premiers clients de Peugeot, Citroen, et Mitsubishi. Nissan a lanc\u00e9 pour cela un cahier des charges strict pour la diffusion de son mod\u00e8le \u00e9lectrique. ... Lire plus\" \/>\n<meta property=\"og:url\" content=\"https:\/\/www.carideal.com\/blog\/2011\/04\/15\/nissan-veut-le-top-de-la-distribution-pour-sa-leaf-electrique-en-panne\/\" \/>\n<meta property=\"og:site_name\" content=\"Blog auto Carid\u00e9al\" \/>\n<meta property=\"article:publisher\" content=\"https:\/\/www.facebook.com\/Carideal.mandataire.automobile\" \/>\n<meta property=\"article:author\" content=\"https:\/\/www.facebook.com\/Carideal.mandataire.automobile\/\" \/>\n<meta property=\"article:published_time\" content=\"2011-04-15T15:23:00+00:00\" \/>\n<meta property=\"article:modified_time\" content=\"2020-03-07T15:46:01+00:00\" \/>\n<meta property=\"og:image\" content=\"https:\/\/www.carideal.com\/blog\/wp-content\/uploads\/2016\/03\/logo-carideal-mandataire-automobile.png\" \/>\n\t<meta property=\"og:image:width\" content=\"300\" \/>\n\t<meta property=\"og:image:height\" content=\"300\" \/>\n\t<meta property=\"og:image:type\" content=\"image\/png\" \/>\n<meta name=\"author\" content=\"N.S Carideal\" \/>\n<meta name=\"twitter:card\" content=\"summary_large_image\" \/>\n<meta name=\"twitter:creator\" content=\"@caridealauto\" \/>\n<meta name=\"twitter:site\" content=\"@caridealauto\" \/>\n<meta name=\"twitter:label1\" content=\"\u00c9crit par\" \/>\n\t<meta name=\"twitter:data1\" content=\"N.S Carideal\" \/>\n\t<meta name=\"twitter:label2\" content=\"Dur\u00e9e de lecture estim\u00e9e\" \/>\n\t<meta name=\"twitter:data2\" content=\"3 minutes\" \/>\n<script type=\"application\/ld+json\" class=\"yoast-schema-graph\">{\"@context\":\"https:\/\/schema.org\",\"@graph\":[{\"@type\":\"Article\",\"@id\":\"https:\/\/www.carideal.com\/blog\/2011\/04\/15\/nissan-veut-le-top-de-la-distribution-pour-sa-leaf-electrique-en-panne\/#article\",\"isPartOf\":{\"@id\":\"https:\/\/www.carideal.com\/blog\/2011\/04\/15\/nissan-veut-le-top-de-la-distribution-pour-sa-leaf-electrique-en-panne\/\"},\"author\":{\"name\":\"N.S Carideal\",\"@id\":\"https:\/\/www.carideal.com\/blog\/#\/schema\/person\/985c7e757d1042d647f21bfaf8d41ebc\"},\"headline\":\"Nissan veut le top de la distribution pour sa Leaf electrique&#8230;.en panne\",\"datePublished\":\"2011-04-15T15:23:00+00:00\",\"dateModified\":\"2020-03-07T15:46:01+00:00\",\"mainEntityOfPage\":{\"@id\":\"https:\/\/www.carideal.com\/blog\/2011\/04\/15\/nissan-veut-le-top-de-la-distribution-pour-sa-leaf-electrique-en-panne\/\"},\"wordCount\":544,\"commentCount\":0,\"publisher\":{\"@id\":\"https:\/\/www.carideal.com\/blog\/#organization\"},\"keywords\":[\"Nissan Leaf\"],\"articleSection\":[\"Ecologie\"],\"inLanguage\":\"fr-FR\",\"potentialAction\":[{\"@type\":\"CommentAction\",\"name\":\"Comment\",\"target\":[\"https:\/\/www.carideal.com\/blog\/2011\/04\/15\/nissan-veut-le-top-de-la-distribution-pour-sa-leaf-electrique-en-panne\/#respond\"]}]},{\"@type\":\"WebPage\",\"@id\":\"https:\/\/www.carideal.com\/blog\/2011\/04\/15\/nissan-veut-le-top-de-la-distribution-pour-sa-leaf-electrique-en-panne\/\",\"url\":\"https:\/\/www.carideal.com\/blog\/2011\/04\/15\/nissan-veut-le-top-de-la-distribution-pour-sa-leaf-electrique-en-panne\/\",\"name\":\"Nissan veut le top de la distribution pour sa Leaf electrique....en panne - Blog auto Carid\u00e9al\",\"isPartOf\":{\"@id\":\"https:\/\/www.carideal.com\/blog\/#website\"},\"datePublished\":\"2011-04-15T15:23:00+00:00\",\"dateModified\":\"2020-03-07T15:46:01+00:00\",\"breadcrumb\":{\"@id\":\"https:\/\/www.carideal.com\/blog\/2011\/04\/15\/nissan-veut-le-top-de-la-distribution-pour-sa-leaf-electrique-en-panne\/#breadcrumb\"},\"inLanguage\":\"fr-FR\",\"potentialAction\":[{\"@type\":\"ReadAction\",\"target\":[\"https:\/\/www.carideal.com\/blog\/2011\/04\/15\/nissan-veut-le-top-de-la-distribution-pour-sa-leaf-electrique-en-panne\/\"]}]},{\"@type\":\"BreadcrumbList\",\"@id\":\"https:\/\/www.carideal.com\/blog\/2011\/04\/15\/nissan-veut-le-top-de-la-distribution-pour-sa-leaf-electrique-en-panne\/#breadcrumb\",\"itemListElement\":[{\"@type\":\"ListItem\",\"position\":1,\"name\":\"Blog Carid\u00e9al\",\"item\":\"https:\/\/www.carideal.com\/blog\/\"},{\"@type\":\"ListItem\",\"position\":2,\"name\":\"Ecologie\",\"item\":\"https:\/\/www.carideal.com\/blog\/ecologie\/\"},{\"@type\":\"ListItem\",\"position\":3,\"name\":\"Nissan veut le top de la distribution pour sa Leaf electrique&#8230;.en panne\"}]},{\"@type\":\"WebSite\",\"@id\":\"https:\/\/www.carideal.com\/blog\/#website\",\"url\":\"https:\/\/www.carideal.com\/blog\/\",\"name\":\"Blog auto Carid\u00e9al\",\"description\":\"Actualit\u00e9 auto par des passionn\u00e9s\",\"publisher\":{\"@id\":\"https:\/\/www.carideal.com\/blog\/#organization\"},\"potentialAction\":[{\"@type\":\"SearchAction\",\"target\":{\"@type\":\"EntryPoint\",\"urlTemplate\":\"https:\/\/www.carideal.com\/blog\/?s={search_term_string}\"},\"query-input\":{\"@type\":\"PropertyValueSpecification\",\"valueRequired\":true,\"valueName\":\"search_term_string\"}}],\"inLanguage\":\"fr-FR\"},{\"@type\":\"Organization\",\"@id\":\"https:\/\/www.carideal.com\/blog\/#organization\",\"name\":\"Carideal\",\"url\":\"https:\/\/www.carideal.com\/blog\/\",\"logo\":{\"@type\":\"ImageObject\",\"inLanguage\":\"fr-FR\",\"@id\":\"https:\/\/www.carideal.com\/blog\/#\/schema\/logo\/image\/\",\"url\":\"http:\/\/www.carideal.com\/blog\/wp-content\/uploads\/2016\/03\/logo-carideal-mandataire-automobile.png\",\"contentUrl\":\"http:\/\/www.carideal.com\/blog\/wp-content\/uploads\/2016\/03\/logo-carideal-mandataire-automobile.png\",\"width\":300,\"height\":300,\"caption\":\"Carideal\"},\"image\":{\"@id\":\"https:\/\/www.carideal.com\/blog\/#\/schema\/logo\/image\/\"},\"sameAs\":[\"https:\/\/www.facebook.com\/Carideal.mandataire.automobile\",\"https:\/\/x.com\/caridealauto\",\"https:\/\/www.instagram.com\/carideal1\/\",\"https:\/\/www.linkedin.com\/company\/carideal.com\",\"https:\/\/fr.pinterest.com\/schiavonsas\/\",\"https:\/\/www.youtube.com\/user\/caridealsas\"]},{\"@type\":\"Person\",\"@id\":\"https:\/\/www.carideal.com\/blog\/#\/schema\/person\/985c7e757d1042d647f21bfaf8d41ebc\",\"name\":\"N.S Carideal\",\"image\":{\"@type\":\"ImageObject\",\"inLanguage\":\"fr-FR\",\"@id\":\"https:\/\/www.carideal.com\/blog\/#\/schema\/person\/image\/\",\"url\":\"https:\/\/secure.gravatar.com\/avatar\/edb7ccdf1a4e3d14aef967760d354d0e?s=96&r=g\",\"contentUrl\":\"https:\/\/secure.gravatar.com\/avatar\/edb7ccdf1a4e3d14aef967760d354d0e?s=96&r=g\",\"caption\":\"N.S Carideal\"},\"description\":\"Depuis tout petit fan d'automobile. Il est question d'essayer et de comparer toutes ces voitures qui nous ont fait r\u00e9ver, avant que celles-ci ne devient uniquement des voitures de collection.\",\"sameAs\":[\"http:\/\/www.carideal.com\/blog\",\"https:\/\/www.facebook.com\/Carideal.mandataire.automobile\/\",\"https:\/\/www.linkedin.com\/in\/nschiavon\/\",\"https:\/\/www.youtube.com\/user\/caridealsas\/\"],\"url\":\"https:\/\/www.carideal.com\/blog\/author\/admin_carideal\/\"}]}<\/script>\n<!-- \/ Yoast SEO plugin. -->","yoast_head_json":{"title":"Nissan veut le top de la distribution pour sa Leaf electrique....en panne - Blog auto Carid\u00e9al","robots":{"index":"index","follow":"follow","max-snippet":"max-snippet:-1","max-image-preview":"max-image-preview:large","max-video-preview":"max-video-preview:-1"},"canonical":"https:\/\/www.carideal.com\/blog\/2011\/04\/15\/nissan-veut-le-top-de-la-distribution-pour-sa-leaf-electrique-en-panne\/","og_locale":"fr_FR","og_type":"article","og_title":"Nissan veut le top de la distribution pour sa Leaf electrique....en panne - Blog auto Carid\u00e9al","og_description":"Du retard \u00e0 l'allumage pour la Leaf Une Leaf neuve vous co\u00fbtera 30990 \u20ac bonus de 5000 \u20ac d\u00e9duit, Nissan a commenc\u00e9 \u00e0 livrer les premiers clients, soit juste apr\u00e8s les premiers clients de Peugeot, Citroen, et Mitsubishi. Nissan a lanc\u00e9 pour cela un cahier des charges strict pour la diffusion de son mod\u00e8le \u00e9lectrique. ... Lire plus","og_url":"https:\/\/www.carideal.com\/blog\/2011\/04\/15\/nissan-veut-le-top-de-la-distribution-pour-sa-leaf-electrique-en-panne\/","og_site_name":"Blog auto Carid\u00e9al","article_publisher":"https:\/\/www.facebook.com\/Carideal.mandataire.automobile","article_author":"https:\/\/www.facebook.com\/Carideal.mandataire.automobile\/","article_published_time":"2011-04-15T15:23:00+00:00","article_modified_time":"2020-03-07T15:46:01+00:00","og_image":[{"width":300,"height":300,"url":"https:\/\/www.carideal.com\/blog\/wp-content\/uploads\/2016\/03\/logo-carideal-mandataire-automobile.png","type":"image\/png"}],"author":"N.S Carideal","twitter_card":"summary_large_image","twitter_creator":"@caridealauto","twitter_site":"@caridealauto","twitter_misc":{"\u00c9crit par":"N.S Carideal","Dur\u00e9e de lecture estim\u00e9e":"3 minutes"},"schema":{"@context":"https:\/\/schema.org","@graph":[{"@type":"Article","@id":"https:\/\/www.carideal.com\/blog\/2011\/04\/15\/nissan-veut-le-top-de-la-distribution-pour-sa-leaf-electrique-en-panne\/#article","isPartOf":{"@id":"https:\/\/www.carideal.com\/blog\/2011\/04\/15\/nissan-veut-le-top-de-la-distribution-pour-sa-leaf-electrique-en-panne\/"},"author":{"name":"N.S Carideal","@id":"https:\/\/www.carideal.com\/blog\/#\/schema\/person\/985c7e757d1042d647f21bfaf8d41ebc"},"headline":"Nissan veut le top de la distribution pour sa Leaf electrique&#8230;.en panne","datePublished":"2011-04-15T15:23:00+00:00","dateModified":"2020-03-07T15:46:01+00:00","mainEntityOfPage":{"@id":"https:\/\/www.carideal.com\/blog\/2011\/04\/15\/nissan-veut-le-top-de-la-distribution-pour-sa-leaf-electrique-en-panne\/"},"wordCount":544,"commentCount":0,"publisher":{"@id":"https:\/\/www.carideal.com\/blog\/#organization"},"keywords":["Nissan Leaf"],"articleSection":["Ecologie"],"inLanguage":"fr-FR","potentialAction":[{"@type":"CommentAction","name":"Comment","target":["https:\/\/www.carideal.com\/blog\/2011\/04\/15\/nissan-veut-le-top-de-la-distribution-pour-sa-leaf-electrique-en-panne\/#respond"]}]},{"@type":"WebPage","@id":"https:\/\/www.carideal.com\/blog\/2011\/04\/15\/nissan-veut-le-top-de-la-distribution-pour-sa-leaf-electrique-en-panne\/","url":"https:\/\/www.carideal.com\/blog\/2011\/04\/15\/nissan-veut-le-top-de-la-distribution-pour-sa-leaf-electrique-en-panne\/","name":"Nissan veut le top de la distribution pour sa Leaf electrique....en panne - Blog auto Carid\u00e9al","isPartOf":{"@id":"https:\/\/www.carideal.com\/blog\/#website"},"datePublished":"2011-04-15T15:23:00+00:00","dateModified":"2020-03-07T15:46:01+00:00","breadcrumb":{"@id":"https:\/\/www.carideal.com\/blog\/2011\/04\/15\/nissan-veut-le-top-de-la-distribution-pour-sa-leaf-electrique-en-panne\/#breadcrumb"},"inLanguage":"fr-FR","potentialAction":[{"@type":"ReadAction","target":["https:\/\/www.carideal.com\/blog\/2011\/04\/15\/nissan-veut-le-top-de-la-distribution-pour-sa-leaf-electrique-en-panne\/"]}]},{"@type":"BreadcrumbList","@id":"https:\/\/www.carideal.com\/blog\/2011\/04\/15\/nissan-veut-le-top-de-la-distribution-pour-sa-leaf-electrique-en-panne\/#breadcrumb","itemListElement":[{"@type":"ListItem","position":1,"name":"Blog Carid\u00e9al","item":"https:\/\/www.carideal.com\/blog\/"},{"@type":"ListItem","position":2,"name":"Ecologie","item":"https:\/\/www.carideal.com\/blog\/ecologie\/"},{"@type":"ListItem","position":3,"name":"Nissan veut le top de la distribution pour sa Leaf electrique&#8230;.en panne"}]},{"@type":"WebSite","@id":"https:\/\/www.carideal.com\/blog\/#website","url":"https:\/\/www.carideal.com\/blog\/","name":"Blog auto Carid\u00e9al","description":"Actualit\u00e9 auto par des passionn\u00e9s","publisher":{"@id":"https:\/\/www.carideal.com\/blog\/#organization"},"potentialAction":[{"@type":"SearchAction","target":{"@type":"EntryPoint","urlTemplate":"https:\/\/www.carideal.com\/blog\/?s={search_term_string}"},"query-input":{"@type":"PropertyValueSpecification","valueRequired":true,"valueName":"search_term_string"}}],"inLanguage":"fr-FR"},{"@type":"Organization","@id":"https:\/\/www.carideal.com\/blog\/#organization","name":"Carideal","url":"https:\/\/www.carideal.com\/blog\/","logo":{"@type":"ImageObject","inLanguage":"fr-FR","@id":"https:\/\/www.carideal.com\/blog\/#\/schema\/logo\/image\/","url":"http:\/\/www.carideal.com\/blog\/wp-content\/uploads\/2016\/03\/logo-carideal-mandataire-automobile.png","contentUrl":"http:\/\/www.carideal.com\/blog\/wp-content\/uploads\/2016\/03\/logo-carideal-mandataire-automobile.png","width":300,"height":300,"caption":"Carideal"},"image":{"@id":"https:\/\/www.carideal.com\/blog\/#\/schema\/logo\/image\/"},"sameAs":["https:\/\/www.facebook.com\/Carideal.mandataire.automobile","https:\/\/x.com\/caridealauto","https:\/\/www.instagram.com\/carideal1\/","https:\/\/www.linkedin.com\/company\/carideal.com","https:\/\/fr.pinterest.com\/schiavonsas\/","https:\/\/www.youtube.com\/user\/caridealsas"]},{"@type":"Person","@id":"https:\/\/www.carideal.com\/blog\/#\/schema\/person\/985c7e757d1042d647f21bfaf8d41ebc","name":"N.S Carideal","image":{"@type":"ImageObject","inLanguage":"fr-FR","@id":"https:\/\/www.carideal.com\/blog\/#\/schema\/person\/image\/","url":"https:\/\/secure.gravatar.com\/avatar\/edb7ccdf1a4e3d14aef967760d354d0e?s=96&r=g","contentUrl":"https:\/\/secure.gravatar.com\/avatar\/edb7ccdf1a4e3d14aef967760d354d0e?s=96&r=g","caption":"N.S Carideal"},"description":"Depuis tout petit fan d'automobile. Il est question d'essayer et de comparer toutes ces voitures qui nous ont fait r\u00e9ver, avant que celles-ci ne devient uniquement des voitures de collection.","sameAs":["http:\/\/www.carideal.com\/blog","https:\/\/www.facebook.com\/Carideal.mandataire.automobile\/","https:\/\/www.linkedin.com\/in\/nschiavon\/","https:\/\/www.youtube.com\/user\/caridealsas\/"],"url":"https:\/\/www.carideal.com\/blog\/author\/admin_carideal\/"}]}},"uagb_featured_image_src":{"full":false,"thumbnail":false,"medium":false,"medium_large":false,"large":false,"1536x1536":false,"2048x2048":false,"wppr-widget":false},"uagb_author_info":{"display_name":"N.S Carideal","author_link":"https:\/\/www.carideal.com\/blog\/author\/admin_carideal\/"},"uagb_comment_info":0,"uagb_excerpt":"Du retard \u00e0 l'allumage pour la Leaf Une Leaf neuve vous co\u00fbtera 30990 \u20ac bonus de 5000 \u20ac d\u00e9duit, Nissan a commenc\u00e9 \u00e0 livrer les premiers clients, soit juste apr\u00e8s les premiers clients de Peugeot, Citroen, et Mitsubishi. Nissan a lanc\u00e9 pour cela un cahier des charges strict pour la diffusion de son mod\u00e8le \u00e9lectrique.\u2026","_links":{"self":[{"href":"https:\/\/www.carideal.com\/blog\/wp-json\/wp\/v2\/posts\/212"}],"collection":[{"href":"https:\/\/www.carideal.com\/blog\/wp-json\/wp\/v2\/posts"}],"about":[{"href":"https:\/\/www.carideal.com\/blog\/wp-json\/wp\/v2\/types\/post"}],"author":[{"embeddable":true,"href":"https:\/\/www.carideal.com\/blog\/wp-json\/wp\/v2\/users\/1"}],"replies":[{"embeddable":true,"href":"https:\/\/www.carideal.com\/blog\/wp-json\/wp\/v2\/comments?post=212"}],"version-history":[{"count":0,"href":"https:\/\/www.carideal.com\/blog\/wp-json\/wp\/v2\/posts\/212\/revisions"}],"wp:attachment":[{"href":"https:\/\/www.carideal.com\/blog\/wp-json\/wp\/v2\/media?parent=212"}],"wp:term":[{"taxonomy":"category","embeddable":true,"href":"https:\/\/www.carideal.com\/blog\/wp-json\/wp\/v2\/categories?post=212"},{"taxonomy":"post_tag","embeddable":true,"href":"https:\/\/www.carideal.com\/blog\/wp-json\/wp\/v2\/tags?post=212"}],"curies":[{"name":"wp","href":"https:\/\/api.w.org\/{rel}","templated":true}]}}