{"id":211,"date":"2011-04-08T15:11:00","date_gmt":"2011-04-08T15:11:00","guid":{"rendered":"http:\/\/carideal.com\/blog\/?p=211"},"modified":"2020-03-07T16:45:31","modified_gmt":"2020-03-07T15:45:31","slug":"la-fap-catalyse-augmente-les-emissions-de-no2","status":"publish","type":"post","link":"https:\/\/www.carideal.com\/blog\/2011\/04\/08\/la-fap-catalyse-augmente-les-emissions-de-no2\/","title":{"rendered":"Le FAP catalyse augmente le NO2"},"content":{"rendered":" Le FAP catalys\u00e9 augmente les emissions de NO2\n<h1><strong>Le FAP catalys\u00e9 augmente les emissions de NO2<\/strong><\/h1>\n<blockquote><p>Airparif note que le Fap catalys\u00e9 et non celui\u00a0additiv\u00e9 de\u00a0PSA contribue \u00e0 l'augmentation du NO2<\/p><\/blockquote>\n<p><span style=\"text-decoration: underline;\"><a href=\"http:\/\/www.airparif.asso.fr\/\" target=\"_blank\" rel=\"noopener noreferrer\">Airparif<\/a><\/span> en charge, des contr\u00f4les de la qualit\u00e9 de l'air sur la r\u00e9gion parisienne le souligne dans son rapport 2010. L'association note que depuis des ann\u00e9es les \u00e9missions de NO2 \u00e9taient en baisse. Le <strong>NO2 est un gaz toxique<\/strong>, brun rouge, toxique, suffocant et irritant produit par les moteurs \u00e0 combustion interne et les centrales thermiques. (<span style=\"text-decoration: underline;\"><a href=\"http:\/\/www.respire-asso.org\/dioxyde-dazote-no2\/\" target=\"_blank\" rel=\"noopener noreferrer\">D\u00e9finition du NO2<\/a><\/span>)<br \/>\nOr depuis les ann\u00e9es 2000, on note une stabilisation du NO2 et il semble que cela soit le cas depuis l'arriv\u00e9 sur le march\u00e9 de v\u00e9hicules \u00e9quip\u00e9s de <strong>FAP catalys\u00e9 (pas celui de\u00a0PSA qui est aditiv\u00e9)<\/strong> qui bien qu'il r\u00e9duisent les \u00e9missions de particules, <strong>participent \u00e0 l'augmentation du NO2.<\/strong><br \/>\nAirparif note que la ville de <strong>Londres<\/strong> est arriv\u00e9e \u00e0 la m\u00eame constatation depuis que ses <strong>bus ont \u00e9t\u00e9 \u00e9quip\u00e9s de ce type de ce filtre<\/strong>. La ville de Londres note ainsi que l'augmentation de NO2 \u00e9tait de 5 \u00e0 7% en 1996 alors qu'elle l'a \u00e9t\u00e9 de 21 \u00e0 22% en 2009, alors qu'<strong>en m\u00eame temps la circulation des voitures particuli\u00e8res a baiss\u00e9e<\/strong>.<\/p>\n<p>On avait pourtant pu se r\u00e9jouir de la\u00a0<a href=\"http:\/\/www.carideal.com\/blog\/2011\/03\/11\/la-baisse-des-emissions-de-co2\/\" target=\"_blank\" rel=\"noopener noreferrer\">baisse des \u00e9missions de CO2<\/a>.<\/p>\n","protected":false},"excerpt":{"rendered":"<p>Le FAP catalys\u00e9 augmente les emissions de NO2 Airparif note que le Fap catalys\u00e9 et non celui\u00a0additiv\u00e9 de\u00a0PSA contribue \u00e0 l&rsquo;augmentation du NO2 Airparif en charge, des contr\u00f4les de la qualit\u00e9 de l&rsquo;air sur la r\u00e9gion parisienne le souligne dans son rapport 2010. L&rsquo;association note que depuis des ann\u00e9es les \u00e9missions de NO2 \u00e9taient en &#8230; <a title=\"Le FAP catalyse augmente le NO2\" class=\"read-more\" href=\"https:\/\/www.carideal.com\/blog\/2011\/04\/08\/la-fap-catalyse-augmente-les-emissions-de-no2\/\" aria-label=\"En savoir plus sur Le FAP catalyse augmente le NO2\">Lire plus<\/a><\/p>\n","protected":false},"author":1,"featured_media":0,"comment_status":"open","ping_status":"open","sticky":false,"template":"","format":"standard","meta":{"_uag_custom_page_level_css":"","_themeisle_gutenberg_block_has_review":false,"footnotes":""},"categories":[9,6,6041],"tags":[673,35],"class_list":["post-211","post","type-post","status-publish","format-standard","hentry","category-divers","category-ecologie","category-nouvelles-technologies","tag-filtre-a-particules","tag-psa"],"wppr_data":[],"yoast_head":"<!-- This site is optimized with the Yoast SEO plugin v24.8.1 - https:\/\/yoast.com\/wordpress\/plugins\/seo\/ -->\n<title>Le FAP catalyse augmente le NO2 - Blog auto Carid\u00e9al<\/title>\n<meta name=\"robots\" content=\"index, follow, max-snippet:-1, max-image-preview:large, max-video-preview:-1\" \/>\n<link rel=\"canonical\" href=\"https:\/\/www.carideal.com\/blog\/2011\/04\/08\/la-fap-catalyse-augmente-les-emissions-de-no2\/\" \/>\n<meta property=\"og:locale\" content=\"fr_FR\" \/>\n<meta property=\"og:type\" content=\"article\" \/>\n<meta property=\"og:title\" content=\"Le FAP catalyse augmente le NO2 - Blog auto Carid\u00e9al\" \/>\n<meta property=\"og:description\" content=\"Le FAP catalys\u00e9 augmente les emissions de NO2 Airparif note que le Fap catalys\u00e9 et non celui\u00a0additiv\u00e9 de\u00a0PSA contribue \u00e0 l&#039;augmentation du NO2 Airparif en charge, des contr\u00f4les de la qualit\u00e9 de l&#039;air sur la r\u00e9gion parisienne le souligne dans son rapport 2010. L&#039;association note que depuis des ann\u00e9es les \u00e9missions de NO2 \u00e9taient en ... Lire plus\" \/>\n<meta property=\"og:url\" content=\"https:\/\/www.carideal.com\/blog\/2011\/04\/08\/la-fap-catalyse-augmente-les-emissions-de-no2\/\" \/>\n<meta property=\"og:site_name\" content=\"Blog auto Carid\u00e9al\" \/>\n<meta property=\"article:publisher\" content=\"https:\/\/www.facebook.com\/Carideal.mandataire.automobile\" \/>\n<meta property=\"article:author\" content=\"https:\/\/www.facebook.com\/Carideal.mandataire.automobile\/\" \/>\n<meta property=\"article:published_time\" content=\"2011-04-08T15:11:00+00:00\" \/>\n<meta property=\"article:modified_time\" content=\"2020-03-07T15:45:31+00:00\" \/>\n<meta property=\"og:image\" content=\"https:\/\/www.carideal.com\/blog\/wp-content\/uploads\/2016\/03\/logo-carideal-mandataire-automobile.png\" \/>\n\t<meta property=\"og:image:width\" content=\"300\" \/>\n\t<meta property=\"og:image:height\" content=\"300\" \/>\n\t<meta property=\"og:image:type\" content=\"image\/png\" \/>\n<meta name=\"author\" content=\"N.S Carideal\" \/>\n<meta name=\"twitter:card\" content=\"summary_large_image\" \/>\n<meta name=\"twitter:creator\" content=\"@caridealauto\" \/>\n<meta name=\"twitter:site\" content=\"@caridealauto\" \/>\n<meta name=\"twitter:label1\" content=\"\u00c9crit par\" \/>\n\t<meta name=\"twitter:data1\" content=\"N.S Carideal\" \/>\n\t<meta name=\"twitter:label2\" content=\"Dur\u00e9e de lecture estim\u00e9e\" \/>\n\t<meta name=\"twitter:data2\" content=\"1 minute\" \/>\n<script type=\"application\/ld+json\" class=\"yoast-schema-graph\">{\"@context\":\"https:\/\/schema.org\",\"@graph\":[{\"@type\":\"Article\",\"@id\":\"https:\/\/www.carideal.com\/blog\/2011\/04\/08\/la-fap-catalyse-augmente-les-emissions-de-no2\/#article\",\"isPartOf\":{\"@id\":\"https:\/\/www.carideal.com\/blog\/2011\/04\/08\/la-fap-catalyse-augmente-les-emissions-de-no2\/\"},\"author\":{\"name\":\"N.S Carideal\",\"@id\":\"https:\/\/www.carideal.com\/blog\/#\/schema\/person\/985c7e757d1042d647f21bfaf8d41ebc\"},\"headline\":\"Le FAP catalyse augmente le NO2\",\"datePublished\":\"2011-04-08T15:11:00+00:00\",\"dateModified\":\"2020-03-07T15:45:31+00:00\",\"mainEntityOfPage\":{\"@id\":\"https:\/\/www.carideal.com\/blog\/2011\/04\/08\/la-fap-catalyse-augmente-les-emissions-de-no2\/\"},\"wordCount\":232,\"commentCount\":1,\"publisher\":{\"@id\":\"https:\/\/www.carideal.com\/blog\/#organization\"},\"keywords\":[\"Filtre \u00e0 particules Diesel essence\",\"PSA\"],\"articleSection\":[\"Divers\",\"Ecologie\",\"Nouvelles Technologies automobile\"],\"inLanguage\":\"fr-FR\",\"potentialAction\":[{\"@type\":\"CommentAction\",\"name\":\"Comment\",\"target\":[\"https:\/\/www.carideal.com\/blog\/2011\/04\/08\/la-fap-catalyse-augmente-les-emissions-de-no2\/#respond\"]}]},{\"@type\":\"WebPage\",\"@id\":\"https:\/\/www.carideal.com\/blog\/2011\/04\/08\/la-fap-catalyse-augmente-les-emissions-de-no2\/\",\"url\":\"https:\/\/www.carideal.com\/blog\/2011\/04\/08\/la-fap-catalyse-augmente-les-emissions-de-no2\/\",\"name\":\"Le FAP catalyse augmente le NO2 - Blog auto Carid\u00e9al\",\"isPartOf\":{\"@id\":\"https:\/\/www.carideal.com\/blog\/#website\"},\"datePublished\":\"2011-04-08T15:11:00+00:00\",\"dateModified\":\"2020-03-07T15:45:31+00:00\",\"breadcrumb\":{\"@id\":\"https:\/\/www.carideal.com\/blog\/2011\/04\/08\/la-fap-catalyse-augmente-les-emissions-de-no2\/#breadcrumb\"},\"inLanguage\":\"fr-FR\",\"potentialAction\":[{\"@type\":\"ReadAction\",\"target\":[\"https:\/\/www.carideal.com\/blog\/2011\/04\/08\/la-fap-catalyse-augmente-les-emissions-de-no2\/\"]}]},{\"@type\":\"BreadcrumbList\",\"@id\":\"https:\/\/www.carideal.com\/blog\/2011\/04\/08\/la-fap-catalyse-augmente-les-emissions-de-no2\/#breadcrumb\",\"itemListElement\":[{\"@type\":\"ListItem\",\"position\":1,\"name\":\"Blog Carid\u00e9al\",\"item\":\"https:\/\/www.carideal.com\/blog\/\"},{\"@type\":\"ListItem\",\"position\":2,\"name\":\"Ecologie\",\"item\":\"https:\/\/www.carideal.com\/blog\/ecologie\/\"},{\"@type\":\"ListItem\",\"position\":3,\"name\":\"Le FAP catalyse augmente le NO2\"}]},{\"@type\":\"WebSite\",\"@id\":\"https:\/\/www.carideal.com\/blog\/#website\",\"url\":\"https:\/\/www.carideal.com\/blog\/\",\"name\":\"Blog auto Carid\u00e9al\",\"description\":\"Actualit\u00e9 auto par des passionn\u00e9s\",\"publisher\":{\"@id\":\"https:\/\/www.carideal.com\/blog\/#organization\"},\"potentialAction\":[{\"@type\":\"SearchAction\",\"target\":{\"@type\":\"EntryPoint\",\"urlTemplate\":\"https:\/\/www.carideal.com\/blog\/?s={search_term_string}\"},\"query-input\":{\"@type\":\"PropertyValueSpecification\",\"valueRequired\":true,\"valueName\":\"search_term_string\"}}],\"inLanguage\":\"fr-FR\"},{\"@type\":\"Organization\",\"@id\":\"https:\/\/www.carideal.com\/blog\/#organization\",\"name\":\"Carideal\",\"url\":\"https:\/\/www.carideal.com\/blog\/\",\"logo\":{\"@type\":\"ImageObject\",\"inLanguage\":\"fr-FR\",\"@id\":\"https:\/\/www.carideal.com\/blog\/#\/schema\/logo\/image\/\",\"url\":\"http:\/\/www.carideal.com\/blog\/wp-content\/uploads\/2016\/03\/logo-carideal-mandataire-automobile.png\",\"contentUrl\":\"http:\/\/www.carideal.com\/blog\/wp-content\/uploads\/2016\/03\/logo-carideal-mandataire-automobile.png\",\"width\":300,\"height\":300,\"caption\":\"Carideal\"},\"image\":{\"@id\":\"https:\/\/www.carideal.com\/blog\/#\/schema\/logo\/image\/\"},\"sameAs\":[\"https:\/\/www.facebook.com\/Carideal.mandataire.automobile\",\"https:\/\/x.com\/caridealauto\",\"https:\/\/www.instagram.com\/carideal1\/\",\"https:\/\/www.linkedin.com\/company\/carideal.com\",\"https:\/\/fr.pinterest.com\/schiavonsas\/\",\"https:\/\/www.youtube.com\/user\/caridealsas\"]},{\"@type\":\"Person\",\"@id\":\"https:\/\/www.carideal.com\/blog\/#\/schema\/person\/985c7e757d1042d647f21bfaf8d41ebc\",\"name\":\"N.S Carideal\",\"image\":{\"@type\":\"ImageObject\",\"inLanguage\":\"fr-FR\",\"@id\":\"https:\/\/www.carideal.com\/blog\/#\/schema\/person\/image\/\",\"url\":\"https:\/\/secure.gravatar.com\/avatar\/edb7ccdf1a4e3d14aef967760d354d0e?s=96&r=g\",\"contentUrl\":\"https:\/\/secure.gravatar.com\/avatar\/edb7ccdf1a4e3d14aef967760d354d0e?s=96&r=g\",\"caption\":\"N.S Carideal\"},\"description\":\"Depuis tout petit fan d'automobile. Il est question d'essayer et de comparer toutes ces voitures qui nous ont fait r\u00e9ver, avant que celles-ci ne devient uniquement des voitures de collection.\",\"sameAs\":[\"http:\/\/www.carideal.com\/blog\",\"https:\/\/www.facebook.com\/Carideal.mandataire.automobile\/\",\"https:\/\/www.linkedin.com\/in\/nschiavon\/\",\"https:\/\/www.youtube.com\/user\/caridealsas\/\"],\"url\":\"https:\/\/www.carideal.com\/blog\/author\/admin_carideal\/\"}]}<\/script>\n<!-- \/ Yoast SEO plugin. -->","yoast_head_json":{"title":"Le FAP catalyse augmente le NO2 - Blog auto Carid\u00e9al","robots":{"index":"index","follow":"follow","max-snippet":"max-snippet:-1","max-image-preview":"max-image-preview:large","max-video-preview":"max-video-preview:-1"},"canonical":"https:\/\/www.carideal.com\/blog\/2011\/04\/08\/la-fap-catalyse-augmente-les-emissions-de-no2\/","og_locale":"fr_FR","og_type":"article","og_title":"Le FAP catalyse augmente le NO2 - Blog auto Carid\u00e9al","og_description":"Le FAP catalys\u00e9 augmente les emissions de NO2 Airparif note que le Fap catalys\u00e9 et non celui\u00a0additiv\u00e9 de\u00a0PSA contribue \u00e0 l'augmentation du NO2 Airparif en charge, des contr\u00f4les de la qualit\u00e9 de l'air sur la r\u00e9gion parisienne le souligne dans son rapport 2010. L'association note que depuis des ann\u00e9es les \u00e9missions de NO2 \u00e9taient en ... Lire plus","og_url":"https:\/\/www.carideal.com\/blog\/2011\/04\/08\/la-fap-catalyse-augmente-les-emissions-de-no2\/","og_site_name":"Blog auto Carid\u00e9al","article_publisher":"https:\/\/www.facebook.com\/Carideal.mandataire.automobile","article_author":"https:\/\/www.facebook.com\/Carideal.mandataire.automobile\/","article_published_time":"2011-04-08T15:11:00+00:00","article_modified_time":"2020-03-07T15:45:31+00:00","og_image":[{"width":300,"height":300,"url":"https:\/\/www.carideal.com\/blog\/wp-content\/uploads\/2016\/03\/logo-carideal-mandataire-automobile.png","type":"image\/png"}],"author":"N.S Carideal","twitter_card":"summary_large_image","twitter_creator":"@caridealauto","twitter_site":"@caridealauto","twitter_misc":{"\u00c9crit par":"N.S Carideal","Dur\u00e9e de lecture estim\u00e9e":"1 minute"},"schema":{"@context":"https:\/\/schema.org","@graph":[{"@type":"Article","@id":"https:\/\/www.carideal.com\/blog\/2011\/04\/08\/la-fap-catalyse-augmente-les-emissions-de-no2\/#article","isPartOf":{"@id":"https:\/\/www.carideal.com\/blog\/2011\/04\/08\/la-fap-catalyse-augmente-les-emissions-de-no2\/"},"author":{"name":"N.S Carideal","@id":"https:\/\/www.carideal.com\/blog\/#\/schema\/person\/985c7e757d1042d647f21bfaf8d41ebc"},"headline":"Le FAP catalyse augmente le NO2","datePublished":"2011-04-08T15:11:00+00:00","dateModified":"2020-03-07T15:45:31+00:00","mainEntityOfPage":{"@id":"https:\/\/www.carideal.com\/blog\/2011\/04\/08\/la-fap-catalyse-augmente-les-emissions-de-no2\/"},"wordCount":232,"commentCount":1,"publisher":{"@id":"https:\/\/www.carideal.com\/blog\/#organization"},"keywords":["Filtre \u00e0 particules Diesel essence","PSA"],"articleSection":["Divers","Ecologie","Nouvelles Technologies automobile"],"inLanguage":"fr-FR","potentialAction":[{"@type":"CommentAction","name":"Comment","target":["https:\/\/www.carideal.com\/blog\/2011\/04\/08\/la-fap-catalyse-augmente-les-emissions-de-no2\/#respond"]}]},{"@type":"WebPage","@id":"https:\/\/www.carideal.com\/blog\/2011\/04\/08\/la-fap-catalyse-augmente-les-emissions-de-no2\/","url":"https:\/\/www.carideal.com\/blog\/2011\/04\/08\/la-fap-catalyse-augmente-les-emissions-de-no2\/","name":"Le FAP catalyse augmente le NO2 - Blog auto Carid\u00e9al","isPartOf":{"@id":"https:\/\/www.carideal.com\/blog\/#website"},"datePublished":"2011-04-08T15:11:00+00:00","dateModified":"2020-03-07T15:45:31+00:00","breadcrumb":{"@id":"https:\/\/www.carideal.com\/blog\/2011\/04\/08\/la-fap-catalyse-augmente-les-emissions-de-no2\/#breadcrumb"},"inLanguage":"fr-FR","potentialAction":[{"@type":"ReadAction","target":["https:\/\/www.carideal.com\/blog\/2011\/04\/08\/la-fap-catalyse-augmente-les-emissions-de-no2\/"]}]},{"@type":"BreadcrumbList","@id":"https:\/\/www.carideal.com\/blog\/2011\/04\/08\/la-fap-catalyse-augmente-les-emissions-de-no2\/#breadcrumb","itemListElement":[{"@type":"ListItem","position":1,"name":"Blog Carid\u00e9al","item":"https:\/\/www.carideal.com\/blog\/"},{"@type":"ListItem","position":2,"name":"Ecologie","item":"https:\/\/www.carideal.com\/blog\/ecologie\/"},{"@type":"ListItem","position":3,"name":"Le FAP catalyse augmente le NO2"}]},{"@type":"WebSite","@id":"https:\/\/www.carideal.com\/blog\/#website","url":"https:\/\/www.carideal.com\/blog\/","name":"Blog auto Carid\u00e9al","description":"Actualit\u00e9 auto par des passionn\u00e9s","publisher":{"@id":"https:\/\/www.carideal.com\/blog\/#organization"},"potentialAction":[{"@type":"SearchAction","target":{"@type":"EntryPoint","urlTemplate":"https:\/\/www.carideal.com\/blog\/?s={search_term_string}"},"query-input":{"@type":"PropertyValueSpecification","valueRequired":true,"valueName":"search_term_string"}}],"inLanguage":"fr-FR"},{"@type":"Organization","@id":"https:\/\/www.carideal.com\/blog\/#organization","name":"Carideal","url":"https:\/\/www.carideal.com\/blog\/","logo":{"@type":"ImageObject","inLanguage":"fr-FR","@id":"https:\/\/www.carideal.com\/blog\/#\/schema\/logo\/image\/","url":"http:\/\/www.carideal.com\/blog\/wp-content\/uploads\/2016\/03\/logo-carideal-mandataire-automobile.png","contentUrl":"http:\/\/www.carideal.com\/blog\/wp-content\/uploads\/2016\/03\/logo-carideal-mandataire-automobile.png","width":300,"height":300,"caption":"Carideal"},"image":{"@id":"https:\/\/www.carideal.com\/blog\/#\/schema\/logo\/image\/"},"sameAs":["https:\/\/www.facebook.com\/Carideal.mandataire.automobile","https:\/\/x.com\/caridealauto","https:\/\/www.instagram.com\/carideal1\/","https:\/\/www.linkedin.com\/company\/carideal.com","https:\/\/fr.pinterest.com\/schiavonsas\/","https:\/\/www.youtube.com\/user\/caridealsas"]},{"@type":"Person","@id":"https:\/\/www.carideal.com\/blog\/#\/schema\/person\/985c7e757d1042d647f21bfaf8d41ebc","name":"N.S Carideal","image":{"@type":"ImageObject","inLanguage":"fr-FR","@id":"https:\/\/www.carideal.com\/blog\/#\/schema\/person\/image\/","url":"https:\/\/secure.gravatar.com\/avatar\/edb7ccdf1a4e3d14aef967760d354d0e?s=96&r=g","contentUrl":"https:\/\/secure.gravatar.com\/avatar\/edb7ccdf1a4e3d14aef967760d354d0e?s=96&r=g","caption":"N.S Carideal"},"description":"Depuis tout petit fan d'automobile. Il est question d'essayer et de comparer toutes ces voitures qui nous ont fait r\u00e9ver, avant que celles-ci ne devient uniquement des voitures de collection.","sameAs":["http:\/\/www.carideal.com\/blog","https:\/\/www.facebook.com\/Carideal.mandataire.automobile\/","https:\/\/www.linkedin.com\/in\/nschiavon\/","https:\/\/www.youtube.com\/user\/caridealsas\/"],"url":"https:\/\/www.carideal.com\/blog\/author\/admin_carideal\/"}]}},"uagb_featured_image_src":{"full":false,"thumbnail":false,"medium":false,"medium_large":false,"large":false,"1536x1536":false,"2048x2048":false,"wppr-widget":false},"uagb_author_info":{"display_name":"N.S Carideal","author_link":"https:\/\/www.carideal.com\/blog\/author\/admin_carideal\/"},"uagb_comment_info":1,"uagb_excerpt":"Le FAP catalys\u00e9 augmente les emissions de NO2 Airparif note que le Fap catalys\u00e9 et non celui\u00a0additiv\u00e9 de\u00a0PSA contribue \u00e0 l'augmentation du NO2 Airparif en charge, des contr\u00f4les de la qualit\u00e9 de l'air sur la r\u00e9gion parisienne le souligne dans son rapport 2010. L'association note que depuis des ann\u00e9es les \u00e9missions de NO2 \u00e9taient en\u2026","_links":{"self":[{"href":"https:\/\/www.carideal.com\/blog\/wp-json\/wp\/v2\/posts\/211"}],"collection":[{"href":"https:\/\/www.carideal.com\/blog\/wp-json\/wp\/v2\/posts"}],"about":[{"href":"https:\/\/www.carideal.com\/blog\/wp-json\/wp\/v2\/types\/post"}],"author":[{"embeddable":true,"href":"https:\/\/www.carideal.com\/blog\/wp-json\/wp\/v2\/users\/1"}],"replies":[{"embeddable":true,"href":"https:\/\/www.carideal.com\/blog\/wp-json\/wp\/v2\/comments?post=211"}],"version-history":[{"count":0,"href":"https:\/\/www.carideal.com\/blog\/wp-json\/wp\/v2\/posts\/211\/revisions"}],"wp:attachment":[{"href":"https:\/\/www.carideal.com\/blog\/wp-json\/wp\/v2\/media?parent=211"}],"wp:term":[{"taxonomy":"category","embeddable":true,"href":"https:\/\/www.carideal.com\/blog\/wp-json\/wp\/v2\/categories?post=211"},{"taxonomy":"post_tag","embeddable":true,"href":"https:\/\/www.carideal.com\/blog\/wp-json\/wp\/v2\/tags?post=211"}],"curies":[{"name":"wp","href":"https:\/\/api.w.org\/{rel}","templated":true}]}}