{"id":210,"date":"2011-04-04T15:17:00","date_gmt":"2011-04-04T15:17:00","guid":{"rendered":"http:\/\/carideal.com\/blog\/?p=210"},"modified":"2020-03-12T08:26:18","modified_gmt":"2020-03-12T07:26:18","slug":"la-voiture-electrique-pas-pour-demain","status":"publish","type":"post","link":"https:\/\/www.carideal.com\/blog\/2011\/04\/04\/la-voiture-electrique-pas-pour-demain\/","title":{"rendered":"Voiture \u00e9lectrique pas pour demain"},"content":{"rendered":"<h1><strong>La Voiture \u00e9lectrique n'est pas pour demain<\/strong><\/h1>\n<p>Le cabinet Deloitte vient de r\u00e9aliser un sondage sur un panel de 4760 europ\u00e9ens de 7 pays et sur leur engagements face \u00e0 la voiture \u00e9lectrique et les r\u00e9sultats sont l\u00e0 :<br \/>\n74 % des sond\u00e9s se payerait \u00e9ventuellement une voiture \u00e9lectrique si celle ci justifiait d'une autonomie d'au moins 480 km.<\/p>\n<p>67 % des personnes consid\u00e8rent que le temps de charge ne doit pas d\u00e9passer deux heures.<br \/>\n16 % sont pr\u00e8ts \u00e0 acheter sans que le principe n'est fait ses preuves. C'est tr\u00e8s peu.<br \/>\n58% des personnes sond\u00e9es se disent acheteuses pour 15000 \u20ac maxi.<\/p>\n<p>Au vu des ces r\u00e9ponses le cabinet Deloitte reste pragmatique et garde les pieds sur terre :<br \/>\n\"Un gouffre s\u00e9pare ce que les europ\u00e9ens attendent en terme d'autonomie, de temps de recharge et de co\u00fbt d'un v\u00e9hicule \u00e9lectrique de ce qui est actuellement disponible sur le march\u00e9\"<br \/>\nLes premi\u00e8res immatriculations en France sur les deux premiers mois de l'ann\u00e9e le prouvent\u00a0: 102 <span style=\"text-decoration: underline;\"><a href=\"https:\/\/fr.wikipedia.org\/wiki\/Th!nk_City\">Think City<\/a><\/span>, 60 <span style=\"text-decoration: underline;\">Peugeot Ion<\/span> et 38 <span style=\"text-decoration: underline;\">Citroen C-Zero<\/span>, et toutes ces voitures sont achet\u00e9es par des collectivit\u00e9s. Mais la <span style=\"text-decoration: underline;\"><a href=\"http:\/\/www.carideal.com\/blog\/2012\/04\/12\/renault-twizy\/\">Renault Twizy<\/a><\/span> arrive va t elle rencontrer le succ\u00e8s ?<\/p>\n","protected":false},"excerpt":{"rendered":"<p>La Voiture \u00e9lectrique n&rsquo;est pas pour demain Le cabinet Deloitte vient de r\u00e9aliser un sondage sur un panel de 4760 europ\u00e9ens de 7 pays et sur leur engagements face \u00e0 la voiture \u00e9lectrique et les r\u00e9sultats sont l\u00e0 : 74 % des sond\u00e9s se payerait \u00e9ventuellement une voiture \u00e9lectrique si celle ci justifiait d&rsquo;une autonomie &#8230; <a title=\"Voiture \u00e9lectrique pas pour demain\" class=\"read-more\" href=\"https:\/\/www.carideal.com\/blog\/2011\/04\/04\/la-voiture-electrique-pas-pour-demain\/\" aria-label=\"En savoir plus sur Voiture \u00e9lectrique pas pour demain\">Lire plus<\/a><\/p>\n","protected":false},"author":1,"featured_media":0,"comment_status":"open","ping_status":"open","sticky":false,"template":"","format":"standard","meta":{"_uag_custom_page_level_css":"","_themeisle_gutenberg_block_has_review":false,"footnotes":""},"categories":[6,5080,5970],"tags":[],"class_list":["post-210","post","type-post","status-publish","format-standard","hentry","category-ecologie","category-technologie-2","category-electrique-technologie-2"],"wppr_data":[],"yoast_head":"<!-- This site is optimized with the Yoast SEO plugin v24.8.1 - https:\/\/yoast.com\/wordpress\/plugins\/seo\/ -->\n<title>Voiture \u00e9lectrique pas pour demain - Blog auto Carid\u00e9al<\/title>\n<meta name=\"robots\" content=\"index, follow, max-snippet:-1, max-image-preview:large, max-video-preview:-1\" \/>\n<link rel=\"canonical\" href=\"https:\/\/www.carideal.com\/blog\/2011\/04\/04\/la-voiture-electrique-pas-pour-demain\/\" \/>\n<meta property=\"og:locale\" content=\"fr_FR\" \/>\n<meta property=\"og:type\" content=\"article\" \/>\n<meta property=\"og:title\" content=\"Voiture \u00e9lectrique pas pour demain - Blog auto Carid\u00e9al\" \/>\n<meta property=\"og:description\" content=\"La Voiture \u00e9lectrique n&#039;est pas pour demain Le cabinet Deloitte vient de r\u00e9aliser un sondage sur un panel de 4760 europ\u00e9ens de 7 pays et sur leur engagements face \u00e0 la voiture \u00e9lectrique et les r\u00e9sultats sont l\u00e0 : 74 % des sond\u00e9s se payerait \u00e9ventuellement une voiture \u00e9lectrique si celle ci justifiait d&#039;une autonomie ... Lire plus\" \/>\n<meta property=\"og:url\" content=\"https:\/\/www.carideal.com\/blog\/2011\/04\/04\/la-voiture-electrique-pas-pour-demain\/\" \/>\n<meta property=\"og:site_name\" content=\"Blog auto Carid\u00e9al\" \/>\n<meta property=\"article:publisher\" content=\"https:\/\/www.facebook.com\/Carideal.mandataire.automobile\" \/>\n<meta property=\"article:author\" content=\"https:\/\/www.facebook.com\/Carideal.mandataire.automobile\/\" \/>\n<meta property=\"article:published_time\" content=\"2011-04-04T15:17:00+00:00\" \/>\n<meta property=\"article:modified_time\" content=\"2020-03-12T07:26:18+00:00\" \/>\n<meta property=\"og:image\" content=\"https:\/\/www.carideal.com\/blog\/wp-content\/uploads\/2016\/03\/logo-carideal-mandataire-automobile.png\" \/>\n\t<meta property=\"og:image:width\" content=\"300\" \/>\n\t<meta property=\"og:image:height\" content=\"300\" \/>\n\t<meta property=\"og:image:type\" content=\"image\/png\" \/>\n<meta name=\"author\" content=\"N.S Carideal\" \/>\n<meta name=\"twitter:card\" content=\"summary_large_image\" \/>\n<meta name=\"twitter:creator\" content=\"@caridealauto\" \/>\n<meta name=\"twitter:site\" content=\"@caridealauto\" \/>\n<meta name=\"twitter:label1\" content=\"\u00c9crit par\" \/>\n\t<meta name=\"twitter:data1\" content=\"N.S Carideal\" \/>\n\t<meta name=\"twitter:label2\" content=\"Dur\u00e9e de lecture estim\u00e9e\" \/>\n\t<meta name=\"twitter:data2\" content=\"1 minute\" \/>\n<script type=\"application\/ld+json\" class=\"yoast-schema-graph\">{\"@context\":\"https:\/\/schema.org\",\"@graph\":[{\"@type\":\"Article\",\"@id\":\"https:\/\/www.carideal.com\/blog\/2011\/04\/04\/la-voiture-electrique-pas-pour-demain\/#article\",\"isPartOf\":{\"@id\":\"https:\/\/www.carideal.com\/blog\/2011\/04\/04\/la-voiture-electrique-pas-pour-demain\/\"},\"author\":{\"name\":\"N.S Carideal\",\"@id\":\"https:\/\/www.carideal.com\/blog\/#\/schema\/person\/985c7e757d1042d647f21bfaf8d41ebc\"},\"headline\":\"Voiture \u00e9lectrique pas pour demain\",\"datePublished\":\"2011-04-04T15:17:00+00:00\",\"dateModified\":\"2020-03-12T07:26:18+00:00\",\"mainEntityOfPage\":{\"@id\":\"https:\/\/www.carideal.com\/blog\/2011\/04\/04\/la-voiture-electrique-pas-pour-demain\/\"},\"wordCount\":199,\"commentCount\":0,\"publisher\":{\"@id\":\"https:\/\/www.carideal.com\/blog\/#organization\"},\"articleSection\":[\"Ecologie\",\"Technologie Automobile\",\"Voiture \u00e9lectrique\"],\"inLanguage\":\"fr-FR\",\"potentialAction\":[{\"@type\":\"CommentAction\",\"name\":\"Comment\",\"target\":[\"https:\/\/www.carideal.com\/blog\/2011\/04\/04\/la-voiture-electrique-pas-pour-demain\/#respond\"]}]},{\"@type\":\"WebPage\",\"@id\":\"https:\/\/www.carideal.com\/blog\/2011\/04\/04\/la-voiture-electrique-pas-pour-demain\/\",\"url\":\"https:\/\/www.carideal.com\/blog\/2011\/04\/04\/la-voiture-electrique-pas-pour-demain\/\",\"name\":\"Voiture \u00e9lectrique pas pour demain - Blog auto Carid\u00e9al\",\"isPartOf\":{\"@id\":\"https:\/\/www.carideal.com\/blog\/#website\"},\"datePublished\":\"2011-04-04T15:17:00+00:00\",\"dateModified\":\"2020-03-12T07:26:18+00:00\",\"breadcrumb\":{\"@id\":\"https:\/\/www.carideal.com\/blog\/2011\/04\/04\/la-voiture-electrique-pas-pour-demain\/#breadcrumb\"},\"inLanguage\":\"fr-FR\",\"potentialAction\":[{\"@type\":\"ReadAction\",\"target\":[\"https:\/\/www.carideal.com\/blog\/2011\/04\/04\/la-voiture-electrique-pas-pour-demain\/\"]}]},{\"@type\":\"BreadcrumbList\",\"@id\":\"https:\/\/www.carideal.com\/blog\/2011\/04\/04\/la-voiture-electrique-pas-pour-demain\/#breadcrumb\",\"itemListElement\":[{\"@type\":\"ListItem\",\"position\":1,\"name\":\"Blog Carid\u00e9al\",\"item\":\"https:\/\/www.carideal.com\/blog\/\"},{\"@type\":\"ListItem\",\"position\":2,\"name\":\"Ecologie\",\"item\":\"https:\/\/www.carideal.com\/blog\/ecologie\/\"},{\"@type\":\"ListItem\",\"position\":3,\"name\":\"Voiture \u00e9lectrique pas pour demain\"}]},{\"@type\":\"WebSite\",\"@id\":\"https:\/\/www.carideal.com\/blog\/#website\",\"url\":\"https:\/\/www.carideal.com\/blog\/\",\"name\":\"Blog auto Carid\u00e9al\",\"description\":\"Actualit\u00e9 auto par des passionn\u00e9s\",\"publisher\":{\"@id\":\"https:\/\/www.carideal.com\/blog\/#organization\"},\"potentialAction\":[{\"@type\":\"SearchAction\",\"target\":{\"@type\":\"EntryPoint\",\"urlTemplate\":\"https:\/\/www.carideal.com\/blog\/?s={search_term_string}\"},\"query-input\":{\"@type\":\"PropertyValueSpecification\",\"valueRequired\":true,\"valueName\":\"search_term_string\"}}],\"inLanguage\":\"fr-FR\"},{\"@type\":\"Organization\",\"@id\":\"https:\/\/www.carideal.com\/blog\/#organization\",\"name\":\"Carideal\",\"url\":\"https:\/\/www.carideal.com\/blog\/\",\"logo\":{\"@type\":\"ImageObject\",\"inLanguage\":\"fr-FR\",\"@id\":\"https:\/\/www.carideal.com\/blog\/#\/schema\/logo\/image\/\",\"url\":\"http:\/\/www.carideal.com\/blog\/wp-content\/uploads\/2016\/03\/logo-carideal-mandataire-automobile.png\",\"contentUrl\":\"http:\/\/www.carideal.com\/blog\/wp-content\/uploads\/2016\/03\/logo-carideal-mandataire-automobile.png\",\"width\":300,\"height\":300,\"caption\":\"Carideal\"},\"image\":{\"@id\":\"https:\/\/www.carideal.com\/blog\/#\/schema\/logo\/image\/\"},\"sameAs\":[\"https:\/\/www.facebook.com\/Carideal.mandataire.automobile\",\"https:\/\/x.com\/caridealauto\",\"https:\/\/www.instagram.com\/carideal1\/\",\"https:\/\/www.linkedin.com\/company\/carideal.com\",\"https:\/\/fr.pinterest.com\/schiavonsas\/\",\"https:\/\/www.youtube.com\/user\/caridealsas\"]},{\"@type\":\"Person\",\"@id\":\"https:\/\/www.carideal.com\/blog\/#\/schema\/person\/985c7e757d1042d647f21bfaf8d41ebc\",\"name\":\"N.S Carideal\",\"image\":{\"@type\":\"ImageObject\",\"inLanguage\":\"fr-FR\",\"@id\":\"https:\/\/www.carideal.com\/blog\/#\/schema\/person\/image\/\",\"url\":\"https:\/\/secure.gravatar.com\/avatar\/edb7ccdf1a4e3d14aef967760d354d0e?s=96&r=g\",\"contentUrl\":\"https:\/\/secure.gravatar.com\/avatar\/edb7ccdf1a4e3d14aef967760d354d0e?s=96&r=g\",\"caption\":\"N.S Carideal\"},\"description\":\"Depuis tout petit fan d'automobile. Il est question d'essayer et de comparer toutes ces voitures qui nous ont fait r\u00e9ver, avant que celles-ci ne devient uniquement des voitures de collection.\",\"sameAs\":[\"http:\/\/www.carideal.com\/blog\",\"https:\/\/www.facebook.com\/Carideal.mandataire.automobile\/\",\"https:\/\/www.linkedin.com\/in\/nschiavon\/\",\"https:\/\/www.youtube.com\/user\/caridealsas\/\"],\"url\":\"https:\/\/www.carideal.com\/blog\/author\/admin_carideal\/\"}]}<\/script>\n<!-- \/ Yoast SEO plugin. -->","yoast_head_json":{"title":"Voiture \u00e9lectrique pas pour demain - Blog auto Carid\u00e9al","robots":{"index":"index","follow":"follow","max-snippet":"max-snippet:-1","max-image-preview":"max-image-preview:large","max-video-preview":"max-video-preview:-1"},"canonical":"https:\/\/www.carideal.com\/blog\/2011\/04\/04\/la-voiture-electrique-pas-pour-demain\/","og_locale":"fr_FR","og_type":"article","og_title":"Voiture \u00e9lectrique pas pour demain - Blog auto Carid\u00e9al","og_description":"La Voiture \u00e9lectrique n'est pas pour demain Le cabinet Deloitte vient de r\u00e9aliser un sondage sur un panel de 4760 europ\u00e9ens de 7 pays et sur leur engagements face \u00e0 la voiture \u00e9lectrique et les r\u00e9sultats sont l\u00e0 : 74 % des sond\u00e9s se payerait \u00e9ventuellement une voiture \u00e9lectrique si celle ci justifiait d'une autonomie ... Lire plus","og_url":"https:\/\/www.carideal.com\/blog\/2011\/04\/04\/la-voiture-electrique-pas-pour-demain\/","og_site_name":"Blog auto Carid\u00e9al","article_publisher":"https:\/\/www.facebook.com\/Carideal.mandataire.automobile","article_author":"https:\/\/www.facebook.com\/Carideal.mandataire.automobile\/","article_published_time":"2011-04-04T15:17:00+00:00","article_modified_time":"2020-03-12T07:26:18+00:00","og_image":[{"width":300,"height":300,"url":"https:\/\/www.carideal.com\/blog\/wp-content\/uploads\/2016\/03\/logo-carideal-mandataire-automobile.png","type":"image\/png"}],"author":"N.S Carideal","twitter_card":"summary_large_image","twitter_creator":"@caridealauto","twitter_site":"@caridealauto","twitter_misc":{"\u00c9crit par":"N.S Carideal","Dur\u00e9e de lecture estim\u00e9e":"1 minute"},"schema":{"@context":"https:\/\/schema.org","@graph":[{"@type":"Article","@id":"https:\/\/www.carideal.com\/blog\/2011\/04\/04\/la-voiture-electrique-pas-pour-demain\/#article","isPartOf":{"@id":"https:\/\/www.carideal.com\/blog\/2011\/04\/04\/la-voiture-electrique-pas-pour-demain\/"},"author":{"name":"N.S Carideal","@id":"https:\/\/www.carideal.com\/blog\/#\/schema\/person\/985c7e757d1042d647f21bfaf8d41ebc"},"headline":"Voiture \u00e9lectrique pas pour demain","datePublished":"2011-04-04T15:17:00+00:00","dateModified":"2020-03-12T07:26:18+00:00","mainEntityOfPage":{"@id":"https:\/\/www.carideal.com\/blog\/2011\/04\/04\/la-voiture-electrique-pas-pour-demain\/"},"wordCount":199,"commentCount":0,"publisher":{"@id":"https:\/\/www.carideal.com\/blog\/#organization"},"articleSection":["Ecologie","Technologie Automobile","Voiture \u00e9lectrique"],"inLanguage":"fr-FR","potentialAction":[{"@type":"CommentAction","name":"Comment","target":["https:\/\/www.carideal.com\/blog\/2011\/04\/04\/la-voiture-electrique-pas-pour-demain\/#respond"]}]},{"@type":"WebPage","@id":"https:\/\/www.carideal.com\/blog\/2011\/04\/04\/la-voiture-electrique-pas-pour-demain\/","url":"https:\/\/www.carideal.com\/blog\/2011\/04\/04\/la-voiture-electrique-pas-pour-demain\/","name":"Voiture \u00e9lectrique pas pour demain - Blog auto Carid\u00e9al","isPartOf":{"@id":"https:\/\/www.carideal.com\/blog\/#website"},"datePublished":"2011-04-04T15:17:00+00:00","dateModified":"2020-03-12T07:26:18+00:00","breadcrumb":{"@id":"https:\/\/www.carideal.com\/blog\/2011\/04\/04\/la-voiture-electrique-pas-pour-demain\/#breadcrumb"},"inLanguage":"fr-FR","potentialAction":[{"@type":"ReadAction","target":["https:\/\/www.carideal.com\/blog\/2011\/04\/04\/la-voiture-electrique-pas-pour-demain\/"]}]},{"@type":"BreadcrumbList","@id":"https:\/\/www.carideal.com\/blog\/2011\/04\/04\/la-voiture-electrique-pas-pour-demain\/#breadcrumb","itemListElement":[{"@type":"ListItem","position":1,"name":"Blog Carid\u00e9al","item":"https:\/\/www.carideal.com\/blog\/"},{"@type":"ListItem","position":2,"name":"Ecologie","item":"https:\/\/www.carideal.com\/blog\/ecologie\/"},{"@type":"ListItem","position":3,"name":"Voiture \u00e9lectrique pas pour demain"}]},{"@type":"WebSite","@id":"https:\/\/www.carideal.com\/blog\/#website","url":"https:\/\/www.carideal.com\/blog\/","name":"Blog auto Carid\u00e9al","description":"Actualit\u00e9 auto par des passionn\u00e9s","publisher":{"@id":"https:\/\/www.carideal.com\/blog\/#organization"},"potentialAction":[{"@type":"SearchAction","target":{"@type":"EntryPoint","urlTemplate":"https:\/\/www.carideal.com\/blog\/?s={search_term_string}"},"query-input":{"@type":"PropertyValueSpecification","valueRequired":true,"valueName":"search_term_string"}}],"inLanguage":"fr-FR"},{"@type":"Organization","@id":"https:\/\/www.carideal.com\/blog\/#organization","name":"Carideal","url":"https:\/\/www.carideal.com\/blog\/","logo":{"@type":"ImageObject","inLanguage":"fr-FR","@id":"https:\/\/www.carideal.com\/blog\/#\/schema\/logo\/image\/","url":"http:\/\/www.carideal.com\/blog\/wp-content\/uploads\/2016\/03\/logo-carideal-mandataire-automobile.png","contentUrl":"http:\/\/www.carideal.com\/blog\/wp-content\/uploads\/2016\/03\/logo-carideal-mandataire-automobile.png","width":300,"height":300,"caption":"Carideal"},"image":{"@id":"https:\/\/www.carideal.com\/blog\/#\/schema\/logo\/image\/"},"sameAs":["https:\/\/www.facebook.com\/Carideal.mandataire.automobile","https:\/\/x.com\/caridealauto","https:\/\/www.instagram.com\/carideal1\/","https:\/\/www.linkedin.com\/company\/carideal.com","https:\/\/fr.pinterest.com\/schiavonsas\/","https:\/\/www.youtube.com\/user\/caridealsas"]},{"@type":"Person","@id":"https:\/\/www.carideal.com\/blog\/#\/schema\/person\/985c7e757d1042d647f21bfaf8d41ebc","name":"N.S Carideal","image":{"@type":"ImageObject","inLanguage":"fr-FR","@id":"https:\/\/www.carideal.com\/blog\/#\/schema\/person\/image\/","url":"https:\/\/secure.gravatar.com\/avatar\/edb7ccdf1a4e3d14aef967760d354d0e?s=96&r=g","contentUrl":"https:\/\/secure.gravatar.com\/avatar\/edb7ccdf1a4e3d14aef967760d354d0e?s=96&r=g","caption":"N.S Carideal"},"description":"Depuis tout petit fan d'automobile. Il est question d'essayer et de comparer toutes ces voitures qui nous ont fait r\u00e9ver, avant que celles-ci ne devient uniquement des voitures de collection.","sameAs":["http:\/\/www.carideal.com\/blog","https:\/\/www.facebook.com\/Carideal.mandataire.automobile\/","https:\/\/www.linkedin.com\/in\/nschiavon\/","https:\/\/www.youtube.com\/user\/caridealsas\/"],"url":"https:\/\/www.carideal.com\/blog\/author\/admin_carideal\/"}]}},"uagb_featured_image_src":{"full":false,"thumbnail":false,"medium":false,"medium_large":false,"large":false,"1536x1536":false,"2048x2048":false,"wppr-widget":false},"uagb_author_info":{"display_name":"N.S Carideal","author_link":"https:\/\/www.carideal.com\/blog\/author\/admin_carideal\/"},"uagb_comment_info":0,"uagb_excerpt":"La Voiture \u00e9lectrique n'est pas pour demain Le cabinet Deloitte vient de r\u00e9aliser un sondage sur un panel de 4760 europ\u00e9ens de 7 pays et sur leur engagements face \u00e0 la voiture \u00e9lectrique et les r\u00e9sultats sont l\u00e0 : 74 % des sond\u00e9s se payerait \u00e9ventuellement une voiture \u00e9lectrique si celle ci justifiait d'une autonomie\u2026","_links":{"self":[{"href":"https:\/\/www.carideal.com\/blog\/wp-json\/wp\/v2\/posts\/210"}],"collection":[{"href":"https:\/\/www.carideal.com\/blog\/wp-json\/wp\/v2\/posts"}],"about":[{"href":"https:\/\/www.carideal.com\/blog\/wp-json\/wp\/v2\/types\/post"}],"author":[{"embeddable":true,"href":"https:\/\/www.carideal.com\/blog\/wp-json\/wp\/v2\/users\/1"}],"replies":[{"embeddable":true,"href":"https:\/\/www.carideal.com\/blog\/wp-json\/wp\/v2\/comments?post=210"}],"version-history":[{"count":0,"href":"https:\/\/www.carideal.com\/blog\/wp-json\/wp\/v2\/posts\/210\/revisions"}],"wp:attachment":[{"href":"https:\/\/www.carideal.com\/blog\/wp-json\/wp\/v2\/media?parent=210"}],"wp:term":[{"taxonomy":"category","embeddable":true,"href":"https:\/\/www.carideal.com\/blog\/wp-json\/wp\/v2\/categories?post=210"},{"taxonomy":"post_tag","embeddable":true,"href":"https:\/\/www.carideal.com\/blog\/wp-json\/wp\/v2\/tags?post=210"}],"curies":[{"name":"wp","href":"https:\/\/api.w.org\/{rel}","templated":true}]}}