{"id":208,"date":"2011-03-22T21:31:00","date_gmt":"2011-03-22T21:31:00","guid":{"rendered":"http:\/\/carideal.com\/blog\/?p=208"},"modified":"2020-03-07T16:45:31","modified_gmt":"2020-03-07T15:45:31","slug":"renault-twizy-a-partir-de-6990-e","status":"publish","type":"post","link":"https:\/\/www.carideal.com\/blog\/2011\/03\/22\/renault-twizy-a-partir-de-6990-e\/","title":{"rendered":"Renault Twizy a partir de 6990 \u20ac"},"content":{"rendered":"<\/p>\n<blockquote>\n<p>La future petite urbaine \u00e9lectrique de Renault la Twizy<\/p>\n<\/blockquote>\n<p>La voiture sera donc propos\u00e9 \u00e0 partir de 6990 \u20ac auquel il faudra rajouter 45\u20ac par mois de location des <a href=\"\/blog\/index.php?tag\/batteries\">batteries<\/a> pour un forfait de seulement 7500 km par an ce qui fait peu.<br \/>\nAu prix de la voiture il faudra \u00e9ventuellement d\u00e9duire la prime gouvernementale de 2000 \u20ac pour l'achat d'une voiture \u00e9lectrique. Cette voiture longue de 2.32 m, haute de 1.46m et large de 1.19m soit plus petite q'une <a href=\"\/blog\/index.php?tag\/Smart\">Smart<\/a> devrait faire des miracles en ville pour se garer. La Twizy ne p\u00e8se que 450 kg dont 100 kg de Batterie, Renault annonce une autonomie de 100 km et 3h30 de recharge sur une prise standard 240 V 16A. Il y aura une version sans permis avec un <a href=\"\/blog\/index.php?tag\/moteur%20%C3%A9lectrique\">moteur \u00e9lectrique<\/a> de 5kw sera brid\u00e9e \u00e0 45 km\/h, tandis que la version normale au elle un moteur de 15 kw pour une vitesse de 75 km\/h.<\/p>\n<p><a href=\"\/blog\/index.php?post\/2011\/02\/17\/Renault-Fluence-ZE\">\/ Renault<\/a><br \/>\n<a href=\"\/blog\/index.php?post\/2010\/03\/18\/La-voiture-electrique-sans-modele-economique\">\/ Renault \u00e9lectrique<\/a><br \/>\n<a href=\"\/blog\/index.php?post\/2009\/07\/04\/Renault-devoile-son-concept-ZE-electrique-au-salon-de-Francfort\">\/ Renault d\u00e9voile son concept ZE \u00e9lectrique<\/a><\/p>\n","protected":false},"excerpt":{"rendered":"<p>La future petite urbaine \u00e9lectrique de Renault la Twizy La voiture sera donc propos\u00e9 \u00e0 partir de 6990 \u20ac auquel il faudra rajouter 45\u20ac par mois de location des batteries pour un forfait de seulement 7500 km par an ce qui fait peu. Au prix de la voiture il faudra \u00e9ventuellement d\u00e9duire la prime gouvernementale &#8230; <a title=\"Renault Twizy a partir de 6990 \u20ac\" class=\"read-more\" href=\"https:\/\/www.carideal.com\/blog\/2011\/03\/22\/renault-twizy-a-partir-de-6990-e\/\" aria-label=\"En savoir plus sur Renault Twizy a partir de 6990 \u20ac\">Lire plus<\/a><\/p>\n","protected":false},"author":1,"featured_media":0,"comment_status":"open","ping_status":"open","sticky":false,"template":"","format":"standard","meta":{"_uag_custom_page_level_css":"","_themeisle_gutenberg_block_has_review":false,"footnotes":""},"categories":[6],"tags":[],"class_list":["post-208","post","type-post","status-publish","format-standard","hentry","category-ecologie"],"wppr_data":[],"yoast_head":"<!-- This site is optimized with the Yoast SEO plugin v24.8.1 - https:\/\/yoast.com\/wordpress\/plugins\/seo\/ -->\n<title>Renault Twizy a partir de 6990 \u20ac - Blog auto Carid\u00e9al<\/title>\n<meta name=\"robots\" content=\"index, follow, max-snippet:-1, max-image-preview:large, max-video-preview:-1\" \/>\n<link rel=\"canonical\" href=\"https:\/\/www.carideal.com\/blog\/2011\/03\/22\/renault-twizy-a-partir-de-6990-e\/\" \/>\n<meta property=\"og:locale\" content=\"fr_FR\" \/>\n<meta property=\"og:type\" content=\"article\" \/>\n<meta property=\"og:title\" content=\"Renault Twizy a partir de 6990 \u20ac - Blog auto Carid\u00e9al\" \/>\n<meta property=\"og:description\" content=\"La future petite urbaine \u00e9lectrique de Renault la Twizy La voiture sera donc propos\u00e9 \u00e0 partir de 6990 \u20ac auquel il faudra rajouter 45\u20ac par mois de location des batteries pour un forfait de seulement 7500 km par an ce qui fait peu. Au prix de la voiture il faudra \u00e9ventuellement d\u00e9duire la prime gouvernementale ... Lire plus\" \/>\n<meta property=\"og:url\" content=\"https:\/\/www.carideal.com\/blog\/2011\/03\/22\/renault-twizy-a-partir-de-6990-e\/\" \/>\n<meta property=\"og:site_name\" content=\"Blog auto Carid\u00e9al\" \/>\n<meta property=\"article:publisher\" content=\"https:\/\/www.facebook.com\/Carideal.mandataire.automobile\" \/>\n<meta property=\"article:author\" content=\"https:\/\/www.facebook.com\/Carideal.mandataire.automobile\/\" \/>\n<meta property=\"article:published_time\" content=\"2011-03-22T21:31:00+00:00\" \/>\n<meta property=\"article:modified_time\" content=\"2020-03-07T15:45:31+00:00\" \/>\n<meta property=\"og:image\" content=\"https:\/\/www.carideal.com\/blog\/wp-content\/uploads\/2016\/03\/logo-carideal-mandataire-automobile.png\" \/>\n\t<meta property=\"og:image:width\" content=\"300\" \/>\n\t<meta property=\"og:image:height\" content=\"300\" \/>\n\t<meta property=\"og:image:type\" content=\"image\/png\" \/>\n<meta name=\"author\" content=\"N.S Carideal\" \/>\n<meta name=\"twitter:card\" content=\"summary_large_image\" \/>\n<meta name=\"twitter:creator\" content=\"@caridealauto\" \/>\n<meta name=\"twitter:site\" content=\"@caridealauto\" \/>\n<meta name=\"twitter:label1\" content=\"\u00c9crit par\" \/>\n\t<meta name=\"twitter:data1\" content=\"N.S Carideal\" \/>\n\t<meta name=\"twitter:label2\" content=\"Dur\u00e9e de lecture estim\u00e9e\" \/>\n\t<meta name=\"twitter:data2\" content=\"1 minute\" \/>\n<script type=\"application\/ld+json\" class=\"yoast-schema-graph\">{\"@context\":\"https:\/\/schema.org\",\"@graph\":[{\"@type\":\"Article\",\"@id\":\"https:\/\/www.carideal.com\/blog\/2011\/03\/22\/renault-twizy-a-partir-de-6990-e\/#article\",\"isPartOf\":{\"@id\":\"https:\/\/www.carideal.com\/blog\/2011\/03\/22\/renault-twizy-a-partir-de-6990-e\/\"},\"author\":{\"name\":\"N.S Carideal\",\"@id\":\"https:\/\/www.carideal.com\/blog\/#\/schema\/person\/985c7e757d1042d647f21bfaf8d41ebc\"},\"headline\":\"Renault Twizy a partir de 6990 \u20ac\",\"datePublished\":\"2011-03-22T21:31:00+00:00\",\"dateModified\":\"2020-03-07T15:45:31+00:00\",\"mainEntityOfPage\":{\"@id\":\"https:\/\/www.carideal.com\/blog\/2011\/03\/22\/renault-twizy-a-partir-de-6990-e\/\"},\"wordCount\":160,\"commentCount\":1,\"publisher\":{\"@id\":\"https:\/\/www.carideal.com\/blog\/#organization\"},\"articleSection\":[\"Ecologie\"],\"inLanguage\":\"fr-FR\",\"potentialAction\":[{\"@type\":\"CommentAction\",\"name\":\"Comment\",\"target\":[\"https:\/\/www.carideal.com\/blog\/2011\/03\/22\/renault-twizy-a-partir-de-6990-e\/#respond\"]}]},{\"@type\":\"WebPage\",\"@id\":\"https:\/\/www.carideal.com\/blog\/2011\/03\/22\/renault-twizy-a-partir-de-6990-e\/\",\"url\":\"https:\/\/www.carideal.com\/blog\/2011\/03\/22\/renault-twizy-a-partir-de-6990-e\/\",\"name\":\"Renault Twizy a partir de 6990 \u20ac - Blog auto Carid\u00e9al\",\"isPartOf\":{\"@id\":\"https:\/\/www.carideal.com\/blog\/#website\"},\"datePublished\":\"2011-03-22T21:31:00+00:00\",\"dateModified\":\"2020-03-07T15:45:31+00:00\",\"breadcrumb\":{\"@id\":\"https:\/\/www.carideal.com\/blog\/2011\/03\/22\/renault-twizy-a-partir-de-6990-e\/#breadcrumb\"},\"inLanguage\":\"fr-FR\",\"potentialAction\":[{\"@type\":\"ReadAction\",\"target\":[\"https:\/\/www.carideal.com\/blog\/2011\/03\/22\/renault-twizy-a-partir-de-6990-e\/\"]}]},{\"@type\":\"BreadcrumbList\",\"@id\":\"https:\/\/www.carideal.com\/blog\/2011\/03\/22\/renault-twizy-a-partir-de-6990-e\/#breadcrumb\",\"itemListElement\":[{\"@type\":\"ListItem\",\"position\":1,\"name\":\"Blog Carid\u00e9al\",\"item\":\"https:\/\/www.carideal.com\/blog\/\"},{\"@type\":\"ListItem\",\"position\":2,\"name\":\"Ecologie\",\"item\":\"https:\/\/www.carideal.com\/blog\/ecologie\/\"},{\"@type\":\"ListItem\",\"position\":3,\"name\":\"Renault Twizy a partir de 6990 \u20ac\"}]},{\"@type\":\"WebSite\",\"@id\":\"https:\/\/www.carideal.com\/blog\/#website\",\"url\":\"https:\/\/www.carideal.com\/blog\/\",\"name\":\"Blog auto Carid\u00e9al\",\"description\":\"Actualit\u00e9 auto par des passionn\u00e9s\",\"publisher\":{\"@id\":\"https:\/\/www.carideal.com\/blog\/#organization\"},\"potentialAction\":[{\"@type\":\"SearchAction\",\"target\":{\"@type\":\"EntryPoint\",\"urlTemplate\":\"https:\/\/www.carideal.com\/blog\/?s={search_term_string}\"},\"query-input\":{\"@type\":\"PropertyValueSpecification\",\"valueRequired\":true,\"valueName\":\"search_term_string\"}}],\"inLanguage\":\"fr-FR\"},{\"@type\":\"Organization\",\"@id\":\"https:\/\/www.carideal.com\/blog\/#organization\",\"name\":\"Carideal\",\"url\":\"https:\/\/www.carideal.com\/blog\/\",\"logo\":{\"@type\":\"ImageObject\",\"inLanguage\":\"fr-FR\",\"@id\":\"https:\/\/www.carideal.com\/blog\/#\/schema\/logo\/image\/\",\"url\":\"http:\/\/www.carideal.com\/blog\/wp-content\/uploads\/2016\/03\/logo-carideal-mandataire-automobile.png\",\"contentUrl\":\"http:\/\/www.carideal.com\/blog\/wp-content\/uploads\/2016\/03\/logo-carideal-mandataire-automobile.png\",\"width\":300,\"height\":300,\"caption\":\"Carideal\"},\"image\":{\"@id\":\"https:\/\/www.carideal.com\/blog\/#\/schema\/logo\/image\/\"},\"sameAs\":[\"https:\/\/www.facebook.com\/Carideal.mandataire.automobile\",\"https:\/\/x.com\/caridealauto\",\"https:\/\/www.instagram.com\/carideal1\/\",\"https:\/\/www.linkedin.com\/company\/carideal.com\",\"https:\/\/fr.pinterest.com\/schiavonsas\/\",\"https:\/\/www.youtube.com\/user\/caridealsas\"]},{\"@type\":\"Person\",\"@id\":\"https:\/\/www.carideal.com\/blog\/#\/schema\/person\/985c7e757d1042d647f21bfaf8d41ebc\",\"name\":\"N.S Carideal\",\"image\":{\"@type\":\"ImageObject\",\"inLanguage\":\"fr-FR\",\"@id\":\"https:\/\/www.carideal.com\/blog\/#\/schema\/person\/image\/\",\"url\":\"https:\/\/secure.gravatar.com\/avatar\/edb7ccdf1a4e3d14aef967760d354d0e?s=96&r=g\",\"contentUrl\":\"https:\/\/secure.gravatar.com\/avatar\/edb7ccdf1a4e3d14aef967760d354d0e?s=96&r=g\",\"caption\":\"N.S Carideal\"},\"description\":\"Depuis tout petit fan d'automobile. Il est question d'essayer et de comparer toutes ces voitures qui nous ont fait r\u00e9ver, avant que celles-ci ne devient uniquement des voitures de collection.\",\"sameAs\":[\"http:\/\/www.carideal.com\/blog\",\"https:\/\/www.facebook.com\/Carideal.mandataire.automobile\/\",\"https:\/\/www.linkedin.com\/in\/nschiavon\/\",\"https:\/\/www.youtube.com\/user\/caridealsas\/\"],\"url\":\"https:\/\/www.carideal.com\/blog\/author\/admin_carideal\/\"}]}<\/script>\n<!-- \/ Yoast SEO plugin. -->","yoast_head_json":{"title":"Renault Twizy a partir de 6990 \u20ac - Blog auto Carid\u00e9al","robots":{"index":"index","follow":"follow","max-snippet":"max-snippet:-1","max-image-preview":"max-image-preview:large","max-video-preview":"max-video-preview:-1"},"canonical":"https:\/\/www.carideal.com\/blog\/2011\/03\/22\/renault-twizy-a-partir-de-6990-e\/","og_locale":"fr_FR","og_type":"article","og_title":"Renault Twizy a partir de 6990 \u20ac - Blog auto Carid\u00e9al","og_description":"La future petite urbaine \u00e9lectrique de Renault la Twizy La voiture sera donc propos\u00e9 \u00e0 partir de 6990 \u20ac auquel il faudra rajouter 45\u20ac par mois de location des batteries pour un forfait de seulement 7500 km par an ce qui fait peu. Au prix de la voiture il faudra \u00e9ventuellement d\u00e9duire la prime gouvernementale ... Lire plus","og_url":"https:\/\/www.carideal.com\/blog\/2011\/03\/22\/renault-twizy-a-partir-de-6990-e\/","og_site_name":"Blog auto Carid\u00e9al","article_publisher":"https:\/\/www.facebook.com\/Carideal.mandataire.automobile","article_author":"https:\/\/www.facebook.com\/Carideal.mandataire.automobile\/","article_published_time":"2011-03-22T21:31:00+00:00","article_modified_time":"2020-03-07T15:45:31+00:00","og_image":[{"width":300,"height":300,"url":"https:\/\/www.carideal.com\/blog\/wp-content\/uploads\/2016\/03\/logo-carideal-mandataire-automobile.png","type":"image\/png"}],"author":"N.S Carideal","twitter_card":"summary_large_image","twitter_creator":"@caridealauto","twitter_site":"@caridealauto","twitter_misc":{"\u00c9crit par":"N.S Carideal","Dur\u00e9e de lecture estim\u00e9e":"1 minute"},"schema":{"@context":"https:\/\/schema.org","@graph":[{"@type":"Article","@id":"https:\/\/www.carideal.com\/blog\/2011\/03\/22\/renault-twizy-a-partir-de-6990-e\/#article","isPartOf":{"@id":"https:\/\/www.carideal.com\/blog\/2011\/03\/22\/renault-twizy-a-partir-de-6990-e\/"},"author":{"name":"N.S Carideal","@id":"https:\/\/www.carideal.com\/blog\/#\/schema\/person\/985c7e757d1042d647f21bfaf8d41ebc"},"headline":"Renault Twizy a partir de 6990 \u20ac","datePublished":"2011-03-22T21:31:00+00:00","dateModified":"2020-03-07T15:45:31+00:00","mainEntityOfPage":{"@id":"https:\/\/www.carideal.com\/blog\/2011\/03\/22\/renault-twizy-a-partir-de-6990-e\/"},"wordCount":160,"commentCount":1,"publisher":{"@id":"https:\/\/www.carideal.com\/blog\/#organization"},"articleSection":["Ecologie"],"inLanguage":"fr-FR","potentialAction":[{"@type":"CommentAction","name":"Comment","target":["https:\/\/www.carideal.com\/blog\/2011\/03\/22\/renault-twizy-a-partir-de-6990-e\/#respond"]}]},{"@type":"WebPage","@id":"https:\/\/www.carideal.com\/blog\/2011\/03\/22\/renault-twizy-a-partir-de-6990-e\/","url":"https:\/\/www.carideal.com\/blog\/2011\/03\/22\/renault-twizy-a-partir-de-6990-e\/","name":"Renault Twizy a partir de 6990 \u20ac - Blog auto Carid\u00e9al","isPartOf":{"@id":"https:\/\/www.carideal.com\/blog\/#website"},"datePublished":"2011-03-22T21:31:00+00:00","dateModified":"2020-03-07T15:45:31+00:00","breadcrumb":{"@id":"https:\/\/www.carideal.com\/blog\/2011\/03\/22\/renault-twizy-a-partir-de-6990-e\/#breadcrumb"},"inLanguage":"fr-FR","potentialAction":[{"@type":"ReadAction","target":["https:\/\/www.carideal.com\/blog\/2011\/03\/22\/renault-twizy-a-partir-de-6990-e\/"]}]},{"@type":"BreadcrumbList","@id":"https:\/\/www.carideal.com\/blog\/2011\/03\/22\/renault-twizy-a-partir-de-6990-e\/#breadcrumb","itemListElement":[{"@type":"ListItem","position":1,"name":"Blog Carid\u00e9al","item":"https:\/\/www.carideal.com\/blog\/"},{"@type":"ListItem","position":2,"name":"Ecologie","item":"https:\/\/www.carideal.com\/blog\/ecologie\/"},{"@type":"ListItem","position":3,"name":"Renault Twizy a partir de 6990 \u20ac"}]},{"@type":"WebSite","@id":"https:\/\/www.carideal.com\/blog\/#website","url":"https:\/\/www.carideal.com\/blog\/","name":"Blog auto Carid\u00e9al","description":"Actualit\u00e9 auto par des passionn\u00e9s","publisher":{"@id":"https:\/\/www.carideal.com\/blog\/#organization"},"potentialAction":[{"@type":"SearchAction","target":{"@type":"EntryPoint","urlTemplate":"https:\/\/www.carideal.com\/blog\/?s={search_term_string}"},"query-input":{"@type":"PropertyValueSpecification","valueRequired":true,"valueName":"search_term_string"}}],"inLanguage":"fr-FR"},{"@type":"Organization","@id":"https:\/\/www.carideal.com\/blog\/#organization","name":"Carideal","url":"https:\/\/www.carideal.com\/blog\/","logo":{"@type":"ImageObject","inLanguage":"fr-FR","@id":"https:\/\/www.carideal.com\/blog\/#\/schema\/logo\/image\/","url":"http:\/\/www.carideal.com\/blog\/wp-content\/uploads\/2016\/03\/logo-carideal-mandataire-automobile.png","contentUrl":"http:\/\/www.carideal.com\/blog\/wp-content\/uploads\/2016\/03\/logo-carideal-mandataire-automobile.png","width":300,"height":300,"caption":"Carideal"},"image":{"@id":"https:\/\/www.carideal.com\/blog\/#\/schema\/logo\/image\/"},"sameAs":["https:\/\/www.facebook.com\/Carideal.mandataire.automobile","https:\/\/x.com\/caridealauto","https:\/\/www.instagram.com\/carideal1\/","https:\/\/www.linkedin.com\/company\/carideal.com","https:\/\/fr.pinterest.com\/schiavonsas\/","https:\/\/www.youtube.com\/user\/caridealsas"]},{"@type":"Person","@id":"https:\/\/www.carideal.com\/blog\/#\/schema\/person\/985c7e757d1042d647f21bfaf8d41ebc","name":"N.S Carideal","image":{"@type":"ImageObject","inLanguage":"fr-FR","@id":"https:\/\/www.carideal.com\/blog\/#\/schema\/person\/image\/","url":"https:\/\/secure.gravatar.com\/avatar\/edb7ccdf1a4e3d14aef967760d354d0e?s=96&r=g","contentUrl":"https:\/\/secure.gravatar.com\/avatar\/edb7ccdf1a4e3d14aef967760d354d0e?s=96&r=g","caption":"N.S Carideal"},"description":"Depuis tout petit fan d'automobile. Il est question d'essayer et de comparer toutes ces voitures qui nous ont fait r\u00e9ver, avant que celles-ci ne devient uniquement des voitures de collection.","sameAs":["http:\/\/www.carideal.com\/blog","https:\/\/www.facebook.com\/Carideal.mandataire.automobile\/","https:\/\/www.linkedin.com\/in\/nschiavon\/","https:\/\/www.youtube.com\/user\/caridealsas\/"],"url":"https:\/\/www.carideal.com\/blog\/author\/admin_carideal\/"}]}},"uagb_featured_image_src":{"full":false,"thumbnail":false,"medium":false,"medium_large":false,"large":false,"1536x1536":false,"2048x2048":false,"wppr-widget":false},"uagb_author_info":{"display_name":"N.S Carideal","author_link":"https:\/\/www.carideal.com\/blog\/author\/admin_carideal\/"},"uagb_comment_info":1,"uagb_excerpt":"La future petite urbaine \u00e9lectrique de Renault la Twizy La voiture sera donc propos\u00e9 \u00e0 partir de 6990 \u20ac auquel il faudra rajouter 45\u20ac par mois de location des batteries pour un forfait de seulement 7500 km par an ce qui fait peu. Au prix de la voiture il faudra \u00e9ventuellement d\u00e9duire la prime gouvernementale\u2026","_links":{"self":[{"href":"https:\/\/www.carideal.com\/blog\/wp-json\/wp\/v2\/posts\/208"}],"collection":[{"href":"https:\/\/www.carideal.com\/blog\/wp-json\/wp\/v2\/posts"}],"about":[{"href":"https:\/\/www.carideal.com\/blog\/wp-json\/wp\/v2\/types\/post"}],"author":[{"embeddable":true,"href":"https:\/\/www.carideal.com\/blog\/wp-json\/wp\/v2\/users\/1"}],"replies":[{"embeddable":true,"href":"https:\/\/www.carideal.com\/blog\/wp-json\/wp\/v2\/comments?post=208"}],"version-history":[{"count":0,"href":"https:\/\/www.carideal.com\/blog\/wp-json\/wp\/v2\/posts\/208\/revisions"}],"wp:attachment":[{"href":"https:\/\/www.carideal.com\/blog\/wp-json\/wp\/v2\/media?parent=208"}],"wp:term":[{"taxonomy":"category","embeddable":true,"href":"https:\/\/www.carideal.com\/blog\/wp-json\/wp\/v2\/categories?post=208"},{"taxonomy":"post_tag","embeddable":true,"href":"https:\/\/www.carideal.com\/blog\/wp-json\/wp\/v2\/tags?post=208"}],"curies":[{"name":"wp","href":"https:\/\/api.w.org\/{rel}","templated":true}]}}