{"id":20794,"date":"2020-01-07T22:17:57","date_gmt":"2020-01-07T21:17:57","guid":{"rendered":"http:\/\/www.carideal.com\/blog\/?p=20794"},"modified":"2025-04-03T12:48:41","modified_gmt":"2025-04-03T10:48:41","slug":"avis-nouvelle-citroen-c3-aircross-2017","status":"publish","type":"post","link":"https:\/\/www.carideal.com\/blog\/2020\/01\/07\/avis-nouvelle-citroen-c3-aircross-2017\/","title":{"rendered":"Avis Nouvelle Citro\u00ebn C3 Aircross 2017"},"content":{"rendered":"\n<h2 class=\"wp-block-heading\">Avis Nouvelle Citro\u00ebn C3 Aircross 2017<\/h2>\n\n\n\n<p>Il est ind\u00e9niable que le look de la <a href=\"http:\/\/www.carideal.com\/blog\/marque-de-voiture-actualites-essais\/citroen\/c3-aircross\/\">Citro\u00ebn C3 Aircross<\/a> lui permet de se d\u00e9marquer de la foule des petits SUV, mais qu'est-ce que \u00e7a donne au volant ?<\/p>\n\n\n\n<figure class=\"wp-block-image alignnone size-full wp-image-20797\"><img loading=\"lazy\" decoding=\"async\" width=\"600\" height=\"450\" src=\"http:\/\/www.carideal.com\/blog\/wp-content\/uploads\/2020\/01\/essai-citroen-c3-aircross-e1578430149892.jpg\" alt=\"Avis Nouvelle Citro\u00ebn C3 Aircross 2017\" class=\"wp-image-20797\"\/><figcaption class=\"wp-element-caption\">Avis Nouvelle Citro\u00ebn C3 Aircross 2017<\/figcaption><\/figure>\n\n\n\n<h3 class=\"wp-block-heading\">Verdict 4\/ 5 *<\/h3>\n\n\n\n<p>Pour r\u00e9ussir dans le march\u00e9 toujours plus encombr\u00e9 des petits SUV, il faut un produit qui se d\u00e9marque, et c'est ce que fait le C3 Aircross. Son design unique et plein de caract\u00e8re est parfait pour ce secteur \u00e0 la pointe de la mode, tandis que l'int\u00e9rieur introduit un facteur de bien-\u00eatre bienvenu. Il est aussi tr\u00e8s pratique, et bien qu'il y ait des rivaux qui sont meilleurs \u00e0 conduire et plus luxueux \u00e0 l'int\u00e9rieur, les acheteurs familiaux seront tr\u00e8s bien servis avec le dernier-n\u00e9 de Citro\u00ebn.<\/p>\n\n\n\n<p>La gamme de mod\u00e8les <a href=\"http:\/\/www.carideal.com\/blog\/marque-de-voiture-actualites-essais\/citroen\/\">Citro\u00ebn<\/a> est devenue un peu plus confuse avec l'introduction de la nouvelle C3 Aircross. Aux c\u00f4t\u00e9s de la <a href=\"http:\/\/www.carideal.com\/blog\/marque-de-voiture-actualites-essais\/citroen\/c4-cactus\/\">C4 Cactus<\/a> \u00e0 peu pr\u00e8s au m\u00eame prix, la rempla\u00e7ante de la marque pour l'obsol\u00e8te <a href=\"http:\/\/www.carideal.com\/blog\/2010\/04\/23\/citroen-c3-picasso-le-bon-compromis\/\">C3 Picasso<\/a>&nbsp;le mini <a href=\"http:\/\/www.carideal.com\/blog\/2018\/01\/28\/meilleurs-monospaces-2018\/\">monospace<\/a> est tout aussi pratique, confortable et funky \u00e0 regarder. Et jusqu'\u00e0 ce que Citro\u00ebn mette \u00e0 jour la C4 Cactus plus tard cette ann\u00e9e pour l'aider \u00e0 s'\u00e9loigner de son nouveau fr\u00e8re, les acheteurs auront une d\u00e9cision d\u00e9licate \u00e0 prendre chez le concessionnaire.<\/p>\n\n\n\n<p>N\u00e9anmoins, si vous comptez offrir plus d'une voiture dans un m\u00eame segment, il est pr\u00e9f\u00e9rable d'en faire un <a href=\"http:\/\/www.carideal.com\/blog\/2019\/12\/21\/les-meilleurs-suv-a-acheter-maintenant-2019-2020\/\">SUV<\/a>. Les <a href=\"http:\/\/www.carideal.com\/blog\/2019\/12\/26\/meilleurs-petits-suv-et-crossovers-en-vente\/\">crossovers<\/a> de ce genre poursuivent leur ascension au palmar\u00e8s des ventes \u00e0 bon rythme, avec de nouveaux arrivants comme la Kia Stonic, la SEAT Arona et la Hyundai Kona qui seront tous lanc\u00e9s au cours des prochains mois.<\/p>\n\n\n\n<p>- <a href=\"http:\/\/www.carideal.com\/blog\/2019\/12\/26\/meilleurs-petits-suv-et-crossovers-en-vente\/\">Les meilleurs Crossovers en vente en ce moment<\/a><\/p>\n\n\n\n<p>Notre premier essai de la nouvelle Citro\u00ebn C3 Aircross en France est un best-seller annonc\u00e9 : le turbo 1,2 litre de 109 ch et de petite cylindr\u00e9e dans la finition Shine.<\/p>\n\n\n\n<figure class=\"wp-block-image alignnone size-full wp-image-20796\"><img loading=\"lazy\" decoding=\"async\" width=\"400\" height=\"265\" src=\"http:\/\/www.carideal.com\/blog\/wp-content\/uploads\/2020\/01\/essai-citroen-c3-aircross-2-e1578429817972.jpg\" alt=\"Citroen C3 Aircross - lat\u00e9rale\" class=\"wp-image-20796\"\/><figcaption class=\"wp-element-caption\">Citroen C3 Aircross - lat\u00e9rale<\/figcaption><\/figure>\n\n\n\n<p>En plus des autres offres \" moi aussi \" de la cat\u00e9gorie des petits SUV, il est clair que Citro\u00ebn a ses propres id\u00e9es sur le design des petites voitures. Le visage de l'Aircross et de nombreux d\u00e9tails sont emprunt\u00e9s \u00e0 la <a href=\"http:\/\/www.carideal.com\/blog\/marque-de-voiture-actualites-essais\/citroen\/c3\/\">C3<\/a>, mais il est environ 160 mm plus haut, avec une face avant plus imposante et un gros rev\u00eatement de bas de caisse. Il y a 85 combinaisons de couleurs de carrosserie et de toit pour assurer une grande libert\u00e9 de personnalisation, et bien que le design ne soit pas pour tous les go\u00fbts, il est amusant et distinctif - offrant une v\u00e9ritable bouff\u00e9e d'air frais dans un march\u00e9 automobile par ailleurs conservateur.<\/p>\n\n\n\n<p>L'int\u00e9rieur donne la m\u00eame ambiance, avec une sensation de l\u00e9g\u00e8ret\u00e9 et d'a\u00e9ration dans tout l'habitacle et des si\u00e8ges confortables (m\u00eame s'ils ne sont pas tr\u00e8s confortables) de type fauteuil. Le design, encore une fois, sera tr\u00e8s familier aux propri\u00e9taires de C3, et peut \u00eatre sp\u00e9cifi\u00e9 dans une grande vari\u00e9t\u00e9 de couleurs et de mat\u00e9riaux.<\/p>\n\n\n\n<p>Elle est raisonnablement solide et semble construite pour durer - beaucoup plus que certains des efforts pass\u00e9s de Citro\u00ebn. Mais beaucoup de plastiques sont durs et \u00e9gratign\u00e9s au toucher, en particulier sur les portes. Les versions Shine offrent un ensemble d\u00e9cent, incluant un \u00e9cran tactile de sept pouces qui contr\u00f4le les r\u00e9glages d'info-divertissement et de temp\u00e9rature. Avec Android Auto et Apple CarPlay de s\u00e9rie, l'\u00e9tendue des fonctionnalit\u00e9s est incontestable, m\u00eame si l'on estime qu'il devrait \u00eatre plus facile \u00e0 utiliser en d\u00e9placement.<\/p>\n\n\n\n<figure class=\"wp-block-image alignnone size-full wp-image-20798\"><img loading=\"lazy\" decoding=\"async\" width=\"400\" height=\"225\" src=\"http:\/\/www.carideal.com\/blog\/wp-content\/uploads\/2020\/01\/citroen-c3-aircross-2017-tableau-de-bord-e1578430406590.jpg\" alt=\"Citro\u00ebn C3 Aircross - tableau de bord\" class=\"wp-image-20798\"\/><figcaption class=\"wp-element-caption\">Citro\u00ebn C3 Aircross - tableau de bord<\/figcaption><\/figure>\n\n\n\n<p>S'il y a un domaine o\u00f9 le C3 Aircross fait para\u00eetre le C4 Cactus un peu redondant, c'est bien celui de la polyvalence. Alors que le Cactus est \u00e9quip\u00e9 d'une banquette arri\u00e8re fixe monobloc rabattable, les si\u00e8ges arri\u00e8re de l'Aircross peuvent \u00eatre divis\u00e9s en 60:40, et offrent la possibilit\u00e9 de glisser vers l'arri\u00e8re et vers l'avant, ou de s'incliner - pour augmenter l'espace pour les passagers ou am\u00e9liorer le volume du coffre.<\/p>\n\n\n\n<p>L'espace pour les adultes \u00e0 l'arri\u00e8re est bon, mais il faut \u00e9viter le toit panoramique en verre des mod\u00e8les haut de gamme, car il r\u00e9duit sensiblement le d\u00e9gagement pour la t\u00eate des passagers de grande taille. Et le coffre, qui s'\u00e9tend jusqu'\u00e0 520 litres lorsque les si\u00e8ges arri\u00e8re sont gliss\u00e9s vers l'avant, est plus grand que presque tous ses rivaux \u00e0 ce prix.<\/p>\n\n\n\n<p>Sous la C3 Aircross se trouve la m\u00eame plateforme PF1 qui sous-tend toute une s\u00e9rie de mod\u00e8les <a href=\"http:\/\/www.carideal.com\/blog\/marque-de-voiture-actualites-essais\/peugeot\/\">Peugeot<\/a> et Citro\u00ebn, ainsi que la nouvelle Crossland X d'<a href=\"http:\/\/www.carideal.com\/blog\/marque-de-voiture-actualites-essais\/opel\/\">Opel<\/a>. Bien que vous ayez raison de penser qu'elle se conduira comme la C3 \u00e0 hayon, Citro\u00ebn a un peu durci les choses pour emp\u00eacher la grande caisse de trop se balancer dans les virages, et elle l'a fait avec un succ\u00e8s raisonnable. L'Aircross contr\u00f4le les mouvements du corps \u00e0 moins de pousser tr\u00e8s fort, et bien que la direction soit l\u00e9g\u00e8re, elle est au moins pr\u00e9cise.<\/p>\n\n\n\n<figure class=\"wp-block-image alignnone size-full wp-image-20799\"><img loading=\"lazy\" decoding=\"async\" width=\"400\" height=\"267\" src=\"http:\/\/www.carideal.com\/blog\/wp-content\/uploads\/2020\/01\/citroen-c3-aircross-sieges-ar-e1578430884333.jpg\" alt=\"Citro\u00ebn C3 Aircross - si\u00e8ges de coffre abaiss\u00e9s\" class=\"wp-image-20799\"\/><figcaption class=\"wp-element-caption\">Citro\u00ebn C3 Aircross - si\u00e8ges de coffre abaiss\u00e9s<\/figcaption><\/figure>\n\n\n\n<p>La configuration moins indulgente signifie que, bien que le roulement soit g\u00e9n\u00e9ralement confortable, calme et conforme au mantra de Citro\u00ebn, des bosses aigu\u00ebs peuvent secouer l'habitacle et la suspension peut devenir un peu bruyante sur le tarmac avec des orni\u00e8res. Ce n'est pas la r\u00e9f\u00e9rence dynamique de la cat\u00e9gorie, mais elle est certainement assez bonne pour le march\u00e9 cibl\u00e9.<\/p>\n\n\n\n<p>Le bruit du vent et de la route est \u00e9galement tenu \u00e0 l'\u00e9cart de fa\u00e7on louable, alors que ni le moteur \u00e0 essence ni le moteur diesel ne sont particuli\u00e8rement bruyants \u00e0 moins d'\u00eatre pouss\u00e9s. Notre moteur turbo essence 1,2 litre PureTech est toujours aussi puissant et coupleux, et les consommations annonc\u00e9es de 5 L \/100 km sont comp\u00e9titifs dans cette cat\u00e9gorie.<\/p>\n\n\n\n<p>En fait, notre seule v\u00e9ritable plainte concernant l'exp\u00e9rience de conduite est la bo\u00eete manuelle \u00e0 cinq rapports avec de longs rapport, qui est un trait traditionnel de Citro\u00ebn.<\/p>\n\n\n\n<h2 class=\"wp-block-heading\">Caract\u00e9ristiques principales Citroen C3 Aircross 1.2 Puretech 110<\/h2>\n\n\n\n<p><strong>Mod\u00e8le<\/strong> : Citro\u00ebn C3 Aircross 1.2 Puretech 110 Shine<br>\n<strong>Prix<\/strong> : 22350 \u20ac<br>\n<strong>Moteur<\/strong> : 1,2 litre turbo 3 cylindres essence<br>\n<strong>Puissance \/ couple<\/strong> : 109 ch \/ 205 Nm<br>\n<strong>Transmission<\/strong> : Manuelle \u00e0 cinq vitesses, traction avant<br>\n<strong>0 \u00e0 100 km \/h<\/strong> : 11.3 secondes<br>\n<strong>Vitesse maximale<\/strong> : 184 km\/h<br>\n<strong>Consommation \/ CO2<\/strong> : 5 l\/ 100 km \/115 g\/km<br>\n<strong>En vente<\/strong> : Maintenant<\/p>\n","protected":false},"excerpt":{"rendered":"<p>Avis Nouvelle Citro\u00ebn C3 Aircross 2017 Il est ind\u00e9niable que le look de la Citro\u00ebn C3 Aircross lui permet de se d\u00e9marquer de la foule des petits SUV, mais qu&rsquo;est-ce que \u00e7a donne au volant ? Verdict 4\/ 5 * Pour r\u00e9ussir dans le march\u00e9 toujours plus encombr\u00e9 des petits SUV, il faut un produit &#8230; <a title=\"Avis Nouvelle Citro\u00ebn C3 Aircross 2017\" class=\"read-more\" href=\"https:\/\/www.carideal.com\/blog\/2020\/01\/07\/avis-nouvelle-citroen-c3-aircross-2017\/\" aria-label=\"En savoir plus sur Avis Nouvelle Citro\u00ebn C3 Aircross 2017\">Lire plus<\/a><\/p>\n","protected":false},"author":3,"featured_media":20797,"comment_status":"open","ping_status":"open","sticky":false,"template":"","format":"standard","meta":{"_uag_custom_page_level_css":"","_themeisle_gutenberg_block_has_review":false,"footnotes":""},"categories":[17195,6021,5950],"tags":[17183],"class_list":["post-20794","post","type-post","status-publish","format-standard","has-post-thumbnail","hentry","category-actualite-citroen-c3-aircross","category-crossovers","category-citroen-essai","tag-avis-voiture"],"wppr_data":{"cwp_meta_box_check":"No"},"yoast_head":"<!-- This site is optimized with the Yoast SEO plugin v24.8.1 - https:\/\/yoast.com\/wordpress\/plugins\/seo\/ -->\n<title>Avis Nouvelle Citro\u00ebn C3 Aircross 2017 - Blog auto Carid\u00e9al<\/title>\n<meta name=\"description\" content=\"Il ne fait aucun doute que l&#039;apparence de la Citro\u00ebn C3 Aircross se d\u00e9marque de la foule de petit SUV, mais \u00e0 quoi ressemble-t-elle derri\u00e8re le volant ?\" \/>\n<meta name=\"robots\" content=\"index, follow, max-snippet:-1, max-image-preview:large, max-video-preview:-1\" \/>\n<link rel=\"canonical\" href=\"https:\/\/www.carideal.com\/blog\/2020\/01\/07\/avis-nouvelle-citroen-c3-aircross-2017\/\" \/>\n<meta property=\"og:locale\" content=\"fr_FR\" \/>\n<meta property=\"og:type\" content=\"article\" \/>\n<meta property=\"og:title\" content=\"Avis Nouvelle Citro\u00ebn C3 Aircross 2017 - Blog auto Carid\u00e9al\" \/>\n<meta property=\"og:description\" content=\"Il ne fait aucun doute que l&#039;apparence de la Citro\u00ebn C3 Aircross se d\u00e9marque de la foule de petit SUV, mais \u00e0 quoi ressemble-t-elle derri\u00e8re le volant ?\" \/>\n<meta property=\"og:url\" content=\"https:\/\/www.carideal.com\/blog\/2020\/01\/07\/avis-nouvelle-citroen-c3-aircross-2017\/\" \/>\n<meta property=\"og:site_name\" content=\"Blog auto Carid\u00e9al\" \/>\n<meta property=\"article:publisher\" content=\"https:\/\/www.facebook.com\/Carideal.mandataire.automobile\" \/>\n<meta property=\"article:author\" content=\"https:\/\/www.facebook.com\/nicolas.schiavon.39\" \/>\n<meta property=\"article:published_time\" content=\"2020-01-07T21:17:57+00:00\" \/>\n<meta property=\"article:modified_time\" content=\"2025-04-03T10:48:41+00:00\" \/>\n<meta property=\"og:image\" content=\"https:\/\/www.carideal.com\/blog\/wp-content\/uploads\/2020\/01\/essai-citroen-c3-aircross-e1578430149892.jpg\" \/>\n\t<meta property=\"og:image:width\" content=\"600\" \/>\n\t<meta property=\"og:image:height\" content=\"450\" \/>\n\t<meta property=\"og:image:type\" content=\"image\/jpeg\" \/>\n<meta name=\"author\" content=\"Nicolas SCHIAVON\" \/>\n<meta name=\"twitter:card\" content=\"summary_large_image\" \/>\n<meta name=\"twitter:creator\" content=\"@caridealauto\" \/>\n<meta name=\"twitter:site\" content=\"@caridealauto\" \/>\n<meta name=\"twitter:label1\" content=\"\u00c9crit par\" \/>\n\t<meta name=\"twitter:data1\" content=\"Nicolas SCHIAVON\" \/>\n\t<meta name=\"twitter:label2\" content=\"Dur\u00e9e de lecture estim\u00e9e\" \/>\n\t<meta name=\"twitter:data2\" content=\"7 minutes\" \/>\n<script type=\"application\/ld+json\" class=\"yoast-schema-graph\">{\"@context\":\"https:\/\/schema.org\",\"@graph\":[{\"@type\":\"Article\",\"@id\":\"https:\/\/www.carideal.com\/blog\/2020\/01\/07\/avis-nouvelle-citroen-c3-aircross-2017\/#article\",\"isPartOf\":{\"@id\":\"https:\/\/www.carideal.com\/blog\/2020\/01\/07\/avis-nouvelle-citroen-c3-aircross-2017\/\"},\"author\":{\"name\":\"Nicolas SCHIAVON\",\"@id\":\"https:\/\/www.carideal.com\/blog\/#\/schema\/person\/cd95dc7919660de90d31b366f85be1ec\"},\"headline\":\"Avis Nouvelle Citro\u00ebn C3 Aircross 2017\",\"datePublished\":\"2020-01-07T21:17:57+00:00\",\"dateModified\":\"2025-04-03T10:48:41+00:00\",\"mainEntityOfPage\":{\"@id\":\"https:\/\/www.carideal.com\/blog\/2020\/01\/07\/avis-nouvelle-citroen-c3-aircross-2017\/\"},\"wordCount\":1104,\"commentCount\":0,\"publisher\":{\"@id\":\"https:\/\/www.carideal.com\/blog\/#organization\"},\"image\":{\"@id\":\"https:\/\/www.carideal.com\/blog\/2020\/01\/07\/avis-nouvelle-citroen-c3-aircross-2017\/#primaryimage\"},\"thumbnailUrl\":\"https:\/\/www.carideal.com\/blog\/wp-content\/uploads\/2020\/01\/essai-citroen-c3-aircross-e1578430149892.jpg\",\"keywords\":[\"Avis voiture - Notes -\"],\"articleSection\":[\"Actualit\u00e9 Citro\u00ebn C3 Aircross\",\"Crossover\",\"Essais Citroen\"],\"inLanguage\":\"fr-FR\",\"potentialAction\":[{\"@type\":\"CommentAction\",\"name\":\"Comment\",\"target\":[\"https:\/\/www.carideal.com\/blog\/2020\/01\/07\/avis-nouvelle-citroen-c3-aircross-2017\/#respond\"]}]},{\"@type\":\"WebPage\",\"@id\":\"https:\/\/www.carideal.com\/blog\/2020\/01\/07\/avis-nouvelle-citroen-c3-aircross-2017\/\",\"url\":\"https:\/\/www.carideal.com\/blog\/2020\/01\/07\/avis-nouvelle-citroen-c3-aircross-2017\/\",\"name\":\"Avis Nouvelle Citro\u00ebn C3 Aircross 2017 - Blog auto Carid\u00e9al\",\"isPartOf\":{\"@id\":\"https:\/\/www.carideal.com\/blog\/#website\"},\"primaryImageOfPage\":{\"@id\":\"https:\/\/www.carideal.com\/blog\/2020\/01\/07\/avis-nouvelle-citroen-c3-aircross-2017\/#primaryimage\"},\"image\":{\"@id\":\"https:\/\/www.carideal.com\/blog\/2020\/01\/07\/avis-nouvelle-citroen-c3-aircross-2017\/#primaryimage\"},\"thumbnailUrl\":\"https:\/\/www.carideal.com\/blog\/wp-content\/uploads\/2020\/01\/essai-citroen-c3-aircross-e1578430149892.jpg\",\"datePublished\":\"2020-01-07T21:17:57+00:00\",\"dateModified\":\"2025-04-03T10:48:41+00:00\",\"description\":\"Il ne fait aucun doute que l'apparence de la Citro\u00ebn C3 Aircross se d\u00e9marque de la foule de petit SUV, mais \u00e0 quoi ressemble-t-elle derri\u00e8re le volant ?\",\"breadcrumb\":{\"@id\":\"https:\/\/www.carideal.com\/blog\/2020\/01\/07\/avis-nouvelle-citroen-c3-aircross-2017\/#breadcrumb\"},\"inLanguage\":\"fr-FR\",\"potentialAction\":[{\"@type\":\"ReadAction\",\"target\":[\"https:\/\/www.carideal.com\/blog\/2020\/01\/07\/avis-nouvelle-citroen-c3-aircross-2017\/\"]}]},{\"@type\":\"ImageObject\",\"inLanguage\":\"fr-FR\",\"@id\":\"https:\/\/www.carideal.com\/blog\/2020\/01\/07\/avis-nouvelle-citroen-c3-aircross-2017\/#primaryimage\",\"url\":\"https:\/\/www.carideal.com\/blog\/wp-content\/uploads\/2020\/01\/essai-citroen-c3-aircross-e1578430149892.jpg\",\"contentUrl\":\"https:\/\/www.carideal.com\/blog\/wp-content\/uploads\/2020\/01\/essai-citroen-c3-aircross-e1578430149892.jpg\",\"width\":600,\"height\":450,\"caption\":\"Avis Nouvelle Citro\u00ebn C3 Aircross 2017\"},{\"@type\":\"BreadcrumbList\",\"@id\":\"https:\/\/www.carideal.com\/blog\/2020\/01\/07\/avis-nouvelle-citroen-c3-aircross-2017\/#breadcrumb\",\"itemListElement\":[{\"@type\":\"ListItem\",\"position\":1,\"name\":\"Blog Carid\u00e9al\",\"item\":\"https:\/\/www.carideal.com\/blog\/\"},{\"@type\":\"ListItem\",\"position\":2,\"name\":\"Type de v\u00e9hicule\",\"item\":\"https:\/\/www.carideal.com\/blog\/type-de-vehicule\/\"},{\"@type\":\"ListItem\",\"position\":3,\"name\":\"Crossover\",\"item\":\"https:\/\/www.carideal.com\/blog\/type-de-vehicule\/crossovers\/\"},{\"@type\":\"ListItem\",\"position\":4,\"name\":\"Avis Nouvelle Citro\u00ebn C3 Aircross 2017\"}]},{\"@type\":\"WebSite\",\"@id\":\"https:\/\/www.carideal.com\/blog\/#website\",\"url\":\"https:\/\/www.carideal.com\/blog\/\",\"name\":\"Blog auto Carid\u00e9al\",\"description\":\"Actualit\u00e9 auto par des passionn\u00e9s\",\"publisher\":{\"@id\":\"https:\/\/www.carideal.com\/blog\/#organization\"},\"potentialAction\":[{\"@type\":\"SearchAction\",\"target\":{\"@type\":\"EntryPoint\",\"urlTemplate\":\"https:\/\/www.carideal.com\/blog\/?s={search_term_string}\"},\"query-input\":{\"@type\":\"PropertyValueSpecification\",\"valueRequired\":true,\"valueName\":\"search_term_string\"}}],\"inLanguage\":\"fr-FR\"},{\"@type\":\"Organization\",\"@id\":\"https:\/\/www.carideal.com\/blog\/#organization\",\"name\":\"Carideal\",\"url\":\"https:\/\/www.carideal.com\/blog\/\",\"logo\":{\"@type\":\"ImageObject\",\"inLanguage\":\"fr-FR\",\"@id\":\"https:\/\/www.carideal.com\/blog\/#\/schema\/logo\/image\/\",\"url\":\"http:\/\/www.carideal.com\/blog\/wp-content\/uploads\/2016\/03\/logo-carideal-mandataire-automobile.png\",\"contentUrl\":\"http:\/\/www.carideal.com\/blog\/wp-content\/uploads\/2016\/03\/logo-carideal-mandataire-automobile.png\",\"width\":300,\"height\":300,\"caption\":\"Carideal\"},\"image\":{\"@id\":\"https:\/\/www.carideal.com\/blog\/#\/schema\/logo\/image\/\"},\"sameAs\":[\"https:\/\/www.facebook.com\/Carideal.mandataire.automobile\",\"https:\/\/x.com\/caridealauto\",\"https:\/\/www.instagram.com\/carideal1\/\",\"https:\/\/www.linkedin.com\/company\/carideal.com\",\"https:\/\/fr.pinterest.com\/schiavonsas\/\",\"https:\/\/www.youtube.com\/user\/caridealsas\"]},{\"@type\":\"Person\",\"@id\":\"https:\/\/www.carideal.com\/blog\/#\/schema\/person\/cd95dc7919660de90d31b366f85be1ec\",\"name\":\"Nicolas SCHIAVON\",\"image\":{\"@type\":\"ImageObject\",\"inLanguage\":\"fr-FR\",\"@id\":\"https:\/\/www.carideal.com\/blog\/#\/schema\/person\/image\/\",\"url\":\"https:\/\/secure.gravatar.com\/avatar\/c17e55009e671d92cc7f5dc837dc418a?s=96&r=g\",\"contentUrl\":\"https:\/\/secure.gravatar.com\/avatar\/c17e55009e671d92cc7f5dc837dc418a?s=96&r=g\",\"caption\":\"Nicolas SCHIAVON\"},\"description\":\"Nicolas Schiavon est tomb\u00e9 tout petit dans la marmite automobile. Ayant eu un garage de marque automobile, mandataire automobile de la premi\u00e8re heure d\u00e8s 1999. Nicolas a cr\u00e9\u00e9 ces premiers sites de vente de voiture et blog automobile d\u00e8s 1994. Carideal est n\u00e9 le 15 d\u00e9cembre 2000 de la volont\u00e9 de vendre des voitures d'occasions en ligne puis des voitures neuves. Il a pu essayer beaucoup de voitures tr\u00e8s diff\u00e9rentes et ayant eu personnellement quelques belles autos, Subaru Impreza, Mitsubishi Lancer Evo 7, Porsche 911, Ferrari Testarrossa, Audi RS3, RS4 et j'en passe...\",\"sameAs\":[\"http:\/\/www.carideal.com\",\"https:\/\/www.facebook.com\/nicolas.schiavon.39\",\"https:\/\/www.instagram.com\/carideal1\/\",\"https:\/\/www.linkedin.com\/in\/nschiavon\/\",\"https:\/\/x.com\/caridealauto\",\"https:\/\/www.youtube.com\/user\/caridealsas\/\"],\"url\":\"https:\/\/www.carideal.com\/blog\/author\/nschiavon\/\"}]}<\/script>\n<!-- \/ Yoast SEO plugin. -->","yoast_head_json":{"title":"Avis Nouvelle Citro\u00ebn C3 Aircross 2017 - Blog auto Carid\u00e9al","description":"Il ne fait aucun doute que l'apparence de la Citro\u00ebn C3 Aircross se d\u00e9marque de la foule de petit SUV, mais \u00e0 quoi ressemble-t-elle derri\u00e8re le volant ?","robots":{"index":"index","follow":"follow","max-snippet":"max-snippet:-1","max-image-preview":"max-image-preview:large","max-video-preview":"max-video-preview:-1"},"canonical":"https:\/\/www.carideal.com\/blog\/2020\/01\/07\/avis-nouvelle-citroen-c3-aircross-2017\/","og_locale":"fr_FR","og_type":"article","og_title":"Avis Nouvelle Citro\u00ebn C3 Aircross 2017 - Blog auto Carid\u00e9al","og_description":"Il ne fait aucun doute que l'apparence de la Citro\u00ebn C3 Aircross se d\u00e9marque de la foule de petit SUV, mais \u00e0 quoi ressemble-t-elle derri\u00e8re le volant ?","og_url":"https:\/\/www.carideal.com\/blog\/2020\/01\/07\/avis-nouvelle-citroen-c3-aircross-2017\/","og_site_name":"Blog auto Carid\u00e9al","article_publisher":"https:\/\/www.facebook.com\/Carideal.mandataire.automobile","article_author":"https:\/\/www.facebook.com\/nicolas.schiavon.39","article_published_time":"2020-01-07T21:17:57+00:00","article_modified_time":"2025-04-03T10:48:41+00:00","og_image":[{"width":600,"height":450,"url":"https:\/\/www.carideal.com\/blog\/wp-content\/uploads\/2020\/01\/essai-citroen-c3-aircross-e1578430149892.jpg","type":"image\/jpeg"}],"author":"Nicolas SCHIAVON","twitter_card":"summary_large_image","twitter_creator":"@caridealauto","twitter_site":"@caridealauto","twitter_misc":{"\u00c9crit par":"Nicolas SCHIAVON","Dur\u00e9e de lecture estim\u00e9e":"7 minutes"},"schema":{"@context":"https:\/\/schema.org","@graph":[{"@type":"Article","@id":"https:\/\/www.carideal.com\/blog\/2020\/01\/07\/avis-nouvelle-citroen-c3-aircross-2017\/#article","isPartOf":{"@id":"https:\/\/www.carideal.com\/blog\/2020\/01\/07\/avis-nouvelle-citroen-c3-aircross-2017\/"},"author":{"name":"Nicolas SCHIAVON","@id":"https:\/\/www.carideal.com\/blog\/#\/schema\/person\/cd95dc7919660de90d31b366f85be1ec"},"headline":"Avis Nouvelle Citro\u00ebn C3 Aircross 2017","datePublished":"2020-01-07T21:17:57+00:00","dateModified":"2025-04-03T10:48:41+00:00","mainEntityOfPage":{"@id":"https:\/\/www.carideal.com\/blog\/2020\/01\/07\/avis-nouvelle-citroen-c3-aircross-2017\/"},"wordCount":1104,"commentCount":0,"publisher":{"@id":"https:\/\/www.carideal.com\/blog\/#organization"},"image":{"@id":"https:\/\/www.carideal.com\/blog\/2020\/01\/07\/avis-nouvelle-citroen-c3-aircross-2017\/#primaryimage"},"thumbnailUrl":"https:\/\/www.carideal.com\/blog\/wp-content\/uploads\/2020\/01\/essai-citroen-c3-aircross-e1578430149892.jpg","keywords":["Avis voiture - Notes -"],"articleSection":["Actualit\u00e9 Citro\u00ebn C3 Aircross","Crossover","Essais Citroen"],"inLanguage":"fr-FR","potentialAction":[{"@type":"CommentAction","name":"Comment","target":["https:\/\/www.carideal.com\/blog\/2020\/01\/07\/avis-nouvelle-citroen-c3-aircross-2017\/#respond"]}]},{"@type":"WebPage","@id":"https:\/\/www.carideal.com\/blog\/2020\/01\/07\/avis-nouvelle-citroen-c3-aircross-2017\/","url":"https:\/\/www.carideal.com\/blog\/2020\/01\/07\/avis-nouvelle-citroen-c3-aircross-2017\/","name":"Avis Nouvelle Citro\u00ebn C3 Aircross 2017 - Blog auto Carid\u00e9al","isPartOf":{"@id":"https:\/\/www.carideal.com\/blog\/#website"},"primaryImageOfPage":{"@id":"https:\/\/www.carideal.com\/blog\/2020\/01\/07\/avis-nouvelle-citroen-c3-aircross-2017\/#primaryimage"},"image":{"@id":"https:\/\/www.carideal.com\/blog\/2020\/01\/07\/avis-nouvelle-citroen-c3-aircross-2017\/#primaryimage"},"thumbnailUrl":"https:\/\/www.carideal.com\/blog\/wp-content\/uploads\/2020\/01\/essai-citroen-c3-aircross-e1578430149892.jpg","datePublished":"2020-01-07T21:17:57+00:00","dateModified":"2025-04-03T10:48:41+00:00","description":"Il ne fait aucun doute que l'apparence de la Citro\u00ebn C3 Aircross se d\u00e9marque de la foule de petit SUV, mais \u00e0 quoi ressemble-t-elle derri\u00e8re le volant ?","breadcrumb":{"@id":"https:\/\/www.carideal.com\/blog\/2020\/01\/07\/avis-nouvelle-citroen-c3-aircross-2017\/#breadcrumb"},"inLanguage":"fr-FR","potentialAction":[{"@type":"ReadAction","target":["https:\/\/www.carideal.com\/blog\/2020\/01\/07\/avis-nouvelle-citroen-c3-aircross-2017\/"]}]},{"@type":"ImageObject","inLanguage":"fr-FR","@id":"https:\/\/www.carideal.com\/blog\/2020\/01\/07\/avis-nouvelle-citroen-c3-aircross-2017\/#primaryimage","url":"https:\/\/www.carideal.com\/blog\/wp-content\/uploads\/2020\/01\/essai-citroen-c3-aircross-e1578430149892.jpg","contentUrl":"https:\/\/www.carideal.com\/blog\/wp-content\/uploads\/2020\/01\/essai-citroen-c3-aircross-e1578430149892.jpg","width":600,"height":450,"caption":"Avis Nouvelle Citro\u00ebn C3 Aircross 2017"},{"@type":"BreadcrumbList","@id":"https:\/\/www.carideal.com\/blog\/2020\/01\/07\/avis-nouvelle-citroen-c3-aircross-2017\/#breadcrumb","itemListElement":[{"@type":"ListItem","position":1,"name":"Blog Carid\u00e9al","item":"https:\/\/www.carideal.com\/blog\/"},{"@type":"ListItem","position":2,"name":"Type de v\u00e9hicule","item":"https:\/\/www.carideal.com\/blog\/type-de-vehicule\/"},{"@type":"ListItem","position":3,"name":"Crossover","item":"https:\/\/www.carideal.com\/blog\/type-de-vehicule\/crossovers\/"},{"@type":"ListItem","position":4,"name":"Avis Nouvelle Citro\u00ebn C3 Aircross 2017"}]},{"@type":"WebSite","@id":"https:\/\/www.carideal.com\/blog\/#website","url":"https:\/\/www.carideal.com\/blog\/","name":"Blog auto Carid\u00e9al","description":"Actualit\u00e9 auto par des passionn\u00e9s","publisher":{"@id":"https:\/\/www.carideal.com\/blog\/#organization"},"potentialAction":[{"@type":"SearchAction","target":{"@type":"EntryPoint","urlTemplate":"https:\/\/www.carideal.com\/blog\/?s={search_term_string}"},"query-input":{"@type":"PropertyValueSpecification","valueRequired":true,"valueName":"search_term_string"}}],"inLanguage":"fr-FR"},{"@type":"Organization","@id":"https:\/\/www.carideal.com\/blog\/#organization","name":"Carideal","url":"https:\/\/www.carideal.com\/blog\/","logo":{"@type":"ImageObject","inLanguage":"fr-FR","@id":"https:\/\/www.carideal.com\/blog\/#\/schema\/logo\/image\/","url":"http:\/\/www.carideal.com\/blog\/wp-content\/uploads\/2016\/03\/logo-carideal-mandataire-automobile.png","contentUrl":"http:\/\/www.carideal.com\/blog\/wp-content\/uploads\/2016\/03\/logo-carideal-mandataire-automobile.png","width":300,"height":300,"caption":"Carideal"},"image":{"@id":"https:\/\/www.carideal.com\/blog\/#\/schema\/logo\/image\/"},"sameAs":["https:\/\/www.facebook.com\/Carideal.mandataire.automobile","https:\/\/x.com\/caridealauto","https:\/\/www.instagram.com\/carideal1\/","https:\/\/www.linkedin.com\/company\/carideal.com","https:\/\/fr.pinterest.com\/schiavonsas\/","https:\/\/www.youtube.com\/user\/caridealsas"]},{"@type":"Person","@id":"https:\/\/www.carideal.com\/blog\/#\/schema\/person\/cd95dc7919660de90d31b366f85be1ec","name":"Nicolas SCHIAVON","image":{"@type":"ImageObject","inLanguage":"fr-FR","@id":"https:\/\/www.carideal.com\/blog\/#\/schema\/person\/image\/","url":"https:\/\/secure.gravatar.com\/avatar\/c17e55009e671d92cc7f5dc837dc418a?s=96&r=g","contentUrl":"https:\/\/secure.gravatar.com\/avatar\/c17e55009e671d92cc7f5dc837dc418a?s=96&r=g","caption":"Nicolas SCHIAVON"},"description":"Nicolas Schiavon est tomb\u00e9 tout petit dans la marmite automobile. Ayant eu un garage de marque automobile, mandataire automobile de la premi\u00e8re heure d\u00e8s 1999. Nicolas a cr\u00e9\u00e9 ces premiers sites de vente de voiture et blog automobile d\u00e8s 1994. Carideal est n\u00e9 le 15 d\u00e9cembre 2000 de la volont\u00e9 de vendre des voitures d'occasions en ligne puis des voitures neuves. Il a pu essayer beaucoup de voitures tr\u00e8s diff\u00e9rentes et ayant eu personnellement quelques belles autos, Subaru Impreza, Mitsubishi Lancer Evo 7, Porsche 911, Ferrari Testarrossa, Audi RS3, RS4 et j'en passe...","sameAs":["http:\/\/www.carideal.com","https:\/\/www.facebook.com\/nicolas.schiavon.39","https:\/\/www.instagram.com\/carideal1\/","https:\/\/www.linkedin.com\/in\/nschiavon\/","https:\/\/x.com\/caridealauto","https:\/\/www.youtube.com\/user\/caridealsas\/"],"url":"https:\/\/www.carideal.com\/blog\/author\/nschiavon\/"}]}},"uagb_featured_image_src":{"full":["https:\/\/www.carideal.com\/blog\/wp-content\/uploads\/2020\/01\/essai-citroen-c3-aircross-e1578430149892.jpg",600,450,false],"thumbnail":["https:\/\/www.carideal.com\/blog\/wp-content\/uploads\/2020\/01\/essai-citroen-c3-aircross-150x150.jpg",150,150,true],"medium":["https:\/\/www.carideal.com\/blog\/wp-content\/uploads\/2020\/01\/essai-citroen-c3-aircross-300x225.jpg",300,225,true],"medium_large":["https:\/\/www.carideal.com\/blog\/wp-content\/uploads\/2020\/01\/essai-citroen-c3-aircross-768x576.jpg",768,576,true],"large":["https:\/\/www.carideal.com\/blog\/wp-content\/uploads\/2020\/01\/essai-citroen-c3-aircross-e1578430149892.jpg",600,450,false],"1536x1536":["https:\/\/www.carideal.com\/blog\/wp-content\/uploads\/2020\/01\/essai-citroen-c3-aircross-e1578430149892.jpg",600,450,false],"2048x2048":["https:\/\/www.carideal.com\/blog\/wp-content\/uploads\/2020\/01\/essai-citroen-c3-aircross-e1578430149892.jpg",600,450,false],"wppr-widget":["https:\/\/www.carideal.com\/blog\/wp-content\/uploads\/2020\/01\/essai-citroen-c3-aircross-50x38.jpg",50,38,true]},"uagb_author_info":{"display_name":"Nicolas SCHIAVON","author_link":"https:\/\/www.carideal.com\/blog\/author\/nschiavon\/"},"uagb_comment_info":1,"uagb_excerpt":"Avis Nouvelle Citro\u00ebn C3 Aircross 2017 Il est ind\u00e9niable que le look de la Citro\u00ebn C3 Aircross lui permet de se d\u00e9marquer de la foule des petits SUV, mais qu'est-ce que \u00e7a donne au volant ? Verdict 4\/ 5 * Pour r\u00e9ussir dans le march\u00e9 toujours plus encombr\u00e9 des petits SUV, il faut un produit\u2026","_links":{"self":[{"href":"https:\/\/www.carideal.com\/blog\/wp-json\/wp\/v2\/posts\/20794"}],"collection":[{"href":"https:\/\/www.carideal.com\/blog\/wp-json\/wp\/v2\/posts"}],"about":[{"href":"https:\/\/www.carideal.com\/blog\/wp-json\/wp\/v2\/types\/post"}],"author":[{"embeddable":true,"href":"https:\/\/www.carideal.com\/blog\/wp-json\/wp\/v2\/users\/3"}],"replies":[{"embeddable":true,"href":"https:\/\/www.carideal.com\/blog\/wp-json\/wp\/v2\/comments?post=20794"}],"version-history":[{"count":1,"href":"https:\/\/www.carideal.com\/blog\/wp-json\/wp\/v2\/posts\/20794\/revisions"}],"predecessor-version":[{"id":28201,"href":"https:\/\/www.carideal.com\/blog\/wp-json\/wp\/v2\/posts\/20794\/revisions\/28201"}],"wp:featuredmedia":[{"embeddable":true,"href":"https:\/\/www.carideal.com\/blog\/wp-json\/wp\/v2\/media\/20797"}],"wp:attachment":[{"href":"https:\/\/www.carideal.com\/blog\/wp-json\/wp\/v2\/media?parent=20794"}],"wp:term":[{"taxonomy":"category","embeddable":true,"href":"https:\/\/www.carideal.com\/blog\/wp-json\/wp\/v2\/categories?post=20794"},{"taxonomy":"post_tag","embeddable":true,"href":"https:\/\/www.carideal.com\/blog\/wp-json\/wp\/v2\/tags?post=20794"}],"curies":[{"name":"wp","href":"https:\/\/api.w.org\/{rel}","templated":true}]}}