{"id":206,"date":"2011-03-11T18:06:00","date_gmt":"2011-03-11T18:06:00","guid":{"rendered":"http:\/\/carideal.com\/blog\/?p=206"},"modified":"2020-03-07T16:45:30","modified_gmt":"2020-03-07T15:45:30","slug":"la-baisse-des-emissions-de-co2","status":"publish","type":"post","link":"https:\/\/www.carideal.com\/blog\/2011\/03\/11\/la-baisse-des-emissions-de-co2\/","title":{"rendered":"La baisse des \u00e9missions de CO2"},"content":{"rendered":"<h2>La baisse des \u00e9missions de CO2<\/h2>\n<p>Les capteurs de <a href=\"https:\/\/www.airparif.asso.fr\/\">AirParif<\/a> rel\u00e8vent la pollution de l'air toute l'ann\u00e9e<\/p>\n<p>Les \u00e9missions de CO2 des constructeurs sont d\u00e9j\u00e0 en phase avec les objectifs que la commission europ\u00e9enne a fix\u00e9 pour 2015. Et selon les sondages c'est <a href=\"http:\/\/www.carideal.com\/blog\/marque-de-voiture-actualites-essais\/fiat\/\">Fiat<\/a> qui s'en sort le mieux, avec sur l'ensemble des voitures vendu en 2010 123 g\/km, en baisse de 4.7 g par rapport \u00e0 2009.<br \/>\nLa norme pour 2015 sera de 130 g\/km de CO2 en moyenne sur l'ensemble de la gamme d'un constructeur.<\/p>\n<p>En 2010, le \u00e9missions de CO2 de l'ensemble des voitures en France n'a pass\u00e9 130g \u00e0 129.86g\/km, mais n'oublions pas que nous \u00e9tions dans une ann\u00e9e \"\u00e0 la course \u00e0 la petite voiture + <a href=\"http:\/\/www.carideal.com\/blog\/2009\/10\/23\/prime-a-la-casse-2\/\">prime \u00e0 la casse<\/a> + bonus CO2\" ce qui doit forc\u00e9ment fausser les chiffres.<br \/>\nMais il ne faut pas confondre polluant et gaz \u00e0 effet de serre, le CO2 est un gaz \u00e0 effet de serre, tandis que les suies et particules sont des polluants. Depuis quelques jours la r\u00e9gion Rh\u00f4ne Alpes est d'ailleurs en Alerte Pollution justement. Pourtant depuis 10 ans maintenant, plus de 2 millions de voitures utilisent un Filtre \u00e0 Particule, (FAP) et quant est il ?<\/p>\n<p>Une fois de plus AirParif livre son annalyse sur l'ile de France \" En 2000, en Ile de France nous \u00e9tions \u00e0 7000 tonnes de PM10, qui sont les particules les moins fines, en 2005, 5000 tonnes et en 2007 4500 tonnes....)<br \/>\nPour ce qui est des particules le plus fines et les plus dangereuses, les PM2.5 la tendance est la m\u00eame<br \/>\nAirparif pr\u00e9cise que <strong>\" LE TRANSPORT ROUTIER N'EST RESPONSABLE QUE DU TIERS DE CELLES EMISES......\"<\/strong><\/p>\n<p>\/ <a href=\"http:\/\/www.carideal.com\/blog\/2010\/06\/22\/la-pollution-dans-le-secteur-des-transports-n-est-pas-celle-que-lon-croit\/\">La pollution dans le secteur des transports n'est pas celle que l'on croit<\/a><br \/>\n\/ <a href=\"http:\/\/www.carideal.com\/blog\/2010\/09\/24\/nedc-test-de-consommation-et-emmission-de-co2-europeen\/\">NEDC test de consommation et CO2<\/a><\/p>\n<p>source http:\/\/www.airparif.asso.fr\/<\/p>\n","protected":false},"excerpt":{"rendered":"<p>La baisse des \u00e9missions de CO2 Les capteurs de AirParif rel\u00e8vent la pollution de l&rsquo;air toute l&rsquo;ann\u00e9e Les \u00e9missions de CO2 des constructeurs sont d\u00e9j\u00e0 en phase avec les objectifs que la commission europ\u00e9enne a fix\u00e9 pour 2015. Et selon les sondages c&rsquo;est Fiat qui s&rsquo;en sort le mieux, avec sur l&rsquo;ensemble des voitures vendu &#8230; <a title=\"La baisse des \u00e9missions de CO2\" class=\"read-more\" href=\"https:\/\/www.carideal.com\/blog\/2011\/03\/11\/la-baisse-des-emissions-de-co2\/\" aria-label=\"En savoir plus sur La baisse des \u00e9missions de CO2\">Lire plus<\/a><\/p>\n","protected":false},"author":1,"featured_media":19316,"comment_status":"open","ping_status":"open","sticky":false,"template":"","format":"standard","meta":{"_uag_custom_page_level_css":"","_themeisle_gutenberg_block_has_review":false,"footnotes":""},"categories":[6],"tags":[60,656,673,548],"class_list":["post-206","post","type-post","status-publish","format-standard","has-post-thumbnail","hentry","category-ecologie","tag-co2","tag-commission-europeenne","tag-filtre-a-particules","tag-polluants"],"wppr_data":{"cwp_meta_box_check":"No"},"yoast_head":"<!-- This site is optimized with the Yoast SEO plugin v24.8.1 - https:\/\/yoast.com\/wordpress\/plugins\/seo\/ -->\n<title>La baisse des \u00e9missions de CO2 - Blog auto Carid\u00e9al<\/title>\n<meta name=\"robots\" content=\"index, follow, max-snippet:-1, max-image-preview:large, max-video-preview:-1\" \/>\n<link rel=\"canonical\" href=\"https:\/\/www.carideal.com\/blog\/2011\/03\/11\/la-baisse-des-emissions-de-co2\/\" \/>\n<meta property=\"og:locale\" content=\"fr_FR\" \/>\n<meta property=\"og:type\" content=\"article\" \/>\n<meta property=\"og:title\" content=\"La baisse des \u00e9missions de CO2 - Blog auto Carid\u00e9al\" \/>\n<meta property=\"og:description\" content=\"La baisse des \u00e9missions de CO2 Les capteurs de AirParif rel\u00e8vent la pollution de l&#039;air toute l&#039;ann\u00e9e Les \u00e9missions de CO2 des constructeurs sont d\u00e9j\u00e0 en phase avec les objectifs que la commission europ\u00e9enne a fix\u00e9 pour 2015. Et selon les sondages c&#039;est Fiat qui s&#039;en sort le mieux, avec sur l&#039;ensemble des voitures vendu ... Lire plus\" \/>\n<meta property=\"og:url\" content=\"https:\/\/www.carideal.com\/blog\/2011\/03\/11\/la-baisse-des-emissions-de-co2\/\" \/>\n<meta property=\"og:site_name\" content=\"Blog auto Carid\u00e9al\" \/>\n<meta property=\"article:publisher\" content=\"https:\/\/www.facebook.com\/Carideal.mandataire.automobile\" \/>\n<meta property=\"article:author\" content=\"https:\/\/www.facebook.com\/Carideal.mandataire.automobile\/\" \/>\n<meta property=\"article:published_time\" content=\"2011-03-11T18:06:00+00:00\" \/>\n<meta property=\"article:modified_time\" content=\"2020-03-07T15:45:30+00:00\" \/>\n<meta property=\"og:image\" content=\"https:\/\/www.carideal.com\/blog\/wp-content\/uploads\/2011\/03\/air_parif_capteur_carideal.jpg\" \/>\n\t<meta property=\"og:image:width\" content=\"275\" \/>\n\t<meta property=\"og:image:height\" content=\"183\" \/>\n\t<meta property=\"og:image:type\" content=\"image\/jpeg\" \/>\n<meta name=\"author\" content=\"N.S Carideal\" \/>\n<meta name=\"twitter:card\" content=\"summary_large_image\" \/>\n<meta name=\"twitter:creator\" content=\"@caridealauto\" \/>\n<meta name=\"twitter:site\" content=\"@caridealauto\" \/>\n<meta name=\"twitter:label1\" content=\"\u00c9crit par\" \/>\n\t<meta name=\"twitter:data1\" content=\"N.S Carideal\" \/>\n\t<meta name=\"twitter:label2\" content=\"Dur\u00e9e de lecture estim\u00e9e\" \/>\n\t<meta name=\"twitter:data2\" content=\"1 minute\" \/>\n<script type=\"application\/ld+json\" class=\"yoast-schema-graph\">{\"@context\":\"https:\/\/schema.org\",\"@graph\":[{\"@type\":\"Article\",\"@id\":\"https:\/\/www.carideal.com\/blog\/2011\/03\/11\/la-baisse-des-emissions-de-co2\/#article\",\"isPartOf\":{\"@id\":\"https:\/\/www.carideal.com\/blog\/2011\/03\/11\/la-baisse-des-emissions-de-co2\/\"},\"author\":{\"name\":\"N.S Carideal\",\"@id\":\"https:\/\/www.carideal.com\/blog\/#\/schema\/person\/985c7e757d1042d647f21bfaf8d41ebc\"},\"headline\":\"La baisse des \u00e9missions de CO2\",\"datePublished\":\"2011-03-11T18:06:00+00:00\",\"dateModified\":\"2020-03-07T15:45:30+00:00\",\"mainEntityOfPage\":{\"@id\":\"https:\/\/www.carideal.com\/blog\/2011\/03\/11\/la-baisse-des-emissions-de-co2\/\"},\"wordCount\":292,\"commentCount\":0,\"publisher\":{\"@id\":\"https:\/\/www.carideal.com\/blog\/#organization\"},\"image\":{\"@id\":\"https:\/\/www.carideal.com\/blog\/2011\/03\/11\/la-baisse-des-emissions-de-co2\/#primaryimage\"},\"thumbnailUrl\":\"https:\/\/www.carideal.com\/blog\/wp-content\/uploads\/2011\/03\/air_parif_capteur_carideal.jpg\",\"keywords\":[\"CO2 \u00e9mission de CO2\",\"commission europ\u00e9enne\",\"Filtre \u00e0 particules Diesel essence\",\"polluants\"],\"articleSection\":[\"Ecologie\"],\"inLanguage\":\"fr-FR\",\"potentialAction\":[{\"@type\":\"CommentAction\",\"name\":\"Comment\",\"target\":[\"https:\/\/www.carideal.com\/blog\/2011\/03\/11\/la-baisse-des-emissions-de-co2\/#respond\"]}]},{\"@type\":\"WebPage\",\"@id\":\"https:\/\/www.carideal.com\/blog\/2011\/03\/11\/la-baisse-des-emissions-de-co2\/\",\"url\":\"https:\/\/www.carideal.com\/blog\/2011\/03\/11\/la-baisse-des-emissions-de-co2\/\",\"name\":\"La baisse des \u00e9missions de CO2 - Blog auto Carid\u00e9al\",\"isPartOf\":{\"@id\":\"https:\/\/www.carideal.com\/blog\/#website\"},\"primaryImageOfPage\":{\"@id\":\"https:\/\/www.carideal.com\/blog\/2011\/03\/11\/la-baisse-des-emissions-de-co2\/#primaryimage\"},\"image\":{\"@id\":\"https:\/\/www.carideal.com\/blog\/2011\/03\/11\/la-baisse-des-emissions-de-co2\/#primaryimage\"},\"thumbnailUrl\":\"https:\/\/www.carideal.com\/blog\/wp-content\/uploads\/2011\/03\/air_parif_capteur_carideal.jpg\",\"datePublished\":\"2011-03-11T18:06:00+00:00\",\"dateModified\":\"2020-03-07T15:45:30+00:00\",\"breadcrumb\":{\"@id\":\"https:\/\/www.carideal.com\/blog\/2011\/03\/11\/la-baisse-des-emissions-de-co2\/#breadcrumb\"},\"inLanguage\":\"fr-FR\",\"potentialAction\":[{\"@type\":\"ReadAction\",\"target\":[\"https:\/\/www.carideal.com\/blog\/2011\/03\/11\/la-baisse-des-emissions-de-co2\/\"]}]},{\"@type\":\"ImageObject\",\"inLanguage\":\"fr-FR\",\"@id\":\"https:\/\/www.carideal.com\/blog\/2011\/03\/11\/la-baisse-des-emissions-de-co2\/#primaryimage\",\"url\":\"https:\/\/www.carideal.com\/blog\/wp-content\/uploads\/2011\/03\/air_parif_capteur_carideal.jpg\",\"contentUrl\":\"https:\/\/www.carideal.com\/blog\/wp-content\/uploads\/2011\/03\/air_parif_capteur_carideal.jpg\",\"width\":275,\"height\":183},{\"@type\":\"BreadcrumbList\",\"@id\":\"https:\/\/www.carideal.com\/blog\/2011\/03\/11\/la-baisse-des-emissions-de-co2\/#breadcrumb\",\"itemListElement\":[{\"@type\":\"ListItem\",\"position\":1,\"name\":\"Blog Carid\u00e9al\",\"item\":\"https:\/\/www.carideal.com\/blog\/\"},{\"@type\":\"ListItem\",\"position\":2,\"name\":\"Ecologie\",\"item\":\"https:\/\/www.carideal.com\/blog\/ecologie\/\"},{\"@type\":\"ListItem\",\"position\":3,\"name\":\"La baisse des \u00e9missions de CO2\"}]},{\"@type\":\"WebSite\",\"@id\":\"https:\/\/www.carideal.com\/blog\/#website\",\"url\":\"https:\/\/www.carideal.com\/blog\/\",\"name\":\"Blog auto Carid\u00e9al\",\"description\":\"Actualit\u00e9 auto par des passionn\u00e9s\",\"publisher\":{\"@id\":\"https:\/\/www.carideal.com\/blog\/#organization\"},\"potentialAction\":[{\"@type\":\"SearchAction\",\"target\":{\"@type\":\"EntryPoint\",\"urlTemplate\":\"https:\/\/www.carideal.com\/blog\/?s={search_term_string}\"},\"query-input\":{\"@type\":\"PropertyValueSpecification\",\"valueRequired\":true,\"valueName\":\"search_term_string\"}}],\"inLanguage\":\"fr-FR\"},{\"@type\":\"Organization\",\"@id\":\"https:\/\/www.carideal.com\/blog\/#organization\",\"name\":\"Carideal\",\"url\":\"https:\/\/www.carideal.com\/blog\/\",\"logo\":{\"@type\":\"ImageObject\",\"inLanguage\":\"fr-FR\",\"@id\":\"https:\/\/www.carideal.com\/blog\/#\/schema\/logo\/image\/\",\"url\":\"http:\/\/www.carideal.com\/blog\/wp-content\/uploads\/2016\/03\/logo-carideal-mandataire-automobile.png\",\"contentUrl\":\"http:\/\/www.carideal.com\/blog\/wp-content\/uploads\/2016\/03\/logo-carideal-mandataire-automobile.png\",\"width\":300,\"height\":300,\"caption\":\"Carideal\"},\"image\":{\"@id\":\"https:\/\/www.carideal.com\/blog\/#\/schema\/logo\/image\/\"},\"sameAs\":[\"https:\/\/www.facebook.com\/Carideal.mandataire.automobile\",\"https:\/\/x.com\/caridealauto\",\"https:\/\/www.instagram.com\/carideal1\/\",\"https:\/\/www.linkedin.com\/company\/carideal.com\",\"https:\/\/fr.pinterest.com\/schiavonsas\/\",\"https:\/\/www.youtube.com\/user\/caridealsas\"]},{\"@type\":\"Person\",\"@id\":\"https:\/\/www.carideal.com\/blog\/#\/schema\/person\/985c7e757d1042d647f21bfaf8d41ebc\",\"name\":\"N.S Carideal\",\"image\":{\"@type\":\"ImageObject\",\"inLanguage\":\"fr-FR\",\"@id\":\"https:\/\/www.carideal.com\/blog\/#\/schema\/person\/image\/\",\"url\":\"https:\/\/secure.gravatar.com\/avatar\/edb7ccdf1a4e3d14aef967760d354d0e?s=96&r=g\",\"contentUrl\":\"https:\/\/secure.gravatar.com\/avatar\/edb7ccdf1a4e3d14aef967760d354d0e?s=96&r=g\",\"caption\":\"N.S Carideal\"},\"description\":\"Depuis tout petit fan d'automobile. Il est question d'essayer et de comparer toutes ces voitures qui nous ont fait r\u00e9ver, avant que celles-ci ne devient uniquement des voitures de collection.\",\"sameAs\":[\"http:\/\/www.carideal.com\/blog\",\"https:\/\/www.facebook.com\/Carideal.mandataire.automobile\/\",\"https:\/\/www.linkedin.com\/in\/nschiavon\/\",\"https:\/\/www.youtube.com\/user\/caridealsas\/\"],\"url\":\"https:\/\/www.carideal.com\/blog\/author\/admin_carideal\/\"}]}<\/script>\n<!-- \/ Yoast SEO plugin. -->","yoast_head_json":{"title":"La baisse des \u00e9missions de CO2 - Blog auto Carid\u00e9al","robots":{"index":"index","follow":"follow","max-snippet":"max-snippet:-1","max-image-preview":"max-image-preview:large","max-video-preview":"max-video-preview:-1"},"canonical":"https:\/\/www.carideal.com\/blog\/2011\/03\/11\/la-baisse-des-emissions-de-co2\/","og_locale":"fr_FR","og_type":"article","og_title":"La baisse des \u00e9missions de CO2 - Blog auto Carid\u00e9al","og_description":"La baisse des \u00e9missions de CO2 Les capteurs de AirParif rel\u00e8vent la pollution de l'air toute l'ann\u00e9e Les \u00e9missions de CO2 des constructeurs sont d\u00e9j\u00e0 en phase avec les objectifs que la commission europ\u00e9enne a fix\u00e9 pour 2015. Et selon les sondages c'est Fiat qui s'en sort le mieux, avec sur l'ensemble des voitures vendu ... Lire plus","og_url":"https:\/\/www.carideal.com\/blog\/2011\/03\/11\/la-baisse-des-emissions-de-co2\/","og_site_name":"Blog auto Carid\u00e9al","article_publisher":"https:\/\/www.facebook.com\/Carideal.mandataire.automobile","article_author":"https:\/\/www.facebook.com\/Carideal.mandataire.automobile\/","article_published_time":"2011-03-11T18:06:00+00:00","article_modified_time":"2020-03-07T15:45:30+00:00","og_image":[{"width":275,"height":183,"url":"https:\/\/www.carideal.com\/blog\/wp-content\/uploads\/2011\/03\/air_parif_capteur_carideal.jpg","type":"image\/jpeg"}],"author":"N.S Carideal","twitter_card":"summary_large_image","twitter_creator":"@caridealauto","twitter_site":"@caridealauto","twitter_misc":{"\u00c9crit par":"N.S Carideal","Dur\u00e9e de lecture estim\u00e9e":"1 minute"},"schema":{"@context":"https:\/\/schema.org","@graph":[{"@type":"Article","@id":"https:\/\/www.carideal.com\/blog\/2011\/03\/11\/la-baisse-des-emissions-de-co2\/#article","isPartOf":{"@id":"https:\/\/www.carideal.com\/blog\/2011\/03\/11\/la-baisse-des-emissions-de-co2\/"},"author":{"name":"N.S Carideal","@id":"https:\/\/www.carideal.com\/blog\/#\/schema\/person\/985c7e757d1042d647f21bfaf8d41ebc"},"headline":"La baisse des \u00e9missions de CO2","datePublished":"2011-03-11T18:06:00+00:00","dateModified":"2020-03-07T15:45:30+00:00","mainEntityOfPage":{"@id":"https:\/\/www.carideal.com\/blog\/2011\/03\/11\/la-baisse-des-emissions-de-co2\/"},"wordCount":292,"commentCount":0,"publisher":{"@id":"https:\/\/www.carideal.com\/blog\/#organization"},"image":{"@id":"https:\/\/www.carideal.com\/blog\/2011\/03\/11\/la-baisse-des-emissions-de-co2\/#primaryimage"},"thumbnailUrl":"https:\/\/www.carideal.com\/blog\/wp-content\/uploads\/2011\/03\/air_parif_capteur_carideal.jpg","keywords":["CO2 \u00e9mission de CO2","commission europ\u00e9enne","Filtre \u00e0 particules Diesel essence","polluants"],"articleSection":["Ecologie"],"inLanguage":"fr-FR","potentialAction":[{"@type":"CommentAction","name":"Comment","target":["https:\/\/www.carideal.com\/blog\/2011\/03\/11\/la-baisse-des-emissions-de-co2\/#respond"]}]},{"@type":"WebPage","@id":"https:\/\/www.carideal.com\/blog\/2011\/03\/11\/la-baisse-des-emissions-de-co2\/","url":"https:\/\/www.carideal.com\/blog\/2011\/03\/11\/la-baisse-des-emissions-de-co2\/","name":"La baisse des \u00e9missions de CO2 - Blog auto Carid\u00e9al","isPartOf":{"@id":"https:\/\/www.carideal.com\/blog\/#website"},"primaryImageOfPage":{"@id":"https:\/\/www.carideal.com\/blog\/2011\/03\/11\/la-baisse-des-emissions-de-co2\/#primaryimage"},"image":{"@id":"https:\/\/www.carideal.com\/blog\/2011\/03\/11\/la-baisse-des-emissions-de-co2\/#primaryimage"},"thumbnailUrl":"https:\/\/www.carideal.com\/blog\/wp-content\/uploads\/2011\/03\/air_parif_capteur_carideal.jpg","datePublished":"2011-03-11T18:06:00+00:00","dateModified":"2020-03-07T15:45:30+00:00","breadcrumb":{"@id":"https:\/\/www.carideal.com\/blog\/2011\/03\/11\/la-baisse-des-emissions-de-co2\/#breadcrumb"},"inLanguage":"fr-FR","potentialAction":[{"@type":"ReadAction","target":["https:\/\/www.carideal.com\/blog\/2011\/03\/11\/la-baisse-des-emissions-de-co2\/"]}]},{"@type":"ImageObject","inLanguage":"fr-FR","@id":"https:\/\/www.carideal.com\/blog\/2011\/03\/11\/la-baisse-des-emissions-de-co2\/#primaryimage","url":"https:\/\/www.carideal.com\/blog\/wp-content\/uploads\/2011\/03\/air_parif_capteur_carideal.jpg","contentUrl":"https:\/\/www.carideal.com\/blog\/wp-content\/uploads\/2011\/03\/air_parif_capteur_carideal.jpg","width":275,"height":183},{"@type":"BreadcrumbList","@id":"https:\/\/www.carideal.com\/blog\/2011\/03\/11\/la-baisse-des-emissions-de-co2\/#breadcrumb","itemListElement":[{"@type":"ListItem","position":1,"name":"Blog Carid\u00e9al","item":"https:\/\/www.carideal.com\/blog\/"},{"@type":"ListItem","position":2,"name":"Ecologie","item":"https:\/\/www.carideal.com\/blog\/ecologie\/"},{"@type":"ListItem","position":3,"name":"La baisse des \u00e9missions de CO2"}]},{"@type":"WebSite","@id":"https:\/\/www.carideal.com\/blog\/#website","url":"https:\/\/www.carideal.com\/blog\/","name":"Blog auto Carid\u00e9al","description":"Actualit\u00e9 auto par des passionn\u00e9s","publisher":{"@id":"https:\/\/www.carideal.com\/blog\/#organization"},"potentialAction":[{"@type":"SearchAction","target":{"@type":"EntryPoint","urlTemplate":"https:\/\/www.carideal.com\/blog\/?s={search_term_string}"},"query-input":{"@type":"PropertyValueSpecification","valueRequired":true,"valueName":"search_term_string"}}],"inLanguage":"fr-FR"},{"@type":"Organization","@id":"https:\/\/www.carideal.com\/blog\/#organization","name":"Carideal","url":"https:\/\/www.carideal.com\/blog\/","logo":{"@type":"ImageObject","inLanguage":"fr-FR","@id":"https:\/\/www.carideal.com\/blog\/#\/schema\/logo\/image\/","url":"http:\/\/www.carideal.com\/blog\/wp-content\/uploads\/2016\/03\/logo-carideal-mandataire-automobile.png","contentUrl":"http:\/\/www.carideal.com\/blog\/wp-content\/uploads\/2016\/03\/logo-carideal-mandataire-automobile.png","width":300,"height":300,"caption":"Carideal"},"image":{"@id":"https:\/\/www.carideal.com\/blog\/#\/schema\/logo\/image\/"},"sameAs":["https:\/\/www.facebook.com\/Carideal.mandataire.automobile","https:\/\/x.com\/caridealauto","https:\/\/www.instagram.com\/carideal1\/","https:\/\/www.linkedin.com\/company\/carideal.com","https:\/\/fr.pinterest.com\/schiavonsas\/","https:\/\/www.youtube.com\/user\/caridealsas"]},{"@type":"Person","@id":"https:\/\/www.carideal.com\/blog\/#\/schema\/person\/985c7e757d1042d647f21bfaf8d41ebc","name":"N.S Carideal","image":{"@type":"ImageObject","inLanguage":"fr-FR","@id":"https:\/\/www.carideal.com\/blog\/#\/schema\/person\/image\/","url":"https:\/\/secure.gravatar.com\/avatar\/edb7ccdf1a4e3d14aef967760d354d0e?s=96&r=g","contentUrl":"https:\/\/secure.gravatar.com\/avatar\/edb7ccdf1a4e3d14aef967760d354d0e?s=96&r=g","caption":"N.S Carideal"},"description":"Depuis tout petit fan d'automobile. Il est question d'essayer et de comparer toutes ces voitures qui nous ont fait r\u00e9ver, avant que celles-ci ne devient uniquement des voitures de collection.","sameAs":["http:\/\/www.carideal.com\/blog","https:\/\/www.facebook.com\/Carideal.mandataire.automobile\/","https:\/\/www.linkedin.com\/in\/nschiavon\/","https:\/\/www.youtube.com\/user\/caridealsas\/"],"url":"https:\/\/www.carideal.com\/blog\/author\/admin_carideal\/"}]}},"uagb_featured_image_src":{"full":["https:\/\/www.carideal.com\/blog\/wp-content\/uploads\/2011\/03\/air_parif_capteur_carideal.jpg",275,183,false],"thumbnail":["https:\/\/www.carideal.com\/blog\/wp-content\/uploads\/2011\/03\/air_parif_capteur_carideal-150x150.jpg",150,150,true],"medium":["https:\/\/www.carideal.com\/blog\/wp-content\/uploads\/2011\/03\/air_parif_capteur_carideal.jpg",275,183,false],"medium_large":["https:\/\/www.carideal.com\/blog\/wp-content\/uploads\/2011\/03\/air_parif_capteur_carideal.jpg",275,183,false],"large":["https:\/\/www.carideal.com\/blog\/wp-content\/uploads\/2011\/03\/air_parif_capteur_carideal.jpg",275,183,false],"1536x1536":["https:\/\/www.carideal.com\/blog\/wp-content\/uploads\/2011\/03\/air_parif_capteur_carideal.jpg",275,183,false],"2048x2048":["https:\/\/www.carideal.com\/blog\/wp-content\/uploads\/2011\/03\/air_parif_capteur_carideal.jpg",275,183,false],"wppr-widget":["https:\/\/www.carideal.com\/blog\/wp-content\/uploads\/2011\/03\/air_parif_capteur_carideal-50x33.jpg",50,33,true]},"uagb_author_info":{"display_name":"N.S Carideal","author_link":"https:\/\/www.carideal.com\/blog\/author\/admin_carideal\/"},"uagb_comment_info":0,"uagb_excerpt":"La baisse des \u00e9missions de CO2 Les capteurs de AirParif rel\u00e8vent la pollution de l'air toute l'ann\u00e9e Les \u00e9missions de CO2 des constructeurs sont d\u00e9j\u00e0 en phase avec les objectifs que la commission europ\u00e9enne a fix\u00e9 pour 2015. Et selon les sondages c'est Fiat qui s'en sort le mieux, avec sur l'ensemble des voitures vendu\u2026","_links":{"self":[{"href":"https:\/\/www.carideal.com\/blog\/wp-json\/wp\/v2\/posts\/206"}],"collection":[{"href":"https:\/\/www.carideal.com\/blog\/wp-json\/wp\/v2\/posts"}],"about":[{"href":"https:\/\/www.carideal.com\/blog\/wp-json\/wp\/v2\/types\/post"}],"author":[{"embeddable":true,"href":"https:\/\/www.carideal.com\/blog\/wp-json\/wp\/v2\/users\/1"}],"replies":[{"embeddable":true,"href":"https:\/\/www.carideal.com\/blog\/wp-json\/wp\/v2\/comments?post=206"}],"version-history":[{"count":0,"href":"https:\/\/www.carideal.com\/blog\/wp-json\/wp\/v2\/posts\/206\/revisions"}],"wp:featuredmedia":[{"embeddable":true,"href":"https:\/\/www.carideal.com\/blog\/wp-json\/wp\/v2\/media\/19316"}],"wp:attachment":[{"href":"https:\/\/www.carideal.com\/blog\/wp-json\/wp\/v2\/media?parent=206"}],"wp:term":[{"taxonomy":"category","embeddable":true,"href":"https:\/\/www.carideal.com\/blog\/wp-json\/wp\/v2\/categories?post=206"},{"taxonomy":"post_tag","embeddable":true,"href":"https:\/\/www.carideal.com\/blog\/wp-json\/wp\/v2\/tags?post=206"}],"curies":[{"name":"wp","href":"https:\/\/api.w.org\/{rel}","templated":true}]}}