{"id":2050,"date":"2010-06-09T17:17:00","date_gmt":"2010-06-09T17:17:00","guid":{"rendered":"http:\/\/carideal.com\/blog\/?p=2050"},"modified":"2020-03-08T07:35:20","modified_gmt":"2020-03-08T06:35:20","slug":"peugeot-5008-disponible-chez-carideal-mandataire-automobile","status":"publish","type":"post","link":"https:\/\/www.carideal.com\/blog\/2010\/06\/09\/peugeot-5008-disponible-chez-carideal-mandataire-automobile\/","title":{"rendered":"Peugeot 5008 disponible"},"content":{"rendered":" Peugeot 5008 disponible\n<h1><strong>30 peugeot 5008 disponible en stock chez carideal Mandataire automobile<\/strong><\/h1>\n<p>Peugeot 5008 Premium hdi 110 \u00e0 partir de 21710 \u20ac \u00c9quipements\u00a0: 5 Places, ABS, Airbags (6), Anti-Brouillards, ASR, Climatisation Automatique, Connexion USB, D\u00e9tecteur de pluie, ESP, Filet de coffre, Frein \u00e0 main \u00e9lectrique, JA'' 16, Miroirs de courtoisie, Ordinateur de Bord, R\u00e9gulateur de vitesse, R\u00e9tros ext\u00e9rieurs \u00e9lectriques et chauffants, R\u00e9tros ext\u00e9rieurs ton carrosserie avec inserts chrome, Sellerie Tissu STRADA, Si\u00e8ge conducteur r\u00e9glable en hauteur, Verrouillage central avec t\u00e9l\u00e9commande, Vitres AR surteint\u00e9es, Vitres AV\/AR \u00e9lectriques, Volant et pommeau cuir, WIP Radio-CD-mp3 + 4HP<\/p>\n<p>Gris Hurricane \u20ac 21707 \u20ac<\/p>\n<p>Peinture M\u00e9tal + Radar de recul \u20ac 22665 Alu\/ Blanc\/ Vapor<\/p>\n","protected":false},"excerpt":{"rendered":"<p>30 peugeot 5008 disponible en stock chez carideal Mandataire automobile Peugeot 5008 Premium hdi 110 \u00e0 partir de 21710 \u20ac \u00c9quipements\u00a0: 5 Places, ABS, Airbags (6), Anti-Brouillards, ASR, Climatisation Automatique, Connexion USB, D\u00e9tecteur de pluie, ESP, Filet de coffre, Frein \u00e0 main \u00e9lectrique, JA\u00a0\u00bb 16, Miroirs de courtoisie, Ordinateur de Bord, R\u00e9gulateur de vitesse, R\u00e9tros &#8230; <a title=\"Peugeot 5008 disponible\" class=\"read-more\" href=\"https:\/\/www.carideal.com\/blog\/2010\/06\/09\/peugeot-5008-disponible-chez-carideal-mandataire-automobile\/\" aria-label=\"En savoir plus sur Peugeot 5008 disponible\">Lire plus<\/a><\/p>\n","protected":false},"author":1,"featured_media":0,"comment_status":"open","ping_status":"open","sticky":false,"template":"","format":"standard","meta":{"_uag_custom_page_level_css":"","_themeisle_gutenberg_block_has_review":false,"footnotes":""},"categories":[5944,5946,7],"tags":[],"class_list":["post-2050","post","type-post","status-publish","format-standard","hentry","category-constructeur","category-peugeot","category-voiture-arrivage-stocks"],"wppr_data":[],"yoast_head":"<!-- This site is optimized with the Yoast SEO plugin v24.8.1 - https:\/\/yoast.com\/wordpress\/plugins\/seo\/ -->\n<title>Peugeot 5008 disponible - Blog auto Carid\u00e9al<\/title>\n<meta name=\"robots\" content=\"index, follow, max-snippet:-1, max-image-preview:large, max-video-preview:-1\" \/>\n<link rel=\"canonical\" href=\"https:\/\/www.carideal.com\/blog\/2010\/06\/09\/peugeot-5008-disponible-chez-carideal-mandataire-automobile\/\" \/>\n<meta property=\"og:locale\" content=\"fr_FR\" \/>\n<meta property=\"og:type\" content=\"article\" \/>\n<meta property=\"og:title\" content=\"Peugeot 5008 disponible - Blog auto Carid\u00e9al\" \/>\n<meta property=\"og:description\" content=\"30 peugeot 5008 disponible en stock chez carideal Mandataire automobile Peugeot 5008 Premium hdi 110 \u00e0 partir de 21710 \u20ac \u00c9quipements\u00a0: 5 Places, ABS, Airbags (6), Anti-Brouillards, ASR, Climatisation Automatique, Connexion USB, D\u00e9tecteur de pluie, ESP, Filet de coffre, Frein \u00e0 main \u00e9lectrique, JA&#039;&#039; 16, Miroirs de courtoisie, Ordinateur de Bord, R\u00e9gulateur de vitesse, R\u00e9tros ... Lire plus\" \/>\n<meta property=\"og:url\" content=\"https:\/\/www.carideal.com\/blog\/2010\/06\/09\/peugeot-5008-disponible-chez-carideal-mandataire-automobile\/\" \/>\n<meta property=\"og:site_name\" content=\"Blog auto Carid\u00e9al\" \/>\n<meta property=\"article:publisher\" content=\"https:\/\/www.facebook.com\/Carideal.mandataire.automobile\" \/>\n<meta property=\"article:author\" content=\"https:\/\/www.facebook.com\/Carideal.mandataire.automobile\/\" \/>\n<meta property=\"article:published_time\" content=\"2010-06-09T17:17:00+00:00\" \/>\n<meta property=\"article:modified_time\" content=\"2020-03-08T06:35:20+00:00\" \/>\n<meta property=\"og:image\" content=\"https:\/\/www.carideal.com\/blog\/wp-content\/uploads\/2016\/03\/logo-carideal-mandataire-automobile.png\" \/>\n\t<meta property=\"og:image:width\" content=\"300\" \/>\n\t<meta property=\"og:image:height\" content=\"300\" \/>\n\t<meta property=\"og:image:type\" content=\"image\/png\" \/>\n<meta name=\"author\" content=\"N.S Carideal\" \/>\n<meta name=\"twitter:card\" content=\"summary_large_image\" \/>\n<meta name=\"twitter:creator\" content=\"@caridealauto\" \/>\n<meta name=\"twitter:site\" content=\"@caridealauto\" \/>\n<meta name=\"twitter:label1\" content=\"\u00c9crit par\" \/>\n\t<meta name=\"twitter:data1\" content=\"N.S Carideal\" \/>\n\t<meta name=\"twitter:label2\" content=\"Dur\u00e9e de lecture estim\u00e9e\" \/>\n\t<meta name=\"twitter:data2\" content=\"1 minute\" \/>\n<script type=\"application\/ld+json\" class=\"yoast-schema-graph\">{\"@context\":\"https:\/\/schema.org\",\"@graph\":[{\"@type\":\"Article\",\"@id\":\"https:\/\/www.carideal.com\/blog\/2010\/06\/09\/peugeot-5008-disponible-chez-carideal-mandataire-automobile\/#article\",\"isPartOf\":{\"@id\":\"https:\/\/www.carideal.com\/blog\/2010\/06\/09\/peugeot-5008-disponible-chez-carideal-mandataire-automobile\/\"},\"author\":{\"name\":\"N.S Carideal\",\"@id\":\"https:\/\/www.carideal.com\/blog\/#\/schema\/person\/985c7e757d1042d647f21bfaf8d41ebc\"},\"headline\":\"Peugeot 5008 disponible\",\"datePublished\":\"2010-06-09T17:17:00+00:00\",\"dateModified\":\"2020-03-08T06:35:20+00:00\",\"mainEntityOfPage\":{\"@id\":\"https:\/\/www.carideal.com\/blog\/2010\/06\/09\/peugeot-5008-disponible-chez-carideal-mandataire-automobile\/\"},\"wordCount\":113,\"commentCount\":0,\"publisher\":{\"@id\":\"https:\/\/www.carideal.com\/blog\/#organization\"},\"articleSection\":[\"Actualit\u00e9 Constructeur automobile\",\"Actualit\u00e9 Peugeot\",\"D\u00e9stockage voiture\"],\"inLanguage\":\"fr-FR\",\"potentialAction\":[{\"@type\":\"CommentAction\",\"name\":\"Comment\",\"target\":[\"https:\/\/www.carideal.com\/blog\/2010\/06\/09\/peugeot-5008-disponible-chez-carideal-mandataire-automobile\/#respond\"]}]},{\"@type\":\"WebPage\",\"@id\":\"https:\/\/www.carideal.com\/blog\/2010\/06\/09\/peugeot-5008-disponible-chez-carideal-mandataire-automobile\/\",\"url\":\"https:\/\/www.carideal.com\/blog\/2010\/06\/09\/peugeot-5008-disponible-chez-carideal-mandataire-automobile\/\",\"name\":\"Peugeot 5008 disponible - Blog auto Carid\u00e9al\",\"isPartOf\":{\"@id\":\"https:\/\/www.carideal.com\/blog\/#website\"},\"datePublished\":\"2010-06-09T17:17:00+00:00\",\"dateModified\":\"2020-03-08T06:35:20+00:00\",\"breadcrumb\":{\"@id\":\"https:\/\/www.carideal.com\/blog\/2010\/06\/09\/peugeot-5008-disponible-chez-carideal-mandataire-automobile\/#breadcrumb\"},\"inLanguage\":\"fr-FR\",\"potentialAction\":[{\"@type\":\"ReadAction\",\"target\":[\"https:\/\/www.carideal.com\/blog\/2010\/06\/09\/peugeot-5008-disponible-chez-carideal-mandataire-automobile\/\"]}]},{\"@type\":\"BreadcrumbList\",\"@id\":\"https:\/\/www.carideal.com\/blog\/2010\/06\/09\/peugeot-5008-disponible-chez-carideal-mandataire-automobile\/#breadcrumb\",\"itemListElement\":[{\"@type\":\"ListItem\",\"position\":1,\"name\":\"Blog Carid\u00e9al\",\"item\":\"https:\/\/www.carideal.com\/blog\/\"},{\"@type\":\"ListItem\",\"position\":2,\"name\":\"D\u00e9stockage voiture\",\"item\":\"https:\/\/www.carideal.com\/blog\/voiture-arrivage-stocks\/\"},{\"@type\":\"ListItem\",\"position\":3,\"name\":\"Peugeot 5008 disponible\"}]},{\"@type\":\"WebSite\",\"@id\":\"https:\/\/www.carideal.com\/blog\/#website\",\"url\":\"https:\/\/www.carideal.com\/blog\/\",\"name\":\"Blog auto Carid\u00e9al\",\"description\":\"Actualit\u00e9 auto par des passionn\u00e9s\",\"publisher\":{\"@id\":\"https:\/\/www.carideal.com\/blog\/#organization\"},\"potentialAction\":[{\"@type\":\"SearchAction\",\"target\":{\"@type\":\"EntryPoint\",\"urlTemplate\":\"https:\/\/www.carideal.com\/blog\/?s={search_term_string}\"},\"query-input\":{\"@type\":\"PropertyValueSpecification\",\"valueRequired\":true,\"valueName\":\"search_term_string\"}}],\"inLanguage\":\"fr-FR\"},{\"@type\":\"Organization\",\"@id\":\"https:\/\/www.carideal.com\/blog\/#organization\",\"name\":\"Carideal\",\"url\":\"https:\/\/www.carideal.com\/blog\/\",\"logo\":{\"@type\":\"ImageObject\",\"inLanguage\":\"fr-FR\",\"@id\":\"https:\/\/www.carideal.com\/blog\/#\/schema\/logo\/image\/\",\"url\":\"http:\/\/www.carideal.com\/blog\/wp-content\/uploads\/2016\/03\/logo-carideal-mandataire-automobile.png\",\"contentUrl\":\"http:\/\/www.carideal.com\/blog\/wp-content\/uploads\/2016\/03\/logo-carideal-mandataire-automobile.png\",\"width\":300,\"height\":300,\"caption\":\"Carideal\"},\"image\":{\"@id\":\"https:\/\/www.carideal.com\/blog\/#\/schema\/logo\/image\/\"},\"sameAs\":[\"https:\/\/www.facebook.com\/Carideal.mandataire.automobile\",\"https:\/\/x.com\/caridealauto\",\"https:\/\/www.instagram.com\/carideal1\/\",\"https:\/\/www.linkedin.com\/company\/carideal.com\",\"https:\/\/fr.pinterest.com\/schiavonsas\/\",\"https:\/\/www.youtube.com\/user\/caridealsas\"]},{\"@type\":\"Person\",\"@id\":\"https:\/\/www.carideal.com\/blog\/#\/schema\/person\/985c7e757d1042d647f21bfaf8d41ebc\",\"name\":\"N.S Carideal\",\"image\":{\"@type\":\"ImageObject\",\"inLanguage\":\"fr-FR\",\"@id\":\"https:\/\/www.carideal.com\/blog\/#\/schema\/person\/image\/\",\"url\":\"https:\/\/secure.gravatar.com\/avatar\/edb7ccdf1a4e3d14aef967760d354d0e?s=96&r=g\",\"contentUrl\":\"https:\/\/secure.gravatar.com\/avatar\/edb7ccdf1a4e3d14aef967760d354d0e?s=96&r=g\",\"caption\":\"N.S Carideal\"},\"description\":\"Depuis tout petit fan d'automobile. Il est question d'essayer et de comparer toutes ces voitures qui nous ont fait r\u00e9ver, avant que celles-ci ne devient uniquement des voitures de collection.\",\"sameAs\":[\"http:\/\/www.carideal.com\/blog\",\"https:\/\/www.facebook.com\/Carideal.mandataire.automobile\/\",\"https:\/\/www.linkedin.com\/in\/nschiavon\/\",\"https:\/\/www.youtube.com\/user\/caridealsas\/\"],\"url\":\"https:\/\/www.carideal.com\/blog\/author\/admin_carideal\/\"}]}<\/script>\n<!-- \/ Yoast SEO plugin. -->","yoast_head_json":{"title":"Peugeot 5008 disponible - Blog auto Carid\u00e9al","robots":{"index":"index","follow":"follow","max-snippet":"max-snippet:-1","max-image-preview":"max-image-preview:large","max-video-preview":"max-video-preview:-1"},"canonical":"https:\/\/www.carideal.com\/blog\/2010\/06\/09\/peugeot-5008-disponible-chez-carideal-mandataire-automobile\/","og_locale":"fr_FR","og_type":"article","og_title":"Peugeot 5008 disponible - Blog auto Carid\u00e9al","og_description":"30 peugeot 5008 disponible en stock chez carideal Mandataire automobile Peugeot 5008 Premium hdi 110 \u00e0 partir de 21710 \u20ac \u00c9quipements\u00a0: 5 Places, ABS, Airbags (6), Anti-Brouillards, ASR, Climatisation Automatique, Connexion USB, D\u00e9tecteur de pluie, ESP, Filet de coffre, Frein \u00e0 main \u00e9lectrique, JA'' 16, Miroirs de courtoisie, Ordinateur de Bord, R\u00e9gulateur de vitesse, R\u00e9tros ... Lire plus","og_url":"https:\/\/www.carideal.com\/blog\/2010\/06\/09\/peugeot-5008-disponible-chez-carideal-mandataire-automobile\/","og_site_name":"Blog auto Carid\u00e9al","article_publisher":"https:\/\/www.facebook.com\/Carideal.mandataire.automobile","article_author":"https:\/\/www.facebook.com\/Carideal.mandataire.automobile\/","article_published_time":"2010-06-09T17:17:00+00:00","article_modified_time":"2020-03-08T06:35:20+00:00","og_image":[{"width":300,"height":300,"url":"https:\/\/www.carideal.com\/blog\/wp-content\/uploads\/2016\/03\/logo-carideal-mandataire-automobile.png","type":"image\/png"}],"author":"N.S Carideal","twitter_card":"summary_large_image","twitter_creator":"@caridealauto","twitter_site":"@caridealauto","twitter_misc":{"\u00c9crit par":"N.S Carideal","Dur\u00e9e de lecture estim\u00e9e":"1 minute"},"schema":{"@context":"https:\/\/schema.org","@graph":[{"@type":"Article","@id":"https:\/\/www.carideal.com\/blog\/2010\/06\/09\/peugeot-5008-disponible-chez-carideal-mandataire-automobile\/#article","isPartOf":{"@id":"https:\/\/www.carideal.com\/blog\/2010\/06\/09\/peugeot-5008-disponible-chez-carideal-mandataire-automobile\/"},"author":{"name":"N.S Carideal","@id":"https:\/\/www.carideal.com\/blog\/#\/schema\/person\/985c7e757d1042d647f21bfaf8d41ebc"},"headline":"Peugeot 5008 disponible","datePublished":"2010-06-09T17:17:00+00:00","dateModified":"2020-03-08T06:35:20+00:00","mainEntityOfPage":{"@id":"https:\/\/www.carideal.com\/blog\/2010\/06\/09\/peugeot-5008-disponible-chez-carideal-mandataire-automobile\/"},"wordCount":113,"commentCount":0,"publisher":{"@id":"https:\/\/www.carideal.com\/blog\/#organization"},"articleSection":["Actualit\u00e9 Constructeur automobile","Actualit\u00e9 Peugeot","D\u00e9stockage voiture"],"inLanguage":"fr-FR","potentialAction":[{"@type":"CommentAction","name":"Comment","target":["https:\/\/www.carideal.com\/blog\/2010\/06\/09\/peugeot-5008-disponible-chez-carideal-mandataire-automobile\/#respond"]}]},{"@type":"WebPage","@id":"https:\/\/www.carideal.com\/blog\/2010\/06\/09\/peugeot-5008-disponible-chez-carideal-mandataire-automobile\/","url":"https:\/\/www.carideal.com\/blog\/2010\/06\/09\/peugeot-5008-disponible-chez-carideal-mandataire-automobile\/","name":"Peugeot 5008 disponible - Blog auto Carid\u00e9al","isPartOf":{"@id":"https:\/\/www.carideal.com\/blog\/#website"},"datePublished":"2010-06-09T17:17:00+00:00","dateModified":"2020-03-08T06:35:20+00:00","breadcrumb":{"@id":"https:\/\/www.carideal.com\/blog\/2010\/06\/09\/peugeot-5008-disponible-chez-carideal-mandataire-automobile\/#breadcrumb"},"inLanguage":"fr-FR","potentialAction":[{"@type":"ReadAction","target":["https:\/\/www.carideal.com\/blog\/2010\/06\/09\/peugeot-5008-disponible-chez-carideal-mandataire-automobile\/"]}]},{"@type":"BreadcrumbList","@id":"https:\/\/www.carideal.com\/blog\/2010\/06\/09\/peugeot-5008-disponible-chez-carideal-mandataire-automobile\/#breadcrumb","itemListElement":[{"@type":"ListItem","position":1,"name":"Blog Carid\u00e9al","item":"https:\/\/www.carideal.com\/blog\/"},{"@type":"ListItem","position":2,"name":"D\u00e9stockage voiture","item":"https:\/\/www.carideal.com\/blog\/voiture-arrivage-stocks\/"},{"@type":"ListItem","position":3,"name":"Peugeot 5008 disponible"}]},{"@type":"WebSite","@id":"https:\/\/www.carideal.com\/blog\/#website","url":"https:\/\/www.carideal.com\/blog\/","name":"Blog auto Carid\u00e9al","description":"Actualit\u00e9 auto par des passionn\u00e9s","publisher":{"@id":"https:\/\/www.carideal.com\/blog\/#organization"},"potentialAction":[{"@type":"SearchAction","target":{"@type":"EntryPoint","urlTemplate":"https:\/\/www.carideal.com\/blog\/?s={search_term_string}"},"query-input":{"@type":"PropertyValueSpecification","valueRequired":true,"valueName":"search_term_string"}}],"inLanguage":"fr-FR"},{"@type":"Organization","@id":"https:\/\/www.carideal.com\/blog\/#organization","name":"Carideal","url":"https:\/\/www.carideal.com\/blog\/","logo":{"@type":"ImageObject","inLanguage":"fr-FR","@id":"https:\/\/www.carideal.com\/blog\/#\/schema\/logo\/image\/","url":"http:\/\/www.carideal.com\/blog\/wp-content\/uploads\/2016\/03\/logo-carideal-mandataire-automobile.png","contentUrl":"http:\/\/www.carideal.com\/blog\/wp-content\/uploads\/2016\/03\/logo-carideal-mandataire-automobile.png","width":300,"height":300,"caption":"Carideal"},"image":{"@id":"https:\/\/www.carideal.com\/blog\/#\/schema\/logo\/image\/"},"sameAs":["https:\/\/www.facebook.com\/Carideal.mandataire.automobile","https:\/\/x.com\/caridealauto","https:\/\/www.instagram.com\/carideal1\/","https:\/\/www.linkedin.com\/company\/carideal.com","https:\/\/fr.pinterest.com\/schiavonsas\/","https:\/\/www.youtube.com\/user\/caridealsas"]},{"@type":"Person","@id":"https:\/\/www.carideal.com\/blog\/#\/schema\/person\/985c7e757d1042d647f21bfaf8d41ebc","name":"N.S Carideal","image":{"@type":"ImageObject","inLanguage":"fr-FR","@id":"https:\/\/www.carideal.com\/blog\/#\/schema\/person\/image\/","url":"https:\/\/secure.gravatar.com\/avatar\/edb7ccdf1a4e3d14aef967760d354d0e?s=96&r=g","contentUrl":"https:\/\/secure.gravatar.com\/avatar\/edb7ccdf1a4e3d14aef967760d354d0e?s=96&r=g","caption":"N.S Carideal"},"description":"Depuis tout petit fan d'automobile. Il est question d'essayer et de comparer toutes ces voitures qui nous ont fait r\u00e9ver, avant que celles-ci ne devient uniquement des voitures de collection.","sameAs":["http:\/\/www.carideal.com\/blog","https:\/\/www.facebook.com\/Carideal.mandataire.automobile\/","https:\/\/www.linkedin.com\/in\/nschiavon\/","https:\/\/www.youtube.com\/user\/caridealsas\/"],"url":"https:\/\/www.carideal.com\/blog\/author\/admin_carideal\/"}]}},"uagb_featured_image_src":{"full":false,"thumbnail":false,"medium":false,"medium_large":false,"large":false,"1536x1536":false,"2048x2048":false,"wppr-widget":false},"uagb_author_info":{"display_name":"N.S Carideal","author_link":"https:\/\/www.carideal.com\/blog\/author\/admin_carideal\/"},"uagb_comment_info":0,"uagb_excerpt":"30 peugeot 5008 disponible en stock chez carideal Mandataire automobile Peugeot 5008 Premium hdi 110 \u00e0 partir de 21710 \u20ac \u00c9quipements\u00a0: 5 Places, ABS, Airbags (6), Anti-Brouillards, ASR, Climatisation Automatique, Connexion USB, D\u00e9tecteur de pluie, ESP, Filet de coffre, Frein \u00e0 main \u00e9lectrique, JA'' 16, Miroirs de courtoisie, Ordinateur de Bord, R\u00e9gulateur de vitesse, R\u00e9tros\u2026","_links":{"self":[{"href":"https:\/\/www.carideal.com\/blog\/wp-json\/wp\/v2\/posts\/2050"}],"collection":[{"href":"https:\/\/www.carideal.com\/blog\/wp-json\/wp\/v2\/posts"}],"about":[{"href":"https:\/\/www.carideal.com\/blog\/wp-json\/wp\/v2\/types\/post"}],"author":[{"embeddable":true,"href":"https:\/\/www.carideal.com\/blog\/wp-json\/wp\/v2\/users\/1"}],"replies":[{"embeddable":true,"href":"https:\/\/www.carideal.com\/blog\/wp-json\/wp\/v2\/comments?post=2050"}],"version-history":[{"count":0,"href":"https:\/\/www.carideal.com\/blog\/wp-json\/wp\/v2\/posts\/2050\/revisions"}],"wp:attachment":[{"href":"https:\/\/www.carideal.com\/blog\/wp-json\/wp\/v2\/media?parent=2050"}],"wp:term":[{"taxonomy":"category","embeddable":true,"href":"https:\/\/www.carideal.com\/blog\/wp-json\/wp\/v2\/categories?post=2050"},{"taxonomy":"post_tag","embeddable":true,"href":"https:\/\/www.carideal.com\/blog\/wp-json\/wp\/v2\/tags?post=2050"}],"curies":[{"name":"wp","href":"https:\/\/api.w.org\/{rel}","templated":true}]}}