{"id":20175,"date":"2019-10-25T11:03:45","date_gmt":"2019-10-25T09:03:45","guid":{"rendered":"http:\/\/www.carideal.com\/blog\/?p=20175"},"modified":"2020-01-08T09:10:33","modified_gmt":"2020-01-08T08:10:33","slug":"le-land-rover-defender-svr-sattaquera-a-la-mercedes-amg-g-63-de-500-ch","status":"publish","type":"post","link":"https:\/\/www.carideal.com\/blog\/2019\/10\/25\/le-land-rover-defender-svr-sattaquera-a-la-mercedes-amg-g-63-de-500-ch\/","title":{"rendered":"Le Land Rover Defender SVR s&rsquo;attaquera \u00e0 la Mercedes AMG G 63 de 500 ch"},"content":{"rendered":"<h2>Le nouveau Land Rover Defender SVR s'attaque \u00e0 la Mercedes-AMG G 63 de 500 ch.<\/h2>\n<p>Depuis hier circulent des rumeurs ... Un nouveau <strong>Land Rover Defender SVR<\/strong> serait en pr\u00e9paration !?<\/p>\n<p>Le nouveau Land Rover Defender SVR recevra un V8 BMW de 4,4 litres biturbo de 4,4 litres mais pour le moment sans images nous ne pouvons pas vous donner un aper\u00e7u de ce \u00e0 quoi il pourrait ressembler.<\/p>\n<figure id=\"attachment_20176\" aria-describedby=\"caption-attachment-20176\" style=\"width: 590px\" class=\"wp-caption alignnone\"><img loading=\"lazy\" decoding=\"async\" class=\"size-full wp-image-20176\" src=\"http:\/\/www.carideal.com\/blog\/wp-content\/uploads\/2019\/10\/2020-land-rover-defender-110-e1571992801361.jpg\" alt=\"Le nouveau Land Rover Defender SVR s'attaque \u00e0 la Mercedes-AMG G 63 de 500 ch\" width=\"600\" height=\"400\" \/><figcaption id=\"caption-attachment-20176\" class=\"wp-caption-text\">Le nouveau Land Rover Defender SVR s'attaque \u00e0 la Mercedes-AMG G 63 de 500 ch<\/figcaption><\/figure>\n<p>Le tout <a href=\"http:\/\/www.carideal.com\/blog\/2019\/10\/30\/nouveau-land-rover-defender-2020-reinvente-licone\/\">nouveau Land Rover Defender<\/a> a \u00e9t\u00e9 d\u00e9voil\u00e9 il y a quelques semaines seulement, mais nous subodorons que le constructeur britannique pr\u00e9voit un mod\u00e8le haut de gamme avec un moteur V8 sous son capot. Et il pourrait atterrir dans les concessions dans les 18 prochains mois.<\/p>\n<p>Un prototype en cours d'ex\u00e9cution du <a href=\"http:\/\/www.carideal.com\/blog\/marque-de-voiture-actualites-essais\/land-rover\/defender\/\">Defender<\/a> sportif existe d\u00e9j\u00e0 \u00e0 la base d'ing\u00e9nierie de <a href=\"http:\/\/www.carideal.com\/blog\/marque-de-voiture-actualites-essais\/land-rover\/\">Land Rover<\/a> \u00e0 Gaydon, Warwickshire. La division Special Vehicle Operations (SVO) de JLR est susceptible d'\u00eatre fortement impliqu\u00e9e dans le v\u00e9hicule qui devrait rivaliser avec l'embl\u00e9matique <a href=\"http:\/\/www.carideal.com\/blog\/2013\/10\/10\/mercedes-classe-g-amg-6x6\/\">Mercedes classe G AMG 63<\/a> de 577 ch. On s'attend \u00e0 ce qu'il s'appelle Defender SVR, suivant l'avance des Range Rover Sport SVR et Range Rover SV-Autobiography.<\/p>\n<p>- <a href=\"http:\/\/www.carideal.com\/blog\/2019\/10\/19\/meilleures-voitures-performantes\/\">Meilleures voitures performance en vente<\/a><\/p>\n<p>Sous le capot se trouvera un V8 de BMW, partenaire technique de JLR. Les entreprises ont d\u00e9j\u00e0 confirm\u00e9 qu'elles travailleront ensemble sur les groupes motopropulseurs \u00e9lectriques. Toutefois, il semble qu'un accord ait \u00e9galement \u00e9t\u00e9 conclu pour que le V8 de 4,4 litres de <a href=\"http:\/\/www.carideal.com\/blog\/marque-de-voiture-actualites-essais\/bmw\/\">BMW<\/a> remplace le vieux V8 JLR de <a href=\"http:\/\/www.carideal.com\/blog\/marque-de-voiture-actualites-essais\/ford\/\">Ford<\/a>, qui est actuellement fabriqu\u00e9 dans l'usine Bridgend de Ford, dont la fermeture est pr\u00e9vue en 2020.<\/p>\n<p>Le V8 BMW V8 doit \u00eatre d\u00e9ploy\u00e9 sur l'ensemble de la gamme de produits JLR, et sera \u00e9galement disponible sur les mod\u00e8les <a href=\"http:\/\/www.carideal.com\/blog\/2015\/11\/03\/essai-de-la-jaguar-f-type-coupe-v6-s\/\">Jaguar F-Type<\/a>, <a href=\"http:\/\/www.carideal.com\/blog\/2013\/01\/10\/land-rover-range-rover-44-de-luxe\/\">Range Rover<\/a> et <a href=\"http:\/\/www.carideal.com\/blog\/2013\/11\/01\/land-rover-range-rover-sport-2014\/\">Range Rover Sport<\/a>. Bien que le moteur biturbo produise jusqu'\u00e0 616 ch dans le SUV X5 M et le coup\u00e9 M8 de BMW, le m\u00eame moteur devrait produire environ 500 ch dans le Defender SVR, afin de le maintenir comp\u00e9titif face au Mercedes-AMG G 63. Comme les autres mod\u00e8les de la gamme Defender, il sera \u00e0 quatre roues motrices et utilisera une bo\u00eete automatique \u00e0 huit rapports de s\u00e9rie.<\/p>\n<p>On dit que la toute nouvelle plate-forme en aluminium ultra rigide du Defender facilite grandement le r\u00e9glage du ch\u00e2ssis pour un mod\u00e8le ax\u00e9 sur la performance. La suspension pneumatique de s\u00e9rie est une valeur s\u00fbre pour le plus haut de gamme qui co\u00fbtera probablement bien plus de 120 000 \u20ac. Le nouveau syst\u00e8me Terrain Response 2 comprendra probablement aussi un mode piste, bien que les ing\u00e9nieurs de Land Rover insistent pour que le Defender SVR conserve une grande partie des capacit\u00e9s hors route du mod\u00e8le standard.<\/p>\n<p>Le nouveau Defender se pr\u00eatera sans doute bien \u00e0 une transformation \u00e0 chaud, avec de grandes jantes en alliage de 22 pouces plac\u00e9es sous des passages de roues prolong\u00e9s et des pare-chocs avant et arri\u00e8re profil\u00e9s avec prises d'air \u00e9largies, ce qui donnera l'illusion g\u00e9n\u00e9rale que le Land Rover est plus bas sur la route.<\/p>\n<p>La Defender 90 \u00e0 trois portes, dont le lancement est pr\u00e9vu pour le milieu de l'ann\u00e9e prochaine, se pr\u00eaterait bien au traitement SVR d'un point de vue esth\u00e9tique, mais on s'attend \u00e0 ce que seule le SUV \u00e0 cinq portes 110, plus long, soit lanc\u00e9e avec un moteur V8. Les rivaux des SUV haute performance sont tous des voitures \u00e0 cinq portes, ce qui montre o\u00f9 la demande est la plus forte. De plus, le co\u00fbt suppl\u00e9mentaire des versions 90 et 110 serait prohibitif.<\/p>\n<p>\u00c0 l'int\u00e9rieur, des si\u00e8ges sport en cuir seront install\u00e9s dans l'habitacle du Defender le plus luxueusement am\u00e9nag\u00e9 que nous verrons. La technologie sera mise \u00e0 l'avant-plan, y compris le syst\u00e8me d'infodivertissement Pivo Pro de 10 pouces de Land Rover, le tableau de bord num\u00e9rique de 12,3 pouces, un affichage t\u00eate haute et la vue au sol ClearSight de Land Rover pour montrer ce qui se trouve imm\u00e9diatement devant la voiture.<\/p>\n<p>S'exprimant lors du lancement du Defender en septembre, Gerry McGovern, chef du design de Land Rover, a d\u00e9clar\u00e9 :<\/p>\n<blockquote><p>\"D'un point de vue technologique, nous disons que nous l'avons mis \u00e0 l'\u00e9preuve de l'avenir, alors il a tout ce qu'il faut d'un point de vue technologique pour qu'il puisse continuer longtemps.<\/p><\/blockquote>\n<p>Officiellement, le Defender SVR n'est pas sur le futur plan mod\u00e8le de Land Rover, mais des initi\u00e9s disent que nous pourrions voir la version sportive du Defender vers la fin de 2021.<\/p>\n<p>Cependant, McGovern avait \u00e9galement dit :<\/p>\n<blockquote><p>\"Gr\u00e2ce \u00e0 l'orientation produit[du Defender], \u00e7a nous donne la possibilit\u00e9 de faire plus de versions, et je pense que c'est ce que nous allons faire.\"<\/p><\/blockquote>\n<p>Bon d\u00e8s qu'il arrive on va l'essayer dans la neige et on vous dit quoi !<\/p>\n","protected":false},"excerpt":{"rendered":"<p>Le nouveau Land Rover Defender SVR s&rsquo;attaque \u00e0 la Mercedes-AMG G 63 de 500 ch. Depuis hier circulent des rumeurs &#8230; Un nouveau Land Rover Defender SVR serait en pr\u00e9paration !? Le nouveau Land Rover Defender SVR recevra un V8 BMW de 4,4 litres biturbo de 4,4 litres mais pour le moment sans images nous &#8230; <a title=\"Le Land Rover Defender SVR s&rsquo;attaquera \u00e0 la Mercedes AMG G 63 de 500 ch\" class=\"read-more\" href=\"https:\/\/www.carideal.com\/blog\/2019\/10\/25\/le-land-rover-defender-svr-sattaquera-a-la-mercedes-amg-g-63-de-500-ch\/\" aria-label=\"En savoir plus sur Le Land Rover Defender SVR s&rsquo;attaquera \u00e0 la Mercedes AMG G 63 de 500 ch\">Lire plus<\/a><\/p>\n","protected":false},"author":3,"featured_media":20176,"comment_status":"open","ping_status":"open","sticky":false,"template":"","format":"standard","meta":{"_uag_custom_page_level_css":"","_themeisle_gutenberg_block_has_review":false,"footnotes":""},"categories":[2,6095,17181],"tags":[3120],"class_list":["post-20175","post","type-post","status-publish","format-standard","has-post-thumbnail","hentry","category-4x4-suv","category-land-rover","category-land-rover-defender","tag-rivale-anglaise"],"wppr_data":{"cwp_meta_box_check":"No"},"yoast_head":"<!-- This site is optimized with the Yoast SEO plugin v24.8.1 - https:\/\/yoast.com\/wordpress\/plugins\/seo\/ -->\n<title>Le Land Rover Defender SVR s&#039;attaquera \u00e0 la Mercedes AMG G 63 de 500 ch - Blog auto Carid\u00e9al<\/title>\n<meta name=\"description\" content=\"Le nouveau Land Rover Defender SVR, tr\u00e8s sportif, recevra un V8 bi-turbo de 4,4 litres provenant de BMW et on attend de l&#039;essayer avec h\u00e2te.\" \/>\n<meta name=\"robots\" content=\"index, follow, max-snippet:-1, max-image-preview:large, max-video-preview:-1\" \/>\n<link rel=\"canonical\" href=\"https:\/\/www.carideal.com\/blog\/2019\/10\/25\/le-land-rover-defender-svr-sattaquera-a-la-mercedes-amg-g-63-de-500-ch\/\" \/>\n<meta property=\"og:locale\" content=\"fr_FR\" \/>\n<meta property=\"og:type\" content=\"article\" \/>\n<meta property=\"og:title\" content=\"Le Land Rover Defender SVR s&#039;attaquera \u00e0 la Mercedes AMG G 63 de 500 ch - Blog auto Carid\u00e9al\" \/>\n<meta property=\"og:description\" content=\"Le nouveau Land Rover Defender SVR, tr\u00e8s sportif, recevra un V8 bi-turbo de 4,4 litres provenant de BMW et on attend de l&#039;essayer avec h\u00e2te.\" \/>\n<meta property=\"og:url\" content=\"https:\/\/www.carideal.com\/blog\/2019\/10\/25\/le-land-rover-defender-svr-sattaquera-a-la-mercedes-amg-g-63-de-500-ch\/\" \/>\n<meta property=\"og:site_name\" content=\"Blog auto Carid\u00e9al\" \/>\n<meta property=\"article:publisher\" content=\"https:\/\/www.facebook.com\/Carideal.mandataire.automobile\" \/>\n<meta property=\"article:author\" content=\"https:\/\/www.facebook.com\/nicolas.schiavon.39\" \/>\n<meta property=\"article:published_time\" content=\"2019-10-25T09:03:45+00:00\" \/>\n<meta property=\"article:modified_time\" content=\"2020-01-08T08:10:33+00:00\" \/>\n<meta property=\"og:image\" content=\"https:\/\/www.carideal.com\/blog\/wp-content\/uploads\/2019\/10\/2020-land-rover-defender-110-e1571992801361.jpg\" \/>\n\t<meta property=\"og:image:width\" content=\"600\" \/>\n\t<meta property=\"og:image:height\" content=\"400\" \/>\n\t<meta property=\"og:image:type\" content=\"image\/jpeg\" \/>\n<meta name=\"author\" content=\"Nicolas SCHIAVON\" \/>\n<meta name=\"twitter:card\" content=\"summary_large_image\" \/>\n<meta name=\"twitter:creator\" content=\"@caridealauto\" \/>\n<meta name=\"twitter:site\" content=\"@caridealauto\" \/>\n<meta name=\"twitter:label1\" content=\"\u00c9crit par\" \/>\n\t<meta name=\"twitter:data1\" content=\"Nicolas SCHIAVON\" \/>\n\t<meta name=\"twitter:label2\" content=\"Dur\u00e9e de lecture estim\u00e9e\" \/>\n\t<meta name=\"twitter:data2\" content=\"4 minutes\" \/>\n<script type=\"application\/ld+json\" class=\"yoast-schema-graph\">{\"@context\":\"https:\/\/schema.org\",\"@graph\":[{\"@type\":\"Article\",\"@id\":\"https:\/\/www.carideal.com\/blog\/2019\/10\/25\/le-land-rover-defender-svr-sattaquera-a-la-mercedes-amg-g-63-de-500-ch\/#article\",\"isPartOf\":{\"@id\":\"https:\/\/www.carideal.com\/blog\/2019\/10\/25\/le-land-rover-defender-svr-sattaquera-a-la-mercedes-amg-g-63-de-500-ch\/\"},\"author\":{\"name\":\"Nicolas SCHIAVON\",\"@id\":\"https:\/\/www.carideal.com\/blog\/#\/schema\/person\/cd95dc7919660de90d31b366f85be1ec\"},\"headline\":\"Le Land Rover Defender SVR s&rsquo;attaquera \u00e0 la Mercedes AMG G 63 de 500 ch\",\"datePublished\":\"2019-10-25T09:03:45+00:00\",\"dateModified\":\"2020-01-08T08:10:33+00:00\",\"mainEntityOfPage\":{\"@id\":\"https:\/\/www.carideal.com\/blog\/2019\/10\/25\/le-land-rover-defender-svr-sattaquera-a-la-mercedes-amg-g-63-de-500-ch\/\"},\"wordCount\":823,\"commentCount\":0,\"publisher\":{\"@id\":\"https:\/\/www.carideal.com\/blog\/#organization\"},\"image\":{\"@id\":\"https:\/\/www.carideal.com\/blog\/2019\/10\/25\/le-land-rover-defender-svr-sattaquera-a-la-mercedes-amg-g-63-de-500-ch\/#primaryimage\"},\"thumbnailUrl\":\"https:\/\/www.carideal.com\/blog\/wp-content\/uploads\/2019\/10\/2020-land-rover-defender-110-e1571992801361.jpg\",\"keywords\":[\"Voiture anglaise\"],\"articleSection\":[\"4X4 Actualit\u00e9\",\"Actualit\u00e9 Land Rover\",\"Actualite Land Rover Defender\"],\"inLanguage\":\"fr-FR\",\"potentialAction\":[{\"@type\":\"CommentAction\",\"name\":\"Comment\",\"target\":[\"https:\/\/www.carideal.com\/blog\/2019\/10\/25\/le-land-rover-defender-svr-sattaquera-a-la-mercedes-amg-g-63-de-500-ch\/#respond\"]}]},{\"@type\":\"WebPage\",\"@id\":\"https:\/\/www.carideal.com\/blog\/2019\/10\/25\/le-land-rover-defender-svr-sattaquera-a-la-mercedes-amg-g-63-de-500-ch\/\",\"url\":\"https:\/\/www.carideal.com\/blog\/2019\/10\/25\/le-land-rover-defender-svr-sattaquera-a-la-mercedes-amg-g-63-de-500-ch\/\",\"name\":\"Le Land Rover Defender SVR s'attaquera \u00e0 la Mercedes AMG G 63 de 500 ch - Blog auto Carid\u00e9al\",\"isPartOf\":{\"@id\":\"https:\/\/www.carideal.com\/blog\/#website\"},\"primaryImageOfPage\":{\"@id\":\"https:\/\/www.carideal.com\/blog\/2019\/10\/25\/le-land-rover-defender-svr-sattaquera-a-la-mercedes-amg-g-63-de-500-ch\/#primaryimage\"},\"image\":{\"@id\":\"https:\/\/www.carideal.com\/blog\/2019\/10\/25\/le-land-rover-defender-svr-sattaquera-a-la-mercedes-amg-g-63-de-500-ch\/#primaryimage\"},\"thumbnailUrl\":\"https:\/\/www.carideal.com\/blog\/wp-content\/uploads\/2019\/10\/2020-land-rover-defender-110-e1571992801361.jpg\",\"datePublished\":\"2019-10-25T09:03:45+00:00\",\"dateModified\":\"2020-01-08T08:10:33+00:00\",\"description\":\"Le nouveau Land Rover Defender SVR, tr\u00e8s sportif, recevra un V8 bi-turbo de 4,4 litres provenant de BMW et on attend de l'essayer avec h\u00e2te.\",\"breadcrumb\":{\"@id\":\"https:\/\/www.carideal.com\/blog\/2019\/10\/25\/le-land-rover-defender-svr-sattaquera-a-la-mercedes-amg-g-63-de-500-ch\/#breadcrumb\"},\"inLanguage\":\"fr-FR\",\"potentialAction\":[{\"@type\":\"ReadAction\",\"target\":[\"https:\/\/www.carideal.com\/blog\/2019\/10\/25\/le-land-rover-defender-svr-sattaquera-a-la-mercedes-amg-g-63-de-500-ch\/\"]}]},{\"@type\":\"ImageObject\",\"inLanguage\":\"fr-FR\",\"@id\":\"https:\/\/www.carideal.com\/blog\/2019\/10\/25\/le-land-rover-defender-svr-sattaquera-a-la-mercedes-amg-g-63-de-500-ch\/#primaryimage\",\"url\":\"https:\/\/www.carideal.com\/blog\/wp-content\/uploads\/2019\/10\/2020-land-rover-defender-110-e1571992801361.jpg\",\"contentUrl\":\"https:\/\/www.carideal.com\/blog\/wp-content\/uploads\/2019\/10\/2020-land-rover-defender-110-e1571992801361.jpg\",\"width\":600,\"height\":400,\"caption\":\"Le nouveau Land Rover Defender SVR s'attaque \u00e0 la Mercedes-AMG G 63 de 500 ch\"},{\"@type\":\"BreadcrumbList\",\"@id\":\"https:\/\/www.carideal.com\/blog\/2019\/10\/25\/le-land-rover-defender-svr-sattaquera-a-la-mercedes-amg-g-63-de-500-ch\/#breadcrumb\",\"itemListElement\":[{\"@type\":\"ListItem\",\"position\":1,\"name\":\"Blog Carid\u00e9al\",\"item\":\"https:\/\/www.carideal.com\/blog\/\"},{\"@type\":\"ListItem\",\"position\":2,\"name\":\"Actualit\u00e9 constructeur automobile\",\"item\":\"https:\/\/www.carideal.com\/blog\/constructeur\/\"},{\"@type\":\"ListItem\",\"position\":3,\"name\":\"Actualit\u00e9 Land Rover\",\"item\":\"https:\/\/www.carideal.com\/blog\/constructeur\/land-rover\/\"},{\"@type\":\"ListItem\",\"position\":4,\"name\":\"Actualite Land Rover Defender\",\"item\":\"https:\/\/www.carideal.com\/blog\/constructeur\/land-rover\/land-rover-defender\/\"},{\"@type\":\"ListItem\",\"position\":5,\"name\":\"Le Land Rover Defender SVR s&rsquo;attaquera \u00e0 la Mercedes AMG G 63 de 500 ch\"}]},{\"@type\":\"WebSite\",\"@id\":\"https:\/\/www.carideal.com\/blog\/#website\",\"url\":\"https:\/\/www.carideal.com\/blog\/\",\"name\":\"Blog auto Carid\u00e9al\",\"description\":\"Actualit\u00e9 auto par des passionn\u00e9s\",\"publisher\":{\"@id\":\"https:\/\/www.carideal.com\/blog\/#organization\"},\"potentialAction\":[{\"@type\":\"SearchAction\",\"target\":{\"@type\":\"EntryPoint\",\"urlTemplate\":\"https:\/\/www.carideal.com\/blog\/?s={search_term_string}\"},\"query-input\":{\"@type\":\"PropertyValueSpecification\",\"valueRequired\":true,\"valueName\":\"search_term_string\"}}],\"inLanguage\":\"fr-FR\"},{\"@type\":\"Organization\",\"@id\":\"https:\/\/www.carideal.com\/blog\/#organization\",\"name\":\"Carideal\",\"url\":\"https:\/\/www.carideal.com\/blog\/\",\"logo\":{\"@type\":\"ImageObject\",\"inLanguage\":\"fr-FR\",\"@id\":\"https:\/\/www.carideal.com\/blog\/#\/schema\/logo\/image\/\",\"url\":\"http:\/\/www.carideal.com\/blog\/wp-content\/uploads\/2016\/03\/logo-carideal-mandataire-automobile.png\",\"contentUrl\":\"http:\/\/www.carideal.com\/blog\/wp-content\/uploads\/2016\/03\/logo-carideal-mandataire-automobile.png\",\"width\":300,\"height\":300,\"caption\":\"Carideal\"},\"image\":{\"@id\":\"https:\/\/www.carideal.com\/blog\/#\/schema\/logo\/image\/\"},\"sameAs\":[\"https:\/\/www.facebook.com\/Carideal.mandataire.automobile\",\"https:\/\/x.com\/caridealauto\",\"https:\/\/www.instagram.com\/carideal1\/\",\"https:\/\/www.linkedin.com\/company\/carideal.com\",\"https:\/\/fr.pinterest.com\/schiavonsas\/\",\"https:\/\/www.youtube.com\/user\/caridealsas\"]},{\"@type\":\"Person\",\"@id\":\"https:\/\/www.carideal.com\/blog\/#\/schema\/person\/cd95dc7919660de90d31b366f85be1ec\",\"name\":\"Nicolas SCHIAVON\",\"image\":{\"@type\":\"ImageObject\",\"inLanguage\":\"fr-FR\",\"@id\":\"https:\/\/www.carideal.com\/blog\/#\/schema\/person\/image\/\",\"url\":\"https:\/\/secure.gravatar.com\/avatar\/c17e55009e671d92cc7f5dc837dc418a?s=96&r=g\",\"contentUrl\":\"https:\/\/secure.gravatar.com\/avatar\/c17e55009e671d92cc7f5dc837dc418a?s=96&r=g\",\"caption\":\"Nicolas SCHIAVON\"},\"description\":\"Nicolas Schiavon est tomb\u00e9 tout petit dans la marmite automobile. Ayant eu un garage de marque automobile, mandataire automobile de la premi\u00e8re heure d\u00e8s 1999. Nicolas a cr\u00e9\u00e9 ces premiers sites de vente de voiture et blog automobile d\u00e8s 1994. Carideal est n\u00e9 le 15 d\u00e9cembre 2000 de la volont\u00e9 de vendre des voitures d'occasions en ligne puis des voitures neuves. Il a pu essayer beaucoup de voitures tr\u00e8s diff\u00e9rentes et ayant eu personnellement quelques belles autos, Subaru Impreza, Mitsubishi Lancer Evo 7, Porsche 911, Ferrari Testarrossa, Audi RS3, RS4 et j'en passe...\",\"sameAs\":[\"http:\/\/www.carideal.com\",\"https:\/\/www.facebook.com\/nicolas.schiavon.39\",\"https:\/\/www.instagram.com\/carideal1\/\",\"https:\/\/www.linkedin.com\/in\/nschiavon\/\",\"https:\/\/x.com\/caridealauto\",\"https:\/\/www.youtube.com\/user\/caridealsas\/\"],\"url\":\"https:\/\/www.carideal.com\/blog\/author\/nschiavon\/\"}]}<\/script>\n<!-- \/ Yoast SEO plugin. -->","yoast_head_json":{"title":"Le Land Rover Defender SVR s'attaquera \u00e0 la Mercedes AMG G 63 de 500 ch - Blog auto Carid\u00e9al","description":"Le nouveau Land Rover Defender SVR, tr\u00e8s sportif, recevra un V8 bi-turbo de 4,4 litres provenant de BMW et on attend de l'essayer avec h\u00e2te.","robots":{"index":"index","follow":"follow","max-snippet":"max-snippet:-1","max-image-preview":"max-image-preview:large","max-video-preview":"max-video-preview:-1"},"canonical":"https:\/\/www.carideal.com\/blog\/2019\/10\/25\/le-land-rover-defender-svr-sattaquera-a-la-mercedes-amg-g-63-de-500-ch\/","og_locale":"fr_FR","og_type":"article","og_title":"Le Land Rover Defender SVR s'attaquera \u00e0 la Mercedes AMG G 63 de 500 ch - Blog auto Carid\u00e9al","og_description":"Le nouveau Land Rover Defender SVR, tr\u00e8s sportif, recevra un V8 bi-turbo de 4,4 litres provenant de BMW et on attend de l'essayer avec h\u00e2te.","og_url":"https:\/\/www.carideal.com\/blog\/2019\/10\/25\/le-land-rover-defender-svr-sattaquera-a-la-mercedes-amg-g-63-de-500-ch\/","og_site_name":"Blog auto Carid\u00e9al","article_publisher":"https:\/\/www.facebook.com\/Carideal.mandataire.automobile","article_author":"https:\/\/www.facebook.com\/nicolas.schiavon.39","article_published_time":"2019-10-25T09:03:45+00:00","article_modified_time":"2020-01-08T08:10:33+00:00","og_image":[{"width":600,"height":400,"url":"https:\/\/www.carideal.com\/blog\/wp-content\/uploads\/2019\/10\/2020-land-rover-defender-110-e1571992801361.jpg","type":"image\/jpeg"}],"author":"Nicolas SCHIAVON","twitter_card":"summary_large_image","twitter_creator":"@caridealauto","twitter_site":"@caridealauto","twitter_misc":{"\u00c9crit par":"Nicolas SCHIAVON","Dur\u00e9e de lecture estim\u00e9e":"4 minutes"},"schema":{"@context":"https:\/\/schema.org","@graph":[{"@type":"Article","@id":"https:\/\/www.carideal.com\/blog\/2019\/10\/25\/le-land-rover-defender-svr-sattaquera-a-la-mercedes-amg-g-63-de-500-ch\/#article","isPartOf":{"@id":"https:\/\/www.carideal.com\/blog\/2019\/10\/25\/le-land-rover-defender-svr-sattaquera-a-la-mercedes-amg-g-63-de-500-ch\/"},"author":{"name":"Nicolas SCHIAVON","@id":"https:\/\/www.carideal.com\/blog\/#\/schema\/person\/cd95dc7919660de90d31b366f85be1ec"},"headline":"Le Land Rover Defender SVR s&rsquo;attaquera \u00e0 la Mercedes AMG G 63 de 500 ch","datePublished":"2019-10-25T09:03:45+00:00","dateModified":"2020-01-08T08:10:33+00:00","mainEntityOfPage":{"@id":"https:\/\/www.carideal.com\/blog\/2019\/10\/25\/le-land-rover-defender-svr-sattaquera-a-la-mercedes-amg-g-63-de-500-ch\/"},"wordCount":823,"commentCount":0,"publisher":{"@id":"https:\/\/www.carideal.com\/blog\/#organization"},"image":{"@id":"https:\/\/www.carideal.com\/blog\/2019\/10\/25\/le-land-rover-defender-svr-sattaquera-a-la-mercedes-amg-g-63-de-500-ch\/#primaryimage"},"thumbnailUrl":"https:\/\/www.carideal.com\/blog\/wp-content\/uploads\/2019\/10\/2020-land-rover-defender-110-e1571992801361.jpg","keywords":["Voiture anglaise"],"articleSection":["4X4 Actualit\u00e9","Actualit\u00e9 Land Rover","Actualite Land Rover Defender"],"inLanguage":"fr-FR","potentialAction":[{"@type":"CommentAction","name":"Comment","target":["https:\/\/www.carideal.com\/blog\/2019\/10\/25\/le-land-rover-defender-svr-sattaquera-a-la-mercedes-amg-g-63-de-500-ch\/#respond"]}]},{"@type":"WebPage","@id":"https:\/\/www.carideal.com\/blog\/2019\/10\/25\/le-land-rover-defender-svr-sattaquera-a-la-mercedes-amg-g-63-de-500-ch\/","url":"https:\/\/www.carideal.com\/blog\/2019\/10\/25\/le-land-rover-defender-svr-sattaquera-a-la-mercedes-amg-g-63-de-500-ch\/","name":"Le Land Rover Defender SVR s'attaquera \u00e0 la Mercedes AMG G 63 de 500 ch - Blog auto Carid\u00e9al","isPartOf":{"@id":"https:\/\/www.carideal.com\/blog\/#website"},"primaryImageOfPage":{"@id":"https:\/\/www.carideal.com\/blog\/2019\/10\/25\/le-land-rover-defender-svr-sattaquera-a-la-mercedes-amg-g-63-de-500-ch\/#primaryimage"},"image":{"@id":"https:\/\/www.carideal.com\/blog\/2019\/10\/25\/le-land-rover-defender-svr-sattaquera-a-la-mercedes-amg-g-63-de-500-ch\/#primaryimage"},"thumbnailUrl":"https:\/\/www.carideal.com\/blog\/wp-content\/uploads\/2019\/10\/2020-land-rover-defender-110-e1571992801361.jpg","datePublished":"2019-10-25T09:03:45+00:00","dateModified":"2020-01-08T08:10:33+00:00","description":"Le nouveau Land Rover Defender SVR, tr\u00e8s sportif, recevra un V8 bi-turbo de 4,4 litres provenant de BMW et on attend de l'essayer avec h\u00e2te.","breadcrumb":{"@id":"https:\/\/www.carideal.com\/blog\/2019\/10\/25\/le-land-rover-defender-svr-sattaquera-a-la-mercedes-amg-g-63-de-500-ch\/#breadcrumb"},"inLanguage":"fr-FR","potentialAction":[{"@type":"ReadAction","target":["https:\/\/www.carideal.com\/blog\/2019\/10\/25\/le-land-rover-defender-svr-sattaquera-a-la-mercedes-amg-g-63-de-500-ch\/"]}]},{"@type":"ImageObject","inLanguage":"fr-FR","@id":"https:\/\/www.carideal.com\/blog\/2019\/10\/25\/le-land-rover-defender-svr-sattaquera-a-la-mercedes-amg-g-63-de-500-ch\/#primaryimage","url":"https:\/\/www.carideal.com\/blog\/wp-content\/uploads\/2019\/10\/2020-land-rover-defender-110-e1571992801361.jpg","contentUrl":"https:\/\/www.carideal.com\/blog\/wp-content\/uploads\/2019\/10\/2020-land-rover-defender-110-e1571992801361.jpg","width":600,"height":400,"caption":"Le nouveau Land Rover Defender SVR s'attaque \u00e0 la Mercedes-AMG G 63 de 500 ch"},{"@type":"BreadcrumbList","@id":"https:\/\/www.carideal.com\/blog\/2019\/10\/25\/le-land-rover-defender-svr-sattaquera-a-la-mercedes-amg-g-63-de-500-ch\/#breadcrumb","itemListElement":[{"@type":"ListItem","position":1,"name":"Blog Carid\u00e9al","item":"https:\/\/www.carideal.com\/blog\/"},{"@type":"ListItem","position":2,"name":"Actualit\u00e9 constructeur automobile","item":"https:\/\/www.carideal.com\/blog\/constructeur\/"},{"@type":"ListItem","position":3,"name":"Actualit\u00e9 Land Rover","item":"https:\/\/www.carideal.com\/blog\/constructeur\/land-rover\/"},{"@type":"ListItem","position":4,"name":"Actualite Land Rover Defender","item":"https:\/\/www.carideal.com\/blog\/constructeur\/land-rover\/land-rover-defender\/"},{"@type":"ListItem","position":5,"name":"Le Land Rover Defender SVR s&rsquo;attaquera \u00e0 la Mercedes AMG G 63 de 500 ch"}]},{"@type":"WebSite","@id":"https:\/\/www.carideal.com\/blog\/#website","url":"https:\/\/www.carideal.com\/blog\/","name":"Blog auto Carid\u00e9al","description":"Actualit\u00e9 auto par des passionn\u00e9s","publisher":{"@id":"https:\/\/www.carideal.com\/blog\/#organization"},"potentialAction":[{"@type":"SearchAction","target":{"@type":"EntryPoint","urlTemplate":"https:\/\/www.carideal.com\/blog\/?s={search_term_string}"},"query-input":{"@type":"PropertyValueSpecification","valueRequired":true,"valueName":"search_term_string"}}],"inLanguage":"fr-FR"},{"@type":"Organization","@id":"https:\/\/www.carideal.com\/blog\/#organization","name":"Carideal","url":"https:\/\/www.carideal.com\/blog\/","logo":{"@type":"ImageObject","inLanguage":"fr-FR","@id":"https:\/\/www.carideal.com\/blog\/#\/schema\/logo\/image\/","url":"http:\/\/www.carideal.com\/blog\/wp-content\/uploads\/2016\/03\/logo-carideal-mandataire-automobile.png","contentUrl":"http:\/\/www.carideal.com\/blog\/wp-content\/uploads\/2016\/03\/logo-carideal-mandataire-automobile.png","width":300,"height":300,"caption":"Carideal"},"image":{"@id":"https:\/\/www.carideal.com\/blog\/#\/schema\/logo\/image\/"},"sameAs":["https:\/\/www.facebook.com\/Carideal.mandataire.automobile","https:\/\/x.com\/caridealauto","https:\/\/www.instagram.com\/carideal1\/","https:\/\/www.linkedin.com\/company\/carideal.com","https:\/\/fr.pinterest.com\/schiavonsas\/","https:\/\/www.youtube.com\/user\/caridealsas"]},{"@type":"Person","@id":"https:\/\/www.carideal.com\/blog\/#\/schema\/person\/cd95dc7919660de90d31b366f85be1ec","name":"Nicolas SCHIAVON","image":{"@type":"ImageObject","inLanguage":"fr-FR","@id":"https:\/\/www.carideal.com\/blog\/#\/schema\/person\/image\/","url":"https:\/\/secure.gravatar.com\/avatar\/c17e55009e671d92cc7f5dc837dc418a?s=96&r=g","contentUrl":"https:\/\/secure.gravatar.com\/avatar\/c17e55009e671d92cc7f5dc837dc418a?s=96&r=g","caption":"Nicolas SCHIAVON"},"description":"Nicolas Schiavon est tomb\u00e9 tout petit dans la marmite automobile. Ayant eu un garage de marque automobile, mandataire automobile de la premi\u00e8re heure d\u00e8s 1999. Nicolas a cr\u00e9\u00e9 ces premiers sites de vente de voiture et blog automobile d\u00e8s 1994. Carideal est n\u00e9 le 15 d\u00e9cembre 2000 de la volont\u00e9 de vendre des voitures d'occasions en ligne puis des voitures neuves. Il a pu essayer beaucoup de voitures tr\u00e8s diff\u00e9rentes et ayant eu personnellement quelques belles autos, Subaru Impreza, Mitsubishi Lancer Evo 7, Porsche 911, Ferrari Testarrossa, Audi RS3, RS4 et j'en passe...","sameAs":["http:\/\/www.carideal.com","https:\/\/www.facebook.com\/nicolas.schiavon.39","https:\/\/www.instagram.com\/carideal1\/","https:\/\/www.linkedin.com\/in\/nschiavon\/","https:\/\/x.com\/caridealauto","https:\/\/www.youtube.com\/user\/caridealsas\/"],"url":"https:\/\/www.carideal.com\/blog\/author\/nschiavon\/"}]}},"uagb_featured_image_src":{"full":["https:\/\/www.carideal.com\/blog\/wp-content\/uploads\/2019\/10\/2020-land-rover-defender-110-e1571992801361.jpg",600,400,false],"thumbnail":["https:\/\/www.carideal.com\/blog\/wp-content\/uploads\/2019\/10\/2020-land-rover-defender-110-150x150.jpg",150,150,true],"medium":["https:\/\/www.carideal.com\/blog\/wp-content\/uploads\/2019\/10\/2020-land-rover-defender-110-300x200.jpg",300,200,true],"medium_large":["https:\/\/www.carideal.com\/blog\/wp-content\/uploads\/2019\/10\/2020-land-rover-defender-110-e1571992801361.jpg",600,400,false],"large":["https:\/\/www.carideal.com\/blog\/wp-content\/uploads\/2019\/10\/2020-land-rover-defender-110-e1571992801361.jpg",600,400,false],"1536x1536":["https:\/\/www.carideal.com\/blog\/wp-content\/uploads\/2019\/10\/2020-land-rover-defender-110-e1571992801361.jpg",600,400,false],"2048x2048":["https:\/\/www.carideal.com\/blog\/wp-content\/uploads\/2019\/10\/2020-land-rover-defender-110-e1571992801361.jpg",600,400,false],"wppr-widget":["https:\/\/www.carideal.com\/blog\/wp-content\/uploads\/2019\/10\/2020-land-rover-defender-110-50x33.jpg",50,33,true]},"uagb_author_info":{"display_name":"Nicolas SCHIAVON","author_link":"https:\/\/www.carideal.com\/blog\/author\/nschiavon\/"},"uagb_comment_info":0,"uagb_excerpt":"Le nouveau Land Rover Defender SVR s'attaque \u00e0 la Mercedes-AMG G 63 de 500 ch. Depuis hier circulent des rumeurs ... Un nouveau Land Rover Defender SVR serait en pr\u00e9paration !? Le nouveau Land Rover Defender SVR recevra un V8 BMW de 4,4 litres biturbo de 4,4 litres mais pour le moment sans images nous\u2026","_links":{"self":[{"href":"https:\/\/www.carideal.com\/blog\/wp-json\/wp\/v2\/posts\/20175"}],"collection":[{"href":"https:\/\/www.carideal.com\/blog\/wp-json\/wp\/v2\/posts"}],"about":[{"href":"https:\/\/www.carideal.com\/blog\/wp-json\/wp\/v2\/types\/post"}],"author":[{"embeddable":true,"href":"https:\/\/www.carideal.com\/blog\/wp-json\/wp\/v2\/users\/3"}],"replies":[{"embeddable":true,"href":"https:\/\/www.carideal.com\/blog\/wp-json\/wp\/v2\/comments?post=20175"}],"version-history":[{"count":0,"href":"https:\/\/www.carideal.com\/blog\/wp-json\/wp\/v2\/posts\/20175\/revisions"}],"wp:featuredmedia":[{"embeddable":true,"href":"https:\/\/www.carideal.com\/blog\/wp-json\/wp\/v2\/media\/20176"}],"wp:attachment":[{"href":"https:\/\/www.carideal.com\/blog\/wp-json\/wp\/v2\/media?parent=20175"}],"wp:term":[{"taxonomy":"category","embeddable":true,"href":"https:\/\/www.carideal.com\/blog\/wp-json\/wp\/v2\/categories?post=20175"},{"taxonomy":"post_tag","embeddable":true,"href":"https:\/\/www.carideal.com\/blog\/wp-json\/wp\/v2\/tags?post=20175"}],"curies":[{"name":"wp","href":"https:\/\/api.w.org\/{rel}","templated":true}]}}