{"id":199,"date":"2011-02-14T11:04:00","date_gmt":"2011-02-14T11:04:00","guid":{"rendered":"http:\/\/carideal.com\/blog\/?p=199"},"modified":"2020-03-07T16:45:30","modified_gmt":"2020-03-07T15:45:30","slug":"toyota-prius-v-c-hybride-un-bebe-prius","status":"publish","type":"post","link":"https:\/\/www.carideal.com\/blog\/2011\/02\/14\/toyota-prius-v-c-hybride-un-bebe-prius\/","title":{"rendered":"Toyota Prius V C hybride un Bebe Prius ?"},"content":{"rendered":"<p><img decoding=\"async\" src=\"\/blog\/public\/.Toyota_Prius-C_achat_carideal_mandataire_m.jpg\" alt=\"Le b\u00e9b\u00e9 Prius de toyota la C hybride\" title=\"Le b\u00e9b\u00e9 Prius de toyota la C hybride, f\u00e9v. 2011\" \/><\/p>\n<blockquote>\n<p>Toyota vise la voiture de ville<\/p>\n<\/blockquote>\n<p>Toyota d\u00e9voile \u00e9galement une Prius courte taill\u00e9e pour la ville la <a href=\"\/blog\/index.php?tag\/Prius%20C\">Prius C<\/a>. Il s'agit d'un concept encore loin de la version de s\u00e9rie, qui arrivera en concession au premier semestre 2012, et dont la plastique, devrait \u00eatre plus conformiste que celle du prototype d\u00e9voil\u00e9 \u00e0 Detroit. sur le plan technique, aucune information n'a filtr\u00e9 pour l'instant, le prototype \u00e9tait lui m\u00eame non roulant. Une arriv\u00e9e pr\u00e9cipit\u00e9e pour redonner confiance aux acheteurs ?<\/p>\n<p>\/Toyota Prius V<br \/>\n<a href=\"\/blog\/index.php?post\/2011\/01\/22\/Les-Toyota-de-2011\">\/ Les toyota de 2011<\/a><\/p>\n","protected":false},"excerpt":{"rendered":"<p>Toyota vise la voiture de ville Toyota d\u00e9voile \u00e9galement une Prius courte taill\u00e9e pour la ville la Prius C. Il s&rsquo;agit d&rsquo;un concept encore loin de la version de s\u00e9rie, qui arrivera en concession au premier semestre 2012, et dont la plastique, devrait \u00eatre plus conformiste que celle du prototype d\u00e9voil\u00e9 \u00e0 Detroit. sur le &#8230; <a title=\"Toyota Prius V C hybride un Bebe Prius ?\" class=\"read-more\" href=\"https:\/\/www.carideal.com\/blog\/2011\/02\/14\/toyota-prius-v-c-hybride-un-bebe-prius\/\" aria-label=\"En savoir plus sur Toyota Prius V C hybride un Bebe Prius ?\">Lire plus<\/a><\/p>\n","protected":false},"author":1,"featured_media":0,"comment_status":"open","ping_status":"open","sticky":false,"template":"","format":"standard","meta":{"_uag_custom_page_level_css":"","_themeisle_gutenberg_block_has_review":false,"footnotes":""},"categories":[6],"tags":[],"class_list":["post-199","post","type-post","status-publish","format-standard","hentry","category-ecologie"],"wppr_data":[],"yoast_head":"<!-- This site is optimized with the Yoast SEO plugin v24.8.1 - https:\/\/yoast.com\/wordpress\/plugins\/seo\/ -->\n<title>Toyota Prius V C hybride un Bebe Prius ? - Blog auto Carid\u00e9al<\/title>\n<meta name=\"robots\" content=\"index, follow, max-snippet:-1, max-image-preview:large, max-video-preview:-1\" \/>\n<link rel=\"canonical\" href=\"https:\/\/www.carideal.com\/blog\/2011\/02\/14\/toyota-prius-v-c-hybride-un-bebe-prius\/\" \/>\n<meta property=\"og:locale\" content=\"fr_FR\" \/>\n<meta property=\"og:type\" content=\"article\" \/>\n<meta property=\"og:title\" content=\"Toyota Prius V C hybride un Bebe Prius ? - Blog auto Carid\u00e9al\" \/>\n<meta property=\"og:description\" content=\"Toyota vise la voiture de ville Toyota d\u00e9voile \u00e9galement une Prius courte taill\u00e9e pour la ville la Prius C. Il s&#039;agit d&#039;un concept encore loin de la version de s\u00e9rie, qui arrivera en concession au premier semestre 2012, et dont la plastique, devrait \u00eatre plus conformiste que celle du prototype d\u00e9voil\u00e9 \u00e0 Detroit. sur le ... Lire plus\" \/>\n<meta property=\"og:url\" content=\"https:\/\/www.carideal.com\/blog\/2011\/02\/14\/toyota-prius-v-c-hybride-un-bebe-prius\/\" \/>\n<meta property=\"og:site_name\" content=\"Blog auto Carid\u00e9al\" \/>\n<meta property=\"article:publisher\" content=\"https:\/\/www.facebook.com\/Carideal.mandataire.automobile\" \/>\n<meta property=\"article:author\" content=\"https:\/\/www.facebook.com\/Carideal.mandataire.automobile\/\" \/>\n<meta property=\"article:published_time\" content=\"2011-02-14T11:04:00+00:00\" \/>\n<meta property=\"article:modified_time\" content=\"2020-03-07T15:45:30+00:00\" \/>\n<meta property=\"og:image\" content=\"https:\/\/www.carideal.com\/blog\/wp-content\/uploads\/2016\/03\/logo-carideal-mandataire-automobile.png\" \/>\n\t<meta property=\"og:image:width\" content=\"300\" \/>\n\t<meta property=\"og:image:height\" content=\"300\" \/>\n\t<meta property=\"og:image:type\" content=\"image\/png\" \/>\n<meta name=\"author\" content=\"N.S Carideal\" \/>\n<meta name=\"twitter:card\" content=\"summary_large_image\" \/>\n<meta name=\"twitter:creator\" content=\"@caridealauto\" \/>\n<meta name=\"twitter:site\" content=\"@caridealauto\" \/>\n<meta name=\"twitter:label1\" content=\"\u00c9crit par\" \/>\n\t<meta name=\"twitter:data1\" content=\"N.S Carideal\" \/>\n<script type=\"application\/ld+json\" class=\"yoast-schema-graph\">{\"@context\":\"https:\/\/schema.org\",\"@graph\":[{\"@type\":\"Article\",\"@id\":\"https:\/\/www.carideal.com\/blog\/2011\/02\/14\/toyota-prius-v-c-hybride-un-bebe-prius\/#article\",\"isPartOf\":{\"@id\":\"https:\/\/www.carideal.com\/blog\/2011\/02\/14\/toyota-prius-v-c-hybride-un-bebe-prius\/\"},\"author\":{\"name\":\"N.S Carideal\",\"@id\":\"https:\/\/www.carideal.com\/blog\/#\/schema\/person\/985c7e757d1042d647f21bfaf8d41ebc\"},\"headline\":\"Toyota Prius V C hybride un Bebe Prius ?\",\"datePublished\":\"2011-02-14T11:04:00+00:00\",\"dateModified\":\"2020-03-07T15:45:30+00:00\",\"mainEntityOfPage\":{\"@id\":\"https:\/\/www.carideal.com\/blog\/2011\/02\/14\/toyota-prius-v-c-hybride-un-bebe-prius\/\"},\"wordCount\":98,\"commentCount\":0,\"publisher\":{\"@id\":\"https:\/\/www.carideal.com\/blog\/#organization\"},\"articleSection\":[\"Ecologie\"],\"inLanguage\":\"fr-FR\",\"potentialAction\":[{\"@type\":\"CommentAction\",\"name\":\"Comment\",\"target\":[\"https:\/\/www.carideal.com\/blog\/2011\/02\/14\/toyota-prius-v-c-hybride-un-bebe-prius\/#respond\"]}]},{\"@type\":\"WebPage\",\"@id\":\"https:\/\/www.carideal.com\/blog\/2011\/02\/14\/toyota-prius-v-c-hybride-un-bebe-prius\/\",\"url\":\"https:\/\/www.carideal.com\/blog\/2011\/02\/14\/toyota-prius-v-c-hybride-un-bebe-prius\/\",\"name\":\"Toyota Prius V C hybride un Bebe Prius ? - Blog auto Carid\u00e9al\",\"isPartOf\":{\"@id\":\"https:\/\/www.carideal.com\/blog\/#website\"},\"datePublished\":\"2011-02-14T11:04:00+00:00\",\"dateModified\":\"2020-03-07T15:45:30+00:00\",\"breadcrumb\":{\"@id\":\"https:\/\/www.carideal.com\/blog\/2011\/02\/14\/toyota-prius-v-c-hybride-un-bebe-prius\/#breadcrumb\"},\"inLanguage\":\"fr-FR\",\"potentialAction\":[{\"@type\":\"ReadAction\",\"target\":[\"https:\/\/www.carideal.com\/blog\/2011\/02\/14\/toyota-prius-v-c-hybride-un-bebe-prius\/\"]}]},{\"@type\":\"BreadcrumbList\",\"@id\":\"https:\/\/www.carideal.com\/blog\/2011\/02\/14\/toyota-prius-v-c-hybride-un-bebe-prius\/#breadcrumb\",\"itemListElement\":[{\"@type\":\"ListItem\",\"position\":1,\"name\":\"Blog Carid\u00e9al\",\"item\":\"https:\/\/www.carideal.com\/blog\/\"},{\"@type\":\"ListItem\",\"position\":2,\"name\":\"Ecologie\",\"item\":\"https:\/\/www.carideal.com\/blog\/ecologie\/\"},{\"@type\":\"ListItem\",\"position\":3,\"name\":\"Toyota Prius V C hybride un Bebe Prius ?\"}]},{\"@type\":\"WebSite\",\"@id\":\"https:\/\/www.carideal.com\/blog\/#website\",\"url\":\"https:\/\/www.carideal.com\/blog\/\",\"name\":\"Blog auto Carid\u00e9al\",\"description\":\"Actualit\u00e9 auto par des passionn\u00e9s\",\"publisher\":{\"@id\":\"https:\/\/www.carideal.com\/blog\/#organization\"},\"potentialAction\":[{\"@type\":\"SearchAction\",\"target\":{\"@type\":\"EntryPoint\",\"urlTemplate\":\"https:\/\/www.carideal.com\/blog\/?s={search_term_string}\"},\"query-input\":{\"@type\":\"PropertyValueSpecification\",\"valueRequired\":true,\"valueName\":\"search_term_string\"}}],\"inLanguage\":\"fr-FR\"},{\"@type\":\"Organization\",\"@id\":\"https:\/\/www.carideal.com\/blog\/#organization\",\"name\":\"Carideal\",\"url\":\"https:\/\/www.carideal.com\/blog\/\",\"logo\":{\"@type\":\"ImageObject\",\"inLanguage\":\"fr-FR\",\"@id\":\"https:\/\/www.carideal.com\/blog\/#\/schema\/logo\/image\/\",\"url\":\"http:\/\/www.carideal.com\/blog\/wp-content\/uploads\/2016\/03\/logo-carideal-mandataire-automobile.png\",\"contentUrl\":\"http:\/\/www.carideal.com\/blog\/wp-content\/uploads\/2016\/03\/logo-carideal-mandataire-automobile.png\",\"width\":300,\"height\":300,\"caption\":\"Carideal\"},\"image\":{\"@id\":\"https:\/\/www.carideal.com\/blog\/#\/schema\/logo\/image\/\"},\"sameAs\":[\"https:\/\/www.facebook.com\/Carideal.mandataire.automobile\",\"https:\/\/x.com\/caridealauto\",\"https:\/\/www.instagram.com\/carideal1\/\",\"https:\/\/www.linkedin.com\/company\/carideal.com\",\"https:\/\/fr.pinterest.com\/schiavonsas\/\",\"https:\/\/www.youtube.com\/user\/caridealsas\"]},{\"@type\":\"Person\",\"@id\":\"https:\/\/www.carideal.com\/blog\/#\/schema\/person\/985c7e757d1042d647f21bfaf8d41ebc\",\"name\":\"N.S Carideal\",\"image\":{\"@type\":\"ImageObject\",\"inLanguage\":\"fr-FR\",\"@id\":\"https:\/\/www.carideal.com\/blog\/#\/schema\/person\/image\/\",\"url\":\"https:\/\/secure.gravatar.com\/avatar\/edb7ccdf1a4e3d14aef967760d354d0e?s=96&r=g\",\"contentUrl\":\"https:\/\/secure.gravatar.com\/avatar\/edb7ccdf1a4e3d14aef967760d354d0e?s=96&r=g\",\"caption\":\"N.S Carideal\"},\"description\":\"Depuis tout petit fan d'automobile. Il est question d'essayer et de comparer toutes ces voitures qui nous ont fait r\u00e9ver, avant que celles-ci ne devient uniquement des voitures de collection.\",\"sameAs\":[\"http:\/\/www.carideal.com\/blog\",\"https:\/\/www.facebook.com\/Carideal.mandataire.automobile\/\",\"https:\/\/www.linkedin.com\/in\/nschiavon\/\",\"https:\/\/www.youtube.com\/user\/caridealsas\/\"],\"url\":\"https:\/\/www.carideal.com\/blog\/author\/admin_carideal\/\"}]}<\/script>\n<!-- \/ Yoast SEO plugin. -->","yoast_head_json":{"title":"Toyota Prius V C hybride un Bebe Prius ? - Blog auto Carid\u00e9al","robots":{"index":"index","follow":"follow","max-snippet":"max-snippet:-1","max-image-preview":"max-image-preview:large","max-video-preview":"max-video-preview:-1"},"canonical":"https:\/\/www.carideal.com\/blog\/2011\/02\/14\/toyota-prius-v-c-hybride-un-bebe-prius\/","og_locale":"fr_FR","og_type":"article","og_title":"Toyota Prius V C hybride un Bebe Prius ? - Blog auto Carid\u00e9al","og_description":"Toyota vise la voiture de ville Toyota d\u00e9voile \u00e9galement une Prius courte taill\u00e9e pour la ville la Prius C. Il s'agit d'un concept encore loin de la version de s\u00e9rie, qui arrivera en concession au premier semestre 2012, et dont la plastique, devrait \u00eatre plus conformiste que celle du prototype d\u00e9voil\u00e9 \u00e0 Detroit. sur le ... Lire plus","og_url":"https:\/\/www.carideal.com\/blog\/2011\/02\/14\/toyota-prius-v-c-hybride-un-bebe-prius\/","og_site_name":"Blog auto Carid\u00e9al","article_publisher":"https:\/\/www.facebook.com\/Carideal.mandataire.automobile","article_author":"https:\/\/www.facebook.com\/Carideal.mandataire.automobile\/","article_published_time":"2011-02-14T11:04:00+00:00","article_modified_time":"2020-03-07T15:45:30+00:00","og_image":[{"width":300,"height":300,"url":"https:\/\/www.carideal.com\/blog\/wp-content\/uploads\/2016\/03\/logo-carideal-mandataire-automobile.png","type":"image\/png"}],"author":"N.S Carideal","twitter_card":"summary_large_image","twitter_creator":"@caridealauto","twitter_site":"@caridealauto","twitter_misc":{"\u00c9crit par":"N.S Carideal"},"schema":{"@context":"https:\/\/schema.org","@graph":[{"@type":"Article","@id":"https:\/\/www.carideal.com\/blog\/2011\/02\/14\/toyota-prius-v-c-hybride-un-bebe-prius\/#article","isPartOf":{"@id":"https:\/\/www.carideal.com\/blog\/2011\/02\/14\/toyota-prius-v-c-hybride-un-bebe-prius\/"},"author":{"name":"N.S Carideal","@id":"https:\/\/www.carideal.com\/blog\/#\/schema\/person\/985c7e757d1042d647f21bfaf8d41ebc"},"headline":"Toyota Prius V C hybride un Bebe Prius ?","datePublished":"2011-02-14T11:04:00+00:00","dateModified":"2020-03-07T15:45:30+00:00","mainEntityOfPage":{"@id":"https:\/\/www.carideal.com\/blog\/2011\/02\/14\/toyota-prius-v-c-hybride-un-bebe-prius\/"},"wordCount":98,"commentCount":0,"publisher":{"@id":"https:\/\/www.carideal.com\/blog\/#organization"},"articleSection":["Ecologie"],"inLanguage":"fr-FR","potentialAction":[{"@type":"CommentAction","name":"Comment","target":["https:\/\/www.carideal.com\/blog\/2011\/02\/14\/toyota-prius-v-c-hybride-un-bebe-prius\/#respond"]}]},{"@type":"WebPage","@id":"https:\/\/www.carideal.com\/blog\/2011\/02\/14\/toyota-prius-v-c-hybride-un-bebe-prius\/","url":"https:\/\/www.carideal.com\/blog\/2011\/02\/14\/toyota-prius-v-c-hybride-un-bebe-prius\/","name":"Toyota Prius V C hybride un Bebe Prius ? - Blog auto Carid\u00e9al","isPartOf":{"@id":"https:\/\/www.carideal.com\/blog\/#website"},"datePublished":"2011-02-14T11:04:00+00:00","dateModified":"2020-03-07T15:45:30+00:00","breadcrumb":{"@id":"https:\/\/www.carideal.com\/blog\/2011\/02\/14\/toyota-prius-v-c-hybride-un-bebe-prius\/#breadcrumb"},"inLanguage":"fr-FR","potentialAction":[{"@type":"ReadAction","target":["https:\/\/www.carideal.com\/blog\/2011\/02\/14\/toyota-prius-v-c-hybride-un-bebe-prius\/"]}]},{"@type":"BreadcrumbList","@id":"https:\/\/www.carideal.com\/blog\/2011\/02\/14\/toyota-prius-v-c-hybride-un-bebe-prius\/#breadcrumb","itemListElement":[{"@type":"ListItem","position":1,"name":"Blog Carid\u00e9al","item":"https:\/\/www.carideal.com\/blog\/"},{"@type":"ListItem","position":2,"name":"Ecologie","item":"https:\/\/www.carideal.com\/blog\/ecologie\/"},{"@type":"ListItem","position":3,"name":"Toyota Prius V C hybride un Bebe Prius ?"}]},{"@type":"WebSite","@id":"https:\/\/www.carideal.com\/blog\/#website","url":"https:\/\/www.carideal.com\/blog\/","name":"Blog auto Carid\u00e9al","description":"Actualit\u00e9 auto par des passionn\u00e9s","publisher":{"@id":"https:\/\/www.carideal.com\/blog\/#organization"},"potentialAction":[{"@type":"SearchAction","target":{"@type":"EntryPoint","urlTemplate":"https:\/\/www.carideal.com\/blog\/?s={search_term_string}"},"query-input":{"@type":"PropertyValueSpecification","valueRequired":true,"valueName":"search_term_string"}}],"inLanguage":"fr-FR"},{"@type":"Organization","@id":"https:\/\/www.carideal.com\/blog\/#organization","name":"Carideal","url":"https:\/\/www.carideal.com\/blog\/","logo":{"@type":"ImageObject","inLanguage":"fr-FR","@id":"https:\/\/www.carideal.com\/blog\/#\/schema\/logo\/image\/","url":"http:\/\/www.carideal.com\/blog\/wp-content\/uploads\/2016\/03\/logo-carideal-mandataire-automobile.png","contentUrl":"http:\/\/www.carideal.com\/blog\/wp-content\/uploads\/2016\/03\/logo-carideal-mandataire-automobile.png","width":300,"height":300,"caption":"Carideal"},"image":{"@id":"https:\/\/www.carideal.com\/blog\/#\/schema\/logo\/image\/"},"sameAs":["https:\/\/www.facebook.com\/Carideal.mandataire.automobile","https:\/\/x.com\/caridealauto","https:\/\/www.instagram.com\/carideal1\/","https:\/\/www.linkedin.com\/company\/carideal.com","https:\/\/fr.pinterest.com\/schiavonsas\/","https:\/\/www.youtube.com\/user\/caridealsas"]},{"@type":"Person","@id":"https:\/\/www.carideal.com\/blog\/#\/schema\/person\/985c7e757d1042d647f21bfaf8d41ebc","name":"N.S Carideal","image":{"@type":"ImageObject","inLanguage":"fr-FR","@id":"https:\/\/www.carideal.com\/blog\/#\/schema\/person\/image\/","url":"https:\/\/secure.gravatar.com\/avatar\/edb7ccdf1a4e3d14aef967760d354d0e?s=96&r=g","contentUrl":"https:\/\/secure.gravatar.com\/avatar\/edb7ccdf1a4e3d14aef967760d354d0e?s=96&r=g","caption":"N.S Carideal"},"description":"Depuis tout petit fan d'automobile. Il est question d'essayer et de comparer toutes ces voitures qui nous ont fait r\u00e9ver, avant que celles-ci ne devient uniquement des voitures de collection.","sameAs":["http:\/\/www.carideal.com\/blog","https:\/\/www.facebook.com\/Carideal.mandataire.automobile\/","https:\/\/www.linkedin.com\/in\/nschiavon\/","https:\/\/www.youtube.com\/user\/caridealsas\/"],"url":"https:\/\/www.carideal.com\/blog\/author\/admin_carideal\/"}]}},"uagb_featured_image_src":{"full":false,"thumbnail":false,"medium":false,"medium_large":false,"large":false,"1536x1536":false,"2048x2048":false,"wppr-widget":false},"uagb_author_info":{"display_name":"N.S Carideal","author_link":"https:\/\/www.carideal.com\/blog\/author\/admin_carideal\/"},"uagb_comment_info":0,"uagb_excerpt":"Toyota vise la voiture de ville Toyota d\u00e9voile \u00e9galement une Prius courte taill\u00e9e pour la ville la Prius C. Il s'agit d'un concept encore loin de la version de s\u00e9rie, qui arrivera en concession au premier semestre 2012, et dont la plastique, devrait \u00eatre plus conformiste que celle du prototype d\u00e9voil\u00e9 \u00e0 Detroit. sur le\u2026","_links":{"self":[{"href":"https:\/\/www.carideal.com\/blog\/wp-json\/wp\/v2\/posts\/199"}],"collection":[{"href":"https:\/\/www.carideal.com\/blog\/wp-json\/wp\/v2\/posts"}],"about":[{"href":"https:\/\/www.carideal.com\/blog\/wp-json\/wp\/v2\/types\/post"}],"author":[{"embeddable":true,"href":"https:\/\/www.carideal.com\/blog\/wp-json\/wp\/v2\/users\/1"}],"replies":[{"embeddable":true,"href":"https:\/\/www.carideal.com\/blog\/wp-json\/wp\/v2\/comments?post=199"}],"version-history":[{"count":0,"href":"https:\/\/www.carideal.com\/blog\/wp-json\/wp\/v2\/posts\/199\/revisions"}],"wp:attachment":[{"href":"https:\/\/www.carideal.com\/blog\/wp-json\/wp\/v2\/media?parent=199"}],"wp:term":[{"taxonomy":"category","embeddable":true,"href":"https:\/\/www.carideal.com\/blog\/wp-json\/wp\/v2\/categories?post=199"},{"taxonomy":"post_tag","embeddable":true,"href":"https:\/\/www.carideal.com\/blog\/wp-json\/wp\/v2\/tags?post=199"}],"curies":[{"name":"wp","href":"https:\/\/api.w.org\/{rel}","templated":true}]}}