{"id":19675,"date":"2019-09-07T12:04:41","date_gmt":"2019-09-07T10:04:41","guid":{"rendered":"http:\/\/www.carideal.com\/blog\/?p=19675"},"modified":"2019-09-07T15:23:17","modified_gmt":"2019-09-07T13:23:17","slug":"suv-de-performance-cupra-formentor-a-venir-en-2020","status":"publish","type":"post","link":"https:\/\/www.carideal.com\/blog\/2019\/09\/07\/suv-de-performance-cupra-formentor-a-venir-en-2020\/","title":{"rendered":"SUV de performance Cupra Formentor \u00e0 venir en 2020"},"content":{"rendered":"<h2>SUV de performance Cupra Formentor \u00e0 venir en 2020<\/h2>\n<p>Le <strong>concept Cupra Formentor<\/strong> pr\u00e9sente en avant-premi\u00e8re un coup\u00e9 SUV de s\u00e9rie pour la marque de performance SEAT.<br \/>\n<a href=\"http:\/\/www.carideal.com\/blog\/marque-de-voiture-actualites-essais\/seat\/\">SEAT<\/a> ajoutera d'autres mod\u00e8les \u00e0 sa sous-marque de performance Cupra en 2020 avec le lancement du SUV coup\u00e9 Formentor, qui a \u00e9t\u00e9 d\u00e9voil\u00e9 en mars dernier au <a href=\"http:\/\/www.carideal.com\/blog\/2019\/01\/25\/salon-automobile-geneve-2019-premiere\/\">Salon de l'auto de Gen\u00e8ve<\/a> sous une forme quasi de s\u00e9rie. Il sera mis en vente en 2020, et sera rapidement suivi par des versions SEAT r\u00e9guli\u00e8res avec des groupes motopropulseurs moins puissants.<\/p>\n<figure id=\"attachment_19676\" aria-describedby=\"caption-attachment-19676\" style=\"width: 590px\" class=\"wp-caption alignnone\"><img loading=\"lazy\" decoding=\"async\" class=\"wp-image-19676 size-full\" title=\"SUV de performance Cupra Formentor \u00e0 venir en 2020\" src=\"http:\/\/www.carideal.com\/blog\/wp-content\/uploads\/2019\/09\/cupra-formentor-1-e1567849710463.jpg\" alt=\"SUV de performance Cupra Formentor \u00e0 venir en 2020\" width=\"600\" height=\"400\" \/><figcaption id=\"caption-attachment-19676\" class=\"wp-caption-text\">SUV de performance Cupra Formentor \u00e0 venir en 2020<\/figcaption><\/figure>\n<p>La Formentor est le premier mod\u00e8le autonome de Cupra et est con\u00e7ue pour \u00eatre une voiture en halo pour la marque.<\/p>\n<ul>\n<li><a href=\"http:\/\/www.carideal.com\/blog\/2017\/05\/08\/guide-dachat-4x4-et-suv-les-meilleurs-en-2017\/\">Meilleurs SUV et 4X4 pour 2019<\/a><\/li>\n<\/ul>\n<p>En effet, le Cupra Formentor est une version coup\u00e9 du Cupra Ateca, mais il reprend aussi certains de ses \u00e9l\u00e9ments de style du nouveau fleuron de la marque SEAT, le Tarraco.<\/p>\n<p>Les changements entre le Tarraco et l'Ateca comprennent un pare-chocs avant plus profond et plus agressif, une voie plus large, des passages de roues plus exag\u00e9r\u00e9s, une hauteur de caisse plus basse, une ligne de toit en forte pente et des ailes arri\u00e8res plus larges qui arrondit l'extr\u00e9mit\u00e9 arri\u00e8re rauque. Les \u00e9paules des flancs arri\u00e8res sont particuli\u00e8rement prononc\u00e9es, tandis que la plaque d'immatriculation est pass\u00e9e du hayon au pare-chocs arri\u00e8re, au-dessus du grand diffuseur et des quatre tuyaux d'\u00e9chappement.<\/p>\n<p>La barre lumineuse arri\u00e8re pleine longueur de la Formentor semble avoir \u00e9t\u00e9 soulev\u00e9e du plus grand SUV de la firme espagnole, tandis que les phares et la calandre sont presque identiques \u00e0 ceux de la Tarraco.<\/p>\n<ul>\n<li><a href=\"http:\/\/www.carideal.com\/blog\/2019\/09\/07\/le-nouveau-concept-cupra-tavascan-devoile-avant-francfort\/\">Nouveau Concept Cupra Tavascan<\/a><\/li>\n<\/ul>\n<p>\u00c0 l'int\u00e9rieur, le Cupra Formentor est dot\u00e9 d'un nouveau tableau de bord flottant, d'un ensemble de si\u00e8ges baquets \u00e0 dossier en fibre de carbone, d'un groupe d'instruments num\u00e9riques et d'un syst\u00e8me d'infodivertissement panoramique de 10 pouces avec navigation satellite.<\/p>\n<div id='gallery-1' class='gallery galleryid-19675 gallery-columns-3 gallery-size-full'><figure class='gallery-item'>\n\t\t\t<div class='gallery-icon landscape'>\n\t\t\t\t<img loading=\"lazy\" decoding=\"async\" width=\"400\" height=\"267\" src=\"https:\/\/www.carideal.com\/blog\/wp-content\/uploads\/2019\/09\/cupra-formentor-1-1-e1567849990534.jpg\" class=\"attachment-full size-full\" alt=\"SUV de performance Cupra Formentor vue arri\u00e8re\" aria-describedby=\"gallery-1-19677\" \/>\n\t\t\t<\/div>\n\t\t\t\t<figcaption class='wp-caption-text gallery-caption' id='gallery-1-19677'>\n\t\t\t\tSUV de performance Cupra Formentor vue arri\u00e8re\n\t\t\t\t<\/figcaption><\/figure><figure class='gallery-item'>\n\t\t\t<div class='gallery-icon landscape'>\n\t\t\t\t<img loading=\"lazy\" decoding=\"async\" width=\"400\" height=\"267\" src=\"https:\/\/www.carideal.com\/blog\/wp-content\/uploads\/2019\/09\/cupra-formentor-2-e1567850016343.jpg\" class=\"attachment-full size-full\" alt=\"SUV de performance Cupra Formentor vue avant\" aria-describedby=\"gallery-1-19678\" \/>\n\t\t\t<\/div>\n\t\t\t\t<figcaption class='wp-caption-text gallery-caption' id='gallery-1-19678'>\n\t\t\t\tSUV de performance Cupra Formentor vue avant\n\t\t\t\t<\/figcaption><\/figure><figure class='gallery-item'>\n\t\t\t<div class='gallery-icon landscape'>\n\t\t\t\t<img loading=\"lazy\" decoding=\"async\" width=\"400\" height=\"267\" src=\"https:\/\/www.carideal.com\/blog\/wp-content\/uploads\/2019\/09\/cupra-formentor-3-e1567850109254.jpg\" class=\"attachment-full size-full\" alt=\"Cupra Formentor int\u00e9rieur\" aria-describedby=\"gallery-1-19679\" \/>\n\t\t\t<\/div>\n\t\t\t\t<figcaption class='wp-caption-text gallery-caption' id='gallery-1-19679'>\n\t\t\t\tCupra Formentor int\u00e9rieur\n\t\t\t\t<\/figcaption><\/figure><figure class='gallery-item'>\n\t\t\t<div class='gallery-icon landscape'>\n\t\t\t\t<img loading=\"lazy\" decoding=\"async\" width=\"400\" height=\"267\" src=\"https:\/\/www.carideal.com\/blog\/wp-content\/uploads\/2019\/09\/cupra-formentor-4-e1567850133137.jpg\" class=\"attachment-full size-full\" alt=\"\" aria-describedby=\"gallery-1-19680\" \/>\n\t\t\t<\/div>\n\t\t\t\t<figcaption class='wp-caption-text gallery-caption' id='gallery-1-19680'>\n\t\t\t\tCupra Formentor habitacle\n\t\t\t\t<\/figcaption><\/figure>\n\t\t<\/div>\n\n<p>Le Formentor est propuls\u00e9 par un groupe motopropulseur hybride rechargeable de 242 ch, qui distribue sa puissance gr\u00e2ce \u00e0 une transmission DSG \u00e0 double embrayage. Les sp\u00e9cifications compl\u00e8tes du groupe motopropulseur n'ont pas encore \u00e9t\u00e9 d\u00e9voil\u00e9es, mais nous pr\u00e9voyons qu'il s'agira des m\u00eames que la <a href=\"http:\/\/www.carideal.com\/blog\/marque-de-voiture-actualites-essais\/skoda\/\">Skoda<\/a> hybride plug-in, pr\u00e9sent\u00e9e en avant-premi\u00e8re au <a href=\"http:\/\/www.carideal.com\/blog\/2018\/10\/09\/vw-beetle-classique-a-lelectricite\/\">salon de l'automobile de Paris<\/a> en octobre dernier dans le concept Vision RS.<\/p>\n<h2>D\u00e9couvrez le\u00a0SUV de performance Cupra Formentor en Vid\u00e9o<\/h2>\n<p><iframe loading=\"lazy\" src=\"https:\/\/www.youtube.com\/embed\/buEpZCM5sg8\" width=\"560\" height=\"315\" frameborder=\"0\" allowfullscreen=\"allowfullscreen\"><\/iframe><\/p>\n<p>Cupra pr\u00e9tend que le Formentor est capable de rouler sur 50 km uniquement avec de l'\u00e9lectricit\u00e9, conform\u00e9ment \u00e0 la r\u00e9glementation <a href=\"https:\/\/wltpfacts.eu\/\">WLTP<\/a>. Le groupe motopropulseur sera \u00e9galement \u00e9quip\u00e9 d'un blocage de diff\u00e9rentiel, qui indique une configuration \u00e0 traction int\u00e9grale.<\/p>\n<p>Le nom Formentor reste fid\u00e8le \u00e0 la tradition SEAT et Cupra, car il vient de la g\u00e9ographie espagnole. Dans ce cas, le Cap de Formentor se trouve sur l'\u00eele Bal\u00e9ares de Majorque.<\/p>\n","protected":false},"excerpt":{"rendered":"<p>SUV de performance Cupra Formentor \u00e0 venir en 2020 Le concept Cupra Formentor pr\u00e9sente en avant-premi\u00e8re un coup\u00e9 SUV de s\u00e9rie pour la marque de performance SEAT. SEAT ajoutera d&rsquo;autres mod\u00e8les \u00e0 sa sous-marque de performance Cupra en 2020 avec le lancement du SUV coup\u00e9 Formentor, qui a \u00e9t\u00e9 d\u00e9voil\u00e9 en mars dernier au Salon &#8230; <a title=\"SUV de performance Cupra Formentor \u00e0 venir en 2020\" class=\"read-more\" href=\"https:\/\/www.carideal.com\/blog\/2019\/09\/07\/suv-de-performance-cupra-formentor-a-venir-en-2020\/\" aria-label=\"En savoir plus sur SUV de performance Cupra Formentor \u00e0 venir en 2020\">Lire plus<\/a><\/p>\n","protected":false},"author":3,"featured_media":19676,"comment_status":"open","ping_status":"open","sticky":false,"template":"","format":"standard","meta":{"_uag_custom_page_level_css":"","_themeisle_gutenberg_block_has_review":false,"footnotes":""},"categories":[5944,17159,6010],"tags":[],"class_list":["post-19675","post","type-post","status-publish","format-standard","has-post-thumbnail","hentry","category-constructeur","category-actualite-cupra","category-suv"],"wppr_data":{"cwp_meta_box_check":"No"},"yoast_head":"<!-- This site is optimized with the Yoast SEO plugin v24.8.1 - https:\/\/yoast.com\/wordpress\/plugins\/seo\/ -->\n<title>SUV de performance Cupra Formentor \u00e0 venir en 2020 - Blog auto Carid\u00e9al<\/title>\n<meta name=\"description\" content=\"D\u00e9couvrez le SUV de performance Cupra Formentor en images et en vid\u00e9o. Le SUV Cupra Formentor est appel\u00e9 \u00e0 \u00eatre en vente en 2020\" \/>\n<meta name=\"robots\" content=\"index, follow, max-snippet:-1, max-image-preview:large, max-video-preview:-1\" \/>\n<link rel=\"canonical\" href=\"https:\/\/www.carideal.com\/blog\/2019\/09\/07\/suv-de-performance-cupra-formentor-a-venir-en-2020\/\" \/>\n<meta property=\"og:locale\" content=\"fr_FR\" \/>\n<meta property=\"og:type\" content=\"article\" \/>\n<meta property=\"og:title\" content=\"SUV de performance Cupra Formentor \u00e0 venir en 2020 - Blog auto Carid\u00e9al\" \/>\n<meta property=\"og:description\" content=\"D\u00e9couvrez le SUV de performance Cupra Formentor en images et en vid\u00e9o. Le SUV Cupra Formentor est appel\u00e9 \u00e0 \u00eatre en vente en 2020\" \/>\n<meta property=\"og:url\" content=\"https:\/\/www.carideal.com\/blog\/2019\/09\/07\/suv-de-performance-cupra-formentor-a-venir-en-2020\/\" \/>\n<meta property=\"og:site_name\" content=\"Blog auto Carid\u00e9al\" \/>\n<meta property=\"article:publisher\" content=\"https:\/\/www.facebook.com\/Carideal.mandataire.automobile\" \/>\n<meta property=\"article:author\" content=\"https:\/\/www.facebook.com\/nicolas.schiavon.39\" \/>\n<meta property=\"article:published_time\" content=\"2019-09-07T10:04:41+00:00\" \/>\n<meta property=\"article:modified_time\" content=\"2019-09-07T13:23:17+00:00\" \/>\n<meta property=\"og:image\" content=\"https:\/\/www.carideal.com\/blog\/wp-content\/uploads\/2019\/09\/cupra-formentor-1-e1567849710463.jpg\" \/>\n\t<meta property=\"og:image:width\" content=\"600\" \/>\n\t<meta property=\"og:image:height\" content=\"400\" \/>\n\t<meta property=\"og:image:type\" content=\"image\/jpeg\" \/>\n<meta name=\"author\" content=\"Nicolas SCHIAVON\" \/>\n<meta name=\"twitter:card\" content=\"summary_large_image\" \/>\n<meta name=\"twitter:creator\" content=\"@caridealauto\" \/>\n<meta name=\"twitter:site\" content=\"@caridealauto\" \/>\n<meta name=\"twitter:label1\" content=\"\u00c9crit par\" \/>\n\t<meta name=\"twitter:data1\" content=\"Nicolas SCHIAVON\" \/>\n\t<meta name=\"twitter:label2\" content=\"Dur\u00e9e de lecture estim\u00e9e\" \/>\n\t<meta name=\"twitter:data2\" content=\"3 minutes\" \/>\n<script type=\"application\/ld+json\" class=\"yoast-schema-graph\">{\"@context\":\"https:\/\/schema.org\",\"@graph\":[{\"@type\":\"Article\",\"@id\":\"https:\/\/www.carideal.com\/blog\/2019\/09\/07\/suv-de-performance-cupra-formentor-a-venir-en-2020\/#article\",\"isPartOf\":{\"@id\":\"https:\/\/www.carideal.com\/blog\/2019\/09\/07\/suv-de-performance-cupra-formentor-a-venir-en-2020\/\"},\"author\":{\"name\":\"Nicolas SCHIAVON\",\"@id\":\"https:\/\/www.carideal.com\/blog\/#\/schema\/person\/cd95dc7919660de90d31b366f85be1ec\"},\"headline\":\"SUV de performance Cupra Formentor \u00e0 venir en 2020\",\"datePublished\":\"2019-09-07T10:04:41+00:00\",\"dateModified\":\"2019-09-07T13:23:17+00:00\",\"mainEntityOfPage\":{\"@id\":\"https:\/\/www.carideal.com\/blog\/2019\/09\/07\/suv-de-performance-cupra-formentor-a-venir-en-2020\/\"},\"wordCount\":510,\"commentCount\":0,\"publisher\":{\"@id\":\"https:\/\/www.carideal.com\/blog\/#organization\"},\"image\":{\"@id\":\"https:\/\/www.carideal.com\/blog\/2019\/09\/07\/suv-de-performance-cupra-formentor-a-venir-en-2020\/#primaryimage\"},\"thumbnailUrl\":\"https:\/\/www.carideal.com\/blog\/wp-content\/uploads\/2019\/09\/cupra-formentor-1-e1567849710463.jpg\",\"articleSection\":[\"Actualit\u00e9 Constructeur automobile\",\"Actualit\u00e9 Cupra\",\"SUV\"],\"inLanguage\":\"fr-FR\",\"potentialAction\":[{\"@type\":\"CommentAction\",\"name\":\"Comment\",\"target\":[\"https:\/\/www.carideal.com\/blog\/2019\/09\/07\/suv-de-performance-cupra-formentor-a-venir-en-2020\/#respond\"]}]},{\"@type\":\"WebPage\",\"@id\":\"https:\/\/www.carideal.com\/blog\/2019\/09\/07\/suv-de-performance-cupra-formentor-a-venir-en-2020\/\",\"url\":\"https:\/\/www.carideal.com\/blog\/2019\/09\/07\/suv-de-performance-cupra-formentor-a-venir-en-2020\/\",\"name\":\"SUV de performance Cupra Formentor \u00e0 venir en 2020 - Blog auto Carid\u00e9al\",\"isPartOf\":{\"@id\":\"https:\/\/www.carideal.com\/blog\/#website\"},\"primaryImageOfPage\":{\"@id\":\"https:\/\/www.carideal.com\/blog\/2019\/09\/07\/suv-de-performance-cupra-formentor-a-venir-en-2020\/#primaryimage\"},\"image\":{\"@id\":\"https:\/\/www.carideal.com\/blog\/2019\/09\/07\/suv-de-performance-cupra-formentor-a-venir-en-2020\/#primaryimage\"},\"thumbnailUrl\":\"https:\/\/www.carideal.com\/blog\/wp-content\/uploads\/2019\/09\/cupra-formentor-1-e1567849710463.jpg\",\"datePublished\":\"2019-09-07T10:04:41+00:00\",\"dateModified\":\"2019-09-07T13:23:17+00:00\",\"description\":\"D\u00e9couvrez le SUV de performance Cupra Formentor en images et en vid\u00e9o. Le SUV Cupra Formentor est appel\u00e9 \u00e0 \u00eatre en vente en 2020\",\"breadcrumb\":{\"@id\":\"https:\/\/www.carideal.com\/blog\/2019\/09\/07\/suv-de-performance-cupra-formentor-a-venir-en-2020\/#breadcrumb\"},\"inLanguage\":\"fr-FR\",\"potentialAction\":[{\"@type\":\"ReadAction\",\"target\":[\"https:\/\/www.carideal.com\/blog\/2019\/09\/07\/suv-de-performance-cupra-formentor-a-venir-en-2020\/\"]}]},{\"@type\":\"ImageObject\",\"inLanguage\":\"fr-FR\",\"@id\":\"https:\/\/www.carideal.com\/blog\/2019\/09\/07\/suv-de-performance-cupra-formentor-a-venir-en-2020\/#primaryimage\",\"url\":\"https:\/\/www.carideal.com\/blog\/wp-content\/uploads\/2019\/09\/cupra-formentor-1-e1567849710463.jpg\",\"contentUrl\":\"https:\/\/www.carideal.com\/blog\/wp-content\/uploads\/2019\/09\/cupra-formentor-1-e1567849710463.jpg\",\"width\":600,\"height\":400,\"caption\":\"SUV de performance Cupra Formentor \u00e0 venir en 2020\"},{\"@type\":\"BreadcrumbList\",\"@id\":\"https:\/\/www.carideal.com\/blog\/2019\/09\/07\/suv-de-performance-cupra-formentor-a-venir-en-2020\/#breadcrumb\",\"itemListElement\":[{\"@type\":\"ListItem\",\"position\":1,\"name\":\"Blog Carid\u00e9al\",\"item\":\"https:\/\/www.carideal.com\/blog\/\"},{\"@type\":\"ListItem\",\"position\":2,\"name\":\"Actualit\u00e9 constructeur automobile\",\"item\":\"https:\/\/www.carideal.com\/blog\/constructeur\/\"},{\"@type\":\"ListItem\",\"position\":3,\"name\":\"Actualit\u00e9 Cupra\",\"item\":\"https:\/\/www.carideal.com\/blog\/constructeur\/actualite-cupra\/\"},{\"@type\":\"ListItem\",\"position\":4,\"name\":\"SUV de performance Cupra Formentor \u00e0 venir en 2020\"}]},{\"@type\":\"WebSite\",\"@id\":\"https:\/\/www.carideal.com\/blog\/#website\",\"url\":\"https:\/\/www.carideal.com\/blog\/\",\"name\":\"Blog auto Carid\u00e9al\",\"description\":\"Actualit\u00e9 auto par des passionn\u00e9s\",\"publisher\":{\"@id\":\"https:\/\/www.carideal.com\/blog\/#organization\"},\"potentialAction\":[{\"@type\":\"SearchAction\",\"target\":{\"@type\":\"EntryPoint\",\"urlTemplate\":\"https:\/\/www.carideal.com\/blog\/?s={search_term_string}\"},\"query-input\":{\"@type\":\"PropertyValueSpecification\",\"valueRequired\":true,\"valueName\":\"search_term_string\"}}],\"inLanguage\":\"fr-FR\"},{\"@type\":\"Organization\",\"@id\":\"https:\/\/www.carideal.com\/blog\/#organization\",\"name\":\"Carideal\",\"url\":\"https:\/\/www.carideal.com\/blog\/\",\"logo\":{\"@type\":\"ImageObject\",\"inLanguage\":\"fr-FR\",\"@id\":\"https:\/\/www.carideal.com\/blog\/#\/schema\/logo\/image\/\",\"url\":\"http:\/\/www.carideal.com\/blog\/wp-content\/uploads\/2016\/03\/logo-carideal-mandataire-automobile.png\",\"contentUrl\":\"http:\/\/www.carideal.com\/blog\/wp-content\/uploads\/2016\/03\/logo-carideal-mandataire-automobile.png\",\"width\":300,\"height\":300,\"caption\":\"Carideal\"},\"image\":{\"@id\":\"https:\/\/www.carideal.com\/blog\/#\/schema\/logo\/image\/\"},\"sameAs\":[\"https:\/\/www.facebook.com\/Carideal.mandataire.automobile\",\"https:\/\/x.com\/caridealauto\",\"https:\/\/www.instagram.com\/carideal1\/\",\"https:\/\/www.linkedin.com\/company\/carideal.com\",\"https:\/\/fr.pinterest.com\/schiavonsas\/\",\"https:\/\/www.youtube.com\/user\/caridealsas\"]},{\"@type\":\"Person\",\"@id\":\"https:\/\/www.carideal.com\/blog\/#\/schema\/person\/cd95dc7919660de90d31b366f85be1ec\",\"name\":\"Nicolas SCHIAVON\",\"image\":{\"@type\":\"ImageObject\",\"inLanguage\":\"fr-FR\",\"@id\":\"https:\/\/www.carideal.com\/blog\/#\/schema\/person\/image\/\",\"url\":\"https:\/\/secure.gravatar.com\/avatar\/c17e55009e671d92cc7f5dc837dc418a?s=96&r=g\",\"contentUrl\":\"https:\/\/secure.gravatar.com\/avatar\/c17e55009e671d92cc7f5dc837dc418a?s=96&r=g\",\"caption\":\"Nicolas SCHIAVON\"},\"description\":\"Nicolas Schiavon est tomb\u00e9 tout petit dans la marmite automobile. Ayant eu un garage de marque automobile, mandataire automobile de la premi\u00e8re heure d\u00e8s 1999. Nicolas a cr\u00e9\u00e9 ces premiers sites de vente de voiture et blog automobile d\u00e8s 1994. Carideal est n\u00e9 le 15 d\u00e9cembre 2000 de la volont\u00e9 de vendre des voitures d'occasions en ligne puis des voitures neuves. Il a pu essayer beaucoup de voitures tr\u00e8s diff\u00e9rentes et ayant eu personnellement quelques belles autos, Subaru Impreza, Mitsubishi Lancer Evo 7, Porsche 911, Ferrari Testarrossa, Audi RS3, RS4 et j'en passe...\",\"sameAs\":[\"http:\/\/www.carideal.com\",\"https:\/\/www.facebook.com\/nicolas.schiavon.39\",\"https:\/\/www.instagram.com\/carideal1\/\",\"https:\/\/www.linkedin.com\/in\/nschiavon\/\",\"https:\/\/x.com\/caridealauto\",\"https:\/\/www.youtube.com\/user\/caridealsas\/\"],\"url\":\"https:\/\/www.carideal.com\/blog\/author\/nschiavon\/\"}]}<\/script>\n<!-- \/ Yoast SEO plugin. -->","yoast_head_json":{"title":"SUV de performance Cupra Formentor \u00e0 venir en 2020 - Blog auto Carid\u00e9al","description":"D\u00e9couvrez le SUV de performance Cupra Formentor en images et en vid\u00e9o. Le SUV Cupra Formentor est appel\u00e9 \u00e0 \u00eatre en vente en 2020","robots":{"index":"index","follow":"follow","max-snippet":"max-snippet:-1","max-image-preview":"max-image-preview:large","max-video-preview":"max-video-preview:-1"},"canonical":"https:\/\/www.carideal.com\/blog\/2019\/09\/07\/suv-de-performance-cupra-formentor-a-venir-en-2020\/","og_locale":"fr_FR","og_type":"article","og_title":"SUV de performance Cupra Formentor \u00e0 venir en 2020 - Blog auto Carid\u00e9al","og_description":"D\u00e9couvrez le SUV de performance Cupra Formentor en images et en vid\u00e9o. Le SUV Cupra Formentor est appel\u00e9 \u00e0 \u00eatre en vente en 2020","og_url":"https:\/\/www.carideal.com\/blog\/2019\/09\/07\/suv-de-performance-cupra-formentor-a-venir-en-2020\/","og_site_name":"Blog auto Carid\u00e9al","article_publisher":"https:\/\/www.facebook.com\/Carideal.mandataire.automobile","article_author":"https:\/\/www.facebook.com\/nicolas.schiavon.39","article_published_time":"2019-09-07T10:04:41+00:00","article_modified_time":"2019-09-07T13:23:17+00:00","og_image":[{"width":600,"height":400,"url":"https:\/\/www.carideal.com\/blog\/wp-content\/uploads\/2019\/09\/cupra-formentor-1-e1567849710463.jpg","type":"image\/jpeg"}],"author":"Nicolas SCHIAVON","twitter_card":"summary_large_image","twitter_creator":"@caridealauto","twitter_site":"@caridealauto","twitter_misc":{"\u00c9crit par":"Nicolas SCHIAVON","Dur\u00e9e de lecture estim\u00e9e":"3 minutes"},"schema":{"@context":"https:\/\/schema.org","@graph":[{"@type":"Article","@id":"https:\/\/www.carideal.com\/blog\/2019\/09\/07\/suv-de-performance-cupra-formentor-a-venir-en-2020\/#article","isPartOf":{"@id":"https:\/\/www.carideal.com\/blog\/2019\/09\/07\/suv-de-performance-cupra-formentor-a-venir-en-2020\/"},"author":{"name":"Nicolas SCHIAVON","@id":"https:\/\/www.carideal.com\/blog\/#\/schema\/person\/cd95dc7919660de90d31b366f85be1ec"},"headline":"SUV de performance Cupra Formentor \u00e0 venir en 2020","datePublished":"2019-09-07T10:04:41+00:00","dateModified":"2019-09-07T13:23:17+00:00","mainEntityOfPage":{"@id":"https:\/\/www.carideal.com\/blog\/2019\/09\/07\/suv-de-performance-cupra-formentor-a-venir-en-2020\/"},"wordCount":510,"commentCount":0,"publisher":{"@id":"https:\/\/www.carideal.com\/blog\/#organization"},"image":{"@id":"https:\/\/www.carideal.com\/blog\/2019\/09\/07\/suv-de-performance-cupra-formentor-a-venir-en-2020\/#primaryimage"},"thumbnailUrl":"https:\/\/www.carideal.com\/blog\/wp-content\/uploads\/2019\/09\/cupra-formentor-1-e1567849710463.jpg","articleSection":["Actualit\u00e9 Constructeur automobile","Actualit\u00e9 Cupra","SUV"],"inLanguage":"fr-FR","potentialAction":[{"@type":"CommentAction","name":"Comment","target":["https:\/\/www.carideal.com\/blog\/2019\/09\/07\/suv-de-performance-cupra-formentor-a-venir-en-2020\/#respond"]}]},{"@type":"WebPage","@id":"https:\/\/www.carideal.com\/blog\/2019\/09\/07\/suv-de-performance-cupra-formentor-a-venir-en-2020\/","url":"https:\/\/www.carideal.com\/blog\/2019\/09\/07\/suv-de-performance-cupra-formentor-a-venir-en-2020\/","name":"SUV de performance Cupra Formentor \u00e0 venir en 2020 - Blog auto Carid\u00e9al","isPartOf":{"@id":"https:\/\/www.carideal.com\/blog\/#website"},"primaryImageOfPage":{"@id":"https:\/\/www.carideal.com\/blog\/2019\/09\/07\/suv-de-performance-cupra-formentor-a-venir-en-2020\/#primaryimage"},"image":{"@id":"https:\/\/www.carideal.com\/blog\/2019\/09\/07\/suv-de-performance-cupra-formentor-a-venir-en-2020\/#primaryimage"},"thumbnailUrl":"https:\/\/www.carideal.com\/blog\/wp-content\/uploads\/2019\/09\/cupra-formentor-1-e1567849710463.jpg","datePublished":"2019-09-07T10:04:41+00:00","dateModified":"2019-09-07T13:23:17+00:00","description":"D\u00e9couvrez le SUV de performance Cupra Formentor en images et en vid\u00e9o. Le SUV Cupra Formentor est appel\u00e9 \u00e0 \u00eatre en vente en 2020","breadcrumb":{"@id":"https:\/\/www.carideal.com\/blog\/2019\/09\/07\/suv-de-performance-cupra-formentor-a-venir-en-2020\/#breadcrumb"},"inLanguage":"fr-FR","potentialAction":[{"@type":"ReadAction","target":["https:\/\/www.carideal.com\/blog\/2019\/09\/07\/suv-de-performance-cupra-formentor-a-venir-en-2020\/"]}]},{"@type":"ImageObject","inLanguage":"fr-FR","@id":"https:\/\/www.carideal.com\/blog\/2019\/09\/07\/suv-de-performance-cupra-formentor-a-venir-en-2020\/#primaryimage","url":"https:\/\/www.carideal.com\/blog\/wp-content\/uploads\/2019\/09\/cupra-formentor-1-e1567849710463.jpg","contentUrl":"https:\/\/www.carideal.com\/blog\/wp-content\/uploads\/2019\/09\/cupra-formentor-1-e1567849710463.jpg","width":600,"height":400,"caption":"SUV de performance Cupra Formentor \u00e0 venir en 2020"},{"@type":"BreadcrumbList","@id":"https:\/\/www.carideal.com\/blog\/2019\/09\/07\/suv-de-performance-cupra-formentor-a-venir-en-2020\/#breadcrumb","itemListElement":[{"@type":"ListItem","position":1,"name":"Blog Carid\u00e9al","item":"https:\/\/www.carideal.com\/blog\/"},{"@type":"ListItem","position":2,"name":"Actualit\u00e9 constructeur automobile","item":"https:\/\/www.carideal.com\/blog\/constructeur\/"},{"@type":"ListItem","position":3,"name":"Actualit\u00e9 Cupra","item":"https:\/\/www.carideal.com\/blog\/constructeur\/actualite-cupra\/"},{"@type":"ListItem","position":4,"name":"SUV de performance Cupra Formentor \u00e0 venir en 2020"}]},{"@type":"WebSite","@id":"https:\/\/www.carideal.com\/blog\/#website","url":"https:\/\/www.carideal.com\/blog\/","name":"Blog auto Carid\u00e9al","description":"Actualit\u00e9 auto par des passionn\u00e9s","publisher":{"@id":"https:\/\/www.carideal.com\/blog\/#organization"},"potentialAction":[{"@type":"SearchAction","target":{"@type":"EntryPoint","urlTemplate":"https:\/\/www.carideal.com\/blog\/?s={search_term_string}"},"query-input":{"@type":"PropertyValueSpecification","valueRequired":true,"valueName":"search_term_string"}}],"inLanguage":"fr-FR"},{"@type":"Organization","@id":"https:\/\/www.carideal.com\/blog\/#organization","name":"Carideal","url":"https:\/\/www.carideal.com\/blog\/","logo":{"@type":"ImageObject","inLanguage":"fr-FR","@id":"https:\/\/www.carideal.com\/blog\/#\/schema\/logo\/image\/","url":"http:\/\/www.carideal.com\/blog\/wp-content\/uploads\/2016\/03\/logo-carideal-mandataire-automobile.png","contentUrl":"http:\/\/www.carideal.com\/blog\/wp-content\/uploads\/2016\/03\/logo-carideal-mandataire-automobile.png","width":300,"height":300,"caption":"Carideal"},"image":{"@id":"https:\/\/www.carideal.com\/blog\/#\/schema\/logo\/image\/"},"sameAs":["https:\/\/www.facebook.com\/Carideal.mandataire.automobile","https:\/\/x.com\/caridealauto","https:\/\/www.instagram.com\/carideal1\/","https:\/\/www.linkedin.com\/company\/carideal.com","https:\/\/fr.pinterest.com\/schiavonsas\/","https:\/\/www.youtube.com\/user\/caridealsas"]},{"@type":"Person","@id":"https:\/\/www.carideal.com\/blog\/#\/schema\/person\/cd95dc7919660de90d31b366f85be1ec","name":"Nicolas SCHIAVON","image":{"@type":"ImageObject","inLanguage":"fr-FR","@id":"https:\/\/www.carideal.com\/blog\/#\/schema\/person\/image\/","url":"https:\/\/secure.gravatar.com\/avatar\/c17e55009e671d92cc7f5dc837dc418a?s=96&r=g","contentUrl":"https:\/\/secure.gravatar.com\/avatar\/c17e55009e671d92cc7f5dc837dc418a?s=96&r=g","caption":"Nicolas SCHIAVON"},"description":"Nicolas Schiavon est tomb\u00e9 tout petit dans la marmite automobile. Ayant eu un garage de marque automobile, mandataire automobile de la premi\u00e8re heure d\u00e8s 1999. Nicolas a cr\u00e9\u00e9 ces premiers sites de vente de voiture et blog automobile d\u00e8s 1994. Carideal est n\u00e9 le 15 d\u00e9cembre 2000 de la volont\u00e9 de vendre des voitures d'occasions en ligne puis des voitures neuves. Il a pu essayer beaucoup de voitures tr\u00e8s diff\u00e9rentes et ayant eu personnellement quelques belles autos, Subaru Impreza, Mitsubishi Lancer Evo 7, Porsche 911, Ferrari Testarrossa, Audi RS3, RS4 et j'en passe...","sameAs":["http:\/\/www.carideal.com","https:\/\/www.facebook.com\/nicolas.schiavon.39","https:\/\/www.instagram.com\/carideal1\/","https:\/\/www.linkedin.com\/in\/nschiavon\/","https:\/\/x.com\/caridealauto","https:\/\/www.youtube.com\/user\/caridealsas\/"],"url":"https:\/\/www.carideal.com\/blog\/author\/nschiavon\/"}]}},"uagb_featured_image_src":{"full":["https:\/\/www.carideal.com\/blog\/wp-content\/uploads\/2019\/09\/cupra-formentor-1-e1567849710463.jpg",600,400,false],"thumbnail":["https:\/\/www.carideal.com\/blog\/wp-content\/uploads\/2019\/09\/cupra-formentor-1-150x150.jpg",150,150,true],"medium":["https:\/\/www.carideal.com\/blog\/wp-content\/uploads\/2019\/09\/cupra-formentor-1-300x200.jpg",300,200,true],"medium_large":["https:\/\/www.carideal.com\/blog\/wp-content\/uploads\/2019\/09\/cupra-formentor-1-768x512.jpg",768,512,true],"large":["https:\/\/www.carideal.com\/blog\/wp-content\/uploads\/2019\/09\/cupra-formentor-1-e1567849710463.jpg",600,400,false],"1536x1536":["https:\/\/www.carideal.com\/blog\/wp-content\/uploads\/2019\/09\/cupra-formentor-1-e1567849710463.jpg",600,400,false],"2048x2048":["https:\/\/www.carideal.com\/blog\/wp-content\/uploads\/2019\/09\/cupra-formentor-1-e1567849710463.jpg",600,400,false],"wppr-widget":["https:\/\/www.carideal.com\/blog\/wp-content\/uploads\/2019\/09\/cupra-formentor-1-50x33.jpg",50,33,true]},"uagb_author_info":{"display_name":"Nicolas SCHIAVON","author_link":"https:\/\/www.carideal.com\/blog\/author\/nschiavon\/"},"uagb_comment_info":0,"uagb_excerpt":"SUV de performance Cupra Formentor \u00e0 venir en 2020 Le concept Cupra Formentor pr\u00e9sente en avant-premi\u00e8re un coup\u00e9 SUV de s\u00e9rie pour la marque de performance SEAT. SEAT ajoutera d'autres mod\u00e8les \u00e0 sa sous-marque de performance Cupra en 2020 avec le lancement du SUV coup\u00e9 Formentor, qui a \u00e9t\u00e9 d\u00e9voil\u00e9 en mars dernier au Salon\u2026","_links":{"self":[{"href":"https:\/\/www.carideal.com\/blog\/wp-json\/wp\/v2\/posts\/19675"}],"collection":[{"href":"https:\/\/www.carideal.com\/blog\/wp-json\/wp\/v2\/posts"}],"about":[{"href":"https:\/\/www.carideal.com\/blog\/wp-json\/wp\/v2\/types\/post"}],"author":[{"embeddable":true,"href":"https:\/\/www.carideal.com\/blog\/wp-json\/wp\/v2\/users\/3"}],"replies":[{"embeddable":true,"href":"https:\/\/www.carideal.com\/blog\/wp-json\/wp\/v2\/comments?post=19675"}],"version-history":[{"count":0,"href":"https:\/\/www.carideal.com\/blog\/wp-json\/wp\/v2\/posts\/19675\/revisions"}],"wp:featuredmedia":[{"embeddable":true,"href":"https:\/\/www.carideal.com\/blog\/wp-json\/wp\/v2\/media\/19676"}],"wp:attachment":[{"href":"https:\/\/www.carideal.com\/blog\/wp-json\/wp\/v2\/media?parent=19675"}],"wp:term":[{"taxonomy":"category","embeddable":true,"href":"https:\/\/www.carideal.com\/blog\/wp-json\/wp\/v2\/categories?post=19675"},{"taxonomy":"post_tag","embeddable":true,"href":"https:\/\/www.carideal.com\/blog\/wp-json\/wp\/v2\/tags?post=19675"}],"curies":[{"name":"wp","href":"https:\/\/api.w.org\/{rel}","templated":true}]}}