{"id":19641,"date":"2019-09-07T10:33:52","date_gmt":"2019-09-07T08:33:52","guid":{"rendered":"http:\/\/www.carideal.com\/blog\/?p=19641"},"modified":"2020-02-28T12:35:42","modified_gmt":"2020-02-28T11:35:42","slug":"le-nouveau-concept-cupra-tavascan-devoile-avant-francfort","status":"publish","type":"post","link":"https:\/\/www.carideal.com\/blog\/2019\/09\/07\/le-nouveau-concept-cupra-tavascan-devoile-avant-francfort\/","title":{"rendered":"Nouveau concept Cupra Tavascan d\u00e9voil\u00e9 avant Francfort"},"content":{"rendered":"<h2>Le nouveau concept Cupra Tavascan d\u00e9voil\u00e9 avant les d\u00e9buts de Francfort<\/h2>\n<p>Le <strong>nouveau concept du Cupra Tavascan est un coup\u00e9 SUV tout \u00e9lectrique<\/strong>, et il est pr\u00e9vu pour la production.<br \/>\nIl s'agit du Cupra Tavascan, un concept de coup\u00e9 SUV de la marque espagnole de performance et un v\u00e9hicule qui est d\u00e9j\u00e0 en ligne de production.<\/p>\n<figure id=\"attachment_19642\" aria-describedby=\"caption-attachment-19642\" style=\"width: 590px\" class=\"wp-caption alignnone\"><img loading=\"lazy\" decoding=\"async\" class=\"size-full wp-image-19642\" src=\"http:\/\/www.carideal.com\/blog\/wp-content\/uploads\/2019\/09\/cupra-tavascan-concept-01-e1567843518895.jpg\" alt=\"Le nouveau concept Cupra Tavascan d\u00e9voil\u00e9 avant les d\u00e9buts de Francfort\" width=\"600\" height=\"400\"><figcaption id=\"caption-attachment-19642\" class=\"wp-caption-text\">Le nouveau concept Cupra Tavascan d\u00e9voil\u00e9 avant les d\u00e9buts de Francfort<\/figcaption><\/figure>\n<p>Le deuxi\u00e8me mod\u00e8le unique de <a href=\"http:\/\/www.carideal.com\/blog\/marque-de-voiture-actualites-essais\/seat\/\">SEAT<\/a>, qui suit le Formentor, fait ses d\u00e9buts publics au Salon de l'automobile de Francfort, et il fait tr\u00e8s fortement allusion \u00e0 une future offre tout \u00e9lectrique en halo. En effet, le projet dispose d\u00e9j\u00e0 d'un code mod\u00e8le et son d\u00e9veloppement a \u00e9t\u00e9 prioris\u00e9 aux d\u00e9pens de la Cupra Ibiza et de la Cupra Arona, qui ont toutes deux \u00e9t\u00e9 mises en attente.<\/p>\n<p>La Marque Cupra a communiqu\u00e9 et d\u00e9voil\u00e9e les premi\u00e8res images exclusives du Tavascan. La voiture est un design simple, mais elle a un look frappant qui ne vous laisse pas sans avis. \u00c7a vous plaira peut-\u00eatre ou pas. Mais \u00e7a a un impact, et la marque pense que c'est tr\u00e8s important pour Cupra.<\/p>\n<p>Cupra n'a fait aucune d\u00e9claration sur le fait que la voiture soit destin\u00e9e \u00e0 la production, mais Mesonero a laiss\u00e9 fil\u00e9 dans la presse que rien n'avait encore \u00e9t\u00e9 d\u00e9cid\u00e9 \u00e0 100 pour cent, mais que l'id\u00e9e de la marque est de revenir dans les prochaines ann\u00e9es avec quelque chose d'extr\u00eamement similaire.<\/p>\n<p>La forme saisissante de ce corps en fibre de carbone est largement dict\u00e9e par l'a\u00e9rodynamisme. L'avant est \u00e9quip\u00e9 de deux grandes bouches d'a\u00e9ration 'S Duct' qui passent par le nez et sortent du capot, tandis que le pare-chocs est \u00e9vid\u00e9 de chaque c\u00f4t\u00e9 du logo illumin\u00e9 Cupra afin de faciliter la circulation de l'air sur les c\u00f4t\u00e9s.<\/p>\n<p>\u00c0 l'arri\u00e8re, les feux arri\u00e8re \u00e0 LED, qui correspondent \u00e0 la signature lumineuse des unit\u00e9s avant, se trouvent en haut du coffre. Un Kammback (Kamm-tail) (figure de style a\u00e9rodynamique) agressive et un grand diffuseur arri\u00e8re aident \u00e0 r\u00e9duire la portance sans augmenter la tra\u00een\u00e9e. M\u00eame les jantes en alliage de 22 pouces sont dot\u00e9es d'ailettes complexes qui produisent un minimum de turbulence.<\/p>\n<p>L'habitacle est plus conceptuel que pr\u00eat pour la production, mais son \u00e9cran d'infodivertissement de 13 pouces, dot\u00e9 d'un graphisme et d'une disposition totalement nouveaux, se retrouvera dans les nouveaux mod\u00e8les Cupra et SEAT dans un avenir proche. La capacit\u00e9 de l'\u00e9cran \u00e0 tourner \u00e9lectriquement de fa\u00e7on \u00e0 ce qu'il soit tourn\u00e9 vers le conducteur ou le passager avant est moins susceptible de se retrouver dans des mod\u00e8les homologu\u00e9s pour la route \u00e0 court terme. Le tableau de bord est affich\u00e9 sur un autre \u00e9cran num\u00e9rique de 12,3 pouces.<\/p>\n<div id='gallery-1' class='gallery galleryid-19641 gallery-columns-3 gallery-size-full'><figure class='gallery-item'>\n\t\t\t<div class='gallery-icon landscape'>\n\t\t\t\t<img loading=\"lazy\" decoding=\"async\" width=\"400\" height=\"267\" src=\"https:\/\/www.carideal.com\/blog\/wp-content\/uploads\/2019\/09\/cupra-tavascan-concept-2-e1567844611784.jpg\" class=\"attachment-full size-full\" alt=\"Arri\u00e8re Cupra Tavascan\" aria-describedby=\"gallery-1-19643\" \/>\n\t\t\t<\/div>\n\t\t\t\t<figcaption class='wp-caption-text gallery-caption' id='gallery-1-19643'>\n\t\t\t\tArri\u00e8re Cupra Tavascan\n\t\t\t\t<\/figcaption><\/figure><figure class='gallery-item'>\n\t\t\t<div class='gallery-icon landscape'>\n\t\t\t\t<img loading=\"lazy\" decoding=\"async\" width=\"400\" height=\"267\" src=\"https:\/\/www.carideal.com\/blog\/wp-content\/uploads\/2019\/09\/cupra-tavascan-concept-3-e1567844547874.jpg\" class=\"attachment-full size-full\" alt=\"Int\u00e9rieur Cupra Tavascan\" aria-describedby=\"gallery-1-19644\" \/>\n\t\t\t<\/div>\n\t\t\t\t<figcaption class='wp-caption-text gallery-caption' id='gallery-1-19644'>\n\t\t\t\tInt\u00e9rieur Cupra Tavascan\n\t\t\t\t<\/figcaption><\/figure><figure class='gallery-item'>\n\t\t\t<div class='gallery-icon landscape'>\n\t\t\t\t<img loading=\"lazy\" decoding=\"async\" width=\"400\" height=\"267\" src=\"https:\/\/www.carideal.com\/blog\/wp-content\/uploads\/2019\/09\/cupra-tavascan-concept-4-e1567844482329.jpg\" class=\"attachment-full size-full\" alt=\"Face AV Cupra Tavascan\" aria-describedby=\"gallery-1-19645\" \/>\n\t\t\t<\/div>\n\t\t\t\t<figcaption class='wp-caption-text gallery-caption' id='gallery-1-19645'>\n\t\t\t\tFace AV Cupra Tavascan\n\t\t\t\t<\/figcaption><\/figure><figure class='gallery-item'>\n\t\t\t<div class='gallery-icon landscape'>\n\t\t\t\t<img loading=\"lazy\" decoding=\"async\" width=\"400\" height=\"267\" src=\"https:\/\/www.carideal.com\/blog\/wp-content\/uploads\/2019\/09\/cupra-tavascan-concept-5-e1567844409510.jpg\" class=\"attachment-full size-full\" alt=\"lat\u00e9rale Cupra Tavascan\" aria-describedby=\"gallery-1-19646\" \/>\n\t\t\t<\/div>\n\t\t\t\t<figcaption class='wp-caption-text gallery-caption' id='gallery-1-19646'>\n\t\t\t\tlat\u00e9rale Cupra Tavascan\n\t\t\t\t<\/figcaption><\/figure><figure class='gallery-item'>\n\t\t\t<div class='gallery-icon landscape'>\n\t\t\t\t<img loading=\"lazy\" decoding=\"async\" width=\"400\" height=\"267\" src=\"https:\/\/www.carideal.com\/blog\/wp-content\/uploads\/2019\/09\/cupra-tavascan-concept-6-e1567844348763.jpg\" class=\"attachment-full size-full\" alt=\"Bouclier AV Cupra Tavascan\" aria-describedby=\"gallery-1-19647\" \/>\n\t\t\t<\/div>\n\t\t\t\t<figcaption class='wp-caption-text gallery-caption' id='gallery-1-19647'>\n\t\t\t\tBouclier AV Cupra Tavascan\n\t\t\t\t<\/figcaption><\/figure><figure class='gallery-item'>\n\t\t\t<div class='gallery-icon landscape'>\n\t\t\t\t<img loading=\"lazy\" decoding=\"async\" width=\"400\" height=\"267\" src=\"https:\/\/www.carideal.com\/blog\/wp-content\/uploads\/2019\/09\/cupra-tavascan-concept-7-e1567844290728.jpg\" class=\"attachment-full size-full\" alt=\"R\u00e9troviseurs Cupra Tavascan\" aria-describedby=\"gallery-1-19648\" \/>\n\t\t\t<\/div>\n\t\t\t\t<figcaption class='wp-caption-text gallery-caption' id='gallery-1-19648'>\n\t\t\t\tR\u00e9troviseurs Cupra Tavascan\n\t\t\t\t<\/figcaption><\/figure><figure class='gallery-item'>\n\t\t\t<div class='gallery-icon landscape'>\n\t\t\t\t<img loading=\"lazy\" decoding=\"async\" width=\"400\" height=\"267\" src=\"https:\/\/www.carideal.com\/blog\/wp-content\/uploads\/2019\/09\/cupra-tavascan-concept-8-e1567844232311.jpg\" class=\"attachment-full size-full\" alt=\"Capot moteur Cupra Tavascan\" aria-describedby=\"gallery-1-19649\" \/>\n\t\t\t<\/div>\n\t\t\t\t<figcaption class='wp-caption-text gallery-caption' id='gallery-1-19649'>\n\t\t\t\tCapot moteur Cupra Tavascan\n\t\t\t\t<\/figcaption><\/figure><figure class='gallery-item'>\n\t\t\t<div class='gallery-icon landscape'>\n\t\t\t\t<img loading=\"lazy\" decoding=\"async\" width=\"400\" height=\"267\" src=\"https:\/\/www.carideal.com\/blog\/wp-content\/uploads\/2019\/09\/cupra-tavascan-concept-9-e1567844200887.jpg\" class=\"attachment-full size-full\" alt=\"Lat\u00e9rale Cupra Tavascan\" aria-describedby=\"gallery-1-19650\" \/>\n\t\t\t<\/div>\n\t\t\t\t<figcaption class='wp-caption-text gallery-caption' id='gallery-1-19650'>\n\t\t\t\tLat\u00e9rale Cupra Tavascan\n\t\t\t\t<\/figcaption><\/figure><figure class='gallery-item'>\n\t\t\t<div class='gallery-icon landscape'>\n\t\t\t\t<img loading=\"lazy\" decoding=\"async\" width=\"400\" height=\"267\" src=\"https:\/\/www.carideal.com\/blog\/wp-content\/uploads\/2019\/09\/cupra-tavascan-concept-10-e1567844135918.jpg\" class=\"attachment-full size-full\" alt=\"Lat\u00e9rale Cupra Tavascan\" aria-describedby=\"gallery-1-19651\" \/>\n\t\t\t<\/div>\n\t\t\t\t<figcaption class='wp-caption-text gallery-caption' id='gallery-1-19651'>\n\t\t\t\tLat\u00e9rale Cupra Tavascan\n\t\t\t\t<\/figcaption><\/figure><figure class='gallery-item'>\n\t\t\t<div class='gallery-icon landscape'>\n\t\t\t\t<img loading=\"lazy\" decoding=\"async\" width=\"400\" height=\"267\" src=\"https:\/\/www.carideal.com\/blog\/wp-content\/uploads\/2019\/09\/cupra-tavascan-concept-11-e1567844076108.jpg\" class=\"attachment-full size-full\" alt=\"Arri\u00e8re Cupra Tavascan\" aria-describedby=\"gallery-1-19652\" \/>\n\t\t\t<\/div>\n\t\t\t\t<figcaption class='wp-caption-text gallery-caption' id='gallery-1-19652'>\n\t\t\t\tArri\u00e8re Cupra Tavascan\n\t\t\t\t<\/figcaption><\/figure><figure class='gallery-item'>\n\t\t\t<div class='gallery-icon landscape'>\n\t\t\t\t<img loading=\"lazy\" decoding=\"async\" width=\"400\" height=\"267\" src=\"https:\/\/www.carideal.com\/blog\/wp-content\/uploads\/2019\/09\/cupra-tavascan-concept-12-e1567844029172.jpg\" class=\"attachment-full size-full\" alt=\"Tableau de bord Cupra Tavascan\" aria-describedby=\"gallery-1-19653\" \/>\n\t\t\t<\/div>\n\t\t\t\t<figcaption class='wp-caption-text gallery-caption' id='gallery-1-19653'>\n\t\t\t\tTableau de bord Cupra Tavascan\n\t\t\t\t<\/figcaption><\/figure><figure class='gallery-item'>\n\t\t\t<div class='gallery-icon landscape'>\n\t\t\t\t<img loading=\"lazy\" decoding=\"async\" width=\"400\" height=\"267\" src=\"https:\/\/www.carideal.com\/blog\/wp-content\/uploads\/2019\/09\/cupra-tavascan-concept-13-e1567843852576.jpg\" class=\"attachment-full size-full\" alt=\"Si\u00e8ges Cupra Tavascan\" aria-describedby=\"gallery-1-19654\" \/>\n\t\t\t<\/div>\n\t\t\t\t<figcaption class='wp-caption-text gallery-caption' id='gallery-1-19654'>\n\t\t\t\tSi\u00e8ges Cupra Tavascan\n\t\t\t\t<\/figcaption><\/figure>\n\t\t<\/div>\n\n<p>Sous la carrosserie, le Tavascan roulera sur la m\u00eame <a href=\"https:\/\/volkswagengroup.fr\/premiere-mondiale-de-plateforme-modulaire-electrique-meb-fer-de-lance-de-lelectromobilite-groupe-volkswagen\/\">plateforme MEB<\/a> qui constituera bient\u00f4t la base d'une vaste gamme de v\u00e9hicules \u00e9lectriques du groupe <a href=\"http:\/\/www.carideal.com\/blog\/marque-de-voiture-actualites-essais\/volkswagen\/\">Volkswagen<\/a>. En tant que mod\u00e8le phare de Cupra, il offrira le groupe motopropulseur le plus puissant que la plateforme MEB puisse g\u00e9rer. Un syst\u00e8me \u00e0 deux moteurs (un sur chaque essieu pour les quatre roues motrices) d\u00e9livre une puissance totale de 302 ch, ce qui se traduit par un temps de 0 \u00e0 100 km\/h de moins de 6,5 secondes. Une batterie de 77 kWh promet une autonomie de 448 km.<\/p>\n<h2>Pr\u00e9sentation du nouveau concept Cupra Tavascan en video<\/h2>\n<p><iframe loading=\"lazy\" src=\"https:\/\/www.youtube.com\/embed\/INuqi11R3do\" width=\"560\" height=\"315\" frameborder=\"0\" allowfullscreen=\"allowfullscreen\"><\/iframe><\/p>\n<p>Axel Andorff, responsable de SEAT pour le d\u00e9veloppement technique, a d\u00e9clar\u00e9 que la d\u00e9cision de travailler sur le Tavascan avait \u00e9t\u00e9 tr\u00e8s simple, m\u00eame si cela signifiait supprimer les variantes Ibiza et Arona qui avaient \u00e9t\u00e9 pr\u00e9vues lors du lancement de la marque Cupra originale en f\u00e9vrier 2018.<\/p>\n<p>\"Si vous avez la chance de faire une Cupra Ibiza ou un Cupra Tavascan, que feriez-vous ?\" dit-il. \"M\u00eame si c'est dur \u00e0 entendre pour certaines personnes, il faut parfois dire non. Et pour les Ibiza et Arona, il y a une d\u00e9cision claire : ne pas les mettre sur le march\u00e9.\"<\/p>\n","protected":false},"excerpt":{"rendered":"<p>Le nouveau concept Cupra Tavascan d\u00e9voil\u00e9 avant les d\u00e9buts de Francfort Le nouveau concept du Cupra Tavascan est un coup\u00e9 SUV tout \u00e9lectrique, et il est pr\u00e9vu pour la production. Il s&rsquo;agit du Cupra Tavascan, un concept de coup\u00e9 SUV de la marque espagnole de performance et un v\u00e9hicule qui est d\u00e9j\u00e0 en ligne de &#8230; <a title=\"Nouveau concept Cupra Tavascan d\u00e9voil\u00e9 avant Francfort\" class=\"read-more\" href=\"https:\/\/www.carideal.com\/blog\/2019\/09\/07\/le-nouveau-concept-cupra-tavascan-devoile-avant-francfort\/\" aria-label=\"En savoir plus sur Nouveau concept Cupra Tavascan d\u00e9voil\u00e9 avant Francfort\">Lire plus<\/a><\/p>\n","protected":false},"author":3,"featured_media":19642,"comment_status":"open","ping_status":"open","sticky":false,"template":"","format":"standard","meta":{"_uag_custom_page_level_css":"","_themeisle_gutenberg_block_has_review":false,"footnotes":""},"categories":[5944,17159,5975,6010,5970],"tags":[],"class_list":["post-19641","post","type-post","status-publish","format-standard","has-post-thumbnail","hentry","category-constructeur","category-actualite-cupra","category-concept-car","category-suv","category-electrique-technologie-2"],"wppr_data":{"cwp_meta_box_check":"No"},"yoast_head":"<!-- This site is optimized with the Yoast SEO plugin v24.8.1 - https:\/\/yoast.com\/wordpress\/plugins\/seo\/ -->\n<title>Nouveau concept Cupra Tavascan d\u00e9voil\u00e9 avant Francfort - Blog auto Carid\u00e9al<\/title>\n<meta name=\"description\" content=\"Le nouveau concept Cupra Tavascan est un SUV coup\u00e9 tout \u00e9lectrique, et sa production est envisag\u00e9e et il sera pr\u00e9sent\u00e9 au salon de Francfort\" \/>\n<meta name=\"robots\" content=\"index, follow, max-snippet:-1, max-image-preview:large, max-video-preview:-1\" \/>\n<link rel=\"canonical\" href=\"https:\/\/www.carideal.com\/blog\/2019\/09\/07\/le-nouveau-concept-cupra-tavascan-devoile-avant-francfort\/\" \/>\n<meta property=\"og:locale\" content=\"fr_FR\" \/>\n<meta property=\"og:type\" content=\"article\" \/>\n<meta property=\"og:title\" content=\"Nouveau concept Cupra Tavascan d\u00e9voil\u00e9 avant Francfort - Blog auto Carid\u00e9al\" \/>\n<meta property=\"og:description\" content=\"Le nouveau concept Cupra Tavascan est un SUV coup\u00e9 tout \u00e9lectrique, et sa production est envisag\u00e9e et il sera pr\u00e9sent\u00e9 au salon de Francfort\" \/>\n<meta property=\"og:url\" content=\"https:\/\/www.carideal.com\/blog\/2019\/09\/07\/le-nouveau-concept-cupra-tavascan-devoile-avant-francfort\/\" \/>\n<meta property=\"og:site_name\" content=\"Blog auto Carid\u00e9al\" \/>\n<meta property=\"article:publisher\" content=\"https:\/\/www.facebook.com\/Carideal.mandataire.automobile\" \/>\n<meta property=\"article:author\" content=\"https:\/\/www.facebook.com\/nicolas.schiavon.39\" \/>\n<meta property=\"article:published_time\" content=\"2019-09-07T08:33:52+00:00\" \/>\n<meta property=\"article:modified_time\" content=\"2020-02-28T11:35:42+00:00\" \/>\n<meta property=\"og:image\" content=\"https:\/\/www.carideal.com\/blog\/wp-content\/uploads\/2019\/09\/cupra-tavascan-concept-01-e1567843518895.jpg\" \/>\n\t<meta property=\"og:image:width\" content=\"600\" \/>\n\t<meta property=\"og:image:height\" content=\"400\" \/>\n\t<meta property=\"og:image:type\" content=\"image\/jpeg\" \/>\n<meta name=\"author\" content=\"Nicolas SCHIAVON\" \/>\n<meta name=\"twitter:card\" content=\"summary_large_image\" \/>\n<meta name=\"twitter:creator\" content=\"@caridealauto\" \/>\n<meta name=\"twitter:site\" content=\"@caridealauto\" \/>\n<meta name=\"twitter:label1\" content=\"\u00c9crit par\" \/>\n\t<meta name=\"twitter:data1\" content=\"Nicolas SCHIAVON\" \/>\n\t<meta name=\"twitter:label2\" content=\"Dur\u00e9e de lecture estim\u00e9e\" \/>\n\t<meta name=\"twitter:data2\" content=\"4 minutes\" \/>\n<script type=\"application\/ld+json\" class=\"yoast-schema-graph\">{\"@context\":\"https:\/\/schema.org\",\"@graph\":[{\"@type\":\"Article\",\"@id\":\"https:\/\/www.carideal.com\/blog\/2019\/09\/07\/le-nouveau-concept-cupra-tavascan-devoile-avant-francfort\/#article\",\"isPartOf\":{\"@id\":\"https:\/\/www.carideal.com\/blog\/2019\/09\/07\/le-nouveau-concept-cupra-tavascan-devoile-avant-francfort\/\"},\"author\":{\"name\":\"Nicolas SCHIAVON\",\"@id\":\"https:\/\/www.carideal.com\/blog\/#\/schema\/person\/cd95dc7919660de90d31b366f85be1ec\"},\"headline\":\"Nouveau concept Cupra Tavascan d\u00e9voil\u00e9 avant Francfort\",\"datePublished\":\"2019-09-07T08:33:52+00:00\",\"dateModified\":\"2020-02-28T11:35:42+00:00\",\"mainEntityOfPage\":{\"@id\":\"https:\/\/www.carideal.com\/blog\/2019\/09\/07\/le-nouveau-concept-cupra-tavascan-devoile-avant-francfort\/\"},\"wordCount\":714,\"commentCount\":0,\"publisher\":{\"@id\":\"https:\/\/www.carideal.com\/blog\/#organization\"},\"image\":{\"@id\":\"https:\/\/www.carideal.com\/blog\/2019\/09\/07\/le-nouveau-concept-cupra-tavascan-devoile-avant-francfort\/#primaryimage\"},\"thumbnailUrl\":\"https:\/\/www.carideal.com\/blog\/wp-content\/uploads\/2019\/09\/cupra-tavascan-concept-01-e1567843518895.jpg\",\"articleSection\":[\"Actualit\u00e9 Constructeur automobile\",\"Actualit\u00e9 Cupra\",\"Concept car\",\"SUV\",\"Voiture \u00e9lectrique\"],\"inLanguage\":\"fr-FR\",\"potentialAction\":[{\"@type\":\"CommentAction\",\"name\":\"Comment\",\"target\":[\"https:\/\/www.carideal.com\/blog\/2019\/09\/07\/le-nouveau-concept-cupra-tavascan-devoile-avant-francfort\/#respond\"]}]},{\"@type\":\"WebPage\",\"@id\":\"https:\/\/www.carideal.com\/blog\/2019\/09\/07\/le-nouveau-concept-cupra-tavascan-devoile-avant-francfort\/\",\"url\":\"https:\/\/www.carideal.com\/blog\/2019\/09\/07\/le-nouveau-concept-cupra-tavascan-devoile-avant-francfort\/\",\"name\":\"Nouveau concept Cupra Tavascan d\u00e9voil\u00e9 avant Francfort - Blog auto Carid\u00e9al\",\"isPartOf\":{\"@id\":\"https:\/\/www.carideal.com\/blog\/#website\"},\"primaryImageOfPage\":{\"@id\":\"https:\/\/www.carideal.com\/blog\/2019\/09\/07\/le-nouveau-concept-cupra-tavascan-devoile-avant-francfort\/#primaryimage\"},\"image\":{\"@id\":\"https:\/\/www.carideal.com\/blog\/2019\/09\/07\/le-nouveau-concept-cupra-tavascan-devoile-avant-francfort\/#primaryimage\"},\"thumbnailUrl\":\"https:\/\/www.carideal.com\/blog\/wp-content\/uploads\/2019\/09\/cupra-tavascan-concept-01-e1567843518895.jpg\",\"datePublished\":\"2019-09-07T08:33:52+00:00\",\"dateModified\":\"2020-02-28T11:35:42+00:00\",\"description\":\"Le nouveau concept Cupra Tavascan est un SUV coup\u00e9 tout \u00e9lectrique, et sa production est envisag\u00e9e et il sera pr\u00e9sent\u00e9 au salon de Francfort\",\"breadcrumb\":{\"@id\":\"https:\/\/www.carideal.com\/blog\/2019\/09\/07\/le-nouveau-concept-cupra-tavascan-devoile-avant-francfort\/#breadcrumb\"},\"inLanguage\":\"fr-FR\",\"potentialAction\":[{\"@type\":\"ReadAction\",\"target\":[\"https:\/\/www.carideal.com\/blog\/2019\/09\/07\/le-nouveau-concept-cupra-tavascan-devoile-avant-francfort\/\"]}]},{\"@type\":\"ImageObject\",\"inLanguage\":\"fr-FR\",\"@id\":\"https:\/\/www.carideal.com\/blog\/2019\/09\/07\/le-nouveau-concept-cupra-tavascan-devoile-avant-francfort\/#primaryimage\",\"url\":\"https:\/\/www.carideal.com\/blog\/wp-content\/uploads\/2019\/09\/cupra-tavascan-concept-01-e1567843518895.jpg\",\"contentUrl\":\"https:\/\/www.carideal.com\/blog\/wp-content\/uploads\/2019\/09\/cupra-tavascan-concept-01-e1567843518895.jpg\",\"width\":600,\"height\":400,\"caption\":\"Le nouveau concept Cupra Tavascan d\u00e9voil\u00e9 avant les d\u00e9buts de Francfort\"},{\"@type\":\"BreadcrumbList\",\"@id\":\"https:\/\/www.carideal.com\/blog\/2019\/09\/07\/le-nouveau-concept-cupra-tavascan-devoile-avant-francfort\/#breadcrumb\",\"itemListElement\":[{\"@type\":\"ListItem\",\"position\":1,\"name\":\"Blog Carid\u00e9al\",\"item\":\"https:\/\/www.carideal.com\/blog\/\"},{\"@type\":\"ListItem\",\"position\":2,\"name\":\"Actualit\u00e9 constructeur automobile\",\"item\":\"https:\/\/www.carideal.com\/blog\/constructeur\/\"},{\"@type\":\"ListItem\",\"position\":3,\"name\":\"Actualit\u00e9 Cupra\",\"item\":\"https:\/\/www.carideal.com\/blog\/constructeur\/actualite-cupra\/\"},{\"@type\":\"ListItem\",\"position\":4,\"name\":\"Nouveau concept Cupra Tavascan d\u00e9voil\u00e9 avant Francfort\"}]},{\"@type\":\"WebSite\",\"@id\":\"https:\/\/www.carideal.com\/blog\/#website\",\"url\":\"https:\/\/www.carideal.com\/blog\/\",\"name\":\"Blog auto Carid\u00e9al\",\"description\":\"Actualit\u00e9 auto par des passionn\u00e9s\",\"publisher\":{\"@id\":\"https:\/\/www.carideal.com\/blog\/#organization\"},\"potentialAction\":[{\"@type\":\"SearchAction\",\"target\":{\"@type\":\"EntryPoint\",\"urlTemplate\":\"https:\/\/www.carideal.com\/blog\/?s={search_term_string}\"},\"query-input\":{\"@type\":\"PropertyValueSpecification\",\"valueRequired\":true,\"valueName\":\"search_term_string\"}}],\"inLanguage\":\"fr-FR\"},{\"@type\":\"Organization\",\"@id\":\"https:\/\/www.carideal.com\/blog\/#organization\",\"name\":\"Carideal\",\"url\":\"https:\/\/www.carideal.com\/blog\/\",\"logo\":{\"@type\":\"ImageObject\",\"inLanguage\":\"fr-FR\",\"@id\":\"https:\/\/www.carideal.com\/blog\/#\/schema\/logo\/image\/\",\"url\":\"http:\/\/www.carideal.com\/blog\/wp-content\/uploads\/2016\/03\/logo-carideal-mandataire-automobile.png\",\"contentUrl\":\"http:\/\/www.carideal.com\/blog\/wp-content\/uploads\/2016\/03\/logo-carideal-mandataire-automobile.png\",\"width\":300,\"height\":300,\"caption\":\"Carideal\"},\"image\":{\"@id\":\"https:\/\/www.carideal.com\/blog\/#\/schema\/logo\/image\/\"},\"sameAs\":[\"https:\/\/www.facebook.com\/Carideal.mandataire.automobile\",\"https:\/\/x.com\/caridealauto\",\"https:\/\/www.instagram.com\/carideal1\/\",\"https:\/\/www.linkedin.com\/company\/carideal.com\",\"https:\/\/fr.pinterest.com\/schiavonsas\/\",\"https:\/\/www.youtube.com\/user\/caridealsas\"]},{\"@type\":\"Person\",\"@id\":\"https:\/\/www.carideal.com\/blog\/#\/schema\/person\/cd95dc7919660de90d31b366f85be1ec\",\"name\":\"Nicolas SCHIAVON\",\"image\":{\"@type\":\"ImageObject\",\"inLanguage\":\"fr-FR\",\"@id\":\"https:\/\/www.carideal.com\/blog\/#\/schema\/person\/image\/\",\"url\":\"https:\/\/secure.gravatar.com\/avatar\/c17e55009e671d92cc7f5dc837dc418a?s=96&r=g\",\"contentUrl\":\"https:\/\/secure.gravatar.com\/avatar\/c17e55009e671d92cc7f5dc837dc418a?s=96&r=g\",\"caption\":\"Nicolas SCHIAVON\"},\"description\":\"Nicolas Schiavon est tomb\u00e9 tout petit dans la marmite automobile. Ayant eu un garage de marque automobile, mandataire automobile de la premi\u00e8re heure d\u00e8s 1999. Nicolas a cr\u00e9\u00e9 ces premiers sites de vente de voiture et blog automobile d\u00e8s 1994. Carideal est n\u00e9 le 15 d\u00e9cembre 2000 de la volont\u00e9 de vendre des voitures d'occasions en ligne puis des voitures neuves. Il a pu essayer beaucoup de voitures tr\u00e8s diff\u00e9rentes et ayant eu personnellement quelques belles autos, Subaru Impreza, Mitsubishi Lancer Evo 7, Porsche 911, Ferrari Testarrossa, Audi RS3, RS4 et j'en passe...\",\"sameAs\":[\"http:\/\/www.carideal.com\",\"https:\/\/www.facebook.com\/nicolas.schiavon.39\",\"https:\/\/www.instagram.com\/carideal1\/\",\"https:\/\/www.linkedin.com\/in\/nschiavon\/\",\"https:\/\/x.com\/caridealauto\",\"https:\/\/www.youtube.com\/user\/caridealsas\/\"],\"url\":\"https:\/\/www.carideal.com\/blog\/author\/nschiavon\/\"}]}<\/script>\n<!-- \/ Yoast SEO plugin. -->","yoast_head_json":{"title":"Nouveau concept Cupra Tavascan d\u00e9voil\u00e9 avant Francfort - Blog auto Carid\u00e9al","description":"Le nouveau concept Cupra Tavascan est un SUV coup\u00e9 tout \u00e9lectrique, et sa production est envisag\u00e9e et il sera pr\u00e9sent\u00e9 au salon de Francfort","robots":{"index":"index","follow":"follow","max-snippet":"max-snippet:-1","max-image-preview":"max-image-preview:large","max-video-preview":"max-video-preview:-1"},"canonical":"https:\/\/www.carideal.com\/blog\/2019\/09\/07\/le-nouveau-concept-cupra-tavascan-devoile-avant-francfort\/","og_locale":"fr_FR","og_type":"article","og_title":"Nouveau concept Cupra Tavascan d\u00e9voil\u00e9 avant Francfort - Blog auto Carid\u00e9al","og_description":"Le nouveau concept Cupra Tavascan est un SUV coup\u00e9 tout \u00e9lectrique, et sa production est envisag\u00e9e et il sera pr\u00e9sent\u00e9 au salon de Francfort","og_url":"https:\/\/www.carideal.com\/blog\/2019\/09\/07\/le-nouveau-concept-cupra-tavascan-devoile-avant-francfort\/","og_site_name":"Blog auto Carid\u00e9al","article_publisher":"https:\/\/www.facebook.com\/Carideal.mandataire.automobile","article_author":"https:\/\/www.facebook.com\/nicolas.schiavon.39","article_published_time":"2019-09-07T08:33:52+00:00","article_modified_time":"2020-02-28T11:35:42+00:00","og_image":[{"width":600,"height":400,"url":"https:\/\/www.carideal.com\/blog\/wp-content\/uploads\/2019\/09\/cupra-tavascan-concept-01-e1567843518895.jpg","type":"image\/jpeg"}],"author":"Nicolas SCHIAVON","twitter_card":"summary_large_image","twitter_creator":"@caridealauto","twitter_site":"@caridealauto","twitter_misc":{"\u00c9crit par":"Nicolas SCHIAVON","Dur\u00e9e de lecture estim\u00e9e":"4 minutes"},"schema":{"@context":"https:\/\/schema.org","@graph":[{"@type":"Article","@id":"https:\/\/www.carideal.com\/blog\/2019\/09\/07\/le-nouveau-concept-cupra-tavascan-devoile-avant-francfort\/#article","isPartOf":{"@id":"https:\/\/www.carideal.com\/blog\/2019\/09\/07\/le-nouveau-concept-cupra-tavascan-devoile-avant-francfort\/"},"author":{"name":"Nicolas SCHIAVON","@id":"https:\/\/www.carideal.com\/blog\/#\/schema\/person\/cd95dc7919660de90d31b366f85be1ec"},"headline":"Nouveau concept Cupra Tavascan d\u00e9voil\u00e9 avant Francfort","datePublished":"2019-09-07T08:33:52+00:00","dateModified":"2020-02-28T11:35:42+00:00","mainEntityOfPage":{"@id":"https:\/\/www.carideal.com\/blog\/2019\/09\/07\/le-nouveau-concept-cupra-tavascan-devoile-avant-francfort\/"},"wordCount":714,"commentCount":0,"publisher":{"@id":"https:\/\/www.carideal.com\/blog\/#organization"},"image":{"@id":"https:\/\/www.carideal.com\/blog\/2019\/09\/07\/le-nouveau-concept-cupra-tavascan-devoile-avant-francfort\/#primaryimage"},"thumbnailUrl":"https:\/\/www.carideal.com\/blog\/wp-content\/uploads\/2019\/09\/cupra-tavascan-concept-01-e1567843518895.jpg","articleSection":["Actualit\u00e9 Constructeur automobile","Actualit\u00e9 Cupra","Concept car","SUV","Voiture \u00e9lectrique"],"inLanguage":"fr-FR","potentialAction":[{"@type":"CommentAction","name":"Comment","target":["https:\/\/www.carideal.com\/blog\/2019\/09\/07\/le-nouveau-concept-cupra-tavascan-devoile-avant-francfort\/#respond"]}]},{"@type":"WebPage","@id":"https:\/\/www.carideal.com\/blog\/2019\/09\/07\/le-nouveau-concept-cupra-tavascan-devoile-avant-francfort\/","url":"https:\/\/www.carideal.com\/blog\/2019\/09\/07\/le-nouveau-concept-cupra-tavascan-devoile-avant-francfort\/","name":"Nouveau concept Cupra Tavascan d\u00e9voil\u00e9 avant Francfort - Blog auto Carid\u00e9al","isPartOf":{"@id":"https:\/\/www.carideal.com\/blog\/#website"},"primaryImageOfPage":{"@id":"https:\/\/www.carideal.com\/blog\/2019\/09\/07\/le-nouveau-concept-cupra-tavascan-devoile-avant-francfort\/#primaryimage"},"image":{"@id":"https:\/\/www.carideal.com\/blog\/2019\/09\/07\/le-nouveau-concept-cupra-tavascan-devoile-avant-francfort\/#primaryimage"},"thumbnailUrl":"https:\/\/www.carideal.com\/blog\/wp-content\/uploads\/2019\/09\/cupra-tavascan-concept-01-e1567843518895.jpg","datePublished":"2019-09-07T08:33:52+00:00","dateModified":"2020-02-28T11:35:42+00:00","description":"Le nouveau concept Cupra Tavascan est un SUV coup\u00e9 tout \u00e9lectrique, et sa production est envisag\u00e9e et il sera pr\u00e9sent\u00e9 au salon de Francfort","breadcrumb":{"@id":"https:\/\/www.carideal.com\/blog\/2019\/09\/07\/le-nouveau-concept-cupra-tavascan-devoile-avant-francfort\/#breadcrumb"},"inLanguage":"fr-FR","potentialAction":[{"@type":"ReadAction","target":["https:\/\/www.carideal.com\/blog\/2019\/09\/07\/le-nouveau-concept-cupra-tavascan-devoile-avant-francfort\/"]}]},{"@type":"ImageObject","inLanguage":"fr-FR","@id":"https:\/\/www.carideal.com\/blog\/2019\/09\/07\/le-nouveau-concept-cupra-tavascan-devoile-avant-francfort\/#primaryimage","url":"https:\/\/www.carideal.com\/blog\/wp-content\/uploads\/2019\/09\/cupra-tavascan-concept-01-e1567843518895.jpg","contentUrl":"https:\/\/www.carideal.com\/blog\/wp-content\/uploads\/2019\/09\/cupra-tavascan-concept-01-e1567843518895.jpg","width":600,"height":400,"caption":"Le nouveau concept Cupra Tavascan d\u00e9voil\u00e9 avant les d\u00e9buts de Francfort"},{"@type":"BreadcrumbList","@id":"https:\/\/www.carideal.com\/blog\/2019\/09\/07\/le-nouveau-concept-cupra-tavascan-devoile-avant-francfort\/#breadcrumb","itemListElement":[{"@type":"ListItem","position":1,"name":"Blog Carid\u00e9al","item":"https:\/\/www.carideal.com\/blog\/"},{"@type":"ListItem","position":2,"name":"Actualit\u00e9 constructeur automobile","item":"https:\/\/www.carideal.com\/blog\/constructeur\/"},{"@type":"ListItem","position":3,"name":"Actualit\u00e9 Cupra","item":"https:\/\/www.carideal.com\/blog\/constructeur\/actualite-cupra\/"},{"@type":"ListItem","position":4,"name":"Nouveau concept Cupra Tavascan d\u00e9voil\u00e9 avant Francfort"}]},{"@type":"WebSite","@id":"https:\/\/www.carideal.com\/blog\/#website","url":"https:\/\/www.carideal.com\/blog\/","name":"Blog auto Carid\u00e9al","description":"Actualit\u00e9 auto par des passionn\u00e9s","publisher":{"@id":"https:\/\/www.carideal.com\/blog\/#organization"},"potentialAction":[{"@type":"SearchAction","target":{"@type":"EntryPoint","urlTemplate":"https:\/\/www.carideal.com\/blog\/?s={search_term_string}"},"query-input":{"@type":"PropertyValueSpecification","valueRequired":true,"valueName":"search_term_string"}}],"inLanguage":"fr-FR"},{"@type":"Organization","@id":"https:\/\/www.carideal.com\/blog\/#organization","name":"Carideal","url":"https:\/\/www.carideal.com\/blog\/","logo":{"@type":"ImageObject","inLanguage":"fr-FR","@id":"https:\/\/www.carideal.com\/blog\/#\/schema\/logo\/image\/","url":"http:\/\/www.carideal.com\/blog\/wp-content\/uploads\/2016\/03\/logo-carideal-mandataire-automobile.png","contentUrl":"http:\/\/www.carideal.com\/blog\/wp-content\/uploads\/2016\/03\/logo-carideal-mandataire-automobile.png","width":300,"height":300,"caption":"Carideal"},"image":{"@id":"https:\/\/www.carideal.com\/blog\/#\/schema\/logo\/image\/"},"sameAs":["https:\/\/www.facebook.com\/Carideal.mandataire.automobile","https:\/\/x.com\/caridealauto","https:\/\/www.instagram.com\/carideal1\/","https:\/\/www.linkedin.com\/company\/carideal.com","https:\/\/fr.pinterest.com\/schiavonsas\/","https:\/\/www.youtube.com\/user\/caridealsas"]},{"@type":"Person","@id":"https:\/\/www.carideal.com\/blog\/#\/schema\/person\/cd95dc7919660de90d31b366f85be1ec","name":"Nicolas SCHIAVON","image":{"@type":"ImageObject","inLanguage":"fr-FR","@id":"https:\/\/www.carideal.com\/blog\/#\/schema\/person\/image\/","url":"https:\/\/secure.gravatar.com\/avatar\/c17e55009e671d92cc7f5dc837dc418a?s=96&r=g","contentUrl":"https:\/\/secure.gravatar.com\/avatar\/c17e55009e671d92cc7f5dc837dc418a?s=96&r=g","caption":"Nicolas SCHIAVON"},"description":"Nicolas Schiavon est tomb\u00e9 tout petit dans la marmite automobile. Ayant eu un garage de marque automobile, mandataire automobile de la premi\u00e8re heure d\u00e8s 1999. Nicolas a cr\u00e9\u00e9 ces premiers sites de vente de voiture et blog automobile d\u00e8s 1994. Carideal est n\u00e9 le 15 d\u00e9cembre 2000 de la volont\u00e9 de vendre des voitures d'occasions en ligne puis des voitures neuves. Il a pu essayer beaucoup de voitures tr\u00e8s diff\u00e9rentes et ayant eu personnellement quelques belles autos, Subaru Impreza, Mitsubishi Lancer Evo 7, Porsche 911, Ferrari Testarrossa, Audi RS3, RS4 et j'en passe...","sameAs":["http:\/\/www.carideal.com","https:\/\/www.facebook.com\/nicolas.schiavon.39","https:\/\/www.instagram.com\/carideal1\/","https:\/\/www.linkedin.com\/in\/nschiavon\/","https:\/\/x.com\/caridealauto","https:\/\/www.youtube.com\/user\/caridealsas\/"],"url":"https:\/\/www.carideal.com\/blog\/author\/nschiavon\/"}]}},"uagb_featured_image_src":{"full":["https:\/\/www.carideal.com\/blog\/wp-content\/uploads\/2019\/09\/cupra-tavascan-concept-01-e1567843518895.jpg",600,400,false],"thumbnail":["https:\/\/www.carideal.com\/blog\/wp-content\/uploads\/2019\/09\/cupra-tavascan-concept-01-150x150.jpg",150,150,true],"medium":["https:\/\/www.carideal.com\/blog\/wp-content\/uploads\/2019\/09\/cupra-tavascan-concept-01-300x200.jpg",300,200,true],"medium_large":["https:\/\/www.carideal.com\/blog\/wp-content\/uploads\/2019\/09\/cupra-tavascan-concept-01-768x512.jpg",768,512,true],"large":["https:\/\/www.carideal.com\/blog\/wp-content\/uploads\/2019\/09\/cupra-tavascan-concept-01-e1567843518895.jpg",600,400,false],"1536x1536":["https:\/\/www.carideal.com\/blog\/wp-content\/uploads\/2019\/09\/cupra-tavascan-concept-01-e1567843518895.jpg",600,400,false],"2048x2048":["https:\/\/www.carideal.com\/blog\/wp-content\/uploads\/2019\/09\/cupra-tavascan-concept-01-e1567843518895.jpg",600,400,false],"wppr-widget":["https:\/\/www.carideal.com\/blog\/wp-content\/uploads\/2019\/09\/cupra-tavascan-concept-01-50x33.jpg",50,33,true]},"uagb_author_info":{"display_name":"Nicolas SCHIAVON","author_link":"https:\/\/www.carideal.com\/blog\/author\/nschiavon\/"},"uagb_comment_info":0,"uagb_excerpt":"Le nouveau concept Cupra Tavascan d\u00e9voil\u00e9 avant les d\u00e9buts de Francfort Le nouveau concept du Cupra Tavascan est un coup\u00e9 SUV tout \u00e9lectrique, et il est pr\u00e9vu pour la production. Il s'agit du Cupra Tavascan, un concept de coup\u00e9 SUV de la marque espagnole de performance et un v\u00e9hicule qui est d\u00e9j\u00e0 en ligne de\u2026","_links":{"self":[{"href":"https:\/\/www.carideal.com\/blog\/wp-json\/wp\/v2\/posts\/19641"}],"collection":[{"href":"https:\/\/www.carideal.com\/blog\/wp-json\/wp\/v2\/posts"}],"about":[{"href":"https:\/\/www.carideal.com\/blog\/wp-json\/wp\/v2\/types\/post"}],"author":[{"embeddable":true,"href":"https:\/\/www.carideal.com\/blog\/wp-json\/wp\/v2\/users\/3"}],"replies":[{"embeddable":true,"href":"https:\/\/www.carideal.com\/blog\/wp-json\/wp\/v2\/comments?post=19641"}],"version-history":[{"count":0,"href":"https:\/\/www.carideal.com\/blog\/wp-json\/wp\/v2\/posts\/19641\/revisions"}],"wp:featuredmedia":[{"embeddable":true,"href":"https:\/\/www.carideal.com\/blog\/wp-json\/wp\/v2\/media\/19642"}],"wp:attachment":[{"href":"https:\/\/www.carideal.com\/blog\/wp-json\/wp\/v2\/media?parent=19641"}],"wp:term":[{"taxonomy":"category","embeddable":true,"href":"https:\/\/www.carideal.com\/blog\/wp-json\/wp\/v2\/categories?post=19641"},{"taxonomy":"post_tag","embeddable":true,"href":"https:\/\/www.carideal.com\/blog\/wp-json\/wp\/v2\/tags?post=19641"}],"curies":[{"name":"wp","href":"https:\/\/api.w.org\/{rel}","templated":true}]}}