{"id":19638,"date":"2019-09-07T09:33:49","date_gmt":"2019-09-07T07:33:49","guid":{"rendered":"http:\/\/www.carideal.com\/blog\/?p=19638"},"modified":"2019-09-07T15:20:21","modified_gmt":"2019-09-07T13:20:21","slug":"cupra-envisage-des-modeles-r-haute-performance","status":"publish","type":"post","link":"https:\/\/www.carideal.com\/blog\/2019\/09\/07\/cupra-envisage-des-modeles-r-haute-performance\/","title":{"rendered":"Cupra envisage des mod\u00e8les &lsquo;R&rsquo; haute performance"},"content":{"rendered":"<h2>Cupra envisage des mod\u00e8les 'R' haute performance<\/h2>\n<p>L'offre de Cupra devrait s'\u00e9largir rapidement d'ici la fin de 2020, avec des variantes 'R' plus extr\u00eames potentiellement en cours de d\u00e9veloppement.<br \/>\n<strong>Cupra envisage d\u00e9j\u00e0 des versions 'R' plus performantes<\/strong> de ses mod\u00e8les, a r\u00e9v\u00e9l\u00e9 le patron technique de l'entreprise.<\/p>\n<figure id=\"attachment_19639\" aria-describedby=\"caption-attachment-19639\" style=\"width: 590px\" class=\"wp-caption alignnone\"><img loading=\"lazy\" decoding=\"async\" class=\"wp-image-19639 size-full\" title=\"Cupra envisage des mod\u00e8les 'R' haute performance\" src=\"http:\/\/www.carideal.com\/blog\/wp-content\/uploads\/2019\/09\/cupra-tavascan-concept-e1567841126536.jpg\" alt=\"Cupra envisage des mod\u00e8les 'R' haute performance\" width=\"600\" height=\"243\" \/><figcaption id=\"caption-attachment-19639\" class=\"wp-caption-text\">Cupra envisage des mod\u00e8les 'R' haute performance<\/figcaption><\/figure>\n<p>La sous-marque de performance <a href=\"http:\/\/www.carideal.com\/blog\/marque-de-voiture-actualites-essais\/seat\/\">SEAT<\/a> devrait rapidement \u00e9largir sa gamme au cours des 18 prochains mois, gr\u00e2ce \u00e0 la nouvelle Leon et au gros SUV Formentor. Lorsqu'on lui a demand\u00e9 si les voitures pouvaient \u00e9voluer dans une direction encore plus extr\u00eame et plus rapide, pour inclure potentiellement des variantes R comme il y en a eu sur les \u00e9ditions Cupra dans le pass\u00e9, le chef du d\u00e9veloppement technique de SEAT, <a href=\"https:\/\/www.seat-mediacenter.fr\/actualites\/actu\/rh\/2019\/axel-andorff-nouveau-vice-president-RD.html\">Axel Andorff<\/a>, a d\u00e9clar\u00e9 : \"Nous sommes des ing\u00e9nieurs ambitieux et il n'y a pratiquement aucune limite pour nous. C'est toujours int\u00e9ressant de voir ce qui est possible et de mettre la barre toujours plus haut.\"<\/p>\n<p>- <a href=\"http:\/\/www.carideal.com\/blog\/2019\/09\/07\/le-nouveau-concept-cupra-tavascan-devoile-avant-francfort\/\">Nouveau concept tout \u00e9lectrique Cupra Tavascan tout \u00e9lectrique d\u00e9voil\u00e9<\/a><\/p>\n<p>Et d'ajouter\u00a0: \"\u00a0Je suis chez SEAT depuis six mois et j'ai d\u00e9j\u00e0 pilot\u00e9 la quasi-totalit\u00e9 des voitures de s\u00e9rie. Mais j'ai aussi pilot\u00e9 quelques prototypes, dans lesquels nous avons ajout\u00e9 de nouvelles combinaisons de moteurs et d'autres groupes motopropulseurs. Nous sommes des ing\u00e9nieurs, apr\u00e8s tout, alors soyez s\u00fbrs que nous avons d\u00e9j\u00e0 quelques id\u00e9es.\"<\/p>\n<p>Contrairement \u00e0 ce que l'on pensait auparavant, la Formentor ne devrait \u00eatre qu'une Cupra, et ne pas \u00eatre rebadg\u00e9 en finitions plus civilis\u00e9es SEAT plus douces avec le m\u00eame style de carrosserie. \"D'apr\u00e8s les premi\u00e8res r\u00e9actions, nous avons un produit tr\u00e8s solide, a dit Andorff, et nous aimerions vraiment que cette voiture ne soit qu'une Cupra. C'est vraiment mon intention.\"<\/p>\n<p>Il a \u00e9galement sugg\u00e9r\u00e9 qu'il y aurait de la r\u00e9sistance \u00e0 l'id\u00e9e que Cupra essaie d'\u00e9tendre l'attrait de la ligne mod\u00e8le Formentor en incluant des \u00e9ditions plus lentes et moins extr\u00eames. \"Il faudrait voir quelle est la demande pour un tel v\u00e9hicule \", a dit M. Andorff. \"Mais l'intention est de ne pas mettre d'eau dans le vin.\"<\/p>\n","protected":false},"excerpt":{"rendered":"<p>Cupra envisage des mod\u00e8les &lsquo;R&rsquo; haute performance L&rsquo;offre de Cupra devrait s&rsquo;\u00e9largir rapidement d&rsquo;ici la fin de 2020, avec des variantes &lsquo;R&rsquo; plus extr\u00eames potentiellement en cours de d\u00e9veloppement. Cupra envisage d\u00e9j\u00e0 des versions &lsquo;R&rsquo; plus performantes de ses mod\u00e8les, a r\u00e9v\u00e9l\u00e9 le patron technique de l&rsquo;entreprise. La sous-marque de performance SEAT devrait rapidement \u00e9largir &#8230; <a title=\"Cupra envisage des mod\u00e8les &lsquo;R&rsquo; haute performance\" class=\"read-more\" href=\"https:\/\/www.carideal.com\/blog\/2019\/09\/07\/cupra-envisage-des-modeles-r-haute-performance\/\" aria-label=\"En savoir plus sur Cupra envisage des mod\u00e8les &lsquo;R&rsquo; haute performance\">Lire plus<\/a><\/p>\n","protected":false},"author":3,"featured_media":19639,"comment_status":"open","ping_status":"open","sticky":false,"template":"","format":"standard","meta":{"_uag_custom_page_level_css":"","_themeisle_gutenberg_block_has_review":false,"footnotes":""},"categories":[5944,17159,5975],"tags":[],"class_list":["post-19638","post","type-post","status-publish","format-standard","has-post-thumbnail","hentry","category-constructeur","category-actualite-cupra","category-concept-car"],"wppr_data":{"cwp_meta_box_check":"No"},"yoast_head":"<!-- This site is optimized with the Yoast SEO plugin v24.8.1 - https:\/\/yoast.com\/wordpress\/plugins\/seo\/ -->\n<title>Cupra envisage des mod\u00e8les &#039;R&#039; haute performance - Blog auto Carid\u00e9al<\/title>\n<meta name=\"description\" content=\"La gamme de Cupra devrait se d\u00e9velopper rapidement d&#039;ici la fin de 2020, et d&#039;autres mod\u00e8les \u00abR\u00bb plus extr\u00eames sont potentiellement \u00e0 venir.\" \/>\n<meta name=\"robots\" content=\"index, follow, max-snippet:-1, max-image-preview:large, max-video-preview:-1\" \/>\n<link rel=\"canonical\" href=\"https:\/\/www.carideal.com\/blog\/2019\/09\/07\/cupra-envisage-des-modeles-r-haute-performance\/\" \/>\n<meta property=\"og:locale\" content=\"fr_FR\" \/>\n<meta property=\"og:type\" content=\"article\" \/>\n<meta property=\"og:title\" content=\"Cupra envisage des mod\u00e8les &#039;R&#039; haute performance - Blog auto Carid\u00e9al\" \/>\n<meta property=\"og:description\" content=\"La gamme de Cupra devrait se d\u00e9velopper rapidement d&#039;ici la fin de 2020, et d&#039;autres mod\u00e8les \u00abR\u00bb plus extr\u00eames sont potentiellement \u00e0 venir.\" \/>\n<meta property=\"og:url\" content=\"https:\/\/www.carideal.com\/blog\/2019\/09\/07\/cupra-envisage-des-modeles-r-haute-performance\/\" \/>\n<meta property=\"og:site_name\" content=\"Blog auto Carid\u00e9al\" \/>\n<meta property=\"article:publisher\" content=\"https:\/\/www.facebook.com\/Carideal.mandataire.automobile\" \/>\n<meta property=\"article:author\" content=\"https:\/\/www.facebook.com\/nicolas.schiavon.39\" \/>\n<meta property=\"article:published_time\" content=\"2019-09-07T07:33:49+00:00\" \/>\n<meta property=\"article:modified_time\" content=\"2019-09-07T13:20:21+00:00\" \/>\n<meta property=\"og:image\" content=\"https:\/\/www.carideal.com\/blog\/wp-content\/uploads\/2019\/09\/cupra-tavascan-concept-e1567841126536.jpg\" \/>\n\t<meta property=\"og:image:width\" content=\"600\" \/>\n\t<meta property=\"og:image:height\" content=\"243\" \/>\n\t<meta property=\"og:image:type\" content=\"image\/jpeg\" \/>\n<meta name=\"author\" content=\"Nicolas SCHIAVON\" \/>\n<meta name=\"twitter:card\" content=\"summary_large_image\" \/>\n<meta name=\"twitter:creator\" content=\"@caridealauto\" \/>\n<meta name=\"twitter:site\" content=\"@caridealauto\" \/>\n<meta name=\"twitter:label1\" content=\"\u00c9crit par\" \/>\n\t<meta name=\"twitter:data1\" content=\"Nicolas SCHIAVON\" \/>\n\t<meta name=\"twitter:label2\" content=\"Dur\u00e9e de lecture estim\u00e9e\" \/>\n\t<meta name=\"twitter:data2\" content=\"2 minutes\" \/>\n<script type=\"application\/ld+json\" class=\"yoast-schema-graph\">{\"@context\":\"https:\/\/schema.org\",\"@graph\":[{\"@type\":\"Article\",\"@id\":\"https:\/\/www.carideal.com\/blog\/2019\/09\/07\/cupra-envisage-des-modeles-r-haute-performance\/#article\",\"isPartOf\":{\"@id\":\"https:\/\/www.carideal.com\/blog\/2019\/09\/07\/cupra-envisage-des-modeles-r-haute-performance\/\"},\"author\":{\"name\":\"Nicolas SCHIAVON\",\"@id\":\"https:\/\/www.carideal.com\/blog\/#\/schema\/person\/cd95dc7919660de90d31b366f85be1ec\"},\"headline\":\"Cupra envisage des mod\u00e8les &lsquo;R&rsquo; haute performance\",\"datePublished\":\"2019-09-07T07:33:49+00:00\",\"dateModified\":\"2019-09-07T13:20:21+00:00\",\"mainEntityOfPage\":{\"@id\":\"https:\/\/www.carideal.com\/blog\/2019\/09\/07\/cupra-envisage-des-modeles-r-haute-performance\/\"},\"wordCount\":386,\"commentCount\":0,\"publisher\":{\"@id\":\"https:\/\/www.carideal.com\/blog\/#organization\"},\"image\":{\"@id\":\"https:\/\/www.carideal.com\/blog\/2019\/09\/07\/cupra-envisage-des-modeles-r-haute-performance\/#primaryimage\"},\"thumbnailUrl\":\"https:\/\/www.carideal.com\/blog\/wp-content\/uploads\/2019\/09\/cupra-tavascan-concept-e1567841126536.jpg\",\"articleSection\":[\"Actualit\u00e9 Constructeur automobile\",\"Actualit\u00e9 Cupra\",\"Concept car\"],\"inLanguage\":\"fr-FR\",\"potentialAction\":[{\"@type\":\"CommentAction\",\"name\":\"Comment\",\"target\":[\"https:\/\/www.carideal.com\/blog\/2019\/09\/07\/cupra-envisage-des-modeles-r-haute-performance\/#respond\"]}]},{\"@type\":\"WebPage\",\"@id\":\"https:\/\/www.carideal.com\/blog\/2019\/09\/07\/cupra-envisage-des-modeles-r-haute-performance\/\",\"url\":\"https:\/\/www.carideal.com\/blog\/2019\/09\/07\/cupra-envisage-des-modeles-r-haute-performance\/\",\"name\":\"Cupra envisage des mod\u00e8les 'R' haute performance - Blog auto Carid\u00e9al\",\"isPartOf\":{\"@id\":\"https:\/\/www.carideal.com\/blog\/#website\"},\"primaryImageOfPage\":{\"@id\":\"https:\/\/www.carideal.com\/blog\/2019\/09\/07\/cupra-envisage-des-modeles-r-haute-performance\/#primaryimage\"},\"image\":{\"@id\":\"https:\/\/www.carideal.com\/blog\/2019\/09\/07\/cupra-envisage-des-modeles-r-haute-performance\/#primaryimage\"},\"thumbnailUrl\":\"https:\/\/www.carideal.com\/blog\/wp-content\/uploads\/2019\/09\/cupra-tavascan-concept-e1567841126536.jpg\",\"datePublished\":\"2019-09-07T07:33:49+00:00\",\"dateModified\":\"2019-09-07T13:20:21+00:00\",\"description\":\"La gamme de Cupra devrait se d\u00e9velopper rapidement d'ici la fin de 2020, et d'autres mod\u00e8les \u00abR\u00bb plus extr\u00eames sont potentiellement \u00e0 venir.\",\"breadcrumb\":{\"@id\":\"https:\/\/www.carideal.com\/blog\/2019\/09\/07\/cupra-envisage-des-modeles-r-haute-performance\/#breadcrumb\"},\"inLanguage\":\"fr-FR\",\"potentialAction\":[{\"@type\":\"ReadAction\",\"target\":[\"https:\/\/www.carideal.com\/blog\/2019\/09\/07\/cupra-envisage-des-modeles-r-haute-performance\/\"]}]},{\"@type\":\"ImageObject\",\"inLanguage\":\"fr-FR\",\"@id\":\"https:\/\/www.carideal.com\/blog\/2019\/09\/07\/cupra-envisage-des-modeles-r-haute-performance\/#primaryimage\",\"url\":\"https:\/\/www.carideal.com\/blog\/wp-content\/uploads\/2019\/09\/cupra-tavascan-concept-e1567841126536.jpg\",\"contentUrl\":\"https:\/\/www.carideal.com\/blog\/wp-content\/uploads\/2019\/09\/cupra-tavascan-concept-e1567841126536.jpg\",\"width\":600,\"height\":243,\"caption\":\"Cupra envisage des mod\u00e8les 'R' haute performance\"},{\"@type\":\"BreadcrumbList\",\"@id\":\"https:\/\/www.carideal.com\/blog\/2019\/09\/07\/cupra-envisage-des-modeles-r-haute-performance\/#breadcrumb\",\"itemListElement\":[{\"@type\":\"ListItem\",\"position\":1,\"name\":\"Blog Carid\u00e9al\",\"item\":\"https:\/\/www.carideal.com\/blog\/\"},{\"@type\":\"ListItem\",\"position\":2,\"name\":\"Actualit\u00e9 constructeur automobile\",\"item\":\"https:\/\/www.carideal.com\/blog\/constructeur\/\"},{\"@type\":\"ListItem\",\"position\":3,\"name\":\"Actualit\u00e9 Cupra\",\"item\":\"https:\/\/www.carideal.com\/blog\/constructeur\/actualite-cupra\/\"},{\"@type\":\"ListItem\",\"position\":4,\"name\":\"Cupra envisage des mod\u00e8les &lsquo;R&rsquo; haute performance\"}]},{\"@type\":\"WebSite\",\"@id\":\"https:\/\/www.carideal.com\/blog\/#website\",\"url\":\"https:\/\/www.carideal.com\/blog\/\",\"name\":\"Blog auto Carid\u00e9al\",\"description\":\"Actualit\u00e9 auto par des passionn\u00e9s\",\"publisher\":{\"@id\":\"https:\/\/www.carideal.com\/blog\/#organization\"},\"potentialAction\":[{\"@type\":\"SearchAction\",\"target\":{\"@type\":\"EntryPoint\",\"urlTemplate\":\"https:\/\/www.carideal.com\/blog\/?s={search_term_string}\"},\"query-input\":{\"@type\":\"PropertyValueSpecification\",\"valueRequired\":true,\"valueName\":\"search_term_string\"}}],\"inLanguage\":\"fr-FR\"},{\"@type\":\"Organization\",\"@id\":\"https:\/\/www.carideal.com\/blog\/#organization\",\"name\":\"Carideal\",\"url\":\"https:\/\/www.carideal.com\/blog\/\",\"logo\":{\"@type\":\"ImageObject\",\"inLanguage\":\"fr-FR\",\"@id\":\"https:\/\/www.carideal.com\/blog\/#\/schema\/logo\/image\/\",\"url\":\"http:\/\/www.carideal.com\/blog\/wp-content\/uploads\/2016\/03\/logo-carideal-mandataire-automobile.png\",\"contentUrl\":\"http:\/\/www.carideal.com\/blog\/wp-content\/uploads\/2016\/03\/logo-carideal-mandataire-automobile.png\",\"width\":300,\"height\":300,\"caption\":\"Carideal\"},\"image\":{\"@id\":\"https:\/\/www.carideal.com\/blog\/#\/schema\/logo\/image\/\"},\"sameAs\":[\"https:\/\/www.facebook.com\/Carideal.mandataire.automobile\",\"https:\/\/x.com\/caridealauto\",\"https:\/\/www.instagram.com\/carideal1\/\",\"https:\/\/www.linkedin.com\/company\/carideal.com\",\"https:\/\/fr.pinterest.com\/schiavonsas\/\",\"https:\/\/www.youtube.com\/user\/caridealsas\"]},{\"@type\":\"Person\",\"@id\":\"https:\/\/www.carideal.com\/blog\/#\/schema\/person\/cd95dc7919660de90d31b366f85be1ec\",\"name\":\"Nicolas SCHIAVON\",\"image\":{\"@type\":\"ImageObject\",\"inLanguage\":\"fr-FR\",\"@id\":\"https:\/\/www.carideal.com\/blog\/#\/schema\/person\/image\/\",\"url\":\"https:\/\/secure.gravatar.com\/avatar\/c17e55009e671d92cc7f5dc837dc418a?s=96&r=g\",\"contentUrl\":\"https:\/\/secure.gravatar.com\/avatar\/c17e55009e671d92cc7f5dc837dc418a?s=96&r=g\",\"caption\":\"Nicolas SCHIAVON\"},\"description\":\"Nicolas Schiavon est tomb\u00e9 tout petit dans la marmite automobile. Ayant eu un garage de marque automobile, mandataire automobile de la premi\u00e8re heure d\u00e8s 1999. Nicolas a cr\u00e9\u00e9 ces premiers sites de vente de voiture et blog automobile d\u00e8s 1994. Carideal est n\u00e9 le 15 d\u00e9cembre 2000 de la volont\u00e9 de vendre des voitures d'occasions en ligne puis des voitures neuves. Il a pu essayer beaucoup de voitures tr\u00e8s diff\u00e9rentes et ayant eu personnellement quelques belles autos, Subaru Impreza, Mitsubishi Lancer Evo 7, Porsche 911, Ferrari Testarrossa, Audi RS3, RS4 et j'en passe...\",\"sameAs\":[\"http:\/\/www.carideal.com\",\"https:\/\/www.facebook.com\/nicolas.schiavon.39\",\"https:\/\/www.instagram.com\/carideal1\/\",\"https:\/\/www.linkedin.com\/in\/nschiavon\/\",\"https:\/\/x.com\/caridealauto\",\"https:\/\/www.youtube.com\/user\/caridealsas\/\"],\"url\":\"https:\/\/www.carideal.com\/blog\/author\/nschiavon\/\"}]}<\/script>\n<!-- \/ Yoast SEO plugin. -->","yoast_head_json":{"title":"Cupra envisage des mod\u00e8les 'R' haute performance - Blog auto Carid\u00e9al","description":"La gamme de Cupra devrait se d\u00e9velopper rapidement d'ici la fin de 2020, et d'autres mod\u00e8les \u00abR\u00bb plus extr\u00eames sont potentiellement \u00e0 venir.","robots":{"index":"index","follow":"follow","max-snippet":"max-snippet:-1","max-image-preview":"max-image-preview:large","max-video-preview":"max-video-preview:-1"},"canonical":"https:\/\/www.carideal.com\/blog\/2019\/09\/07\/cupra-envisage-des-modeles-r-haute-performance\/","og_locale":"fr_FR","og_type":"article","og_title":"Cupra envisage des mod\u00e8les 'R' haute performance - Blog auto Carid\u00e9al","og_description":"La gamme de Cupra devrait se d\u00e9velopper rapidement d'ici la fin de 2020, et d'autres mod\u00e8les \u00abR\u00bb plus extr\u00eames sont potentiellement \u00e0 venir.","og_url":"https:\/\/www.carideal.com\/blog\/2019\/09\/07\/cupra-envisage-des-modeles-r-haute-performance\/","og_site_name":"Blog auto Carid\u00e9al","article_publisher":"https:\/\/www.facebook.com\/Carideal.mandataire.automobile","article_author":"https:\/\/www.facebook.com\/nicolas.schiavon.39","article_published_time":"2019-09-07T07:33:49+00:00","article_modified_time":"2019-09-07T13:20:21+00:00","og_image":[{"width":600,"height":243,"url":"https:\/\/www.carideal.com\/blog\/wp-content\/uploads\/2019\/09\/cupra-tavascan-concept-e1567841126536.jpg","type":"image\/jpeg"}],"author":"Nicolas SCHIAVON","twitter_card":"summary_large_image","twitter_creator":"@caridealauto","twitter_site":"@caridealauto","twitter_misc":{"\u00c9crit par":"Nicolas SCHIAVON","Dur\u00e9e de lecture estim\u00e9e":"2 minutes"},"schema":{"@context":"https:\/\/schema.org","@graph":[{"@type":"Article","@id":"https:\/\/www.carideal.com\/blog\/2019\/09\/07\/cupra-envisage-des-modeles-r-haute-performance\/#article","isPartOf":{"@id":"https:\/\/www.carideal.com\/blog\/2019\/09\/07\/cupra-envisage-des-modeles-r-haute-performance\/"},"author":{"name":"Nicolas SCHIAVON","@id":"https:\/\/www.carideal.com\/blog\/#\/schema\/person\/cd95dc7919660de90d31b366f85be1ec"},"headline":"Cupra envisage des mod\u00e8les &lsquo;R&rsquo; haute performance","datePublished":"2019-09-07T07:33:49+00:00","dateModified":"2019-09-07T13:20:21+00:00","mainEntityOfPage":{"@id":"https:\/\/www.carideal.com\/blog\/2019\/09\/07\/cupra-envisage-des-modeles-r-haute-performance\/"},"wordCount":386,"commentCount":0,"publisher":{"@id":"https:\/\/www.carideal.com\/blog\/#organization"},"image":{"@id":"https:\/\/www.carideal.com\/blog\/2019\/09\/07\/cupra-envisage-des-modeles-r-haute-performance\/#primaryimage"},"thumbnailUrl":"https:\/\/www.carideal.com\/blog\/wp-content\/uploads\/2019\/09\/cupra-tavascan-concept-e1567841126536.jpg","articleSection":["Actualit\u00e9 Constructeur automobile","Actualit\u00e9 Cupra","Concept car"],"inLanguage":"fr-FR","potentialAction":[{"@type":"CommentAction","name":"Comment","target":["https:\/\/www.carideal.com\/blog\/2019\/09\/07\/cupra-envisage-des-modeles-r-haute-performance\/#respond"]}]},{"@type":"WebPage","@id":"https:\/\/www.carideal.com\/blog\/2019\/09\/07\/cupra-envisage-des-modeles-r-haute-performance\/","url":"https:\/\/www.carideal.com\/blog\/2019\/09\/07\/cupra-envisage-des-modeles-r-haute-performance\/","name":"Cupra envisage des mod\u00e8les 'R' haute performance - Blog auto Carid\u00e9al","isPartOf":{"@id":"https:\/\/www.carideal.com\/blog\/#website"},"primaryImageOfPage":{"@id":"https:\/\/www.carideal.com\/blog\/2019\/09\/07\/cupra-envisage-des-modeles-r-haute-performance\/#primaryimage"},"image":{"@id":"https:\/\/www.carideal.com\/blog\/2019\/09\/07\/cupra-envisage-des-modeles-r-haute-performance\/#primaryimage"},"thumbnailUrl":"https:\/\/www.carideal.com\/blog\/wp-content\/uploads\/2019\/09\/cupra-tavascan-concept-e1567841126536.jpg","datePublished":"2019-09-07T07:33:49+00:00","dateModified":"2019-09-07T13:20:21+00:00","description":"La gamme de Cupra devrait se d\u00e9velopper rapidement d'ici la fin de 2020, et d'autres mod\u00e8les \u00abR\u00bb plus extr\u00eames sont potentiellement \u00e0 venir.","breadcrumb":{"@id":"https:\/\/www.carideal.com\/blog\/2019\/09\/07\/cupra-envisage-des-modeles-r-haute-performance\/#breadcrumb"},"inLanguage":"fr-FR","potentialAction":[{"@type":"ReadAction","target":["https:\/\/www.carideal.com\/blog\/2019\/09\/07\/cupra-envisage-des-modeles-r-haute-performance\/"]}]},{"@type":"ImageObject","inLanguage":"fr-FR","@id":"https:\/\/www.carideal.com\/blog\/2019\/09\/07\/cupra-envisage-des-modeles-r-haute-performance\/#primaryimage","url":"https:\/\/www.carideal.com\/blog\/wp-content\/uploads\/2019\/09\/cupra-tavascan-concept-e1567841126536.jpg","contentUrl":"https:\/\/www.carideal.com\/blog\/wp-content\/uploads\/2019\/09\/cupra-tavascan-concept-e1567841126536.jpg","width":600,"height":243,"caption":"Cupra envisage des mod\u00e8les 'R' haute performance"},{"@type":"BreadcrumbList","@id":"https:\/\/www.carideal.com\/blog\/2019\/09\/07\/cupra-envisage-des-modeles-r-haute-performance\/#breadcrumb","itemListElement":[{"@type":"ListItem","position":1,"name":"Blog Carid\u00e9al","item":"https:\/\/www.carideal.com\/blog\/"},{"@type":"ListItem","position":2,"name":"Actualit\u00e9 constructeur automobile","item":"https:\/\/www.carideal.com\/blog\/constructeur\/"},{"@type":"ListItem","position":3,"name":"Actualit\u00e9 Cupra","item":"https:\/\/www.carideal.com\/blog\/constructeur\/actualite-cupra\/"},{"@type":"ListItem","position":4,"name":"Cupra envisage des mod\u00e8les &lsquo;R&rsquo; haute performance"}]},{"@type":"WebSite","@id":"https:\/\/www.carideal.com\/blog\/#website","url":"https:\/\/www.carideal.com\/blog\/","name":"Blog auto Carid\u00e9al","description":"Actualit\u00e9 auto par des passionn\u00e9s","publisher":{"@id":"https:\/\/www.carideal.com\/blog\/#organization"},"potentialAction":[{"@type":"SearchAction","target":{"@type":"EntryPoint","urlTemplate":"https:\/\/www.carideal.com\/blog\/?s={search_term_string}"},"query-input":{"@type":"PropertyValueSpecification","valueRequired":true,"valueName":"search_term_string"}}],"inLanguage":"fr-FR"},{"@type":"Organization","@id":"https:\/\/www.carideal.com\/blog\/#organization","name":"Carideal","url":"https:\/\/www.carideal.com\/blog\/","logo":{"@type":"ImageObject","inLanguage":"fr-FR","@id":"https:\/\/www.carideal.com\/blog\/#\/schema\/logo\/image\/","url":"http:\/\/www.carideal.com\/blog\/wp-content\/uploads\/2016\/03\/logo-carideal-mandataire-automobile.png","contentUrl":"http:\/\/www.carideal.com\/blog\/wp-content\/uploads\/2016\/03\/logo-carideal-mandataire-automobile.png","width":300,"height":300,"caption":"Carideal"},"image":{"@id":"https:\/\/www.carideal.com\/blog\/#\/schema\/logo\/image\/"},"sameAs":["https:\/\/www.facebook.com\/Carideal.mandataire.automobile","https:\/\/x.com\/caridealauto","https:\/\/www.instagram.com\/carideal1\/","https:\/\/www.linkedin.com\/company\/carideal.com","https:\/\/fr.pinterest.com\/schiavonsas\/","https:\/\/www.youtube.com\/user\/caridealsas"]},{"@type":"Person","@id":"https:\/\/www.carideal.com\/blog\/#\/schema\/person\/cd95dc7919660de90d31b366f85be1ec","name":"Nicolas SCHIAVON","image":{"@type":"ImageObject","inLanguage":"fr-FR","@id":"https:\/\/www.carideal.com\/blog\/#\/schema\/person\/image\/","url":"https:\/\/secure.gravatar.com\/avatar\/c17e55009e671d92cc7f5dc837dc418a?s=96&r=g","contentUrl":"https:\/\/secure.gravatar.com\/avatar\/c17e55009e671d92cc7f5dc837dc418a?s=96&r=g","caption":"Nicolas SCHIAVON"},"description":"Nicolas Schiavon est tomb\u00e9 tout petit dans la marmite automobile. Ayant eu un garage de marque automobile, mandataire automobile de la premi\u00e8re heure d\u00e8s 1999. Nicolas a cr\u00e9\u00e9 ces premiers sites de vente de voiture et blog automobile d\u00e8s 1994. Carideal est n\u00e9 le 15 d\u00e9cembre 2000 de la volont\u00e9 de vendre des voitures d'occasions en ligne puis des voitures neuves. Il a pu essayer beaucoup de voitures tr\u00e8s diff\u00e9rentes et ayant eu personnellement quelques belles autos, Subaru Impreza, Mitsubishi Lancer Evo 7, Porsche 911, Ferrari Testarrossa, Audi RS3, RS4 et j'en passe...","sameAs":["http:\/\/www.carideal.com","https:\/\/www.facebook.com\/nicolas.schiavon.39","https:\/\/www.instagram.com\/carideal1\/","https:\/\/www.linkedin.com\/in\/nschiavon\/","https:\/\/x.com\/caridealauto","https:\/\/www.youtube.com\/user\/caridealsas\/"],"url":"https:\/\/www.carideal.com\/blog\/author\/nschiavon\/"}]}},"uagb_featured_image_src":{"full":["https:\/\/www.carideal.com\/blog\/wp-content\/uploads\/2019\/09\/cupra-tavascan-concept-e1567841126536.jpg",600,243,false],"thumbnail":["https:\/\/www.carideal.com\/blog\/wp-content\/uploads\/2019\/09\/cupra-tavascan-concept-150x150.jpg",150,150,true],"medium":["https:\/\/www.carideal.com\/blog\/wp-content\/uploads\/2019\/09\/cupra-tavascan-concept-300x121.jpg",300,121,true],"medium_large":["https:\/\/www.carideal.com\/blog\/wp-content\/uploads\/2019\/09\/cupra-tavascan-concept-768x311.jpg",768,311,true],"large":["https:\/\/www.carideal.com\/blog\/wp-content\/uploads\/2019\/09\/cupra-tavascan-concept-1024x414.jpg",1024,414,true],"1536x1536":["https:\/\/www.carideal.com\/blog\/wp-content\/uploads\/2019\/09\/cupra-tavascan-concept-e1567841126536.jpg",600,243,false],"2048x2048":["https:\/\/www.carideal.com\/blog\/wp-content\/uploads\/2019\/09\/cupra-tavascan-concept-e1567841126536.jpg",600,243,false],"wppr-widget":["https:\/\/www.carideal.com\/blog\/wp-content\/uploads\/2019\/09\/cupra-tavascan-concept-50x20.jpg",50,20,true]},"uagb_author_info":{"display_name":"Nicolas SCHIAVON","author_link":"https:\/\/www.carideal.com\/blog\/author\/nschiavon\/"},"uagb_comment_info":2,"uagb_excerpt":"Cupra envisage des mod\u00e8les 'R' haute performance L'offre de Cupra devrait s'\u00e9largir rapidement d'ici la fin de 2020, avec des variantes 'R' plus extr\u00eames potentiellement en cours de d\u00e9veloppement. Cupra envisage d\u00e9j\u00e0 des versions 'R' plus performantes de ses mod\u00e8les, a r\u00e9v\u00e9l\u00e9 le patron technique de l'entreprise. La sous-marque de performance SEAT devrait rapidement \u00e9largir\u2026","_links":{"self":[{"href":"https:\/\/www.carideal.com\/blog\/wp-json\/wp\/v2\/posts\/19638"}],"collection":[{"href":"https:\/\/www.carideal.com\/blog\/wp-json\/wp\/v2\/posts"}],"about":[{"href":"https:\/\/www.carideal.com\/blog\/wp-json\/wp\/v2\/types\/post"}],"author":[{"embeddable":true,"href":"https:\/\/www.carideal.com\/blog\/wp-json\/wp\/v2\/users\/3"}],"replies":[{"embeddable":true,"href":"https:\/\/www.carideal.com\/blog\/wp-json\/wp\/v2\/comments?post=19638"}],"version-history":[{"count":0,"href":"https:\/\/www.carideal.com\/blog\/wp-json\/wp\/v2\/posts\/19638\/revisions"}],"wp:featuredmedia":[{"embeddable":true,"href":"https:\/\/www.carideal.com\/blog\/wp-json\/wp\/v2\/media\/19639"}],"wp:attachment":[{"href":"https:\/\/www.carideal.com\/blog\/wp-json\/wp\/v2\/media?parent=19638"}],"wp:term":[{"taxonomy":"category","embeddable":true,"href":"https:\/\/www.carideal.com\/blog\/wp-json\/wp\/v2\/categories?post=19638"},{"taxonomy":"post_tag","embeddable":true,"href":"https:\/\/www.carideal.com\/blog\/wp-json\/wp\/v2\/tags?post=19638"}],"curies":[{"name":"wp","href":"https:\/\/api.w.org\/{rel}","templated":true}]}}