{"id":19523,"date":"2019-07-24T12:19:27","date_gmt":"2019-07-24T10:19:27","guid":{"rendered":"http:\/\/www.carideal.com\/blog\/?p=19523"},"modified":"2020-12-10T16:20:44","modified_gmt":"2020-12-10T15:20:44","slug":"meilleurs-cabriolets-occasions-pas-cher","status":"publish","type":"post","link":"https:\/\/www.carideal.com\/blog\/2019\/07\/24\/meilleurs-cabriolets-occasions-pas-cher\/","title":{"rendered":"Meilleurs cabriolets d&rsquo;occasions pas chers en 2019"},"content":{"rendered":"\n<h2 class=\"wp-block-heading\">Les 7 meilleurs cabriolets d'occasions pas chers en 2019<\/h2>\n\n\n\n<p>Rien de tel qu'un toit abaiss\u00e9, surtout par temps ensoleill\u00e9. Voici quelques-unes des <strong>meilleurs cabriolets d'occasions pas cher<\/strong>&nbsp;<strong>disponibles en 2019.<\/strong><br>Les cabriolets d'occasions pas chers sont un moyen vraiment rentable de poss\u00e9der une voiture amusante \u00e0 conduire, et compte tenu de leur popularit\u00e9 en <a href=\"https:\/\/www.ademe.fr\/sites\/default\/files\/assets\/documents\/evolution-marche-vehicules-neufs-2015.pdf\">France<\/a>, vous pouvez facilement trouver des exemplaires bien entretenus, \u00e0 faible kilom\u00e9trage pour des prix relativement bas toute l'ann\u00e9e.<\/p>\n\n\n\n<ul class=\"wp-block-list\"><li><a href=\"http:\/\/www.carideal.com\/blog\/2015\/11\/06\/bien-acheter-sa-voiture-doccasion-avec-un-expert\/\">-Acheter une voiture d'occasion : tout ce que vous devez savoir<\/a><\/li><\/ul>\n\n\n\n<p>Et oui, s'il est vrai que le temps dans certaines r\u00e9gions ne se pr\u00eate pas toujours \u00e0 la conduite sans toit, un toit d\u00e9capot\u00e9 vous donnera au moins la possibilit\u00e9 de profiter du soleil, au cas o\u00f9 ses rayons parviendraient \u00e0 p\u00e9n\u00e9trer la couche apparemment toujours pr\u00e9sente de nuages au-dessus de vous si vous \u00eates dans le Nord.<\/p>\n\n\n\n<figure class=\"wp-block-image alignnone size-full wp-image-19541\"><a href=\"http:\/\/www.carideal.com\/blog\/wp-content\/uploads\/2019\/07\/bmw-z4-m-2014-1-e1563964031715.jpg\"><img loading=\"lazy\" decoding=\"async\" width=\"600\" height=\"400\" src=\"http:\/\/www.carideal.com\/blog\/wp-content\/uploads\/2019\/07\/bmw-z4-m-2014-1-e1563964031715.jpg\" alt=\"Les 7 meilleurs cabriolets d'occasions pas cher\" class=\"wp-image-19541\" srcset=\"https:\/\/www.carideal.com\/blog\/wp-content\/uploads\/2019\/07\/bmw-z4-m-2014-1-e1563964031715.jpg 600w, https:\/\/www.carideal.com\/blog\/wp-content\/uploads\/2019\/07\/bmw-z4-m-2014-1-e1563964031715-300x200.jpg 300w, https:\/\/www.carideal.com\/blog\/wp-content\/uploads\/2019\/07\/bmw-z4-m-2014-1-e1563964031715-50x33.jpg 50w, https:\/\/www.carideal.com\/blog\/wp-content\/uploads\/2019\/07\/bmw-z4-m-2014-1-e1563964031715-110x73.jpg 110w, https:\/\/www.carideal.com\/blog\/wp-content\/uploads\/2019\/07\/bmw-z4-m-2014-1-e1563964031715-420x280.jpg 420w, https:\/\/www.carideal.com\/blog\/wp-content\/uploads\/2019\/07\/bmw-z4-m-2014-1-e1563964031715-272x182.jpg 272w\" sizes=\"(max-width: 600px) 100vw, 600px\" \/><\/a><figcaption>Les 7 meilleurs cabriolets d'occasions pas cher<\/figcaption><\/figure>\n\n\n\n<p>Les puristes reprochent souvent aux cabriolets d'\u00eatre un peu moins rigides, mais avec une d\u00e9capotable, on entend mieux le moteur, et dans certaines voitures, c'est un \u00e9norme bonus.<\/p>\n\n\n\n<p>Bien que la <a href=\"http:\/\/www.carideal.com\/blog\/2015\/09\/13\/nouveau-mazda-mx-5-2016\/\">Mazda MX-5<\/a> n'ait peut-\u00eatre pas le meilleur moteur qui soit, elle favorise une conduite impliquante en vous donnant plus de r\u00e9troaction gr\u00e2ce son moteur. La Bentley Continental GTC se situe \u00e0 l'autre bout du spectre, offrant un ronflement profond et rassurant avec son W12 de 6,0 litres.<\/p>\n\n\n\n<p>- <a href=\"http:\/\/www.carideal.com\/blog\/2019\/08\/06\/les-meilleurs-cabriolets\/\">Meilleures d\u00e9capotables neuves<\/a><\/p>\n\n\n\n<p>La <a href=\"http:\/\/www.carideal.com\/blog\/marque-de-voiture-actualites-essais\/bentley\/\">Bentley<\/a> a peut-\u00eatre souffert d'une forte d\u00e9pr\u00e9ciation en perdant plus de 100 000 \u00a3 en un peu plus d'une d\u00e9cennie, mais la <a href=\"http:\/\/www.carideal.com\/blog\/marque-de-voiture-actualites-essais\/honda\/\">Honda<\/a> S2000 a atteint le bas de sa courbe de d\u00e9pr\u00e9ciation et est largement consid\u00e9r\u00e9e comme un futur classique et un bon investissement.<\/p>\n\n\n\n<h2 class=\"wp-block-heading\">On a trouv\u00e9 pour vous les meilleurs cabriolets d'occasions pas cher<\/h2>\n\n\n\n<p>Dans tous les cas, quel que soit votre budget, il y aura forc\u00e9ment un cabriolet d'occasion pas cher qui vous conviendra. Nous avons parcouru les petites annonces et parcouru Internet pour trouver huit d\u00e9capotables qui pourraient bien \u00eatre ce que vous recherchez....<\/p>\n\n\n\n<ol class=\"wp-block-list\"><li>Porsche Boxster 2.7<\/li><li>Honda S2000<\/li><li>BMW Z4<\/li><li>Bentley Continental GTC<\/li><li>Toyota MR3<\/li><li>Mercedes SL<\/li><li>Mazda MX5<\/li><\/ol>\n\n\n\n<h3 class=\"wp-block-heading\">Porsche Boxster 2.7<\/h3>\n\n\n\n<figure class=\"wp-block-image alignnone size-full wp-image-19530\"><a href=\"http:\/\/www.carideal.com\/blog\/wp-content\/uploads\/2019\/07\/porsche-boxster-2006.jpg\"><img loading=\"lazy\" decoding=\"async\" width=\"500\" height=\"315\" src=\"http:\/\/www.carideal.com\/blog\/wp-content\/uploads\/2019\/07\/porsche-boxster-2006.jpg\" alt=\"Porsche Boxster 2006\" class=\"wp-image-19530\" srcset=\"https:\/\/www.carideal.com\/blog\/wp-content\/uploads\/2019\/07\/porsche-boxster-2006.jpg 500w, https:\/\/www.carideal.com\/blog\/wp-content\/uploads\/2019\/07\/porsche-boxster-2006-300x189.jpg 300w, https:\/\/www.carideal.com\/blog\/wp-content\/uploads\/2019\/07\/porsche-boxster-2006-50x32.jpg 50w, https:\/\/www.carideal.com\/blog\/wp-content\/uploads\/2019\/07\/porsche-boxster-2006-110x69.jpg 110w, https:\/\/www.carideal.com\/blog\/wp-content\/uploads\/2019\/07\/porsche-boxster-2006-420x265.jpg 420w\" sizes=\"(max-width: 500px) 100vw, 500px\" \/><\/a><figcaption>Porsche Boxster 2006<\/figcaption><\/figure>\n\n\n\n<p>Nous avons trouv\u00e9 : 987 2.7 (2006 85000 km)<br>Prix neuf : 32 695<br>Aujourd'hui : 23 000 \u20ac<br>Moteur : 2,7 litres \u00e0 plat six, 240 ch<\/p>\n\n\n\n<p>Que diriez-vous d'une Porsche d\u00e9capotable \u00e0 propulsion, \u00e0 moteur central, \u00e0 six cylindres \u00e0 plat et \u00e0 aspiration naturelle, pour un peu plus de 7 000 \u00a3 ?<\/p>\n\n\n\n<p>Les prix de la deuxi\u00e8me g\u00e9n\u00e9ration de Boxster sont \u00e0 leur plus bas et si vous \u00eates pr\u00eat \u00e0 faire le grand saut (et \u00e0 risquer des frais d'entretien \u00e9lev\u00e9s si quelque chose tourne mal), la 987 se pr\u00e9sente toujours comme une voiture de sport s\u00e9rieuse, peu importe les d\u00e9penses modestes qu'il vous faudra engager pour en avoir une sur votre entr\u00e9e de garage.<\/p>\n\n\n\n<p>Nous examinons des exemples de base de 237 ch de 2,7 litres avant une l\u00e9g\u00e8re mise \u00e0 jour \u00e0 la fin de 2006. Ceux-ci ont apport\u00e9 plus de puissance, mais le m\u00eame grand \u00e9quilibre, dans la direction et sa maniabilit\u00e9. C'est tout simplement une voiture de sport brillante.<\/p>\n\n\n\n<h3 class=\"wp-block-heading\">Honda S2000<\/h3>\n\n\n\n<figure class=\"wp-block-image alignnone size-full wp-image-19537\"><a href=\"http:\/\/www.carideal.com\/blog\/wp-content\/uploads\/2019\/07\/honda-s2000-2005-e1563962655154.jpg\"><img loading=\"lazy\" decoding=\"async\" width=\"500\" height=\"375\" src=\"http:\/\/www.carideal.com\/blog\/wp-content\/uploads\/2019\/07\/honda-s2000-2005-e1563962655154.jpg\" alt=\"Honda S2000 2005 cabriolet d'occasion pas cher\" class=\"wp-image-19537\" srcset=\"https:\/\/www.carideal.com\/blog\/wp-content\/uploads\/2019\/07\/honda-s2000-2005-e1563962655154.jpg 500w, https:\/\/www.carideal.com\/blog\/wp-content\/uploads\/2019\/07\/honda-s2000-2005-e1563962655154-300x225.jpg 300w, https:\/\/www.carideal.com\/blog\/wp-content\/uploads\/2019\/07\/honda-s2000-2005-e1563962655154-50x38.jpg 50w, https:\/\/www.carideal.com\/blog\/wp-content\/uploads\/2019\/07\/honda-s2000-2005-e1563962655154-110x83.jpg 110w, https:\/\/www.carideal.com\/blog\/wp-content\/uploads\/2019\/07\/honda-s2000-2005-e1563962655154-420x315.jpg 420w\" sizes=\"(max-width: 500px) 100vw, 500px\" \/><\/a><figcaption>Honda S2000 2005 cabriolet d'occasion pas cher<\/figcaption><\/figure>\n\n\n\n<p>Nous avons trouv\u00e9 : S2000 (Honda S2000 phase2 2005 RHD 113000kms)<br>Prix neuf : 43900 \u20ac<br>Aujourd'hui : 12000 \u20ac<br>Moteur : 2.0 litres 4 cylindres, 240 ch.<\/p>\n\n\n\n<p>L'une des meilleures voitures de sport des 20 derni\u00e8res ann\u00e9es, la Honda S2000 allie une allure intemporelle, une tenue de route raffin\u00e9e et un moteur \u00e0 haut r\u00e9gime.<\/p>\n\n\n\n<p>Ce quatre cylindres de 2,0 litres produit 240 ch sans l'aide de turbocompresseurs. Il n'y a pas grand-chose \u00e0 tirer \u00e0 bas r\u00e9gime, mais l'acc\u00e9l\u00e9ration enrag\u00e9e \u00e0 haut r\u00e9gime de la S2000 accrochera instantan\u00e9ment les conducteurs enthousiastes. Tant qu'une voiture est bien entretenue, un kilom\u00e9trage \u00e9lev\u00e9 n'est pas \u00e0 craindre, et les valeurs ne peuvent qu'augmenter.<\/p>\n\n\n\n<h3 class=\"wp-block-heading\">BMW Z4<\/h3>\n\n\n\n<figure class=\"wp-block-image alignnone size-full wp-image-19532\"><a href=\"http:\/\/www.carideal.com\/blog\/wp-content\/uploads\/2019\/07\/bmw-z4-m-2014-e1563957804625.jpg\"><img loading=\"lazy\" decoding=\"async\" width=\"400\" height=\"267\" src=\"http:\/\/www.carideal.com\/blog\/wp-content\/uploads\/2019\/07\/bmw-z4-m-2014-e1563957804625.jpg\" alt=\"BMW Z4 2014\" class=\"wp-image-19532\" srcset=\"https:\/\/www.carideal.com\/blog\/wp-content\/uploads\/2019\/07\/bmw-z4-m-2014-e1563957804625.jpg 400w, https:\/\/www.carideal.com\/blog\/wp-content\/uploads\/2019\/07\/bmw-z4-m-2014-e1563957804625-300x200.jpg 300w, https:\/\/www.carideal.com\/blog\/wp-content\/uploads\/2019\/07\/bmw-z4-m-2014-e1563957804625-50x33.jpg 50w, https:\/\/www.carideal.com\/blog\/wp-content\/uploads\/2019\/07\/bmw-z4-m-2014-e1563957804625-110x73.jpg 110w, https:\/\/www.carideal.com\/blog\/wp-content\/uploads\/2019\/07\/bmw-z4-m-2014-e1563957804625-272x182.jpg 272w\" sizes=\"(max-width: 400px) 100vw, 400px\" \/><\/a><figcaption>BMW Z4 2014<\/figcaption><\/figure>\n\n\n\n<p>Nous avons trouv\u00e9 : sDrive 28i M Sport (2014 BMW Z4 28 I M-SPORT 1'ere maink)<br>Prix neuf : 51400 \u20ac<br>Aujourd'hui : 22000 \u20ac<br>Moteur : 2.0 litres 4 cyl., 242 ch.<\/p>\n\n\n\n<p>Les cabriolets sont une question de style et d'image, et la BMW Z4 est \u00e0 la hauteur. Le toit rigide pliable en m\u00e9tal offre \u00e0 la fois raffinement et sensations fortes - il peut \u00eatre pli\u00e9 \u00e9lectriquement en mouvement en seulement 20 secondes - et l'arriv\u00e9e r\u00e9cente d'un nouveau mod\u00e8le rend encore plus abordables les mod\u00e8les d'occasion de cette voiture de la g\u00e9n\u00e9ration pr\u00e9c\u00e9dente.<\/p>\n\n\n\n<p>Nous avons choisi le mod\u00e8le sDrive28i de 242 ch. Le moteur r\u00e2peux de 2,0 litres a un r\u00e9gime assez bon et offre un bon niveau de performance (si ce n'est un boursouflage). Mais cette d\u00e9capotable est \u00e0 peu pr\u00e8s polyvalente - elle est pratique et offre un confort d\u00e9cent, tandis que la 28i offre aussi une efficacit\u00e9 acceptable.<\/p>\n\n\n\n<h3 class=\"wp-block-heading\">Bentley Continental GTC<\/h3>\n\n\n\n<figure class=\"wp-block-image alignnone size-full wp-image-19533\"><a href=\"http:\/\/www.carideal.com\/blog\/wp-content\/uploads\/2019\/07\/bentley-continental-gtc-2007.jpg\"><img loading=\"lazy\" decoding=\"async\" width=\"480\" height=\"300\" src=\"http:\/\/www.carideal.com\/blog\/wp-content\/uploads\/2019\/07\/bentley-continental-gtc-2007.jpg\" alt=\"Bentley Continental GTC 2007\" class=\"wp-image-19533\" srcset=\"https:\/\/www.carideal.com\/blog\/wp-content\/uploads\/2019\/07\/bentley-continental-gtc-2007.jpg 480w, https:\/\/www.carideal.com\/blog\/wp-content\/uploads\/2019\/07\/bentley-continental-gtc-2007-300x188.jpg 300w, https:\/\/www.carideal.com\/blog\/wp-content\/uploads\/2019\/07\/bentley-continental-gtc-2007-50x31.jpg 50w, https:\/\/www.carideal.com\/blog\/wp-content\/uploads\/2019\/07\/bentley-continental-gtc-2007-110x69.jpg 110w, https:\/\/www.carideal.com\/blog\/wp-content\/uploads\/2019\/07\/bentley-continental-gtc-2007-420x263.jpg 420w\" sizes=\"(max-width: 480px) 100vw, 480px\" \/><\/a><figcaption>Bentley Continental GTC 2007<\/figcaption><\/figure>\n\n\n\n<p>Nous avons trouv\u00e9 : 6.0 W12 (2007\/07, 91 000 miles)<br>Prix neuf : 200 750 \u20ac<br>Aujourd'hui : 29 400 livres sterling soit 32875 \u20ac au cours du Jour....<br>Moteur : W12 de 6,0 litres, 551 ch.<\/p>\n\n\n\n<p>Quand on a pens\u00e9 \u00e0 cette voiture pour cet article, pourquoi pas, on a jet\u00e9 un oeil aux tarifs et on s'est dit ( ouf c'est cher ! surtout qu'il n'y a pas de demande alors pourquoi et comment en trouver une avec un bon <a href=\"http:\/\/www.carideal.com\/blog\/2020\/12\/10\/meilleur-rapport-qualite-prix-des-voitures\/\">rapport qualit\u00e9 prix<\/a> ?) O\u00f9 trouver cette voiture plus facilement que chez nous ? Et bien dans son pays d'origine non ? En Angleterre ! Et avec le change on va faire une super affaire ! 32800 \u20ac pour un W12 de 6L de 550 ch !! C'est deux fois moins qu'en France o\u00f9 on les trouve \u00e0 plus de 60 000 \u20ac.<\/p>\n\n\n\n<p>Et le volant \u00e0 droite vous allez me dire ! Et alors c'est une anglaise non ? Et on ne va pas faire la course avec.<\/p>\n\n\n\n<p>Il y a eu un temps o\u00f9 acheter une Bentley avec 90 000 milles au compteur aurait pu \u00eatre un suicide financier. Aujourd'hui, depuis que le groupe <a href=\"http:\/\/www.carideal.com\/blog\/marque-de-voiture-actualites-essais\/volkswagen\/\">Volkswagen<\/a> s'est appropri\u00e9 la marque britannique, un exemplaire d'occasion est beaucoup plus fiable. Pr\u00e9voyez des frais de r\u00e9paration \u00e9lev\u00e9s si les choses tournent mal, mais \u00e0 moins de 33 000 \u20ac pour une Continental GT d\u00e9capotable super \u00e9l\u00e9gante, cela vaut le coup.<\/p>\n\n\n\n<p>Le moteur biturbo W12 de 6,0 litres \u00e0 double turbocompresseur offre le genre de performance sans effort dont une Bentley a besoin, et m\u00eame avec le toit abaiss\u00e9, le confort de roulement et le raffinement conviennent \u00e0 ce type de voiture. Neuve, c'\u00e9tait un mod\u00e8le \u00e0 200 750 \u20ac. Vous pouvez maintenant l'emballer avec une \u00e9conomie de plus de 140 000 \u20ac par rapport \u00e0 son prix \u00e0 l'\u00e9tat neuf.<\/p>\n\n\n\n<h3 class=\"wp-block-heading\">Toyota MR3<\/h3>\n\n\n\n<figure class=\"wp-block-image alignnone size-full wp-image-19534\"><a href=\"http:\/\/www.carideal.com\/blog\/wp-content\/uploads\/2019\/07\/toyota-mr-2000.jpg\"><img loading=\"lazy\" decoding=\"async\" width=\"400\" height=\"200\" src=\"http:\/\/www.carideal.com\/blog\/wp-content\/uploads\/2019\/07\/toyota-mr-2000.jpg\" alt=\"Toyota MR3 2000\" class=\"wp-image-19534\" srcset=\"https:\/\/www.carideal.com\/blog\/wp-content\/uploads\/2019\/07\/toyota-mr-2000.jpg 400w, https:\/\/www.carideal.com\/blog\/wp-content\/uploads\/2019\/07\/toyota-mr-2000-300x150.jpg 300w, https:\/\/www.carideal.com\/blog\/wp-content\/uploads\/2019\/07\/toyota-mr-2000-50x25.jpg 50w, https:\/\/www.carideal.com\/blog\/wp-content\/uploads\/2019\/07\/toyota-mr-2000-110x55.jpg 110w\" sizes=\"(max-width: 400px) 100vw, 400px\" \/><\/a><figcaption>Toyota MR3 2000<\/figcaption><\/figure>\n\n\n\n<p>Nous avons trouv\u00e9 : 1.8 VVT-i (2000\/6, 150 000 km)<br>Prix neuf : 24250 \u20ac<br>Aujourd'hui : 4 000\u20ac<br>Moteur : 1,8 litre 4 cyl., 138 ch.<\/p>\n\n\n\n<p>La Toyota MR3 de troisi\u00e8me g\u00e9n\u00e9ration \u00e9tait destin\u00e9e \u00e0 rivaliser avec la Mazda MX-5. La configuration du moteur central contraste avec la configuration conventionnelle de la Mazda, tandis que le moteur de 1,8 litre se d\u00e9verrouille en moins de huit secondes, sur le 0 \u00e0 100 km\/h.<\/p>\n\n\n\n<p>Ce cabriolet souvent n\u00e9glig\u00e9, vous pouvez obtenir un bon exemplaire \u00e0 moins de 6000 \u20ac - donc la Toyota a du sens lorsque vous recherchez des sensations fortes \u00e0 bas prix. Mais sans un bon coffre, ne vous attendez pas \u00e0 ce que le MR3 soit pratique.<\/p>\n\n\n\n<h3 class=\"wp-block-heading\">Mercedes SL<\/h3>\n\n\n\n<figure class=\"wp-block-image alignnone size-full wp-image-19535\"><a href=\"http:\/\/www.carideal.com\/blog\/wp-content\/uploads\/2019\/07\/mercedes-sl-350-sport.jpg\"><img loading=\"lazy\" decoding=\"async\" width=\"600\" height=\"400\" src=\"http:\/\/www.carideal.com\/blog\/wp-content\/uploads\/2019\/07\/mercedes-sl-350-sport.jpg\" alt=\"Mercedes SL 350 Sport 2008\" class=\"wp-image-19535\" srcset=\"https:\/\/www.carideal.com\/blog\/wp-content\/uploads\/2019\/07\/mercedes-sl-350-sport.jpg 600w, https:\/\/www.carideal.com\/blog\/wp-content\/uploads\/2019\/07\/mercedes-sl-350-sport-300x200.jpg 300w, https:\/\/www.carideal.com\/blog\/wp-content\/uploads\/2019\/07\/mercedes-sl-350-sport-50x33.jpg 50w, https:\/\/www.carideal.com\/blog\/wp-content\/uploads\/2019\/07\/mercedes-sl-350-sport-110x73.jpg 110w, https:\/\/www.carideal.com\/blog\/wp-content\/uploads\/2019\/07\/mercedes-sl-350-sport-420x280.jpg 420w, https:\/\/www.carideal.com\/blog\/wp-content\/uploads\/2019\/07\/mercedes-sl-350-sport-272x182.jpg 272w\" sizes=\"(max-width: 600px) 100vw, 600px\" \/><\/a><figcaption>Mercedes SL 350 Sport 2008<\/figcaption><\/figure>\n\n\n\n<p>Nous avons trouv\u00e9 : Mercedes SL2 350 SPORT 7G TRONIC (2008, 72490 km)<br>Prix neuf : 95000 \u20ac<br>Aujourd'hui : 29990 \u20ac<br>Moteur : V6 de 3,5 litres, 315 ch.<\/p>\n\n\n\n<p>Peu de voitures d'occasion offrent plus de style pour le prix que la Mercedes SL. Un mod\u00e8le neuf vous aurait co\u00fbt\u00e9 l'\u00e9quivalent de 95000 \u20ac il y a seulement 10 ans, mais vous pouvez maintenant vous procurer ce cruiser de luxe pour moins de 30 000 \u20ac.<\/p>\n\n\n\n<p>Le 350 \u00e9tait le deuxi\u00e8me moteur d'entr\u00e9e de la gamme, bien que son V6 essence cr\u00e9meux et onctueux semble tout sauf basique. Cette voiture est con\u00e7ue pour la croisi\u00e8re plut\u00f4t que pour la route nationale, ce qui en fait le compagnon de route id\u00e9al pour un long voyage. Si le temps tourne, le toit m\u00e9tallique r\u00e9tractable prot\u00e8ge les occupants des intemp\u00e9ries, et le raffinement est au rendez-vous.<\/p>\n\n\n\n<h4 class=\"wp-block-heading\">Articles similaires<\/h4>\n\n\n\n\n\n<h3 class=\"wp-block-heading\">Mazda MX-5<\/h3>\n\n\n\n<figure class=\"wp-block-image alignnone size-full wp-image-19536\"><a href=\"http:\/\/www.carideal.com\/blog\/wp-content\/uploads\/2019\/07\/mazda-mx5-2004-e1563962376257.jpg\"><img loading=\"lazy\" decoding=\"async\" width=\"400\" height=\"300\" src=\"http:\/\/www.carideal.com\/blog\/wp-content\/uploads\/2019\/07\/mazda-mx5-2004-e1563962376257.jpg\" alt=\"Cabriolet Mazda MX5 2004 d'occasion pas cher\" class=\"wp-image-19536\" srcset=\"https:\/\/www.carideal.com\/blog\/wp-content\/uploads\/2019\/07\/mazda-mx5-2004-e1563962376257.jpg 400w, https:\/\/www.carideal.com\/blog\/wp-content\/uploads\/2019\/07\/mazda-mx5-2004-e1563962376257-300x225.jpg 300w, https:\/\/www.carideal.com\/blog\/wp-content\/uploads\/2019\/07\/mazda-mx5-2004-e1563962376257-50x38.jpg 50w, https:\/\/www.carideal.com\/blog\/wp-content\/uploads\/2019\/07\/mazda-mx5-2004-e1563962376257-110x83.jpg 110w\" sizes=\"(max-width: 400px) 100vw, 400px\" \/><\/a><figcaption>Cabriolet Mazda MX5 2004 d'occasion pas cher<\/figcaption><\/figure>\n\n\n\n<p>Nous avons trouv\u00e9 : 1.8 (Mazda MX5 Mk2 1.8 Etna 2004)<br>Prix neuf : 24500\u20ac<br>Maintenant : 8000 \u20ac<br>Moteur : 1,8 litre 4 cyl., 144 ch.<\/p>\n\n\n\n<p>Il est facile d'affirmer que la Mazda MX-5 est la meilleure voiture de sport jamais fabriqu\u00e9e. C'est certainement la plus vendu, avec environ un million de personnes qui ont achet\u00e9 un mod\u00e8le au cours des 30 derni\u00e8res ann\u00e9es. De plus, c'est un v\u00e9hicule d'occasion tr\u00e8s abordable, qui offre un plaisir r\u00e9el, une maniabilit\u00e9 excitante et beaucoup de style pour pas cher.<\/p>\n\n\n\n<p>Avec une cylindr\u00e9e de 1,8 litre, la MX-5 est assez rapide ; bien que cette voiture ne d\u00e9veloppe que 144 chevaux, elle est tr\u00e8s l\u00e9g\u00e8re. Une Mazda MX5 de deuxi\u00e8me g\u00e9n\u00e9ration semble la meilleure valeur en ce moment, depuis que le MX5 Mk3 a pris du poids.<\/p>\n","protected":false},"excerpt":{"rendered":"<p>Les 7 meilleurs cabriolets d&rsquo;occasions pas chers en 2019 Rien de tel qu&rsquo;un toit abaiss\u00e9, surtout par temps ensoleill\u00e9. Voici quelques-unes des meilleurs cabriolets d&rsquo;occasions pas cher&nbsp;disponibles en 2019.Les cabriolets d&rsquo;occasions pas chers sont un moyen vraiment rentable de poss\u00e9der une voiture amusante \u00e0 conduire, et compte tenu de leur popularit\u00e9 en France, vous pouvez &#8230; <a title=\"Meilleurs cabriolets d&rsquo;occasions pas chers en 2019\" class=\"read-more\" href=\"https:\/\/www.carideal.com\/blog\/2019\/07\/24\/meilleurs-cabriolets-occasions-pas-cher\/\" aria-label=\"En savoir plus sur Meilleurs cabriolets d&rsquo;occasions pas chers en 2019\">Lire plus<\/a><\/p>\n","protected":false},"author":3,"featured_media":19537,"comment_status":"open","ping_status":"open","sticky":false,"template":"","format":"standard","meta":{"_uag_custom_page_level_css":"","_themeisle_gutenberg_block_has_review":false,"footnotes":""},"categories":[6019,5974],"tags":[6184],"class_list":["post-19523","post","type-post","status-publish","format-standard","has-post-thumbnail","hentry","category-cabriolet","category-type-de-vehicule","tag-meilleur-voiture"],"wppr_data":{"cwp_meta_box_check":"No"},"yoast_head":"<!-- This site is optimized with the Yoast SEO plugin v24.8.1 - https:\/\/yoast.com\/wordpress\/plugins\/seo\/ -->\n<title>Meilleurs cabriolets d&#039;occasions pas chers en 2019 - Blog auto Carid\u00e9al<\/title>\n<meta name=\"description\" content=\"C&#039;est l&#039;\u00e9t\u00e9 et vu la canicule on a d\u00e9cid\u00e9 de faire un petit tour d&#039;horizon des meilleurs cabriolets d&#039;occasions pas cher : suivez notre guide d&#039;achat\" \/>\n<meta name=\"robots\" content=\"index, follow, max-snippet:-1, max-image-preview:large, max-video-preview:-1\" \/>\n<link rel=\"canonical\" href=\"https:\/\/www.carideal.com\/blog\/2019\/07\/24\/meilleurs-cabriolets-occasions-pas-cher\/\" \/>\n<meta property=\"og:locale\" content=\"fr_FR\" \/>\n<meta property=\"og:type\" content=\"article\" \/>\n<meta property=\"og:title\" content=\"Meilleurs cabriolets d&#039;occasions pas chers en 2019 - Blog auto Carid\u00e9al\" \/>\n<meta property=\"og:description\" content=\"C&#039;est l&#039;\u00e9t\u00e9 et vu la canicule on a d\u00e9cid\u00e9 de faire un petit tour d&#039;horizon des meilleurs cabriolets d&#039;occasions pas cher : suivez notre guide d&#039;achat\" \/>\n<meta property=\"og:url\" content=\"https:\/\/www.carideal.com\/blog\/2019\/07\/24\/meilleurs-cabriolets-occasions-pas-cher\/\" \/>\n<meta property=\"og:site_name\" content=\"Blog auto Carid\u00e9al\" \/>\n<meta property=\"article:publisher\" content=\"https:\/\/www.facebook.com\/Carideal.mandataire.automobile\" \/>\n<meta property=\"article:author\" content=\"https:\/\/www.facebook.com\/nicolas.schiavon.39\" \/>\n<meta property=\"article:published_time\" content=\"2019-07-24T10:19:27+00:00\" \/>\n<meta property=\"article:modified_time\" content=\"2020-12-10T15:20:44+00:00\" \/>\n<meta property=\"og:image\" content=\"https:\/\/www.carideal.com\/blog\/wp-content\/uploads\/2019\/07\/honda-s2000-2005-e1563962655154.jpg\" \/>\n\t<meta property=\"og:image:width\" content=\"500\" \/>\n\t<meta property=\"og:image:height\" content=\"375\" \/>\n\t<meta property=\"og:image:type\" content=\"image\/jpeg\" \/>\n<meta name=\"author\" content=\"Nicolas SCHIAVON\" \/>\n<meta name=\"twitter:card\" content=\"summary_large_image\" \/>\n<meta name=\"twitter:creator\" content=\"@caridealauto\" \/>\n<meta name=\"twitter:site\" content=\"@caridealauto\" \/>\n<meta name=\"twitter:label1\" content=\"\u00c9crit par\" \/>\n\t<meta name=\"twitter:data1\" content=\"Nicolas SCHIAVON\" \/>\n\t<meta name=\"twitter:label2\" content=\"Dur\u00e9e de lecture estim\u00e9e\" \/>\n\t<meta name=\"twitter:data2\" content=\"7 minutes\" \/>\n<script type=\"application\/ld+json\" class=\"yoast-schema-graph\">{\"@context\":\"https:\/\/schema.org\",\"@graph\":[{\"@type\":\"Article\",\"@id\":\"https:\/\/www.carideal.com\/blog\/2019\/07\/24\/meilleurs-cabriolets-occasions-pas-cher\/#article\",\"isPartOf\":{\"@id\":\"https:\/\/www.carideal.com\/blog\/2019\/07\/24\/meilleurs-cabriolets-occasions-pas-cher\/\"},\"author\":{\"name\":\"Nicolas SCHIAVON\",\"@id\":\"https:\/\/www.carideal.com\/blog\/#\/schema\/person\/cd95dc7919660de90d31b366f85be1ec\"},\"headline\":\"Meilleurs cabriolets d&rsquo;occasions pas chers en 2019\",\"datePublished\":\"2019-07-24T10:19:27+00:00\",\"dateModified\":\"2020-12-10T15:20:44+00:00\",\"mainEntityOfPage\":{\"@id\":\"https:\/\/www.carideal.com\/blog\/2019\/07\/24\/meilleurs-cabriolets-occasions-pas-cher\/\"},\"wordCount\":1445,\"commentCount\":0,\"publisher\":{\"@id\":\"https:\/\/www.carideal.com\/blog\/#organization\"},\"image\":{\"@id\":\"https:\/\/www.carideal.com\/blog\/2019\/07\/24\/meilleurs-cabriolets-occasions-pas-cher\/#primaryimage\"},\"thumbnailUrl\":\"https:\/\/www.carideal.com\/blog\/wp-content\/uploads\/2019\/07\/honda-s2000-2005-e1563962655154.jpg\",\"keywords\":[\"Meilleure voiture\"],\"articleSection\":[\"Cabriolet\",\"Type de v\u00e9hicule\"],\"inLanguage\":\"fr-FR\",\"potentialAction\":[{\"@type\":\"CommentAction\",\"name\":\"Comment\",\"target\":[\"https:\/\/www.carideal.com\/blog\/2019\/07\/24\/meilleurs-cabriolets-occasions-pas-cher\/#respond\"]}]},{\"@type\":\"WebPage\",\"@id\":\"https:\/\/www.carideal.com\/blog\/2019\/07\/24\/meilleurs-cabriolets-occasions-pas-cher\/\",\"url\":\"https:\/\/www.carideal.com\/blog\/2019\/07\/24\/meilleurs-cabriolets-occasions-pas-cher\/\",\"name\":\"Meilleurs cabriolets d'occasions pas chers en 2019 - Blog auto Carid\u00e9al\",\"isPartOf\":{\"@id\":\"https:\/\/www.carideal.com\/blog\/#website\"},\"primaryImageOfPage\":{\"@id\":\"https:\/\/www.carideal.com\/blog\/2019\/07\/24\/meilleurs-cabriolets-occasions-pas-cher\/#primaryimage\"},\"image\":{\"@id\":\"https:\/\/www.carideal.com\/blog\/2019\/07\/24\/meilleurs-cabriolets-occasions-pas-cher\/#primaryimage\"},\"thumbnailUrl\":\"https:\/\/www.carideal.com\/blog\/wp-content\/uploads\/2019\/07\/honda-s2000-2005-e1563962655154.jpg\",\"datePublished\":\"2019-07-24T10:19:27+00:00\",\"dateModified\":\"2020-12-10T15:20:44+00:00\",\"description\":\"C'est l'\u00e9t\u00e9 et vu la canicule on a d\u00e9cid\u00e9 de faire un petit tour d'horizon des meilleurs cabriolets d'occasions pas cher : suivez notre guide d'achat\",\"breadcrumb\":{\"@id\":\"https:\/\/www.carideal.com\/blog\/2019\/07\/24\/meilleurs-cabriolets-occasions-pas-cher\/#breadcrumb\"},\"inLanguage\":\"fr-FR\",\"potentialAction\":[{\"@type\":\"ReadAction\",\"target\":[\"https:\/\/www.carideal.com\/blog\/2019\/07\/24\/meilleurs-cabriolets-occasions-pas-cher\/\"]}]},{\"@type\":\"ImageObject\",\"inLanguage\":\"fr-FR\",\"@id\":\"https:\/\/www.carideal.com\/blog\/2019\/07\/24\/meilleurs-cabriolets-occasions-pas-cher\/#primaryimage\",\"url\":\"https:\/\/www.carideal.com\/blog\/wp-content\/uploads\/2019\/07\/honda-s2000-2005-e1563962655154.jpg\",\"contentUrl\":\"https:\/\/www.carideal.com\/blog\/wp-content\/uploads\/2019\/07\/honda-s2000-2005-e1563962655154.jpg\",\"width\":500,\"height\":375,\"caption\":\"Honda S2000 2005 cabriolet d'occasion pas cher\"},{\"@type\":\"BreadcrumbList\",\"@id\":\"https:\/\/www.carideal.com\/blog\/2019\/07\/24\/meilleurs-cabriolets-occasions-pas-cher\/#breadcrumb\",\"itemListElement\":[{\"@type\":\"ListItem\",\"position\":1,\"name\":\"Blog Carid\u00e9al\",\"item\":\"https:\/\/www.carideal.com\/blog\/\"},{\"@type\":\"ListItem\",\"position\":2,\"name\":\"Type de v\u00e9hicule\",\"item\":\"https:\/\/www.carideal.com\/blog\/type-de-vehicule\/\"},{\"@type\":\"ListItem\",\"position\":3,\"name\":\"Cabriolet\",\"item\":\"https:\/\/www.carideal.com\/blog\/type-de-vehicule\/cabriolet\/\"},{\"@type\":\"ListItem\",\"position\":4,\"name\":\"Meilleurs cabriolets d&rsquo;occasions pas chers en 2019\"}]},{\"@type\":\"WebSite\",\"@id\":\"https:\/\/www.carideal.com\/blog\/#website\",\"url\":\"https:\/\/www.carideal.com\/blog\/\",\"name\":\"Blog auto Carid\u00e9al\",\"description\":\"Actualit\u00e9 auto par des passionn\u00e9s\",\"publisher\":{\"@id\":\"https:\/\/www.carideal.com\/blog\/#organization\"},\"potentialAction\":[{\"@type\":\"SearchAction\",\"target\":{\"@type\":\"EntryPoint\",\"urlTemplate\":\"https:\/\/www.carideal.com\/blog\/?s={search_term_string}\"},\"query-input\":{\"@type\":\"PropertyValueSpecification\",\"valueRequired\":true,\"valueName\":\"search_term_string\"}}],\"inLanguage\":\"fr-FR\"},{\"@type\":\"Organization\",\"@id\":\"https:\/\/www.carideal.com\/blog\/#organization\",\"name\":\"Carideal\",\"url\":\"https:\/\/www.carideal.com\/blog\/\",\"logo\":{\"@type\":\"ImageObject\",\"inLanguage\":\"fr-FR\",\"@id\":\"https:\/\/www.carideal.com\/blog\/#\/schema\/logo\/image\/\",\"url\":\"http:\/\/www.carideal.com\/blog\/wp-content\/uploads\/2016\/03\/logo-carideal-mandataire-automobile.png\",\"contentUrl\":\"http:\/\/www.carideal.com\/blog\/wp-content\/uploads\/2016\/03\/logo-carideal-mandataire-automobile.png\",\"width\":300,\"height\":300,\"caption\":\"Carideal\"},\"image\":{\"@id\":\"https:\/\/www.carideal.com\/blog\/#\/schema\/logo\/image\/\"},\"sameAs\":[\"https:\/\/www.facebook.com\/Carideal.mandataire.automobile\",\"https:\/\/x.com\/caridealauto\",\"https:\/\/www.instagram.com\/carideal1\/\",\"https:\/\/www.linkedin.com\/company\/carideal.com\",\"https:\/\/fr.pinterest.com\/schiavonsas\/\",\"https:\/\/www.youtube.com\/user\/caridealsas\"]},{\"@type\":\"Person\",\"@id\":\"https:\/\/www.carideal.com\/blog\/#\/schema\/person\/cd95dc7919660de90d31b366f85be1ec\",\"name\":\"Nicolas SCHIAVON\",\"image\":{\"@type\":\"ImageObject\",\"inLanguage\":\"fr-FR\",\"@id\":\"https:\/\/www.carideal.com\/blog\/#\/schema\/person\/image\/\",\"url\":\"https:\/\/secure.gravatar.com\/avatar\/c17e55009e671d92cc7f5dc837dc418a?s=96&r=g\",\"contentUrl\":\"https:\/\/secure.gravatar.com\/avatar\/c17e55009e671d92cc7f5dc837dc418a?s=96&r=g\",\"caption\":\"Nicolas SCHIAVON\"},\"description\":\"Nicolas Schiavon est tomb\u00e9 tout petit dans la marmite automobile. Ayant eu un garage de marque automobile, mandataire automobile de la premi\u00e8re heure d\u00e8s 1999. Nicolas a cr\u00e9\u00e9 ces premiers sites de vente de voiture et blog automobile d\u00e8s 1994. Carideal est n\u00e9 le 15 d\u00e9cembre 2000 de la volont\u00e9 de vendre des voitures d'occasions en ligne puis des voitures neuves. Il a pu essayer beaucoup de voitures tr\u00e8s diff\u00e9rentes et ayant eu personnellement quelques belles autos, Subaru Impreza, Mitsubishi Lancer Evo 7, Porsche 911, Ferrari Testarrossa, Audi RS3, RS4 et j'en passe...\",\"sameAs\":[\"http:\/\/www.carideal.com\",\"https:\/\/www.facebook.com\/nicolas.schiavon.39\",\"https:\/\/www.instagram.com\/carideal1\/\",\"https:\/\/www.linkedin.com\/in\/nschiavon\/\",\"https:\/\/x.com\/caridealauto\",\"https:\/\/www.youtube.com\/user\/caridealsas\/\"],\"url\":\"https:\/\/www.carideal.com\/blog\/author\/nschiavon\/\"}]}<\/script>\n<!-- \/ Yoast SEO plugin. -->","yoast_head_json":{"title":"Meilleurs cabriolets d'occasions pas chers en 2019 - Blog auto Carid\u00e9al","description":"C'est l'\u00e9t\u00e9 et vu la canicule on a d\u00e9cid\u00e9 de faire un petit tour d'horizon des meilleurs cabriolets d'occasions pas cher : suivez notre guide d'achat","robots":{"index":"index","follow":"follow","max-snippet":"max-snippet:-1","max-image-preview":"max-image-preview:large","max-video-preview":"max-video-preview:-1"},"canonical":"https:\/\/www.carideal.com\/blog\/2019\/07\/24\/meilleurs-cabriolets-occasions-pas-cher\/","og_locale":"fr_FR","og_type":"article","og_title":"Meilleurs cabriolets d'occasions pas chers en 2019 - Blog auto Carid\u00e9al","og_description":"C'est l'\u00e9t\u00e9 et vu la canicule on a d\u00e9cid\u00e9 de faire un petit tour d'horizon des meilleurs cabriolets d'occasions pas cher : suivez notre guide d'achat","og_url":"https:\/\/www.carideal.com\/blog\/2019\/07\/24\/meilleurs-cabriolets-occasions-pas-cher\/","og_site_name":"Blog auto Carid\u00e9al","article_publisher":"https:\/\/www.facebook.com\/Carideal.mandataire.automobile","article_author":"https:\/\/www.facebook.com\/nicolas.schiavon.39","article_published_time":"2019-07-24T10:19:27+00:00","article_modified_time":"2020-12-10T15:20:44+00:00","og_image":[{"width":500,"height":375,"url":"https:\/\/www.carideal.com\/blog\/wp-content\/uploads\/2019\/07\/honda-s2000-2005-e1563962655154.jpg","type":"image\/jpeg"}],"author":"Nicolas SCHIAVON","twitter_card":"summary_large_image","twitter_creator":"@caridealauto","twitter_site":"@caridealauto","twitter_misc":{"\u00c9crit par":"Nicolas SCHIAVON","Dur\u00e9e de lecture estim\u00e9e":"7 minutes"},"schema":{"@context":"https:\/\/schema.org","@graph":[{"@type":"Article","@id":"https:\/\/www.carideal.com\/blog\/2019\/07\/24\/meilleurs-cabriolets-occasions-pas-cher\/#article","isPartOf":{"@id":"https:\/\/www.carideal.com\/blog\/2019\/07\/24\/meilleurs-cabriolets-occasions-pas-cher\/"},"author":{"name":"Nicolas SCHIAVON","@id":"https:\/\/www.carideal.com\/blog\/#\/schema\/person\/cd95dc7919660de90d31b366f85be1ec"},"headline":"Meilleurs cabriolets d&rsquo;occasions pas chers en 2019","datePublished":"2019-07-24T10:19:27+00:00","dateModified":"2020-12-10T15:20:44+00:00","mainEntityOfPage":{"@id":"https:\/\/www.carideal.com\/blog\/2019\/07\/24\/meilleurs-cabriolets-occasions-pas-cher\/"},"wordCount":1445,"commentCount":0,"publisher":{"@id":"https:\/\/www.carideal.com\/blog\/#organization"},"image":{"@id":"https:\/\/www.carideal.com\/blog\/2019\/07\/24\/meilleurs-cabriolets-occasions-pas-cher\/#primaryimage"},"thumbnailUrl":"https:\/\/www.carideal.com\/blog\/wp-content\/uploads\/2019\/07\/honda-s2000-2005-e1563962655154.jpg","keywords":["Meilleure voiture"],"articleSection":["Cabriolet","Type de v\u00e9hicule"],"inLanguage":"fr-FR","potentialAction":[{"@type":"CommentAction","name":"Comment","target":["https:\/\/www.carideal.com\/blog\/2019\/07\/24\/meilleurs-cabriolets-occasions-pas-cher\/#respond"]}]},{"@type":"WebPage","@id":"https:\/\/www.carideal.com\/blog\/2019\/07\/24\/meilleurs-cabriolets-occasions-pas-cher\/","url":"https:\/\/www.carideal.com\/blog\/2019\/07\/24\/meilleurs-cabriolets-occasions-pas-cher\/","name":"Meilleurs cabriolets d'occasions pas chers en 2019 - Blog auto Carid\u00e9al","isPartOf":{"@id":"https:\/\/www.carideal.com\/blog\/#website"},"primaryImageOfPage":{"@id":"https:\/\/www.carideal.com\/blog\/2019\/07\/24\/meilleurs-cabriolets-occasions-pas-cher\/#primaryimage"},"image":{"@id":"https:\/\/www.carideal.com\/blog\/2019\/07\/24\/meilleurs-cabriolets-occasions-pas-cher\/#primaryimage"},"thumbnailUrl":"https:\/\/www.carideal.com\/blog\/wp-content\/uploads\/2019\/07\/honda-s2000-2005-e1563962655154.jpg","datePublished":"2019-07-24T10:19:27+00:00","dateModified":"2020-12-10T15:20:44+00:00","description":"C'est l'\u00e9t\u00e9 et vu la canicule on a d\u00e9cid\u00e9 de faire un petit tour d'horizon des meilleurs cabriolets d'occasions pas cher : suivez notre guide d'achat","breadcrumb":{"@id":"https:\/\/www.carideal.com\/blog\/2019\/07\/24\/meilleurs-cabriolets-occasions-pas-cher\/#breadcrumb"},"inLanguage":"fr-FR","potentialAction":[{"@type":"ReadAction","target":["https:\/\/www.carideal.com\/blog\/2019\/07\/24\/meilleurs-cabriolets-occasions-pas-cher\/"]}]},{"@type":"ImageObject","inLanguage":"fr-FR","@id":"https:\/\/www.carideal.com\/blog\/2019\/07\/24\/meilleurs-cabriolets-occasions-pas-cher\/#primaryimage","url":"https:\/\/www.carideal.com\/blog\/wp-content\/uploads\/2019\/07\/honda-s2000-2005-e1563962655154.jpg","contentUrl":"https:\/\/www.carideal.com\/blog\/wp-content\/uploads\/2019\/07\/honda-s2000-2005-e1563962655154.jpg","width":500,"height":375,"caption":"Honda S2000 2005 cabriolet d'occasion pas cher"},{"@type":"BreadcrumbList","@id":"https:\/\/www.carideal.com\/blog\/2019\/07\/24\/meilleurs-cabriolets-occasions-pas-cher\/#breadcrumb","itemListElement":[{"@type":"ListItem","position":1,"name":"Blog Carid\u00e9al","item":"https:\/\/www.carideal.com\/blog\/"},{"@type":"ListItem","position":2,"name":"Type de v\u00e9hicule","item":"https:\/\/www.carideal.com\/blog\/type-de-vehicule\/"},{"@type":"ListItem","position":3,"name":"Cabriolet","item":"https:\/\/www.carideal.com\/blog\/type-de-vehicule\/cabriolet\/"},{"@type":"ListItem","position":4,"name":"Meilleurs cabriolets d&rsquo;occasions pas chers en 2019"}]},{"@type":"WebSite","@id":"https:\/\/www.carideal.com\/blog\/#website","url":"https:\/\/www.carideal.com\/blog\/","name":"Blog auto Carid\u00e9al","description":"Actualit\u00e9 auto par des passionn\u00e9s","publisher":{"@id":"https:\/\/www.carideal.com\/blog\/#organization"},"potentialAction":[{"@type":"SearchAction","target":{"@type":"EntryPoint","urlTemplate":"https:\/\/www.carideal.com\/blog\/?s={search_term_string}"},"query-input":{"@type":"PropertyValueSpecification","valueRequired":true,"valueName":"search_term_string"}}],"inLanguage":"fr-FR"},{"@type":"Organization","@id":"https:\/\/www.carideal.com\/blog\/#organization","name":"Carideal","url":"https:\/\/www.carideal.com\/blog\/","logo":{"@type":"ImageObject","inLanguage":"fr-FR","@id":"https:\/\/www.carideal.com\/blog\/#\/schema\/logo\/image\/","url":"http:\/\/www.carideal.com\/blog\/wp-content\/uploads\/2016\/03\/logo-carideal-mandataire-automobile.png","contentUrl":"http:\/\/www.carideal.com\/blog\/wp-content\/uploads\/2016\/03\/logo-carideal-mandataire-automobile.png","width":300,"height":300,"caption":"Carideal"},"image":{"@id":"https:\/\/www.carideal.com\/blog\/#\/schema\/logo\/image\/"},"sameAs":["https:\/\/www.facebook.com\/Carideal.mandataire.automobile","https:\/\/x.com\/caridealauto","https:\/\/www.instagram.com\/carideal1\/","https:\/\/www.linkedin.com\/company\/carideal.com","https:\/\/fr.pinterest.com\/schiavonsas\/","https:\/\/www.youtube.com\/user\/caridealsas"]},{"@type":"Person","@id":"https:\/\/www.carideal.com\/blog\/#\/schema\/person\/cd95dc7919660de90d31b366f85be1ec","name":"Nicolas SCHIAVON","image":{"@type":"ImageObject","inLanguage":"fr-FR","@id":"https:\/\/www.carideal.com\/blog\/#\/schema\/person\/image\/","url":"https:\/\/secure.gravatar.com\/avatar\/c17e55009e671d92cc7f5dc837dc418a?s=96&r=g","contentUrl":"https:\/\/secure.gravatar.com\/avatar\/c17e55009e671d92cc7f5dc837dc418a?s=96&r=g","caption":"Nicolas SCHIAVON"},"description":"Nicolas Schiavon est tomb\u00e9 tout petit dans la marmite automobile. Ayant eu un garage de marque automobile, mandataire automobile de la premi\u00e8re heure d\u00e8s 1999. Nicolas a cr\u00e9\u00e9 ces premiers sites de vente de voiture et blog automobile d\u00e8s 1994. Carideal est n\u00e9 le 15 d\u00e9cembre 2000 de la volont\u00e9 de vendre des voitures d'occasions en ligne puis des voitures neuves. Il a pu essayer beaucoup de voitures tr\u00e8s diff\u00e9rentes et ayant eu personnellement quelques belles autos, Subaru Impreza, Mitsubishi Lancer Evo 7, Porsche 911, Ferrari Testarrossa, Audi RS3, RS4 et j'en passe...","sameAs":["http:\/\/www.carideal.com","https:\/\/www.facebook.com\/nicolas.schiavon.39","https:\/\/www.instagram.com\/carideal1\/","https:\/\/www.linkedin.com\/in\/nschiavon\/","https:\/\/x.com\/caridealauto","https:\/\/www.youtube.com\/user\/caridealsas\/"],"url":"https:\/\/www.carideal.com\/blog\/author\/nschiavon\/"}]}},"uagb_featured_image_src":{"full":["https:\/\/www.carideal.com\/blog\/wp-content\/uploads\/2019\/07\/honda-s2000-2005-e1563962655154.jpg",500,375,false],"thumbnail":["https:\/\/www.carideal.com\/blog\/wp-content\/uploads\/2019\/07\/honda-s2000-2005-e1563962655154-150x150.jpg",150,150,true],"medium":["https:\/\/www.carideal.com\/blog\/wp-content\/uploads\/2019\/07\/honda-s2000-2005-e1563962655154-300x225.jpg",300,225,true],"medium_large":["https:\/\/www.carideal.com\/blog\/wp-content\/uploads\/2019\/07\/honda-s2000-2005-e1563962655154.jpg",500,375,false],"large":["https:\/\/www.carideal.com\/blog\/wp-content\/uploads\/2019\/07\/honda-s2000-2005-e1563962655154.jpg",500,375,false],"1536x1536":["https:\/\/www.carideal.com\/blog\/wp-content\/uploads\/2019\/07\/honda-s2000-2005-e1563962655154.jpg",500,375,false],"2048x2048":["https:\/\/www.carideal.com\/blog\/wp-content\/uploads\/2019\/07\/honda-s2000-2005-e1563962655154.jpg",500,375,false],"wppr-widget":["https:\/\/www.carideal.com\/blog\/wp-content\/uploads\/2019\/07\/honda-s2000-2005-e1563962655154-50x38.jpg",50,38,true]},"uagb_author_info":{"display_name":"Nicolas SCHIAVON","author_link":"https:\/\/www.carideal.com\/blog\/author\/nschiavon\/"},"uagb_comment_info":0,"uagb_excerpt":"Les 7 meilleurs cabriolets d'occasions pas chers en 2019 Rien de tel qu'un toit abaiss\u00e9, surtout par temps ensoleill\u00e9. Voici quelques-unes des meilleurs cabriolets d'occasions pas cher&nbsp;disponibles en 2019.Les cabriolets d'occasions pas chers sont un moyen vraiment rentable de poss\u00e9der une voiture amusante \u00e0 conduire, et compte tenu de leur popularit\u00e9 en France, vous pouvez\u2026","_links":{"self":[{"href":"https:\/\/www.carideal.com\/blog\/wp-json\/wp\/v2\/posts\/19523"}],"collection":[{"href":"https:\/\/www.carideal.com\/blog\/wp-json\/wp\/v2\/posts"}],"about":[{"href":"https:\/\/www.carideal.com\/blog\/wp-json\/wp\/v2\/types\/post"}],"author":[{"embeddable":true,"href":"https:\/\/www.carideal.com\/blog\/wp-json\/wp\/v2\/users\/3"}],"replies":[{"embeddable":true,"href":"https:\/\/www.carideal.com\/blog\/wp-json\/wp\/v2\/comments?post=19523"}],"version-history":[{"count":0,"href":"https:\/\/www.carideal.com\/blog\/wp-json\/wp\/v2\/posts\/19523\/revisions"}],"wp:featuredmedia":[{"embeddable":true,"href":"https:\/\/www.carideal.com\/blog\/wp-json\/wp\/v2\/media\/19537"}],"wp:attachment":[{"href":"https:\/\/www.carideal.com\/blog\/wp-json\/wp\/v2\/media?parent=19523"}],"wp:term":[{"taxonomy":"category","embeddable":true,"href":"https:\/\/www.carideal.com\/blog\/wp-json\/wp\/v2\/categories?post=19523"},{"taxonomy":"post_tag","embeddable":true,"href":"https:\/\/www.carideal.com\/blog\/wp-json\/wp\/v2\/tags?post=19523"}],"curies":[{"name":"wp","href":"https:\/\/api.w.org\/{rel}","templated":true}]}}