{"id":194,"date":"2011-02-09T20:58:00","date_gmt":"2011-02-09T20:58:00","guid":{"rendered":"http:\/\/carideal.com\/blog\/?p=194"},"modified":"2018-10-07T20:38:10","modified_gmt":"2018-10-07T18:38:10","slug":"familiale-sportive-electrique","status":"publish","type":"post","link":"https:\/\/www.carideal.com\/blog\/2011\/02\/09\/familiale-sportive-electrique\/","title":{"rendered":"Tesla S Familiale sportive electrique"},"content":{"rendered":"<h1><strong>Tesla S Familiale sportive electrique<\/strong><\/h1>\n<p>Le mod\u00e8le sport de la Tesla sera commercialis\u00e9 en 2012 pour 250000 \u20ac<\/p>\n<p>Les batteries sont dispos\u00e9es sous le plancher et par cons\u00e9quent maintiennent un centre de gravit\u00e9 relativement bas. La <strong>Tesla model S<\/strong> enrichit la gamme du constructeur californien, jusqu'alors compos\u00e9e d'un roadster, par cette berline \u00e0 hayon. Une architecture qui permet en outre de disposer d'un espace de chargement \u00e0 l'avant de l'auto ainsi que d'une configuration \u00e0 sept places au moyens de si\u00e8ges suppl\u00e9mentaires \u00e0 l'arri\u00e8re.<br \/>\nCette berline de grand tourisme r\u00e9alise l'exercice du 0 \u00e0 100 km\/h en moins de 6 secondes, et selon le type de batterie choisi par le client, l'autonomie, dixit Tesla peut atteindre 260, 360 ou bien 500 km.<\/p>\n","protected":false},"excerpt":{"rendered":"<p>Tesla S Familiale sportive electrique Le mod\u00e8le sport de la Tesla sera commercialis\u00e9 en 2012 pour 250000 \u20ac Les batteries sont dispos\u00e9es sous le plancher et par cons\u00e9quent maintiennent un centre de gravit\u00e9 relativement bas. La Tesla model S enrichit la gamme du constructeur californien, jusqu&rsquo;alors compos\u00e9e d&rsquo;un roadster, par cette berline \u00e0 hayon. Une &#8230; <a title=\"Tesla S Familiale sportive electrique\" class=\"read-more\" href=\"https:\/\/www.carideal.com\/blog\/2011\/02\/09\/familiale-sportive-electrique\/\" aria-label=\"En savoir plus sur Tesla S Familiale sportive electrique\">Lire plus<\/a><\/p>\n","protected":false},"author":1,"featured_media":17626,"comment_status":"open","ping_status":"open","sticky":false,"template":"","format":"standard","meta":{"_uag_custom_page_level_css":"","_themeisle_gutenberg_block_has_review":false,"footnotes":""},"categories":[21,5944,5986,6012,6,6177,5998,5080,5974,5970],"tags":[6679,5044],"class_list":["post-194","post","type-post","status-publish","format-standard","has-post-thumbnail","hentry","category-actualites-auto","category-constructeur","category-tesla","category-berlines","category-ecologie","category-essai-tesla","category-sportive","category-technologie-2","category-type-de-vehicule","category-electrique-technologie-2","tag-berline-sportive","tag-guide-achat"],"wppr_data":{"cwp_meta_box_check":"No"},"yoast_head":"<!-- This site is optimized with the Yoast SEO plugin v24.8.1 - https:\/\/yoast.com\/wordpress\/plugins\/seo\/ -->\n<title>Tesla S Familiale sportive electrique - Blog auto Carid\u00e9al<\/title>\n<meta name=\"robots\" content=\"index, follow, max-snippet:-1, max-image-preview:large, max-video-preview:-1\" \/>\n<link rel=\"canonical\" href=\"https:\/\/www.carideal.com\/blog\/2011\/02\/09\/familiale-sportive-electrique\/\" \/>\n<meta property=\"og:locale\" content=\"fr_FR\" \/>\n<meta property=\"og:type\" content=\"article\" \/>\n<meta property=\"og:title\" content=\"Tesla S Familiale sportive electrique - Blog auto Carid\u00e9al\" \/>\n<meta property=\"og:description\" content=\"Tesla S Familiale sportive electrique Le mod\u00e8le sport de la Tesla sera commercialis\u00e9 en 2012 pour 250000 \u20ac Les batteries sont dispos\u00e9es sous le plancher et par cons\u00e9quent maintiennent un centre de gravit\u00e9 relativement bas. La Tesla model S enrichit la gamme du constructeur californien, jusqu&#039;alors compos\u00e9e d&#039;un roadster, par cette berline \u00e0 hayon. Une ... Lire plus\" \/>\n<meta property=\"og:url\" content=\"https:\/\/www.carideal.com\/blog\/2011\/02\/09\/familiale-sportive-electrique\/\" \/>\n<meta property=\"og:site_name\" content=\"Blog auto Carid\u00e9al\" \/>\n<meta property=\"article:publisher\" content=\"https:\/\/www.facebook.com\/Carideal.mandataire.automobile\" \/>\n<meta property=\"article:author\" content=\"https:\/\/www.facebook.com\/Carideal.mandataire.automobile\/\" \/>\n<meta property=\"article:published_time\" content=\"2011-02-09T20:58:00+00:00\" \/>\n<meta property=\"article:modified_time\" content=\"2018-10-07T18:38:10+00:00\" \/>\n<meta property=\"og:image\" content=\"https:\/\/www.carideal.com\/blog\/wp-content\/uploads\/2011\/02\/Tesla-Model-S_carideal_m.jpg\" \/>\n\t<meta property=\"og:image:width\" content=\"448\" \/>\n\t<meta property=\"og:image:height\" content=\"268\" \/>\n\t<meta property=\"og:image:type\" content=\"image\/jpeg\" \/>\n<meta name=\"author\" content=\"N.S Carideal\" \/>\n<meta name=\"twitter:card\" content=\"summary_large_image\" \/>\n<meta name=\"twitter:creator\" content=\"@caridealauto\" \/>\n<meta name=\"twitter:site\" content=\"@caridealauto\" \/>\n<meta name=\"twitter:label1\" content=\"\u00c9crit par\" \/>\n\t<meta name=\"twitter:data1\" content=\"N.S Carideal\" \/>\n\t<meta name=\"twitter:label2\" content=\"Dur\u00e9e de lecture estim\u00e9e\" \/>\n\t<meta name=\"twitter:data2\" content=\"1 minute\" \/>\n<script type=\"application\/ld+json\" class=\"yoast-schema-graph\">{\"@context\":\"https:\/\/schema.org\",\"@graph\":[{\"@type\":\"Article\",\"@id\":\"https:\/\/www.carideal.com\/blog\/2011\/02\/09\/familiale-sportive-electrique\/#article\",\"isPartOf\":{\"@id\":\"https:\/\/www.carideal.com\/blog\/2011\/02\/09\/familiale-sportive-electrique\/\"},\"author\":{\"name\":\"N.S Carideal\",\"@id\":\"https:\/\/www.carideal.com\/blog\/#\/schema\/person\/985c7e757d1042d647f21bfaf8d41ebc\"},\"headline\":\"Tesla S Familiale sportive electrique\",\"datePublished\":\"2011-02-09T20:58:00+00:00\",\"dateModified\":\"2018-10-07T18:38:10+00:00\",\"mainEntityOfPage\":{\"@id\":\"https:\/\/www.carideal.com\/blog\/2011\/02\/09\/familiale-sportive-electrique\/\"},\"wordCount\":122,\"commentCount\":0,\"publisher\":{\"@id\":\"https:\/\/www.carideal.com\/blog\/#organization\"},\"image\":{\"@id\":\"https:\/\/www.carideal.com\/blog\/2011\/02\/09\/familiale-sportive-electrique\/#primaryimage\"},\"thumbnailUrl\":\"https:\/\/www.carideal.com\/blog\/wp-content\/uploads\/2011\/02\/Tesla-Model-S_carideal_m.jpg\",\"keywords\":[\"Berline sportive\",\"Guide achat voiture\"],\"articleSection\":[\"Actualit\u00e9 automobile\",\"Actualit\u00e9 Constructeur automobile\",\"Actualit\u00e9 Tesla\",\"Berlines\",\"Ecologie\",\"Essais Tesla\",\"Sportive\",\"Technologie Automobile\",\"Type de v\u00e9hicule\",\"Voiture \u00e9lectrique\"],\"inLanguage\":\"fr-FR\",\"potentialAction\":[{\"@type\":\"CommentAction\",\"name\":\"Comment\",\"target\":[\"https:\/\/www.carideal.com\/blog\/2011\/02\/09\/familiale-sportive-electrique\/#respond\"]}]},{\"@type\":\"WebPage\",\"@id\":\"https:\/\/www.carideal.com\/blog\/2011\/02\/09\/familiale-sportive-electrique\/\",\"url\":\"https:\/\/www.carideal.com\/blog\/2011\/02\/09\/familiale-sportive-electrique\/\",\"name\":\"Tesla S Familiale sportive electrique - Blog auto Carid\u00e9al\",\"isPartOf\":{\"@id\":\"https:\/\/www.carideal.com\/blog\/#website\"},\"primaryImageOfPage\":{\"@id\":\"https:\/\/www.carideal.com\/blog\/2011\/02\/09\/familiale-sportive-electrique\/#primaryimage\"},\"image\":{\"@id\":\"https:\/\/www.carideal.com\/blog\/2011\/02\/09\/familiale-sportive-electrique\/#primaryimage\"},\"thumbnailUrl\":\"https:\/\/www.carideal.com\/blog\/wp-content\/uploads\/2011\/02\/Tesla-Model-S_carideal_m.jpg\",\"datePublished\":\"2011-02-09T20:58:00+00:00\",\"dateModified\":\"2018-10-07T18:38:10+00:00\",\"breadcrumb\":{\"@id\":\"https:\/\/www.carideal.com\/blog\/2011\/02\/09\/familiale-sportive-electrique\/#breadcrumb\"},\"inLanguage\":\"fr-FR\",\"potentialAction\":[{\"@type\":\"ReadAction\",\"target\":[\"https:\/\/www.carideal.com\/blog\/2011\/02\/09\/familiale-sportive-electrique\/\"]}]},{\"@type\":\"ImageObject\",\"inLanguage\":\"fr-FR\",\"@id\":\"https:\/\/www.carideal.com\/blog\/2011\/02\/09\/familiale-sportive-electrique\/#primaryimage\",\"url\":\"https:\/\/www.carideal.com\/blog\/wp-content\/uploads\/2011\/02\/Tesla-Model-S_carideal_m.jpg\",\"contentUrl\":\"https:\/\/www.carideal.com\/blog\/wp-content\/uploads\/2011\/02\/Tesla-Model-S_carideal_m.jpg\",\"width\":448,\"height\":268,\"caption\":\"Tesla S Familiale sportive electrique\"},{\"@type\":\"BreadcrumbList\",\"@id\":\"https:\/\/www.carideal.com\/blog\/2011\/02\/09\/familiale-sportive-electrique\/#breadcrumb\",\"itemListElement\":[{\"@type\":\"ListItem\",\"position\":1,\"name\":\"Blog Carid\u00e9al\",\"item\":\"https:\/\/www.carideal.com\/blog\/\"},{\"@type\":\"ListItem\",\"position\":2,\"name\":\"Ecologie\",\"item\":\"https:\/\/www.carideal.com\/blog\/ecologie\/\"},{\"@type\":\"ListItem\",\"position\":3,\"name\":\"Tesla S Familiale sportive electrique\"}]},{\"@type\":\"WebSite\",\"@id\":\"https:\/\/www.carideal.com\/blog\/#website\",\"url\":\"https:\/\/www.carideal.com\/blog\/\",\"name\":\"Blog auto Carid\u00e9al\",\"description\":\"Actualit\u00e9 auto par des passionn\u00e9s\",\"publisher\":{\"@id\":\"https:\/\/www.carideal.com\/blog\/#organization\"},\"potentialAction\":[{\"@type\":\"SearchAction\",\"target\":{\"@type\":\"EntryPoint\",\"urlTemplate\":\"https:\/\/www.carideal.com\/blog\/?s={search_term_string}\"},\"query-input\":{\"@type\":\"PropertyValueSpecification\",\"valueRequired\":true,\"valueName\":\"search_term_string\"}}],\"inLanguage\":\"fr-FR\"},{\"@type\":\"Organization\",\"@id\":\"https:\/\/www.carideal.com\/blog\/#organization\",\"name\":\"Carideal\",\"url\":\"https:\/\/www.carideal.com\/blog\/\",\"logo\":{\"@type\":\"ImageObject\",\"inLanguage\":\"fr-FR\",\"@id\":\"https:\/\/www.carideal.com\/blog\/#\/schema\/logo\/image\/\",\"url\":\"http:\/\/www.carideal.com\/blog\/wp-content\/uploads\/2016\/03\/logo-carideal-mandataire-automobile.png\",\"contentUrl\":\"http:\/\/www.carideal.com\/blog\/wp-content\/uploads\/2016\/03\/logo-carideal-mandataire-automobile.png\",\"width\":300,\"height\":300,\"caption\":\"Carideal\"},\"image\":{\"@id\":\"https:\/\/www.carideal.com\/blog\/#\/schema\/logo\/image\/\"},\"sameAs\":[\"https:\/\/www.facebook.com\/Carideal.mandataire.automobile\",\"https:\/\/x.com\/caridealauto\",\"https:\/\/www.instagram.com\/carideal1\/\",\"https:\/\/www.linkedin.com\/company\/carideal.com\",\"https:\/\/fr.pinterest.com\/schiavonsas\/\",\"https:\/\/www.youtube.com\/user\/caridealsas\"]},{\"@type\":\"Person\",\"@id\":\"https:\/\/www.carideal.com\/blog\/#\/schema\/person\/985c7e757d1042d647f21bfaf8d41ebc\",\"name\":\"N.S Carideal\",\"image\":{\"@type\":\"ImageObject\",\"inLanguage\":\"fr-FR\",\"@id\":\"https:\/\/www.carideal.com\/blog\/#\/schema\/person\/image\/\",\"url\":\"https:\/\/secure.gravatar.com\/avatar\/edb7ccdf1a4e3d14aef967760d354d0e?s=96&r=g\",\"contentUrl\":\"https:\/\/secure.gravatar.com\/avatar\/edb7ccdf1a4e3d14aef967760d354d0e?s=96&r=g\",\"caption\":\"N.S Carideal\"},\"description\":\"Depuis tout petit fan d'automobile. Il est question d'essayer et de comparer toutes ces voitures qui nous ont fait r\u00e9ver, avant que celles-ci ne devient uniquement des voitures de collection.\",\"sameAs\":[\"http:\/\/www.carideal.com\/blog\",\"https:\/\/www.facebook.com\/Carideal.mandataire.automobile\/\",\"https:\/\/www.linkedin.com\/in\/nschiavon\/\",\"https:\/\/www.youtube.com\/user\/caridealsas\/\"],\"url\":\"https:\/\/www.carideal.com\/blog\/author\/admin_carideal\/\"}]}<\/script>\n<!-- \/ Yoast SEO plugin. -->","yoast_head_json":{"title":"Tesla S Familiale sportive electrique - Blog auto Carid\u00e9al","robots":{"index":"index","follow":"follow","max-snippet":"max-snippet:-1","max-image-preview":"max-image-preview:large","max-video-preview":"max-video-preview:-1"},"canonical":"https:\/\/www.carideal.com\/blog\/2011\/02\/09\/familiale-sportive-electrique\/","og_locale":"fr_FR","og_type":"article","og_title":"Tesla S Familiale sportive electrique - Blog auto Carid\u00e9al","og_description":"Tesla S Familiale sportive electrique Le mod\u00e8le sport de la Tesla sera commercialis\u00e9 en 2012 pour 250000 \u20ac Les batteries sont dispos\u00e9es sous le plancher et par cons\u00e9quent maintiennent un centre de gravit\u00e9 relativement bas. La Tesla model S enrichit la gamme du constructeur californien, jusqu'alors compos\u00e9e d'un roadster, par cette berline \u00e0 hayon. Une ... Lire plus","og_url":"https:\/\/www.carideal.com\/blog\/2011\/02\/09\/familiale-sportive-electrique\/","og_site_name":"Blog auto Carid\u00e9al","article_publisher":"https:\/\/www.facebook.com\/Carideal.mandataire.automobile","article_author":"https:\/\/www.facebook.com\/Carideal.mandataire.automobile\/","article_published_time":"2011-02-09T20:58:00+00:00","article_modified_time":"2018-10-07T18:38:10+00:00","og_image":[{"width":448,"height":268,"url":"https:\/\/www.carideal.com\/blog\/wp-content\/uploads\/2011\/02\/Tesla-Model-S_carideal_m.jpg","type":"image\/jpeg"}],"author":"N.S Carideal","twitter_card":"summary_large_image","twitter_creator":"@caridealauto","twitter_site":"@caridealauto","twitter_misc":{"\u00c9crit par":"N.S Carideal","Dur\u00e9e de lecture estim\u00e9e":"1 minute"},"schema":{"@context":"https:\/\/schema.org","@graph":[{"@type":"Article","@id":"https:\/\/www.carideal.com\/blog\/2011\/02\/09\/familiale-sportive-electrique\/#article","isPartOf":{"@id":"https:\/\/www.carideal.com\/blog\/2011\/02\/09\/familiale-sportive-electrique\/"},"author":{"name":"N.S Carideal","@id":"https:\/\/www.carideal.com\/blog\/#\/schema\/person\/985c7e757d1042d647f21bfaf8d41ebc"},"headline":"Tesla S Familiale sportive electrique","datePublished":"2011-02-09T20:58:00+00:00","dateModified":"2018-10-07T18:38:10+00:00","mainEntityOfPage":{"@id":"https:\/\/www.carideal.com\/blog\/2011\/02\/09\/familiale-sportive-electrique\/"},"wordCount":122,"commentCount":0,"publisher":{"@id":"https:\/\/www.carideal.com\/blog\/#organization"},"image":{"@id":"https:\/\/www.carideal.com\/blog\/2011\/02\/09\/familiale-sportive-electrique\/#primaryimage"},"thumbnailUrl":"https:\/\/www.carideal.com\/blog\/wp-content\/uploads\/2011\/02\/Tesla-Model-S_carideal_m.jpg","keywords":["Berline sportive","Guide achat voiture"],"articleSection":["Actualit\u00e9 automobile","Actualit\u00e9 Constructeur automobile","Actualit\u00e9 Tesla","Berlines","Ecologie","Essais Tesla","Sportive","Technologie Automobile","Type de v\u00e9hicule","Voiture \u00e9lectrique"],"inLanguage":"fr-FR","potentialAction":[{"@type":"CommentAction","name":"Comment","target":["https:\/\/www.carideal.com\/blog\/2011\/02\/09\/familiale-sportive-electrique\/#respond"]}]},{"@type":"WebPage","@id":"https:\/\/www.carideal.com\/blog\/2011\/02\/09\/familiale-sportive-electrique\/","url":"https:\/\/www.carideal.com\/blog\/2011\/02\/09\/familiale-sportive-electrique\/","name":"Tesla S Familiale sportive electrique - Blog auto Carid\u00e9al","isPartOf":{"@id":"https:\/\/www.carideal.com\/blog\/#website"},"primaryImageOfPage":{"@id":"https:\/\/www.carideal.com\/blog\/2011\/02\/09\/familiale-sportive-electrique\/#primaryimage"},"image":{"@id":"https:\/\/www.carideal.com\/blog\/2011\/02\/09\/familiale-sportive-electrique\/#primaryimage"},"thumbnailUrl":"https:\/\/www.carideal.com\/blog\/wp-content\/uploads\/2011\/02\/Tesla-Model-S_carideal_m.jpg","datePublished":"2011-02-09T20:58:00+00:00","dateModified":"2018-10-07T18:38:10+00:00","breadcrumb":{"@id":"https:\/\/www.carideal.com\/blog\/2011\/02\/09\/familiale-sportive-electrique\/#breadcrumb"},"inLanguage":"fr-FR","potentialAction":[{"@type":"ReadAction","target":["https:\/\/www.carideal.com\/blog\/2011\/02\/09\/familiale-sportive-electrique\/"]}]},{"@type":"ImageObject","inLanguage":"fr-FR","@id":"https:\/\/www.carideal.com\/blog\/2011\/02\/09\/familiale-sportive-electrique\/#primaryimage","url":"https:\/\/www.carideal.com\/blog\/wp-content\/uploads\/2011\/02\/Tesla-Model-S_carideal_m.jpg","contentUrl":"https:\/\/www.carideal.com\/blog\/wp-content\/uploads\/2011\/02\/Tesla-Model-S_carideal_m.jpg","width":448,"height":268,"caption":"Tesla S Familiale sportive electrique"},{"@type":"BreadcrumbList","@id":"https:\/\/www.carideal.com\/blog\/2011\/02\/09\/familiale-sportive-electrique\/#breadcrumb","itemListElement":[{"@type":"ListItem","position":1,"name":"Blog Carid\u00e9al","item":"https:\/\/www.carideal.com\/blog\/"},{"@type":"ListItem","position":2,"name":"Ecologie","item":"https:\/\/www.carideal.com\/blog\/ecologie\/"},{"@type":"ListItem","position":3,"name":"Tesla S Familiale sportive electrique"}]},{"@type":"WebSite","@id":"https:\/\/www.carideal.com\/blog\/#website","url":"https:\/\/www.carideal.com\/blog\/","name":"Blog auto Carid\u00e9al","description":"Actualit\u00e9 auto par des passionn\u00e9s","publisher":{"@id":"https:\/\/www.carideal.com\/blog\/#organization"},"potentialAction":[{"@type":"SearchAction","target":{"@type":"EntryPoint","urlTemplate":"https:\/\/www.carideal.com\/blog\/?s={search_term_string}"},"query-input":{"@type":"PropertyValueSpecification","valueRequired":true,"valueName":"search_term_string"}}],"inLanguage":"fr-FR"},{"@type":"Organization","@id":"https:\/\/www.carideal.com\/blog\/#organization","name":"Carideal","url":"https:\/\/www.carideal.com\/blog\/","logo":{"@type":"ImageObject","inLanguage":"fr-FR","@id":"https:\/\/www.carideal.com\/blog\/#\/schema\/logo\/image\/","url":"http:\/\/www.carideal.com\/blog\/wp-content\/uploads\/2016\/03\/logo-carideal-mandataire-automobile.png","contentUrl":"http:\/\/www.carideal.com\/blog\/wp-content\/uploads\/2016\/03\/logo-carideal-mandataire-automobile.png","width":300,"height":300,"caption":"Carideal"},"image":{"@id":"https:\/\/www.carideal.com\/blog\/#\/schema\/logo\/image\/"},"sameAs":["https:\/\/www.facebook.com\/Carideal.mandataire.automobile","https:\/\/x.com\/caridealauto","https:\/\/www.instagram.com\/carideal1\/","https:\/\/www.linkedin.com\/company\/carideal.com","https:\/\/fr.pinterest.com\/schiavonsas\/","https:\/\/www.youtube.com\/user\/caridealsas"]},{"@type":"Person","@id":"https:\/\/www.carideal.com\/blog\/#\/schema\/person\/985c7e757d1042d647f21bfaf8d41ebc","name":"N.S Carideal","image":{"@type":"ImageObject","inLanguage":"fr-FR","@id":"https:\/\/www.carideal.com\/blog\/#\/schema\/person\/image\/","url":"https:\/\/secure.gravatar.com\/avatar\/edb7ccdf1a4e3d14aef967760d354d0e?s=96&r=g","contentUrl":"https:\/\/secure.gravatar.com\/avatar\/edb7ccdf1a4e3d14aef967760d354d0e?s=96&r=g","caption":"N.S Carideal"},"description":"Depuis tout petit fan d'automobile. Il est question d'essayer et de comparer toutes ces voitures qui nous ont fait r\u00e9ver, avant que celles-ci ne devient uniquement des voitures de collection.","sameAs":["http:\/\/www.carideal.com\/blog","https:\/\/www.facebook.com\/Carideal.mandataire.automobile\/","https:\/\/www.linkedin.com\/in\/nschiavon\/","https:\/\/www.youtube.com\/user\/caridealsas\/"],"url":"https:\/\/www.carideal.com\/blog\/author\/admin_carideal\/"}]}},"uagb_featured_image_src":{"full":["https:\/\/www.carideal.com\/blog\/wp-content\/uploads\/2011\/02\/Tesla-Model-S_carideal_m.jpg",448,268,false],"thumbnail":["https:\/\/www.carideal.com\/blog\/wp-content\/uploads\/2011\/02\/Tesla-Model-S_carideal_m-150x150.jpg",150,150,true],"medium":["https:\/\/www.carideal.com\/blog\/wp-content\/uploads\/2011\/02\/Tesla-Model-S_carideal_m-300x179.jpg",300,179,true],"medium_large":["https:\/\/www.carideal.com\/blog\/wp-content\/uploads\/2011\/02\/Tesla-Model-S_carideal_m.jpg",448,268,false],"large":["https:\/\/www.carideal.com\/blog\/wp-content\/uploads\/2011\/02\/Tesla-Model-S_carideal_m.jpg",448,268,false],"1536x1536":["https:\/\/www.carideal.com\/blog\/wp-content\/uploads\/2011\/02\/Tesla-Model-S_carideal_m.jpg",448,268,false],"2048x2048":["https:\/\/www.carideal.com\/blog\/wp-content\/uploads\/2011\/02\/Tesla-Model-S_carideal_m.jpg",448,268,false],"wppr-widget":["https:\/\/www.carideal.com\/blog\/wp-content\/uploads\/2011\/02\/Tesla-Model-S_carideal_m-50x30.jpg",50,30,true]},"uagb_author_info":{"display_name":"N.S Carideal","author_link":"https:\/\/www.carideal.com\/blog\/author\/admin_carideal\/"},"uagb_comment_info":0,"uagb_excerpt":"Tesla S Familiale sportive electrique Le mod\u00e8le sport de la Tesla sera commercialis\u00e9 en 2012 pour 250000 \u20ac Les batteries sont dispos\u00e9es sous le plancher et par cons\u00e9quent maintiennent un centre de gravit\u00e9 relativement bas. La Tesla model S enrichit la gamme du constructeur californien, jusqu'alors compos\u00e9e d'un roadster, par cette berline \u00e0 hayon. Une\u2026","_links":{"self":[{"href":"https:\/\/www.carideal.com\/blog\/wp-json\/wp\/v2\/posts\/194"}],"collection":[{"href":"https:\/\/www.carideal.com\/blog\/wp-json\/wp\/v2\/posts"}],"about":[{"href":"https:\/\/www.carideal.com\/blog\/wp-json\/wp\/v2\/types\/post"}],"author":[{"embeddable":true,"href":"https:\/\/www.carideal.com\/blog\/wp-json\/wp\/v2\/users\/1"}],"replies":[{"embeddable":true,"href":"https:\/\/www.carideal.com\/blog\/wp-json\/wp\/v2\/comments?post=194"}],"version-history":[{"count":0,"href":"https:\/\/www.carideal.com\/blog\/wp-json\/wp\/v2\/posts\/194\/revisions"}],"wp:featuredmedia":[{"embeddable":true,"href":"https:\/\/www.carideal.com\/blog\/wp-json\/wp\/v2\/media\/17626"}],"wp:attachment":[{"href":"https:\/\/www.carideal.com\/blog\/wp-json\/wp\/v2\/media?parent=194"}],"wp:term":[{"taxonomy":"category","embeddable":true,"href":"https:\/\/www.carideal.com\/blog\/wp-json\/wp\/v2\/categories?post=194"},{"taxonomy":"post_tag","embeddable":true,"href":"https:\/\/www.carideal.com\/blog\/wp-json\/wp\/v2\/tags?post=194"}],"curies":[{"name":"wp","href":"https:\/\/api.w.org\/{rel}","templated":true}]}}