{"id":190,"date":"2011-02-06T11:02:00","date_gmt":"2011-02-06T11:02:00","guid":{"rendered":"http:\/\/carideal.com\/blog\/?p=190"},"modified":"2016-06-26T09:56:14","modified_gmt":"2016-06-26T07:56:14","slug":"chevrolet-volt-electrique","status":"publish","type":"post","link":"https:\/\/www.carideal.com\/blog\/2011\/02\/06\/chevrolet-volt-electrique\/","title":{"rendered":"Chevrolet Volt electrique"},"content":{"rendered":"<figure style=\"width: 438px\" class=\"wp-caption alignnone\"><img loading=\"lazy\" decoding=\"async\" title=\"Chevrolet Volt hybride electrique, f\u00e9v. 2011\" src=\"\/blog\/public\/.chevrolet_volt_carideal_achat_mandataire_m.jpg\" alt=\"Chevrolet Volt hybride electrique\" width=\"448\" height=\"298\" \/><figcaption class=\"wp-caption-text\">Chevrolet Volt hybride electrique<\/figcaption><\/figure>\n<h1><strong>Chevrolet Volt electrique<\/strong><\/h1>\n<blockquote><p>La Chevrolet Volt Profitera d'un Bonus de 5000 \u20ac<\/p><\/blockquote>\n<p>C'est nouveau,\u00a0! Un syst\u00e8me de traction \u00e9lectrique r\u00e9volutionnaire aliment\u00e9 par batterie pendant 60 km, est renforc\u00e9 par un moteur \u00e0 essence pour parcourir jusqu'\u00e0 500 km.<br \/>\nElectrique ou Hybride ?<br \/>\nPr\u00e9sent\u00e9 au d\u00e9part comme un m\u00e9canisme simple par General motors, le syst\u00e8me de propulsion de la volt est en fait tr\u00e8s complexe, beaucoup plus par exemple que celui de la prius\u00a0! Il fait appel \u00e0 deux moteurs \u00e9lectriques, trois embrayages, un train \u00e9picyclo\u00efdal et un moteur thermique. Il dispose de 4 modes de fonctionnement distincts.<br \/>\n<img decoding=\"async\" title=\"Synopsis de la Chevrolet volt, f\u00e9v. 2011\" src=\"\/blog\/public\/.chevrolet-volt-fonctionnement_carideal_m.jpg\" alt=\"Synopsis de la Chevrolet volt\" \/><\/p>\n<blockquote><p>La Chevrolet Volt Comment \u00e7a marche\u00a0?<\/p><\/blockquote>\n<p><strong>Mode \u00e9lectrique basse vitesse :<\/strong><br \/>\nDans ce cas, seul le moteur \u00e9lectrique de 111 kw propulse la voiture. L'embrayage C1 est ferm\u00e9 et le rapport de d\u00e9multiplication est fixe.<br \/>\n<strong>Mode \u00e9lectrique haute vitesse<\/strong><br \/>\nCette fois, les deux moteurs \u00e9lectriques entrent en action, embrayage C2 ferm\u00e9, le C1 est ouvert, ce qui permet d'obtenir un rapport de d\u00e9multiplication variable. Les moteurs \u00e9lectriques tournent ainsi moins vite, ce qui fait baisser la consommation en \u00e9lectricit\u00e9, gain d'autonomie, environ 3.2 km.<br \/>\n<strong>Mode avec prolongateur d'autonomie basse vitesse<\/strong><br \/>\nseul le moteur \u00e9lectrique principal entraine les roues, embrayage C2 ouvert, avec un rapport fixe, C1 ferm\u00e9. Le moteur thermique est coupl\u00e9, C3 ferm\u00e9, au deuxi\u00e8me moteur \u00e9lectrique, qui fonctionne comme un g\u00e9n\u00e9rateur et alimente le moteur principal en \u00e9nergie, et en parall\u00e8le avec la batterie.<br \/>\n<strong>Mode avec prolongateur d'autonomie haute vitesse<\/strong><br \/>\ndans ce dernier cas, les embrayages C2 et C3 sont ferm\u00e9s et C1 est ouvert. Le moteur thermique transmet alors une partie de son couple directement \u00e0 la couronne du train \u00e9picyclo\u00efdal, tout en alimentant le g\u00e9n\u00e9rateur. C'est le fonctionnement typique d'un hybride \u00e0 d\u00e9rivation de puissance comme celui de la Prius !<br \/>\nCette solution a \u00e9t\u00e9 choisie par Chevrolet car elle permet d'augmenter l'efficacit\u00e9 de 10 \u00e0 15% aux allures rapides. Cependant, contrairement au Synergie drive de Toyota, le moteur thermique de la Volt est donc bien une voiture hybride et non un v\u00e9hicule \u00e9lectrique.<\/p>\n<p><iframe loading=\"lazy\" title=\"YouTube video player\" src=\"http:\/\/www.youtube.com\/embed\/zYbQDHdgvdY\" width=\"640\" height=\"390\" frameborder=\"0\" allowfullscreen=\"allowfullscreen\"><\/iframe><\/p>\n","protected":false},"excerpt":{"rendered":"<p>Chevrolet Volt electrique La Chevrolet Volt Profitera d&rsquo;un Bonus de 5000 \u20ac C&rsquo;est nouveau,\u00a0! Un syst\u00e8me de traction \u00e9lectrique r\u00e9volutionnaire aliment\u00e9 par batterie pendant 60 km, est renforc\u00e9 par un moteur \u00e0 essence pour parcourir jusqu&rsquo;\u00e0 500 km. Electrique ou Hybride ? Pr\u00e9sent\u00e9 au d\u00e9part comme un m\u00e9canisme simple par General motors, le syst\u00e8me de &#8230; <a title=\"Chevrolet Volt electrique\" class=\"read-more\" href=\"https:\/\/www.carideal.com\/blog\/2011\/02\/06\/chevrolet-volt-electrique\/\" aria-label=\"En savoir plus sur Chevrolet Volt electrique\">Lire plus<\/a><\/p>\n","protected":false},"author":1,"featured_media":0,"comment_status":"open","ping_status":"open","sticky":false,"template":"","format":"standard","meta":{"_uag_custom_page_level_css":"","_themeisle_gutenberg_block_has_review":false,"footnotes":""},"categories":[6146,5944,6012,6,5080,5974,18,5970],"tags":[],"class_list":["post-190","post","type-post","status-publish","format-standard","hentry","category-chevrolet","category-constructeur","category-berlines","category-ecologie","category-technologie-2","category-type-de-vehicule","category-videos","category-electrique-technologie-2"],"wppr_data":[],"yoast_head":"<!-- This site is optimized with the Yoast SEO plugin v24.8.1 - https:\/\/yoast.com\/wordpress\/plugins\/seo\/ -->\n<title>Chevrolet Volt electrique - Blog auto Carid\u00e9al<\/title>\n<meta name=\"robots\" content=\"index, follow, max-snippet:-1, max-image-preview:large, max-video-preview:-1\" \/>\n<link rel=\"canonical\" href=\"https:\/\/www.carideal.com\/blog\/2011\/02\/06\/chevrolet-volt-electrique\/\" \/>\n<meta property=\"og:locale\" content=\"fr_FR\" \/>\n<meta property=\"og:type\" content=\"article\" \/>\n<meta property=\"og:title\" content=\"Chevrolet Volt electrique - Blog auto Carid\u00e9al\" \/>\n<meta property=\"og:description\" content=\"Chevrolet Volt electrique La Chevrolet Volt Profitera d&#039;un Bonus de 5000 \u20ac C&#039;est nouveau,\u00a0! Un syst\u00e8me de traction \u00e9lectrique r\u00e9volutionnaire aliment\u00e9 par batterie pendant 60 km, est renforc\u00e9 par un moteur \u00e0 essence pour parcourir jusqu&#039;\u00e0 500 km. Electrique ou Hybride ? Pr\u00e9sent\u00e9 au d\u00e9part comme un m\u00e9canisme simple par General motors, le syst\u00e8me de ... Lire plus\" \/>\n<meta property=\"og:url\" content=\"https:\/\/www.carideal.com\/blog\/2011\/02\/06\/chevrolet-volt-electrique\/\" \/>\n<meta property=\"og:site_name\" content=\"Blog auto Carid\u00e9al\" \/>\n<meta property=\"article:publisher\" content=\"https:\/\/www.facebook.com\/Carideal.mandataire.automobile\" \/>\n<meta property=\"article:author\" content=\"https:\/\/www.facebook.com\/Carideal.mandataire.automobile\/\" \/>\n<meta property=\"article:published_time\" content=\"2011-02-06T11:02:00+00:00\" \/>\n<meta property=\"article:modified_time\" content=\"2016-06-26T07:56:14+00:00\" \/>\n<meta property=\"og:image\" content=\"https:\/\/www.carideal.com\/blog\/wp-content\/uploads\/2016\/03\/logo-carideal-mandataire-automobile.png\" \/>\n\t<meta property=\"og:image:width\" content=\"300\" \/>\n\t<meta property=\"og:image:height\" content=\"300\" \/>\n\t<meta property=\"og:image:type\" content=\"image\/png\" \/>\n<meta name=\"author\" content=\"N.S Carideal\" \/>\n<meta name=\"twitter:card\" content=\"summary_large_image\" \/>\n<meta name=\"twitter:creator\" content=\"@caridealauto\" \/>\n<meta name=\"twitter:site\" content=\"@caridealauto\" \/>\n<meta name=\"twitter:label1\" content=\"\u00c9crit par\" \/>\n\t<meta name=\"twitter:data1\" content=\"N.S Carideal\" \/>\n\t<meta name=\"twitter:label2\" content=\"Dur\u00e9e de lecture estim\u00e9e\" \/>\n\t<meta name=\"twitter:data2\" content=\"2 minutes\" \/>\n<script type=\"application\/ld+json\" class=\"yoast-schema-graph\">{\"@context\":\"https:\/\/schema.org\",\"@graph\":[{\"@type\":\"Article\",\"@id\":\"https:\/\/www.carideal.com\/blog\/2011\/02\/06\/chevrolet-volt-electrique\/#article\",\"isPartOf\":{\"@id\":\"https:\/\/www.carideal.com\/blog\/2011\/02\/06\/chevrolet-volt-electrique\/\"},\"author\":{\"name\":\"N.S Carideal\",\"@id\":\"https:\/\/www.carideal.com\/blog\/#\/schema\/person\/985c7e757d1042d647f21bfaf8d41ebc\"},\"headline\":\"Chevrolet Volt electrique\",\"datePublished\":\"2011-02-06T11:02:00+00:00\",\"dateModified\":\"2016-06-26T07:56:14+00:00\",\"mainEntityOfPage\":{\"@id\":\"https:\/\/www.carideal.com\/blog\/2011\/02\/06\/chevrolet-volt-electrique\/\"},\"wordCount\":351,\"commentCount\":0,\"publisher\":{\"@id\":\"https:\/\/www.carideal.com\/blog\/#organization\"},\"articleSection\":[\"Actualit\u00e9 Chevrolet\",\"Actualit\u00e9 Constructeur automobile\",\"Berlines\",\"Ecologie\",\"Technologie Automobile\",\"Type de v\u00e9hicule\",\"Vid\u00e9o voiture : vid\u00e9o automobile\",\"Voiture \u00e9lectrique\"],\"inLanguage\":\"fr-FR\",\"potentialAction\":[{\"@type\":\"CommentAction\",\"name\":\"Comment\",\"target\":[\"https:\/\/www.carideal.com\/blog\/2011\/02\/06\/chevrolet-volt-electrique\/#respond\"]}]},{\"@type\":\"WebPage\",\"@id\":\"https:\/\/www.carideal.com\/blog\/2011\/02\/06\/chevrolet-volt-electrique\/\",\"url\":\"https:\/\/www.carideal.com\/blog\/2011\/02\/06\/chevrolet-volt-electrique\/\",\"name\":\"Chevrolet Volt electrique - Blog auto Carid\u00e9al\",\"isPartOf\":{\"@id\":\"https:\/\/www.carideal.com\/blog\/#website\"},\"datePublished\":\"2011-02-06T11:02:00+00:00\",\"dateModified\":\"2016-06-26T07:56:14+00:00\",\"breadcrumb\":{\"@id\":\"https:\/\/www.carideal.com\/blog\/2011\/02\/06\/chevrolet-volt-electrique\/#breadcrumb\"},\"inLanguage\":\"fr-FR\",\"potentialAction\":[{\"@type\":\"ReadAction\",\"target\":[\"https:\/\/www.carideal.com\/blog\/2011\/02\/06\/chevrolet-volt-electrique\/\"]}]},{\"@type\":\"BreadcrumbList\",\"@id\":\"https:\/\/www.carideal.com\/blog\/2011\/02\/06\/chevrolet-volt-electrique\/#breadcrumb\",\"itemListElement\":[{\"@type\":\"ListItem\",\"position\":1,\"name\":\"Blog Carid\u00e9al\",\"item\":\"https:\/\/www.carideal.com\/blog\/\"},{\"@type\":\"ListItem\",\"position\":2,\"name\":\"Ecologie\",\"item\":\"https:\/\/www.carideal.com\/blog\/ecologie\/\"},{\"@type\":\"ListItem\",\"position\":3,\"name\":\"Chevrolet Volt electrique\"}]},{\"@type\":\"WebSite\",\"@id\":\"https:\/\/www.carideal.com\/blog\/#website\",\"url\":\"https:\/\/www.carideal.com\/blog\/\",\"name\":\"Blog auto Carid\u00e9al\",\"description\":\"Actualit\u00e9 auto par des passionn\u00e9s\",\"publisher\":{\"@id\":\"https:\/\/www.carideal.com\/blog\/#organization\"},\"potentialAction\":[{\"@type\":\"SearchAction\",\"target\":{\"@type\":\"EntryPoint\",\"urlTemplate\":\"https:\/\/www.carideal.com\/blog\/?s={search_term_string}\"},\"query-input\":{\"@type\":\"PropertyValueSpecification\",\"valueRequired\":true,\"valueName\":\"search_term_string\"}}],\"inLanguage\":\"fr-FR\"},{\"@type\":\"Organization\",\"@id\":\"https:\/\/www.carideal.com\/blog\/#organization\",\"name\":\"Carideal\",\"url\":\"https:\/\/www.carideal.com\/blog\/\",\"logo\":{\"@type\":\"ImageObject\",\"inLanguage\":\"fr-FR\",\"@id\":\"https:\/\/www.carideal.com\/blog\/#\/schema\/logo\/image\/\",\"url\":\"http:\/\/www.carideal.com\/blog\/wp-content\/uploads\/2016\/03\/logo-carideal-mandataire-automobile.png\",\"contentUrl\":\"http:\/\/www.carideal.com\/blog\/wp-content\/uploads\/2016\/03\/logo-carideal-mandataire-automobile.png\",\"width\":300,\"height\":300,\"caption\":\"Carideal\"},\"image\":{\"@id\":\"https:\/\/www.carideal.com\/blog\/#\/schema\/logo\/image\/\"},\"sameAs\":[\"https:\/\/www.facebook.com\/Carideal.mandataire.automobile\",\"https:\/\/x.com\/caridealauto\",\"https:\/\/www.instagram.com\/carideal1\/\",\"https:\/\/www.linkedin.com\/company\/carideal.com\",\"https:\/\/fr.pinterest.com\/schiavonsas\/\",\"https:\/\/www.youtube.com\/user\/caridealsas\"]},{\"@type\":\"Person\",\"@id\":\"https:\/\/www.carideal.com\/blog\/#\/schema\/person\/985c7e757d1042d647f21bfaf8d41ebc\",\"name\":\"N.S Carideal\",\"image\":{\"@type\":\"ImageObject\",\"inLanguage\":\"fr-FR\",\"@id\":\"https:\/\/www.carideal.com\/blog\/#\/schema\/person\/image\/\",\"url\":\"https:\/\/secure.gravatar.com\/avatar\/edb7ccdf1a4e3d14aef967760d354d0e?s=96&r=g\",\"contentUrl\":\"https:\/\/secure.gravatar.com\/avatar\/edb7ccdf1a4e3d14aef967760d354d0e?s=96&r=g\",\"caption\":\"N.S Carideal\"},\"description\":\"Depuis tout petit fan d'automobile. Il est question d'essayer et de comparer toutes ces voitures qui nous ont fait r\u00e9ver, avant que celles-ci ne devient uniquement des voitures de collection.\",\"sameAs\":[\"http:\/\/www.carideal.com\/blog\",\"https:\/\/www.facebook.com\/Carideal.mandataire.automobile\/\",\"https:\/\/www.linkedin.com\/in\/nschiavon\/\",\"https:\/\/www.youtube.com\/user\/caridealsas\/\"],\"url\":\"https:\/\/www.carideal.com\/blog\/author\/admin_carideal\/\"}]}<\/script>\n<!-- \/ Yoast SEO plugin. -->","yoast_head_json":{"title":"Chevrolet Volt electrique - Blog auto Carid\u00e9al","robots":{"index":"index","follow":"follow","max-snippet":"max-snippet:-1","max-image-preview":"max-image-preview:large","max-video-preview":"max-video-preview:-1"},"canonical":"https:\/\/www.carideal.com\/blog\/2011\/02\/06\/chevrolet-volt-electrique\/","og_locale":"fr_FR","og_type":"article","og_title":"Chevrolet Volt electrique - Blog auto Carid\u00e9al","og_description":"Chevrolet Volt electrique La Chevrolet Volt Profitera d'un Bonus de 5000 \u20ac C'est nouveau,\u00a0! Un syst\u00e8me de traction \u00e9lectrique r\u00e9volutionnaire aliment\u00e9 par batterie pendant 60 km, est renforc\u00e9 par un moteur \u00e0 essence pour parcourir jusqu'\u00e0 500 km. Electrique ou Hybride ? Pr\u00e9sent\u00e9 au d\u00e9part comme un m\u00e9canisme simple par General motors, le syst\u00e8me de ... Lire plus","og_url":"https:\/\/www.carideal.com\/blog\/2011\/02\/06\/chevrolet-volt-electrique\/","og_site_name":"Blog auto Carid\u00e9al","article_publisher":"https:\/\/www.facebook.com\/Carideal.mandataire.automobile","article_author":"https:\/\/www.facebook.com\/Carideal.mandataire.automobile\/","article_published_time":"2011-02-06T11:02:00+00:00","article_modified_time":"2016-06-26T07:56:14+00:00","og_image":[{"width":300,"height":300,"url":"https:\/\/www.carideal.com\/blog\/wp-content\/uploads\/2016\/03\/logo-carideal-mandataire-automobile.png","type":"image\/png"}],"author":"N.S Carideal","twitter_card":"summary_large_image","twitter_creator":"@caridealauto","twitter_site":"@caridealauto","twitter_misc":{"\u00c9crit par":"N.S Carideal","Dur\u00e9e de lecture estim\u00e9e":"2 minutes"},"schema":{"@context":"https:\/\/schema.org","@graph":[{"@type":"Article","@id":"https:\/\/www.carideal.com\/blog\/2011\/02\/06\/chevrolet-volt-electrique\/#article","isPartOf":{"@id":"https:\/\/www.carideal.com\/blog\/2011\/02\/06\/chevrolet-volt-electrique\/"},"author":{"name":"N.S Carideal","@id":"https:\/\/www.carideal.com\/blog\/#\/schema\/person\/985c7e757d1042d647f21bfaf8d41ebc"},"headline":"Chevrolet Volt electrique","datePublished":"2011-02-06T11:02:00+00:00","dateModified":"2016-06-26T07:56:14+00:00","mainEntityOfPage":{"@id":"https:\/\/www.carideal.com\/blog\/2011\/02\/06\/chevrolet-volt-electrique\/"},"wordCount":351,"commentCount":0,"publisher":{"@id":"https:\/\/www.carideal.com\/blog\/#organization"},"articleSection":["Actualit\u00e9 Chevrolet","Actualit\u00e9 Constructeur automobile","Berlines","Ecologie","Technologie Automobile","Type de v\u00e9hicule","Vid\u00e9o voiture : vid\u00e9o automobile","Voiture \u00e9lectrique"],"inLanguage":"fr-FR","potentialAction":[{"@type":"CommentAction","name":"Comment","target":["https:\/\/www.carideal.com\/blog\/2011\/02\/06\/chevrolet-volt-electrique\/#respond"]}]},{"@type":"WebPage","@id":"https:\/\/www.carideal.com\/blog\/2011\/02\/06\/chevrolet-volt-electrique\/","url":"https:\/\/www.carideal.com\/blog\/2011\/02\/06\/chevrolet-volt-electrique\/","name":"Chevrolet Volt electrique - Blog auto Carid\u00e9al","isPartOf":{"@id":"https:\/\/www.carideal.com\/blog\/#website"},"datePublished":"2011-02-06T11:02:00+00:00","dateModified":"2016-06-26T07:56:14+00:00","breadcrumb":{"@id":"https:\/\/www.carideal.com\/blog\/2011\/02\/06\/chevrolet-volt-electrique\/#breadcrumb"},"inLanguage":"fr-FR","potentialAction":[{"@type":"ReadAction","target":["https:\/\/www.carideal.com\/blog\/2011\/02\/06\/chevrolet-volt-electrique\/"]}]},{"@type":"BreadcrumbList","@id":"https:\/\/www.carideal.com\/blog\/2011\/02\/06\/chevrolet-volt-electrique\/#breadcrumb","itemListElement":[{"@type":"ListItem","position":1,"name":"Blog Carid\u00e9al","item":"https:\/\/www.carideal.com\/blog\/"},{"@type":"ListItem","position":2,"name":"Ecologie","item":"https:\/\/www.carideal.com\/blog\/ecologie\/"},{"@type":"ListItem","position":3,"name":"Chevrolet Volt electrique"}]},{"@type":"WebSite","@id":"https:\/\/www.carideal.com\/blog\/#website","url":"https:\/\/www.carideal.com\/blog\/","name":"Blog auto Carid\u00e9al","description":"Actualit\u00e9 auto par des passionn\u00e9s","publisher":{"@id":"https:\/\/www.carideal.com\/blog\/#organization"},"potentialAction":[{"@type":"SearchAction","target":{"@type":"EntryPoint","urlTemplate":"https:\/\/www.carideal.com\/blog\/?s={search_term_string}"},"query-input":{"@type":"PropertyValueSpecification","valueRequired":true,"valueName":"search_term_string"}}],"inLanguage":"fr-FR"},{"@type":"Organization","@id":"https:\/\/www.carideal.com\/blog\/#organization","name":"Carideal","url":"https:\/\/www.carideal.com\/blog\/","logo":{"@type":"ImageObject","inLanguage":"fr-FR","@id":"https:\/\/www.carideal.com\/blog\/#\/schema\/logo\/image\/","url":"http:\/\/www.carideal.com\/blog\/wp-content\/uploads\/2016\/03\/logo-carideal-mandataire-automobile.png","contentUrl":"http:\/\/www.carideal.com\/blog\/wp-content\/uploads\/2016\/03\/logo-carideal-mandataire-automobile.png","width":300,"height":300,"caption":"Carideal"},"image":{"@id":"https:\/\/www.carideal.com\/blog\/#\/schema\/logo\/image\/"},"sameAs":["https:\/\/www.facebook.com\/Carideal.mandataire.automobile","https:\/\/x.com\/caridealauto","https:\/\/www.instagram.com\/carideal1\/","https:\/\/www.linkedin.com\/company\/carideal.com","https:\/\/fr.pinterest.com\/schiavonsas\/","https:\/\/www.youtube.com\/user\/caridealsas"]},{"@type":"Person","@id":"https:\/\/www.carideal.com\/blog\/#\/schema\/person\/985c7e757d1042d647f21bfaf8d41ebc","name":"N.S Carideal","image":{"@type":"ImageObject","inLanguage":"fr-FR","@id":"https:\/\/www.carideal.com\/blog\/#\/schema\/person\/image\/","url":"https:\/\/secure.gravatar.com\/avatar\/edb7ccdf1a4e3d14aef967760d354d0e?s=96&r=g","contentUrl":"https:\/\/secure.gravatar.com\/avatar\/edb7ccdf1a4e3d14aef967760d354d0e?s=96&r=g","caption":"N.S Carideal"},"description":"Depuis tout petit fan d'automobile. Il est question d'essayer et de comparer toutes ces voitures qui nous ont fait r\u00e9ver, avant que celles-ci ne devient uniquement des voitures de collection.","sameAs":["http:\/\/www.carideal.com\/blog","https:\/\/www.facebook.com\/Carideal.mandataire.automobile\/","https:\/\/www.linkedin.com\/in\/nschiavon\/","https:\/\/www.youtube.com\/user\/caridealsas\/"],"url":"https:\/\/www.carideal.com\/blog\/author\/admin_carideal\/"}]}},"uagb_featured_image_src":{"full":false,"thumbnail":false,"medium":false,"medium_large":false,"large":false,"1536x1536":false,"2048x2048":false,"wppr-widget":false},"uagb_author_info":{"display_name":"N.S Carideal","author_link":"https:\/\/www.carideal.com\/blog\/author\/admin_carideal\/"},"uagb_comment_info":0,"uagb_excerpt":"Chevrolet Volt electrique La Chevrolet Volt Profitera d'un Bonus de 5000 \u20ac C'est nouveau,\u00a0! Un syst\u00e8me de traction \u00e9lectrique r\u00e9volutionnaire aliment\u00e9 par batterie pendant 60 km, est renforc\u00e9 par un moteur \u00e0 essence pour parcourir jusqu'\u00e0 500 km. Electrique ou Hybride ? Pr\u00e9sent\u00e9 au d\u00e9part comme un m\u00e9canisme simple par General motors, le syst\u00e8me de\u2026","_links":{"self":[{"href":"https:\/\/www.carideal.com\/blog\/wp-json\/wp\/v2\/posts\/190"}],"collection":[{"href":"https:\/\/www.carideal.com\/blog\/wp-json\/wp\/v2\/posts"}],"about":[{"href":"https:\/\/www.carideal.com\/blog\/wp-json\/wp\/v2\/types\/post"}],"author":[{"embeddable":true,"href":"https:\/\/www.carideal.com\/blog\/wp-json\/wp\/v2\/users\/1"}],"replies":[{"embeddable":true,"href":"https:\/\/www.carideal.com\/blog\/wp-json\/wp\/v2\/comments?post=190"}],"version-history":[{"count":0,"href":"https:\/\/www.carideal.com\/blog\/wp-json\/wp\/v2\/posts\/190\/revisions"}],"wp:attachment":[{"href":"https:\/\/www.carideal.com\/blog\/wp-json\/wp\/v2\/media?parent=190"}],"wp:term":[{"taxonomy":"category","embeddable":true,"href":"https:\/\/www.carideal.com\/blog\/wp-json\/wp\/v2\/categories?post=190"},{"taxonomy":"post_tag","embeddable":true,"href":"https:\/\/www.carideal.com\/blog\/wp-json\/wp\/v2\/tags?post=190"}],"curies":[{"name":"wp","href":"https:\/\/api.w.org\/{rel}","templated":true}]}}