{"id":1896,"date":"2009-03-30T16:19:40","date_gmt":"2009-03-30T16:19:40","guid":{"rendered":"http:\/\/carideal.com\/blog\/?p=1896"},"modified":"2020-03-07T16:30:40","modified_gmt":"2020-03-07T15:30:40","slug":"precommandes-vw-golf-6-carat-5-portes-avec-remise","status":"publish","type":"post","link":"https:\/\/www.carideal.com\/blog\/2009\/03\/30\/precommandes-vw-golf-6-carat-5-portes-avec-remise\/","title":{"rendered":"Achat Volkswagen GOLF 6 Carat 5 avec remise"},"content":{"rendered":"<h1><strong>Pr\u00e9commandes et achat de Volkswagen GOLF 6 Carat 5 Portes achat avec Remise<\/strong><\/h1>\n<figure id=\"attachment_9906\" aria-describedby=\"caption-attachment-9906\" style=\"width: 290px\" class=\"wp-caption alignleft\"><a href=\"http:\/\/www.carideal.com\/blog\/wp-content\/uploads\/2009\/03\/Volkswagen-Golf-6.jpg\"><img loading=\"lazy\" decoding=\"async\" class=\"wp-image-9906 size-medium\" title=\"Achat Volkswagen Golf 6\" src=\"http:\/\/www.carideal.com\/blog\/wp-content\/uploads\/2009\/03\/Volkswagen-Golf-6-300x225.jpg\" alt=\"Achat Volkswagen Golf 6\" width=\"300\" height=\"225\" srcset=\"https:\/\/www.carideal.com\/blog\/wp-content\/uploads\/2009\/03\/Volkswagen-Golf-6-300x225.jpg 300w, https:\/\/www.carideal.com\/blog\/wp-content\/uploads\/2009\/03\/Volkswagen-Golf-6.jpg 600w\" sizes=\"(max-width: 300px) 100vw, 300px\" \/><\/a><figcaption id=\"caption-attachment-9906\" class=\"wp-caption-text\">Achat Volkswagen Golf 6<\/figcaption><\/figure>\n<h2><strong>Volkswagen Golf 6 2.0 TDI 110 DPF et 2.0 TDI 140 DPF<\/strong><\/h2>\n<p><strong>Equipements de la version Volkswagen Golf 6 Carat :<\/strong> ESP sur TDI 140 - ABS-EBV-ASR-MSR, accoudoir AR avec trappe \u00e0 skis, climatisation automatique Climatronic, airbags frontaux-lat\u00e9raux AV-genoux conducteur et de t\u00eates AV-AR, alarme volum\u00e9trique, jantes alliage 16\u2019\u2019 Cleveland, contr\u00f4le de pression des pneus, capteur de pluie, allumage automatique des feux, r\u00e9troviseur int\u00e9rieur automatique, ordinateur grand \u00e9cran, volant-pommeau-levier de vitesse en cuir, pare-chocs-r\u00e9troviseurs-poign\u00e9es de porte ton caisse, Pack Hiver (buses lave-glace chauffantes, si\u00e8ges AV chauffants et lave-phares), radiosat RCD310 CD Mp3 8HP, phares antibrouillard AV avec feux statiques, radar de parking AV\/AR, r\u00e9gulateur de vitesse, r\u00e9troviseurs \u00e9lectriques d\u00e9givrants, roue de secours taille normale, sellerie alcantara et tissu Dropmag, si\u00e8ges AV confort r\u00e9glable en hauteur et lombaire conducteur, tapis AV\/AR, verrouillage centralis\u00e9 \u00e0 distance, vitres \u00e9lectriques AV et AR, volant multifonctions r\u00e9glable en hauteur et profondeur, peinture m\u00e9tallis\u00e9e.<br \/>\nSoit idem Volkswagen Golf 6 France moins radiosat RCD 510 et r\u00e9troviseurs rabattables \u00e9lectriquement, PLUS alarme, Pack Hiver, peinture m\u00e9tallis\u00e9e et roue de secours normale.<br \/>\nPrix Golf TDI 110 DPF : 22 850 \u20ac TTC<br \/>\nPrix Golf TDI 140 DPF : 24 800 \u20ac TTC<\/p>\n<p><span style=\"text-decoration: underline;\"><strong>Retrouvez toutes nos offres Volkswagen<\/strong><\/span><\/p>\n<p>Couleurs\u00a0: Gris Titane \u2013 Reflet d\u2019Argent \u2013 Noir Intense \u2013 Gris Requin.<br \/>\nD\u00e9lai\u00a0: d\u00e9but Mai.<br \/>\nCO\u00b2\u00a0: TDI 110\u00a0: 128g\/km \u2013 TDI 140\u00a0: 129g\/km.<br \/>\nLes Volkswagen Golf 6 seront\u00a0non immatricul\u00e9es \u00e9ligibles au bonus de 200 \u20ac\u00a0!<\/p>\n<p>Achat de Volkswagen Golf 6 en arrivage moins ch\u00e8re avec Carideal mandataire Volkswagen\u00a0\u00e0 Chamb\u00e9ry. Pour l'achat de votre Volkwagen Golf 6 carideal livre votre <span style=\"text-decoration: underline;\"><a href=\"http:\/\/www.carideal.com\/content\/9-carideal-livraison-partout-en-france\">Golf neuve partout en France<\/a><\/span>. Nous pouvons aussi <span style=\"text-decoration: underline;\"><a href=\"http:\/\/www.carideal.com\/blog\/2016\/01\/15\/vendez-votre-voiture\/\">reprendre votre ancienne voiture d'occasion<\/a><\/span>.<\/p>\n<p>N'h\u00e9sitez pas \u00e0 nous contacter pour l'achat de votre Volkswagen.<\/p>\n","protected":false},"excerpt":{"rendered":"<p>Pr\u00e9commandes et achat de Volkswagen GOLF 6 Carat 5 Portes achat avec Remise Volkswagen Golf 6 2.0 TDI 110 DPF et 2.0 TDI 140 DPF Equipements de la version Volkswagen Golf 6 Carat : ESP sur TDI 140 &#8211; ABS-EBV-ASR-MSR, accoudoir AR avec trappe \u00e0 skis, climatisation automatique Climatronic, airbags frontaux-lat\u00e9raux AV-genoux conducteur et de &#8230; <a title=\"Achat Volkswagen GOLF 6 Carat 5 avec remise\" class=\"read-more\" href=\"https:\/\/www.carideal.com\/blog\/2009\/03\/30\/precommandes-vw-golf-6-carat-5-portes-avec-remise\/\" aria-label=\"En savoir plus sur Achat Volkswagen GOLF 6 Carat 5 avec remise\">Lire plus<\/a><\/p>\n","protected":false},"author":1,"featured_media":0,"comment_status":"open","ping_status":"closed","sticky":false,"template":"","format":"standard","meta":{"_uag_custom_page_level_css":"","_themeisle_gutenberg_block_has_review":false,"footnotes":""},"categories":[5944,5985,6012,7,5974],"tags":[29,407],"class_list":["post-1896","post","type-post","status-publish","format-standard","hentry","category-constructeur","category-volkswagen","category-berlines","category-voiture-arrivage-stocks","category-type-de-vehicule","tag-remise","tag-tdi"],"wppr_data":[],"yoast_head":"<!-- This site is optimized with the Yoast SEO plugin v24.8.1 - https:\/\/yoast.com\/wordpress\/plugins\/seo\/ -->\n<title>Achat Volkswagen GOLF 6 Carat 5 avec remise - Blog auto Carid\u00e9al<\/title>\n<meta name=\"description\" content=\"Pr\u00e9commandes et achat de Volkswagen Golf 6 Carat \u00e0 prix mandataire avec Carideal mandataire Volkswagen arrivage dans quelques jours.\" \/>\n<meta name=\"robots\" content=\"index, follow, max-snippet:-1, max-image-preview:large, max-video-preview:-1\" \/>\n<link rel=\"canonical\" href=\"https:\/\/www.carideal.com\/blog\/2009\/03\/30\/precommandes-vw-golf-6-carat-5-portes-avec-remise\/\" \/>\n<meta property=\"og:locale\" content=\"fr_FR\" \/>\n<meta property=\"og:type\" content=\"article\" \/>\n<meta property=\"og:title\" content=\"Achat Volkswagen GOLF 6 Carat 5 avec remise - Blog auto Carid\u00e9al\" \/>\n<meta property=\"og:description\" content=\"Pr\u00e9commandes et achat de Volkswagen Golf 6 Carat \u00e0 prix mandataire avec Carideal mandataire Volkswagen arrivage dans quelques jours.\" \/>\n<meta property=\"og:url\" content=\"https:\/\/www.carideal.com\/blog\/2009\/03\/30\/precommandes-vw-golf-6-carat-5-portes-avec-remise\/\" \/>\n<meta property=\"og:site_name\" content=\"Blog auto Carid\u00e9al\" \/>\n<meta property=\"article:publisher\" content=\"https:\/\/www.facebook.com\/Carideal.mandataire.automobile\" \/>\n<meta property=\"article:author\" content=\"https:\/\/www.facebook.com\/Carideal.mandataire.automobile\/\" \/>\n<meta property=\"article:published_time\" content=\"2009-03-30T16:19:40+00:00\" \/>\n<meta property=\"article:modified_time\" content=\"2020-03-07T15:30:40+00:00\" \/>\n<meta property=\"og:image\" content=\"http:\/\/www.carideal.com\/blog\/wp-content\/uploads\/2009\/03\/Volkswagen-Golf-6-300x225.jpg\" \/>\n<meta name=\"author\" content=\"N.S Carideal\" \/>\n<meta name=\"twitter:card\" content=\"summary_large_image\" \/>\n<meta name=\"twitter:creator\" content=\"@caridealauto\" \/>\n<meta name=\"twitter:site\" content=\"@caridealauto\" \/>\n<meta name=\"twitter:label1\" content=\"\u00c9crit par\" \/>\n\t<meta name=\"twitter:data1\" content=\"N.S Carideal\" \/>\n\t<meta name=\"twitter:label2\" content=\"Dur\u00e9e de lecture estim\u00e9e\" \/>\n\t<meta name=\"twitter:data2\" content=\"1 minute\" \/>\n<script type=\"application\/ld+json\" class=\"yoast-schema-graph\">{\"@context\":\"https:\/\/schema.org\",\"@graph\":[{\"@type\":\"Article\",\"@id\":\"https:\/\/www.carideal.com\/blog\/2009\/03\/30\/precommandes-vw-golf-6-carat-5-portes-avec-remise\/#article\",\"isPartOf\":{\"@id\":\"https:\/\/www.carideal.com\/blog\/2009\/03\/30\/precommandes-vw-golf-6-carat-5-portes-avec-remise\/\"},\"author\":{\"name\":\"N.S Carideal\",\"@id\":\"https:\/\/www.carideal.com\/blog\/#\/schema\/person\/985c7e757d1042d647f21bfaf8d41ebc\"},\"headline\":\"Achat Volkswagen GOLF 6 Carat 5 avec remise\",\"datePublished\":\"2009-03-30T16:19:40+00:00\",\"dateModified\":\"2020-03-07T15:30:40+00:00\",\"mainEntityOfPage\":{\"@id\":\"https:\/\/www.carideal.com\/blog\/2009\/03\/30\/precommandes-vw-golf-6-carat-5-portes-avec-remise\/\"},\"wordCount\":305,\"commentCount\":0,\"publisher\":{\"@id\":\"https:\/\/www.carideal.com\/blog\/#organization\"},\"image\":{\"@id\":\"https:\/\/www.carideal.com\/blog\/2009\/03\/30\/precommandes-vw-golf-6-carat-5-portes-avec-remise\/#primaryimage\"},\"thumbnailUrl\":\"http:\/\/www.carideal.com\/blog\/wp-content\/uploads\/2009\/03\/Volkswagen-Golf-6-300x225.jpg\",\"keywords\":[\"Remise voiture neuve\",\"TDI\"],\"articleSection\":[\"Actualit\u00e9 Constructeur automobile\",\"Actualit\u00e9 Volkswagen\",\"Berlines\",\"D\u00e9stockage voiture\",\"Type de v\u00e9hicule\"],\"inLanguage\":\"fr-FR\",\"potentialAction\":[{\"@type\":\"CommentAction\",\"name\":\"Comment\",\"target\":[\"https:\/\/www.carideal.com\/blog\/2009\/03\/30\/precommandes-vw-golf-6-carat-5-portes-avec-remise\/#respond\"]}]},{\"@type\":\"WebPage\",\"@id\":\"https:\/\/www.carideal.com\/blog\/2009\/03\/30\/precommandes-vw-golf-6-carat-5-portes-avec-remise\/\",\"url\":\"https:\/\/www.carideal.com\/blog\/2009\/03\/30\/precommandes-vw-golf-6-carat-5-portes-avec-remise\/\",\"name\":\"Achat Volkswagen GOLF 6 Carat 5 avec remise - Blog auto Carid\u00e9al\",\"isPartOf\":{\"@id\":\"https:\/\/www.carideal.com\/blog\/#website\"},\"primaryImageOfPage\":{\"@id\":\"https:\/\/www.carideal.com\/blog\/2009\/03\/30\/precommandes-vw-golf-6-carat-5-portes-avec-remise\/#primaryimage\"},\"image\":{\"@id\":\"https:\/\/www.carideal.com\/blog\/2009\/03\/30\/precommandes-vw-golf-6-carat-5-portes-avec-remise\/#primaryimage\"},\"thumbnailUrl\":\"http:\/\/www.carideal.com\/blog\/wp-content\/uploads\/2009\/03\/Volkswagen-Golf-6-300x225.jpg\",\"datePublished\":\"2009-03-30T16:19:40+00:00\",\"dateModified\":\"2020-03-07T15:30:40+00:00\",\"description\":\"Pr\u00e9commandes et achat de Volkswagen Golf 6 Carat \u00e0 prix mandataire avec Carideal mandataire Volkswagen arrivage dans quelques jours.\",\"breadcrumb\":{\"@id\":\"https:\/\/www.carideal.com\/blog\/2009\/03\/30\/precommandes-vw-golf-6-carat-5-portes-avec-remise\/#breadcrumb\"},\"inLanguage\":\"fr-FR\",\"potentialAction\":[{\"@type\":\"ReadAction\",\"target\":[\"https:\/\/www.carideal.com\/blog\/2009\/03\/30\/precommandes-vw-golf-6-carat-5-portes-avec-remise\/\"]}]},{\"@type\":\"ImageObject\",\"inLanguage\":\"fr-FR\",\"@id\":\"https:\/\/www.carideal.com\/blog\/2009\/03\/30\/precommandes-vw-golf-6-carat-5-portes-avec-remise\/#primaryimage\",\"url\":\"http:\/\/www.carideal.com\/blog\/wp-content\/uploads\/2009\/03\/Volkswagen-Golf-6-300x225.jpg\",\"contentUrl\":\"http:\/\/www.carideal.com\/blog\/wp-content\/uploads\/2009\/03\/Volkswagen-Golf-6-300x225.jpg\"},{\"@type\":\"BreadcrumbList\",\"@id\":\"https:\/\/www.carideal.com\/blog\/2009\/03\/30\/precommandes-vw-golf-6-carat-5-portes-avec-remise\/#breadcrumb\",\"itemListElement\":[{\"@type\":\"ListItem\",\"position\":1,\"name\":\"Blog Carid\u00e9al\",\"item\":\"https:\/\/www.carideal.com\/blog\/\"},{\"@type\":\"ListItem\",\"position\":2,\"name\":\"Actualit\u00e9 constructeur automobile\",\"item\":\"https:\/\/www.carideal.com\/blog\/constructeur\/\"},{\"@type\":\"ListItem\",\"position\":3,\"name\":\"Actualit\u00e9 Volkswagen\",\"item\":\"https:\/\/www.carideal.com\/blog\/constructeur\/volkswagen\/\"},{\"@type\":\"ListItem\",\"position\":4,\"name\":\"Achat Volkswagen GOLF 6 Carat 5 avec remise\"}]},{\"@type\":\"WebSite\",\"@id\":\"https:\/\/www.carideal.com\/blog\/#website\",\"url\":\"https:\/\/www.carideal.com\/blog\/\",\"name\":\"Blog auto Carid\u00e9al\",\"description\":\"Actualit\u00e9 auto par des passionn\u00e9s\",\"publisher\":{\"@id\":\"https:\/\/www.carideal.com\/blog\/#organization\"},\"potentialAction\":[{\"@type\":\"SearchAction\",\"target\":{\"@type\":\"EntryPoint\",\"urlTemplate\":\"https:\/\/www.carideal.com\/blog\/?s={search_term_string}\"},\"query-input\":{\"@type\":\"PropertyValueSpecification\",\"valueRequired\":true,\"valueName\":\"search_term_string\"}}],\"inLanguage\":\"fr-FR\"},{\"@type\":\"Organization\",\"@id\":\"https:\/\/www.carideal.com\/blog\/#organization\",\"name\":\"Carideal\",\"url\":\"https:\/\/www.carideal.com\/blog\/\",\"logo\":{\"@type\":\"ImageObject\",\"inLanguage\":\"fr-FR\",\"@id\":\"https:\/\/www.carideal.com\/blog\/#\/schema\/logo\/image\/\",\"url\":\"http:\/\/www.carideal.com\/blog\/wp-content\/uploads\/2016\/03\/logo-carideal-mandataire-automobile.png\",\"contentUrl\":\"http:\/\/www.carideal.com\/blog\/wp-content\/uploads\/2016\/03\/logo-carideal-mandataire-automobile.png\",\"width\":300,\"height\":300,\"caption\":\"Carideal\"},\"image\":{\"@id\":\"https:\/\/www.carideal.com\/blog\/#\/schema\/logo\/image\/\"},\"sameAs\":[\"https:\/\/www.facebook.com\/Carideal.mandataire.automobile\",\"https:\/\/x.com\/caridealauto\",\"https:\/\/www.instagram.com\/carideal1\/\",\"https:\/\/www.linkedin.com\/company\/carideal.com\",\"https:\/\/fr.pinterest.com\/schiavonsas\/\",\"https:\/\/www.youtube.com\/user\/caridealsas\"]},{\"@type\":\"Person\",\"@id\":\"https:\/\/www.carideal.com\/blog\/#\/schema\/person\/985c7e757d1042d647f21bfaf8d41ebc\",\"name\":\"N.S Carideal\",\"image\":{\"@type\":\"ImageObject\",\"inLanguage\":\"fr-FR\",\"@id\":\"https:\/\/www.carideal.com\/blog\/#\/schema\/person\/image\/\",\"url\":\"https:\/\/secure.gravatar.com\/avatar\/edb7ccdf1a4e3d14aef967760d354d0e?s=96&r=g\",\"contentUrl\":\"https:\/\/secure.gravatar.com\/avatar\/edb7ccdf1a4e3d14aef967760d354d0e?s=96&r=g\",\"caption\":\"N.S Carideal\"},\"description\":\"Depuis tout petit fan d'automobile. Il est question d'essayer et de comparer toutes ces voitures qui nous ont fait r\u00e9ver, avant que celles-ci ne devient uniquement des voitures de collection.\",\"sameAs\":[\"http:\/\/www.carideal.com\/blog\",\"https:\/\/www.facebook.com\/Carideal.mandataire.automobile\/\",\"https:\/\/www.linkedin.com\/in\/nschiavon\/\",\"https:\/\/www.youtube.com\/user\/caridealsas\/\"],\"url\":\"https:\/\/www.carideal.com\/blog\/author\/admin_carideal\/\"}]}<\/script>\n<!-- \/ Yoast SEO plugin. -->","yoast_head_json":{"title":"Achat Volkswagen GOLF 6 Carat 5 avec remise - Blog auto Carid\u00e9al","description":"Pr\u00e9commandes et achat de Volkswagen Golf 6 Carat \u00e0 prix mandataire avec Carideal mandataire Volkswagen arrivage dans quelques jours.","robots":{"index":"index","follow":"follow","max-snippet":"max-snippet:-1","max-image-preview":"max-image-preview:large","max-video-preview":"max-video-preview:-1"},"canonical":"https:\/\/www.carideal.com\/blog\/2009\/03\/30\/precommandes-vw-golf-6-carat-5-portes-avec-remise\/","og_locale":"fr_FR","og_type":"article","og_title":"Achat Volkswagen GOLF 6 Carat 5 avec remise - Blog auto Carid\u00e9al","og_description":"Pr\u00e9commandes et achat de Volkswagen Golf 6 Carat \u00e0 prix mandataire avec Carideal mandataire Volkswagen arrivage dans quelques jours.","og_url":"https:\/\/www.carideal.com\/blog\/2009\/03\/30\/precommandes-vw-golf-6-carat-5-portes-avec-remise\/","og_site_name":"Blog auto Carid\u00e9al","article_publisher":"https:\/\/www.facebook.com\/Carideal.mandataire.automobile","article_author":"https:\/\/www.facebook.com\/Carideal.mandataire.automobile\/","article_published_time":"2009-03-30T16:19:40+00:00","article_modified_time":"2020-03-07T15:30:40+00:00","og_image":[{"url":"http:\/\/www.carideal.com\/blog\/wp-content\/uploads\/2009\/03\/Volkswagen-Golf-6-300x225.jpg","type":"","width":"","height":""}],"author":"N.S Carideal","twitter_card":"summary_large_image","twitter_creator":"@caridealauto","twitter_site":"@caridealauto","twitter_misc":{"\u00c9crit par":"N.S Carideal","Dur\u00e9e de lecture estim\u00e9e":"1 minute"},"schema":{"@context":"https:\/\/schema.org","@graph":[{"@type":"Article","@id":"https:\/\/www.carideal.com\/blog\/2009\/03\/30\/precommandes-vw-golf-6-carat-5-portes-avec-remise\/#article","isPartOf":{"@id":"https:\/\/www.carideal.com\/blog\/2009\/03\/30\/precommandes-vw-golf-6-carat-5-portes-avec-remise\/"},"author":{"name":"N.S Carideal","@id":"https:\/\/www.carideal.com\/blog\/#\/schema\/person\/985c7e757d1042d647f21bfaf8d41ebc"},"headline":"Achat Volkswagen GOLF 6 Carat 5 avec remise","datePublished":"2009-03-30T16:19:40+00:00","dateModified":"2020-03-07T15:30:40+00:00","mainEntityOfPage":{"@id":"https:\/\/www.carideal.com\/blog\/2009\/03\/30\/precommandes-vw-golf-6-carat-5-portes-avec-remise\/"},"wordCount":305,"commentCount":0,"publisher":{"@id":"https:\/\/www.carideal.com\/blog\/#organization"},"image":{"@id":"https:\/\/www.carideal.com\/blog\/2009\/03\/30\/precommandes-vw-golf-6-carat-5-portes-avec-remise\/#primaryimage"},"thumbnailUrl":"http:\/\/www.carideal.com\/blog\/wp-content\/uploads\/2009\/03\/Volkswagen-Golf-6-300x225.jpg","keywords":["Remise voiture neuve","TDI"],"articleSection":["Actualit\u00e9 Constructeur automobile","Actualit\u00e9 Volkswagen","Berlines","D\u00e9stockage voiture","Type de v\u00e9hicule"],"inLanguage":"fr-FR","potentialAction":[{"@type":"CommentAction","name":"Comment","target":["https:\/\/www.carideal.com\/blog\/2009\/03\/30\/precommandes-vw-golf-6-carat-5-portes-avec-remise\/#respond"]}]},{"@type":"WebPage","@id":"https:\/\/www.carideal.com\/blog\/2009\/03\/30\/precommandes-vw-golf-6-carat-5-portes-avec-remise\/","url":"https:\/\/www.carideal.com\/blog\/2009\/03\/30\/precommandes-vw-golf-6-carat-5-portes-avec-remise\/","name":"Achat Volkswagen GOLF 6 Carat 5 avec remise - Blog auto Carid\u00e9al","isPartOf":{"@id":"https:\/\/www.carideal.com\/blog\/#website"},"primaryImageOfPage":{"@id":"https:\/\/www.carideal.com\/blog\/2009\/03\/30\/precommandes-vw-golf-6-carat-5-portes-avec-remise\/#primaryimage"},"image":{"@id":"https:\/\/www.carideal.com\/blog\/2009\/03\/30\/precommandes-vw-golf-6-carat-5-portes-avec-remise\/#primaryimage"},"thumbnailUrl":"http:\/\/www.carideal.com\/blog\/wp-content\/uploads\/2009\/03\/Volkswagen-Golf-6-300x225.jpg","datePublished":"2009-03-30T16:19:40+00:00","dateModified":"2020-03-07T15:30:40+00:00","description":"Pr\u00e9commandes et achat de Volkswagen Golf 6 Carat \u00e0 prix mandataire avec Carideal mandataire Volkswagen arrivage dans quelques jours.","breadcrumb":{"@id":"https:\/\/www.carideal.com\/blog\/2009\/03\/30\/precommandes-vw-golf-6-carat-5-portes-avec-remise\/#breadcrumb"},"inLanguage":"fr-FR","potentialAction":[{"@type":"ReadAction","target":["https:\/\/www.carideal.com\/blog\/2009\/03\/30\/precommandes-vw-golf-6-carat-5-portes-avec-remise\/"]}]},{"@type":"ImageObject","inLanguage":"fr-FR","@id":"https:\/\/www.carideal.com\/blog\/2009\/03\/30\/precommandes-vw-golf-6-carat-5-portes-avec-remise\/#primaryimage","url":"http:\/\/www.carideal.com\/blog\/wp-content\/uploads\/2009\/03\/Volkswagen-Golf-6-300x225.jpg","contentUrl":"http:\/\/www.carideal.com\/blog\/wp-content\/uploads\/2009\/03\/Volkswagen-Golf-6-300x225.jpg"},{"@type":"BreadcrumbList","@id":"https:\/\/www.carideal.com\/blog\/2009\/03\/30\/precommandes-vw-golf-6-carat-5-portes-avec-remise\/#breadcrumb","itemListElement":[{"@type":"ListItem","position":1,"name":"Blog Carid\u00e9al","item":"https:\/\/www.carideal.com\/blog\/"},{"@type":"ListItem","position":2,"name":"Actualit\u00e9 constructeur automobile","item":"https:\/\/www.carideal.com\/blog\/constructeur\/"},{"@type":"ListItem","position":3,"name":"Actualit\u00e9 Volkswagen","item":"https:\/\/www.carideal.com\/blog\/constructeur\/volkswagen\/"},{"@type":"ListItem","position":4,"name":"Achat Volkswagen GOLF 6 Carat 5 avec remise"}]},{"@type":"WebSite","@id":"https:\/\/www.carideal.com\/blog\/#website","url":"https:\/\/www.carideal.com\/blog\/","name":"Blog auto Carid\u00e9al","description":"Actualit\u00e9 auto par des passionn\u00e9s","publisher":{"@id":"https:\/\/www.carideal.com\/blog\/#organization"},"potentialAction":[{"@type":"SearchAction","target":{"@type":"EntryPoint","urlTemplate":"https:\/\/www.carideal.com\/blog\/?s={search_term_string}"},"query-input":{"@type":"PropertyValueSpecification","valueRequired":true,"valueName":"search_term_string"}}],"inLanguage":"fr-FR"},{"@type":"Organization","@id":"https:\/\/www.carideal.com\/blog\/#organization","name":"Carideal","url":"https:\/\/www.carideal.com\/blog\/","logo":{"@type":"ImageObject","inLanguage":"fr-FR","@id":"https:\/\/www.carideal.com\/blog\/#\/schema\/logo\/image\/","url":"http:\/\/www.carideal.com\/blog\/wp-content\/uploads\/2016\/03\/logo-carideal-mandataire-automobile.png","contentUrl":"http:\/\/www.carideal.com\/blog\/wp-content\/uploads\/2016\/03\/logo-carideal-mandataire-automobile.png","width":300,"height":300,"caption":"Carideal"},"image":{"@id":"https:\/\/www.carideal.com\/blog\/#\/schema\/logo\/image\/"},"sameAs":["https:\/\/www.facebook.com\/Carideal.mandataire.automobile","https:\/\/x.com\/caridealauto","https:\/\/www.instagram.com\/carideal1\/","https:\/\/www.linkedin.com\/company\/carideal.com","https:\/\/fr.pinterest.com\/schiavonsas\/","https:\/\/www.youtube.com\/user\/caridealsas"]},{"@type":"Person","@id":"https:\/\/www.carideal.com\/blog\/#\/schema\/person\/985c7e757d1042d647f21bfaf8d41ebc","name":"N.S Carideal","image":{"@type":"ImageObject","inLanguage":"fr-FR","@id":"https:\/\/www.carideal.com\/blog\/#\/schema\/person\/image\/","url":"https:\/\/secure.gravatar.com\/avatar\/edb7ccdf1a4e3d14aef967760d354d0e?s=96&r=g","contentUrl":"https:\/\/secure.gravatar.com\/avatar\/edb7ccdf1a4e3d14aef967760d354d0e?s=96&r=g","caption":"N.S Carideal"},"description":"Depuis tout petit fan d'automobile. Il est question d'essayer et de comparer toutes ces voitures qui nous ont fait r\u00e9ver, avant que celles-ci ne devient uniquement des voitures de collection.","sameAs":["http:\/\/www.carideal.com\/blog","https:\/\/www.facebook.com\/Carideal.mandataire.automobile\/","https:\/\/www.linkedin.com\/in\/nschiavon\/","https:\/\/www.youtube.com\/user\/caridealsas\/"],"url":"https:\/\/www.carideal.com\/blog\/author\/admin_carideal\/"}]}},"uagb_featured_image_src":{"full":false,"thumbnail":false,"medium":false,"medium_large":false,"large":false,"1536x1536":false,"2048x2048":false,"wppr-widget":false},"uagb_author_info":{"display_name":"N.S Carideal","author_link":"https:\/\/www.carideal.com\/blog\/author\/admin_carideal\/"},"uagb_comment_info":0,"uagb_excerpt":"Pr\u00e9commandes et achat de Volkswagen GOLF 6 Carat 5 Portes achat avec Remise Volkswagen Golf 6 2.0 TDI 110 DPF et 2.0 TDI 140 DPF Equipements de la version Volkswagen Golf 6 Carat : ESP sur TDI 140 - ABS-EBV-ASR-MSR, accoudoir AR avec trappe \u00e0 skis, climatisation automatique Climatronic, airbags frontaux-lat\u00e9raux AV-genoux conducteur et de\u2026","_links":{"self":[{"href":"https:\/\/www.carideal.com\/blog\/wp-json\/wp\/v2\/posts\/1896"}],"collection":[{"href":"https:\/\/www.carideal.com\/blog\/wp-json\/wp\/v2\/posts"}],"about":[{"href":"https:\/\/www.carideal.com\/blog\/wp-json\/wp\/v2\/types\/post"}],"author":[{"embeddable":true,"href":"https:\/\/www.carideal.com\/blog\/wp-json\/wp\/v2\/users\/1"}],"replies":[{"embeddable":true,"href":"https:\/\/www.carideal.com\/blog\/wp-json\/wp\/v2\/comments?post=1896"}],"version-history":[{"count":0,"href":"https:\/\/www.carideal.com\/blog\/wp-json\/wp\/v2\/posts\/1896\/revisions"}],"wp:attachment":[{"href":"https:\/\/www.carideal.com\/blog\/wp-json\/wp\/v2\/media?parent=1896"}],"wp:term":[{"taxonomy":"category","embeddable":true,"href":"https:\/\/www.carideal.com\/blog\/wp-json\/wp\/v2\/categories?post=1896"},{"taxonomy":"post_tag","embeddable":true,"href":"https:\/\/www.carideal.com\/blog\/wp-json\/wp\/v2\/tags?post=1896"}],"curies":[{"name":"wp","href":"https:\/\/api.w.org\/{rel}","templated":true}]}}