{"id":1860,"date":"2008-09-27T15:16:40","date_gmt":"2008-09-27T15:16:40","guid":{"rendered":"http:\/\/carideal.com\/blog\/?p=1860"},"modified":"2020-03-07T18:04:16","modified_gmt":"2020-03-07T17:04:16","slug":"ford-tourneo-connect-occasion-5-places-a-11000-e","status":"publish","type":"post","link":"https:\/\/www.carideal.com\/blog\/2008\/09\/27\/ford-tourneo-connect-occasion-5-places-a-11000-e\/","title":{"rendered":"Ford Tourneo Connect occasion 5 places \u00e0 11000 \u20ac"},"content":{"rendered":"<p><strong>Les mod\u00e8les 2006 sont tous \u00e0 11000 \u20ac et les 2007 \u00e0 12900 \u20ac<\/strong><\/p>\n<p>Nous avons un arrivage de Ford Tourneo Connect 5 places \u00e0 prix massacr\u00e9\u00a0!<\/p>\n<pre> FORD TOURNEO CONNECT KOMBI 1.8 TDCI 210S 5PLZS 2EE CC RE RCD DA ABS AA 4ABG FN YES 4 WHITE 63159 55 1753 07\/06\/2006  FORD TOURNEO CONNECT KOMBI 1.8 TDCI 210S 5PLZS 2EE CC RE RCD DA ABS AA 4ABG FN YES 4 WHITE 68600 55 1753 12\/06\/2006  FORD TOURNEO CONNECT KOMBI 1.8 TDCI 210S 5PLZS 2EE CC RE DA RCD AA 4ABG ABS FN YES 4 WHITE 65637 55 1753 20\/06\/2006  FORD TOURNEO CONNECT KOMBI 1.8 TDCI 210S 5PLZS 2EE CC RE RCD DA ABS AA 4ABG FN YES 4 WHITE 66263 55 1753 20\/06\/2006  FORD TOURNEO CONNECT KOMBI 1.8 TDCI 210S 5PLZS 2EE CC RE DA RCD AA 4ABG ABS FN NO 4 WHITE 71262 55 1753 20\/06\/2006  FORD TOURNEO CONNECT KOMBI 1.8 TDCI 210S 5PLZS 2EE CC RE RCD DA ABS AA 4ABG FN YES 4 WHITE 67413 55 1753 20\/06\/2006  FORD TOURNEO CONNECT KOMBI 1.8 TDCI 210S 5PLZS 2EE CC RE RCD DA ABS AA 4ABG FN YES 4 WHITE 69734 55 1753 20\/06\/2006  FORD TOURNEO CONNECT KOMBI 1.8 TDCI 210S 5PLZS 2EE RE CC DA RCD AA 4ABG ABS FN YES 4 WHITE 62837 55 1753 20\/06\/2006  FORD TOURNEO CONNECT KOMBI 1.8 TDCI 210S 5PLZS 2EE CC RE DA RCD AA 4ABG ABS FN YES 4 WHITE 68764 55 1753 20\/06\/2006  FORD TOURNEO CONNECT KOMBI 1.8 TDCI 210S 5PLZS 2EE CC RE RCD DA ABS AA 4ABG FN YES 4 WHITE 71035 55 1753 20\/06\/2006  FORD TOURNEO CONNECT KOMBI 1.8 TDCI 210S 5PLZS 2EE CC RE DA RCD AA FN 4 ABG DA ABS YES 4 WHITE 62209 55 1753 20\/06\/2006  FORD TOURNEO CONNECT KOMBI 1.8 TDCI 210S 5PLZS 2EE CC RE DA RCD AA FN 4 ABG DA ABS YES 4 WHITE 74626 55 1753 20\/06\/2006  FORD TOURNEO CONNECT KOMBI 1.8 TDCI 210S 5PLZS 2EE CC RE RCD DA ABS AA 4ABG FN YES 4 WHITE 67073 55 1753 20\/06\/2006  FORD TOURNEO CONNECT KOMBI 1.8 TDCI 210S 5PLZS 2EE CC RE DA RCD AA 4ABG ABS FN YES 4 WHITE 64832 55 1753 20\/06\/2006  FORD TOURNEO CONNECT KOMBI 1.8 TDCI 210S 5PLZS 2EE RE CC RCD DA ABS AA 4ABG FN YES 4 WHITE 67864 55 1753 20\/06\/2006  FORD TOURNEO CONNECT KOMBI 1.8 TDCI 210S 5PLZS 2EE CC RE RCD DA AA 4ABG ABS FN YES 4 WHITE 71046 55 1753 20\/06\/2006  FORD TOURNEO CONNECT KOMBI 1.8 TDCI 210S 5PLZS 2EE RE CC RCD ABS DA 4ABG FN  YES 4 WHITE 71815 55 1753 20\/06\/2006  FORD TOURNEO CONNECT KOMBI 1.8 TDCI 210S 5PLZS 2EE CC RE RCD DA ABS AA 4ABG FN YES 4 WHITE 72374 55 1753 20\/06\/2006  FORD TOURNEO CONNECT KOMBI 1.8 TDCI 210S 5PLZS 2EE RE CC DA RCD AA 4ABG ABS FN YES 4 WHITE 73832 55 1753 20\/06\/2006  FORD TOURNEO CONNECT KOMBI 1.8 TDCI 210S 5PLZS 2EE CC RE DA RCD AA FN 4 ABG DA ABS YES 4 WHITE 67024 55 1753 20\/06\/2006  FORD TOURNEO CONNECT KOMBI 1.8 TDCI 210S 5PLZS 2EE CC RE RCD DA ABS AA 4ABG FN YES 4 WHITE 72326 55 1753 20\/06\/2006  FORD TOURNEO CONNECT KOMBI 1.8 TDCI 210S 5PLZS 2EE RE CC DA RCD AA 4ABG ABS FN YES 4 WHITE 63621 55 1753 20\/06\/2006  FORD TOURNEO CONNECT KOMBI 1.8 TDCI 210S 5PLZS 2EE CC RE DA RCD AA FN 4 ABG DA ABS YES 4 WHITE 74429 55 1753 20\/06\/2006  FORD TOURNEO CONNECT KOMBI 1.8 TDCI 210S 5PLZS 2EE RE CC DA RCD AA 4ABG ABS FN NO 4 WHITE 79575 55 1753 20\/06\/2006  FORD TOURNEO CONNECT KOMBI 1.8 TDCI 210S 5PLZS 2EE CC RE RCD DA ABS AA 4ABG FN YES 4 WHITE 68186 55 1753 20\/06\/2006  FORD TOURNEO CONNECT KOMBI 1.8 TDCI 210S 5PLZS 2EE CC RE DA RCD AA FN 4ABG ABS YES 4 WHITE 59587 55 1753 20\/06\/2006  FORD TOURNEO CONNECT KOMBI 1.8 TDCI 210S 5PLZS 2EE CC RE DA ABS RCD AA 4ABG FN YES 4 WHITE 70532 55 1753 20\/06\/2006  FORD TOURNEO CONNECT KOMBI 1.8 TDCI 210S 5PLZS 2EE CC RE DA RCD AA 4ABG ABS FN YES 4 WHITE 79127 55 1753 20\/06\/2006  FORD TOURNEO CONNECT KOMBI 1.8 TDCI 210S 5PLZS 2EE RE CC RCD DA ABS AA 4ABG FN YES 4 WHITE 77962 55 1753 20\/06\/2006  FORD TOURNEO CONNECT KOMBI 1.8 TDCI 210S 5PLZS 2EE RE CC RCD DA ABS AA 4ABG FN YES 4 WHITE 65908 55 1753 20\/06\/2006  FORD TOURNEO CONNECT KOMBI 1.8 TDCI 210S 5PLZS 2EE CC RE RCD DA ABS AA 4ABG FN YES 4 WHITE 63670 55 1753 20\/06\/2006  FORD TOURNEO CONNECT KOMBI 1.8 TDCI 210S 5PLZS 2EE CC RE DA RCD AA FN 4 ABG DA ABS YES 4 WHITE 81273 55 1753 20\/06\/2006  FORD TOURNEO CONNECT KOMBI 1.8 TDCI 210S 5PLZS 2EE CC RE RCD DA ABS AA 4ABG FN YES 4 WHITE 70060 55 1753 20\/06\/2006  FORD TOURNEO CONNECT KOMBI 1.8 TDCI 210S 5PLZS 2EE RE CC RCD DA ABS AA 4ABG FN YES 4 WHITE 69442 55 1753 20\/06\/2006  FORD TOURNEO CONNECT KOMBI 1.8 TDCI 210S 5PLZS 2EE CC RE DA RCD AA FN 4ABG ABS YES 5 WHITE 75132 55 1753 20\/06\/2006  FORD TOURNEO CONNECT KOMBI 1.8 TDCI 210S 5PLZS 2EE CC RE DA RCD AA FN 4 ABG  YES 4 WHITE 66531 55 1753 20\/06\/2006  FORD TOURNEO CONNECT KOMBI 1.8 TDCI 210S 5PLZS 2EE CC RE DA RCD AA FN 4 ABG DA ABS YES 4 WHITE 64973 55 1753 20\/06\/2006  FORD TOURNEO CONNECT KOMBI 1.8 TDCI 210S 5PLZS 2EE CC RE DA RCD AA FN 4ABG ABS YES 3 WHITE 58519 55 1753 20\/06\/2006  FORD TOURNEO CONNECT KOMBI 1.8 TDCI 210S 5PLZS 2EE CC RE DA RCD AA 4ABG ABS FN YES 4 WHITE 61790 55 1753 20\/06\/2006  FORD TOURNEO CONNECT KOMBI 1.8 TDCI 210S 5PLZS 2EE CC RE DA RCD AA FN 4ABG DA ABS YES 5 WHITE 71453 55 1753 23\/06\/2006<\/pre>\n<p><img decoding=\"async\" src=\"\/blog\/images\/FBZ339902-carideal.JPG\" alt=\"\" \/><\/p>\n<p>Achat de votre Ford Tourn\u00e9o d'occasion moins ch\u00e8re avec Carideal mandataire automobile \u00e0 Chamb\u00e9ry en Savoie<\/p>\n","protected":false},"excerpt":{"rendered":"<p>Les mod\u00e8les 2006 sont tous \u00e0 11000 \u20ac et les 2007 \u00e0 12900 \u20ac Nous avons un arrivage de Ford Tourneo Connect 5 places \u00e0 prix massacr\u00e9\u00a0! FORD TOURNEO CONNECT KOMBI 1.8 TDCI 210S 5PLZS 2EE CC RE RCD DA ABS AA 4ABG FN YES 4 WHITE 63159 55 1753 07\/06\/2006 FORD TOURNEO CONNECT KOMBI &#8230; <a title=\"Ford Tourneo Connect occasion 5 places \u00e0 11000 \u20ac\" class=\"read-more\" href=\"https:\/\/www.carideal.com\/blog\/2008\/09\/27\/ford-tourneo-connect-occasion-5-places-a-11000-e\/\" aria-label=\"En savoir plus sur Ford Tourneo Connect occasion 5 places \u00e0 11000 \u20ac\">Lire plus<\/a><\/p>\n","protected":false},"author":1,"featured_media":0,"comment_status":"open","ping_status":"open","sticky":false,"template":"","format":"standard","meta":{"_uag_custom_page_level_css":"","_themeisle_gutenberg_block_has_review":false,"footnotes":""},"categories":[7],"tags":[],"class_list":["post-1860","post","type-post","status-publish","format-standard","hentry","category-voiture-arrivage-stocks"],"wppr_data":[],"yoast_head":"<!-- This site is optimized with the Yoast SEO plugin v24.8.1 - https:\/\/yoast.com\/wordpress\/plugins\/seo\/ -->\n<title>Ford Tourneo Connect occasion 5 places \u00e0 11000 \u20ac - Blog auto Carid\u00e9al<\/title>\n<meta name=\"robots\" content=\"index, follow, max-snippet:-1, max-image-preview:large, max-video-preview:-1\" \/>\n<link rel=\"canonical\" href=\"https:\/\/www.carideal.com\/blog\/2008\/09\/27\/ford-tourneo-connect-occasion-5-places-a-11000-e\/\" \/>\n<meta property=\"og:locale\" content=\"fr_FR\" \/>\n<meta property=\"og:type\" content=\"article\" \/>\n<meta property=\"og:title\" content=\"Ford Tourneo Connect occasion 5 places \u00e0 11000 \u20ac - Blog auto Carid\u00e9al\" \/>\n<meta property=\"og:description\" content=\"Les mod\u00e8les 2006 sont tous \u00e0 11000 \u20ac et les 2007 \u00e0 12900 \u20ac Nous avons un arrivage de Ford Tourneo Connect 5 places \u00e0 prix massacr\u00e9\u00a0! FORD TOURNEO CONNECT KOMBI 1.8 TDCI 210S 5PLZS 2EE CC RE RCD DA ABS AA 4ABG FN YES 4 WHITE 63159 55 1753 07\/06\/2006 FORD TOURNEO CONNECT KOMBI ... Lire plus\" \/>\n<meta property=\"og:url\" content=\"https:\/\/www.carideal.com\/blog\/2008\/09\/27\/ford-tourneo-connect-occasion-5-places-a-11000-e\/\" \/>\n<meta property=\"og:site_name\" content=\"Blog auto Carid\u00e9al\" \/>\n<meta property=\"article:publisher\" content=\"https:\/\/www.facebook.com\/Carideal.mandataire.automobile\" \/>\n<meta property=\"article:author\" content=\"https:\/\/www.facebook.com\/Carideal.mandataire.automobile\/\" \/>\n<meta property=\"article:published_time\" content=\"2008-09-27T15:16:40+00:00\" \/>\n<meta property=\"article:modified_time\" content=\"2020-03-07T17:04:16+00:00\" \/>\n<meta property=\"og:image\" content=\"https:\/\/www.carideal.com\/blog\/wp-content\/uploads\/2016\/03\/logo-carideal-mandataire-automobile.png\" \/>\n\t<meta property=\"og:image:width\" content=\"300\" \/>\n\t<meta property=\"og:image:height\" content=\"300\" \/>\n\t<meta property=\"og:image:type\" content=\"image\/png\" \/>\n<meta name=\"author\" content=\"N.S Carideal\" \/>\n<meta name=\"twitter:card\" content=\"summary_large_image\" \/>\n<meta name=\"twitter:creator\" content=\"@caridealauto\" \/>\n<meta name=\"twitter:site\" content=\"@caridealauto\" \/>\n<meta name=\"twitter:label1\" content=\"\u00c9crit par\" \/>\n\t<meta name=\"twitter:data1\" content=\"N.S Carideal\" \/>\n\t<meta name=\"twitter:label2\" content=\"Dur\u00e9e de lecture estim\u00e9e\" \/>\n\t<meta name=\"twitter:data2\" content=\"4 minutes\" \/>\n<script type=\"application\/ld+json\" class=\"yoast-schema-graph\">{\"@context\":\"https:\/\/schema.org\",\"@graph\":[{\"@type\":\"Article\",\"@id\":\"https:\/\/www.carideal.com\/blog\/2008\/09\/27\/ford-tourneo-connect-occasion-5-places-a-11000-e\/#article\",\"isPartOf\":{\"@id\":\"https:\/\/www.carideal.com\/blog\/2008\/09\/27\/ford-tourneo-connect-occasion-5-places-a-11000-e\/\"},\"author\":{\"name\":\"N.S Carideal\",\"@id\":\"https:\/\/www.carideal.com\/blog\/#\/schema\/person\/985c7e757d1042d647f21bfaf8d41ebc\"},\"headline\":\"Ford Tourneo Connect occasion 5 places \u00e0 11000 \u20ac\",\"datePublished\":\"2008-09-27T15:16:40+00:00\",\"dateModified\":\"2020-03-07T17:04:16+00:00\",\"mainEntityOfPage\":{\"@id\":\"https:\/\/www.carideal.com\/blog\/2008\/09\/27\/ford-tourneo-connect-occasion-5-places-a-11000-e\/\"},\"wordCount\":41,\"commentCount\":0,\"publisher\":{\"@id\":\"https:\/\/www.carideal.com\/blog\/#organization\"},\"articleSection\":[\"D\u00e9stockage voiture\"],\"inLanguage\":\"fr-FR\",\"potentialAction\":[{\"@type\":\"CommentAction\",\"name\":\"Comment\",\"target\":[\"https:\/\/www.carideal.com\/blog\/2008\/09\/27\/ford-tourneo-connect-occasion-5-places-a-11000-e\/#respond\"]}]},{\"@type\":\"WebPage\",\"@id\":\"https:\/\/www.carideal.com\/blog\/2008\/09\/27\/ford-tourneo-connect-occasion-5-places-a-11000-e\/\",\"url\":\"https:\/\/www.carideal.com\/blog\/2008\/09\/27\/ford-tourneo-connect-occasion-5-places-a-11000-e\/\",\"name\":\"Ford Tourneo Connect occasion 5 places \u00e0 11000 \u20ac - Blog auto Carid\u00e9al\",\"isPartOf\":{\"@id\":\"https:\/\/www.carideal.com\/blog\/#website\"},\"datePublished\":\"2008-09-27T15:16:40+00:00\",\"dateModified\":\"2020-03-07T17:04:16+00:00\",\"breadcrumb\":{\"@id\":\"https:\/\/www.carideal.com\/blog\/2008\/09\/27\/ford-tourneo-connect-occasion-5-places-a-11000-e\/#breadcrumb\"},\"inLanguage\":\"fr-FR\",\"potentialAction\":[{\"@type\":\"ReadAction\",\"target\":[\"https:\/\/www.carideal.com\/blog\/2008\/09\/27\/ford-tourneo-connect-occasion-5-places-a-11000-e\/\"]}]},{\"@type\":\"BreadcrumbList\",\"@id\":\"https:\/\/www.carideal.com\/blog\/2008\/09\/27\/ford-tourneo-connect-occasion-5-places-a-11000-e\/#breadcrumb\",\"itemListElement\":[{\"@type\":\"ListItem\",\"position\":1,\"name\":\"Blog Carid\u00e9al\",\"item\":\"https:\/\/www.carideal.com\/blog\/\"},{\"@type\":\"ListItem\",\"position\":2,\"name\":\"D\u00e9stockage voiture\",\"item\":\"https:\/\/www.carideal.com\/blog\/voiture-arrivage-stocks\/\"},{\"@type\":\"ListItem\",\"position\":3,\"name\":\"Ford Tourneo Connect occasion 5 places \u00e0 11000 \u20ac\"}]},{\"@type\":\"WebSite\",\"@id\":\"https:\/\/www.carideal.com\/blog\/#website\",\"url\":\"https:\/\/www.carideal.com\/blog\/\",\"name\":\"Blog auto Carid\u00e9al\",\"description\":\"Actualit\u00e9 auto par des passionn\u00e9s\",\"publisher\":{\"@id\":\"https:\/\/www.carideal.com\/blog\/#organization\"},\"potentialAction\":[{\"@type\":\"SearchAction\",\"target\":{\"@type\":\"EntryPoint\",\"urlTemplate\":\"https:\/\/www.carideal.com\/blog\/?s={search_term_string}\"},\"query-input\":{\"@type\":\"PropertyValueSpecification\",\"valueRequired\":true,\"valueName\":\"search_term_string\"}}],\"inLanguage\":\"fr-FR\"},{\"@type\":\"Organization\",\"@id\":\"https:\/\/www.carideal.com\/blog\/#organization\",\"name\":\"Carideal\",\"url\":\"https:\/\/www.carideal.com\/blog\/\",\"logo\":{\"@type\":\"ImageObject\",\"inLanguage\":\"fr-FR\",\"@id\":\"https:\/\/www.carideal.com\/blog\/#\/schema\/logo\/image\/\",\"url\":\"http:\/\/www.carideal.com\/blog\/wp-content\/uploads\/2016\/03\/logo-carideal-mandataire-automobile.png\",\"contentUrl\":\"http:\/\/www.carideal.com\/blog\/wp-content\/uploads\/2016\/03\/logo-carideal-mandataire-automobile.png\",\"width\":300,\"height\":300,\"caption\":\"Carideal\"},\"image\":{\"@id\":\"https:\/\/www.carideal.com\/blog\/#\/schema\/logo\/image\/\"},\"sameAs\":[\"https:\/\/www.facebook.com\/Carideal.mandataire.automobile\",\"https:\/\/x.com\/caridealauto\",\"https:\/\/www.instagram.com\/carideal1\/\",\"https:\/\/www.linkedin.com\/company\/carideal.com\",\"https:\/\/fr.pinterest.com\/schiavonsas\/\",\"https:\/\/www.youtube.com\/user\/caridealsas\"]},{\"@type\":\"Person\",\"@id\":\"https:\/\/www.carideal.com\/blog\/#\/schema\/person\/985c7e757d1042d647f21bfaf8d41ebc\",\"name\":\"N.S Carideal\",\"image\":{\"@type\":\"ImageObject\",\"inLanguage\":\"fr-FR\",\"@id\":\"https:\/\/www.carideal.com\/blog\/#\/schema\/person\/image\/\",\"url\":\"https:\/\/secure.gravatar.com\/avatar\/edb7ccdf1a4e3d14aef967760d354d0e?s=96&r=g\",\"contentUrl\":\"https:\/\/secure.gravatar.com\/avatar\/edb7ccdf1a4e3d14aef967760d354d0e?s=96&r=g\",\"caption\":\"N.S Carideal\"},\"description\":\"Depuis tout petit fan d'automobile. Il est question d'essayer et de comparer toutes ces voitures qui nous ont fait r\u00e9ver, avant que celles-ci ne devient uniquement des voitures de collection.\",\"sameAs\":[\"http:\/\/www.carideal.com\/blog\",\"https:\/\/www.facebook.com\/Carideal.mandataire.automobile\/\",\"https:\/\/www.linkedin.com\/in\/nschiavon\/\",\"https:\/\/www.youtube.com\/user\/caridealsas\/\"],\"url\":\"https:\/\/www.carideal.com\/blog\/author\/admin_carideal\/\"}]}<\/script>\n<!-- \/ Yoast SEO plugin. -->","yoast_head_json":{"title":"Ford Tourneo Connect occasion 5 places \u00e0 11000 \u20ac - Blog auto Carid\u00e9al","robots":{"index":"index","follow":"follow","max-snippet":"max-snippet:-1","max-image-preview":"max-image-preview:large","max-video-preview":"max-video-preview:-1"},"canonical":"https:\/\/www.carideal.com\/blog\/2008\/09\/27\/ford-tourneo-connect-occasion-5-places-a-11000-e\/","og_locale":"fr_FR","og_type":"article","og_title":"Ford Tourneo Connect occasion 5 places \u00e0 11000 \u20ac - Blog auto Carid\u00e9al","og_description":"Les mod\u00e8les 2006 sont tous \u00e0 11000 \u20ac et les 2007 \u00e0 12900 \u20ac Nous avons un arrivage de Ford Tourneo Connect 5 places \u00e0 prix massacr\u00e9\u00a0! FORD TOURNEO CONNECT KOMBI 1.8 TDCI 210S 5PLZS 2EE CC RE RCD DA ABS AA 4ABG FN YES 4 WHITE 63159 55 1753 07\/06\/2006 FORD TOURNEO CONNECT KOMBI ... Lire plus","og_url":"https:\/\/www.carideal.com\/blog\/2008\/09\/27\/ford-tourneo-connect-occasion-5-places-a-11000-e\/","og_site_name":"Blog auto Carid\u00e9al","article_publisher":"https:\/\/www.facebook.com\/Carideal.mandataire.automobile","article_author":"https:\/\/www.facebook.com\/Carideal.mandataire.automobile\/","article_published_time":"2008-09-27T15:16:40+00:00","article_modified_time":"2020-03-07T17:04:16+00:00","og_image":[{"width":300,"height":300,"url":"https:\/\/www.carideal.com\/blog\/wp-content\/uploads\/2016\/03\/logo-carideal-mandataire-automobile.png","type":"image\/png"}],"author":"N.S Carideal","twitter_card":"summary_large_image","twitter_creator":"@caridealauto","twitter_site":"@caridealauto","twitter_misc":{"\u00c9crit par":"N.S Carideal","Dur\u00e9e de lecture estim\u00e9e":"4 minutes"},"schema":{"@context":"https:\/\/schema.org","@graph":[{"@type":"Article","@id":"https:\/\/www.carideal.com\/blog\/2008\/09\/27\/ford-tourneo-connect-occasion-5-places-a-11000-e\/#article","isPartOf":{"@id":"https:\/\/www.carideal.com\/blog\/2008\/09\/27\/ford-tourneo-connect-occasion-5-places-a-11000-e\/"},"author":{"name":"N.S Carideal","@id":"https:\/\/www.carideal.com\/blog\/#\/schema\/person\/985c7e757d1042d647f21bfaf8d41ebc"},"headline":"Ford Tourneo Connect occasion 5 places \u00e0 11000 \u20ac","datePublished":"2008-09-27T15:16:40+00:00","dateModified":"2020-03-07T17:04:16+00:00","mainEntityOfPage":{"@id":"https:\/\/www.carideal.com\/blog\/2008\/09\/27\/ford-tourneo-connect-occasion-5-places-a-11000-e\/"},"wordCount":41,"commentCount":0,"publisher":{"@id":"https:\/\/www.carideal.com\/blog\/#organization"},"articleSection":["D\u00e9stockage voiture"],"inLanguage":"fr-FR","potentialAction":[{"@type":"CommentAction","name":"Comment","target":["https:\/\/www.carideal.com\/blog\/2008\/09\/27\/ford-tourneo-connect-occasion-5-places-a-11000-e\/#respond"]}]},{"@type":"WebPage","@id":"https:\/\/www.carideal.com\/blog\/2008\/09\/27\/ford-tourneo-connect-occasion-5-places-a-11000-e\/","url":"https:\/\/www.carideal.com\/blog\/2008\/09\/27\/ford-tourneo-connect-occasion-5-places-a-11000-e\/","name":"Ford Tourneo Connect occasion 5 places \u00e0 11000 \u20ac - Blog auto Carid\u00e9al","isPartOf":{"@id":"https:\/\/www.carideal.com\/blog\/#website"},"datePublished":"2008-09-27T15:16:40+00:00","dateModified":"2020-03-07T17:04:16+00:00","breadcrumb":{"@id":"https:\/\/www.carideal.com\/blog\/2008\/09\/27\/ford-tourneo-connect-occasion-5-places-a-11000-e\/#breadcrumb"},"inLanguage":"fr-FR","potentialAction":[{"@type":"ReadAction","target":["https:\/\/www.carideal.com\/blog\/2008\/09\/27\/ford-tourneo-connect-occasion-5-places-a-11000-e\/"]}]},{"@type":"BreadcrumbList","@id":"https:\/\/www.carideal.com\/blog\/2008\/09\/27\/ford-tourneo-connect-occasion-5-places-a-11000-e\/#breadcrumb","itemListElement":[{"@type":"ListItem","position":1,"name":"Blog Carid\u00e9al","item":"https:\/\/www.carideal.com\/blog\/"},{"@type":"ListItem","position":2,"name":"D\u00e9stockage voiture","item":"https:\/\/www.carideal.com\/blog\/voiture-arrivage-stocks\/"},{"@type":"ListItem","position":3,"name":"Ford Tourneo Connect occasion 5 places \u00e0 11000 \u20ac"}]},{"@type":"WebSite","@id":"https:\/\/www.carideal.com\/blog\/#website","url":"https:\/\/www.carideal.com\/blog\/","name":"Blog auto Carid\u00e9al","description":"Actualit\u00e9 auto par des passionn\u00e9s","publisher":{"@id":"https:\/\/www.carideal.com\/blog\/#organization"},"potentialAction":[{"@type":"SearchAction","target":{"@type":"EntryPoint","urlTemplate":"https:\/\/www.carideal.com\/blog\/?s={search_term_string}"},"query-input":{"@type":"PropertyValueSpecification","valueRequired":true,"valueName":"search_term_string"}}],"inLanguage":"fr-FR"},{"@type":"Organization","@id":"https:\/\/www.carideal.com\/blog\/#organization","name":"Carideal","url":"https:\/\/www.carideal.com\/blog\/","logo":{"@type":"ImageObject","inLanguage":"fr-FR","@id":"https:\/\/www.carideal.com\/blog\/#\/schema\/logo\/image\/","url":"http:\/\/www.carideal.com\/blog\/wp-content\/uploads\/2016\/03\/logo-carideal-mandataire-automobile.png","contentUrl":"http:\/\/www.carideal.com\/blog\/wp-content\/uploads\/2016\/03\/logo-carideal-mandataire-automobile.png","width":300,"height":300,"caption":"Carideal"},"image":{"@id":"https:\/\/www.carideal.com\/blog\/#\/schema\/logo\/image\/"},"sameAs":["https:\/\/www.facebook.com\/Carideal.mandataire.automobile","https:\/\/x.com\/caridealauto","https:\/\/www.instagram.com\/carideal1\/","https:\/\/www.linkedin.com\/company\/carideal.com","https:\/\/fr.pinterest.com\/schiavonsas\/","https:\/\/www.youtube.com\/user\/caridealsas"]},{"@type":"Person","@id":"https:\/\/www.carideal.com\/blog\/#\/schema\/person\/985c7e757d1042d647f21bfaf8d41ebc","name":"N.S Carideal","image":{"@type":"ImageObject","inLanguage":"fr-FR","@id":"https:\/\/www.carideal.com\/blog\/#\/schema\/person\/image\/","url":"https:\/\/secure.gravatar.com\/avatar\/edb7ccdf1a4e3d14aef967760d354d0e?s=96&r=g","contentUrl":"https:\/\/secure.gravatar.com\/avatar\/edb7ccdf1a4e3d14aef967760d354d0e?s=96&r=g","caption":"N.S Carideal"},"description":"Depuis tout petit fan d'automobile. Il est question d'essayer et de comparer toutes ces voitures qui nous ont fait r\u00e9ver, avant que celles-ci ne devient uniquement des voitures de collection.","sameAs":["http:\/\/www.carideal.com\/blog","https:\/\/www.facebook.com\/Carideal.mandataire.automobile\/","https:\/\/www.linkedin.com\/in\/nschiavon\/","https:\/\/www.youtube.com\/user\/caridealsas\/"],"url":"https:\/\/www.carideal.com\/blog\/author\/admin_carideal\/"}]}},"uagb_featured_image_src":{"full":false,"thumbnail":false,"medium":false,"medium_large":false,"large":false,"1536x1536":false,"2048x2048":false,"wppr-widget":false},"uagb_author_info":{"display_name":"N.S Carideal","author_link":"https:\/\/www.carideal.com\/blog\/author\/admin_carideal\/"},"uagb_comment_info":0,"uagb_excerpt":"Les mod\u00e8les 2006 sont tous \u00e0 11000 \u20ac et les 2007 \u00e0 12900 \u20ac Nous avons un arrivage de Ford Tourneo Connect 5 places \u00e0 prix massacr\u00e9\u00a0! FORD TOURNEO CONNECT KOMBI 1.8 TDCI 210S 5PLZS 2EE CC RE RCD DA ABS AA 4ABG FN YES 4 WHITE 63159 55 1753 07\/06\/2006 FORD TOURNEO CONNECT KOMBI\u2026","_links":{"self":[{"href":"https:\/\/www.carideal.com\/blog\/wp-json\/wp\/v2\/posts\/1860"}],"collection":[{"href":"https:\/\/www.carideal.com\/blog\/wp-json\/wp\/v2\/posts"}],"about":[{"href":"https:\/\/www.carideal.com\/blog\/wp-json\/wp\/v2\/types\/post"}],"author":[{"embeddable":true,"href":"https:\/\/www.carideal.com\/blog\/wp-json\/wp\/v2\/users\/1"}],"replies":[{"embeddable":true,"href":"https:\/\/www.carideal.com\/blog\/wp-json\/wp\/v2\/comments?post=1860"}],"version-history":[{"count":0,"href":"https:\/\/www.carideal.com\/blog\/wp-json\/wp\/v2\/posts\/1860\/revisions"}],"wp:attachment":[{"href":"https:\/\/www.carideal.com\/blog\/wp-json\/wp\/v2\/media?parent=1860"}],"wp:term":[{"taxonomy":"category","embeddable":true,"href":"https:\/\/www.carideal.com\/blog\/wp-json\/wp\/v2\/categories?post=1860"},{"taxonomy":"post_tag","embeddable":true,"href":"https:\/\/www.carideal.com\/blog\/wp-json\/wp\/v2\/tags?post=1860"}],"curies":[{"name":"wp","href":"https:\/\/api.w.org\/{rel}","templated":true}]}}