{"id":185,"date":"2011-01-17T17:51:00","date_gmt":"2011-01-17T17:51:00","guid":{"rendered":"http:\/\/carideal.com\/blog\/?p=185"},"modified":"2016-04-14T11:20:02","modified_gmt":"2016-04-14T09:20:02","slug":"bollore-pose-la-premiere-pierre-de-son-usine-bretonne-de-batterie","status":"publish","type":"post","link":"https:\/\/www.carideal.com\/blog\/2011\/01\/17\/bollore-pose-la-premiere-pierre-de-son-usine-bretonne-de-batterie\/","title":{"rendered":"Bollore construit son usine de batterie"},"content":{"rendered":"<h1><strong>Bollore pose la premi\u00e8re pierre de son usine bretonne de batterie<\/strong><\/h1>\n<p>Le ministre de l'industrie Eric Besson a symboliquement pos\u00e9 la premi\u00e8re pierre de sa nouvelle usine bretonne, en pr\u00e9sence de Vincent Bollor\u00e9.<br \/>\nLe site, bas\u00e9 \u00e0 Ergu\u00e9-Gab\u00e9ric (29), produira 20 000 batteries lithium m\u00e9tal polym\u00e8re par an, qui \u00e9quiperont la Bluecar, mod\u00e8le qui vient d'\u00eatre retenu pour Autolib, mais aussi les bus \u00e9lectriques fabriqu\u00e9 par Bollor\u00e9.<br \/>\nL'usine devra entrer en production pendant l'\u00e9t\u00e9 2012 et aura une capacit\u00e9 de production de 20 000 unit\u00e9s par an. 300 emplois y seront cr\u00e9\u00e9s.<br \/>\nBollor\u00e9 investit 250 millions d'euros dans cette usine.<\/p>\n<p>La batterie \u00e9lectrique LMP (lithium-m\u00e9tal-polym\u00e8res), est rechargeable en quatre heures seulement et qui a l'avantage de beaucoup moins chauffer qu'une batterie lithium-ion classique. Elle mesure 1,5 m sur 0,8 m pour un poids de 300 kilos et d\u00e9livre une puissance de 30 kw\/h autorisant, selon le constructeur, une autonomie de 250 km.<\/p>\n<p>\/ Bollor\u00e9 Bluecar \u00e9quipera Autolib<br \/>\n\/ Voiture \u00e9lectriques fran\u00e7aise<\/p>\n","protected":false},"excerpt":{"rendered":"<p>Bollore pose la premi\u00e8re pierre de son usine bretonne de batterie Le ministre de l&rsquo;industrie Eric Besson a symboliquement pos\u00e9 la premi\u00e8re pierre de sa nouvelle usine bretonne, en pr\u00e9sence de Vincent Bollor\u00e9. Le site, bas\u00e9 \u00e0 Ergu\u00e9-Gab\u00e9ric (29), produira 20 000 batteries lithium m\u00e9tal polym\u00e8re par an, qui \u00e9quiperont la Bluecar, mod\u00e8le qui vient &#8230; <a title=\"Bollore construit son usine de batterie\" class=\"read-more\" href=\"https:\/\/www.carideal.com\/blog\/2011\/01\/17\/bollore-pose-la-premiere-pierre-de-son-usine-bretonne-de-batterie\/\" aria-label=\"En savoir plus sur Bollore construit son usine de batterie\">Lire plus<\/a><\/p>\n","protected":false},"author":1,"featured_media":0,"comment_status":"open","ping_status":"open","sticky":false,"template":"","format":"standard","meta":{"_uag_custom_page_level_css":"","_themeisle_gutenberg_block_has_review":false,"footnotes":""},"categories":[6],"tags":[440],"class_list":["post-185","post","type-post","status-publish","format-standard","hentry","category-ecologie","tag-bluecar"],"wppr_data":[],"yoast_head":"<!-- This site is optimized with the Yoast SEO plugin v24.8.1 - https:\/\/yoast.com\/wordpress\/plugins\/seo\/ -->\n<title>Bollore construit son usine de batterie - Blog auto Carid\u00e9al<\/title>\n<meta name=\"robots\" content=\"index, follow, max-snippet:-1, max-image-preview:large, max-video-preview:-1\" \/>\n<link rel=\"canonical\" href=\"https:\/\/www.carideal.com\/blog\/2011\/01\/17\/bollore-pose-la-premiere-pierre-de-son-usine-bretonne-de-batterie\/\" \/>\n<meta property=\"og:locale\" content=\"fr_FR\" \/>\n<meta property=\"og:type\" content=\"article\" \/>\n<meta property=\"og:title\" content=\"Bollore construit son usine de batterie - Blog auto Carid\u00e9al\" \/>\n<meta property=\"og:description\" content=\"Bollore pose la premi\u00e8re pierre de son usine bretonne de batterie Le ministre de l&#039;industrie Eric Besson a symboliquement pos\u00e9 la premi\u00e8re pierre de sa nouvelle usine bretonne, en pr\u00e9sence de Vincent Bollor\u00e9. Le site, bas\u00e9 \u00e0 Ergu\u00e9-Gab\u00e9ric (29), produira 20 000 batteries lithium m\u00e9tal polym\u00e8re par an, qui \u00e9quiperont la Bluecar, mod\u00e8le qui vient ... Lire plus\" \/>\n<meta property=\"og:url\" content=\"https:\/\/www.carideal.com\/blog\/2011\/01\/17\/bollore-pose-la-premiere-pierre-de-son-usine-bretonne-de-batterie\/\" \/>\n<meta property=\"og:site_name\" content=\"Blog auto Carid\u00e9al\" \/>\n<meta property=\"article:publisher\" content=\"https:\/\/www.facebook.com\/Carideal.mandataire.automobile\" \/>\n<meta property=\"article:author\" content=\"https:\/\/www.facebook.com\/Carideal.mandataire.automobile\/\" \/>\n<meta property=\"article:published_time\" content=\"2011-01-17T17:51:00+00:00\" \/>\n<meta property=\"article:modified_time\" content=\"2016-04-14T09:20:02+00:00\" \/>\n<meta property=\"og:image\" content=\"https:\/\/www.carideal.com\/blog\/wp-content\/uploads\/2016\/03\/logo-carideal-mandataire-automobile.png\" \/>\n\t<meta property=\"og:image:width\" content=\"300\" \/>\n\t<meta property=\"og:image:height\" content=\"300\" \/>\n\t<meta property=\"og:image:type\" content=\"image\/png\" \/>\n<meta name=\"author\" content=\"N.S Carideal\" \/>\n<meta name=\"twitter:card\" content=\"summary_large_image\" \/>\n<meta name=\"twitter:creator\" content=\"@caridealauto\" \/>\n<meta name=\"twitter:site\" content=\"@caridealauto\" \/>\n<meta name=\"twitter:label1\" content=\"\u00c9crit par\" \/>\n\t<meta name=\"twitter:data1\" content=\"N.S Carideal\" \/>\n\t<meta name=\"twitter:label2\" content=\"Dur\u00e9e de lecture estim\u00e9e\" \/>\n\t<meta name=\"twitter:data2\" content=\"1 minute\" \/>\n<script type=\"application\/ld+json\" class=\"yoast-schema-graph\">{\"@context\":\"https:\/\/schema.org\",\"@graph\":[{\"@type\":\"Article\",\"@id\":\"https:\/\/www.carideal.com\/blog\/2011\/01\/17\/bollore-pose-la-premiere-pierre-de-son-usine-bretonne-de-batterie\/#article\",\"isPartOf\":{\"@id\":\"https:\/\/www.carideal.com\/blog\/2011\/01\/17\/bollore-pose-la-premiere-pierre-de-son-usine-bretonne-de-batterie\/\"},\"author\":{\"name\":\"N.S Carideal\",\"@id\":\"https:\/\/www.carideal.com\/blog\/#\/schema\/person\/985c7e757d1042d647f21bfaf8d41ebc\"},\"headline\":\"Bollore construit son usine de batterie\",\"datePublished\":\"2011-01-17T17:51:00+00:00\",\"dateModified\":\"2016-04-14T09:20:02+00:00\",\"mainEntityOfPage\":{\"@id\":\"https:\/\/www.carideal.com\/blog\/2011\/01\/17\/bollore-pose-la-premiere-pierre-de-son-usine-bretonne-de-batterie\/\"},\"wordCount\":168,\"commentCount\":0,\"publisher\":{\"@id\":\"https:\/\/www.carideal.com\/blog\/#organization\"},\"keywords\":[\"Bluecar\"],\"articleSection\":[\"Ecologie\"],\"inLanguage\":\"fr-FR\",\"potentialAction\":[{\"@type\":\"CommentAction\",\"name\":\"Comment\",\"target\":[\"https:\/\/www.carideal.com\/blog\/2011\/01\/17\/bollore-pose-la-premiere-pierre-de-son-usine-bretonne-de-batterie\/#respond\"]}]},{\"@type\":\"WebPage\",\"@id\":\"https:\/\/www.carideal.com\/blog\/2011\/01\/17\/bollore-pose-la-premiere-pierre-de-son-usine-bretonne-de-batterie\/\",\"url\":\"https:\/\/www.carideal.com\/blog\/2011\/01\/17\/bollore-pose-la-premiere-pierre-de-son-usine-bretonne-de-batterie\/\",\"name\":\"Bollore construit son usine de batterie - Blog auto Carid\u00e9al\",\"isPartOf\":{\"@id\":\"https:\/\/www.carideal.com\/blog\/#website\"},\"datePublished\":\"2011-01-17T17:51:00+00:00\",\"dateModified\":\"2016-04-14T09:20:02+00:00\",\"breadcrumb\":{\"@id\":\"https:\/\/www.carideal.com\/blog\/2011\/01\/17\/bollore-pose-la-premiere-pierre-de-son-usine-bretonne-de-batterie\/#breadcrumb\"},\"inLanguage\":\"fr-FR\",\"potentialAction\":[{\"@type\":\"ReadAction\",\"target\":[\"https:\/\/www.carideal.com\/blog\/2011\/01\/17\/bollore-pose-la-premiere-pierre-de-son-usine-bretonne-de-batterie\/\"]}]},{\"@type\":\"BreadcrumbList\",\"@id\":\"https:\/\/www.carideal.com\/blog\/2011\/01\/17\/bollore-pose-la-premiere-pierre-de-son-usine-bretonne-de-batterie\/#breadcrumb\",\"itemListElement\":[{\"@type\":\"ListItem\",\"position\":1,\"name\":\"Blog Carid\u00e9al\",\"item\":\"https:\/\/www.carideal.com\/blog\/\"},{\"@type\":\"ListItem\",\"position\":2,\"name\":\"Ecologie\",\"item\":\"https:\/\/www.carideal.com\/blog\/ecologie\/\"},{\"@type\":\"ListItem\",\"position\":3,\"name\":\"Bollore construit son usine de batterie\"}]},{\"@type\":\"WebSite\",\"@id\":\"https:\/\/www.carideal.com\/blog\/#website\",\"url\":\"https:\/\/www.carideal.com\/blog\/\",\"name\":\"Blog auto Carid\u00e9al\",\"description\":\"Actualit\u00e9 auto par des passionn\u00e9s\",\"publisher\":{\"@id\":\"https:\/\/www.carideal.com\/blog\/#organization\"},\"potentialAction\":[{\"@type\":\"SearchAction\",\"target\":{\"@type\":\"EntryPoint\",\"urlTemplate\":\"https:\/\/www.carideal.com\/blog\/?s={search_term_string}\"},\"query-input\":{\"@type\":\"PropertyValueSpecification\",\"valueRequired\":true,\"valueName\":\"search_term_string\"}}],\"inLanguage\":\"fr-FR\"},{\"@type\":\"Organization\",\"@id\":\"https:\/\/www.carideal.com\/blog\/#organization\",\"name\":\"Carideal\",\"url\":\"https:\/\/www.carideal.com\/blog\/\",\"logo\":{\"@type\":\"ImageObject\",\"inLanguage\":\"fr-FR\",\"@id\":\"https:\/\/www.carideal.com\/blog\/#\/schema\/logo\/image\/\",\"url\":\"http:\/\/www.carideal.com\/blog\/wp-content\/uploads\/2016\/03\/logo-carideal-mandataire-automobile.png\",\"contentUrl\":\"http:\/\/www.carideal.com\/blog\/wp-content\/uploads\/2016\/03\/logo-carideal-mandataire-automobile.png\",\"width\":300,\"height\":300,\"caption\":\"Carideal\"},\"image\":{\"@id\":\"https:\/\/www.carideal.com\/blog\/#\/schema\/logo\/image\/\"},\"sameAs\":[\"https:\/\/www.facebook.com\/Carideal.mandataire.automobile\",\"https:\/\/x.com\/caridealauto\",\"https:\/\/www.instagram.com\/carideal1\/\",\"https:\/\/www.linkedin.com\/company\/carideal.com\",\"https:\/\/fr.pinterest.com\/schiavonsas\/\",\"https:\/\/www.youtube.com\/user\/caridealsas\"]},{\"@type\":\"Person\",\"@id\":\"https:\/\/www.carideal.com\/blog\/#\/schema\/person\/985c7e757d1042d647f21bfaf8d41ebc\",\"name\":\"N.S Carideal\",\"image\":{\"@type\":\"ImageObject\",\"inLanguage\":\"fr-FR\",\"@id\":\"https:\/\/www.carideal.com\/blog\/#\/schema\/person\/image\/\",\"url\":\"https:\/\/secure.gravatar.com\/avatar\/edb7ccdf1a4e3d14aef967760d354d0e?s=96&r=g\",\"contentUrl\":\"https:\/\/secure.gravatar.com\/avatar\/edb7ccdf1a4e3d14aef967760d354d0e?s=96&r=g\",\"caption\":\"N.S Carideal\"},\"description\":\"Depuis tout petit fan d'automobile. Il est question d'essayer et de comparer toutes ces voitures qui nous ont fait r\u00e9ver, avant que celles-ci ne devient uniquement des voitures de collection.\",\"sameAs\":[\"http:\/\/www.carideal.com\/blog\",\"https:\/\/www.facebook.com\/Carideal.mandataire.automobile\/\",\"https:\/\/www.linkedin.com\/in\/nschiavon\/\",\"https:\/\/www.youtube.com\/user\/caridealsas\/\"],\"url\":\"https:\/\/www.carideal.com\/blog\/author\/admin_carideal\/\"}]}<\/script>\n<!-- \/ Yoast SEO plugin. -->","yoast_head_json":{"title":"Bollore construit son usine de batterie - Blog auto Carid\u00e9al","robots":{"index":"index","follow":"follow","max-snippet":"max-snippet:-1","max-image-preview":"max-image-preview:large","max-video-preview":"max-video-preview:-1"},"canonical":"https:\/\/www.carideal.com\/blog\/2011\/01\/17\/bollore-pose-la-premiere-pierre-de-son-usine-bretonne-de-batterie\/","og_locale":"fr_FR","og_type":"article","og_title":"Bollore construit son usine de batterie - Blog auto Carid\u00e9al","og_description":"Bollore pose la premi\u00e8re pierre de son usine bretonne de batterie Le ministre de l'industrie Eric Besson a symboliquement pos\u00e9 la premi\u00e8re pierre de sa nouvelle usine bretonne, en pr\u00e9sence de Vincent Bollor\u00e9. Le site, bas\u00e9 \u00e0 Ergu\u00e9-Gab\u00e9ric (29), produira 20 000 batteries lithium m\u00e9tal polym\u00e8re par an, qui \u00e9quiperont la Bluecar, mod\u00e8le qui vient ... Lire plus","og_url":"https:\/\/www.carideal.com\/blog\/2011\/01\/17\/bollore-pose-la-premiere-pierre-de-son-usine-bretonne-de-batterie\/","og_site_name":"Blog auto Carid\u00e9al","article_publisher":"https:\/\/www.facebook.com\/Carideal.mandataire.automobile","article_author":"https:\/\/www.facebook.com\/Carideal.mandataire.automobile\/","article_published_time":"2011-01-17T17:51:00+00:00","article_modified_time":"2016-04-14T09:20:02+00:00","og_image":[{"width":300,"height":300,"url":"https:\/\/www.carideal.com\/blog\/wp-content\/uploads\/2016\/03\/logo-carideal-mandataire-automobile.png","type":"image\/png"}],"author":"N.S Carideal","twitter_card":"summary_large_image","twitter_creator":"@caridealauto","twitter_site":"@caridealauto","twitter_misc":{"\u00c9crit par":"N.S Carideal","Dur\u00e9e de lecture estim\u00e9e":"1 minute"},"schema":{"@context":"https:\/\/schema.org","@graph":[{"@type":"Article","@id":"https:\/\/www.carideal.com\/blog\/2011\/01\/17\/bollore-pose-la-premiere-pierre-de-son-usine-bretonne-de-batterie\/#article","isPartOf":{"@id":"https:\/\/www.carideal.com\/blog\/2011\/01\/17\/bollore-pose-la-premiere-pierre-de-son-usine-bretonne-de-batterie\/"},"author":{"name":"N.S Carideal","@id":"https:\/\/www.carideal.com\/blog\/#\/schema\/person\/985c7e757d1042d647f21bfaf8d41ebc"},"headline":"Bollore construit son usine de batterie","datePublished":"2011-01-17T17:51:00+00:00","dateModified":"2016-04-14T09:20:02+00:00","mainEntityOfPage":{"@id":"https:\/\/www.carideal.com\/blog\/2011\/01\/17\/bollore-pose-la-premiere-pierre-de-son-usine-bretonne-de-batterie\/"},"wordCount":168,"commentCount":0,"publisher":{"@id":"https:\/\/www.carideal.com\/blog\/#organization"},"keywords":["Bluecar"],"articleSection":["Ecologie"],"inLanguage":"fr-FR","potentialAction":[{"@type":"CommentAction","name":"Comment","target":["https:\/\/www.carideal.com\/blog\/2011\/01\/17\/bollore-pose-la-premiere-pierre-de-son-usine-bretonne-de-batterie\/#respond"]}]},{"@type":"WebPage","@id":"https:\/\/www.carideal.com\/blog\/2011\/01\/17\/bollore-pose-la-premiere-pierre-de-son-usine-bretonne-de-batterie\/","url":"https:\/\/www.carideal.com\/blog\/2011\/01\/17\/bollore-pose-la-premiere-pierre-de-son-usine-bretonne-de-batterie\/","name":"Bollore construit son usine de batterie - Blog auto Carid\u00e9al","isPartOf":{"@id":"https:\/\/www.carideal.com\/blog\/#website"},"datePublished":"2011-01-17T17:51:00+00:00","dateModified":"2016-04-14T09:20:02+00:00","breadcrumb":{"@id":"https:\/\/www.carideal.com\/blog\/2011\/01\/17\/bollore-pose-la-premiere-pierre-de-son-usine-bretonne-de-batterie\/#breadcrumb"},"inLanguage":"fr-FR","potentialAction":[{"@type":"ReadAction","target":["https:\/\/www.carideal.com\/blog\/2011\/01\/17\/bollore-pose-la-premiere-pierre-de-son-usine-bretonne-de-batterie\/"]}]},{"@type":"BreadcrumbList","@id":"https:\/\/www.carideal.com\/blog\/2011\/01\/17\/bollore-pose-la-premiere-pierre-de-son-usine-bretonne-de-batterie\/#breadcrumb","itemListElement":[{"@type":"ListItem","position":1,"name":"Blog Carid\u00e9al","item":"https:\/\/www.carideal.com\/blog\/"},{"@type":"ListItem","position":2,"name":"Ecologie","item":"https:\/\/www.carideal.com\/blog\/ecologie\/"},{"@type":"ListItem","position":3,"name":"Bollore construit son usine de batterie"}]},{"@type":"WebSite","@id":"https:\/\/www.carideal.com\/blog\/#website","url":"https:\/\/www.carideal.com\/blog\/","name":"Blog auto Carid\u00e9al","description":"Actualit\u00e9 auto par des passionn\u00e9s","publisher":{"@id":"https:\/\/www.carideal.com\/blog\/#organization"},"potentialAction":[{"@type":"SearchAction","target":{"@type":"EntryPoint","urlTemplate":"https:\/\/www.carideal.com\/blog\/?s={search_term_string}"},"query-input":{"@type":"PropertyValueSpecification","valueRequired":true,"valueName":"search_term_string"}}],"inLanguage":"fr-FR"},{"@type":"Organization","@id":"https:\/\/www.carideal.com\/blog\/#organization","name":"Carideal","url":"https:\/\/www.carideal.com\/blog\/","logo":{"@type":"ImageObject","inLanguage":"fr-FR","@id":"https:\/\/www.carideal.com\/blog\/#\/schema\/logo\/image\/","url":"http:\/\/www.carideal.com\/blog\/wp-content\/uploads\/2016\/03\/logo-carideal-mandataire-automobile.png","contentUrl":"http:\/\/www.carideal.com\/blog\/wp-content\/uploads\/2016\/03\/logo-carideal-mandataire-automobile.png","width":300,"height":300,"caption":"Carideal"},"image":{"@id":"https:\/\/www.carideal.com\/blog\/#\/schema\/logo\/image\/"},"sameAs":["https:\/\/www.facebook.com\/Carideal.mandataire.automobile","https:\/\/x.com\/caridealauto","https:\/\/www.instagram.com\/carideal1\/","https:\/\/www.linkedin.com\/company\/carideal.com","https:\/\/fr.pinterest.com\/schiavonsas\/","https:\/\/www.youtube.com\/user\/caridealsas"]},{"@type":"Person","@id":"https:\/\/www.carideal.com\/blog\/#\/schema\/person\/985c7e757d1042d647f21bfaf8d41ebc","name":"N.S Carideal","image":{"@type":"ImageObject","inLanguage":"fr-FR","@id":"https:\/\/www.carideal.com\/blog\/#\/schema\/person\/image\/","url":"https:\/\/secure.gravatar.com\/avatar\/edb7ccdf1a4e3d14aef967760d354d0e?s=96&r=g","contentUrl":"https:\/\/secure.gravatar.com\/avatar\/edb7ccdf1a4e3d14aef967760d354d0e?s=96&r=g","caption":"N.S Carideal"},"description":"Depuis tout petit fan d'automobile. Il est question d'essayer et de comparer toutes ces voitures qui nous ont fait r\u00e9ver, avant que celles-ci ne devient uniquement des voitures de collection.","sameAs":["http:\/\/www.carideal.com\/blog","https:\/\/www.facebook.com\/Carideal.mandataire.automobile\/","https:\/\/www.linkedin.com\/in\/nschiavon\/","https:\/\/www.youtube.com\/user\/caridealsas\/"],"url":"https:\/\/www.carideal.com\/blog\/author\/admin_carideal\/"}]}},"uagb_featured_image_src":{"full":false,"thumbnail":false,"medium":false,"medium_large":false,"large":false,"1536x1536":false,"2048x2048":false,"wppr-widget":false},"uagb_author_info":{"display_name":"N.S Carideal","author_link":"https:\/\/www.carideal.com\/blog\/author\/admin_carideal\/"},"uagb_comment_info":0,"uagb_excerpt":"Bollore pose la premi\u00e8re pierre de son usine bretonne de batterie Le ministre de l'industrie Eric Besson a symboliquement pos\u00e9 la premi\u00e8re pierre de sa nouvelle usine bretonne, en pr\u00e9sence de Vincent Bollor\u00e9. Le site, bas\u00e9 \u00e0 Ergu\u00e9-Gab\u00e9ric (29), produira 20 000 batteries lithium m\u00e9tal polym\u00e8re par an, qui \u00e9quiperont la Bluecar, mod\u00e8le qui vient\u2026","_links":{"self":[{"href":"https:\/\/www.carideal.com\/blog\/wp-json\/wp\/v2\/posts\/185"}],"collection":[{"href":"https:\/\/www.carideal.com\/blog\/wp-json\/wp\/v2\/posts"}],"about":[{"href":"https:\/\/www.carideal.com\/blog\/wp-json\/wp\/v2\/types\/post"}],"author":[{"embeddable":true,"href":"https:\/\/www.carideal.com\/blog\/wp-json\/wp\/v2\/users\/1"}],"replies":[{"embeddable":true,"href":"https:\/\/www.carideal.com\/blog\/wp-json\/wp\/v2\/comments?post=185"}],"version-history":[{"count":0,"href":"https:\/\/www.carideal.com\/blog\/wp-json\/wp\/v2\/posts\/185\/revisions"}],"wp:attachment":[{"href":"https:\/\/www.carideal.com\/blog\/wp-json\/wp\/v2\/media?parent=185"}],"wp:term":[{"taxonomy":"category","embeddable":true,"href":"https:\/\/www.carideal.com\/blog\/wp-json\/wp\/v2\/categories?post=185"},{"taxonomy":"post_tag","embeddable":true,"href":"https:\/\/www.carideal.com\/blog\/wp-json\/wp\/v2\/tags?post=185"}],"curies":[{"name":"wp","href":"https:\/\/api.w.org\/{rel}","templated":true}]}}