{"id":1825,"date":"2012-11-29T17:53:00","date_gmt":"2012-11-29T17:53:00","guid":{"rendered":"http:\/\/carideal.com\/blog\/?p=1825"},"modified":"2023-08-17T21:08:54","modified_gmt":"2023-08-17T19:08:54","slug":"brabus-bullit-800-en-video","status":"publish","type":"post","link":"https:\/\/www.carideal.com\/blog\/2012\/11\/29\/brabus-bullit-800-en-video\/","title":{"rendered":"Brabus Bullit 800 V12 6.3L en vid\u00e9o"},"content":{"rendered":"\n<h2 class=\"wp-block-heading\">Brabus Bullit 800 V12 6.3L en vid\u00e9o<\/h2>\n\n\n\n<blockquote class=\"wp-block-quote is-layout-flow wp-block-quote-is-layout-flow\">\n<p>Brabus Bullit<\/p>\n<\/blockquote>\n\n\n\n<p>Brabus Bullit 800 .... en vid\u00e9o, des chiffres .. 800 ch, V12, 6.3 L de cylindr\u00e9e, bi turbo<\/p>\n\n\n\n<h3 class=\"wp-block-heading\">Brabus, le ma\u00eetre de la transformation extravagante<\/h3>\n\n\n\n<p>On le sait bien, quand Brabus s'occupe d'une voiture, il ne fait pas les choses \u00e0 moiti\u00e9. Souvenez-vous de la <a href=\"http:\/\/www.carideal.com\/blog\/2011\/07\/21\/mercedes-classe-c-coupe-amg-c63\/\">Classe C Coup\u00e9<\/a> de <a href=\"http:\/\/www.carideal.com\/blog\/marque-de-voiture-actualites-essais\/mercedes\/\">Mercedes<\/a> : d\u00e9j\u00e0 impressionnante en version AMG, elle est devenue carr\u00e9ment intimidante une fois pass\u00e9e entre les mains de Brabus. Alors, qu'ont-ils r\u00e9serv\u00e9 pour ce concept car Opel ?<\/p>\n\n\n\n<h3 class=\"wp-block-heading\">Sous le capot, une puissance inimaginable<\/h3>\n\n\n<div class=\"wp-block-image\">\n<figure class=\"aligncenter size-full\"><a href=\"http:\/\/www.carideal.com\/blog\/wp-content\/uploads\/2023\/08\/brabus-mercedes-benz-c63-amg-bullit-800-carideal-mandataire-automobile_m.jpg\"><img loading=\"lazy\" decoding=\"async\" width=\"448\" height=\"252\" src=\"http:\/\/www.carideal.com\/blog\/wp-content\/uploads\/2023\/08\/brabus-mercedes-benz-c63-amg-bullit-800-carideal-mandataire-automobile_m.jpg\" alt=\"Brabus mercedes C63 AMG Bullit 800\" class=\"wp-image-26831\" srcset=\"https:\/\/www.carideal.com\/blog\/wp-content\/uploads\/2023\/08\/brabus-mercedes-benz-c63-amg-bullit-800-carideal-mandataire-automobile_m.jpg 448w, https:\/\/www.carideal.com\/blog\/wp-content\/uploads\/2023\/08\/brabus-mercedes-benz-c63-amg-bullit-800-carideal-mandataire-automobile_m-300x169.jpg 300w, https:\/\/www.carideal.com\/blog\/wp-content\/uploads\/2023\/08\/brabus-mercedes-benz-c63-amg-bullit-800-carideal-mandataire-automobile_m-50x28.jpg 50w, https:\/\/www.carideal.com\/blog\/wp-content\/uploads\/2023\/08\/brabus-mercedes-benz-c63-amg-bullit-800-carideal-mandataire-automobile_m-110x62.jpg 110w, https:\/\/www.carideal.com\/blog\/wp-content\/uploads\/2023\/08\/brabus-mercedes-benz-c63-amg-bullit-800-carideal-mandataire-automobile_m-420x236.jpg 420w\" sizes=\"(max-width: 448px) 100vw, 448px\" \/><\/a><figcaption class=\"wp-element-caption\">Brabus mercedes C63 AMG Bullit 800<\/figcaption><\/figure><\/div>\n\n\n<p>Attachez votre ceinture, car ce qui se cache sous le capot est \u00e9poustouflant. Le V8 AMG de 6.3L a \u00e9t\u00e9 remplac\u00e9 par un V12 biturbo de 6.3L \u00e9galement, dot\u00e9 de trois soupapes par cylindre. Avec 800 chevaux et 1.420 Nm de couple, les performances sont, sans surprise, exceptionnelles. Mais comment cela se traduit-il sur la route ?<\/p>\n\n\n\n<h3 class=\"wp-block-heading\">Des performances \u00e0 couper le souffle<\/h3>\n\n\n\n<p>Avec 3,7 secondes pour atteindre les 100 km\/h, 9,8 secondes pour passer la barre des 200 km\/h et 23,8 secondes pour franchir les 300 km\/h, ce concept car a de quoi vous donner des frissons. Et ce n'est pas tout : la vitesse maximale d\u00e9passe les 370 km\/h ! Mais comment est-ce possible ?<\/p>\n\n\n\n<ul class=\"wp-block-list\">\n<li><a href=\"http:\/\/www.carideal.com\/blog\/2023\/08\/10\/la-brabus-850-fusion-de-puissance-luxe-et-performance\/\">La Brabus 850 : Fusion de Puissance, Luxe et Performance<\/a><\/li>\n<\/ul>\n\n\n\n<h3 class=\"wp-block-heading\">Technologie et esth\u00e9tique au service de la performance<\/h3>\n\n\n\n<p>La r\u00e9ponse r\u00e9side dans les roues arri\u00e8re et une suspension adaptative \u00e0 hauteur r\u00e9glable, qui assurent une excellente tenue de route. Les freins ont \u00e9galement \u00e9t\u00e9 renforc\u00e9s pour garantir votre s\u00e9curit\u00e9. Et que dire du design, \u00e0 la fois discret et luxueux, avec des touches de fibre de carbone ?<\/p>\n\n\n\n<p><iframe loading=\"lazy\" src=\"http:\/\/www.youtube.com\/embed\/YqmV5SSMmzU\" width=\"640\" height=\"360\" frameborder=\"0\" allowfullscreen=\"allowfullscreen\"><\/iframe><\/p>\n\n\n\n<p>Brabus G63 AMG<\/p>\n\n\n\n<p><strong>La Brabus 850 : Fusion de Puissance, Luxe et Performance<\/strong><\/p>\n","protected":false},"excerpt":{"rendered":"<p>Brabus Bullit 800 V12 6.3L en vid\u00e9o Brabus Bullit Brabus Bullit 800 &#8230;. en vid\u00e9o, des chiffres .. 800 ch, V12, 6.3 L de cylindr\u00e9e, bi turbo Brabus, le ma\u00eetre de la transformation extravagante On le sait bien, quand Brabus s&rsquo;occupe d&rsquo;une voiture, il ne fait pas les choses \u00e0 moiti\u00e9. Souvenez-vous de la Classe &#8230; <a title=\"Brabus Bullit 800 V12 6.3L en vid\u00e9o\" class=\"read-more\" href=\"https:\/\/www.carideal.com\/blog\/2012\/11\/29\/brabus-bullit-800-en-video\/\" aria-label=\"En savoir plus sur Brabus Bullit 800 V12 6.3L en vid\u00e9o\">Lire plus<\/a><\/p>\n","protected":false},"author":1,"featured_media":26830,"comment_status":"open","ping_status":"open","sticky":false,"template":"","format":"standard","meta":{"_uag_custom_page_level_css":"","_themeisle_gutenberg_block_has_review":false,"footnotes":""},"categories":[18],"tags":[4685],"class_list":["post-1825","post","type-post","status-publish","format-standard","has-post-thumbnail","hentry","category-videos","tag-brabus"],"wppr_data":{"cwp_meta_box_check":"No"},"yoast_head":"<!-- This site is optimized with the Yoast SEO plugin v24.8.1 - https:\/\/yoast.com\/wordpress\/plugins\/seo\/ -->\n<title>Brabus Bullit 800 V12 6.3L en vid\u00e9o - Blog auto Carid\u00e9al<\/title>\n<meta name=\"description\" content=\"Brabus Bullit 800 .... en vid\u00e9o, des chiffres .. 800 ch, V12, 6.3 L de cylindr\u00e9e, bi turbo\" \/>\n<meta name=\"robots\" content=\"index, follow, max-snippet:-1, max-image-preview:large, max-video-preview:-1\" \/>\n<link rel=\"canonical\" href=\"https:\/\/www.carideal.com\/blog\/2012\/11\/29\/brabus-bullit-800-en-video\/\" \/>\n<meta property=\"og:locale\" content=\"fr_FR\" \/>\n<meta property=\"og:type\" content=\"article\" \/>\n<meta property=\"og:title\" content=\"Brabus Bullit 800 V12 6.3L en vid\u00e9o - Blog auto Carid\u00e9al\" \/>\n<meta property=\"og:description\" content=\"Brabus Bullit 800 .... en vid\u00e9o, des chiffres .. 800 ch, V12, 6.3 L de cylindr\u00e9e, bi turbo\" \/>\n<meta property=\"og:url\" content=\"https:\/\/www.carideal.com\/blog\/2012\/11\/29\/brabus-bullit-800-en-video\/\" \/>\n<meta property=\"og:site_name\" content=\"Blog auto Carid\u00e9al\" \/>\n<meta property=\"article:publisher\" content=\"https:\/\/www.facebook.com\/Carideal.mandataire.automobile\" \/>\n<meta property=\"article:author\" content=\"https:\/\/www.facebook.com\/Carideal.mandataire.automobile\/\" \/>\n<meta property=\"article:published_time\" content=\"2012-11-29T17:53:00+00:00\" \/>\n<meta property=\"article:modified_time\" content=\"2023-08-17T19:08:54+00:00\" \/>\n<meta property=\"og:image\" content=\"https:\/\/www.carideal.com\/blog\/wp-content\/uploads\/2012\/11\/brabus-bullit-coupe.jpg\" \/>\n\t<meta property=\"og:image:width\" content=\"1200\" \/>\n\t<meta property=\"og:image:height\" content=\"799\" \/>\n\t<meta property=\"og:image:type\" content=\"image\/jpeg\" \/>\n<meta name=\"author\" content=\"N.S Carideal\" \/>\n<meta name=\"twitter:card\" content=\"summary_large_image\" \/>\n<meta name=\"twitter:creator\" content=\"@caridealauto\" \/>\n<meta name=\"twitter:site\" content=\"@caridealauto\" \/>\n<meta name=\"twitter:label1\" content=\"\u00c9crit par\" \/>\n\t<meta name=\"twitter:data1\" content=\"N.S Carideal\" \/>\n\t<meta name=\"twitter:label2\" content=\"Dur\u00e9e de lecture estim\u00e9e\" \/>\n\t<meta name=\"twitter:data2\" content=\"2 minutes\" \/>\n<script type=\"application\/ld+json\" class=\"yoast-schema-graph\">{\"@context\":\"https:\/\/schema.org\",\"@graph\":[{\"@type\":\"Article\",\"@id\":\"https:\/\/www.carideal.com\/blog\/2012\/11\/29\/brabus-bullit-800-en-video\/#article\",\"isPartOf\":{\"@id\":\"https:\/\/www.carideal.com\/blog\/2012\/11\/29\/brabus-bullit-800-en-video\/\"},\"author\":{\"name\":\"N.S Carideal\",\"@id\":\"https:\/\/www.carideal.com\/blog\/#\/schema\/person\/985c7e757d1042d647f21bfaf8d41ebc\"},\"headline\":\"Brabus Bullit 800 V12 6.3L en vid\u00e9o\",\"datePublished\":\"2012-11-29T17:53:00+00:00\",\"dateModified\":\"2023-08-17T19:08:54+00:00\",\"mainEntityOfPage\":{\"@id\":\"https:\/\/www.carideal.com\/blog\/2012\/11\/29\/brabus-bullit-800-en-video\/\"},\"wordCount\":293,\"commentCount\":0,\"publisher\":{\"@id\":\"https:\/\/www.carideal.com\/blog\/#organization\"},\"image\":{\"@id\":\"https:\/\/www.carideal.com\/blog\/2012\/11\/29\/brabus-bullit-800-en-video\/#primaryimage\"},\"thumbnailUrl\":\"https:\/\/www.carideal.com\/blog\/wp-content\/uploads\/2012\/11\/brabus-bullit-coupe.jpg\",\"keywords\":[\"Brabus\"],\"articleSection\":[\"Vid\u00e9o voiture : vid\u00e9o automobile\"],\"inLanguage\":\"fr-FR\",\"potentialAction\":[{\"@type\":\"CommentAction\",\"name\":\"Comment\",\"target\":[\"https:\/\/www.carideal.com\/blog\/2012\/11\/29\/brabus-bullit-800-en-video\/#respond\"]}]},{\"@type\":\"WebPage\",\"@id\":\"https:\/\/www.carideal.com\/blog\/2012\/11\/29\/brabus-bullit-800-en-video\/\",\"url\":\"https:\/\/www.carideal.com\/blog\/2012\/11\/29\/brabus-bullit-800-en-video\/\",\"name\":\"Brabus Bullit 800 V12 6.3L en vid\u00e9o - Blog auto Carid\u00e9al\",\"isPartOf\":{\"@id\":\"https:\/\/www.carideal.com\/blog\/#website\"},\"primaryImageOfPage\":{\"@id\":\"https:\/\/www.carideal.com\/blog\/2012\/11\/29\/brabus-bullit-800-en-video\/#primaryimage\"},\"image\":{\"@id\":\"https:\/\/www.carideal.com\/blog\/2012\/11\/29\/brabus-bullit-800-en-video\/#primaryimage\"},\"thumbnailUrl\":\"https:\/\/www.carideal.com\/blog\/wp-content\/uploads\/2012\/11\/brabus-bullit-coupe.jpg\",\"datePublished\":\"2012-11-29T17:53:00+00:00\",\"dateModified\":\"2023-08-17T19:08:54+00:00\",\"description\":\"Brabus Bullit 800 .... en vid\u00e9o, des chiffres .. 800 ch, V12, 6.3 L de cylindr\u00e9e, bi turbo\",\"breadcrumb\":{\"@id\":\"https:\/\/www.carideal.com\/blog\/2012\/11\/29\/brabus-bullit-800-en-video\/#breadcrumb\"},\"inLanguage\":\"fr-FR\",\"potentialAction\":[{\"@type\":\"ReadAction\",\"target\":[\"https:\/\/www.carideal.com\/blog\/2012\/11\/29\/brabus-bullit-800-en-video\/\"]}]},{\"@type\":\"ImageObject\",\"inLanguage\":\"fr-FR\",\"@id\":\"https:\/\/www.carideal.com\/blog\/2012\/11\/29\/brabus-bullit-800-en-video\/#primaryimage\",\"url\":\"https:\/\/www.carideal.com\/blog\/wp-content\/uploads\/2012\/11\/brabus-bullit-coupe.jpg\",\"contentUrl\":\"https:\/\/www.carideal.com\/blog\/wp-content\/uploads\/2012\/11\/brabus-bullit-coupe.jpg\",\"width\":1200,\"height\":799,\"caption\":\"Brabus Bullit 800 V12 6.3L en vid\u00e9o\"},{\"@type\":\"BreadcrumbList\",\"@id\":\"https:\/\/www.carideal.com\/blog\/2012\/11\/29\/brabus-bullit-800-en-video\/#breadcrumb\",\"itemListElement\":[{\"@type\":\"ListItem\",\"position\":1,\"name\":\"Blog Carid\u00e9al\",\"item\":\"https:\/\/www.carideal.com\/blog\/\"},{\"@type\":\"ListItem\",\"position\":2,\"name\":\"Vid\u00e9o voiture : vid\u00e9o automobile\",\"item\":\"https:\/\/www.carideal.com\/blog\/videos\/\"},{\"@type\":\"ListItem\",\"position\":3,\"name\":\"Brabus Bullit 800 V12 6.3L en vid\u00e9o\"}]},{\"@type\":\"WebSite\",\"@id\":\"https:\/\/www.carideal.com\/blog\/#website\",\"url\":\"https:\/\/www.carideal.com\/blog\/\",\"name\":\"Blog auto Carid\u00e9al\",\"description\":\"Actualit\u00e9 auto par des passionn\u00e9s\",\"publisher\":{\"@id\":\"https:\/\/www.carideal.com\/blog\/#organization\"},\"potentialAction\":[{\"@type\":\"SearchAction\",\"target\":{\"@type\":\"EntryPoint\",\"urlTemplate\":\"https:\/\/www.carideal.com\/blog\/?s={search_term_string}\"},\"query-input\":{\"@type\":\"PropertyValueSpecification\",\"valueRequired\":true,\"valueName\":\"search_term_string\"}}],\"inLanguage\":\"fr-FR\"},{\"@type\":\"Organization\",\"@id\":\"https:\/\/www.carideal.com\/blog\/#organization\",\"name\":\"Carideal\",\"url\":\"https:\/\/www.carideal.com\/blog\/\",\"logo\":{\"@type\":\"ImageObject\",\"inLanguage\":\"fr-FR\",\"@id\":\"https:\/\/www.carideal.com\/blog\/#\/schema\/logo\/image\/\",\"url\":\"http:\/\/www.carideal.com\/blog\/wp-content\/uploads\/2016\/03\/logo-carideal-mandataire-automobile.png\",\"contentUrl\":\"http:\/\/www.carideal.com\/blog\/wp-content\/uploads\/2016\/03\/logo-carideal-mandataire-automobile.png\",\"width\":300,\"height\":300,\"caption\":\"Carideal\"},\"image\":{\"@id\":\"https:\/\/www.carideal.com\/blog\/#\/schema\/logo\/image\/\"},\"sameAs\":[\"https:\/\/www.facebook.com\/Carideal.mandataire.automobile\",\"https:\/\/x.com\/caridealauto\",\"https:\/\/www.instagram.com\/carideal1\/\",\"https:\/\/www.linkedin.com\/company\/carideal.com\",\"https:\/\/fr.pinterest.com\/schiavonsas\/\",\"https:\/\/www.youtube.com\/user\/caridealsas\"]},{\"@type\":\"Person\",\"@id\":\"https:\/\/www.carideal.com\/blog\/#\/schema\/person\/985c7e757d1042d647f21bfaf8d41ebc\",\"name\":\"N.S Carideal\",\"image\":{\"@type\":\"ImageObject\",\"inLanguage\":\"fr-FR\",\"@id\":\"https:\/\/www.carideal.com\/blog\/#\/schema\/person\/image\/\",\"url\":\"https:\/\/secure.gravatar.com\/avatar\/edb7ccdf1a4e3d14aef967760d354d0e?s=96&r=g\",\"contentUrl\":\"https:\/\/secure.gravatar.com\/avatar\/edb7ccdf1a4e3d14aef967760d354d0e?s=96&r=g\",\"caption\":\"N.S Carideal\"},\"description\":\"Depuis tout petit fan d'automobile. Il est question d'essayer et de comparer toutes ces voitures qui nous ont fait r\u00e9ver, avant que celles-ci ne devient uniquement des voitures de collection.\",\"sameAs\":[\"http:\/\/www.carideal.com\/blog\",\"https:\/\/www.facebook.com\/Carideal.mandataire.automobile\/\",\"https:\/\/www.linkedin.com\/in\/nschiavon\/\",\"https:\/\/www.youtube.com\/user\/caridealsas\/\"],\"url\":\"https:\/\/www.carideal.com\/blog\/author\/admin_carideal\/\"}]}<\/script>\n<!-- \/ Yoast SEO plugin. -->","yoast_head_json":{"title":"Brabus Bullit 800 V12 6.3L en vid\u00e9o - Blog auto Carid\u00e9al","description":"Brabus Bullit 800 .... en vid\u00e9o, des chiffres .. 800 ch, V12, 6.3 L de cylindr\u00e9e, bi turbo","robots":{"index":"index","follow":"follow","max-snippet":"max-snippet:-1","max-image-preview":"max-image-preview:large","max-video-preview":"max-video-preview:-1"},"canonical":"https:\/\/www.carideal.com\/blog\/2012\/11\/29\/brabus-bullit-800-en-video\/","og_locale":"fr_FR","og_type":"article","og_title":"Brabus Bullit 800 V12 6.3L en vid\u00e9o - Blog auto Carid\u00e9al","og_description":"Brabus Bullit 800 .... en vid\u00e9o, des chiffres .. 800 ch, V12, 6.3 L de cylindr\u00e9e, bi turbo","og_url":"https:\/\/www.carideal.com\/blog\/2012\/11\/29\/brabus-bullit-800-en-video\/","og_site_name":"Blog auto Carid\u00e9al","article_publisher":"https:\/\/www.facebook.com\/Carideal.mandataire.automobile","article_author":"https:\/\/www.facebook.com\/Carideal.mandataire.automobile\/","article_published_time":"2012-11-29T17:53:00+00:00","article_modified_time":"2023-08-17T19:08:54+00:00","og_image":[{"width":1200,"height":799,"url":"https:\/\/www.carideal.com\/blog\/wp-content\/uploads\/2012\/11\/brabus-bullit-coupe.jpg","type":"image\/jpeg"}],"author":"N.S Carideal","twitter_card":"summary_large_image","twitter_creator":"@caridealauto","twitter_site":"@caridealauto","twitter_misc":{"\u00c9crit par":"N.S Carideal","Dur\u00e9e de lecture estim\u00e9e":"2 minutes"},"schema":{"@context":"https:\/\/schema.org","@graph":[{"@type":"Article","@id":"https:\/\/www.carideal.com\/blog\/2012\/11\/29\/brabus-bullit-800-en-video\/#article","isPartOf":{"@id":"https:\/\/www.carideal.com\/blog\/2012\/11\/29\/brabus-bullit-800-en-video\/"},"author":{"name":"N.S Carideal","@id":"https:\/\/www.carideal.com\/blog\/#\/schema\/person\/985c7e757d1042d647f21bfaf8d41ebc"},"headline":"Brabus Bullit 800 V12 6.3L en vid\u00e9o","datePublished":"2012-11-29T17:53:00+00:00","dateModified":"2023-08-17T19:08:54+00:00","mainEntityOfPage":{"@id":"https:\/\/www.carideal.com\/blog\/2012\/11\/29\/brabus-bullit-800-en-video\/"},"wordCount":293,"commentCount":0,"publisher":{"@id":"https:\/\/www.carideal.com\/blog\/#organization"},"image":{"@id":"https:\/\/www.carideal.com\/blog\/2012\/11\/29\/brabus-bullit-800-en-video\/#primaryimage"},"thumbnailUrl":"https:\/\/www.carideal.com\/blog\/wp-content\/uploads\/2012\/11\/brabus-bullit-coupe.jpg","keywords":["Brabus"],"articleSection":["Vid\u00e9o voiture : vid\u00e9o automobile"],"inLanguage":"fr-FR","potentialAction":[{"@type":"CommentAction","name":"Comment","target":["https:\/\/www.carideal.com\/blog\/2012\/11\/29\/brabus-bullit-800-en-video\/#respond"]}]},{"@type":"WebPage","@id":"https:\/\/www.carideal.com\/blog\/2012\/11\/29\/brabus-bullit-800-en-video\/","url":"https:\/\/www.carideal.com\/blog\/2012\/11\/29\/brabus-bullit-800-en-video\/","name":"Brabus Bullit 800 V12 6.3L en vid\u00e9o - Blog auto Carid\u00e9al","isPartOf":{"@id":"https:\/\/www.carideal.com\/blog\/#website"},"primaryImageOfPage":{"@id":"https:\/\/www.carideal.com\/blog\/2012\/11\/29\/brabus-bullit-800-en-video\/#primaryimage"},"image":{"@id":"https:\/\/www.carideal.com\/blog\/2012\/11\/29\/brabus-bullit-800-en-video\/#primaryimage"},"thumbnailUrl":"https:\/\/www.carideal.com\/blog\/wp-content\/uploads\/2012\/11\/brabus-bullit-coupe.jpg","datePublished":"2012-11-29T17:53:00+00:00","dateModified":"2023-08-17T19:08:54+00:00","description":"Brabus Bullit 800 .... en vid\u00e9o, des chiffres .. 800 ch, V12, 6.3 L de cylindr\u00e9e, bi turbo","breadcrumb":{"@id":"https:\/\/www.carideal.com\/blog\/2012\/11\/29\/brabus-bullit-800-en-video\/#breadcrumb"},"inLanguage":"fr-FR","potentialAction":[{"@type":"ReadAction","target":["https:\/\/www.carideal.com\/blog\/2012\/11\/29\/brabus-bullit-800-en-video\/"]}]},{"@type":"ImageObject","inLanguage":"fr-FR","@id":"https:\/\/www.carideal.com\/blog\/2012\/11\/29\/brabus-bullit-800-en-video\/#primaryimage","url":"https:\/\/www.carideal.com\/blog\/wp-content\/uploads\/2012\/11\/brabus-bullit-coupe.jpg","contentUrl":"https:\/\/www.carideal.com\/blog\/wp-content\/uploads\/2012\/11\/brabus-bullit-coupe.jpg","width":1200,"height":799,"caption":"Brabus Bullit 800 V12 6.3L en vid\u00e9o"},{"@type":"BreadcrumbList","@id":"https:\/\/www.carideal.com\/blog\/2012\/11\/29\/brabus-bullit-800-en-video\/#breadcrumb","itemListElement":[{"@type":"ListItem","position":1,"name":"Blog Carid\u00e9al","item":"https:\/\/www.carideal.com\/blog\/"},{"@type":"ListItem","position":2,"name":"Vid\u00e9o voiture : vid\u00e9o automobile","item":"https:\/\/www.carideal.com\/blog\/videos\/"},{"@type":"ListItem","position":3,"name":"Brabus Bullit 800 V12 6.3L en vid\u00e9o"}]},{"@type":"WebSite","@id":"https:\/\/www.carideal.com\/blog\/#website","url":"https:\/\/www.carideal.com\/blog\/","name":"Blog auto Carid\u00e9al","description":"Actualit\u00e9 auto par des passionn\u00e9s","publisher":{"@id":"https:\/\/www.carideal.com\/blog\/#organization"},"potentialAction":[{"@type":"SearchAction","target":{"@type":"EntryPoint","urlTemplate":"https:\/\/www.carideal.com\/blog\/?s={search_term_string}"},"query-input":{"@type":"PropertyValueSpecification","valueRequired":true,"valueName":"search_term_string"}}],"inLanguage":"fr-FR"},{"@type":"Organization","@id":"https:\/\/www.carideal.com\/blog\/#organization","name":"Carideal","url":"https:\/\/www.carideal.com\/blog\/","logo":{"@type":"ImageObject","inLanguage":"fr-FR","@id":"https:\/\/www.carideal.com\/blog\/#\/schema\/logo\/image\/","url":"http:\/\/www.carideal.com\/blog\/wp-content\/uploads\/2016\/03\/logo-carideal-mandataire-automobile.png","contentUrl":"http:\/\/www.carideal.com\/blog\/wp-content\/uploads\/2016\/03\/logo-carideal-mandataire-automobile.png","width":300,"height":300,"caption":"Carideal"},"image":{"@id":"https:\/\/www.carideal.com\/blog\/#\/schema\/logo\/image\/"},"sameAs":["https:\/\/www.facebook.com\/Carideal.mandataire.automobile","https:\/\/x.com\/caridealauto","https:\/\/www.instagram.com\/carideal1\/","https:\/\/www.linkedin.com\/company\/carideal.com","https:\/\/fr.pinterest.com\/schiavonsas\/","https:\/\/www.youtube.com\/user\/caridealsas"]},{"@type":"Person","@id":"https:\/\/www.carideal.com\/blog\/#\/schema\/person\/985c7e757d1042d647f21bfaf8d41ebc","name":"N.S Carideal","image":{"@type":"ImageObject","inLanguage":"fr-FR","@id":"https:\/\/www.carideal.com\/blog\/#\/schema\/person\/image\/","url":"https:\/\/secure.gravatar.com\/avatar\/edb7ccdf1a4e3d14aef967760d354d0e?s=96&r=g","contentUrl":"https:\/\/secure.gravatar.com\/avatar\/edb7ccdf1a4e3d14aef967760d354d0e?s=96&r=g","caption":"N.S Carideal"},"description":"Depuis tout petit fan d'automobile. Il est question d'essayer et de comparer toutes ces voitures qui nous ont fait r\u00e9ver, avant que celles-ci ne devient uniquement des voitures de collection.","sameAs":["http:\/\/www.carideal.com\/blog","https:\/\/www.facebook.com\/Carideal.mandataire.automobile\/","https:\/\/www.linkedin.com\/in\/nschiavon\/","https:\/\/www.youtube.com\/user\/caridealsas\/"],"url":"https:\/\/www.carideal.com\/blog\/author\/admin_carideal\/"}]}},"uagb_featured_image_src":{"full":["https:\/\/www.carideal.com\/blog\/wp-content\/uploads\/2012\/11\/brabus-bullit-coupe.jpg",1200,799,false],"thumbnail":["https:\/\/www.carideal.com\/blog\/wp-content\/uploads\/2012\/11\/brabus-bullit-coupe-150x150.jpg",150,150,true],"medium":["https:\/\/www.carideal.com\/blog\/wp-content\/uploads\/2012\/11\/brabus-bullit-coupe-300x200.jpg",300,200,true],"medium_large":["https:\/\/www.carideal.com\/blog\/wp-content\/uploads\/2012\/11\/brabus-bullit-coupe-768x511.jpg",768,511,true],"large":["https:\/\/www.carideal.com\/blog\/wp-content\/uploads\/2012\/11\/brabus-bullit-coupe-1024x682.jpg",1024,682,true],"1536x1536":["https:\/\/www.carideal.com\/blog\/wp-content\/uploads\/2012\/11\/brabus-bullit-coupe.jpg",1200,799,false],"2048x2048":["https:\/\/www.carideal.com\/blog\/wp-content\/uploads\/2012\/11\/brabus-bullit-coupe.jpg",1200,799,false],"wppr-widget":["https:\/\/www.carideal.com\/blog\/wp-content\/uploads\/2012\/11\/brabus-bullit-coupe-50x33.jpg",50,33,true]},"uagb_author_info":{"display_name":"N.S Carideal","author_link":"https:\/\/www.carideal.com\/blog\/author\/admin_carideal\/"},"uagb_comment_info":0,"uagb_excerpt":"Brabus Bullit 800 V12 6.3L en vid\u00e9o Brabus Bullit Brabus Bullit 800 .... en vid\u00e9o, des chiffres .. 800 ch, V12, 6.3 L de cylindr\u00e9e, bi turbo Brabus, le ma\u00eetre de la transformation extravagante On le sait bien, quand Brabus s'occupe d'une voiture, il ne fait pas les choses \u00e0 moiti\u00e9. Souvenez-vous de la Classe\u2026","_links":{"self":[{"href":"https:\/\/www.carideal.com\/blog\/wp-json\/wp\/v2\/posts\/1825"}],"collection":[{"href":"https:\/\/www.carideal.com\/blog\/wp-json\/wp\/v2\/posts"}],"about":[{"href":"https:\/\/www.carideal.com\/blog\/wp-json\/wp\/v2\/types\/post"}],"author":[{"embeddable":true,"href":"https:\/\/www.carideal.com\/blog\/wp-json\/wp\/v2\/users\/1"}],"replies":[{"embeddable":true,"href":"https:\/\/www.carideal.com\/blog\/wp-json\/wp\/v2\/comments?post=1825"}],"version-history":[{"count":0,"href":"https:\/\/www.carideal.com\/blog\/wp-json\/wp\/v2\/posts\/1825\/revisions"}],"wp:featuredmedia":[{"embeddable":true,"href":"https:\/\/www.carideal.com\/blog\/wp-json\/wp\/v2\/media\/26830"}],"wp:attachment":[{"href":"https:\/\/www.carideal.com\/blog\/wp-json\/wp\/v2\/media?parent=1825"}],"wp:term":[{"taxonomy":"category","embeddable":true,"href":"https:\/\/www.carideal.com\/blog\/wp-json\/wp\/v2\/categories?post=1825"},{"taxonomy":"post_tag","embeddable":true,"href":"https:\/\/www.carideal.com\/blog\/wp-json\/wp\/v2\/tags?post=1825"}],"curies":[{"name":"wp","href":"https:\/\/api.w.org\/{rel}","templated":true}]}}