{"id":1824,"date":"2012-11-29T17:43:00","date_gmt":"2012-11-29T17:43:00","guid":{"rendered":"http:\/\/carideal.com\/blog\/?p=1824"},"modified":"2023-08-18T11:28:18","modified_gmt":"2023-08-18T09:28:18","slug":"brabus-met-620-ch-dans-un-mercedes-classe-g-63-amg-en-video","status":"publish","type":"post","link":"https:\/\/www.carideal.com\/blog\/2012\/11\/29\/brabus-met-620-ch-dans-un-mercedes-classe-g-63-amg-en-video\/","title":{"rendered":"Brabus Mercedes Classe G B63 &#8211; 620 ch"},"content":{"rendered":"\n<h1 class=\"wp-block-heading\"><strong>Brabus Mercedes Classe G B63 : 620 Ch dans un Mercedes Classe G 63 AMG en vid\u00e9o<\/strong><\/h1>\n\n\n<div class=\"wp-block-image\">\n<figure class=\"aligncenter size-full\"><a href=\"http:\/\/www.carideal.com\/blog\/wp-content\/uploads\/2012\/11\/mercedes-benz-g63-amg-brabus-b62-620-widestar-edition-carideal-mandataire-automobile_m.jpg\"><img loading=\"lazy\" decoding=\"async\" width=\"448\" height=\"298\" src=\"http:\/\/www.carideal.com\/blog\/wp-content\/uploads\/2012\/11\/mercedes-benz-g63-amg-brabus-b62-620-widestar-edition-carideal-mandataire-automobile_m.jpg\" alt=\"Brabus Mercedes Classe G B63 - 620 ch\" class=\"wp-image-26843\" title=\"mercedes-benz-g63-amg-brabus-b62-620-widestar-edition-carideal-mandataire-automobile.jpg, nov. 2012\" srcset=\"https:\/\/www.carideal.com\/blog\/wp-content\/uploads\/2012\/11\/mercedes-benz-g63-amg-brabus-b62-620-widestar-edition-carideal-mandataire-automobile_m.jpg 448w, https:\/\/www.carideal.com\/blog\/wp-content\/uploads\/2012\/11\/mercedes-benz-g63-amg-brabus-b62-620-widestar-edition-carideal-mandataire-automobile_m-300x200.jpg 300w, https:\/\/www.carideal.com\/blog\/wp-content\/uploads\/2012\/11\/mercedes-benz-g63-amg-brabus-b62-620-widestar-edition-carideal-mandataire-automobile_m-50x33.jpg 50w, https:\/\/www.carideal.com\/blog\/wp-content\/uploads\/2012\/11\/mercedes-benz-g63-amg-brabus-b62-620-widestar-edition-carideal-mandataire-automobile_m-110x73.jpg 110w, https:\/\/www.carideal.com\/blog\/wp-content\/uploads\/2012\/11\/mercedes-benz-g63-amg-brabus-b62-620-widestar-edition-carideal-mandataire-automobile_m-420x279.jpg 420w, https:\/\/www.carideal.com\/blog\/wp-content\/uploads\/2012\/11\/mercedes-benz-g63-amg-brabus-b62-620-widestar-edition-carideal-mandataire-automobile_m-272x182.jpg 272w\" sizes=\"(max-width: 448px) 100vw, 448px\" \/><\/a><figcaption class=\"wp-element-caption\">Brabus Mercedes Classe G B63 - 620 ch<\/figcaption><\/figure><\/div>\n\n\n<p>620 ch et 820 Nm de couple dans ce monstre&nbsp;!<\/p>\n\n\n\n<p>C'est sur qu'avec ce monstre Mercedes G63 AMG revisit\u00e9 par Brabus, capable de tirer le 0 \u00e0 100 km\/h en 5 sec on ne peut pas \u00eatre en retard \u00e0 l'\u00e9cole !<\/p>\n\n\n\n<h2 class=\"wp-block-heading\">Mercedes-Benz G63 AMG \/ Brabus B63-620 2013 Widestar : une fus\u00e9e<\/h2>\n\n\n\n<p>Il le dirait assembl\u00e9&nbsp;d'un jeu&nbsp;de Legos, ou sautant hors du jeu vid\u00e9o de Minecraft, le profil de la caisse&nbsp;du Mercedes Classe G&nbsp;est rest\u00e9 pratiquement inchang\u00e9 pendant les 30 derni\u00e8res ann\u00e9es. Bien que convoit\u00e9 un peu partout dans le monde, c'est un cheval de bataille en Allemagne, en Autriche et en Suisse, aim\u00e9 par les forces de l'ordre, le service forestier et les \u00e9quipes d'urgence. Mon dieu !! m\u00eame le pape monte dans un Mercedes Classe G ! Bref, c'est un transport fonctionnel et utilitaire qui d\u00e9fie l'\u00e9volution.<br>Sa nature sto\u00efque l'a rendu si populaire parce que le Mercedes Benz Classe G est \u00e0 la fois capable et fiable et, comme vous allez le voire juste apr\u00e8s, capable de se transformer en supercar.<\/p>\n\n\n\n<p>Longtemps favori d'AMG, les premiers SUV Classe G \u00e9taient motoris\u00e9s avec des V8 hautes performances, tandis que les mod\u00e8les plus r\u00e9cents \u00e9taient \u00e9quip\u00e9s de compresseurs et \u00e9ventuellement de deux turbocompresseurs. Quelques clients&nbsp;chanceux ont m\u00eame connu le G65 AMG avec son moteur V12 biturbo construit \u00e0 la main avec&nbsp;604 ch&nbsp;et un&nbsp;couple monstrueux de 1000 Nm.<\/p>\n\n\n\n<figure class=\"wp-block-image alignnone\"><a href=\"http:\/\/www.carideal.com\/blog\/wp-content\/uploads\/2012\/11\/Brabus-B63-620_Widestar-2013-10-e1484498350399.jpg\"><img loading=\"lazy\" decoding=\"async\" width=\"600\" height=\"450\" src=\"http:\/\/www.carideal.com\/blog\/wp-content\/uploads\/2012\/11\/Brabus-B63-620_Widestar-2013-10-e1484498350399.jpg\" alt=\"Brabus Mercedes Classe G B63 - 620 ch l\u00e0 cela devient interressant et monstrueux\" class=\"wp-image-14880\"\/><\/a><figcaption class=\"wp-element-caption\">Brabus Mercedes Classe G B63 - 620 ch l\u00e0 cela devient interressant et monstrueux<\/figcaption><\/figure>\n\n\n\n<p>Lanc\u00e9 l'ann\u00e9e derni\u00e8re pour c\u00e9l\u00e9brer le 45e anniversaire d'AMG, le G65 a \u00e9t\u00e9 incroyablement co\u00fbteux (environ 350 000 $) et les am\u00e9ricains n'en verront ps la couleurs car ils savent que les gars vont juste y monter des jantes de 30 pouces et les plaquer OR beurrrkkkk. Mais ne vous inqui\u00e9tez pas : Bodo et sa bande de&nbsp;sauvage chez&nbsp;Brabus ont trouv\u00e9&nbsp;une solution. \ud83d\ude42<\/p>\n\n\n\n<p>Comme la plupart des v\u00e9hicules Brabus, ils ont commenc\u00e9 avec un v\u00e9hicule de s\u00e9rie de haute qualit\u00e9, dans ce cas, le Mercedes G63 AMG, et doucement arrang\u00e9&nbsp;jusqu'\u00e0 ce que les choses deviennent int\u00e9ressantes. Ce n'est pas que le G63 a eu besoin de beaucoup d'aide ; Son V8 biturbo de 5,5 litres d\u00e9veloppe d\u00e9j\u00e0 544 ch et 760 Nm. En fait, Mercedes affirme que sa b\u00eate de 2552 kg&nbsp;atteint 100 km\/h en 5.3 sec, mais cela n'\u00e9tait tout simplement pas assez bon pour Brabus. \ud83d\ude09<\/p>\n\n\n\n<p>Dans son atelier de R&amp;D \u00e0 Bottrop, en Allemagne, les techniciens de Brabus ont d\u00e9velopp\u00e9 ce qu'ils appellent le module PowerXtra. La bo\u00eete noire est int\u00e9gr\u00e9e dans l'\u00e9lectronique du moteur, en modifiant les courbes de pression de Turbo, de carburant et de distribution. Contrairement \u00e0 la programmation logicielle typique, le boitier \u00e9lectronique d'origine&nbsp;du G63 reste intact afin que les mises \u00e0 niveau du logiciel&nbsp;d'usine ne d\u00e9truise pas le code de Brabus.<\/p>\n\n\n\n<figure class=\"wp-block-image alignnone\"><a href=\"http:\/\/www.carideal.com\/blog\/wp-content\/uploads\/2012\/11\/Brabus-B63-620_Widestar-2013-09-e1484498436760.jpg\"><img loading=\"lazy\" decoding=\"async\" width=\"600\" height=\"450\" src=\"http:\/\/www.carideal.com\/blog\/wp-content\/uploads\/2012\/11\/Brabus-B63-620_Widestar-2013-09-e1484498436760.jpg\" alt=\"Brabus Mercedes Classe G B63 - 620 ch\" class=\"wp-image-14879\"\/><\/a><figcaption class=\"wp-element-caption\">Brabus Mercedes Classe G B63 - 620 ch<\/figcaption><\/figure>\n\n\n\n<p>Avec les modifications des intercoolers, la conversion B63-620 produit 620&nbsp;ch annonc\u00e9s \u00e0 5 750 tr\/min&nbsp;et 820 Nm&nbsp;\u00e0 2000 tr\/min. Une fois install\u00e9, la brique volante r\u00e9ussit \u00e0 atteindre le 100 km\/h&nbsp;en 5.1 secondes, chose que j'aimerais bien essayer une fois pour me rendre compte.<br>L'habitacle ressemble au bureau&nbsp;de mon grand-p\u00e8re, mais sans fum\u00e9e de cigare. Il suffit d'appuyer sur la p\u00e9dale des gaz et on a eu l'impression que toute la caisse se trouve propuls\u00e9&nbsp;par un TGV.<\/p>\n\n\n\n<p>Le Brabus B63-620 est rapide: le genre de rapide qui fait tomber la moumoute du cr\u00e2ne des anciens !<br>Quand &nbsp;on appuie sur le&nbsp;bouton de d\u00e9marrage vous lib\u00e9rez le rugissement du Classe G&nbsp;B63 la soupape de by-pass est ouverte sur son \u00e9chappement en acier inoxydable. Pour moi, cela ressemblait \u00e0 un croisement entre un bateau \u00e0 moteur offshore et une fus\u00e9e Titan. Brabus devrait mettre en bouteille ce bruit et le vendre ! C'est Cool !<br>\u00abLe B63 a deux sons soit un son sport ou un bruit de moteur pour rentrer \u00e0 la maison\u00bb, a expliqu\u00e9 Peter. \u00abLe son sport est bon pour faire le con avec vos potes, tandis que l'autre est pour rester discret en retrant chez vous apr\u00e8s une soir\u00e9e. Il me fait un clin d'\u0153il et un coup de pouce. J'ai 50 ans avec quelque chose comme 17 enfants : Je ne sais pas ce qu'il veut dire ... \ud83d\ude09<\/p>\n\n\n\n<figure class=\"wp-block-image alignnone\"><a href=\"http:\/\/www.carideal.com\/blog\/wp-content\/uploads\/2012\/11\/Brabus-B63-620_Widestar-2013-07-e1484480992156.jpg\"><img loading=\"lazy\" decoding=\"async\" width=\"600\" height=\"450\" src=\"http:\/\/www.carideal.com\/blog\/wp-content\/uploads\/2012\/11\/Brabus-B63-620_Widestar-2013-07-e1484480992156.jpg\" alt=\"Brabus Mercedes Classe G B63 - 620 ch presque normal vu de derri\u00e8re\" class=\"wp-image-14878\"\/><\/a><figcaption class=\"wp-element-caption\">Brabus Mercedes Classe G B63 - 620 ch presque normal vu de derri\u00e8re<\/figcaption><\/figure>\n\n\n\n<p>Brabus a \u00e9galement \u00e9quip\u00e9 la voiture avec sa conversion Widestar. Il est compos\u00e9 de boucliers&nbsp;avant et arri\u00e8re, plus de gigantesque ailes qui s'\u00e9tendent 12 cm&nbsp;au-del\u00e0 de l'emplacement d'usine. Il y a aussi des panneaux de porte et cette voiture avait des marchepieds suppl\u00e9mentaires et un aileron de toit. L'avant&nbsp;\u00e9tait \u00e9quip\u00e9 d'\u00e9clairage LED qui clignotent lorsque la voiture est d\u00e9verrouill\u00e9 \u00e0 distance ou une poign\u00e9e de porte tir\u00e9e.<br>Contrairement \u00e0 de nombreux kits de rechange, le pack Widestar offre une qualit\u00e9&nbsp;d'ajustement et une finition \u00e0 la hauteur des offres d'usine. En v\u00e9rit\u00e9, seul un \u0153il entra\u00een\u00e9 pourrait dire qu'il y a eu des chagement sur cette voiture&nbsp;parce qu'il semble que ce Classe G Brabus est n\u00e9 de cette fa\u00e7on.<\/p>\n\n\n\n<figure class=\"wp-block-image alignnone\"><a href=\"http:\/\/www.carideal.com\/blog\/wp-content\/uploads\/2012\/11\/Brabus-B63-620_Widestar-2013-11.jpg\"><img loading=\"lazy\" decoding=\"async\" width=\"600\" height=\"450\" src=\"http:\/\/www.carideal.com\/blog\/wp-content\/uploads\/2012\/11\/Brabus-B63-620_Widestar-2013-11-e1484498915915.jpg\" alt=\"Brabus Mercedes Classe G B63 - 620 ch on a le droit de ne pas aimer les couleurs...\" class=\"wp-image-14881\"\/><\/a><figcaption class=\"wp-element-caption\">Brabus Mercedes Classe G B63 - 620 ch on a le droit de ne pas aimer les couleurs...<\/figcaption><\/figure>\n\n\n\n<p>Les ailes plus larges signifient que le grand Mercedes peut loger&nbsp;des roues plus grandes. Des roues beaucoup plus grandes. Dans ce cas, il a d'\u00e9normes jantes monobloc de 23 x 11 Platinum Edition Brabus F. Ces beaut\u00e9s forg\u00e9es sont mont\u00e9es avec des pneus Yokohama Advan en 305\/35 R23, mais, contrairement aux pneus de la voiture de s\u00e9rie, les Yokohama ont une carcasse renforc\u00e9e pour g\u00e9rer le poids substantiel du Brabus B63-620. les pneus de s\u00e9rie ne vivent pas tr\u00e8s longtemps sur&nbsp;un B63.<\/p>\n\n\n\n<p>In\u00e9vitablement, la suspension a \u00e9galement \u00e9t\u00e9 remani\u00e9e pour faire face \u00e0 la charge suppl\u00e9mentaire. Brabus l'appelle Ride Control et utilise des ressorts surdimensionn\u00e9s et des amortisseurs Bilstein contr\u00f4l\u00e9s \u00e9lectroniquement. Le module de commande a deux&nbsp;r\u00e9glages : Confort ou Sport. Le syst\u00e8me surveille activement les param\u00e8tres de charge et modifie les r\u00e9glages des amortisseurs \u00e0 la vol\u00e9e.<\/p>\n\n\n\n<figure class=\"wp-block-image alignnone\"><a href=\"http:\/\/www.carideal.com\/blog\/wp-content\/uploads\/2012\/11\/Brabus-B63-620_Widestar-2013-12-e1484499064451.jpg\"><img loading=\"lazy\" decoding=\"async\" width=\"600\" height=\"450\" src=\"http:\/\/www.carideal.com\/blog\/wp-content\/uploads\/2012\/11\/Brabus-B63-620_Widestar-2013-12-e1484499064451.jpg\" alt=\"Brabus Mercedes Classe G B63 - 620 ch on pourrait s'attendre \u00e0 plus de place non ?\" class=\"wp-image-14882\"\/><\/a><figcaption class=\"wp-element-caption\">Brabus Mercedes Classe G B63 - 620 ch on pourrait s'attendre \u00e0 plus de place non ?<\/figcaption><\/figure>\n\n\n\n<p>N\u00e9anmoins,&nbsp;transportant pr\u00e8s de trois tonnes, le Brabus Ride Control fait un travail fantastique, offrant une conduite&nbsp;incroyablement lisse tout en gardant le ch\u00e2ssis \u00e9quilibr\u00e9 dans les virages serr\u00e9s. M\u00eame si le Classe G Brabus B63-620 a plus que suffisamment de muscles pour relever les d\u00e9fis en tout terrain, ses trains roulants&nbsp;imposants et ses pneus profil\u00e9s tr\u00e8s bas le rendent mieux adapt\u00e9 \u00e0 la rue. Personnellement, je voudrais voir cette plate-forme sur un ensemble de 17\" avec des pneus tout-terrain. Ensuite, il serait imparable. Au cours des 25 derni\u00e8res ann\u00e9es, j'ai eu la chance de garer pas mal&nbsp;de voitures sur mon parking, mais la famille a rarement not\u00e9 cela. Cependant, je sais &nbsp;que je ne pourrais pas sortir mes gosses du Mercedes Classe G, alors si en plus c'est un Brabus B63-620 !<\/p>\n\n\n\n<figure class=\"wp-block-image alignnone\"><a href=\"http:\/\/www.carideal.com\/blog\/wp-content\/uploads\/2012\/11\/Brabus-B63-620_Widestar-2013-800-12-e1484499133196.jpg\"><img loading=\"lazy\" decoding=\"async\" width=\"600\" height=\"450\" src=\"http:\/\/www.carideal.com\/blog\/wp-content\/uploads\/2012\/11\/Brabus-B63-620_Widestar-2013-800-12-e1484499133196.jpg\" alt=\"Brabus Mercedes Classe G B63 - 620 ch Suspension sport Brabus\" class=\"wp-image-14883\"\/><\/a><figcaption class=\"wp-element-caption\">Brabus Mercedes Classe G B63 - 620 ch Suspension sport Brabus<\/figcaption><\/figure>\n\n\n\n<p>Le syst\u00e8me de gestion d'infotainment&nbsp;COMAND avec 40 Go de disque dur de navigation, six disques CD \/ DVD changeur, iPod \/ MP3 interface, SiriusXM avec le trafic, Radio HD, son surround Harman Kardon Logic 7, une commande vocale am\u00e9lior\u00e9e, un Bluetooth, un \u00e9cran couleur 7 \", un guide de restaurants Zagat et une entr\u00e9e audio auxiliaire.<\/p>\n\n\n\n<figure class=\"wp-block-image alignnone\"><a href=\"http:\/\/www.carideal.com\/blog\/wp-content\/uploads\/2012\/11\/Brabus-B63-620_Widestar-2013-800-14-e1484499229130.jpg\"><img loading=\"lazy\" decoding=\"async\" width=\"600\" height=\"450\" src=\"http:\/\/www.carideal.com\/blog\/wp-content\/uploads\/2012\/11\/Brabus-B63-620_Widestar-2013-800-14-e1484499229130.jpg\" alt=\"Brabus Mercedes Classe G B63 - 620 ch l'int\u00e9rieur moderne\" class=\"wp-image-14885\"\/><\/a><figcaption class=\"wp-element-caption\">Brabus Mercedes Classe G B63 - 620 ch La finition pouss\u00e9e<\/figcaption><\/figure>\n\n\n\n<p>Tout cela est envelopp\u00e9 dans du cuir, du bois et de l'aluminium bross\u00e9 de la boutique de Brabus, je n'ai pas \u00e9t\u00e9 surpris de leur engouement. Le Clase G Brabus B63-620 est un v\u00e9hicule plus grand que la vie, avec une&nbsp;performance et un&nbsp;style over-the-top, il semble qu'il soit n\u00e9 de l'imagination d'un enfant de 13 ans. Et ce n'est pas une mauvaise chose !<\/p>\n\n\n\n<ul class=\"wp-block-list\">\n<li><a href=\"http:\/\/www.carideal.com\/blog\/2023\/08\/10\/la-brabus-850-fusion-de-puissance-luxe-et-performance\/\">La Brabus 850 : Fusion de Puissance, Luxe et Performance<\/a><\/li>\n<\/ul>\n\n\n\n<h2 class=\"wp-block-heading\">Caract\u00e9ristique du Mercedes-Benz G63 AMG Brabus B63-620 Widestar<\/h2>\n\n\n\n<h3 class=\"wp-block-heading\">Moteur<\/h3>\n\n\n\n<p>V8 32v DOHC 5.5 litres double turbo avec module de gestion Brabus PowerXtra , Intercooler mise \u00e0 niveau<\/p>\n\n\n\n<h3 class=\"wp-block-heading\">Train roulant<\/h3>\n\n\n\n<p>S\u00e9rie<\/p>\n\n\n\n<h3 class=\"wp-block-heading\">Freins<\/h3>\n\n\n\n<p>AMG \u00e9triers \u00e0 six pistons, disques avant 360 mm perc\u00e9s \u00e0 quatre pistons,&nbsp;disques arri\u00e8res de 320 mm<\/p>\n\n\n\n<h3 class=\"wp-block-heading\">Roues et pneus<\/h3>\n\n\n\n<p>Jantes alu forg\u00e9es 23x11 Brabus Monoblock F Platinum Edition, \u00e9quip\u00e9es de pneus Yokohama Advan 305\/35 R23<\/p>\n\n\n\n<h3 class=\"wp-block-heading\">Ext\u00e9rieur<\/h3>\n\n\n\n<p>Aileron avant Brabus Widestar , tablier arri\u00e8re, \u00e9largisseurs&nbsp;d'aile avec \u00e9clairage LED, panneaux de porte, spoiler de toit, marchepieds<\/p>\n\n\n\n<h3 class=\"wp-block-heading\">Int\u00e9rieur<\/h3>\n\n\n\n<p>Palettes de changement de vitesses Brabus, kit de p\u00e9dales, serrures de&nbsp;porte, tapis de sol, plaques en acier inoxydable<\/p>\n\n\n\n<h2 class=\"wp-block-heading\">Galerie d'images du Brabus B63 620 Widestar<\/h2>\n\n\n\n<figure class=\"wp-block-gallery has-nested-images columns-3 is-cropped wp-block-gallery-2 is-layout-flex wp-block-gallery-is-layout-flex\">\n<figure class=\"wp-block-image size-large\"><img loading=\"lazy\" decoding=\"async\" width=\"800\" height=\"600\" data-id=\"14877\" src=\"http:\/\/www.carideal.com\/blog\/wp-content\/uploads\/2012\/11\/Brabus-B63-620_Widestar-2013.jpg\" alt=\"Brabus B63 620 Widestar l'icone sacr\u00e9e\" class=\"wp-image-14877\" srcset=\"https:\/\/www.carideal.com\/blog\/wp-content\/uploads\/2012\/11\/Brabus-B63-620_Widestar-2013.jpg 800w, https:\/\/www.carideal.com\/blog\/wp-content\/uploads\/2012\/11\/Brabus-B63-620_Widestar-2013-300x225.jpg 300w, https:\/\/www.carideal.com\/blog\/wp-content\/uploads\/2012\/11\/Brabus-B63-620_Widestar-2013-768x576.jpg 768w, https:\/\/www.carideal.com\/blog\/wp-content\/uploads\/2012\/11\/Brabus-B63-620_Widestar-2013-110x83.jpg 110w, https:\/\/www.carideal.com\/blog\/wp-content\/uploads\/2012\/11\/Brabus-B63-620_Widestar-2013-420x315.jpg 420w, https:\/\/www.carideal.com\/blog\/wp-content\/uploads\/2012\/11\/Brabus-B63-620_Widestar-2013-573x430.jpg 573w, https:\/\/www.carideal.com\/blog\/wp-content\/uploads\/2012\/11\/Brabus-B63-620_Widestar-2013-50x38.jpg 50w\" sizes=\"(max-width: 800px) 100vw, 800px\" \/><figcaption class=\"wp-element-caption\">Brabus B63 620 Widestar l'icone sacr\u00e9e<\/figcaption><\/figure>\n\n\n\n<figure class=\"wp-block-image size-large\"><img loading=\"lazy\" decoding=\"async\" width=\"600\" height=\"450\" data-id=\"14878\" src=\"http:\/\/www.carideal.com\/blog\/wp-content\/uploads\/2012\/11\/Brabus-B63-620_Widestar-2013-07-e1484480992156.jpg\" alt=\"Brabus Mercedes Classe G B63 - 620 ch presque normal vu de derri\u00e8re\" class=\"wp-image-14878\"\/><figcaption class=\"wp-element-caption\">Brabus Mercedes Classe G B63 - 620 ch presque normal vu de derri\u00e8re<\/figcaption><\/figure>\n\n\n\n<figure class=\"wp-block-image size-large\"><img loading=\"lazy\" decoding=\"async\" width=\"600\" height=\"450\" data-id=\"14880\" src=\"http:\/\/www.carideal.com\/blog\/wp-content\/uploads\/2012\/11\/Brabus-B63-620_Widestar-2013-10-e1484498350399.jpg\" alt=\"Brabus Mercedes Classe G B63 - 620 ch l\u00e0 cela devient interressant et monstrueux\" class=\"wp-image-14880\"\/><figcaption class=\"wp-element-caption\">Brabus Mercedes Classe G B63 - 620 ch l\u00e0 cela devient interressant et monstrueux<\/figcaption><\/figure>\n\n\n\n<figure class=\"wp-block-image size-large\"><img loading=\"lazy\" decoding=\"async\" width=\"600\" height=\"450\" data-id=\"14881\" src=\"http:\/\/www.carideal.com\/blog\/wp-content\/uploads\/2012\/11\/Brabus-B63-620_Widestar-2013-11-e1484498915915.jpg\" alt=\"Brabus Mercedes Classe G B63 - 620 ch on a le droit de ne pas aimer les couleurs...\" class=\"wp-image-14881\"\/><figcaption class=\"wp-element-caption\">Brabus Mercedes Classe G B63 - 620 ch on a le droit de ne pas aimer les couleurs...<\/figcaption><\/figure>\n\n\n\n<figure class=\"wp-block-image size-large\"><img loading=\"lazy\" decoding=\"async\" width=\"600\" height=\"450\" data-id=\"14882\" src=\"http:\/\/www.carideal.com\/blog\/wp-content\/uploads\/2012\/11\/Brabus-B63-620_Widestar-2013-12-e1484499064451.jpg\" alt=\"Brabus Mercedes Classe G B63 - 620 ch on pourrait s'attendre \u00e0 plus de place non ?\" class=\"wp-image-14882\"\/><figcaption class=\"wp-element-caption\">Brabus Mercedes Classe G B63 - 620 ch on pourrait s'attendre \u00e0 plus de place non ?<\/figcaption><\/figure>\n\n\n\n<figure class=\"wp-block-image size-large\"><img loading=\"lazy\" decoding=\"async\" width=\"600\" height=\"450\" data-id=\"14883\" src=\"http:\/\/www.carideal.com\/blog\/wp-content\/uploads\/2012\/11\/Brabus-B63-620_Widestar-2013-800-12-e1484499133196.jpg\" alt=\"Brabus Mercedes Classe G B63 - 620 ch Suspension sport Brabus\" class=\"wp-image-14883\"\/><figcaption class=\"wp-element-caption\">Brabus Mercedes Classe G B63 - 620 ch Suspension sport Brabus<\/figcaption><\/figure>\n\n\n\n<figure class=\"wp-block-image size-large\"><img loading=\"lazy\" decoding=\"async\" width=\"600\" height=\"450\" data-id=\"14884\" src=\"http:\/\/www.carideal.com\/blog\/wp-content\/uploads\/2012\/11\/Brabus-B63-620_Widestar-2013-800-13-e1484499196785.jpg\" alt=\"Brabus Mercedes Classe G B63 - 620 ch l'int\u00e9rieur moderne\" class=\"wp-image-14884\"\/><figcaption class=\"wp-element-caption\">Brabus Mercedes Classe G B63 - 620 ch l'int\u00e9rieur moderne<\/figcaption><\/figure>\n\n\n\n<figure class=\"wp-block-image size-large\"><img loading=\"lazy\" decoding=\"async\" width=\"600\" height=\"450\" data-id=\"14885\" src=\"http:\/\/www.carideal.com\/blog\/wp-content\/uploads\/2012\/11\/Brabus-B63-620_Widestar-2013-800-14-e1484499229130.jpg\" alt=\"Brabus Mercedes Classe G B63 - 620 ch l'int\u00e9rieur moderne\" class=\"wp-image-14885\"\/><figcaption class=\"wp-element-caption\">Brabus Mercedes Classe G B63 - 620 ch La finition pouss\u00e9e<\/figcaption><\/figure>\n<\/figure>\n\n\n\n<h2 class=\"wp-block-heading\">Vid\u00e9o Brabus B63 620 Widestar<\/h2>\n\n\n\n<p><iframe loading=\"lazy\" src=\"http:\/\/www.youtube.com\/embed\/f02FcaueWqg\" width=\"640\" height=\"360\" frameborder=\"0\" allowfullscreen=\"allowfullscreen\"><\/iframe><\/p>\n\n\n\n<p>\/ Brabus Nouvelle Mercedes Classe A<\/p>\n","protected":false},"excerpt":{"rendered":"<p>Brabus Mercedes Classe G B63 : 620 Ch dans un Mercedes Classe G 63 AMG en vid\u00e9o 620 ch et 820 Nm de couple dans ce monstre&nbsp;! C&rsquo;est sur qu&rsquo;avec ce monstre Mercedes G63 AMG revisit\u00e9 par Brabus, capable de tirer le 0 \u00e0 100 km\/h en 5 sec on ne peut pas \u00eatre en &#8230; <a title=\"Brabus Mercedes Classe G B63 &#8211; 620 ch\" class=\"read-more\" href=\"https:\/\/www.carideal.com\/blog\/2012\/11\/29\/brabus-met-620-ch-dans-un-mercedes-classe-g-63-amg-en-video\/\" aria-label=\"En savoir plus sur Brabus Mercedes Classe G B63 &#8211; 620 ch\">Lire plus<\/a><\/p>\n","protected":false},"author":1,"featured_media":14877,"comment_status":"open","ping_status":"closed","sticky":false,"template":"","format":"standard","meta":{"_uag_custom_page_level_css":"","_themeisle_gutenberg_block_has_review":false,"footnotes":""},"categories":[5944,5995,6010,5974,18],"tags":[4685],"class_list":["post-1824","post","type-post","status-publish","format-standard","has-post-thumbnail","hentry","category-constructeur","category-mercedes","category-suv","category-type-de-vehicule","category-videos","tag-brabus"],"wppr_data":{"cwp_meta_box_check":"No"},"yoast_head":"<!-- This site is optimized with the Yoast SEO plugin v24.8.1 - https:\/\/yoast.com\/wordpress\/plugins\/seo\/ -->\n<title>Brabus Mercedes Classe G B63 - 620 ch - Blog auto Carid\u00e9al<\/title>\n<meta name=\"description\" content=\"C&#039;est sur qu&#039;avec ce monstre Brabus Mercedes classe G B63 AMG revisit\u00e9 par Brabus, capable de 0 \u00e0 100 km\/h en 5 s on ne peut pas \u00eatre en retard \u00e0 l&#039;\u00e9cole\" \/>\n<meta name=\"robots\" content=\"index, follow, max-snippet:-1, max-image-preview:large, max-video-preview:-1\" \/>\n<link rel=\"canonical\" href=\"https:\/\/www.carideal.com\/blog\/2012\/11\/29\/brabus-met-620-ch-dans-un-mercedes-classe-g-63-amg-en-video\/\" \/>\n<meta property=\"og:locale\" content=\"fr_FR\" \/>\n<meta property=\"og:type\" content=\"article\" \/>\n<meta property=\"og:title\" content=\"Brabus Mercedes Classe G B63 - 620 ch - Blog auto Carid\u00e9al\" \/>\n<meta property=\"og:description\" content=\"C&#039;est sur qu&#039;avec ce monstre Brabus Mercedes classe G B63 AMG revisit\u00e9 par Brabus, capable de 0 \u00e0 100 km\/h en 5 s on ne peut pas \u00eatre en retard \u00e0 l&#039;\u00e9cole\" \/>\n<meta property=\"og:url\" content=\"https:\/\/www.carideal.com\/blog\/2012\/11\/29\/brabus-met-620-ch-dans-un-mercedes-classe-g-63-amg-en-video\/\" \/>\n<meta property=\"og:site_name\" content=\"Blog auto Carid\u00e9al\" \/>\n<meta property=\"article:publisher\" content=\"https:\/\/www.facebook.com\/Carideal.mandataire.automobile\" \/>\n<meta property=\"article:author\" content=\"https:\/\/www.facebook.com\/Carideal.mandataire.automobile\/\" \/>\n<meta property=\"article:published_time\" content=\"2012-11-29T17:43:00+00:00\" \/>\n<meta property=\"article:modified_time\" content=\"2023-08-18T09:28:18+00:00\" \/>\n<meta property=\"og:image\" content=\"https:\/\/www.carideal.com\/blog\/wp-content\/uploads\/2012\/11\/Brabus-B63-620_Widestar-2013.jpg\" \/>\n\t<meta property=\"og:image:width\" content=\"800\" \/>\n\t<meta property=\"og:image:height\" content=\"600\" \/>\n\t<meta property=\"og:image:type\" content=\"image\/jpeg\" \/>\n<meta name=\"author\" content=\"N.S Carideal\" \/>\n<meta name=\"twitter:card\" content=\"summary_large_image\" \/>\n<meta name=\"twitter:creator\" content=\"@caridealauto\" \/>\n<meta name=\"twitter:site\" content=\"@caridealauto\" \/>\n<meta name=\"twitter:label1\" content=\"\u00c9crit par\" \/>\n\t<meta name=\"twitter:data1\" content=\"N.S Carideal\" \/>\n\t<meta name=\"twitter:label2\" content=\"Dur\u00e9e de lecture estim\u00e9e\" \/>\n\t<meta name=\"twitter:data2\" content=\"12 minutes\" \/>\n<script type=\"application\/ld+json\" class=\"yoast-schema-graph\">{\"@context\":\"https:\/\/schema.org\",\"@graph\":[{\"@type\":\"Article\",\"@id\":\"https:\/\/www.carideal.com\/blog\/2012\/11\/29\/brabus-met-620-ch-dans-un-mercedes-classe-g-63-amg-en-video\/#article\",\"isPartOf\":{\"@id\":\"https:\/\/www.carideal.com\/blog\/2012\/11\/29\/brabus-met-620-ch-dans-un-mercedes-classe-g-63-amg-en-video\/\"},\"author\":{\"name\":\"N.S Carideal\",\"@id\":\"https:\/\/www.carideal.com\/blog\/#\/schema\/person\/985c7e757d1042d647f21bfaf8d41ebc\"},\"headline\":\"Brabus Mercedes Classe G B63 &#8211; 620 ch\",\"datePublished\":\"2012-11-29T17:43:00+00:00\",\"dateModified\":\"2023-08-18T09:28:18+00:00\",\"mainEntityOfPage\":{\"@id\":\"https:\/\/www.carideal.com\/blog\/2012\/11\/29\/brabus-met-620-ch-dans-un-mercedes-classe-g-63-amg-en-video\/\"},\"wordCount\":1643,\"commentCount\":0,\"publisher\":{\"@id\":\"https:\/\/www.carideal.com\/blog\/#organization\"},\"image\":{\"@id\":\"https:\/\/www.carideal.com\/blog\/2012\/11\/29\/brabus-met-620-ch-dans-un-mercedes-classe-g-63-amg-en-video\/#primaryimage\"},\"thumbnailUrl\":\"https:\/\/www.carideal.com\/blog\/wp-content\/uploads\/2012\/11\/Brabus-B63-620_Widestar-2013.jpg\",\"keywords\":[\"Brabus\"],\"articleSection\":[\"Actualit\u00e9 Constructeur automobile\",\"Actualit\u00e9 Mercedes\",\"SUV\",\"Type de v\u00e9hicule\",\"Vid\u00e9o voiture : vid\u00e9o automobile\"],\"inLanguage\":\"fr-FR\",\"potentialAction\":[{\"@type\":\"CommentAction\",\"name\":\"Comment\",\"target\":[\"https:\/\/www.carideal.com\/blog\/2012\/11\/29\/brabus-met-620-ch-dans-un-mercedes-classe-g-63-amg-en-video\/#respond\"]}]},{\"@type\":\"WebPage\",\"@id\":\"https:\/\/www.carideal.com\/blog\/2012\/11\/29\/brabus-met-620-ch-dans-un-mercedes-classe-g-63-amg-en-video\/\",\"url\":\"https:\/\/www.carideal.com\/blog\/2012\/11\/29\/brabus-met-620-ch-dans-un-mercedes-classe-g-63-amg-en-video\/\",\"name\":\"Brabus Mercedes Classe G B63 - 620 ch - Blog auto Carid\u00e9al\",\"isPartOf\":{\"@id\":\"https:\/\/www.carideal.com\/blog\/#website\"},\"primaryImageOfPage\":{\"@id\":\"https:\/\/www.carideal.com\/blog\/2012\/11\/29\/brabus-met-620-ch-dans-un-mercedes-classe-g-63-amg-en-video\/#primaryimage\"},\"image\":{\"@id\":\"https:\/\/www.carideal.com\/blog\/2012\/11\/29\/brabus-met-620-ch-dans-un-mercedes-classe-g-63-amg-en-video\/#primaryimage\"},\"thumbnailUrl\":\"https:\/\/www.carideal.com\/blog\/wp-content\/uploads\/2012\/11\/Brabus-B63-620_Widestar-2013.jpg\",\"datePublished\":\"2012-11-29T17:43:00+00:00\",\"dateModified\":\"2023-08-18T09:28:18+00:00\",\"description\":\"C'est sur qu'avec ce monstre Brabus Mercedes classe G B63 AMG revisit\u00e9 par Brabus, capable de 0 \u00e0 100 km\/h en 5 s on ne peut pas \u00eatre en retard \u00e0 l'\u00e9cole\",\"breadcrumb\":{\"@id\":\"https:\/\/www.carideal.com\/blog\/2012\/11\/29\/brabus-met-620-ch-dans-un-mercedes-classe-g-63-amg-en-video\/#breadcrumb\"},\"inLanguage\":\"fr-FR\",\"potentialAction\":[{\"@type\":\"ReadAction\",\"target\":[\"https:\/\/www.carideal.com\/blog\/2012\/11\/29\/brabus-met-620-ch-dans-un-mercedes-classe-g-63-amg-en-video\/\"]}]},{\"@type\":\"ImageObject\",\"inLanguage\":\"fr-FR\",\"@id\":\"https:\/\/www.carideal.com\/blog\/2012\/11\/29\/brabus-met-620-ch-dans-un-mercedes-classe-g-63-amg-en-video\/#primaryimage\",\"url\":\"https:\/\/www.carideal.com\/blog\/wp-content\/uploads\/2012\/11\/Brabus-B63-620_Widestar-2013.jpg\",\"contentUrl\":\"https:\/\/www.carideal.com\/blog\/wp-content\/uploads\/2012\/11\/Brabus-B63-620_Widestar-2013.jpg\",\"width\":800,\"height\":600,\"caption\":\"Brabus B63 620 Widestar l'icone sacr\u00e9e\"},{\"@type\":\"BreadcrumbList\",\"@id\":\"https:\/\/www.carideal.com\/blog\/2012\/11\/29\/brabus-met-620-ch-dans-un-mercedes-classe-g-63-amg-en-video\/#breadcrumb\",\"itemListElement\":[{\"@type\":\"ListItem\",\"position\":1,\"name\":\"Blog Carid\u00e9al\",\"item\":\"https:\/\/www.carideal.com\/blog\/\"},{\"@type\":\"ListItem\",\"position\":2,\"name\":\"Actualit\u00e9 constructeur automobile\",\"item\":\"https:\/\/www.carideal.com\/blog\/constructeur\/\"},{\"@type\":\"ListItem\",\"position\":3,\"name\":\"Brabus Mercedes Classe G B63 &#8211; 620 ch\"}]},{\"@type\":\"WebSite\",\"@id\":\"https:\/\/www.carideal.com\/blog\/#website\",\"url\":\"https:\/\/www.carideal.com\/blog\/\",\"name\":\"Blog auto Carid\u00e9al\",\"description\":\"Actualit\u00e9 auto par des passionn\u00e9s\",\"publisher\":{\"@id\":\"https:\/\/www.carideal.com\/blog\/#organization\"},\"potentialAction\":[{\"@type\":\"SearchAction\",\"target\":{\"@type\":\"EntryPoint\",\"urlTemplate\":\"https:\/\/www.carideal.com\/blog\/?s={search_term_string}\"},\"query-input\":{\"@type\":\"PropertyValueSpecification\",\"valueRequired\":true,\"valueName\":\"search_term_string\"}}],\"inLanguage\":\"fr-FR\"},{\"@type\":\"Organization\",\"@id\":\"https:\/\/www.carideal.com\/blog\/#organization\",\"name\":\"Carideal\",\"url\":\"https:\/\/www.carideal.com\/blog\/\",\"logo\":{\"@type\":\"ImageObject\",\"inLanguage\":\"fr-FR\",\"@id\":\"https:\/\/www.carideal.com\/blog\/#\/schema\/logo\/image\/\",\"url\":\"http:\/\/www.carideal.com\/blog\/wp-content\/uploads\/2016\/03\/logo-carideal-mandataire-automobile.png\",\"contentUrl\":\"http:\/\/www.carideal.com\/blog\/wp-content\/uploads\/2016\/03\/logo-carideal-mandataire-automobile.png\",\"width\":300,\"height\":300,\"caption\":\"Carideal\"},\"image\":{\"@id\":\"https:\/\/www.carideal.com\/blog\/#\/schema\/logo\/image\/\"},\"sameAs\":[\"https:\/\/www.facebook.com\/Carideal.mandataire.automobile\",\"https:\/\/x.com\/caridealauto\",\"https:\/\/www.instagram.com\/carideal1\/\",\"https:\/\/www.linkedin.com\/company\/carideal.com\",\"https:\/\/fr.pinterest.com\/schiavonsas\/\",\"https:\/\/www.youtube.com\/user\/caridealsas\"]},{\"@type\":\"Person\",\"@id\":\"https:\/\/www.carideal.com\/blog\/#\/schema\/person\/985c7e757d1042d647f21bfaf8d41ebc\",\"name\":\"N.S Carideal\",\"image\":{\"@type\":\"ImageObject\",\"inLanguage\":\"fr-FR\",\"@id\":\"https:\/\/www.carideal.com\/blog\/#\/schema\/person\/image\/\",\"url\":\"https:\/\/secure.gravatar.com\/avatar\/edb7ccdf1a4e3d14aef967760d354d0e?s=96&r=g\",\"contentUrl\":\"https:\/\/secure.gravatar.com\/avatar\/edb7ccdf1a4e3d14aef967760d354d0e?s=96&r=g\",\"caption\":\"N.S Carideal\"},\"description\":\"Depuis tout petit fan d'automobile. Il est question d'essayer et de comparer toutes ces voitures qui nous ont fait r\u00e9ver, avant que celles-ci ne devient uniquement des voitures de collection.\",\"sameAs\":[\"http:\/\/www.carideal.com\/blog\",\"https:\/\/www.facebook.com\/Carideal.mandataire.automobile\/\",\"https:\/\/www.linkedin.com\/in\/nschiavon\/\",\"https:\/\/www.youtube.com\/user\/caridealsas\/\"],\"url\":\"https:\/\/www.carideal.com\/blog\/author\/admin_carideal\/\"}]}<\/script>\n<!-- \/ Yoast SEO plugin. -->","yoast_head_json":{"title":"Brabus Mercedes Classe G B63 - 620 ch - Blog auto Carid\u00e9al","description":"C'est sur qu'avec ce monstre Brabus Mercedes classe G B63 AMG revisit\u00e9 par Brabus, capable de 0 \u00e0 100 km\/h en 5 s on ne peut pas \u00eatre en retard \u00e0 l'\u00e9cole","robots":{"index":"index","follow":"follow","max-snippet":"max-snippet:-1","max-image-preview":"max-image-preview:large","max-video-preview":"max-video-preview:-1"},"canonical":"https:\/\/www.carideal.com\/blog\/2012\/11\/29\/brabus-met-620-ch-dans-un-mercedes-classe-g-63-amg-en-video\/","og_locale":"fr_FR","og_type":"article","og_title":"Brabus Mercedes Classe G B63 - 620 ch - Blog auto Carid\u00e9al","og_description":"C'est sur qu'avec ce monstre Brabus Mercedes classe G B63 AMG revisit\u00e9 par Brabus, capable de 0 \u00e0 100 km\/h en 5 s on ne peut pas \u00eatre en retard \u00e0 l'\u00e9cole","og_url":"https:\/\/www.carideal.com\/blog\/2012\/11\/29\/brabus-met-620-ch-dans-un-mercedes-classe-g-63-amg-en-video\/","og_site_name":"Blog auto Carid\u00e9al","article_publisher":"https:\/\/www.facebook.com\/Carideal.mandataire.automobile","article_author":"https:\/\/www.facebook.com\/Carideal.mandataire.automobile\/","article_published_time":"2012-11-29T17:43:00+00:00","article_modified_time":"2023-08-18T09:28:18+00:00","og_image":[{"width":800,"height":600,"url":"https:\/\/www.carideal.com\/blog\/wp-content\/uploads\/2012\/11\/Brabus-B63-620_Widestar-2013.jpg","type":"image\/jpeg"}],"author":"N.S Carideal","twitter_card":"summary_large_image","twitter_creator":"@caridealauto","twitter_site":"@caridealauto","twitter_misc":{"\u00c9crit par":"N.S Carideal","Dur\u00e9e de lecture estim\u00e9e":"12 minutes"},"schema":{"@context":"https:\/\/schema.org","@graph":[{"@type":"Article","@id":"https:\/\/www.carideal.com\/blog\/2012\/11\/29\/brabus-met-620-ch-dans-un-mercedes-classe-g-63-amg-en-video\/#article","isPartOf":{"@id":"https:\/\/www.carideal.com\/blog\/2012\/11\/29\/brabus-met-620-ch-dans-un-mercedes-classe-g-63-amg-en-video\/"},"author":{"name":"N.S Carideal","@id":"https:\/\/www.carideal.com\/blog\/#\/schema\/person\/985c7e757d1042d647f21bfaf8d41ebc"},"headline":"Brabus Mercedes Classe G B63 &#8211; 620 ch","datePublished":"2012-11-29T17:43:00+00:00","dateModified":"2023-08-18T09:28:18+00:00","mainEntityOfPage":{"@id":"https:\/\/www.carideal.com\/blog\/2012\/11\/29\/brabus-met-620-ch-dans-un-mercedes-classe-g-63-amg-en-video\/"},"wordCount":1643,"commentCount":0,"publisher":{"@id":"https:\/\/www.carideal.com\/blog\/#organization"},"image":{"@id":"https:\/\/www.carideal.com\/blog\/2012\/11\/29\/brabus-met-620-ch-dans-un-mercedes-classe-g-63-amg-en-video\/#primaryimage"},"thumbnailUrl":"https:\/\/www.carideal.com\/blog\/wp-content\/uploads\/2012\/11\/Brabus-B63-620_Widestar-2013.jpg","keywords":["Brabus"],"articleSection":["Actualit\u00e9 Constructeur automobile","Actualit\u00e9 Mercedes","SUV","Type de v\u00e9hicule","Vid\u00e9o voiture : vid\u00e9o automobile"],"inLanguage":"fr-FR","potentialAction":[{"@type":"CommentAction","name":"Comment","target":["https:\/\/www.carideal.com\/blog\/2012\/11\/29\/brabus-met-620-ch-dans-un-mercedes-classe-g-63-amg-en-video\/#respond"]}]},{"@type":"WebPage","@id":"https:\/\/www.carideal.com\/blog\/2012\/11\/29\/brabus-met-620-ch-dans-un-mercedes-classe-g-63-amg-en-video\/","url":"https:\/\/www.carideal.com\/blog\/2012\/11\/29\/brabus-met-620-ch-dans-un-mercedes-classe-g-63-amg-en-video\/","name":"Brabus Mercedes Classe G B63 - 620 ch - Blog auto Carid\u00e9al","isPartOf":{"@id":"https:\/\/www.carideal.com\/blog\/#website"},"primaryImageOfPage":{"@id":"https:\/\/www.carideal.com\/blog\/2012\/11\/29\/brabus-met-620-ch-dans-un-mercedes-classe-g-63-amg-en-video\/#primaryimage"},"image":{"@id":"https:\/\/www.carideal.com\/blog\/2012\/11\/29\/brabus-met-620-ch-dans-un-mercedes-classe-g-63-amg-en-video\/#primaryimage"},"thumbnailUrl":"https:\/\/www.carideal.com\/blog\/wp-content\/uploads\/2012\/11\/Brabus-B63-620_Widestar-2013.jpg","datePublished":"2012-11-29T17:43:00+00:00","dateModified":"2023-08-18T09:28:18+00:00","description":"C'est sur qu'avec ce monstre Brabus Mercedes classe G B63 AMG revisit\u00e9 par Brabus, capable de 0 \u00e0 100 km\/h en 5 s on ne peut pas \u00eatre en retard \u00e0 l'\u00e9cole","breadcrumb":{"@id":"https:\/\/www.carideal.com\/blog\/2012\/11\/29\/brabus-met-620-ch-dans-un-mercedes-classe-g-63-amg-en-video\/#breadcrumb"},"inLanguage":"fr-FR","potentialAction":[{"@type":"ReadAction","target":["https:\/\/www.carideal.com\/blog\/2012\/11\/29\/brabus-met-620-ch-dans-un-mercedes-classe-g-63-amg-en-video\/"]}]},{"@type":"ImageObject","inLanguage":"fr-FR","@id":"https:\/\/www.carideal.com\/blog\/2012\/11\/29\/brabus-met-620-ch-dans-un-mercedes-classe-g-63-amg-en-video\/#primaryimage","url":"https:\/\/www.carideal.com\/blog\/wp-content\/uploads\/2012\/11\/Brabus-B63-620_Widestar-2013.jpg","contentUrl":"https:\/\/www.carideal.com\/blog\/wp-content\/uploads\/2012\/11\/Brabus-B63-620_Widestar-2013.jpg","width":800,"height":600,"caption":"Brabus B63 620 Widestar l'icone sacr\u00e9e"},{"@type":"BreadcrumbList","@id":"https:\/\/www.carideal.com\/blog\/2012\/11\/29\/brabus-met-620-ch-dans-un-mercedes-classe-g-63-amg-en-video\/#breadcrumb","itemListElement":[{"@type":"ListItem","position":1,"name":"Blog Carid\u00e9al","item":"https:\/\/www.carideal.com\/blog\/"},{"@type":"ListItem","position":2,"name":"Actualit\u00e9 constructeur automobile","item":"https:\/\/www.carideal.com\/blog\/constructeur\/"},{"@type":"ListItem","position":3,"name":"Brabus Mercedes Classe G B63 &#8211; 620 ch"}]},{"@type":"WebSite","@id":"https:\/\/www.carideal.com\/blog\/#website","url":"https:\/\/www.carideal.com\/blog\/","name":"Blog auto Carid\u00e9al","description":"Actualit\u00e9 auto par des passionn\u00e9s","publisher":{"@id":"https:\/\/www.carideal.com\/blog\/#organization"},"potentialAction":[{"@type":"SearchAction","target":{"@type":"EntryPoint","urlTemplate":"https:\/\/www.carideal.com\/blog\/?s={search_term_string}"},"query-input":{"@type":"PropertyValueSpecification","valueRequired":true,"valueName":"search_term_string"}}],"inLanguage":"fr-FR"},{"@type":"Organization","@id":"https:\/\/www.carideal.com\/blog\/#organization","name":"Carideal","url":"https:\/\/www.carideal.com\/blog\/","logo":{"@type":"ImageObject","inLanguage":"fr-FR","@id":"https:\/\/www.carideal.com\/blog\/#\/schema\/logo\/image\/","url":"http:\/\/www.carideal.com\/blog\/wp-content\/uploads\/2016\/03\/logo-carideal-mandataire-automobile.png","contentUrl":"http:\/\/www.carideal.com\/blog\/wp-content\/uploads\/2016\/03\/logo-carideal-mandataire-automobile.png","width":300,"height":300,"caption":"Carideal"},"image":{"@id":"https:\/\/www.carideal.com\/blog\/#\/schema\/logo\/image\/"},"sameAs":["https:\/\/www.facebook.com\/Carideal.mandataire.automobile","https:\/\/x.com\/caridealauto","https:\/\/www.instagram.com\/carideal1\/","https:\/\/www.linkedin.com\/company\/carideal.com","https:\/\/fr.pinterest.com\/schiavonsas\/","https:\/\/www.youtube.com\/user\/caridealsas"]},{"@type":"Person","@id":"https:\/\/www.carideal.com\/blog\/#\/schema\/person\/985c7e757d1042d647f21bfaf8d41ebc","name":"N.S Carideal","image":{"@type":"ImageObject","inLanguage":"fr-FR","@id":"https:\/\/www.carideal.com\/blog\/#\/schema\/person\/image\/","url":"https:\/\/secure.gravatar.com\/avatar\/edb7ccdf1a4e3d14aef967760d354d0e?s=96&r=g","contentUrl":"https:\/\/secure.gravatar.com\/avatar\/edb7ccdf1a4e3d14aef967760d354d0e?s=96&r=g","caption":"N.S Carideal"},"description":"Depuis tout petit fan d'automobile. Il est question d'essayer et de comparer toutes ces voitures qui nous ont fait r\u00e9ver, avant que celles-ci ne devient uniquement des voitures de collection.","sameAs":["http:\/\/www.carideal.com\/blog","https:\/\/www.facebook.com\/Carideal.mandataire.automobile\/","https:\/\/www.linkedin.com\/in\/nschiavon\/","https:\/\/www.youtube.com\/user\/caridealsas\/"],"url":"https:\/\/www.carideal.com\/blog\/author\/admin_carideal\/"}]}},"uagb_featured_image_src":{"full":["https:\/\/www.carideal.com\/blog\/wp-content\/uploads\/2012\/11\/Brabus-B63-620_Widestar-2013.jpg",800,600,false],"thumbnail":["https:\/\/www.carideal.com\/blog\/wp-content\/uploads\/2012\/11\/Brabus-B63-620_Widestar-2013-150x150.jpg",150,150,true],"medium":["https:\/\/www.carideal.com\/blog\/wp-content\/uploads\/2012\/11\/Brabus-B63-620_Widestar-2013-300x225.jpg",300,225,true],"medium_large":["https:\/\/www.carideal.com\/blog\/wp-content\/uploads\/2012\/11\/Brabus-B63-620_Widestar-2013-768x576.jpg",768,576,true],"large":["https:\/\/www.carideal.com\/blog\/wp-content\/uploads\/2012\/11\/Brabus-B63-620_Widestar-2013.jpg",800,600,false],"1536x1536":["https:\/\/www.carideal.com\/blog\/wp-content\/uploads\/2012\/11\/Brabus-B63-620_Widestar-2013.jpg",800,600,false],"2048x2048":["https:\/\/www.carideal.com\/blog\/wp-content\/uploads\/2012\/11\/Brabus-B63-620_Widestar-2013.jpg",800,600,false],"wppr-widget":["https:\/\/www.carideal.com\/blog\/wp-content\/uploads\/2012\/11\/Brabus-B63-620_Widestar-2013.jpg",50,38,false]},"uagb_author_info":{"display_name":"N.S Carideal","author_link":"https:\/\/www.carideal.com\/blog\/author\/admin_carideal\/"},"uagb_comment_info":0,"uagb_excerpt":"Brabus Mercedes Classe G B63 : 620 Ch dans un Mercedes Classe G 63 AMG en vid\u00e9o 620 ch et 820 Nm de couple dans ce monstre&nbsp;! C'est sur qu'avec ce monstre Mercedes G63 AMG revisit\u00e9 par Brabus, capable de tirer le 0 \u00e0 100 km\/h en 5 sec on ne peut pas \u00eatre en\u2026","_links":{"self":[{"href":"https:\/\/www.carideal.com\/blog\/wp-json\/wp\/v2\/posts\/1824"}],"collection":[{"href":"https:\/\/www.carideal.com\/blog\/wp-json\/wp\/v2\/posts"}],"about":[{"href":"https:\/\/www.carideal.com\/blog\/wp-json\/wp\/v2\/types\/post"}],"author":[{"embeddable":true,"href":"https:\/\/www.carideal.com\/blog\/wp-json\/wp\/v2\/users\/1"}],"replies":[{"embeddable":true,"href":"https:\/\/www.carideal.com\/blog\/wp-json\/wp\/v2\/comments?post=1824"}],"version-history":[{"count":0,"href":"https:\/\/www.carideal.com\/blog\/wp-json\/wp\/v2\/posts\/1824\/revisions"}],"wp:featuredmedia":[{"embeddable":true,"href":"https:\/\/www.carideal.com\/blog\/wp-json\/wp\/v2\/media\/14877"}],"wp:attachment":[{"href":"https:\/\/www.carideal.com\/blog\/wp-json\/wp\/v2\/media?parent=1824"}],"wp:term":[{"taxonomy":"category","embeddable":true,"href":"https:\/\/www.carideal.com\/blog\/wp-json\/wp\/v2\/categories?post=1824"},{"taxonomy":"post_tag","embeddable":true,"href":"https:\/\/www.carideal.com\/blog\/wp-json\/wp\/v2\/tags?post=1824"}],"curies":[{"name":"wp","href":"https:\/\/api.w.org\/{rel}","templated":true}]}}