{"id":1823,"date":"2012-11-29T17:28:00","date_gmt":"2012-11-29T17:28:00","guid":{"rendered":"http:\/\/carideal.com\/blog\/?p=1823"},"modified":"2019-02-01T16:55:06","modified_gmt":"2019-02-01T15:55:06","slug":"nouvelle-mercedes-classe-a-par-brabus-en-video","status":"publish","type":"post","link":"https:\/\/www.carideal.com\/blog\/2012\/11\/29\/nouvelle-mercedes-classe-a-par-brabus-en-video\/","title":{"rendered":"Nouvelle Mercedes classe A par Brabus en Vid\u00e9o"},"content":{"rendered":"<h2>Nouvelle Mercedes classe A par Brabus en Vid\u00e9o<\/h2>\n<p>Aussit\u00f4t sortie... Brabus l'a fait !<\/p>\n<p>Brabus est probablement l'un des tuners <a href=\"http:\/\/www.carideal.com\/blog\/marque-de-voiture-actualites-essais\/mercedes\/\">Mercedes-Benz<\/a> les plus c\u00e9l\u00e8bres et les plus r\u00e9ussis de la plan\u00e8te, et cela ne fait aucun doute. Ils jouent probablement le num\u00e9ro 2 uniquement avec AMG, dans des transformations qui transforment les Mercedes relativement timides en machines extr\u00eames.<\/p>\n<p>L\u2019une des derni\u00e8res voitures Mercedes-Benz \u00e0 adopter une nouvelle apparence est la <a href=\"http:\/\/www.carideal.com\/blog\/2012\/09\/28\/mercedes-classe-a-2\/\">Classe A 2013<\/a>. Ce berline sportive \u00e0 hayon existe en huit niveaux de finition avec de faibles variations entre chacune d\u2019elle. Les moteurs de cette gamme vont du moteur CDI de 1,8 litre timide et \u00e9nergivore au quatre cylindres de 2,0 litres le plus sauvage.<\/p>\n<ul>\n<li><a href=\"http:\/\/www.carideal.com\/blog\/2018\/02\/03\/meilleures-berlines-hayon-2018\/\">Les meilleures berlines<\/a><\/li>\n<\/ul>\n<p>Alors que la Classe A r\u00e9cemment redessin\u00e9e venait juste de sortir pour \u00eatre pr\u00e9sent\u00e9e dans les showroom des concessionnaires, ce n'\u00e9tait qu'une question de temps avant que le mod\u00e8le ne soit confi\u00e9 \u00e0 un expert chez Brabus. Et au salon de l'automobile d'Essen 2012, qui d\u00e9butera le 1er d\u00e9cembre, Brabus pr\u00e9voit de d\u00e9voiler ses modifications pour la Classe A. Cependant, en pr\u00e9vision de ce lancement, Brabus a publi\u00e9 une version logicielle de quelques-unes des am\u00e9liorations qu\u2019il proposera pour cette nouvelle berline compacte Mercedez Benz.<\/p>\n<h2>Ext\u00e9rieur<\/h2>\n<figure id=\"attachment_18797\" aria-describedby=\"caption-attachment-18797\" style=\"width: 790px\" class=\"wp-caption alignnone\"><a href=\"http:\/\/www.carideal.com\/blog\/wp-content\/uploads\/2012\/11\/mercedes-benz-a-clas-5.jpg\"><img loading=\"lazy\" decoding=\"async\" class=\"size-full wp-image-18797\" src=\"http:\/\/www.carideal.com\/blog\/wp-content\/uploads\/2012\/11\/mercedes-benz-a-clas-5.jpg\" alt=\"Mercedes Benz Classe A Brabus\" width=\"800\" height=\"530\" srcset=\"https:\/\/www.carideal.com\/blog\/wp-content\/uploads\/2012\/11\/mercedes-benz-a-clas-5.jpg 800w, https:\/\/www.carideal.com\/blog\/wp-content\/uploads\/2012\/11\/mercedes-benz-a-clas-5-300x199.jpg 300w, https:\/\/www.carideal.com\/blog\/wp-content\/uploads\/2012\/11\/mercedes-benz-a-clas-5-768x509.jpg 768w, https:\/\/www.carideal.com\/blog\/wp-content\/uploads\/2012\/11\/mercedes-benz-a-clas-5-50x33.jpg 50w, https:\/\/www.carideal.com\/blog\/wp-content\/uploads\/2012\/11\/mercedes-benz-a-clas-5-110x73.jpg 110w, https:\/\/www.carideal.com\/blog\/wp-content\/uploads\/2012\/11\/mercedes-benz-a-clas-5-420x278.jpg 420w, https:\/\/www.carideal.com\/blog\/wp-content\/uploads\/2012\/11\/mercedes-benz-a-clas-5-649x430.jpg 649w\" sizes=\"(max-width: 800px) 100vw, 800px\" \/><\/a><figcaption id=\"caption-attachment-18797\" class=\"wp-caption-text\">Mercedes Benz Classe A Brabus<\/figcaption><\/figure>\n<p>\u00c0 l'ext\u00e9rieur de la Classe A, Brabus a pris grand soin de mettre en valeur les bons c\u00f4t\u00e9s de la Classe A, d'ajouter un peu plus de talent et m\u00eame d'ajouter un peu de fonctionnalit\u00e9. \u00c0 l'avant, Brabus propose un aileron avant modifi\u00e9 \u00e0 monter sur le dessous du car\u00e9nage avant. Cet aileron ajoute une allure sportive \u00e0 l'avant de la Classe A. Il a \u00e9galement \u00e9t\u00e9 con\u00e7u pour r\u00e9duire la lev\u00e9e de l'essieu avant \u00e0 grande vitesse. Il existe deux types de spoilers, l'un pour ceux portant le code AMG 950 et l'autre sans.<\/p>\n<figure id=\"attachment_18802\" aria-describedby=\"caption-attachment-18802\" style=\"width: 590px\" class=\"wp-caption alignnone\"><a href=\"http:\/\/www.carideal.com\/blog\/wp-content\/uploads\/2012\/11\/mercedes-benz-a-clas-17-e1549036116693.jpg\"><img loading=\"lazy\" decoding=\"async\" class=\"size-full wp-image-18802\" src=\"http:\/\/www.carideal.com\/blog\/wp-content\/uploads\/2012\/11\/mercedes-benz-a-clas-17-e1549036116693.jpg\" alt=\"Mercedes Classe A Brabus\" width=\"600\" height=\"397\" \/><\/a><figcaption id=\"caption-attachment-18802\" class=\"wp-caption-text\">Mercedes Classe A Brabus<\/figcaption><\/figure>\n<p>Brabus a ajout\u00e9 quelques cadeaux suppl\u00e9mentaires \u00e0 l'arri\u00e8re. Le premier est un pare-chocs arri\u00e8re r\u00e9vis\u00e9 qui comporte un diffuseur sur la face inf\u00e9rieure pour aider \u00e0 ajouter un peu de force d'appui \u00e0 l'essieu arri\u00e8re. Non seulement ce diffuseur facilite la conduite de la Classe A, mais il donne l'impression que la voiture colle \u00e0 la route. Les sorties d'\u00e9chappement sport personnalis\u00e9s - deux jeux de deux sorties - s'int\u00e8grent parfaitement dans les d\u00e9coupes du diffuseur, ce qui conf\u00e8re \u00e0 l'arri\u00e8re une apparence impressionnante. Brabus a \u00e9galement \u00e9quip\u00e9 l\u2019arri\u00e8re de la Classe A d\u2019un spoiler qui cr\u00e9e de l'appuis.<\/p>\n<p>Brabus a \u00e9quip\u00e9 la Classe A de jantes personnalis\u00e9es, allant des jantes monobloc H2 \u00e0 17 rayons monobloc de 17 x 8,5 pouces aux jantes peintes argent de 19 x 8,5 pouces monobloc H2, double branches diamant\u00e9es, \"Liquid Titanium\". Entre ces deux styles de jante n'\u00e9xistent que des options presque illimit\u00e9es, vous avez donc beaucoup de choix.<\/p>\n<p>Dans l\u2019ensemble, Brabus a pris grand soin de l\u2019ext\u00e9rieur de la Classe A. La Classe A pr\u00e9sente d\u00e9j\u00e0 des lignes de carrosserie et des formes tr\u00e8s impressionnantes. Nous ne pouvons donc pas reprocher \u00e0 Brabus de veiller \u00e0 ne pas interf\u00e9rer avec ce que Mercedes a construit.<\/p>\n<h2>Int\u00e9rieur<\/h2>\n<figure id=\"attachment_18798\" aria-describedby=\"caption-attachment-18798\" style=\"width: 590px\" class=\"wp-caption alignnone\"><a href=\"http:\/\/www.carideal.com\/blog\/wp-content\/uploads\/2012\/11\/mercedes-benz-a-clas-1-e1549035935842.jpg\"><img loading=\"lazy\" decoding=\"async\" class=\"size-full wp-image-18798\" src=\"http:\/\/www.carideal.com\/blog\/wp-content\/uploads\/2012\/11\/mercedes-benz-a-clas-1-e1549035935842.jpg\" alt=\"Mercedes Classe A Brabus\" width=\"600\" height=\"397\" \/><\/a><figcaption id=\"caption-attachment-18798\" class=\"wp-caption-text\">Mercedes Classe A Brabus<\/figcaption><\/figure>\n<p>Lorsque vous entrez dans la Classe A, une plaque de seuil de porte \u00abBrabus\u00bb allum\u00e9e vous salue, vous permettant de savoir qu'il ne s'agit pas d'une Classe A normale. Brabus propose une garniture int\u00e9rieure en cuir et en Alcantara, comprenant \u00e0 la fois des si\u00e8ges avant, des appuie-t\u00eate, une banquette arri\u00e8re et quatre inserts de porte. Brabus vous offre votre choix de couleur de couture et de cuir pour vous aider \u00e0 la personnalisation de votre Classe A.<\/p>\n<figure id=\"attachment_18799\" aria-describedby=\"caption-attachment-18799\" style=\"width: 590px\" class=\"wp-caption alignnone\"><a href=\"http:\/\/www.carideal.com\/blog\/wp-content\/uploads\/2012\/11\/mercedes-benz-a-clas-4-e1549035977673.jpg\"><img loading=\"lazy\" decoding=\"async\" class=\"size-full wp-image-18799\" src=\"http:\/\/www.carideal.com\/blog\/wp-content\/uploads\/2012\/11\/mercedes-benz-a-clas-4-e1549035977673.jpg\" alt=\"Mercedes Classe A Brabus\" width=\"600\" height=\"397\" \/><\/a><figcaption id=\"caption-attachment-18799\" class=\"wp-caption-text\">Mercedes Classe A Brabus<\/figcaption><\/figure>\n<p>Sont \u00e9galement couverts en cuir et en Alcantara les piliers A, B, C et D, les pare-soleil, les accoudoirs, le tableau de bord, le levier de changement de vitesse, le cache de l\u2019airbag, le tableau de bord et la garniture de pavillon. Un peu plus de style \u00e0 l\u2019int\u00e9rieur de la Classe A vous trouverez le p\u00e9dalier en aluminium Brabus et les verrouillage de porte Brabus. Vous obtenez \u00e9galement un tapis de coffre et un ensemble de tapis de sol portant le logo \u00abBrabus\u00bb.<\/p>\n<p>La Mercedes-Bens A-Class dispose d\u00e9j\u00e0 d'un int\u00e9rieur \u00e9poustouflant et les ajouts de Brabus ne font que le rendre encore meilleur. La garniture en cuir et en alcantara est ph\u00e9nom\u00e9nale et les pointes d'aluminium le mettent parfaitement en valeur.<\/p>\n<h2>MOTEUR ET TRANSMISSION<\/h2>\n<figure id=\"attachment_18801\" aria-describedby=\"caption-attachment-18801\" style=\"width: 590px\" class=\"wp-caption alignnone\"><a href=\"http:\/\/www.carideal.com\/blog\/wp-content\/uploads\/2012\/11\/mercedes-benz-a-clas-7-e1549036058754.jpg\"><img loading=\"lazy\" decoding=\"async\" class=\"size-full wp-image-18801\" src=\"http:\/\/www.carideal.com\/blog\/wp-content\/uploads\/2012\/11\/mercedes-benz-a-clas-7-e1549036058754.jpg\" alt=\"Mercedes Classe A Brabus\" width=\"600\" height=\"397\" \/><\/a><figcaption id=\"caption-attachment-18801\" class=\"wp-caption-text\">Mercedes Classe A Brabus<\/figcaption><\/figure>\n<p>Brabus est assez secret avec ses mises \u00e0 niveau du moteur, que nous ne pouvons pas leur reprocher. Brabus aurait d\u00e9clar\u00e9:<\/p>\n<blockquote><p>Brabus propose le programme de r\u00e9glage du moteur le plus vaste au monde pour les automobiles Mercedes-Benz\"<\/p><\/blockquote>\n<p>La priorit\u00e9 absolue dans tous les d\u00e9veloppements de moteurs Brabus est la symbiose de hautes performances, d\u2019une excellente souplesse de fonctionnement, d\u2019un respect de l\u2019environnement exemplaire et d\u2019une durabilit\u00e9 sans faille. Brabus recommande les lubrifiants hautes performances de MOTUL. Le r\u00e9glage des performances des moteurs \u00e0 essence et diesel de la nouvelle Mercedes Classe A est en phase finale de d\u00e9veloppement. \u201d<\/p>\n<figure id=\"attachment_18803\" aria-describedby=\"caption-attachment-18803\" style=\"width: 590px\" class=\"wp-caption alignnone\"><a href=\"http:\/\/www.carideal.com\/blog\/wp-content\/uploads\/2012\/11\/mercedes-benz-a-clas-20-e1549036167794.jpg\"><img loading=\"lazy\" decoding=\"async\" class=\"size-full wp-image-18803\" src=\"http:\/\/www.carideal.com\/blog\/wp-content\/uploads\/2012\/11\/mercedes-benz-a-clas-20-e1549036167794.jpg\" alt=\"Mercedes Classe A Brabus\" width=\"600\" height=\"397\" \/><\/a><figcaption id=\"caption-attachment-18803\" class=\"wp-caption-text\">Mercedes Classe A Brabus<\/figcaption><\/figure>\n<p>Cela signifie que des tonnes de mises \u00e0 niveau sont \u00e0 venir, comme d'habitude, et que nous pr\u00e9voyons que Brabus couvrira toute la gamme des moteurs susmentionn\u00e9s. Attendez-vous \u00e0 des augmentations de 20 \u00e0 25%. Brabus nous a fait savoir qu\u2019il comprendrait un syst\u00e8me d\u2019\u00e9chappement sportif avec sorties d'\u00e9chappement chrom\u00e9es. Cela augmente non seulement les performances de la Classe-A, mais ajoute \u00e9galement un son guttural. Tous les niveaux de finition, \u00e0 l'exception de l'A 250, ne disposent que d'un silencieux et de tuyaux d'\u00e9chappement, et l'A 250 est \u00e9quip\u00e9 d'un syst\u00e8me d'\u00e9chappement \u00e0 cat-back avec vannes de contr\u00f4le du son.<\/p>\n<p>Nous mettrons \u00e0 jour les mises \u00e0 niveau d\u00e8s que Brabus les publiera.<\/p>\n<h2>SUSPENSION<\/h2>\n<figure id=\"attachment_18804\" aria-describedby=\"caption-attachment-18804\" style=\"width: 590px\" class=\"wp-caption alignnone\"><a href=\"http:\/\/www.carideal.com\/blog\/wp-content\/uploads\/2012\/11\/mercedes-benz-a-clas-21-e1549036207212.jpg\"><img loading=\"lazy\" decoding=\"async\" class=\"size-full wp-image-18804\" src=\"http:\/\/www.carideal.com\/blog\/wp-content\/uploads\/2012\/11\/mercedes-benz-a-clas-21-e1549036207212.jpg\" alt=\"Mercedes Classe A Brabus\" width=\"600\" height=\"397\" \/><\/a><figcaption id=\"caption-attachment-18804\" class=\"wp-caption-text\">Mercedes Classe A Brabus<\/figcaption><\/figure>\n<p>La Classe A est \u00e9tonnamment agile pour une berline. Elle dispose d\u2019un centre de gravit\u00e9 bas, du syst\u00e8me de direction direct \u00e9lectrom\u00e9canique de Mercedes et d\u2019une suspension arri\u00e8re multibras. En plus de son syst\u00e8me de suspension d\u00e9j\u00e0 impressionnant, Brabus a ajout\u00e9 des ressorts sportifs. Nous sommes s\u00fbrs qu\u2019il ya plus d\u2019informations \u00e0 transmettre, mais Brabus est un peu avare jusqu\u2019\u00e0 ce que le salon de l\u2019Essen s'ouvre.<\/p>\n<h2>PRIX ET DISPONIBILIT\u00c9<\/h2>\n<p>Il n\u2019existe pas encore de prix publi\u00e9, mais nous sommes certains qu\u2019un prix sera appos\u00e9e au salon automobile d\u2019Essen. Nous supposons \u00e9galement que le kit complet fera ses d\u00e9buts peu de temps apr\u00e8s le salon de l'automobile d'Essen.<\/p>\n<h2>CONCLUSION<\/h2>\n<p>Globalement, nous aimons ce que Brabus a fait ici. La Classe A est d\u00e9j\u00e0 une tr\u00e8s belle voiture, et Brabus en a ajout\u00e9 juste assez pour la rendre plus belle et plus r\u00e9sistante. Nous nous attendons \u00e9galement \u00e0 ce que les modifications apport\u00e9es au moteur et \u00e0 la suspension rendent la Classe A impressionnante. Nous sommes vraiment ravis de voir ses d\u00e9buts le 1er d\u00e9cembre et nous serons poursuivis en justice pour vous mettre \u00e0 jour d\u00e8s que nous en apprendrons plus.<\/p>\n<h2>Brabus fait son show sur la classe A en vid\u00e9o<\/h2>\n<p><iframe loading=\"lazy\" src=\"http:\/\/www.youtube.com\/embed\/T5e1RHN3Y-w\" width=\"640\" height=\"360\" frameborder=\"0\" allowfullscreen=\"allowfullscreen\"><\/iframe><\/p>\n","protected":false},"excerpt":{"rendered":"<p>Nouvelle Mercedes classe A par Brabus en Vid\u00e9o Aussit\u00f4t sortie&#8230; Brabus l&rsquo;a fait ! Brabus est probablement l&rsquo;un des tuners Mercedes-Benz les plus c\u00e9l\u00e8bres et les plus r\u00e9ussis de la plan\u00e8te, et cela ne fait aucun doute. Ils jouent probablement le num\u00e9ro 2 uniquement avec AMG, dans des transformations qui transforment les Mercedes relativement timides &#8230; <a title=\"Nouvelle Mercedes classe A par Brabus en Vid\u00e9o\" class=\"read-more\" href=\"https:\/\/www.carideal.com\/blog\/2012\/11\/29\/nouvelle-mercedes-classe-a-par-brabus-en-video\/\" aria-label=\"En savoir plus sur Nouvelle Mercedes classe A par Brabus en Vid\u00e9o\">Lire plus<\/a><\/p>\n","protected":false},"author":1,"featured_media":18796,"comment_status":"open","ping_status":"open","sticky":false,"template":"","format":"video","meta":{"_uag_custom_page_level_css":"","_themeisle_gutenberg_block_has_review":false,"footnotes":""},"categories":[5995,17,18],"tags":[4685],"class_list":["post-1823","post","type-post","status-publish","format-video","has-post-thumbnail","hentry","category-mercedes","category-tuning","category-videos","tag-brabus","post_format-post-format-video"],"wppr_data":{"cwp_meta_box_check":"No"},"yoast_head":"<!-- This site is optimized with the Yoast SEO plugin v24.8.1 - https:\/\/yoast.com\/wordpress\/plugins\/seo\/ -->\n<title>Nouvelle Mercedes classe A par Brabus en Vid\u00e9o - Blog auto Carid\u00e9al<\/title>\n<meta name=\"description\" content=\"Brabus est probablement l&#039;un des tuner Mercedes-Benz les plus c\u00e9l\u00e8bres et les plus remarquables de la plan\u00e8te. Nouvelle Mercedes classe A par Brabus en Vid\u00e9o\" \/>\n<meta name=\"robots\" content=\"index, follow, max-snippet:-1, max-image-preview:large, max-video-preview:-1\" \/>\n<link rel=\"canonical\" href=\"https:\/\/www.carideal.com\/blog\/2012\/11\/29\/nouvelle-mercedes-classe-a-par-brabus-en-video\/\" \/>\n<meta property=\"og:locale\" content=\"fr_FR\" \/>\n<meta property=\"og:type\" content=\"article\" \/>\n<meta property=\"og:title\" content=\"Nouvelle Mercedes classe A par Brabus en Vid\u00e9o - Blog auto Carid\u00e9al\" \/>\n<meta property=\"og:description\" content=\"Brabus est probablement l&#039;un des tuner Mercedes-Benz les plus c\u00e9l\u00e8bres et les plus remarquables de la plan\u00e8te. Nouvelle Mercedes classe A par Brabus en Vid\u00e9o\" \/>\n<meta property=\"og:url\" content=\"https:\/\/www.carideal.com\/blog\/2012\/11\/29\/nouvelle-mercedes-classe-a-par-brabus-en-video\/\" \/>\n<meta property=\"og:site_name\" content=\"Blog auto Carid\u00e9al\" \/>\n<meta property=\"article:publisher\" content=\"https:\/\/www.facebook.com\/Carideal.mandataire.automobile\" \/>\n<meta property=\"article:author\" content=\"https:\/\/www.facebook.com\/Carideal.mandataire.automobile\/\" \/>\n<meta property=\"article:published_time\" content=\"2012-11-29T17:28:00+00:00\" \/>\n<meta property=\"article:modified_time\" content=\"2019-02-01T15:55:06+00:00\" \/>\n<meta property=\"og:image\" content=\"https:\/\/www.carideal.com\/blog\/wp-content\/uploads\/2012\/11\/brabus_classe_a_carideal_mandataire_automobile_m.jpg\" \/>\n\t<meta property=\"og:image:width\" content=\"448\" \/>\n\t<meta property=\"og:image:height\" content=\"291\" \/>\n\t<meta property=\"og:image:type\" content=\"image\/jpeg\" \/>\n<meta name=\"author\" content=\"N.S Carideal\" \/>\n<meta name=\"twitter:card\" content=\"summary_large_image\" \/>\n<meta name=\"twitter:creator\" content=\"@caridealauto\" \/>\n<meta name=\"twitter:site\" content=\"@caridealauto\" \/>\n<meta name=\"twitter:label1\" content=\"\u00c9crit par\" \/>\n\t<meta name=\"twitter:data1\" content=\"N.S Carideal\" \/>\n\t<meta name=\"twitter:label2\" content=\"Dur\u00e9e de lecture estim\u00e9e\" \/>\n\t<meta name=\"twitter:data2\" content=\"6 minutes\" \/>\n<script type=\"application\/ld+json\" class=\"yoast-schema-graph\">{\"@context\":\"https:\/\/schema.org\",\"@graph\":[{\"@type\":\"Article\",\"@id\":\"https:\/\/www.carideal.com\/blog\/2012\/11\/29\/nouvelle-mercedes-classe-a-par-brabus-en-video\/#article\",\"isPartOf\":{\"@id\":\"https:\/\/www.carideal.com\/blog\/2012\/11\/29\/nouvelle-mercedes-classe-a-par-brabus-en-video\/\"},\"author\":{\"name\":\"N.S Carideal\",\"@id\":\"https:\/\/www.carideal.com\/blog\/#\/schema\/person\/985c7e757d1042d647f21bfaf8d41ebc\"},\"headline\":\"Nouvelle Mercedes classe A par Brabus en Vid\u00e9o\",\"datePublished\":\"2012-11-29T17:28:00+00:00\",\"dateModified\":\"2019-02-01T15:55:06+00:00\",\"mainEntityOfPage\":{\"@id\":\"https:\/\/www.carideal.com\/blog\/2012\/11\/29\/nouvelle-mercedes-classe-a-par-brabus-en-video\/\"},\"wordCount\":1277,\"commentCount\":0,\"publisher\":{\"@id\":\"https:\/\/www.carideal.com\/blog\/#organization\"},\"image\":{\"@id\":\"https:\/\/www.carideal.com\/blog\/2012\/11\/29\/nouvelle-mercedes-classe-a-par-brabus-en-video\/#primaryimage\"},\"thumbnailUrl\":\"https:\/\/www.carideal.com\/blog\/wp-content\/uploads\/2012\/11\/brabus_classe_a_carideal_mandataire_automobile_m.jpg\",\"keywords\":[\"Brabus\"],\"articleSection\":[\"Actualit\u00e9 Mercedes\",\"Tuning\",\"Vid\u00e9o voiture : vid\u00e9o automobile\"],\"inLanguage\":\"fr-FR\",\"potentialAction\":[{\"@type\":\"CommentAction\",\"name\":\"Comment\",\"target\":[\"https:\/\/www.carideal.com\/blog\/2012\/11\/29\/nouvelle-mercedes-classe-a-par-brabus-en-video\/#respond\"]}]},{\"@type\":\"WebPage\",\"@id\":\"https:\/\/www.carideal.com\/blog\/2012\/11\/29\/nouvelle-mercedes-classe-a-par-brabus-en-video\/\",\"url\":\"https:\/\/www.carideal.com\/blog\/2012\/11\/29\/nouvelle-mercedes-classe-a-par-brabus-en-video\/\",\"name\":\"Nouvelle Mercedes classe A par Brabus en Vid\u00e9o - Blog auto Carid\u00e9al\",\"isPartOf\":{\"@id\":\"https:\/\/www.carideal.com\/blog\/#website\"},\"primaryImageOfPage\":{\"@id\":\"https:\/\/www.carideal.com\/blog\/2012\/11\/29\/nouvelle-mercedes-classe-a-par-brabus-en-video\/#primaryimage\"},\"image\":{\"@id\":\"https:\/\/www.carideal.com\/blog\/2012\/11\/29\/nouvelle-mercedes-classe-a-par-brabus-en-video\/#primaryimage\"},\"thumbnailUrl\":\"https:\/\/www.carideal.com\/blog\/wp-content\/uploads\/2012\/11\/brabus_classe_a_carideal_mandataire_automobile_m.jpg\",\"datePublished\":\"2012-11-29T17:28:00+00:00\",\"dateModified\":\"2019-02-01T15:55:06+00:00\",\"description\":\"Brabus est probablement l'un des tuner Mercedes-Benz les plus c\u00e9l\u00e8bres et les plus remarquables de la plan\u00e8te. Nouvelle Mercedes classe A par Brabus en Vid\u00e9o\",\"breadcrumb\":{\"@id\":\"https:\/\/www.carideal.com\/blog\/2012\/11\/29\/nouvelle-mercedes-classe-a-par-brabus-en-video\/#breadcrumb\"},\"inLanguage\":\"fr-FR\",\"potentialAction\":[{\"@type\":\"ReadAction\",\"target\":[\"https:\/\/www.carideal.com\/blog\/2012\/11\/29\/nouvelle-mercedes-classe-a-par-brabus-en-video\/\"]}]},{\"@type\":\"ImageObject\",\"inLanguage\":\"fr-FR\",\"@id\":\"https:\/\/www.carideal.com\/blog\/2012\/11\/29\/nouvelle-mercedes-classe-a-par-brabus-en-video\/#primaryimage\",\"url\":\"https:\/\/www.carideal.com\/blog\/wp-content\/uploads\/2012\/11\/brabus_classe_a_carideal_mandataire_automobile_m.jpg\",\"contentUrl\":\"https:\/\/www.carideal.com\/blog\/wp-content\/uploads\/2012\/11\/brabus_classe_a_carideal_mandataire_automobile_m.jpg\",\"width\":448,\"height\":291,\"caption\":\"Nouvelle Mercedes classe A par Brabus en Vid\u00e9o\"},{\"@type\":\"BreadcrumbList\",\"@id\":\"https:\/\/www.carideal.com\/blog\/2012\/11\/29\/nouvelle-mercedes-classe-a-par-brabus-en-video\/#breadcrumb\",\"itemListElement\":[{\"@type\":\"ListItem\",\"position\":1,\"name\":\"Blog Carid\u00e9al\",\"item\":\"https:\/\/www.carideal.com\/blog\/\"},{\"@type\":\"ListItem\",\"position\":2,\"name\":\"Actualit\u00e9 constructeur automobile\",\"item\":\"https:\/\/www.carideal.com\/blog\/constructeur\/\"},{\"@type\":\"ListItem\",\"position\":3,\"name\":\"Actualit\u00e9 Mercedes\",\"item\":\"https:\/\/www.carideal.com\/blog\/constructeur\/mercedes\/\"},{\"@type\":\"ListItem\",\"position\":4,\"name\":\"Nouvelle Mercedes classe A par Brabus en Vid\u00e9o\"}]},{\"@type\":\"WebSite\",\"@id\":\"https:\/\/www.carideal.com\/blog\/#website\",\"url\":\"https:\/\/www.carideal.com\/blog\/\",\"name\":\"Blog auto Carid\u00e9al\",\"description\":\"Actualit\u00e9 auto par des passionn\u00e9s\",\"publisher\":{\"@id\":\"https:\/\/www.carideal.com\/blog\/#organization\"},\"potentialAction\":[{\"@type\":\"SearchAction\",\"target\":{\"@type\":\"EntryPoint\",\"urlTemplate\":\"https:\/\/www.carideal.com\/blog\/?s={search_term_string}\"},\"query-input\":{\"@type\":\"PropertyValueSpecification\",\"valueRequired\":true,\"valueName\":\"search_term_string\"}}],\"inLanguage\":\"fr-FR\"},{\"@type\":\"Organization\",\"@id\":\"https:\/\/www.carideal.com\/blog\/#organization\",\"name\":\"Carideal\",\"url\":\"https:\/\/www.carideal.com\/blog\/\",\"logo\":{\"@type\":\"ImageObject\",\"inLanguage\":\"fr-FR\",\"@id\":\"https:\/\/www.carideal.com\/blog\/#\/schema\/logo\/image\/\",\"url\":\"http:\/\/www.carideal.com\/blog\/wp-content\/uploads\/2016\/03\/logo-carideal-mandataire-automobile.png\",\"contentUrl\":\"http:\/\/www.carideal.com\/blog\/wp-content\/uploads\/2016\/03\/logo-carideal-mandataire-automobile.png\",\"width\":300,\"height\":300,\"caption\":\"Carideal\"},\"image\":{\"@id\":\"https:\/\/www.carideal.com\/blog\/#\/schema\/logo\/image\/\"},\"sameAs\":[\"https:\/\/www.facebook.com\/Carideal.mandataire.automobile\",\"https:\/\/x.com\/caridealauto\",\"https:\/\/www.instagram.com\/carideal1\/\",\"https:\/\/www.linkedin.com\/company\/carideal.com\",\"https:\/\/fr.pinterest.com\/schiavonsas\/\",\"https:\/\/www.youtube.com\/user\/caridealsas\"]},{\"@type\":\"Person\",\"@id\":\"https:\/\/www.carideal.com\/blog\/#\/schema\/person\/985c7e757d1042d647f21bfaf8d41ebc\",\"name\":\"N.S Carideal\",\"image\":{\"@type\":\"ImageObject\",\"inLanguage\":\"fr-FR\",\"@id\":\"https:\/\/www.carideal.com\/blog\/#\/schema\/person\/image\/\",\"url\":\"https:\/\/secure.gravatar.com\/avatar\/edb7ccdf1a4e3d14aef967760d354d0e?s=96&r=g\",\"contentUrl\":\"https:\/\/secure.gravatar.com\/avatar\/edb7ccdf1a4e3d14aef967760d354d0e?s=96&r=g\",\"caption\":\"N.S Carideal\"},\"description\":\"Depuis tout petit fan d'automobile. Il est question d'essayer et de comparer toutes ces voitures qui nous ont fait r\u00e9ver, avant que celles-ci ne devient uniquement des voitures de collection.\",\"sameAs\":[\"http:\/\/www.carideal.com\/blog\",\"https:\/\/www.facebook.com\/Carideal.mandataire.automobile\/\",\"https:\/\/www.linkedin.com\/in\/nschiavon\/\",\"https:\/\/www.youtube.com\/user\/caridealsas\/\"],\"url\":\"https:\/\/www.carideal.com\/blog\/author\/admin_carideal\/\"}]}<\/script>\n<!-- \/ Yoast SEO plugin. -->","yoast_head_json":{"title":"Nouvelle Mercedes classe A par Brabus en Vid\u00e9o - Blog auto Carid\u00e9al","description":"Brabus est probablement l'un des tuner Mercedes-Benz les plus c\u00e9l\u00e8bres et les plus remarquables de la plan\u00e8te. Nouvelle Mercedes classe A par Brabus en Vid\u00e9o","robots":{"index":"index","follow":"follow","max-snippet":"max-snippet:-1","max-image-preview":"max-image-preview:large","max-video-preview":"max-video-preview:-1"},"canonical":"https:\/\/www.carideal.com\/blog\/2012\/11\/29\/nouvelle-mercedes-classe-a-par-brabus-en-video\/","og_locale":"fr_FR","og_type":"article","og_title":"Nouvelle Mercedes classe A par Brabus en Vid\u00e9o - Blog auto Carid\u00e9al","og_description":"Brabus est probablement l'un des tuner Mercedes-Benz les plus c\u00e9l\u00e8bres et les plus remarquables de la plan\u00e8te. Nouvelle Mercedes classe A par Brabus en Vid\u00e9o","og_url":"https:\/\/www.carideal.com\/blog\/2012\/11\/29\/nouvelle-mercedes-classe-a-par-brabus-en-video\/","og_site_name":"Blog auto Carid\u00e9al","article_publisher":"https:\/\/www.facebook.com\/Carideal.mandataire.automobile","article_author":"https:\/\/www.facebook.com\/Carideal.mandataire.automobile\/","article_published_time":"2012-11-29T17:28:00+00:00","article_modified_time":"2019-02-01T15:55:06+00:00","og_image":[{"width":448,"height":291,"url":"https:\/\/www.carideal.com\/blog\/wp-content\/uploads\/2012\/11\/brabus_classe_a_carideal_mandataire_automobile_m.jpg","type":"image\/jpeg"}],"author":"N.S Carideal","twitter_card":"summary_large_image","twitter_creator":"@caridealauto","twitter_site":"@caridealauto","twitter_misc":{"\u00c9crit par":"N.S Carideal","Dur\u00e9e de lecture estim\u00e9e":"6 minutes"},"schema":{"@context":"https:\/\/schema.org","@graph":[{"@type":"Article","@id":"https:\/\/www.carideal.com\/blog\/2012\/11\/29\/nouvelle-mercedes-classe-a-par-brabus-en-video\/#article","isPartOf":{"@id":"https:\/\/www.carideal.com\/blog\/2012\/11\/29\/nouvelle-mercedes-classe-a-par-brabus-en-video\/"},"author":{"name":"N.S Carideal","@id":"https:\/\/www.carideal.com\/blog\/#\/schema\/person\/985c7e757d1042d647f21bfaf8d41ebc"},"headline":"Nouvelle Mercedes classe A par Brabus en Vid\u00e9o","datePublished":"2012-11-29T17:28:00+00:00","dateModified":"2019-02-01T15:55:06+00:00","mainEntityOfPage":{"@id":"https:\/\/www.carideal.com\/blog\/2012\/11\/29\/nouvelle-mercedes-classe-a-par-brabus-en-video\/"},"wordCount":1277,"commentCount":0,"publisher":{"@id":"https:\/\/www.carideal.com\/blog\/#organization"},"image":{"@id":"https:\/\/www.carideal.com\/blog\/2012\/11\/29\/nouvelle-mercedes-classe-a-par-brabus-en-video\/#primaryimage"},"thumbnailUrl":"https:\/\/www.carideal.com\/blog\/wp-content\/uploads\/2012\/11\/brabus_classe_a_carideal_mandataire_automobile_m.jpg","keywords":["Brabus"],"articleSection":["Actualit\u00e9 Mercedes","Tuning","Vid\u00e9o voiture : vid\u00e9o automobile"],"inLanguage":"fr-FR","potentialAction":[{"@type":"CommentAction","name":"Comment","target":["https:\/\/www.carideal.com\/blog\/2012\/11\/29\/nouvelle-mercedes-classe-a-par-brabus-en-video\/#respond"]}]},{"@type":"WebPage","@id":"https:\/\/www.carideal.com\/blog\/2012\/11\/29\/nouvelle-mercedes-classe-a-par-brabus-en-video\/","url":"https:\/\/www.carideal.com\/blog\/2012\/11\/29\/nouvelle-mercedes-classe-a-par-brabus-en-video\/","name":"Nouvelle Mercedes classe A par Brabus en Vid\u00e9o - Blog auto Carid\u00e9al","isPartOf":{"@id":"https:\/\/www.carideal.com\/blog\/#website"},"primaryImageOfPage":{"@id":"https:\/\/www.carideal.com\/blog\/2012\/11\/29\/nouvelle-mercedes-classe-a-par-brabus-en-video\/#primaryimage"},"image":{"@id":"https:\/\/www.carideal.com\/blog\/2012\/11\/29\/nouvelle-mercedes-classe-a-par-brabus-en-video\/#primaryimage"},"thumbnailUrl":"https:\/\/www.carideal.com\/blog\/wp-content\/uploads\/2012\/11\/brabus_classe_a_carideal_mandataire_automobile_m.jpg","datePublished":"2012-11-29T17:28:00+00:00","dateModified":"2019-02-01T15:55:06+00:00","description":"Brabus est probablement l'un des tuner Mercedes-Benz les plus c\u00e9l\u00e8bres et les plus remarquables de la plan\u00e8te. Nouvelle Mercedes classe A par Brabus en Vid\u00e9o","breadcrumb":{"@id":"https:\/\/www.carideal.com\/blog\/2012\/11\/29\/nouvelle-mercedes-classe-a-par-brabus-en-video\/#breadcrumb"},"inLanguage":"fr-FR","potentialAction":[{"@type":"ReadAction","target":["https:\/\/www.carideal.com\/blog\/2012\/11\/29\/nouvelle-mercedes-classe-a-par-brabus-en-video\/"]}]},{"@type":"ImageObject","inLanguage":"fr-FR","@id":"https:\/\/www.carideal.com\/blog\/2012\/11\/29\/nouvelle-mercedes-classe-a-par-brabus-en-video\/#primaryimage","url":"https:\/\/www.carideal.com\/blog\/wp-content\/uploads\/2012\/11\/brabus_classe_a_carideal_mandataire_automobile_m.jpg","contentUrl":"https:\/\/www.carideal.com\/blog\/wp-content\/uploads\/2012\/11\/brabus_classe_a_carideal_mandataire_automobile_m.jpg","width":448,"height":291,"caption":"Nouvelle Mercedes classe A par Brabus en Vid\u00e9o"},{"@type":"BreadcrumbList","@id":"https:\/\/www.carideal.com\/blog\/2012\/11\/29\/nouvelle-mercedes-classe-a-par-brabus-en-video\/#breadcrumb","itemListElement":[{"@type":"ListItem","position":1,"name":"Blog Carid\u00e9al","item":"https:\/\/www.carideal.com\/blog\/"},{"@type":"ListItem","position":2,"name":"Actualit\u00e9 constructeur automobile","item":"https:\/\/www.carideal.com\/blog\/constructeur\/"},{"@type":"ListItem","position":3,"name":"Actualit\u00e9 Mercedes","item":"https:\/\/www.carideal.com\/blog\/constructeur\/mercedes\/"},{"@type":"ListItem","position":4,"name":"Nouvelle Mercedes classe A par Brabus en Vid\u00e9o"}]},{"@type":"WebSite","@id":"https:\/\/www.carideal.com\/blog\/#website","url":"https:\/\/www.carideal.com\/blog\/","name":"Blog auto Carid\u00e9al","description":"Actualit\u00e9 auto par des passionn\u00e9s","publisher":{"@id":"https:\/\/www.carideal.com\/blog\/#organization"},"potentialAction":[{"@type":"SearchAction","target":{"@type":"EntryPoint","urlTemplate":"https:\/\/www.carideal.com\/blog\/?s={search_term_string}"},"query-input":{"@type":"PropertyValueSpecification","valueRequired":true,"valueName":"search_term_string"}}],"inLanguage":"fr-FR"},{"@type":"Organization","@id":"https:\/\/www.carideal.com\/blog\/#organization","name":"Carideal","url":"https:\/\/www.carideal.com\/blog\/","logo":{"@type":"ImageObject","inLanguage":"fr-FR","@id":"https:\/\/www.carideal.com\/blog\/#\/schema\/logo\/image\/","url":"http:\/\/www.carideal.com\/blog\/wp-content\/uploads\/2016\/03\/logo-carideal-mandataire-automobile.png","contentUrl":"http:\/\/www.carideal.com\/blog\/wp-content\/uploads\/2016\/03\/logo-carideal-mandataire-automobile.png","width":300,"height":300,"caption":"Carideal"},"image":{"@id":"https:\/\/www.carideal.com\/blog\/#\/schema\/logo\/image\/"},"sameAs":["https:\/\/www.facebook.com\/Carideal.mandataire.automobile","https:\/\/x.com\/caridealauto","https:\/\/www.instagram.com\/carideal1\/","https:\/\/www.linkedin.com\/company\/carideal.com","https:\/\/fr.pinterest.com\/schiavonsas\/","https:\/\/www.youtube.com\/user\/caridealsas"]},{"@type":"Person","@id":"https:\/\/www.carideal.com\/blog\/#\/schema\/person\/985c7e757d1042d647f21bfaf8d41ebc","name":"N.S Carideal","image":{"@type":"ImageObject","inLanguage":"fr-FR","@id":"https:\/\/www.carideal.com\/blog\/#\/schema\/person\/image\/","url":"https:\/\/secure.gravatar.com\/avatar\/edb7ccdf1a4e3d14aef967760d354d0e?s=96&r=g","contentUrl":"https:\/\/secure.gravatar.com\/avatar\/edb7ccdf1a4e3d14aef967760d354d0e?s=96&r=g","caption":"N.S Carideal"},"description":"Depuis tout petit fan d'automobile. Il est question d'essayer et de comparer toutes ces voitures qui nous ont fait r\u00e9ver, avant que celles-ci ne devient uniquement des voitures de collection.","sameAs":["http:\/\/www.carideal.com\/blog","https:\/\/www.facebook.com\/Carideal.mandataire.automobile\/","https:\/\/www.linkedin.com\/in\/nschiavon\/","https:\/\/www.youtube.com\/user\/caridealsas\/"],"url":"https:\/\/www.carideal.com\/blog\/author\/admin_carideal\/"}]}},"uagb_featured_image_src":{"full":["https:\/\/www.carideal.com\/blog\/wp-content\/uploads\/2012\/11\/brabus_classe_a_carideal_mandataire_automobile_m.jpg",448,291,false],"thumbnail":["https:\/\/www.carideal.com\/blog\/wp-content\/uploads\/2012\/11\/brabus_classe_a_carideal_mandataire_automobile_m-150x150.jpg",150,150,true],"medium":["https:\/\/www.carideal.com\/blog\/wp-content\/uploads\/2012\/11\/brabus_classe_a_carideal_mandataire_automobile_m-300x195.jpg",300,195,true],"medium_large":["https:\/\/www.carideal.com\/blog\/wp-content\/uploads\/2012\/11\/brabus_classe_a_carideal_mandataire_automobile_m.jpg",448,291,false],"large":["https:\/\/www.carideal.com\/blog\/wp-content\/uploads\/2012\/11\/brabus_classe_a_carideal_mandataire_automobile_m.jpg",448,291,false],"1536x1536":["https:\/\/www.carideal.com\/blog\/wp-content\/uploads\/2012\/11\/brabus_classe_a_carideal_mandataire_automobile_m.jpg",448,291,false],"2048x2048":["https:\/\/www.carideal.com\/blog\/wp-content\/uploads\/2012\/11\/brabus_classe_a_carideal_mandataire_automobile_m.jpg",448,291,false],"wppr-widget":["https:\/\/www.carideal.com\/blog\/wp-content\/uploads\/2012\/11\/brabus_classe_a_carideal_mandataire_automobile_m-50x32.jpg",50,32,true]},"uagb_author_info":{"display_name":"N.S Carideal","author_link":"https:\/\/www.carideal.com\/blog\/author\/admin_carideal\/"},"uagb_comment_info":0,"uagb_excerpt":"Nouvelle Mercedes classe A par Brabus en Vid\u00e9o Aussit\u00f4t sortie... Brabus l'a fait ! Brabus est probablement l'un des tuners Mercedes-Benz les plus c\u00e9l\u00e8bres et les plus r\u00e9ussis de la plan\u00e8te, et cela ne fait aucun doute. Ils jouent probablement le num\u00e9ro 2 uniquement avec AMG, dans des transformations qui transforment les Mercedes relativement timides\u2026","_links":{"self":[{"href":"https:\/\/www.carideal.com\/blog\/wp-json\/wp\/v2\/posts\/1823"}],"collection":[{"href":"https:\/\/www.carideal.com\/blog\/wp-json\/wp\/v2\/posts"}],"about":[{"href":"https:\/\/www.carideal.com\/blog\/wp-json\/wp\/v2\/types\/post"}],"author":[{"embeddable":true,"href":"https:\/\/www.carideal.com\/blog\/wp-json\/wp\/v2\/users\/1"}],"replies":[{"embeddable":true,"href":"https:\/\/www.carideal.com\/blog\/wp-json\/wp\/v2\/comments?post=1823"}],"version-history":[{"count":0,"href":"https:\/\/www.carideal.com\/blog\/wp-json\/wp\/v2\/posts\/1823\/revisions"}],"wp:featuredmedia":[{"embeddable":true,"href":"https:\/\/www.carideal.com\/blog\/wp-json\/wp\/v2\/media\/18796"}],"wp:attachment":[{"href":"https:\/\/www.carideal.com\/blog\/wp-json\/wp\/v2\/media?parent=1823"}],"wp:term":[{"taxonomy":"category","embeddable":true,"href":"https:\/\/www.carideal.com\/blog\/wp-json\/wp\/v2\/categories?post=1823"},{"taxonomy":"post_tag","embeddable":true,"href":"https:\/\/www.carideal.com\/blog\/wp-json\/wp\/v2\/tags?post=1823"}],"curies":[{"name":"wp","href":"https:\/\/api.w.org\/{rel}","templated":true}]}}