{"id":18226,"date":"2018-12-12T10:41:48","date_gmt":"2018-12-12T09:41:48","guid":{"rendered":"http:\/\/www.carideal.com\/blog\/?p=18226"},"modified":"2024-02-11T13:32:12","modified_gmt":"2024-02-11T12:32:12","slug":"range-rover-evoque-detail","status":"publish","type":"post","link":"https:\/\/www.carideal.com\/blog\/2018\/12\/12\/range-rover-evoque-detail\/","title":{"rendered":"Range Rover Evoque (2011-2018) en d\u00e9tail"},"content":{"rendered":"\n<h2 class=\"wp-block-heading\" id=\"h-le-caractere-familier-a-attenue-l-impact-du-style-du-range-rover-evoque-mais-il-est-luxueux-bien-concue-et-toujours-desirable\">Le caract\u00e8re familier a att\u00e9nu\u00e9 l\u2019impact du style du Range Rover Evoque, mais il est luxueux, bien con\u00e7ue et toujours d\u00e9sirable<\/h2>\n\n\n\n<p>Le <strong>Range Rover Evoque (2011-2018)<\/strong> est le mod\u00e8le le plus populaire de <a href=\"http:\/\/www.carideal.com\/blog\/marque-de-voiture-actualites-essais\/land-rover\/\">Land Rover<\/a> - et il est facile de comprendre pourquoi. Ce n\u2019est pas tout \u00e0 fait un v\u00e9hicule Range Rover \u00e0 prix r\u00e9duit, mais beaucoup de technologie, de capacit\u00e9 et de style ont \u00e9t\u00e9 concentr\u00e9s dans ce <a href=\"http:\/\/www.carideal.com\/blog\/2008\/03\/25\/guide-d-achat-des-suv-compact-diesel\/\">SUV compact<\/a>.<\/p>\n\n\n\n<p>L\u2019Evoque existe depuis 2011 et n\u2019a connu que des mises \u00e0 jour mineures depuis, mais il reste doux \u00e0 conduire, confortable et n\u2019a jamais \u00e9t\u00e9 aussi \u00e9conomique, gr\u00e2ce \u00e0 l\u2019ajout des nouveaux moteurs diesel Ingenium de JLR.<\/p>\n\n\n\n<p>Le raffinement a \u00e9galement progress\u00e9 et \u00e9quip\u00e9 de la bo\u00eete automatique \u00e0 neuf rapports, il n\u2019y a pas beaucoup de SUV compacts plus luxueux sur le march\u00e9. Soyez prudent avec les options car le prix peut rapidement augmenter.<\/p>\n\n\n\n<p>\u2022 BMW X1 vs Audi Q3 vs Range Rover Evoque<\/p>\n\n\n\n<p><strong>Notre choix<\/strong><\/p>\n\n\n\n<p><strong>Range Rover Evoque 2.0 Sd4 240 BVA Autobiography (Tout-Terrain)<\/strong><\/p>\n\n\n\n<figure class=\"wp-block-image alignnone\"><a href=\"http:\/\/www.carideal.com\/blog\/wp-content\/uploads\/2018\/12\/range-rover-evoque-2011-2018-2-e1544606057892.jpg\"><img loading=\"lazy\" decoding=\"async\" width=\"600\" height=\"400\" src=\"http:\/\/www.carideal.com\/blog\/wp-content\/uploads\/2018\/12\/range-rover-evoque-2011-2018-2-e1544606057892.jpg\" alt=\"Range Rover Evoque 2011 2018 en d\u00e9tail\" class=\"wp-image-18240\"\/><\/a><figcaption class=\"wp-element-caption\">Range Rover Evoque 2011 2018 en d\u00e9tail<\/figcaption><\/figure>\n\n\n\n<p>C\u2019est difficile \u00e0 croire, mais une d\u00e9cennie a pass\u00e9 depuis que Land Rover a choqu\u00e9 le Salon de l\u2019automobile de Detroit avec le <a href=\"http:\/\/www.carideal.com\/blog\/2011\/08\/26\/land-rover-evoque-5p-arrive-en-septembre\/\">concept LRX<\/a> qui annon\u00e7ait l\u2019Evoque.<\/p>\n\n\n\n<p>L\u2019Evoque est en vente depuis 2011 et, bien qu\u2019il y ait eu quelques changements de d\u00e9tail au fil des ans, la voiture que vous pouvez encore acheter chez un concessionnaire Land Rover est toujours essentiellement la m\u00eame. Certes, une partie de la nouveaut\u00e9 a disparu, mais il est ind\u00e9niable que l\u2019Evoque se d\u00e9marque encore des concurrents plus conservateurs tels que l\u2019<a href=\"http:\/\/www.carideal.com\/blog\/2016\/02\/10\/audi-q5-2016\/\">Audi Q5<\/a>, la BMW X3, la <a href=\"http:\/\/www.carideal.com\/blog\/2016\/02\/14\/mercedes-glc-coupe-2016-en-octobre\/\">Mercedes GLC<\/a> ou la <a href=\"http:\/\/www.carideal.com\/blog\/2015\/06\/16\/volvo-xc60-momentum-d4-awd-181-geartronic-en-stock\/\">Volvo XC60<\/a>.<\/p>\n\n\n\n<p>D\u00e8s le d\u00e9but, l\u2019Evoque \u00e9tait disponible \u00e0 la fois en tant que mod\u00e8le \u00e9l\u00e9gant \u00e0 trois portes (appel\u00e9 assez ambitieusement \u00abcoup\u00e9\u00bb par Land Rover) et en tant que voiture \u00e0 cinq portes. Ce choix reste \u00e0 ce jour, mais il a \u00e9t\u00e9 \u00e9tendu en 2017 par l'ajout d'un <a href=\"http:\/\/www.carideal.com\/blog\/2016\/02\/13\/land-rover-evoque-cab\/\">cabriolet<\/a> \u00e0 capote douce, bas\u00e9 sur le coup\u00e9.<\/p>\n\n\n\n<p>Chaque gamme de mod\u00e8les poss\u00e8de sa propre s\u00e9lection de garnitures, mais la gamme cinq portes offre le choix le plus large, allant de la plus \u00e9l\u00e9mentaire, SE, \u00e0 la somptueuse Autobiographie. Les mod\u00e8les de la gamme Coup\u00e9 avec le SE Tech, mais la gamme des d\u00e9capotables est un peu plus limit\u00e9e, ne couvrant que SE Dynamic, HSE Dynamic et Pure Dynamic.<\/p>\n\n\n\n<p>M\u00eame la SE de base est assez bien \u00e9quip\u00e9e: sellerie en cuir, jantes en alliage, \u00e9cran tactile de 8 pouces, syst\u00e8me d\u2019infotainment InControl Touch et essuie-glaces automatiques. Pour cela, le mod\u00e8le sup\u00e9rieur ajoute le GPS, des phares Xenon avec feux de route, tandis que HSE Dynamic propose des jantes alliages plus grandes, un \u00e9cran tactile plus grand (composant du syst\u00e8me Touch Pro), une st\u00e9r\u00e9o et un syst\u00e8me de navigation renforc\u00e9s, ainsi qu'un toit panoramique.<\/p>\n\n\n\n<p>Le HSE Dynamic Lux dispose \u00e9galement d\u2019un syst\u00e8me de cam\u00e9ra surround, d\u2019une entr\u00e9e sans cl\u00e9, d\u2019un \u00e9cran tactile \u00e0 double vue, de l\u2019assistance au maintien de la trajectoire et d\u2019un t\u00e9l\u00e9viseur num\u00e9rique. Au sommet de la gamme, le mod\u00e8le Autobiography est dot\u00e9e de phares \u00e0 LED et de si\u00e8ges avant \u00e9lectriques r\u00e9glables dans 14 directions.<\/p>\n\n\n\n<p>Le mod\u00e8le SE Dynamic est propre au cabriolet et, bien qu\u2019il s\u2019agisse de la version la plus \u00e9l\u00e9mentaire de cette version, elle est toujours livr\u00e9e avec la navigation par satellite, un \u00e9cran tactile de 10 pouces, une cha\u00eene st\u00e9r\u00e9o \u00e0 10 haut-parleurs, des phares au x\u00e9non, des essuie-glaces automatiques et une sellerie en cuir.<\/p>\n\n\n\n<p>La tr\u00e8s grande majorit\u00e9 de la gamme Evoque est \u00e9quip\u00e9e de quatre roues motrices, mais les acheteurs qui sont pr\u00eats \u00e0 \u00e9changer une partie de cette polyvalence pour une meilleure \u00e9conomie de carburant peuvent obtenir une version moins puissante du coup\u00e9 ou de la cinq portes avec le moteur diesel eD4 de 148 ch. , une bo\u00eete manuelle et deux roues motrices. Vous pouvez distinguer ces versions des autres mod\u00e8les, car l\u2019insigne Evoque \u00e0 l\u2019arri\u00e8re de la voiture est bleu.<\/p>\n\n\n\n<h3 class=\"wp-block-heading\" id=\"h-moteurs-performance-et-conduite\">Moteurs, performance et conduite<\/h3>\n\n\n\n<ul class=\"wp-block-list\">\n<li>De nouveaux moteurs am\u00e9liorent le raffinement, mais l\u2019Evoque n\u2019est toujours pas aussi enthousiaste \u00e0 conduirre que ses concurrents <a href=\"http:\/\/www.carideal.com\/blog\/marque-de-voiture-actualites-essais\/bmw\/\">BMW<\/a> et <a href=\"http:\/\/www.carideal.com\/blog\/marque-de-voiture-actualites-essais\/audi\/\">Audi<\/a><\/li>\n<\/ul>\n\n\n\n<h3 class=\"wp-block-heading\" id=\"h-consommation-co2-et-frais-de-fonctionnement\">Consommation, CO2 et frais de fonctionnement<\/h3>\n\n\n\n<ul class=\"wp-block-list\">\n<li>De nouveaux moteurs efficaces rendent l'Evoque moins co\u00fbteux \u00e0 exploiter que ses concurrents et les meilleures valeurs r\u00e9siduelles sont un bonus<\/li>\n<\/ul>\n\n\n\n<h3 class=\"wp-block-heading\" id=\"h-interieur-design-et-technologie\">Int\u00e9rieur, design et technologie<\/h3>\n\n\n\n<ul class=\"wp-block-list\">\n<li>Fonctionnel et \u00e9l\u00e9gant, l\u2019Evoque poss\u00e8de un habitacle de grande qualit\u00e9, mais le syst\u00e8me de navigation par satellite est toujours \u00e0 la tra\u00eene.<\/li>\n<\/ul>\n\n\n\n<h3 class=\"wp-block-heading\" id=\"h-cote-pratique-confort-et-espace-de-rangement\">Cot\u00e9 pratique, confort et espace de rangement<\/h3>\n\n\n\n<ul class=\"wp-block-list\">\n<li>L\u2019Evoque se d\u00e9marque ici avec un habitacle l\u00e9g\u00e8rement \u00e9troit et un coffre qui n\u2019est pas aussi spacieux que ses rivales.<\/li>\n<\/ul>\n\n\n\n<h3 class=\"wp-block-heading\" id=\"h-fiabilite-et-securite\">Fiabilit\u00e9 et s\u00e9curit\u00e9<\/h3>\n\n\n\n<ul class=\"wp-block-list\">\n<li>La beaut\u00e9 de l\u2019Evoque n\u2019est pas \u00e0 la hauteur de sa fiabilit\u00e9, mais la s\u00e9curit\u00e9 est forte<\/li>\n<\/ul>\n\n\n\n<figure class=\"wp-block-image alignnone\"><a href=\"http:\/\/www.carideal.com\/blog\/wp-content\/uploads\/2018\/12\/range-rover-evoque-2011-2018-3-e1544606168603.jpg\"><img loading=\"lazy\" decoding=\"async\" width=\"600\" height=\"400\" src=\"http:\/\/www.carideal.com\/blog\/wp-content\/uploads\/2018\/12\/range-rover-evoque-2011-2018-3-e1544606168603.jpg\" alt=\"Range Rover Evoque 2011 2018 en d\u00e9tail\" class=\"wp-image-18241\"\/><\/a><figcaption class=\"wp-element-caption\">Range Rover Evoque 2011 2018 en d\u00e9tail<\/figcaption><\/figure>\n\n\n\n<p>Les mod\u00e8les \u00e0 quatre roues motrices sont \u00e9tonnamment bons hors route - oui, m\u00eame la d\u00e9capotable - mais cela pourrait ne pas \u00eatre particuli\u00e8rement important pour l'acheteur typique d'Evoque.<\/p>\n\n\n\n<p>Comme vous vous en doutez probablement, l\u2019essentiel de la gamme est \u00e9quip\u00e9 de moteurs diesel et les unit\u00e9s Ingenium de la soci\u00e9t\u00e9 offrent un choix de puissances de 178 ch, ou 237 cv, portant les badges TD4 et SD4, respectivement. Dans la plupart des cas, ils sont coupl\u00e9s \u00e0 une transmission automatique \u00e0 neuf rapports, mais vous pouvez acheter une cinq portes avec une bo\u00eete de vitesses manuelle et le moins puissant des deux moteurs.<\/p>\n\n\n\n<p>Deux moteurs \u00e0 essence Si4 Ingenium sont disponibles en option - avec un choix de 237 cv ou 286 cv, mais toujours avec une bo\u00eete de vitesses automatique. Cependant, ils ne sont disponibles qu\u2019avec certains des niveaux de finition les plus \u00e9lev\u00e9s (HSE Dynamic et sup\u00e9rieur); et, bien qu'elles entra\u00eenent une acc\u00e9l\u00e9ration plus forte, le prix \u00e0 payer est la consommation de carburant.<\/p>\n\n\n\n<h2 class=\"wp-block-heading\" id=\"h-range-rover-evoque-moteur-performance-et-conduite\">Range Rover Evoque : Moteur performance et conduite<\/h2>\n\n\n\n<p><em>De nouveaux moteurs am\u00e9liorent le raffinement, mais l\u2019Evoque n\u2019est toujours pas aussi enthousiaste \u00e0 l\u2019\u00e9gard des concurrents BMW et Audi<\/em><\/p>\n\n\n\n<figure class=\"wp-block-image alignnone\"><a href=\"http:\/\/www.carideal.com\/blog\/wp-content\/uploads\/2018\/12\/range-rover-evoque-2011-2018-4-e1544606266564.jpg\"><img loading=\"lazy\" decoding=\"async\" width=\"600\" height=\"400\" src=\"http:\/\/www.carideal.com\/blog\/wp-content\/uploads\/2018\/12\/range-rover-evoque-2011-2018-4-e1544606266564.jpg\" alt=\"Range Rover Evoque 2011 2018 en d\u00e9tail\" class=\"wp-image-18242\"\/><\/a><figcaption class=\"wp-element-caption\">Range Rover Evoque 2011 2018 en d\u00e9tail<\/figcaption><\/figure>\n\n\n\n<p>L\u2019Evoque est \u00e9galement agr\u00e9able \u00e0 conduire et tr\u00e8s relaxant lors de longs trajets. En mouvement, le raffinement est bon et la conduite est correcte sur la plupart des rev\u00eatements routiers, bien que des heurts inhabituels puissent perturber les plus grosses roues de 20 pouces, envoyant un vilain choc dans l'habitacle.<\/p>\n\n\n\n<p>Sachez cependant que le poids en ordre de marche de 1 640 kg du Range Rover peut faire courir beaucoup de monde s'il est trop pouss\u00e9 dans les virages. Au moins, la direction est pr\u00e9cise et la voiture tourne vite.<\/p>\n\n\n\n<p>En option sur certains niveaux de finition (mais pas sur la d\u00e9capotable), vous pouvez installer des amortisseurs magn\u00e9tiques adaptatifs MagneRide, qui permettent \u00e0 l\u2019Evoque de rester stable et compos\u00e9 dans les virages, avec un roulis r\u00e9duit au minimum.<\/p>\n\n\n\n<p>La bo\u00eete de vitesses automatique \u00e0 neuf rapports du Range Rover Evoque est douce, en particulier lorsque vous vous arr\u00eatez, et sur l'autoroute, elle est rapide \u00e0 changer de vitesse pour \u00e9conomiser le plus de carburant possible. Cependant, en ville, la bo\u00eete de vitesses peut \u00eatre confuse quant au choix du rapport de vitesse, car il y en a beaucoup. Cela peut entra\u00eener une conduite l\u00e9g\u00e8rement saccad\u00e9s.<\/p>\n\n\n\n<p>Lorsque vous utilisez les palettes de changement de vitesse mont\u00e9es sur le volant, il est facile de rester coinc\u00e9 entre les troisi\u00e8me et quatri\u00e8me vitesses - mais c'est tout ce dont vous avez besoin sur une route rapide. La bo\u00eete manuelle \u00e0 six vitesses est tout aussi pr\u00e9cise, mais la plupart des clients pr\u00e9f\u00e9reront la version automatique, qui est beaucoup plus r\u00e9pandue.<\/p>\n\n\n\n<p>La position de conduite sur\u00e9lev\u00e9e offre une excellente vue, mais il convient \u00e9galement de noter que la visibilit\u00e9 est \u00e9galement un probl\u00e8me dans l'Evoque: les vitres lat\u00e9rales peu profondes et la lunette arri\u00e8re de type bo\u00eete aux lettres peuvent compliquer le stationnement, m\u00eame si les capteurs de stationnement arri\u00e8re sont de s\u00e9rie sur tous les mod\u00e8les.<\/p>\n\n\n\n<figure class=\"wp-block-image alignnone\"><a href=\"http:\/\/www.carideal.com\/blog\/wp-content\/uploads\/2018\/12\/range-rover-evoque-2011-2018-5-e1544606360894.jpg\"><img loading=\"lazy\" decoding=\"async\" width=\"600\" height=\"400\" src=\"http:\/\/www.carideal.com\/blog\/wp-content\/uploads\/2018\/12\/range-rover-evoque-2011-2018-5-e1544606360894.jpg\" alt=\"Range Rover Evoque 2011 2018 en d\u00e9tail\" class=\"wp-image-18243\"\/><\/a><figcaption class=\"wp-element-caption\">Range Rover Evoque 2011 2018 en d\u00e9tail<\/figcaption><\/figure>\n\n\n\n<p>Les technologies Land Rover telles que Hill Descent Control, qui assouplit progressivement la voiture sur une pente raide, et le Terrain Response, qui modifie automatiquement les r\u00e9glages de la voiture en conduite tout-terrain, signifient que le Range Rover Evoque est aussi un v\u00e9hicule tout terrain tr\u00e8s comp\u00e9tent.<\/p>\n\n\n\n<h3 class=\"wp-block-heading\" id=\"h-moteurs\">Moteurs<\/h3>\n\n\n\n<p>Si vous n'appr\u00e9ciez pas la vitesse pure et simple, le moteur diesel d'entr\u00e9e de gamme 148 ch 2.0 eD4 (livr\u00e9 exclusivement avec deux roues motrices) devrait vous convenir. Il atteindra 0-100 km\/h en 10,6 secondes, ce qui est plus rapide que l\u2019ancien moteur diesel de 2,2 litres, tout en \u00e9tant plus efficace. Le nouveau moteur est beaucoup plus silencieux et beaucoup plus raffin\u00e9 - \u00e0 la fois en croisi\u00e8re sur une autoroute et, surtout, en ville - ce qui le rend plus relaxant \u00e0 conduire.<\/p>\n\n\n\n<p>Le 2.0 TD4 de 178 ch diesel convient \u00e0 ceux qui recherchent plus de puissance et peut atteindre une vitesse de 0 \u00e0 100 km \/ h en 8,5 secondes, mais son fonctionnement est l\u00e9g\u00e8rement plus co\u00fbteux. Dans le m\u00eame temps, le diesel diesel SD4, haut de gamme, dispose de deux turbocompresseurs et utilise un syst\u00e8me de \u00absuralimentation s\u00e9quentielle\u00bb, le plus petit turbo aidant \u00e0 bas r\u00e9gime et le second plus gros turbo s\u2019associant \u00e0 des vitesses de rotation plus \u00e9lev\u00e9es pour produire une puissance de 237 chevaux et de 500 Nm de couple.<\/p>\n\n\n\n<p>C\u2019est suffisant pour donner au pas une allure aussi proche de ce que vous trouverez dans une <a href=\"http:\/\/www.carideal.com\/blog\/2012\/05\/08\/porsche-macan\/\">Porsche Macan<\/a> S Diesel au prix similaire, et une fois que l\u2019Evoque est en marche, c\u2019est le couple qui fait l\u2019impression la plus durable. Avec un couple maximal arrivant \u00e0 seulement 1 500 tr \/ min, il r\u00e9agit tr\u00e8s vivement dans pratiquement toutes les situations - et certainement plus rapidement que ce \u00e0 quoi on pourrait s'attendre d'un v\u00e9hicule \u00e0 quatre roues motrices pesant bien plus de 1 800 kg. Notre seule critique est que le Range Rover Evoque ne donne pas l'impression d'\u00eatre rapide que le laisse croire le temps 0-100 km\/h de 6,9 \u200b\u200bsecondes. Mais \u00e0 rouler, c'est une voiture rapide.<\/p>\n\n\n\n<p>Le puissant essence turbocompress\u00e9 2.0 Si4 de 237 cv est \u00e9galement rapide (0 \u00e0 100 km \/ h en 7,6 s), mais il a tr\u00e8s soif, nous devons donc nous en tenir \u00e0 cela. De plus, il n'est disponible que sur les mod\u00e8les Dynamic des mod\u00e8les Evoque \u00e0 trois et cinq portes, ainsi que sur le mod\u00e8le Evoque cabriolet. Le toit rabattable est uniquement automatique, mais peut \u00e9galement \u00eatre associ\u00e9 au diesel haute puissance.<\/p>\n\n\n\n<p>Enlever le toit a ajout\u00e9 environ 277 kg \u00e0 l\u2019Evoque Cabriolet, le portant \u00e0 pr\u00e8s de deux tonnes, et cela se ressent. La boite \u00e0 neuf vitesses descend plus r\u00e9guli\u00e8rement les rapports sur les routes sinueuses et le poids suppl\u00e9mentaire se fait sentir \u00e9galement dans la maniabilit\u00e9.<\/p>\n\n\n\n<h2 class=\"wp-block-heading\" id=\"h-range-rover-evoque-consommation-co2-et-frais-de-fonctionnement\">Range Rover Evoque : Consommation CO2 et frais de fonctionnement<\/h2>\n\n\n\n<p><em>De nouveaux moteurs efficaces rendent l'Evoque moins co\u00fbteux \u00e0 exploiter que ses concurrents et les meilleures valeurs r\u00e9siduelles sont un bonus<\/em><\/p>\n\n\n\n<figure class=\"wp-block-image alignnone\"><a href=\"http:\/\/www.carideal.com\/blog\/wp-content\/uploads\/2018\/12\/range-rover-evoque-2011-2018-6-e1544606482317.jpg\"><img loading=\"lazy\" decoding=\"async\" width=\"600\" height=\"400\" src=\"http:\/\/www.carideal.com\/blog\/wp-content\/uploads\/2018\/12\/range-rover-evoque-2011-2018-6-e1544606482317.jpg\" alt=\"Range Rover Evoque 2011 2018 en d\u00e9tail\" class=\"wp-image-18244\"\/><\/a><figcaption class=\"wp-element-caption\">Range Rover Evoque 2011 2018 en d\u00e9tail<\/figcaption><\/figure>\n\n\n\n<p>Le moteur le moins puissant de la gamme Range Rover Evoque est le mod\u00e8le eD4 \u00e0 traction avant, qui re\u00e7oit sous le capot un groupe diesel de 2,0 litres d\u00e9veloppant 148 chevaux.<\/p>\n\n\n\n<p>Ce mod\u00e8le g\u00e8re une impressionnante (en termes de SUV au moins) de 4.3 L\/100 km avec des \u00e9missions de CO2 de 113 g \/ km pour la cinq portes, il n\u2019est donc pas surprenant que ce moteur soit l\u2019un des favoris des acheteurs d\u2019Evoque.<\/p>\n\n\n\n<p>\u00c0 moins que vous ne soyez un vrai tout-terrain, \u00e9vitez le diesel 2.0 de 178 ch 2.0 \u00e0 quatre roues motrices, car il revient un peu plus de 5.13 L\/100 km sur le cycle combin\u00e9 et \u00e9met 134 g \/ km de CO2. Nous nous attendions \u00e0 ce que les \u00e9conomies de carburant soient sensiblement moindres dans le monde r\u00e9el, mais le choix de la bo\u00eete de vitesses \u00e0 neuf rapports influe vraiment sur ce point.<\/p>\n\n\n\n<p>L\u2019assoiff\u00e9 moteur essence turbocompress\u00e9e SI4 de 237 ch consomme 7.8 L\/100 km et \u00e9met 199g \/ km de CO2, ce qui signifie qu\u2019elle devrait probablement \u00eatre \u00e9vit\u00e9e dans la plupart des cas - elle sera probablement encore pire en carburant que ne le sugg\u00e8rent \u00e9galement les chiffres.<\/p>\n\n\n\n<p>La Cabriolet n\u2019est pas une voiture particuli\u00e8rement \u00e9conomique. Elle \u00e9met 149 g \/ km de CO2 en diesel et 201g \/ km avec le moteur \u00e0 essence. Remplissez le r\u00e9servoir de carburant relativement petit et m\u00eame si le co\u00fbt du ravitaillement en carburant ne vous d\u00e9range pas, vous en aurez peut-\u00eatre marre de la fr\u00e9quence des d\u00e9placements \u00e0 la station-service.<\/p>\n\n\n\n<p>Les <a href=\"http:\/\/www.carideal.com\/blog\/2014\/04\/04\/entretien-quel-est-le-cout-reel-de-votre-vehicule\/\">co\u00fbts d'entretien<\/a> sur toute la gamme ne sont pas bon march\u00e9, mais ce n\u2019est pas plus que ce \u00e0 quoi vous vous attendiez pour un <a href=\"http:\/\/www.carideal.com\/blog\/2017\/05\/08\/guide-dachat-4x4-et-suv-les-meilleurs-en-2017\/\">SUV haut de gamme<\/a> comme l\u2019Evoque.<\/p>\n\n\n\n<h3 class=\"wp-block-heading\" id=\"h-depreciation\">D\u00e9pr\u00e9ciation<\/h3>\n\n\n\n<p>Le Range Rover b\u00e9n\u00e9ficie de valeurs r\u00e9siduelles spectaculaires de 57,1 %. Mieux encore, Land Rover propose d\u00e9sormais un pack de services pr\u00e9pay\u00e9s \"Atout service \" couvrant cinq ann\u00e9es de maintenance pour un peu moins de 800 \u20ac.<\/p>\n\n\n\n<p>L'Evoque conservera bien plus de valeur sur trois ans que les <a href=\"http:\/\/www.carideal.com\/blog\/2015\/06\/30\/le-nouveau-bmw-x1-2015\/\">BMW X1<\/a> et <a href=\"http:\/\/www.carideal.com\/blog\/2012\/05\/08\/audi-q3-coupe\/\">Audi Q3<\/a>. Land Rover a calcul\u00e9 que l'am\u00e9lioration des co\u00fbts de fonctionnement, l'allongement des intervalles de maintenance et les fortes valeurs r\u00e9siduelles pourraient permettre aux propri\u00e9taires d'\u00e9conomiser jusqu'\u00e0 3700 \u20ac en trois ans.<\/p>\n\n\n\n<h3 class=\"wp-block-heading\" id=\"h-groupes-d-assurance\">Groupes d'assurance<\/h3>\n\n\n\n<p>M\u00eame s\u2019il conservera plus de valeur, l\u2019Evoque sera cat\u00e9goris\u00e9 dans un groupe d\u2019assurance plus important que ses rivaux les plus proches. Par exemple pour le diesel de 178 ch la cat\u00e9gorie est nettement sup\u00e9rieur \u00e0 l\u2019\u00e9quivalent de l\u2019Audi Q3. Cela signifie que vous pouvez vous attendre \u00e0 payer quelques centaines d'euros de plus en assurance automobile pour le Range Rover.<\/p>\n\n\n\n<h2 class=\"wp-block-heading\" id=\"h-range-rover-evoque-interieur-design-et-technologie\">Range Rover Evoque : int\u00e9rieur design et technologie<\/h2>\n\n\n\n<figure class=\"wp-block-image alignnone\"><a href=\"http:\/\/www.carideal.com\/blog\/wp-content\/uploads\/2018\/12\/range-rover-evoque-2011-2018-7-e1544606575284.jpg\"><img loading=\"lazy\" decoding=\"async\" width=\"600\" height=\"400\" src=\"http:\/\/www.carideal.com\/blog\/wp-content\/uploads\/2018\/12\/range-rover-evoque-2011-2018-7-e1544606575284.jpg\" alt=\"Range Rover Evoque 2011 2018 en d\u00e9tail\" class=\"wp-image-18245\"\/><\/a><figcaption class=\"wp-element-caption\">Range Rover Evoque 2011 2018 en d\u00e9tail<\/figcaption><\/figure>\n\n\n\n<p><em>Fonctionnel et \u00e9l\u00e9gant, l\u2019Evoque poss\u00e8de un habitacle de grande qualit\u00e9, mais le syst\u00e8me de navigation par satellite est toujours \u00e0 la tra\u00eene<\/em>.<br>Lorsque l'Evoque a \u00e9t\u00e9 lanc\u00e9e en 2011, elle a fait sensation dans la cat\u00e9gorie crossover. M\u00eame apr\u00e8s quatre ans chez les concessionnaires et les milliers de voitures vendues, son concept-car r\u00e9ussit toujours \u00e0 faire tourner les t\u00eates. Les c\u00f4t\u00e9s de la carrosserie et les petites fen\u00eatres la rendent plus sportive que la Q3, m\u00eame si elle est plus haute, tandis que les montants de fen\u00eatre noirs et le capot \u00e0 clapet apportent une actualisation moderne au look traditionnel du Range Rover.<\/p>\n\n\n\n<p>L'Evoque a \u00e9t\u00e9 <a href=\"http:\/\/www.carideal.com\/blog\/2014\/05\/19\/le-range-rover-evoque\/\">restyl\u00e9 en 2014<\/a>, mais son style g\u00e9n\u00e9ral est rest\u00e9 le m\u00eame. Cependant, la gamme a \u00e9t\u00e9 \u00e9largie avec de nouvelles couleurs int\u00e9rieures et ext\u00e9rieures, de nouvelles garnitures et un badge subtilement repens\u00e9 sur le capot de coffre et la calandre; et pour le mod\u00e8le 2017, il y a eu quelques mises \u00e0 niveau d'infotainment.<\/p>\n\n\n\n<p>Le mod\u00e8le Autobiography haut de gamme comprend de grandes roues de 20 pouces qui remplissent les arches, mais si vous optez pour le mod\u00e8le SE d'entr\u00e9e de gamme, il poss\u00e8de des roues de 18 pouces qui semblent un peu perdues \u00e0 c\u00f4t\u00e9 de toutes les garnitures en plastique noir qui ornent l'ext\u00e9rieur. .<\/p>\n\n\n\n<p>\u00c0 l'avant, le nez arrondi pr\u00e9sente une calandre mince et des faisceaux de lumi\u00e8re, mais vous ne disposez que d'ampoules halog\u00e8nes de s\u00e9rie sur les voitures les plus basiques. Pour obtenir des Xenons avec des feux \u00e0 LED distinctifs ou des lampes \u00e0 LED int\u00e9grales, vous devez choisir un niveau de finition plus \u00e9lev\u00e9. \u00c0 l'arri\u00e8re, les feux arri\u00e8re ont un aspect similaire \u00e0 l'avant, tandis que le pare-chocs arri\u00e8re haut et le toit bas donnent une allure rac\u00e9e.<\/p>\n\n\n\n<p>\u00c0 l\u2019int\u00e9rieur, l\u2019Evoque pr\u00e9sente un design \u00e9l\u00e9gant qui se rapproche de celui de l\u2019Audi Q3 pour la qualit\u00e9. La configuration de l'habitacle comprend des commandes rotatives volumineuses et des commutateurs fixes, ainsi qu'un s\u00e9lecteur de vitesse rotatif et une banque de boutons permettant de s\u00e9lectionner les modes de conduite assortis pour le syst\u00e8me Terrain Response.<\/p>\n\n\n\n<p>Alors que l'habitacle pr\u00e9sente bien, elle est aussi tr\u00e8s bien \u00e9quip\u00e9e. Les si\u00e8ges en cuir chauffants sont de s\u00e9rie et le contr\u00f4le de la climatisation \u00e0 deux zones est \u00e9galement inclus. De plus, vous pouvez ajouter de nombreuses options. Un toit panoramique co\u00fbte un peu plus de 1 000 \u20ac (et de s\u00e9rie sur certains niveaux de finition sup\u00e9rieurs), le vitrage d'intimit\u00e9 co\u00fbte 375 \u20ac et un volant chauffant est de 200 \u20ac (ou de s\u00e9rie avec les garnitures Autobiography).<\/p>\n\n\n\n<p>L'habitacle du cabriolet a la m\u00eame classe et la m\u00eame qualit\u00e9, et le m\u00e9canisme de toit est un jeu d'enfant \u00e0 utiliser. Il vous suffit d'appuyer sur un commutateur et le m\u00e9canisme peut ouvrir le toit en seulement 18 secondes - et \u00e0 des vitesses pouvant aller jusqu'\u00e0 50 km\/h.<\/p>\n\n\n\n<h3 class=\"wp-block-heading\" id=\"h-gps-stereo-et-infotainment\">GPS, st\u00e9r\u00e9o et infotainment<\/h3>\n\n\n\n<p>L\u2019un des inconv\u00e9nients d'avoir un Evoque \u00e9tait qu\u2019il fallait utiliser le syst\u00e8me d\u2019infodivertissement plut\u00f4t obsol\u00e8te de Land Rover, qui reste en retrait par rapport au syst\u00e8me iDrive de BMW en termes de fonctionnalit\u00e9. Cependant, une s\u00e9rie de mises \u00e0 jour pour l'ann\u00e9e mod\u00e8le 2017 a \u00e9t\u00e9 am\u00e9lior\u00e9e par les syst\u00e8mes InControl Touch and Touch Pro de JLR, qui sont bien am\u00e9lior\u00e9s et disposent de graphiques HD avec fonctionnalit\u00e9 de pincement pour zoomer.<\/p>\n\n\n\n<p>Les graphismes sont bien meilleurs et le syst\u00e8me lui-m\u00eame est beaucoup plus facile \u00e0 g\u00e9rer, car il n\u2019y a pas trop de menus \u00e0 parcourir pour acc\u00e9der aux diff\u00e9rents param\u00e8tres audio et climatiques. Les syst\u00e8mes rivaux sont encore plus complets, mais la configuration de l\u2019Evoque est meilleure que jamais.<\/p>\n\n\n\n<p>Parmi les autres technologies int\u00e9ressantes, il y a un point d'acc\u00e8s Wi-Fi, qui permet aux passagers \u00e0 l'int\u00e9rieur de la voiture de connecter des smartphones et des ordinateurs portables \u00e0 Internet en d\u00e9placement.<\/p>\n\n\n\n<h2 class=\"wp-block-heading\" id=\"h-range-rover-evoque-cote-pratique-comfort-et-volume-de-coffre\">Range Rover Evoque : Cot\u00e9 pratique comfort et volume de coffre<\/h2>\n\n\n\n<p><em>L\u2019Evoque se d\u00e9marque ici avec une cabine l\u00e9g\u00e8rement \u00e9troite et une botte qui n\u2019est pas aussi spacieuse que ses rivales.<\/em><\/p>\n\n\n\n<figure class=\"wp-block-image alignnone\"><a href=\"http:\/\/www.carideal.com\/blog\/wp-content\/uploads\/2018\/12\/range-rover-evoque-2011-2018-8-e1544606665212.jpg\"><img loading=\"lazy\" decoding=\"async\" width=\"600\" height=\"400\" src=\"http:\/\/www.carideal.com\/blog\/wp-content\/uploads\/2018\/12\/range-rover-evoque-2011-2018-8-e1544606665212.jpg\" alt=\"Range Rover Evoque 2011 2018 en d\u00e9tail\" class=\"wp-image-18246\"\/><\/a><figcaption class=\"wp-element-caption\">Range Rover Evoque 2011 2018 en d\u00e9tail<\/figcaption><\/figure>\n\n\n\n<p>Le Range Rover Evoque n\u2019a rien de petit, il mesure pr\u00e8s de cinq m\u00e8tres de long et deux m\u00e8tres de haut. Il n'est donc pas surprenant qu'il y ait beaucoup d'espace pour les passagers.<\/p>\n\n\n\n<p>Pour un peu plus de praticit\u00e9, nous recommandons l\u2019option Evoque \u00e0 cinq portes, mais dans tous les cas, la visibilit\u00e9 arri\u00e8re est plut\u00f4t mauvaise. Au moins, la position assise haute donne une vue imprenable sur la route et les si\u00e8ges sont tr\u00e8s confortables.<\/p>\n\n\n\n<p>Il est \u00e0 noter que la ligne de toit basse de l'Evoque signifie que le d\u00e9gagement pour la t\u00eate est un peu \u00e9troit, et que les vitres lat\u00e9rales peu profondes cr\u00e9ent une sensation l\u00e9g\u00e8rement ourl\u00e9e lorsque vous vous asseyez \u00e0 l'arri\u00e8re. Le toit panoramique en option est une option co\u00fbteuse, mais laisse entrer beaucoup de lumi\u00e8re si n\u00e9cessaire.<\/p>\n\n\n\n<p>Regardez ailleurs dans l'habitacle et vous d\u00e9couvrirez de nombreux espaces de rangement utiles et de nombreux porte-gobelets pratiques. L'Evoque \u00e0 cinq portes est assez spacieux gr\u00e2ce \u00e0 son coffre de 420 litres, mais les rivaux sont plus spacieux.<\/p>\n\n\n\n<h3 class=\"wp-block-heading\" id=\"h-taille\">Taille<\/h3>\n\n\n\n<p>Cela n\u2019en a peut-\u00eatre pas l'air, mais l'Evoque est plus petit que le BMW X1 et l'Audi Q3 et cela se voit \u00e0 l'int\u00e9rieur. Les si\u00e8ges arri\u00e8re se rabattent compl\u00e8tement \u00e0 plat, ce qui est un avantage suppl\u00e9mentaire lorsque vous glissez des objets volumineux, mais les passagers arri\u00e8re seront plus \u00e0 l'aise dans les BMW ou les Audi car ils disposent de plus d'espace.<\/p>\n\n\n\n<h3 class=\"wp-block-heading\" id=\"h-espace-pour-les-jambes-l-espace-pour-la-tete-et-les-passagers\">Espace pour les jambes, l'espace pour la t\u00eate et les passagers<\/h3>\n\n\n\n<p>La ligne de toit en pente peut sembler superbe, mais elle a un impact direct sur l\u2019espace passagers \u00e0 l\u2019arri\u00e8re. Le si\u00e8ge central est l\u00e9g\u00e8rement sur\u00e9lev\u00e9 et, avec trois passagers \u00e0 l'arri\u00e8re, ils vont \u00eatre un peu \u00e0 l'\u00e9troit. Les vitres arri\u00e8re sont \u00e9galement assez petites, ce qui cr\u00e9e un sentiment de claustrophobie, en particulier par rapport au X1.<\/p>\n\n\n\n<h3 class=\"wp-block-heading\" id=\"h-coffre\">Coffre<\/h3>\n\n\n\n<p>Le coffre de 420 litres est 85 litres plus petit que le X1, mais avec les si\u00e8ges arri\u00e8re rabattus \u00e0 plat, cet espace passe \u00e0 1 445 litres. Si vous optez pour la coup\u00e9 \u00e0 trois portes Evoque, vous obtenez le m\u00eame espace de coffre de 420 litres avec les cinq si\u00e8ges en place, mais avec les si\u00e8ges arri\u00e8re baiss\u00e9s, la capacit\u00e9 totale est de 1 350 litres.<\/p>\n\n\n\n<p>Le cabriolet prend un coup majeur en mati\u00e8re de praticit\u00e9, m\u00eame compar\u00e9 \u00e0 l\u2019espace limit\u00e9 offert par le mod\u00e8le classique \u00e0 trois portes. En effet, la capacit\u00e9 de coffre diminue de 420 litres \u00e0 seulement 251 litres; c\u2019est moins que la plupart des <a href=\"http:\/\/www.carideal.com\/blog\/2018\/02\/09\/meilleures-citadines-2018\/\">citadines<\/a>, et l\u2019ouverture fa\u00e7on bo\u00eete aux lettres signifie que m\u00eame si un article peut tenir, il est difficile de le rentrer dedans. Les si\u00e8ges arri\u00e8re ne se rabattent pas du tout. Vous devez donc opter pour la garniture Dynamic Lux si vous voulez avoir la possibilit\u00e9 de charger des articles plus longs, car elle est livr\u00e9e avec une trappe \u00e0 ski sur le si\u00e8ge arri\u00e8re.<\/p>\n\n\n\n<p><iframe loading=\"lazy\" src=\"https:\/\/www.youtube.com\/embed\/Lrxxxsda6Wg\" width=\"560\" height=\"315\" frameborder=\"0\" allowfullscreen=\"allowfullscreen\"><\/iframe><\/p>\n\n\n\n<h2 class=\"wp-block-heading\" id=\"h-range-rover-evoque-fiabilite-et-securite\">Range Rover Evoque : Fiabilit\u00e9 et s\u00e9curit\u00e9<\/h2>\n\n\n\n<p><em>La beaut\u00e9 de l\u2019Evoque n\u2019est pas \u00e0 la hauteur de sa fiabilit\u00e9, mais la s\u00e9curit\u00e9 est forte<\/em><\/p>\n\n\n\n<p>Bien que l\u2019Evoque ait attir\u00e9 les acheteurs avec son style \u00e9l\u00e9gant, son attrait \u00e0 long terme laisse \u00e0 d\u00e9sirer. Le ventes en France ont recul\u00e9 de 12.6% l'an dernier et l'\u00e9voque repr\u00e9sente la moiti\u00e9 de ce volume. En 2018, les ventes de l'Evoque -30% sont \u00e0 l'image de Land Rover en baisse, sauf pour le <a href=\"http:\/\/www.carideal.com\/blog\/2018\/12\/10\/range-rover-velar-diesel-271-ch-30-litres\/\">Velar<\/a> bien entendu.<\/p>\n\n\n\n<p>Dans le pass\u00e9, les propri\u00e9taires ont critiqu\u00e9 les co\u00fbts de fonctionnement et l\u2019aspect pratique de la voiture, mais ils ont fait l\u2019\u00e9loge de la technologie embarqu\u00e9e, de son confort et de sa fiabilit\u00e9. Aussi longtemps que vous pourrez vivre avec les compromis, l\u2019Evoque devrait vous \u00eatre tr\u00e8s utile.<\/p>\n\n\n\n<p>L'Evoque a obtenu la cote cinq \u00e9toiles Euro NCAP en 2011, mais son pourcentage global est inf\u00e9rieur \u00e0 celui de l'Audi Q3. Cependant, l'Evoque contient de nombreux packs de s\u00e9curit\u00e9, tandis que le syst\u00e8me brevet\u00e9 Terrain Response de Land Rover aidera l\u2019Evoque \u00e0 s\u2019aventurer plus loin hors route.<\/p>\n\n\n\n<p>Il y a eu quelques rappels au cours des deux derni\u00e8res ann\u00e9es, mais le bilan de fiabilit\u00e9 de Land Rover semble s'am\u00e9liorer.<\/p>\n\n\n\n<h3 class=\"wp-block-heading\" id=\"h-garantie\">Garantie<\/h3>\n\n\n\n<p>Chaque Evoque s'accompagne d'une garantie compl\u00e8te de trois ans, de kilom\u00e9trage illimit\u00e9 et d'une assistance routi\u00e8re apr\u00e8s l'achat. Land Rover offre \u00e9galement une garantie prolong\u00e9e pour donner aux clients une tranquillit\u00e9 d'esprit suppl\u00e9mentaire.<\/p>\n\n\n\n<h3 class=\"wp-block-heading\" id=\"h-entretien\">Entretien<\/h3>\n\n\n\n<p>Land Rover recommande de faire r\u00e9viser l\u2019Evoque tous les 12 mois. Il propose un plan d'entretien unique \u00e0 prix fixe de 600 \u20ac qui couvre cinq ans ou 80 000 km - premier terme \u00e9chu.<\/p>\n\n\n\n<p>Les acheteurs ont \u00e9galement la possibilit\u00e9 d\u2019\u00e9tendre la limite de kilom\u00e9trage \u00e0 90 000 km pour 149 \u20ac suppl\u00e9mentaires, si d\u00e9sir\u00e9. Les plans pr\u00e9voient la r\u00e9paration ou le remplacement de pi\u00e8ces telles que les filtres \u00e0 huile, les filtres \u00e0 air, la nouvelle huile moteur, le liquide de lave-glace et le liquide de frein.<\/p>\n","protected":false},"excerpt":{"rendered":"<p>Le caract\u00e8re familier a att\u00e9nu\u00e9 l\u2019impact du style du Range Rover Evoque, mais il est luxueux, bien con\u00e7ue et toujours d\u00e9sirable Le Range Rover Evoque (2011-2018) est le mod\u00e8le le plus populaire de Land Rover &#8211; et il est facile de comprendre pourquoi. Ce n\u2019est pas tout \u00e0 fait un v\u00e9hicule Range Rover \u00e0 prix &#8230; <a title=\"Range Rover Evoque (2011-2018) en d\u00e9tail\" class=\"read-more\" href=\"https:\/\/www.carideal.com\/blog\/2018\/12\/12\/range-rover-evoque-detail\/\" aria-label=\"En savoir plus sur Range Rover Evoque (2011-2018) en d\u00e9tail\">Lire plus<\/a><\/p>\n","protected":false},"author":3,"featured_media":18239,"comment_status":"open","ping_status":"open","sticky":false,"template":"","format":"standard","meta":{"_uag_custom_page_level_css":"","_themeisle_gutenberg_block_has_review":false,"footnotes":""},"categories":[2,6095,5947,6156,6010],"tags":[6236],"class_list":["post-18226","post","type-post","status-publish","format-standard","has-post-thumbnail","hentry","category-4x4-suv","category-land-rover","category-essai","category-essais-land-rover","category-suv","tag-guide-achat-4x4-et-suv"],"wppr_data":{"cwp_meta_box_check":"Yes","cwp_rev_product_name":"Range Rover Evoque (2011-2018)","_wppr_review_template":"default","cwp_rev_product_image":"http:\/\/www.carideal.com\/blog\/wp-content\/uploads\/2018\/12\/range-rover-evoque-2011-2018-e1544605939985.jpg","cwp_image_link":"image","wppr_links":[],"cwp_rev_price":"36750 \u20ac","wppr_pros":["Style \u00e9l\u00e9gant \u00e0 l'int\u00e9rieur et \u00e0 l'ext\u00e9rieur","Moteurs doux et efficaces","Bonnes capacit\u00e9s tout-terrain","",""],"wppr_cons":["Pas aussi spacieux que ses rivaux","Options co\u00fbteuses","Faible \u00e9conomie r\u00e9elle","",""],"wppr_rating":"73.60","wppr_options":{"1":{"name":"Moteurs, performance et conduite","value":"74"},"2":{"name":"Consommation, CO2 et frais de fonctionnement","value":"74"},"3":{"name":"Int\u00e9rieur, design et technologie","value":"84"},"4":{"name":"Praticit\u00e9, confort et volume de coffre","value":"70"},"5":{"name":"Fiabilit\u00e9 et s\u00e9curit\u00e9","value":"66"}},"wppr_review_type":"Vehicle","wppr_review_custom_fields":[]},"yoast_head":"<!-- This site is optimized with the Yoast SEO plugin v24.8.1 - https:\/\/yoast.com\/wordpress\/plugins\/seo\/ -->\n<title>Range Rover Evoque (2011-2018) en d\u00e9tail - Blog auto Carid\u00e9al<\/title>\n<meta name=\"description\" content=\"Le Range Rover Evoque (2011-2018) a un look conceptuel, il est amusant \u00e0 conduire, ses moteurs sont efficaces et sa capacit\u00e9 hors route hors pair\" \/>\n<meta name=\"robots\" content=\"index, follow, max-snippet:-1, max-image-preview:large, max-video-preview:-1\" \/>\n<link rel=\"canonical\" href=\"https:\/\/www.carideal.com\/blog\/2018\/12\/12\/range-rover-evoque-detail\/\" \/>\n<meta property=\"og:locale\" content=\"fr_FR\" \/>\n<meta property=\"og:type\" content=\"article\" \/>\n<meta property=\"og:title\" content=\"Range Rover Evoque (2011-2018) en d\u00e9tail - Blog auto Carid\u00e9al\" \/>\n<meta property=\"og:description\" content=\"Le Range Rover Evoque (2011-2018) a un look conceptuel, il est amusant \u00e0 conduire, ses moteurs sont efficaces et sa capacit\u00e9 hors route hors pair\" \/>\n<meta property=\"og:url\" content=\"https:\/\/www.carideal.com\/blog\/2018\/12\/12\/range-rover-evoque-detail\/\" \/>\n<meta property=\"og:site_name\" content=\"Blog auto Carid\u00e9al\" \/>\n<meta property=\"article:publisher\" content=\"https:\/\/www.facebook.com\/Carideal.mandataire.automobile\" \/>\n<meta property=\"article:author\" content=\"https:\/\/www.facebook.com\/nicolas.schiavon.39\" \/>\n<meta property=\"article:published_time\" content=\"2018-12-12T09:41:48+00:00\" \/>\n<meta property=\"article:modified_time\" content=\"2024-02-11T12:32:12+00:00\" \/>\n<meta property=\"og:image\" content=\"https:\/\/www.carideal.com\/blog\/wp-content\/uploads\/2018\/12\/range-rover-evoque-2011-2018-e1544605939985.jpg\" \/>\n\t<meta property=\"og:image:width\" content=\"800\" \/>\n\t<meta property=\"og:image:height\" content=\"533\" \/>\n\t<meta property=\"og:image:type\" content=\"image\/jpeg\" \/>\n<meta name=\"author\" content=\"Nicolas SCHIAVON\" \/>\n<meta name=\"twitter:card\" content=\"summary_large_image\" \/>\n<meta name=\"twitter:creator\" content=\"@caridealauto\" \/>\n<meta name=\"twitter:site\" content=\"@caridealauto\" \/>\n<meta name=\"twitter:label1\" content=\"\u00c9crit par\" \/>\n\t<meta name=\"twitter:data1\" content=\"Nicolas SCHIAVON\" \/>\n\t<meta name=\"twitter:label2\" content=\"Dur\u00e9e de lecture estim\u00e9e\" \/>\n\t<meta name=\"twitter:data2\" content=\"21 minutes\" \/>\n<script type=\"application\/ld+json\" class=\"yoast-schema-graph\">{\"@context\":\"https:\/\/schema.org\",\"@graph\":[{\"@type\":\"Article\",\"@id\":\"https:\/\/www.carideal.com\/blog\/2018\/12\/12\/range-rover-evoque-detail\/#article\",\"isPartOf\":{\"@id\":\"https:\/\/www.carideal.com\/blog\/2018\/12\/12\/range-rover-evoque-detail\/\"},\"author\":{\"name\":\"Nicolas SCHIAVON\",\"@id\":\"https:\/\/www.carideal.com\/blog\/#\/schema\/person\/cd95dc7919660de90d31b366f85be1ec\"},\"headline\":\"Range Rover Evoque (2011-2018) en d\u00e9tail\",\"datePublished\":\"2018-12-12T09:41:48+00:00\",\"dateModified\":\"2024-02-11T12:32:12+00:00\",\"mainEntityOfPage\":{\"@id\":\"https:\/\/www.carideal.com\/blog\/2018\/12\/12\/range-rover-evoque-detail\/\"},\"wordCount\":3979,\"commentCount\":0,\"publisher\":{\"@id\":\"https:\/\/www.carideal.com\/blog\/#organization\"},\"image\":{\"@id\":\"https:\/\/www.carideal.com\/blog\/2018\/12\/12\/range-rover-evoque-detail\/#primaryimage\"},\"thumbnailUrl\":\"https:\/\/www.carideal.com\/blog\/wp-content\/uploads\/2018\/12\/range-rover-evoque-2011-2018-e1544605939985.jpg\",\"keywords\":[\"Guide achat 4x4 et SUV\"],\"articleSection\":[\"4X4 Actualit\u00e9\",\"Actualit\u00e9 Land Rover\",\"Essais automobile\",\"Essais Land Rover\",\"SUV\"],\"inLanguage\":\"fr-FR\",\"potentialAction\":[{\"@type\":\"CommentAction\",\"name\":\"Comment\",\"target\":[\"https:\/\/www.carideal.com\/blog\/2018\/12\/12\/range-rover-evoque-detail\/#respond\"]}]},{\"@type\":\"WebPage\",\"@id\":\"https:\/\/www.carideal.com\/blog\/2018\/12\/12\/range-rover-evoque-detail\/\",\"url\":\"https:\/\/www.carideal.com\/blog\/2018\/12\/12\/range-rover-evoque-detail\/\",\"name\":\"Range Rover Evoque (2011-2018) en d\u00e9tail - Blog auto Carid\u00e9al\",\"isPartOf\":{\"@id\":\"https:\/\/www.carideal.com\/blog\/#website\"},\"primaryImageOfPage\":{\"@id\":\"https:\/\/www.carideal.com\/blog\/2018\/12\/12\/range-rover-evoque-detail\/#primaryimage\"},\"image\":{\"@id\":\"https:\/\/www.carideal.com\/blog\/2018\/12\/12\/range-rover-evoque-detail\/#primaryimage\"},\"thumbnailUrl\":\"https:\/\/www.carideal.com\/blog\/wp-content\/uploads\/2018\/12\/range-rover-evoque-2011-2018-e1544605939985.jpg\",\"datePublished\":\"2018-12-12T09:41:48+00:00\",\"dateModified\":\"2024-02-11T12:32:12+00:00\",\"description\":\"Le Range Rover Evoque (2011-2018) a un look conceptuel, il est amusant \u00e0 conduire, ses moteurs sont efficaces et sa capacit\u00e9 hors route hors pair\",\"breadcrumb\":{\"@id\":\"https:\/\/www.carideal.com\/blog\/2018\/12\/12\/range-rover-evoque-detail\/#breadcrumb\"},\"inLanguage\":\"fr-FR\",\"potentialAction\":[{\"@type\":\"ReadAction\",\"target\":[\"https:\/\/www.carideal.com\/blog\/2018\/12\/12\/range-rover-evoque-detail\/\"]}]},{\"@type\":\"ImageObject\",\"inLanguage\":\"fr-FR\",\"@id\":\"https:\/\/www.carideal.com\/blog\/2018\/12\/12\/range-rover-evoque-detail\/#primaryimage\",\"url\":\"https:\/\/www.carideal.com\/blog\/wp-content\/uploads\/2018\/12\/range-rover-evoque-2011-2018-e1544605939985.jpg\",\"contentUrl\":\"https:\/\/www.carideal.com\/blog\/wp-content\/uploads\/2018\/12\/range-rover-evoque-2011-2018-e1544605939985.jpg\",\"width\":800,\"height\":533,\"caption\":\"Range Rover Evoque 2011 2018 en d\u00e9tail\"},{\"@type\":\"BreadcrumbList\",\"@id\":\"https:\/\/www.carideal.com\/blog\/2018\/12\/12\/range-rover-evoque-detail\/#breadcrumb\",\"itemListElement\":[{\"@type\":\"ListItem\",\"position\":1,\"name\":\"Blog Carid\u00e9al\",\"item\":\"https:\/\/www.carideal.com\/blog\/\"},{\"@type\":\"ListItem\",\"position\":2,\"name\":\"Essais automobile\",\"item\":\"https:\/\/www.carideal.com\/blog\/essai\/\"},{\"@type\":\"ListItem\",\"position\":3,\"name\":\"Essais Land Rover\",\"item\":\"https:\/\/www.carideal.com\/blog\/essai\/essais-land-rover\/\"},{\"@type\":\"ListItem\",\"position\":4,\"name\":\"Range Rover Evoque (2011-2018) en d\u00e9tail\"}]},{\"@type\":\"WebSite\",\"@id\":\"https:\/\/www.carideal.com\/blog\/#website\",\"url\":\"https:\/\/www.carideal.com\/blog\/\",\"name\":\"Blog auto Carid\u00e9al\",\"description\":\"Actualit\u00e9 auto par des passionn\u00e9s\",\"publisher\":{\"@id\":\"https:\/\/www.carideal.com\/blog\/#organization\"},\"potentialAction\":[{\"@type\":\"SearchAction\",\"target\":{\"@type\":\"EntryPoint\",\"urlTemplate\":\"https:\/\/www.carideal.com\/blog\/?s={search_term_string}\"},\"query-input\":{\"@type\":\"PropertyValueSpecification\",\"valueRequired\":true,\"valueName\":\"search_term_string\"}}],\"inLanguage\":\"fr-FR\"},{\"@type\":\"Organization\",\"@id\":\"https:\/\/www.carideal.com\/blog\/#organization\",\"name\":\"Carideal\",\"url\":\"https:\/\/www.carideal.com\/blog\/\",\"logo\":{\"@type\":\"ImageObject\",\"inLanguage\":\"fr-FR\",\"@id\":\"https:\/\/www.carideal.com\/blog\/#\/schema\/logo\/image\/\",\"url\":\"http:\/\/www.carideal.com\/blog\/wp-content\/uploads\/2016\/03\/logo-carideal-mandataire-automobile.png\",\"contentUrl\":\"http:\/\/www.carideal.com\/blog\/wp-content\/uploads\/2016\/03\/logo-carideal-mandataire-automobile.png\",\"width\":300,\"height\":300,\"caption\":\"Carideal\"},\"image\":{\"@id\":\"https:\/\/www.carideal.com\/blog\/#\/schema\/logo\/image\/\"},\"sameAs\":[\"https:\/\/www.facebook.com\/Carideal.mandataire.automobile\",\"https:\/\/x.com\/caridealauto\",\"https:\/\/www.instagram.com\/carideal1\/\",\"https:\/\/www.linkedin.com\/company\/carideal.com\",\"https:\/\/fr.pinterest.com\/schiavonsas\/\",\"https:\/\/www.youtube.com\/user\/caridealsas\"]},{\"@type\":\"Person\",\"@id\":\"https:\/\/www.carideal.com\/blog\/#\/schema\/person\/cd95dc7919660de90d31b366f85be1ec\",\"name\":\"Nicolas SCHIAVON\",\"image\":{\"@type\":\"ImageObject\",\"inLanguage\":\"fr-FR\",\"@id\":\"https:\/\/www.carideal.com\/blog\/#\/schema\/person\/image\/\",\"url\":\"https:\/\/secure.gravatar.com\/avatar\/c17e55009e671d92cc7f5dc837dc418a?s=96&r=g\",\"contentUrl\":\"https:\/\/secure.gravatar.com\/avatar\/c17e55009e671d92cc7f5dc837dc418a?s=96&r=g\",\"caption\":\"Nicolas SCHIAVON\"},\"description\":\"Nicolas Schiavon est tomb\u00e9 tout petit dans la marmite automobile. Ayant eu un garage de marque automobile, mandataire automobile de la premi\u00e8re heure d\u00e8s 1999. Nicolas a cr\u00e9\u00e9 ces premiers sites de vente de voiture et blog automobile d\u00e8s 1994. Carideal est n\u00e9 le 15 d\u00e9cembre 2000 de la volont\u00e9 de vendre des voitures d'occasions en ligne puis des voitures neuves. Il a pu essayer beaucoup de voitures tr\u00e8s diff\u00e9rentes et ayant eu personnellement quelques belles autos, Subaru Impreza, Mitsubishi Lancer Evo 7, Porsche 911, Ferrari Testarrossa, Audi RS3, RS4 et j'en passe...\",\"sameAs\":[\"http:\/\/www.carideal.com\",\"https:\/\/www.facebook.com\/nicolas.schiavon.39\",\"https:\/\/www.instagram.com\/carideal1\/\",\"https:\/\/www.linkedin.com\/in\/nschiavon\/\",\"https:\/\/x.com\/caridealauto\",\"https:\/\/www.youtube.com\/user\/caridealsas\/\"],\"url\":\"https:\/\/www.carideal.com\/blog\/author\/nschiavon\/\"}]}<\/script>\n<!-- \/ Yoast SEO plugin. -->","yoast_head_json":{"title":"Range Rover Evoque (2011-2018) en d\u00e9tail - Blog auto Carid\u00e9al","description":"Le Range Rover Evoque (2011-2018) a un look conceptuel, il est amusant \u00e0 conduire, ses moteurs sont efficaces et sa capacit\u00e9 hors route hors pair","robots":{"index":"index","follow":"follow","max-snippet":"max-snippet:-1","max-image-preview":"max-image-preview:large","max-video-preview":"max-video-preview:-1"},"canonical":"https:\/\/www.carideal.com\/blog\/2018\/12\/12\/range-rover-evoque-detail\/","og_locale":"fr_FR","og_type":"article","og_title":"Range Rover Evoque (2011-2018) en d\u00e9tail - Blog auto Carid\u00e9al","og_description":"Le Range Rover Evoque (2011-2018) a un look conceptuel, il est amusant \u00e0 conduire, ses moteurs sont efficaces et sa capacit\u00e9 hors route hors pair","og_url":"https:\/\/www.carideal.com\/blog\/2018\/12\/12\/range-rover-evoque-detail\/","og_site_name":"Blog auto Carid\u00e9al","article_publisher":"https:\/\/www.facebook.com\/Carideal.mandataire.automobile","article_author":"https:\/\/www.facebook.com\/nicolas.schiavon.39","article_published_time":"2018-12-12T09:41:48+00:00","article_modified_time":"2024-02-11T12:32:12+00:00","og_image":[{"width":800,"height":533,"url":"https:\/\/www.carideal.com\/blog\/wp-content\/uploads\/2018\/12\/range-rover-evoque-2011-2018-e1544605939985.jpg","type":"image\/jpeg"}],"author":"Nicolas SCHIAVON","twitter_card":"summary_large_image","twitter_creator":"@caridealauto","twitter_site":"@caridealauto","twitter_misc":{"\u00c9crit par":"Nicolas SCHIAVON","Dur\u00e9e de lecture estim\u00e9e":"21 minutes"},"schema":{"@context":"https:\/\/schema.org","@graph":[{"@type":"Article","@id":"https:\/\/www.carideal.com\/blog\/2018\/12\/12\/range-rover-evoque-detail\/#article","isPartOf":{"@id":"https:\/\/www.carideal.com\/blog\/2018\/12\/12\/range-rover-evoque-detail\/"},"author":{"name":"Nicolas SCHIAVON","@id":"https:\/\/www.carideal.com\/blog\/#\/schema\/person\/cd95dc7919660de90d31b366f85be1ec"},"headline":"Range Rover Evoque (2011-2018) en d\u00e9tail","datePublished":"2018-12-12T09:41:48+00:00","dateModified":"2024-02-11T12:32:12+00:00","mainEntityOfPage":{"@id":"https:\/\/www.carideal.com\/blog\/2018\/12\/12\/range-rover-evoque-detail\/"},"wordCount":3979,"commentCount":0,"publisher":{"@id":"https:\/\/www.carideal.com\/blog\/#organization"},"image":{"@id":"https:\/\/www.carideal.com\/blog\/2018\/12\/12\/range-rover-evoque-detail\/#primaryimage"},"thumbnailUrl":"https:\/\/www.carideal.com\/blog\/wp-content\/uploads\/2018\/12\/range-rover-evoque-2011-2018-e1544605939985.jpg","keywords":["Guide achat 4x4 et SUV"],"articleSection":["4X4 Actualit\u00e9","Actualit\u00e9 Land Rover","Essais automobile","Essais Land Rover","SUV"],"inLanguage":"fr-FR","potentialAction":[{"@type":"CommentAction","name":"Comment","target":["https:\/\/www.carideal.com\/blog\/2018\/12\/12\/range-rover-evoque-detail\/#respond"]}]},{"@type":"WebPage","@id":"https:\/\/www.carideal.com\/blog\/2018\/12\/12\/range-rover-evoque-detail\/","url":"https:\/\/www.carideal.com\/blog\/2018\/12\/12\/range-rover-evoque-detail\/","name":"Range Rover Evoque (2011-2018) en d\u00e9tail - Blog auto Carid\u00e9al","isPartOf":{"@id":"https:\/\/www.carideal.com\/blog\/#website"},"primaryImageOfPage":{"@id":"https:\/\/www.carideal.com\/blog\/2018\/12\/12\/range-rover-evoque-detail\/#primaryimage"},"image":{"@id":"https:\/\/www.carideal.com\/blog\/2018\/12\/12\/range-rover-evoque-detail\/#primaryimage"},"thumbnailUrl":"https:\/\/www.carideal.com\/blog\/wp-content\/uploads\/2018\/12\/range-rover-evoque-2011-2018-e1544605939985.jpg","datePublished":"2018-12-12T09:41:48+00:00","dateModified":"2024-02-11T12:32:12+00:00","description":"Le Range Rover Evoque (2011-2018) a un look conceptuel, il est amusant \u00e0 conduire, ses moteurs sont efficaces et sa capacit\u00e9 hors route hors pair","breadcrumb":{"@id":"https:\/\/www.carideal.com\/blog\/2018\/12\/12\/range-rover-evoque-detail\/#breadcrumb"},"inLanguage":"fr-FR","potentialAction":[{"@type":"ReadAction","target":["https:\/\/www.carideal.com\/blog\/2018\/12\/12\/range-rover-evoque-detail\/"]}]},{"@type":"ImageObject","inLanguage":"fr-FR","@id":"https:\/\/www.carideal.com\/blog\/2018\/12\/12\/range-rover-evoque-detail\/#primaryimage","url":"https:\/\/www.carideal.com\/blog\/wp-content\/uploads\/2018\/12\/range-rover-evoque-2011-2018-e1544605939985.jpg","contentUrl":"https:\/\/www.carideal.com\/blog\/wp-content\/uploads\/2018\/12\/range-rover-evoque-2011-2018-e1544605939985.jpg","width":800,"height":533,"caption":"Range Rover Evoque 2011 2018 en d\u00e9tail"},{"@type":"BreadcrumbList","@id":"https:\/\/www.carideal.com\/blog\/2018\/12\/12\/range-rover-evoque-detail\/#breadcrumb","itemListElement":[{"@type":"ListItem","position":1,"name":"Blog Carid\u00e9al","item":"https:\/\/www.carideal.com\/blog\/"},{"@type":"ListItem","position":2,"name":"Essais automobile","item":"https:\/\/www.carideal.com\/blog\/essai\/"},{"@type":"ListItem","position":3,"name":"Essais Land Rover","item":"https:\/\/www.carideal.com\/blog\/essai\/essais-land-rover\/"},{"@type":"ListItem","position":4,"name":"Range Rover Evoque (2011-2018) en d\u00e9tail"}]},{"@type":"WebSite","@id":"https:\/\/www.carideal.com\/blog\/#website","url":"https:\/\/www.carideal.com\/blog\/","name":"Blog auto Carid\u00e9al","description":"Actualit\u00e9 auto par des passionn\u00e9s","publisher":{"@id":"https:\/\/www.carideal.com\/blog\/#organization"},"potentialAction":[{"@type":"SearchAction","target":{"@type":"EntryPoint","urlTemplate":"https:\/\/www.carideal.com\/blog\/?s={search_term_string}"},"query-input":{"@type":"PropertyValueSpecification","valueRequired":true,"valueName":"search_term_string"}}],"inLanguage":"fr-FR"},{"@type":"Organization","@id":"https:\/\/www.carideal.com\/blog\/#organization","name":"Carideal","url":"https:\/\/www.carideal.com\/blog\/","logo":{"@type":"ImageObject","inLanguage":"fr-FR","@id":"https:\/\/www.carideal.com\/blog\/#\/schema\/logo\/image\/","url":"http:\/\/www.carideal.com\/blog\/wp-content\/uploads\/2016\/03\/logo-carideal-mandataire-automobile.png","contentUrl":"http:\/\/www.carideal.com\/blog\/wp-content\/uploads\/2016\/03\/logo-carideal-mandataire-automobile.png","width":300,"height":300,"caption":"Carideal"},"image":{"@id":"https:\/\/www.carideal.com\/blog\/#\/schema\/logo\/image\/"},"sameAs":["https:\/\/www.facebook.com\/Carideal.mandataire.automobile","https:\/\/x.com\/caridealauto","https:\/\/www.instagram.com\/carideal1\/","https:\/\/www.linkedin.com\/company\/carideal.com","https:\/\/fr.pinterest.com\/schiavonsas\/","https:\/\/www.youtube.com\/user\/caridealsas"]},{"@type":"Person","@id":"https:\/\/www.carideal.com\/blog\/#\/schema\/person\/cd95dc7919660de90d31b366f85be1ec","name":"Nicolas SCHIAVON","image":{"@type":"ImageObject","inLanguage":"fr-FR","@id":"https:\/\/www.carideal.com\/blog\/#\/schema\/person\/image\/","url":"https:\/\/secure.gravatar.com\/avatar\/c17e55009e671d92cc7f5dc837dc418a?s=96&r=g","contentUrl":"https:\/\/secure.gravatar.com\/avatar\/c17e55009e671d92cc7f5dc837dc418a?s=96&r=g","caption":"Nicolas SCHIAVON"},"description":"Nicolas Schiavon est tomb\u00e9 tout petit dans la marmite automobile. Ayant eu un garage de marque automobile, mandataire automobile de la premi\u00e8re heure d\u00e8s 1999. Nicolas a cr\u00e9\u00e9 ces premiers sites de vente de voiture et blog automobile d\u00e8s 1994. Carideal est n\u00e9 le 15 d\u00e9cembre 2000 de la volont\u00e9 de vendre des voitures d'occasions en ligne puis des voitures neuves. Il a pu essayer beaucoup de voitures tr\u00e8s diff\u00e9rentes et ayant eu personnellement quelques belles autos, Subaru Impreza, Mitsubishi Lancer Evo 7, Porsche 911, Ferrari Testarrossa, Audi RS3, RS4 et j'en passe...","sameAs":["http:\/\/www.carideal.com","https:\/\/www.facebook.com\/nicolas.schiavon.39","https:\/\/www.instagram.com\/carideal1\/","https:\/\/www.linkedin.com\/in\/nschiavon\/","https:\/\/x.com\/caridealauto","https:\/\/www.youtube.com\/user\/caridealsas\/"],"url":"https:\/\/www.carideal.com\/blog\/author\/nschiavon\/"}]}},"uagb_featured_image_src":{"full":["https:\/\/www.carideal.com\/blog\/wp-content\/uploads\/2018\/12\/range-rover-evoque-2011-2018-e1544605939985.jpg",800,533,false],"thumbnail":["https:\/\/www.carideal.com\/blog\/wp-content\/uploads\/2018\/12\/range-rover-evoque-2011-2018-150x150.jpg",150,150,true],"medium":["https:\/\/www.carideal.com\/blog\/wp-content\/uploads\/2018\/12\/range-rover-evoque-2011-2018-300x200.jpg",300,200,true],"medium_large":["https:\/\/www.carideal.com\/blog\/wp-content\/uploads\/2018\/12\/range-rover-evoque-2011-2018-768x512.jpg",768,512,true],"large":["https:\/\/www.carideal.com\/blog\/wp-content\/uploads\/2018\/12\/range-rover-evoque-2011-2018-e1544605939985.jpg",800,533,false],"1536x1536":["https:\/\/www.carideal.com\/blog\/wp-content\/uploads\/2018\/12\/range-rover-evoque-2011-2018-e1544605939985.jpg",800,533,false],"2048x2048":["https:\/\/www.carideal.com\/blog\/wp-content\/uploads\/2018\/12\/range-rover-evoque-2011-2018-e1544605939985.jpg",800,533,false],"wppr-widget":["https:\/\/www.carideal.com\/blog\/wp-content\/uploads\/2018\/12\/range-rover-evoque-2011-2018-50x33.jpg",50,33,true]},"uagb_author_info":{"display_name":"Nicolas SCHIAVON","author_link":"https:\/\/www.carideal.com\/blog\/author\/nschiavon\/"},"uagb_comment_info":0,"uagb_excerpt":"Le caract\u00e8re familier a att\u00e9nu\u00e9 l\u2019impact du style du Range Rover Evoque, mais il est luxueux, bien con\u00e7ue et toujours d\u00e9sirable Le Range Rover Evoque (2011-2018) est le mod\u00e8le le plus populaire de Land Rover - et il est facile de comprendre pourquoi. Ce n\u2019est pas tout \u00e0 fait un v\u00e9hicule Range Rover \u00e0 prix\u2026","_links":{"self":[{"href":"https:\/\/www.carideal.com\/blog\/wp-json\/wp\/v2\/posts\/18226"}],"collection":[{"href":"https:\/\/www.carideal.com\/blog\/wp-json\/wp\/v2\/posts"}],"about":[{"href":"https:\/\/www.carideal.com\/blog\/wp-json\/wp\/v2\/types\/post"}],"author":[{"embeddable":true,"href":"https:\/\/www.carideal.com\/blog\/wp-json\/wp\/v2\/users\/3"}],"replies":[{"embeddable":true,"href":"https:\/\/www.carideal.com\/blog\/wp-json\/wp\/v2\/comments?post=18226"}],"version-history":[{"count":0,"href":"https:\/\/www.carideal.com\/blog\/wp-json\/wp\/v2\/posts\/18226\/revisions"}],"wp:featuredmedia":[{"embeddable":true,"href":"https:\/\/www.carideal.com\/blog\/wp-json\/wp\/v2\/media\/18239"}],"wp:attachment":[{"href":"https:\/\/www.carideal.com\/blog\/wp-json\/wp\/v2\/media?parent=18226"}],"wp:term":[{"taxonomy":"category","embeddable":true,"href":"https:\/\/www.carideal.com\/blog\/wp-json\/wp\/v2\/categories?post=18226"},{"taxonomy":"post_tag","embeddable":true,"href":"https:\/\/www.carideal.com\/blog\/wp-json\/wp\/v2\/tags?post=18226"}],"curies":[{"name":"wp","href":"https:\/\/api.w.org\/{rel}","templated":true}]}}