{"id":18166,"date":"2018-12-06T16:57:47","date_gmt":"2018-12-06T15:57:47","guid":{"rendered":"http:\/\/www.carideal.com\/blog\/?p=18166"},"modified":"2018-12-07T07:43:00","modified_gmt":"2018-12-07T06:43:00","slug":"calendrier-pirelli-2019","status":"publish","type":"post","link":"https:\/\/www.carideal.com\/blog\/2018\/12\/06\/calendrier-pirelli-2019\/","title":{"rendered":"Calendrier Pirelli 2019 par Albert Watson"},"content":{"rendered":"<h2>Calendrier Pirelli 2019 : Gigi Hadid et Julia Garner tr\u00e8s pr\u00e9sentes<\/h2>\n<p><strong>Photographi\u00e9 par Albert Watson, le th\u00e8me du calendrier Pirelli 2019 de cette ann\u00e9e est \u00abr\u00eaver\u00bb<\/strong><\/p>\n<p>Julia Garner, la star hollywoodienne, a admis que son r\u00f4le r\u00e9cemment mis en avant dans le <strong>calendrier Pirelli 2019<\/strong> \u00e9tait un changement bienvenu et glamour, apr\u00e8s avoir \u00e9t\u00e9 \"terrible\" dans le drame culte de Netflix, Ozark.<\/p>\n<p>L'actrice de 24 ans, qui est peut-\u00eatre mieux connue pour avoir interpr\u00e9t\u00e9 la jeune criminelle Ruth dans le drame policier, a toujours d\u00e9clar\u00e9 qu'il \u00e9tait toujours \"bizarre\" de se voir \u00e0 l'\u00e9cran - mais a avou\u00e9 que c'\u00e9tait agr\u00e9able de se sentir \"belle\" dans la version du calendrier du photographe \u00e9cossais Albert Watson.<\/p>\n<p>La 46e \u00e9dition du calendrier, qui contient 40 images et est pr\u00e9sent\u00e9e dans une bo\u00eete, est bas\u00e9e sur le th\u00e8me du \u00abr\u00eave\u00bb et pr\u00e9sente quatre personnages fictifs aspirant au succ\u00e8s dans leurs vies.<\/p>\n<p>Les quatre femmes sont interpr\u00e9t\u00e9es par <strong>Garner, Gigi Hadid, 23 ans, la ballerine am\u00e9ricaine Misty Copeland, 36 ans, et l\u2019actrice fran\u00e7aise Laetitia Casta, 40 ans<\/strong>, accompagn\u00e9s des r\u00f4les de second r\u00f4le interpr\u00e9t\u00e9s par les danseurs Calvin Royal III et le pr\u00e9tendu \u00abBad Boy of Ballet\u00bb, Sergei Polunin. .<\/p>\n<figure id=\"attachment_18176\" aria-describedby=\"caption-attachment-18176\" style=\"width: 290px\" class=\"wp-caption alignleft\"><a href=\"http:\/\/www.carideal.com\/blog\/wp-content\/uploads\/2018\/12\/calendrier-pirelli-2019-10.jpg\"><img loading=\"lazy\" decoding=\"async\" class=\"size-medium wp-image-18176\" src=\"http:\/\/www.carideal.com\/blog\/wp-content\/uploads\/2018\/12\/calendrier-pirelli-2019-10-300x161.jpg\" alt=\"Calendrier Pirelli 2019 laetitia casta\" width=\"300\" height=\"161\" srcset=\"https:\/\/www.carideal.com\/blog\/wp-content\/uploads\/2018\/12\/calendrier-pirelli-2019-10-300x161.jpg 300w, https:\/\/www.carideal.com\/blog\/wp-content\/uploads\/2018\/12\/calendrier-pirelli-2019-10-768x413.jpg 768w, https:\/\/www.carideal.com\/blog\/wp-content\/uploads\/2018\/12\/calendrier-pirelli-2019-10.jpg 1024w, https:\/\/www.carideal.com\/blog\/wp-content\/uploads\/2018\/12\/calendrier-pirelli-2019-10-50x27.jpg 50w, https:\/\/www.carideal.com\/blog\/wp-content\/uploads\/2018\/12\/calendrier-pirelli-2019-10-110x59.jpg 110w, https:\/\/www.carideal.com\/blog\/wp-content\/uploads\/2018\/12\/calendrier-pirelli-2019-10-420x226.jpg 420w, https:\/\/www.carideal.com\/blog\/wp-content\/uploads\/2018\/12\/calendrier-pirelli-2019-10-770x414.jpg 770w\" sizes=\"(max-width: 300px) 100vw, 300px\" \/><\/a><figcaption id=\"caption-attachment-18176\" class=\"wp-caption-text\">Calendrier Pirelli 2019 laetitia casta<\/figcaption><\/figure>\n<p>Garner, qui a \u00e9galement jou\u00e9 dans <em>The Perks Of Being A Wallflower<\/em> et dans la s\u00e9rie t\u00e9l\u00e9vis\u00e9e <em>The Americans<\/em>, joue un photographe botanique en herbe.<\/p>\n<p>Garner a d\u00e9clar\u00e9 : \"C'est toujours bizarre de se voir en g\u00e9n\u00e9ral. M\u00eame si vous jouez un personnage, il est toujours \u00e9trange de se voir soi-m\u00eame. Dans la s\u00e9rie Ozark, je me regarde et je me dis: \u00abOh, j\u2019ai l\u2019air horrible.\u00bb Je me fais horrible [dans la s\u00e9rie]. Ces [images] sont toutes belles. Et c\u2019est bizarre de dire: \"Ce sont toutes de belles images\" quand elles sont de moi. Mais Albert a une vision. \"<\/p>\n<p>L\u2019actrice a dit avoit craint de ne pas \u00eatre pr\u00e9par\u00e9e pour le r\u00f4le. Elle a ajout\u00e9: \u00abQuand je faisais \u00e7a, je devais prendre trois jours de cong\u00e9 du tournage d'Ozark parce que je finissais la fin de la s\u00e9rie. Je m'inqui\u00e9tais car j'ai toujours l'air si moche\u2026 ma peau est toujours si stress\u00e9e et nous \u00e9tions \u00e0 la fin de la saison. J'\u00e9tais un peu comme: \"Oh mon Dieu, j'esp\u00e8re que je n'ai pas l'air horrible pour le shooting du calendrier Pirelli 2019.\" Alors oui, disons que je suis super contente qu'Albert soit un excellent photographe. \"<\/p>\n<figure id=\"attachment_18169\" aria-describedby=\"caption-attachment-18169\" style=\"width: 290px\" class=\"wp-caption alignright\"><a href=\"http:\/\/www.carideal.com\/blog\/wp-content\/uploads\/2018\/12\/calendrier-pirelli-2019-3.jpg\"><img loading=\"lazy\" decoding=\"async\" class=\"size-medium wp-image-18169\" src=\"http:\/\/www.carideal.com\/blog\/wp-content\/uploads\/2018\/12\/calendrier-pirelli-2019-3-300x169.jpg\" alt=\"Calendrier Pirelli 2019 Gig Hadid\" width=\"300\" height=\"169\" srcset=\"https:\/\/www.carideal.com\/blog\/wp-content\/uploads\/2018\/12\/calendrier-pirelli-2019-3-300x169.jpg 300w, https:\/\/www.carideal.com\/blog\/wp-content\/uploads\/2018\/12\/calendrier-pirelli-2019-3-768x432.jpg 768w, https:\/\/www.carideal.com\/blog\/wp-content\/uploads\/2018\/12\/calendrier-pirelli-2019-3.jpg 1024w, https:\/\/www.carideal.com\/blog\/wp-content\/uploads\/2018\/12\/calendrier-pirelli-2019-3-50x28.jpg 50w, https:\/\/www.carideal.com\/blog\/wp-content\/uploads\/2018\/12\/calendrier-pirelli-2019-3-110x62.jpg 110w, https:\/\/www.carideal.com\/blog\/wp-content\/uploads\/2018\/12\/calendrier-pirelli-2019-3-420x236.jpg 420w, https:\/\/www.carideal.com\/blog\/wp-content\/uploads\/2018\/12\/calendrier-pirelli-2019-3-770x430.jpg 770w, https:\/\/www.carideal.com\/blog\/wp-content\/uploads\/2018\/12\/calendrier-pirelli-2019-3-764x430.jpg 764w\" sizes=\"(max-width: 300px) 100vw, 300px\" \/><\/a><figcaption id=\"caption-attachment-18169\" class=\"wp-caption-text\">Calendrier Pirelli 2019 Gig Hadid<\/figcaption><\/figure>\n<p>Aux c\u00f4t\u00e9s de Garner, Hadid, qui a figur\u00e9 pour la derni\u00e8re fois dans le <a href=\"http:\/\/www.carideal.com\/blog\/2014\/11\/18\/le-calendrier-pirelli-2015-est-arrivee\/\">calendrier Pirelli de Steven Meisel<\/a>\u00a0en portant un corset en latex noir, joue le r\u00f4le d'une jeune mondaine qui tente de se frayer un chemin dans le monde avec l'aide de son confident, interpr\u00e9t\u00e9 par le designer Alexander Wang. Copeland est une danseuse qui veut percer dans le march\u00e9, soutenue par son partenaire, Calvin Royal III. Casta est une peintre en herbe qui vit avec son amant, Polunin.<\/p>\n<p>Le danseur d'origine ukrainienne, le plus jeune soliste de tous les temps au Royal Ballet \u00e2g\u00e9 de 20 ans, a admis qu'il \u00e9tait un peu perplexe de recevoir l'appel de Pirelli, qui met g\u00e9n\u00e9ralement en vedette des femmes.<\/p>\n<p>\u00abJe ressemblais un peu \u00e0 ce que je fais dans ce domaine\u00bb, a-t-il d\u00e9clar\u00e9. \u00abJe pensais que c'\u00e9tait \u00e9trange, mais ce sont les choix qu'ils vont faire. Je veux dire que je me sentais comme un soutien. Je ne voulais pas \u00eatre la chose. Je voulais que Laetitia soit l'objet, la chose.<\/p>\n<h2>Diaporama Calendrier Pirelli 2019<\/h2>\n<div id='gallery-1' class='gallery galleryid-18166 gallery-columns-3 gallery-size-large'><figure class='gallery-item'>\n\t\t\t<div class='gallery-icon landscape'>\n\t\t\t\t<a href='https:\/\/www.carideal.com\/blog\/2018\/12\/06\/calendrier-pirelli-2019\/calendrier-pirelli-2019-1\/#main'><img loading=\"lazy\" decoding=\"async\" width=\"1024\" height=\"576\" src=\"https:\/\/www.carideal.com\/blog\/wp-content\/uploads\/2018\/12\/calendrier-pirelli-2019-1-1024x576.jpg\" class=\"attachment-large size-large\" alt=\"Calendrier Pirelli 2019 Gigi Hadid\" aria-describedby=\"gallery-1-18167\" srcset=\"https:\/\/www.carideal.com\/blog\/wp-content\/uploads\/2018\/12\/calendrier-pirelli-2019-1.jpg 1024w, https:\/\/www.carideal.com\/blog\/wp-content\/uploads\/2018\/12\/calendrier-pirelli-2019-1-300x169.jpg 300w, https:\/\/www.carideal.com\/blog\/wp-content\/uploads\/2018\/12\/calendrier-pirelli-2019-1-768x432.jpg 768w, https:\/\/www.carideal.com\/blog\/wp-content\/uploads\/2018\/12\/calendrier-pirelli-2019-1-50x28.jpg 50w, https:\/\/www.carideal.com\/blog\/wp-content\/uploads\/2018\/12\/calendrier-pirelli-2019-1-110x62.jpg 110w, https:\/\/www.carideal.com\/blog\/wp-content\/uploads\/2018\/12\/calendrier-pirelli-2019-1-420x236.jpg 420w, https:\/\/www.carideal.com\/blog\/wp-content\/uploads\/2018\/12\/calendrier-pirelli-2019-1-765x430.jpg 765w\" sizes=\"(max-width: 1024px) 100vw, 1024px\" \/><\/a>\n\t\t\t<\/div>\n\t\t\t\t<figcaption class='wp-caption-text gallery-caption' id='gallery-1-18167'>\n\t\t\t\tCalendrier Pirelli 2019 Gigi Hadid\n\t\t\t\t<\/figcaption><\/figure><figure class='gallery-item'>\n\t\t\t<div class='gallery-icon landscape'>\n\t\t\t\t<a href='https:\/\/www.carideal.com\/blog\/2018\/12\/06\/calendrier-pirelli-2019\/calendrier-pirelli-2019-2\/#main'><img loading=\"lazy\" decoding=\"async\" width=\"1024\" height=\"576\" src=\"https:\/\/www.carideal.com\/blog\/wp-content\/uploads\/2018\/12\/calendrier-pirelli-2019-2-1024x576.jpg\" class=\"attachment-large size-large\" alt=\"Calendrier Pirelli 2019 gigi_hadid_alexander_wang\" aria-describedby=\"gallery-1-18168\" srcset=\"https:\/\/www.carideal.com\/blog\/wp-content\/uploads\/2018\/12\/calendrier-pirelli-2019-2.jpg 1024w, https:\/\/www.carideal.com\/blog\/wp-content\/uploads\/2018\/12\/calendrier-pirelli-2019-2-300x169.jpg 300w, https:\/\/www.carideal.com\/blog\/wp-content\/uploads\/2018\/12\/calendrier-pirelli-2019-2-768x432.jpg 768w, https:\/\/www.carideal.com\/blog\/wp-content\/uploads\/2018\/12\/calendrier-pirelli-2019-2-50x28.jpg 50w, https:\/\/www.carideal.com\/blog\/wp-content\/uploads\/2018\/12\/calendrier-pirelli-2019-2-110x62.jpg 110w, https:\/\/www.carideal.com\/blog\/wp-content\/uploads\/2018\/12\/calendrier-pirelli-2019-2-420x236.jpg 420w, https:\/\/www.carideal.com\/blog\/wp-content\/uploads\/2018\/12\/calendrier-pirelli-2019-2-764x430.jpg 764w\" sizes=\"(max-width: 1024px) 100vw, 1024px\" \/><\/a>\n\t\t\t<\/div>\n\t\t\t\t<figcaption class='wp-caption-text gallery-caption' id='gallery-1-18168'>\n\t\t\t\tCalendrier Pirelli 2019 gigi_hadid_alexander_wang\n\t\t\t\t<\/figcaption><\/figure><figure class='gallery-item'>\n\t\t\t<div class='gallery-icon landscape'>\n\t\t\t\t<a href='https:\/\/www.carideal.com\/blog\/2018\/12\/06\/calendrier-pirelli-2019\/calendrier-pirelli-2019-3\/#main'><img loading=\"lazy\" decoding=\"async\" width=\"1024\" height=\"576\" src=\"https:\/\/www.carideal.com\/blog\/wp-content\/uploads\/2018\/12\/calendrier-pirelli-2019-3-1024x576.jpg\" class=\"attachment-large size-large\" alt=\"Calendrier Pirelli 2019 Gig Hadid\" aria-describedby=\"gallery-1-18169\" srcset=\"https:\/\/www.carideal.com\/blog\/wp-content\/uploads\/2018\/12\/calendrier-pirelli-2019-3.jpg 1024w, https:\/\/www.carideal.com\/blog\/wp-content\/uploads\/2018\/12\/calendrier-pirelli-2019-3-300x169.jpg 300w, https:\/\/www.carideal.com\/blog\/wp-content\/uploads\/2018\/12\/calendrier-pirelli-2019-3-768x432.jpg 768w, https:\/\/www.carideal.com\/blog\/wp-content\/uploads\/2018\/12\/calendrier-pirelli-2019-3-50x28.jpg 50w, https:\/\/www.carideal.com\/blog\/wp-content\/uploads\/2018\/12\/calendrier-pirelli-2019-3-110x62.jpg 110w, https:\/\/www.carideal.com\/blog\/wp-content\/uploads\/2018\/12\/calendrier-pirelli-2019-3-420x236.jpg 420w, https:\/\/www.carideal.com\/blog\/wp-content\/uploads\/2018\/12\/calendrier-pirelli-2019-3-764x430.jpg 764w\" sizes=\"(max-width: 1024px) 100vw, 1024px\" \/><\/a>\n\t\t\t<\/div>\n\t\t\t\t<figcaption class='wp-caption-text gallery-caption' id='gallery-1-18169'>\n\t\t\t\tCalendrier Pirelli 2019 Gig Hadid\n\t\t\t\t<\/figcaption><\/figure><figure class='gallery-item'>\n\t\t\t<div class='gallery-icon landscape'>\n\t\t\t\t<a href='https:\/\/www.carideal.com\/blog\/2018\/12\/06\/calendrier-pirelli-2019\/calendrier-pirelli-2019-4\/#main'><img loading=\"lazy\" decoding=\"async\" width=\"1024\" height=\"561\" src=\"https:\/\/www.carideal.com\/blog\/wp-content\/uploads\/2018\/12\/calendrier-pirelli-2019-4-1024x561.jpg\" class=\"attachment-large size-large\" alt=\"Calendrier Pirelli 2019 Julia Garner\" aria-describedby=\"gallery-1-18170\" srcset=\"https:\/\/www.carideal.com\/blog\/wp-content\/uploads\/2018\/12\/calendrier-pirelli-2019-4.jpg 1024w, https:\/\/www.carideal.com\/blog\/wp-content\/uploads\/2018\/12\/calendrier-pirelli-2019-4-300x164.jpg 300w, https:\/\/www.carideal.com\/blog\/wp-content\/uploads\/2018\/12\/calendrier-pirelli-2019-4-768x420.jpg 768w, https:\/\/www.carideal.com\/blog\/wp-content\/uploads\/2018\/12\/calendrier-pirelli-2019-4-50x27.jpg 50w, https:\/\/www.carideal.com\/blog\/wp-content\/uploads\/2018\/12\/calendrier-pirelli-2019-4-110x60.jpg 110w, https:\/\/www.carideal.com\/blog\/wp-content\/uploads\/2018\/12\/calendrier-pirelli-2019-4-420x230.jpg 420w, https:\/\/www.carideal.com\/blog\/wp-content\/uploads\/2018\/12\/calendrier-pirelli-2019-4-770x422.jpg 770w\" sizes=\"(max-width: 1024px) 100vw, 1024px\" \/><\/a>\n\t\t\t<\/div>\n\t\t\t\t<figcaption class='wp-caption-text gallery-caption' id='gallery-1-18170'>\n\t\t\t\tCalendrier Pirelli 2019 Julia Garner\n\t\t\t\t<\/figcaption><\/figure><figure class='gallery-item'>\n\t\t\t<div class='gallery-icon landscape'>\n\t\t\t\t<a href='https:\/\/www.carideal.com\/blog\/2018\/12\/06\/calendrier-pirelli-2019\/calendrier-pirelli-2019-5\/#main'><img loading=\"lazy\" decoding=\"async\" width=\"1024\" height=\"561\" src=\"https:\/\/www.carideal.com\/blog\/wp-content\/uploads\/2018\/12\/calendrier-pirelli-2019-5-1024x561.jpg\" class=\"attachment-large size-large\" alt=\"Calendrier Pirelli 2019 julia_garner_astrid_eika\" aria-describedby=\"gallery-1-18171\" srcset=\"https:\/\/www.carideal.com\/blog\/wp-content\/uploads\/2018\/12\/calendrier-pirelli-2019-5.jpg 1024w, https:\/\/www.carideal.com\/blog\/wp-content\/uploads\/2018\/12\/calendrier-pirelli-2019-5-300x164.jpg 300w, https:\/\/www.carideal.com\/blog\/wp-content\/uploads\/2018\/12\/calendrier-pirelli-2019-5-768x420.jpg 768w, https:\/\/www.carideal.com\/blog\/wp-content\/uploads\/2018\/12\/calendrier-pirelli-2019-5-50x27.jpg 50w, https:\/\/www.carideal.com\/blog\/wp-content\/uploads\/2018\/12\/calendrier-pirelli-2019-5-110x60.jpg 110w, https:\/\/www.carideal.com\/blog\/wp-content\/uploads\/2018\/12\/calendrier-pirelli-2019-5-420x230.jpg 420w, https:\/\/www.carideal.com\/blog\/wp-content\/uploads\/2018\/12\/calendrier-pirelli-2019-5-770x422.jpg 770w\" sizes=\"(max-width: 1024px) 100vw, 1024px\" \/><\/a>\n\t\t\t<\/div>\n\t\t\t\t<figcaption class='wp-caption-text gallery-caption' id='gallery-1-18171'>\n\t\t\t\tCalendrier Pirelli 2019 julia_garner_astrid_eika\n\t\t\t\t<\/figcaption><\/figure><figure class='gallery-item'>\n\t\t\t<div class='gallery-icon landscape'>\n\t\t\t\t<a href='https:\/\/www.carideal.com\/blog\/2018\/12\/06\/calendrier-pirelli-2019\/calendrier-pirelli-2019-6\/#main'><img loading=\"lazy\" decoding=\"async\" width=\"1024\" height=\"561\" src=\"https:\/\/www.carideal.com\/blog\/wp-content\/uploads\/2018\/12\/calendrier-pirelli-2019-6-1024x561.jpg\" class=\"attachment-large size-large\" alt=\"Calendrier Pirelli 2019 julia garner\" aria-describedby=\"gallery-1-18172\" srcset=\"https:\/\/www.carideal.com\/blog\/wp-content\/uploads\/2018\/12\/calendrier-pirelli-2019-6.jpg 1024w, https:\/\/www.carideal.com\/blog\/wp-content\/uploads\/2018\/12\/calendrier-pirelli-2019-6-300x164.jpg 300w, https:\/\/www.carideal.com\/blog\/wp-content\/uploads\/2018\/12\/calendrier-pirelli-2019-6-768x420.jpg 768w, https:\/\/www.carideal.com\/blog\/wp-content\/uploads\/2018\/12\/calendrier-pirelli-2019-6-50x27.jpg 50w, https:\/\/www.carideal.com\/blog\/wp-content\/uploads\/2018\/12\/calendrier-pirelli-2019-6-110x60.jpg 110w, https:\/\/www.carideal.com\/blog\/wp-content\/uploads\/2018\/12\/calendrier-pirelli-2019-6-420x230.jpg 420w, https:\/\/www.carideal.com\/blog\/wp-content\/uploads\/2018\/12\/calendrier-pirelli-2019-6-770x422.jpg 770w\" sizes=\"(max-width: 1024px) 100vw, 1024px\" \/><\/a>\n\t\t\t<\/div>\n\t\t\t\t<figcaption class='wp-caption-text gallery-caption' id='gallery-1-18172'>\n\t\t\t\tCalendrier Pirelli 2019 julia garner\n\t\t\t\t<\/figcaption><\/figure><figure class='gallery-item'>\n\t\t\t<div class='gallery-icon landscape'>\n\t\t\t\t<a href='https:\/\/www.carideal.com\/blog\/2018\/12\/06\/calendrier-pirelli-2019\/calendrier-pirelli-2019-7\/#main'><img loading=\"lazy\" decoding=\"async\" width=\"1024\" height=\"561\" src=\"https:\/\/www.carideal.com\/blog\/wp-content\/uploads\/2018\/12\/calendrier-pirelli-2019-7-1024x561.jpg\" class=\"attachment-large size-large\" alt=\"Calendrier Pirelli 2019 misty_copeland_calvin_royal_iii\" aria-describedby=\"gallery-1-18173\" srcset=\"https:\/\/www.carideal.com\/blog\/wp-content\/uploads\/2018\/12\/calendrier-pirelli-2019-7.jpg 1024w, https:\/\/www.carideal.com\/blog\/wp-content\/uploads\/2018\/12\/calendrier-pirelli-2019-7-300x164.jpg 300w, https:\/\/www.carideal.com\/blog\/wp-content\/uploads\/2018\/12\/calendrier-pirelli-2019-7-768x420.jpg 768w, https:\/\/www.carideal.com\/blog\/wp-content\/uploads\/2018\/12\/calendrier-pirelli-2019-7-50x27.jpg 50w, https:\/\/www.carideal.com\/blog\/wp-content\/uploads\/2018\/12\/calendrier-pirelli-2019-7-110x60.jpg 110w, https:\/\/www.carideal.com\/blog\/wp-content\/uploads\/2018\/12\/calendrier-pirelli-2019-7-420x230.jpg 420w, https:\/\/www.carideal.com\/blog\/wp-content\/uploads\/2018\/12\/calendrier-pirelli-2019-7-770x422.jpg 770w\" sizes=\"(max-width: 1024px) 100vw, 1024px\" \/><\/a>\n\t\t\t<\/div>\n\t\t\t\t<figcaption class='wp-caption-text gallery-caption' id='gallery-1-18173'>\n\t\t\t\tCalendrier Pirelli 2019 misty_copeland_calvin_royal_iii\n\t\t\t\t<\/figcaption><\/figure><figure class='gallery-item'>\n\t\t\t<div class='gallery-icon landscape'>\n\t\t\t\t<a href='https:\/\/www.carideal.com\/blog\/2018\/12\/06\/calendrier-pirelli-2019\/calendrier-pirelli-2019-8\/#main'><img loading=\"lazy\" decoding=\"async\" width=\"1024\" height=\"560\" src=\"https:\/\/www.carideal.com\/blog\/wp-content\/uploads\/2018\/12\/calendrier-pirelli-2019-8-1024x560.jpg\" class=\"attachment-large size-large\" alt=\"Calendrier Pirelli 2019 misty_copeland\" aria-describedby=\"gallery-1-18174\" srcset=\"https:\/\/www.carideal.com\/blog\/wp-content\/uploads\/2018\/12\/calendrier-pirelli-2019-8.jpg 1024w, https:\/\/www.carideal.com\/blog\/wp-content\/uploads\/2018\/12\/calendrier-pirelli-2019-8-300x164.jpg 300w, https:\/\/www.carideal.com\/blog\/wp-content\/uploads\/2018\/12\/calendrier-pirelli-2019-8-768x420.jpg 768w, https:\/\/www.carideal.com\/blog\/wp-content\/uploads\/2018\/12\/calendrier-pirelli-2019-8-50x27.jpg 50w, https:\/\/www.carideal.com\/blog\/wp-content\/uploads\/2018\/12\/calendrier-pirelli-2019-8-110x60.jpg 110w, https:\/\/www.carideal.com\/blog\/wp-content\/uploads\/2018\/12\/calendrier-pirelli-2019-8-420x230.jpg 420w, https:\/\/www.carideal.com\/blog\/wp-content\/uploads\/2018\/12\/calendrier-pirelli-2019-8-770x421.jpg 770w\" sizes=\"(max-width: 1024px) 100vw, 1024px\" \/><\/a>\n\t\t\t<\/div>\n\t\t\t\t<figcaption class='wp-caption-text gallery-caption' id='gallery-1-18174'>\n\t\t\t\tCalendrier Pirelli 2019 misty_copeland\n\t\t\t\t<\/figcaption><\/figure><figure class='gallery-item'>\n\t\t\t<div class='gallery-icon landscape'>\n\t\t\t\t<a href='https:\/\/www.carideal.com\/blog\/2018\/12\/06\/calendrier-pirelli-2019\/calendrier-pirelli-2019-9\/#main'><img loading=\"lazy\" decoding=\"async\" width=\"1024\" height=\"546\" src=\"https:\/\/www.carideal.com\/blog\/wp-content\/uploads\/2018\/12\/calendrier-pirelli-2019-9-1024x546.jpg\" class=\"attachment-large size-large\" alt=\"Calendrier Pirelli 2019 misty_copeland\" aria-describedby=\"gallery-1-18175\" srcset=\"https:\/\/www.carideal.com\/blog\/wp-content\/uploads\/2018\/12\/calendrier-pirelli-2019-9.jpg 1024w, https:\/\/www.carideal.com\/blog\/wp-content\/uploads\/2018\/12\/calendrier-pirelli-2019-9-300x160.jpg 300w, https:\/\/www.carideal.com\/blog\/wp-content\/uploads\/2018\/12\/calendrier-pirelli-2019-9-768x410.jpg 768w, https:\/\/www.carideal.com\/blog\/wp-content\/uploads\/2018\/12\/calendrier-pirelli-2019-9-50x27.jpg 50w, https:\/\/www.carideal.com\/blog\/wp-content\/uploads\/2018\/12\/calendrier-pirelli-2019-9-110x59.jpg 110w, https:\/\/www.carideal.com\/blog\/wp-content\/uploads\/2018\/12\/calendrier-pirelli-2019-9-420x224.jpg 420w, https:\/\/www.carideal.com\/blog\/wp-content\/uploads\/2018\/12\/calendrier-pirelli-2019-9-770x411.jpg 770w\" sizes=\"(max-width: 1024px) 100vw, 1024px\" \/><\/a>\n\t\t\t<\/div>\n\t\t\t\t<figcaption class='wp-caption-text gallery-caption' id='gallery-1-18175'>\n\t\t\t\tCalendrier Pirelli 2019 misty_copeland\n\t\t\t\t<\/figcaption><\/figure><figure class='gallery-item'>\n\t\t\t<div class='gallery-icon landscape'>\n\t\t\t\t<a href='https:\/\/www.carideal.com\/blog\/2018\/12\/06\/calendrier-pirelli-2019\/calendrier-pirelli-2019-10\/#main'><img loading=\"lazy\" decoding=\"async\" width=\"1024\" height=\"551\" src=\"https:\/\/www.carideal.com\/blog\/wp-content\/uploads\/2018\/12\/calendrier-pirelli-2019-10-1024x551.jpg\" class=\"attachment-large size-large\" alt=\"Calendrier Pirelli 2019 laetitia casta\" aria-describedby=\"gallery-1-18176\" srcset=\"https:\/\/www.carideal.com\/blog\/wp-content\/uploads\/2018\/12\/calendrier-pirelli-2019-10.jpg 1024w, https:\/\/www.carideal.com\/blog\/wp-content\/uploads\/2018\/12\/calendrier-pirelli-2019-10-300x161.jpg 300w, https:\/\/www.carideal.com\/blog\/wp-content\/uploads\/2018\/12\/calendrier-pirelli-2019-10-768x413.jpg 768w, https:\/\/www.carideal.com\/blog\/wp-content\/uploads\/2018\/12\/calendrier-pirelli-2019-10-50x27.jpg 50w, https:\/\/www.carideal.com\/blog\/wp-content\/uploads\/2018\/12\/calendrier-pirelli-2019-10-110x59.jpg 110w, https:\/\/www.carideal.com\/blog\/wp-content\/uploads\/2018\/12\/calendrier-pirelli-2019-10-420x226.jpg 420w, https:\/\/www.carideal.com\/blog\/wp-content\/uploads\/2018\/12\/calendrier-pirelli-2019-10-770x414.jpg 770w\" sizes=\"(max-width: 1024px) 100vw, 1024px\" \/><\/a>\n\t\t\t<\/div>\n\t\t\t\t<figcaption class='wp-caption-text gallery-caption' id='gallery-1-18176'>\n\t\t\t\tCalendrier Pirelli 2019 laetitia casta\n\t\t\t\t<\/figcaption><\/figure><figure class='gallery-item'>\n\t\t\t<div class='gallery-icon landscape'>\n\t\t\t\t<a href='https:\/\/www.carideal.com\/blog\/2018\/12\/06\/calendrier-pirelli-2019\/calendrier-pirelli-2019-11\/#main'><img loading=\"lazy\" decoding=\"async\" width=\"1024\" height=\"561\" src=\"https:\/\/www.carideal.com\/blog\/wp-content\/uploads\/2018\/12\/calendrier-pirelli-2019-11-1024x561.jpg\" class=\"attachment-large size-large\" alt=\"Calendrier Pirelli 2019 laetitia_casta_sergei_polunin\" aria-describedby=\"gallery-1-18177\" srcset=\"https:\/\/www.carideal.com\/blog\/wp-content\/uploads\/2018\/12\/calendrier-pirelli-2019-11.jpg 1024w, https:\/\/www.carideal.com\/blog\/wp-content\/uploads\/2018\/12\/calendrier-pirelli-2019-11-300x164.jpg 300w, https:\/\/www.carideal.com\/blog\/wp-content\/uploads\/2018\/12\/calendrier-pirelli-2019-11-768x420.jpg 768w, https:\/\/www.carideal.com\/blog\/wp-content\/uploads\/2018\/12\/calendrier-pirelli-2019-11-50x27.jpg 50w, https:\/\/www.carideal.com\/blog\/wp-content\/uploads\/2018\/12\/calendrier-pirelli-2019-11-110x60.jpg 110w, https:\/\/www.carideal.com\/blog\/wp-content\/uploads\/2018\/12\/calendrier-pirelli-2019-11-420x230.jpg 420w, https:\/\/www.carideal.com\/blog\/wp-content\/uploads\/2018\/12\/calendrier-pirelli-2019-11-770x422.jpg 770w\" sizes=\"(max-width: 1024px) 100vw, 1024px\" \/><\/a>\n\t\t\t<\/div>\n\t\t\t\t<figcaption class='wp-caption-text gallery-caption' id='gallery-1-18177'>\n\t\t\t\tCalendrier Pirelli 2019 laetitia_casta_sergei_polunin\n\t\t\t\t<\/figcaption><\/figure><figure class='gallery-item'>\n\t\t\t<div class='gallery-icon landscape'>\n\t\t\t\t<a href='https:\/\/www.carideal.com\/blog\/2018\/12\/06\/calendrier-pirelli-2019\/calendrier-pirelli-2019-12\/#main'><img loading=\"lazy\" decoding=\"async\" width=\"1024\" height=\"576\" src=\"https:\/\/www.carideal.com\/blog\/wp-content\/uploads\/2018\/12\/calendrier-pirelli-2019-12-1024x576.jpg\" class=\"attachment-large size-large\" alt=\"Calendrier Pirelli 2019 laetitia_casta_sergei_polunin\" aria-describedby=\"gallery-1-18178\" srcset=\"https:\/\/www.carideal.com\/blog\/wp-content\/uploads\/2018\/12\/calendrier-pirelli-2019-12.jpg 1024w, https:\/\/www.carideal.com\/blog\/wp-content\/uploads\/2018\/12\/calendrier-pirelli-2019-12-300x169.jpg 300w, https:\/\/www.carideal.com\/blog\/wp-content\/uploads\/2018\/12\/calendrier-pirelli-2019-12-768x432.jpg 768w, https:\/\/www.carideal.com\/blog\/wp-content\/uploads\/2018\/12\/calendrier-pirelli-2019-12-50x28.jpg 50w, https:\/\/www.carideal.com\/blog\/wp-content\/uploads\/2018\/12\/calendrier-pirelli-2019-12-110x62.jpg 110w, https:\/\/www.carideal.com\/blog\/wp-content\/uploads\/2018\/12\/calendrier-pirelli-2019-12-420x236.jpg 420w, https:\/\/www.carideal.com\/blog\/wp-content\/uploads\/2018\/12\/calendrier-pirelli-2019-12-765x430.jpg 765w\" sizes=\"(max-width: 1024px) 100vw, 1024px\" \/><\/a>\n\t\t\t<\/div>\n\t\t\t\t<figcaption class='wp-caption-text gallery-caption' id='gallery-1-18178'>\n\t\t\t\tCalendrier Pirelli 2019 laetitia_casta_sergei_polunin\n\t\t\t\t<\/figcaption><\/figure><figure class='gallery-item'>\n\t\t\t<div class='gallery-icon portrait'>\n\t\t\t\t<a href='https:\/\/www.carideal.com\/blog\/2018\/12\/06\/calendrier-pirelli-2019\/calendrier-pirelli-2019-13\/#main'><img loading=\"lazy\" decoding=\"async\" width=\"685\" height=\"912\" src=\"https:\/\/www.carideal.com\/blog\/wp-content\/uploads\/2018\/12\/calendrier-pirelli-2019-13.jpg\" class=\"attachment-large size-large\" alt=\"Calendrier Pirelli 2019 Naomi Campbell and Sean &quot;Diddy&quot; Combs\" aria-describedby=\"gallery-1-18179\" srcset=\"https:\/\/www.carideal.com\/blog\/wp-content\/uploads\/2018\/12\/calendrier-pirelli-2019-13.jpg 685w, https:\/\/www.carideal.com\/blog\/wp-content\/uploads\/2018\/12\/calendrier-pirelli-2019-13-225x300.jpg 225w, https:\/\/www.carideal.com\/blog\/wp-content\/uploads\/2018\/12\/calendrier-pirelli-2019-13-38x50.jpg 38w, https:\/\/www.carideal.com\/blog\/wp-content\/uploads\/2018\/12\/calendrier-pirelli-2019-13-83x110.jpg 83w, https:\/\/www.carideal.com\/blog\/wp-content\/uploads\/2018\/12\/calendrier-pirelli-2019-13-315x420.jpg 315w, https:\/\/www.carideal.com\/blog\/wp-content\/uploads\/2018\/12\/calendrier-pirelli-2019-13-323x430.jpg 323w\" sizes=\"(max-width: 685px) 100vw, 685px\" \/><\/a>\n\t\t\t<\/div>\n\t\t\t\t<figcaption class='wp-caption-text gallery-caption' id='gallery-1-18179'>\n\t\t\t\tCalendrier Pirelli 2019 Naomi Campbell and Sean \u00ab\u00a0Diddy\u00a0\u00bb Combs\n\t\t\t\t<\/figcaption><\/figure><figure class='gallery-item'>\n\t\t\t<div class='gallery-icon portrait'>\n\t\t\t\t<a href='https:\/\/www.carideal.com\/blog\/2018\/12\/06\/calendrier-pirelli-2019\/calendrier-pirelli-2019-14\/#main'><img loading=\"lazy\" decoding=\"async\" width=\"685\" height=\"912\" src=\"https:\/\/www.carideal.com\/blog\/wp-content\/uploads\/2018\/12\/calendrier-pirelli-2019-14.jpg\" class=\"attachment-large size-large\" alt=\"Calendrier Pirelli 2019 Whoopi Goldberg &amp; Thando\" aria-describedby=\"gallery-1-18180\" srcset=\"https:\/\/www.carideal.com\/blog\/wp-content\/uploads\/2018\/12\/calendrier-pirelli-2019-14.jpg 685w, https:\/\/www.carideal.com\/blog\/wp-content\/uploads\/2018\/12\/calendrier-pirelli-2019-14-225x300.jpg 225w, https:\/\/www.carideal.com\/blog\/wp-content\/uploads\/2018\/12\/calendrier-pirelli-2019-14-38x50.jpg 38w, https:\/\/www.carideal.com\/blog\/wp-content\/uploads\/2018\/12\/calendrier-pirelli-2019-14-83x110.jpg 83w, https:\/\/www.carideal.com\/blog\/wp-content\/uploads\/2018\/12\/calendrier-pirelli-2019-14-315x420.jpg 315w, https:\/\/www.carideal.com\/blog\/wp-content\/uploads\/2018\/12\/calendrier-pirelli-2019-14-323x430.jpg 323w\" sizes=\"(max-width: 685px) 100vw, 685px\" \/><\/a>\n\t\t\t<\/div>\n\t\t\t\t<figcaption class='wp-caption-text gallery-caption' id='gallery-1-18180'>\n\t\t\t\tCalendrier Pirelli 2019 Whoopi Goldberg &#038; Thando\n\t\t\t\t<\/figcaption><\/figure><figure class='gallery-item'>\n\t\t\t<div class='gallery-icon portrait'>\n\t\t\t\t<a href='https:\/\/www.carideal.com\/blog\/2018\/12\/06\/calendrier-pirelli-2019\/calendrier-pirelli-2019-15\/#main'><img loading=\"lazy\" decoding=\"async\" width=\"685\" height=\"912\" src=\"https:\/\/www.carideal.com\/blog\/wp-content\/uploads\/2018\/12\/calendrier-pirelli-2019-15.jpg\" class=\"attachment-large size-large\" alt=\"Calendrier Pirelli 2019 Duckie Thot\" aria-describedby=\"gallery-1-18181\" srcset=\"https:\/\/www.carideal.com\/blog\/wp-content\/uploads\/2018\/12\/calendrier-pirelli-2019-15.jpg 685w, https:\/\/www.carideal.com\/blog\/wp-content\/uploads\/2018\/12\/calendrier-pirelli-2019-15-225x300.jpg 225w, https:\/\/www.carideal.com\/blog\/wp-content\/uploads\/2018\/12\/calendrier-pirelli-2019-15-38x50.jpg 38w, https:\/\/www.carideal.com\/blog\/wp-content\/uploads\/2018\/12\/calendrier-pirelli-2019-15-83x110.jpg 83w, https:\/\/www.carideal.com\/blog\/wp-content\/uploads\/2018\/12\/calendrier-pirelli-2019-15-315x420.jpg 315w, https:\/\/www.carideal.com\/blog\/wp-content\/uploads\/2018\/12\/calendrier-pirelli-2019-15-323x430.jpg 323w\" sizes=\"(max-width: 685px) 100vw, 685px\" \/><\/a>\n\t\t\t<\/div>\n\t\t\t\t<figcaption class='wp-caption-text gallery-caption' id='gallery-1-18181'>\n\t\t\t\tCalendrier Pirelli 2019 Duckie Thot\n\t\t\t\t<\/figcaption><\/figure><figure class='gallery-item'>\n\t\t\t<div class='gallery-icon portrait'>\n\t\t\t\t<a href='https:\/\/www.carideal.com\/blog\/2018\/12\/06\/calendrier-pirelli-2019\/calendrier-pirelli-2019-16\/#main'><img loading=\"lazy\" decoding=\"async\" width=\"685\" height=\"912\" src=\"https:\/\/www.carideal.com\/blog\/wp-content\/uploads\/2018\/12\/calendrier-pirelli-2019-16.jpg\" class=\"attachment-large size-large\" alt=\"Calendrier Pirelli 2019 RuPaul and Dijmon\" aria-describedby=\"gallery-1-18182\" srcset=\"https:\/\/www.carideal.com\/blog\/wp-content\/uploads\/2018\/12\/calendrier-pirelli-2019-16.jpg 685w, https:\/\/www.carideal.com\/blog\/wp-content\/uploads\/2018\/12\/calendrier-pirelli-2019-16-225x300.jpg 225w, https:\/\/www.carideal.com\/blog\/wp-content\/uploads\/2018\/12\/calendrier-pirelli-2019-16-38x50.jpg 38w, https:\/\/www.carideal.com\/blog\/wp-content\/uploads\/2018\/12\/calendrier-pirelli-2019-16-83x110.jpg 83w, https:\/\/www.carideal.com\/blog\/wp-content\/uploads\/2018\/12\/calendrier-pirelli-2019-16-315x420.jpg 315w, https:\/\/www.carideal.com\/blog\/wp-content\/uploads\/2018\/12\/calendrier-pirelli-2019-16-323x430.jpg 323w\" sizes=\"(max-width: 685px) 100vw, 685px\" \/><\/a>\n\t\t\t<\/div>\n\t\t\t\t<figcaption class='wp-caption-text gallery-caption' id='gallery-1-18182'>\n\t\t\t\tCalendrier Pirelli 2019 RuPaul and Dijmon\n\t\t\t\t<\/figcaption><\/figure>\n\t\t<\/div>\n\n<p>Watson, qui est surtout connu pour ses portraits en noir et blanc du Boss d'Apple, Steve Jobs, de Kate Moss \u00e0 19 ans, et du r\u00e9alisateur Alfred Hitchcock, a prise toutes les images au format 16: 9, le plus grand format couramment utilis\u00e9 pour le cin\u00e9ma et la t\u00e9l\u00e9vision. Il a dit qu'il souhaitait que le calendrier ressemble davantage \u00e0 une \"s\u00e9rie de plans d'un film\" qu'\u00e0 une \"s\u00e9rie de 12 images<\/p>\n<p>Watson, qui a \u00e9tudi\u00e9 au Royal College of Art et a tourn\u00e9 plus de 100 reprises de Vogue en quatre ans, a d\u00e9clar\u00e9 que le th\u00e8me du cin\u00e9ma \u00e9tait sa fa\u00e7on de faire quelque chose de diff\u00e9rent par rapport au calendrier Pirelli conventionnel.<\/p>\n<figure id=\"attachment_18175\" aria-describedby=\"caption-attachment-18175\" style=\"width: 290px\" class=\"wp-caption alignleft\"><a href=\"http:\/\/www.carideal.com\/blog\/wp-content\/uploads\/2018\/12\/calendrier-pirelli-2019-9.jpg\"><img loading=\"lazy\" decoding=\"async\" class=\"size-medium wp-image-18175\" src=\"http:\/\/www.carideal.com\/blog\/wp-content\/uploads\/2018\/12\/calendrier-pirelli-2019-9-300x160.jpg\" alt=\"Calendrier Pirelli 2019 misty_copeland\" width=\"300\" height=\"160\" srcset=\"https:\/\/www.carideal.com\/blog\/wp-content\/uploads\/2018\/12\/calendrier-pirelli-2019-9-300x160.jpg 300w, https:\/\/www.carideal.com\/blog\/wp-content\/uploads\/2018\/12\/calendrier-pirelli-2019-9-768x410.jpg 768w, https:\/\/www.carideal.com\/blog\/wp-content\/uploads\/2018\/12\/calendrier-pirelli-2019-9.jpg 1024w, https:\/\/www.carideal.com\/blog\/wp-content\/uploads\/2018\/12\/calendrier-pirelli-2019-9-50x27.jpg 50w, https:\/\/www.carideal.com\/blog\/wp-content\/uploads\/2018\/12\/calendrier-pirelli-2019-9-110x59.jpg 110w, https:\/\/www.carideal.com\/blog\/wp-content\/uploads\/2018\/12\/calendrier-pirelli-2019-9-420x224.jpg 420w, https:\/\/www.carideal.com\/blog\/wp-content\/uploads\/2018\/12\/calendrier-pirelli-2019-9-770x411.jpg 770w\" sizes=\"(max-width: 300px) 100vw, 300px\" \/><\/a><figcaption id=\"caption-attachment-18175\" class=\"wp-caption-text\">Calendrier Pirelli 2019 misty_copeland<\/figcaption><\/figure>\n<p>\u00abQuand j'ai abord\u00e9 ce projet, je voulais le faire diff\u00e9remment des autres photographes\u00bb, a-t-il d\u00e9clar\u00e9. \u00abJe voulais cr\u00e9er quelque chose qui soit plus qu'un portrait de quelqu'un. Je voulais que ce soit encore comme un film. [Avec le calendrier Pirelli], l'id\u00e9e \u00e9tait toujours de cr\u00e9er une version \u00e9l\u00e9gante et sophistiqu\u00e9e d'une pin up. Mais comme cela avait \u00e9t\u00e9 fait des dizaines de fois dans le pass\u00e9, il ne semblait pas judicieux d\u2019emmener une s\u00e9rie de mannequins sur la plage pour leur faire perdre leur place. Cela ne semblait pas \u00eatre la bonne chose \u00e0 faire. Et par cons\u00e9quent, j\u2019ai pens\u00e9 qu\u2019il \u00e9tait plus int\u00e9ressant de faire une approche cin\u00e9ma, de faire quatre courts m\u00e9trages, d\u2019o\u00f9 proviennent les images fixes. \u201d<\/p>\n<p>Dans cette nouvelle mouture, les images sont pr\u00e9sent\u00e9es dans une bo\u00eete noire avec un cadre noir \u00e9pais joint. Chaque image peut ensuite \u00eatre plac\u00e9e dans le cadre, faisant ainsi ressembler chaque image \u00e0 un \u00e9cran de t\u00e9l\u00e9vision plut\u00f4t qu\u2019\u00e0 un calendrier \u00e0 accrocher au mur.<\/p>\n<p>Le calendrier a \u00e9t\u00e9 d\u00e9voil\u00e9 le 5 d\u00e9cembre \u00e0 Milan. Toutes les stars attendaient pour assister \u00e0 un gala scintillant dans la ville italienne.<\/p>\n<p>Le premier calendrier en 1964, qui a \u00e9t\u00e9 photographi\u00e9 par Robert Freeman \u00e0 Majorque, \u00e9tait constitu\u00e9 d\u2019une s\u00e9rie de prises de vues de plages mettant en sc\u00e8ne Jane Lumb, Sonny Freeman Drane et Marisa Forsyth.<\/p>\n<p>Le calendrier de l\u2019ann\u00e9e derni\u00e8re, avec une distribution enti\u00e8rement noire, a \u00e9t\u00e9 photographi\u00e9 par le photographe de mode britannique Tim Walker, sur le th\u00e8me d\u2019Alice au pays des merveilles. Naomi Campbell, RuPaul, Lupita Nyong\u2019o et Adwoa Aboah \u00e9taient parmi les acteurs, avec Edward Enninful, r\u00e9dacteur en chef du Vogue britannique, en charge du tournage.<\/p>\n<p>En 2016, Peter Lindbergh a photographi\u00e9 Nicole Kidman, Penelope Cruz et Kate Winslet dans un calendrier noir et blanc visant \u00e0 montrer la beaut\u00e9 non mont\u00e9e de la distribution.<\/p>\n<p>Le calendrier n\u2019est disponible que pour un certain nombre de clients et d\u2019amis de la marque italienne Pirelli et n\u2019est pas \u00e0 vendre.<\/p>\n<h2>Le Calendrier Pirelli 2019 en Video<\/h2>\n<p><iframe loading=\"lazy\" src=\"https:\/\/www.youtube.com\/embed\/M5AgPF1IXQE\" width=\"560\" height=\"315\" frameborder=\"0\" allowfullscreen=\"allowfullscreen\"><\/iframe><\/p>\n<h3>Tous les calendriers Pirelli<\/h3>\n<blockquote><p>&gt; <a href=\"http:\/\/www.carideal.com\/blog\/2009\/11\/24\/calendrier-pirelli-2010-est-sorti\/\">Calendrier Pirelli 2010<\/a>\u00a0&gt; <a href=\"http:\/\/www.carideal.com\/blog\/2010\/12\/02\/calendrier-pirelli-2011\/\">Calendrier Pirelli 2011<\/a>\u00a0&gt; <a href=\"http:\/\/www.carideal.com\/blog\/2011\/12\/08\/calendrier-pirelli-2012\/\">Calendrier Pirelli 2012<\/a><\/p>\n<p>&gt; <a href=\"http:\/\/www.carideal.com\/blog\/2013\/11\/21\/calendrier-pirelli-2014-signe-helmut-newton\/\">Calendrier Pirelli 2014<\/a>\u00a0&gt; <a href=\"http:\/\/www.carideal.com\/blog\/2014\/11\/18\/le-calendrier-pirelli-2015-est-arrivee\/\">Calendrier Pirelli 2015<\/a>\u00a0&gt; <a href=\"http:\/\/www.carideal.com\/blog\/2016\/12\/05\/calendrier-pirelli-2017\/\">Calendrier Pirelli 2017<\/a><\/p>\n<p>&gt; Calendrier Pirelli 2018\u00a0&gt; <a href=\"http:\/\/www.carideal.com\/blog\/2018\/12\/06\/calendrier-pirelli-2019\/\">Calendrier Pirelli 2019<\/a><\/p>\n<p>&gt; <a href=\"http:\/\/www.carideal.com\/blog\/tag\/calendrier-pirelli\/\">Tous les Calendriers Pirelli<\/a><\/p><\/blockquote>\n","protected":false},"excerpt":{"rendered":"<p>Calendrier Pirelli 2019 : Gigi Hadid et Julia Garner tr\u00e8s pr\u00e9sentes Photographi\u00e9 par Albert Watson, le th\u00e8me du calendrier Pirelli 2019 de cette ann\u00e9e est \u00abr\u00eaver\u00bb Julia Garner, la star hollywoodienne, a admis que son r\u00f4le r\u00e9cemment mis en avant dans le calendrier Pirelli 2019 \u00e9tait un changement bienvenu et glamour, apr\u00e8s avoir \u00e9t\u00e9 \u00ab\u00a0terrible\u00a0\u00bb &#8230; <a title=\"Calendrier Pirelli 2019 par Albert Watson\" class=\"read-more\" href=\"https:\/\/www.carideal.com\/blog\/2018\/12\/06\/calendrier-pirelli-2019\/\" aria-label=\"En savoir plus sur Calendrier Pirelli 2019 par Albert Watson\">Lire plus<\/a><\/p>\n","protected":false},"author":3,"featured_media":18167,"comment_status":"open","ping_status":"open","sticky":false,"template":"","format":"image","meta":{"_uag_custom_page_level_css":"","_themeisle_gutenberg_block_has_review":false,"footnotes":""},"categories":[5943,5994],"tags":[1236],"class_list":["post-18166","post","type-post","status-publish","format-image","has-post-thumbnail","hentry","category-pirelli","category-fun","tag-calendrier-pirelli","post_format-post-format-image"],"wppr_data":{"cwp_meta_box_check":"No"},"yoast_head":"<!-- This site is optimized with the Yoast SEO plugin v24.8.1 - https:\/\/yoast.com\/wordpress\/plugins\/seo\/ -->\n<title>Calendrier Pirelli 2019 par Albert Watson - Blog auto Carid\u00e9al<\/title>\n<meta name=\"description\" content=\"La star montante d&#039;Hollywood, Julia Garner, a admis que son r\u00e9cent r\u00f4le dans le calendrier Pirelli 2019 \u00e9tait un changement bienvenu et glamour, apr\u00e8s avoir \u00e9t\u00e9 &quot;horrible&quot; dans le drame culte de Netflix, Ozark.\" \/>\n<meta name=\"robots\" content=\"index, follow, max-snippet:-1, max-image-preview:large, max-video-preview:-1\" \/>\n<link rel=\"canonical\" href=\"https:\/\/www.carideal.com\/blog\/2018\/12\/06\/calendrier-pirelli-2019\/\" \/>\n<meta property=\"og:locale\" content=\"fr_FR\" \/>\n<meta property=\"og:type\" content=\"article\" \/>\n<meta property=\"og:title\" content=\"Calendrier Pirelli 2019 par Albert Watson - Blog auto Carid\u00e9al\" \/>\n<meta property=\"og:description\" content=\"La star montante d&#039;Hollywood, Julia Garner, a admis que son r\u00e9cent r\u00f4le dans le calendrier Pirelli 2019 \u00e9tait un changement bienvenu et glamour, apr\u00e8s avoir \u00e9t\u00e9 &quot;horrible&quot; dans le drame culte de Netflix, Ozark.\" \/>\n<meta property=\"og:url\" content=\"https:\/\/www.carideal.com\/blog\/2018\/12\/06\/calendrier-pirelli-2019\/\" \/>\n<meta property=\"og:site_name\" content=\"Blog auto Carid\u00e9al\" \/>\n<meta property=\"article:publisher\" content=\"https:\/\/www.facebook.com\/Carideal.mandataire.automobile\" \/>\n<meta property=\"article:author\" content=\"https:\/\/www.facebook.com\/nicolas.schiavon.39\" \/>\n<meta property=\"article:published_time\" content=\"2018-12-06T15:57:47+00:00\" \/>\n<meta property=\"article:modified_time\" content=\"2018-12-07T06:43:00+00:00\" \/>\n<meta property=\"og:image\" content=\"https:\/\/www.carideal.com\/blog\/wp-content\/uploads\/2018\/12\/calendrier-pirelli-2019-1.jpg\" \/>\n\t<meta property=\"og:image:width\" content=\"1024\" \/>\n\t<meta property=\"og:image:height\" content=\"576\" \/>\n\t<meta property=\"og:image:type\" content=\"image\/jpeg\" \/>\n<meta name=\"author\" content=\"Nicolas SCHIAVON\" \/>\n<meta name=\"twitter:card\" content=\"summary_large_image\" \/>\n<meta name=\"twitter:creator\" content=\"@caridealauto\" \/>\n<meta name=\"twitter:site\" content=\"@caridealauto\" \/>\n<meta name=\"twitter:label1\" content=\"\u00c9crit par\" \/>\n\t<meta name=\"twitter:data1\" content=\"Nicolas SCHIAVON\" \/>\n\t<meta name=\"twitter:label2\" content=\"Dur\u00e9e de lecture estim\u00e9e\" \/>\n\t<meta name=\"twitter:data2\" content=\"6 minutes\" \/>\n<script type=\"application\/ld+json\" class=\"yoast-schema-graph\">{\"@context\":\"https:\/\/schema.org\",\"@graph\":[{\"@type\":\"Article\",\"@id\":\"https:\/\/www.carideal.com\/blog\/2018\/12\/06\/calendrier-pirelli-2019\/#article\",\"isPartOf\":{\"@id\":\"https:\/\/www.carideal.com\/blog\/2018\/12\/06\/calendrier-pirelli-2019\/\"},\"author\":{\"name\":\"Nicolas SCHIAVON\",\"@id\":\"https:\/\/www.carideal.com\/blog\/#\/schema\/person\/cd95dc7919660de90d31b366f85be1ec\"},\"headline\":\"Calendrier Pirelli 2019 par Albert Watson\",\"datePublished\":\"2018-12-06T15:57:47+00:00\",\"dateModified\":\"2018-12-07T06:43:00+00:00\",\"mainEntityOfPage\":{\"@id\":\"https:\/\/www.carideal.com\/blog\/2018\/12\/06\/calendrier-pirelli-2019\/\"},\"wordCount\":1174,\"commentCount\":0,\"publisher\":{\"@id\":\"https:\/\/www.carideal.com\/blog\/#organization\"},\"image\":{\"@id\":\"https:\/\/www.carideal.com\/blog\/2018\/12\/06\/calendrier-pirelli-2019\/#primaryimage\"},\"thumbnailUrl\":\"https:\/\/www.carideal.com\/blog\/wp-content\/uploads\/2018\/12\/calendrier-pirelli-2019-1.jpg\",\"keywords\":[\"Calendrier Pirelli\"],\"articleSection\":[\"Actualit\u00e9 Pirelli\",\"Fun\"],\"inLanguage\":\"fr-FR\",\"potentialAction\":[{\"@type\":\"CommentAction\",\"name\":\"Comment\",\"target\":[\"https:\/\/www.carideal.com\/blog\/2018\/12\/06\/calendrier-pirelli-2019\/#respond\"]}]},{\"@type\":\"WebPage\",\"@id\":\"https:\/\/www.carideal.com\/blog\/2018\/12\/06\/calendrier-pirelli-2019\/\",\"url\":\"https:\/\/www.carideal.com\/blog\/2018\/12\/06\/calendrier-pirelli-2019\/\",\"name\":\"Calendrier Pirelli 2019 par Albert Watson - Blog auto Carid\u00e9al\",\"isPartOf\":{\"@id\":\"https:\/\/www.carideal.com\/blog\/#website\"},\"primaryImageOfPage\":{\"@id\":\"https:\/\/www.carideal.com\/blog\/2018\/12\/06\/calendrier-pirelli-2019\/#primaryimage\"},\"image\":{\"@id\":\"https:\/\/www.carideal.com\/blog\/2018\/12\/06\/calendrier-pirelli-2019\/#primaryimage\"},\"thumbnailUrl\":\"https:\/\/www.carideal.com\/blog\/wp-content\/uploads\/2018\/12\/calendrier-pirelli-2019-1.jpg\",\"datePublished\":\"2018-12-06T15:57:47+00:00\",\"dateModified\":\"2018-12-07T06:43:00+00:00\",\"description\":\"La star montante d'Hollywood, Julia Garner, a admis que son r\u00e9cent r\u00f4le dans le calendrier Pirelli 2019 \u00e9tait un changement bienvenu et glamour, apr\u00e8s avoir \u00e9t\u00e9 \\\"horrible\\\" dans le drame culte de Netflix, Ozark.\",\"breadcrumb\":{\"@id\":\"https:\/\/www.carideal.com\/blog\/2018\/12\/06\/calendrier-pirelli-2019\/#breadcrumb\"},\"inLanguage\":\"fr-FR\",\"potentialAction\":[{\"@type\":\"ReadAction\",\"target\":[\"https:\/\/www.carideal.com\/blog\/2018\/12\/06\/calendrier-pirelli-2019\/\"]}]},{\"@type\":\"ImageObject\",\"inLanguage\":\"fr-FR\",\"@id\":\"https:\/\/www.carideal.com\/blog\/2018\/12\/06\/calendrier-pirelli-2019\/#primaryimage\",\"url\":\"https:\/\/www.carideal.com\/blog\/wp-content\/uploads\/2018\/12\/calendrier-pirelli-2019-1.jpg\",\"contentUrl\":\"https:\/\/www.carideal.com\/blog\/wp-content\/uploads\/2018\/12\/calendrier-pirelli-2019-1.jpg\",\"width\":1024,\"height\":576,\"caption\":\"Calendrier Pirelli 2019 Gigi Hadid\"},{\"@type\":\"BreadcrumbList\",\"@id\":\"https:\/\/www.carideal.com\/blog\/2018\/12\/06\/calendrier-pirelli-2019\/#breadcrumb\",\"itemListElement\":[{\"@type\":\"ListItem\",\"position\":1,\"name\":\"Blog Carid\u00e9al\",\"item\":\"https:\/\/www.carideal.com\/blog\/\"},{\"@type\":\"ListItem\",\"position\":2,\"name\":\"Pneumatique\",\"item\":\"https:\/\/www.carideal.com\/blog\/pneumatique\/\"},{\"@type\":\"ListItem\",\"position\":3,\"name\":\"Actualit\u00e9 Pirelli\",\"item\":\"https:\/\/www.carideal.com\/blog\/pneumatique\/pirelli\/\"},{\"@type\":\"ListItem\",\"position\":4,\"name\":\"Calendrier Pirelli 2019 par Albert Watson\"}]},{\"@type\":\"WebSite\",\"@id\":\"https:\/\/www.carideal.com\/blog\/#website\",\"url\":\"https:\/\/www.carideal.com\/blog\/\",\"name\":\"Blog auto Carid\u00e9al\",\"description\":\"Actualit\u00e9 auto par des passionn\u00e9s\",\"publisher\":{\"@id\":\"https:\/\/www.carideal.com\/blog\/#organization\"},\"potentialAction\":[{\"@type\":\"SearchAction\",\"target\":{\"@type\":\"EntryPoint\",\"urlTemplate\":\"https:\/\/www.carideal.com\/blog\/?s={search_term_string}\"},\"query-input\":{\"@type\":\"PropertyValueSpecification\",\"valueRequired\":true,\"valueName\":\"search_term_string\"}}],\"inLanguage\":\"fr-FR\"},{\"@type\":\"Organization\",\"@id\":\"https:\/\/www.carideal.com\/blog\/#organization\",\"name\":\"Carideal\",\"url\":\"https:\/\/www.carideal.com\/blog\/\",\"logo\":{\"@type\":\"ImageObject\",\"inLanguage\":\"fr-FR\",\"@id\":\"https:\/\/www.carideal.com\/blog\/#\/schema\/logo\/image\/\",\"url\":\"http:\/\/www.carideal.com\/blog\/wp-content\/uploads\/2016\/03\/logo-carideal-mandataire-automobile.png\",\"contentUrl\":\"http:\/\/www.carideal.com\/blog\/wp-content\/uploads\/2016\/03\/logo-carideal-mandataire-automobile.png\",\"width\":300,\"height\":300,\"caption\":\"Carideal\"},\"image\":{\"@id\":\"https:\/\/www.carideal.com\/blog\/#\/schema\/logo\/image\/\"},\"sameAs\":[\"https:\/\/www.facebook.com\/Carideal.mandataire.automobile\",\"https:\/\/x.com\/caridealauto\",\"https:\/\/www.instagram.com\/carideal1\/\",\"https:\/\/www.linkedin.com\/company\/carideal.com\",\"https:\/\/fr.pinterest.com\/schiavonsas\/\",\"https:\/\/www.youtube.com\/user\/caridealsas\"]},{\"@type\":\"Person\",\"@id\":\"https:\/\/www.carideal.com\/blog\/#\/schema\/person\/cd95dc7919660de90d31b366f85be1ec\",\"name\":\"Nicolas SCHIAVON\",\"image\":{\"@type\":\"ImageObject\",\"inLanguage\":\"fr-FR\",\"@id\":\"https:\/\/www.carideal.com\/blog\/#\/schema\/person\/image\/\",\"url\":\"https:\/\/secure.gravatar.com\/avatar\/c17e55009e671d92cc7f5dc837dc418a?s=96&r=g\",\"contentUrl\":\"https:\/\/secure.gravatar.com\/avatar\/c17e55009e671d92cc7f5dc837dc418a?s=96&r=g\",\"caption\":\"Nicolas SCHIAVON\"},\"description\":\"Nicolas Schiavon est tomb\u00e9 tout petit dans la marmite automobile. Ayant eu un garage de marque automobile, mandataire automobile de la premi\u00e8re heure d\u00e8s 1999. Nicolas a cr\u00e9\u00e9 ces premiers sites de vente de voiture et blog automobile d\u00e8s 1994. Carideal est n\u00e9 le 15 d\u00e9cembre 2000 de la volont\u00e9 de vendre des voitures d'occasions en ligne puis des voitures neuves. Il a pu essayer beaucoup de voitures tr\u00e8s diff\u00e9rentes et ayant eu personnellement quelques belles autos, Subaru Impreza, Mitsubishi Lancer Evo 7, Porsche 911, Ferrari Testarrossa, Audi RS3, RS4 et j'en passe...\",\"sameAs\":[\"http:\/\/www.carideal.com\",\"https:\/\/www.facebook.com\/nicolas.schiavon.39\",\"https:\/\/www.instagram.com\/carideal1\/\",\"https:\/\/www.linkedin.com\/in\/nschiavon\/\",\"https:\/\/x.com\/caridealauto\",\"https:\/\/www.youtube.com\/user\/caridealsas\/\"],\"url\":\"https:\/\/www.carideal.com\/blog\/author\/nschiavon\/\"}]}<\/script>\n<!-- \/ Yoast SEO plugin. -->","yoast_head_json":{"title":"Calendrier Pirelli 2019 par Albert Watson - Blog auto Carid\u00e9al","description":"La star montante d'Hollywood, Julia Garner, a admis que son r\u00e9cent r\u00f4le dans le calendrier Pirelli 2019 \u00e9tait un changement bienvenu et glamour, apr\u00e8s avoir \u00e9t\u00e9 \"horrible\" dans le drame culte de Netflix, Ozark.","robots":{"index":"index","follow":"follow","max-snippet":"max-snippet:-1","max-image-preview":"max-image-preview:large","max-video-preview":"max-video-preview:-1"},"canonical":"https:\/\/www.carideal.com\/blog\/2018\/12\/06\/calendrier-pirelli-2019\/","og_locale":"fr_FR","og_type":"article","og_title":"Calendrier Pirelli 2019 par Albert Watson - Blog auto Carid\u00e9al","og_description":"La star montante d'Hollywood, Julia Garner, a admis que son r\u00e9cent r\u00f4le dans le calendrier Pirelli 2019 \u00e9tait un changement bienvenu et glamour, apr\u00e8s avoir \u00e9t\u00e9 \"horrible\" dans le drame culte de Netflix, Ozark.","og_url":"https:\/\/www.carideal.com\/blog\/2018\/12\/06\/calendrier-pirelli-2019\/","og_site_name":"Blog auto Carid\u00e9al","article_publisher":"https:\/\/www.facebook.com\/Carideal.mandataire.automobile","article_author":"https:\/\/www.facebook.com\/nicolas.schiavon.39","article_published_time":"2018-12-06T15:57:47+00:00","article_modified_time":"2018-12-07T06:43:00+00:00","og_image":[{"width":1024,"height":576,"url":"https:\/\/www.carideal.com\/blog\/wp-content\/uploads\/2018\/12\/calendrier-pirelli-2019-1.jpg","type":"image\/jpeg"}],"author":"Nicolas SCHIAVON","twitter_card":"summary_large_image","twitter_creator":"@caridealauto","twitter_site":"@caridealauto","twitter_misc":{"\u00c9crit par":"Nicolas SCHIAVON","Dur\u00e9e de lecture estim\u00e9e":"6 minutes"},"schema":{"@context":"https:\/\/schema.org","@graph":[{"@type":"Article","@id":"https:\/\/www.carideal.com\/blog\/2018\/12\/06\/calendrier-pirelli-2019\/#article","isPartOf":{"@id":"https:\/\/www.carideal.com\/blog\/2018\/12\/06\/calendrier-pirelli-2019\/"},"author":{"name":"Nicolas SCHIAVON","@id":"https:\/\/www.carideal.com\/blog\/#\/schema\/person\/cd95dc7919660de90d31b366f85be1ec"},"headline":"Calendrier Pirelli 2019 par Albert Watson","datePublished":"2018-12-06T15:57:47+00:00","dateModified":"2018-12-07T06:43:00+00:00","mainEntityOfPage":{"@id":"https:\/\/www.carideal.com\/blog\/2018\/12\/06\/calendrier-pirelli-2019\/"},"wordCount":1174,"commentCount":0,"publisher":{"@id":"https:\/\/www.carideal.com\/blog\/#organization"},"image":{"@id":"https:\/\/www.carideal.com\/blog\/2018\/12\/06\/calendrier-pirelli-2019\/#primaryimage"},"thumbnailUrl":"https:\/\/www.carideal.com\/blog\/wp-content\/uploads\/2018\/12\/calendrier-pirelli-2019-1.jpg","keywords":["Calendrier Pirelli"],"articleSection":["Actualit\u00e9 Pirelli","Fun"],"inLanguage":"fr-FR","potentialAction":[{"@type":"CommentAction","name":"Comment","target":["https:\/\/www.carideal.com\/blog\/2018\/12\/06\/calendrier-pirelli-2019\/#respond"]}]},{"@type":"WebPage","@id":"https:\/\/www.carideal.com\/blog\/2018\/12\/06\/calendrier-pirelli-2019\/","url":"https:\/\/www.carideal.com\/blog\/2018\/12\/06\/calendrier-pirelli-2019\/","name":"Calendrier Pirelli 2019 par Albert Watson - Blog auto Carid\u00e9al","isPartOf":{"@id":"https:\/\/www.carideal.com\/blog\/#website"},"primaryImageOfPage":{"@id":"https:\/\/www.carideal.com\/blog\/2018\/12\/06\/calendrier-pirelli-2019\/#primaryimage"},"image":{"@id":"https:\/\/www.carideal.com\/blog\/2018\/12\/06\/calendrier-pirelli-2019\/#primaryimage"},"thumbnailUrl":"https:\/\/www.carideal.com\/blog\/wp-content\/uploads\/2018\/12\/calendrier-pirelli-2019-1.jpg","datePublished":"2018-12-06T15:57:47+00:00","dateModified":"2018-12-07T06:43:00+00:00","description":"La star montante d'Hollywood, Julia Garner, a admis que son r\u00e9cent r\u00f4le dans le calendrier Pirelli 2019 \u00e9tait un changement bienvenu et glamour, apr\u00e8s avoir \u00e9t\u00e9 \"horrible\" dans le drame culte de Netflix, Ozark.","breadcrumb":{"@id":"https:\/\/www.carideal.com\/blog\/2018\/12\/06\/calendrier-pirelli-2019\/#breadcrumb"},"inLanguage":"fr-FR","potentialAction":[{"@type":"ReadAction","target":["https:\/\/www.carideal.com\/blog\/2018\/12\/06\/calendrier-pirelli-2019\/"]}]},{"@type":"ImageObject","inLanguage":"fr-FR","@id":"https:\/\/www.carideal.com\/blog\/2018\/12\/06\/calendrier-pirelli-2019\/#primaryimage","url":"https:\/\/www.carideal.com\/blog\/wp-content\/uploads\/2018\/12\/calendrier-pirelli-2019-1.jpg","contentUrl":"https:\/\/www.carideal.com\/blog\/wp-content\/uploads\/2018\/12\/calendrier-pirelli-2019-1.jpg","width":1024,"height":576,"caption":"Calendrier Pirelli 2019 Gigi Hadid"},{"@type":"BreadcrumbList","@id":"https:\/\/www.carideal.com\/blog\/2018\/12\/06\/calendrier-pirelli-2019\/#breadcrumb","itemListElement":[{"@type":"ListItem","position":1,"name":"Blog Carid\u00e9al","item":"https:\/\/www.carideal.com\/blog\/"},{"@type":"ListItem","position":2,"name":"Pneumatique","item":"https:\/\/www.carideal.com\/blog\/pneumatique\/"},{"@type":"ListItem","position":3,"name":"Actualit\u00e9 Pirelli","item":"https:\/\/www.carideal.com\/blog\/pneumatique\/pirelli\/"},{"@type":"ListItem","position":4,"name":"Calendrier Pirelli 2019 par Albert Watson"}]},{"@type":"WebSite","@id":"https:\/\/www.carideal.com\/blog\/#website","url":"https:\/\/www.carideal.com\/blog\/","name":"Blog auto Carid\u00e9al","description":"Actualit\u00e9 auto par des passionn\u00e9s","publisher":{"@id":"https:\/\/www.carideal.com\/blog\/#organization"},"potentialAction":[{"@type":"SearchAction","target":{"@type":"EntryPoint","urlTemplate":"https:\/\/www.carideal.com\/blog\/?s={search_term_string}"},"query-input":{"@type":"PropertyValueSpecification","valueRequired":true,"valueName":"search_term_string"}}],"inLanguage":"fr-FR"},{"@type":"Organization","@id":"https:\/\/www.carideal.com\/blog\/#organization","name":"Carideal","url":"https:\/\/www.carideal.com\/blog\/","logo":{"@type":"ImageObject","inLanguage":"fr-FR","@id":"https:\/\/www.carideal.com\/blog\/#\/schema\/logo\/image\/","url":"http:\/\/www.carideal.com\/blog\/wp-content\/uploads\/2016\/03\/logo-carideal-mandataire-automobile.png","contentUrl":"http:\/\/www.carideal.com\/blog\/wp-content\/uploads\/2016\/03\/logo-carideal-mandataire-automobile.png","width":300,"height":300,"caption":"Carideal"},"image":{"@id":"https:\/\/www.carideal.com\/blog\/#\/schema\/logo\/image\/"},"sameAs":["https:\/\/www.facebook.com\/Carideal.mandataire.automobile","https:\/\/x.com\/caridealauto","https:\/\/www.instagram.com\/carideal1\/","https:\/\/www.linkedin.com\/company\/carideal.com","https:\/\/fr.pinterest.com\/schiavonsas\/","https:\/\/www.youtube.com\/user\/caridealsas"]},{"@type":"Person","@id":"https:\/\/www.carideal.com\/blog\/#\/schema\/person\/cd95dc7919660de90d31b366f85be1ec","name":"Nicolas SCHIAVON","image":{"@type":"ImageObject","inLanguage":"fr-FR","@id":"https:\/\/www.carideal.com\/blog\/#\/schema\/person\/image\/","url":"https:\/\/secure.gravatar.com\/avatar\/c17e55009e671d92cc7f5dc837dc418a?s=96&r=g","contentUrl":"https:\/\/secure.gravatar.com\/avatar\/c17e55009e671d92cc7f5dc837dc418a?s=96&r=g","caption":"Nicolas SCHIAVON"},"description":"Nicolas Schiavon est tomb\u00e9 tout petit dans la marmite automobile. Ayant eu un garage de marque automobile, mandataire automobile de la premi\u00e8re heure d\u00e8s 1999. Nicolas a cr\u00e9\u00e9 ces premiers sites de vente de voiture et blog automobile d\u00e8s 1994. Carideal est n\u00e9 le 15 d\u00e9cembre 2000 de la volont\u00e9 de vendre des voitures d'occasions en ligne puis des voitures neuves. Il a pu essayer beaucoup de voitures tr\u00e8s diff\u00e9rentes et ayant eu personnellement quelques belles autos, Subaru Impreza, Mitsubishi Lancer Evo 7, Porsche 911, Ferrari Testarrossa, Audi RS3, RS4 et j'en passe...","sameAs":["http:\/\/www.carideal.com","https:\/\/www.facebook.com\/nicolas.schiavon.39","https:\/\/www.instagram.com\/carideal1\/","https:\/\/www.linkedin.com\/in\/nschiavon\/","https:\/\/x.com\/caridealauto","https:\/\/www.youtube.com\/user\/caridealsas\/"],"url":"https:\/\/www.carideal.com\/blog\/author\/nschiavon\/"}]}},"uagb_featured_image_src":{"full":["https:\/\/www.carideal.com\/blog\/wp-content\/uploads\/2018\/12\/calendrier-pirelli-2019-1.jpg",1024,576,false],"thumbnail":["https:\/\/www.carideal.com\/blog\/wp-content\/uploads\/2018\/12\/calendrier-pirelli-2019-1-150x150.jpg",150,150,true],"medium":["https:\/\/www.carideal.com\/blog\/wp-content\/uploads\/2018\/12\/calendrier-pirelli-2019-1-300x169.jpg",300,169,true],"medium_large":["https:\/\/www.carideal.com\/blog\/wp-content\/uploads\/2018\/12\/calendrier-pirelli-2019-1-768x432.jpg",768,432,true],"large":["https:\/\/www.carideal.com\/blog\/wp-content\/uploads\/2018\/12\/calendrier-pirelli-2019-1-1024x576.jpg",1024,576,true],"1536x1536":["https:\/\/www.carideal.com\/blog\/wp-content\/uploads\/2018\/12\/calendrier-pirelli-2019-1.jpg",1024,576,false],"2048x2048":["https:\/\/www.carideal.com\/blog\/wp-content\/uploads\/2018\/12\/calendrier-pirelli-2019-1.jpg",1024,576,false],"wppr-widget":["https:\/\/www.carideal.com\/blog\/wp-content\/uploads\/2018\/12\/calendrier-pirelli-2019-1-50x28.jpg",50,28,true]},"uagb_author_info":{"display_name":"Nicolas SCHIAVON","author_link":"https:\/\/www.carideal.com\/blog\/author\/nschiavon\/"},"uagb_comment_info":0,"uagb_excerpt":"Calendrier Pirelli 2019 : Gigi Hadid et Julia Garner tr\u00e8s pr\u00e9sentes Photographi\u00e9 par Albert Watson, le th\u00e8me du calendrier Pirelli 2019 de cette ann\u00e9e est \u00abr\u00eaver\u00bb Julia Garner, la star hollywoodienne, a admis que son r\u00f4le r\u00e9cemment mis en avant dans le calendrier Pirelli 2019 \u00e9tait un changement bienvenu et glamour, apr\u00e8s avoir \u00e9t\u00e9 \"terrible\"\u2026","_links":{"self":[{"href":"https:\/\/www.carideal.com\/blog\/wp-json\/wp\/v2\/posts\/18166"}],"collection":[{"href":"https:\/\/www.carideal.com\/blog\/wp-json\/wp\/v2\/posts"}],"about":[{"href":"https:\/\/www.carideal.com\/blog\/wp-json\/wp\/v2\/types\/post"}],"author":[{"embeddable":true,"href":"https:\/\/www.carideal.com\/blog\/wp-json\/wp\/v2\/users\/3"}],"replies":[{"embeddable":true,"href":"https:\/\/www.carideal.com\/blog\/wp-json\/wp\/v2\/comments?post=18166"}],"version-history":[{"count":0,"href":"https:\/\/www.carideal.com\/blog\/wp-json\/wp\/v2\/posts\/18166\/revisions"}],"wp:featuredmedia":[{"embeddable":true,"href":"https:\/\/www.carideal.com\/blog\/wp-json\/wp\/v2\/media\/18167"}],"wp:attachment":[{"href":"https:\/\/www.carideal.com\/blog\/wp-json\/wp\/v2\/media?parent=18166"}],"wp:term":[{"taxonomy":"category","embeddable":true,"href":"https:\/\/www.carideal.com\/blog\/wp-json\/wp\/v2\/categories?post=18166"},{"taxonomy":"post_tag","embeddable":true,"href":"https:\/\/www.carideal.com\/blog\/wp-json\/wp\/v2\/tags?post=18166"}],"curies":[{"name":"wp","href":"https:\/\/api.w.org\/{rel}","templated":true}]}}