{"id":1813,"date":"2012-11-11T15:32:00","date_gmt":"2012-11-11T15:32:00","guid":{"rendered":"http:\/\/carideal.com\/blog\/?p=1813"},"modified":"2016-07-05T15:45:48","modified_gmt":"2016-07-05T13:45:48","slug":"wrc-rallye-de-catalunya-neuville-et-solberg-tapent-le-meme-rocher","status":"publish","type":"post","link":"https:\/\/www.carideal.com\/blog\/2012\/11\/11\/wrc-rallye-de-catalunya-neuville-et-solberg-tapent-le-meme-rocher\/","title":{"rendered":"Vid\u00e9o Neuville et Solberg tapent le m\u00eame rocher"},"content":{"rendered":"<h1><strong>WRC Rallye de Catalunya Neuville et Solberg tapent le m\u00eame rocher<\/strong><\/h1>\n<p>9e sur la route, Thierry Neuville (Citro\u00ebn DS 3 WRC) tape un rocher et doit abandonner, la roue avant gauche de sa voiture est arrach\u00e9e. 3 minutes plus tard, m\u00eame peine, m\u00eame punition pour Petter Solberg (Ford Fiesta WRC). Ironie du sort, l'an dernier, le Norv\u00e9gien \u00e9tait d\u00e9j\u00e0 tomb\u00e9 dans ce m\u00eame pi\u00e8ge.<\/p>\n<p><iframe loading=\"lazy\" src=\"http:\/\/www.youtube.com\/embed\/I_oHAiQq2Y8\" width=\"640\" height=\"360\" frameborder=\"0\" allowfullscreen=\"allowfullscreen\"><\/iframe><\/p>\n<p>&nbsp;<\/p>\n","protected":false},"excerpt":{"rendered":"<p>WRC Rallye de Catalunya Neuville et Solberg tapent le m\u00eame rocher 9e sur la route, Thierry Neuville (Citro\u00ebn DS 3 WRC) tape un rocher et doit abandonner, la roue avant gauche de sa voiture est arrach\u00e9e. 3 minutes plus tard, m\u00eame peine, m\u00eame punition pour Petter Solberg (Ford Fiesta WRC). Ironie du sort, l&rsquo;an dernier, &#8230; <a title=\"Vid\u00e9o Neuville et Solberg tapent le m\u00eame rocher\" class=\"read-more\" href=\"https:\/\/www.carideal.com\/blog\/2012\/11\/11\/wrc-rallye-de-catalunya-neuville-et-solberg-tapent-le-meme-rocher\/\" aria-label=\"En savoir plus sur Vid\u00e9o Neuville et Solberg tapent le m\u00eame rocher\">Lire plus<\/a><\/p>\n","protected":false},"author":1,"featured_media":0,"comment_status":"open","ping_status":"open","sticky":false,"template":"","format":"standard","meta":{"_uag_custom_page_level_css":"","_themeisle_gutenberg_block_has_review":false,"footnotes":""},"categories":[6160,16,18],"tags":[],"class_list":["post-1813","post","type-post","status-publish","format-standard","hentry","category-wrc","category-sport-auto","category-videos"],"wppr_data":[],"yoast_head":"<!-- This site is optimized with the Yoast SEO plugin v24.8.1 - https:\/\/yoast.com\/wordpress\/plugins\/seo\/ -->\n<title>Vid\u00e9o Neuville et Solberg tapent le m\u00eame rocher - Blog auto Carid\u00e9al<\/title>\n<meta name=\"robots\" content=\"index, follow, max-snippet:-1, max-image-preview:large, max-video-preview:-1\" \/>\n<link rel=\"canonical\" href=\"https:\/\/www.carideal.com\/blog\/2012\/11\/11\/wrc-rallye-de-catalunya-neuville-et-solberg-tapent-le-meme-rocher\/\" \/>\n<meta property=\"og:locale\" content=\"fr_FR\" \/>\n<meta property=\"og:type\" content=\"article\" \/>\n<meta property=\"og:title\" content=\"Vid\u00e9o Neuville et Solberg tapent le m\u00eame rocher - Blog auto Carid\u00e9al\" \/>\n<meta property=\"og:description\" content=\"WRC Rallye de Catalunya Neuville et Solberg tapent le m\u00eame rocher 9e sur la route, Thierry Neuville (Citro\u00ebn DS 3 WRC) tape un rocher et doit abandonner, la roue avant gauche de sa voiture est arrach\u00e9e. 3 minutes plus tard, m\u00eame peine, m\u00eame punition pour Petter Solberg (Ford Fiesta WRC). Ironie du sort, l&#039;an dernier, ... Lire plus\" \/>\n<meta property=\"og:url\" content=\"https:\/\/www.carideal.com\/blog\/2012\/11\/11\/wrc-rallye-de-catalunya-neuville-et-solberg-tapent-le-meme-rocher\/\" \/>\n<meta property=\"og:site_name\" content=\"Blog auto Carid\u00e9al\" \/>\n<meta property=\"article:publisher\" content=\"https:\/\/www.facebook.com\/Carideal.mandataire.automobile\" \/>\n<meta property=\"article:author\" content=\"https:\/\/www.facebook.com\/Carideal.mandataire.automobile\/\" \/>\n<meta property=\"article:published_time\" content=\"2012-11-11T15:32:00+00:00\" \/>\n<meta property=\"article:modified_time\" content=\"2016-07-05T13:45:48+00:00\" \/>\n<meta property=\"og:image\" content=\"https:\/\/www.carideal.com\/blog\/wp-content\/uploads\/2016\/03\/logo-carideal-mandataire-automobile.png\" \/>\n\t<meta property=\"og:image:width\" content=\"300\" \/>\n\t<meta property=\"og:image:height\" content=\"300\" \/>\n\t<meta property=\"og:image:type\" content=\"image\/png\" \/>\n<meta name=\"author\" content=\"N.S Carideal\" \/>\n<meta name=\"twitter:card\" content=\"summary_large_image\" \/>\n<meta name=\"twitter:creator\" content=\"@caridealauto\" \/>\n<meta name=\"twitter:site\" content=\"@caridealauto\" \/>\n<meta name=\"twitter:label1\" content=\"\u00c9crit par\" \/>\n\t<meta name=\"twitter:data1\" content=\"N.S Carideal\" \/>\n<script type=\"application\/ld+json\" class=\"yoast-schema-graph\">{\"@context\":\"https:\/\/schema.org\",\"@graph\":[{\"@type\":\"Article\",\"@id\":\"https:\/\/www.carideal.com\/blog\/2012\/11\/11\/wrc-rallye-de-catalunya-neuville-et-solberg-tapent-le-meme-rocher\/#article\",\"isPartOf\":{\"@id\":\"https:\/\/www.carideal.com\/blog\/2012\/11\/11\/wrc-rallye-de-catalunya-neuville-et-solberg-tapent-le-meme-rocher\/\"},\"author\":{\"name\":\"N.S Carideal\",\"@id\":\"https:\/\/www.carideal.com\/blog\/#\/schema\/person\/985c7e757d1042d647f21bfaf8d41ebc\"},\"headline\":\"Vid\u00e9o Neuville et Solberg tapent le m\u00eame rocher\",\"datePublished\":\"2012-11-11T15:32:00+00:00\",\"dateModified\":\"2016-07-05T13:45:48+00:00\",\"mainEntityOfPage\":{\"@id\":\"https:\/\/www.carideal.com\/blog\/2012\/11\/11\/wrc-rallye-de-catalunya-neuville-et-solberg-tapent-le-meme-rocher\/\"},\"wordCount\":82,\"commentCount\":0,\"publisher\":{\"@id\":\"https:\/\/www.carideal.com\/blog\/#organization\"},\"articleSection\":[\"Rallye WRC\",\"Sport Automobile\",\"Vid\u00e9o voiture : vid\u00e9o automobile\"],\"inLanguage\":\"fr-FR\",\"potentialAction\":[{\"@type\":\"CommentAction\",\"name\":\"Comment\",\"target\":[\"https:\/\/www.carideal.com\/blog\/2012\/11\/11\/wrc-rallye-de-catalunya-neuville-et-solberg-tapent-le-meme-rocher\/#respond\"]}]},{\"@type\":\"WebPage\",\"@id\":\"https:\/\/www.carideal.com\/blog\/2012\/11\/11\/wrc-rallye-de-catalunya-neuville-et-solberg-tapent-le-meme-rocher\/\",\"url\":\"https:\/\/www.carideal.com\/blog\/2012\/11\/11\/wrc-rallye-de-catalunya-neuville-et-solberg-tapent-le-meme-rocher\/\",\"name\":\"Vid\u00e9o Neuville et Solberg tapent le m\u00eame rocher - Blog auto Carid\u00e9al\",\"isPartOf\":{\"@id\":\"https:\/\/www.carideal.com\/blog\/#website\"},\"datePublished\":\"2012-11-11T15:32:00+00:00\",\"dateModified\":\"2016-07-05T13:45:48+00:00\",\"breadcrumb\":{\"@id\":\"https:\/\/www.carideal.com\/blog\/2012\/11\/11\/wrc-rallye-de-catalunya-neuville-et-solberg-tapent-le-meme-rocher\/#breadcrumb\"},\"inLanguage\":\"fr-FR\",\"potentialAction\":[{\"@type\":\"ReadAction\",\"target\":[\"https:\/\/www.carideal.com\/blog\/2012\/11\/11\/wrc-rallye-de-catalunya-neuville-et-solberg-tapent-le-meme-rocher\/\"]}]},{\"@type\":\"BreadcrumbList\",\"@id\":\"https:\/\/www.carideal.com\/blog\/2012\/11\/11\/wrc-rallye-de-catalunya-neuville-et-solberg-tapent-le-meme-rocher\/#breadcrumb\",\"itemListElement\":[{\"@type\":\"ListItem\",\"position\":1,\"name\":\"Blog Carid\u00e9al\",\"item\":\"https:\/\/www.carideal.com\/blog\/\"},{\"@type\":\"ListItem\",\"position\":2,\"name\":\"Vid\u00e9o voiture : vid\u00e9o automobile\",\"item\":\"https:\/\/www.carideal.com\/blog\/videos\/\"},{\"@type\":\"ListItem\",\"position\":3,\"name\":\"Vid\u00e9o Neuville et Solberg tapent le m\u00eame rocher\"}]},{\"@type\":\"WebSite\",\"@id\":\"https:\/\/www.carideal.com\/blog\/#website\",\"url\":\"https:\/\/www.carideal.com\/blog\/\",\"name\":\"Blog auto Carid\u00e9al\",\"description\":\"Actualit\u00e9 auto par des passionn\u00e9s\",\"publisher\":{\"@id\":\"https:\/\/www.carideal.com\/blog\/#organization\"},\"potentialAction\":[{\"@type\":\"SearchAction\",\"target\":{\"@type\":\"EntryPoint\",\"urlTemplate\":\"https:\/\/www.carideal.com\/blog\/?s={search_term_string}\"},\"query-input\":{\"@type\":\"PropertyValueSpecification\",\"valueRequired\":true,\"valueName\":\"search_term_string\"}}],\"inLanguage\":\"fr-FR\"},{\"@type\":\"Organization\",\"@id\":\"https:\/\/www.carideal.com\/blog\/#organization\",\"name\":\"Carideal\",\"url\":\"https:\/\/www.carideal.com\/blog\/\",\"logo\":{\"@type\":\"ImageObject\",\"inLanguage\":\"fr-FR\",\"@id\":\"https:\/\/www.carideal.com\/blog\/#\/schema\/logo\/image\/\",\"url\":\"http:\/\/www.carideal.com\/blog\/wp-content\/uploads\/2016\/03\/logo-carideal-mandataire-automobile.png\",\"contentUrl\":\"http:\/\/www.carideal.com\/blog\/wp-content\/uploads\/2016\/03\/logo-carideal-mandataire-automobile.png\",\"width\":300,\"height\":300,\"caption\":\"Carideal\"},\"image\":{\"@id\":\"https:\/\/www.carideal.com\/blog\/#\/schema\/logo\/image\/\"},\"sameAs\":[\"https:\/\/www.facebook.com\/Carideal.mandataire.automobile\",\"https:\/\/x.com\/caridealauto\",\"https:\/\/www.instagram.com\/carideal1\/\",\"https:\/\/www.linkedin.com\/company\/carideal.com\",\"https:\/\/fr.pinterest.com\/schiavonsas\/\",\"https:\/\/www.youtube.com\/user\/caridealsas\"]},{\"@type\":\"Person\",\"@id\":\"https:\/\/www.carideal.com\/blog\/#\/schema\/person\/985c7e757d1042d647f21bfaf8d41ebc\",\"name\":\"N.S Carideal\",\"image\":{\"@type\":\"ImageObject\",\"inLanguage\":\"fr-FR\",\"@id\":\"https:\/\/www.carideal.com\/blog\/#\/schema\/person\/image\/\",\"url\":\"https:\/\/secure.gravatar.com\/avatar\/edb7ccdf1a4e3d14aef967760d354d0e?s=96&r=g\",\"contentUrl\":\"https:\/\/secure.gravatar.com\/avatar\/edb7ccdf1a4e3d14aef967760d354d0e?s=96&r=g\",\"caption\":\"N.S Carideal\"},\"description\":\"Depuis tout petit fan d'automobile. Il est question d'essayer et de comparer toutes ces voitures qui nous ont fait r\u00e9ver, avant que celles-ci ne devient uniquement des voitures de collection.\",\"sameAs\":[\"http:\/\/www.carideal.com\/blog\",\"https:\/\/www.facebook.com\/Carideal.mandataire.automobile\/\",\"https:\/\/www.linkedin.com\/in\/nschiavon\/\",\"https:\/\/www.youtube.com\/user\/caridealsas\/\"],\"url\":\"https:\/\/www.carideal.com\/blog\/author\/admin_carideal\/\"}]}<\/script>\n<!-- \/ Yoast SEO plugin. -->","yoast_head_json":{"title":"Vid\u00e9o Neuville et Solberg tapent le m\u00eame rocher - Blog auto Carid\u00e9al","robots":{"index":"index","follow":"follow","max-snippet":"max-snippet:-1","max-image-preview":"max-image-preview:large","max-video-preview":"max-video-preview:-1"},"canonical":"https:\/\/www.carideal.com\/blog\/2012\/11\/11\/wrc-rallye-de-catalunya-neuville-et-solberg-tapent-le-meme-rocher\/","og_locale":"fr_FR","og_type":"article","og_title":"Vid\u00e9o Neuville et Solberg tapent le m\u00eame rocher - Blog auto Carid\u00e9al","og_description":"WRC Rallye de Catalunya Neuville et Solberg tapent le m\u00eame rocher 9e sur la route, Thierry Neuville (Citro\u00ebn DS 3 WRC) tape un rocher et doit abandonner, la roue avant gauche de sa voiture est arrach\u00e9e. 3 minutes plus tard, m\u00eame peine, m\u00eame punition pour Petter Solberg (Ford Fiesta WRC). Ironie du sort, l'an dernier, ... Lire plus","og_url":"https:\/\/www.carideal.com\/blog\/2012\/11\/11\/wrc-rallye-de-catalunya-neuville-et-solberg-tapent-le-meme-rocher\/","og_site_name":"Blog auto Carid\u00e9al","article_publisher":"https:\/\/www.facebook.com\/Carideal.mandataire.automobile","article_author":"https:\/\/www.facebook.com\/Carideal.mandataire.automobile\/","article_published_time":"2012-11-11T15:32:00+00:00","article_modified_time":"2016-07-05T13:45:48+00:00","og_image":[{"width":300,"height":300,"url":"https:\/\/www.carideal.com\/blog\/wp-content\/uploads\/2016\/03\/logo-carideal-mandataire-automobile.png","type":"image\/png"}],"author":"N.S Carideal","twitter_card":"summary_large_image","twitter_creator":"@caridealauto","twitter_site":"@caridealauto","twitter_misc":{"\u00c9crit par":"N.S Carideal"},"schema":{"@context":"https:\/\/schema.org","@graph":[{"@type":"Article","@id":"https:\/\/www.carideal.com\/blog\/2012\/11\/11\/wrc-rallye-de-catalunya-neuville-et-solberg-tapent-le-meme-rocher\/#article","isPartOf":{"@id":"https:\/\/www.carideal.com\/blog\/2012\/11\/11\/wrc-rallye-de-catalunya-neuville-et-solberg-tapent-le-meme-rocher\/"},"author":{"name":"N.S Carideal","@id":"https:\/\/www.carideal.com\/blog\/#\/schema\/person\/985c7e757d1042d647f21bfaf8d41ebc"},"headline":"Vid\u00e9o Neuville et Solberg tapent le m\u00eame rocher","datePublished":"2012-11-11T15:32:00+00:00","dateModified":"2016-07-05T13:45:48+00:00","mainEntityOfPage":{"@id":"https:\/\/www.carideal.com\/blog\/2012\/11\/11\/wrc-rallye-de-catalunya-neuville-et-solberg-tapent-le-meme-rocher\/"},"wordCount":82,"commentCount":0,"publisher":{"@id":"https:\/\/www.carideal.com\/blog\/#organization"},"articleSection":["Rallye WRC","Sport Automobile","Vid\u00e9o voiture : vid\u00e9o automobile"],"inLanguage":"fr-FR","potentialAction":[{"@type":"CommentAction","name":"Comment","target":["https:\/\/www.carideal.com\/blog\/2012\/11\/11\/wrc-rallye-de-catalunya-neuville-et-solberg-tapent-le-meme-rocher\/#respond"]}]},{"@type":"WebPage","@id":"https:\/\/www.carideal.com\/blog\/2012\/11\/11\/wrc-rallye-de-catalunya-neuville-et-solberg-tapent-le-meme-rocher\/","url":"https:\/\/www.carideal.com\/blog\/2012\/11\/11\/wrc-rallye-de-catalunya-neuville-et-solberg-tapent-le-meme-rocher\/","name":"Vid\u00e9o Neuville et Solberg tapent le m\u00eame rocher - Blog auto Carid\u00e9al","isPartOf":{"@id":"https:\/\/www.carideal.com\/blog\/#website"},"datePublished":"2012-11-11T15:32:00+00:00","dateModified":"2016-07-05T13:45:48+00:00","breadcrumb":{"@id":"https:\/\/www.carideal.com\/blog\/2012\/11\/11\/wrc-rallye-de-catalunya-neuville-et-solberg-tapent-le-meme-rocher\/#breadcrumb"},"inLanguage":"fr-FR","potentialAction":[{"@type":"ReadAction","target":["https:\/\/www.carideal.com\/blog\/2012\/11\/11\/wrc-rallye-de-catalunya-neuville-et-solberg-tapent-le-meme-rocher\/"]}]},{"@type":"BreadcrumbList","@id":"https:\/\/www.carideal.com\/blog\/2012\/11\/11\/wrc-rallye-de-catalunya-neuville-et-solberg-tapent-le-meme-rocher\/#breadcrumb","itemListElement":[{"@type":"ListItem","position":1,"name":"Blog Carid\u00e9al","item":"https:\/\/www.carideal.com\/blog\/"},{"@type":"ListItem","position":2,"name":"Vid\u00e9o voiture : vid\u00e9o automobile","item":"https:\/\/www.carideal.com\/blog\/videos\/"},{"@type":"ListItem","position":3,"name":"Vid\u00e9o Neuville et Solberg tapent le m\u00eame rocher"}]},{"@type":"WebSite","@id":"https:\/\/www.carideal.com\/blog\/#website","url":"https:\/\/www.carideal.com\/blog\/","name":"Blog auto Carid\u00e9al","description":"Actualit\u00e9 auto par des passionn\u00e9s","publisher":{"@id":"https:\/\/www.carideal.com\/blog\/#organization"},"potentialAction":[{"@type":"SearchAction","target":{"@type":"EntryPoint","urlTemplate":"https:\/\/www.carideal.com\/blog\/?s={search_term_string}"},"query-input":{"@type":"PropertyValueSpecification","valueRequired":true,"valueName":"search_term_string"}}],"inLanguage":"fr-FR"},{"@type":"Organization","@id":"https:\/\/www.carideal.com\/blog\/#organization","name":"Carideal","url":"https:\/\/www.carideal.com\/blog\/","logo":{"@type":"ImageObject","inLanguage":"fr-FR","@id":"https:\/\/www.carideal.com\/blog\/#\/schema\/logo\/image\/","url":"http:\/\/www.carideal.com\/blog\/wp-content\/uploads\/2016\/03\/logo-carideal-mandataire-automobile.png","contentUrl":"http:\/\/www.carideal.com\/blog\/wp-content\/uploads\/2016\/03\/logo-carideal-mandataire-automobile.png","width":300,"height":300,"caption":"Carideal"},"image":{"@id":"https:\/\/www.carideal.com\/blog\/#\/schema\/logo\/image\/"},"sameAs":["https:\/\/www.facebook.com\/Carideal.mandataire.automobile","https:\/\/x.com\/caridealauto","https:\/\/www.instagram.com\/carideal1\/","https:\/\/www.linkedin.com\/company\/carideal.com","https:\/\/fr.pinterest.com\/schiavonsas\/","https:\/\/www.youtube.com\/user\/caridealsas"]},{"@type":"Person","@id":"https:\/\/www.carideal.com\/blog\/#\/schema\/person\/985c7e757d1042d647f21bfaf8d41ebc","name":"N.S Carideal","image":{"@type":"ImageObject","inLanguage":"fr-FR","@id":"https:\/\/www.carideal.com\/blog\/#\/schema\/person\/image\/","url":"https:\/\/secure.gravatar.com\/avatar\/edb7ccdf1a4e3d14aef967760d354d0e?s=96&r=g","contentUrl":"https:\/\/secure.gravatar.com\/avatar\/edb7ccdf1a4e3d14aef967760d354d0e?s=96&r=g","caption":"N.S Carideal"},"description":"Depuis tout petit fan d'automobile. Il est question d'essayer et de comparer toutes ces voitures qui nous ont fait r\u00e9ver, avant que celles-ci ne devient uniquement des voitures de collection.","sameAs":["http:\/\/www.carideal.com\/blog","https:\/\/www.facebook.com\/Carideal.mandataire.automobile\/","https:\/\/www.linkedin.com\/in\/nschiavon\/","https:\/\/www.youtube.com\/user\/caridealsas\/"],"url":"https:\/\/www.carideal.com\/blog\/author\/admin_carideal\/"}]}},"uagb_featured_image_src":{"full":false,"thumbnail":false,"medium":false,"medium_large":false,"large":false,"1536x1536":false,"2048x2048":false,"wppr-widget":false},"uagb_author_info":{"display_name":"N.S Carideal","author_link":"https:\/\/www.carideal.com\/blog\/author\/admin_carideal\/"},"uagb_comment_info":6,"uagb_excerpt":"WRC Rallye de Catalunya Neuville et Solberg tapent le m\u00eame rocher 9e sur la route, Thierry Neuville (Citro\u00ebn DS 3 WRC) tape un rocher et doit abandonner, la roue avant gauche de sa voiture est arrach\u00e9e. 3 minutes plus tard, m\u00eame peine, m\u00eame punition pour Petter Solberg (Ford Fiesta WRC). Ironie du sort, l'an dernier,\u2026","_links":{"self":[{"href":"https:\/\/www.carideal.com\/blog\/wp-json\/wp\/v2\/posts\/1813"}],"collection":[{"href":"https:\/\/www.carideal.com\/blog\/wp-json\/wp\/v2\/posts"}],"about":[{"href":"https:\/\/www.carideal.com\/blog\/wp-json\/wp\/v2\/types\/post"}],"author":[{"embeddable":true,"href":"https:\/\/www.carideal.com\/blog\/wp-json\/wp\/v2\/users\/1"}],"replies":[{"embeddable":true,"href":"https:\/\/www.carideal.com\/blog\/wp-json\/wp\/v2\/comments?post=1813"}],"version-history":[{"count":0,"href":"https:\/\/www.carideal.com\/blog\/wp-json\/wp\/v2\/posts\/1813\/revisions"}],"wp:attachment":[{"href":"https:\/\/www.carideal.com\/blog\/wp-json\/wp\/v2\/media?parent=1813"}],"wp:term":[{"taxonomy":"category","embeddable":true,"href":"https:\/\/www.carideal.com\/blog\/wp-json\/wp\/v2\/categories?post=1813"},{"taxonomy":"post_tag","embeddable":true,"href":"https:\/\/www.carideal.com\/blog\/wp-json\/wp\/v2\/tags?post=1813"}],"curies":[{"name":"wp","href":"https:\/\/api.w.org\/{rel}","templated":true}]}}