{"id":18099,"date":"2018-11-28T11:34:56","date_gmt":"2018-11-28T10:34:56","guid":{"rendered":"http:\/\/www.carideal.com\/blog\/?p=18099"},"modified":"2018-12-10T13:32:02","modified_gmt":"2018-12-10T12:32:02","slug":"histoire-voiture-electrique","status":"publish","type":"post","link":"https:\/\/www.carideal.com\/blog\/2018\/11\/28\/histoire-voiture-electrique\/","title":{"rendered":"Histoire de la voiture \u00e9lectrique : de la premi\u00e8re \u00e0 nos jours"},"content":{"rendered":"<h2>Histoire de la voiture \u00e9lectrique (EV) : de la premi\u00e8re \u00e0 nos jours<\/h2>\n<p><strong>En commen\u00e7ant par la premi\u00e8re voiture \u00e9lectrique, nous revenons sur les d\u00e9buts de la technologie, et comment la technologie des v\u00e9hicules electriques a \u00e9volu\u00e9.<\/strong><\/p>\n<p>Le d\u00e9veloppement de toutes nouvelles voitures \u00e9lectriques est au centre des projets de presque tous les <a href=\"http:\/\/www.carideal.com\/blog\/marque-de-voiture-actualites-essais\/\">grands constructeurs<\/a>. La plupart des fabricants lancent des offensives de produits \u00e9lectriques au cours de la prochaine d\u00e9cennie. C\u2019est fermement consid\u00e9r\u00e9 comme un avenir, mais la voiture \u00e9lectrique n\u2019est pas un nouveau d\u00e9veloppement. Les voitures \u00e9lectriques bourdonnent silencieusement \u00e0 l'arri\u00e8re-plan depuis des g\u00e9n\u00e9rations.<\/p>\n<p>Un rapide coup d'\u0153il aux livres d'histoire r\u00e9v\u00e8le que la production de voitures \u00e9lectriques remonte \u00e0 la m\u00eame \u00e9poque que leurs \u00e9quivalents \u00e0 moteur \u00e0 combustion interne, qui remontent \u00e0 la fin du 19e si\u00e8cle. Ce n'est pas une grosse surprise. L\u2019\u00e9lectricit\u00e9 a \u00e9t\u00e9 consid\u00e9r\u00e9e comme un moyen de propulsion concevable depuis la cr\u00e9ation de la voiture, en particulier par rapport aux alternatives de l\u2019\u00e9poque.<\/p>\n<p>\u2022 <a href=\"http:\/\/www.carideal.com\/blog\/2018\/11\/26\/meilleures-voitures-electriques-en-vente-2018\/\">Meilleures voitures \u00e9lectriques<\/a><\/p>\n<p>Les capacit\u00e9s des premi\u00e8res voitures et l'\u00e9tat des premi\u00e8res routes signifiaient que les trajets \u00e9taient courts et que la plupart des v\u00e9hicules \u00e9taient confin\u00e9s aux limites de la <a href=\"http:\/\/www.carideal.com\/blog\/2018\/02\/09\/meilleures-citadines-2018\/\">ville<\/a>. C\u2019est l\u00e0 un parall\u00e8le int\u00e9ressant avec les voitures \u00e9lectriques d\u2019aujourd\u2019hui : pour les trajets rapides en ville, ils avaient tout autant de sens dans l\u2019enfance de la voiture qu\u2019aujourd\u2019hui.<\/p>\n<figure id=\"attachment_18104\" aria-describedby=\"caption-attachment-18104\" style=\"width: 390px\" class=\"wp-caption alignnone\"><a href=\"http:\/\/www.carideal.com\/blog\/wp-content\/uploads\/2018\/11\/taxi-electric-new-york.jpg\"><img loading=\"lazy\" decoding=\"async\" class=\"size-full wp-image-18104\" src=\"http:\/\/www.carideal.com\/blog\/wp-content\/uploads\/2018\/11\/taxi-electric-new-york.jpg\" alt=\"Histoire de la voiture \u00e9lectrique : Taxi \u00e9lectrique \u00e0 New York en 1897\" width=\"400\" height=\"358\" srcset=\"https:\/\/www.carideal.com\/blog\/wp-content\/uploads\/2018\/11\/taxi-electric-new-york.jpg 400w, https:\/\/www.carideal.com\/blog\/wp-content\/uploads\/2018\/11\/taxi-electric-new-york-300x269.jpg 300w, https:\/\/www.carideal.com\/blog\/wp-content\/uploads\/2018\/11\/taxi-electric-new-york-50x45.jpg 50w, https:\/\/www.carideal.com\/blog\/wp-content\/uploads\/2018\/11\/taxi-electric-new-york-110x98.jpg 110w\" sizes=\"(max-width: 400px) 100vw, 400px\" \/><\/a><figcaption id=\"caption-attachment-18104\" class=\"wp-caption-text\">Histoire de la voiture \u00e9lectrique : Taxi \u00e9lectrique \u00e0 New York en 1897<\/figcaption><\/figure>\n<p>\u00c0 l\u2019\u00e9poque, il fallait parfois une heure pour pr\u00e9parer et r\u00e9chauffer un v\u00e9hicule \u00e0 moteur \u00e0 vapeur, tandis que les premi\u00e8res voitures \u00e0 moteur \u00e0 combustion \u00e9taient sales, peu fiables et difficiles \u00e0 d\u00e9marrer et \u00e0 utiliser. En comparaison, les voitures \u00e9lectriques \u00e9taient consid\u00e9r\u00e9es comme des choix pratiques et faciles \u00e0 utiliser, sans boite de vitesse.<\/p>\n<p>Identifier la responsabilit\u00e9 de la naissance de la voiture \u00e9lectrique n\u2019est pas simple ; sa cr\u00e9ation est le fruit du travail de nombreux pionniers et inventeurs. Le moteur \u00e9lectrique est souvent attribu\u00e9 \u00e0 l'ing\u00e9nieur hongrois Anyos Jedlik, tandis que le physicien fran\u00e7ais Gaston Plant\u00e9 a invent\u00e9 les batteries rechargeables au plomb en 1859. Il a fallu un Anglais - Thomas Parker - pour les combiner dans une voiture afin de cr\u00e9er la premi\u00e8re voiture \u00e9lectrique de s\u00e9rie, construit \u00e0 Londres en 1884.<\/p>\n<p>Pour vraiment avoir une id\u00e9e de l\u2019impact pr\u00e9coce de la voiture \u00e9lectrique, il est pr\u00e9f\u00e9rable de regarder aux \u00c9tats-Unis. Les ann\u00e9es du tournant du XXe si\u00e8cle sont souvent d\u00e9crites comme un \u00e2ge d'or de l'automobile \u00e9lectrique, en raison de la forte pr\u00e9sence de v\u00e9hicules \u00e9lectriques dans les rues des villes am\u00e9ricaines. En 1897, les premiers utilisateurs commerciaux de voitures \u00e9lectriques \u00e9taient les chauffeurs de taxi de la ville de New York; la flotte de la ville a fini par atteindre plus de 60 Taxi \u00e9lectriques. Certains historiens estimaient qu'environ un tiers des voitures empruntant les rues am\u00e9ricaines en 1900 \u00e9taient \u00e9lectriques, tandis que certaines sources affirmaient que les v\u00e9hicules \u00e9lectriques \u00e9taient moins vendus que les voitures \u00e0 combustion en 1899 et 1900. Ces voitures n'occupaient que des citadins, mais avec une autonomie et une vitesse maximales.<\/p>\n<p>Ici en Europe, les taxis \u00abHummingbird\u00bb de Walter Bersley seraient parfois aper\u00e7us dans les rues de Londres, tandis que la premi\u00e8re voiture portant le nom de Ferdinand Porsche - le P1 de 1898 - \u00e9tait \u00e9lectrique.<\/p>\n<figure id=\"attachment_18101\" aria-describedby=\"caption-attachment-18101\" style=\"width: 590px\" class=\"wp-caption alignnone\"><a href=\"http:\/\/www.carideal.com\/blog\/wp-content\/uploads\/2018\/11\/porsche-electrique-p1-e1543398770424.jpg\"><img loading=\"lazy\" decoding=\"async\" class=\"wp-image-18101 size-full\" title=\"Histoire de la voiture \u00e9lectrique : La premi\u00e8re voiture de Porsche \u00e9tait une voiture \u00e9lectrique la P1 en 1898\" src=\"http:\/\/www.carideal.com\/blog\/wp-content\/uploads\/2018\/11\/porsche-electrique-p1-e1543398770424.jpg\" alt=\"Histoire de la voiture \u00e9lectrique : La premi\u00e8re voiture de Porsche \u00e9tait une voiture \u00e9lectrique la P1 en 1898\" width=\"600\" height=\"315\" \/><\/a><figcaption id=\"caption-attachment-18101\" class=\"wp-caption-text\">Histoire de la voiture \u00e9lectrique : La premi\u00e8re voiture de Porsche \u00e9tait une voiture \u00e9lectrique la P1 en 1898<\/figcaption><\/figure>\n<p>Cependant, cette popularit\u00e9 initiale \u00e9tait davantage li\u00e9e aux lacunes des voitures \u00e0 combustion qu'aux capacit\u00e9s et \u00e0 l'accessibilit\u00e9 des v\u00e9hicules \u00e9lectriques. Divers facteurs ont contribu\u00e9 \u00e0 un d\u00e9clin rapide. Le prix du p\u00e9trole en baisse et les techniques de production de masse invent\u00e9es par <a href=\"http:\/\/www.carideal.com\/blog\/marque-de-voiture-actualites-essais\/ford\/\">Ford<\/a> avec le mod\u00e8le T en 1908 signifiaient que les voitures \u00e0 combustion devenaient rapidement moins ch\u00e8res et plus faciles \u00e0 utiliser gr\u00e2ce aux avanc\u00e9es telles que les moteurs \u00e0 d\u00e9marreur \u00e9lectrique. La croissance des r\u00e9seaux routiers se traduit \u00e9galement par une demande croissante de voitures plus rapides avec des autonomies plus importantes et des temps de remplissage plus courts.<\/p>\n<p>Cela a conduit \u00e0 un \u00e2ge sombre pour les voitures \u00e9lectriques qui a dur\u00e9 pendant une grande partie du 20\u00e8me si\u00e8cle, alors que les v\u00e9hicules \u00e0 essence abordables ont r\u00e9volutionn\u00e9 notre fa\u00e7on de nous d\u00e9placer. Le moteur \u00e9lectrique a quant \u00e0 lui trouv\u00e9 une nouvelle maison \u00e0 long terme dans l\u2019humble camionette de livraison de lait anglaise, alors que les constructeurs automobiles tournaient le dos \u00e0 la technologie.<\/p>\n<figure id=\"attachment_18102\" aria-describedby=\"caption-attachment-18102\" style=\"width: 590px\" class=\"wp-caption alignnone\"><a href=\"http:\/\/www.carideal.com\/blog\/wp-content\/uploads\/2018\/11\/bmw-1602-electric-1-e1543399216239.jpg\"><img loading=\"lazy\" decoding=\"async\" class=\"size-full wp-image-18102\" src=\"http:\/\/www.carideal.com\/blog\/wp-content\/uploads\/2018\/11\/bmw-1602-electric-1-e1543399216239.jpg\" alt=\"Histoire de la voiture \u00e9lecrique : BMW 1602 \u00e9lectrique\" width=\"600\" height=\"400\" \/><\/a><figcaption id=\"caption-attachment-18102\" class=\"wp-caption-text\">Histoire de la voiture \u00e9lecrique : BMW 1602 \u00e9lectrique<\/figcaption><\/figure>\n<p>Un l\u00e9ger r\u00e9veil a \u00e9t\u00e9 d\u00e9clench\u00e9 lors de la crise p\u00e9troli\u00e8re des ann\u00e9es soixante-dix et la voiture \u00e9lectrique a refait son apparition en 1971 ; Le v\u00e9hicule \u00e9lectrique mobile lunaire \u00e9tait la premi\u00e8re voiture conduite sur la Lune, avec une autonomie de 90 km. Des versions \u00e9lectrifi\u00e9es de la BMW 1600, \u00e9quip\u00e9es de moteurs Bosch de 43 ch et de syst\u00e8mes de freinage r\u00e9cup\u00e9ratif, ont jou\u00e9 les vedettes des Jeux olympiques de Munich en 1972 en tant que v\u00e9hicules de soutien au marathon.<\/p>\n<p>Lorsque les constructeurs automobiles ont commenc\u00e9 \u00e0 revenir aux v\u00e9hicules \u00e9lectriques dans les ann\u00e9es 90 \u00e0 la suite du durcissement des lois environnementales, leurs offres \u00e9taient produites en tr\u00e8s petit nombre et la plupart \u00e9taient des conversions brutes de mod\u00e8les classiques.<\/p>\n<p>Pourtant, cette \u00e9poque nous a donn\u00e9 un avant-go\u00fbt de l\u2019avenir. En 1996, General Motors a lanc\u00e9 la EV1 - la premi\u00e8re voiture \u00e9lectrique moderne construite en s\u00e9rie et sur mesure de l\u2019un des principaux acteurs du secteur. Il a \u00e9t\u00e9 lanc\u00e9e dans le cadre d'un programme de cr\u00e9dit-bail et un peu plus de 1 000 ont \u00e9t\u00e9 produits, mais la saga s'est termin\u00e9e par une controverse. Lorsque GM a supprim\u00e9 le programme EV1 en 2003, de nombreux mod\u00e8les ont \u00e9t\u00e9 retir\u00e9s de la route et broy\u00e9e.<\/p>\n<p>Depuis lors, les voitures \u00e9lectriques sont devenues plus pr\u00e9sentes dans la conscience des consommateurs et de l'industrie dans son ensemble gr\u00e2ce aux progr\u00e8s de la technologie hybride, aux subventions gouvernementales, aux nouvelles r\u00e9glementations, aux pr\u00e9occupations environnementales croissantes et, surtout, aux avanc\u00e9es technologiques majeures. En tant que tel, la voiture \u00e9lectrique perd sa r\u00e9putation de spectateur et devient de plus en plus la prochaine \u00e9tape logique, \u00e9tant donn\u00e9 que des voitures ayant des gammes et des prix comparables aux voitures \u00e0 essence sont \u00e0 port\u00e9e de vue.<\/p>\n<figure id=\"attachment_17626\" aria-describedby=\"caption-attachment-17626\" style=\"width: 438px\" class=\"wp-caption alignnone\"><a href=\"http:\/\/www.carideal.com\/blog\/wp-content\/uploads\/2011\/02\/Tesla-Model-S_carideal_m.jpg\"><img loading=\"lazy\" decoding=\"async\" class=\"size-full wp-image-17626\" src=\"http:\/\/www.carideal.com\/blog\/wp-content\/uploads\/2011\/02\/Tesla-Model-S_carideal_m.jpg\" alt=\"Tesla S Familiale sportive electrique\" width=\"448\" height=\"268\" srcset=\"https:\/\/www.carideal.com\/blog\/wp-content\/uploads\/2011\/02\/Tesla-Model-S_carideal_m.jpg 448w, https:\/\/www.carideal.com\/blog\/wp-content\/uploads\/2011\/02\/Tesla-Model-S_carideal_m-300x179.jpg 300w, https:\/\/www.carideal.com\/blog\/wp-content\/uploads\/2011\/02\/Tesla-Model-S_carideal_m-50x30.jpg 50w, https:\/\/www.carideal.com\/blog\/wp-content\/uploads\/2011\/02\/Tesla-Model-S_carideal_m-110x66.jpg 110w, https:\/\/www.carideal.com\/blog\/wp-content\/uploads\/2011\/02\/Tesla-Model-S_carideal_m-420x251.jpg 420w\" sizes=\"(max-width: 448px) 100vw, 448px\" \/><\/a><figcaption id=\"caption-attachment-17626\" class=\"wp-caption-text\">Tesla S Familiale sportive electrique<\/figcaption><\/figure>\n<p>Il est difficile de parler de voitures \u00e9lectriques dans le climat actuel sans mentionner la <a href=\"http:\/\/www.carideal.com\/blog\/2015\/07\/02\/gates-la-polemique-autour-duber-nest-que-provisoire-la-vraie-revolution-commencera-lorsque-les-chauffeurs-seront-inutiles\/\">voiture autonome<\/a> et les <a href=\"http:\/\/www.carideal.com\/blog\/2013\/11\/15\/votre-voiture-equipee-comme-un-avion-de-chasse\/\">nouvelles technologies<\/a>. Cela est d\u00fb \u00e0 la nouvelle approche mise au point par <a href=\"http:\/\/www.carideal.com\/blog\/marque-de-voiture-actualites-essais\/tesla\/\">Tesla<\/a>, qui pr\u00e9sente ses voitures comme l\u2019avenir de son entreprise dans un secteur qui a besoin de bouleversement. Et l'industrie en a pris connaissance.<\/p>\n<p>D\u00e8s l\u2019ann\u00e9e prochaine, nous verrons de nouveaux v\u00e9hicules \u00e9lectriques sp\u00e9cialement con\u00e7us par de grands noms tels que <a href=\"http:\/\/www.carideal.com\/blog\/marque-de-voiture-actualites-essais\/jaguar\/\">Jaguar<\/a> avec l\u2019I-Pace et <a href=\"http:\/\/www.carideal.com\/blog\/marque-de-voiture-actualites-essais\/audi\/\">Audi<\/a> avec le SUV e-tron. De nombreux fabricants ont m\u00eame r\u00e9v\u00e9l\u00e9 de nouvelles sous-marques exclusivement \u00e9lectriques; <a href=\"http:\/\/www.carideal.com\/blog\/marque-de-voiture-actualites-essais\/mercedes\/\">Mercedes<\/a> promet de lancer 10 v\u00e9hicules \u00e9lectriques sous sa nouvelle banni\u00e8re EQ (en avant du EQ C, ci-contre), et <a href=\"http:\/\/www.carideal.com\/blog\/marque-de-voiture-actualites-essais\/volkswagen\/\">Volkswagen<\/a> pr\u00e9voit une famille de voitures \u00e9lectriques portant un embl\u00e8me I.D. sur sa nouvelle plate-forme \u00e9lectrique MEB. <a href=\"http:\/\/www.carideal.com\/blog\/marque-de-voiture-actualites-essais\/porsche\/\">Porsche<\/a> pr\u00e9pare une gamme de v\u00e9hicules \u00e9lectriques hautes performances et Volvo dispose d'un plan d'\u00e9lectrification majeur.<\/p>\n<p>Il ne fait aucun doute que l\u2019industrie peut r\u00e9agir et fournir aux automobilistes des voitures \u00e9lectriques viables et souhaitables dans les ann\u00e9es \u00e0 venir, compte tenu de l\u2019ampleur des investissements, mais ce n\u2019est pas seulement les voitures qu\u2019il faut r\u00e9volutionner; de m\u00eame l'infrastructure.<\/p>\n<h2>Guide ultime des voitures \u00e9lectriques<\/h2>\n<p>* <a href=\"http:\/\/www.carideal.com\/blog\/2018\/11\/28\/histoire-voiture-electrique\/\">Histoire de la voiture \u00e9lectrique<\/a> * Nouvelle voiture \u00e9lectrique de A \u00e0 Z<br \/>\n* <a href=\"http:\/\/www.carideal.com\/blog\/2018\/11\/26\/pourriez-vous-vivre-avec-une-voiture-electrique-le-pour-et-le-contre\/\">Pourriez-vous vivre avec une voiture \u00e9lectrique ?<\/a> * \u00c9cole de conduite de voiture \u00e9lectrique<br \/>\n* <a href=\"http:\/\/www.carideal.com\/blog\/2018\/12\/05\/voiture-hybride-rechargeable-peut-elle-amusante\/\">Les voitures plug-in peuvent-elles encore \u00eatre amusantes<\/a><\/p>\n<h3>Guides de la technologie des voitures \u00e9lectriques<\/h3>\n<p>* <a href=\"http:\/\/www.carideal.com\/blog\/2018\/12\/10\/voiture-hybride-ou-electrique\/\">Voiture hybride ou \u00e9lectrique ?<\/a> * <a href=\"http:\/\/www.carideal.com\/blog\/2017\/08\/25\/formule-e-explications\/\">Quelle est la formule E ?<\/a><br \/>\n* Voitures \u00e0 pile \u00e0 combustible \u00e0 hydrog\u00e8ne * Technologie de charge sans fil<br \/>\n* Qu'est-ce qu'une voiture hybride ? * Bornes de recharge pour voitures \u00e9lectriques<\/p>\n<h3>Conseils d'achat de voitures \u00e9lectriques<\/h3>\n<p>* Achat d'une voiture hybride d'occasion * Achat d'une voiture \u00e9lectrique d'occasion<br \/>\n* Comment acheter une voiture \u00e9lectrique<br \/>\n* <a href=\"http:\/\/www.carideal.com\/blog\/2018\/11\/26\/meilleures-voitures-electriques-en-vente-2018\/\">Meilleures voitures \u00e9lectriques<\/a> * Meilleures voitures hybrides<br \/>\n* Meilleurs SUV hybrides * Meilleures voitures hybrides rechargeables<br \/>\n* Voitures \u00e9lectriques les plus rapides<\/p>\n<p>Selon vous, quel sera le plus gros probl\u00e8me des utilisateurs de voitures \u00e9lectriques dans les ann\u00e9es \u00e0 venir ? Faites-nous savoir dans les commentaires ci-dessous ...<\/p>\n","protected":false},"excerpt":{"rendered":"<p>Histoire de la voiture \u00e9lectrique (EV) : de la premi\u00e8re \u00e0 nos jours En commen\u00e7ant par la premi\u00e8re voiture \u00e9lectrique, nous revenons sur les d\u00e9buts de la technologie, et comment la technologie des v\u00e9hicules electriques a \u00e9volu\u00e9. Le d\u00e9veloppement de toutes nouvelles voitures \u00e9lectriques est au centre des projets de presque tous les grands constructeurs. &#8230; <a title=\"Histoire de la voiture \u00e9lectrique : de la premi\u00e8re \u00e0 nos jours\" class=\"read-more\" href=\"https:\/\/www.carideal.com\/blog\/2018\/11\/28\/histoire-voiture-electrique\/\" aria-label=\"En savoir plus sur Histoire de la voiture \u00e9lectrique : de la premi\u00e8re \u00e0 nos jours\">Lire plus<\/a><\/p>\n","protected":false},"author":3,"featured_media":18100,"comment_status":"open","ping_status":"open","sticky":false,"template":"","format":"standard","meta":{"_uag_custom_page_level_css":"","_themeisle_gutenberg_block_has_review":false,"footnotes":""},"categories":[9,5970],"tags":[],"class_list":["post-18099","post","type-post","status-publish","format-standard","has-post-thumbnail","hentry","category-divers","category-electrique-technologie-2"],"wppr_data":{"cwp_meta_box_check":"No"},"yoast_head":"<!-- This site is optimized with the Yoast SEO plugin v24.8.1 - https:\/\/yoast.com\/wordpress\/plugins\/seo\/ -->\n<title>Histoire de la voiture \u00e9lectrique : de la premi\u00e8re \u00e0 nos jours - Blog auto Carid\u00e9al<\/title>\n<meta name=\"description\" content=\"En commen\u00e7ant par la premi\u00e8re voiture \u00e9lectrique, nous revenons sur les d\u00e9buts de la technologie, et comment l&#039;histoire de la voiture \u00e9lectrique a \u00e9volu\u00e9\" \/>\n<meta name=\"robots\" content=\"index, follow, max-snippet:-1, max-image-preview:large, max-video-preview:-1\" \/>\n<link rel=\"canonical\" href=\"https:\/\/www.carideal.com\/blog\/2018\/11\/28\/histoire-voiture-electrique\/\" \/>\n<meta property=\"og:locale\" content=\"fr_FR\" \/>\n<meta property=\"og:type\" content=\"article\" \/>\n<meta property=\"og:title\" content=\"Histoire de la voiture \u00e9lectrique : de la premi\u00e8re \u00e0 nos jours - Blog auto Carid\u00e9al\" \/>\n<meta property=\"og:description\" content=\"En commen\u00e7ant par la premi\u00e8re voiture \u00e9lectrique, nous revenons sur les d\u00e9buts de la technologie, et comment l&#039;histoire de la voiture \u00e9lectrique a \u00e9volu\u00e9\" \/>\n<meta property=\"og:url\" content=\"https:\/\/www.carideal.com\/blog\/2018\/11\/28\/histoire-voiture-electrique\/\" \/>\n<meta property=\"og:site_name\" content=\"Blog auto Carid\u00e9al\" \/>\n<meta property=\"article:publisher\" content=\"https:\/\/www.facebook.com\/Carideal.mandataire.automobile\" \/>\n<meta property=\"article:author\" content=\"https:\/\/www.facebook.com\/nicolas.schiavon.39\" \/>\n<meta property=\"article:published_time\" content=\"2018-11-28T10:34:56+00:00\" \/>\n<meta property=\"article:modified_time\" content=\"2018-12-10T12:32:02+00:00\" \/>\n<meta property=\"og:image\" content=\"https:\/\/www.carideal.com\/blog\/wp-content\/uploads\/2018\/11\/histoire-voiture-electrique-e1543397975911.jpg\" \/>\n\t<meta property=\"og:image:width\" content=\"800\" \/>\n\t<meta property=\"og:image:height\" content=\"420\" \/>\n\t<meta property=\"og:image:type\" content=\"image\/jpeg\" \/>\n<meta name=\"author\" content=\"Nicolas SCHIAVON\" \/>\n<meta name=\"twitter:card\" content=\"summary_large_image\" \/>\n<meta name=\"twitter:creator\" content=\"@caridealauto\" \/>\n<meta name=\"twitter:site\" content=\"@caridealauto\" \/>\n<meta name=\"twitter:label1\" content=\"\u00c9crit par\" \/>\n\t<meta name=\"twitter:data1\" content=\"Nicolas SCHIAVON\" \/>\n\t<meta name=\"twitter:label2\" content=\"Dur\u00e9e de lecture estim\u00e9e\" \/>\n\t<meta name=\"twitter:data2\" content=\"7 minutes\" \/>\n<script type=\"application\/ld+json\" class=\"yoast-schema-graph\">{\"@context\":\"https:\/\/schema.org\",\"@graph\":[{\"@type\":\"Article\",\"@id\":\"https:\/\/www.carideal.com\/blog\/2018\/11\/28\/histoire-voiture-electrique\/#article\",\"isPartOf\":{\"@id\":\"https:\/\/www.carideal.com\/blog\/2018\/11\/28\/histoire-voiture-electrique\/\"},\"author\":{\"name\":\"Nicolas SCHIAVON\",\"@id\":\"https:\/\/www.carideal.com\/blog\/#\/schema\/person\/cd95dc7919660de90d31b366f85be1ec\"},\"headline\":\"Histoire de la voiture \u00e9lectrique : de la premi\u00e8re \u00e0 nos jours\",\"datePublished\":\"2018-11-28T10:34:56+00:00\",\"dateModified\":\"2018-12-10T12:32:02+00:00\",\"mainEntityOfPage\":{\"@id\":\"https:\/\/www.carideal.com\/blog\/2018\/11\/28\/histoire-voiture-electrique\/\"},\"wordCount\":1494,\"commentCount\":0,\"publisher\":{\"@id\":\"https:\/\/www.carideal.com\/blog\/#organization\"},\"image\":{\"@id\":\"https:\/\/www.carideal.com\/blog\/2018\/11\/28\/histoire-voiture-electrique\/#primaryimage\"},\"thumbnailUrl\":\"https:\/\/www.carideal.com\/blog\/wp-content\/uploads\/2018\/11\/histoire-voiture-electrique-e1543397975911.jpg\",\"articleSection\":[\"Divers\",\"Voiture \u00e9lectrique\"],\"inLanguage\":\"fr-FR\",\"potentialAction\":[{\"@type\":\"CommentAction\",\"name\":\"Comment\",\"target\":[\"https:\/\/www.carideal.com\/blog\/2018\/11\/28\/histoire-voiture-electrique\/#respond\"]}]},{\"@type\":\"WebPage\",\"@id\":\"https:\/\/www.carideal.com\/blog\/2018\/11\/28\/histoire-voiture-electrique\/\",\"url\":\"https:\/\/www.carideal.com\/blog\/2018\/11\/28\/histoire-voiture-electrique\/\",\"name\":\"Histoire de la voiture \u00e9lectrique : de la premi\u00e8re \u00e0 nos jours - Blog auto Carid\u00e9al\",\"isPartOf\":{\"@id\":\"https:\/\/www.carideal.com\/blog\/#website\"},\"primaryImageOfPage\":{\"@id\":\"https:\/\/www.carideal.com\/blog\/2018\/11\/28\/histoire-voiture-electrique\/#primaryimage\"},\"image\":{\"@id\":\"https:\/\/www.carideal.com\/blog\/2018\/11\/28\/histoire-voiture-electrique\/#primaryimage\"},\"thumbnailUrl\":\"https:\/\/www.carideal.com\/blog\/wp-content\/uploads\/2018\/11\/histoire-voiture-electrique-e1543397975911.jpg\",\"datePublished\":\"2018-11-28T10:34:56+00:00\",\"dateModified\":\"2018-12-10T12:32:02+00:00\",\"description\":\"En commen\u00e7ant par la premi\u00e8re voiture \u00e9lectrique, nous revenons sur les d\u00e9buts de la technologie, et comment l'histoire de la voiture \u00e9lectrique a \u00e9volu\u00e9\",\"breadcrumb\":{\"@id\":\"https:\/\/www.carideal.com\/blog\/2018\/11\/28\/histoire-voiture-electrique\/#breadcrumb\"},\"inLanguage\":\"fr-FR\",\"potentialAction\":[{\"@type\":\"ReadAction\",\"target\":[\"https:\/\/www.carideal.com\/blog\/2018\/11\/28\/histoire-voiture-electrique\/\"]}]},{\"@type\":\"ImageObject\",\"inLanguage\":\"fr-FR\",\"@id\":\"https:\/\/www.carideal.com\/blog\/2018\/11\/28\/histoire-voiture-electrique\/#primaryimage\",\"url\":\"https:\/\/www.carideal.com\/blog\/wp-content\/uploads\/2018\/11\/histoire-voiture-electrique-e1543397975911.jpg\",\"contentUrl\":\"https:\/\/www.carideal.com\/blog\/wp-content\/uploads\/2018\/11\/histoire-voiture-electrique-e1543397975911.jpg\",\"width\":800,\"height\":420,\"caption\":\"Histoire de la voiture \u00e9lectrique : de la premi\u00e8re \u00e0 nos jours\"},{\"@type\":\"BreadcrumbList\",\"@id\":\"https:\/\/www.carideal.com\/blog\/2018\/11\/28\/histoire-voiture-electrique\/#breadcrumb\",\"itemListElement\":[{\"@type\":\"ListItem\",\"position\":1,\"name\":\"Blog Carid\u00e9al\",\"item\":\"https:\/\/www.carideal.com\/blog\/\"},{\"@type\":\"ListItem\",\"position\":2,\"name\":\"Technologie Automobile\",\"item\":\"https:\/\/www.carideal.com\/blog\/technologie-2\/\"},{\"@type\":\"ListItem\",\"position\":3,\"name\":\"Voiture \u00e9lectrique\",\"item\":\"https:\/\/www.carideal.com\/blog\/technologie-2\/electrique-technologie-2\/\"},{\"@type\":\"ListItem\",\"position\":4,\"name\":\"Histoire de la voiture \u00e9lectrique : de la premi\u00e8re \u00e0 nos jours\"}]},{\"@type\":\"WebSite\",\"@id\":\"https:\/\/www.carideal.com\/blog\/#website\",\"url\":\"https:\/\/www.carideal.com\/blog\/\",\"name\":\"Blog auto Carid\u00e9al\",\"description\":\"Actualit\u00e9 auto par des passionn\u00e9s\",\"publisher\":{\"@id\":\"https:\/\/www.carideal.com\/blog\/#organization\"},\"potentialAction\":[{\"@type\":\"SearchAction\",\"target\":{\"@type\":\"EntryPoint\",\"urlTemplate\":\"https:\/\/www.carideal.com\/blog\/?s={search_term_string}\"},\"query-input\":{\"@type\":\"PropertyValueSpecification\",\"valueRequired\":true,\"valueName\":\"search_term_string\"}}],\"inLanguage\":\"fr-FR\"},{\"@type\":\"Organization\",\"@id\":\"https:\/\/www.carideal.com\/blog\/#organization\",\"name\":\"Carideal\",\"url\":\"https:\/\/www.carideal.com\/blog\/\",\"logo\":{\"@type\":\"ImageObject\",\"inLanguage\":\"fr-FR\",\"@id\":\"https:\/\/www.carideal.com\/blog\/#\/schema\/logo\/image\/\",\"url\":\"http:\/\/www.carideal.com\/blog\/wp-content\/uploads\/2016\/03\/logo-carideal-mandataire-automobile.png\",\"contentUrl\":\"http:\/\/www.carideal.com\/blog\/wp-content\/uploads\/2016\/03\/logo-carideal-mandataire-automobile.png\",\"width\":300,\"height\":300,\"caption\":\"Carideal\"},\"image\":{\"@id\":\"https:\/\/www.carideal.com\/blog\/#\/schema\/logo\/image\/\"},\"sameAs\":[\"https:\/\/www.facebook.com\/Carideal.mandataire.automobile\",\"https:\/\/x.com\/caridealauto\",\"https:\/\/www.instagram.com\/carideal1\/\",\"https:\/\/www.linkedin.com\/company\/carideal.com\",\"https:\/\/fr.pinterest.com\/schiavonsas\/\",\"https:\/\/www.youtube.com\/user\/caridealsas\"]},{\"@type\":\"Person\",\"@id\":\"https:\/\/www.carideal.com\/blog\/#\/schema\/person\/cd95dc7919660de90d31b366f85be1ec\",\"name\":\"Nicolas SCHIAVON\",\"image\":{\"@type\":\"ImageObject\",\"inLanguage\":\"fr-FR\",\"@id\":\"https:\/\/www.carideal.com\/blog\/#\/schema\/person\/image\/\",\"url\":\"https:\/\/secure.gravatar.com\/avatar\/c17e55009e671d92cc7f5dc837dc418a?s=96&r=g\",\"contentUrl\":\"https:\/\/secure.gravatar.com\/avatar\/c17e55009e671d92cc7f5dc837dc418a?s=96&r=g\",\"caption\":\"Nicolas SCHIAVON\"},\"description\":\"Nicolas Schiavon est tomb\u00e9 tout petit dans la marmite automobile. Ayant eu un garage de marque automobile, mandataire automobile de la premi\u00e8re heure d\u00e8s 1999. Nicolas a cr\u00e9\u00e9 ces premiers sites de vente de voiture et blog automobile d\u00e8s 1994. Carideal est n\u00e9 le 15 d\u00e9cembre 2000 de la volont\u00e9 de vendre des voitures d'occasions en ligne puis des voitures neuves. Il a pu essayer beaucoup de voitures tr\u00e8s diff\u00e9rentes et ayant eu personnellement quelques belles autos, Subaru Impreza, Mitsubishi Lancer Evo 7, Porsche 911, Ferrari Testarrossa, Audi RS3, RS4 et j'en passe...\",\"sameAs\":[\"http:\/\/www.carideal.com\",\"https:\/\/www.facebook.com\/nicolas.schiavon.39\",\"https:\/\/www.instagram.com\/carideal1\/\",\"https:\/\/www.linkedin.com\/in\/nschiavon\/\",\"https:\/\/x.com\/caridealauto\",\"https:\/\/www.youtube.com\/user\/caridealsas\/\"],\"url\":\"https:\/\/www.carideal.com\/blog\/author\/nschiavon\/\"}]}<\/script>\n<!-- \/ Yoast SEO plugin. -->","yoast_head_json":{"title":"Histoire de la voiture \u00e9lectrique : de la premi\u00e8re \u00e0 nos jours - Blog auto Carid\u00e9al","description":"En commen\u00e7ant par la premi\u00e8re voiture \u00e9lectrique, nous revenons sur les d\u00e9buts de la technologie, et comment l'histoire de la voiture \u00e9lectrique a \u00e9volu\u00e9","robots":{"index":"index","follow":"follow","max-snippet":"max-snippet:-1","max-image-preview":"max-image-preview:large","max-video-preview":"max-video-preview:-1"},"canonical":"https:\/\/www.carideal.com\/blog\/2018\/11\/28\/histoire-voiture-electrique\/","og_locale":"fr_FR","og_type":"article","og_title":"Histoire de la voiture \u00e9lectrique : de la premi\u00e8re \u00e0 nos jours - Blog auto Carid\u00e9al","og_description":"En commen\u00e7ant par la premi\u00e8re voiture \u00e9lectrique, nous revenons sur les d\u00e9buts de la technologie, et comment l'histoire de la voiture \u00e9lectrique a \u00e9volu\u00e9","og_url":"https:\/\/www.carideal.com\/blog\/2018\/11\/28\/histoire-voiture-electrique\/","og_site_name":"Blog auto Carid\u00e9al","article_publisher":"https:\/\/www.facebook.com\/Carideal.mandataire.automobile","article_author":"https:\/\/www.facebook.com\/nicolas.schiavon.39","article_published_time":"2018-11-28T10:34:56+00:00","article_modified_time":"2018-12-10T12:32:02+00:00","og_image":[{"width":800,"height":420,"url":"https:\/\/www.carideal.com\/blog\/wp-content\/uploads\/2018\/11\/histoire-voiture-electrique-e1543397975911.jpg","type":"image\/jpeg"}],"author":"Nicolas SCHIAVON","twitter_card":"summary_large_image","twitter_creator":"@caridealauto","twitter_site":"@caridealauto","twitter_misc":{"\u00c9crit par":"Nicolas SCHIAVON","Dur\u00e9e de lecture estim\u00e9e":"7 minutes"},"schema":{"@context":"https:\/\/schema.org","@graph":[{"@type":"Article","@id":"https:\/\/www.carideal.com\/blog\/2018\/11\/28\/histoire-voiture-electrique\/#article","isPartOf":{"@id":"https:\/\/www.carideal.com\/blog\/2018\/11\/28\/histoire-voiture-electrique\/"},"author":{"name":"Nicolas SCHIAVON","@id":"https:\/\/www.carideal.com\/blog\/#\/schema\/person\/cd95dc7919660de90d31b366f85be1ec"},"headline":"Histoire de la voiture \u00e9lectrique : de la premi\u00e8re \u00e0 nos jours","datePublished":"2018-11-28T10:34:56+00:00","dateModified":"2018-12-10T12:32:02+00:00","mainEntityOfPage":{"@id":"https:\/\/www.carideal.com\/blog\/2018\/11\/28\/histoire-voiture-electrique\/"},"wordCount":1494,"commentCount":0,"publisher":{"@id":"https:\/\/www.carideal.com\/blog\/#organization"},"image":{"@id":"https:\/\/www.carideal.com\/blog\/2018\/11\/28\/histoire-voiture-electrique\/#primaryimage"},"thumbnailUrl":"https:\/\/www.carideal.com\/blog\/wp-content\/uploads\/2018\/11\/histoire-voiture-electrique-e1543397975911.jpg","articleSection":["Divers","Voiture \u00e9lectrique"],"inLanguage":"fr-FR","potentialAction":[{"@type":"CommentAction","name":"Comment","target":["https:\/\/www.carideal.com\/blog\/2018\/11\/28\/histoire-voiture-electrique\/#respond"]}]},{"@type":"WebPage","@id":"https:\/\/www.carideal.com\/blog\/2018\/11\/28\/histoire-voiture-electrique\/","url":"https:\/\/www.carideal.com\/blog\/2018\/11\/28\/histoire-voiture-electrique\/","name":"Histoire de la voiture \u00e9lectrique : de la premi\u00e8re \u00e0 nos jours - Blog auto Carid\u00e9al","isPartOf":{"@id":"https:\/\/www.carideal.com\/blog\/#website"},"primaryImageOfPage":{"@id":"https:\/\/www.carideal.com\/blog\/2018\/11\/28\/histoire-voiture-electrique\/#primaryimage"},"image":{"@id":"https:\/\/www.carideal.com\/blog\/2018\/11\/28\/histoire-voiture-electrique\/#primaryimage"},"thumbnailUrl":"https:\/\/www.carideal.com\/blog\/wp-content\/uploads\/2018\/11\/histoire-voiture-electrique-e1543397975911.jpg","datePublished":"2018-11-28T10:34:56+00:00","dateModified":"2018-12-10T12:32:02+00:00","description":"En commen\u00e7ant par la premi\u00e8re voiture \u00e9lectrique, nous revenons sur les d\u00e9buts de la technologie, et comment l'histoire de la voiture \u00e9lectrique a \u00e9volu\u00e9","breadcrumb":{"@id":"https:\/\/www.carideal.com\/blog\/2018\/11\/28\/histoire-voiture-electrique\/#breadcrumb"},"inLanguage":"fr-FR","potentialAction":[{"@type":"ReadAction","target":["https:\/\/www.carideal.com\/blog\/2018\/11\/28\/histoire-voiture-electrique\/"]}]},{"@type":"ImageObject","inLanguage":"fr-FR","@id":"https:\/\/www.carideal.com\/blog\/2018\/11\/28\/histoire-voiture-electrique\/#primaryimage","url":"https:\/\/www.carideal.com\/blog\/wp-content\/uploads\/2018\/11\/histoire-voiture-electrique-e1543397975911.jpg","contentUrl":"https:\/\/www.carideal.com\/blog\/wp-content\/uploads\/2018\/11\/histoire-voiture-electrique-e1543397975911.jpg","width":800,"height":420,"caption":"Histoire de la voiture \u00e9lectrique : de la premi\u00e8re \u00e0 nos jours"},{"@type":"BreadcrumbList","@id":"https:\/\/www.carideal.com\/blog\/2018\/11\/28\/histoire-voiture-electrique\/#breadcrumb","itemListElement":[{"@type":"ListItem","position":1,"name":"Blog Carid\u00e9al","item":"https:\/\/www.carideal.com\/blog\/"},{"@type":"ListItem","position":2,"name":"Technologie Automobile","item":"https:\/\/www.carideal.com\/blog\/technologie-2\/"},{"@type":"ListItem","position":3,"name":"Voiture \u00e9lectrique","item":"https:\/\/www.carideal.com\/blog\/technologie-2\/electrique-technologie-2\/"},{"@type":"ListItem","position":4,"name":"Histoire de la voiture \u00e9lectrique : de la premi\u00e8re \u00e0 nos jours"}]},{"@type":"WebSite","@id":"https:\/\/www.carideal.com\/blog\/#website","url":"https:\/\/www.carideal.com\/blog\/","name":"Blog auto Carid\u00e9al","description":"Actualit\u00e9 auto par des passionn\u00e9s","publisher":{"@id":"https:\/\/www.carideal.com\/blog\/#organization"},"potentialAction":[{"@type":"SearchAction","target":{"@type":"EntryPoint","urlTemplate":"https:\/\/www.carideal.com\/blog\/?s={search_term_string}"},"query-input":{"@type":"PropertyValueSpecification","valueRequired":true,"valueName":"search_term_string"}}],"inLanguage":"fr-FR"},{"@type":"Organization","@id":"https:\/\/www.carideal.com\/blog\/#organization","name":"Carideal","url":"https:\/\/www.carideal.com\/blog\/","logo":{"@type":"ImageObject","inLanguage":"fr-FR","@id":"https:\/\/www.carideal.com\/blog\/#\/schema\/logo\/image\/","url":"http:\/\/www.carideal.com\/blog\/wp-content\/uploads\/2016\/03\/logo-carideal-mandataire-automobile.png","contentUrl":"http:\/\/www.carideal.com\/blog\/wp-content\/uploads\/2016\/03\/logo-carideal-mandataire-automobile.png","width":300,"height":300,"caption":"Carideal"},"image":{"@id":"https:\/\/www.carideal.com\/blog\/#\/schema\/logo\/image\/"},"sameAs":["https:\/\/www.facebook.com\/Carideal.mandataire.automobile","https:\/\/x.com\/caridealauto","https:\/\/www.instagram.com\/carideal1\/","https:\/\/www.linkedin.com\/company\/carideal.com","https:\/\/fr.pinterest.com\/schiavonsas\/","https:\/\/www.youtube.com\/user\/caridealsas"]},{"@type":"Person","@id":"https:\/\/www.carideal.com\/blog\/#\/schema\/person\/cd95dc7919660de90d31b366f85be1ec","name":"Nicolas SCHIAVON","image":{"@type":"ImageObject","inLanguage":"fr-FR","@id":"https:\/\/www.carideal.com\/blog\/#\/schema\/person\/image\/","url":"https:\/\/secure.gravatar.com\/avatar\/c17e55009e671d92cc7f5dc837dc418a?s=96&r=g","contentUrl":"https:\/\/secure.gravatar.com\/avatar\/c17e55009e671d92cc7f5dc837dc418a?s=96&r=g","caption":"Nicolas SCHIAVON"},"description":"Nicolas Schiavon est tomb\u00e9 tout petit dans la marmite automobile. Ayant eu un garage de marque automobile, mandataire automobile de la premi\u00e8re heure d\u00e8s 1999. Nicolas a cr\u00e9\u00e9 ces premiers sites de vente de voiture et blog automobile d\u00e8s 1994. Carideal est n\u00e9 le 15 d\u00e9cembre 2000 de la volont\u00e9 de vendre des voitures d'occasions en ligne puis des voitures neuves. Il a pu essayer beaucoup de voitures tr\u00e8s diff\u00e9rentes et ayant eu personnellement quelques belles autos, Subaru Impreza, Mitsubishi Lancer Evo 7, Porsche 911, Ferrari Testarrossa, Audi RS3, RS4 et j'en passe...","sameAs":["http:\/\/www.carideal.com","https:\/\/www.facebook.com\/nicolas.schiavon.39","https:\/\/www.instagram.com\/carideal1\/","https:\/\/www.linkedin.com\/in\/nschiavon\/","https:\/\/x.com\/caridealauto","https:\/\/www.youtube.com\/user\/caridealsas\/"],"url":"https:\/\/www.carideal.com\/blog\/author\/nschiavon\/"}]}},"uagb_featured_image_src":{"full":["https:\/\/www.carideal.com\/blog\/wp-content\/uploads\/2018\/11\/histoire-voiture-electrique-e1543397975911.jpg",800,420,false],"thumbnail":["https:\/\/www.carideal.com\/blog\/wp-content\/uploads\/2018\/11\/histoire-voiture-electrique-150x150.jpg",150,150,true],"medium":["https:\/\/www.carideal.com\/blog\/wp-content\/uploads\/2018\/11\/histoire-voiture-electrique-300x158.jpg",300,158,true],"medium_large":["https:\/\/www.carideal.com\/blog\/wp-content\/uploads\/2018\/11\/histoire-voiture-electrique-768x403.jpg",768,403,true],"large":["https:\/\/www.carideal.com\/blog\/wp-content\/uploads\/2018\/11\/histoire-voiture-electrique-1024x538.jpg",1024,538,true],"1536x1536":["https:\/\/www.carideal.com\/blog\/wp-content\/uploads\/2018\/11\/histoire-voiture-electrique-e1543397975911.jpg",800,420,false],"2048x2048":["https:\/\/www.carideal.com\/blog\/wp-content\/uploads\/2018\/11\/histoire-voiture-electrique-e1543397975911.jpg",800,420,false],"wppr-widget":["https:\/\/www.carideal.com\/blog\/wp-content\/uploads\/2018\/11\/histoire-voiture-electrique-50x26.jpg",50,26,true]},"uagb_author_info":{"display_name":"Nicolas SCHIAVON","author_link":"https:\/\/www.carideal.com\/blog\/author\/nschiavon\/"},"uagb_comment_info":121,"uagb_excerpt":"Histoire de la voiture \u00e9lectrique (EV) : de la premi\u00e8re \u00e0 nos jours En commen\u00e7ant par la premi\u00e8re voiture \u00e9lectrique, nous revenons sur les d\u00e9buts de la technologie, et comment la technologie des v\u00e9hicules electriques a \u00e9volu\u00e9. Le d\u00e9veloppement de toutes nouvelles voitures \u00e9lectriques est au centre des projets de presque tous les grands constructeurs.\u2026","_links":{"self":[{"href":"https:\/\/www.carideal.com\/blog\/wp-json\/wp\/v2\/posts\/18099"}],"collection":[{"href":"https:\/\/www.carideal.com\/blog\/wp-json\/wp\/v2\/posts"}],"about":[{"href":"https:\/\/www.carideal.com\/blog\/wp-json\/wp\/v2\/types\/post"}],"author":[{"embeddable":true,"href":"https:\/\/www.carideal.com\/blog\/wp-json\/wp\/v2\/users\/3"}],"replies":[{"embeddable":true,"href":"https:\/\/www.carideal.com\/blog\/wp-json\/wp\/v2\/comments?post=18099"}],"version-history":[{"count":0,"href":"https:\/\/www.carideal.com\/blog\/wp-json\/wp\/v2\/posts\/18099\/revisions"}],"wp:featuredmedia":[{"embeddable":true,"href":"https:\/\/www.carideal.com\/blog\/wp-json\/wp\/v2\/media\/18100"}],"wp:attachment":[{"href":"https:\/\/www.carideal.com\/blog\/wp-json\/wp\/v2\/media?parent=18099"}],"wp:term":[{"taxonomy":"category","embeddable":true,"href":"https:\/\/www.carideal.com\/blog\/wp-json\/wp\/v2\/categories?post=18099"},{"taxonomy":"post_tag","embeddable":true,"href":"https:\/\/www.carideal.com\/blog\/wp-json\/wp\/v2\/tags?post=18099"}],"curies":[{"name":"wp","href":"https:\/\/api.w.org\/{rel}","templated":true}]}}