{"id":18081,"date":"2018-11-27T10:29:02","date_gmt":"2018-11-27T09:29:02","guid":{"rendered":"http:\/\/www.carideal.com\/blog\/?p=18081"},"modified":"2024-01-20T20:22:06","modified_gmt":"2024-01-20T19:22:06","slug":"a-quoi-ressemblera-la-propriete-dune-voiture-dans-le-futur","status":"publish","type":"post","link":"https:\/\/www.carideal.com\/blog\/2018\/11\/27\/a-quoi-ressemblera-la-propriete-dune-voiture-dans-le-futur\/","title":{"rendered":"\u00c0 quoi ressemblera la propri\u00e9t\u00e9 d&rsquo;une voiture dans le futur ?"},"content":{"rendered":"\n<h2 class=\"wp-block-heading\">\u00c0 quoi ressemblera la propri\u00e9t\u00e9 d'une voiture \u00e0 l'avenir ?<\/h2>\n\n\n\n<p><strong>Les constructeurs automobile sont confront\u00e9s \u00e0 une r\u00e9volution dans la fa\u00e7on dont les gens poss\u00e8dent et utilisent des voitures. Comment ces constructeurs envisagent-ils cet avenir de l'utilisation de leurs v\u00e9hicules.<\/strong><\/p>\n\n\n\n<p>La fa\u00e7on dont les consommateurs poss\u00e8dent et utilisent leurs v\u00e9hicules est sur le point de r\u00e9volutionner les constructeurs automobiles, qui \u00e9valuent les moyens d\u2019introduire des technologies et une <a href=\"http:\/\/www.carideal.com\/blog\/2015\/11\/02\/la-conduite-autonome-sur-le-periph-cest-pour-demain\/\">mobilit\u00e9 autonome<\/a> pour les jeunes g\u00e9n\u00e9rations et les grandes villes surpeupl\u00e9es.<\/p>\n\n\n\n<p>Le mod\u00e8le de vente actuel, \u00e0 savoir une famille ou un consommateur poss\u00e9dant un v\u00e9hicule, semble menac\u00e9 alors que les constructeurs du monde entier cherchent des moyens de cibler des clients qui n'envisageraient g\u00e9n\u00e9ralement pas d'acheter un v\u00e9hicule en raison de leur lieu de r\u00e9sidence ou de leur revenu.<\/p>\n\n\n\n<p>\u2022 <a href=\"http:\/\/www.carideal.com\/blog\/2018\/11\/27\/guide-ultime-de-lautopartage-des-clubs-de-voitures-et-du-covoiturage\/\">Guide ultime de l'autopartage<\/a><\/p>\n\n\n\n<p>L\u2019un des plus gros perturbateurs de l\u2019id\u00e9e de la possession d\u2019une voiture est la g\u00e9n\u00e9ration des Millenials qui, selon Richard Balch, le patron de <a href=\"http:\/\/www.carideal.com\/blog\/marque-de-voiture-actualites-essais\/ford\/\">Ford<\/a> Smart Mobility en Europe, \u00abne ressent pas le besoin de tout poss\u00e9der dans sa vie\u00bb.<\/p>\n\n\n\n<p>Il a ajout\u00e9: \u00abLe mod\u00e8le de <a href=\"https:\/\/www.carideal.com\/blog\/credit-auto\/leasing\/\">type leasing<\/a> et le mod\u00e8le de paiement \u00e0 l'utilisation gagnent en importance. Si vous divisez le groupe d\u00e9mographique et observez la g\u00e9n\u00e9ration Y \u00e0 venir, ces [mod\u00e8les de vente] sont beaucoup plus acceptables pour la jeune g\u00e9n\u00e9ration. \"<\/p>\n\n\n\n<p>En 2015, Ford a lanc\u00e9 \u00e0 Londres un <strong>syst\u00e8me d'autopartage<\/strong> appel\u00e9 <strong>GoDrive<\/strong>, qui permettait aux utilisateurs enregistr\u00e9s d'acc\u00e9der \u00e0 50 v\u00e9hicules de la ville qui \u00e9taient pay\u00e9s \u00e0 la minute. D'autres grands noms du march\u00e9 automobile utilisent encore des syst\u00e8mes d'<a href=\"http:\/\/www.carideal.com\/blog\/autopartage\/\">autopartage<\/a> similaires, tels que <a href=\"http:\/\/www.carideal.com\/blog\/marque-de-voiture-actualites-essais\/bmw\/\">BMW<\/a> avec le programme DriveNow en Angleterre, Allemagne Belgique et d'autres capitales europ\u00e9enne mais pas la France bizzarement, attirant plus de 24 000 membres qui paient \u00e0 partir de 0.33\u20ac \/ min pour utiliser l'une des 300 voitures situ\u00e9es autour des villes.<\/p>\n\n\n\n<p>Toutefois, \u00e0 l\u2019oppos\u00e9, chez les clients disposant d\u2019un revenu disponible plus important et qui poss\u00e9daient leur propre v\u00e9hicule, l\u2019id\u00e9e de l'autopartage n\u2019est pas aussi s\u00e9duisante, selon Dietmar Voggenreiter, directeur des ventes et du marketing d\u2019<a href=\"http:\/\/www.carideal.com\/blog\/marque-de-voiture-actualites-essais\/audi\/\">Audi<\/a>. \u00abC\u2019est le retour clair que nous avons re\u00e7u du march\u00e9: le partage n\u2019est pas un sujet int\u00e9ressant pour les clients haut de gamme.\u00bb<\/p>\n\n\n\n<p>Alors que les marques traditionnelles cherchent \u00e0 tirer parti des mod\u00e8les de propri\u00e9t\u00e9, les start-up tels que <a href=\"https:\/\/www.lynkco.com\/\">Lynk &amp; Co<\/a> fondent leur mod\u00e8le commercial dans son int\u00e9gralit\u00e9 sur le partage de la voiture. Bien que la soci\u00e9t\u00e9 ne devrait pas arriver en Europe avant 2019, les propri\u00e9taires ne pourront pas acheter de v\u00e9hicules aupr\u00e8s d\u2019un concessionnaire au sens traditionnel du terme. Ils devront payer des frais mensuels pour avoir acc\u00e8s \u00e0 une gamme de v\u00e9hicules qui peuvent ensuite \u00eatre lou\u00e9s par le particulier.<\/p>\n\n\n\n<h2 class=\"wp-block-heading\">La propri\u00e9t\u00e9 d'une voiture dans l'avenir vu par les constructeur automobile<\/h2>\n\n\n\n<p>On a compuls\u00e9 le web pour faire une liste des propose de certains des dirigeants de certaines des plus grandes marques du monde pour conna\u00eetre leur point de vue sur l\u2019avenir de la propri\u00e9t\u00e9 automobile. Voici ce qu\u2019ils avaient \u00e0 dire.<\/p>\n\n\n\n<h3 class=\"wp-block-heading\">Dr Dietmar Voggenreiter&nbsp;Chef des ventes et du marketing, Audi<\/h3>\n\n\n<div class=\"wp-block-image\">\n<figure class=\"alignleft\"><a href=\"http:\/\/www.carideal.com\/blog\/wp-content\/uploads\/2018\/11\/dietmar-voggenreiter-e1543307413232.jpg\"><img loading=\"lazy\" decoding=\"async\" width=\"300\" height=\"300\" src=\"http:\/\/www.carideal.com\/blog\/wp-content\/uploads\/2018\/11\/dietmar-voggenreiter-300x300.jpg\" alt=\"Ce que dit Dr Dietmar Voggenreiter sur la propri\u00e9t\u00e9 automobile\" class=\"wp-image-18083\"\/><\/a><figcaption class=\"wp-element-caption\">Ce que dit Dr Dietmar Voggenreiter sur la propri\u00e9t\u00e9 automobile<\/figcaption><\/figure><\/div>\n\n\n<p>\u00abTout d\u2019abord, \u00e0 l\u2019avenir, nous verrons une plus grande segmentation du march\u00e9. Il y a une part \u00e9norme de voitures en propri\u00e9t\u00e9, en particulier dans le segment du luxe haut de gamme ; g\u00e9n\u00e9ralement, ces clients n'aiment pas partager leur voiture. Voici les commentaires clairs du march\u00e9: le partage n\u2019est pas un sujet int\u00e9ressant pour les clients haut de gamme.<\/p>\n\n\n\n<p>\u00abEnsuite, ce sont les clients qui vivent dans de grandes villes o\u00f9 le parking est peut-\u00eatre trop cher, ou ils aimeraient une voiture \u00e0 utiliser uniquement le week-end, car ils travaillent tr\u00e8s pr\u00e8s de chez eux, par exemple. Ce sont de nouveaux segments; Aujourd\u2019hui, ils n\u2019ach\u00e8tent g\u00e9n\u00e9ralement pas une Audi parce qu\u2019ils se disent: \u00abPourquoi devrais-je acheter une voiture aussi ch\u00e8re que de l\u2019utiliser parfois le week-end ?\u00bb. Mais \u00e0 l'avenir, nous aurons acc\u00e8s \u00e0 ces clients et \u00e0 des activit\u00e9s suppl\u00e9mentaires. \"<\/p>\n\n\n\n<hr class=\"wp-block-separator has-alpha-channel-opacity\"\/>\n\n\n\n<h3 class=\"wp-block-heading\">Dr J\u00fcrgen Stackmann&nbsp;Chef des ventes et du marketing, Volkswagen<\/h3>\n\n\n<div class=\"wp-block-image\">\n<figure class=\"alignright\"><a href=\"http:\/\/www.carideal.com\/blog\/wp-content\/uploads\/2018\/11\/jurgen-stackmann.jpg\"><img loading=\"lazy\" decoding=\"async\" width=\"300\" height=\"300\" src=\"http:\/\/www.carideal.com\/blog\/wp-content\/uploads\/2018\/11\/jurgen-stackmann-300x300.jpg\" alt=\"Ce que dit Dr J\u00fcrgen Stackmann\u00a0Chef des ventes et du marketing, Volkswagen sur la propri\u00e9t\u00e9 automobile dans le futur\" class=\"wp-image-18084\" srcset=\"https:\/\/www.carideal.com\/blog\/wp-content\/uploads\/2018\/11\/jurgen-stackmann-300x300.jpg 300w, https:\/\/www.carideal.com\/blog\/wp-content\/uploads\/2018\/11\/jurgen-stackmann-150x150.jpg 150w, https:\/\/www.carideal.com\/blog\/wp-content\/uploads\/2018\/11\/jurgen-stackmann-250x250.jpg 250w, https:\/\/www.carideal.com\/blog\/wp-content\/uploads\/2018\/11\/jurgen-stackmann-125x125.jpg 125w, https:\/\/www.carideal.com\/blog\/wp-content\/uploads\/2018\/11\/jurgen-stackmann-64x64.jpg 64w, https:\/\/www.carideal.com\/blog\/wp-content\/uploads\/2018\/11\/jurgen-stackmann-50x50.jpg 50w, https:\/\/www.carideal.com\/blog\/wp-content\/uploads\/2018\/11\/jurgen-stackmann-110x110.jpg 110w, https:\/\/www.carideal.com\/blog\/wp-content\/uploads\/2018\/11\/jurgen-stackmann.jpg 400w\" sizes=\"(max-width: 300px) 100vw, 300px\" \/><\/a><figcaption class=\"wp-element-caption\">Ce que dit Dr J\u00fcrgen Stackmann&nbsp;Chef des ventes et du marketing, Volkswagen sur la propri\u00e9t\u00e9 automobile dans le futur<\/figcaption><\/figure><\/div>\n\n\n<p>\u00abNous travaillons dur pour d\u00e9velopper le futur mod\u00e8le de vente de notre marque et, bien s\u00fbr, prendre en compte les m\u00e9gatendances de la mobilit\u00e9.<\/p>\n\n\n\n<p>\u00abL'avenir de la propri\u00e9t\u00e9 automobile sera beaucoup plus personnalis\u00e9 qu'aujourd'hui. Avec notre gamme de voitures \u00e9lectriques nous voulons donner aux clients beaucoup plus de choix de mobilit\u00e9. Mais de nombreux clients souhaitent toujours avoir le sentiment de \u00abposs\u00e9der\u00bb leur voiture. Ce sera donc un m\u00e9lange de mod\u00e8les de propri\u00e9t\u00e9 de v\u00e9hicule, en fonction du style de vie et des besoins du client.<\/p>\n\n\n\n<p>\u00abDe plus, les mod\u00e8les de paiement \u00e0 l'utilisation et d'autopartage gagneront en popularit\u00e9, car nos voitures seront \u00e9quip\u00e9es de la conduite autonome de niveau 5 et d'autres caract\u00e9ristiques \u00e0 partir de 2025. Cela offrira de nombreuses options dans le futur pour \"poss\u00e9der\" une voiture. Mais je pense qu\u2019\u00e0 l\u2019avenir, la plupart des clients voudront toujours \u201cposs\u00e9der\u201d leurs voitures priv\u00e9es. \u201d<\/p>\n\n\n\n<hr class=\"wp-block-separator has-alpha-channel-opacity\"\/>\n\n\n\n<h3 class=\"wp-block-heading\">Jeremy Hicks&nbsp;Directeur g\u00e9n\u00e9ral britannique, JLR<\/h3>\n\n\n<div class=\"wp-block-image\">\n<figure class=\"alignleft\"><a href=\"http:\/\/www.carideal.com\/blog\/wp-content\/uploads\/2018\/11\/rawdon-glover.jpg\"><img loading=\"lazy\" decoding=\"async\" width=\"268\" height=\"179\" src=\"http:\/\/www.carideal.com\/blog\/wp-content\/uploads\/2018\/11\/rawdon-glover.jpg\" alt=\"Ce qu'a \u00e0 dire Jeremy Hicks\u00a0Directeur g\u00e9n\u00e9ral britannique, JLR sur la mobilit\u00e9 du futur\" class=\"wp-image-18085\" srcset=\"https:\/\/www.carideal.com\/blog\/wp-content\/uploads\/2018\/11\/rawdon-glover.jpg 268w, https:\/\/www.carideal.com\/blog\/wp-content\/uploads\/2018\/11\/rawdon-glover-50x33.jpg 50w, https:\/\/www.carideal.com\/blog\/wp-content\/uploads\/2018\/11\/rawdon-glover-110x73.jpg 110w\" sizes=\"(max-width: 268px) 100vw, 268px\" \/><\/a><figcaption class=\"wp-element-caption\">Ce qu'a \u00e0 dire Jeremy Hicks&nbsp;Directeur g\u00e9n\u00e9ral britannique, JLR sur la mobilit\u00e9 du futur<\/figcaption><\/figure><\/div>\n\n\n<p>\u00abJe ne pense pas qu\u2019un mod\u00e8le de paiement par r\u00e9partition remplacera compl\u00e8tement le syst\u00e8me actuel. Cela peut sembler une analogie \u00e9trange, mais regardez Boris Bikes; C\u2019est un mod\u00e8le simple de \u00abpaiement par r\u00e9partition\u00bb, mais je ne soup\u00e7onne pas qu\u2019il a consid\u00e9rablement r\u00e9duit le nombre de propri\u00e9taires de v\u00e9los dans les environs de Londres.<\/p>\n\n\n\n<p>\u00abCe qu'il a fait est simplement d'introduire la commodit\u00e9 pour r\u00e9soudre les points noirs dans les d\u00e9placements. C\u2019est l\u00e0 que je vois un syst\u00e8me de paiement par r\u00e9partition qui fonctionne.<\/p>\n\n\n\n<p>\u00abLe probl\u00e8me sur le march\u00e9 des primium est de savoir si la voiture est sale, si elle est endommag\u00e9e, qu\u2019en est-il du ravitaillement en raburant ? Il y a beaucoup de questions \u00e0 r\u00e9soudre, mais aucune n'est insurmontable. Je peux vraiment&nbsp;voir un r\u00f4le pour une voiture \"par r\u00e9partition\", mais je pense que cela fonctionnera mieux dans le secteur plus fonctionnel du march\u00e9. \"<\/p>\n\n\n\n<hr class=\"wp-block-separator has-alpha-channel-opacity\"\/>\n\n\n\n<h3 class=\"wp-block-heading\">Richard Balch&nbsp;Smart Mobility Europe, Ford<\/h3>\n\n\n<div class=\"wp-block-image\">\n<figure class=\"alignright\"><a href=\"http:\/\/www.carideal.com\/blog\/wp-content\/uploads\/2018\/11\/richard-balch-e1543309914404.jpe\"><img loading=\"lazy\" decoding=\"async\" width=\"300\" height=\"300\" src=\"http:\/\/www.carideal.com\/blog\/wp-content\/uploads\/2018\/11\/richard-balch-e1543309914404.jpe\" alt=\"Ce que dit Richard Balch\u00a0Smart Mobility Europe, Ford sur la possession automobile \u00e0 l'avenir\" class=\"wp-image-18087\"\/><\/a><figcaption class=\"wp-element-caption\">Ce que dit Richard Balch&nbsp;Smart Mobility Europe, Ford sur la possession automobile \u00e0 l'avenir<\/figcaption><\/figure><\/div>\n\n\n<p>\u00abJe dois dire que toutes les choses suivantes sont bonnes : la premi\u00e8re est que vous l'utilisez comme un taxi, alors vous ne la poss\u00e9dez pas du tout, vous la prenez au passage.<\/p>\n\n\n\n<p>\"Le mod\u00e8le de\" Je le veux quand j'en ai besoin, mais je ne veux pas payer pour \u00e7a quand je ne m'en sers pas \"est tr\u00e8s attrayant.<\/p>\n\n\n\n<p>\u00abLe second serait potentiellement un syst\u00e8me de location ou de propri\u00e9t\u00e9 partag\u00e9e, dans lequel une communaut\u00e9 poss\u00e8de un ensemble de v\u00e9hicules qu\u2019elle partage.<\/p>\n\n\n\n<p>\u00abBien s\u00fbr, un particulier ou une entreprise peut choisir de poss\u00e9der un v\u00e9hicule, mais je pense que les v\u00e9hicules autonomes ouvrent la possibilit\u00e9 que, contrairement \u00e0 une voiture qui passe souvent l'essentiel de sa vie \u00e0 l'arr\u00eat, vous pouvez rentabiliser votre bien pendant que vous \u00eates au travail. Donc, je pense que cela permet davantage le partage multi-utilisateurs. \u201d<\/p>\n\n\n\n<hr class=\"wp-block-separator has-alpha-channel-opacity\"\/>\n\n\n\n<h3 class=\"wp-block-heading\">Michael Cole Directeur des op\u00e9rations Europe, Kia<\/h3>\n\n\n<div class=\"wp-block-image\">\n<figure class=\"alignleft\"><a href=\"http:\/\/www.carideal.com\/blog\/wp-content\/uploads\/2018\/11\/michael-cole.jpg\"><img loading=\"lazy\" decoding=\"async\" width=\"283\" height=\"416\" src=\"http:\/\/www.carideal.com\/blog\/wp-content\/uploads\/2018\/11\/michael-cole.jpg\" alt=\"Ce que dit Michael Cole Directeur des op\u00e9rations Europe, Kia sur le futur de la propri\u00e9t\u00e9 automobile\" class=\"wp-image-18088\" srcset=\"https:\/\/www.carideal.com\/blog\/wp-content\/uploads\/2018\/11\/michael-cole.jpg 283w, https:\/\/www.carideal.com\/blog\/wp-content\/uploads\/2018\/11\/michael-cole-204x300.jpg 204w, https:\/\/www.carideal.com\/blog\/wp-content\/uploads\/2018\/11\/michael-cole-34x50.jpg 34w, https:\/\/www.carideal.com\/blog\/wp-content\/uploads\/2018\/11\/michael-cole-75x110.jpg 75w\" sizes=\"(max-width: 283px) 100vw, 283px\" \/><\/a><figcaption class=\"wp-element-caption\">Ce que dit Michael Cole Directeur des op\u00e9rations Europe, Kia sur le futur de la propri\u00e9t\u00e9 automobile<\/figcaption><\/figure><\/div>\n\n\n<p>\u00abCe que j\u2019ai dit de notre point de vue, c\u2019est que nous pensons qu\u2019il ya encore beaucoup de possibilit\u00e9s dans l\u2019utilisation conventionnelle de la voiture aujourd\u2019hui - les gens veulent toujours cette libert\u00e9. Il existe encore d\u2019\u00e9normes opportunit\u00e9s dans cette partie du march\u00e9, nous voyons le mod\u00e8le automobile traditionnel se poursuivre; nous sommes 100% engag\u00e9s dans la structure actuelle.<\/p>\n\n\n\n<p>\u00abMais nous devons bien s\u00fbr continuer \u00e0 surveiller ce qui se passe dans les zones m\u00e9tropolitaines et urbaines, o\u00f9 il est en particulier n\u00e9cessaire que les jeunes aient un usage occasionnel plut\u00f4t qu\u2019un engagement en faveur d\u2019un mod\u00e8le de propri\u00e9t\u00e9 \u00e0 100%.<\/p>\n\n\n\n<p>\u00abMais cela ne repr\u00e9sente toujours qu'une petite partie de l'entreprise. Nous sommes toujours tr\u00e8s concentr\u00e9s sur le c\u0153ur de m\u00e9tier d\u2019aujourd\u2019hui. \"<\/p>\n\n\n\n<hr class=\"wp-block-separator has-alpha-channel-opacity\"\/>\n\n\n\n<p>Que pensez-vous de l'avenir de la possession d'une voiture ? Faites-nous savoir dans la zone des commentaires ci-dessous\u2026<\/p>\n","protected":false},"excerpt":{"rendered":"<p>\u00c0 quoi ressemblera la propri\u00e9t\u00e9 d&rsquo;une voiture \u00e0 l&rsquo;avenir ? Les constructeurs automobile sont confront\u00e9s \u00e0 une r\u00e9volution dans la fa\u00e7on dont les gens poss\u00e8dent et utilisent des voitures. Comment ces constructeurs envisagent-ils cet avenir de l&rsquo;utilisation de leurs v\u00e9hicules. La fa\u00e7on dont les consommateurs poss\u00e8dent et utilisent leurs v\u00e9hicules est sur le point de &#8230; <a title=\"\u00c0 quoi ressemblera la propri\u00e9t\u00e9 d&rsquo;une voiture dans le futur ?\" class=\"read-more\" href=\"https:\/\/www.carideal.com\/blog\/2018\/11\/27\/a-quoi-ressemblera-la-propriete-dune-voiture-dans-le-futur\/\" aria-label=\"En savoir plus sur \u00c0 quoi ressemblera la propri\u00e9t\u00e9 d&rsquo;une voiture dans le futur ?\">Lire plus<\/a><\/p>\n","protected":false},"author":3,"featured_media":18082,"comment_status":"open","ping_status":"open","sticky":false,"template":"","format":"standard","meta":{"_uag_custom_page_level_css":"","_themeisle_gutenberg_block_has_review":false,"footnotes":""},"categories":[21,10],"tags":[],"class_list":["post-18081","post","type-post","status-publish","format-standard","has-post-thumbnail","hentry","category-actualites-auto","category-marche-automobile-voiture-neuve-occasion-4x4-suv"],"wppr_data":{"cwp_meta_box_check":"No"},"yoast_head":"<!-- This site is optimized with the Yoast SEO plugin v24.8.1 - https:\/\/yoast.com\/wordpress\/plugins\/seo\/ -->\n<title>\u00c0 quoi ressemblera la propri\u00e9t\u00e9 d&#039;une voiture dans le futur ? - Blog auto Carid\u00e9al<\/title>\n<meta name=\"description\" content=\"Les constructeurs automobiles sont confront\u00e9s \u00e0 une r\u00e9volution dans la fa\u00e7on dont les gens poss\u00e8dent et utilisent des voitures. Qu&#039;en pensent les dirigeants des constructeurs automobiles sur le futur le la propri\u00e9t\u00e9 automobile ?\" \/>\n<meta name=\"robots\" content=\"index, follow, max-snippet:-1, max-image-preview:large, max-video-preview:-1\" \/>\n<link rel=\"canonical\" href=\"https:\/\/www.carideal.com\/blog\/2018\/11\/27\/a-quoi-ressemblera-la-propriete-dune-voiture-dans-le-futur\/\" \/>\n<meta property=\"og:locale\" content=\"fr_FR\" \/>\n<meta property=\"og:type\" content=\"article\" \/>\n<meta property=\"og:title\" content=\"\u00c0 quoi ressemblera la propri\u00e9t\u00e9 d&#039;une voiture dans le futur ? - Blog auto Carid\u00e9al\" \/>\n<meta property=\"og:description\" content=\"Les constructeurs automobiles sont confront\u00e9s \u00e0 une r\u00e9volution dans la fa\u00e7on dont les gens poss\u00e8dent et utilisent des voitures. Qu&#039;en pensent les dirigeants des constructeurs automobiles sur le futur le la propri\u00e9t\u00e9 automobile ?\" \/>\n<meta property=\"og:url\" content=\"https:\/\/www.carideal.com\/blog\/2018\/11\/27\/a-quoi-ressemblera-la-propriete-dune-voiture-dans-le-futur\/\" \/>\n<meta property=\"og:site_name\" content=\"Blog auto Carid\u00e9al\" \/>\n<meta property=\"article:publisher\" content=\"https:\/\/www.facebook.com\/Carideal.mandataire.automobile\" \/>\n<meta property=\"article:author\" content=\"https:\/\/www.facebook.com\/nicolas.schiavon.39\" \/>\n<meta property=\"article:published_time\" content=\"2018-11-27T09:29:02+00:00\" \/>\n<meta property=\"article:modified_time\" content=\"2024-01-20T19:22:06+00:00\" \/>\n<meta property=\"og:image\" content=\"https:\/\/www.carideal.com\/blog\/wp-content\/uploads\/2018\/11\/acheter-voiture-e1543302025940.jpg\" \/>\n\t<meta property=\"og:image:width\" content=\"800\" \/>\n\t<meta property=\"og:image:height\" content=\"450\" \/>\n\t<meta property=\"og:image:type\" content=\"image\/jpeg\" \/>\n<meta name=\"author\" content=\"Nicolas SCHIAVON\" \/>\n<meta name=\"twitter:card\" content=\"summary_large_image\" \/>\n<meta name=\"twitter:creator\" content=\"@caridealauto\" \/>\n<meta name=\"twitter:site\" content=\"@caridealauto\" \/>\n<meta name=\"twitter:label1\" content=\"\u00c9crit par\" \/>\n\t<meta name=\"twitter:data1\" content=\"Nicolas SCHIAVON\" \/>\n\t<meta name=\"twitter:label2\" content=\"Dur\u00e9e de lecture estim\u00e9e\" \/>\n\t<meta name=\"twitter:data2\" content=\"8 minutes\" \/>\n<script type=\"application\/ld+json\" class=\"yoast-schema-graph\">{\"@context\":\"https:\/\/schema.org\",\"@graph\":[{\"@type\":\"Article\",\"@id\":\"https:\/\/www.carideal.com\/blog\/2018\/11\/27\/a-quoi-ressemblera-la-propriete-dune-voiture-dans-le-futur\/#article\",\"isPartOf\":{\"@id\":\"https:\/\/www.carideal.com\/blog\/2018\/11\/27\/a-quoi-ressemblera-la-propriete-dune-voiture-dans-le-futur\/\"},\"author\":{\"name\":\"Nicolas SCHIAVON\",\"@id\":\"https:\/\/www.carideal.com\/blog\/#\/schema\/person\/cd95dc7919660de90d31b366f85be1ec\"},\"headline\":\"\u00c0 quoi ressemblera la propri\u00e9t\u00e9 d&rsquo;une voiture dans le futur ?\",\"datePublished\":\"2018-11-27T09:29:02+00:00\",\"dateModified\":\"2024-01-20T19:22:06+00:00\",\"mainEntityOfPage\":{\"@id\":\"https:\/\/www.carideal.com\/blog\/2018\/11\/27\/a-quoi-ressemblera-la-propriete-dune-voiture-dans-le-futur\/\"},\"wordCount\":1484,\"commentCount\":0,\"publisher\":{\"@id\":\"https:\/\/www.carideal.com\/blog\/#organization\"},\"image\":{\"@id\":\"https:\/\/www.carideal.com\/blog\/2018\/11\/27\/a-quoi-ressemblera-la-propriete-dune-voiture-dans-le-futur\/#primaryimage\"},\"thumbnailUrl\":\"https:\/\/www.carideal.com\/blog\/wp-content\/uploads\/2018\/11\/acheter-voiture-e1543302025940.jpg\",\"articleSection\":[\"Actualit\u00e9 automobile\",\"March\u00e9 automobile\"],\"inLanguage\":\"fr-FR\",\"potentialAction\":[{\"@type\":\"CommentAction\",\"name\":\"Comment\",\"target\":[\"https:\/\/www.carideal.com\/blog\/2018\/11\/27\/a-quoi-ressemblera-la-propriete-dune-voiture-dans-le-futur\/#respond\"]}]},{\"@type\":\"WebPage\",\"@id\":\"https:\/\/www.carideal.com\/blog\/2018\/11\/27\/a-quoi-ressemblera-la-propriete-dune-voiture-dans-le-futur\/\",\"url\":\"https:\/\/www.carideal.com\/blog\/2018\/11\/27\/a-quoi-ressemblera-la-propriete-dune-voiture-dans-le-futur\/\",\"name\":\"\u00c0 quoi ressemblera la propri\u00e9t\u00e9 d'une voiture dans le futur ? - Blog auto Carid\u00e9al\",\"isPartOf\":{\"@id\":\"https:\/\/www.carideal.com\/blog\/#website\"},\"primaryImageOfPage\":{\"@id\":\"https:\/\/www.carideal.com\/blog\/2018\/11\/27\/a-quoi-ressemblera-la-propriete-dune-voiture-dans-le-futur\/#primaryimage\"},\"image\":{\"@id\":\"https:\/\/www.carideal.com\/blog\/2018\/11\/27\/a-quoi-ressemblera-la-propriete-dune-voiture-dans-le-futur\/#primaryimage\"},\"thumbnailUrl\":\"https:\/\/www.carideal.com\/blog\/wp-content\/uploads\/2018\/11\/acheter-voiture-e1543302025940.jpg\",\"datePublished\":\"2018-11-27T09:29:02+00:00\",\"dateModified\":\"2024-01-20T19:22:06+00:00\",\"description\":\"Les constructeurs automobiles sont confront\u00e9s \u00e0 une r\u00e9volution dans la fa\u00e7on dont les gens poss\u00e8dent et utilisent des voitures. Qu'en pensent les dirigeants des constructeurs automobiles sur le futur le la propri\u00e9t\u00e9 automobile ?\",\"breadcrumb\":{\"@id\":\"https:\/\/www.carideal.com\/blog\/2018\/11\/27\/a-quoi-ressemblera-la-propriete-dune-voiture-dans-le-futur\/#breadcrumb\"},\"inLanguage\":\"fr-FR\",\"potentialAction\":[{\"@type\":\"ReadAction\",\"target\":[\"https:\/\/www.carideal.com\/blog\/2018\/11\/27\/a-quoi-ressemblera-la-propriete-dune-voiture-dans-le-futur\/\"]}]},{\"@type\":\"ImageObject\",\"inLanguage\":\"fr-FR\",\"@id\":\"https:\/\/www.carideal.com\/blog\/2018\/11\/27\/a-quoi-ressemblera-la-propriete-dune-voiture-dans-le-futur\/#primaryimage\",\"url\":\"https:\/\/www.carideal.com\/blog\/wp-content\/uploads\/2018\/11\/acheter-voiture-e1543302025940.jpg\",\"contentUrl\":\"https:\/\/www.carideal.com\/blog\/wp-content\/uploads\/2018\/11\/acheter-voiture-e1543302025940.jpg\",\"width\":800,\"height\":450,\"caption\":\"A quoi ressemblera la propri\u00e9te d'une voiture dans le futur ?\"},{\"@type\":\"BreadcrumbList\",\"@id\":\"https:\/\/www.carideal.com\/blog\/2018\/11\/27\/a-quoi-ressemblera-la-propriete-dune-voiture-dans-le-futur\/#breadcrumb\",\"itemListElement\":[{\"@type\":\"ListItem\",\"position\":1,\"name\":\"Blog Carid\u00e9al\",\"item\":\"https:\/\/www.carideal.com\/blog\/\"},{\"@type\":\"ListItem\",\"position\":2,\"name\":\"March\u00e9 automobile\",\"item\":\"https:\/\/www.carideal.com\/blog\/marche-automobile-voiture-neuve-occasion-4x4-suv\/\"},{\"@type\":\"ListItem\",\"position\":3,\"name\":\"\u00c0 quoi ressemblera la propri\u00e9t\u00e9 d&rsquo;une voiture dans le futur ?\"}]},{\"@type\":\"WebSite\",\"@id\":\"https:\/\/www.carideal.com\/blog\/#website\",\"url\":\"https:\/\/www.carideal.com\/blog\/\",\"name\":\"Blog auto Carid\u00e9al\",\"description\":\"Actualit\u00e9 auto par des passionn\u00e9s\",\"publisher\":{\"@id\":\"https:\/\/www.carideal.com\/blog\/#organization\"},\"potentialAction\":[{\"@type\":\"SearchAction\",\"target\":{\"@type\":\"EntryPoint\",\"urlTemplate\":\"https:\/\/www.carideal.com\/blog\/?s={search_term_string}\"},\"query-input\":{\"@type\":\"PropertyValueSpecification\",\"valueRequired\":true,\"valueName\":\"search_term_string\"}}],\"inLanguage\":\"fr-FR\"},{\"@type\":\"Organization\",\"@id\":\"https:\/\/www.carideal.com\/blog\/#organization\",\"name\":\"Carideal\",\"url\":\"https:\/\/www.carideal.com\/blog\/\",\"logo\":{\"@type\":\"ImageObject\",\"inLanguage\":\"fr-FR\",\"@id\":\"https:\/\/www.carideal.com\/blog\/#\/schema\/logo\/image\/\",\"url\":\"http:\/\/www.carideal.com\/blog\/wp-content\/uploads\/2016\/03\/logo-carideal-mandataire-automobile.png\",\"contentUrl\":\"http:\/\/www.carideal.com\/blog\/wp-content\/uploads\/2016\/03\/logo-carideal-mandataire-automobile.png\",\"width\":300,\"height\":300,\"caption\":\"Carideal\"},\"image\":{\"@id\":\"https:\/\/www.carideal.com\/blog\/#\/schema\/logo\/image\/\"},\"sameAs\":[\"https:\/\/www.facebook.com\/Carideal.mandataire.automobile\",\"https:\/\/x.com\/caridealauto\",\"https:\/\/www.instagram.com\/carideal1\/\",\"https:\/\/www.linkedin.com\/company\/carideal.com\",\"https:\/\/fr.pinterest.com\/schiavonsas\/\",\"https:\/\/www.youtube.com\/user\/caridealsas\"]},{\"@type\":\"Person\",\"@id\":\"https:\/\/www.carideal.com\/blog\/#\/schema\/person\/cd95dc7919660de90d31b366f85be1ec\",\"name\":\"Nicolas SCHIAVON\",\"image\":{\"@type\":\"ImageObject\",\"inLanguage\":\"fr-FR\",\"@id\":\"https:\/\/www.carideal.com\/blog\/#\/schema\/person\/image\/\",\"url\":\"https:\/\/secure.gravatar.com\/avatar\/c17e55009e671d92cc7f5dc837dc418a?s=96&r=g\",\"contentUrl\":\"https:\/\/secure.gravatar.com\/avatar\/c17e55009e671d92cc7f5dc837dc418a?s=96&r=g\",\"caption\":\"Nicolas SCHIAVON\"},\"description\":\"Nicolas Schiavon est tomb\u00e9 tout petit dans la marmite automobile. Ayant eu un garage de marque automobile, mandataire automobile de la premi\u00e8re heure d\u00e8s 1999. Nicolas a cr\u00e9\u00e9 ces premiers sites de vente de voiture et blog automobile d\u00e8s 1994. Carideal est n\u00e9 le 15 d\u00e9cembre 2000 de la volont\u00e9 de vendre des voitures d'occasions en ligne puis des voitures neuves. Il a pu essayer beaucoup de voitures tr\u00e8s diff\u00e9rentes et ayant eu personnellement quelques belles autos, Subaru Impreza, Mitsubishi Lancer Evo 7, Porsche 911, Ferrari Testarrossa, Audi RS3, RS4 et j'en passe...\",\"sameAs\":[\"http:\/\/www.carideal.com\",\"https:\/\/www.facebook.com\/nicolas.schiavon.39\",\"https:\/\/www.instagram.com\/carideal1\/\",\"https:\/\/www.linkedin.com\/in\/nschiavon\/\",\"https:\/\/x.com\/caridealauto\",\"https:\/\/www.youtube.com\/user\/caridealsas\/\"],\"url\":\"https:\/\/www.carideal.com\/blog\/author\/nschiavon\/\"}]}<\/script>\n<!-- \/ Yoast SEO plugin. -->","yoast_head_json":{"title":"\u00c0 quoi ressemblera la propri\u00e9t\u00e9 d'une voiture dans le futur ? - Blog auto Carid\u00e9al","description":"Les constructeurs automobiles sont confront\u00e9s \u00e0 une r\u00e9volution dans la fa\u00e7on dont les gens poss\u00e8dent et utilisent des voitures. Qu'en pensent les dirigeants des constructeurs automobiles sur le futur le la propri\u00e9t\u00e9 automobile ?","robots":{"index":"index","follow":"follow","max-snippet":"max-snippet:-1","max-image-preview":"max-image-preview:large","max-video-preview":"max-video-preview:-1"},"canonical":"https:\/\/www.carideal.com\/blog\/2018\/11\/27\/a-quoi-ressemblera-la-propriete-dune-voiture-dans-le-futur\/","og_locale":"fr_FR","og_type":"article","og_title":"\u00c0 quoi ressemblera la propri\u00e9t\u00e9 d'une voiture dans le futur ? - Blog auto Carid\u00e9al","og_description":"Les constructeurs automobiles sont confront\u00e9s \u00e0 une r\u00e9volution dans la fa\u00e7on dont les gens poss\u00e8dent et utilisent des voitures. Qu'en pensent les dirigeants des constructeurs automobiles sur le futur le la propri\u00e9t\u00e9 automobile ?","og_url":"https:\/\/www.carideal.com\/blog\/2018\/11\/27\/a-quoi-ressemblera-la-propriete-dune-voiture-dans-le-futur\/","og_site_name":"Blog auto Carid\u00e9al","article_publisher":"https:\/\/www.facebook.com\/Carideal.mandataire.automobile","article_author":"https:\/\/www.facebook.com\/nicolas.schiavon.39","article_published_time":"2018-11-27T09:29:02+00:00","article_modified_time":"2024-01-20T19:22:06+00:00","og_image":[{"width":800,"height":450,"url":"https:\/\/www.carideal.com\/blog\/wp-content\/uploads\/2018\/11\/acheter-voiture-e1543302025940.jpg","type":"image\/jpeg"}],"author":"Nicolas SCHIAVON","twitter_card":"summary_large_image","twitter_creator":"@caridealauto","twitter_site":"@caridealauto","twitter_misc":{"\u00c9crit par":"Nicolas SCHIAVON","Dur\u00e9e de lecture estim\u00e9e":"8 minutes"},"schema":{"@context":"https:\/\/schema.org","@graph":[{"@type":"Article","@id":"https:\/\/www.carideal.com\/blog\/2018\/11\/27\/a-quoi-ressemblera-la-propriete-dune-voiture-dans-le-futur\/#article","isPartOf":{"@id":"https:\/\/www.carideal.com\/blog\/2018\/11\/27\/a-quoi-ressemblera-la-propriete-dune-voiture-dans-le-futur\/"},"author":{"name":"Nicolas SCHIAVON","@id":"https:\/\/www.carideal.com\/blog\/#\/schema\/person\/cd95dc7919660de90d31b366f85be1ec"},"headline":"\u00c0 quoi ressemblera la propri\u00e9t\u00e9 d&rsquo;une voiture dans le futur ?","datePublished":"2018-11-27T09:29:02+00:00","dateModified":"2024-01-20T19:22:06+00:00","mainEntityOfPage":{"@id":"https:\/\/www.carideal.com\/blog\/2018\/11\/27\/a-quoi-ressemblera-la-propriete-dune-voiture-dans-le-futur\/"},"wordCount":1484,"commentCount":0,"publisher":{"@id":"https:\/\/www.carideal.com\/blog\/#organization"},"image":{"@id":"https:\/\/www.carideal.com\/blog\/2018\/11\/27\/a-quoi-ressemblera-la-propriete-dune-voiture-dans-le-futur\/#primaryimage"},"thumbnailUrl":"https:\/\/www.carideal.com\/blog\/wp-content\/uploads\/2018\/11\/acheter-voiture-e1543302025940.jpg","articleSection":["Actualit\u00e9 automobile","March\u00e9 automobile"],"inLanguage":"fr-FR","potentialAction":[{"@type":"CommentAction","name":"Comment","target":["https:\/\/www.carideal.com\/blog\/2018\/11\/27\/a-quoi-ressemblera-la-propriete-dune-voiture-dans-le-futur\/#respond"]}]},{"@type":"WebPage","@id":"https:\/\/www.carideal.com\/blog\/2018\/11\/27\/a-quoi-ressemblera-la-propriete-dune-voiture-dans-le-futur\/","url":"https:\/\/www.carideal.com\/blog\/2018\/11\/27\/a-quoi-ressemblera-la-propriete-dune-voiture-dans-le-futur\/","name":"\u00c0 quoi ressemblera la propri\u00e9t\u00e9 d'une voiture dans le futur ? - Blog auto Carid\u00e9al","isPartOf":{"@id":"https:\/\/www.carideal.com\/blog\/#website"},"primaryImageOfPage":{"@id":"https:\/\/www.carideal.com\/blog\/2018\/11\/27\/a-quoi-ressemblera-la-propriete-dune-voiture-dans-le-futur\/#primaryimage"},"image":{"@id":"https:\/\/www.carideal.com\/blog\/2018\/11\/27\/a-quoi-ressemblera-la-propriete-dune-voiture-dans-le-futur\/#primaryimage"},"thumbnailUrl":"https:\/\/www.carideal.com\/blog\/wp-content\/uploads\/2018\/11\/acheter-voiture-e1543302025940.jpg","datePublished":"2018-11-27T09:29:02+00:00","dateModified":"2024-01-20T19:22:06+00:00","description":"Les constructeurs automobiles sont confront\u00e9s \u00e0 une r\u00e9volution dans la fa\u00e7on dont les gens poss\u00e8dent et utilisent des voitures. Qu'en pensent les dirigeants des constructeurs automobiles sur le futur le la propri\u00e9t\u00e9 automobile ?","breadcrumb":{"@id":"https:\/\/www.carideal.com\/blog\/2018\/11\/27\/a-quoi-ressemblera-la-propriete-dune-voiture-dans-le-futur\/#breadcrumb"},"inLanguage":"fr-FR","potentialAction":[{"@type":"ReadAction","target":["https:\/\/www.carideal.com\/blog\/2018\/11\/27\/a-quoi-ressemblera-la-propriete-dune-voiture-dans-le-futur\/"]}]},{"@type":"ImageObject","inLanguage":"fr-FR","@id":"https:\/\/www.carideal.com\/blog\/2018\/11\/27\/a-quoi-ressemblera-la-propriete-dune-voiture-dans-le-futur\/#primaryimage","url":"https:\/\/www.carideal.com\/blog\/wp-content\/uploads\/2018\/11\/acheter-voiture-e1543302025940.jpg","contentUrl":"https:\/\/www.carideal.com\/blog\/wp-content\/uploads\/2018\/11\/acheter-voiture-e1543302025940.jpg","width":800,"height":450,"caption":"A quoi ressemblera la propri\u00e9te d'une voiture dans le futur ?"},{"@type":"BreadcrumbList","@id":"https:\/\/www.carideal.com\/blog\/2018\/11\/27\/a-quoi-ressemblera-la-propriete-dune-voiture-dans-le-futur\/#breadcrumb","itemListElement":[{"@type":"ListItem","position":1,"name":"Blog Carid\u00e9al","item":"https:\/\/www.carideal.com\/blog\/"},{"@type":"ListItem","position":2,"name":"March\u00e9 automobile","item":"https:\/\/www.carideal.com\/blog\/marche-automobile-voiture-neuve-occasion-4x4-suv\/"},{"@type":"ListItem","position":3,"name":"\u00c0 quoi ressemblera la propri\u00e9t\u00e9 d&rsquo;une voiture dans le futur ?"}]},{"@type":"WebSite","@id":"https:\/\/www.carideal.com\/blog\/#website","url":"https:\/\/www.carideal.com\/blog\/","name":"Blog auto Carid\u00e9al","description":"Actualit\u00e9 auto par des passionn\u00e9s","publisher":{"@id":"https:\/\/www.carideal.com\/blog\/#organization"},"potentialAction":[{"@type":"SearchAction","target":{"@type":"EntryPoint","urlTemplate":"https:\/\/www.carideal.com\/blog\/?s={search_term_string}"},"query-input":{"@type":"PropertyValueSpecification","valueRequired":true,"valueName":"search_term_string"}}],"inLanguage":"fr-FR"},{"@type":"Organization","@id":"https:\/\/www.carideal.com\/blog\/#organization","name":"Carideal","url":"https:\/\/www.carideal.com\/blog\/","logo":{"@type":"ImageObject","inLanguage":"fr-FR","@id":"https:\/\/www.carideal.com\/blog\/#\/schema\/logo\/image\/","url":"http:\/\/www.carideal.com\/blog\/wp-content\/uploads\/2016\/03\/logo-carideal-mandataire-automobile.png","contentUrl":"http:\/\/www.carideal.com\/blog\/wp-content\/uploads\/2016\/03\/logo-carideal-mandataire-automobile.png","width":300,"height":300,"caption":"Carideal"},"image":{"@id":"https:\/\/www.carideal.com\/blog\/#\/schema\/logo\/image\/"},"sameAs":["https:\/\/www.facebook.com\/Carideal.mandataire.automobile","https:\/\/x.com\/caridealauto","https:\/\/www.instagram.com\/carideal1\/","https:\/\/www.linkedin.com\/company\/carideal.com","https:\/\/fr.pinterest.com\/schiavonsas\/","https:\/\/www.youtube.com\/user\/caridealsas"]},{"@type":"Person","@id":"https:\/\/www.carideal.com\/blog\/#\/schema\/person\/cd95dc7919660de90d31b366f85be1ec","name":"Nicolas SCHIAVON","image":{"@type":"ImageObject","inLanguage":"fr-FR","@id":"https:\/\/www.carideal.com\/blog\/#\/schema\/person\/image\/","url":"https:\/\/secure.gravatar.com\/avatar\/c17e55009e671d92cc7f5dc837dc418a?s=96&r=g","contentUrl":"https:\/\/secure.gravatar.com\/avatar\/c17e55009e671d92cc7f5dc837dc418a?s=96&r=g","caption":"Nicolas SCHIAVON"},"description":"Nicolas Schiavon est tomb\u00e9 tout petit dans la marmite automobile. Ayant eu un garage de marque automobile, mandataire automobile de la premi\u00e8re heure d\u00e8s 1999. Nicolas a cr\u00e9\u00e9 ces premiers sites de vente de voiture et blog automobile d\u00e8s 1994. Carideal est n\u00e9 le 15 d\u00e9cembre 2000 de la volont\u00e9 de vendre des voitures d'occasions en ligne puis des voitures neuves. Il a pu essayer beaucoup de voitures tr\u00e8s diff\u00e9rentes et ayant eu personnellement quelques belles autos, Subaru Impreza, Mitsubishi Lancer Evo 7, Porsche 911, Ferrari Testarrossa, Audi RS3, RS4 et j'en passe...","sameAs":["http:\/\/www.carideal.com","https:\/\/www.facebook.com\/nicolas.schiavon.39","https:\/\/www.instagram.com\/carideal1\/","https:\/\/www.linkedin.com\/in\/nschiavon\/","https:\/\/x.com\/caridealauto","https:\/\/www.youtube.com\/user\/caridealsas\/"],"url":"https:\/\/www.carideal.com\/blog\/author\/nschiavon\/"}]}},"uagb_featured_image_src":{"full":["https:\/\/www.carideal.com\/blog\/wp-content\/uploads\/2018\/11\/acheter-voiture-e1543302025940.jpg",800,450,false],"thumbnail":["https:\/\/www.carideal.com\/blog\/wp-content\/uploads\/2018\/11\/acheter-voiture-150x150.jpg",150,150,true],"medium":["https:\/\/www.carideal.com\/blog\/wp-content\/uploads\/2018\/11\/acheter-voiture-300x169.jpg",300,169,true],"medium_large":["https:\/\/www.carideal.com\/blog\/wp-content\/uploads\/2018\/11\/acheter-voiture-768x432.jpg",768,432,true],"large":["https:\/\/www.carideal.com\/blog\/wp-content\/uploads\/2018\/11\/acheter-voiture-e1543302025940.jpg",800,450,false],"1536x1536":["https:\/\/www.carideal.com\/blog\/wp-content\/uploads\/2018\/11\/acheter-voiture-e1543302025940.jpg",800,450,false],"2048x2048":["https:\/\/www.carideal.com\/blog\/wp-content\/uploads\/2018\/11\/acheter-voiture-e1543302025940.jpg",800,450,false],"wppr-widget":["https:\/\/www.carideal.com\/blog\/wp-content\/uploads\/2018\/11\/acheter-voiture-50x28.jpg",50,28,true]},"uagb_author_info":{"display_name":"Nicolas SCHIAVON","author_link":"https:\/\/www.carideal.com\/blog\/author\/nschiavon\/"},"uagb_comment_info":154,"uagb_excerpt":"\u00c0 quoi ressemblera la propri\u00e9t\u00e9 d'une voiture \u00e0 l'avenir ? Les constructeurs automobile sont confront\u00e9s \u00e0 une r\u00e9volution dans la fa\u00e7on dont les gens poss\u00e8dent et utilisent des voitures. Comment ces constructeurs envisagent-ils cet avenir de l'utilisation de leurs v\u00e9hicules. La fa\u00e7on dont les consommateurs poss\u00e8dent et utilisent leurs v\u00e9hicules est sur le point de\u2026","_links":{"self":[{"href":"https:\/\/www.carideal.com\/blog\/wp-json\/wp\/v2\/posts\/18081"}],"collection":[{"href":"https:\/\/www.carideal.com\/blog\/wp-json\/wp\/v2\/posts"}],"about":[{"href":"https:\/\/www.carideal.com\/blog\/wp-json\/wp\/v2\/types\/post"}],"author":[{"embeddable":true,"href":"https:\/\/www.carideal.com\/blog\/wp-json\/wp\/v2\/users\/3"}],"replies":[{"embeddable":true,"href":"https:\/\/www.carideal.com\/blog\/wp-json\/wp\/v2\/comments?post=18081"}],"version-history":[{"count":0,"href":"https:\/\/www.carideal.com\/blog\/wp-json\/wp\/v2\/posts\/18081\/revisions"}],"wp:featuredmedia":[{"embeddable":true,"href":"https:\/\/www.carideal.com\/blog\/wp-json\/wp\/v2\/media\/18082"}],"wp:attachment":[{"href":"https:\/\/www.carideal.com\/blog\/wp-json\/wp\/v2\/media?parent=18081"}],"wp:term":[{"taxonomy":"category","embeddable":true,"href":"https:\/\/www.carideal.com\/blog\/wp-json\/wp\/v2\/categories?post=18081"},{"taxonomy":"post_tag","embeddable":true,"href":"https:\/\/www.carideal.com\/blog\/wp-json\/wp\/v2\/tags?post=18081"}],"curies":[{"name":"wp","href":"https:\/\/api.w.org\/{rel}","templated":true}]}}