{"id":1795,"date":"2012-09-29T08:11:00","date_gmt":"2012-09-29T08:11:00","guid":{"rendered":"http:\/\/carideal.com\/blog\/?p=1795"},"modified":"2020-03-07T16:55:25","modified_gmt":"2020-03-07T15:55:25","slug":"nouvelle-citroen-ds3-cabriolet-au-salon-de-lauto-paris-2012","status":"publish","type":"post","link":"https:\/\/www.carideal.com\/blog\/2012\/09\/29\/nouvelle-citroen-ds3-cabriolet-au-salon-de-lauto-paris-2012\/","title":{"rendered":"Nouvelle Citroen DS3 Cabriolet au salon de l&rsquo;auto Paris 2012"},"content":{"rendered":"<p><img decoding=\"async\" src=\"\/blog\/public\/.citroen-ds3-cabriolet-carideal-mandataire-automobile-16_m.jpg\" alt=\"citroen-ds3-cabriolet-carideal-mandataire-automobile-16.jpg\" title=\"citroen-ds3-cabriolet-carideal-mandataire-automobile-16.jpg, ao\u00fbt 2012\" \/><\/p>\n<blockquote>\n<p>la nouvelle Citroen DS3 Cabriolet au salon de l'auto Paris 2012<\/p>\n<\/blockquote>\n<p>Lors du Mondial auto, Citro\u00ebn d\u00e9voile une version d\u00e9couvrable de la DS3, qui n'est pas vraiment un cabriolet. Il s'agit plus d'un toit ouvrant, comme sur la Fiat 500, qui est personnalisable.<\/p>\n<p> <iframe loading=\"lazy\" width=\"640\" height=\"360\" src=\"http:\/\/www.youtube.com\/embed\/dRlOLgC8sco\" frameborder=\"0\" allowfullscreen><\/iframe> <\/p>\n<p>\n\/ Achat Citroen DS3 Moins ch\u00e8re avec Carideal Mandataire Automobile<\/p>\n","protected":false},"excerpt":{"rendered":"<p>la nouvelle Citroen DS3 Cabriolet au salon de l&rsquo;auto Paris 2012 Lors du Mondial auto, Citro\u00ebn d\u00e9voile une version d\u00e9couvrable de la DS3, qui n&rsquo;est pas vraiment un cabriolet. Il s&rsquo;agit plus d&rsquo;un toit ouvrant, comme sur la Fiat 500, qui est personnalisable. \/ Achat Citroen DS3 Moins ch\u00e8re avec Carideal Mandataire Automobile<\/p>\n","protected":false},"author":1,"featured_media":0,"comment_status":"open","ping_status":"open","sticky":false,"template":"","format":"standard","meta":{"_uag_custom_page_level_css":"","_themeisle_gutenberg_block_has_review":false,"footnotes":""},"categories":[18],"tags":[],"class_list":["post-1795","post","type-post","status-publish","format-standard","hentry","category-videos"],"wppr_data":[],"yoast_head":"<!-- This site is optimized with the Yoast SEO plugin v24.8.1 - https:\/\/yoast.com\/wordpress\/plugins\/seo\/ -->\n<title>Nouvelle Citroen DS3 Cabriolet au salon de l&#039;auto Paris 2012 - Blog auto Carid\u00e9al<\/title>\n<meta name=\"robots\" content=\"index, follow, max-snippet:-1, max-image-preview:large, max-video-preview:-1\" \/>\n<link rel=\"canonical\" href=\"https:\/\/www.carideal.com\/blog\/2012\/09\/29\/nouvelle-citroen-ds3-cabriolet-au-salon-de-lauto-paris-2012\/\" \/>\n<meta property=\"og:locale\" content=\"fr_FR\" \/>\n<meta property=\"og:type\" content=\"article\" \/>\n<meta property=\"og:title\" content=\"Nouvelle Citroen DS3 Cabriolet au salon de l&#039;auto Paris 2012 - Blog auto Carid\u00e9al\" \/>\n<meta property=\"og:description\" content=\"la nouvelle Citroen DS3 Cabriolet au salon de l&#039;auto Paris 2012 Lors du Mondial auto, Citro\u00ebn d\u00e9voile une version d\u00e9couvrable de la DS3, qui n&#039;est pas vraiment un cabriolet. Il s&#039;agit plus d&#039;un toit ouvrant, comme sur la Fiat 500, qui est personnalisable. \/ Achat Citroen DS3 Moins ch\u00e8re avec Carideal Mandataire Automobile\" \/>\n<meta property=\"og:url\" content=\"https:\/\/www.carideal.com\/blog\/2012\/09\/29\/nouvelle-citroen-ds3-cabriolet-au-salon-de-lauto-paris-2012\/\" \/>\n<meta property=\"og:site_name\" content=\"Blog auto Carid\u00e9al\" \/>\n<meta property=\"article:publisher\" content=\"https:\/\/www.facebook.com\/Carideal.mandataire.automobile\" \/>\n<meta property=\"article:author\" content=\"https:\/\/www.facebook.com\/Carideal.mandataire.automobile\/\" \/>\n<meta property=\"article:published_time\" content=\"2012-09-29T08:11:00+00:00\" \/>\n<meta property=\"article:modified_time\" content=\"2020-03-07T15:55:25+00:00\" \/>\n<meta property=\"og:image\" content=\"https:\/\/www.carideal.com\/blog\/wp-content\/uploads\/2016\/03\/logo-carideal-mandataire-automobile.png\" \/>\n\t<meta property=\"og:image:width\" content=\"300\" \/>\n\t<meta property=\"og:image:height\" content=\"300\" \/>\n\t<meta property=\"og:image:type\" content=\"image\/png\" \/>\n<meta name=\"author\" content=\"N.S Carideal\" \/>\n<meta name=\"twitter:card\" content=\"summary_large_image\" \/>\n<meta name=\"twitter:creator\" content=\"@caridealauto\" \/>\n<meta name=\"twitter:site\" content=\"@caridealauto\" \/>\n<meta name=\"twitter:label1\" content=\"\u00c9crit par\" \/>\n\t<meta name=\"twitter:data1\" content=\"N.S Carideal\" \/>\n<script type=\"application\/ld+json\" class=\"yoast-schema-graph\">{\"@context\":\"https:\/\/schema.org\",\"@graph\":[{\"@type\":\"Article\",\"@id\":\"https:\/\/www.carideal.com\/blog\/2012\/09\/29\/nouvelle-citroen-ds3-cabriolet-au-salon-de-lauto-paris-2012\/#article\",\"isPartOf\":{\"@id\":\"https:\/\/www.carideal.com\/blog\/2012\/09\/29\/nouvelle-citroen-ds3-cabriolet-au-salon-de-lauto-paris-2012\/\"},\"author\":{\"name\":\"N.S Carideal\",\"@id\":\"https:\/\/www.carideal.com\/blog\/#\/schema\/person\/985c7e757d1042d647f21bfaf8d41ebc\"},\"headline\":\"Nouvelle Citroen DS3 Cabriolet au salon de l&rsquo;auto Paris 2012\",\"datePublished\":\"2012-09-29T08:11:00+00:00\",\"dateModified\":\"2020-03-07T15:55:25+00:00\",\"mainEntityOfPage\":{\"@id\":\"https:\/\/www.carideal.com\/blog\/2012\/09\/29\/nouvelle-citroen-ds3-cabriolet-au-salon-de-lauto-paris-2012\/\"},\"wordCount\":63,\"commentCount\":0,\"publisher\":{\"@id\":\"https:\/\/www.carideal.com\/blog\/#organization\"},\"articleSection\":[\"Vid\u00e9o voiture : vid\u00e9o automobile\"],\"inLanguage\":\"fr-FR\",\"potentialAction\":[{\"@type\":\"CommentAction\",\"name\":\"Comment\",\"target\":[\"https:\/\/www.carideal.com\/blog\/2012\/09\/29\/nouvelle-citroen-ds3-cabriolet-au-salon-de-lauto-paris-2012\/#respond\"]}]},{\"@type\":\"WebPage\",\"@id\":\"https:\/\/www.carideal.com\/blog\/2012\/09\/29\/nouvelle-citroen-ds3-cabriolet-au-salon-de-lauto-paris-2012\/\",\"url\":\"https:\/\/www.carideal.com\/blog\/2012\/09\/29\/nouvelle-citroen-ds3-cabriolet-au-salon-de-lauto-paris-2012\/\",\"name\":\"Nouvelle Citroen DS3 Cabriolet au salon de l'auto Paris 2012 - Blog auto Carid\u00e9al\",\"isPartOf\":{\"@id\":\"https:\/\/www.carideal.com\/blog\/#website\"},\"datePublished\":\"2012-09-29T08:11:00+00:00\",\"dateModified\":\"2020-03-07T15:55:25+00:00\",\"breadcrumb\":{\"@id\":\"https:\/\/www.carideal.com\/blog\/2012\/09\/29\/nouvelle-citroen-ds3-cabriolet-au-salon-de-lauto-paris-2012\/#breadcrumb\"},\"inLanguage\":\"fr-FR\",\"potentialAction\":[{\"@type\":\"ReadAction\",\"target\":[\"https:\/\/www.carideal.com\/blog\/2012\/09\/29\/nouvelle-citroen-ds3-cabriolet-au-salon-de-lauto-paris-2012\/\"]}]},{\"@type\":\"BreadcrumbList\",\"@id\":\"https:\/\/www.carideal.com\/blog\/2012\/09\/29\/nouvelle-citroen-ds3-cabriolet-au-salon-de-lauto-paris-2012\/#breadcrumb\",\"itemListElement\":[{\"@type\":\"ListItem\",\"position\":1,\"name\":\"Blog Carid\u00e9al\",\"item\":\"https:\/\/www.carideal.com\/blog\/\"},{\"@type\":\"ListItem\",\"position\":2,\"name\":\"Vid\u00e9o voiture : vid\u00e9o automobile\",\"item\":\"https:\/\/www.carideal.com\/blog\/videos\/\"},{\"@type\":\"ListItem\",\"position\":3,\"name\":\"Nouvelle Citroen DS3 Cabriolet au salon de l&rsquo;auto Paris 2012\"}]},{\"@type\":\"WebSite\",\"@id\":\"https:\/\/www.carideal.com\/blog\/#website\",\"url\":\"https:\/\/www.carideal.com\/blog\/\",\"name\":\"Blog auto Carid\u00e9al\",\"description\":\"Actualit\u00e9 auto par des passionn\u00e9s\",\"publisher\":{\"@id\":\"https:\/\/www.carideal.com\/blog\/#organization\"},\"potentialAction\":[{\"@type\":\"SearchAction\",\"target\":{\"@type\":\"EntryPoint\",\"urlTemplate\":\"https:\/\/www.carideal.com\/blog\/?s={search_term_string}\"},\"query-input\":{\"@type\":\"PropertyValueSpecification\",\"valueRequired\":true,\"valueName\":\"search_term_string\"}}],\"inLanguage\":\"fr-FR\"},{\"@type\":\"Organization\",\"@id\":\"https:\/\/www.carideal.com\/blog\/#organization\",\"name\":\"Carideal\",\"url\":\"https:\/\/www.carideal.com\/blog\/\",\"logo\":{\"@type\":\"ImageObject\",\"inLanguage\":\"fr-FR\",\"@id\":\"https:\/\/www.carideal.com\/blog\/#\/schema\/logo\/image\/\",\"url\":\"http:\/\/www.carideal.com\/blog\/wp-content\/uploads\/2016\/03\/logo-carideal-mandataire-automobile.png\",\"contentUrl\":\"http:\/\/www.carideal.com\/blog\/wp-content\/uploads\/2016\/03\/logo-carideal-mandataire-automobile.png\",\"width\":300,\"height\":300,\"caption\":\"Carideal\"},\"image\":{\"@id\":\"https:\/\/www.carideal.com\/blog\/#\/schema\/logo\/image\/\"},\"sameAs\":[\"https:\/\/www.facebook.com\/Carideal.mandataire.automobile\",\"https:\/\/x.com\/caridealauto\",\"https:\/\/www.instagram.com\/carideal1\/\",\"https:\/\/www.linkedin.com\/company\/carideal.com\",\"https:\/\/fr.pinterest.com\/schiavonsas\/\",\"https:\/\/www.youtube.com\/user\/caridealsas\"]},{\"@type\":\"Person\",\"@id\":\"https:\/\/www.carideal.com\/blog\/#\/schema\/person\/985c7e757d1042d647f21bfaf8d41ebc\",\"name\":\"N.S Carideal\",\"image\":{\"@type\":\"ImageObject\",\"inLanguage\":\"fr-FR\",\"@id\":\"https:\/\/www.carideal.com\/blog\/#\/schema\/person\/image\/\",\"url\":\"https:\/\/secure.gravatar.com\/avatar\/edb7ccdf1a4e3d14aef967760d354d0e?s=96&r=g\",\"contentUrl\":\"https:\/\/secure.gravatar.com\/avatar\/edb7ccdf1a4e3d14aef967760d354d0e?s=96&r=g\",\"caption\":\"N.S Carideal\"},\"description\":\"Depuis tout petit fan d'automobile. Il est question d'essayer et de comparer toutes ces voitures qui nous ont fait r\u00e9ver, avant que celles-ci ne devient uniquement des voitures de collection.\",\"sameAs\":[\"http:\/\/www.carideal.com\/blog\",\"https:\/\/www.facebook.com\/Carideal.mandataire.automobile\/\",\"https:\/\/www.linkedin.com\/in\/nschiavon\/\",\"https:\/\/www.youtube.com\/user\/caridealsas\/\"],\"url\":\"https:\/\/www.carideal.com\/blog\/author\/admin_carideal\/\"}]}<\/script>\n<!-- \/ Yoast SEO plugin. -->","yoast_head_json":{"title":"Nouvelle Citroen DS3 Cabriolet au salon de l'auto Paris 2012 - Blog auto Carid\u00e9al","robots":{"index":"index","follow":"follow","max-snippet":"max-snippet:-1","max-image-preview":"max-image-preview:large","max-video-preview":"max-video-preview:-1"},"canonical":"https:\/\/www.carideal.com\/blog\/2012\/09\/29\/nouvelle-citroen-ds3-cabriolet-au-salon-de-lauto-paris-2012\/","og_locale":"fr_FR","og_type":"article","og_title":"Nouvelle Citroen DS3 Cabriolet au salon de l'auto Paris 2012 - Blog auto Carid\u00e9al","og_description":"la nouvelle Citroen DS3 Cabriolet au salon de l'auto Paris 2012 Lors du Mondial auto, Citro\u00ebn d\u00e9voile une version d\u00e9couvrable de la DS3, qui n'est pas vraiment un cabriolet. Il s'agit plus d'un toit ouvrant, comme sur la Fiat 500, qui est personnalisable. \/ Achat Citroen DS3 Moins ch\u00e8re avec Carideal Mandataire Automobile","og_url":"https:\/\/www.carideal.com\/blog\/2012\/09\/29\/nouvelle-citroen-ds3-cabriolet-au-salon-de-lauto-paris-2012\/","og_site_name":"Blog auto Carid\u00e9al","article_publisher":"https:\/\/www.facebook.com\/Carideal.mandataire.automobile","article_author":"https:\/\/www.facebook.com\/Carideal.mandataire.automobile\/","article_published_time":"2012-09-29T08:11:00+00:00","article_modified_time":"2020-03-07T15:55:25+00:00","og_image":[{"width":300,"height":300,"url":"https:\/\/www.carideal.com\/blog\/wp-content\/uploads\/2016\/03\/logo-carideal-mandataire-automobile.png","type":"image\/png"}],"author":"N.S Carideal","twitter_card":"summary_large_image","twitter_creator":"@caridealauto","twitter_site":"@caridealauto","twitter_misc":{"\u00c9crit par":"N.S Carideal"},"schema":{"@context":"https:\/\/schema.org","@graph":[{"@type":"Article","@id":"https:\/\/www.carideal.com\/blog\/2012\/09\/29\/nouvelle-citroen-ds3-cabriolet-au-salon-de-lauto-paris-2012\/#article","isPartOf":{"@id":"https:\/\/www.carideal.com\/blog\/2012\/09\/29\/nouvelle-citroen-ds3-cabriolet-au-salon-de-lauto-paris-2012\/"},"author":{"name":"N.S Carideal","@id":"https:\/\/www.carideal.com\/blog\/#\/schema\/person\/985c7e757d1042d647f21bfaf8d41ebc"},"headline":"Nouvelle Citroen DS3 Cabriolet au salon de l&rsquo;auto Paris 2012","datePublished":"2012-09-29T08:11:00+00:00","dateModified":"2020-03-07T15:55:25+00:00","mainEntityOfPage":{"@id":"https:\/\/www.carideal.com\/blog\/2012\/09\/29\/nouvelle-citroen-ds3-cabriolet-au-salon-de-lauto-paris-2012\/"},"wordCount":63,"commentCount":0,"publisher":{"@id":"https:\/\/www.carideal.com\/blog\/#organization"},"articleSection":["Vid\u00e9o voiture : vid\u00e9o automobile"],"inLanguage":"fr-FR","potentialAction":[{"@type":"CommentAction","name":"Comment","target":["https:\/\/www.carideal.com\/blog\/2012\/09\/29\/nouvelle-citroen-ds3-cabriolet-au-salon-de-lauto-paris-2012\/#respond"]}]},{"@type":"WebPage","@id":"https:\/\/www.carideal.com\/blog\/2012\/09\/29\/nouvelle-citroen-ds3-cabriolet-au-salon-de-lauto-paris-2012\/","url":"https:\/\/www.carideal.com\/blog\/2012\/09\/29\/nouvelle-citroen-ds3-cabriolet-au-salon-de-lauto-paris-2012\/","name":"Nouvelle Citroen DS3 Cabriolet au salon de l'auto Paris 2012 - Blog auto Carid\u00e9al","isPartOf":{"@id":"https:\/\/www.carideal.com\/blog\/#website"},"datePublished":"2012-09-29T08:11:00+00:00","dateModified":"2020-03-07T15:55:25+00:00","breadcrumb":{"@id":"https:\/\/www.carideal.com\/blog\/2012\/09\/29\/nouvelle-citroen-ds3-cabriolet-au-salon-de-lauto-paris-2012\/#breadcrumb"},"inLanguage":"fr-FR","potentialAction":[{"@type":"ReadAction","target":["https:\/\/www.carideal.com\/blog\/2012\/09\/29\/nouvelle-citroen-ds3-cabriolet-au-salon-de-lauto-paris-2012\/"]}]},{"@type":"BreadcrumbList","@id":"https:\/\/www.carideal.com\/blog\/2012\/09\/29\/nouvelle-citroen-ds3-cabriolet-au-salon-de-lauto-paris-2012\/#breadcrumb","itemListElement":[{"@type":"ListItem","position":1,"name":"Blog Carid\u00e9al","item":"https:\/\/www.carideal.com\/blog\/"},{"@type":"ListItem","position":2,"name":"Vid\u00e9o voiture : vid\u00e9o automobile","item":"https:\/\/www.carideal.com\/blog\/videos\/"},{"@type":"ListItem","position":3,"name":"Nouvelle Citroen DS3 Cabriolet au salon de l&rsquo;auto Paris 2012"}]},{"@type":"WebSite","@id":"https:\/\/www.carideal.com\/blog\/#website","url":"https:\/\/www.carideal.com\/blog\/","name":"Blog auto Carid\u00e9al","description":"Actualit\u00e9 auto par des passionn\u00e9s","publisher":{"@id":"https:\/\/www.carideal.com\/blog\/#organization"},"potentialAction":[{"@type":"SearchAction","target":{"@type":"EntryPoint","urlTemplate":"https:\/\/www.carideal.com\/blog\/?s={search_term_string}"},"query-input":{"@type":"PropertyValueSpecification","valueRequired":true,"valueName":"search_term_string"}}],"inLanguage":"fr-FR"},{"@type":"Organization","@id":"https:\/\/www.carideal.com\/blog\/#organization","name":"Carideal","url":"https:\/\/www.carideal.com\/blog\/","logo":{"@type":"ImageObject","inLanguage":"fr-FR","@id":"https:\/\/www.carideal.com\/blog\/#\/schema\/logo\/image\/","url":"http:\/\/www.carideal.com\/blog\/wp-content\/uploads\/2016\/03\/logo-carideal-mandataire-automobile.png","contentUrl":"http:\/\/www.carideal.com\/blog\/wp-content\/uploads\/2016\/03\/logo-carideal-mandataire-automobile.png","width":300,"height":300,"caption":"Carideal"},"image":{"@id":"https:\/\/www.carideal.com\/blog\/#\/schema\/logo\/image\/"},"sameAs":["https:\/\/www.facebook.com\/Carideal.mandataire.automobile","https:\/\/x.com\/caridealauto","https:\/\/www.instagram.com\/carideal1\/","https:\/\/www.linkedin.com\/company\/carideal.com","https:\/\/fr.pinterest.com\/schiavonsas\/","https:\/\/www.youtube.com\/user\/caridealsas"]},{"@type":"Person","@id":"https:\/\/www.carideal.com\/blog\/#\/schema\/person\/985c7e757d1042d647f21bfaf8d41ebc","name":"N.S Carideal","image":{"@type":"ImageObject","inLanguage":"fr-FR","@id":"https:\/\/www.carideal.com\/blog\/#\/schema\/person\/image\/","url":"https:\/\/secure.gravatar.com\/avatar\/edb7ccdf1a4e3d14aef967760d354d0e?s=96&r=g","contentUrl":"https:\/\/secure.gravatar.com\/avatar\/edb7ccdf1a4e3d14aef967760d354d0e?s=96&r=g","caption":"N.S Carideal"},"description":"Depuis tout petit fan d'automobile. Il est question d'essayer et de comparer toutes ces voitures qui nous ont fait r\u00e9ver, avant que celles-ci ne devient uniquement des voitures de collection.","sameAs":["http:\/\/www.carideal.com\/blog","https:\/\/www.facebook.com\/Carideal.mandataire.automobile\/","https:\/\/www.linkedin.com\/in\/nschiavon\/","https:\/\/www.youtube.com\/user\/caridealsas\/"],"url":"https:\/\/www.carideal.com\/blog\/author\/admin_carideal\/"}]}},"uagb_featured_image_src":{"full":false,"thumbnail":false,"medium":false,"medium_large":false,"large":false,"1536x1536":false,"2048x2048":false,"wppr-widget":false},"uagb_author_info":{"display_name":"N.S Carideal","author_link":"https:\/\/www.carideal.com\/blog\/author\/admin_carideal\/"},"uagb_comment_info":0,"uagb_excerpt":"la nouvelle Citroen DS3 Cabriolet au salon de l'auto Paris 2012 Lors du Mondial auto, Citro\u00ebn d\u00e9voile une version d\u00e9couvrable de la DS3, qui n'est pas vraiment un cabriolet. Il s'agit plus d'un toit ouvrant, comme sur la Fiat 500, qui est personnalisable. \/ Achat Citroen DS3 Moins ch\u00e8re avec Carideal Mandataire Automobile","_links":{"self":[{"href":"https:\/\/www.carideal.com\/blog\/wp-json\/wp\/v2\/posts\/1795"}],"collection":[{"href":"https:\/\/www.carideal.com\/blog\/wp-json\/wp\/v2\/posts"}],"about":[{"href":"https:\/\/www.carideal.com\/blog\/wp-json\/wp\/v2\/types\/post"}],"author":[{"embeddable":true,"href":"https:\/\/www.carideal.com\/blog\/wp-json\/wp\/v2\/users\/1"}],"replies":[{"embeddable":true,"href":"https:\/\/www.carideal.com\/blog\/wp-json\/wp\/v2\/comments?post=1795"}],"version-history":[{"count":0,"href":"https:\/\/www.carideal.com\/blog\/wp-json\/wp\/v2\/posts\/1795\/revisions"}],"wp:attachment":[{"href":"https:\/\/www.carideal.com\/blog\/wp-json\/wp\/v2\/media?parent=1795"}],"wp:term":[{"taxonomy":"category","embeddable":true,"href":"https:\/\/www.carideal.com\/blog\/wp-json\/wp\/v2\/categories?post=1795"},{"taxonomy":"post_tag","embeddable":true,"href":"https:\/\/www.carideal.com\/blog\/wp-json\/wp\/v2\/tags?post=1795"}],"curies":[{"name":"wp","href":"https:\/\/api.w.org\/{rel}","templated":true}]}}