{"id":1794,"date":"2012-09-28T07:47:00","date_gmt":"2012-09-28T07:47:00","guid":{"rendered":"http:\/\/carideal.com\/blog\/?p=1794"},"modified":"2012-09-28T07:47:00","modified_gmt":"2012-09-28T07:47:00","slug":"peugeot-presente-sa-peugeot-208-gti-au-mondial-de-lautomobile","status":"publish","type":"post","link":"https:\/\/www.carideal.com\/blog\/2012\/09\/28\/peugeot-presente-sa-peugeot-208-gti-au-mondial-de-lautomobile\/","title":{"rendered":"Peugeot pr\u00e9sente sa Peugeot 208 GTI au mondial de l&rsquo;automobile"},"content":{"rendered":"<p><img decoding=\"async\" src=\"\/blog\/public\/.peugeot-208-gti-carideal-mandataire-automobile_m.jpg\" alt=\"peugeot-208-gti-carideal-mandataire-automobile.jpg\" title=\"peugeot-208-gti-carideal-mandataire-automobile.jpg, sept. 2012\" \/><\/p>\n<blockquote>\n<p>La Peugeot 208 GTI au mondial de l'automobile<\/p>\n<\/blockquote>\n<p>Au Mondial auto 2012, Peugeot pr\u00e9sente sa 208 GTI, qui se veut \u00eatre l'h\u00e9riti\u00e8re de la 205 GTI&nbsp;: la marque au lion a voulu conserver son esprit sportif, tout en ajoutant une touche d'\u00e9l\u00e9gance, avec sa couleur \"Blanc nacr\u00e9 satin\".<\/p>\n<p> <iframe loading=\"lazy\" width=\"640\" height=\"360\" src=\"http:\/\/www.youtube.com\/embed\/YB8gvBoJWms\" frameborder=\"0\" allowfullscreen><\/iframe> <\/p>\n","protected":false},"excerpt":{"rendered":"<p>La Peugeot 208 GTI au mondial de l&rsquo;automobile Au Mondial auto 2012, Peugeot pr\u00e9sente sa 208 GTI, qui se veut \u00eatre l&rsquo;h\u00e9riti\u00e8re de la 205 GTI&nbsp;: la marque au lion a voulu conserver son esprit sportif, tout en ajoutant une touche d&rsquo;\u00e9l\u00e9gance, avec sa couleur \u00ab\u00a0Blanc nacr\u00e9 satin\u00a0\u00bb.<\/p>\n","protected":false},"author":1,"featured_media":0,"comment_status":"open","ping_status":"open","sticky":false,"template":"","format":"standard","meta":{"_uag_custom_page_level_css":"","_themeisle_gutenberg_block_has_review":false,"footnotes":""},"categories":[18],"tags":[],"class_list":["post-1794","post","type-post","status-publish","format-standard","hentry","category-videos"],"wppr_data":[],"yoast_head":"<!-- This site is optimized with the Yoast SEO plugin v24.8.1 - https:\/\/yoast.com\/wordpress\/plugins\/seo\/ -->\n<title>Peugeot pr\u00e9sente sa Peugeot 208 GTI au mondial de l&#039;automobile - Blog auto Carid\u00e9al<\/title>\n<meta name=\"robots\" content=\"index, follow, max-snippet:-1, max-image-preview:large, max-video-preview:-1\" \/>\n<link rel=\"canonical\" href=\"https:\/\/www.carideal.com\/blog\/2012\/09\/28\/peugeot-presente-sa-peugeot-208-gti-au-mondial-de-lautomobile\/\" \/>\n<meta property=\"og:locale\" content=\"fr_FR\" \/>\n<meta property=\"og:type\" content=\"article\" \/>\n<meta property=\"og:title\" content=\"Peugeot pr\u00e9sente sa Peugeot 208 GTI au mondial de l&#039;automobile - Blog auto Carid\u00e9al\" \/>\n<meta property=\"og:description\" content=\"La Peugeot 208 GTI au mondial de l&#039;automobile Au Mondial auto 2012, Peugeot pr\u00e9sente sa 208 GTI, qui se veut \u00eatre l&#039;h\u00e9riti\u00e8re de la 205 GTI&nbsp;: la marque au lion a voulu conserver son esprit sportif, tout en ajoutant une touche d&#039;\u00e9l\u00e9gance, avec sa couleur &quot;Blanc nacr\u00e9 satin&quot;.\" \/>\n<meta property=\"og:url\" content=\"https:\/\/www.carideal.com\/blog\/2012\/09\/28\/peugeot-presente-sa-peugeot-208-gti-au-mondial-de-lautomobile\/\" \/>\n<meta property=\"og:site_name\" content=\"Blog auto Carid\u00e9al\" \/>\n<meta property=\"article:publisher\" content=\"https:\/\/www.facebook.com\/Carideal.mandataire.automobile\" \/>\n<meta property=\"article:author\" content=\"https:\/\/www.facebook.com\/Carideal.mandataire.automobile\/\" \/>\n<meta property=\"article:published_time\" content=\"2012-09-28T07:47:00+00:00\" \/>\n<meta property=\"og:image\" content=\"https:\/\/www.carideal.com\/blog\/wp-content\/uploads\/2016\/03\/logo-carideal-mandataire-automobile.png\" \/>\n\t<meta property=\"og:image:width\" content=\"300\" \/>\n\t<meta property=\"og:image:height\" content=\"300\" \/>\n\t<meta property=\"og:image:type\" content=\"image\/png\" \/>\n<meta name=\"author\" content=\"N.S Carideal\" \/>\n<meta name=\"twitter:card\" content=\"summary_large_image\" \/>\n<meta name=\"twitter:creator\" content=\"@caridealauto\" \/>\n<meta name=\"twitter:site\" content=\"@caridealauto\" \/>\n<meta name=\"twitter:label1\" content=\"\u00c9crit par\" \/>\n\t<meta name=\"twitter:data1\" content=\"N.S Carideal\" \/>\n<script type=\"application\/ld+json\" class=\"yoast-schema-graph\">{\"@context\":\"https:\/\/schema.org\",\"@graph\":[{\"@type\":\"Article\",\"@id\":\"https:\/\/www.carideal.com\/blog\/2012\/09\/28\/peugeot-presente-sa-peugeot-208-gti-au-mondial-de-lautomobile\/#article\",\"isPartOf\":{\"@id\":\"https:\/\/www.carideal.com\/blog\/2012\/09\/28\/peugeot-presente-sa-peugeot-208-gti-au-mondial-de-lautomobile\/\"},\"author\":{\"name\":\"N.S Carideal\",\"@id\":\"https:\/\/www.carideal.com\/blog\/#\/schema\/person\/985c7e757d1042d647f21bfaf8d41ebc\"},\"headline\":\"Peugeot pr\u00e9sente sa Peugeot 208 GTI au mondial de l&rsquo;automobile\",\"datePublished\":\"2012-09-28T07:47:00+00:00\",\"mainEntityOfPage\":{\"@id\":\"https:\/\/www.carideal.com\/blog\/2012\/09\/28\/peugeot-presente-sa-peugeot-208-gti-au-mondial-de-lautomobile\/\"},\"wordCount\":60,\"commentCount\":0,\"publisher\":{\"@id\":\"https:\/\/www.carideal.com\/blog\/#organization\"},\"articleSection\":[\"Vid\u00e9o voiture : vid\u00e9o automobile\"],\"inLanguage\":\"fr-FR\",\"potentialAction\":[{\"@type\":\"CommentAction\",\"name\":\"Comment\",\"target\":[\"https:\/\/www.carideal.com\/blog\/2012\/09\/28\/peugeot-presente-sa-peugeot-208-gti-au-mondial-de-lautomobile\/#respond\"]}]},{\"@type\":\"WebPage\",\"@id\":\"https:\/\/www.carideal.com\/blog\/2012\/09\/28\/peugeot-presente-sa-peugeot-208-gti-au-mondial-de-lautomobile\/\",\"url\":\"https:\/\/www.carideal.com\/blog\/2012\/09\/28\/peugeot-presente-sa-peugeot-208-gti-au-mondial-de-lautomobile\/\",\"name\":\"Peugeot pr\u00e9sente sa Peugeot 208 GTI au mondial de l'automobile - Blog auto Carid\u00e9al\",\"isPartOf\":{\"@id\":\"https:\/\/www.carideal.com\/blog\/#website\"},\"datePublished\":\"2012-09-28T07:47:00+00:00\",\"breadcrumb\":{\"@id\":\"https:\/\/www.carideal.com\/blog\/2012\/09\/28\/peugeot-presente-sa-peugeot-208-gti-au-mondial-de-lautomobile\/#breadcrumb\"},\"inLanguage\":\"fr-FR\",\"potentialAction\":[{\"@type\":\"ReadAction\",\"target\":[\"https:\/\/www.carideal.com\/blog\/2012\/09\/28\/peugeot-presente-sa-peugeot-208-gti-au-mondial-de-lautomobile\/\"]}]},{\"@type\":\"BreadcrumbList\",\"@id\":\"https:\/\/www.carideal.com\/blog\/2012\/09\/28\/peugeot-presente-sa-peugeot-208-gti-au-mondial-de-lautomobile\/#breadcrumb\",\"itemListElement\":[{\"@type\":\"ListItem\",\"position\":1,\"name\":\"Blog Carid\u00e9al\",\"item\":\"https:\/\/www.carideal.com\/blog\/\"},{\"@type\":\"ListItem\",\"position\":2,\"name\":\"Vid\u00e9o voiture : vid\u00e9o automobile\",\"item\":\"https:\/\/www.carideal.com\/blog\/videos\/\"},{\"@type\":\"ListItem\",\"position\":3,\"name\":\"Peugeot pr\u00e9sente sa Peugeot 208 GTI au mondial de l&rsquo;automobile\"}]},{\"@type\":\"WebSite\",\"@id\":\"https:\/\/www.carideal.com\/blog\/#website\",\"url\":\"https:\/\/www.carideal.com\/blog\/\",\"name\":\"Blog auto Carid\u00e9al\",\"description\":\"Actualit\u00e9 auto par des passionn\u00e9s\",\"publisher\":{\"@id\":\"https:\/\/www.carideal.com\/blog\/#organization\"},\"potentialAction\":[{\"@type\":\"SearchAction\",\"target\":{\"@type\":\"EntryPoint\",\"urlTemplate\":\"https:\/\/www.carideal.com\/blog\/?s={search_term_string}\"},\"query-input\":{\"@type\":\"PropertyValueSpecification\",\"valueRequired\":true,\"valueName\":\"search_term_string\"}}],\"inLanguage\":\"fr-FR\"},{\"@type\":\"Organization\",\"@id\":\"https:\/\/www.carideal.com\/blog\/#organization\",\"name\":\"Carideal\",\"url\":\"https:\/\/www.carideal.com\/blog\/\",\"logo\":{\"@type\":\"ImageObject\",\"inLanguage\":\"fr-FR\",\"@id\":\"https:\/\/www.carideal.com\/blog\/#\/schema\/logo\/image\/\",\"url\":\"http:\/\/www.carideal.com\/blog\/wp-content\/uploads\/2016\/03\/logo-carideal-mandataire-automobile.png\",\"contentUrl\":\"http:\/\/www.carideal.com\/blog\/wp-content\/uploads\/2016\/03\/logo-carideal-mandataire-automobile.png\",\"width\":300,\"height\":300,\"caption\":\"Carideal\"},\"image\":{\"@id\":\"https:\/\/www.carideal.com\/blog\/#\/schema\/logo\/image\/\"},\"sameAs\":[\"https:\/\/www.facebook.com\/Carideal.mandataire.automobile\",\"https:\/\/x.com\/caridealauto\",\"https:\/\/www.instagram.com\/carideal1\/\",\"https:\/\/www.linkedin.com\/company\/carideal.com\",\"https:\/\/fr.pinterest.com\/schiavonsas\/\",\"https:\/\/www.youtube.com\/user\/caridealsas\"]},{\"@type\":\"Person\",\"@id\":\"https:\/\/www.carideal.com\/blog\/#\/schema\/person\/985c7e757d1042d647f21bfaf8d41ebc\",\"name\":\"N.S Carideal\",\"image\":{\"@type\":\"ImageObject\",\"inLanguage\":\"fr-FR\",\"@id\":\"https:\/\/www.carideal.com\/blog\/#\/schema\/person\/image\/\",\"url\":\"https:\/\/secure.gravatar.com\/avatar\/edb7ccdf1a4e3d14aef967760d354d0e?s=96&r=g\",\"contentUrl\":\"https:\/\/secure.gravatar.com\/avatar\/edb7ccdf1a4e3d14aef967760d354d0e?s=96&r=g\",\"caption\":\"N.S Carideal\"},\"description\":\"Depuis tout petit fan d'automobile. Il est question d'essayer et de comparer toutes ces voitures qui nous ont fait r\u00e9ver, avant que celles-ci ne devient uniquement des voitures de collection.\",\"sameAs\":[\"http:\/\/www.carideal.com\/blog\",\"https:\/\/www.facebook.com\/Carideal.mandataire.automobile\/\",\"https:\/\/www.linkedin.com\/in\/nschiavon\/\",\"https:\/\/www.youtube.com\/user\/caridealsas\/\"],\"url\":\"https:\/\/www.carideal.com\/blog\/author\/admin_carideal\/\"}]}<\/script>\n<!-- \/ Yoast SEO plugin. -->","yoast_head_json":{"title":"Peugeot pr\u00e9sente sa Peugeot 208 GTI au mondial de l'automobile - Blog auto Carid\u00e9al","robots":{"index":"index","follow":"follow","max-snippet":"max-snippet:-1","max-image-preview":"max-image-preview:large","max-video-preview":"max-video-preview:-1"},"canonical":"https:\/\/www.carideal.com\/blog\/2012\/09\/28\/peugeot-presente-sa-peugeot-208-gti-au-mondial-de-lautomobile\/","og_locale":"fr_FR","og_type":"article","og_title":"Peugeot pr\u00e9sente sa Peugeot 208 GTI au mondial de l'automobile - Blog auto Carid\u00e9al","og_description":"La Peugeot 208 GTI au mondial de l'automobile Au Mondial auto 2012, Peugeot pr\u00e9sente sa 208 GTI, qui se veut \u00eatre l'h\u00e9riti\u00e8re de la 205 GTI&nbsp;: la marque au lion a voulu conserver son esprit sportif, tout en ajoutant une touche d'\u00e9l\u00e9gance, avec sa couleur \"Blanc nacr\u00e9 satin\".","og_url":"https:\/\/www.carideal.com\/blog\/2012\/09\/28\/peugeot-presente-sa-peugeot-208-gti-au-mondial-de-lautomobile\/","og_site_name":"Blog auto Carid\u00e9al","article_publisher":"https:\/\/www.facebook.com\/Carideal.mandataire.automobile","article_author":"https:\/\/www.facebook.com\/Carideal.mandataire.automobile\/","article_published_time":"2012-09-28T07:47:00+00:00","og_image":[{"width":300,"height":300,"url":"https:\/\/www.carideal.com\/blog\/wp-content\/uploads\/2016\/03\/logo-carideal-mandataire-automobile.png","type":"image\/png"}],"author":"N.S Carideal","twitter_card":"summary_large_image","twitter_creator":"@caridealauto","twitter_site":"@caridealauto","twitter_misc":{"\u00c9crit par":"N.S Carideal"},"schema":{"@context":"https:\/\/schema.org","@graph":[{"@type":"Article","@id":"https:\/\/www.carideal.com\/blog\/2012\/09\/28\/peugeot-presente-sa-peugeot-208-gti-au-mondial-de-lautomobile\/#article","isPartOf":{"@id":"https:\/\/www.carideal.com\/blog\/2012\/09\/28\/peugeot-presente-sa-peugeot-208-gti-au-mondial-de-lautomobile\/"},"author":{"name":"N.S Carideal","@id":"https:\/\/www.carideal.com\/blog\/#\/schema\/person\/985c7e757d1042d647f21bfaf8d41ebc"},"headline":"Peugeot pr\u00e9sente sa Peugeot 208 GTI au mondial de l&rsquo;automobile","datePublished":"2012-09-28T07:47:00+00:00","mainEntityOfPage":{"@id":"https:\/\/www.carideal.com\/blog\/2012\/09\/28\/peugeot-presente-sa-peugeot-208-gti-au-mondial-de-lautomobile\/"},"wordCount":60,"commentCount":0,"publisher":{"@id":"https:\/\/www.carideal.com\/blog\/#organization"},"articleSection":["Vid\u00e9o voiture : vid\u00e9o automobile"],"inLanguage":"fr-FR","potentialAction":[{"@type":"CommentAction","name":"Comment","target":["https:\/\/www.carideal.com\/blog\/2012\/09\/28\/peugeot-presente-sa-peugeot-208-gti-au-mondial-de-lautomobile\/#respond"]}]},{"@type":"WebPage","@id":"https:\/\/www.carideal.com\/blog\/2012\/09\/28\/peugeot-presente-sa-peugeot-208-gti-au-mondial-de-lautomobile\/","url":"https:\/\/www.carideal.com\/blog\/2012\/09\/28\/peugeot-presente-sa-peugeot-208-gti-au-mondial-de-lautomobile\/","name":"Peugeot pr\u00e9sente sa Peugeot 208 GTI au mondial de l'automobile - Blog auto Carid\u00e9al","isPartOf":{"@id":"https:\/\/www.carideal.com\/blog\/#website"},"datePublished":"2012-09-28T07:47:00+00:00","breadcrumb":{"@id":"https:\/\/www.carideal.com\/blog\/2012\/09\/28\/peugeot-presente-sa-peugeot-208-gti-au-mondial-de-lautomobile\/#breadcrumb"},"inLanguage":"fr-FR","potentialAction":[{"@type":"ReadAction","target":["https:\/\/www.carideal.com\/blog\/2012\/09\/28\/peugeot-presente-sa-peugeot-208-gti-au-mondial-de-lautomobile\/"]}]},{"@type":"BreadcrumbList","@id":"https:\/\/www.carideal.com\/blog\/2012\/09\/28\/peugeot-presente-sa-peugeot-208-gti-au-mondial-de-lautomobile\/#breadcrumb","itemListElement":[{"@type":"ListItem","position":1,"name":"Blog Carid\u00e9al","item":"https:\/\/www.carideal.com\/blog\/"},{"@type":"ListItem","position":2,"name":"Vid\u00e9o voiture : vid\u00e9o automobile","item":"https:\/\/www.carideal.com\/blog\/videos\/"},{"@type":"ListItem","position":3,"name":"Peugeot pr\u00e9sente sa Peugeot 208 GTI au mondial de l&rsquo;automobile"}]},{"@type":"WebSite","@id":"https:\/\/www.carideal.com\/blog\/#website","url":"https:\/\/www.carideal.com\/blog\/","name":"Blog auto Carid\u00e9al","description":"Actualit\u00e9 auto par des passionn\u00e9s","publisher":{"@id":"https:\/\/www.carideal.com\/blog\/#organization"},"potentialAction":[{"@type":"SearchAction","target":{"@type":"EntryPoint","urlTemplate":"https:\/\/www.carideal.com\/blog\/?s={search_term_string}"},"query-input":{"@type":"PropertyValueSpecification","valueRequired":true,"valueName":"search_term_string"}}],"inLanguage":"fr-FR"},{"@type":"Organization","@id":"https:\/\/www.carideal.com\/blog\/#organization","name":"Carideal","url":"https:\/\/www.carideal.com\/blog\/","logo":{"@type":"ImageObject","inLanguage":"fr-FR","@id":"https:\/\/www.carideal.com\/blog\/#\/schema\/logo\/image\/","url":"http:\/\/www.carideal.com\/blog\/wp-content\/uploads\/2016\/03\/logo-carideal-mandataire-automobile.png","contentUrl":"http:\/\/www.carideal.com\/blog\/wp-content\/uploads\/2016\/03\/logo-carideal-mandataire-automobile.png","width":300,"height":300,"caption":"Carideal"},"image":{"@id":"https:\/\/www.carideal.com\/blog\/#\/schema\/logo\/image\/"},"sameAs":["https:\/\/www.facebook.com\/Carideal.mandataire.automobile","https:\/\/x.com\/caridealauto","https:\/\/www.instagram.com\/carideal1\/","https:\/\/www.linkedin.com\/company\/carideal.com","https:\/\/fr.pinterest.com\/schiavonsas\/","https:\/\/www.youtube.com\/user\/caridealsas"]},{"@type":"Person","@id":"https:\/\/www.carideal.com\/blog\/#\/schema\/person\/985c7e757d1042d647f21bfaf8d41ebc","name":"N.S Carideal","image":{"@type":"ImageObject","inLanguage":"fr-FR","@id":"https:\/\/www.carideal.com\/blog\/#\/schema\/person\/image\/","url":"https:\/\/secure.gravatar.com\/avatar\/edb7ccdf1a4e3d14aef967760d354d0e?s=96&r=g","contentUrl":"https:\/\/secure.gravatar.com\/avatar\/edb7ccdf1a4e3d14aef967760d354d0e?s=96&r=g","caption":"N.S Carideal"},"description":"Depuis tout petit fan d'automobile. Il est question d'essayer et de comparer toutes ces voitures qui nous ont fait r\u00e9ver, avant que celles-ci ne devient uniquement des voitures de collection.","sameAs":["http:\/\/www.carideal.com\/blog","https:\/\/www.facebook.com\/Carideal.mandataire.automobile\/","https:\/\/www.linkedin.com\/in\/nschiavon\/","https:\/\/www.youtube.com\/user\/caridealsas\/"],"url":"https:\/\/www.carideal.com\/blog\/author\/admin_carideal\/"}]}},"uagb_featured_image_src":{"full":false,"thumbnail":false,"medium":false,"medium_large":false,"large":false,"1536x1536":false,"2048x2048":false,"wppr-widget":false},"uagb_author_info":{"display_name":"N.S Carideal","author_link":"https:\/\/www.carideal.com\/blog\/author\/admin_carideal\/"},"uagb_comment_info":0,"uagb_excerpt":"La Peugeot 208 GTI au mondial de l'automobile Au Mondial auto 2012, Peugeot pr\u00e9sente sa 208 GTI, qui se veut \u00eatre l'h\u00e9riti\u00e8re de la 205 GTI&nbsp;: la marque au lion a voulu conserver son esprit sportif, tout en ajoutant une touche d'\u00e9l\u00e9gance, avec sa couleur \"Blanc nacr\u00e9 satin\".","_links":{"self":[{"href":"https:\/\/www.carideal.com\/blog\/wp-json\/wp\/v2\/posts\/1794"}],"collection":[{"href":"https:\/\/www.carideal.com\/blog\/wp-json\/wp\/v2\/posts"}],"about":[{"href":"https:\/\/www.carideal.com\/blog\/wp-json\/wp\/v2\/types\/post"}],"author":[{"embeddable":true,"href":"https:\/\/www.carideal.com\/blog\/wp-json\/wp\/v2\/users\/1"}],"replies":[{"embeddable":true,"href":"https:\/\/www.carideal.com\/blog\/wp-json\/wp\/v2\/comments?post=1794"}],"version-history":[{"count":0,"href":"https:\/\/www.carideal.com\/blog\/wp-json\/wp\/v2\/posts\/1794\/revisions"}],"wp:attachment":[{"href":"https:\/\/www.carideal.com\/blog\/wp-json\/wp\/v2\/media?parent=1794"}],"wp:term":[{"taxonomy":"category","embeddable":true,"href":"https:\/\/www.carideal.com\/blog\/wp-json\/wp\/v2\/categories?post=1794"},{"taxonomy":"post_tag","embeddable":true,"href":"https:\/\/www.carideal.com\/blog\/wp-json\/wp\/v2\/tags?post=1794"}],"curies":[{"name":"wp","href":"https:\/\/api.w.org\/{rel}","templated":true}]}}